{"id":61782,"date":"2026-02-03T08:38:13","date_gmt":"2026-02-03T06:38:13","guid":{"rendered":"https:\/\/forcadell.com\/propiedades\/blue-building-3\/"},"modified":"2026-04-27T01:48:32","modified_gmt":"2026-04-26T23:48:32","slug":"blue-building-3","status":"publish","type":"properties_post","link":"https:\/\/forcadell.com\/ca\/propiedades\/blue-building-3\/","title":{"rendered":"BLUE BUILDING"},"content":{"rendered":"<p>Blue Building: oficinas que inspiran innovaci\u00f3n frente al mar<\/p>\n<p>Blue Building se ha renovado por completo para ofrecer espacios de oficinas de \u00faltima generaci\u00f3n en una de las ubicaciones m\u00e1s exclusivas del frente mar\u00edtimo de Barcelona.<\/p>\n<p>Situado en plena Zona de Desarrollo Cient\u00edfico, donde el distrito de la Innovaci\u00f3n 22@ se encuentra con el mar, Blue Building forma parte de un entorno empresarial vibrante, a pocos pasos del Port Ol\u00edmpic, la Barceloneta y las playas m\u00e1s emblem\u00e1ticas de la ciudad.<br \/>\nUn edificio dise\u00f1ado para empresas que buscan imagen, confort y funcionalidad, con servicios premium y espacios pensados para potenciar la colaboraci\u00f3n y el bienestar.<\/p>\n<p>Caracter\u00edsticas destacadas:<\/p>\n<p>Fachada acristalada y dise\u00f1o premium<br \/>\nConserjer\u00eda y facility manager<br \/>\nCorner Caf\u00e9 y zona de vending<br \/>\nHub de comunidad y zona lounge<br \/>\nLa Plaza: 900 m\u00b2 de jard\u00edn mediterr\u00e1neo<br \/>\nSalas de reuniones (Hotel Arts)<br \/>\nDuchas, vestuarios y accesos adaptados<br \/>\nTaquillas inteligentes<br \/>\nAparcamiento frente al edificio<\/p>\n<p>Espacios flexibles y listos para entrar:<br \/>\nOficinas plug &amp; play<br \/>\nOpen Space para 70\u201380 puestos de trabajo<br \/>\n3 salas de reuniones para m\u00e1s de 10 personas<br \/>\n4 salas de reuniones para 3\u20135 personas<br \/>\n3 Phone Booths<\/p>\n<p>Transporte:<br \/>\nAeropuerto: 20 minutos<br \/>\nMetro: L4<br \/>\nBus: 59, 136, D20, V21, V27, N8, N0, N6, N8<br \/>\nTranvia: T4<br \/>\nCoche: Buenas comunicaciones a trav\u00e9s de Av. Diagonal y Ronda Litoral<\/p>\n<p>Blue Building. Donde la innovaci\u00f3n trabaja con vistas al Mediterr\u00e1neo.<\/p>\n","protected":false},"template":"","class_list":["post-61782","properties_post","type-properties_post","status-publish","hentry","properties_modality-rent","properties_district-ciutat-vella","properties_province-barcelona","properties_zone-centro","properties_state-barcelona","properties_subclass-oficina","properties_type-oficina"],"acf":{"post_type_properties_post_property_code":"11247874","post_type_properties_post_property_reference":"IE-226416","post_type_properties_post_owner_id":"49479","post_type_properties_post_owner_name":"SAVILLS RE SPAIN S.A.U","post_type_properties_post_property_code_encrypted":"MjQ5JDMyNDQx","post_type_properties_post_published":"1","post_type_properties_post_property_visibility":"idealista","post_type_properties_post_contact_name":"Forcadell Oficinas Barcelona","post_type_properties_post_contact_email":"forcadell.oficinas.barcelona@movin.cloud","post_type_properties_post_contact_primary_phone_prefix":"34","post_type_properties_post_contact_primary_phone_number":"934965413","post_type_properties_post_address_visibility":"street","post_type_properties_post_address_country":"Spain","post_type_properties_post_address_coordinates_precision":"exact","post_type_properties_post_address_postal_code":"08005","post_type_properties_post_address_coordinates_latitude":"41.386473100002","post_type_properties_post_address_coordinates_longitude":"2.195348300002","post_type_properties_post_address_street_name":"Avenida del Litora, 12-14","post_type_properties_post_address_floor":"3","post_type_properties_post_address_town":"Barcelona","post_type_properties_post_building":null,"post_type_properties_post_property":[{"properties_post_description_language":"catalan","properties_post_title":"BLUE BUILDING","properties_post_short_description_text_alt":"","properties_post_description_text_alt":"","properties_post_short_description_text":" ","properties_post_link_demanda_inmueble":"https:\/\/movin.cloud\/ca\/Forcadell Oficinas Barcelona\/formulari-peticio-immoble\/sth\/2438&&11247874","properties_post_link_demanda_calendario_inmueble":"https:\/\/movin.cloud\/ca\/Forcadell Oficinas Barcelona\/calendari-peticio-immoble\/sth\/2438&&11247874","properties_post_description_text":"Blue Building: oficines que inspiren innovaci\u00f3 davant del mar\n\nBlue Building s'ha renovat completament per oferir espais d'oficines d'\u00faltima generaci\u00f3 a una de les ubicacions m\u00e9s exclusives del front mar\u00edtim de Barcelona.\n\nSituat en plena Zona de Desenvolupament Cient\u00edfic, on el districte de la Innovaci\u00f3 22@ es troba amb el mar, Blue Building forma part d'un entorn empresarial vibrant, molt a prop del Port Ol\u00edmpic, la Barceloneta i les platges m\u00e9s emblem\u00e0tiques de la ciutat.\nUn edifici dissenyat per a empreses que busquen imatge, confort i funcionalitat, amb serveis premium i espais pensats per potenciar la col\u00b7laboraci\u00f3 i el benestar.\n\nCaracter\u00edstiques destacades:\n\nFa\u00e7ana de vidre i disseny premium\nConsergeria i facility manager\nCorner Caf\u00e8 i zona de vending\nHub de comunitat i zona lounge\nLa Pla\u00e7a: 900 m\u00b2 de jard\u00ed mediterrani\nSales de reunions (Hotel Arts)\nDutxes, vestuaris i accessos adaptats\nTaquilles intel\u00b7ligents\nAparcament davant de l'edifici\n\n\nEspais flexibles i llestos per entrar:\nOficines plug & play\nOpen Space per a 70\u201380 llocs de treball\n3 sales de reunions per a m\u00e9s de 10 persones\n4 sales de reunions per a 3\u20135 persones\n3 Phone Booths\n\nTransport:\nAeroport: 20 minuts\nMetro: L4\nBus: 59, 136, D20, V21, V27, N8, N0, N6, N8\nTramvia: T4\nCotxe: Bones comunicacions a trav\u00e9s d'Av. Diagonal i Ronda Litoral\n\nBlue Building. On la innovaci\u00f3 treballa amb vista al Mediterrani.","properties_post_seo_title":"","properties_post_seo_alias":"","properties_post_seo_metadescription":"Edifici exclusiu d'oficines situat a la Vila Ol\u00edmpica. Barcelona. Forcadell \u00e9s la seva ag\u00e8ncia de confian\u00e7a per al lloguer d'aquesta oficina.","properties_post_seo_key_words":"Oficina lloguer Barcelona, lloguer oficina Barcelona, oficina Barcelona","properties_post_seo_url":"","properties_post_terms_conditions":""},{"properties_post_description_language":"spanish","properties_post_title":"BLUE BUILDING","properties_post_short_description_text_alt":"","properties_post_description_text_alt":"","properties_post_short_description_text":" ","properties_post_link_demanda_inmueble":"https:\/\/movin.cloud\/es\/Forcadell Oficinas Barcelona\/formulario-peticion-inmueble\/sth\/2438&&11247874","properties_post_link_demanda_calendario_inmueble":"https:\/\/movin.cloud\/es\/Forcadell Oficinas Barcelona\/calendario-peticion-inmueble\/sth\/2438&&11247874","properties_post_description_text":"Blue Building: oficinas que inspiran innovaci\u00f3n frente al mar\n\nBlue Building se ha renovado por completo para ofrecer espacios de oficinas de \u00faltima generaci\u00f3n en una de las ubicaciones m\u00e1s exclusivas del frente mar\u00edtimo de Barcelona.\n\nSituado en plena Zona de Desarrollo Cient\u00edfico, donde el distrito de la Innovaci\u00f3n 22@ se encuentra con el mar, Blue Building forma parte de un entorno empresarial vibrante, a pocos pasos del Port Ol\u00edmpic, la Barceloneta y las playas m\u00e1s emblem\u00e1ticas de la ciudad.\nUn edificio dise\u00f1ado para empresas que buscan imagen, confort y funcionalidad, con servicios premium y espacios pensados para potenciar la colaboraci\u00f3n y el bienestar.\n\nCaracter\u00edsticas destacadas:\n\nFachada acristalada y dise\u00f1o premium\nConserjer\u00eda y facility manager\nCorner Caf\u00e9 y zona de vending\nHub de comunidad y zona lounge\nLa Plaza: 900 m\u00b2 de jard\u00edn mediterr\u00e1neo\nSalas de reuniones (Hotel Arts)\nDuchas, vestuarios y accesos adaptados\nTaquillas inteligentes\nAparcamiento frente al edificio\n\n\nEspacios flexibles y listos para entrar:\nOficinas plug & play\nOpen Space para 70\u201380 puestos de trabajo\n3 salas de reuniones para m\u00e1s de 10 personas\n4 salas de reuniones para 3\u20135 personas\n3 Phone Booths\n\nTransporte: \nAeropuerto: 20 minutos\nMetro: L4\nBus: 59, 136, D20, V21, V27, N8, N0, N6, N8\nTranvia: T4\nCoche: Buenas comunicaciones a trav\u00e9s de Av. Diagonal y Ronda Litoral\n\nBlue Building. Donde la innovaci\u00f3n trabaja con vistas al Mediterr\u00e1neo.\n\n","properties_post_seo_title":"","properties_post_seo_alias":"","properties_post_seo_metadescription":"Edificio exclusivo de oficinas ubicado en la Villa Ol\u00edmpica. Barcelona. Forcadell es su agencia de confianza para el alquiler de esta oficina.","properties_post_seo_key_words":"Oficina alquiler Barcelona, alquiler oficina Barcelona, oficina Barcelona","properties_post_seo_url":"","properties_post_terms_conditions":""}],"post_type_properties_post_features_type":"office","post_type_properties_post_id_building":"","post_type_properties_post_features_area_constructed":976,"post_type_properties_post_features_conditioned_air":true,"post_type_properties_post_features_doorman":false,"post_type_properties_post_features_heating":true,"post_type_properties_post_features_equipped_kitchen":false,"post_type_properties_post_features_windows_location":"exterior","post_type_properties_post_features_floors_property":false,"post_type_properties_post_features_storage":false,"post_type_properties_post_features_security_door":false,"post_type_properties_post_features_energy_certificate_rating":"E","post_type_properties_post_features_energy_certificate_emissions_rating":"E","post_type_properties_post_features_energy_certificate_emissions_value":"","post_type_properties_post_features_energy_certificate_performance":"","post_type_properties_post_features_bathroom_inside":true,"post_type_properties_post_precio":22448,"post_type_properties_post_precio_alquiler":22448,"post_type_properties_post_record_type_id":"Oficina","post_type_properties_post_categoria__producto":"Oficina","post_type_properties_post_amueblado":false,"post_type_properties_post_precio_m2":23,"post_type_properties_post_zona__comunitaria":false,"post_type_properties_post_electrodomesticos":false,"post_type_properties_post_patio__interior":false,"post_type_properties_post_certificado_energetico_general":"E","post_type_properties_post_certificado_energetico_consumo":"E","post_type_properties_post_certificado_energetico_valor_emisiones":"","post_type_properties_post_certificado_energetico_valor_consumo":"","post_type_properties_post_modalidad":"rent","post_type_properties_post_provincia":"Barcelona","post_type_properties_post_poblacion":"Barcelona","post_type_properties_post_centro__urbano":false,"post_type_properties_post_zonificacion":"Centro","post_type_properties_post_cartera":"","post_type_properties_post_titulo_catalan":"BLUE BUILDING","post_type_properties_post_internet_catalan":"Blue Building: oficines que inspiren innovaci\u00f3 davant del mar\n\nBlue Building s'ha renovat completament per oferir espais d'oficines d'\u00faltima generaci\u00f3 a una de les ubicacions m\u00e9s exclusives del front mar\u00edtim de Barcelona.\n\nSituat en plena Zona de Desenvolupament Cient\u00edfic, on el districte de la Innovaci\u00f3 22@ es troba amb el mar, Blue Building forma part d'un entorn empresarial vibrant, molt a prop del Port Ol\u00edmpic, la Barceloneta i les platges m\u00e9s emblem\u00e0tiques de la ciutat.\nUn edifici dissenyat per a empreses que busquen imatge, confort i funcionalitat, amb serveis premium i espais pensats per potenciar la col\u00b7laboraci\u00f3 i el benestar.\n\nCaracter\u00edstiques destacades:\n\nFa\u00e7ana de vidre i disseny premium\nConsergeria i facility manager\nCorner Caf\u00e8 i zona de vending\nHub de comunitat i zona lounge\nLa Pla\u00e7a: 900 m\u00b2 de jard\u00ed mediterrani\nSales de reunions (Hotel Arts)\nDutxes, vestuaris i accessos adaptats\nTaquilles intel\u00b7ligents\nAparcament davant de l'edifici\n\n\nEspais flexibles i llestos per entrar:\nOficines plug & play\nOpen Space per a 70\u201380 llocs de treball\n3 sales de reunions per a m\u00e9s de 10 persones\n4 sales de reunions per a 3\u20135 persones\n3 Phone Booths\n\nTransport:\nAeroport: 20 minuts\nMetro: L4\nBus: 59, 136, D20, V21, V27, N8, N0, N6, N8\nTramvia: T4\nCotxe: Bones comunicacions a trav\u00e9s d'Av. Diagonal i Ronda Litoral\n\nBlue Building. On la innovaci\u00f3 treballa amb vista al Mediterrani.","post_type_properties_post_titulo_castellano":"BLUE BUILDING","post_type_properties_post_internet_castellano":"Blue Building: oficinas que inspiran innovaci\u00f3n frente al mar\n\nBlue Building se ha renovado por completo para ofrecer espacios de oficinas de \u00faltima generaci\u00f3n en una de las ubicaciones m\u00e1s exclusivas del frente mar\u00edtimo de Barcelona.\n\nSituado en plena Zona de Desarrollo Cient\u00edfico, donde el distrito de la Innovaci\u00f3n 22@ se encuentra con el mar, Blue Building forma parte de un entorno empresarial vibrante, a pocos pasos del Port Ol\u00edmpic, la Barceloneta y las playas m\u00e1s emblem\u00e1ticas de la ciudad.\nUn edificio dise\u00f1ado para empresas que buscan imagen, confort y funcionalidad, con servicios premium y espacios pensados para potenciar la colaboraci\u00f3n y el bienestar.\n\nCaracter\u00edsticas destacadas:\n\nFachada acristalada y dise\u00f1o premium\nConserjer\u00eda y facility manager\nCorner Caf\u00e9 y zona de vending\nHub de comunidad y zona lounge\nLa Plaza: 900 m\u00b2 de jard\u00edn mediterr\u00e1neo\nSalas de reuniones (Hotel Arts)\nDuchas, vestuarios y accesos adaptados\nTaquillas inteligentes\nAparcamiento frente al edificio\n\n\nEspacios flexibles y listos para entrar:\nOficinas plug & play\nOpen Space para 70\u201380 puestos de trabajo\n3 salas de reuniones para m\u00e1s de 10 personas\n4 salas de reuniones para 3\u20135 personas\n3 Phone Booths\n\nTransporte: \nAeropuerto: 20 minutos\nMetro: L4\nBus: 59, 136, D20, V21, V27, N8, N0, N6, N8\nTranvia: T4\nCoche: Buenas comunicaciones a trav\u00e9s de Av. Diagonal y Ronda Litoral\n\nBlue Building. Donde la innovaci\u00f3n trabaja con vistas al Mediterr\u00e1neo.\n\n","post_type_properties_post_titulo_ingles":"","post_type_properties_post_internet_ingles":"","post_type_properties_post_features_classification_commercial":false,"post_type_properties_post_features_conservation":"","post_type_properties_post_features_security_personnel":false,"post_type_properties_post_features_parking_available":false,"post_type_properties_post_features_garage_capacity_type":"","post_type_properties_post_features_bathroom_number":"","post_type_properties_post_eje":"","post_type_properties_post_zona":"","post_type_properties_post_comarca":"","post_type_properties_post_features_built_year":"","post_type_properties_post_renta_mensual":20984,"post_type_properties_post_fianza":"","post_type_properties_post_features_area_plot":"","post_type_properties_post_features_area_buildable":"","post_type_properties_post_features_classification_industrial":false,"post_type_properties_post_distrito":"","post_type_properties_post_features_balcony":false,"post_type_properties_post_features_bedroom_number":"","post_type_properties_post_features_heating_type":"","post_type_properties_post_features_equipped_with_furniture":false,"post_type_properties_post_features_pets_allowed":false,"post_type_properties_post_features_pool":false,"post_type_properties_post_features_terrace":false,"post_type_properties_post_features_wardrobes":false,"post_type_properties_post_features_lift_available":false,"post_type_properties_post_features_handicap_adapted_access":false,"post_type_properties_post_features_orientation_east":false,"post_type_properties_post_features_orientation_west":false,"post_type_properties_post_features_orientation_north":false,"post_type_properties_post_features_orientation_south":false,"post_type_properties_post_features_parking_spaces_number":"","post_type_properties_post_features_security_alarm":false,"post_type_properties_post_features_security_system":false,"post_type_properties_post_open_plan":false,"post_type_properties_post_acceso_24_7":false,"post_type_properties_post_oficina_privada":false,"post_type_properties_post_sala_reuniones":false,"post_type_properties_post_espacio_eventos":false,"post_type_properties_post_office":false,"post_type_properties_post_restaurant":false,"post_type_properties_post_acepta_traspaso":false,"post_type_properties_post_vigilancia":false,"post_type_properties_post_features_suite":false,"post_type_properties_post_features_vitro":false,"post_type_properties_post_features_oven":false,"post_type_properties_post_features_microwave":false,"post_type_properties_post_features_washing_machine":false,"post_type_properties_post_features_dryer":false,"post_type_properties_post_features_dishwasher":false,"post_type_properties_post_features_fridge":false,"post_type_properties_post_features_fridge_mini":false,"post_type_properties_post_features_kettle":false,"post_type_properties_post_features_toaster":false,"post_type_properties_post_features_coffee_maker":false,"post_type_properties_post_features_iron":false,"post_type_properties_post_features_ironing_board":false,"post_type_properties_post_features_safe":false,"post_type_properties_post_features_internet":false,"post_type_properties_post_features_solarium":false,"post_type_properties_post_features_clean_service":false,"post_type_properties_post_features_t_v":false,"post_type_properties_post_features_satellite_t_v":false,"post_type_properties_post_features_gas_kitchen":false,"post_type_properties_post_features_view_mountain":false,"post_type_properties_post_features_view_sea":false,"post_type_properties_post_features_concierge":false,"post_type_properties_post_features_loading_dock":false,"post_type_properties_post_features_bridge_crane":false,"post_type_properties_post_features_located_at_corner":false,"post_type_properties_post_features_smoke_extraction":false,"post_type_properties_post_features_rooms":"","post_type_properties_post_features_garden_area":"","post_type_properties_post_features_utilities_water":false,"post_type_properties_post_features_utilities_electricity":false,"post_type_properties_post_features_utilities_natural_gas":false,"post_type_properties_post_features_building_adapted":false,"post_type_properties_post_features_garden":false,"post_type_properties_post_features_classification_hotel":false,"post_type_properties_post_features_classification_chalet":false,"post_type_properties_post_certificado_energetico_emisiones":"E","post_type_properties_post_barrio":"","post_type_properties_post_distrito_empresa":"Ciutat Vella","post_type_properties_post_features_property_category_intern":"","post_type_properties_post_implantada":false,"post_type_properties_post_sello_leed":"","post_type_properties_post_sello_well":"","post_type_properties_post_sello_breeam":false,"post_type_properties_post_images":[{"properties_post_image_order":1,"properties_post_image_url":"https:\/\/movin.cloud\/empresas\/2438\/imagenes\/11247874\/en-alquiler-3.webp","properties_post_image_url_thumbnail":"https:\/\/movin.cloud\/empresas\/2438\/imagenes\/thumbnails\/11247874\/en-alquiler-3.webp","properties_post_title":"en alquiler 3","properties_post_alt":"en alquiler 3"},{"properties_post_image_order":2,"properties_post_image_url":"https:\/\/movin.cloud\/empresas\/2438\/imagenes\/11247874\/en-alquiler-1.webp","properties_post_image_url_thumbnail":"https:\/\/movin.cloud\/empresas\/2438\/imagenes\/thumbnails\/11247874\/en-alquiler-1.webp","properties_post_title":"en alquiler 1","properties_post_alt":"en alquiler 1"},{"properties_post_image_order":3,"properties_post_image_url":"https:\/\/movin.cloud\/empresas\/2438\/imagenes\/11247874\/barcelona-viviendas.webp","properties_post_image_url_thumbnail":"https:\/\/movin.cloud\/empresas\/2438\/imagenes\/thumbnails\/11247874\/barcelona-viviendas.webp","properties_post_title":"barcelona viviendas","properties_post_alt":"barcelona viviendas"},{"properties_post_image_order":4,"properties_post_image_url":"https:\/\/movin.cloud\/empresas\/2438\/imagenes\/11247874\/barcelona-alquiler-para-idealistas.webp","properties_post_image_url_thumbnail":"https:\/\/movin.cloud\/empresas\/2438\/imagenes\/thumbnails\/11247874\/barcelona-alquiler-para-idealistas.webp","properties_post_title":"barcelona alquiler para idealistas","properties_post_alt":"barcelona alquiler para idealistas"},{"properties_post_image_order":5,"properties_post_image_url":"https:\/\/movin.cloud\/empresas\/2438\/imagenes\/11247874\/barcelona-rent.webp","properties_post_image_url_thumbnail":"https:\/\/movin.cloud\/empresas\/2438\/imagenes\/thumbnails\/11247874\/barcelona-rent.webp","properties_post_title":"barcelona rent","properties_post_alt":"barcelona rent"},{"properties_post_image_order":6,"properties_post_image_url":"https:\/\/movin.cloud\/empresas\/2438\/imagenes\/11247874\/en-alquiler-2.webp","properties_post_image_url_thumbnail":"https:\/\/movin.cloud\/empresas\/2438\/imagenes\/thumbnails\/11247874\/en-alquiler-2.webp","properties_post_title":"en alquiler 2","properties_post_alt":"en alquiler 2"},{"properties_post_image_order":7,"properties_post_image_url":"https:\/\/movin.cloud\/empresas\/2438\/imagenes\/11247874\/en-alquiler-10.webp","properties_post_image_url_thumbnail":"https:\/\/movin.cloud\/empresas\/2438\/imagenes\/thumbnails\/11247874\/en-alquiler-10.webp","properties_post_title":"en alquiler 10","properties_post_alt":"en alquiler 10"},{"properties_post_image_order":8,"properties_post_image_url":"https:\/\/movin.cloud\/empresas\/2438\/imagenes\/11247874\/barcelona-fincas.webp","properties_post_image_url_thumbnail":"https:\/\/movin.cloud\/empresas\/2438\/imagenes\/thumbnails\/11247874\/barcelona-fincas.webp","properties_post_title":"barcelona fincas","properties_post_alt":"barcelona fincas"},{"properties_post_image_order":9,"properties_post_image_url":"https:\/\/movin.cloud\/empresas\/2438\/imagenes\/11247874\/barcelona-inmobiliarias.webp","properties_post_image_url_thumbnail":"https:\/\/movin.cloud\/empresas\/2438\/imagenes\/thumbnails\/11247874\/barcelona-inmobiliarias.webp","properties_post_title":"barcelona inmobiliarias","properties_post_alt":"barcelona inmobiliarias"},{"properties_post_image_order":10,"properties_post_image_url":"https:\/\/movin.cloud\/empresas\/2438\/imagenes\/11247874\/barcelona-inmobiliaria.webp","properties_post_image_url_thumbnail":"https:\/\/movin.cloud\/empresas\/2438\/imagenes\/thumbnails\/11247874\/barcelona-inmobiliaria.webp","properties_post_title":"barcelona inmobiliaria","properties_post_alt":"barcelona inmobiliaria"},{"properties_post_image_order":11,"properties_post_image_url":"https:\/\/movin.cloud\/empresas\/2438\/imagenes\/11247874\/en-alquiler-5.webp","properties_post_image_url_thumbnail":"https:\/\/movin.cloud\/empresas\/2438\/imagenes\/thumbnails\/11247874\/en-alquiler-5.webp","properties_post_title":"en alquiler 5","properties_post_alt":"en alquiler 5"},{"properties_post_image_order":12,"properties_post_image_url":"https:\/\/movin.cloud\/empresas\/2438\/imagenes\/11247874\/en-alquiler-6.webp","properties_post_image_url_thumbnail":"https:\/\/movin.cloud\/empresas\/2438\/imagenes\/thumbnails\/11247874\/en-alquiler-6.webp","properties_post_title":"en alquiler 6","properties_post_alt":"en alquiler 6"},{"properties_post_image_order":13,"properties_post_image_url":"https:\/\/movin.cloud\/empresas\/2438\/imagenes\/11247874\/en-alquiler-7.webp","properties_post_image_url_thumbnail":"https:\/\/movin.cloud\/empresas\/2438\/imagenes\/thumbnails\/11247874\/en-alquiler-7.webp","properties_post_title":"en alquiler 7","properties_post_alt":"en alquiler 7"},{"properties_post_image_order":14,"properties_post_image_url":"https:\/\/movin.cloud\/empresas\/2438\/imagenes\/11247874\/en-alquiler-8.webp","properties_post_image_url_thumbnail":"https:\/\/movin.cloud\/empresas\/2438\/imagenes\/thumbnails\/11247874\/en-alquiler-8.webp","properties_post_title":"en alquiler 8","properties_post_alt":"en alquiler 8"},{"properties_post_image_order":15,"properties_post_image_url":"https:\/\/movin.cloud\/empresas\/2438\/imagenes\/11247874\/en-alquiler-4.webp","properties_post_image_url_thumbnail":"https:\/\/movin.cloud\/empresas\/2438\/imagenes\/thumbnails\/11247874\/en-alquiler-4.webp","properties_post_title":"en alquiler 4","properties_post_alt":"en alquiler 4"},{"properties_post_image_order":16,"properties_post_image_url":"https:\/\/movin.cloud\/empresas\/2438\/imagenes\/11247874\/barcelona-alquiler-para-idealista.webp","properties_post_image_url_thumbnail":"https:\/\/movin.cloud\/empresas\/2438\/imagenes\/thumbnails\/11247874\/barcelona-alquiler-para-idealista.webp","properties_post_title":"barcelona alquiler para idealista","properties_post_alt":"barcelona alquiler para idealista"},{"properties_post_image_order":17,"properties_post_image_url":"https:\/\/movin.cloud\/empresas\/2438\/imagenes\/11247874\/en-alquiler.webp","properties_post_image_url_thumbnail":"https:\/\/movin.cloud\/empresas\/2438\/imagenes\/thumbnails\/11247874\/en-alquiler.webp","properties_post_title":"en alquiler","properties_post_alt":"en alquiler"},{"properties_post_image_order":18,"properties_post_image_url":"https:\/\/movin.cloud\/empresas\/2438\/imagenes\/11247874\/en-alquiler-9.webp","properties_post_image_url_thumbnail":"https:\/\/movin.cloud\/empresas\/2438\/imagenes\/thumbnails\/11247874\/en-alquiler-9.webp","properties_post_title":"en alquiler 9","properties_post_alt":"en alquiler 9"},{"properties_post_image_order":19,"properties_post_image_url":"https:\/\/movin.cloud\/empresas\/2438\/imagenes\/11247874\/en-alquiler-barcelona.webp","properties_post_image_url_thumbnail":"https:\/\/movin.cloud\/empresas\/2438\/imagenes\/thumbnails\/11247874\/en-alquiler-barcelona.webp","properties_post_title":"en alquiler barcelona","properties_post_alt":"en alquiler barcelona"}],"post_type_properties_post_videos":null,"post_type_properties_post_tour":null,"post_type_properties_post_dossier_url":"","post_type_properties_post_operation_type":"rent","post_type_properties_post_operation_price":22448,"post_type_properties_post_features_hidden_price":false},"yoast_head":"<!-- This site is optimized with the Yoast SEO plugin v25.6 - https:\/\/yoast.com\/wordpress\/plugins\/seo\/ -->\n<title>BLUE BUILDING - Forcadell<\/title>\n<meta name=\"robots\" content=\"index, follow, max-snippet:-1, max-image-preview:large, max-video-preview:-1\" \/>\n<link rel=\"canonical\" href=\"https:\/\/forcadell.com\/ca\/propiedades\/blue-building-3\/\" \/>\n<meta property=\"og:locale\" content=\"ca_ES\" \/>\n<meta property=\"og:type\" content=\"article\" \/>\n<meta property=\"og:title\" content=\"BLUE BUILDING - Forcadell\" \/>\n<meta property=\"og:description\" content=\"Blue Building: oficinas que inspiran innovaci\u00f3n frente al mar Blue Building se ha renovado por completo para ofrecer espacios de oficinas de \u00faltima generaci\u00f3n en una de las ubicaciones m\u00e1s exclusivas del frente mar\u00edtimo de Barcelona. Situado en plena Zona de Desarrollo Cient\u00edfico, donde el distrito de la Innovaci\u00f3n 22@ se encuentra con el mar, [&hellip;]\" \/>\n<meta property=\"og:url\" content=\"https:\/\/forcadell.com\/ca\/propiedades\/blue-building-3\/\" \/>\n<meta property=\"og:site_name\" content=\"Forcadell\" \/>\n<meta property=\"article:modified_time\" content=\"2026-04-26T23:48:32+00:00\" \/>\n<meta name=\"twitter:card\" content=\"summary_large_image\" \/>\n<meta name=\"twitter:label1\" content=\"Temps estimat de lectura\" \/>\n\t<meta name=\"twitter:data1\" content=\"1 minut\" \/>\n<!-- \/ Yoast SEO plugin. -->","yoast_head_json":{"title":"BLUE BUILDING - Forcadell","robots":{"index":"index","follow":"follow","max-snippet":"max-snippet:-1","max-image-preview":"max-image-preview:large","max-video-preview":"max-video-preview:-1"},"canonical":"https:\/\/forcadell.com\/ca\/propiedades\/blue-building-3\/","og_locale":"ca_ES","og_type":"article","og_title":"BLUE BUILDING - Forcadell","og_description":"Blue Building: oficinas que inspiran innovaci\u00f3n frente al mar Blue Building se ha renovado por completo para ofrecer espacios de oficinas de \u00faltima generaci\u00f3n en una de las ubicaciones m\u00e1s exclusivas del frente mar\u00edtimo de Barcelona. Situado en plena Zona de Desarrollo Cient\u00edfico, donde el distrito de la Innovaci\u00f3n 22@ se encuentra con el mar, [&hellip;]","og_url":"https:\/\/forcadell.com\/ca\/propiedades\/blue-building-3\/","og_site_name":"Forcadell","article_modified_time":"2026-04-26T23:48:32+00:00","twitter_card":"summary_large_image","twitter_misc":{"Temps estimat de lectura":"1 minut"},"schema":{"@context":"https:\/\/schema.org","@graph":[{"@type":"WebPage","@id":"https:\/\/forcadell.com\/ca\/propiedades\/blue-building-3\/","url":"https:\/\/forcadell.com\/ca\/propiedades\/blue-building-3\/","name":"BLUE BUILDING - Forcadell","isPartOf":{"@id":"https:\/\/forcadell.com\/ca\/#website"},"datePublished":"2026-02-03T06:38:13+00:00","dateModified":"2026-04-26T23:48:32+00:00","breadcrumb":{"@id":"https:\/\/forcadell.com\/ca\/propiedades\/blue-building-3\/#breadcrumb"},"inLanguage":"ca","potentialAction":[{"@type":"ReadAction","target":["https:\/\/forcadell.com\/ca\/propiedades\/blue-building-3\/"]}]},{"@type":"BreadcrumbList","@id":"https:\/\/forcadell.com\/ca\/propiedades\/blue-building-3\/#breadcrumb","itemListElement":[{"@type":"ListItem","position":1,"name":"Portada","item":"https:\/\/forcadell.com\/ca\/"},{"@type":"ListItem","position":2,"name":"Properties","item":"https:\/\/forcadell.com\/ca\/propiedades\/"},{"@type":"ListItem","position":3,"name":"BLUE BUILDING"}]},{"@type":"WebSite","@id":"https:\/\/forcadell.com\/ca\/#website","url":"https:\/\/forcadell.com\/ca\/","name":"Forcadell","description":"Inmobiliaria Barcelona | Consultores inmobiliarios","potentialAction":[{"@type":"SearchAction","target":{"@type":"EntryPoint","urlTemplate":"https:\/\/forcadell.com\/ca\/?s={search_term_string}"},"query-input":{"@type":"PropertyValueSpecification","valueRequired":true,"valueName":"search_term_string"}}],"inLanguage":"ca"}]}},"_links":{"self":[{"href":"https:\/\/forcadell.com\/ca\/wp-json\/wp\/v2\/properties_post\/61782"}],"collection":[{"href":"https:\/\/forcadell.com\/ca\/wp-json\/wp\/v2\/properties_post"}],"about":[{"href":"https:\/\/forcadell.com\/ca\/wp-json\/wp\/v2\/types\/properties_post"}],"wp:attachment":[{"href":"https:\/\/forcadell.com\/ca\/wp-json\/wp\/v2\/media?parent=61782"}],"curies":[{"name":"wp","href":"https:\/\/api.w.org\/{rel}","templated":true}]}}