{"id":61673,"date":"2026-01-29T18:47:26","date_gmt":"2026-01-29T16:47:26","guid":{"rendered":"https:\/\/forcadell.com\/propiedades\/edificio-exclusivo-de-oficinas-en-chamberi\/"},"modified":"2026-04-28T15:13:13","modified_gmt":"2026-04-28T13:13:13","slug":"edificio-exclusivo-de-oficinas-en-chamberi","status":"publish","type":"properties_post","link":"https:\/\/forcadell.com\/ca\/propiedades\/edificio-exclusivo-de-oficinas-en-chamberi\/","title":{"rendered":"Edificio Exclusivo de Oficinas en Chamber\u00ed"},"content":{"rendered":"<p>Ubicado en el prestigioso distrito de Chamber\u00ed, este edificio exclusivo de oficinas ofrece una oportunidad \u00fanica para establecerse en una de las zonas m\u00e1s emblem\u00e1ticas de Madrid. A escasos metros del Paseo de la Castellana, eje neur\u00e1lgico de la capital, la propiedad goza de una situaci\u00f3n estrat\u00e9gica con excelentes conexiones de transporte y una completa oferta de servicios en su entorno.<\/p>\n<p>El inmueble dispone de plantas di\u00e1fanas y f\u00e1cilmente divisibles, ideales para adaptarse a las necesidades de cada empresa. La gran luminosidad natural que inunda los espacios de trabajo, junto con una terraza privativa, aporta un valor diferencial que combina funcionalidad y confort.<\/p>\n<p>Equipado con un moderno sistema de climatizaci\u00f3n VRV, garantiza una eficiencia energ\u00e9tica \u00f3ptima y un alto nivel de confort t\u00e9rmico durante todo el a\u00f1o. Adem\u00e1s, cuenta con parking en las inmediaciones, facilitando el acceso tanto para empleados como para clientes.<\/p>\n<p>Con una excelente red de comunicaciones, destaca la proximidad a diversas l\u00edneas de autob\u00fas y la cercan\u00eda a la estaci\u00f3n de tren y metro de Nuevos Ministerios, situada a tan solo 5 minutos en coche.<\/p>\n<p>La zona ofrece un entorno empresarial consolidado, con un alto nivel de servicios, lo que convierte este edificio en una opci\u00f3n inmejorable para empresas que buscan representar su imagen corporativa en un entorno exclusivo y bien comunicado.<\/p>\n","protected":false},"template":"","class_list":["post-61673","properties_post","type-properties_post","status-publish","hentry","properties_modality-rent","properties_district-chamberi","properties_province-madrid","properties_zone-centro","properties_state-madrid","properties_subclass-oficina","properties_type-oficina"],"acf":{"post_type_properties_post_property_code":"11247777","post_type_properties_post_property_reference":"IE-226336","post_type_properties_post_owner_id":"50387","post_type_properties_post_owner_name":"COLLIERS INTERNATIONAL SPAIN SL-BARCELONA","post_type_properties_post_property_code_encrypted":"MjQ5JDMyMzQ0","post_type_properties_post_published":"1","post_type_properties_post_property_visibility":"idealista","post_type_properties_post_contact_name":"Forcadell Oficinas Madrid","post_type_properties_post_contact_email":"forcadell.oficinas.madrid@movin.cloud","post_type_properties_post_contact_primary_phone_prefix":"34","post_type_properties_post_contact_primary_phone_number":"917886880","post_type_properties_post_address_visibility":"street","post_type_properties_post_address_country":"Spain","post_type_properties_post_address_coordinates_precision":"exact","post_type_properties_post_address_postal_code":"28023","post_type_properties_post_address_coordinates_latitude":"40.4439018","post_type_properties_post_address_coordinates_longitude":"-3.6983907","post_type_properties_post_address_street_name":"CALLE Robledillo ","post_type_properties_post_address_floor":"3","post_type_properties_post_address_town":"Madrid","post_type_properties_post_building":null,"post_type_properties_post_property":[{"properties_post_description_language":"spanish","properties_post_title":"Edificio Exclusivo de Oficinas en Chamber\u00ed","properties_post_short_description_text_alt":"","properties_post_description_text_alt":"","properties_post_short_description_text":"","properties_post_link_demanda_inmueble":"https:\/\/movin.cloud\/es\/Forcadell Oficinas Madrid\/formulario-peticion-inmueble\/sth\/2462&&11247777","properties_post_link_demanda_calendario_inmueble":"https:\/\/movin.cloud\/es\/Forcadell Oficinas Madrid\/calendario-peticion-inmueble\/sth\/2462&&11247777","properties_post_description_text":"Ubicado en el prestigioso distrito de Chamber\u00ed, este edificio exclusivo de oficinas ofrece una oportunidad \u00fanica para establecerse en una de las zonas m\u00e1s emblem\u00e1ticas de Madrid. A escasos metros del Paseo de la Castellana, eje neur\u00e1lgico de la capital, la propiedad goza de una situaci\u00f3n estrat\u00e9gica con excelentes conexiones de transporte y una completa oferta de servicios en su entorno.\n\nEl inmueble dispone de plantas di\u00e1fanas y f\u00e1cilmente divisibles, ideales para adaptarse a las necesidades de cada empresa. La gran luminosidad natural que inunda los espacios de trabajo, junto con una terraza privativa, aporta un valor diferencial que combina funcionalidad y confort.\n\nEquipado con un moderno sistema de climatizaci\u00f3n VRV, garantiza una eficiencia energ\u00e9tica \u00f3ptima y un alto nivel de confort t\u00e9rmico durante todo el a\u00f1o. Adem\u00e1s, cuenta con parking en las inmediaciones, facilitando el acceso tanto para empleados como para clientes.\n\nCon una excelente red de comunicaciones, destaca la proximidad a diversas l\u00edneas de autob\u00fas y la cercan\u00eda a la estaci\u00f3n de tren y metro de Nuevos Ministerios, situada a tan solo 5 minutos en coche.\n\nLa zona ofrece un entorno empresarial consolidado, con un alto nivel de servicios, lo que convierte este edificio en una opci\u00f3n inmejorable para empresas que buscan representar su imagen corporativa en un entorno exclusivo y bien comunicado.","properties_post_seo_title":"","properties_post_seo_alias":"","properties_post_seo_metadescription":"","properties_post_seo_key_words":"alquiler, oficina, chamber\u00ed, madrid","properties_post_seo_url":"","properties_post_terms_conditions":""},{"properties_post_description_language":"english","properties_post_title":"Exclusive Office Building in Chamber\u00ed","properties_post_short_description_text_alt":"","properties_post_description_text_alt":"","properties_post_short_description_text":"","properties_post_link_demanda_inmueble":"https:\/\/movin.cloud\/en\/Forcadell Oficinas Madrid\/property-form-request\/sth\/2462&&11247777","properties_post_link_demanda_calendario_inmueble":"https:\/\/movin.cloud\/en\/Forcadell Oficinas Madrid\/property-calendar-request\/sth\/2462&&11247777","properties_post_description_text":"Located in the prestigious district of Chamber\u00ed, this exclusive office building offers a unique opportunity to settle in one of the most emblematic areas of Madrid. A few meters from the Paseo de la Castellana, the nerve center of the capital, the property enjoys a strategic location with excellent transport connections and a complete range of services in its surroundings. \n\nThe property has open and easily divisible floors, ideal to adapt to the needs of each company. The great natural luminosity that floods the work spaces, together with a private terrace, brings a differential value that combines functionality and comfort. Equipped with a modern VRV air conditioning system, ensures optimal energy efficiency and a high level of thermal comfort.\n\nIt also has parking in the vicinity, facilitating access for both employees and customers. With an excellent communication network, the proximity to several bus lines and the proximity to the train and metro station of Nuevos Ministerios, located just 5 minutes by car. The area offers a consolidated business environment, with a high level of services, which makes this building an unbeatable option for companies looking to represent their corporate image in an exclusive and well communicated environment.\n","properties_post_seo_title":"","properties_post_seo_alias":"","properties_post_seo_metadescription":"","properties_post_seo_key_words":"rent, office, chamber\u00ed, madrid","properties_post_seo_url":"","properties_post_terms_conditions":""}],"post_type_properties_post_features_type":"office","post_type_properties_post_id_building":"","post_type_properties_post_features_area_constructed":1075,"post_type_properties_post_features_conditioned_air":true,"post_type_properties_post_features_doorman":false,"post_type_properties_post_features_heating":true,"post_type_properties_post_features_equipped_kitchen":false,"post_type_properties_post_features_windows_location":"exterior","post_type_properties_post_features_floors_property":false,"post_type_properties_post_features_storage":false,"post_type_properties_post_features_security_door":false,"post_type_properties_post_features_energy_certificate_rating":"C","post_type_properties_post_features_energy_certificate_emissions_rating":"C","post_type_properties_post_features_energy_certificate_emissions_value":"","post_type_properties_post_features_energy_certificate_performance":"","post_type_properties_post_features_bathroom_inside":false,"post_type_properties_post_precio":17099.97,"post_type_properties_post_precio_alquiler":17099.97,"post_type_properties_post_record_type_id":"Oficina","post_type_properties_post_categoria__producto":"Oficina","post_type_properties_post_amueblado":false,"post_type_properties_post_precio_m2":15.9,"post_type_properties_post_zona__comunitaria":false,"post_type_properties_post_electrodomesticos":false,"post_type_properties_post_patio__interior":true,"post_type_properties_post_certificado_energetico_general":"C","post_type_properties_post_certificado_energetico_consumo":"C","post_type_properties_post_certificado_energetico_valor_emisiones":"","post_type_properties_post_certificado_energetico_valor_consumo":"","post_type_properties_post_modalidad":"rent","post_type_properties_post_provincia":"Madrid","post_type_properties_post_poblacion":"Madrid","post_type_properties_post_centro__urbano":false,"post_type_properties_post_zonificacion":"Centro","post_type_properties_post_cartera":"","post_type_properties_post_titulo_catalan":"","post_type_properties_post_internet_catalan":"","post_type_properties_post_titulo_castellano":"Edificio Exclusivo de Oficinas en Chamber\u00ed","post_type_properties_post_internet_castellano":"Ubicado en el prestigioso distrito de Chamber\u00ed, este edificio exclusivo de oficinas ofrece una oportunidad \u00fanica para establecerse en una de las zonas m\u00e1s emblem\u00e1ticas de Madrid. A escasos metros del Paseo de la Castellana, eje neur\u00e1lgico de la capital, la propiedad goza de una situaci\u00f3n estrat\u00e9gica con excelentes conexiones de transporte y una completa oferta de servicios en su entorno.\n\nEl inmueble dispone de plantas di\u00e1fanas y f\u00e1cilmente divisibles, ideales para adaptarse a las necesidades de cada empresa. La gran luminosidad natural que inunda los espacios de trabajo, junto con una terraza privativa, aporta un valor diferencial que combina funcionalidad y confort.\n\nEquipado con un moderno sistema de climatizaci\u00f3n VRV, garantiza una eficiencia energ\u00e9tica \u00f3ptima y un alto nivel de confort t\u00e9rmico durante todo el a\u00f1o. Adem\u00e1s, cuenta con parking en las inmediaciones, facilitando el acceso tanto para empleados como para clientes.\n\nCon una excelente red de comunicaciones, destaca la proximidad a diversas l\u00edneas de autob\u00fas y la cercan\u00eda a la estaci\u00f3n de tren y metro de Nuevos Ministerios, situada a tan solo 5 minutos en coche.\n\nLa zona ofrece un entorno empresarial consolidado, con un alto nivel de servicios, lo que convierte este edificio en una opci\u00f3n inmejorable para empresas que buscan representar su imagen corporativa en un entorno exclusivo y bien comunicado.","post_type_properties_post_titulo_ingles":"Exclusive Office Building in Chamber\u00ed","post_type_properties_post_internet_ingles":"Located in the prestigious district of Chamber\u00ed, this exclusive office building offers a unique opportunity to settle in one of the most emblematic areas of Madrid. A few meters from the Paseo de la Castellana, the nerve center of the capital, the property enjoys a strategic location with excellent transport connections and a complete range of services in its surroundings. \n\nThe property has open and easily divisible floors, ideal to adapt to the needs of each company. The great natural luminosity that floods the work spaces, together with a private terrace, brings a differential value that combines functionality and comfort. Equipped with a modern VRV air conditioning system, ensures optimal energy efficiency and a high level of thermal comfort.\n\nIt also has parking in the vicinity, facilitating access for both employees and customers. With an excellent communication network, the proximity to several bus lines and the proximity to the train and metro station of Nuevos Ministerios, located just 5 minutes by car. The area offers a consolidated business environment, with a high level of services, which makes this building an unbeatable option for companies looking to represent their corporate image in an exclusive and well communicated environment.\n","post_type_properties_post_features_classification_commercial":false,"post_type_properties_post_features_conservation":"","post_type_properties_post_features_security_personnel":false,"post_type_properties_post_features_parking_available":false,"post_type_properties_post_features_garage_capacity_type":"","post_type_properties_post_features_bathroom_number":"","post_type_properties_post_eje":"","post_type_properties_post_zona":"","post_type_properties_post_comarca":"","post_type_properties_post_features_built_year":"","post_type_properties_post_renta_mensual":"","post_type_properties_post_fianza":"","post_type_properties_post_features_area_plot":"","post_type_properties_post_features_area_buildable":"","post_type_properties_post_features_classification_industrial":false,"post_type_properties_post_distrito":"","post_type_properties_post_features_balcony":false,"post_type_properties_post_features_bedroom_number":"","post_type_properties_post_features_heating_type":"","post_type_properties_post_features_equipped_with_furniture":false,"post_type_properties_post_features_pets_allowed":false,"post_type_properties_post_features_pool":false,"post_type_properties_post_features_terrace":false,"post_type_properties_post_features_wardrobes":false,"post_type_properties_post_features_lift_available":false,"post_type_properties_post_features_handicap_adapted_access":false,"post_type_properties_post_features_orientation_east":false,"post_type_properties_post_features_orientation_west":false,"post_type_properties_post_features_orientation_north":false,"post_type_properties_post_features_orientation_south":false,"post_type_properties_post_features_parking_spaces_number":"","post_type_properties_post_features_security_alarm":false,"post_type_properties_post_features_security_system":false,"post_type_properties_post_open_plan":false,"post_type_properties_post_acceso_24_7":false,"post_type_properties_post_oficina_privada":false,"post_type_properties_post_sala_reuniones":false,"post_type_properties_post_espacio_eventos":false,"post_type_properties_post_office":false,"post_type_properties_post_restaurant":false,"post_type_properties_post_acepta_traspaso":false,"post_type_properties_post_vigilancia":false,"post_type_properties_post_features_suite":false,"post_type_properties_post_features_vitro":false,"post_type_properties_post_features_oven":false,"post_type_properties_post_features_microwave":false,"post_type_properties_post_features_washing_machine":false,"post_type_properties_post_features_dryer":false,"post_type_properties_post_features_dishwasher":false,"post_type_properties_post_features_fridge":false,"post_type_properties_post_features_fridge_mini":false,"post_type_properties_post_features_kettle":false,"post_type_properties_post_features_toaster":false,"post_type_properties_post_features_coffee_maker":false,"post_type_properties_post_features_iron":false,"post_type_properties_post_features_ironing_board":false,"post_type_properties_post_features_safe":false,"post_type_properties_post_features_internet":false,"post_type_properties_post_features_solarium":false,"post_type_properties_post_features_clean_service":false,"post_type_properties_post_features_t_v":false,"post_type_properties_post_features_satellite_t_v":false,"post_type_properties_post_features_gas_kitchen":false,"post_type_properties_post_features_view_mountain":false,"post_type_properties_post_features_view_sea":false,"post_type_properties_post_features_concierge":false,"post_type_properties_post_features_loading_dock":false,"post_type_properties_post_features_bridge_crane":false,"post_type_properties_post_features_located_at_corner":false,"post_type_properties_post_features_smoke_extraction":false,"post_type_properties_post_features_rooms":"","post_type_properties_post_features_garden_area":"","post_type_properties_post_features_utilities_water":false,"post_type_properties_post_features_utilities_electricity":false,"post_type_properties_post_features_utilities_natural_gas":false,"post_type_properties_post_features_building_adapted":false,"post_type_properties_post_features_garden":false,"post_type_properties_post_features_classification_hotel":false,"post_type_properties_post_features_classification_chalet":false,"post_type_properties_post_certificado_energetico_emisiones":"C","post_type_properties_post_barrio":"","post_type_properties_post_distrito_empresa":"Chamber\u00ed","post_type_properties_post_features_property_category_intern":"","post_type_properties_post_implantada":false,"post_type_properties_post_sello_leed":"","post_type_properties_post_sello_well":"","post_type_properties_post_sello_breeam":false,"post_type_properties_post_images":[{"properties_post_image_order":1,"properties_post_image_url":"https:\/\/movin.cloud\/empresas\/2462\/imagenes\/11247777\/fincas.webp","properties_post_image_url_thumbnail":"https:\/\/movin.cloud\/empresas\/2462\/imagenes\/thumbnails\/11247777\/fincas.webp","properties_post_title":"fincas","properties_post_alt":"fincas"},{"properties_post_image_order":2,"properties_post_image_url":"https:\/\/movin.cloud\/empresas\/2462\/imagenes\/11247777\/en-alquiler.webp","properties_post_image_url_thumbnail":"https:\/\/movin.cloud\/empresas\/2462\/imagenes\/thumbnails\/11247777\/en-alquiler.webp","properties_post_title":"en alquiler","properties_post_alt":"en alquiler"},{"properties_post_image_order":3,"properties_post_image_url":"https:\/\/movin.cloud\/empresas\/2462\/imagenes\/11247777\/alquiler.webp","properties_post_image_url_thumbnail":"https:\/\/movin.cloud\/empresas\/2462\/imagenes\/thumbnails\/11247777\/alquiler.webp","properties_post_title":"alquiler","properties_post_alt":"alquiler"},{"properties_post_image_order":4,"properties_post_image_url":"https:\/\/movin.cloud\/empresas\/2462\/imagenes\/11247777\/alquiler-idealistas.webp","properties_post_image_url_thumbnail":"https:\/\/movin.cloud\/empresas\/2462\/imagenes\/thumbnails\/11247777\/alquiler-idealistas.webp","properties_post_title":"alquiler idealistas","properties_post_alt":"alquiler idealistas"},{"properties_post_image_order":5,"properties_post_image_url":"https:\/\/movin.cloud\/empresas\/2462\/imagenes\/11247777\/habitalia.webp","properties_post_image_url_thumbnail":"https:\/\/movin.cloud\/empresas\/2462\/imagenes\/thumbnails\/11247777\/habitalia.webp","properties_post_title":"habitalia","properties_post_alt":"habitalia"},{"properties_post_image_order":6,"properties_post_image_url":"https:\/\/movin.cloud\/empresas\/2462\/imagenes\/11247777\/alquilar.webp","properties_post_image_url_thumbnail":"https:\/\/movin.cloud\/empresas\/2462\/imagenes\/thumbnails\/11247777\/alquilar.webp","properties_post_title":"alquilar","properties_post_alt":"alquilar"},{"properties_post_image_order":7,"properties_post_image_url":"https:\/\/movin.cloud\/empresas\/2462\/imagenes\/11247777\/alquiler-para-idealista.webp","properties_post_image_url_thumbnail":"https:\/\/movin.cloud\/empresas\/2462\/imagenes\/thumbnails\/11247777\/alquiler-para-idealista.webp","properties_post_title":"alquiler para idealista","properties_post_alt":"alquiler para idealista"},{"properties_post_image_order":8,"properties_post_image_url":"https:\/\/movin.cloud\/empresas\/2462\/imagenes\/11247777\/viviendas.webp","properties_post_image_url_thumbnail":"https:\/\/movin.cloud\/empresas\/2462\/imagenes\/thumbnails\/11247777\/viviendas.webp","properties_post_title":"viviendas","properties_post_alt":"viviendas"},{"properties_post_image_order":9,"properties_post_image_url":"https:\/\/movin.cloud\/empresas\/2462\/imagenes\/11247777\/alquiler-para-idealistas.webp","properties_post_image_url_thumbnail":"https:\/\/movin.cloud\/empresas\/2462\/imagenes\/thumbnails\/11247777\/alquiler-para-idealistas.webp","properties_post_title":"alquiler para idealistas","properties_post_alt":"alquiler para idealistas"},{"properties_post_image_order":10,"properties_post_image_url":"https:\/\/movin.cloud\/empresas\/2462\/imagenes\/11247777\/rent.webp","properties_post_image_url_thumbnail":"https:\/\/movin.cloud\/empresas\/2462\/imagenes\/thumbnails\/11247777\/rent.webp","properties_post_title":"rent","properties_post_alt":"rent"}],"post_type_properties_post_videos":null,"post_type_properties_post_tour":null,"post_type_properties_post_dossier_url":"","post_type_properties_post_operation_type":"rent","post_type_properties_post_operation_price":17099,"post_type_properties_post_features_hidden_price":false},"yoast_head":"<!-- This site is optimized with the Yoast SEO plugin v27.4 - https:\/\/yoast.com\/product\/yoast-seo-wordpress\/ -->\n<title>Edificio Exclusivo de Oficinas en Chamber\u00ed - Forcadell<\/title>\n<meta name=\"robots\" content=\"index, follow, max-snippet:-1, max-image-preview:large, max-video-preview:-1\" \/>\n<link rel=\"canonical\" href=\"https:\/\/forcadell.com\/ca\/propiedades\/edificio-exclusivo-de-oficinas-en-chamberi\/\" \/>\n<meta property=\"og:locale\" content=\"ca_ES\" \/>\n<meta property=\"og:type\" content=\"article\" \/>\n<meta property=\"og:title\" content=\"Edificio Exclusivo de Oficinas en Chamber\u00ed - Forcadell\" \/>\n<meta property=\"og:description\" content=\"Ubicado en el prestigioso distrito de Chamber\u00ed, este edificio exclusivo de oficinas ofrece una oportunidad \u00fanica para establecerse en una de las zonas m\u00e1s emblem\u00e1ticas de Madrid. A escasos metros del Paseo de la Castellana, eje neur\u00e1lgico de la capital, la propiedad goza de una situaci\u00f3n estrat\u00e9gica con excelentes conexiones de transporte y una completa [&hellip;]\" \/>\n<meta property=\"og:url\" content=\"https:\/\/forcadell.com\/ca\/propiedades\/edificio-exclusivo-de-oficinas-en-chamberi\/\" \/>\n<meta property=\"og:site_name\" content=\"Forcadell\" \/>\n<meta property=\"article:modified_time\" content=\"2026-04-28T13:13:13+00:00\" \/>\n<meta name=\"twitter:card\" content=\"summary_large_image\" \/>\n<meta name=\"twitter:label1\" content=\"Temps estimat de lectura\" \/>\n\t<meta name=\"twitter:data1\" content=\"1 minut\" \/>\n<!-- \/ Yoast SEO plugin. -->","yoast_head_json":{"title":"Edificio Exclusivo de Oficinas en Chamber\u00ed - Forcadell","robots":{"index":"index","follow":"follow","max-snippet":"max-snippet:-1","max-image-preview":"max-image-preview:large","max-video-preview":"max-video-preview:-1"},"canonical":"https:\/\/forcadell.com\/ca\/propiedades\/edificio-exclusivo-de-oficinas-en-chamberi\/","og_locale":"ca_ES","og_type":"article","og_title":"Edificio Exclusivo de Oficinas en Chamber\u00ed - Forcadell","og_description":"Ubicado en el prestigioso distrito de Chamber\u00ed, este edificio exclusivo de oficinas ofrece una oportunidad \u00fanica para establecerse en una de las zonas m\u00e1s emblem\u00e1ticas de Madrid. A escasos metros del Paseo de la Castellana, eje neur\u00e1lgico de la capital, la propiedad goza de una situaci\u00f3n estrat\u00e9gica con excelentes conexiones de transporte y una completa [&hellip;]","og_url":"https:\/\/forcadell.com\/ca\/propiedades\/edificio-exclusivo-de-oficinas-en-chamberi\/","og_site_name":"Forcadell","article_modified_time":"2026-04-28T13:13:13+00:00","twitter_card":"summary_large_image","twitter_misc":{"Temps estimat de lectura":"1 minut"},"schema":{"@context":"https:\/\/schema.org","@graph":[{"@type":"WebPage","@id":"https:\/\/forcadell.com\/ca\/propiedades\/edificio-exclusivo-de-oficinas-en-chamberi\/","url":"https:\/\/forcadell.com\/ca\/propiedades\/edificio-exclusivo-de-oficinas-en-chamberi\/","name":"Edificio Exclusivo de Oficinas en Chamber\u00ed - Forcadell","isPartOf":{"@id":"https:\/\/forcadell.com\/ca\/#website"},"datePublished":"2026-01-29T16:47:26+00:00","dateModified":"2026-04-28T13:13:13+00:00","breadcrumb":{"@id":"https:\/\/forcadell.com\/ca\/propiedades\/edificio-exclusivo-de-oficinas-en-chamberi\/#breadcrumb"},"inLanguage":"ca","potentialAction":[{"@type":"ReadAction","target":["https:\/\/forcadell.com\/ca\/propiedades\/edificio-exclusivo-de-oficinas-en-chamberi\/"]}]},{"@type":"BreadcrumbList","@id":"https:\/\/forcadell.com\/ca\/propiedades\/edificio-exclusivo-de-oficinas-en-chamberi\/#breadcrumb","itemListElement":[{"@type":"ListItem","position":1,"name":"Portada","item":"https:\/\/forcadell.com\/ca\/"},{"@type":"ListItem","position":2,"name":"Properties","item":"https:\/\/forcadell.com\/ca\/propiedades\/"},{"@type":"ListItem","position":3,"name":"Edificio Exclusivo de Oficinas en Chamber\u00ed"}]},{"@type":"WebSite","@id":"https:\/\/forcadell.com\/ca\/#website","url":"https:\/\/forcadell.com\/ca\/","name":"Forcadell","description":"Inmobiliaria Barcelona | Consultores inmobiliarios","potentialAction":[{"@type":"SearchAction","target":{"@type":"EntryPoint","urlTemplate":"https:\/\/forcadell.com\/ca\/?s={search_term_string}"},"query-input":{"@type":"PropertyValueSpecification","valueRequired":true,"valueName":"search_term_string"}}],"inLanguage":"ca"}]}},"_links":{"self":[{"href":"https:\/\/forcadell.com\/ca\/wp-json\/wp\/v2\/properties_post\/61673","targetHints":{"allow":["GET"]}}],"collection":[{"href":"https:\/\/forcadell.com\/ca\/wp-json\/wp\/v2\/properties_post"}],"about":[{"href":"https:\/\/forcadell.com\/ca\/wp-json\/wp\/v2\/types\/properties_post"}],"wp:attachment":[{"href":"https:\/\/forcadell.com\/ca\/wp-json\/wp\/v2\/media?parent=61673"}],"curies":[{"name":"wp","href":"https:\/\/api.w.org\/{rel}","templated":true}]}}