{"id":61588,"date":"2026-01-28T00:41:54","date_gmt":"2026-01-27T22:41:54","guid":{"rendered":"https:\/\/forcadell.com\/propiedades\/edificio-austral-6\/"},"modified":"2026-04-28T07:10:18","modified_gmt":"2026-04-28T05:10:18","slug":"edificio-austral-6","status":"publish","type":"properties_post","link":"https:\/\/forcadell.com\/ca\/propiedades\/edificio-austral-6\/","title":{"rendered":"EDIFICIO AUSTRAL"},"content":{"rendered":"<p>Edificio de oficinas premium en 22@ \u2013 Certificaci\u00f3n LEED Platinum<\/p>\n<p>Exclusivo edificio de oficinas estrat\u00e9gicamente ubicado en el coraz\u00f3n del din\u00e1mico distrito financiero y tecnol\u00f3gico Barcelona 22@, una de las zonas con mayor proyecci\u00f3n empresarial de la ciudad.<\/p>\n<p>El inmueble cuenta con una superficie total de 7.278,19 m\u00b2, distribuidos en seis plantas sobre rasante y un s\u00f3tano destinado a parking. Totalmente rehabilitado, combina dise\u00f1o innovador, eficiencia energ\u00e9tica y espacios pensados para el bienestar de sus ocupantes.<\/p>\n<p>Destaca su amplia terraza comunitaria en el rooftop, un espacio \u00fanico para el descanso y la socializaci\u00f3n, con vistas abiertas y gran valor a\u00f1adido para empresas que buscan diferenciarse.<\/p>\n<p>Caracter\u00edsticas principales:<\/p>\n<p>Edificio totalmente rehabilitado<br \/>\nFachada acristalada<br \/>\nSuperficies di\u00e1fanas y muy luminosas<br \/>\nSuelo t\u00e9cnico<br \/>\nAbundante luz natural<br \/>\nVentanas practicables con balc\u00f3n<br \/>\nClimatizaci\u00f3n VRV<br \/>\nTecho t\u00e9rmico continuo con luminarias empotradas<br \/>\nVestuarios y duchas<br \/>\nAscensores amplios<br \/>\nAmplia terraza de uso com\u00fan en el rooftop<br \/>\nParking en el edificio<br \/>\nCertificaci\u00f3n LEED Platinum<\/p>\n<p>Excelentes comunicaciones:<br \/>\nZona perfectamente conectada mediante numerosas l\u00edneas de autob\u00fas, tranv\u00eda y metro, facilitando el acceso tanto para empleados como para visitantes.<\/p>\n<p>Una oportunidad \u00fanica para empresas que buscan una sede moderna, sostenible y representativa en una de las \u00e1reas m\u00e1s innovadoras de Barcelona.<\/p>\n","protected":false},"template":"","class_list":["post-61588","properties_post","type-properties_post","status-publish","hentry","properties_modality-rent","properties_district-sant-marti","properties_province-barcelona","properties_zone-116","properties_state-barcelona","properties_subclass-oficina","properties_type-oficina"],"acf":{"post_type_properties_post_property_code":"221203","post_type_properties_post_property_reference":"IE-188990","post_type_properties_post_owner_id":"49479","post_type_properties_post_owner_name":"SAVILLS RE SPAIN S.A.U","post_type_properties_post_property_code_encrypted":"MjkkNTc3MA==","post_type_properties_post_published":"1","post_type_properties_post_property_visibility":"idealista","post_type_properties_post_contact_name":"Forcadell Oficinas Barcelona","post_type_properties_post_contact_email":"forcadell.oficinas.barcelona@movin.cloud","post_type_properties_post_contact_primary_phone_prefix":"34","post_type_properties_post_contact_primary_phone_number":"934965413","post_type_properties_post_address_visibility":"street","post_type_properties_post_address_country":"Spain","post_type_properties_post_address_coordinates_precision":"exact","post_type_properties_post_address_postal_code":"08005","post_type_properties_post_address_coordinates_latitude":"41.3944183","post_type_properties_post_address_coordinates_longitude":"2.189688","post_type_properties_post_address_street_name":"CL Joan d' Austria 39-47","post_type_properties_post_address_floor":"1","post_type_properties_post_address_town":"Barcelona","post_type_properties_post_building":null,"post_type_properties_post_property":[{"properties_post_description_language":"catalan","properties_post_title":"EDIFICI AUSTRAL","properties_post_short_description_text_alt":"","properties_post_description_text_alt":"","properties_post_short_description_text":"","properties_post_link_demanda_inmueble":"https:\/\/movin.cloud\/ca\/Forcadell Oficinas Barcelona\/formulari-peticio-immoble\/sth\/2438&&221203","properties_post_link_demanda_calendario_inmueble":"https:\/\/movin.cloud\/ca\/Forcadell Oficinas Barcelona\/calendari-peticio-immoble\/sth\/2438&&221203","properties_post_description_text":"Edifici d'oficines premium a 22@ \u2013 Certificaci\u00f3 LEED Platinum\n\nExclusiu edifici d'oficines estrat\u00e8gicament ubicat al cor del din\u00e0mic districte financer i tecnol\u00f2gic Barcelona 22@, una de les zones amb m\u00e9s projecci\u00f3 empresarial de la ciutat.\n\nL\u00b4immoble compta amb una superf\u00edcie total de 7.278,19 m\u00b2, distribu\u00efts en sis plantes sobre rasant i un soterrani destinat a p\u00e0rquing. Totalment rehabilitat, combina disseny innovador, efici\u00e8ncia energ\u00e8tica i espais pensats per al benestar dels ocupants.\n\nDestaca la seva \u00e0mplia terrassa comunit\u00e0ria al rooftop, un espai \u00fanic per al descans i la socialitzaci\u00f3, amb vistes obertes i gran valor afegit per a empreses que busquen diferenciar-se.\n\nCaracter\u00edstiques principals:\n\nEdifici totalment rehabilitat\nFa\u00e7ana de vidre\nSuperf\u00edcies di\u00e0fanes i molt lluminoses\nS\u00f2l t\u00e8cnic\nAbundant llum natural\nFinestres practicables amb balc\u00f3\nClimatitzaci\u00f3 VRV\nSostre t\u00e8rmic continu amb llumin\u00e0ries encastades\nVestuaris i dutxes\nAscensors amplis\n\u00c0mplia terrassa d'\u00fas com\u00fa al rooftop\nP\u00e0rquing a l'edifici\nCertificaci\u00f3 LEED Platinum\n\nExcel\u00b7lents comunicacions:\nZona perfectament connectada mitjan\u00e7ant nombroses l\u00ednies d'autob\u00fas, tramvia i metro, facilitant l'acc\u00e9s tant a empleats com a visitants.\n\nUna oportunitat \u00fanica per a empreses que busquen una seu moderna, sostenible i representativa a una de les \u00e0rees m\u00e9s innovadores de Barcelona.","properties_post_seo_title":"","properties_post_seo_alias":"","properties_post_seo_metadescription":"","properties_post_seo_key_words":"","properties_post_seo_url":"","properties_post_terms_conditions":""},{"properties_post_description_language":"spanish","properties_post_title":"EDIFICIO AUSTRAL","properties_post_short_description_text_alt":"","properties_post_description_text_alt":"","properties_post_short_description_text":"","properties_post_link_demanda_inmueble":"https:\/\/movin.cloud\/es\/Forcadell Oficinas Barcelona\/formulario-peticion-inmueble\/sth\/2438&&221203","properties_post_link_demanda_calendario_inmueble":"https:\/\/movin.cloud\/es\/Forcadell Oficinas Barcelona\/calendario-peticion-inmueble\/sth\/2438&&221203","properties_post_description_text":"Edificio de oficinas premium en 22@ \u2013 Certificaci\u00f3n LEED Platinum\n\nExclusivo edificio de oficinas estrat\u00e9gicamente ubicado en el coraz\u00f3n del din\u00e1mico distrito financiero y tecnol\u00f3gico Barcelona 22@, una de las zonas con mayor proyecci\u00f3n empresarial de la ciudad.\n\nEl inmueble cuenta con una superficie total de 7.278,19 m\u00b2, distribuidos en seis plantas sobre rasante y un s\u00f3tano destinado a parking. Totalmente rehabilitado, combina dise\u00f1o innovador, eficiencia energ\u00e9tica y espacios pensados para el bienestar de sus ocupantes.\n\nDestaca su amplia terraza comunitaria en el rooftop, un espacio \u00fanico para el descanso y la socializaci\u00f3n, con vistas abiertas y gran valor a\u00f1adido para empresas que buscan diferenciarse.\n\nCaracter\u00edsticas principales:\n\nEdificio totalmente rehabilitado\nFachada acristalada\nSuperficies di\u00e1fanas y muy luminosas\nSuelo t\u00e9cnico\nAbundante luz natural\nVentanas practicables con balc\u00f3n\nClimatizaci\u00f3n VRV\nTecho t\u00e9rmico continuo con luminarias empotradas\nVestuarios y duchas\nAscensores amplios\nAmplia terraza de uso com\u00fan en el rooftop\nParking en el edificio\nCertificaci\u00f3n LEED Platinum\n\nExcelentes comunicaciones:\nZona perfectamente conectada mediante numerosas l\u00edneas de autob\u00fas, tranv\u00eda y metro, facilitando el acceso tanto para empleados como para visitantes.\n\nUna oportunidad \u00fanica para empresas que buscan una sede moderna, sostenible y representativa en una de las \u00e1reas m\u00e1s innovadoras de Barcelona.","properties_post_seo_title":"","properties_post_seo_alias":"","properties_post_seo_metadescription":"","properties_post_seo_key_words":"","properties_post_seo_url":"","properties_post_terms_conditions":""}],"post_type_properties_post_features_type":"office","post_type_properties_post_id_building":"MjkkMjc1MjA=","post_type_properties_post_features_area_constructed":1218,"post_type_properties_post_features_conditioned_air":true,"post_type_properties_post_features_doorman":false,"post_type_properties_post_features_heating":true,"post_type_properties_post_features_equipped_kitchen":false,"post_type_properties_post_features_windows_location":"exterior","post_type_properties_post_features_floors_property":false,"post_type_properties_post_features_storage":false,"post_type_properties_post_features_security_door":false,"post_type_properties_post_features_energy_certificate_rating":"A","post_type_properties_post_features_energy_certificate_emissions_rating":"C","post_type_properties_post_features_energy_certificate_emissions_value":10,"post_type_properties_post_features_energy_certificate_performance":60,"post_type_properties_post_features_bathroom_inside":true,"post_type_properties_post_precio":18274.35,"post_type_properties_post_precio_alquiler":18274.35,"post_type_properties_post_record_type_id":"Oficina","post_type_properties_post_categoria__producto":"Oficina","post_type_properties_post_amueblado":false,"post_type_properties_post_precio_m2":15,"post_type_properties_post_zona__comunitaria":false,"post_type_properties_post_electrodomesticos":false,"post_type_properties_post_patio__interior":false,"post_type_properties_post_certificado_energetico_general":"A","post_type_properties_post_certificado_energetico_consumo":"C","post_type_properties_post_certificado_energetico_valor_emisiones":10,"post_type_properties_post_certificado_energetico_valor_consumo":60,"post_type_properties_post_modalidad":"rent","post_type_properties_post_provincia":"Barcelona","post_type_properties_post_poblacion":"Barcelona","post_type_properties_post_centro__urbano":false,"post_type_properties_post_zonificacion":"22 @","post_type_properties_post_cartera":"","post_type_properties_post_titulo_catalan":"EDIFICI AUSTRAL","post_type_properties_post_internet_catalan":"Edifici d'oficines premium a 22@ \u2013 Certificaci\u00f3 LEED Platinum\n\nExclusiu edifici d'oficines estrat\u00e8gicament ubicat al cor del din\u00e0mic districte financer i tecnol\u00f2gic Barcelona 22@, una de les zones amb m\u00e9s projecci\u00f3 empresarial de la ciutat.\n\nL\u00b4immoble compta amb una superf\u00edcie total de 7.278,19 m\u00b2, distribu\u00efts en sis plantes sobre rasant i un soterrani destinat a p\u00e0rquing. Totalment rehabilitat, combina disseny innovador, efici\u00e8ncia energ\u00e8tica i espais pensats per al benestar dels ocupants.\n\nDestaca la seva \u00e0mplia terrassa comunit\u00e0ria al rooftop, un espai \u00fanic per al descans i la socialitzaci\u00f3, amb vistes obertes i gran valor afegit per a empreses que busquen diferenciar-se.\n\nCaracter\u00edstiques principals:\n\nEdifici totalment rehabilitat\nFa\u00e7ana de vidre\nSuperf\u00edcies di\u00e0fanes i molt lluminoses\nS\u00f2l t\u00e8cnic\nAbundant llum natural\nFinestres practicables amb balc\u00f3\nClimatitzaci\u00f3 VRV\nSostre t\u00e8rmic continu amb llumin\u00e0ries encastades\nVestuaris i dutxes\nAscensors amplis\n\u00c0mplia terrassa d'\u00fas com\u00fa al rooftop\nP\u00e0rquing a l'edifici\nCertificaci\u00f3 LEED Platinum\n\nExcel\u00b7lents comunicacions:\nZona perfectament connectada mitjan\u00e7ant nombroses l\u00ednies d'autob\u00fas, tramvia i metro, facilitant l'acc\u00e9s tant a empleats com a visitants.\n\nUna oportunitat \u00fanica per a empreses que busquen una seu moderna, sostenible i representativa a una de les \u00e0rees m\u00e9s innovadores de Barcelona.","post_type_properties_post_titulo_castellano":"EDIFICIO AUSTRAL","post_type_properties_post_internet_castellano":"Edificio de oficinas premium en 22@ \u2013 Certificaci\u00f3n LEED Platinum\n\nExclusivo edificio de oficinas estrat\u00e9gicamente ubicado en el coraz\u00f3n del din\u00e1mico distrito financiero y tecnol\u00f3gico Barcelona 22@, una de las zonas con mayor proyecci\u00f3n empresarial de la ciudad.\n\nEl inmueble cuenta con una superficie total de 7.278,19 m\u00b2, distribuidos en seis plantas sobre rasante y un s\u00f3tano destinado a parking. Totalmente rehabilitado, combina dise\u00f1o innovador, eficiencia energ\u00e9tica y espacios pensados para el bienestar de sus ocupantes.\n\nDestaca su amplia terraza comunitaria en el rooftop, un espacio \u00fanico para el descanso y la socializaci\u00f3n, con vistas abiertas y gran valor a\u00f1adido para empresas que buscan diferenciarse.\n\nCaracter\u00edsticas principales:\n\nEdificio totalmente rehabilitado\nFachada acristalada\nSuperficies di\u00e1fanas y muy luminosas\nSuelo t\u00e9cnico\nAbundante luz natural\nVentanas practicables con balc\u00f3n\nClimatizaci\u00f3n VRV\nTecho t\u00e9rmico continuo con luminarias empotradas\nVestuarios y duchas\nAscensores amplios\nAmplia terraza de uso com\u00fan en el rooftop\nParking en el edificio\nCertificaci\u00f3n LEED Platinum\n\nExcelentes comunicaciones:\nZona perfectamente conectada mediante numerosas l\u00edneas de autob\u00fas, tranv\u00eda y metro, facilitando el acceso tanto para empleados como para visitantes.\n\nUna oportunidad \u00fanica para empresas que buscan una sede moderna, sostenible y representativa en una de las \u00e1reas m\u00e1s innovadoras de Barcelona.","post_type_properties_post_titulo_ingles":"","post_type_properties_post_internet_ingles":"","post_type_properties_post_features_classification_commercial":false,"post_type_properties_post_features_conservation":"","post_type_properties_post_features_security_personnel":false,"post_type_properties_post_features_parking_available":false,"post_type_properties_post_features_garage_capacity_type":"","post_type_properties_post_features_bathroom_number":"","post_type_properties_post_eje":"","post_type_properties_post_zona":"","post_type_properties_post_comarca":"","post_type_properties_post_features_built_year":"","post_type_properties_post_renta_mensual":18274.35,"post_type_properties_post_fianza":"","post_type_properties_post_features_area_plot":"","post_type_properties_post_features_area_buildable":"","post_type_properties_post_features_classification_industrial":false,"post_type_properties_post_distrito":"","post_type_properties_post_features_balcony":false,"post_type_properties_post_features_bedroom_number":"","post_type_properties_post_features_heating_type":"","post_type_properties_post_features_equipped_with_furniture":false,"post_type_properties_post_features_pets_allowed":false,"post_type_properties_post_features_pool":false,"post_type_properties_post_features_terrace":false,"post_type_properties_post_features_wardrobes":false,"post_type_properties_post_features_lift_available":false,"post_type_properties_post_features_handicap_adapted_access":false,"post_type_properties_post_features_orientation_east":false,"post_type_properties_post_features_orientation_west":false,"post_type_properties_post_features_orientation_north":false,"post_type_properties_post_features_orientation_south":false,"post_type_properties_post_features_parking_spaces_number":"","post_type_properties_post_features_security_alarm":false,"post_type_properties_post_features_security_system":false,"post_type_properties_post_open_plan":false,"post_type_properties_post_acceso_24_7":false,"post_type_properties_post_oficina_privada":false,"post_type_properties_post_sala_reuniones":false,"post_type_properties_post_espacio_eventos":false,"post_type_properties_post_office":false,"post_type_properties_post_restaurant":false,"post_type_properties_post_acepta_traspaso":false,"post_type_properties_post_vigilancia":false,"post_type_properties_post_features_suite":false,"post_type_properties_post_features_vitro":false,"post_type_properties_post_features_oven":false,"post_type_properties_post_features_microwave":false,"post_type_properties_post_features_washing_machine":false,"post_type_properties_post_features_dryer":false,"post_type_properties_post_features_dishwasher":false,"post_type_properties_post_features_fridge":false,"post_type_properties_post_features_fridge_mini":false,"post_type_properties_post_features_kettle":false,"post_type_properties_post_features_toaster":false,"post_type_properties_post_features_coffee_maker":false,"post_type_properties_post_features_iron":false,"post_type_properties_post_features_ironing_board":false,"post_type_properties_post_features_safe":false,"post_type_properties_post_features_internet":false,"post_type_properties_post_features_solarium":false,"post_type_properties_post_features_clean_service":false,"post_type_properties_post_features_t_v":false,"post_type_properties_post_features_satellite_t_v":false,"post_type_properties_post_features_gas_kitchen":false,"post_type_properties_post_features_view_mountain":false,"post_type_properties_post_features_view_sea":false,"post_type_properties_post_features_concierge":false,"post_type_properties_post_features_loading_dock":false,"post_type_properties_post_features_bridge_crane":false,"post_type_properties_post_features_located_at_corner":false,"post_type_properties_post_features_smoke_extraction":false,"post_type_properties_post_features_rooms":"","post_type_properties_post_features_garden_area":"","post_type_properties_post_features_utilities_water":false,"post_type_properties_post_features_utilities_electricity":false,"post_type_properties_post_features_utilities_natural_gas":false,"post_type_properties_post_features_building_adapted":false,"post_type_properties_post_features_garden":false,"post_type_properties_post_features_classification_hotel":false,"post_type_properties_post_features_classification_chalet":false,"post_type_properties_post_certificado_energetico_emisiones":"A","post_type_properties_post_barrio":"","post_type_properties_post_distrito_empresa":"Sant Mart\u00ed","post_type_properties_post_features_property_category_intern":"","post_type_properties_post_implantada":false,"post_type_properties_post_sello_leed":"2","post_type_properties_post_sello_well":"","post_type_properties_post_sello_breeam":false,"post_type_properties_post_images":[{"properties_post_image_order":1,"properties_post_image_url":"https:\/\/movin.cloud\/empresas\/2438\/imagenes\/221203\/alquiler.webp","properties_post_image_url_thumbnail":"https:\/\/movin.cloud\/empresas\/2438\/imagenes\/thumbnails\/221203\/alquiler.webp","properties_post_title":"alquiler","properties_post_alt":"alquiler"},{"properties_post_image_order":2,"properties_post_image_url":"https:\/\/movin.cloud\/empresas\/2438\/imagenes\/221203\/alquiler-idealistas.webp","properties_post_image_url_thumbnail":"https:\/\/movin.cloud\/empresas\/2438\/imagenes\/thumbnails\/221203\/alquiler-idealistas.webp","properties_post_title":"alquiler idealistas","properties_post_alt":"alquiler idealistas"},{"properties_post_image_order":3,"properties_post_image_url":"https:\/\/movin.cloud\/empresas\/2438\/imagenes\/221203\/habitalia.webp","properties_post_image_url_thumbnail":"https:\/\/movin.cloud\/empresas\/2438\/imagenes\/thumbnails\/221203\/habitalia.webp","properties_post_title":"habitalia","properties_post_alt":"habitalia"},{"properties_post_image_order":4,"properties_post_image_url":"https:\/\/movin.cloud\/empresas\/2438\/imagenes\/221203\/alquilar.webp","properties_post_image_url_thumbnail":"https:\/\/movin.cloud\/empresas\/2438\/imagenes\/thumbnails\/221203\/alquilar.webp","properties_post_title":"alquilar","properties_post_alt":"alquilar"},{"properties_post_image_order":5,"properties_post_image_url":"https:\/\/movin.cloud\/empresas\/2438\/imagenes\/221203\/alquiler-para-idealista.webp","properties_post_image_url_thumbnail":"https:\/\/movin.cloud\/empresas\/2438\/imagenes\/thumbnails\/221203\/alquiler-para-idealista.webp","properties_post_title":"alquiler para idealista","properties_post_alt":"alquiler para idealista"},{"properties_post_image_order":6,"properties_post_image_url":"https:\/\/movin.cloud\/empresas\/2438\/imagenes\/221203\/viviendas.webp","properties_post_image_url_thumbnail":"https:\/\/movin.cloud\/empresas\/2438\/imagenes\/thumbnails\/221203\/viviendas.webp","properties_post_title":"viviendas","properties_post_alt":"viviendas"},{"properties_post_image_order":7,"properties_post_image_url":"https:\/\/movin.cloud\/empresas\/2438\/imagenes\/221203\/alquiler-para-idealistas.webp","properties_post_image_url_thumbnail":"https:\/\/movin.cloud\/empresas\/2438\/imagenes\/thumbnails\/221203\/alquiler-para-idealistas.webp","properties_post_title":"alquiler para idealistas","properties_post_alt":"alquiler para idealistas"},{"properties_post_image_order":8,"properties_post_image_url":"https:\/\/movin.cloud\/empresas\/2438\/imagenes\/221203\/rent.webp","properties_post_image_url_thumbnail":"https:\/\/movin.cloud\/empresas\/2438\/imagenes\/thumbnails\/221203\/rent.webp","properties_post_title":"rent","properties_post_alt":"rent"},{"properties_post_image_order":9,"properties_post_image_url":"https:\/\/movin.cloud\/empresas\/2438\/imagenes\/221203\/fincas.webp","properties_post_image_url_thumbnail":"https:\/\/movin.cloud\/empresas\/2438\/imagenes\/thumbnails\/221203\/fincas.webp","properties_post_title":"fincas","properties_post_alt":"fincas"},{"properties_post_image_order":10,"properties_post_image_url":"https:\/\/movin.cloud\/empresas\/2438\/imagenes\/221203\/inmobiliarias.webp","properties_post_image_url_thumbnail":"https:\/\/movin.cloud\/empresas\/2438\/imagenes\/thumbnails\/221203\/inmobiliarias.webp","properties_post_title":"inmobiliarias","properties_post_alt":"inmobiliarias"},{"properties_post_image_order":11,"properties_post_image_url":"https:\/\/movin.cloud\/empresas\/2438\/imagenes\/221203\/inmobiliaria.webp","properties_post_image_url_thumbnail":"https:\/\/movin.cloud\/empresas\/2438\/imagenes\/thumbnails\/221203\/inmobiliaria.webp","properties_post_title":"inmobiliaria","properties_post_alt":"inmobiliaria"},{"properties_post_image_order":12,"properties_post_image_url":"https:\/\/movin.cloud\/empresas\/2438\/imagenes\/221203\/en-alquiler-barcelona.webp","properties_post_image_url_thumbnail":"https:\/\/movin.cloud\/empresas\/2438\/imagenes\/thumbnails\/221203\/en-alquiler-barcelona.webp","properties_post_title":"en alquiler barcelona","properties_post_alt":"en alquiler barcelona"},{"properties_post_image_order":13,"properties_post_image_url":"https:\/\/movin.cloud\/empresas\/2438\/imagenes\/221203\/alquiler-idealistas-barcelona.webp","properties_post_image_url_thumbnail":"https:\/\/movin.cloud\/empresas\/2438\/imagenes\/thumbnails\/221203\/alquiler-idealistas-barcelona.webp","properties_post_title":"alquiler idealistas barcelona","properties_post_alt":"alquiler idealistas barcelona"},{"properties_post_image_order":14,"properties_post_image_url":"https:\/\/movin.cloud\/empresas\/2438\/imagenes\/221203\/alquilar-barcelona.webp","properties_post_image_url_thumbnail":"https:\/\/movin.cloud\/empresas\/2438\/imagenes\/thumbnails\/221203\/alquilar-barcelona.webp","properties_post_title":"alquilar barcelona","properties_post_alt":"alquilar barcelona"},{"properties_post_image_order":15,"properties_post_image_url":"https:\/\/movin.cloud\/empresas\/2438\/imagenes\/221203\/alquiler-para-idealista-barcelona.webp","properties_post_image_url_thumbnail":"https:\/\/movin.cloud\/empresas\/2438\/imagenes\/thumbnails\/221203\/alquiler-para-idealista-barcelona.webp","properties_post_title":"alquiler para idealista barcelona","properties_post_alt":"alquiler para idealista barcelona"},{"properties_post_image_order":16,"properties_post_image_url":"https:\/\/movin.cloud\/empresas\/2438\/imagenes\/221203\/viviendas-barcelona.webp","properties_post_image_url_thumbnail":"https:\/\/movin.cloud\/empresas\/2438\/imagenes\/thumbnails\/221203\/viviendas-barcelona.webp","properties_post_title":"viviendas barcelona","properties_post_alt":"viviendas barcelona"},{"properties_post_image_order":17,"properties_post_image_url":"https:\/\/movin.cloud\/empresas\/2438\/imagenes\/221203\/alquiler-para-idealistas-barcelona.webp","properties_post_image_url_thumbnail":"https:\/\/movin.cloud\/empresas\/2438\/imagenes\/thumbnails\/221203\/alquiler-para-idealistas-barcelona.webp","properties_post_title":"alquiler para idealistas barcelona","properties_post_alt":"alquiler para idealistas barcelona"},{"properties_post_image_order":19,"properties_post_image_url":"https:\/\/movin.cloud\/empresas\/2438\/imagenes\/221203\/habitalia-barcelona.webp","properties_post_image_url_thumbnail":"https:\/\/movin.cloud\/empresas\/2438\/imagenes\/thumbnails\/221203\/habitalia-barcelona.webp","properties_post_title":"habitalia barcelona","properties_post_alt":"habitalia barcelona"},{"properties_post_image_order":20,"properties_post_image_url":"https:\/\/movin.cloud\/empresas\/2438\/imagenes\/221203\/rent-barcelona.webp","properties_post_image_url_thumbnail":"https:\/\/movin.cloud\/empresas\/2438\/imagenes\/thumbnails\/221203\/rent-barcelona.webp","properties_post_title":"rent barcelona","properties_post_alt":"rent barcelona"}],"post_type_properties_post_videos":null,"post_type_properties_post_tour":null,"post_type_properties_post_dossier_url":"","post_type_properties_post_operation_type":"rent","post_type_properties_post_operation_price":18274,"post_type_properties_post_features_hidden_price":false},"yoast_head":"<!-- This site is optimized with the Yoast SEO plugin v27.4 - https:\/\/yoast.com\/product\/yoast-seo-wordpress\/ -->\n<title>EDIFICIO AUSTRAL - Forcadell<\/title>\n<meta name=\"robots\" content=\"index, follow, max-snippet:-1, max-image-preview:large, max-video-preview:-1\" \/>\n<link rel=\"canonical\" href=\"https:\/\/forcadell.com\/ca\/propiedades\/edificio-austral-6\/\" \/>\n<meta property=\"og:locale\" content=\"ca_ES\" \/>\n<meta property=\"og:type\" content=\"article\" \/>\n<meta property=\"og:title\" content=\"EDIFICIO AUSTRAL - Forcadell\" \/>\n<meta property=\"og:description\" content=\"Edificio de oficinas premium en 22@ \u2013 Certificaci\u00f3n LEED Platinum Exclusivo edificio de oficinas estrat\u00e9gicamente ubicado en el coraz\u00f3n del din\u00e1mico distrito financiero y tecnol\u00f3gico Barcelona 22@, una de las zonas con mayor proyecci\u00f3n empresarial de la ciudad. El inmueble cuenta con una superficie total de 7.278,19 m\u00b2, distribuidos en seis plantas sobre rasante y [&hellip;]\" \/>\n<meta property=\"og:url\" content=\"https:\/\/forcadell.com\/ca\/propiedades\/edificio-austral-6\/\" \/>\n<meta property=\"og:site_name\" content=\"Forcadell\" \/>\n<meta property=\"article:modified_time\" content=\"2026-04-28T05:10:18+00:00\" \/>\n<meta name=\"twitter:card\" content=\"summary_large_image\" \/>\n<meta name=\"twitter:label1\" content=\"Temps estimat de lectura\" \/>\n\t<meta name=\"twitter:data1\" content=\"1 minut\" \/>\n<!-- \/ Yoast SEO plugin. -->","yoast_head_json":{"title":"EDIFICIO AUSTRAL - Forcadell","robots":{"index":"index","follow":"follow","max-snippet":"max-snippet:-1","max-image-preview":"max-image-preview:large","max-video-preview":"max-video-preview:-1"},"canonical":"https:\/\/forcadell.com\/ca\/propiedades\/edificio-austral-6\/","og_locale":"ca_ES","og_type":"article","og_title":"EDIFICIO AUSTRAL - Forcadell","og_description":"Edificio de oficinas premium en 22@ \u2013 Certificaci\u00f3n LEED Platinum Exclusivo edificio de oficinas estrat\u00e9gicamente ubicado en el coraz\u00f3n del din\u00e1mico distrito financiero y tecnol\u00f3gico Barcelona 22@, una de las zonas con mayor proyecci\u00f3n empresarial de la ciudad. El inmueble cuenta con una superficie total de 7.278,19 m\u00b2, distribuidos en seis plantas sobre rasante y [&hellip;]","og_url":"https:\/\/forcadell.com\/ca\/propiedades\/edificio-austral-6\/","og_site_name":"Forcadell","article_modified_time":"2026-04-28T05:10:18+00:00","twitter_card":"summary_large_image","twitter_misc":{"Temps estimat de lectura":"1 minut"},"schema":{"@context":"https:\/\/schema.org","@graph":[{"@type":"WebPage","@id":"https:\/\/forcadell.com\/ca\/propiedades\/edificio-austral-6\/","url":"https:\/\/forcadell.com\/ca\/propiedades\/edificio-austral-6\/","name":"EDIFICIO AUSTRAL - Forcadell","isPartOf":{"@id":"https:\/\/forcadell.com\/ca\/#website"},"datePublished":"2026-01-27T22:41:54+00:00","dateModified":"2026-04-28T05:10:18+00:00","breadcrumb":{"@id":"https:\/\/forcadell.com\/ca\/propiedades\/edificio-austral-6\/#breadcrumb"},"inLanguage":"ca","potentialAction":[{"@type":"ReadAction","target":["https:\/\/forcadell.com\/ca\/propiedades\/edificio-austral-6\/"]}]},{"@type":"BreadcrumbList","@id":"https:\/\/forcadell.com\/ca\/propiedades\/edificio-austral-6\/#breadcrumb","itemListElement":[{"@type":"ListItem","position":1,"name":"Portada","item":"https:\/\/forcadell.com\/ca\/"},{"@type":"ListItem","position":2,"name":"Properties","item":"https:\/\/forcadell.com\/ca\/propiedades\/"},{"@type":"ListItem","position":3,"name":"EDIFICIO AUSTRAL"}]},{"@type":"WebSite","@id":"https:\/\/forcadell.com\/ca\/#website","url":"https:\/\/forcadell.com\/ca\/","name":"Forcadell","description":"Inmobiliaria Barcelona | Consultores inmobiliarios","potentialAction":[{"@type":"SearchAction","target":{"@type":"EntryPoint","urlTemplate":"https:\/\/forcadell.com\/ca\/?s={search_term_string}"},"query-input":{"@type":"PropertyValueSpecification","valueRequired":true,"valueName":"search_term_string"}}],"inLanguage":"ca"}]}},"_links":{"self":[{"href":"https:\/\/forcadell.com\/ca\/wp-json\/wp\/v2\/properties_post\/61588","targetHints":{"allow":["GET"]}}],"collection":[{"href":"https:\/\/forcadell.com\/ca\/wp-json\/wp\/v2\/properties_post"}],"about":[{"href":"https:\/\/forcadell.com\/ca\/wp-json\/wp\/v2\/types\/properties_post"}],"wp:attachment":[{"href":"https:\/\/forcadell.com\/ca\/wp-json\/wp\/v2\/media?parent=61588"}],"curies":[{"name":"wp","href":"https:\/\/api.w.org\/{rel}","templated":true}]}}