{"id":61472,"date":"2026-01-25T17:58:34","date_gmt":"2026-01-25T15:58:34","guid":{"rendered":"https:\/\/forcadell.com\/propiedades\/alquiler-oficina-en-madrid-avenida-de-america\/"},"modified":"2026-04-28T15:00:48","modified_gmt":"2026-04-28T13:00:48","slug":"alquiler-oficina-en-madrid-avenida-de-america","status":"publish","type":"properties_post","link":"https:\/\/forcadell.com\/ca\/propiedades\/alquiler-oficina-en-madrid-avenida-de-america\/","title":{"rendered":"Alquiler Oficina en Madrid &#8211; Avenida de \u00c1merica"},"content":{"rendered":"<p>Complejo empresarial de referencia compuesto por cinco edificios exclusivos de oficinas, dise\u00f1ado para ofrecer una elevada representatividad y cumplir con los m\u00e1s altos est\u00e1ndares de eficiencia, calidad y funcionalidad.<br \/>\nUbicado estrat\u00e9gicamente en la Avenida de Am\u00e9rica, goza de excelentes comunicaciones, con acceso inmediato desde la M-40 y la A-2, y a tan solo diez minutos del Aeropuerto Adolfo Su\u00e1rez Madrid-Barajas. <\/p>\n<p>El edificio cuenta con servicio de conserjer\u00eda, recepci\u00f3n, control de accesos y seguridad 24 horas, garantizando un entorno profesional, seguro y confortable. El conjunto se complementa con servicios de alto valor a\u00f1adido como restaurante-cantina y auditorio. Las oficinas se presentan implantadas, con abundante luz natural, pavimento t\u00e9cnico, falso techo con luminarias LED empotradas y zona office, ofreciendo espacios modernos, eficientes y listos para su uso, adem\u00e1s de disponer de parking privativo para mayor comodidad de usuarios y visitantes.<\/p>\n<p>Transportes:<br \/>\nMetro: L5 &#8211; El Capricho<br \/>\nAutobuses: 114, 115<\/p>\n<p>*Las im\u00e1genes corresponden a oficina tipo*<\/p>\n","protected":false},"template":"","class_list":["post-61472","properties_post","type-properties_post","status-publish","hentry","properties_modality-rent","properties_district-barajas","properties_province-madrid","properties_zone-centro","properties_state-madrid","properties_subclass-oficina","properties_type-oficina"],"acf":{"post_type_properties_post_property_code":"223491","post_type_properties_post_property_reference":"IE-195239","post_type_properties_post_owner_id":"38107","post_type_properties_post_owner_name":"JONES LANG LASALLE ESPA\u00d1A","post_type_properties_post_property_code_encrypted":"MjkkODA1OA==","post_type_properties_post_published":"1","post_type_properties_post_property_visibility":"idealista","post_type_properties_post_contact_name":"Forcadell Oficinas Madrid","post_type_properties_post_contact_email":"forcadell.oficinas.madrid@movin.cloud","post_type_properties_post_contact_primary_phone_prefix":"34","post_type_properties_post_contact_primary_phone_number":"917886880","post_type_properties_post_address_visibility":"street","post_type_properties_post_address_country":"Spain","post_type_properties_post_address_coordinates_precision":"exact","post_type_properties_post_address_postal_code":"28042","post_type_properties_post_address_coordinates_latitude":"40.451126000002","post_type_properties_post_address_coordinates_longitude":"-3.603220999998","post_type_properties_post_address_street_name":"AV Am\u00e9rica 115","post_type_properties_post_address_floor":"1","post_type_properties_post_address_town":"Madrid","post_type_properties_post_building":null,"post_type_properties_post_property":[{"properties_post_description_language":"spanish","properties_post_title":"Alquiler Oficina en Madrid - Avenida de \u00c1merica","properties_post_short_description_text_alt":"","properties_post_description_text_alt":"","properties_post_short_description_text":"","properties_post_link_demanda_inmueble":"https:\/\/movin.cloud\/es\/Forcadell Oficinas Madrid\/formulario-peticion-inmueble\/sth\/2462&&223491","properties_post_link_demanda_calendario_inmueble":"https:\/\/movin.cloud\/es\/Forcadell Oficinas Madrid\/calendario-peticion-inmueble\/sth\/2462&&223491","properties_post_description_text":"Complejo empresarial de referencia compuesto por cinco edificios exclusivos de oficinas, dise\u00f1ado para ofrecer una elevada representatividad y cumplir con los m\u00e1s altos est\u00e1ndares de eficiencia, calidad y funcionalidad. \nUbicado estrat\u00e9gicamente en la Avenida de Am\u00e9rica, goza de excelentes comunicaciones, con acceso inmediato desde la M-40 y la A-2, y a tan solo diez minutos del Aeropuerto Adolfo Su\u00e1rez Madrid-Barajas. \n\nEl edificio cuenta con servicio de conserjer\u00eda, recepci\u00f3n, control de accesos y seguridad 24 horas, garantizando un entorno profesional, seguro y confortable. El conjunto se complementa con servicios de alto valor a\u00f1adido como restaurante-cantina y auditorio. Las oficinas se presentan implantadas, con abundante luz natural, pavimento t\u00e9cnico, falso techo con luminarias LED empotradas y zona office, ofreciendo espacios modernos, eficientes y listos para su uso, adem\u00e1s de disponer de parking privativo para mayor comodidad de usuarios y visitantes.\n\nTransportes: \nMetro: L5 - El Capricho\nAutobuses: 114, 115\n\n*Las im\u00e1genes corresponden a oficina tipo*","properties_post_seo_title":"","properties_post_seo_alias":"","properties_post_seo_metadescription":"","properties_post_seo_key_words":"alquiler, oficina, Madrid, avenida de america","properties_post_seo_url":"","properties_post_terms_conditions":""},{"properties_post_description_language":"english","properties_post_title":"Office for rent in Madrid - Avda. de Am\u00e9rica","properties_post_short_description_text_alt":"","properties_post_description_text_alt":"","properties_post_short_description_text":"","properties_post_link_demanda_inmueble":"https:\/\/movin.cloud\/en\/Forcadell Oficinas Madrid\/property-form-request\/sth\/2462&&223491","properties_post_link_demanda_calendario_inmueble":"https:\/\/movin.cloud\/en\/Forcadell Oficinas Madrid\/property-calendar-request\/sth\/2462&&223491","properties_post_description_text":"A leading business complex comprised of five exclusive office buildings, designed to project a prestigious image and meet the highest standards of efficiency, quality, and functionality. \nStrategically located on Avenida de Am\u00e9rica, it enjoys excellent transport links, with immediate access from the M-40 and A-2 motorways, and is just ten minutes from Adolfo Su\u00e1rez Madrid-Barajas Airport. \n\nThe building features a concierge service, reception, access control, and 24-hour security, guaranteeing a professional, safe, and comfortable environment. The complex is complemented by high-value amenities such as a restaurant\/cafeteria and an auditorium. The offices are fully fitted out, with abundant natural light, raised access flooring, suspended ceilings with recessed LED lighting, and a kitchenette, offering modern, efficient, and ready-to-use spaces. Private parking is also available for the convenience of users and visitors.","properties_post_seo_title":"","properties_post_seo_alias":"","properties_post_seo_metadescription":"","properties_post_seo_key_words":"","properties_post_seo_url":"","properties_post_terms_conditions":""}],"post_type_properties_post_features_type":"office","post_type_properties_post_id_building":"","post_type_properties_post_features_area_constructed":1311,"post_type_properties_post_features_conditioned_air":true,"post_type_properties_post_features_doorman":false,"post_type_properties_post_features_heating":true,"post_type_properties_post_features_equipped_kitchen":false,"post_type_properties_post_features_windows_location":"exterior","post_type_properties_post_features_floors_property":false,"post_type_properties_post_features_storage":false,"post_type_properties_post_features_security_door":false,"post_type_properties_post_features_energy_certificate_rating":"unknown","post_type_properties_post_features_energy_certificate_emissions_rating":"","post_type_properties_post_features_energy_certificate_emissions_value":"","post_type_properties_post_features_energy_certificate_performance":"","post_type_properties_post_features_bathroom_inside":true,"post_type_properties_post_precio":17043,"post_type_properties_post_precio_alquiler":17043,"post_type_properties_post_record_type_id":"Oficina","post_type_properties_post_categoria__producto":"Oficina","post_type_properties_post_amueblado":false,"post_type_properties_post_precio_m2":13,"post_type_properties_post_zona__comunitaria":false,"post_type_properties_post_electrodomesticos":false,"post_type_properties_post_patio__interior":false,"post_type_properties_post_certificado_energetico_general":"","post_type_properties_post_certificado_energetico_consumo":"","post_type_properties_post_certificado_energetico_valor_emisiones":"","post_type_properties_post_certificado_energetico_valor_consumo":"","post_type_properties_post_modalidad":"rent","post_type_properties_post_provincia":"Madrid","post_type_properties_post_poblacion":"Madrid","post_type_properties_post_centro__urbano":false,"post_type_properties_post_zonificacion":"Centro","post_type_properties_post_cartera":"Segunda mano","post_type_properties_post_titulo_catalan":"","post_type_properties_post_internet_catalan":"","post_type_properties_post_titulo_castellano":"Alquiler Oficina en Madrid - Avenida de \u00c1merica","post_type_properties_post_internet_castellano":"Complejo empresarial de referencia compuesto por cinco edificios exclusivos de oficinas, dise\u00f1ado para ofrecer una elevada representatividad y cumplir con los m\u00e1s altos est\u00e1ndares de eficiencia, calidad y funcionalidad. \nUbicado estrat\u00e9gicamente en la Avenida de Am\u00e9rica, goza de excelentes comunicaciones, con acceso inmediato desde la M-40 y la A-2, y a tan solo diez minutos del Aeropuerto Adolfo Su\u00e1rez Madrid-Barajas. \n\nEl edificio cuenta con servicio de conserjer\u00eda, recepci\u00f3n, control de accesos y seguridad 24 horas, garantizando un entorno profesional, seguro y confortable. El conjunto se complementa con servicios de alto valor a\u00f1adido como restaurante-cantina y auditorio. Las oficinas se presentan implantadas, con abundante luz natural, pavimento t\u00e9cnico, falso techo con luminarias LED empotradas y zona office, ofreciendo espacios modernos, eficientes y listos para su uso, adem\u00e1s de disponer de parking privativo para mayor comodidad de usuarios y visitantes.\n\nTransportes: \nMetro: L5 - El Capricho\nAutobuses: 114, 115\n\n*Las im\u00e1genes corresponden a oficina tipo*","post_type_properties_post_titulo_ingles":"Office for rent in Madrid - Avda. de Am\u00e9rica","post_type_properties_post_internet_ingles":"A leading business complex comprised of five exclusive office buildings, designed to project a prestigious image and meet the highest standards of efficiency, quality, and functionality. \nStrategically located on Avenida de Am\u00e9rica, it enjoys excellent transport links, with immediate access from the M-40 and A-2 motorways, and is just ten minutes from Adolfo Su\u00e1rez Madrid-Barajas Airport. \n\nThe building features a concierge service, reception, access control, and 24-hour security, guaranteeing a professional, safe, and comfortable environment. The complex is complemented by high-value amenities such as a restaurant\/cafeteria and an auditorium. The offices are fully fitted out, with abundant natural light, raised access flooring, suspended ceilings with recessed LED lighting, and a kitchenette, offering modern, efficient, and ready-to-use spaces. Private parking is also available for the convenience of users and visitors.","post_type_properties_post_features_classification_commercial":false,"post_type_properties_post_features_conservation":"","post_type_properties_post_features_security_personnel":false,"post_type_properties_post_features_parking_available":false,"post_type_properties_post_features_garage_capacity_type":"","post_type_properties_post_features_bathroom_number":"","post_type_properties_post_eje":"","post_type_properties_post_zona":"","post_type_properties_post_comarca":"","post_type_properties_post_features_built_year":"","post_type_properties_post_renta_mensual":17043,"post_type_properties_post_fianza":"","post_type_properties_post_features_area_plot":"","post_type_properties_post_features_area_buildable":"","post_type_properties_post_features_classification_industrial":false,"post_type_properties_post_distrito":"","post_type_properties_post_features_balcony":false,"post_type_properties_post_features_bedroom_number":"","post_type_properties_post_features_heating_type":"","post_type_properties_post_features_equipped_with_furniture":false,"post_type_properties_post_features_pets_allowed":false,"post_type_properties_post_features_pool":false,"post_type_properties_post_features_terrace":false,"post_type_properties_post_features_wardrobes":false,"post_type_properties_post_features_lift_available":false,"post_type_properties_post_features_handicap_adapted_access":false,"post_type_properties_post_features_orientation_east":false,"post_type_properties_post_features_orientation_west":false,"post_type_properties_post_features_orientation_north":false,"post_type_properties_post_features_orientation_south":false,"post_type_properties_post_features_parking_spaces_number":"","post_type_properties_post_features_security_alarm":false,"post_type_properties_post_features_security_system":false,"post_type_properties_post_open_plan":false,"post_type_properties_post_acceso_24_7":false,"post_type_properties_post_oficina_privada":false,"post_type_properties_post_sala_reuniones":false,"post_type_properties_post_espacio_eventos":false,"post_type_properties_post_office":false,"post_type_properties_post_restaurant":false,"post_type_properties_post_acepta_traspaso":false,"post_type_properties_post_vigilancia":false,"post_type_properties_post_features_suite":false,"post_type_properties_post_features_vitro":false,"post_type_properties_post_features_oven":false,"post_type_properties_post_features_microwave":false,"post_type_properties_post_features_washing_machine":false,"post_type_properties_post_features_dryer":false,"post_type_properties_post_features_dishwasher":false,"post_type_properties_post_features_fridge":false,"post_type_properties_post_features_fridge_mini":false,"post_type_properties_post_features_kettle":false,"post_type_properties_post_features_toaster":false,"post_type_properties_post_features_coffee_maker":false,"post_type_properties_post_features_iron":false,"post_type_properties_post_features_ironing_board":false,"post_type_properties_post_features_safe":false,"post_type_properties_post_features_internet":false,"post_type_properties_post_features_solarium":false,"post_type_properties_post_features_clean_service":false,"post_type_properties_post_features_t_v":false,"post_type_properties_post_features_satellite_t_v":false,"post_type_properties_post_features_gas_kitchen":false,"post_type_properties_post_features_view_mountain":false,"post_type_properties_post_features_view_sea":false,"post_type_properties_post_features_concierge":false,"post_type_properties_post_features_loading_dock":false,"post_type_properties_post_features_bridge_crane":false,"post_type_properties_post_features_located_at_corner":false,"post_type_properties_post_features_smoke_extraction":false,"post_type_properties_post_features_rooms":"","post_type_properties_post_features_garden_area":"","post_type_properties_post_features_utilities_water":false,"post_type_properties_post_features_utilities_electricity":false,"post_type_properties_post_features_utilities_natural_gas":false,"post_type_properties_post_features_building_adapted":false,"post_type_properties_post_features_garden":false,"post_type_properties_post_features_classification_hotel":false,"post_type_properties_post_features_classification_chalet":false,"post_type_properties_post_certificado_energetico_emisiones":"","post_type_properties_post_barrio":"","post_type_properties_post_distrito_empresa":"Barajas","post_type_properties_post_features_property_category_intern":"","post_type_properties_post_implantada":false,"post_type_properties_post_sello_leed":"","post_type_properties_post_sello_well":"","post_type_properties_post_sello_breeam":false,"post_type_properties_post_images":[{"properties_post_image_order":1,"properties_post_image_url":"https:\/\/movin.cloud\/empresas\/2462\/imagenes\/223491\/en-alquiler.webp","properties_post_image_url_thumbnail":"https:\/\/movin.cloud\/empresas\/2462\/imagenes\/thumbnails\/223491\/en-alquiler.webp","properties_post_title":"en alquiler","properties_post_alt":"en alquiler"},{"properties_post_image_order":2,"properties_post_image_url":"https:\/\/movin.cloud\/empresas\/2462\/imagenes\/223491\/alquiler.webp","properties_post_image_url_thumbnail":"https:\/\/movin.cloud\/empresas\/2462\/imagenes\/thumbnails\/223491\/alquiler.webp","properties_post_title":"alquiler","properties_post_alt":"alquiler"},{"properties_post_image_order":3,"properties_post_image_url":"https:\/\/movin.cloud\/empresas\/2462\/imagenes\/223491\/fincas.webp","properties_post_image_url_thumbnail":"https:\/\/movin.cloud\/empresas\/2462\/imagenes\/thumbnails\/223491\/fincas.webp","properties_post_title":"fincas","properties_post_alt":"fincas"},{"properties_post_image_order":4,"properties_post_image_url":"https:\/\/movin.cloud\/empresas\/2462\/imagenes\/223491\/viviendas.webp","properties_post_image_url_thumbnail":"https:\/\/movin.cloud\/empresas\/2462\/imagenes\/thumbnails\/223491\/viviendas.webp","properties_post_title":"viviendas","properties_post_alt":"viviendas"},{"properties_post_image_order":5,"properties_post_image_url":"https:\/\/movin.cloud\/empresas\/2462\/imagenes\/223491\/alquiler-madrid.webp","properties_post_image_url_thumbnail":"https:\/\/movin.cloud\/empresas\/2462\/imagenes\/thumbnails\/223491\/alquiler-madrid.webp","properties_post_title":"alquiler madrid","properties_post_alt":"alquiler madrid"},{"properties_post_image_order":6,"properties_post_image_url":"https:\/\/movin.cloud\/empresas\/2462\/imagenes\/223491\/alquiler-para-idealistas.webp","properties_post_image_url_thumbnail":"https:\/\/movin.cloud\/empresas\/2462\/imagenes\/thumbnails\/223491\/alquiler-para-idealistas.webp","properties_post_title":"alquiler para idealistas","properties_post_alt":"alquiler para idealistas"},{"properties_post_image_order":7,"properties_post_image_url":"https:\/\/movin.cloud\/empresas\/2462\/imagenes\/223491\/alquiler-idealistas-madrid.webp","properties_post_image_url_thumbnail":"https:\/\/movin.cloud\/empresas\/2462\/imagenes\/thumbnails\/223491\/alquiler-idealistas-madrid.webp","properties_post_title":"alquiler idealistas madrid","properties_post_alt":"alquiler idealistas madrid"},{"properties_post_image_order":8,"properties_post_image_url":"https:\/\/movin.cloud\/empresas\/2462\/imagenes\/223491\/rent.webp","properties_post_image_url_thumbnail":"https:\/\/movin.cloud\/empresas\/2462\/imagenes\/thumbnails\/223491\/rent.webp","properties_post_title":"rent","properties_post_alt":"rent"},{"properties_post_image_order":9,"properties_post_image_url":"https:\/\/movin.cloud\/empresas\/2462\/imagenes\/223491\/alquilar.webp","properties_post_image_url_thumbnail":"https:\/\/movin.cloud\/empresas\/2462\/imagenes\/thumbnails\/223491\/alquilar.webp","properties_post_title":"alquilar","properties_post_alt":"alquilar"},{"properties_post_image_order":10,"properties_post_image_url":"https:\/\/movin.cloud\/empresas\/2462\/imagenes\/223491\/alquiler-para-idealista.webp","properties_post_image_url_thumbnail":"https:\/\/movin.cloud\/empresas\/2462\/imagenes\/thumbnails\/223491\/alquiler-para-idealista.webp","properties_post_title":"alquiler para idealista","properties_post_alt":"alquiler para idealista"},{"properties_post_image_order":11,"properties_post_image_url":"https:\/\/movin.cloud\/empresas\/2462\/imagenes\/223491\/inmobiliarias.webp","properties_post_image_url_thumbnail":"https:\/\/movin.cloud\/empresas\/2462\/imagenes\/thumbnails\/223491\/inmobiliarias.webp","properties_post_title":"inmobiliarias","properties_post_alt":"inmobiliarias"},{"properties_post_image_order":12,"properties_post_image_url":"https:\/\/movin.cloud\/empresas\/2462\/imagenes\/223491\/habitalia.webp","properties_post_image_url_thumbnail":"https:\/\/movin.cloud\/empresas\/2462\/imagenes\/thumbnails\/223491\/habitalia.webp","properties_post_title":"habitalia","properties_post_alt":"habitalia"},{"properties_post_image_order":13,"properties_post_image_url":"https:\/\/movin.cloud\/empresas\/2462\/imagenes\/223491\/alquiler-idealistas.webp","properties_post_image_url_thumbnail":"https:\/\/movin.cloud\/empresas\/2462\/imagenes\/thumbnails\/223491\/alquiler-idealistas.webp","properties_post_title":"alquiler idealistas","properties_post_alt":"alquiler idealistas"},{"properties_post_image_order":14,"properties_post_image_url":"https:\/\/movin.cloud\/empresas\/2462\/imagenes\/223491\/inmobiliaria.webp","properties_post_image_url_thumbnail":"https:\/\/movin.cloud\/empresas\/2462\/imagenes\/thumbnails\/223491\/inmobiliaria.webp","properties_post_title":"inmobiliaria","properties_post_alt":"inmobiliaria"}],"post_type_properties_post_videos":null,"post_type_properties_post_tour":null,"post_type_properties_post_dossier_url":"","post_type_properties_post_operation_type":"rent","post_type_properties_post_operation_price":17043,"post_type_properties_post_features_hidden_price":false},"yoast_head":"<!-- This site is optimized with the Yoast SEO plugin v27.4 - https:\/\/yoast.com\/product\/yoast-seo-wordpress\/ -->\n<title>Alquiler Oficina en Madrid - Avenida de \u00c1merica - Forcadell<\/title>\n<meta name=\"robots\" content=\"index, follow, max-snippet:-1, max-image-preview:large, max-video-preview:-1\" \/>\n<link rel=\"canonical\" href=\"https:\/\/forcadell.com\/ca\/propiedades\/alquiler-oficina-en-madrid-avenida-de-america\/\" \/>\n<meta property=\"og:locale\" content=\"ca_ES\" \/>\n<meta property=\"og:type\" content=\"article\" \/>\n<meta property=\"og:title\" content=\"Alquiler Oficina en Madrid - Avenida de \u00c1merica - Forcadell\" \/>\n<meta property=\"og:description\" content=\"Complejo empresarial de referencia compuesto por cinco edificios exclusivos de oficinas, dise\u00f1ado para ofrecer una elevada representatividad y cumplir con los m\u00e1s altos est\u00e1ndares de eficiencia, calidad y funcionalidad. Ubicado estrat\u00e9gicamente en la Avenida de Am\u00e9rica, goza de excelentes comunicaciones, con acceso inmediato desde la M-40 y la A-2, y a tan solo diez minutos [&hellip;]\" \/>\n<meta property=\"og:url\" content=\"https:\/\/forcadell.com\/ca\/propiedades\/alquiler-oficina-en-madrid-avenida-de-america\/\" \/>\n<meta property=\"og:site_name\" content=\"Forcadell\" \/>\n<meta property=\"article:modified_time\" content=\"2026-04-28T13:00:48+00:00\" \/>\n<meta name=\"twitter:card\" content=\"summary_large_image\" \/>\n<meta name=\"twitter:label1\" content=\"Temps estimat de lectura\" \/>\n\t<meta name=\"twitter:data1\" content=\"1 minut\" \/>\n<!-- \/ Yoast SEO plugin. -->","yoast_head_json":{"title":"Alquiler Oficina en Madrid - Avenida de \u00c1merica - Forcadell","robots":{"index":"index","follow":"follow","max-snippet":"max-snippet:-1","max-image-preview":"max-image-preview:large","max-video-preview":"max-video-preview:-1"},"canonical":"https:\/\/forcadell.com\/ca\/propiedades\/alquiler-oficina-en-madrid-avenida-de-america\/","og_locale":"ca_ES","og_type":"article","og_title":"Alquiler Oficina en Madrid - Avenida de \u00c1merica - Forcadell","og_description":"Complejo empresarial de referencia compuesto por cinco edificios exclusivos de oficinas, dise\u00f1ado para ofrecer una elevada representatividad y cumplir con los m\u00e1s altos est\u00e1ndares de eficiencia, calidad y funcionalidad. Ubicado estrat\u00e9gicamente en la Avenida de Am\u00e9rica, goza de excelentes comunicaciones, con acceso inmediato desde la M-40 y la A-2, y a tan solo diez minutos [&hellip;]","og_url":"https:\/\/forcadell.com\/ca\/propiedades\/alquiler-oficina-en-madrid-avenida-de-america\/","og_site_name":"Forcadell","article_modified_time":"2026-04-28T13:00:48+00:00","twitter_card":"summary_large_image","twitter_misc":{"Temps estimat de lectura":"1 minut"},"schema":{"@context":"https:\/\/schema.org","@graph":[{"@type":"WebPage","@id":"https:\/\/forcadell.com\/ca\/propiedades\/alquiler-oficina-en-madrid-avenida-de-america\/","url":"https:\/\/forcadell.com\/ca\/propiedades\/alquiler-oficina-en-madrid-avenida-de-america\/","name":"Alquiler Oficina en Madrid - Avenida de \u00c1merica - Forcadell","isPartOf":{"@id":"https:\/\/forcadell.com\/ca\/#website"},"datePublished":"2026-01-25T15:58:34+00:00","dateModified":"2026-04-28T13:00:48+00:00","breadcrumb":{"@id":"https:\/\/forcadell.com\/ca\/propiedades\/alquiler-oficina-en-madrid-avenida-de-america\/#breadcrumb"},"inLanguage":"ca","potentialAction":[{"@type":"ReadAction","target":["https:\/\/forcadell.com\/ca\/propiedades\/alquiler-oficina-en-madrid-avenida-de-america\/"]}]},{"@type":"BreadcrumbList","@id":"https:\/\/forcadell.com\/ca\/propiedades\/alquiler-oficina-en-madrid-avenida-de-america\/#breadcrumb","itemListElement":[{"@type":"ListItem","position":1,"name":"Portada","item":"https:\/\/forcadell.com\/ca\/"},{"@type":"ListItem","position":2,"name":"Properties","item":"https:\/\/forcadell.com\/ca\/propiedades\/"},{"@type":"ListItem","position":3,"name":"Alquiler Oficina en Madrid &#8211; Avenida de \u00c1merica"}]},{"@type":"WebSite","@id":"https:\/\/forcadell.com\/ca\/#website","url":"https:\/\/forcadell.com\/ca\/","name":"Forcadell","description":"Inmobiliaria Barcelona | Consultores inmobiliarios","potentialAction":[{"@type":"SearchAction","target":{"@type":"EntryPoint","urlTemplate":"https:\/\/forcadell.com\/ca\/?s={search_term_string}"},"query-input":{"@type":"PropertyValueSpecification","valueRequired":true,"valueName":"search_term_string"}}],"inLanguage":"ca"}]}},"_links":{"self":[{"href":"https:\/\/forcadell.com\/ca\/wp-json\/wp\/v2\/properties_post\/61472","targetHints":{"allow":["GET"]}}],"collection":[{"href":"https:\/\/forcadell.com\/ca\/wp-json\/wp\/v2\/properties_post"}],"about":[{"href":"https:\/\/forcadell.com\/ca\/wp-json\/wp\/v2\/types\/properties_post"}],"wp:attachment":[{"href":"https:\/\/forcadell.com\/ca\/wp-json\/wp\/v2\/media?parent=61472"}],"curies":[{"name":"wp","href":"https:\/\/api.w.org\/{rel}","templated":true}]}}