{"id":61444,"date":"2026-01-22T13:10:02","date_gmt":"2026-01-22T11:10:02","guid":{"rendered":"https:\/\/forcadell.com\/propiedades\/av-diagonal-4\/"},"modified":"2026-04-28T07:35:36","modified_gmt":"2026-04-28T05:35:36","slug":"av-diagonal-4","status":"publish","type":"properties_post","link":"https:\/\/forcadell.com\/ca\/propiedades\/av-diagonal-4\/","title":{"rendered":"AV DIAGONAL"},"content":{"rendered":"<p>Oficina representativa en alquiler con vistas al mar \u2013 Avenida Diagonal<\/p>\n<p>Esta planta ofrece impresionantes vistas al mar y la posibilidad de disponer de una terraza privativa. Se alquila en estado plug &#038; play, con mobiliario y acabados de alta calidad, permitiendo una implantaci\u00f3n inmediata. El inmueble cuenta con entrada independiente y ascensor privado, garantizando un entorno de trabajo exclusivo, c\u00f3modo y funcional.<\/p>\n<p>La ubicaci\u00f3n es estrat\u00e9gica, con excelentes comunicaciones. La Avenida Diagonal conecta de forma r\u00e1pida y eficiente con el resto de la ciudad, tanto mediante transporte p\u00fablico como privado, consolid\u00e1ndose como una de las principales \u00e1reas empresariales de Barcelona.<\/p>\n<p>Caracter\u00edsticas:<\/p>\n<p>Oficinas di\u00e1fanas<br \/>\nFalso techo con luminarias empotradas<br \/>\nClimatizaci\u00f3n fr\u00edo-calor<br \/>\nSistema de protecci\u00f3n contra incendios<br \/>\nSuelo t\u00e9cnico<\/p>\n<p>Transporte p\u00fablico:<br \/>\nBus: 6, 7, 33, 34, 41, 63, 67, N12, X30, X79, N9<br \/>\nMetro: L3, L5<br \/>\nTranv\u00eda: T4, T5, T6<\/p>\n<p>Aeropuerto a 20 minutos<br \/>\nAccesos directos por Av. Diagonal y Ronda Litoral<\/p>\n<p>Una opci\u00f3n id\u00f3nea para empresas que buscan una oficina representativa en una ubicaci\u00f3n consolidada y excelentemente comunicada.<\/p>\n","protected":false},"template":"","class_list":["post-61444","properties_post","type-properties_post","status-publish","hentry","properties_modality-rent","properties_district-les-corts","properties_province-barcelona","properties_zone-cbd-diagonal-po-de-gracia","properties_state-barcelona","properties_subclass-oficina","properties_type-oficina"],"acf":{"post_type_properties_post_property_code":"11248609","post_type_properties_post_property_reference":"IE-226947","post_type_properties_post_owner_id":"49479","post_type_properties_post_owner_name":"SAVILLS RE SPAIN S.A.U","post_type_properties_post_property_code_encrypted":"MjQ5JDMzMTc2","post_type_properties_post_published":"1","post_type_properties_post_property_visibility":"idealista","post_type_properties_post_contact_name":"Forcadell Oficinas Barcelona","post_type_properties_post_contact_email":"forcadell.oficinas.barcelona@movin.cloud","post_type_properties_post_contact_primary_phone_prefix":"34","post_type_properties_post_contact_primary_phone_number":"934965413","post_type_properties_post_address_visibility":"street","post_type_properties_post_address_country":"Spain","post_type_properties_post_address_coordinates_precision":"exact","post_type_properties_post_address_postal_code":"08029","post_type_properties_post_address_coordinates_latitude":"41.3888317","post_type_properties_post_address_coordinates_longitude":"2.1425692","post_type_properties_post_address_street_name":"A","post_type_properties_post_address_floor":"21","post_type_properties_post_address_town":"Barcelona","post_type_properties_post_building":null,"post_type_properties_post_property":[{"properties_post_description_language":"catalan","properties_post_title":"AV DIAGONAL ","properties_post_short_description_text_alt":"","properties_post_description_text_alt":"","properties_post_short_description_text":"","properties_post_link_demanda_inmueble":"https:\/\/movin.cloud\/ca\/Forcadell Oficinas Barcelona\/formulari-peticio-immoble\/sth\/2438&&11248609","properties_post_link_demanda_calendario_inmueble":"https:\/\/movin.cloud\/ca\/Forcadell Oficinas Barcelona\/calendari-peticio-immoble\/sth\/2438&&11248609","properties_post_description_text":"Oficina representativa de lloguer amb vistes al mar \u2013 Avinguda Diagonal\n\nAquesta planta ofereix una vista impressionant sobre el mar i la possibilitat de tenir una terrassa privativa. Es lloga en estat plug & play, amb mobiliari i acabats d\u00b4alta qualitat, permetent una implantaci\u00f3 immediata. L\u00b4immoble compta amb entrada independent i ascensor privat, garantint un entorn de treball exclusiu, c\u00f2mode i funcional.\n\nLa ubicaci\u00f3 \u00e9s estrat\u00e8gica, amb excel\u00b7lents comunicacions. L'Avinguda Diagonal connecta de forma r\u00e0pida i eficient amb la resta de la ciutat, tant mitjan\u00e7ant transport p\u00fablic com a privat, consolidant-se com una de les principals \u00e0rees empresarials de Barcelona.\n\nCaracter\u00edstiques:\n\nOficines di\u00e0fanes\nFals sostre amb llumin\u00e0ries encastades\nClimatitzaci\u00f3 fred-calor\nSistema de protecci\u00f3 contra incendis\nS\u00f2l t\u00e8cnic\n\nTransport p\u00fablic:\nBus: 6, 7, 33, 34, 41, 63, 67, N12, X30, X79, N9\nMetro: L3, L5\nTramvia: T4, T5, T6\n\nAeroport a 20 minuts\nAccessos directes per Av. Diagonal i Ronda Litoral\n\nUna opci\u00f3 id\u00f2nia per a empreses que busquen una oficina representativa en una ubicaci\u00f3 consolidada i ben comunicada.","properties_post_seo_title":"","properties_post_seo_alias":"","properties_post_seo_metadescription":"","properties_post_seo_key_words":"","properties_post_seo_url":"","properties_post_terms_conditions":""},{"properties_post_description_language":"spanish","properties_post_title":"AV DIAGONAL ","properties_post_short_description_text_alt":"","properties_post_description_text_alt":"","properties_post_short_description_text":"","properties_post_link_demanda_inmueble":"https:\/\/movin.cloud\/es\/Forcadell Oficinas Barcelona\/formulario-peticion-inmueble\/sth\/2438&&11248609","properties_post_link_demanda_calendario_inmueble":"https:\/\/movin.cloud\/es\/Forcadell Oficinas Barcelona\/calendario-peticion-inmueble\/sth\/2438&&11248609","properties_post_description_text":"Oficina representativa en alquiler con vistas al mar \u2013 Avenida Diagonal\n\nEsta planta ofrece impresionantes vistas al mar y la posibilidad de disponer de una terraza privativa. Se alquila en estado plug & play, con mobiliario y acabados de alta calidad, permitiendo una implantaci\u00f3n inmediata. El inmueble cuenta con entrada independiente y ascensor privado, garantizando un entorno de trabajo exclusivo, c\u00f3modo y funcional.\n\nLa ubicaci\u00f3n es estrat\u00e9gica, con excelentes comunicaciones. La Avenida Diagonal conecta de forma r\u00e1pida y eficiente con el resto de la ciudad, tanto mediante transporte p\u00fablico como privado, consolid\u00e1ndose como una de las principales \u00e1reas empresariales de Barcelona.\n\nCaracter\u00edsticas:\n\nOficinas di\u00e1fanas\nFalso techo con luminarias empotradas\nClimatizaci\u00f3n fr\u00edo-calor\nSistema de protecci\u00f3n contra incendios\nSuelo t\u00e9cnico\n\nTransporte p\u00fablico:\nBus: 6, 7, 33, 34, 41, 63, 67, N12, X30, X79, N9\nMetro: L3, L5\nTranv\u00eda: T4, T5, T6\n\nAeropuerto a 20 minutos\nAccesos directos por Av. Diagonal y Ronda Litoral\n\nUna opci\u00f3n id\u00f3nea para empresas que buscan una oficina representativa en una ubicaci\u00f3n consolidada y excelentemente comunicada.","properties_post_seo_title":"","properties_post_seo_alias":"","properties_post_seo_metadescription":"","properties_post_seo_key_words":"","properties_post_seo_url":"","properties_post_terms_conditions":""}],"post_type_properties_post_features_type":"office","post_type_properties_post_id_building":"","post_type_properties_post_features_area_constructed":699,"post_type_properties_post_features_conditioned_air":false,"post_type_properties_post_features_doorman":false,"post_type_properties_post_features_heating":false,"post_type_properties_post_features_equipped_kitchen":false,"post_type_properties_post_features_windows_location":"exterior","post_type_properties_post_features_floors_property":false,"post_type_properties_post_features_storage":false,"post_type_properties_post_features_security_door":false,"post_type_properties_post_features_energy_certificate_rating":"C","post_type_properties_post_features_energy_certificate_emissions_rating":"C","post_type_properties_post_features_energy_certificate_emissions_value":"","post_type_properties_post_features_energy_certificate_performance":"","post_type_properties_post_features_bathroom_inside":false,"post_type_properties_post_precio":18189.6,"post_type_properties_post_precio_alquiler":18189.6,"post_type_properties_post_record_type_id":"Oficina","post_type_properties_post_categoria__producto":"Oficina","post_type_properties_post_amueblado":false,"post_type_properties_post_precio_m2":26,"post_type_properties_post_zona__comunitaria":false,"post_type_properties_post_electrodomesticos":false,"post_type_properties_post_patio__interior":false,"post_type_properties_post_certificado_energetico_general":"C","post_type_properties_post_certificado_energetico_consumo":"C","post_type_properties_post_certificado_energetico_valor_emisiones":"","post_type_properties_post_certificado_energetico_valor_consumo":"","post_type_properties_post_modalidad":"rent","post_type_properties_post_provincia":"Barcelona","post_type_properties_post_poblacion":"Barcelona","post_type_properties_post_centro__urbano":false,"post_type_properties_post_zonificacion":"CBD - Diagonal \/ P\u00ba de Gracia","post_type_properties_post_cartera":"","post_type_properties_post_titulo_catalan":"AV DIAGONAL ","post_type_properties_post_internet_catalan":"Oficina representativa de lloguer amb vistes al mar \u2013 Avinguda Diagonal\n\nAquesta planta ofereix una vista impressionant sobre el mar i la possibilitat de tenir una terrassa privativa. Es lloga en estat plug & play, amb mobiliari i acabats d\u00b4alta qualitat, permetent una implantaci\u00f3 immediata. L\u00b4immoble compta amb entrada independent i ascensor privat, garantint un entorn de treball exclusiu, c\u00f2mode i funcional.\n\nLa ubicaci\u00f3 \u00e9s estrat\u00e8gica, amb excel\u00b7lents comunicacions. L'Avinguda Diagonal connecta de forma r\u00e0pida i eficient amb la resta de la ciutat, tant mitjan\u00e7ant transport p\u00fablic com a privat, consolidant-se com una de les principals \u00e0rees empresarials de Barcelona.\n\nCaracter\u00edstiques:\n\nOficines di\u00e0fanes\nFals sostre amb llumin\u00e0ries encastades\nClimatitzaci\u00f3 fred-calor\nSistema de protecci\u00f3 contra incendis\nS\u00f2l t\u00e8cnic\n\nTransport p\u00fablic:\nBus: 6, 7, 33, 34, 41, 63, 67, N12, X30, X79, N9\nMetro: L3, L5\nTramvia: T4, T5, T6\n\nAeroport a 20 minuts\nAccessos directes per Av. Diagonal i Ronda Litoral\n\nUna opci\u00f3 id\u00f2nia per a empreses que busquen una oficina representativa en una ubicaci\u00f3 consolidada i ben comunicada.","post_type_properties_post_titulo_castellano":"AV DIAGONAL ","post_type_properties_post_internet_castellano":"Oficina representativa en alquiler con vistas al mar \u2013 Avenida Diagonal\n\nEsta planta ofrece impresionantes vistas al mar y la posibilidad de disponer de una terraza privativa. Se alquila en estado plug & play, con mobiliario y acabados de alta calidad, permitiendo una implantaci\u00f3n inmediata. El inmueble cuenta con entrada independiente y ascensor privado, garantizando un entorno de trabajo exclusivo, c\u00f3modo y funcional.\n\nLa ubicaci\u00f3n es estrat\u00e9gica, con excelentes comunicaciones. La Avenida Diagonal conecta de forma r\u00e1pida y eficiente con el resto de la ciudad, tanto mediante transporte p\u00fablico como privado, consolid\u00e1ndose como una de las principales \u00e1reas empresariales de Barcelona.\n\nCaracter\u00edsticas:\n\nOficinas di\u00e1fanas\nFalso techo con luminarias empotradas\nClimatizaci\u00f3n fr\u00edo-calor\nSistema de protecci\u00f3n contra incendios\nSuelo t\u00e9cnico\n\nTransporte p\u00fablico:\nBus: 6, 7, 33, 34, 41, 63, 67, N12, X30, X79, N9\nMetro: L3, L5\nTranv\u00eda: T4, T5, T6\n\nAeropuerto a 20 minutos\nAccesos directos por Av. Diagonal y Ronda Litoral\n\nUna opci\u00f3n id\u00f3nea para empresas que buscan una oficina representativa en una ubicaci\u00f3n consolidada y excelentemente comunicada.","post_type_properties_post_titulo_ingles":"","post_type_properties_post_internet_ingles":"","post_type_properties_post_features_classification_commercial":false,"post_type_properties_post_features_conservation":"","post_type_properties_post_features_security_personnel":false,"post_type_properties_post_features_parking_available":false,"post_type_properties_post_features_garage_capacity_type":"","post_type_properties_post_features_bathroom_number":"","post_type_properties_post_eje":"","post_type_properties_post_zona":"","post_type_properties_post_comarca":"","post_type_properties_post_features_built_year":"","post_type_properties_post_renta_mensual":18189.6,"post_type_properties_post_fianza":"","post_type_properties_post_features_area_plot":"","post_type_properties_post_features_area_buildable":"","post_type_properties_post_features_classification_industrial":false,"post_type_properties_post_distrito":"","post_type_properties_post_features_balcony":false,"post_type_properties_post_features_bedroom_number":"","post_type_properties_post_features_heating_type":"","post_type_properties_post_features_equipped_with_furniture":false,"post_type_properties_post_features_pets_allowed":false,"post_type_properties_post_features_pool":false,"post_type_properties_post_features_terrace":false,"post_type_properties_post_features_wardrobes":false,"post_type_properties_post_features_lift_available":false,"post_type_properties_post_features_handicap_adapted_access":false,"post_type_properties_post_features_orientation_east":false,"post_type_properties_post_features_orientation_west":false,"post_type_properties_post_features_orientation_north":false,"post_type_properties_post_features_orientation_south":false,"post_type_properties_post_features_parking_spaces_number":"","post_type_properties_post_features_security_alarm":false,"post_type_properties_post_features_security_system":false,"post_type_properties_post_open_plan":false,"post_type_properties_post_acceso_24_7":false,"post_type_properties_post_oficina_privada":false,"post_type_properties_post_sala_reuniones":false,"post_type_properties_post_espacio_eventos":false,"post_type_properties_post_office":false,"post_type_properties_post_restaurant":false,"post_type_properties_post_acepta_traspaso":false,"post_type_properties_post_vigilancia":false,"post_type_properties_post_features_suite":false,"post_type_properties_post_features_vitro":false,"post_type_properties_post_features_oven":false,"post_type_properties_post_features_microwave":false,"post_type_properties_post_features_washing_machine":false,"post_type_properties_post_features_dryer":false,"post_type_properties_post_features_dishwasher":false,"post_type_properties_post_features_fridge":false,"post_type_properties_post_features_fridge_mini":false,"post_type_properties_post_features_kettle":false,"post_type_properties_post_features_toaster":false,"post_type_properties_post_features_coffee_maker":false,"post_type_properties_post_features_iron":false,"post_type_properties_post_features_ironing_board":false,"post_type_properties_post_features_safe":false,"post_type_properties_post_features_internet":false,"post_type_properties_post_features_solarium":false,"post_type_properties_post_features_clean_service":false,"post_type_properties_post_features_t_v":false,"post_type_properties_post_features_satellite_t_v":false,"post_type_properties_post_features_gas_kitchen":false,"post_type_properties_post_features_view_mountain":false,"post_type_properties_post_features_view_sea":true,"post_type_properties_post_features_concierge":false,"post_type_properties_post_features_loading_dock":false,"post_type_properties_post_features_bridge_crane":false,"post_type_properties_post_features_located_at_corner":false,"post_type_properties_post_features_smoke_extraction":false,"post_type_properties_post_features_rooms":"","post_type_properties_post_features_garden_area":"","post_type_properties_post_features_utilities_water":false,"post_type_properties_post_features_utilities_electricity":false,"post_type_properties_post_features_utilities_natural_gas":false,"post_type_properties_post_features_building_adapted":false,"post_type_properties_post_features_garden":false,"post_type_properties_post_features_classification_hotel":false,"post_type_properties_post_features_classification_chalet":false,"post_type_properties_post_certificado_energetico_emisiones":"C","post_type_properties_post_barrio":"","post_type_properties_post_distrito_empresa":"Les Corts","post_type_properties_post_features_property_category_intern":"","post_type_properties_post_implantada":false,"post_type_properties_post_sello_leed":"","post_type_properties_post_sello_well":"","post_type_properties_post_sello_breeam":false,"post_type_properties_post_images":[{"properties_post_image_order":1,"properties_post_image_url":"https:\/\/movin.cloud\/empresas\/2438\/imagenes\/11248609\/en-alquiler.webp","properties_post_image_url_thumbnail":"https:\/\/movin.cloud\/empresas\/2438\/imagenes\/thumbnails\/11248609\/en-alquiler.webp","properties_post_title":"en alquiler","properties_post_alt":"en alquiler"},{"properties_post_image_order":2,"properties_post_image_url":"https:\/\/movin.cloud\/empresas\/2438\/imagenes\/11248609\/alquiler-idealistas.webp","properties_post_image_url_thumbnail":"https:\/\/movin.cloud\/empresas\/2438\/imagenes\/thumbnails\/11248609\/alquiler-idealistas.webp","properties_post_title":"alquiler idealistas","properties_post_alt":"alquiler idealistas"},{"properties_post_image_order":3,"properties_post_image_url":"https:\/\/movin.cloud\/empresas\/2438\/imagenes\/11248609\/habitalia.webp","properties_post_image_url_thumbnail":"https:\/\/movin.cloud\/empresas\/2438\/imagenes\/thumbnails\/11248609\/habitalia.webp","properties_post_title":"habitalia","properties_post_alt":"habitalia"},{"properties_post_image_order":4,"properties_post_image_url":"https:\/\/movin.cloud\/empresas\/2438\/imagenes\/11248609\/alquilar.webp","properties_post_image_url_thumbnail":"https:\/\/movin.cloud\/empresas\/2438\/imagenes\/thumbnails\/11248609\/alquilar.webp","properties_post_title":"alquilar","properties_post_alt":"alquilar"}],"post_type_properties_post_videos":null,"post_type_properties_post_tour":null,"post_type_properties_post_dossier_url":"","post_type_properties_post_operation_type":"rent","post_type_properties_post_operation_price":18189,"post_type_properties_post_features_hidden_price":false},"yoast_head":"<!-- This site is optimized with the Yoast SEO plugin v27.4 - https:\/\/yoast.com\/product\/yoast-seo-wordpress\/ -->\n<title>AV DIAGONAL - Forcadell<\/title>\n<meta name=\"robots\" content=\"index, follow, max-snippet:-1, max-image-preview:large, max-video-preview:-1\" \/>\n<link rel=\"canonical\" href=\"https:\/\/forcadell.com\/ca\/propiedades\/av-diagonal-4\/\" \/>\n<meta property=\"og:locale\" content=\"ca_ES\" \/>\n<meta property=\"og:type\" content=\"article\" \/>\n<meta property=\"og:title\" content=\"AV DIAGONAL - Forcadell\" \/>\n<meta property=\"og:description\" content=\"Oficina representativa en alquiler con vistas al mar \u2013 Avenida Diagonal Esta planta ofrece impresionantes vistas al mar y la posibilidad de disponer de una terraza privativa. Se alquila en estado plug &#038; play, con mobiliario y acabados de alta calidad, permitiendo una implantaci\u00f3n inmediata. El inmueble cuenta con entrada independiente y ascensor privado, garantizando [&hellip;]\" \/>\n<meta property=\"og:url\" content=\"https:\/\/forcadell.com\/ca\/propiedades\/av-diagonal-4\/\" \/>\n<meta property=\"og:site_name\" content=\"Forcadell\" \/>\n<meta property=\"article:modified_time\" content=\"2026-04-28T05:35:36+00:00\" \/>\n<meta name=\"twitter:card\" content=\"summary_large_image\" \/>\n<meta name=\"twitter:label1\" content=\"Temps estimat de lectura\" \/>\n\t<meta name=\"twitter:data1\" content=\"1 minut\" \/>\n<!-- \/ Yoast SEO plugin. -->","yoast_head_json":{"title":"AV DIAGONAL - Forcadell","robots":{"index":"index","follow":"follow","max-snippet":"max-snippet:-1","max-image-preview":"max-image-preview:large","max-video-preview":"max-video-preview:-1"},"canonical":"https:\/\/forcadell.com\/ca\/propiedades\/av-diagonal-4\/","og_locale":"ca_ES","og_type":"article","og_title":"AV DIAGONAL - Forcadell","og_description":"Oficina representativa en alquiler con vistas al mar \u2013 Avenida Diagonal Esta planta ofrece impresionantes vistas al mar y la posibilidad de disponer de una terraza privativa. Se alquila en estado plug &#038; play, con mobiliario y acabados de alta calidad, permitiendo una implantaci\u00f3n inmediata. El inmueble cuenta con entrada independiente y ascensor privado, garantizando [&hellip;]","og_url":"https:\/\/forcadell.com\/ca\/propiedades\/av-diagonal-4\/","og_site_name":"Forcadell","article_modified_time":"2026-04-28T05:35:36+00:00","twitter_card":"summary_large_image","twitter_misc":{"Temps estimat de lectura":"1 minut"},"schema":{"@context":"https:\/\/schema.org","@graph":[{"@type":"WebPage","@id":"https:\/\/forcadell.com\/ca\/propiedades\/av-diagonal-4\/","url":"https:\/\/forcadell.com\/ca\/propiedades\/av-diagonal-4\/","name":"AV DIAGONAL - Forcadell","isPartOf":{"@id":"https:\/\/forcadell.com\/ca\/#website"},"datePublished":"2026-01-22T11:10:02+00:00","dateModified":"2026-04-28T05:35:36+00:00","breadcrumb":{"@id":"https:\/\/forcadell.com\/ca\/propiedades\/av-diagonal-4\/#breadcrumb"},"inLanguage":"ca","potentialAction":[{"@type":"ReadAction","target":["https:\/\/forcadell.com\/ca\/propiedades\/av-diagonal-4\/"]}]},{"@type":"BreadcrumbList","@id":"https:\/\/forcadell.com\/ca\/propiedades\/av-diagonal-4\/#breadcrumb","itemListElement":[{"@type":"ListItem","position":1,"name":"Portada","item":"https:\/\/forcadell.com\/ca\/"},{"@type":"ListItem","position":2,"name":"Properties","item":"https:\/\/forcadell.com\/ca\/propiedades\/"},{"@type":"ListItem","position":3,"name":"AV DIAGONAL"}]},{"@type":"WebSite","@id":"https:\/\/forcadell.com\/ca\/#website","url":"https:\/\/forcadell.com\/ca\/","name":"Forcadell","description":"Inmobiliaria Barcelona | Consultores inmobiliarios","potentialAction":[{"@type":"SearchAction","target":{"@type":"EntryPoint","urlTemplate":"https:\/\/forcadell.com\/ca\/?s={search_term_string}"},"query-input":{"@type":"PropertyValueSpecification","valueRequired":true,"valueName":"search_term_string"}}],"inLanguage":"ca"}]}},"_links":{"self":[{"href":"https:\/\/forcadell.com\/ca\/wp-json\/wp\/v2\/properties_post\/61444","targetHints":{"allow":["GET"]}}],"collection":[{"href":"https:\/\/forcadell.com\/ca\/wp-json\/wp\/v2\/properties_post"}],"about":[{"href":"https:\/\/forcadell.com\/ca\/wp-json\/wp\/v2\/types\/properties_post"}],"wp:attachment":[{"href":"https:\/\/forcadell.com\/ca\/wp-json\/wp\/v2\/media?parent=61444"}],"curies":[{"name":"wp","href":"https:\/\/api.w.org\/{rel}","templated":true}]}}