{"id":61422,"date":"2026-01-22T13:01:29","date_gmt":"2026-01-22T11:01:29","guid":{"rendered":"https:\/\/forcadell.com\/propiedades\/oficina-en-alquiler-en-calle-ancora-madrid\/"},"modified":"2026-04-26T12:07:59","modified_gmt":"2026-04-26T10:07:59","slug":"oficina-en-alquiler-en-calle-ancora-madrid","status":"publish","type":"properties_post","link":"https:\/\/forcadell.com\/ca\/propiedades\/oficina-en-alquiler-en-calle-ancora-madrid\/","title":{"rendered":"Oficina en alquiler en calle \u00c1ncora, Madrid"},"content":{"rendered":"<p>Edificio corporativo, con una arquitectura vanguardista inspirado en los distritos que marcan tendencia como el Shoreditch londinense y el Meatpacking de Nueva York.<br \/>\nSituado en la zona de M\u00e9ndez \u00c1lvaro, una de las zonas con mayor auge y creciente demanda de la capital, por su cercan\u00eda con el centro y excelentes comunicaciones, ofreciendo todo tipo de comodidades a empresas de diferentes actividades.<br \/>\nEl edificio se presenta con un amplio jard\u00edn en la entrada que aporta una agradable sensaci\u00f3n de apertura y bienestar desde el primer momento, dando paso a plantas completamente di\u00e1fanas dise\u00f1adas para ofrecer una excelente luz natural gracias a sus grandes ventanales de techo a suelo. Los espacios est\u00e1n pensados para una operatividad sin contacto, incorporando sistemas avanzados de control de aforo en tiempo real y un \u00f3ptimo ratio de ocupaci\u00f3n de 1:5, lo que garantiza comodidad y eficiencia. Cuenta con un sistema de climatizaci\u00f3n moderno con aire acondicionado fr\u00edo\/calor, as\u00ed como falso techo y suelo t\u00e9cnico que facilitan la flexibilidad y adaptaci\u00f3n de los espacios. Todo ello se completa con parking privado, aportando un plus de comodidad y funcionalidad al conjunto.<br \/>\nMuy bien comunicado a trav\u00e9s de metro, autobuses y cercan\u00edas.<br \/>\nMetro: Atocha (L1), M\u00e9ndez \u00c1lvaro (L6), Delicias , Palos de la Frontera (L3)<br \/>\nAutobuses: 6, 8, 19, 45, 47, 55, 59, 85, 86, 247<br \/>\nCercan\u00edas: Puerta de Atocha; Delicias.<br \/>\nRenta parking: 125\u20ac\/mes<\/p>\n","protected":false},"template":"","class_list":["post-61422","properties_post","type-properties_post","status-publish","hentry","properties_modality-rent","properties_district-arganzuela","properties_province-madrid","properties_zone-centro","properties_state-madrid","properties_subclass-oficina","properties_type-oficina"],"acf":{"post_type_properties_post_property_code":"229202","post_type_properties_post_property_reference":"IE-220439","post_type_properties_post_owner_id":"54035","post_type_properties_post_owner_name":"S.A. INMOBILIARIA URBANA DAFOR","post_type_properties_post_property_code_encrypted":"MjkkMTM3Njk=","post_type_properties_post_published":"1","post_type_properties_post_property_visibility":"idealista","post_type_properties_post_contact_name":"Forcadell Oficinas Madrid","post_type_properties_post_contact_email":"forcadell.oficinas.madrid@movin.cloud","post_type_properties_post_contact_primary_phone_prefix":"34","post_type_properties_post_contact_primary_phone_number":"917886880","post_type_properties_post_address_visibility":"street","post_type_properties_post_address_country":"Spain","post_type_properties_post_address_coordinates_precision":"exact","post_type_properties_post_address_postal_code":"28703","post_type_properties_post_address_coordinates_latitude":"40.5550101","post_type_properties_post_address_coordinates_longitude":"-3.6171945","post_type_properties_post_address_street_name":"CL Ancora 40","post_type_properties_post_address_floor":"","post_type_properties_post_address_town":"Madrid","post_type_properties_post_building":null,"post_type_properties_post_property":[{"properties_post_description_language":"catalan","properties_post_title":"Oficina di\u00e0fana en lloguer a la millor zona d'oficines de San Sebasti\u00e1n de los Reyes. Madrid.","properties_post_short_description_text_alt":"","properties_post_description_text_alt":"","properties_post_short_description_text":"Edifici exclusiu d'oficines situat a la millor zona d'oficines de San Sebasti\u00e1n de los Reyes, dins el Parc Empresarial La Marina. Edifici amb sistema d'acc\u00e9s amb targeta individualitzada, 4 ascensors, c\u00e0meres de vigil\u00e0ncia a zones comuns, seguretat 24h, p\u00e0rquing. Oficines de superf\u00edcie di\u00e0fana, fals sostre registrable amb llumin\u00e0ries encastades, s\u00f2l t\u00e8cnic elevat, sistema de climatitzaci\u00f3 VRV totalment flexible independitzat.","properties_post_link_demanda_inmueble":"https:\/\/movin.cloud\/ca\/Forcadell Oficinas Madrid\/formulari-peticio-immoble\/sth\/2462&&229202","properties_post_link_demanda_calendario_inmueble":"https:\/\/movin.cloud\/ca\/Forcadell Oficinas Madrid\/calendari-peticio-immoble\/sth\/2462&&229202","properties_post_description_text":"Edifici exclusiu d'oficines situat a la millor zona d'oficines de San Sebasti\u00e1n de los Reyes, dins el Parc Empresarial La Marina. Edifici amb sistema d'acc\u00e9s amb targeta individualitzada, 4 ascensors, c\u00e0meres de vigil\u00e0ncia a zones comuns, seguretat 24h, p\u00e0rquing. Oficines de superf\u00edcie di\u00e0fana, fals sostre registrable amb llumin\u00e0ries encastades, s\u00f2l t\u00e8cnic elevat, sistema de climatitzaci\u00f3 VRV totalment flexible independitzat.","properties_post_seo_title":"","properties_post_seo_alias":"","properties_post_seo_metadescription":"Oficina di\u00e0fana en lloguer a la millor zona d'oficines de San Sebasti\u00e1n de los Reyes. Madrid. Forcadell \u00e9s la seva ag\u00e8ncia de confian\u00e7a per al lloguer d'aquesta oficina.","properties_post_seo_key_words":"oficina lloguer Madrid, lloguer oficina Madrid, oficina Madrid","properties_post_seo_url":"","properties_post_terms_conditions":""},{"properties_post_description_language":"spanish","properties_post_title":"Oficina en alquiler en calle \u00c1ncora, Madrid","properties_post_short_description_text_alt":"","properties_post_description_text_alt":"","properties_post_short_description_text":"","properties_post_link_demanda_inmueble":"https:\/\/movin.cloud\/es\/Forcadell Oficinas Madrid\/formulario-peticion-inmueble\/sth\/2462&&229202","properties_post_link_demanda_calendario_inmueble":"https:\/\/movin.cloud\/es\/Forcadell Oficinas Madrid\/calendario-peticion-inmueble\/sth\/2462&&229202","properties_post_description_text":"Edificio corporativo, con una arquitectura vanguardista inspirado en los distritos que marcan tendencia como el Shoreditch londinense y el Meatpacking de Nueva York. \nSituado en la zona de M\u00e9ndez \u00c1lvaro, una de las zonas con mayor auge y creciente demanda de la capital, por su cercan\u00eda con el centro y excelentes comunicaciones, ofreciendo todo tipo de comodidades a empresas de diferentes actividades.\nEl edificio se presenta con un amplio jard\u00edn en la entrada que aporta una agradable sensaci\u00f3n de apertura y bienestar desde el primer momento, dando paso a plantas completamente di\u00e1fanas dise\u00f1adas para ofrecer una excelente luz natural gracias a sus grandes ventanales de techo a suelo. Los espacios est\u00e1n pensados para una operatividad sin contacto, incorporando sistemas avanzados de control de aforo en tiempo real y un \u00f3ptimo ratio de ocupaci\u00f3n de 1:5, lo que garantiza comodidad y eficiencia. Cuenta con un sistema de climatizaci\u00f3n moderno con aire acondicionado fr\u00edo\/calor, as\u00ed como falso techo y suelo t\u00e9cnico que facilitan la flexibilidad y adaptaci\u00f3n de los espacios. Todo ello se completa con parking privado, aportando un plus de comodidad y funcionalidad al conjunto.\nMuy bien comunicado a trav\u00e9s de metro, autobuses y cercan\u00edas.\nMetro: Atocha (L1), M\u00e9ndez \u00c1lvaro (L6), Delicias , Palos de la Frontera (L3)\nAutobuses: 6, 8, 19, 45, 47, 55, 59, 85, 86, 247\nCercan\u00edas: Puerta de Atocha; Delicias.\nRenta parking: 125\u20ac\/mes\n\n\n\n\n\n\n","properties_post_seo_title":"","properties_post_seo_alias":"","properties_post_seo_metadescription":"Oficina alquiler Madrid.","properties_post_seo_key_words":"oficina alquiler Madrid, calle \u00e1ncora, Delicias, Atocha, Legazpi","properties_post_seo_url":"","properties_post_terms_conditions":""}],"post_type_properties_post_features_type":"office","post_type_properties_post_id_building":"","post_type_properties_post_features_area_constructed":926,"post_type_properties_post_features_conditioned_air":true,"post_type_properties_post_features_doorman":false,"post_type_properties_post_features_heating":true,"post_type_properties_post_features_equipped_kitchen":false,"post_type_properties_post_features_windows_location":"exterior","post_type_properties_post_features_floors_property":false,"post_type_properties_post_features_storage":false,"post_type_properties_post_features_security_door":false,"post_type_properties_post_features_energy_certificate_rating":"A","post_type_properties_post_features_energy_certificate_emissions_rating":"A","post_type_properties_post_features_energy_certificate_emissions_value":"","post_type_properties_post_features_energy_certificate_performance":"","post_type_properties_post_features_bathroom_inside":false,"post_type_properties_post_precio":25938.92,"post_type_properties_post_precio_alquiler":25938.92,"post_type_properties_post_record_type_id":"Oficina","post_type_properties_post_categoria__producto":"Oficina","post_type_properties_post_amueblado":false,"post_type_properties_post_precio_m2":28,"post_type_properties_post_zona__comunitaria":false,"post_type_properties_post_electrodomesticos":false,"post_type_properties_post_patio__interior":true,"post_type_properties_post_certificado_energetico_general":"A","post_type_properties_post_certificado_energetico_consumo":"A","post_type_properties_post_certificado_energetico_valor_emisiones":"","post_type_properties_post_certificado_energetico_valor_consumo":"","post_type_properties_post_modalidad":"rent","post_type_properties_post_provincia":"Madrid","post_type_properties_post_poblacion":"Madrid","post_type_properties_post_centro__urbano":false,"post_type_properties_post_zonificacion":"Centro","post_type_properties_post_cartera":"Segunda mano","post_type_properties_post_titulo_catalan":"Oficina di\u00e0fana en lloguer a la millor zona d'oficines de San Sebasti\u00e1n de los Reyes. Madrid.","post_type_properties_post_internet_catalan":"Edifici exclusiu d'oficines situat a la millor zona d'oficines de San Sebasti\u00e1n de los Reyes, dins el Parc Empresarial La Marina. Edifici amb sistema d'acc\u00e9s amb targeta individualitzada, 4 ascensors, c\u00e0meres de vigil\u00e0ncia a zones comuns, seguretat 24h, p\u00e0rquing. Oficines de superf\u00edcie di\u00e0fana, fals sostre registrable amb llumin\u00e0ries encastades, s\u00f2l t\u00e8cnic elevat, sistema de climatitzaci\u00f3 VRV totalment flexible independitzat.","post_type_properties_post_titulo_castellano":"Oficina en alquiler en calle \u00c1ncora, Madrid","post_type_properties_post_internet_castellano":"Edificio corporativo, con una arquitectura vanguardista inspirado en los distritos que marcan tendencia como el Shoreditch londinense y el Meatpacking de Nueva York. \nSituado en la zona de M\u00e9ndez \u00c1lvaro, una de las zonas con mayor auge y creciente demanda de la capital, por su cercan\u00eda con el centro y excelentes comunicaciones, ofreciendo todo tipo de comodidades a empresas de diferentes actividades.\nEl edificio se presenta con un amplio jard\u00edn en la entrada que aporta una agradable sensaci\u00f3n de apertura y bienestar desde el primer momento, dando paso a plantas completamente di\u00e1fanas dise\u00f1adas para ofrecer una excelente luz natural gracias a sus grandes ventanales de techo a suelo. Los espacios est\u00e1n pensados para una operatividad sin contacto, incorporando sistemas avanzados de control de aforo en tiempo real y un \u00f3ptimo ratio de ocupaci\u00f3n de 1:5, lo que garantiza comodidad y eficiencia. Cuenta con un sistema de climatizaci\u00f3n moderno con aire acondicionado fr\u00edo\/calor, as\u00ed como falso techo y suelo t\u00e9cnico que facilitan la flexibilidad y adaptaci\u00f3n de los espacios. Todo ello se completa con parking privado, aportando un plus de comodidad y funcionalidad al conjunto.\nMuy bien comunicado a trav\u00e9s de metro, autobuses y cercan\u00edas.\nMetro: Atocha (L1), M\u00e9ndez \u00c1lvaro (L6), Delicias , Palos de la Frontera (L3)\nAutobuses: 6, 8, 19, 45, 47, 55, 59, 85, 86, 247\nCercan\u00edas: Puerta de Atocha; Delicias.\nRenta parking: 125\u20ac\/mes\n\n\n\n\n\n\n","post_type_properties_post_titulo_ingles":"","post_type_properties_post_internet_ingles":"","post_type_properties_post_features_classification_commercial":false,"post_type_properties_post_features_conservation":"","post_type_properties_post_features_security_personnel":false,"post_type_properties_post_features_parking_available":false,"post_type_properties_post_features_garage_capacity_type":"","post_type_properties_post_features_bathroom_number":"","post_type_properties_post_eje":"","post_type_properties_post_zona":"","post_type_properties_post_comarca":"","post_type_properties_post_features_built_year":"","post_type_properties_post_renta_mensual":20431.5,"post_type_properties_post_fianza":"","post_type_properties_post_features_area_plot":"","post_type_properties_post_features_area_buildable":"","post_type_properties_post_features_classification_industrial":false,"post_type_properties_post_distrito":"","post_type_properties_post_features_balcony":false,"post_type_properties_post_features_bedroom_number":"","post_type_properties_post_features_heating_type":"","post_type_properties_post_features_equipped_with_furniture":false,"post_type_properties_post_features_pets_allowed":false,"post_type_properties_post_features_pool":false,"post_type_properties_post_features_terrace":false,"post_type_properties_post_features_wardrobes":false,"post_type_properties_post_features_lift_available":false,"post_type_properties_post_features_handicap_adapted_access":false,"post_type_properties_post_features_orientation_east":false,"post_type_properties_post_features_orientation_west":false,"post_type_properties_post_features_orientation_north":false,"post_type_properties_post_features_orientation_south":false,"post_type_properties_post_features_parking_spaces_number":"","post_type_properties_post_features_security_alarm":false,"post_type_properties_post_features_security_system":false,"post_type_properties_post_open_plan":false,"post_type_properties_post_acceso_24_7":false,"post_type_properties_post_oficina_privada":false,"post_type_properties_post_sala_reuniones":false,"post_type_properties_post_espacio_eventos":false,"post_type_properties_post_office":false,"post_type_properties_post_restaurant":false,"post_type_properties_post_acepta_traspaso":false,"post_type_properties_post_vigilancia":true,"post_type_properties_post_features_suite":false,"post_type_properties_post_features_vitro":false,"post_type_properties_post_features_oven":false,"post_type_properties_post_features_microwave":false,"post_type_properties_post_features_washing_machine":false,"post_type_properties_post_features_dryer":false,"post_type_properties_post_features_dishwasher":false,"post_type_properties_post_features_fridge":false,"post_type_properties_post_features_fridge_mini":false,"post_type_properties_post_features_kettle":false,"post_type_properties_post_features_toaster":false,"post_type_properties_post_features_coffee_maker":false,"post_type_properties_post_features_iron":false,"post_type_properties_post_features_ironing_board":false,"post_type_properties_post_features_safe":false,"post_type_properties_post_features_internet":false,"post_type_properties_post_features_solarium":false,"post_type_properties_post_features_clean_service":false,"post_type_properties_post_features_t_v":false,"post_type_properties_post_features_satellite_t_v":false,"post_type_properties_post_features_gas_kitchen":false,"post_type_properties_post_features_view_mountain":false,"post_type_properties_post_features_view_sea":false,"post_type_properties_post_features_concierge":false,"post_type_properties_post_features_loading_dock":false,"post_type_properties_post_features_bridge_crane":false,"post_type_properties_post_features_located_at_corner":false,"post_type_properties_post_features_smoke_extraction":false,"post_type_properties_post_features_rooms":"","post_type_properties_post_features_garden_area":"","post_type_properties_post_features_utilities_water":false,"post_type_properties_post_features_utilities_electricity":false,"post_type_properties_post_features_utilities_natural_gas":false,"post_type_properties_post_features_building_adapted":false,"post_type_properties_post_features_garden":false,"post_type_properties_post_features_classification_hotel":false,"post_type_properties_post_features_classification_chalet":false,"post_type_properties_post_certificado_energetico_emisiones":"A","post_type_properties_post_barrio":"","post_type_properties_post_distrito_empresa":"Arganzuela","post_type_properties_post_features_property_category_intern":"","post_type_properties_post_implantada":false,"post_type_properties_post_sello_leed":"1","post_type_properties_post_sello_well":"","post_type_properties_post_sello_breeam":false,"post_type_properties_post_images":[{"properties_post_image_order":1,"properties_post_image_url":"https:\/\/movin.cloud\/empresas\/2462\/imagenes\/229202\/en-alquiler.webp","properties_post_image_url_thumbnail":"https:\/\/movin.cloud\/empresas\/2462\/imagenes\/thumbnails\/229202\/en-alquiler.webp","properties_post_title":"en alquiler","properties_post_alt":"en alquiler"},{"properties_post_image_order":2,"properties_post_image_url":"https:\/\/movin.cloud\/empresas\/2462\/imagenes\/229202\/alquiler.webp","properties_post_image_url_thumbnail":"https:\/\/movin.cloud\/empresas\/2462\/imagenes\/thumbnails\/229202\/alquiler.webp","properties_post_title":"alquiler","properties_post_alt":"alquiler"},{"properties_post_image_order":3,"properties_post_image_url":"https:\/\/movin.cloud\/empresas\/2462\/imagenes\/229202\/alquiler-idealistas.webp","properties_post_image_url_thumbnail":"https:\/\/movin.cloud\/empresas\/2462\/imagenes\/thumbnails\/229202\/alquiler-idealistas.webp","properties_post_title":"alquiler idealistas","properties_post_alt":"alquiler idealistas"},{"properties_post_image_order":4,"properties_post_image_url":"https:\/\/movin.cloud\/empresas\/2462\/imagenes\/229202\/habitalia.webp","properties_post_image_url_thumbnail":"https:\/\/movin.cloud\/empresas\/2462\/imagenes\/thumbnails\/229202\/habitalia.webp","properties_post_title":"habitalia","properties_post_alt":"habitalia"},{"properties_post_image_order":5,"properties_post_image_url":"https:\/\/movin.cloud\/empresas\/2462\/imagenes\/229202\/alquilar.webp","properties_post_image_url_thumbnail":"https:\/\/movin.cloud\/empresas\/2462\/imagenes\/thumbnails\/229202\/alquilar.webp","properties_post_title":"alquilar","properties_post_alt":"alquilar"}],"post_type_properties_post_videos":null,"post_type_properties_post_tour":null,"post_type_properties_post_dossier_url":"","post_type_properties_post_operation_type":"rent","post_type_properties_post_operation_price":25938,"post_type_properties_post_features_hidden_price":false},"yoast_head":"<!-- This site is optimized with the Yoast SEO plugin v25.6 - https:\/\/yoast.com\/wordpress\/plugins\/seo\/ -->\n<title>Oficina en alquiler en calle \u00c1ncora, Madrid - Forcadell<\/title>\n<meta name=\"robots\" content=\"index, follow, max-snippet:-1, max-image-preview:large, max-video-preview:-1\" \/>\n<link rel=\"canonical\" href=\"https:\/\/forcadell.com\/ca\/propiedades\/oficina-en-alquiler-en-calle-ancora-madrid\/\" \/>\n<meta property=\"og:locale\" content=\"ca_ES\" \/>\n<meta property=\"og:type\" content=\"article\" \/>\n<meta property=\"og:title\" content=\"Oficina en alquiler en calle \u00c1ncora, Madrid - Forcadell\" \/>\n<meta property=\"og:description\" content=\"Edificio corporativo, con una arquitectura vanguardista inspirado en los distritos que marcan tendencia como el Shoreditch londinense y el Meatpacking de Nueva York. Situado en la zona de M\u00e9ndez \u00c1lvaro, una de las zonas con mayor auge y creciente demanda de la capital, por su cercan\u00eda con el centro y excelentes comunicaciones, ofreciendo todo tipo [&hellip;]\" \/>\n<meta property=\"og:url\" content=\"https:\/\/forcadell.com\/ca\/propiedades\/oficina-en-alquiler-en-calle-ancora-madrid\/\" \/>\n<meta property=\"og:site_name\" content=\"Forcadell\" \/>\n<meta property=\"article:modified_time\" content=\"2026-04-26T10:07:59+00:00\" \/>\n<meta name=\"twitter:card\" content=\"summary_large_image\" \/>\n<meta name=\"twitter:label1\" content=\"Temps estimat de lectura\" \/>\n\t<meta name=\"twitter:data1\" content=\"1 minut\" \/>\n<!-- \/ Yoast SEO plugin. -->","yoast_head_json":{"title":"Oficina en alquiler en calle \u00c1ncora, Madrid - Forcadell","robots":{"index":"index","follow":"follow","max-snippet":"max-snippet:-1","max-image-preview":"max-image-preview:large","max-video-preview":"max-video-preview:-1"},"canonical":"https:\/\/forcadell.com\/ca\/propiedades\/oficina-en-alquiler-en-calle-ancora-madrid\/","og_locale":"ca_ES","og_type":"article","og_title":"Oficina en alquiler en calle \u00c1ncora, Madrid - Forcadell","og_description":"Edificio corporativo, con una arquitectura vanguardista inspirado en los distritos que marcan tendencia como el Shoreditch londinense y el Meatpacking de Nueva York. Situado en la zona de M\u00e9ndez \u00c1lvaro, una de las zonas con mayor auge y creciente demanda de la capital, por su cercan\u00eda con el centro y excelentes comunicaciones, ofreciendo todo tipo [&hellip;]","og_url":"https:\/\/forcadell.com\/ca\/propiedades\/oficina-en-alquiler-en-calle-ancora-madrid\/","og_site_name":"Forcadell","article_modified_time":"2026-04-26T10:07:59+00:00","twitter_card":"summary_large_image","twitter_misc":{"Temps estimat de lectura":"1 minut"},"schema":{"@context":"https:\/\/schema.org","@graph":[{"@type":"WebPage","@id":"https:\/\/forcadell.com\/ca\/propiedades\/oficina-en-alquiler-en-calle-ancora-madrid\/","url":"https:\/\/forcadell.com\/ca\/propiedades\/oficina-en-alquiler-en-calle-ancora-madrid\/","name":"Oficina en alquiler en calle \u00c1ncora, Madrid - Forcadell","isPartOf":{"@id":"https:\/\/forcadell.com\/ca\/#website"},"datePublished":"2026-01-22T11:01:29+00:00","dateModified":"2026-04-26T10:07:59+00:00","breadcrumb":{"@id":"https:\/\/forcadell.com\/ca\/propiedades\/oficina-en-alquiler-en-calle-ancora-madrid\/#breadcrumb"},"inLanguage":"ca","potentialAction":[{"@type":"ReadAction","target":["https:\/\/forcadell.com\/ca\/propiedades\/oficina-en-alquiler-en-calle-ancora-madrid\/"]}]},{"@type":"BreadcrumbList","@id":"https:\/\/forcadell.com\/ca\/propiedades\/oficina-en-alquiler-en-calle-ancora-madrid\/#breadcrumb","itemListElement":[{"@type":"ListItem","position":1,"name":"Portada","item":"https:\/\/forcadell.com\/ca\/"},{"@type":"ListItem","position":2,"name":"Properties","item":"https:\/\/forcadell.com\/ca\/propiedades\/"},{"@type":"ListItem","position":3,"name":"Oficina en alquiler en calle \u00c1ncora, Madrid"}]},{"@type":"WebSite","@id":"https:\/\/forcadell.com\/ca\/#website","url":"https:\/\/forcadell.com\/ca\/","name":"Forcadell","description":"Inmobiliaria Barcelona | Consultores inmobiliarios","potentialAction":[{"@type":"SearchAction","target":{"@type":"EntryPoint","urlTemplate":"https:\/\/forcadell.com\/ca\/?s={search_term_string}"},"query-input":{"@type":"PropertyValueSpecification","valueRequired":true,"valueName":"search_term_string"}}],"inLanguage":"ca"}]}},"_links":{"self":[{"href":"https:\/\/forcadell.com\/ca\/wp-json\/wp\/v2\/properties_post\/61422"}],"collection":[{"href":"https:\/\/forcadell.com\/ca\/wp-json\/wp\/v2\/properties_post"}],"about":[{"href":"https:\/\/forcadell.com\/ca\/wp-json\/wp\/v2\/types\/properties_post"}],"wp:attachment":[{"href":"https:\/\/forcadell.com\/ca\/wp-json\/wp\/v2\/media?parent=61422"}],"curies":[{"name":"wp","href":"https:\/\/api.w.org\/{rel}","templated":true}]}}