{"id":61420,"date":"2026-01-22T12:57:52","date_gmt":"2026-01-22T10:57:52","guid":{"rendered":"https:\/\/forcadell.com\/propiedades\/oficina-alquiler-madrid-avenida-del-partenon-campo-de-las-naciones-2\/"},"modified":"2026-04-27T17:55:25","modified_gmt":"2026-04-27T15:55:25","slug":"oficina-alquiler-madrid-avenida-del-partenon-campo-de-las-naciones-2","status":"publish","type":"properties_post","link":"https:\/\/forcadell.com\/ca\/propiedades\/oficina-alquiler-madrid-avenida-del-partenon-campo-de-las-naciones-2\/","title":{"rendered":"Oficina alquiler Madrid. Avenida del Parten\u00f3n &#8211; Campo de las Naciones."},"content":{"rendered":"<p>Oficina en alquiler en IFEMA, distribuida en superficies di\u00e1fanas con excelente luz natural, suelo t\u00e9cnico, falso techo met\u00e1lico, altura libre de 2,63 metros, luminarias LED en proceso, sistema de climatizaci\u00f3n centralizada.<\/p>\n<p>Se trata de un edificio exclusivo de oficinas compuesto por 6 plantas (PB + 5), cuenta con servicio de conserjer\u00eda y vigilancia 24h, control de accesos y CCTV, ascensores de alta eficiencia energ\u00e9tica, restaurante cafeter\u00eda en el propio edificio y parking.<\/p>\n<p>Localizado en la avenida del Parten\u00f3n, en el centro del parque empresarial del Campo de las Naciones, actualmente la zona ha experimentado un desarrollo importante en la promoci\u00f3n de oficinas. A sus alrededores se encuentra Feria de Madrid, Palacio de Congresos, Parque Juan Carlos I, estafeta de Correos y diversidad de servicios como hoteles, cafeter\u00edas, etc. Goza de buenas comunicaciones con el transporte p\u00fablico dada su cercan\u00eda a la estaci\u00f3n de metro Feria de Madrid y diversas l\u00edneas de autob\u00fas cercanas.<\/p>\n<p>Calificaci\u00f3n energ\u00e9tica: B<br \/>\nCertificado de calidad LEED SILVER<\/p>\n<p>Transportes:<br \/>\nMetro: L8 &#8211; Feria de Madrid<br \/>\nAutobuses urbanos: 112, 122<br \/>\nAutobuses interurbanos: 828<br \/>\nRenta de parking: 150 \u20ac\/plaza\/mes<\/p>\n<p>**Las im\u00e1genes corresponden a oficina tipo**<\/p>\n","protected":false},"template":"","class_list":["post-61420","properties_post","type-properties_post","status-publish","hentry","properties_modality-rent","properties_district-barajas","properties_province-madrid","properties_zone-descentralizada","properties_state-madrid","properties_subclass-oficina","properties_type-oficina"],"acf":{"post_type_properties_post_property_code":"232925","post_type_properties_post_property_reference":"IE-195895","post_type_properties_post_owner_id":"48474","post_type_properties_post_owner_name":"MERLIN PROPERTIES SOCIMI SA","post_type_properties_post_property_code_encrypted":"MjkkMTc0OTI=","post_type_properties_post_published":"1","post_type_properties_post_property_visibility":"idealista","post_type_properties_post_contact_name":"Forcadell Oficinas Madrid","post_type_properties_post_contact_email":"forcadell.oficinas.madrid@movin.cloud","post_type_properties_post_contact_primary_phone_prefix":"34","post_type_properties_post_contact_primary_phone_number":"917886880","post_type_properties_post_address_visibility":"street","post_type_properties_post_address_country":"Spain","post_type_properties_post_address_coordinates_precision":"exact","post_type_properties_post_address_postal_code":"28042","post_type_properties_post_address_coordinates_latitude":"40.4635828","post_type_properties_post_address_coordinates_longitude":"-3.6162093","post_type_properties_post_address_street_name":"AV Parten\u00f3n 16 - 18.","post_type_properties_post_address_floor":"4","post_type_properties_post_address_town":"Madrid","post_type_properties_post_building":null,"post_type_properties_post_property":[{"properties_post_description_language":"catalan","properties_post_title":"Oficina lloguer Madrid. Avinguda del Parten\u00f3 - Camp de les Nacions.","properties_post_short_description_text_alt":"","properties_post_description_text_alt":"","properties_post_short_description_text":"Oficina en lloguer a IFEMA, distribu\u00efda en superf\u00edcies di\u00e0fanes amb excel\u00b7lent llum natural, terra t\u00e8cnic, sostre fals de metall, altura lliure de 2,63 metres, llumin\u00e0ries LED en proc\u00e9s, sistema de climatitzaci\u00f3 centralitzada.\n\nEs tracta d'un edifici exclusiu d'oficines compost per 6 plantes (PB + 5), disposa de servei de consergeria i vigil\u00e0ncia 24h, control d'acc\u00e9s i CCTV, ascensors d'alta efici\u00e8ncia energ\u00e8tica, restaurant cafetera al mateix edifici i aparcament.\n\nLocalitzat a l'avinguda del Parten\u00f3, al centre del parc empresarial del Camp de les Nacions, actualment la zona ha experimentat un desenvolupament important en la promoci\u00f3 d'oficines. A la seva rodalia es troba Fira de Madrid, Palau de Congressos, Parc Juan Carlos I, oficina de correus i diversitat de serveis com hotels, cafeteries, etc. Gaudeix de bones comunicacions amb el transport p\u00fablic donada la seva proximitat a l'estaci\u00f3 de metro Fira de Madrid i diverses l\u00ednies d'autob\u00fas properes.\n\nQualificaci\u00f3 energ\u00e8tica: B\nCertif","properties_post_link_demanda_inmueble":"https:\/\/movin.cloud\/ca\/Forcadell Oficinas Madrid\/formulari-peticio-immoble\/sth\/2462&&232925","properties_post_link_demanda_calendario_inmueble":"https:\/\/movin.cloud\/ca\/Forcadell Oficinas Madrid\/calendari-peticio-immoble\/sth\/2462&&232925","properties_post_description_text":"Oficina en lloguer a IFEMA, distribu\u00efda en superf\u00edcies di\u00e0fanes amb excel\u00b7lent llum natural, terra t\u00e8cnic, sostre fals de metall, altura lliure de 2,63 metres, llumin\u00e0ries LED en proc\u00e9s, sistema de climatitzaci\u00f3 centralitzada.\n\nEs tracta d'un edifici exclusiu d'oficines compost per 6 plantes (PB + 5), disposa de servei de consergeria i vigil\u00e0ncia 24h, control d'acc\u00e9s i CCTV, ascensors d'alta efici\u00e8ncia energ\u00e8tica, restaurant cafetera al mateix edifici i aparcament.\n\nLocalitzat a l'avinguda del Parten\u00f3, al centre del parc empresarial del Camp de les Nacions, actualment la zona ha experimentat un desenvolupament important en la promoci\u00f3 d'oficines. A la seva rodalia es troba Fira de Madrid, Palau de Congressos, Parc Juan Carlos I, oficina de correus i diversitat de serveis com hotels, cafeteries, etc. Gaudeix de bones comunicacions amb el transport p\u00fablic donada la seva proximitat a l'estaci\u00f3 de metro Fira de Madrid i diverses l\u00ednies d'autob\u00fas properes.\n\nQualificaci\u00f3 energ\u00e8tica: B\nCertificat de qualitat LEED SILVER\n\nTransports:\nMetro: L8 - Fira de Madrid\nAutobusos urbans: 112, 122\nAutobusos interurbans: 828\n\nLloguer de p\u00e0rquing: 110 \u20ac\/pla\u00e7a\/mes\n\n**Les imatges corresponen a oficina tipus**","properties_post_seo_title":"","properties_post_seo_alias":"","properties_post_seo_metadescription":"","properties_post_seo_key_words":"","properties_post_seo_url":"","properties_post_terms_conditions":""},{"properties_post_description_language":"spanish","properties_post_title":"Oficina alquiler Madrid. Avenida del Parten\u00f3n - Campo de las Naciones.","properties_post_short_description_text_alt":"","properties_post_description_text_alt":"","properties_post_short_description_text":"Oficina en alquiler en IFEMA, distribuida en superficies di\u00e1fanas con excelente luz natural, suelo t\u00e9cnico, falso techo met\u00e1lico, altura libre de 2,63 metros, luminarias LED en proceso, sistema de climatizaci\u00f3n centralizada.\n\nSe trata de un edificio exclusivo de oficinas compuesto por 6 plantas (PB + 5), cuenta con servicio de conserjer\u00eda y vigilancia 24h, control de accesos y CCTV, ascensores de alta eficiencia energ\u00e9tica, restaurante cafeter\u00eda en el propio edificio y parking.\n\nLocalizado en la avenida del Parten\u00f3n, en el centro del parque empresarial del Campo de las Naciones, actualmente la zona ha experimentado un desarrollo importante en la promoci\u00f3n de oficinas. A sus alrededores se encuentra Feria de Madrid, Palacio de Congresos, Parque Juan Carlos I, estafeta de Correos y diversidad de servicios como hoteles, cafeter\u00edas, etc. Goza de buenas comunicaciones con el transporte p\u00fablico dada su cercan\u00eda a la estaci\u00f3n de metro Feria de Madrid y diversas l\u00edneas de autob\u00fas cercanas.\n\nCa","properties_post_link_demanda_inmueble":"https:\/\/movin.cloud\/es\/Forcadell Oficinas Madrid\/formulario-peticion-inmueble\/sth\/2462&&232925","properties_post_link_demanda_calendario_inmueble":"https:\/\/movin.cloud\/es\/Forcadell Oficinas Madrid\/calendario-peticion-inmueble\/sth\/2462&&232925","properties_post_description_text":"Oficina en alquiler en IFEMA, distribuida en superficies di\u00e1fanas con excelente luz natural, suelo t\u00e9cnico, falso techo met\u00e1lico, altura libre de 2,63 metros, luminarias LED en proceso, sistema de climatizaci\u00f3n centralizada.\n\nSe trata de un edificio exclusivo de oficinas compuesto por 6 plantas (PB + 5), cuenta con servicio de conserjer\u00eda y vigilancia 24h, control de accesos y CCTV, ascensores de alta eficiencia energ\u00e9tica, restaurante cafeter\u00eda en el propio edificio y parking.\n\nLocalizado en la avenida del Parten\u00f3n, en el centro del parque empresarial del Campo de las Naciones, actualmente la zona ha experimentado un desarrollo importante en la promoci\u00f3n de oficinas. A sus alrededores se encuentra Feria de Madrid, Palacio de Congresos, Parque Juan Carlos I, estafeta de Correos y diversidad de servicios como hoteles, cafeter\u00edas, etc. Goza de buenas comunicaciones con el transporte p\u00fablico dada su cercan\u00eda a la estaci\u00f3n de metro Feria de Madrid y diversas l\u00edneas de autob\u00fas cercanas.\n\nCalificaci\u00f3n energ\u00e9tica: B\nCertificado de calidad LEED SILVER\n\nTransportes:\nMetro: L8 - Feria de Madrid\nAutobuses urbanos: 112, 122\nAutobuses interurbanos: 828\nRenta de parking: 150 \u20ac\/plaza\/mes\n\n**Las im\u00e1genes corresponden a oficina tipo**","properties_post_seo_title":"","properties_post_seo_alias":"","properties_post_seo_metadescription":"Oficina luminosa en alquiler ubicada en la avenida del Parten\u00f3n, Campo de las Naciones - Madrid. Forcadell es su agencia de confianza para el alquiler de su oficina","properties_post_seo_key_words":"alquiler oficina Madrid, oficina alquiler Madrid, oficina Madrid, oficina en avenida del Parten\u00f3n","properties_post_seo_url":"","properties_post_terms_conditions":""},{"properties_post_description_language":"english","properties_post_title":"Office rental in Madrid. Parten\u00f3n Avenue - Campo de las Naciones.","properties_post_short_description_text_alt":"","properties_post_description_text_alt":"","properties_post_short_description_text":"Office for rent in IFEMA, distributed in spacious areas with excellent natural light, technical flooring, false metallic ceiling, free height of 2.63 meters, LED luminaires in process, centralized air conditioning system.\n\nExclusive office building with 6 floors (GF + 5), with 24-hour concierge and security service, access control and CCTV, high energy efficiency elevators, cafeteria restaurant in the building, and parking.\n\nLocated on Avenida del Parten\u00f3n, in the center of the business park of Campo de las Naciones, the area has experienced significant development in office promotion. Around it, there is Feria de Madrid, Palacio de Congresos, Parque Juan Carlos I, Post Office, and various services such as hotels, cafes, etc. It has good public transport connections due to its proximity to the Feria de Madrid metro station and various nearby bus lines.\n\nEnergy rating: B\nLEED SILVER quality certificate\n\nTransports:\nMetro: L8 - Feria de Madrid\nUrban buses: 112, 122\nIntercity buses: 828\n\n","properties_post_link_demanda_inmueble":"https:\/\/movin.cloud\/en\/Forcadell Oficinas Madrid\/property-form-request\/sth\/2462&&232925","properties_post_link_demanda_calendario_inmueble":"https:\/\/movin.cloud\/en\/Forcadell Oficinas Madrid\/property-calendar-request\/sth\/2462&&232925","properties_post_description_text":"Office for rent in IFEMA, distributed in spacious areas with excellent natural light, technical flooring, false metallic ceiling, free height of 2.63 meters, LED luminaires in process, centralized air conditioning system.\n\nExclusive office building with 6 floors (GF + 5), with 24-hour concierge and security service, access control and CCTV, high energy efficiency elevators, cafeteria restaurant in the building, and parking.\n\nLocated on Avenida del Parten\u00f3n, in the center of the business park of Campo de las Naciones, the area has experienced significant development in office promotion. Around it, there is Feria de Madrid, Palacio de Congresos, Parque Juan Carlos I, Post Office, and various services such as hotels, cafes, etc. It has good public transport connections due to its proximity to the Feria de Madrid metro station and various nearby bus lines.\n\nEnergy rating: B\nLEED SILVER quality certificate\n\nTransports:\nMetro: L8 - Feria de Madrid\nUrban buses: 112, 122\nIntercity buses: 828\n\nParking rent: 110 \u20ac \/place\/month\n\n** The images correspond to a office type **","properties_post_seo_title":"","properties_post_seo_alias":"","properties_post_seo_metadescription":"Office rental in Madrid. Parten\u00f3n Avenue - Campo de las Naciones.","properties_post_seo_key_words":"Office rental in Madrid. Parten\u00f3n Avenue - Campo de las Naciones.","properties_post_seo_url":"","properties_post_terms_conditions":""}],"post_type_properties_post_features_type":"office","post_type_properties_post_id_building":"","post_type_properties_post_features_area_constructed":1127,"post_type_properties_post_features_conditioned_air":true,"post_type_properties_post_features_doorman":false,"post_type_properties_post_features_heating":true,"post_type_properties_post_features_equipped_kitchen":false,"post_type_properties_post_features_windows_location":"exterior","post_type_properties_post_features_floors_property":false,"post_type_properties_post_features_storage":false,"post_type_properties_post_features_security_door":false,"post_type_properties_post_features_energy_certificate_rating":"B","post_type_properties_post_features_energy_certificate_emissions_rating":"B","post_type_properties_post_features_energy_certificate_emissions_value":"","post_type_properties_post_features_energy_certificate_performance":"","post_type_properties_post_features_bathroom_inside":false,"post_type_properties_post_precio":20286,"post_type_properties_post_precio_alquiler":20286,"post_type_properties_post_record_type_id":"Oficina","post_type_properties_post_categoria__producto":"Oficina","post_type_properties_post_amueblado":false,"post_type_properties_post_precio_m2":18,"post_type_properties_post_zona__comunitaria":false,"post_type_properties_post_electrodomesticos":false,"post_type_properties_post_patio__interior":false,"post_type_properties_post_certificado_energetico_general":"B","post_type_properties_post_certificado_energetico_consumo":"B","post_type_properties_post_certificado_energetico_valor_emisiones":"","post_type_properties_post_certificado_energetico_valor_consumo":"","post_type_properties_post_modalidad":"rent","post_type_properties_post_provincia":"Madrid","post_type_properties_post_poblacion":"Madrid","post_type_properties_post_centro__urbano":false,"post_type_properties_post_zonificacion":"Descentralizada","post_type_properties_post_cartera":"Segunda mano","post_type_properties_post_titulo_catalan":"Oficina lloguer Madrid. Avinguda del Parten\u00f3 - Camp de les Nacions.","post_type_properties_post_internet_catalan":"Oficina en lloguer a IFEMA, distribu\u00efda en superf\u00edcies di\u00e0fanes amb excel\u00b7lent llum natural, terra t\u00e8cnic, sostre fals de metall, altura lliure de 2,63 metres, llumin\u00e0ries LED en proc\u00e9s, sistema de climatitzaci\u00f3 centralitzada.\n\nEs tracta d'un edifici exclusiu d'oficines compost per 6 plantes (PB + 5), disposa de servei de consergeria i vigil\u00e0ncia 24h, control d'acc\u00e9s i CCTV, ascensors d'alta efici\u00e8ncia energ\u00e8tica, restaurant cafetera al mateix edifici i aparcament.\n\nLocalitzat a l'avinguda del Parten\u00f3, al centre del parc empresarial del Camp de les Nacions, actualment la zona ha experimentat un desenvolupament important en la promoci\u00f3 d'oficines. A la seva rodalia es troba Fira de Madrid, Palau de Congressos, Parc Juan Carlos I, oficina de correus i diversitat de serveis com hotels, cafeteries, etc. Gaudeix de bones comunicacions amb el transport p\u00fablic donada la seva proximitat a l'estaci\u00f3 de metro Fira de Madrid i diverses l\u00ednies d'autob\u00fas properes.\n\nQualificaci\u00f3 energ\u00e8tica: B\nCertificat de qualitat LEED SILVER\n\nTransports:\nMetro: L8 - Fira de Madrid\nAutobusos urbans: 112, 122\nAutobusos interurbans: 828\n\nLloguer de p\u00e0rquing: 110 \u20ac\/pla\u00e7a\/mes\n\n**Les imatges corresponen a oficina tipus**","post_type_properties_post_titulo_castellano":"Oficina alquiler Madrid. Avenida del Parten\u00f3n - Campo de las Naciones.","post_type_properties_post_internet_castellano":"Oficina en alquiler en IFEMA, distribuida en superficies di\u00e1fanas con excelente luz natural, suelo t\u00e9cnico, falso techo met\u00e1lico, altura libre de 2,63 metros, luminarias LED en proceso, sistema de climatizaci\u00f3n centralizada.\n\nSe trata de un edificio exclusivo de oficinas compuesto por 6 plantas (PB + 5), cuenta con servicio de conserjer\u00eda y vigilancia 24h, control de accesos y CCTV, ascensores de alta eficiencia energ\u00e9tica, restaurante cafeter\u00eda en el propio edificio y parking.\n\nLocalizado en la avenida del Parten\u00f3n, en el centro del parque empresarial del Campo de las Naciones, actualmente la zona ha experimentado un desarrollo importante en la promoci\u00f3n de oficinas. A sus alrededores se encuentra Feria de Madrid, Palacio de Congresos, Parque Juan Carlos I, estafeta de Correos y diversidad de servicios como hoteles, cafeter\u00edas, etc. Goza de buenas comunicaciones con el transporte p\u00fablico dada su cercan\u00eda a la estaci\u00f3n de metro Feria de Madrid y diversas l\u00edneas de autob\u00fas cercanas.\n\nCalificaci\u00f3n energ\u00e9tica: B\nCertificado de calidad LEED SILVER\n\nTransportes:\nMetro: L8 - Feria de Madrid\nAutobuses urbanos: 112, 122\nAutobuses interurbanos: 828\nRenta de parking: 150 \u20ac\/plaza\/mes\n\n**Las im\u00e1genes corresponden a oficina tipo**","post_type_properties_post_titulo_ingles":"Office rental in Madrid. Parten\u00f3n Avenue - Campo de las Naciones.","post_type_properties_post_internet_ingles":"Office for rent in IFEMA, distributed in spacious areas with excellent natural light, technical flooring, false metallic ceiling, free height of 2.63 meters, LED luminaires in process, centralized air conditioning system.\n\nExclusive office building with 6 floors (GF + 5), with 24-hour concierge and security service, access control and CCTV, high energy efficiency elevators, cafeteria restaurant in the building, and parking.\n\nLocated on Avenida del Parten\u00f3n, in the center of the business park of Campo de las Naciones, the area has experienced significant development in office promotion. Around it, there is Feria de Madrid, Palacio de Congresos, Parque Juan Carlos I, Post Office, and various services such as hotels, cafes, etc. It has good public transport connections due to its proximity to the Feria de Madrid metro station and various nearby bus lines.\n\nEnergy rating: B\nLEED SILVER quality certificate\n\nTransports:\nMetro: L8 - Feria de Madrid\nUrban buses: 112, 122\nIntercity buses: 828\n\nParking rent: 110 \u20ac \/place\/month\n\n** The images correspond to a office type **","post_type_properties_post_features_classification_commercial":false,"post_type_properties_post_features_conservation":"","post_type_properties_post_features_security_personnel":false,"post_type_properties_post_features_parking_available":false,"post_type_properties_post_features_garage_capacity_type":"","post_type_properties_post_features_bathroom_number":"","post_type_properties_post_eje":"","post_type_properties_post_zona":"","post_type_properties_post_comarca":"","post_type_properties_post_features_built_year":"","post_type_properties_post_renta_mensual":8046,"post_type_properties_post_fianza":"","post_type_properties_post_features_area_plot":"","post_type_properties_post_features_area_buildable":"","post_type_properties_post_features_classification_industrial":false,"post_type_properties_post_distrito":"","post_type_properties_post_features_balcony":false,"post_type_properties_post_features_bedroom_number":"","post_type_properties_post_features_heating_type":"","post_type_properties_post_features_equipped_with_furniture":false,"post_type_properties_post_features_pets_allowed":false,"post_type_properties_post_features_pool":false,"post_type_properties_post_features_terrace":false,"post_type_properties_post_features_wardrobes":false,"post_type_properties_post_features_lift_available":false,"post_type_properties_post_features_handicap_adapted_access":false,"post_type_properties_post_features_orientation_east":false,"post_type_properties_post_features_orientation_west":false,"post_type_properties_post_features_orientation_north":false,"post_type_properties_post_features_orientation_south":false,"post_type_properties_post_features_parking_spaces_number":"","post_type_properties_post_features_security_alarm":false,"post_type_properties_post_features_security_system":false,"post_type_properties_post_open_plan":false,"post_type_properties_post_acceso_24_7":false,"post_type_properties_post_oficina_privada":false,"post_type_properties_post_sala_reuniones":false,"post_type_properties_post_espacio_eventos":false,"post_type_properties_post_office":false,"post_type_properties_post_restaurant":false,"post_type_properties_post_acepta_traspaso":false,"post_type_properties_post_vigilancia":true,"post_type_properties_post_features_suite":false,"post_type_properties_post_features_vitro":false,"post_type_properties_post_features_oven":false,"post_type_properties_post_features_microwave":false,"post_type_properties_post_features_washing_machine":false,"post_type_properties_post_features_dryer":false,"post_type_properties_post_features_dishwasher":false,"post_type_properties_post_features_fridge":false,"post_type_properties_post_features_fridge_mini":false,"post_type_properties_post_features_kettle":false,"post_type_properties_post_features_toaster":false,"post_type_properties_post_features_coffee_maker":false,"post_type_properties_post_features_iron":false,"post_type_properties_post_features_ironing_board":false,"post_type_properties_post_features_safe":false,"post_type_properties_post_features_internet":false,"post_type_properties_post_features_solarium":false,"post_type_properties_post_features_clean_service":false,"post_type_properties_post_features_t_v":false,"post_type_properties_post_features_satellite_t_v":false,"post_type_properties_post_features_gas_kitchen":false,"post_type_properties_post_features_view_mountain":false,"post_type_properties_post_features_view_sea":false,"post_type_properties_post_features_concierge":false,"post_type_properties_post_features_loading_dock":false,"post_type_properties_post_features_bridge_crane":false,"post_type_properties_post_features_located_at_corner":false,"post_type_properties_post_features_smoke_extraction":false,"post_type_properties_post_features_rooms":"","post_type_properties_post_features_garden_area":"","post_type_properties_post_features_utilities_water":false,"post_type_properties_post_features_utilities_electricity":false,"post_type_properties_post_features_utilities_natural_gas":false,"post_type_properties_post_features_building_adapted":false,"post_type_properties_post_features_garden":false,"post_type_properties_post_features_classification_hotel":false,"post_type_properties_post_features_classification_chalet":false,"post_type_properties_post_certificado_energetico_emisiones":"B","post_type_properties_post_barrio":"","post_type_properties_post_distrito_empresa":"Barajas","post_type_properties_post_features_property_category_intern":"","post_type_properties_post_implantada":false,"post_type_properties_post_sello_leed":"3","post_type_properties_post_sello_well":"","post_type_properties_post_sello_breeam":false,"post_type_properties_post_images":[{"properties_post_image_order":1,"properties_post_image_url":"https:\/\/movin.cloud\/empresas\/2462\/imagenes\/232925\/viviendas.webp","properties_post_image_url_thumbnail":"https:\/\/movin.cloud\/empresas\/2462\/imagenes\/thumbnails\/232925\/viviendas.webp","properties_post_title":"viviendas","properties_post_alt":"viviendas"},{"properties_post_image_order":2,"properties_post_image_url":"https:\/\/movin.cloud\/empresas\/2462\/imagenes\/232925\/alquiler-idealistas-madrid.webp","properties_post_image_url_thumbnail":"https:\/\/movin.cloud\/empresas\/2462\/imagenes\/thumbnails\/232925\/alquiler-idealistas-madrid.webp","properties_post_title":"alquiler idealistas madrid","properties_post_alt":"alquiler idealistas madrid"},{"properties_post_image_order":3,"properties_post_image_url":"https:\/\/movin.cloud\/empresas\/2462\/imagenes\/232925\/alquiler-para-idealistas.webp","properties_post_image_url_thumbnail":"https:\/\/movin.cloud\/empresas\/2462\/imagenes\/thumbnails\/232925\/alquiler-para-idealistas.webp","properties_post_title":"alquiler para idealistas","properties_post_alt":"alquiler para idealistas"},{"properties_post_image_order":4,"properties_post_image_url":"https:\/\/movin.cloud\/empresas\/2462\/imagenes\/232925\/alquiler-madrid.webp","properties_post_image_url_thumbnail":"https:\/\/movin.cloud\/empresas\/2462\/imagenes\/thumbnails\/232925\/alquiler-madrid.webp","properties_post_title":"alquiler madrid","properties_post_alt":"alquiler madrid"},{"properties_post_image_order":5,"properties_post_image_url":"https:\/\/movin.cloud\/empresas\/2462\/imagenes\/232925\/alquiler-para-idealistas-madrid.webp","properties_post_image_url_thumbnail":"https:\/\/movin.cloud\/empresas\/2462\/imagenes\/thumbnails\/232925\/alquiler-para-idealistas-madrid.webp","properties_post_title":"alquiler para idealistas madrid","properties_post_alt":"alquiler para idealistas madrid"},{"properties_post_image_order":6,"properties_post_image_url":"https:\/\/movin.cloud\/empresas\/2462\/imagenes\/232925\/alquilar-madrid.webp","properties_post_image_url_thumbnail":"https:\/\/movin.cloud\/empresas\/2462\/imagenes\/thumbnails\/232925\/alquilar-madrid.webp","properties_post_title":"alquilar madrid","properties_post_alt":"alquilar madrid"},{"properties_post_image_order":7,"properties_post_image_url":"https:\/\/movin.cloud\/empresas\/2462\/imagenes\/232925\/habitalia-madrid.webp","properties_post_image_url_thumbnail":"https:\/\/movin.cloud\/empresas\/2462\/imagenes\/thumbnails\/232925\/habitalia-madrid.webp","properties_post_title":"habitalia madrid","properties_post_alt":"habitalia madrid"},{"properties_post_image_order":8,"properties_post_image_url":"https:\/\/movin.cloud\/empresas\/2462\/imagenes\/232925\/viviendas-madrid.webp","properties_post_image_url_thumbnail":"https:\/\/movin.cloud\/empresas\/2462\/imagenes\/thumbnails\/232925\/viviendas-madrid.webp","properties_post_title":"viviendas madrid","properties_post_alt":"viviendas madrid"},{"properties_post_image_order":9,"properties_post_image_url":"https:\/\/movin.cloud\/empresas\/2462\/imagenes\/232925\/alquiler-para-idealista-madrid.webp","properties_post_image_url_thumbnail":"https:\/\/movin.cloud\/empresas\/2462\/imagenes\/thumbnails\/232925\/alquiler-para-idealista-madrid.webp","properties_post_title":"alquiler para idealista madrid","properties_post_alt":"alquiler para idealista madrid"},{"properties_post_image_order":10,"properties_post_image_url":"https:\/\/movin.cloud\/empresas\/2462\/imagenes\/232925\/rent.webp","properties_post_image_url_thumbnail":"https:\/\/movin.cloud\/empresas\/2462\/imagenes\/thumbnails\/232925\/rent.webp","properties_post_title":"rent","properties_post_alt":"rent"},{"properties_post_image_order":11,"properties_post_image_url":"https:\/\/movin.cloud\/empresas\/2462\/imagenes\/232925\/fincas.webp","properties_post_image_url_thumbnail":"https:\/\/movin.cloud\/empresas\/2462\/imagenes\/thumbnails\/232925\/fincas.webp","properties_post_title":"fincas","properties_post_alt":"fincas"},{"properties_post_image_order":12,"properties_post_image_url":"https:\/\/movin.cloud\/empresas\/2462\/imagenes\/232925\/inmobiliarias.webp","properties_post_image_url_thumbnail":"https:\/\/movin.cloud\/empresas\/2462\/imagenes\/thumbnails\/232925\/inmobiliarias.webp","properties_post_title":"inmobiliarias","properties_post_alt":"inmobiliarias"},{"properties_post_image_order":13,"properties_post_image_url":"https:\/\/movin.cloud\/empresas\/2462\/imagenes\/232925\/inmobiliaria.webp","properties_post_image_url_thumbnail":"https:\/\/movin.cloud\/empresas\/2462\/imagenes\/thumbnails\/232925\/inmobiliaria.webp","properties_post_title":"inmobiliaria","properties_post_alt":"inmobiliaria"},{"properties_post_image_order":14,"properties_post_image_url":"https:\/\/movin.cloud\/empresas\/2462\/imagenes\/232925\/en-alquiler-madrid.webp","properties_post_image_url_thumbnail":"https:\/\/movin.cloud\/empresas\/2462\/imagenes\/thumbnails\/232925\/en-alquiler-madrid.webp","properties_post_title":"en alquiler madrid","properties_post_alt":"en alquiler madrid"},{"properties_post_image_order":15,"properties_post_image_url":"https:\/\/movin.cloud\/empresas\/2462\/imagenes\/232925\/alquiler.webp","properties_post_image_url_thumbnail":"https:\/\/movin.cloud\/empresas\/2462\/imagenes\/thumbnails\/232925\/alquiler.webp","properties_post_title":"alquiler","properties_post_alt":"alquiler"},{"properties_post_image_order":16,"properties_post_image_url":"https:\/\/movin.cloud\/empresas\/2462\/imagenes\/232925\/alquiler-idealistas.webp","properties_post_image_url_thumbnail":"https:\/\/movin.cloud\/empresas\/2462\/imagenes\/thumbnails\/232925\/alquiler-idealistas.webp","properties_post_title":"alquiler idealistas","properties_post_alt":"alquiler idealistas"},{"properties_post_image_order":17,"properties_post_image_url":"https:\/\/movin.cloud\/empresas\/2462\/imagenes\/232925\/habitalia.webp","properties_post_image_url_thumbnail":"https:\/\/movin.cloud\/empresas\/2462\/imagenes\/thumbnails\/232925\/habitalia.webp","properties_post_title":"habitalia","properties_post_alt":"habitalia"},{"properties_post_image_order":18,"properties_post_image_url":"https:\/\/movin.cloud\/empresas\/2462\/imagenes\/232925\/alquilar.webp","properties_post_image_url_thumbnail":"https:\/\/movin.cloud\/empresas\/2462\/imagenes\/thumbnails\/232925\/alquilar.webp","properties_post_title":"alquilar","properties_post_alt":"alquilar"},{"properties_post_image_order":19,"properties_post_image_url":"https:\/\/movin.cloud\/empresas\/2462\/imagenes\/232925\/alquiler-para-idealista.webp","properties_post_image_url_thumbnail":"https:\/\/movin.cloud\/empresas\/2462\/imagenes\/thumbnails\/232925\/alquiler-para-idealista.webp","properties_post_title":"alquiler para idealista","properties_post_alt":"alquiler para idealista"},{"properties_post_image_order":20,"properties_post_image_url":"https:\/\/movin.cloud\/empresas\/2462\/imagenes\/232925\/en-alquiler.webp","properties_post_image_url_thumbnail":"https:\/\/movin.cloud\/empresas\/2462\/imagenes\/thumbnails\/232925\/en-alquiler.webp","properties_post_title":"en alquiler","properties_post_alt":"en alquiler"}],"post_type_properties_post_videos":null,"post_type_properties_post_tour":null,"post_type_properties_post_dossier_url":"","post_type_properties_post_operation_type":"rent","post_type_properties_post_operation_price":20286,"post_type_properties_post_features_hidden_price":false},"yoast_head":"<!-- This site is optimized with the Yoast SEO plugin v27.4 - https:\/\/yoast.com\/product\/yoast-seo-wordpress\/ -->\n<title>Oficina alquiler Madrid. Avenida del Parten\u00f3n - Campo de las Naciones. - Forcadell<\/title>\n<meta name=\"robots\" content=\"index, follow, max-snippet:-1, max-image-preview:large, max-video-preview:-1\" \/>\n<link rel=\"canonical\" href=\"https:\/\/forcadell.com\/ca\/propiedades\/oficina-alquiler-madrid-avenida-del-partenon-campo-de-las-naciones-2\/\" \/>\n<meta property=\"og:locale\" content=\"ca_ES\" \/>\n<meta property=\"og:type\" content=\"article\" \/>\n<meta property=\"og:title\" content=\"Oficina alquiler Madrid. Avenida del Parten\u00f3n - Campo de las Naciones. - Forcadell\" \/>\n<meta property=\"og:description\" content=\"Oficina en alquiler en IFEMA, distribuida en superficies di\u00e1fanas con excelente luz natural, suelo t\u00e9cnico, falso techo met\u00e1lico, altura libre de 2,63 metros, luminarias LED en proceso, sistema de climatizaci\u00f3n centralizada. Se trata de un edificio exclusivo de oficinas compuesto por 6 plantas (PB + 5), cuenta con servicio de conserjer\u00eda y vigilancia 24h, control [&hellip;]\" \/>\n<meta property=\"og:url\" content=\"https:\/\/forcadell.com\/ca\/propiedades\/oficina-alquiler-madrid-avenida-del-partenon-campo-de-las-naciones-2\/\" \/>\n<meta property=\"og:site_name\" content=\"Forcadell\" \/>\n<meta property=\"article:modified_time\" content=\"2026-04-27T15:55:25+00:00\" \/>\n<meta name=\"twitter:card\" content=\"summary_large_image\" \/>\n<meta name=\"twitter:label1\" content=\"Temps estimat de lectura\" \/>\n\t<meta name=\"twitter:data1\" content=\"1 minut\" \/>\n<!-- \/ Yoast SEO plugin. -->","yoast_head_json":{"title":"Oficina alquiler Madrid. Avenida del Parten\u00f3n - Campo de las Naciones. - Forcadell","robots":{"index":"index","follow":"follow","max-snippet":"max-snippet:-1","max-image-preview":"max-image-preview:large","max-video-preview":"max-video-preview:-1"},"canonical":"https:\/\/forcadell.com\/ca\/propiedades\/oficina-alquiler-madrid-avenida-del-partenon-campo-de-las-naciones-2\/","og_locale":"ca_ES","og_type":"article","og_title":"Oficina alquiler Madrid. Avenida del Parten\u00f3n - Campo de las Naciones. - Forcadell","og_description":"Oficina en alquiler en IFEMA, distribuida en superficies di\u00e1fanas con excelente luz natural, suelo t\u00e9cnico, falso techo met\u00e1lico, altura libre de 2,63 metros, luminarias LED en proceso, sistema de climatizaci\u00f3n centralizada. Se trata de un edificio exclusivo de oficinas compuesto por 6 plantas (PB + 5), cuenta con servicio de conserjer\u00eda y vigilancia 24h, control [&hellip;]","og_url":"https:\/\/forcadell.com\/ca\/propiedades\/oficina-alquiler-madrid-avenida-del-partenon-campo-de-las-naciones-2\/","og_site_name":"Forcadell","article_modified_time":"2026-04-27T15:55:25+00:00","twitter_card":"summary_large_image","twitter_misc":{"Temps estimat de lectura":"1 minut"},"schema":{"@context":"https:\/\/schema.org","@graph":[{"@type":"WebPage","@id":"https:\/\/forcadell.com\/ca\/propiedades\/oficina-alquiler-madrid-avenida-del-partenon-campo-de-las-naciones-2\/","url":"https:\/\/forcadell.com\/ca\/propiedades\/oficina-alquiler-madrid-avenida-del-partenon-campo-de-las-naciones-2\/","name":"Oficina alquiler Madrid. Avenida del Parten\u00f3n - Campo de las Naciones. - Forcadell","isPartOf":{"@id":"https:\/\/forcadell.com\/ca\/#website"},"datePublished":"2026-01-22T10:57:52+00:00","dateModified":"2026-04-27T15:55:25+00:00","breadcrumb":{"@id":"https:\/\/forcadell.com\/ca\/propiedades\/oficina-alquiler-madrid-avenida-del-partenon-campo-de-las-naciones-2\/#breadcrumb"},"inLanguage":"ca","potentialAction":[{"@type":"ReadAction","target":["https:\/\/forcadell.com\/ca\/propiedades\/oficina-alquiler-madrid-avenida-del-partenon-campo-de-las-naciones-2\/"]}]},{"@type":"BreadcrumbList","@id":"https:\/\/forcadell.com\/ca\/propiedades\/oficina-alquiler-madrid-avenida-del-partenon-campo-de-las-naciones-2\/#breadcrumb","itemListElement":[{"@type":"ListItem","position":1,"name":"Portada","item":"https:\/\/forcadell.com\/ca\/"},{"@type":"ListItem","position":2,"name":"Properties","item":"https:\/\/forcadell.com\/ca\/propiedades\/"},{"@type":"ListItem","position":3,"name":"Oficina alquiler Madrid. Avenida del Parten\u00f3n &#8211; Campo de las Naciones."}]},{"@type":"WebSite","@id":"https:\/\/forcadell.com\/ca\/#website","url":"https:\/\/forcadell.com\/ca\/","name":"Forcadell","description":"Inmobiliaria Barcelona | Consultores inmobiliarios","potentialAction":[{"@type":"SearchAction","target":{"@type":"EntryPoint","urlTemplate":"https:\/\/forcadell.com\/ca\/?s={search_term_string}"},"query-input":{"@type":"PropertyValueSpecification","valueRequired":true,"valueName":"search_term_string"}}],"inLanguage":"ca"}]}},"_links":{"self":[{"href":"https:\/\/forcadell.com\/ca\/wp-json\/wp\/v2\/properties_post\/61420","targetHints":{"allow":["GET"]}}],"collection":[{"href":"https:\/\/forcadell.com\/ca\/wp-json\/wp\/v2\/properties_post"}],"about":[{"href":"https:\/\/forcadell.com\/ca\/wp-json\/wp\/v2\/types\/properties_post"}],"wp:attachment":[{"href":"https:\/\/forcadell.com\/ca\/wp-json\/wp\/v2\/media?parent=61420"}],"curies":[{"name":"wp","href":"https:\/\/api.w.org\/{rel}","templated":true}]}}