{"id":61418,"date":"2026-01-22T12:56:52","date_gmt":"2026-01-22T10:56:52","guid":{"rendered":"https:\/\/forcadell.com\/propiedades\/oficina-luminosa-y-diafana-en-alquiler-en-la-calle-lopez-de-hoyos-madrid\/"},"modified":"2026-04-28T20:59:48","modified_gmt":"2026-04-28T18:59:48","slug":"oficina-luminosa-y-diafana-en-alquiler-en-la-calle-lopez-de-hoyos-madrid","status":"publish","type":"properties_post","link":"https:\/\/forcadell.com\/ca\/propiedades\/oficina-luminosa-y-diafana-en-alquiler-en-la-calle-lopez-de-hoyos-madrid\/","title":{"rendered":"Oficina luminosa y di\u00e1fana en alquiler en la calle L\u00f3pez de Hoyos, Madrid"},"content":{"rendered":"<p>Las oficinas en alquiler de L\u00f3pez de Hoyos se encuentran en un \u00e1rea que combina inmuebles residenciales con despachos de compa\u00f1\u00edas de primer nivel. El edificio, de seis plantas y m\u00e1s de 7.000 m\u00b2 de superficie, destaca por su formidable fachada de piedra artificial y perfiler\u00eda de muro cortina. El edificio cuenta con una recepci\u00f3n moderna y un patio interior dise\u00f1ado para dar espacios flexibles y de confort a los usuarios del inmueble. Las plantas son a cuatro vientos y el espacio interior muy luminoso. Junto al edificio hay un amplio jard\u00edn. Equipado con la tecnolog\u00eda m\u00e1s avanzada, las l\u00edneas interiores del edificio de L\u00f3pez de Hoyos 35 son sobrias, elegantes y modernas. Las plantas son modulables desde 575m\u00b2 hasta 1.383 m\u00b2.<br \/>\nEspacio interior muy luminoso, oficinas di\u00e1fanas, plantas modulables, climatizaci\u00f3n fr\u00edo-calor por aire, suelo y techo t\u00e9cnico.<br \/>\n*Disponible 1 de Mayo 2026*<\/p>\n","protected":false},"template":"","class_list":["post-61418","properties_post","type-properties_post","status-publish","hentry","properties_modality-rent","properties_district-chamartin","properties_province-madrid","properties_zone-centro","properties_state-madrid","properties_subclass-oficina","properties_type-oficina"],"acf":{"post_type_properties_post_property_code":"222483","post_type_properties_post_property_reference":"IE-193450","post_type_properties_post_owner_id":"50223","post_type_properties_post_owner_name":"INMOBILIARIA COLONIAL - SOCIMI SA","post_type_properties_post_property_code_encrypted":"MjkkNzA1MA==","post_type_properties_post_published":"1","post_type_properties_post_property_visibility":"idealista","post_type_properties_post_contact_name":"Forcadell Oficinas Madrid","post_type_properties_post_contact_email":"forcadell.oficinas.madrid@movin.cloud","post_type_properties_post_contact_primary_phone_prefix":"34","post_type_properties_post_contact_primary_phone_number":"917886880","post_type_properties_post_address_visibility":"street","post_type_properties_post_address_country":"Spain","post_type_properties_post_address_coordinates_precision":"exact","post_type_properties_post_address_postal_code":"28002","post_type_properties_post_address_coordinates_latitude":"40.441173","post_type_properties_post_address_coordinates_longitude":"-3.679715","post_type_properties_post_address_street_name":"CL Lopez de Hoyos 35","post_type_properties_post_address_floor":"4","post_type_properties_post_address_town":"Madrid","post_type_properties_post_building":null,"post_type_properties_post_property":[{"properties_post_description_language":"catalan","properties_post_title":"Oficina lluminosa i di\u00e0fana en lloguer al carrer L\u00f3pez de Hoyos, Madrid.","properties_post_short_description_text_alt":"","properties_post_description_text_alt":"","properties_post_short_description_text":"Les oficines de lloguer de L\u00f3pez de Hoyos es troben en una \u00e0rea que combina immobles residencials amb despatxos de companyies de primer nivell. L'edifici, de sis plantes i m\u00e9s de 7.000 m\u00b2 de superf\u00edcie, destaca per la seva formidable fa\u00e7ana de pedra artificial i perfileria de mur cortina. L'edifici disposa de recepci\u00f3 moderna i un pati interior dissenyat per donar espais flexibles i de confort als usuaris de l'immoble. Les plantes s\u00f3n a quatre vents i l'espai interior molt llumin\u00f3s. Al costat de l'edifici hi ha un ampli jard\u00ed. Equipat amb la tecnologia m\u00e9s avan\u00e7ada, les l\u00ednies interiors de l'edifici de L\u00f3pez de Hoyos 35 s\u00f3n s\u00f2bries, elegants i modernes. Les plantes s\u00f3n modulables des 575m\u00b2 fins 1.383 m\u00b2.\nEspai interior molt llumin\u00f3s, oficines di\u00e0fanes, plantes modulables, climatitzaci\u00f3 fred-calor per aire, terra i sostre t\u00e8cnic.","properties_post_link_demanda_inmueble":"https:\/\/movin.cloud\/ca\/Forcadell Oficinas Madrid\/formulari-peticio-immoble\/sth\/2462&&222483","properties_post_link_demanda_calendario_inmueble":"https:\/\/movin.cloud\/ca\/Forcadell Oficinas Madrid\/calendari-peticio-immoble\/sth\/2462&&222483","properties_post_description_text":"Les oficines de lloguer de L\u00f3pez de Hoyos es troben en una \u00e0rea que combina immobles residencials amb despatxos de companyies de primer nivell. L'edifici, de sis plantes i m\u00e9s de 7.000 m\u00b2 de superf\u00edcie, destaca per la seva formidable fa\u00e7ana de pedra artificial i perfileria de mur cortina. L'edifici disposa de recepci\u00f3 moderna i un pati interior dissenyat per donar espais flexibles i de confort als usuaris de l'immoble. Les plantes s\u00f3n a quatre vents i l'espai interior molt llumin\u00f3s. Al costat de l'edifici hi ha un ampli jard\u00ed. Equipat amb la tecnologia m\u00e9s avan\u00e7ada, les l\u00ednies interiors de l'edifici de L\u00f3pez de Hoyos 35 s\u00f3n s\u00f2bries, elegants i modernes. Les plantes s\u00f3n modulables des 575m\u00b2 fins 1.383 m\u00b2.\nEspai interior molt llumin\u00f3s, oficines di\u00e0fanes, plantes modulables, climatitzaci\u00f3 fred-calor per aire, terra i sostre t\u00e8cnic.","properties_post_seo_title":"","properties_post_seo_alias":"","properties_post_seo_metadescription":"Oficina lluminosa i di\u00e0fana en lloguer al carrer L\u00f3pez de Hoyos, Madrid. Forcadell \u00e9s la seva ag\u00e8ncia de confian\u00e7a per al lloguer d'aquesta oficina.","properties_post_seo_key_words":"oficina lloguer Madrid, lloguer oficina Madrid, oficina Madrid","properties_post_seo_url":"","properties_post_terms_conditions":""},{"properties_post_description_language":"spanish","properties_post_title":"Oficina luminosa y di\u00e1fana en alquiler en la calle L\u00f3pez de Hoyos, Madrid","properties_post_short_description_text_alt":"","properties_post_description_text_alt":"","properties_post_short_description_text":"Las oficinas en alquiler de L\u00f3pez de Hoyos se encuentran en un \u00e1rea que combina inmuebles residenciales con despachos de compa\u00f1\u00edas de primer nivel. El edificio, de seis plantas y m\u00e1s de 7.000 m\u00b2 de superficie, destaca por su formidable fachada de piedra artificial y perfiler\u00eda de muro cortina. El edificio cuenta con una recepci\u00f3n moderna y un patio interior dise\u00f1ado para dar espacios flexibles y de confort a los usuarios del inmueble. Las plantas son a cuatro vientos y el espacio interior muy luminoso. Junto al edificio hay un amplio jard\u00edn. Equipado con la tecnolog\u00eda m\u00e1s avanzada, las l\u00edneas interiores del edificio de L\u00f3pez de Hoyos 35 son sobrias, elegantes y modernas. Las plantas son modulables desde 575m\u00b2 hasta 1.383 m\u00b2.\nEspacio interior muy luminoso, oficinas di\u00e1fanas, plantas modulables, climatizaci\u00f3n fr\u00edo-calor por aire, suelo y techo t\u00e9cnico.","properties_post_link_demanda_inmueble":"https:\/\/movin.cloud\/es\/Forcadell Oficinas Madrid\/formulario-peticion-inmueble\/sth\/2462&&222483","properties_post_link_demanda_calendario_inmueble":"https:\/\/movin.cloud\/es\/Forcadell Oficinas Madrid\/calendario-peticion-inmueble\/sth\/2462&&222483","properties_post_description_text":"Las oficinas en alquiler de L\u00f3pez de Hoyos se encuentran en un \u00e1rea que combina inmuebles residenciales con despachos de compa\u00f1\u00edas de primer nivel. El edificio, de seis plantas y m\u00e1s de 7.000 m\u00b2 de superficie, destaca por su formidable fachada de piedra artificial y perfiler\u00eda de muro cortina. El edificio cuenta con una recepci\u00f3n moderna y un patio interior dise\u00f1ado para dar espacios flexibles y de confort a los usuarios del inmueble. Las plantas son a cuatro vientos y el espacio interior muy luminoso. Junto al edificio hay un amplio jard\u00edn. Equipado con la tecnolog\u00eda m\u00e1s avanzada, las l\u00edneas interiores del edificio de L\u00f3pez de Hoyos 35 son sobrias, elegantes y modernas. Las plantas son modulables desde 575m\u00b2 hasta 1.383 m\u00b2.\nEspacio interior muy luminoso, oficinas di\u00e1fanas, plantas modulables, climatizaci\u00f3n fr\u00edo-calor por aire, suelo y techo t\u00e9cnico.\n*Disponible 1 de Mayo 2026*","properties_post_seo_title":"","properties_post_seo_alias":"","properties_post_seo_metadescription":"Oficina luminosa y di\u00e1fana en alquiler en la calle L\u00f3pez de Hoyos, Madrid. Forcadell es su agencia de confianza para el alquiler de esta oficina.","properties_post_seo_key_words":"oficina alquiler Madrid, alquiler oficina Madrid, oficina en Madrid","properties_post_seo_url":"","properties_post_terms_conditions":""}],"post_type_properties_post_features_type":"office","post_type_properties_post_id_building":"","post_type_properties_post_features_area_constructed":560,"post_type_properties_post_features_conditioned_air":true,"post_type_properties_post_features_doorman":false,"post_type_properties_post_features_heating":true,"post_type_properties_post_features_equipped_kitchen":false,"post_type_properties_post_features_windows_location":"exterior","post_type_properties_post_features_floors_property":false,"post_type_properties_post_features_storage":false,"post_type_properties_post_features_security_door":false,"post_type_properties_post_features_energy_certificate_rating":"unknown","post_type_properties_post_features_energy_certificate_emissions_rating":"","post_type_properties_post_features_energy_certificate_emissions_value":"","post_type_properties_post_features_energy_certificate_performance":"","post_type_properties_post_features_bathroom_inside":false,"post_type_properties_post_precio":15960,"post_type_properties_post_precio_alquiler":15960,"post_type_properties_post_record_type_id":"Oficina","post_type_properties_post_categoria__producto":"Oficina","post_type_properties_post_amueblado":false,"post_type_properties_post_precio_m2":28.5,"post_type_properties_post_zona__comunitaria":false,"post_type_properties_post_electrodomesticos":false,"post_type_properties_post_patio__interior":false,"post_type_properties_post_certificado_energetico_general":"","post_type_properties_post_certificado_energetico_consumo":"","post_type_properties_post_certificado_energetico_valor_emisiones":"","post_type_properties_post_certificado_energetico_valor_consumo":"","post_type_properties_post_modalidad":"rent","post_type_properties_post_provincia":"Madrid","post_type_properties_post_poblacion":"Madrid","post_type_properties_post_centro__urbano":false,"post_type_properties_post_zonificacion":"Centro","post_type_properties_post_cartera":"Segunda mano","post_type_properties_post_titulo_catalan":"Oficina lluminosa i di\u00e0fana en lloguer al carrer L\u00f3pez de Hoyos, Madrid.","post_type_properties_post_internet_catalan":"Les oficines de lloguer de L\u00f3pez de Hoyos es troben en una \u00e0rea que combina immobles residencials amb despatxos de companyies de primer nivell. L'edifici, de sis plantes i m\u00e9s de 7.000 m\u00b2 de superf\u00edcie, destaca per la seva formidable fa\u00e7ana de pedra artificial i perfileria de mur cortina. L'edifici disposa de recepci\u00f3 moderna i un pati interior dissenyat per donar espais flexibles i de confort als usuaris de l'immoble. Les plantes s\u00f3n a quatre vents i l'espai interior molt llumin\u00f3s. Al costat de l'edifici hi ha un ampli jard\u00ed. Equipat amb la tecnologia m\u00e9s avan\u00e7ada, les l\u00ednies interiors de l'edifici de L\u00f3pez de Hoyos 35 s\u00f3n s\u00f2bries, elegants i modernes. Les plantes s\u00f3n modulables des 575m\u00b2 fins 1.383 m\u00b2.\nEspai interior molt llumin\u00f3s, oficines di\u00e0fanes, plantes modulables, climatitzaci\u00f3 fred-calor per aire, terra i sostre t\u00e8cnic.","post_type_properties_post_titulo_castellano":"Oficina luminosa y di\u00e1fana en alquiler en la calle L\u00f3pez de Hoyos, Madrid","post_type_properties_post_internet_castellano":"Las oficinas en alquiler de L\u00f3pez de Hoyos se encuentran en un \u00e1rea que combina inmuebles residenciales con despachos de compa\u00f1\u00edas de primer nivel. El edificio, de seis plantas y m\u00e1s de 7.000 m\u00b2 de superficie, destaca por su formidable fachada de piedra artificial y perfiler\u00eda de muro cortina. El edificio cuenta con una recepci\u00f3n moderna y un patio interior dise\u00f1ado para dar espacios flexibles y de confort a los usuarios del inmueble. Las plantas son a cuatro vientos y el espacio interior muy luminoso. Junto al edificio hay un amplio jard\u00edn. Equipado con la tecnolog\u00eda m\u00e1s avanzada, las l\u00edneas interiores del edificio de L\u00f3pez de Hoyos 35 son sobrias, elegantes y modernas. Las plantas son modulables desde 575m\u00b2 hasta 1.383 m\u00b2.\nEspacio interior muy luminoso, oficinas di\u00e1fanas, plantas modulables, climatizaci\u00f3n fr\u00edo-calor por aire, suelo y techo t\u00e9cnico.\n*Disponible 1 de Mayo 2026*","post_type_properties_post_titulo_ingles":"","post_type_properties_post_internet_ingles":"","post_type_properties_post_features_classification_commercial":false,"post_type_properties_post_features_conservation":"","post_type_properties_post_features_security_personnel":false,"post_type_properties_post_features_parking_available":false,"post_type_properties_post_features_garage_capacity_type":"","post_type_properties_post_features_bathroom_number":"","post_type_properties_post_eje":"","post_type_properties_post_zona":"","post_type_properties_post_comarca":"","post_type_properties_post_features_built_year":"","post_type_properties_post_renta_mensual":13720,"post_type_properties_post_fianza":"","post_type_properties_post_features_area_plot":"","post_type_properties_post_features_area_buildable":"","post_type_properties_post_features_classification_industrial":false,"post_type_properties_post_distrito":"","post_type_properties_post_features_balcony":false,"post_type_properties_post_features_bedroom_number":"","post_type_properties_post_features_heating_type":"","post_type_properties_post_features_equipped_with_furniture":false,"post_type_properties_post_features_pets_allowed":false,"post_type_properties_post_features_pool":false,"post_type_properties_post_features_terrace":false,"post_type_properties_post_features_wardrobes":false,"post_type_properties_post_features_lift_available":false,"post_type_properties_post_features_handicap_adapted_access":false,"post_type_properties_post_features_orientation_east":false,"post_type_properties_post_features_orientation_west":false,"post_type_properties_post_features_orientation_north":false,"post_type_properties_post_features_orientation_south":false,"post_type_properties_post_features_parking_spaces_number":"","post_type_properties_post_features_security_alarm":false,"post_type_properties_post_features_security_system":false,"post_type_properties_post_open_plan":false,"post_type_properties_post_acceso_24_7":false,"post_type_properties_post_oficina_privada":false,"post_type_properties_post_sala_reuniones":false,"post_type_properties_post_espacio_eventos":false,"post_type_properties_post_office":false,"post_type_properties_post_restaurant":false,"post_type_properties_post_acepta_traspaso":false,"post_type_properties_post_vigilancia":false,"post_type_properties_post_features_suite":false,"post_type_properties_post_features_vitro":false,"post_type_properties_post_features_oven":false,"post_type_properties_post_features_microwave":false,"post_type_properties_post_features_washing_machine":false,"post_type_properties_post_features_dryer":false,"post_type_properties_post_features_dishwasher":false,"post_type_properties_post_features_fridge":false,"post_type_properties_post_features_fridge_mini":false,"post_type_properties_post_features_kettle":false,"post_type_properties_post_features_toaster":false,"post_type_properties_post_features_coffee_maker":false,"post_type_properties_post_features_iron":false,"post_type_properties_post_features_ironing_board":false,"post_type_properties_post_features_safe":false,"post_type_properties_post_features_internet":false,"post_type_properties_post_features_solarium":false,"post_type_properties_post_features_clean_service":false,"post_type_properties_post_features_t_v":false,"post_type_properties_post_features_satellite_t_v":false,"post_type_properties_post_features_gas_kitchen":false,"post_type_properties_post_features_view_mountain":false,"post_type_properties_post_features_view_sea":false,"post_type_properties_post_features_concierge":false,"post_type_properties_post_features_loading_dock":false,"post_type_properties_post_features_bridge_crane":false,"post_type_properties_post_features_located_at_corner":false,"post_type_properties_post_features_smoke_extraction":false,"post_type_properties_post_features_rooms":"","post_type_properties_post_features_garden_area":"","post_type_properties_post_features_utilities_water":false,"post_type_properties_post_features_utilities_electricity":false,"post_type_properties_post_features_utilities_natural_gas":false,"post_type_properties_post_features_building_adapted":false,"post_type_properties_post_features_garden":false,"post_type_properties_post_features_classification_hotel":false,"post_type_properties_post_features_classification_chalet":false,"post_type_properties_post_certificado_energetico_emisiones":"","post_type_properties_post_barrio":"","post_type_properties_post_distrito_empresa":"Chamart\u00edn","post_type_properties_post_features_property_category_intern":"","post_type_properties_post_implantada":false,"post_type_properties_post_sello_leed":"","post_type_properties_post_sello_well":"","post_type_properties_post_sello_breeam":false,"post_type_properties_post_images":[{"properties_post_image_order":1,"properties_post_image_url":"https:\/\/movin.cloud\/empresas\/2462\/imagenes\/222483\/en-alquiler.webp","properties_post_image_url_thumbnail":"https:\/\/movin.cloud\/empresas\/2462\/imagenes\/thumbnails\/222483\/en-alquiler.webp","properties_post_title":"en alquiler","properties_post_alt":"en alquiler"},{"properties_post_image_order":2,"properties_post_image_url":"https:\/\/movin.cloud\/empresas\/2462\/imagenes\/222483\/alquiler-idealistas.webp","properties_post_image_url_thumbnail":"https:\/\/movin.cloud\/empresas\/2462\/imagenes\/thumbnails\/222483\/alquiler-idealistas.webp","properties_post_title":"alquiler idealistas","properties_post_alt":"alquiler idealistas"},{"properties_post_image_order":3,"properties_post_image_url":"https:\/\/movin.cloud\/empresas\/2462\/imagenes\/222483\/habitalia.webp","properties_post_image_url_thumbnail":"https:\/\/movin.cloud\/empresas\/2462\/imagenes\/thumbnails\/222483\/habitalia.webp","properties_post_title":"habitalia","properties_post_alt":"habitalia"},{"properties_post_image_order":4,"properties_post_image_url":"https:\/\/movin.cloud\/empresas\/2462\/imagenes\/222483\/alquiler.webp","properties_post_image_url_thumbnail":"https:\/\/movin.cloud\/empresas\/2462\/imagenes\/thumbnails\/222483\/alquiler.webp","properties_post_title":"alquiler","properties_post_alt":"alquiler"},{"properties_post_image_order":5,"properties_post_image_url":"https:\/\/movin.cloud\/empresas\/2462\/imagenes\/222483\/alquilar.webp","properties_post_image_url_thumbnail":"https:\/\/movin.cloud\/empresas\/2462\/imagenes\/thumbnails\/222483\/alquilar.webp","properties_post_title":"alquilar","properties_post_alt":"alquilar"}],"post_type_properties_post_videos":null,"post_type_properties_post_tour":null,"post_type_properties_post_dossier_url":"","post_type_properties_post_operation_type":"rent","post_type_properties_post_operation_price":15960,"post_type_properties_post_features_hidden_price":false},"yoast_head":"<!-- This site is optimized with the Yoast SEO plugin v27.4 - https:\/\/yoast.com\/product\/yoast-seo-wordpress\/ -->\n<title>Oficina luminosa y di\u00e1fana en alquiler en la calle L\u00f3pez de Hoyos, Madrid - Forcadell<\/title>\n<meta name=\"robots\" content=\"index, follow, max-snippet:-1, max-image-preview:large, max-video-preview:-1\" \/>\n<link rel=\"canonical\" href=\"https:\/\/forcadell.com\/ca\/propiedades\/oficina-luminosa-y-diafana-en-alquiler-en-la-calle-lopez-de-hoyos-madrid\/\" \/>\n<meta property=\"og:locale\" content=\"ca_ES\" \/>\n<meta property=\"og:type\" content=\"article\" \/>\n<meta property=\"og:title\" content=\"Oficina luminosa y di\u00e1fana en alquiler en la calle L\u00f3pez de Hoyos, Madrid - Forcadell\" \/>\n<meta property=\"og:description\" content=\"Las oficinas en alquiler de L\u00f3pez de Hoyos se encuentran en un \u00e1rea que combina inmuebles residenciales con despachos de compa\u00f1\u00edas de primer nivel. El edificio, de seis plantas y m\u00e1s de 7.000 m\u00b2 de superficie, destaca por su formidable fachada de piedra artificial y perfiler\u00eda de muro cortina. El edificio cuenta con una recepci\u00f3n [&hellip;]\" \/>\n<meta property=\"og:url\" content=\"https:\/\/forcadell.com\/ca\/propiedades\/oficina-luminosa-y-diafana-en-alquiler-en-la-calle-lopez-de-hoyos-madrid\/\" \/>\n<meta property=\"og:site_name\" content=\"Forcadell\" \/>\n<meta property=\"article:modified_time\" content=\"2026-04-28T18:59:48+00:00\" \/>\n<meta name=\"twitter:card\" content=\"summary_large_image\" \/>\n<meta name=\"twitter:label1\" content=\"Temps estimat de lectura\" \/>\n\t<meta name=\"twitter:data1\" content=\"1 minut\" \/>\n<!-- \/ Yoast SEO plugin. -->","yoast_head_json":{"title":"Oficina luminosa y di\u00e1fana en alquiler en la calle L\u00f3pez de Hoyos, Madrid - Forcadell","robots":{"index":"index","follow":"follow","max-snippet":"max-snippet:-1","max-image-preview":"max-image-preview:large","max-video-preview":"max-video-preview:-1"},"canonical":"https:\/\/forcadell.com\/ca\/propiedades\/oficina-luminosa-y-diafana-en-alquiler-en-la-calle-lopez-de-hoyos-madrid\/","og_locale":"ca_ES","og_type":"article","og_title":"Oficina luminosa y di\u00e1fana en alquiler en la calle L\u00f3pez de Hoyos, Madrid - Forcadell","og_description":"Las oficinas en alquiler de L\u00f3pez de Hoyos se encuentran en un \u00e1rea que combina inmuebles residenciales con despachos de compa\u00f1\u00edas de primer nivel. El edificio, de seis plantas y m\u00e1s de 7.000 m\u00b2 de superficie, destaca por su formidable fachada de piedra artificial y perfiler\u00eda de muro cortina. El edificio cuenta con una recepci\u00f3n [&hellip;]","og_url":"https:\/\/forcadell.com\/ca\/propiedades\/oficina-luminosa-y-diafana-en-alquiler-en-la-calle-lopez-de-hoyos-madrid\/","og_site_name":"Forcadell","article_modified_time":"2026-04-28T18:59:48+00:00","twitter_card":"summary_large_image","twitter_misc":{"Temps estimat de lectura":"1 minut"},"schema":{"@context":"https:\/\/schema.org","@graph":[{"@type":"WebPage","@id":"https:\/\/forcadell.com\/ca\/propiedades\/oficina-luminosa-y-diafana-en-alquiler-en-la-calle-lopez-de-hoyos-madrid\/","url":"https:\/\/forcadell.com\/ca\/propiedades\/oficina-luminosa-y-diafana-en-alquiler-en-la-calle-lopez-de-hoyos-madrid\/","name":"Oficina luminosa y di\u00e1fana en alquiler en la calle L\u00f3pez de Hoyos, Madrid - Forcadell","isPartOf":{"@id":"https:\/\/forcadell.com\/ca\/#website"},"datePublished":"2026-01-22T10:56:52+00:00","dateModified":"2026-04-28T18:59:48+00:00","breadcrumb":{"@id":"https:\/\/forcadell.com\/ca\/propiedades\/oficina-luminosa-y-diafana-en-alquiler-en-la-calle-lopez-de-hoyos-madrid\/#breadcrumb"},"inLanguage":"ca","potentialAction":[{"@type":"ReadAction","target":["https:\/\/forcadell.com\/ca\/propiedades\/oficina-luminosa-y-diafana-en-alquiler-en-la-calle-lopez-de-hoyos-madrid\/"]}]},{"@type":"BreadcrumbList","@id":"https:\/\/forcadell.com\/ca\/propiedades\/oficina-luminosa-y-diafana-en-alquiler-en-la-calle-lopez-de-hoyos-madrid\/#breadcrumb","itemListElement":[{"@type":"ListItem","position":1,"name":"Portada","item":"https:\/\/forcadell.com\/ca\/"},{"@type":"ListItem","position":2,"name":"Properties","item":"https:\/\/forcadell.com\/ca\/propiedades\/"},{"@type":"ListItem","position":3,"name":"Oficina luminosa y di\u00e1fana en alquiler en la calle L\u00f3pez de Hoyos, Madrid"}]},{"@type":"WebSite","@id":"https:\/\/forcadell.com\/ca\/#website","url":"https:\/\/forcadell.com\/ca\/","name":"Forcadell","description":"Inmobiliaria Barcelona | Consultores inmobiliarios","potentialAction":[{"@type":"SearchAction","target":{"@type":"EntryPoint","urlTemplate":"https:\/\/forcadell.com\/ca\/?s={search_term_string}"},"query-input":{"@type":"PropertyValueSpecification","valueRequired":true,"valueName":"search_term_string"}}],"inLanguage":"ca"}]}},"_links":{"self":[{"href":"https:\/\/forcadell.com\/ca\/wp-json\/wp\/v2\/properties_post\/61418","targetHints":{"allow":["GET"]}}],"collection":[{"href":"https:\/\/forcadell.com\/ca\/wp-json\/wp\/v2\/properties_post"}],"about":[{"href":"https:\/\/forcadell.com\/ca\/wp-json\/wp\/v2\/types\/properties_post"}],"wp:attachment":[{"href":"https:\/\/forcadell.com\/ca\/wp-json\/wp\/v2\/media?parent=61418"}],"curies":[{"name":"wp","href":"https:\/\/api.w.org\/{rel}","templated":true}]}}