{"id":61215,"date":"2026-01-16T09:18:43","date_gmt":"2026-01-16T07:18:43","guid":{"rendered":"https:\/\/forcadell.com\/propiedades\/alaba-111\/"},"modified":"2026-04-26T15:13:57","modified_gmt":"2026-04-26T13:13:57","slug":"alaba-111","status":"publish","type":"properties_post","link":"https:\/\/forcadell.com\/ca\/propiedades\/alaba-111\/","title":{"rendered":"ALABA 111"},"content":{"rendered":"<p>Descubre un edificio de oficinas a estrenar dise\u00f1ado para impulsar tu negocio en una de las zonas empresariales m\u00e1s din\u00e1micas de la ciudad.<\/p>\n<p>Caracter\u00edsticas destacadas<\/p>\n<p>PB + 7 plantas con un total de 17.556 m\u00b2 sobre rasante<br \/>\n2.034 m\u00b2 de terrazas y espacios exteriores<br \/>\nTerrazas privativas en todas las plantas<br \/>\nTerraza comunitaria en planta 7<br \/>\nPlantas con alta flexibilidad de modulaci\u00f3n: 600 m\u00b2, 1.000 m\u00b2 o 1.400 m\u00b2<br \/>\nLocales adaptables como oficinas, pensados para crecer contigo<\/p>\n<p>Ubicaci\u00f3n estrat\u00e9gica:<br \/>\nSituado en calle \u00c0laba, en el consolidado distrito 22@, rodeado de empresas l\u00edderes que ya han elegido esta zona como sede corporativa.<\/p>\n<p>Excelentes comunicaciones:<\/p>\n<p>Conectado por bus, metro y tranv\u00eda<br \/>\nAeropuerto a solo 20 minutos<br \/>\nR\u00e1pido acceso al centro de Barcelona<\/p>\n<p>Espacios modernos, luminosos y con zonas exteriores para mejorar el bienestar y la productividad de tus equipos.<\/p>\n<p>El lugar perfecto para tu pr\u00f3xima sede corporativa.<\/p>\n<p>Cont\u00e1ctanos y descubre c\u00f3mo este edificio puede adaptarse a tu empresa.<\/p>\n","protected":false},"template":"","class_list":["post-61215","properties_post","type-properties_post","status-publish","hentry","properties_modality-rent","properties_district-sant-marti","properties_province-barcelona","properties_zone-116","properties_state-barcelona","properties_subclass-oficina","properties_type-oficina"],"acf":{"post_type_properties_post_property_code":"11247335","post_type_properties_post_property_reference":"IE-226070","post_type_properties_post_owner_id":"49479","post_type_properties_post_owner_name":"SAVILLS RE SPAIN S.A.U","post_type_properties_post_property_code_encrypted":"MjQ5JDMxOTAy","post_type_properties_post_published":"1","post_type_properties_post_property_visibility":"idealista","post_type_properties_post_contact_name":"Forcadell Oficinas Barcelona","post_type_properties_post_contact_email":"forcadell.oficinas.barcelona@movin.cloud","post_type_properties_post_contact_primary_phone_prefix":"34","post_type_properties_post_contact_primary_phone_number":"934965413","post_type_properties_post_address_visibility":"street","post_type_properties_post_address_country":"Spain","post_type_properties_post_address_coordinates_precision":"exact","post_type_properties_post_address_postal_code":"08001","post_type_properties_post_address_coordinates_latitude":"41.398378056668","post_type_properties_post_address_coordinates_longitude":"2.191307","post_type_properties_post_address_street_name":"CL \u00c0laba 111","post_type_properties_post_address_floor":"","post_type_properties_post_address_town":"Barcelona","post_type_properties_post_building":null,"post_type_properties_post_property":[{"properties_post_description_language":"catalan","properties_post_title":"ALABA 111","properties_post_short_description_text_alt":"","properties_post_description_text_alt":"","properties_post_short_description_text":"","properties_post_link_demanda_inmueble":"https:\/\/movin.cloud\/ca\/Forcadell Oficinas Barcelona\/formulari-peticio-immoble\/sth\/2438&&11247335","properties_post_link_demanda_calendario_inmueble":"https:\/\/movin.cloud\/ca\/Forcadell Oficinas Barcelona\/calendari-peticio-immoble\/sth\/2438&&11247335","properties_post_description_text":"Descobreix un edifici d'oficines a estrenar dissenyat per impulsar el teu negoci a una de les zones empresarials m\u00e9s din\u00e0miques de la ciutat.\n\nCaracter\u00edstiques destacades\n\nPB + 7 plantes amb un total de 17.556 m\u00b2 sobre rasant\n2.034 m\u00b2 de terrasses i espais exteriors\nTerrasses privatives a totes les plantes\nTerrassa comunit\u00e0ria a planta 7\nPlantes amb alta flexibilitat de modulaci\u00f3: 600 m\u00b2, 1.000 m\u00b2 o 1.400 m\u00b2\nLocals adaptables com a oficines, pensats per cr\u00e9ixer amb tu\n\nUbicaci\u00f3 estrat\u00e8gica:\nSituat al carrer \u00c0laba, al consolidat districte 22@, envoltat d'empreses l\u00edders que ja han triat aquesta zona com a seu corporativa.\n\nExcel\u00b7lents comunicacions:;\n\nConnectat per bus, metro i tramvia\nAeroport a nom\u00e9s 20 minuts\nR\u00e0pid acc\u00e9s al centre de Barcelona\n\nEspais moderns, lluminosos i amb zones exteriors per millorar el benestar i la productivitat dels equips.\n\nEl lloc perfecte per a la propera seu corporativa.\n\nContacta'ns i descobreix com aquest edifici es pot adaptar a la teva empresa.","properties_post_seo_title":"","properties_post_seo_alias":"","properties_post_seo_metadescription":"","properties_post_seo_key_words":"","properties_post_seo_url":"","properties_post_terms_conditions":""},{"properties_post_description_language":"spanish","properties_post_title":"ALABA 111","properties_post_short_description_text_alt":"","properties_post_description_text_alt":"","properties_post_short_description_text":"","properties_post_link_demanda_inmueble":"https:\/\/movin.cloud\/es\/Forcadell Oficinas Barcelona\/formulario-peticion-inmueble\/sth\/2438&&11247335","properties_post_link_demanda_calendario_inmueble":"https:\/\/movin.cloud\/es\/Forcadell Oficinas Barcelona\/calendario-peticion-inmueble\/sth\/2438&&11247335","properties_post_description_text":"Descubre un edificio de oficinas a estrenar dise\u00f1ado para impulsar tu negocio en una de las zonas empresariales m\u00e1s din\u00e1micas de la ciudad.\n\nCaracter\u00edsticas destacadas\n\nPB + 7 plantas con un total de 17.556 m\u00b2 sobre rasante\n2.034 m\u00b2 de terrazas y espacios exteriores\nTerrazas privativas en todas las plantas\nTerraza comunitaria en planta 7\nPlantas con alta flexibilidad de modulaci\u00f3n: 600 m\u00b2, 1.000 m\u00b2 o 1.400 m\u00b2\nLocales adaptables como oficinas, pensados para crecer contigo\n\nUbicaci\u00f3n estrat\u00e9gica:\nSituado en calle \u00c0laba, en el consolidado distrito 22@, rodeado de empresas l\u00edderes que ya han elegido esta zona como sede corporativa.\n\nExcelentes comunicaciones:\n\nConectado por bus, metro y tranv\u00eda\nAeropuerto a solo 20 minutos\nR\u00e1pido acceso al centro de Barcelona\n\nEspacios modernos, luminosos y con zonas exteriores para mejorar el bienestar y la productividad de tus equipos.\n\nEl lugar perfecto para tu pr\u00f3xima sede corporativa.\n\nCont\u00e1ctanos y descubre c\u00f3mo este edificio puede adaptarse a tu empresa.","properties_post_seo_title":"","properties_post_seo_alias":"","properties_post_seo_metadescription":"","properties_post_seo_key_words":"","properties_post_seo_url":"","properties_post_terms_conditions":""}],"post_type_properties_post_features_type":"office","post_type_properties_post_id_building":"MjkkMjc3MzQ=","post_type_properties_post_features_area_constructed":1000,"post_type_properties_post_features_conditioned_air":true,"post_type_properties_post_features_doorman":false,"post_type_properties_post_features_heating":true,"post_type_properties_post_features_equipped_kitchen":false,"post_type_properties_post_features_windows_location":"exterior","post_type_properties_post_features_floors_property":false,"post_type_properties_post_features_storage":false,"post_type_properties_post_features_security_door":false,"post_type_properties_post_features_energy_certificate_rating":"A","post_type_properties_post_features_energy_certificate_emissions_rating":"A","post_type_properties_post_features_energy_certificate_emissions_value":"","post_type_properties_post_features_energy_certificate_performance":"","post_type_properties_post_features_bathroom_inside":true,"post_type_properties_post_precio":25000,"post_type_properties_post_precio_alquiler":25000,"post_type_properties_post_record_type_id":"Oficina","post_type_properties_post_categoria__producto":"Oficina","post_type_properties_post_amueblado":false,"post_type_properties_post_precio_m2":25,"post_type_properties_post_zona__comunitaria":false,"post_type_properties_post_electrodomesticos":false,"post_type_properties_post_patio__interior":true,"post_type_properties_post_certificado_energetico_general":"A","post_type_properties_post_certificado_energetico_consumo":"A","post_type_properties_post_certificado_energetico_valor_emisiones":"","post_type_properties_post_certificado_energetico_valor_consumo":"","post_type_properties_post_modalidad":"rent","post_type_properties_post_provincia":"Barcelona","post_type_properties_post_poblacion":"Barcelona","post_type_properties_post_centro__urbano":false,"post_type_properties_post_zonificacion":"22 @","post_type_properties_post_cartera":"","post_type_properties_post_titulo_catalan":"ALABA 111","post_type_properties_post_internet_catalan":"Descobreix un edifici d'oficines a estrenar dissenyat per impulsar el teu negoci a una de les zones empresarials m\u00e9s din\u00e0miques de la ciutat.\n\nCaracter\u00edstiques destacades\n\nPB + 7 plantes amb un total de 17.556 m\u00b2 sobre rasant\n2.034 m\u00b2 de terrasses i espais exteriors\nTerrasses privatives a totes les plantes\nTerrassa comunit\u00e0ria a planta 7\nPlantes amb alta flexibilitat de modulaci\u00f3: 600 m\u00b2, 1.000 m\u00b2 o 1.400 m\u00b2\nLocals adaptables com a oficines, pensats per cr\u00e9ixer amb tu\n\nUbicaci\u00f3 estrat\u00e8gica:\nSituat al carrer \u00c0laba, al consolidat districte 22@, envoltat d'empreses l\u00edders que ja han triat aquesta zona com a seu corporativa.\n\nExcel\u00b7lents comunicacions:;\n\nConnectat per bus, metro i tramvia\nAeroport a nom\u00e9s 20 minuts\nR\u00e0pid acc\u00e9s al centre de Barcelona\n\nEspais moderns, lluminosos i amb zones exteriors per millorar el benestar i la productivitat dels equips.\n\nEl lloc perfecte per a la propera seu corporativa.\n\nContacta'ns i descobreix com aquest edifici es pot adaptar a la teva empresa.","post_type_properties_post_titulo_castellano":"ALABA 111","post_type_properties_post_internet_castellano":"Descubre un edificio de oficinas a estrenar dise\u00f1ado para impulsar tu negocio en una de las zonas empresariales m\u00e1s din\u00e1micas de la ciudad.\n\nCaracter\u00edsticas destacadas\n\nPB + 7 plantas con un total de 17.556 m\u00b2 sobre rasante\n2.034 m\u00b2 de terrazas y espacios exteriores\nTerrazas privativas en todas las plantas\nTerraza comunitaria en planta 7\nPlantas con alta flexibilidad de modulaci\u00f3n: 600 m\u00b2, 1.000 m\u00b2 o 1.400 m\u00b2\nLocales adaptables como oficinas, pensados para crecer contigo\n\nUbicaci\u00f3n estrat\u00e9gica:\nSituado en calle \u00c0laba, en el consolidado distrito 22@, rodeado de empresas l\u00edderes que ya han elegido esta zona como sede corporativa.\n\nExcelentes comunicaciones:\n\nConectado por bus, metro y tranv\u00eda\nAeropuerto a solo 20 minutos\nR\u00e1pido acceso al centro de Barcelona\n\nEspacios modernos, luminosos y con zonas exteriores para mejorar el bienestar y la productividad de tus equipos.\n\nEl lugar perfecto para tu pr\u00f3xima sede corporativa.\n\nCont\u00e1ctanos y descubre c\u00f3mo este edificio puede adaptarse a tu empresa.","post_type_properties_post_titulo_ingles":"","post_type_properties_post_internet_ingles":"","post_type_properties_post_features_classification_commercial":false,"post_type_properties_post_features_conservation":"","post_type_properties_post_features_security_personnel":false,"post_type_properties_post_features_parking_available":false,"post_type_properties_post_features_garage_capacity_type":"","post_type_properties_post_features_bathroom_number":"","post_type_properties_post_eje":"","post_type_properties_post_zona":"","post_type_properties_post_comarca":"","post_type_properties_post_features_built_year":"","post_type_properties_post_renta_mensual":25000,"post_type_properties_post_fianza":"","post_type_properties_post_features_area_plot":"","post_type_properties_post_features_area_buildable":"","post_type_properties_post_features_classification_industrial":false,"post_type_properties_post_distrito":"","post_type_properties_post_features_balcony":false,"post_type_properties_post_features_bedroom_number":"","post_type_properties_post_features_heating_type":"","post_type_properties_post_features_equipped_with_furniture":false,"post_type_properties_post_features_pets_allowed":false,"post_type_properties_post_features_pool":false,"post_type_properties_post_features_terrace":false,"post_type_properties_post_features_wardrobes":false,"post_type_properties_post_features_lift_available":false,"post_type_properties_post_features_handicap_adapted_access":false,"post_type_properties_post_features_orientation_east":false,"post_type_properties_post_features_orientation_west":false,"post_type_properties_post_features_orientation_north":false,"post_type_properties_post_features_orientation_south":false,"post_type_properties_post_features_parking_spaces_number":"","post_type_properties_post_features_security_alarm":false,"post_type_properties_post_features_security_system":false,"post_type_properties_post_open_plan":false,"post_type_properties_post_acceso_24_7":false,"post_type_properties_post_oficina_privada":false,"post_type_properties_post_sala_reuniones":false,"post_type_properties_post_espacio_eventos":false,"post_type_properties_post_office":false,"post_type_properties_post_restaurant":false,"post_type_properties_post_acepta_traspaso":false,"post_type_properties_post_vigilancia":false,"post_type_properties_post_features_suite":false,"post_type_properties_post_features_vitro":false,"post_type_properties_post_features_oven":false,"post_type_properties_post_features_microwave":false,"post_type_properties_post_features_washing_machine":false,"post_type_properties_post_features_dryer":false,"post_type_properties_post_features_dishwasher":false,"post_type_properties_post_features_fridge":false,"post_type_properties_post_features_fridge_mini":false,"post_type_properties_post_features_kettle":false,"post_type_properties_post_features_toaster":false,"post_type_properties_post_features_coffee_maker":false,"post_type_properties_post_features_iron":false,"post_type_properties_post_features_ironing_board":false,"post_type_properties_post_features_safe":false,"post_type_properties_post_features_internet":false,"post_type_properties_post_features_solarium":false,"post_type_properties_post_features_clean_service":false,"post_type_properties_post_features_t_v":false,"post_type_properties_post_features_satellite_t_v":false,"post_type_properties_post_features_gas_kitchen":false,"post_type_properties_post_features_view_mountain":false,"post_type_properties_post_features_view_sea":false,"post_type_properties_post_features_concierge":false,"post_type_properties_post_features_loading_dock":false,"post_type_properties_post_features_bridge_crane":false,"post_type_properties_post_features_located_at_corner":false,"post_type_properties_post_features_smoke_extraction":false,"post_type_properties_post_features_rooms":"","post_type_properties_post_features_garden_area":"","post_type_properties_post_features_utilities_water":false,"post_type_properties_post_features_utilities_electricity":false,"post_type_properties_post_features_utilities_natural_gas":false,"post_type_properties_post_features_building_adapted":false,"post_type_properties_post_features_garden":false,"post_type_properties_post_features_classification_hotel":false,"post_type_properties_post_features_classification_chalet":false,"post_type_properties_post_certificado_energetico_emisiones":"A","post_type_properties_post_barrio":"","post_type_properties_post_distrito_empresa":"Sant Mart\u00ed","post_type_properties_post_features_property_category_intern":"","post_type_properties_post_implantada":false,"post_type_properties_post_sello_leed":"1","post_type_properties_post_sello_well":"","post_type_properties_post_sello_breeam":false,"post_type_properties_post_images":[{"properties_post_image_order":1,"properties_post_image_url":"https:\/\/movin.cloud\/empresas\/2438\/imagenes\/11247335\/en-alquiler-36.webp","properties_post_image_url_thumbnail":"https:\/\/movin.cloud\/empresas\/2438\/imagenes\/thumbnails\/11247335\/en-alquiler-36.webp","properties_post_title":"en alquiler 36","properties_post_alt":"en alquiler 36"},{"properties_post_image_order":2,"properties_post_image_url":"https:\/\/movin.cloud\/empresas\/2438\/imagenes\/11247335\/en-alquiler-37.webp","properties_post_image_url_thumbnail":"https:\/\/movin.cloud\/empresas\/2438\/imagenes\/thumbnails\/11247335\/en-alquiler-37.webp","properties_post_title":"en alquiler 37","properties_post_alt":"en alquiler 37"},{"properties_post_image_order":3,"properties_post_image_url":"https:\/\/movin.cloud\/empresas\/2438\/imagenes\/11247335\/en-alquiler-34.webp","properties_post_image_url_thumbnail":"https:\/\/movin.cloud\/empresas\/2438\/imagenes\/thumbnails\/11247335\/en-alquiler-34.webp","properties_post_title":"en alquiler 34","properties_post_alt":"en alquiler 34"},{"properties_post_image_order":4,"properties_post_image_url":"https:\/\/movin.cloud\/empresas\/2438\/imagenes\/11247335\/en-alquiler-35.webp","properties_post_image_url_thumbnail":"https:\/\/movin.cloud\/empresas\/2438\/imagenes\/thumbnails\/11247335\/en-alquiler-35.webp","properties_post_title":"en alquiler 35","properties_post_alt":"en alquiler 35"},{"properties_post_image_order":5,"properties_post_image_url":"https:\/\/movin.cloud\/empresas\/2438\/imagenes\/11247335\/en-alquiler-barcelona.webp","properties_post_image_url_thumbnail":"https:\/\/movin.cloud\/empresas\/2438\/imagenes\/thumbnails\/11247335\/en-alquiler-barcelona.webp","properties_post_title":"en alquiler barcelona","properties_post_alt":"en alquiler barcelona"},{"properties_post_image_order":6,"properties_post_image_url":"https:\/\/movin.cloud\/empresas\/2438\/imagenes\/11247335\/inmobiliarias-barcelona.webp","properties_post_image_url_thumbnail":"https:\/\/movin.cloud\/empresas\/2438\/imagenes\/thumbnails\/11247335\/inmobiliarias-barcelona.webp","properties_post_title":"inmobiliarias barcelona","properties_post_alt":"inmobiliarias barcelona"},{"properties_post_image_order":7,"properties_post_image_url":"https:\/\/movin.cloud\/empresas\/2438\/imagenes\/11247335\/fincas.webp","properties_post_image_url_thumbnail":"https:\/\/movin.cloud\/empresas\/2438\/imagenes\/thumbnails\/11247335\/fincas.webp","properties_post_title":"fincas","properties_post_alt":"fincas"},{"properties_post_image_order":8,"properties_post_image_url":"https:\/\/movin.cloud\/empresas\/2438\/imagenes\/11247335\/habitalia.webp","properties_post_image_url_thumbnail":"https:\/\/movin.cloud\/empresas\/2438\/imagenes\/thumbnails\/11247335\/habitalia.webp","properties_post_title":"habitalia","properties_post_alt":"habitalia"},{"properties_post_image_order":9,"properties_post_image_url":"https:\/\/movin.cloud\/empresas\/2438\/imagenes\/11247335\/rent-barcelona.webp","properties_post_image_url_thumbnail":"https:\/\/movin.cloud\/empresas\/2438\/imagenes\/thumbnails\/11247335\/rent-barcelona.webp","properties_post_title":"rent barcelona","properties_post_alt":"rent barcelona"},{"properties_post_image_order":10,"properties_post_image_url":"https:\/\/movin.cloud\/empresas\/2438\/imagenes\/11247335\/alquilar.webp","properties_post_image_url_thumbnail":"https:\/\/movin.cloud\/empresas\/2438\/imagenes\/thumbnails\/11247335\/alquilar.webp","properties_post_title":"alquilar","properties_post_alt":"alquilar"},{"properties_post_image_order":11,"properties_post_image_url":"https:\/\/movin.cloud\/empresas\/2438\/imagenes\/11247335\/alquilar-barcelona.webp","properties_post_image_url_thumbnail":"https:\/\/movin.cloud\/empresas\/2438\/imagenes\/thumbnails\/11247335\/alquilar-barcelona.webp","properties_post_title":"alquilar barcelona","properties_post_alt":"alquilar barcelona"},{"properties_post_image_order":12,"properties_post_image_url":"https:\/\/movin.cloud\/empresas\/2438\/imagenes\/11247335\/alquiler-para-idealista-barcelona.webp","properties_post_image_url_thumbnail":"https:\/\/movin.cloud\/empresas\/2438\/imagenes\/thumbnails\/11247335\/alquiler-para-idealista-barcelona.webp","properties_post_title":"alquiler para idealista barcelona","properties_post_alt":"alquiler para idealista barcelona"},{"properties_post_image_order":13,"properties_post_image_url":"https:\/\/movin.cloud\/empresas\/2438\/imagenes\/11247335\/alquiler-idealistas-barcelona.webp","properties_post_image_url_thumbnail":"https:\/\/movin.cloud\/empresas\/2438\/imagenes\/thumbnails\/11247335\/alquiler-idealistas-barcelona.webp","properties_post_title":"alquiler idealistas barcelona","properties_post_alt":"alquiler idealistas barcelona"},{"properties_post_image_order":14,"properties_post_image_url":"https:\/\/movin.cloud\/empresas\/2438\/imagenes\/11247335\/alquiler-para-idealistas-barcelona.webp","properties_post_image_url_thumbnail":"https:\/\/movin.cloud\/empresas\/2438\/imagenes\/thumbnails\/11247335\/alquiler-para-idealistas-barcelona.webp","properties_post_title":"alquiler para idealistas barcelona","properties_post_alt":"alquiler para idealistas barcelona"},{"properties_post_image_order":15,"properties_post_image_url":"https:\/\/movin.cloud\/empresas\/2438\/imagenes\/11247335\/habitalia-barcelona.webp","properties_post_image_url_thumbnail":"https:\/\/movin.cloud\/empresas\/2438\/imagenes\/thumbnails\/11247335\/habitalia-barcelona.webp","properties_post_title":"habitalia barcelona","properties_post_alt":"habitalia barcelona"},{"properties_post_image_order":16,"properties_post_image_url":"https:\/\/movin.cloud\/empresas\/2438\/imagenes\/11247335\/fincas-barcelona.webp","properties_post_image_url_thumbnail":"https:\/\/movin.cloud\/empresas\/2438\/imagenes\/thumbnails\/11247335\/fincas-barcelona.webp","properties_post_title":"fincas barcelona","properties_post_alt":"fincas barcelona"},{"properties_post_image_order":17,"properties_post_image_url":"https:\/\/movin.cloud\/empresas\/2438\/imagenes\/11247335\/viviendas-barcelona.webp","properties_post_image_url_thumbnail":"https:\/\/movin.cloud\/empresas\/2438\/imagenes\/thumbnails\/11247335\/viviendas-barcelona.webp","properties_post_title":"viviendas barcelona","properties_post_alt":"viviendas barcelona"},{"properties_post_image_order":18,"properties_post_image_url":"https:\/\/movin.cloud\/empresas\/2438\/imagenes\/11247335\/alquiler-para-idealistas.webp","properties_post_image_url_thumbnail":"https:\/\/movin.cloud\/empresas\/2438\/imagenes\/thumbnails\/11247335\/alquiler-para-idealistas.webp","properties_post_title":"alquiler para idealistas","properties_post_alt":"alquiler para idealistas"},{"properties_post_image_order":20,"properties_post_image_url":"https:\/\/movin.cloud\/empresas\/2438\/imagenes\/11247335\/alquiler-barcelona.webp","properties_post_image_url_thumbnail":"https:\/\/movin.cloud\/empresas\/2438\/imagenes\/thumbnails\/11247335\/alquiler-barcelona.webp","properties_post_title":"alquiler barcelona","properties_post_alt":"alquiler barcelona"},{"properties_post_image_order":21,"properties_post_image_url":"https:\/\/movin.cloud\/empresas\/2438\/imagenes\/11247335\/en-alquiler.webp","properties_post_image_url_thumbnail":"https:\/\/movin.cloud\/empresas\/2438\/imagenes\/thumbnails\/11247335\/en-alquiler.webp","properties_post_title":"en alquiler","properties_post_alt":"en alquiler"},{"properties_post_image_order":22,"properties_post_image_url":"https:\/\/movin.cloud\/empresas\/2438\/imagenes\/11247335\/rent.webp","properties_post_image_url_thumbnail":"https:\/\/movin.cloud\/empresas\/2438\/imagenes\/thumbnails\/11247335\/rent.webp","properties_post_title":"rent","properties_post_alt":"rent"}],"post_type_properties_post_videos":null,"post_type_properties_post_tour":null,"post_type_properties_post_dossier_url":"","post_type_properties_post_operation_type":"rent","post_type_properties_post_operation_price":25000,"post_type_properties_post_features_hidden_price":false},"yoast_head":"<!-- This site is optimized with the Yoast SEO plugin v25.6 - https:\/\/yoast.com\/wordpress\/plugins\/seo\/ -->\n<title>ALABA 111 - Forcadell<\/title>\n<meta name=\"robots\" content=\"index, follow, max-snippet:-1, max-image-preview:large, max-video-preview:-1\" \/>\n<link rel=\"canonical\" href=\"https:\/\/forcadell.com\/ca\/propiedades\/alaba-111\/\" \/>\n<meta property=\"og:locale\" content=\"ca_ES\" \/>\n<meta property=\"og:type\" content=\"article\" \/>\n<meta property=\"og:title\" content=\"ALABA 111 - Forcadell\" \/>\n<meta property=\"og:description\" content=\"Descubre un edificio de oficinas a estrenar dise\u00f1ado para impulsar tu negocio en una de las zonas empresariales m\u00e1s din\u00e1micas de la ciudad. Caracter\u00edsticas destacadas PB + 7 plantas con un total de 17.556 m\u00b2 sobre rasante 2.034 m\u00b2 de terrazas y espacios exteriores Terrazas privativas en todas las plantas Terraza comunitaria en planta 7 [&hellip;]\" \/>\n<meta property=\"og:url\" content=\"https:\/\/forcadell.com\/ca\/propiedades\/alaba-111\/\" \/>\n<meta property=\"og:site_name\" content=\"Forcadell\" \/>\n<meta property=\"article:modified_time\" content=\"2026-04-26T13:13:57+00:00\" \/>\n<meta name=\"twitter:card\" content=\"summary_large_image\" \/>\n<meta name=\"twitter:label1\" content=\"Temps estimat de lectura\" \/>\n\t<meta name=\"twitter:data1\" content=\"1 minut\" \/>\n<!-- \/ Yoast SEO plugin. -->","yoast_head_json":{"title":"ALABA 111 - Forcadell","robots":{"index":"index","follow":"follow","max-snippet":"max-snippet:-1","max-image-preview":"max-image-preview:large","max-video-preview":"max-video-preview:-1"},"canonical":"https:\/\/forcadell.com\/ca\/propiedades\/alaba-111\/","og_locale":"ca_ES","og_type":"article","og_title":"ALABA 111 - Forcadell","og_description":"Descubre un edificio de oficinas a estrenar dise\u00f1ado para impulsar tu negocio en una de las zonas empresariales m\u00e1s din\u00e1micas de la ciudad. Caracter\u00edsticas destacadas PB + 7 plantas con un total de 17.556 m\u00b2 sobre rasante 2.034 m\u00b2 de terrazas y espacios exteriores Terrazas privativas en todas las plantas Terraza comunitaria en planta 7 [&hellip;]","og_url":"https:\/\/forcadell.com\/ca\/propiedades\/alaba-111\/","og_site_name":"Forcadell","article_modified_time":"2026-04-26T13:13:57+00:00","twitter_card":"summary_large_image","twitter_misc":{"Temps estimat de lectura":"1 minut"},"schema":{"@context":"https:\/\/schema.org","@graph":[{"@type":"WebPage","@id":"https:\/\/forcadell.com\/ca\/propiedades\/alaba-111\/","url":"https:\/\/forcadell.com\/ca\/propiedades\/alaba-111\/","name":"ALABA 111 - Forcadell","isPartOf":{"@id":"https:\/\/forcadell.com\/ca\/#website"},"datePublished":"2026-01-16T07:18:43+00:00","dateModified":"2026-04-26T13:13:57+00:00","breadcrumb":{"@id":"https:\/\/forcadell.com\/ca\/propiedades\/alaba-111\/#breadcrumb"},"inLanguage":"ca","potentialAction":[{"@type":"ReadAction","target":["https:\/\/forcadell.com\/ca\/propiedades\/alaba-111\/"]}]},{"@type":"BreadcrumbList","@id":"https:\/\/forcadell.com\/ca\/propiedades\/alaba-111\/#breadcrumb","itemListElement":[{"@type":"ListItem","position":1,"name":"Portada","item":"https:\/\/forcadell.com\/ca\/"},{"@type":"ListItem","position":2,"name":"Properties","item":"https:\/\/forcadell.com\/ca\/propiedades\/"},{"@type":"ListItem","position":3,"name":"ALABA 111"}]},{"@type":"WebSite","@id":"https:\/\/forcadell.com\/ca\/#website","url":"https:\/\/forcadell.com\/ca\/","name":"Forcadell","description":"Inmobiliaria Barcelona | Consultores inmobiliarios","potentialAction":[{"@type":"SearchAction","target":{"@type":"EntryPoint","urlTemplate":"https:\/\/forcadell.com\/ca\/?s={search_term_string}"},"query-input":{"@type":"PropertyValueSpecification","valueRequired":true,"valueName":"search_term_string"}}],"inLanguage":"ca"}]}},"_links":{"self":[{"href":"https:\/\/forcadell.com\/ca\/wp-json\/wp\/v2\/properties_post\/61215"}],"collection":[{"href":"https:\/\/forcadell.com\/ca\/wp-json\/wp\/v2\/properties_post"}],"about":[{"href":"https:\/\/forcadell.com\/ca\/wp-json\/wp\/v2\/types\/properties_post"}],"wp:attachment":[{"href":"https:\/\/forcadell.com\/ca\/wp-json\/wp\/v2\/media?parent=61215"}],"curies":[{"name":"wp","href":"https:\/\/api.w.org\/{rel}","templated":true}]}}