{"id":60573,"date":"2025-12-17T02:04:10","date_gmt":"2025-12-17T00:04:10","guid":{"rendered":"https:\/\/www.forcadell.com\/propiedades\/provenca-206-5\/"},"modified":"2026-04-26T17:25:23","modified_gmt":"2026-04-26T15:25:23","slug":"provenca-206-5","status":"publish","type":"properties_post","link":"https:\/\/forcadell.com\/ca\/propiedades\/provenca-206-5\/","title":{"rendered":"PROVEN\u00c7A 206"},"content":{"rendered":"<p>Edificio de oficinas prime en l\u2019Eixample, en la calle Proven\u00e7a n\u00ba206 de Barcelona<\/p>\n<p>Exclusivo edificio de oficinas ubicado en pleno coraz\u00f3n de l\u2019Eixample, completamente rehabilitado en 2025, ideal para empresas que buscan una sede moderna, sostenible y representativa.<\/p>\n<p>El inmueble cuenta con un espectacular lobby de doble altura que aporta imagen corporativa y elegancia desde el primer acceso. Las oficinas disponen de altura libre de 2,82 m, ofreciendo espacios amplios y luminosos, y est\u00e1n equipadas con pavimento t\u00e9cnico en todas las plantas.<\/p>\n<p>En la planta 8\u00aa, el edificio ofrece un completo espacio de amenities, con salas de reuniones, \u00e1reas para formaciones y eventos, adem\u00e1s de vestuarios y duchas. Desde esta misma planta se accede a un rooftop comunitario, perfecto para momentos de descanso o encuentros informales.<\/p>\n<p>El edificio dispone de parking para bicicletas y patinetes, fomentando una movilidad sostenible, y presenta un ratio de ocupaci\u00f3n de 1\/8, garantizando confort y eficiencia.<\/p>\n<p>Cuenta adem\u00e1s con certificaci\u00f3n LEED PLATINUM, asegurando los m\u00e1s altos est\u00e1ndares de sostenibilidad y eficiencia energ\u00e9tica.<\/p>\n<p>Una oportunidad \u00fanica para establecer tu empresa en un entorno moderno, funcional y de primer nivel.<\/p>\n","protected":false},"template":"","class_list":["post-60573","properties_post","type-properties_post","status-publish","hentry","properties_modality-rent","properties_district-eixample","properties_province-barcelona","properties_zone-centro","properties_state-barcelona","properties_subclass-oficina","properties_type-oficina"],"acf":{"post_type_properties_post_property_code":"11247861","post_type_properties_post_property_reference":"IE-226404","post_type_properties_post_owner_id":"46198","post_type_properties_post_owner_name":"CONREN TRAMWAY TRES SL","post_type_properties_post_property_code_encrypted":"MjQ5JDMyNDI4","post_type_properties_post_published":"1","post_type_properties_post_property_visibility":"idealista","post_type_properties_post_contact_name":"Forcadell Oficinas Barcelona","post_type_properties_post_contact_email":"forcadell.oficinas.barcelona@movin.cloud","post_type_properties_post_contact_primary_phone_prefix":"34","post_type_properties_post_contact_primary_phone_number":"934965413","post_type_properties_post_address_visibility":"street","post_type_properties_post_address_country":"Spain","post_type_properties_post_address_coordinates_precision":"exact","post_type_properties_post_address_postal_code":"08036","post_type_properties_post_address_coordinates_latitude":"41.3900887","post_type_properties_post_address_coordinates_longitude":"2.1555107","post_type_properties_post_address_street_name":"Proven\u00e7a 206","post_type_properties_post_address_floor":"2","post_type_properties_post_address_town":"Barcelona","post_type_properties_post_building":null,"post_type_properties_post_property":[{"properties_post_description_language":"catalan","properties_post_title":"PROVEN\u00c7A 206","properties_post_short_description_text_alt":"","properties_post_description_text_alt":"","properties_post_short_description_text":"","properties_post_link_demanda_inmueble":"https:\/\/movin.cloud\/ca\/Forcadell Oficinas Barcelona\/formulari-peticio-immoble\/sth\/2438&&11247861","properties_post_link_demanda_calendario_inmueble":"https:\/\/movin.cloud\/ca\/Forcadell Oficinas Barcelona\/calendari-peticio-immoble\/sth\/2438&&11247861","properties_post_description_text":"Edifici d'oficines prime a l'Eixample, al carrer Proven\u00e7a 206 de Barcelona.\n\nExclusiu edifici d'oficines ubicat al centre de l'Eixample, completament rehabilitat el 2025, ideal per a empreses que busquen una seu moderna, sostenible i representativa.\n\nL\u00b4immoble compta amb un espectacular lobby de doble al\u00e7ada que aporta imatge corporativa i eleg\u00e0ncia des del primer acc\u00e9s. Les oficines disposen d\u00b4al\u00e7ada lliure de 2,82 m, oferint espais amplis i lluminosos, i estan equipades amb paviment t\u00e8cnic a totes les plantes.\n\nA la planta 8a, l'edifici ofereix un espai complet d'amenities, amb sales de reunions, \u00e0rees per a formacions i esdeveniments, a m\u00e9s de vestidors i dutxes. Des d\u00b4aquesta mateixa planta s\u00b4accedeix a un rooftop comunitari, perfecte per a moments de descans o trobades informals.\n\nL\u00b4edifici disposa de p\u00e0rquing per a bicicletes i patinets, fomentant una mobilitat sostenible, i presenta una r\u00e0tio d\u00b4ocupaci\u00f3 de 1\/8, garantint confort i efici\u00e8ncia.\n\nCompte a m\u00e9s amb certificaci\u00f3 LEED PLATINUM, assegurant els m\u00e9s alts est\u00e0ndards de sostenibilitat i efici\u00e8ncia energ\u00e8tica.\n\nUna oportunitat \u00fanica per establir la teva empresa en un entorn modern, funcional i de primer nivell.","properties_post_seo_title":"","properties_post_seo_alias":"","properties_post_seo_metadescription":"","properties_post_seo_key_words":"","properties_post_seo_url":"","properties_post_terms_conditions":""},{"properties_post_description_language":"spanish","properties_post_title":"PROVEN\u00c7A 206","properties_post_short_description_text_alt":"","properties_post_description_text_alt":"","properties_post_short_description_text":"","properties_post_link_demanda_inmueble":"https:\/\/movin.cloud\/es\/Forcadell Oficinas Barcelona\/formulario-peticion-inmueble\/sth\/2438&&11247861","properties_post_link_demanda_calendario_inmueble":"https:\/\/movin.cloud\/es\/Forcadell Oficinas Barcelona\/calendario-peticion-inmueble\/sth\/2438&&11247861","properties_post_description_text":"Edificio de oficinas prime en l\u2019Eixample, en la calle Proven\u00e7a n\u00ba206 de Barcelona\n\nExclusivo edificio de oficinas ubicado en pleno coraz\u00f3n de l\u2019Eixample, completamente rehabilitado en 2025, ideal para empresas que buscan una sede moderna, sostenible y representativa.\n\nEl inmueble cuenta con un espectacular lobby de doble altura que aporta imagen corporativa y elegancia desde el primer acceso. Las oficinas disponen de altura libre de 2,82 m, ofreciendo espacios amplios y luminosos, y est\u00e1n equipadas con pavimento t\u00e9cnico en todas las plantas.\n\nEn la planta 8\u00aa, el edificio ofrece un completo espacio de amenities, con salas de reuniones, \u00e1reas para formaciones y eventos, adem\u00e1s de vestuarios y duchas. Desde esta misma planta se accede a un rooftop comunitario, perfecto para momentos de descanso o encuentros informales.\n\nEl edificio dispone de parking para bicicletas y patinetes, fomentando una movilidad sostenible, y presenta un ratio de ocupaci\u00f3n de 1\/8, garantizando confort y eficiencia.\n\nCuenta adem\u00e1s con certificaci\u00f3n LEED PLATINUM, asegurando los m\u00e1s altos est\u00e1ndares de sostenibilidad y eficiencia energ\u00e9tica.\n\nUna oportunidad \u00fanica para establecer tu empresa en un entorno moderno, funcional y de primer nivel.","properties_post_seo_title":"","properties_post_seo_alias":"","properties_post_seo_metadescription":"","properties_post_seo_key_words":"","properties_post_seo_url":"","properties_post_terms_conditions":""}],"post_type_properties_post_features_type":"office","post_type_properties_post_id_building":"MjQ5JDMyNDI0","post_type_properties_post_features_area_constructed":915,"post_type_properties_post_features_conditioned_air":false,"post_type_properties_post_features_doorman":false,"post_type_properties_post_features_heating":false,"post_type_properties_post_features_equipped_kitchen":false,"post_type_properties_post_features_windows_location":"exterior","post_type_properties_post_features_floors_property":false,"post_type_properties_post_features_storage":false,"post_type_properties_post_features_security_door":false,"post_type_properties_post_features_energy_certificate_rating":"A","post_type_properties_post_features_energy_certificate_emissions_rating":"A","post_type_properties_post_features_energy_certificate_emissions_value":"","post_type_properties_post_features_energy_certificate_performance":"","post_type_properties_post_features_bathroom_inside":false,"post_type_properties_post_precio":24705,"post_type_properties_post_precio_alquiler":24705,"post_type_properties_post_record_type_id":"Oficina","post_type_properties_post_categoria__producto":"Oficina","post_type_properties_post_amueblado":false,"post_type_properties_post_precio_m2":27,"post_type_properties_post_zona__comunitaria":false,"post_type_properties_post_electrodomesticos":false,"post_type_properties_post_patio__interior":false,"post_type_properties_post_certificado_energetico_general":"A","post_type_properties_post_certificado_energetico_consumo":"A","post_type_properties_post_certificado_energetico_valor_emisiones":"","post_type_properties_post_certificado_energetico_valor_consumo":"","post_type_properties_post_modalidad":"rent","post_type_properties_post_provincia":"Barcelona","post_type_properties_post_poblacion":"Barcelona","post_type_properties_post_centro__urbano":false,"post_type_properties_post_zonificacion":"Centro","post_type_properties_post_cartera":"","post_type_properties_post_titulo_catalan":"PROVEN\u00c7A 206","post_type_properties_post_internet_catalan":"Edifici d'oficines prime a l'Eixample, al carrer Proven\u00e7a 206 de Barcelona.\n\nExclusiu edifici d'oficines ubicat al centre de l'Eixample, completament rehabilitat el 2025, ideal per a empreses que busquen una seu moderna, sostenible i representativa.\n\nL\u00b4immoble compta amb un espectacular lobby de doble al\u00e7ada que aporta imatge corporativa i eleg\u00e0ncia des del primer acc\u00e9s. Les oficines disposen d\u00b4al\u00e7ada lliure de 2,82 m, oferint espais amplis i lluminosos, i estan equipades amb paviment t\u00e8cnic a totes les plantes.\n\nA la planta 8a, l'edifici ofereix un espai complet d'amenities, amb sales de reunions, \u00e0rees per a formacions i esdeveniments, a m\u00e9s de vestidors i dutxes. Des d\u00b4aquesta mateixa planta s\u00b4accedeix a un rooftop comunitari, perfecte per a moments de descans o trobades informals.\n\nL\u00b4edifici disposa de p\u00e0rquing per a bicicletes i patinets, fomentant una mobilitat sostenible, i presenta una r\u00e0tio d\u00b4ocupaci\u00f3 de 1\/8, garantint confort i efici\u00e8ncia.\n\nCompte a m\u00e9s amb certificaci\u00f3 LEED PLATINUM, assegurant els m\u00e9s alts est\u00e0ndards de sostenibilitat i efici\u00e8ncia energ\u00e8tica.\n\nUna oportunitat \u00fanica per establir la teva empresa en un entorn modern, funcional i de primer nivell.","post_type_properties_post_titulo_castellano":"PROVEN\u00c7A 206","post_type_properties_post_internet_castellano":"Edificio de oficinas prime en l\u2019Eixample, en la calle Proven\u00e7a n\u00ba206 de Barcelona\n\nExclusivo edificio de oficinas ubicado en pleno coraz\u00f3n de l\u2019Eixample, completamente rehabilitado en 2025, ideal para empresas que buscan una sede moderna, sostenible y representativa.\n\nEl inmueble cuenta con un espectacular lobby de doble altura que aporta imagen corporativa y elegancia desde el primer acceso. Las oficinas disponen de altura libre de 2,82 m, ofreciendo espacios amplios y luminosos, y est\u00e1n equipadas con pavimento t\u00e9cnico en todas las plantas.\n\nEn la planta 8\u00aa, el edificio ofrece un completo espacio de amenities, con salas de reuniones, \u00e1reas para formaciones y eventos, adem\u00e1s de vestuarios y duchas. Desde esta misma planta se accede a un rooftop comunitario, perfecto para momentos de descanso o encuentros informales.\n\nEl edificio dispone de parking para bicicletas y patinetes, fomentando una movilidad sostenible, y presenta un ratio de ocupaci\u00f3n de 1\/8, garantizando confort y eficiencia.\n\nCuenta adem\u00e1s con certificaci\u00f3n LEED PLATINUM, asegurando los m\u00e1s altos est\u00e1ndares de sostenibilidad y eficiencia energ\u00e9tica.\n\nUna oportunidad \u00fanica para establecer tu empresa en un entorno moderno, funcional y de primer nivel.","post_type_properties_post_titulo_ingles":"","post_type_properties_post_internet_ingles":"","post_type_properties_post_features_classification_commercial":false,"post_type_properties_post_features_conservation":"","post_type_properties_post_features_security_personnel":false,"post_type_properties_post_features_parking_available":false,"post_type_properties_post_features_garage_capacity_type":"","post_type_properties_post_features_bathroom_number":"","post_type_properties_post_eje":"","post_type_properties_post_zona":"","post_type_properties_post_comarca":"","post_type_properties_post_features_built_year":"","post_type_properties_post_renta_mensual":"","post_type_properties_post_fianza":"","post_type_properties_post_features_area_plot":"","post_type_properties_post_features_area_buildable":"","post_type_properties_post_features_classification_industrial":false,"post_type_properties_post_distrito":"","post_type_properties_post_features_balcony":false,"post_type_properties_post_features_bedroom_number":"","post_type_properties_post_features_heating_type":"","post_type_properties_post_features_equipped_with_furniture":false,"post_type_properties_post_features_pets_allowed":false,"post_type_properties_post_features_pool":false,"post_type_properties_post_features_terrace":false,"post_type_properties_post_features_wardrobes":false,"post_type_properties_post_features_lift_available":false,"post_type_properties_post_features_handicap_adapted_access":false,"post_type_properties_post_features_orientation_east":false,"post_type_properties_post_features_orientation_west":false,"post_type_properties_post_features_orientation_north":false,"post_type_properties_post_features_orientation_south":false,"post_type_properties_post_features_parking_spaces_number":"","post_type_properties_post_features_security_alarm":false,"post_type_properties_post_features_security_system":false,"post_type_properties_post_open_plan":false,"post_type_properties_post_acceso_24_7":false,"post_type_properties_post_oficina_privada":false,"post_type_properties_post_sala_reuniones":false,"post_type_properties_post_espacio_eventos":false,"post_type_properties_post_office":false,"post_type_properties_post_restaurant":false,"post_type_properties_post_acepta_traspaso":false,"post_type_properties_post_vigilancia":false,"post_type_properties_post_features_suite":false,"post_type_properties_post_features_vitro":false,"post_type_properties_post_features_oven":false,"post_type_properties_post_features_microwave":false,"post_type_properties_post_features_washing_machine":false,"post_type_properties_post_features_dryer":false,"post_type_properties_post_features_dishwasher":false,"post_type_properties_post_features_fridge":false,"post_type_properties_post_features_fridge_mini":false,"post_type_properties_post_features_kettle":false,"post_type_properties_post_features_toaster":false,"post_type_properties_post_features_coffee_maker":false,"post_type_properties_post_features_iron":false,"post_type_properties_post_features_ironing_board":false,"post_type_properties_post_features_safe":false,"post_type_properties_post_features_internet":false,"post_type_properties_post_features_solarium":false,"post_type_properties_post_features_clean_service":false,"post_type_properties_post_features_t_v":false,"post_type_properties_post_features_satellite_t_v":false,"post_type_properties_post_features_gas_kitchen":false,"post_type_properties_post_features_view_mountain":false,"post_type_properties_post_features_view_sea":false,"post_type_properties_post_features_concierge":false,"post_type_properties_post_features_loading_dock":false,"post_type_properties_post_features_bridge_crane":false,"post_type_properties_post_features_located_at_corner":false,"post_type_properties_post_features_smoke_extraction":false,"post_type_properties_post_features_rooms":"","post_type_properties_post_features_garden_area":"","post_type_properties_post_features_utilities_water":false,"post_type_properties_post_features_utilities_electricity":false,"post_type_properties_post_features_utilities_natural_gas":false,"post_type_properties_post_features_building_adapted":false,"post_type_properties_post_features_garden":false,"post_type_properties_post_features_classification_hotel":false,"post_type_properties_post_features_classification_chalet":false,"post_type_properties_post_certificado_energetico_emisiones":"A","post_type_properties_post_barrio":"","post_type_properties_post_distrito_empresa":"Eixample","post_type_properties_post_features_property_category_intern":"","post_type_properties_post_implantada":false,"post_type_properties_post_sello_leed":"2","post_type_properties_post_sello_well":"","post_type_properties_post_sello_breeam":false,"post_type_properties_post_images":[{"properties_post_image_order":1,"properties_post_image_url":"https:\/\/movin.cloud\/empresas\/2438\/imagenes\/11247861\/fincas.webp","properties_post_image_url_thumbnail":"https:\/\/movin.cloud\/empresas\/2438\/imagenes\/thumbnails\/11247861\/fincas.webp","properties_post_title":"fincas","properties_post_alt":"fincas"},{"properties_post_image_order":2,"properties_post_image_url":"https:\/\/movin.cloud\/empresas\/2438\/imagenes\/11247861\/habitalia.webp","properties_post_image_url_thumbnail":"https:\/\/movin.cloud\/empresas\/2438\/imagenes\/thumbnails\/11247861\/habitalia.webp","properties_post_title":"habitalia","properties_post_alt":"habitalia"},{"properties_post_image_order":3,"properties_post_image_url":"https:\/\/movin.cloud\/empresas\/2438\/imagenes\/11247861\/alquilar.webp","properties_post_image_url_thumbnail":"https:\/\/movin.cloud\/empresas\/2438\/imagenes\/thumbnails\/11247861\/alquilar.webp","properties_post_title":"alquilar","properties_post_alt":"alquilar"},{"properties_post_image_order":4,"properties_post_image_url":"https:\/\/movin.cloud\/empresas\/2438\/imagenes\/11247861\/alquiler.webp","properties_post_image_url_thumbnail":"https:\/\/movin.cloud\/empresas\/2438\/imagenes\/thumbnails\/11247861\/alquiler.webp","properties_post_title":"alquiler","properties_post_alt":"alquiler"},{"properties_post_image_order":5,"properties_post_image_url":"https:\/\/movin.cloud\/empresas\/2438\/imagenes\/11247861\/alquiler-idealistas.webp","properties_post_image_url_thumbnail":"https:\/\/movin.cloud\/empresas\/2438\/imagenes\/thumbnails\/11247861\/alquiler-idealistas.webp","properties_post_title":"alquiler idealistas","properties_post_alt":"alquiler idealistas"},{"properties_post_image_order":6,"properties_post_image_url":"https:\/\/movin.cloud\/empresas\/2438\/imagenes\/11247861\/alquiler-para-idealista.webp","properties_post_image_url_thumbnail":"https:\/\/movin.cloud\/empresas\/2438\/imagenes\/thumbnails\/11247861\/alquiler-para-idealista.webp","properties_post_title":"alquiler para idealista","properties_post_alt":"alquiler para idealista"},{"properties_post_image_order":7,"properties_post_image_url":"https:\/\/movin.cloud\/empresas\/2438\/imagenes\/11247861\/viviendas.webp","properties_post_image_url_thumbnail":"https:\/\/movin.cloud\/empresas\/2438\/imagenes\/thumbnails\/11247861\/viviendas.webp","properties_post_title":"viviendas","properties_post_alt":"viviendas"},{"properties_post_image_order":8,"properties_post_image_url":"https:\/\/movin.cloud\/empresas\/2438\/imagenes\/11247861\/alquiler-para-idealistas.webp","properties_post_image_url_thumbnail":"https:\/\/movin.cloud\/empresas\/2438\/imagenes\/thumbnails\/11247861\/alquiler-para-idealistas.webp","properties_post_title":"alquiler para idealistas","properties_post_alt":"alquiler para idealistas"},{"properties_post_image_order":9,"properties_post_image_url":"https:\/\/movin.cloud\/empresas\/2438\/imagenes\/11247861\/inmobiliarias.webp","properties_post_image_url_thumbnail":"https:\/\/movin.cloud\/empresas\/2438\/imagenes\/thumbnails\/11247861\/inmobiliarias.webp","properties_post_title":"inmobiliarias","properties_post_alt":"inmobiliarias"},{"properties_post_image_order":10,"properties_post_image_url":"https:\/\/movin.cloud\/empresas\/2438\/imagenes\/11247861\/inmobiliaria.webp","properties_post_image_url_thumbnail":"https:\/\/movin.cloud\/empresas\/2438\/imagenes\/thumbnails\/11247861\/inmobiliaria.webp","properties_post_title":"inmobiliaria","properties_post_alt":"inmobiliaria"},{"properties_post_image_order":11,"properties_post_image_url":"https:\/\/movin.cloud\/empresas\/2438\/imagenes\/11247861\/en-alquiler-barcelona.webp","properties_post_image_url_thumbnail":"https:\/\/movin.cloud\/empresas\/2438\/imagenes\/thumbnails\/11247861\/en-alquiler-barcelona.webp","properties_post_title":"en alquiler barcelona","properties_post_alt":"en alquiler barcelona"},{"properties_post_image_order":12,"properties_post_image_url":"https:\/\/movin.cloud\/empresas\/2438\/imagenes\/11247861\/alquiler-barcelona.webp","properties_post_image_url_thumbnail":"https:\/\/movin.cloud\/empresas\/2438\/imagenes\/thumbnails\/11247861\/alquiler-barcelona.webp","properties_post_title":"alquiler barcelona","properties_post_alt":"alquiler barcelona"}],"post_type_properties_post_videos":null,"post_type_properties_post_tour":null,"post_type_properties_post_dossier_url":"","post_type_properties_post_operation_type":"rent","post_type_properties_post_operation_price":24705,"post_type_properties_post_features_hidden_price":false},"yoast_head":"<!-- This site is optimized with the Yoast SEO plugin v25.6 - https:\/\/yoast.com\/wordpress\/plugins\/seo\/ -->\n<title>PROVEN\u00c7A 206 - Forcadell<\/title>\n<meta name=\"robots\" content=\"index, follow, max-snippet:-1, max-image-preview:large, max-video-preview:-1\" \/>\n<link rel=\"canonical\" href=\"https:\/\/forcadell.com\/ca\/propiedades\/provenca-206-5\/\" \/>\n<meta property=\"og:locale\" content=\"ca_ES\" \/>\n<meta property=\"og:type\" content=\"article\" \/>\n<meta property=\"og:title\" content=\"PROVEN\u00c7A 206 - Forcadell\" \/>\n<meta property=\"og:description\" content=\"Edificio de oficinas prime en l\u2019Eixample, en la calle Proven\u00e7a n\u00ba206 de Barcelona Exclusivo edificio de oficinas ubicado en pleno coraz\u00f3n de l\u2019Eixample, completamente rehabilitado en 2025, ideal para empresas que buscan una sede moderna, sostenible y representativa. El inmueble cuenta con un espectacular lobby de doble altura que aporta imagen corporativa y elegancia desde [&hellip;]\" \/>\n<meta property=\"og:url\" content=\"https:\/\/forcadell.com\/ca\/propiedades\/provenca-206-5\/\" \/>\n<meta property=\"og:site_name\" content=\"Forcadell\" \/>\n<meta property=\"article:modified_time\" content=\"2026-04-26T15:25:23+00:00\" \/>\n<meta name=\"twitter:card\" content=\"summary_large_image\" \/>\n<meta name=\"twitter:label1\" content=\"Temps estimat de lectura\" \/>\n\t<meta name=\"twitter:data1\" content=\"1 minut\" \/>\n<!-- \/ Yoast SEO plugin. -->","yoast_head_json":{"title":"PROVEN\u00c7A 206 - Forcadell","robots":{"index":"index","follow":"follow","max-snippet":"max-snippet:-1","max-image-preview":"max-image-preview:large","max-video-preview":"max-video-preview:-1"},"canonical":"https:\/\/forcadell.com\/ca\/propiedades\/provenca-206-5\/","og_locale":"ca_ES","og_type":"article","og_title":"PROVEN\u00c7A 206 - Forcadell","og_description":"Edificio de oficinas prime en l\u2019Eixample, en la calle Proven\u00e7a n\u00ba206 de Barcelona Exclusivo edificio de oficinas ubicado en pleno coraz\u00f3n de l\u2019Eixample, completamente rehabilitado en 2025, ideal para empresas que buscan una sede moderna, sostenible y representativa. El inmueble cuenta con un espectacular lobby de doble altura que aporta imagen corporativa y elegancia desde [&hellip;]","og_url":"https:\/\/forcadell.com\/ca\/propiedades\/provenca-206-5\/","og_site_name":"Forcadell","article_modified_time":"2026-04-26T15:25:23+00:00","twitter_card":"summary_large_image","twitter_misc":{"Temps estimat de lectura":"1 minut"},"schema":{"@context":"https:\/\/schema.org","@graph":[{"@type":"WebPage","@id":"https:\/\/forcadell.com\/ca\/propiedades\/provenca-206-5\/","url":"https:\/\/forcadell.com\/ca\/propiedades\/provenca-206-5\/","name":"PROVEN\u00c7A 206 - Forcadell","isPartOf":{"@id":"https:\/\/forcadell.com\/ca\/#website"},"datePublished":"2025-12-17T00:04:10+00:00","dateModified":"2026-04-26T15:25:23+00:00","breadcrumb":{"@id":"https:\/\/forcadell.com\/ca\/propiedades\/provenca-206-5\/#breadcrumb"},"inLanguage":"ca","potentialAction":[{"@type":"ReadAction","target":["https:\/\/forcadell.com\/ca\/propiedades\/provenca-206-5\/"]}]},{"@type":"BreadcrumbList","@id":"https:\/\/forcadell.com\/ca\/propiedades\/provenca-206-5\/#breadcrumb","itemListElement":[{"@type":"ListItem","position":1,"name":"Portada","item":"https:\/\/forcadell.com\/ca\/"},{"@type":"ListItem","position":2,"name":"Properties","item":"https:\/\/forcadell.com\/ca\/propiedades\/"},{"@type":"ListItem","position":3,"name":"PROVEN\u00c7A 206"}]},{"@type":"WebSite","@id":"https:\/\/forcadell.com\/ca\/#website","url":"https:\/\/forcadell.com\/ca\/","name":"Forcadell","description":"Inmobiliaria Barcelona | Consultores inmobiliarios","potentialAction":[{"@type":"SearchAction","target":{"@type":"EntryPoint","urlTemplate":"https:\/\/forcadell.com\/ca\/?s={search_term_string}"},"query-input":{"@type":"PropertyValueSpecification","valueRequired":true,"valueName":"search_term_string"}}],"inLanguage":"ca"}]}},"_links":{"self":[{"href":"https:\/\/forcadell.com\/ca\/wp-json\/wp\/v2\/properties_post\/60573"}],"collection":[{"href":"https:\/\/forcadell.com\/ca\/wp-json\/wp\/v2\/properties_post"}],"about":[{"href":"https:\/\/forcadell.com\/ca\/wp-json\/wp\/v2\/types\/properties_post"}],"wp:attachment":[{"href":"https:\/\/forcadell.com\/ca\/wp-json\/wp\/v2\/media?parent=60573"}],"curies":[{"name":"wp","href":"https:\/\/api.w.org\/{rel}","templated":true}]}}