{"id":59786,"date":"2025-11-28T10:05:42","date_gmt":"2025-11-28T08:05:42","guid":{"rendered":"https:\/\/www.forcadell.com\/propiedades\/can-ametller-4\/"},"modified":"2026-04-28T06:35:16","modified_gmt":"2026-04-28T04:35:16","slug":"can-ametller-4","status":"publish","type":"properties_post","link":"https:\/\/forcadell.com\/ca\/propiedades\/can-ametller-4\/","title":{"rendered":"CAN AMETLLER"},"content":{"rendered":"<p>Oficina en parque empresarial consolidado \u2013 Can Ametller<\/p>\n<p>Ubica tu empresa en un parque empresarial de referencia, con todas las facilidades necesarias para el desarrollo de cualquier actividad profesional. Este espacio combina comodidad, funcionalidad y ubicaci\u00f3n estrat\u00e9gica.<\/p>\n<p>Excelente conexi\u00f3n: acceso directo a AP-7, C-16 y t\u00faneles de Vallvidrera, asegurando movilidad r\u00e1pida y sencilla para tu equipo y clientes.<\/p>\n<p>Edificio con servicios de primer nivel<br \/>\nFachada de vidrio moderna y luminosa<br \/>\n3 ascensores de gran capacidad<br \/>\nSeguridad 24 horas<br \/>\nAseos en \u00e1reas comunes<br \/>\nCantina y zona lounge<br \/>\nSalas multifuncionales<br \/>\nGimnasio para usuarios<br \/>\nParking propio<\/p>\n<p>Oficina: espacios abiertos y luminosos<br \/>\nDistribuci\u00f3n di\u00e1fana a cuatro vientos<br \/>\nLuz natural abundante<br \/>\nPavimento t\u00e9cnico<br \/>\nAire acondicionado independiente por plantas y m\u00f3dulos<\/p>\n<p>Un espacio ideal para empresas que buscan comodidad, imagen corporativa y un entorno profesional de alto nivel.<\/p>\n","protected":false},"template":"","class_list":["post-59786","properties_post","type-properties_post","status-publish","hentry","properties_modality-rent","properties_province-barcelona","properties_zone-periferia","properties_state-sant-cugat-del-valles","properties_subclass-oficina","properties_type-oficina"],"acf":{"post_type_properties_post_property_code":"11248387","post_type_properties_post_property_reference":"IE-226789","post_type_properties_post_owner_id":"49836","post_type_properties_post_owner_name":"METR\u00d3POLIS INMOBILIARIAS Y RESTAURACIONES SL - GRUPO METROPOLIS","post_type_properties_post_property_code_encrypted":"MjQ5JDMyOTU0","post_type_properties_post_published":"1","post_type_properties_post_property_visibility":"idealista","post_type_properties_post_contact_name":"Forcadell Oficinas Barcelona","post_type_properties_post_contact_email":"forcadell.oficinas.barcelona@movin.cloud","post_type_properties_post_contact_primary_phone_prefix":"34","post_type_properties_post_contact_primary_phone_number":"934965413","post_type_properties_post_address_visibility":"street","post_type_properties_post_address_country":"Spain","post_type_properties_post_address_coordinates_precision":"exact","post_type_properties_post_address_postal_code":"08172","post_type_properties_post_address_coordinates_latitude":"41.483854000002","post_type_properties_post_address_coordinates_longitude":"2.051129000002","post_type_properties_post_address_street_name":"CAMINO de Can Ametller N\u00ba 18","post_type_properties_post_address_floor":"2","post_type_properties_post_address_town":"Sant Cugat del Vall\u00e8s","post_type_properties_post_building":null,"post_type_properties_post_property":[{"properties_post_description_language":"catalan","properties_post_title":"CAN AMETLLER","properties_post_short_description_text_alt":"","properties_post_description_text_alt":"","properties_post_short_description_text":"","properties_post_link_demanda_inmueble":"https:\/\/movin.cloud\/ca\/Forcadell Oficinas Barcelona\/formulari-peticio-immoble\/sth\/2438&&11248387","properties_post_link_demanda_calendario_inmueble":"https:\/\/movin.cloud\/ca\/Forcadell Oficinas Barcelona\/calendari-peticio-immoble\/sth\/2438&&11248387","properties_post_description_text":"Oficina al parc empresarial consolidat \u2013 Can Ametller\n\nUbica la teva empresa a un parc empresarial de refer\u00e8ncia, amb totes les facilitats necess\u00e0ries per al desenvolupament de qualsevol activitat professional. Aquest espai combina comoditat, funcionalitat i ubicaci\u00f3 estrat\u00e8gica.\n\nExcel\u00b7lent connexi\u00f3: acc\u00e9s directe a AP-7, C-16 i t\u00fanels de Vallvidrera, assegurant mobilitat r\u00e0pida i senzilla per al teu equip i clients.\n\nEdifici amb serveis de primer nivell\nFa\u00e7ana de vidre moderna i lluminosa\n3 ascensors de gran capacitat\nSeguretat 24 hores\nLavabos en \u00e0rees comunes\nCantina i zona lounge\nSales multifuncionals\nGimn\u00e0s per a usuaris\nP\u00e0rquing propi\n\nOficina: espais oberts i lluminosos\nDistribuci\u00f3 di\u00e0fana a quatre vents\nLlum natural abundant\nPaviment t\u00e8cnic\nAire condicionat independent per plantes i m\u00f2duls\n\nUn espai ideal per a empreses que busquen comoditat, imatge corporativa i un entorn professional d\u00b4alt nivell.","properties_post_seo_title":"","properties_post_seo_alias":"","properties_post_seo_metadescription":"","properties_post_seo_key_words":"","properties_post_seo_url":"","properties_post_terms_conditions":""},{"properties_post_description_language":"spanish","properties_post_title":"CAN AMETLLER","properties_post_short_description_text_alt":"","properties_post_description_text_alt":"","properties_post_short_description_text":"","properties_post_link_demanda_inmueble":"https:\/\/movin.cloud\/es\/Forcadell Oficinas Barcelona\/formulario-peticion-inmueble\/sth\/2438&&11248387","properties_post_link_demanda_calendario_inmueble":"https:\/\/movin.cloud\/es\/Forcadell Oficinas Barcelona\/calendario-peticion-inmueble\/sth\/2438&&11248387","properties_post_description_text":"Oficina en parque empresarial consolidado \u2013 Can Ametller\n\nUbica tu empresa en un parque empresarial de referencia, con todas las facilidades necesarias para el desarrollo de cualquier actividad profesional. Este espacio combina comodidad, funcionalidad y ubicaci\u00f3n estrat\u00e9gica.\n\nExcelente conexi\u00f3n: acceso directo a AP-7, C-16 y t\u00faneles de Vallvidrera, asegurando movilidad r\u00e1pida y sencilla para tu equipo y clientes.\n\nEdificio con servicios de primer nivel\nFachada de vidrio moderna y luminosa\n3 ascensores de gran capacidad\nSeguridad 24 horas\nAseos en \u00e1reas comunes\nCantina y zona lounge\nSalas multifuncionales\nGimnasio para usuarios\nParking propio\n\nOficina: espacios abiertos y luminosos\nDistribuci\u00f3n di\u00e1fana a cuatro vientos\nLuz natural abundante\nPavimento t\u00e9cnico\nAire acondicionado independiente por plantas y m\u00f3dulos\n\nUn espacio ideal para empresas que buscan comodidad, imagen corporativa y un entorno profesional de alto nivel.","properties_post_seo_title":"","properties_post_seo_alias":"","properties_post_seo_metadescription":"","properties_post_seo_key_words":"","properties_post_seo_url":"","properties_post_terms_conditions":""}],"post_type_properties_post_features_type":"office","post_type_properties_post_id_building":"MjkkMjc2NDQ=","post_type_properties_post_features_area_constructed":1476,"post_type_properties_post_features_conditioned_air":true,"post_type_properties_post_features_doorman":false,"post_type_properties_post_features_heating":true,"post_type_properties_post_features_equipped_kitchen":false,"post_type_properties_post_features_windows_location":"exterior","post_type_properties_post_features_floors_property":false,"post_type_properties_post_features_storage":false,"post_type_properties_post_features_security_door":false,"post_type_properties_post_features_energy_certificate_rating":"A","post_type_properties_post_features_energy_certificate_emissions_rating":"A","post_type_properties_post_features_energy_certificate_emissions_value":"","post_type_properties_post_features_energy_certificate_performance":"","post_type_properties_post_features_bathroom_inside":false,"post_type_properties_post_precio":18450,"post_type_properties_post_precio_alquiler":18450,"post_type_properties_post_record_type_id":"Oficina","post_type_properties_post_categoria__producto":"Oficina","post_type_properties_post_amueblado":false,"post_type_properties_post_precio_m2":12.5,"post_type_properties_post_zona__comunitaria":false,"post_type_properties_post_electrodomesticos":false,"post_type_properties_post_patio__interior":false,"post_type_properties_post_certificado_energetico_general":"A","post_type_properties_post_certificado_energetico_consumo":"A","post_type_properties_post_certificado_energetico_valor_emisiones":"","post_type_properties_post_certificado_energetico_valor_consumo":"","post_type_properties_post_modalidad":"rent","post_type_properties_post_provincia":"Barcelona","post_type_properties_post_poblacion":"Sant Cugat del Vall\u00e8s","post_type_properties_post_centro__urbano":false,"post_type_properties_post_zonificacion":"Periferia","post_type_properties_post_cartera":"","post_type_properties_post_titulo_catalan":"CAN AMETLLER","post_type_properties_post_internet_catalan":"Oficina al parc empresarial consolidat \u2013 Can Ametller\n\nUbica la teva empresa a un parc empresarial de refer\u00e8ncia, amb totes les facilitats necess\u00e0ries per al desenvolupament de qualsevol activitat professional. Aquest espai combina comoditat, funcionalitat i ubicaci\u00f3 estrat\u00e8gica.\n\nExcel\u00b7lent connexi\u00f3: acc\u00e9s directe a AP-7, C-16 i t\u00fanels de Vallvidrera, assegurant mobilitat r\u00e0pida i senzilla per al teu equip i clients.\n\nEdifici amb serveis de primer nivell\nFa\u00e7ana de vidre moderna i lluminosa\n3 ascensors de gran capacitat\nSeguretat 24 hores\nLavabos en \u00e0rees comunes\nCantina i zona lounge\nSales multifuncionals\nGimn\u00e0s per a usuaris\nP\u00e0rquing propi\n\nOficina: espais oberts i lluminosos\nDistribuci\u00f3 di\u00e0fana a quatre vents\nLlum natural abundant\nPaviment t\u00e8cnic\nAire condicionat independent per plantes i m\u00f2duls\n\nUn espai ideal per a empreses que busquen comoditat, imatge corporativa i un entorn professional d\u00b4alt nivell.","post_type_properties_post_titulo_castellano":"CAN AMETLLER","post_type_properties_post_internet_castellano":"Oficina en parque empresarial consolidado \u2013 Can Ametller\n\nUbica tu empresa en un parque empresarial de referencia, con todas las facilidades necesarias para el desarrollo de cualquier actividad profesional. Este espacio combina comodidad, funcionalidad y ubicaci\u00f3n estrat\u00e9gica.\n\nExcelente conexi\u00f3n: acceso directo a AP-7, C-16 y t\u00faneles de Vallvidrera, asegurando movilidad r\u00e1pida y sencilla para tu equipo y clientes.\n\nEdificio con servicios de primer nivel\nFachada de vidrio moderna y luminosa\n3 ascensores de gran capacidad\nSeguridad 24 horas\nAseos en \u00e1reas comunes\nCantina y zona lounge\nSalas multifuncionales\nGimnasio para usuarios\nParking propio\n\nOficina: espacios abiertos y luminosos\nDistribuci\u00f3n di\u00e1fana a cuatro vientos\nLuz natural abundante\nPavimento t\u00e9cnico\nAire acondicionado independiente por plantas y m\u00f3dulos\n\nUn espacio ideal para empresas que buscan comodidad, imagen corporativa y un entorno profesional de alto nivel.","post_type_properties_post_titulo_ingles":"","post_type_properties_post_internet_ingles":"","post_type_properties_post_features_classification_commercial":false,"post_type_properties_post_features_conservation":"","post_type_properties_post_features_security_personnel":false,"post_type_properties_post_features_parking_available":false,"post_type_properties_post_features_garage_capacity_type":"","post_type_properties_post_features_bathroom_number":"","post_type_properties_post_eje":"","post_type_properties_post_zona":"","post_type_properties_post_comarca":"","post_type_properties_post_features_built_year":"","post_type_properties_post_renta_mensual":11981.37,"post_type_properties_post_fianza":"","post_type_properties_post_features_area_plot":"","post_type_properties_post_features_area_buildable":"","post_type_properties_post_features_classification_industrial":false,"post_type_properties_post_distrito":"","post_type_properties_post_features_balcony":false,"post_type_properties_post_features_bedroom_number":"","post_type_properties_post_features_heating_type":"","post_type_properties_post_features_equipped_with_furniture":false,"post_type_properties_post_features_pets_allowed":false,"post_type_properties_post_features_pool":false,"post_type_properties_post_features_terrace":false,"post_type_properties_post_features_wardrobes":false,"post_type_properties_post_features_lift_available":false,"post_type_properties_post_features_handicap_adapted_access":false,"post_type_properties_post_features_orientation_east":false,"post_type_properties_post_features_orientation_west":false,"post_type_properties_post_features_orientation_north":false,"post_type_properties_post_features_orientation_south":false,"post_type_properties_post_features_parking_spaces_number":"","post_type_properties_post_features_security_alarm":false,"post_type_properties_post_features_security_system":false,"post_type_properties_post_open_plan":false,"post_type_properties_post_acceso_24_7":false,"post_type_properties_post_oficina_privada":false,"post_type_properties_post_sala_reuniones":false,"post_type_properties_post_espacio_eventos":false,"post_type_properties_post_office":false,"post_type_properties_post_restaurant":false,"post_type_properties_post_acepta_traspaso":false,"post_type_properties_post_vigilancia":false,"post_type_properties_post_features_suite":false,"post_type_properties_post_features_vitro":false,"post_type_properties_post_features_oven":false,"post_type_properties_post_features_microwave":false,"post_type_properties_post_features_washing_machine":false,"post_type_properties_post_features_dryer":false,"post_type_properties_post_features_dishwasher":false,"post_type_properties_post_features_fridge":false,"post_type_properties_post_features_fridge_mini":false,"post_type_properties_post_features_kettle":false,"post_type_properties_post_features_toaster":false,"post_type_properties_post_features_coffee_maker":false,"post_type_properties_post_features_iron":false,"post_type_properties_post_features_ironing_board":false,"post_type_properties_post_features_safe":false,"post_type_properties_post_features_internet":false,"post_type_properties_post_features_solarium":false,"post_type_properties_post_features_clean_service":false,"post_type_properties_post_features_t_v":false,"post_type_properties_post_features_satellite_t_v":false,"post_type_properties_post_features_gas_kitchen":false,"post_type_properties_post_features_view_mountain":true,"post_type_properties_post_features_view_sea":false,"post_type_properties_post_features_concierge":false,"post_type_properties_post_features_loading_dock":false,"post_type_properties_post_features_bridge_crane":false,"post_type_properties_post_features_located_at_corner":false,"post_type_properties_post_features_smoke_extraction":false,"post_type_properties_post_features_rooms":"","post_type_properties_post_features_garden_area":"","post_type_properties_post_features_utilities_water":false,"post_type_properties_post_features_utilities_electricity":false,"post_type_properties_post_features_utilities_natural_gas":false,"post_type_properties_post_features_building_adapted":false,"post_type_properties_post_features_garden":false,"post_type_properties_post_features_classification_hotel":false,"post_type_properties_post_features_classification_chalet":false,"post_type_properties_post_certificado_energetico_emisiones":"A","post_type_properties_post_barrio":"","post_type_properties_post_distrito_empresa":"","post_type_properties_post_features_property_category_intern":"","post_type_properties_post_implantada":false,"post_type_properties_post_sello_leed":"","post_type_properties_post_sello_well":"","post_type_properties_post_sello_breeam":false,"post_type_properties_post_images":[{"properties_post_image_order":1,"properties_post_image_url":"https:\/\/movin.cloud\/empresas\/2438\/imagenes\/11248387\/habitalia.webp","properties_post_image_url_thumbnail":"https:\/\/movin.cloud\/empresas\/2438\/imagenes\/thumbnails\/11248387\/habitalia.webp","properties_post_title":"habitalia","properties_post_alt":"habitalia"},{"properties_post_image_order":2,"properties_post_image_url":"https:\/\/movin.cloud\/empresas\/2438\/imagenes\/11248387\/viviendas.webp","properties_post_image_url_thumbnail":"https:\/\/movin.cloud\/empresas\/2438\/imagenes\/thumbnails\/11248387\/viviendas.webp","properties_post_title":"viviendas","properties_post_alt":"viviendas"},{"properties_post_image_order":3,"properties_post_image_url":"https:\/\/movin.cloud\/empresas\/2438\/imagenes\/11248387\/en-alquiler.webp","properties_post_image_url_thumbnail":"https:\/\/movin.cloud\/empresas\/2438\/imagenes\/thumbnails\/11248387\/en-alquiler.webp","properties_post_title":"en alquiler","properties_post_alt":"en alquiler"},{"properties_post_image_order":4,"properties_post_image_url":"https:\/\/movin.cloud\/empresas\/2438\/imagenes\/11248387\/alquiler.webp","properties_post_image_url_thumbnail":"https:\/\/movin.cloud\/empresas\/2438\/imagenes\/thumbnails\/11248387\/alquiler.webp","properties_post_title":"alquiler","properties_post_alt":"alquiler"},{"properties_post_image_order":5,"properties_post_image_url":"https:\/\/movin.cloud\/empresas\/2438\/imagenes\/11248387\/inmobiliarias.webp","properties_post_image_url_thumbnail":"https:\/\/movin.cloud\/empresas\/2438\/imagenes\/thumbnails\/11248387\/inmobiliarias.webp","properties_post_title":"inmobiliarias","properties_post_alt":"inmobiliarias"},{"properties_post_image_order":6,"properties_post_image_url":"https:\/\/movin.cloud\/empresas\/2438\/imagenes\/11248387\/alquilar.webp","properties_post_image_url_thumbnail":"https:\/\/movin.cloud\/empresas\/2438\/imagenes\/thumbnails\/11248387\/alquilar.webp","properties_post_title":"alquilar","properties_post_alt":"alquilar"},{"properties_post_image_order":7,"properties_post_image_url":"https:\/\/movin.cloud\/empresas\/2438\/imagenes\/11248387\/alquiler-para-idealista.webp","properties_post_image_url_thumbnail":"https:\/\/movin.cloud\/empresas\/2438\/imagenes\/thumbnails\/11248387\/alquiler-para-idealista.webp","properties_post_title":"alquiler para idealista","properties_post_alt":"alquiler para idealista"},{"properties_post_image_order":8,"properties_post_image_url":"https:\/\/movin.cloud\/empresas\/2438\/imagenes\/11248387\/alquiler-para-idealistas.webp","properties_post_image_url_thumbnail":"https:\/\/movin.cloud\/empresas\/2438\/imagenes\/thumbnails\/11248387\/alquiler-para-idealistas.webp","properties_post_title":"alquiler para idealistas","properties_post_alt":"alquiler para idealistas"},{"properties_post_image_order":9,"properties_post_image_url":"https:\/\/movin.cloud\/empresas\/2438\/imagenes\/11248387\/rent.webp","properties_post_image_url_thumbnail":"https:\/\/movin.cloud\/empresas\/2438\/imagenes\/thumbnails\/11248387\/rent.webp","properties_post_title":"rent","properties_post_alt":"rent"},{"properties_post_image_order":10,"properties_post_image_url":"https:\/\/movin.cloud\/empresas\/2438\/imagenes\/11248387\/alquiler-idealistas.webp","properties_post_image_url_thumbnail":"https:\/\/movin.cloud\/empresas\/2438\/imagenes\/thumbnails\/11248387\/alquiler-idealistas.webp","properties_post_title":"alquiler idealistas","properties_post_alt":"alquiler idealistas"},{"properties_post_image_order":11,"properties_post_image_url":"https:\/\/movin.cloud\/empresas\/2438\/imagenes\/11248387\/fincas.webp","properties_post_image_url_thumbnail":"https:\/\/movin.cloud\/empresas\/2438\/imagenes\/thumbnails\/11248387\/fincas.webp","properties_post_title":"fincas","properties_post_alt":"fincas"},{"properties_post_image_order":12,"properties_post_image_url":"https:\/\/movin.cloud\/empresas\/2438\/imagenes\/11248387\/inmobiliaria.webp","properties_post_image_url_thumbnail":"https:\/\/movin.cloud\/empresas\/2438\/imagenes\/thumbnails\/11248387\/inmobiliaria.webp","properties_post_title":"inmobiliaria","properties_post_alt":"inmobiliaria"}],"post_type_properties_post_videos":null,"post_type_properties_post_tour":null,"post_type_properties_post_dossier_url":"","post_type_properties_post_operation_type":"rent","post_type_properties_post_operation_price":18450,"post_type_properties_post_features_hidden_price":false},"yoast_head":"<!-- This site is optimized with the Yoast SEO plugin v27.4 - https:\/\/yoast.com\/product\/yoast-seo-wordpress\/ -->\n<title>CAN AMETLLER - Forcadell<\/title>\n<meta name=\"robots\" content=\"index, follow, max-snippet:-1, max-image-preview:large, max-video-preview:-1\" \/>\n<link rel=\"canonical\" href=\"https:\/\/forcadell.com\/ca\/propiedades\/can-ametller-4\/\" \/>\n<meta property=\"og:locale\" content=\"ca_ES\" \/>\n<meta property=\"og:type\" content=\"article\" \/>\n<meta property=\"og:title\" content=\"CAN AMETLLER - Forcadell\" \/>\n<meta property=\"og:description\" content=\"Oficina en parque empresarial consolidado \u2013 Can Ametller Ubica tu empresa en un parque empresarial de referencia, con todas las facilidades necesarias para el desarrollo de cualquier actividad profesional. Este espacio combina comodidad, funcionalidad y ubicaci\u00f3n estrat\u00e9gica. Excelente conexi\u00f3n: acceso directo a AP-7, C-16 y t\u00faneles de Vallvidrera, asegurando movilidad r\u00e1pida y sencilla para tu [&hellip;]\" \/>\n<meta property=\"og:url\" content=\"https:\/\/forcadell.com\/ca\/propiedades\/can-ametller-4\/\" \/>\n<meta property=\"og:site_name\" content=\"Forcadell\" \/>\n<meta property=\"article:modified_time\" content=\"2026-04-28T04:35:16+00:00\" \/>\n<meta name=\"twitter:card\" content=\"summary_large_image\" \/>\n<meta name=\"twitter:label1\" content=\"Temps estimat de lectura\" \/>\n\t<meta name=\"twitter:data1\" content=\"1 minut\" \/>\n<!-- \/ Yoast SEO plugin. -->","yoast_head_json":{"title":"CAN AMETLLER - Forcadell","robots":{"index":"index","follow":"follow","max-snippet":"max-snippet:-1","max-image-preview":"max-image-preview:large","max-video-preview":"max-video-preview:-1"},"canonical":"https:\/\/forcadell.com\/ca\/propiedades\/can-ametller-4\/","og_locale":"ca_ES","og_type":"article","og_title":"CAN AMETLLER - Forcadell","og_description":"Oficina en parque empresarial consolidado \u2013 Can Ametller Ubica tu empresa en un parque empresarial de referencia, con todas las facilidades necesarias para el desarrollo de cualquier actividad profesional. Este espacio combina comodidad, funcionalidad y ubicaci\u00f3n estrat\u00e9gica. Excelente conexi\u00f3n: acceso directo a AP-7, C-16 y t\u00faneles de Vallvidrera, asegurando movilidad r\u00e1pida y sencilla para tu [&hellip;]","og_url":"https:\/\/forcadell.com\/ca\/propiedades\/can-ametller-4\/","og_site_name":"Forcadell","article_modified_time":"2026-04-28T04:35:16+00:00","twitter_card":"summary_large_image","twitter_misc":{"Temps estimat de lectura":"1 minut"},"schema":{"@context":"https:\/\/schema.org","@graph":[{"@type":"WebPage","@id":"https:\/\/forcadell.com\/ca\/propiedades\/can-ametller-4\/","url":"https:\/\/forcadell.com\/ca\/propiedades\/can-ametller-4\/","name":"CAN AMETLLER - Forcadell","isPartOf":{"@id":"https:\/\/forcadell.com\/ca\/#website"},"datePublished":"2025-11-28T08:05:42+00:00","dateModified":"2026-04-28T04:35:16+00:00","breadcrumb":{"@id":"https:\/\/forcadell.com\/ca\/propiedades\/can-ametller-4\/#breadcrumb"},"inLanguage":"ca","potentialAction":[{"@type":"ReadAction","target":["https:\/\/forcadell.com\/ca\/propiedades\/can-ametller-4\/"]}]},{"@type":"BreadcrumbList","@id":"https:\/\/forcadell.com\/ca\/propiedades\/can-ametller-4\/#breadcrumb","itemListElement":[{"@type":"ListItem","position":1,"name":"Portada","item":"https:\/\/forcadell.com\/ca\/"},{"@type":"ListItem","position":2,"name":"Properties","item":"https:\/\/forcadell.com\/ca\/propiedades\/"},{"@type":"ListItem","position":3,"name":"CAN AMETLLER"}]},{"@type":"WebSite","@id":"https:\/\/forcadell.com\/ca\/#website","url":"https:\/\/forcadell.com\/ca\/","name":"Forcadell","description":"Inmobiliaria Barcelona | Consultores inmobiliarios","potentialAction":[{"@type":"SearchAction","target":{"@type":"EntryPoint","urlTemplate":"https:\/\/forcadell.com\/ca\/?s={search_term_string}"},"query-input":{"@type":"PropertyValueSpecification","valueRequired":true,"valueName":"search_term_string"}}],"inLanguage":"ca"}]}},"_links":{"self":[{"href":"https:\/\/forcadell.com\/ca\/wp-json\/wp\/v2\/properties_post\/59786","targetHints":{"allow":["GET"]}}],"collection":[{"href":"https:\/\/forcadell.com\/ca\/wp-json\/wp\/v2\/properties_post"}],"about":[{"href":"https:\/\/forcadell.com\/ca\/wp-json\/wp\/v2\/types\/properties_post"}],"wp:attachment":[{"href":"https:\/\/forcadell.com\/ca\/wp-json\/wp\/v2\/media?parent=59786"}],"curies":[{"name":"wp","href":"https:\/\/api.w.org\/{rel}","templated":true}]}}