{"id":59769,"date":"2025-11-28T10:03:47","date_gmt":"2025-11-28T08:03:47","guid":{"rendered":"https:\/\/www.forcadell.com\/propiedades\/alquiler-oficinas-en-calle-severo-ochoa-las-rozas\/"},"modified":"2026-04-26T09:03:44","modified_gmt":"2026-04-26T07:03:44","slug":"alquiler-oficinas-en-calle-severo-ochoa-las-rozas","status":"publish","type":"properties_post","link":"https:\/\/forcadell.com\/ca\/propiedades\/alquiler-oficinas-en-calle-severo-ochoa-las-rozas\/","title":{"rendered":"Alquiler Oficinas en Calle Severo Ochoa &#8211; Las Rozas"},"content":{"rendered":"<p>**Edificio corporativo en Las Rozas**, situado al oeste de Madrid, en una **zona empresarial plenamente consolidada** que concentra destacadas compa\u00f1\u00edas nacionales e internacionales. Su localizaci\u00f3n estrat\u00e9gica ofrece excelentes comunicaciones mediante las l\u00edneas de autob\u00fas **628 y 629**, la estaci\u00f3n de **Metro Pinar de las Rozas** y un **r\u00e1pido acceso a la A-6**, garantizando una conectividad \u00f3ptima tanto para empleados como para visitantes.<\/p>\n<p>Superficies disponibles a partir de 605 m2.<\/p>\n<p>Se trata de un **edificio exclusivo recientemente reformado**, concebido para ofrecer la m\u00e1xima funcionalidad y representatividad. Dispone de **zona de carga y descarga**, as\u00ed como de un **auditorio\u2013sala de conferencias con capacidad para 144 personas**, ideal para eventos corporativos, presentaciones y formaciones internas.<\/p>\n<p>El complejo destaca por sus **17.460 m\u00b2 de zonas ajardinadas e instalaciones deportivas**, que incluyen **dos pistas de p\u00e1del**, fomentando el bienestar y la desconexi\u00f3n en un entorno natural. Cuenta adem\u00e1s con **cantina y cocina de uso com\u00fan**, as\u00ed como espacios previstos para **duchas y vestuarios**, que completan una oferta integral de servicios.<\/p>\n<p>Las oficinas se presentan en **superficies di\u00e1fanas**, con una excelente **iluminaci\u00f3n natural** y una **altura libre de 3,45 m por planta**, proporcionando amplitud y versatilidad en la organizaci\u00f3n de los espacios de trabajo. El inmueble incorpora **suelo t\u00e9cnico**, **falso techo** y **luminarias LED**, garantizando confort, eficiencia y flexibilidad operativa. Su dise\u00f1o vanguardista permite tambi\u00e9n la **instalaci\u00f3n de imagen corporativa**, asegurando as\u00ed una gran visibilidad y presencia institucional.<\/p>\n<p>Con un **ratio de ocupaci\u00f3n de 1:7 m\u00b2** y **Certificado de Eficiencia Energ\u00e9tica C**, este edificio emblem\u00e1tico, reformado integralmente, se erige como una **opci\u00f3n singular para compa\u00f1\u00edas que buscan un entorno representativo y a la vez conectado con la naturaleza**, combinando arquitectura contempor\u00e1nea, funcionalidad y bienestar.<\/p>\n<p>&#8212;<\/p>\n","protected":false},"template":"","class_list":["post-59769","properties_post","type-properties_post","status-publish","hentry","properties_modality-rent","properties_province-madrid","properties_zone-periferia","properties_state-las-rozas-de-madrid","properties_subclass-oficina","properties_type-oficina"],"acf":{"post_type_properties_post_property_code":"239156","post_type_properties_post_property_reference":"IE-196522","post_type_properties_post_owner_id":"49765","post_type_properties_post_owner_name":"CUSHMAN & WAKEFIELD DESIGN & BUILD SPAIN SL","post_type_properties_post_property_code_encrypted":"MjkkMjM3MjM=","post_type_properties_post_published":"1","post_type_properties_post_property_visibility":"idealista","post_type_properties_post_contact_name":"Forcadell Oficinas Madrid","post_type_properties_post_contact_email":"forcadell.oficinas.madrid@movin.cloud","post_type_properties_post_contact_primary_phone_prefix":"34","post_type_properties_post_contact_primary_phone_number":"917886880","post_type_properties_post_address_visibility":"street","post_type_properties_post_address_country":"Spain","post_type_properties_post_address_coordinates_precision":"exact","post_type_properties_post_address_postal_code":"28232","post_type_properties_post_address_coordinates_latitude":"40.5190467","post_type_properties_post_address_coordinates_longitude":"-3.8919113","post_type_properties_post_address_street_name":"CL Severo Ochoa 2","post_type_properties_post_address_floor":"","post_type_properties_post_address_town":"Las Rozas de Madrid","post_type_properties_post_building":null,"post_type_properties_post_property":[{"properties_post_description_language":"spanish","properties_post_title":"Alquiler Oficinas en Calle Severo Ochoa - Las Rozas","properties_post_short_description_text_alt":"","properties_post_description_text_alt":"","properties_post_short_description_text":"","properties_post_link_demanda_inmueble":"https:\/\/movin.cloud\/es\/Forcadell Oficinas Madrid\/formulario-peticion-inmueble\/sth\/2462&&239156","properties_post_link_demanda_calendario_inmueble":"https:\/\/movin.cloud\/es\/Forcadell Oficinas Madrid\/calendario-peticion-inmueble\/sth\/2462&&239156","properties_post_description_text":"\n**Edificio corporativo en Las Rozas**, situado al oeste de Madrid, en una **zona empresarial plenamente consolidada** que concentra destacadas compa\u00f1\u00edas nacionales e internacionales. Su localizaci\u00f3n estrat\u00e9gica ofrece excelentes comunicaciones mediante las l\u00edneas de autob\u00fas **628 y 629**, la estaci\u00f3n de **Metro Pinar de las Rozas** y un **r\u00e1pido acceso a la A-6**, garantizando una conectividad \u00f3ptima tanto para empleados como para visitantes.\n\nSuperficies disponibles a partir de 605 m2.\n\nSe trata de un **edificio exclusivo recientemente reformado**, concebido para ofrecer la m\u00e1xima funcionalidad y representatividad. Dispone de **zona de carga y descarga**, as\u00ed como de un **auditorio\u2013sala de conferencias con capacidad para 144 personas**, ideal para eventos corporativos, presentaciones y formaciones internas.\n\nEl complejo destaca por sus **17.460 m\u00b2 de zonas ajardinadas e instalaciones deportivas**, que incluyen **dos pistas de p\u00e1del**, fomentando el bienestar y la desconexi\u00f3n en un entorno natural. Cuenta adem\u00e1s con **cantina y cocina de uso com\u00fan**, as\u00ed como espacios previstos para **duchas y vestuarios**, que completan una oferta integral de servicios.\n\nLas oficinas se presentan en **superficies di\u00e1fanas**, con una excelente **iluminaci\u00f3n natural** y una **altura libre de 3,45 m por planta**, proporcionando amplitud y versatilidad en la organizaci\u00f3n de los espacios de trabajo. El inmueble incorpora **suelo t\u00e9cnico**, **falso techo** y **luminarias LED**, garantizando confort, eficiencia y flexibilidad operativa. Su dise\u00f1o vanguardista permite tambi\u00e9n la **instalaci\u00f3n de imagen corporativa**, asegurando as\u00ed una gran visibilidad y presencia institucional.\n\nCon un **ratio de ocupaci\u00f3n de 1:7 m\u00b2** y **Certificado de Eficiencia Energ\u00e9tica C**, este edificio emblem\u00e1tico, reformado integralmente, se erige como una **opci\u00f3n singular para compa\u00f1\u00edas que buscan un entorno representativo y a la vez conectado con la naturaleza**, combinando arquitectura contempor\u00e1nea, funcionalidad y bienestar.\n\n\n\n---\n","properties_post_seo_title":"","properties_post_seo_alias":"","properties_post_seo_metadescription":"","properties_post_seo_key_words":"","properties_post_seo_url":"","properties_post_terms_conditions":""}],"post_type_properties_post_features_type":"office","post_type_properties_post_id_building":"","post_type_properties_post_features_area_constructed":2146,"post_type_properties_post_features_conditioned_air":true,"post_type_properties_post_features_doorman":false,"post_type_properties_post_features_heating":true,"post_type_properties_post_features_equipped_kitchen":false,"post_type_properties_post_features_windows_location":"exterior","post_type_properties_post_features_floors_property":false,"post_type_properties_post_features_storage":false,"post_type_properties_post_features_security_door":false,"post_type_properties_post_features_energy_certificate_rating":"C","post_type_properties_post_features_energy_certificate_emissions_rating":"C","post_type_properties_post_features_energy_certificate_emissions_value":"","post_type_properties_post_features_energy_certificate_performance":"","post_type_properties_post_features_bathroom_inside":false,"post_type_properties_post_precio":26825,"post_type_properties_post_precio_alquiler":26825,"post_type_properties_post_record_type_id":"Oficina","post_type_properties_post_categoria__producto":"Oficina","post_type_properties_post_amueblado":false,"post_type_properties_post_precio_m2":12.5,"post_type_properties_post_zona__comunitaria":false,"post_type_properties_post_electrodomesticos":false,"post_type_properties_post_patio__interior":true,"post_type_properties_post_certificado_energetico_general":"C","post_type_properties_post_certificado_energetico_consumo":"C","post_type_properties_post_certificado_energetico_valor_emisiones":"","post_type_properties_post_certificado_energetico_valor_consumo":"","post_type_properties_post_modalidad":"rent","post_type_properties_post_provincia":"Madrid","post_type_properties_post_poblacion":"Las Rozas de Madrid","post_type_properties_post_centro__urbano":false,"post_type_properties_post_zonificacion":"Periferia","post_type_properties_post_cartera":"Segunda mano","post_type_properties_post_titulo_catalan":"","post_type_properties_post_internet_catalan":"","post_type_properties_post_titulo_castellano":"Alquiler Oficinas en Calle Severo Ochoa - Las Rozas","post_type_properties_post_internet_castellano":"\n**Edificio corporativo en Las Rozas**, situado al oeste de Madrid, en una **zona empresarial plenamente consolidada** que concentra destacadas compa\u00f1\u00edas nacionales e internacionales. Su localizaci\u00f3n estrat\u00e9gica ofrece excelentes comunicaciones mediante las l\u00edneas de autob\u00fas **628 y 629**, la estaci\u00f3n de **Metro Pinar de las Rozas** y un **r\u00e1pido acceso a la A-6**, garantizando una conectividad \u00f3ptima tanto para empleados como para visitantes.\n\nSuperficies disponibles a partir de 605 m2.\n\nSe trata de un **edificio exclusivo recientemente reformado**, concebido para ofrecer la m\u00e1xima funcionalidad y representatividad. Dispone de **zona de carga y descarga**, as\u00ed como de un **auditorio\u2013sala de conferencias con capacidad para 144 personas**, ideal para eventos corporativos, presentaciones y formaciones internas.\n\nEl complejo destaca por sus **17.460 m\u00b2 de zonas ajardinadas e instalaciones deportivas**, que incluyen **dos pistas de p\u00e1del**, fomentando el bienestar y la desconexi\u00f3n en un entorno natural. Cuenta adem\u00e1s con **cantina y cocina de uso com\u00fan**, as\u00ed como espacios previstos para **duchas y vestuarios**, que completan una oferta integral de servicios.\n\nLas oficinas se presentan en **superficies di\u00e1fanas**, con una excelente **iluminaci\u00f3n natural** y una **altura libre de 3,45 m por planta**, proporcionando amplitud y versatilidad en la organizaci\u00f3n de los espacios de trabajo. El inmueble incorpora **suelo t\u00e9cnico**, **falso techo** y **luminarias LED**, garantizando confort, eficiencia y flexibilidad operativa. Su dise\u00f1o vanguardista permite tambi\u00e9n la **instalaci\u00f3n de imagen corporativa**, asegurando as\u00ed una gran visibilidad y presencia institucional.\n\nCon un **ratio de ocupaci\u00f3n de 1:7 m\u00b2** y **Certificado de Eficiencia Energ\u00e9tica C**, este edificio emblem\u00e1tico, reformado integralmente, se erige como una **opci\u00f3n singular para compa\u00f1\u00edas que buscan un entorno representativo y a la vez conectado con la naturaleza**, combinando arquitectura contempor\u00e1nea, funcionalidad y bienestar.\n\n\n\n---\n","post_type_properties_post_titulo_ingles":"","post_type_properties_post_internet_ingles":"","post_type_properties_post_features_classification_commercial":false,"post_type_properties_post_features_conservation":"","post_type_properties_post_features_security_personnel":false,"post_type_properties_post_features_parking_available":false,"post_type_properties_post_features_garage_capacity_type":"","post_type_properties_post_features_bathroom_number":"","post_type_properties_post_eje":"","post_type_properties_post_zona":"","post_type_properties_post_comarca":"","post_type_properties_post_features_built_year":"","post_type_properties_post_renta_mensual":26825,"post_type_properties_post_fianza":"","post_type_properties_post_features_area_plot":"","post_type_properties_post_features_area_buildable":"","post_type_properties_post_features_classification_industrial":false,"post_type_properties_post_distrito":"","post_type_properties_post_features_balcony":false,"post_type_properties_post_features_bedroom_number":"","post_type_properties_post_features_heating_type":"","post_type_properties_post_features_equipped_with_furniture":false,"post_type_properties_post_features_pets_allowed":false,"post_type_properties_post_features_pool":false,"post_type_properties_post_features_terrace":false,"post_type_properties_post_features_wardrobes":false,"post_type_properties_post_features_lift_available":false,"post_type_properties_post_features_handicap_adapted_access":false,"post_type_properties_post_features_orientation_east":false,"post_type_properties_post_features_orientation_west":false,"post_type_properties_post_features_orientation_north":false,"post_type_properties_post_features_orientation_south":false,"post_type_properties_post_features_parking_spaces_number":"","post_type_properties_post_features_security_alarm":false,"post_type_properties_post_features_security_system":false,"post_type_properties_post_open_plan":false,"post_type_properties_post_acceso_24_7":false,"post_type_properties_post_oficina_privada":false,"post_type_properties_post_sala_reuniones":false,"post_type_properties_post_espacio_eventos":false,"post_type_properties_post_office":false,"post_type_properties_post_restaurant":false,"post_type_properties_post_acepta_traspaso":false,"post_type_properties_post_vigilancia":false,"post_type_properties_post_features_suite":false,"post_type_properties_post_features_vitro":false,"post_type_properties_post_features_oven":false,"post_type_properties_post_features_microwave":false,"post_type_properties_post_features_washing_machine":false,"post_type_properties_post_features_dryer":false,"post_type_properties_post_features_dishwasher":false,"post_type_properties_post_features_fridge":false,"post_type_properties_post_features_fridge_mini":false,"post_type_properties_post_features_kettle":false,"post_type_properties_post_features_toaster":false,"post_type_properties_post_features_coffee_maker":false,"post_type_properties_post_features_iron":false,"post_type_properties_post_features_ironing_board":false,"post_type_properties_post_features_safe":false,"post_type_properties_post_features_internet":false,"post_type_properties_post_features_solarium":false,"post_type_properties_post_features_clean_service":false,"post_type_properties_post_features_t_v":false,"post_type_properties_post_features_satellite_t_v":false,"post_type_properties_post_features_gas_kitchen":false,"post_type_properties_post_features_view_mountain":false,"post_type_properties_post_features_view_sea":false,"post_type_properties_post_features_concierge":false,"post_type_properties_post_features_loading_dock":false,"post_type_properties_post_features_bridge_crane":false,"post_type_properties_post_features_located_at_corner":false,"post_type_properties_post_features_smoke_extraction":false,"post_type_properties_post_features_rooms":"","post_type_properties_post_features_garden_area":"","post_type_properties_post_features_utilities_water":false,"post_type_properties_post_features_utilities_electricity":false,"post_type_properties_post_features_utilities_natural_gas":false,"post_type_properties_post_features_building_adapted":false,"post_type_properties_post_features_garden":false,"post_type_properties_post_features_classification_hotel":false,"post_type_properties_post_features_classification_chalet":false,"post_type_properties_post_certificado_energetico_emisiones":"C","post_type_properties_post_barrio":"","post_type_properties_post_distrito_empresa":"","post_type_properties_post_features_property_category_intern":"","post_type_properties_post_implantada":false,"post_type_properties_post_sello_leed":"","post_type_properties_post_sello_well":"","post_type_properties_post_sello_breeam":false,"post_type_properties_post_images":[{"properties_post_image_order":1,"properties_post_image_url":"https:\/\/movin.cloud\/empresas\/2462\/imagenes\/239156\/alquiler-para-idealista.webp","properties_post_image_url_thumbnail":"https:\/\/movin.cloud\/empresas\/2462\/imagenes\/thumbnails\/239156\/alquiler-para-idealista.webp","properties_post_title":"alquiler para idealista","properties_post_alt":"alquiler para idealista"},{"properties_post_image_order":2,"properties_post_image_url":"https:\/\/movin.cloud\/empresas\/2462\/imagenes\/239156\/alquilar.webp","properties_post_image_url_thumbnail":"https:\/\/movin.cloud\/empresas\/2462\/imagenes\/thumbnails\/239156\/alquilar.webp","properties_post_title":"alquilar","properties_post_alt":"alquilar"},{"properties_post_image_order":3,"properties_post_image_url":"https:\/\/movin.cloud\/empresas\/2462\/imagenes\/239156\/inmobiliarias.webp","properties_post_image_url_thumbnail":"https:\/\/movin.cloud\/empresas\/2462\/imagenes\/thumbnails\/239156\/inmobiliarias.webp","properties_post_title":"inmobiliarias","properties_post_alt":"inmobiliarias"},{"properties_post_image_order":4,"properties_post_image_url":"https:\/\/movin.cloud\/empresas\/2462\/imagenes\/239156\/rent.webp","properties_post_image_url_thumbnail":"https:\/\/movin.cloud\/empresas\/2462\/imagenes\/thumbnails\/239156\/rent.webp","properties_post_title":"rent","properties_post_alt":"rent"},{"properties_post_image_order":5,"properties_post_image_url":"https:\/\/movin.cloud\/empresas\/2462\/imagenes\/239156\/habitalia-las-rozas-de-madrid.webp","properties_post_image_url_thumbnail":"https:\/\/movin.cloud\/empresas\/2462\/imagenes\/thumbnails\/239156\/habitalia-las-rozas-de-madrid.webp","properties_post_title":"habitalia las rozas de madrid","properties_post_alt":"habitalia las rozas de madrid"},{"properties_post_image_order":6,"properties_post_image_url":"https:\/\/movin.cloud\/empresas\/2462\/imagenes\/239156\/alquilar-las-rozas-de-madrid.webp","properties_post_image_url_thumbnail":"https:\/\/movin.cloud\/empresas\/2462\/imagenes\/thumbnails\/239156\/alquilar-las-rozas-de-madrid.webp","properties_post_title":"alquilar las rozas de madrid","properties_post_alt":"alquilar las rozas de madrid"},{"properties_post_image_order":7,"properties_post_image_url":"https:\/\/movin.cloud\/empresas\/2462\/imagenes\/239156\/alquiler-idealistas-las-rozas-de-madrid.webp","properties_post_image_url_thumbnail":"https:\/\/movin.cloud\/empresas\/2462\/imagenes\/thumbnails\/239156\/alquiler-idealistas-las-rozas-de-madrid.webp","properties_post_title":"alquiler idealistas las rozas de madrid","properties_post_alt":"alquiler idealistas las rozas de madrid"},{"properties_post_image_order":8,"properties_post_image_url":"https:\/\/movin.cloud\/empresas\/2462\/imagenes\/239156\/inmobiliaria.webp","properties_post_image_url_thumbnail":"https:\/\/movin.cloud\/empresas\/2462\/imagenes\/thumbnails\/239156\/inmobiliaria.webp","properties_post_title":"inmobiliaria","properties_post_alt":"inmobiliaria"},{"properties_post_image_order":9,"properties_post_image_url":"https:\/\/movin.cloud\/empresas\/2462\/imagenes\/239156\/alquiler-para-idealista-las-rozas-de-madrid.webp","properties_post_image_url_thumbnail":"https:\/\/movin.cloud\/empresas\/2462\/imagenes\/thumbnails\/239156\/alquiler-para-idealista-las-rozas-de-madrid.webp","properties_post_title":"alquiler para idealista las rozas de madrid","properties_post_alt":"alquiler para idealista las rozas de madrid"},{"properties_post_image_order":10,"properties_post_image_url":"https:\/\/movin.cloud\/empresas\/2462\/imagenes\/239156\/en-alquiler-las-rozas-de-madrid.webp","properties_post_image_url_thumbnail":"https:\/\/movin.cloud\/empresas\/2462\/imagenes\/thumbnails\/239156\/en-alquiler-las-rozas-de-madrid.webp","properties_post_title":"en alquiler las rozas de madrid","properties_post_alt":"en alquiler las rozas de madrid"},{"properties_post_image_order":11,"properties_post_image_url":"https:\/\/movin.cloud\/empresas\/2462\/imagenes\/239156\/viviendas-las-rozas-de-madrid.webp","properties_post_image_url_thumbnail":"https:\/\/movin.cloud\/empresas\/2462\/imagenes\/thumbnails\/239156\/viviendas-las-rozas-de-madrid.webp","properties_post_title":"viviendas las rozas de madrid","properties_post_alt":"viviendas las rozas de madrid"},{"properties_post_image_order":12,"properties_post_image_url":"https:\/\/movin.cloud\/empresas\/2462\/imagenes\/239156\/habitalia.webp","properties_post_image_url_thumbnail":"https:\/\/movin.cloud\/empresas\/2462\/imagenes\/thumbnails\/239156\/habitalia.webp","properties_post_title":"habitalia","properties_post_alt":"habitalia"},{"properties_post_image_order":13,"properties_post_image_url":"https:\/\/movin.cloud\/empresas\/2462\/imagenes\/239156\/alquiler-las-rozas-de-madrid.webp","properties_post_image_url_thumbnail":"https:\/\/movin.cloud\/empresas\/2462\/imagenes\/thumbnails\/239156\/alquiler-las-rozas-de-madrid.webp","properties_post_title":"alquiler las rozas de madrid","properties_post_alt":"alquiler las rozas de madrid"},{"properties_post_image_order":14,"properties_post_image_url":"https:\/\/movin.cloud\/empresas\/2462\/imagenes\/239156\/fincas.webp","properties_post_image_url_thumbnail":"https:\/\/movin.cloud\/empresas\/2462\/imagenes\/thumbnails\/239156\/fincas.webp","properties_post_title":"fincas","properties_post_alt":"fincas"},{"properties_post_image_order":15,"properties_post_image_url":"https:\/\/movin.cloud\/empresas\/2462\/imagenes\/239156\/viviendas.webp","properties_post_image_url_thumbnail":"https:\/\/movin.cloud\/empresas\/2462\/imagenes\/thumbnails\/239156\/viviendas.webp","properties_post_title":"viviendas","properties_post_alt":"viviendas"},{"properties_post_image_order":16,"properties_post_image_url":"https:\/\/movin.cloud\/empresas\/2462\/imagenes\/239156\/alquiler-para-idealistas.webp","properties_post_image_url_thumbnail":"https:\/\/movin.cloud\/empresas\/2462\/imagenes\/thumbnails\/239156\/alquiler-para-idealistas.webp","properties_post_title":"alquiler para idealistas","properties_post_alt":"alquiler para idealistas"}],"post_type_properties_post_videos":null,"post_type_properties_post_tour":null,"post_type_properties_post_dossier_url":"","post_type_properties_post_operation_type":"rent","post_type_properties_post_operation_price":26825,"post_type_properties_post_features_hidden_price":false},"yoast_head":"<!-- This site is optimized with the Yoast SEO plugin v25.6 - https:\/\/yoast.com\/wordpress\/plugins\/seo\/ -->\n<title>Alquiler Oficinas en Calle Severo Ochoa - Las Rozas - Forcadell<\/title>\n<meta name=\"robots\" content=\"index, follow, max-snippet:-1, max-image-preview:large, max-video-preview:-1\" \/>\n<link rel=\"canonical\" href=\"https:\/\/forcadell.com\/ca\/propiedades\/alquiler-oficinas-en-calle-severo-ochoa-las-rozas\/\" \/>\n<meta property=\"og:locale\" content=\"ca_ES\" \/>\n<meta property=\"og:type\" content=\"article\" \/>\n<meta property=\"og:title\" content=\"Alquiler Oficinas en Calle Severo Ochoa - Las Rozas - Forcadell\" \/>\n<meta property=\"og:description\" content=\"**Edificio corporativo en Las Rozas**, situado al oeste de Madrid, en una **zona empresarial plenamente consolidada** que concentra destacadas compa\u00f1\u00edas nacionales e internacionales. Su localizaci\u00f3n estrat\u00e9gica ofrece excelentes comunicaciones mediante las l\u00edneas de autob\u00fas **628 y 629**, la estaci\u00f3n de **Metro Pinar de las Rozas** y un **r\u00e1pido acceso a la A-6**, garantizando una conectividad [&hellip;]\" \/>\n<meta property=\"og:url\" content=\"https:\/\/forcadell.com\/ca\/propiedades\/alquiler-oficinas-en-calle-severo-ochoa-las-rozas\/\" \/>\n<meta property=\"og:site_name\" content=\"Forcadell\" \/>\n<meta property=\"article:modified_time\" content=\"2026-04-26T07:03:44+00:00\" \/>\n<meta name=\"twitter:card\" content=\"summary_large_image\" \/>\n<meta name=\"twitter:label1\" content=\"Temps estimat de lectura\" \/>\n\t<meta name=\"twitter:data1\" content=\"1 minut\" \/>\n<!-- \/ Yoast SEO plugin. -->","yoast_head_json":{"title":"Alquiler Oficinas en Calle Severo Ochoa - Las Rozas - Forcadell","robots":{"index":"index","follow":"follow","max-snippet":"max-snippet:-1","max-image-preview":"max-image-preview:large","max-video-preview":"max-video-preview:-1"},"canonical":"https:\/\/forcadell.com\/ca\/propiedades\/alquiler-oficinas-en-calle-severo-ochoa-las-rozas\/","og_locale":"ca_ES","og_type":"article","og_title":"Alquiler Oficinas en Calle Severo Ochoa - Las Rozas - Forcadell","og_description":"**Edificio corporativo en Las Rozas**, situado al oeste de Madrid, en una **zona empresarial plenamente consolidada** que concentra destacadas compa\u00f1\u00edas nacionales e internacionales. Su localizaci\u00f3n estrat\u00e9gica ofrece excelentes comunicaciones mediante las l\u00edneas de autob\u00fas **628 y 629**, la estaci\u00f3n de **Metro Pinar de las Rozas** y un **r\u00e1pido acceso a la A-6**, garantizando una conectividad [&hellip;]","og_url":"https:\/\/forcadell.com\/ca\/propiedades\/alquiler-oficinas-en-calle-severo-ochoa-las-rozas\/","og_site_name":"Forcadell","article_modified_time":"2026-04-26T07:03:44+00:00","twitter_card":"summary_large_image","twitter_misc":{"Temps estimat de lectura":"1 minut"},"schema":{"@context":"https:\/\/schema.org","@graph":[{"@type":"WebPage","@id":"https:\/\/forcadell.com\/ca\/propiedades\/alquiler-oficinas-en-calle-severo-ochoa-las-rozas\/","url":"https:\/\/forcadell.com\/ca\/propiedades\/alquiler-oficinas-en-calle-severo-ochoa-las-rozas\/","name":"Alquiler Oficinas en Calle Severo Ochoa - Las Rozas - Forcadell","isPartOf":{"@id":"https:\/\/forcadell.com\/ca\/#website"},"datePublished":"2025-11-28T08:03:47+00:00","dateModified":"2026-04-26T07:03:44+00:00","breadcrumb":{"@id":"https:\/\/forcadell.com\/ca\/propiedades\/alquiler-oficinas-en-calle-severo-ochoa-las-rozas\/#breadcrumb"},"inLanguage":"ca","potentialAction":[{"@type":"ReadAction","target":["https:\/\/forcadell.com\/ca\/propiedades\/alquiler-oficinas-en-calle-severo-ochoa-las-rozas\/"]}]},{"@type":"BreadcrumbList","@id":"https:\/\/forcadell.com\/ca\/propiedades\/alquiler-oficinas-en-calle-severo-ochoa-las-rozas\/#breadcrumb","itemListElement":[{"@type":"ListItem","position":1,"name":"Portada","item":"https:\/\/forcadell.com\/ca\/"},{"@type":"ListItem","position":2,"name":"Properties","item":"https:\/\/forcadell.com\/ca\/propiedades\/"},{"@type":"ListItem","position":3,"name":"Alquiler Oficinas en Calle Severo Ochoa &#8211; Las Rozas"}]},{"@type":"WebSite","@id":"https:\/\/forcadell.com\/ca\/#website","url":"https:\/\/forcadell.com\/ca\/","name":"Forcadell","description":"Inmobiliaria Barcelona | Consultores inmobiliarios","potentialAction":[{"@type":"SearchAction","target":{"@type":"EntryPoint","urlTemplate":"https:\/\/forcadell.com\/ca\/?s={search_term_string}"},"query-input":{"@type":"PropertyValueSpecification","valueRequired":true,"valueName":"search_term_string"}}],"inLanguage":"ca"}]}},"_links":{"self":[{"href":"https:\/\/forcadell.com\/ca\/wp-json\/wp\/v2\/properties_post\/59769"}],"collection":[{"href":"https:\/\/forcadell.com\/ca\/wp-json\/wp\/v2\/properties_post"}],"about":[{"href":"https:\/\/forcadell.com\/ca\/wp-json\/wp\/v2\/types\/properties_post"}],"wp:attachment":[{"href":"https:\/\/forcadell.com\/ca\/wp-json\/wp\/v2\/media?parent=59769"}],"curies":[{"name":"wp","href":"https:\/\/api.w.org\/{rel}","templated":true}]}}