{"id":59768,"date":"2025-11-28T10:03:25","date_gmt":"2025-11-28T08:03:25","guid":{"rendered":"https:\/\/www.forcadell.com\/propiedades\/alquiler-oficinas-en-las-tablas-madrid\/"},"modified":"2026-04-27T14:40:49","modified_gmt":"2026-04-27T12:40:49","slug":"alquiler-oficinas-en-las-tablas-madrid","status":"publish","type":"properties_post","link":"https:\/\/forcadell.com\/ca\/propiedades\/alquiler-oficinas-en-las-tablas-madrid\/","title":{"rendered":"Alquiler oficinas en Las Tablas &#8211; Madrid"},"content":{"rendered":"<p>El **Centro Empresarial Bilma** se erige como un referente arquitect\u00f3nico y corporativo concebido con exhaustivo rigor y sustentado en tres ejes esenciales: **eficiencia, dinamismo e innovaci\u00f3n**. Dise\u00f1ado por el prestigioso arquitecto **D. Rafael de la Hoz**, el complejo ha sido reconocido con la *Menci\u00f3n de Honor a Edificio de Oficinas* otorgada por el Ayuntamiento de Madrid, consolidando su posici\u00f3n como uno de los espacios empresariales m\u00e1s destacados de la capital.<\/p>\n<p>Su **fachada de muro cortina** dota al edificio de una imagen moderna, luminosa y representativa, mientras que sus **superficies di\u00e1fanas** permiten la m\u00e1xima flexibilidad en la configuraci\u00f3n de los espacios de trabajo. El inmueble incorpora **suelo t\u00e9cnico elevado** y **falso techo registrable**, garantizando una integraci\u00f3n \u00f3ptima de instalaciones, as\u00ed como un **ratio de ocupaci\u00f3n 1:8**, ideal para organizaciones que requieren entornos amplios, eficientes y adaptables.<\/p>\n<p>El equipamiento t\u00e9cnico incluye **cableado de voz y datos**, con tomas de fuerza y red distribuidas cada 25 m\u00b2, y un avanzado **sistema de climatizaci\u00f3n VRV**, que asegura confort t\u00e9rmico con un consumo energ\u00e9tico optimizado. Asimismo, el edificio cuenta con completos **sistemas de protecci\u00f3n contra incendios**, **control de accesos**, **recepci\u00f3n con vigilancia 24h**, y amplias **zonas exteriores** que favorecen un entorno de trabajo equilibrado y funcional.<\/p>\n<p>En cuanto a su infraestructura vertical y log\u00edstica, dispone de **6 ascensores**, **2 montacargas** y un c\u00f3modo **parking** interior, facilitando la movilidad interna y el acceso de empleados y visitantes. La oferta se completa con una **zona de restauraci\u00f3n y cafeter\u00eda** ubicada en el propio edificio, aportando un valor a\u00f1adido para el bienestar diario de los usuarios.<\/p>\n<p>Estrat\u00e9gicamente situado en **Las Tablas**, uno de los enclaves empresariales m\u00e1s consolidados de Madrid, el Centro Empresarial Bilma disfruta de **excelentes comunicaciones** y f\u00e1cil conexi\u00f3n con las principales v\u00edas de acceso: **M-40, M-30 y A-1**, convirti\u00e9ndolo en un punto neur\u00e1lgico para empresas que buscan visibilidad, accesibilidad y una infraestructura de primer nivel.<\/p>\n<p>En conjunto, este centro empresarial combina dise\u00f1o, funcionalidad y tecnolog\u00eda para ofrecer un entorno de trabajo de m\u00e1xima calidad, alineado con las exigencias de las compa\u00f1\u00edas m\u00e1s innovadoras y competitivas.<\/p>\n","protected":false},"template":"","class_list":["post-59768","properties_post","type-properties_post","status-publish","hentry","properties_modality-rent","properties_district-fuencarral-el-pardo","properties_province-madrid","properties_zone-descentralizada","properties_state-madrid","properties_subclass-oficina","properties_type-oficina"],"acf":{"post_type_properties_post_property_code":"243379","post_type_properties_post_property_reference":"223515","post_type_properties_post_owner_id":"49479","post_type_properties_post_owner_name":"SAVILLS RE SPAIN S.A.U","post_type_properties_post_property_code_encrypted":"MjkkMjc5NDY=","post_type_properties_post_published":"1","post_type_properties_post_property_visibility":"idealista","post_type_properties_post_contact_name":"Forcadell Oficinas Madrid","post_type_properties_post_contact_email":"forcadell.oficinas.madrid@movin.cloud","post_type_properties_post_contact_primary_phone_prefix":"34","post_type_properties_post_contact_primary_phone_number":"917886880","post_type_properties_post_address_visibility":"street","post_type_properties_post_address_country":"Spain","post_type_properties_post_address_coordinates_precision":"exact","post_type_properties_post_address_postal_code":"28050","post_type_properties_post_address_coordinates_latitude":"40.512793000002","post_type_properties_post_address_coordinates_longitude":"-3.675244999998","post_type_properties_post_address_street_name":"CL Mar\u00eda Tubau 9","post_type_properties_post_address_floor":"3","post_type_properties_post_address_town":"Madrid","post_type_properties_post_building":null,"post_type_properties_post_property":[{"properties_post_description_language":"spanish","properties_post_title":"Alquiler oficinas en Las Tablas - Madrid","properties_post_short_description_text_alt":"","properties_post_description_text_alt":"","properties_post_short_description_text":"","properties_post_link_demanda_inmueble":"https:\/\/movin.cloud\/es\/Forcadell Oficinas Madrid\/formulario-peticion-inmueble\/sth\/2462&&243379","properties_post_link_demanda_calendario_inmueble":"https:\/\/movin.cloud\/es\/Forcadell Oficinas Madrid\/calendario-peticion-inmueble\/sth\/2462&&243379","properties_post_description_text":"El **Centro Empresarial Bilma** se erige como un referente arquitect\u00f3nico y corporativo concebido con exhaustivo rigor y sustentado en tres ejes esenciales: **eficiencia, dinamismo e innovaci\u00f3n**. Dise\u00f1ado por el prestigioso arquitecto **D. Rafael de la Hoz**, el complejo ha sido reconocido con la *Menci\u00f3n de Honor a Edificio de Oficinas* otorgada por el Ayuntamiento de Madrid, consolidando su posici\u00f3n como uno de los espacios empresariales m\u00e1s destacados de la capital.\n\nSu **fachada de muro cortina** dota al edificio de una imagen moderna, luminosa y representativa, mientras que sus **superficies di\u00e1fanas** permiten la m\u00e1xima flexibilidad en la configuraci\u00f3n de los espacios de trabajo. El inmueble incorpora **suelo t\u00e9cnico elevado** y **falso techo registrable**, garantizando una integraci\u00f3n \u00f3ptima de instalaciones, as\u00ed como un **ratio de ocupaci\u00f3n 1:8**, ideal para organizaciones que requieren entornos amplios, eficientes y adaptables.\n\nEl equipamiento t\u00e9cnico incluye **cableado de voz y datos**, con tomas de fuerza y red distribuidas cada 25 m\u00b2, y un avanzado **sistema de climatizaci\u00f3n VRV**, que asegura confort t\u00e9rmico con un consumo energ\u00e9tico optimizado. Asimismo, el edificio cuenta con completos **sistemas de protecci\u00f3n contra incendios**, **control de accesos**, **recepci\u00f3n con vigilancia 24h**, y amplias **zonas exteriores** que favorecen un entorno de trabajo equilibrado y funcional.\n\nEn cuanto a su infraestructura vertical y log\u00edstica, dispone de **6 ascensores**, **2 montacargas** y un c\u00f3modo **parking** interior, facilitando la movilidad interna y el acceso de empleados y visitantes. La oferta se completa con una **zona de restauraci\u00f3n y cafeter\u00eda** ubicada en el propio edificio, aportando un valor a\u00f1adido para el bienestar diario de los usuarios.\n\nEstrat\u00e9gicamente situado en **Las Tablas**, uno de los enclaves empresariales m\u00e1s consolidados de Madrid, el Centro Empresarial Bilma disfruta de **excelentes comunicaciones** y f\u00e1cil conexi\u00f3n con las principales v\u00edas de acceso: **M-40, M-30 y A-1**, convirti\u00e9ndolo en un punto neur\u00e1lgico para empresas que buscan visibilidad, accesibilidad y una infraestructura de primer nivel.\n\nEn conjunto, este centro empresarial combina dise\u00f1o, funcionalidad y tecnolog\u00eda para ofrecer un entorno de trabajo de m\u00e1xima calidad, alineado con las exigencias de las compa\u00f1\u00edas m\u00e1s innovadoras y competitivas.\n","properties_post_seo_title":"","properties_post_seo_alias":"","properties_post_seo_metadescription":"","properties_post_seo_key_words":"alquiler, oficina, Las Tablas, Masdrid","properties_post_seo_url":"","properties_post_terms_conditions":""}],"post_type_properties_post_features_type":"office","post_type_properties_post_id_building":"","post_type_properties_post_features_area_constructed":1390,"post_type_properties_post_features_conditioned_air":true,"post_type_properties_post_features_doorman":false,"post_type_properties_post_features_heating":true,"post_type_properties_post_features_equipped_kitchen":false,"post_type_properties_post_features_windows_location":"exterior","post_type_properties_post_features_floors_property":false,"post_type_properties_post_features_storage":false,"post_type_properties_post_features_security_door":false,"post_type_properties_post_features_energy_certificate_rating":"A","post_type_properties_post_features_energy_certificate_emissions_rating":"A","post_type_properties_post_features_energy_certificate_emissions_value":"","post_type_properties_post_features_energy_certificate_performance":"","post_type_properties_post_features_bathroom_inside":true,"post_type_properties_post_precio":20572,"post_type_properties_post_precio_alquiler":20572,"post_type_properties_post_record_type_id":"Oficina","post_type_properties_post_categoria__producto":"Oficina","post_type_properties_post_amueblado":false,"post_type_properties_post_precio_m2":14.8,"post_type_properties_post_zona__comunitaria":false,"post_type_properties_post_electrodomesticos":false,"post_type_properties_post_patio__interior":true,"post_type_properties_post_certificado_energetico_general":"A","post_type_properties_post_certificado_energetico_consumo":"A","post_type_properties_post_certificado_energetico_valor_emisiones":"","post_type_properties_post_certificado_energetico_valor_consumo":"","post_type_properties_post_modalidad":"rent","post_type_properties_post_provincia":"Madrid","post_type_properties_post_poblacion":"Madrid","post_type_properties_post_centro__urbano":false,"post_type_properties_post_zonificacion":"Descentralizada","post_type_properties_post_cartera":"Segunda mano","post_type_properties_post_titulo_catalan":"","post_type_properties_post_internet_catalan":"","post_type_properties_post_titulo_castellano":"Alquiler oficinas en Las Tablas - Madrid","post_type_properties_post_internet_castellano":"El **Centro Empresarial Bilma** se erige como un referente arquitect\u00f3nico y corporativo concebido con exhaustivo rigor y sustentado en tres ejes esenciales: **eficiencia, dinamismo e innovaci\u00f3n**. Dise\u00f1ado por el prestigioso arquitecto **D. Rafael de la Hoz**, el complejo ha sido reconocido con la *Menci\u00f3n de Honor a Edificio de Oficinas* otorgada por el Ayuntamiento de Madrid, consolidando su posici\u00f3n como uno de los espacios empresariales m\u00e1s destacados de la capital.\n\nSu **fachada de muro cortina** dota al edificio de una imagen moderna, luminosa y representativa, mientras que sus **superficies di\u00e1fanas** permiten la m\u00e1xima flexibilidad en la configuraci\u00f3n de los espacios de trabajo. El inmueble incorpora **suelo t\u00e9cnico elevado** y **falso techo registrable**, garantizando una integraci\u00f3n \u00f3ptima de instalaciones, as\u00ed como un **ratio de ocupaci\u00f3n 1:8**, ideal para organizaciones que requieren entornos amplios, eficientes y adaptables.\n\nEl equipamiento t\u00e9cnico incluye **cableado de voz y datos**, con tomas de fuerza y red distribuidas cada 25 m\u00b2, y un avanzado **sistema de climatizaci\u00f3n VRV**, que asegura confort t\u00e9rmico con un consumo energ\u00e9tico optimizado. Asimismo, el edificio cuenta con completos **sistemas de protecci\u00f3n contra incendios**, **control de accesos**, **recepci\u00f3n con vigilancia 24h**, y amplias **zonas exteriores** que favorecen un entorno de trabajo equilibrado y funcional.\n\nEn cuanto a su infraestructura vertical y log\u00edstica, dispone de **6 ascensores**, **2 montacargas** y un c\u00f3modo **parking** interior, facilitando la movilidad interna y el acceso de empleados y visitantes. La oferta se completa con una **zona de restauraci\u00f3n y cafeter\u00eda** ubicada en el propio edificio, aportando un valor a\u00f1adido para el bienestar diario de los usuarios.\n\nEstrat\u00e9gicamente situado en **Las Tablas**, uno de los enclaves empresariales m\u00e1s consolidados de Madrid, el Centro Empresarial Bilma disfruta de **excelentes comunicaciones** y f\u00e1cil conexi\u00f3n con las principales v\u00edas de acceso: **M-40, M-30 y A-1**, convirti\u00e9ndolo en un punto neur\u00e1lgico para empresas que buscan visibilidad, accesibilidad y una infraestructura de primer nivel.\n\nEn conjunto, este centro empresarial combina dise\u00f1o, funcionalidad y tecnolog\u00eda para ofrecer un entorno de trabajo de m\u00e1xima calidad, alineado con las exigencias de las compa\u00f1\u00edas m\u00e1s innovadoras y competitivas.\n","post_type_properties_post_titulo_ingles":"","post_type_properties_post_internet_ingles":"","post_type_properties_post_features_classification_commercial":false,"post_type_properties_post_features_conservation":"","post_type_properties_post_features_security_personnel":false,"post_type_properties_post_features_parking_available":false,"post_type_properties_post_features_garage_capacity_type":"","post_type_properties_post_features_bathroom_number":"","post_type_properties_post_eje":"","post_type_properties_post_zona":"","post_type_properties_post_comarca":"","post_type_properties_post_features_built_year":"","post_type_properties_post_renta_mensual":11299.5,"post_type_properties_post_fianza":"","post_type_properties_post_features_area_plot":"","post_type_properties_post_features_area_buildable":"","post_type_properties_post_features_classification_industrial":false,"post_type_properties_post_distrito":"","post_type_properties_post_features_balcony":false,"post_type_properties_post_features_bedroom_number":"","post_type_properties_post_features_heating_type":"","post_type_properties_post_features_equipped_with_furniture":false,"post_type_properties_post_features_pets_allowed":false,"post_type_properties_post_features_pool":false,"post_type_properties_post_features_terrace":false,"post_type_properties_post_features_wardrobes":false,"post_type_properties_post_features_lift_available":false,"post_type_properties_post_features_handicap_adapted_access":false,"post_type_properties_post_features_orientation_east":false,"post_type_properties_post_features_orientation_west":false,"post_type_properties_post_features_orientation_north":false,"post_type_properties_post_features_orientation_south":false,"post_type_properties_post_features_parking_spaces_number":"","post_type_properties_post_features_security_alarm":false,"post_type_properties_post_features_security_system":false,"post_type_properties_post_open_plan":false,"post_type_properties_post_acceso_24_7":false,"post_type_properties_post_oficina_privada":false,"post_type_properties_post_sala_reuniones":false,"post_type_properties_post_espacio_eventos":false,"post_type_properties_post_office":false,"post_type_properties_post_restaurant":false,"post_type_properties_post_acepta_traspaso":false,"post_type_properties_post_vigilancia":true,"post_type_properties_post_features_suite":false,"post_type_properties_post_features_vitro":false,"post_type_properties_post_features_oven":false,"post_type_properties_post_features_microwave":false,"post_type_properties_post_features_washing_machine":false,"post_type_properties_post_features_dryer":false,"post_type_properties_post_features_dishwasher":false,"post_type_properties_post_features_fridge":false,"post_type_properties_post_features_fridge_mini":false,"post_type_properties_post_features_kettle":false,"post_type_properties_post_features_toaster":false,"post_type_properties_post_features_coffee_maker":false,"post_type_properties_post_features_iron":false,"post_type_properties_post_features_ironing_board":false,"post_type_properties_post_features_safe":false,"post_type_properties_post_features_internet":false,"post_type_properties_post_features_solarium":false,"post_type_properties_post_features_clean_service":false,"post_type_properties_post_features_t_v":false,"post_type_properties_post_features_satellite_t_v":false,"post_type_properties_post_features_gas_kitchen":false,"post_type_properties_post_features_view_mountain":false,"post_type_properties_post_features_view_sea":false,"post_type_properties_post_features_concierge":false,"post_type_properties_post_features_loading_dock":false,"post_type_properties_post_features_bridge_crane":false,"post_type_properties_post_features_located_at_corner":false,"post_type_properties_post_features_smoke_extraction":false,"post_type_properties_post_features_rooms":"","post_type_properties_post_features_garden_area":"","post_type_properties_post_features_utilities_water":false,"post_type_properties_post_features_utilities_electricity":false,"post_type_properties_post_features_utilities_natural_gas":false,"post_type_properties_post_features_building_adapted":false,"post_type_properties_post_features_garden":false,"post_type_properties_post_features_classification_hotel":false,"post_type_properties_post_features_classification_chalet":false,"post_type_properties_post_certificado_energetico_emisiones":"A","post_type_properties_post_barrio":"","post_type_properties_post_distrito_empresa":"Fuencarral-El Pardo","post_type_properties_post_features_property_category_intern":"","post_type_properties_post_implantada":true,"post_type_properties_post_sello_leed":"","post_type_properties_post_sello_well":"","post_type_properties_post_sello_breeam":false,"post_type_properties_post_images":[{"properties_post_image_order":1,"properties_post_image_url":"https:\/\/movin.cloud\/empresas\/2462\/imagenes\/243379\/alquiler.webp","properties_post_image_url_thumbnail":"https:\/\/movin.cloud\/empresas\/2462\/imagenes\/thumbnails\/243379\/alquiler.webp","properties_post_title":"alquiler","properties_post_alt":"alquiler"},{"properties_post_image_order":2,"properties_post_image_url":"https:\/\/movin.cloud\/empresas\/2462\/imagenes\/243379\/alquiler-para-idealista.webp","properties_post_image_url_thumbnail":"https:\/\/movin.cloud\/empresas\/2462\/imagenes\/thumbnails\/243379\/alquiler-para-idealista.webp","properties_post_title":"alquiler para idealista","properties_post_alt":"alquiler para idealista"},{"properties_post_image_order":3,"properties_post_image_url":"https:\/\/movin.cloud\/empresas\/2462\/imagenes\/243379\/rent.webp","properties_post_image_url_thumbnail":"https:\/\/movin.cloud\/empresas\/2462\/imagenes\/thumbnails\/243379\/rent.webp","properties_post_title":"rent","properties_post_alt":"rent"},{"properties_post_image_order":4,"properties_post_image_url":"https:\/\/movin.cloud\/empresas\/2462\/imagenes\/243379\/fincas.webp","properties_post_image_url_thumbnail":"https:\/\/movin.cloud\/empresas\/2462\/imagenes\/thumbnails\/243379\/fincas.webp","properties_post_title":"fincas","properties_post_alt":"fincas"},{"properties_post_image_order":5,"properties_post_image_url":"https:\/\/movin.cloud\/empresas\/2462\/imagenes\/243379\/viviendas.webp","properties_post_image_url_thumbnail":"https:\/\/movin.cloud\/empresas\/2462\/imagenes\/thumbnails\/243379\/viviendas.webp","properties_post_title":"viviendas","properties_post_alt":"viviendas"},{"properties_post_image_order":6,"properties_post_image_url":"https:\/\/movin.cloud\/empresas\/2462\/imagenes\/243379\/habitalia.webp","properties_post_image_url_thumbnail":"https:\/\/movin.cloud\/empresas\/2462\/imagenes\/thumbnails\/243379\/habitalia.webp","properties_post_title":"habitalia","properties_post_alt":"habitalia"},{"properties_post_image_order":7,"properties_post_image_url":"https:\/\/movin.cloud\/empresas\/2462\/imagenes\/243379\/alquilar.webp","properties_post_image_url_thumbnail":"https:\/\/movin.cloud\/empresas\/2462\/imagenes\/thumbnails\/243379\/alquilar.webp","properties_post_title":"alquilar","properties_post_alt":"alquilar"},{"properties_post_image_order":8,"properties_post_image_url":"https:\/\/movin.cloud\/empresas\/2462\/imagenes\/243379\/en-alquiler.webp","properties_post_image_url_thumbnail":"https:\/\/movin.cloud\/empresas\/2462\/imagenes\/thumbnails\/243379\/en-alquiler.webp","properties_post_title":"en alquiler","properties_post_alt":"en alquiler"},{"properties_post_image_order":9,"properties_post_image_url":"https:\/\/movin.cloud\/empresas\/2462\/imagenes\/243379\/alquiler-idealistas.webp","properties_post_image_url_thumbnail":"https:\/\/movin.cloud\/empresas\/2462\/imagenes\/thumbnails\/243379\/alquiler-idealistas.webp","properties_post_title":"alquiler idealistas","properties_post_alt":"alquiler idealistas"}],"post_type_properties_post_videos":null,"post_type_properties_post_tour":null,"post_type_properties_post_dossier_url":"","post_type_properties_post_operation_type":"rent","post_type_properties_post_operation_price":20572,"post_type_properties_post_features_hidden_price":false},"yoast_head":"<!-- This site is optimized with the Yoast SEO plugin v27.4 - https:\/\/yoast.com\/product\/yoast-seo-wordpress\/ -->\n<title>Alquiler oficinas en Las Tablas - Madrid - Forcadell<\/title>\n<meta name=\"robots\" content=\"index, follow, max-snippet:-1, max-image-preview:large, max-video-preview:-1\" \/>\n<link rel=\"canonical\" href=\"https:\/\/forcadell.com\/ca\/propiedades\/alquiler-oficinas-en-las-tablas-madrid\/\" \/>\n<meta property=\"og:locale\" content=\"ca_ES\" \/>\n<meta property=\"og:type\" content=\"article\" \/>\n<meta property=\"og:title\" content=\"Alquiler oficinas en Las Tablas - Madrid - Forcadell\" \/>\n<meta property=\"og:description\" content=\"El **Centro Empresarial Bilma** se erige como un referente arquitect\u00f3nico y corporativo concebido con exhaustivo rigor y sustentado en tres ejes esenciales: **eficiencia, dinamismo e innovaci\u00f3n**. Dise\u00f1ado por el prestigioso arquitecto **D. Rafael de la Hoz**, el complejo ha sido reconocido con la *Menci\u00f3n de Honor a Edificio de Oficinas* otorgada por el Ayuntamiento de [&hellip;]\" \/>\n<meta property=\"og:url\" content=\"https:\/\/forcadell.com\/ca\/propiedades\/alquiler-oficinas-en-las-tablas-madrid\/\" \/>\n<meta property=\"og:site_name\" content=\"Forcadell\" \/>\n<meta property=\"article:modified_time\" content=\"2026-04-27T12:40:49+00:00\" \/>\n<meta name=\"twitter:card\" content=\"summary_large_image\" \/>\n<meta name=\"twitter:label1\" content=\"Temps estimat de lectura\" \/>\n\t<meta name=\"twitter:data1\" content=\"2 minuts\" \/>\n<!-- \/ Yoast SEO plugin. -->","yoast_head_json":{"title":"Alquiler oficinas en Las Tablas - Madrid - Forcadell","robots":{"index":"index","follow":"follow","max-snippet":"max-snippet:-1","max-image-preview":"max-image-preview:large","max-video-preview":"max-video-preview:-1"},"canonical":"https:\/\/forcadell.com\/ca\/propiedades\/alquiler-oficinas-en-las-tablas-madrid\/","og_locale":"ca_ES","og_type":"article","og_title":"Alquiler oficinas en Las Tablas - Madrid - Forcadell","og_description":"El **Centro Empresarial Bilma** se erige como un referente arquitect\u00f3nico y corporativo concebido con exhaustivo rigor y sustentado en tres ejes esenciales: **eficiencia, dinamismo e innovaci\u00f3n**. Dise\u00f1ado por el prestigioso arquitecto **D. Rafael de la Hoz**, el complejo ha sido reconocido con la *Menci\u00f3n de Honor a Edificio de Oficinas* otorgada por el Ayuntamiento de [&hellip;]","og_url":"https:\/\/forcadell.com\/ca\/propiedades\/alquiler-oficinas-en-las-tablas-madrid\/","og_site_name":"Forcadell","article_modified_time":"2026-04-27T12:40:49+00:00","twitter_card":"summary_large_image","twitter_misc":{"Temps estimat de lectura":"2 minuts"},"schema":{"@context":"https:\/\/schema.org","@graph":[{"@type":"WebPage","@id":"https:\/\/forcadell.com\/ca\/propiedades\/alquiler-oficinas-en-las-tablas-madrid\/","url":"https:\/\/forcadell.com\/ca\/propiedades\/alquiler-oficinas-en-las-tablas-madrid\/","name":"Alquiler oficinas en Las Tablas - Madrid - Forcadell","isPartOf":{"@id":"https:\/\/forcadell.com\/ca\/#website"},"datePublished":"2025-11-28T08:03:25+00:00","dateModified":"2026-04-27T12:40:49+00:00","breadcrumb":{"@id":"https:\/\/forcadell.com\/ca\/propiedades\/alquiler-oficinas-en-las-tablas-madrid\/#breadcrumb"},"inLanguage":"ca","potentialAction":[{"@type":"ReadAction","target":["https:\/\/forcadell.com\/ca\/propiedades\/alquiler-oficinas-en-las-tablas-madrid\/"]}]},{"@type":"BreadcrumbList","@id":"https:\/\/forcadell.com\/ca\/propiedades\/alquiler-oficinas-en-las-tablas-madrid\/#breadcrumb","itemListElement":[{"@type":"ListItem","position":1,"name":"Portada","item":"https:\/\/forcadell.com\/ca\/"},{"@type":"ListItem","position":2,"name":"Properties","item":"https:\/\/forcadell.com\/ca\/propiedades\/"},{"@type":"ListItem","position":3,"name":"Alquiler oficinas en Las Tablas &#8211; Madrid"}]},{"@type":"WebSite","@id":"https:\/\/forcadell.com\/ca\/#website","url":"https:\/\/forcadell.com\/ca\/","name":"Forcadell","description":"Inmobiliaria Barcelona | Consultores inmobiliarios","potentialAction":[{"@type":"SearchAction","target":{"@type":"EntryPoint","urlTemplate":"https:\/\/forcadell.com\/ca\/?s={search_term_string}"},"query-input":{"@type":"PropertyValueSpecification","valueRequired":true,"valueName":"search_term_string"}}],"inLanguage":"ca"}]}},"_links":{"self":[{"href":"https:\/\/forcadell.com\/ca\/wp-json\/wp\/v2\/properties_post\/59768","targetHints":{"allow":["GET"]}}],"collection":[{"href":"https:\/\/forcadell.com\/ca\/wp-json\/wp\/v2\/properties_post"}],"about":[{"href":"https:\/\/forcadell.com\/ca\/wp-json\/wp\/v2\/types\/properties_post"}],"wp:attachment":[{"href":"https:\/\/forcadell.com\/ca\/wp-json\/wp\/v2\/media?parent=59768"}],"curies":[{"name":"wp","href":"https:\/\/api.w.org\/{rel}","templated":true}]}}