{"id":59724,"date":"2025-11-26T03:21:13","date_gmt":"2025-11-26T01:21:13","guid":{"rendered":"https:\/\/www.forcadell.com\/propiedades\/oficina-en-alquiler-en-la-calle-ramirez-de-arellano-madrid-2\/"},"modified":"2026-04-29T09:08:18","modified_gmt":"2026-04-29T07:08:18","slug":"oficina-en-alquiler-en-la-calle-ramirez-de-arellano-madrid-2","status":"publish","type":"properties_post","link":"https:\/\/forcadell.com\/ca\/propiedades\/oficina-en-alquiler-en-la-calle-ramirez-de-arellano-madrid-2\/","title":{"rendered":"Oficina en alquiler en la calle Ram\u00edrez de Arellano. Madrid."},"content":{"rendered":"<p>Oficina en alquiler en la calle Ram\u00edrez de Arellano, en la zona de negocios de Arturo Soria. Privilegiada ubicaci\u00f3n, ya que cuenta con una gran variedad de servicios en sus alrededores, como centros deportivos, restaurantes, espacios de ocio y escuelas.<\/p>\n<p>Caracter\u00edsticas generales:<br \/>\n&#8211; Edificio exclusivo de oficinas actualmente en proceso de reforma en zonas comunes.<br \/>\n&#8211; Control de acceso y servicio de mantenimiento.<br \/>\n&#8211; Oficina di\u00e1fana con excelente luz natural.<br \/>\n&#8211; Ventanas practicables con doble acristalamiento.<br \/>\n&#8211; Suelo t\u00e9cnico y falso techo con luminarias.<br \/>\n&#8211; Sistema de climatizaci\u00f3n.<br \/>\n&#8211; Certificaci\u00f3n BREEAM.<br \/>\n&#8211; Aparcamiento privado exterior e interior.<\/p>\n<p>Conectada perfectamente con la M30, A2 y Av. de Am\u00e9rica, facilitando la comunicaci\u00f3n tanto en transporte p\u00fablico como privado con varios puntos de Madrid. Adem\u00e1s, est\u00e1 a tan solo 10 minutos de la estaci\u00f3n de Chamart\u00edn y el aeropuerto de Barajas.<\/p>\n<p>Transportes:<br \/>\n&#8211; Autobuses: 11, 53, 70, 114, 122<br \/>\n&#8211; Metro: L4 &#8211; Arturo Soria.<\/p>\n<p>Renta de parking:<br \/>\n&#8211; Exterior: 90 \u20ac\/plaza\/mes<br \/>\n&#8211; Interior: 120 \u20ac\/plaza\/mes<\/p>\n<p>*Im\u00e1genes corresponden a oficina tipo*<\/p>\n","protected":false},"template":"","class_list":["post-59724","properties_post","type-properties_post","status-publish","hentry","properties_modality-rent","properties_district-ciudad-lineal","properties_province-madrid","properties_zone-descentralizada","properties_state-madrid","properties_subclass-oficina","properties_type-oficina"],"acf":{"post_type_properties_post_property_code":"11246909","post_type_properties_post_property_reference":"IE-225785","post_type_properties_post_owner_id":"49479","post_type_properties_post_owner_name":"SAVILLS RE SPAIN S.A.U","post_type_properties_post_property_code_encrypted":"MjQ5JDMxNDc2","post_type_properties_post_published":"1","post_type_properties_post_property_visibility":"idealista","post_type_properties_post_contact_name":"Forcadell Oficinas Madrid","post_type_properties_post_contact_email":"forcadell.oficinas.madrid@movin.cloud","post_type_properties_post_contact_primary_phone_prefix":"34","post_type_properties_post_contact_primary_phone_number":"917886880","post_type_properties_post_address_visibility":"street","post_type_properties_post_address_country":"Spain","post_type_properties_post_address_coordinates_precision":"exact","post_type_properties_post_address_postal_code":"28043","post_type_properties_post_address_coordinates_latitude":"40.44759","post_type_properties_post_address_coordinates_longitude":"-3.657917","post_type_properties_post_address_street_name":"CALLE Ram\u00edrez de Arellano. N\u00ba 29 Esc. Norte Plt. 1 Pta. Norte","post_type_properties_post_address_floor":"7","post_type_properties_post_address_town":"Madrid","post_type_properties_post_building":null,"post_type_properties_post_property":[{"properties_post_description_language":"spanish","properties_post_title":"Oficina en alquiler en la calle Ram\u00edrez de Arellano. Madrid.","properties_post_short_description_text_alt":"","properties_post_description_text_alt":"","properties_post_short_description_text":"Oficina en alquiler en Arturo Soria, distribuida en superficies di\u00e1fanas y con gran luminosidad, vistas a zona ajardinada, climatizaci\u00f3n mediante fancoils de 4 tubos, suelo t\u00e9cnico y falso techo registrable. \nEdificio exclusivo de oficinas formado por 7 plantas (Baja + 6) de fachada muro cortina, video vigilancia y control de accesos 24h, conserjer\u00eda, 9 ascensores (3 por m\u00f3dulo), zona comedor\/ cafeter\u00eda y parking privativo. \n \nSituado en la calle Ram\u00edrez de Arellano, junto al nudo M-30 con A-2, en la zona de Arturo Soria, en un entorno completamente consolidado tanto desde el punto de vista empresarial como residencial. \n \nCertificaci\u00f3n BREEAM. \n \nTransportes: \nAutobuses: 11, 53, 70, 114, 122 \nMetro: L4 - Arturo Soria.","properties_post_link_demanda_inmueble":"https:\/\/movin.cloud\/es\/Forcadell Oficinas Madrid\/formulario-peticion-inmueble\/sth\/2462&&11246909","properties_post_link_demanda_calendario_inmueble":"https:\/\/movin.cloud\/es\/Forcadell Oficinas Madrid\/calendario-peticion-inmueble\/sth\/2462&&11246909","properties_post_description_text":"Oficina en alquiler en la calle Ram\u00edrez de Arellano, en la zona de negocios de Arturo Soria. Privilegiada ubicaci\u00f3n, ya que cuenta con una gran variedad de servicios en sus alrededores, como centros deportivos, restaurantes, espacios de ocio y escuelas.\n\nCaracter\u00edsticas generales:\n- Edificio exclusivo de oficinas actualmente en proceso de reforma en zonas comunes.\n- Control de acceso y servicio de mantenimiento.\n- Oficina di\u00e1fana con excelente luz natural.\n- Ventanas practicables con doble acristalamiento.\n- Suelo t\u00e9cnico y falso techo con luminarias.\n- Sistema de climatizaci\u00f3n.\n- Certificaci\u00f3n BREEAM.\n- Aparcamiento privado exterior e interior.\n\nConectada perfectamente con la M30, A2 y Av. de Am\u00e9rica, facilitando la comunicaci\u00f3n tanto en transporte p\u00fablico como privado con varios puntos de Madrid. Adem\u00e1s, est\u00e1 a tan solo 10 minutos de la estaci\u00f3n de Chamart\u00edn y el aeropuerto de Barajas.\n\nTransportes:\n- Autobuses: 11, 53, 70, 114, 122\n- Metro: L4 - Arturo Soria.\n\nRenta de parking:\n- Exterior: 90 \u20ac\/plaza\/mes\n- Interior: 120 \u20ac\/plaza\/mes\n\n*Im\u00e1genes corresponden a oficina tipo*\n","properties_post_seo_title":"","properties_post_seo_alias":"","properties_post_seo_metadescription":"Alquiler oficina Arturo Soria. Madrid M30. Forcadell","properties_post_seo_key_words":"oficina alquiler Madrid, alquiler oficina Madrid, oficina Madrid","properties_post_seo_url":"","properties_post_terms_conditions":""},{"properties_post_description_language":"english","properties_post_title":"Office for rent in Ram\u00edrez de Arellano street. Madrid.","properties_post_short_description_text_alt":"","properties_post_description_text_alt":"","properties_post_short_description_text":"Office for rent in Ram\u00edrez de Arellano street, in the business area of Arturo Soria. Privileged location, as it has a wide variety of services in its surroundings, such as sports centers, restaurants, leisure spaces and schools.\n\nGeneral characteristics:\n- Exclusive office building currently undergoing refurbishment in common areas.\n- Access control and maintenance service.\n- Diaphanous office with excellent natural light.\n- Practicable windows with double glazing.\n- Raised floor and false ceiling with light fixtures.\n- Air conditioning system.\n- BREEAM certification.\n- Private indoor and outdoor parking.\n\nPerfectly connected to the M30, A2 and Av. de Am\u00e9rica, facilitating communication both by public and private transport with various points of Madrid. In addition, it is only 10 minutes from Chamartin station and Barajas airport.\n\nTransportation:\n- Buses: 11, 53, 70, 114, 122\n- Subway: L4 - Arturo Soria.","properties_post_link_demanda_inmueble":"https:\/\/movin.cloud\/en\/Forcadell Oficinas Madrid\/property-form-request\/sth\/2462&&11246909","properties_post_link_demanda_calendario_inmueble":"https:\/\/movin.cloud\/en\/Forcadell Oficinas Madrid\/property-calendar-request\/sth\/2462&&11246909","properties_post_description_text":"Office for rent in Ram\u00edrez de Arellano street, in the business area of Arturo Soria. Privileged location, as it has a wide variety of services in its surroundings, such as sports centers, restaurants, leisure spaces and schools.\n\nGeneral characteristics:\n- Exclusive office building currently undergoing refurbishment in common areas.\n- Access control and maintenance service.\n- Diaphanous office with excellent natural light.\n- Practicable windows with double glazing.\n- Raised floor and false ceiling with light fixtures.\n- Air conditioning system.\n- BREEAM certification.\n- Private indoor and outdoor parking.\n\nPerfectly connected to the M30, A2 and Av. de Am\u00e9rica, facilitating communication both by public and private transport with various points of Madrid. In addition, it is only 10 minutes from Chamartin station and Barajas airport.\n\nTransportation:\n- Buses: 11, 53, 70, 114, 122\n- Subway: L4 - Arturo Soria.","properties_post_seo_title":"","properties_post_seo_alias":"","properties_post_seo_metadescription":"Rent office Arturo Soria. Madrid M30. Forcadell","properties_post_seo_key_words":"Madrid office for rent, Madrid office for rent, Madrid office, Madrid office","properties_post_seo_url":"","properties_post_terms_conditions":""}],"post_type_properties_post_features_type":"office","post_type_properties_post_id_building":"","post_type_properties_post_features_area_constructed":913,"post_type_properties_post_features_conditioned_air":true,"post_type_properties_post_features_doorman":false,"post_type_properties_post_features_heating":true,"post_type_properties_post_features_equipped_kitchen":false,"post_type_properties_post_features_windows_location":"exterior","post_type_properties_post_features_floors_property":false,"post_type_properties_post_features_storage":false,"post_type_properties_post_features_security_door":false,"post_type_properties_post_features_energy_certificate_rating":"B","post_type_properties_post_features_energy_certificate_emissions_rating":"B","post_type_properties_post_features_energy_certificate_emissions_value":"","post_type_properties_post_features_energy_certificate_performance":"","post_type_properties_post_features_bathroom_inside":true,"post_type_properties_post_precio":14151.5,"post_type_properties_post_precio_alquiler":14151.5,"post_type_properties_post_record_type_id":"Oficina","post_type_properties_post_categoria__producto":"Oficina","post_type_properties_post_amueblado":false,"post_type_properties_post_precio_m2":15.5,"post_type_properties_post_zona__comunitaria":false,"post_type_properties_post_electrodomesticos":false,"post_type_properties_post_patio__interior":true,"post_type_properties_post_certificado_energetico_general":"B","post_type_properties_post_certificado_energetico_consumo":"B","post_type_properties_post_certificado_energetico_valor_emisiones":"","post_type_properties_post_certificado_energetico_valor_consumo":"","post_type_properties_post_modalidad":"rent","post_type_properties_post_provincia":"Madrid","post_type_properties_post_poblacion":"Madrid","post_type_properties_post_centro__urbano":false,"post_type_properties_post_zonificacion":"Descentralizada","post_type_properties_post_cartera":"Segunda mano","post_type_properties_post_titulo_catalan":"","post_type_properties_post_internet_catalan":"","post_type_properties_post_titulo_castellano":"Oficina en alquiler en la calle Ram\u00edrez de Arellano. Madrid.","post_type_properties_post_internet_castellano":"Oficina en alquiler en la calle Ram\u00edrez de Arellano, en la zona de negocios de Arturo Soria. Privilegiada ubicaci\u00f3n, ya que cuenta con una gran variedad de servicios en sus alrededores, como centros deportivos, restaurantes, espacios de ocio y escuelas.\n\nCaracter\u00edsticas generales:\n- Edificio exclusivo de oficinas actualmente en proceso de reforma en zonas comunes.\n- Control de acceso y servicio de mantenimiento.\n- Oficina di\u00e1fana con excelente luz natural.\n- Ventanas practicables con doble acristalamiento.\n- Suelo t\u00e9cnico y falso techo con luminarias.\n- Sistema de climatizaci\u00f3n.\n- Certificaci\u00f3n BREEAM.\n- Aparcamiento privado exterior e interior.\n\nConectada perfectamente con la M30, A2 y Av. de Am\u00e9rica, facilitando la comunicaci\u00f3n tanto en transporte p\u00fablico como privado con varios puntos de Madrid. Adem\u00e1s, est\u00e1 a tan solo 10 minutos de la estaci\u00f3n de Chamart\u00edn y el aeropuerto de Barajas.\n\nTransportes:\n- Autobuses: 11, 53, 70, 114, 122\n- Metro: L4 - Arturo Soria.\n\nRenta de parking:\n- Exterior: 90 \u20ac\/plaza\/mes\n- Interior: 120 \u20ac\/plaza\/mes\n\n*Im\u00e1genes corresponden a oficina tipo*\n","post_type_properties_post_titulo_ingles":"Office for rent in Ram\u00edrez de Arellano street. Madrid.","post_type_properties_post_internet_ingles":"Office for rent in Ram\u00edrez de Arellano street, in the business area of Arturo Soria. Privileged location, as it has a wide variety of services in its surroundings, such as sports centers, restaurants, leisure spaces and schools.\n\nGeneral characteristics:\n- Exclusive office building currently undergoing refurbishment in common areas.\n- Access control and maintenance service.\n- Diaphanous office with excellent natural light.\n- Practicable windows with double glazing.\n- Raised floor and false ceiling with light fixtures.\n- Air conditioning system.\n- BREEAM certification.\n- Private indoor and outdoor parking.\n\nPerfectly connected to the M30, A2 and Av. de Am\u00e9rica, facilitating communication both by public and private transport with various points of Madrid. In addition, it is only 10 minutes from Chamartin station and Barajas airport.\n\nTransportation:\n- Buses: 11, 53, 70, 114, 122\n- Subway: L4 - Arturo Soria.","post_type_properties_post_features_classification_commercial":false,"post_type_properties_post_features_conservation":"","post_type_properties_post_features_security_personnel":false,"post_type_properties_post_features_parking_available":false,"post_type_properties_post_features_garage_capacity_type":"","post_type_properties_post_features_bathroom_number":"","post_type_properties_post_eje":"","post_type_properties_post_zona":"","post_type_properties_post_comarca":"","post_type_properties_post_features_built_year":"","post_type_properties_post_renta_mensual":8959,"post_type_properties_post_fianza":"","post_type_properties_post_features_area_plot":"","post_type_properties_post_features_area_buildable":"","post_type_properties_post_features_classification_industrial":false,"post_type_properties_post_distrito":"","post_type_properties_post_features_balcony":false,"post_type_properties_post_features_bedroom_number":"","post_type_properties_post_features_heating_type":"","post_type_properties_post_features_equipped_with_furniture":false,"post_type_properties_post_features_pets_allowed":false,"post_type_properties_post_features_pool":false,"post_type_properties_post_features_terrace":false,"post_type_properties_post_features_wardrobes":false,"post_type_properties_post_features_lift_available":false,"post_type_properties_post_features_handicap_adapted_access":false,"post_type_properties_post_features_orientation_east":false,"post_type_properties_post_features_orientation_west":false,"post_type_properties_post_features_orientation_north":false,"post_type_properties_post_features_orientation_south":false,"post_type_properties_post_features_parking_spaces_number":"","post_type_properties_post_features_security_alarm":false,"post_type_properties_post_features_security_system":false,"post_type_properties_post_open_plan":false,"post_type_properties_post_acceso_24_7":false,"post_type_properties_post_oficina_privada":false,"post_type_properties_post_sala_reuniones":false,"post_type_properties_post_espacio_eventos":false,"post_type_properties_post_office":false,"post_type_properties_post_restaurant":false,"post_type_properties_post_acepta_traspaso":false,"post_type_properties_post_vigilancia":true,"post_type_properties_post_features_suite":false,"post_type_properties_post_features_vitro":false,"post_type_properties_post_features_oven":false,"post_type_properties_post_features_microwave":false,"post_type_properties_post_features_washing_machine":false,"post_type_properties_post_features_dryer":false,"post_type_properties_post_features_dishwasher":false,"post_type_properties_post_features_fridge":false,"post_type_properties_post_features_fridge_mini":false,"post_type_properties_post_features_kettle":false,"post_type_properties_post_features_toaster":false,"post_type_properties_post_features_coffee_maker":false,"post_type_properties_post_features_iron":false,"post_type_properties_post_features_ironing_board":false,"post_type_properties_post_features_safe":false,"post_type_properties_post_features_internet":true,"post_type_properties_post_features_solarium":false,"post_type_properties_post_features_clean_service":false,"post_type_properties_post_features_t_v":false,"post_type_properties_post_features_satellite_t_v":false,"post_type_properties_post_features_gas_kitchen":false,"post_type_properties_post_features_view_mountain":false,"post_type_properties_post_features_view_sea":false,"post_type_properties_post_features_concierge":false,"post_type_properties_post_features_loading_dock":false,"post_type_properties_post_features_bridge_crane":false,"post_type_properties_post_features_located_at_corner":false,"post_type_properties_post_features_smoke_extraction":false,"post_type_properties_post_features_rooms":"","post_type_properties_post_features_garden_area":"","post_type_properties_post_features_utilities_water":false,"post_type_properties_post_features_utilities_electricity":false,"post_type_properties_post_features_utilities_natural_gas":false,"post_type_properties_post_features_building_adapted":false,"post_type_properties_post_features_garden":false,"post_type_properties_post_features_classification_hotel":false,"post_type_properties_post_features_classification_chalet":false,"post_type_properties_post_certificado_energetico_emisiones":"B","post_type_properties_post_barrio":"","post_type_properties_post_distrito_empresa":"Ciudad Lineal","post_type_properties_post_features_property_category_intern":"","post_type_properties_post_implantada":true,"post_type_properties_post_sello_leed":"","post_type_properties_post_sello_well":"","post_type_properties_post_sello_breeam":true,"post_type_properties_post_images":[{"properties_post_image_order":1,"properties_post_image_url":"https:\/\/movin.cloud\/empresas\/2462\/imagenes\/11246909\/alquiler-para-idealista.webp","properties_post_image_url_thumbnail":"https:\/\/movin.cloud\/empresas\/2462\/imagenes\/thumbnails\/11246909\/alquiler-para-idealista.webp","properties_post_title":"alquiler para idealista","properties_post_alt":"alquiler para idealista"},{"properties_post_image_order":2,"properties_post_image_url":"https:\/\/movin.cloud\/empresas\/2462\/imagenes\/11246909\/alquiler-idealistas.webp","properties_post_image_url_thumbnail":"https:\/\/movin.cloud\/empresas\/2462\/imagenes\/thumbnails\/11246909\/alquiler-idealistas.webp","properties_post_title":"alquiler idealistas","properties_post_alt":"alquiler idealistas"},{"properties_post_image_order":3,"properties_post_image_url":"https:\/\/movin.cloud\/empresas\/2462\/imagenes\/11246909\/en-alquiler.webp","properties_post_image_url_thumbnail":"https:\/\/movin.cloud\/empresas\/2462\/imagenes\/thumbnails\/11246909\/en-alquiler.webp","properties_post_title":"en alquiler","properties_post_alt":"en alquiler"},{"properties_post_image_order":4,"properties_post_image_url":"https:\/\/movin.cloud\/empresas\/2462\/imagenes\/11246909\/alquiler.webp","properties_post_image_url_thumbnail":"https:\/\/movin.cloud\/empresas\/2462\/imagenes\/thumbnails\/11246909\/alquiler.webp","properties_post_title":"alquiler","properties_post_alt":"alquiler"},{"properties_post_image_order":5,"properties_post_image_url":"https:\/\/movin.cloud\/empresas\/2462\/imagenes\/11246909\/habitalia.webp","properties_post_image_url_thumbnail":"https:\/\/movin.cloud\/empresas\/2462\/imagenes\/thumbnails\/11246909\/habitalia.webp","properties_post_title":"habitalia","properties_post_alt":"habitalia"},{"properties_post_image_order":6,"properties_post_image_url":"https:\/\/movin.cloud\/empresas\/2462\/imagenes\/11246909\/viviendas.webp","properties_post_image_url_thumbnail":"https:\/\/movin.cloud\/empresas\/2462\/imagenes\/thumbnails\/11246909\/viviendas.webp","properties_post_title":"viviendas","properties_post_alt":"viviendas"},{"properties_post_image_order":7,"properties_post_image_url":"https:\/\/movin.cloud\/empresas\/2462\/imagenes\/11246909\/en-alquiler-madrid.webp","properties_post_image_url_thumbnail":"https:\/\/movin.cloud\/empresas\/2462\/imagenes\/thumbnails\/11246909\/en-alquiler-madrid.webp","properties_post_title":"en alquiler madrid","properties_post_alt":"en alquiler madrid"},{"properties_post_image_order":8,"properties_post_image_url":"https:\/\/movin.cloud\/empresas\/2462\/imagenes\/11246909\/alquiler-madrid.webp","properties_post_image_url_thumbnail":"https:\/\/movin.cloud\/empresas\/2462\/imagenes\/thumbnails\/11246909\/alquiler-madrid.webp","properties_post_title":"alquiler madrid","properties_post_alt":"alquiler madrid"},{"properties_post_image_order":9,"properties_post_image_url":"https:\/\/movin.cloud\/empresas\/2462\/imagenes\/11246909\/alquiler-idealistas-madrid.webp","properties_post_image_url_thumbnail":"https:\/\/movin.cloud\/empresas\/2462\/imagenes\/thumbnails\/11246909\/alquiler-idealistas-madrid.webp","properties_post_title":"alquiler idealistas madrid","properties_post_alt":"alquiler idealistas madrid"},{"properties_post_image_order":10,"properties_post_image_url":"https:\/\/movin.cloud\/empresas\/2462\/imagenes\/11246909\/fincas.webp","properties_post_image_url_thumbnail":"https:\/\/movin.cloud\/empresas\/2462\/imagenes\/thumbnails\/11246909\/fincas.webp","properties_post_title":"fincas","properties_post_alt":"fincas"},{"properties_post_image_order":11,"properties_post_image_url":"https:\/\/movin.cloud\/empresas\/2462\/imagenes\/11246909\/habitalia-madrid.webp","properties_post_image_url_thumbnail":"https:\/\/movin.cloud\/empresas\/2462\/imagenes\/thumbnails\/11246909\/habitalia-madrid.webp","properties_post_title":"habitalia madrid","properties_post_alt":"habitalia madrid"},{"properties_post_image_order":12,"properties_post_image_url":"https:\/\/movin.cloud\/empresas\/2462\/imagenes\/11246909\/inmobiliarias.webp","properties_post_image_url_thumbnail":"https:\/\/movin.cloud\/empresas\/2462\/imagenes\/thumbnails\/11246909\/inmobiliarias.webp","properties_post_title":"inmobiliarias","properties_post_alt":"inmobiliarias"},{"properties_post_image_order":13,"properties_post_image_url":"https:\/\/movin.cloud\/empresas\/2462\/imagenes\/11246909\/alquilar-madrid.webp","properties_post_image_url_thumbnail":"https:\/\/movin.cloud\/empresas\/2462\/imagenes\/thumbnails\/11246909\/alquilar-madrid.webp","properties_post_title":"alquilar madrid","properties_post_alt":"alquilar madrid"},{"properties_post_image_order":14,"properties_post_image_url":"https:\/\/movin.cloud\/empresas\/2462\/imagenes\/11246909\/alquiler-para-idealista-madrid.webp","properties_post_image_url_thumbnail":"https:\/\/movin.cloud\/empresas\/2462\/imagenes\/thumbnails\/11246909\/alquiler-para-idealista-madrid.webp","properties_post_title":"alquiler para idealista madrid","properties_post_alt":"alquiler para idealista madrid"},{"properties_post_image_order":15,"properties_post_image_url":"https:\/\/movin.cloud\/empresas\/2462\/imagenes\/11246909\/viviendas-madrid.webp","properties_post_image_url_thumbnail":"https:\/\/movin.cloud\/empresas\/2462\/imagenes\/thumbnails\/11246909\/viviendas-madrid.webp","properties_post_title":"viviendas madrid","properties_post_alt":"viviendas madrid"},{"properties_post_image_order":16,"properties_post_image_url":"https:\/\/movin.cloud\/empresas\/2462\/imagenes\/11246909\/alquiler-para-idealistas-madrid.webp","properties_post_image_url_thumbnail":"https:\/\/movin.cloud\/empresas\/2462\/imagenes\/thumbnails\/11246909\/alquiler-para-idealistas-madrid.webp","properties_post_title":"alquiler para idealistas madrid","properties_post_alt":"alquiler para idealistas madrid"},{"properties_post_image_order":17,"properties_post_image_url":"https:\/\/movin.cloud\/empresas\/2462\/imagenes\/11246909\/alquilar.webp","properties_post_image_url_thumbnail":"https:\/\/movin.cloud\/empresas\/2462\/imagenes\/thumbnails\/11246909\/alquilar.webp","properties_post_title":"alquilar","properties_post_alt":"alquilar"},{"properties_post_image_order":18,"properties_post_image_url":"https:\/\/movin.cloud\/empresas\/2462\/imagenes\/11246909\/inmobiliaria.webp","properties_post_image_url_thumbnail":"https:\/\/movin.cloud\/empresas\/2462\/imagenes\/thumbnails\/11246909\/inmobiliaria.webp","properties_post_title":"inmobiliaria","properties_post_alt":"inmobiliaria"}],"post_type_properties_post_videos":null,"post_type_properties_post_tour":null,"post_type_properties_post_dossier_url":"","post_type_properties_post_operation_type":"rent","post_type_properties_post_operation_price":14151,"post_type_properties_post_features_hidden_price":false},"yoast_head":"<!-- This site is optimized with the Yoast SEO plugin v27.4 - https:\/\/yoast.com\/product\/yoast-seo-wordpress\/ -->\n<title>Oficina en alquiler en la calle Ram\u00edrez de Arellano. Madrid. - Forcadell<\/title>\n<meta name=\"robots\" content=\"index, follow, max-snippet:-1, max-image-preview:large, max-video-preview:-1\" \/>\n<link rel=\"canonical\" href=\"https:\/\/forcadell.com\/ca\/propiedades\/oficina-en-alquiler-en-la-calle-ramirez-de-arellano-madrid-2\/\" \/>\n<meta property=\"og:locale\" content=\"ca_ES\" \/>\n<meta property=\"og:type\" content=\"article\" \/>\n<meta property=\"og:title\" content=\"Oficina en alquiler en la calle Ram\u00edrez de Arellano. Madrid. - Forcadell\" \/>\n<meta property=\"og:description\" content=\"Oficina en alquiler en la calle Ram\u00edrez de Arellano, en la zona de negocios de Arturo Soria. Privilegiada ubicaci\u00f3n, ya que cuenta con una gran variedad de servicios en sus alrededores, como centros deportivos, restaurantes, espacios de ocio y escuelas. Caracter\u00edsticas generales: &#8211; Edificio exclusivo de oficinas actualmente en proceso de reforma en zonas comunes. [&hellip;]\" \/>\n<meta property=\"og:url\" content=\"https:\/\/forcadell.com\/ca\/propiedades\/oficina-en-alquiler-en-la-calle-ramirez-de-arellano-madrid-2\/\" \/>\n<meta property=\"og:site_name\" content=\"Forcadell\" \/>\n<meta property=\"article:modified_time\" content=\"2026-04-29T07:08:18+00:00\" \/>\n<meta name=\"twitter:card\" content=\"summary_large_image\" \/>\n<meta name=\"twitter:label1\" content=\"Temps estimat de lectura\" \/>\n\t<meta name=\"twitter:data1\" content=\"1 minut\" \/>\n<!-- \/ Yoast SEO plugin. -->","yoast_head_json":{"title":"Oficina en alquiler en la calle Ram\u00edrez de Arellano. Madrid. - Forcadell","robots":{"index":"index","follow":"follow","max-snippet":"max-snippet:-1","max-image-preview":"max-image-preview:large","max-video-preview":"max-video-preview:-1"},"canonical":"https:\/\/forcadell.com\/ca\/propiedades\/oficina-en-alquiler-en-la-calle-ramirez-de-arellano-madrid-2\/","og_locale":"ca_ES","og_type":"article","og_title":"Oficina en alquiler en la calle Ram\u00edrez de Arellano. Madrid. - Forcadell","og_description":"Oficina en alquiler en la calle Ram\u00edrez de Arellano, en la zona de negocios de Arturo Soria. Privilegiada ubicaci\u00f3n, ya que cuenta con una gran variedad de servicios en sus alrededores, como centros deportivos, restaurantes, espacios de ocio y escuelas. Caracter\u00edsticas generales: &#8211; Edificio exclusivo de oficinas actualmente en proceso de reforma en zonas comunes. [&hellip;]","og_url":"https:\/\/forcadell.com\/ca\/propiedades\/oficina-en-alquiler-en-la-calle-ramirez-de-arellano-madrid-2\/","og_site_name":"Forcadell","article_modified_time":"2026-04-29T07:08:18+00:00","twitter_card":"summary_large_image","twitter_misc":{"Temps estimat de lectura":"1 minut"},"schema":{"@context":"https:\/\/schema.org","@graph":[{"@type":"WebPage","@id":"https:\/\/forcadell.com\/ca\/propiedades\/oficina-en-alquiler-en-la-calle-ramirez-de-arellano-madrid-2\/","url":"https:\/\/forcadell.com\/ca\/propiedades\/oficina-en-alquiler-en-la-calle-ramirez-de-arellano-madrid-2\/","name":"Oficina en alquiler en la calle Ram\u00edrez de Arellano. Madrid. - Forcadell","isPartOf":{"@id":"https:\/\/forcadell.com\/ca\/#website"},"datePublished":"2025-11-26T01:21:13+00:00","dateModified":"2026-04-29T07:08:18+00:00","breadcrumb":{"@id":"https:\/\/forcadell.com\/ca\/propiedades\/oficina-en-alquiler-en-la-calle-ramirez-de-arellano-madrid-2\/#breadcrumb"},"inLanguage":"ca","potentialAction":[{"@type":"ReadAction","target":["https:\/\/forcadell.com\/ca\/propiedades\/oficina-en-alquiler-en-la-calle-ramirez-de-arellano-madrid-2\/"]}]},{"@type":"BreadcrumbList","@id":"https:\/\/forcadell.com\/ca\/propiedades\/oficina-en-alquiler-en-la-calle-ramirez-de-arellano-madrid-2\/#breadcrumb","itemListElement":[{"@type":"ListItem","position":1,"name":"Portada","item":"https:\/\/forcadell.com\/ca\/"},{"@type":"ListItem","position":2,"name":"Properties","item":"https:\/\/forcadell.com\/ca\/propiedades\/"},{"@type":"ListItem","position":3,"name":"Oficina en alquiler en la calle Ram\u00edrez de Arellano. Madrid."}]},{"@type":"WebSite","@id":"https:\/\/forcadell.com\/ca\/#website","url":"https:\/\/forcadell.com\/ca\/","name":"Forcadell","description":"Inmobiliaria Barcelona | Consultores inmobiliarios","potentialAction":[{"@type":"SearchAction","target":{"@type":"EntryPoint","urlTemplate":"https:\/\/forcadell.com\/ca\/?s={search_term_string}"},"query-input":{"@type":"PropertyValueSpecification","valueRequired":true,"valueName":"search_term_string"}}],"inLanguage":"ca"}]}},"_links":{"self":[{"href":"https:\/\/forcadell.com\/ca\/wp-json\/wp\/v2\/properties_post\/59724","targetHints":{"allow":["GET"]}}],"collection":[{"href":"https:\/\/forcadell.com\/ca\/wp-json\/wp\/v2\/properties_post"}],"about":[{"href":"https:\/\/forcadell.com\/ca\/wp-json\/wp\/v2\/types\/properties_post"}],"wp:attachment":[{"href":"https:\/\/forcadell.com\/ca\/wp-json\/wp\/v2\/media?parent=59724"}],"curies":[{"name":"wp","href":"https:\/\/api.w.org\/{rel}","templated":true}]}}