{"id":58348,"date":"2025-11-04T16:43:18","date_gmt":"2025-11-04T14:43:18","guid":{"rendered":"https:\/\/www.forcadell.com\/propiedades\/pg-de-gracia-zona-prime-6\/"},"modified":"2026-04-29T08:11:43","modified_gmt":"2026-04-29T06:11:43","slug":"pg-de-gracia-zona-prime-6","status":"publish","type":"properties_post","link":"https:\/\/forcadell.com\/ca\/propiedades\/pg-de-gracia-zona-prime-6\/","title":{"rendered":"PG. DE GR\u00c0CIA &#8211; ZONA PRIME"},"content":{"rendered":"<p>Oficina luminosa con grandes ventanales y espacios amplios<\/p>\n<p>Espacio de oficina ideal para empresas que buscan un entorno de trabajo c\u00f3modo, funcional y con una imagen moderna. La oficina destaca por su excelente luminosidad natural, gracias a sus grandes ventanales, que aportan amplitud y bienestar a cada estancia.<\/p>\n<p>Su distribuci\u00f3n ofrece estancias amplias y vers\u00e1tiles, perfectas para adaptarse a diferentes necesidades: zonas open space, despachos, salas de reuniones o \u00e1reas colaborativas.<\/p>\n<p>El dise\u00f1o interior combina practicidad y estilo con suelo de gres y techo de obra vista, un acabado muy actual que aporta personalidad y un aire contempor\u00e1neo al espacio.<\/p>\n<p>Caracter\u00edsticas destacadas<br \/>\nMuy luminosa<br \/>\nGrandes ventanales<br \/>\nAmplias estancias<br \/>\nSuelo de gres<br \/>\nTecho de obra vista<\/p>\n<p>Una oficina con mucho potencial, ideal para empresas que valoran la luz, la amplitud y un dise\u00f1o moderno.<\/p>\n<p>Contacta para m\u00e1s informaci\u00f3n o visita. <\/p>\n","protected":false},"template":"","class_list":["post-58348","properties_post","type-properties_post","status-publish","hentry","properties_modality-rent","properties_district-eixample","properties_province-barcelona","properties_zone-cbd-diagonal-po-de-gracia","properties_state-barcelona","properties_subclass-oficina","properties_type-oficina"],"acf":{"post_type_properties_post_property_code":"11248185","post_type_properties_post_property_reference":"IE-226624","post_type_properties_post_owner_id":"49791","post_type_properties_post_owner_name":"ALLIANZ SEGUROS Y REASEGUROS SA (13080) #1","post_type_properties_post_property_code_encrypted":"MjQ5JDMyNzUy","post_type_properties_post_published":"1","post_type_properties_post_property_visibility":"idealista","post_type_properties_post_contact_name":"Forcadell Oficinas Barcelona","post_type_properties_post_contact_email":"forcadell.oficinas.barcelona@movin.cloud","post_type_properties_post_contact_primary_phone_prefix":"34","post_type_properties_post_contact_primary_phone_number":"934965413","post_type_properties_post_address_visibility":"street","post_type_properties_post_address_country":"Spain","post_type_properties_post_address_coordinates_precision":"exact","post_type_properties_post_address_postal_code":"08007","post_type_properties_post_address_coordinates_latitude":"41.390372","post_type_properties_post_address_coordinates_longitude":"2.166598","post_type_properties_post_address_street_name":"Passeig de Gr\u00e0cia, 21","post_type_properties_post_address_floor":"3","post_type_properties_post_address_town":"Barcelona","post_type_properties_post_building":null,"post_type_properties_post_property":[{"properties_post_description_language":"catalan","properties_post_title":"PG. DE GRACIA. ZONA PRIME","properties_post_short_description_text_alt":"","properties_post_description_text_alt":"","properties_post_short_description_text":" ","properties_post_link_demanda_inmueble":"https:\/\/movin.cloud\/ca\/Forcadell Oficinas Barcelona\/formulari-peticio-immoble\/sth\/2438&&11248185","properties_post_link_demanda_calendario_inmueble":"https:\/\/movin.cloud\/ca\/Forcadell Oficinas Barcelona\/calendari-peticio-immoble\/sth\/2438&&11248185","properties_post_description_text":"Oficina lluminosa amb grans finestrals i espais amplis\n\nEspai d\u00b4oficina ideal per a empreses que busquen un entorn de treball c\u00f2mode, funcional i amb una imatge moderna. L'oficina destaca per la seva lluminositat natural, gr\u00e0cies als grans finestrals, que aporten amplitud i benestar a cada estan\u00e7a.\n\nLa distribuci\u00f3 ofereix estades \u00e0mplies i vers\u00e0tils, perfectes per adaptar-se a diferents necessitats: zones open space, despatxos, sales de reunions o \u00e0rees col\u00b7laboratives.\n\nEl disseny interior combina practicitat i estil amb terra de gres i sostre d\u00b4obra vista, un acabat molt actual que aporta personalitat i un aire contemporani al\u00b4espai.\n\nCaracter\u00edstiques destacades\nMolt lluminosa\nGrans finestrals\n\u00c0mplies estades\nS\u00f2l de gres\nSostre d'obra vista\n\nUna oficina amb molt de potencial, ideal per a empreses que valoren la llum, l'amplitud i un disseny modern.\n\nContacta per a m\u00e9s informaci\u00f3 o visita.","properties_post_seo_title":"","properties_post_seo_alias":"","properties_post_seo_metadescription":"","properties_post_seo_key_words":"","properties_post_seo_url":"","properties_post_terms_conditions":""},{"properties_post_description_language":"spanish","properties_post_title":"PG. DE GR\u00c0CIA - ZONA PRIME ","properties_post_short_description_text_alt":"","properties_post_description_text_alt":"","properties_post_short_description_text":" ","properties_post_link_demanda_inmueble":"https:\/\/movin.cloud\/es\/Forcadell Oficinas Barcelona\/formulario-peticion-inmueble\/sth\/2438&&11248185","properties_post_link_demanda_calendario_inmueble":"https:\/\/movin.cloud\/es\/Forcadell Oficinas Barcelona\/calendario-peticion-inmueble\/sth\/2438&&11248185","properties_post_description_text":"Oficina luminosa con grandes ventanales y espacios amplios\n\nEspacio de oficina ideal para empresas que buscan un entorno de trabajo c\u00f3modo, funcional y con una imagen moderna. La oficina destaca por su excelente luminosidad natural, gracias a sus grandes ventanales, que aportan amplitud y bienestar a cada estancia.\n\nSu distribuci\u00f3n ofrece estancias amplias y vers\u00e1tiles, perfectas para adaptarse a diferentes necesidades: zonas open space, despachos, salas de reuniones o \u00e1reas colaborativas.\n\nEl dise\u00f1o interior combina practicidad y estilo con suelo de gres y techo de obra vista, un acabado muy actual que aporta personalidad y un aire contempor\u00e1neo al espacio.\n\nCaracter\u00edsticas destacadas\nMuy luminosa\nGrandes ventanales\nAmplias estancias\nSuelo de gres\nTecho de obra vista\n\nUna oficina con mucho potencial, ideal para empresas que valoran la luz, la amplitud y un dise\u00f1o moderno.\n\nContacta para m\u00e1s informaci\u00f3n o visita. ","properties_post_seo_title":"","properties_post_seo_alias":"","properties_post_seo_metadescription":"","properties_post_seo_key_words":"","properties_post_seo_url":"","properties_post_terms_conditions":""}],"post_type_properties_post_features_type":"office","post_type_properties_post_id_building":"","post_type_properties_post_features_area_constructed":528,"post_type_properties_post_features_conditioned_air":true,"post_type_properties_post_features_doorman":false,"post_type_properties_post_features_heating":true,"post_type_properties_post_features_equipped_kitchen":false,"post_type_properties_post_features_windows_location":"exterior","post_type_properties_post_features_floors_property":false,"post_type_properties_post_features_storage":false,"post_type_properties_post_features_security_door":false,"post_type_properties_post_features_energy_certificate_rating":"D","post_type_properties_post_features_energy_certificate_emissions_rating":"D","post_type_properties_post_features_energy_certificate_emissions_value":"","post_type_properties_post_features_energy_certificate_performance":"","post_type_properties_post_features_bathroom_inside":true,"post_type_properties_post_precio":14256,"post_type_properties_post_precio_alquiler":14256,"post_type_properties_post_record_type_id":"Oficina","post_type_properties_post_categoria__producto":"Oficina","post_type_properties_post_amueblado":false,"post_type_properties_post_precio_m2":27,"post_type_properties_post_zona__comunitaria":false,"post_type_properties_post_electrodomesticos":false,"post_type_properties_post_patio__interior":false,"post_type_properties_post_certificado_energetico_general":"D","post_type_properties_post_certificado_energetico_consumo":"D","post_type_properties_post_certificado_energetico_valor_emisiones":"","post_type_properties_post_certificado_energetico_valor_consumo":"","post_type_properties_post_modalidad":"rent","post_type_properties_post_provincia":"Barcelona","post_type_properties_post_poblacion":"Barcelona","post_type_properties_post_centro__urbano":false,"post_type_properties_post_zonificacion":"CBD - Diagonal \/ P\u00ba de Gracia","post_type_properties_post_cartera":"","post_type_properties_post_titulo_catalan":"PG. DE GRACIA. ZONA PRIME","post_type_properties_post_internet_catalan":"Oficina lluminosa amb grans finestrals i espais amplis\n\nEspai d\u00b4oficina ideal per a empreses que busquen un entorn de treball c\u00f2mode, funcional i amb una imatge moderna. L'oficina destaca per la seva lluminositat natural, gr\u00e0cies als grans finestrals, que aporten amplitud i benestar a cada estan\u00e7a.\n\nLa distribuci\u00f3 ofereix estades \u00e0mplies i vers\u00e0tils, perfectes per adaptar-se a diferents necessitats: zones open space, despatxos, sales de reunions o \u00e0rees col\u00b7laboratives.\n\nEl disseny interior combina practicitat i estil amb terra de gres i sostre d\u00b4obra vista, un acabat molt actual que aporta personalitat i un aire contemporani al\u00b4espai.\n\nCaracter\u00edstiques destacades\nMolt lluminosa\nGrans finestrals\n\u00c0mplies estades\nS\u00f2l de gres\nSostre d'obra vista\n\nUna oficina amb molt de potencial, ideal per a empreses que valoren la llum, l'amplitud i un disseny modern.\n\nContacta per a m\u00e9s informaci\u00f3 o visita.","post_type_properties_post_titulo_castellano":"PG. DE GR\u00c0CIA - ZONA PRIME ","post_type_properties_post_internet_castellano":"Oficina luminosa con grandes ventanales y espacios amplios\n\nEspacio de oficina ideal para empresas que buscan un entorno de trabajo c\u00f3modo, funcional y con una imagen moderna. La oficina destaca por su excelente luminosidad natural, gracias a sus grandes ventanales, que aportan amplitud y bienestar a cada estancia.\n\nSu distribuci\u00f3n ofrece estancias amplias y vers\u00e1tiles, perfectas para adaptarse a diferentes necesidades: zonas open space, despachos, salas de reuniones o \u00e1reas colaborativas.\n\nEl dise\u00f1o interior combina practicidad y estilo con suelo de gres y techo de obra vista, un acabado muy actual que aporta personalidad y un aire contempor\u00e1neo al espacio.\n\nCaracter\u00edsticas destacadas\nMuy luminosa\nGrandes ventanales\nAmplias estancias\nSuelo de gres\nTecho de obra vista\n\nUna oficina con mucho potencial, ideal para empresas que valoran la luz, la amplitud y un dise\u00f1o moderno.\n\nContacta para m\u00e1s informaci\u00f3n o visita. ","post_type_properties_post_titulo_ingles":"","post_type_properties_post_internet_ingles":"","post_type_properties_post_features_classification_commercial":false,"post_type_properties_post_features_conservation":"","post_type_properties_post_features_security_personnel":false,"post_type_properties_post_features_parking_available":false,"post_type_properties_post_features_garage_capacity_type":"","post_type_properties_post_features_bathroom_number":"","post_type_properties_post_eje":"","post_type_properties_post_zona":"","post_type_properties_post_comarca":"","post_type_properties_post_features_built_year":"","post_type_properties_post_renta_mensual":14256,"post_type_properties_post_fianza":"","post_type_properties_post_features_area_plot":"","post_type_properties_post_features_area_buildable":"","post_type_properties_post_features_classification_industrial":false,"post_type_properties_post_distrito":"","post_type_properties_post_features_balcony":false,"post_type_properties_post_features_bedroom_number":"","post_type_properties_post_features_heating_type":"","post_type_properties_post_features_equipped_with_furniture":false,"post_type_properties_post_features_pets_allowed":false,"post_type_properties_post_features_pool":false,"post_type_properties_post_features_terrace":false,"post_type_properties_post_features_wardrobes":false,"post_type_properties_post_features_lift_available":false,"post_type_properties_post_features_handicap_adapted_access":false,"post_type_properties_post_features_orientation_east":false,"post_type_properties_post_features_orientation_west":false,"post_type_properties_post_features_orientation_north":false,"post_type_properties_post_features_orientation_south":false,"post_type_properties_post_features_parking_spaces_number":"","post_type_properties_post_features_security_alarm":false,"post_type_properties_post_features_security_system":false,"post_type_properties_post_open_plan":false,"post_type_properties_post_acceso_24_7":false,"post_type_properties_post_oficina_privada":false,"post_type_properties_post_sala_reuniones":false,"post_type_properties_post_espacio_eventos":false,"post_type_properties_post_office":false,"post_type_properties_post_restaurant":false,"post_type_properties_post_acepta_traspaso":false,"post_type_properties_post_vigilancia":false,"post_type_properties_post_features_suite":false,"post_type_properties_post_features_vitro":false,"post_type_properties_post_features_oven":false,"post_type_properties_post_features_microwave":false,"post_type_properties_post_features_washing_machine":false,"post_type_properties_post_features_dryer":false,"post_type_properties_post_features_dishwasher":false,"post_type_properties_post_features_fridge":false,"post_type_properties_post_features_fridge_mini":false,"post_type_properties_post_features_kettle":false,"post_type_properties_post_features_toaster":false,"post_type_properties_post_features_coffee_maker":false,"post_type_properties_post_features_iron":false,"post_type_properties_post_features_ironing_board":false,"post_type_properties_post_features_safe":false,"post_type_properties_post_features_internet":true,"post_type_properties_post_features_solarium":false,"post_type_properties_post_features_clean_service":false,"post_type_properties_post_features_t_v":false,"post_type_properties_post_features_satellite_t_v":false,"post_type_properties_post_features_gas_kitchen":false,"post_type_properties_post_features_view_mountain":false,"post_type_properties_post_features_view_sea":false,"post_type_properties_post_features_concierge":false,"post_type_properties_post_features_loading_dock":false,"post_type_properties_post_features_bridge_crane":false,"post_type_properties_post_features_located_at_corner":false,"post_type_properties_post_features_smoke_extraction":false,"post_type_properties_post_features_rooms":"","post_type_properties_post_features_garden_area":"","post_type_properties_post_features_utilities_water":false,"post_type_properties_post_features_utilities_electricity":false,"post_type_properties_post_features_utilities_natural_gas":false,"post_type_properties_post_features_building_adapted":false,"post_type_properties_post_features_garden":false,"post_type_properties_post_features_classification_hotel":false,"post_type_properties_post_features_classification_chalet":false,"post_type_properties_post_certificado_energetico_emisiones":"D","post_type_properties_post_barrio":"","post_type_properties_post_distrito_empresa":"Eixample","post_type_properties_post_features_property_category_intern":"","post_type_properties_post_implantada":false,"post_type_properties_post_sello_leed":"","post_type_properties_post_sello_well":"","post_type_properties_post_sello_breeam":false,"post_type_properties_post_images":[{"properties_post_image_order":1,"properties_post_image_url":"https:\/\/movin.cloud\/empresas\/2438\/imagenes\/11248185\/en-alquiler-19.webp","properties_post_image_url_thumbnail":"https:\/\/movin.cloud\/empresas\/2438\/imagenes\/thumbnails\/11248185\/en-alquiler-19.webp","properties_post_title":"en alquiler 19","properties_post_alt":"en alquiler 19"},{"properties_post_image_order":2,"properties_post_image_url":"https:\/\/movin.cloud\/empresas\/2438\/imagenes\/11248185\/en-alquiler-17.webp","properties_post_image_url_thumbnail":"https:\/\/movin.cloud\/empresas\/2438\/imagenes\/thumbnails\/11248185\/en-alquiler-17.webp","properties_post_title":"en alquiler 17","properties_post_alt":"en alquiler 17"},{"properties_post_image_order":3,"properties_post_image_url":"https:\/\/movin.cloud\/empresas\/2438\/imagenes\/11248185\/inmobiliaria.webp","properties_post_image_url_thumbnail":"https:\/\/movin.cloud\/empresas\/2438\/imagenes\/thumbnails\/11248185\/inmobiliaria.webp","properties_post_title":"inmobiliaria","properties_post_alt":"inmobiliaria"},{"properties_post_image_order":4,"properties_post_image_url":"https:\/\/movin.cloud\/empresas\/2438\/imagenes\/11248185\/en-alquiler.webp","properties_post_image_url_thumbnail":"https:\/\/movin.cloud\/empresas\/2438\/imagenes\/thumbnails\/11248185\/en-alquiler.webp","properties_post_title":"en alquiler","properties_post_alt":"en alquiler"},{"properties_post_image_order":5,"properties_post_image_url":"https:\/\/movin.cloud\/empresas\/2438\/imagenes\/11248185\/habitalia.webp","properties_post_image_url_thumbnail":"https:\/\/movin.cloud\/empresas\/2438\/imagenes\/thumbnails\/11248185\/habitalia.webp","properties_post_title":"habitalia","properties_post_alt":"habitalia"},{"properties_post_image_order":6,"properties_post_image_url":"https:\/\/movin.cloud\/empresas\/2438\/imagenes\/11248185\/inmobiliarias-barcelona.webp","properties_post_image_url_thumbnail":"https:\/\/movin.cloud\/empresas\/2438\/imagenes\/thumbnails\/11248185\/inmobiliarias-barcelona.webp","properties_post_title":"inmobiliarias barcelona","properties_post_alt":"inmobiliarias barcelona"},{"properties_post_image_order":7,"properties_post_image_url":"https:\/\/movin.cloud\/empresas\/2438\/imagenes\/11248185\/en-alquiler-18.webp","properties_post_image_url_thumbnail":"https:\/\/movin.cloud\/empresas\/2438\/imagenes\/thumbnails\/11248185\/en-alquiler-18.webp","properties_post_title":"en alquiler 18","properties_post_alt":"en alquiler 18"},{"properties_post_image_order":8,"properties_post_image_url":"https:\/\/movin.cloud\/empresas\/2438\/imagenes\/11248185\/en-alquiler-20.webp","properties_post_image_url_thumbnail":"https:\/\/movin.cloud\/empresas\/2438\/imagenes\/thumbnails\/11248185\/en-alquiler-20.webp","properties_post_title":"en alquiler 20","properties_post_alt":"en alquiler 20"},{"properties_post_image_order":9,"properties_post_image_url":"https:\/\/movin.cloud\/empresas\/2438\/imagenes\/11248185\/en-alquiler-barcelona.webp","properties_post_image_url_thumbnail":"https:\/\/movin.cloud\/empresas\/2438\/imagenes\/thumbnails\/11248185\/en-alquiler-barcelona.webp","properties_post_title":"en alquiler barcelona","properties_post_alt":"en alquiler barcelona"}],"post_type_properties_post_videos":null,"post_type_properties_post_tour":null,"post_type_properties_post_dossier_url":"","post_type_properties_post_operation_type":"rent","post_type_properties_post_operation_price":14256,"post_type_properties_post_features_hidden_price":false},"yoast_head":"<!-- This site is optimized with the Yoast SEO plugin v27.4 - https:\/\/yoast.com\/product\/yoast-seo-wordpress\/ -->\n<title>PG. DE GR\u00c0CIA - ZONA PRIME - Forcadell<\/title>\n<meta name=\"robots\" content=\"index, follow, max-snippet:-1, max-image-preview:large, max-video-preview:-1\" \/>\n<link rel=\"canonical\" href=\"https:\/\/forcadell.com\/ca\/propiedades\/pg-de-gracia-zona-prime-6\/\" \/>\n<meta property=\"og:locale\" content=\"ca_ES\" \/>\n<meta property=\"og:type\" content=\"article\" \/>\n<meta property=\"og:title\" content=\"PG. DE GR\u00c0CIA - ZONA PRIME - Forcadell\" \/>\n<meta property=\"og:description\" content=\"Oficina luminosa con grandes ventanales y espacios amplios Espacio de oficina ideal para empresas que buscan un entorno de trabajo c\u00f3modo, funcional y con una imagen moderna. La oficina destaca por su excelente luminosidad natural, gracias a sus grandes ventanales, que aportan amplitud y bienestar a cada estancia. Su distribuci\u00f3n ofrece estancias amplias y vers\u00e1tiles, [&hellip;]\" \/>\n<meta property=\"og:url\" content=\"https:\/\/forcadell.com\/ca\/propiedades\/pg-de-gracia-zona-prime-6\/\" \/>\n<meta property=\"og:site_name\" content=\"Forcadell\" \/>\n<meta property=\"article:modified_time\" content=\"2026-04-29T06:11:43+00:00\" \/>\n<meta name=\"twitter:card\" content=\"summary_large_image\" \/>\n<meta name=\"twitter:label1\" content=\"Temps estimat de lectura\" \/>\n\t<meta name=\"twitter:data1\" content=\"1 minut\" \/>\n<!-- \/ Yoast SEO plugin. -->","yoast_head_json":{"title":"PG. DE GR\u00c0CIA - ZONA PRIME - Forcadell","robots":{"index":"index","follow":"follow","max-snippet":"max-snippet:-1","max-image-preview":"max-image-preview:large","max-video-preview":"max-video-preview:-1"},"canonical":"https:\/\/forcadell.com\/ca\/propiedades\/pg-de-gracia-zona-prime-6\/","og_locale":"ca_ES","og_type":"article","og_title":"PG. DE GR\u00c0CIA - ZONA PRIME - Forcadell","og_description":"Oficina luminosa con grandes ventanales y espacios amplios Espacio de oficina ideal para empresas que buscan un entorno de trabajo c\u00f3modo, funcional y con una imagen moderna. La oficina destaca por su excelente luminosidad natural, gracias a sus grandes ventanales, que aportan amplitud y bienestar a cada estancia. Su distribuci\u00f3n ofrece estancias amplias y vers\u00e1tiles, [&hellip;]","og_url":"https:\/\/forcadell.com\/ca\/propiedades\/pg-de-gracia-zona-prime-6\/","og_site_name":"Forcadell","article_modified_time":"2026-04-29T06:11:43+00:00","twitter_card":"summary_large_image","twitter_misc":{"Temps estimat de lectura":"1 minut"},"schema":{"@context":"https:\/\/schema.org","@graph":[{"@type":"WebPage","@id":"https:\/\/forcadell.com\/ca\/propiedades\/pg-de-gracia-zona-prime-6\/","url":"https:\/\/forcadell.com\/ca\/propiedades\/pg-de-gracia-zona-prime-6\/","name":"PG. DE GR\u00c0CIA - ZONA PRIME - Forcadell","isPartOf":{"@id":"https:\/\/forcadell.com\/ca\/#website"},"datePublished":"2025-11-04T14:43:18+00:00","dateModified":"2026-04-29T06:11:43+00:00","breadcrumb":{"@id":"https:\/\/forcadell.com\/ca\/propiedades\/pg-de-gracia-zona-prime-6\/#breadcrumb"},"inLanguage":"ca","potentialAction":[{"@type":"ReadAction","target":["https:\/\/forcadell.com\/ca\/propiedades\/pg-de-gracia-zona-prime-6\/"]}]},{"@type":"BreadcrumbList","@id":"https:\/\/forcadell.com\/ca\/propiedades\/pg-de-gracia-zona-prime-6\/#breadcrumb","itemListElement":[{"@type":"ListItem","position":1,"name":"Portada","item":"https:\/\/forcadell.com\/ca\/"},{"@type":"ListItem","position":2,"name":"Properties","item":"https:\/\/forcadell.com\/ca\/propiedades\/"},{"@type":"ListItem","position":3,"name":"PG. DE GR\u00c0CIA &#8211; ZONA PRIME"}]},{"@type":"WebSite","@id":"https:\/\/forcadell.com\/ca\/#website","url":"https:\/\/forcadell.com\/ca\/","name":"Forcadell","description":"Inmobiliaria Barcelona | Consultores inmobiliarios","potentialAction":[{"@type":"SearchAction","target":{"@type":"EntryPoint","urlTemplate":"https:\/\/forcadell.com\/ca\/?s={search_term_string}"},"query-input":{"@type":"PropertyValueSpecification","valueRequired":true,"valueName":"search_term_string"}}],"inLanguage":"ca"}]}},"_links":{"self":[{"href":"https:\/\/forcadell.com\/ca\/wp-json\/wp\/v2\/properties_post\/58348","targetHints":{"allow":["GET"]}}],"collection":[{"href":"https:\/\/forcadell.com\/ca\/wp-json\/wp\/v2\/properties_post"}],"about":[{"href":"https:\/\/forcadell.com\/ca\/wp-json\/wp\/v2\/types\/properties_post"}],"wp:attachment":[{"href":"https:\/\/forcadell.com\/ca\/wp-json\/wp\/v2\/media?parent=58348"}],"curies":[{"name":"wp","href":"https:\/\/api.w.org\/{rel}","templated":true}]}}