{"id":58290,"date":"2025-11-04T16:40:20","date_gmt":"2025-11-04T14:40:20","guid":{"rendered":"https:\/\/www.forcadell.com\/propiedades\/pujades-22-2\/"},"modified":"2026-04-26T12:13:50","modified_gmt":"2026-04-26T10:13:50","slug":"pujades-22-2","status":"publish","type":"properties_post","link":"https:\/\/forcadell.com\/ca\/propiedades\/pujades-22-2\/","title":{"rendered":"PUJADES &#8211; 22@"},"content":{"rendered":"<p>Oficinas en alquiler en el coraz\u00f3n del 22@ \u2013 Pujades con Selva de Mar<\/p>\n<p>Ubicado en pleno distrito de la innovaci\u00f3n de Barcelona, este edificio de oficinas ofrece todo lo que tu empresa necesita: una ubicaci\u00f3n estrat\u00e9gica junto al Centro Comercial Diagonal Mar, rodeado de servicios, con excelentes conexiones tanto en transporte p\u00fablico como privado (Avinguda Diagonal y Ronda Litoral).<\/p>\n<p>Caracter\u00edsticas del edificio<\/p>\n<p>PB + 11 plantas.<br \/>\nFachada acristalada y reflectante con control solar.<br \/>\nConserjer\u00eda y seguridad 24h.<br \/>\n6 ascensores.<br \/>\nSistema de detecci\u00f3n y protecci\u00f3n contra incendios.<br \/>\nClimatizaci\u00f3n fr\u00edo\/calor sectorizable (Districlima).<br \/>\nN\u00facleo de ba\u00f1os comunitarios en cada planta.<br \/>\nAparcamiento en el edificio: 120 \u20ac\/plaza\/mes.<\/p>\n<p>Caracter\u00edsticas de las oficinas<\/p>\n<p>Suelo t\u00e9cnico.<br \/>\nAltura libre: 2,70 m.<br \/>\nFalso techo met\u00e1lico registrable con luminarias empotradas.<br \/>\nSistema de climatizaci\u00f3n flexible (4 tubos).<br \/>\nOficinas equipadas con moqueta, cortinas, cableado y salas de reuni\u00f3n.<\/p>\n<p>Un espacio moderno, funcional y bien conectado, perfecto para empresas que buscan crecer en el distrito tecnol\u00f3gico de Barcelona.<\/p>\n<p>Cont\u00e1ctanos hoy y agenda tu visita.<\/p>\n","protected":false},"template":"","class_list":["post-58290","properties_post","type-properties_post","status-publish","hentry","properties_modality-rent","properties_district-sant-marti","properties_province-barcelona","properties_zone-116","properties_state-barcelona","properties_subclass-oficina","properties_type-oficina"],"acf":{"post_type_properties_post_property_code":"11247872","post_type_properties_post_property_reference":"IE-226414","post_type_properties_post_owner_id":"","post_type_properties_post_owner_name":"","post_type_properties_post_property_code_encrypted":"MjQ5JDMyNDM5","post_type_properties_post_published":"1","post_type_properties_post_property_visibility":"idealista","post_type_properties_post_contact_name":"Forcadell Oficinas Barcelona","post_type_properties_post_contact_email":"forcadell.oficinas.barcelona@movin.cloud","post_type_properties_post_contact_primary_phone_prefix":"34","post_type_properties_post_contact_primary_phone_number":"934965413","post_type_properties_post_address_visibility":"street","post_type_properties_post_address_country":"Spain","post_type_properties_post_address_coordinates_precision":"exact","post_type_properties_post_address_postal_code":"08018","post_type_properties_post_address_coordinates_latitude":"41.407991000002","post_type_properties_post_address_coordinates_longitude":"2.209341000002","post_type_properties_post_address_street_name":"CL Pujades 350.","post_type_properties_post_address_floor":"7","post_type_properties_post_address_town":"Barcelona","post_type_properties_post_building":null,"post_type_properties_post_property":[{"properties_post_description_language":"catalan","properties_post_title":"PUJADES - 22@","properties_post_short_description_text_alt":"","properties_post_description_text_alt":"","properties_post_short_description_text":" ","properties_post_link_demanda_inmueble":"https:\/\/movin.cloud\/ca\/Forcadell Oficinas Barcelona\/formulari-peticio-immoble\/sth\/2438&&11247872","properties_post_link_demanda_calendario_inmueble":"https:\/\/movin.cloud\/ca\/Forcadell Oficinas Barcelona\/calendari-peticio-immoble\/sth\/2438&&11247872","properties_post_description_text":"Oficines de lloguer al cor del 22@ \u2013 Pujades amb Selva de Mar\n\nUbicat en ple districte de la innovaci\u00f3 de Barcelona, aquest edifici d'oficines ofereix tot all\u00f2 que la teva empresa necessita: una ubicaci\u00f3 estrat\u00e8gica al costat del Centre Comercial Diagonal Mar, envoltat de serveis, amb excel\u00b7lents connexions tant en transport p\u00fablic com privat (Avinguda Diagonal i Ronda Litoral).\n\nCaracter\u00edstiques de l'edifici\n\nPB + 11 plantes.\nFa\u00e7ana de vidre i reflector amb control solar.\nConsergeria i seguretat 24h.\n6 ascensors.\nSistema de detecci\u00f3 i protecci\u00f3 contra incendis.\nClimatitzaci\u00f3 fred\/calor sectoritzable (Districlima).\nNucli de banys comunitaris a cada planta.\nAparcament a l'edifici: 120 \u20ac\/pla\u00e7a\/mes.\n\nCaracter\u00edstiques de les oficines\n\nS\u00f2l t\u00e8cnic.\nAl\u00e7ada lliure: 2,70 m.\nFals sostre met\u00e0l\u00b7lic registrable amb llumin\u00e0ries encastades.\nSistema de climatitzaci\u00f3 flexible (4 tubs).\nOficines equipades amb moqueta, cortines, cablatge i sales de reuni\u00f3.\n\nUn espai modern, funcional i ben connectat, perfecte per a empreses que busquen cr\u00e9ixer al districte tecnol\u00f2gic de Barcelona.\n\nContacta'ns avui i agenda la teva visita.","properties_post_seo_title":"","properties_post_seo_alias":"","properties_post_seo_metadescription":"Oficina de lloguer al districte 22@. C. Pujades. Barcelona. Forcadell \u00e9s la seva ag\u00e8ncia de confian\u00e7a per al lloguer d'aquesta oficina.","properties_post_seo_key_words":"oficina lloguer 22@, lloguer oficina 22@, oficina 22@","properties_post_seo_url":"","properties_post_terms_conditions":""},{"properties_post_description_language":"spanish","properties_post_title":"PUJADES - 22@","properties_post_short_description_text_alt":"","properties_post_description_text_alt":"","properties_post_short_description_text":" ","properties_post_link_demanda_inmueble":"https:\/\/movin.cloud\/es\/Forcadell Oficinas Barcelona\/formulario-peticion-inmueble\/sth\/2438&&11247872","properties_post_link_demanda_calendario_inmueble":"https:\/\/movin.cloud\/es\/Forcadell Oficinas Barcelona\/calendario-peticion-inmueble\/sth\/2438&&11247872","properties_post_description_text":"Oficinas en alquiler en el coraz\u00f3n del 22@ \u2013 Pujades con Selva de Mar\n\nUbicado en pleno distrito de la innovaci\u00f3n de Barcelona, este edificio de oficinas ofrece todo lo que tu empresa necesita: una ubicaci\u00f3n estrat\u00e9gica junto al Centro Comercial Diagonal Mar, rodeado de servicios, con excelentes conexiones tanto en transporte p\u00fablico como privado (Avinguda Diagonal y Ronda Litoral).\n\nCaracter\u00edsticas del edificio\n\nPB + 11 plantas.\nFachada acristalada y reflectante con control solar.\nConserjer\u00eda y seguridad 24h.\n6 ascensores.\nSistema de detecci\u00f3n y protecci\u00f3n contra incendios.\nClimatizaci\u00f3n fr\u00edo\/calor sectorizable (Districlima).\nN\u00facleo de ba\u00f1os comunitarios en cada planta.\nAparcamiento en el edificio: 120 \u20ac\/plaza\/mes.\n\nCaracter\u00edsticas de las oficinas\n\nSuelo t\u00e9cnico.\nAltura libre: 2,70 m.\nFalso techo met\u00e1lico registrable con luminarias empotradas.\nSistema de climatizaci\u00f3n flexible (4 tubos).\nOficinas equipadas con moqueta, cortinas, cableado y salas de reuni\u00f3n.\n\nUn espacio moderno, funcional y bien conectado, perfecto para empresas que buscan crecer en el distrito tecnol\u00f3gico de Barcelona.\n\nCont\u00e1ctanos hoy y agenda tu visita.","properties_post_seo_title":"","properties_post_seo_alias":"","properties_post_seo_metadescription":"Oficina en alquiler en el distrito 22@. C. Pujades. Barcelona. Forcadell es su agencia de confianza para el alquiler de esta oficina.","properties_post_seo_key_words":"oficina alquiler 22@, alquiler oficina 22@, oficina 22@","properties_post_seo_url":"","properties_post_terms_conditions":""}],"post_type_properties_post_features_type":"office","post_type_properties_post_id_building":"MjkkMjc3NDY=","post_type_properties_post_features_area_constructed":927,"post_type_properties_post_features_conditioned_air":true,"post_type_properties_post_features_doorman":false,"post_type_properties_post_features_heating":true,"post_type_properties_post_features_equipped_kitchen":false,"post_type_properties_post_features_windows_location":"exterior","post_type_properties_post_features_floors_property":false,"post_type_properties_post_features_storage":false,"post_type_properties_post_features_security_door":false,"post_type_properties_post_features_energy_certificate_rating":"C","post_type_properties_post_features_energy_certificate_emissions_rating":"C","post_type_properties_post_features_energy_certificate_emissions_value":"","post_type_properties_post_features_energy_certificate_performance":"","post_type_properties_post_features_bathroom_inside":false,"post_type_properties_post_precio":13453.39,"post_type_properties_post_precio_alquiler":13453.39,"post_type_properties_post_record_type_id":"Oficina","post_type_properties_post_categoria__producto":"Oficina","post_type_properties_post_amueblado":false,"post_type_properties_post_precio_m2":14.5,"post_type_properties_post_zona__comunitaria":false,"post_type_properties_post_electrodomesticos":false,"post_type_properties_post_patio__interior":false,"post_type_properties_post_certificado_energetico_general":"C","post_type_properties_post_certificado_energetico_consumo":"C","post_type_properties_post_certificado_energetico_valor_emisiones":"","post_type_properties_post_certificado_energetico_valor_consumo":"","post_type_properties_post_modalidad":"rent","post_type_properties_post_provincia":"Barcelona","post_type_properties_post_poblacion":"Barcelona","post_type_properties_post_centro__urbano":false,"post_type_properties_post_zonificacion":"22 @","post_type_properties_post_cartera":"","post_type_properties_post_titulo_catalan":"PUJADES - 22@","post_type_properties_post_internet_catalan":"Oficines de lloguer al cor del 22@ \u2013 Pujades amb Selva de Mar\n\nUbicat en ple districte de la innovaci\u00f3 de Barcelona, aquest edifici d'oficines ofereix tot all\u00f2 que la teva empresa necessita: una ubicaci\u00f3 estrat\u00e8gica al costat del Centre Comercial Diagonal Mar, envoltat de serveis, amb excel\u00b7lents connexions tant en transport p\u00fablic com privat (Avinguda Diagonal i Ronda Litoral).\n\nCaracter\u00edstiques de l'edifici\n\nPB + 11 plantes.\nFa\u00e7ana de vidre i reflector amb control solar.\nConsergeria i seguretat 24h.\n6 ascensors.\nSistema de detecci\u00f3 i protecci\u00f3 contra incendis.\nClimatitzaci\u00f3 fred\/calor sectoritzable (Districlima).\nNucli de banys comunitaris a cada planta.\nAparcament a l'edifici: 120 \u20ac\/pla\u00e7a\/mes.\n\nCaracter\u00edstiques de les oficines\n\nS\u00f2l t\u00e8cnic.\nAl\u00e7ada lliure: 2,70 m.\nFals sostre met\u00e0l\u00b7lic registrable amb llumin\u00e0ries encastades.\nSistema de climatitzaci\u00f3 flexible (4 tubs).\nOficines equipades amb moqueta, cortines, cablatge i sales de reuni\u00f3.\n\nUn espai modern, funcional i ben connectat, perfecte per a empreses que busquen cr\u00e9ixer al districte tecnol\u00f2gic de Barcelona.\n\nContacta'ns avui i agenda la teva visita.","post_type_properties_post_titulo_castellano":"PUJADES - 22@","post_type_properties_post_internet_castellano":"Oficinas en alquiler en el coraz\u00f3n del 22@ \u2013 Pujades con Selva de Mar\n\nUbicado en pleno distrito de la innovaci\u00f3n de Barcelona, este edificio de oficinas ofrece todo lo que tu empresa necesita: una ubicaci\u00f3n estrat\u00e9gica junto al Centro Comercial Diagonal Mar, rodeado de servicios, con excelentes conexiones tanto en transporte p\u00fablico como privado (Avinguda Diagonal y Ronda Litoral).\n\nCaracter\u00edsticas del edificio\n\nPB + 11 plantas.\nFachada acristalada y reflectante con control solar.\nConserjer\u00eda y seguridad 24h.\n6 ascensores.\nSistema de detecci\u00f3n y protecci\u00f3n contra incendios.\nClimatizaci\u00f3n fr\u00edo\/calor sectorizable (Districlima).\nN\u00facleo de ba\u00f1os comunitarios en cada planta.\nAparcamiento en el edificio: 120 \u20ac\/plaza\/mes.\n\nCaracter\u00edsticas de las oficinas\n\nSuelo t\u00e9cnico.\nAltura libre: 2,70 m.\nFalso techo met\u00e1lico registrable con luminarias empotradas.\nSistema de climatizaci\u00f3n flexible (4 tubos).\nOficinas equipadas con moqueta, cortinas, cableado y salas de reuni\u00f3n.\n\nUn espacio moderno, funcional y bien conectado, perfecto para empresas que buscan crecer en el distrito tecnol\u00f3gico de Barcelona.\n\nCont\u00e1ctanos hoy y agenda tu visita.","post_type_properties_post_titulo_ingles":"","post_type_properties_post_internet_ingles":"","post_type_properties_post_features_classification_commercial":false,"post_type_properties_post_features_conservation":"","post_type_properties_post_features_security_personnel":false,"post_type_properties_post_features_parking_available":false,"post_type_properties_post_features_garage_capacity_type":"","post_type_properties_post_features_bathroom_number":"","post_type_properties_post_eje":"","post_type_properties_post_zona":"","post_type_properties_post_comarca":"","post_type_properties_post_features_built_year":"","post_type_properties_post_renta_mensual":8807.41,"post_type_properties_post_fianza":"","post_type_properties_post_features_area_plot":"","post_type_properties_post_features_area_buildable":"","post_type_properties_post_features_classification_industrial":false,"post_type_properties_post_distrito":"","post_type_properties_post_features_balcony":false,"post_type_properties_post_features_bedroom_number":"","post_type_properties_post_features_heating_type":"","post_type_properties_post_features_equipped_with_furniture":false,"post_type_properties_post_features_pets_allowed":false,"post_type_properties_post_features_pool":false,"post_type_properties_post_features_terrace":false,"post_type_properties_post_features_wardrobes":false,"post_type_properties_post_features_lift_available":false,"post_type_properties_post_features_handicap_adapted_access":false,"post_type_properties_post_features_orientation_east":false,"post_type_properties_post_features_orientation_west":false,"post_type_properties_post_features_orientation_north":false,"post_type_properties_post_features_orientation_south":false,"post_type_properties_post_features_parking_spaces_number":"","post_type_properties_post_features_security_alarm":false,"post_type_properties_post_features_security_system":false,"post_type_properties_post_open_plan":false,"post_type_properties_post_acceso_24_7":false,"post_type_properties_post_oficina_privada":false,"post_type_properties_post_sala_reuniones":false,"post_type_properties_post_espacio_eventos":false,"post_type_properties_post_office":false,"post_type_properties_post_restaurant":false,"post_type_properties_post_acepta_traspaso":false,"post_type_properties_post_vigilancia":false,"post_type_properties_post_features_suite":false,"post_type_properties_post_features_vitro":false,"post_type_properties_post_features_oven":false,"post_type_properties_post_features_microwave":false,"post_type_properties_post_features_washing_machine":false,"post_type_properties_post_features_dryer":false,"post_type_properties_post_features_dishwasher":false,"post_type_properties_post_features_fridge":false,"post_type_properties_post_features_fridge_mini":false,"post_type_properties_post_features_kettle":false,"post_type_properties_post_features_toaster":false,"post_type_properties_post_features_coffee_maker":false,"post_type_properties_post_features_iron":false,"post_type_properties_post_features_ironing_board":false,"post_type_properties_post_features_safe":false,"post_type_properties_post_features_internet":false,"post_type_properties_post_features_solarium":false,"post_type_properties_post_features_clean_service":false,"post_type_properties_post_features_t_v":false,"post_type_properties_post_features_satellite_t_v":false,"post_type_properties_post_features_gas_kitchen":false,"post_type_properties_post_features_view_mountain":false,"post_type_properties_post_features_view_sea":false,"post_type_properties_post_features_concierge":false,"post_type_properties_post_features_loading_dock":false,"post_type_properties_post_features_bridge_crane":false,"post_type_properties_post_features_located_at_corner":false,"post_type_properties_post_features_smoke_extraction":false,"post_type_properties_post_features_rooms":"","post_type_properties_post_features_garden_area":"","post_type_properties_post_features_utilities_water":false,"post_type_properties_post_features_utilities_electricity":false,"post_type_properties_post_features_utilities_natural_gas":false,"post_type_properties_post_features_building_adapted":false,"post_type_properties_post_features_garden":false,"post_type_properties_post_features_classification_hotel":false,"post_type_properties_post_features_classification_chalet":false,"post_type_properties_post_certificado_energetico_emisiones":"C","post_type_properties_post_barrio":"","post_type_properties_post_distrito_empresa":"Sant Mart\u00ed","post_type_properties_post_features_property_category_intern":"","post_type_properties_post_implantada":true,"post_type_properties_post_sello_leed":"","post_type_properties_post_sello_well":"","post_type_properties_post_sello_breeam":false,"post_type_properties_post_images":[{"properties_post_image_order":1,"properties_post_image_url":"https:\/\/movin.cloud\/empresas\/2438\/imagenes\/11247872\/en-alquiler-68.webp","properties_post_image_url_thumbnail":"https:\/\/movin.cloud\/empresas\/2438\/imagenes\/thumbnails\/11247872\/en-alquiler-68.webp","properties_post_title":"en alquiler 68","properties_post_alt":"en alquiler 68"},{"properties_post_image_order":2,"properties_post_image_url":"https:\/\/movin.cloud\/empresas\/2438\/imagenes\/11247872\/en-alquiler-73.webp","properties_post_image_url_thumbnail":"https:\/\/movin.cloud\/empresas\/2438\/imagenes\/thumbnails\/11247872\/en-alquiler-73.webp","properties_post_title":"en alquiler 73","properties_post_alt":"en alquiler 73"},{"properties_post_image_order":3,"properties_post_image_url":"https:\/\/movin.cloud\/empresas\/2438\/imagenes\/11247872\/en-alquiler-83.webp","properties_post_image_url_thumbnail":"https:\/\/movin.cloud\/empresas\/2438\/imagenes\/thumbnails\/11247872\/en-alquiler-83.webp","properties_post_title":"en alquiler 83","properties_post_alt":"en alquiler 83"},{"properties_post_image_order":4,"properties_post_image_url":"https:\/\/movin.cloud\/empresas\/2438\/imagenes\/11247872\/en-alquiler-85.webp","properties_post_image_url_thumbnail":"https:\/\/movin.cloud\/empresas\/2438\/imagenes\/thumbnails\/11247872\/en-alquiler-85.webp","properties_post_title":"en alquiler 85","properties_post_alt":"en alquiler 85"},{"properties_post_image_order":5,"properties_post_image_url":"https:\/\/movin.cloud\/empresas\/2438\/imagenes\/11247872\/en-alquiler-63.webp","properties_post_image_url_thumbnail":"https:\/\/movin.cloud\/empresas\/2438\/imagenes\/thumbnails\/11247872\/en-alquiler-63.webp","properties_post_title":"en alquiler 63","properties_post_alt":"en alquiler 63"},{"properties_post_image_order":6,"properties_post_image_url":"https:\/\/movin.cloud\/empresas\/2438\/imagenes\/11247872\/en-alquiler-64.webp","properties_post_image_url_thumbnail":"https:\/\/movin.cloud\/empresas\/2438\/imagenes\/thumbnails\/11247872\/en-alquiler-64.webp","properties_post_title":"en alquiler 64","properties_post_alt":"en alquiler 64"},{"properties_post_image_order":7,"properties_post_image_url":"https:\/\/movin.cloud\/empresas\/2438\/imagenes\/11247872\/en-alquiler-65.webp","properties_post_image_url_thumbnail":"https:\/\/movin.cloud\/empresas\/2438\/imagenes\/thumbnails\/11247872\/en-alquiler-65.webp","properties_post_title":"en alquiler 65","properties_post_alt":"en alquiler 65"},{"properties_post_image_order":8,"properties_post_image_url":"https:\/\/movin.cloud\/empresas\/2438\/imagenes\/11247872\/en-alquiler-74.webp","properties_post_image_url_thumbnail":"https:\/\/movin.cloud\/empresas\/2438\/imagenes\/thumbnails\/11247872\/en-alquiler-74.webp","properties_post_title":"en alquiler 74","properties_post_alt":"en alquiler 74"},{"properties_post_image_order":9,"properties_post_image_url":"https:\/\/movin.cloud\/empresas\/2438\/imagenes\/11247872\/en-alquiler-72.webp","properties_post_image_url_thumbnail":"https:\/\/movin.cloud\/empresas\/2438\/imagenes\/thumbnails\/11247872\/en-alquiler-72.webp","properties_post_title":"en alquiler 72","properties_post_alt":"en alquiler 72"},{"properties_post_image_order":10,"properties_post_image_url":"https:\/\/movin.cloud\/empresas\/2438\/imagenes\/11247872\/en-alquiler-66.webp","properties_post_image_url_thumbnail":"https:\/\/movin.cloud\/empresas\/2438\/imagenes\/thumbnails\/11247872\/en-alquiler-66.webp","properties_post_title":"en alquiler 66","properties_post_alt":"en alquiler 66"},{"properties_post_image_order":11,"properties_post_image_url":"https:\/\/movin.cloud\/empresas\/2438\/imagenes\/11247872\/en-alquiler-76.webp","properties_post_image_url_thumbnail":"https:\/\/movin.cloud\/empresas\/2438\/imagenes\/thumbnails\/11247872\/en-alquiler-76.webp","properties_post_title":"en alquiler 76","properties_post_alt":"en alquiler 76"},{"properties_post_image_order":12,"properties_post_image_url":"https:\/\/movin.cloud\/empresas\/2438\/imagenes\/11247872\/en-alquiler-75.webp","properties_post_image_url_thumbnail":"https:\/\/movin.cloud\/empresas\/2438\/imagenes\/thumbnails\/11247872\/en-alquiler-75.webp","properties_post_title":"en alquiler 75","properties_post_alt":"en alquiler 75"},{"properties_post_image_order":13,"properties_post_image_url":"https:\/\/movin.cloud\/empresas\/2438\/imagenes\/11247872\/en-alquiler-77.webp","properties_post_image_url_thumbnail":"https:\/\/movin.cloud\/empresas\/2438\/imagenes\/thumbnails\/11247872\/en-alquiler-77.webp","properties_post_title":"en alquiler 77","properties_post_alt":"en alquiler 77"},{"properties_post_image_order":14,"properties_post_image_url":"https:\/\/movin.cloud\/empresas\/2438\/imagenes\/11247872\/en-alquiler-69.webp","properties_post_image_url_thumbnail":"https:\/\/movin.cloud\/empresas\/2438\/imagenes\/thumbnails\/11247872\/en-alquiler-69.webp","properties_post_title":"en alquiler 69","properties_post_alt":"en alquiler 69"},{"properties_post_image_order":15,"properties_post_image_url":"https:\/\/movin.cloud\/empresas\/2438\/imagenes\/11247872\/en-alquiler-71.webp","properties_post_image_url_thumbnail":"https:\/\/movin.cloud\/empresas\/2438\/imagenes\/thumbnails\/11247872\/en-alquiler-71.webp","properties_post_title":"en alquiler 71","properties_post_alt":"en alquiler 71"},{"properties_post_image_order":16,"properties_post_image_url":"https:\/\/movin.cloud\/empresas\/2438\/imagenes\/11247872\/en-alquiler-78.webp","properties_post_image_url_thumbnail":"https:\/\/movin.cloud\/empresas\/2438\/imagenes\/thumbnails\/11247872\/en-alquiler-78.webp","properties_post_title":"en alquiler 78","properties_post_alt":"en alquiler 78"},{"properties_post_image_order":17,"properties_post_image_url":"https:\/\/movin.cloud\/empresas\/2438\/imagenes\/11247872\/en-alquiler-79.webp","properties_post_image_url_thumbnail":"https:\/\/movin.cloud\/empresas\/2438\/imagenes\/thumbnails\/11247872\/en-alquiler-79.webp","properties_post_title":"en alquiler 79","properties_post_alt":"en alquiler 79"},{"properties_post_image_order":18,"properties_post_image_url":"https:\/\/movin.cloud\/empresas\/2438\/imagenes\/11247872\/en-alquiler-80.webp","properties_post_image_url_thumbnail":"https:\/\/movin.cloud\/empresas\/2438\/imagenes\/thumbnails\/11247872\/en-alquiler-80.webp","properties_post_title":"en alquiler 80","properties_post_alt":"en alquiler 80"},{"properties_post_image_order":19,"properties_post_image_url":"https:\/\/movin.cloud\/empresas\/2438\/imagenes\/11247872\/en-alquiler-81.webp","properties_post_image_url_thumbnail":"https:\/\/movin.cloud\/empresas\/2438\/imagenes\/thumbnails\/11247872\/en-alquiler-81.webp","properties_post_title":"en alquiler 81","properties_post_alt":"en alquiler 81"},{"properties_post_image_order":20,"properties_post_image_url":"https:\/\/movin.cloud\/empresas\/2438\/imagenes\/11247872\/alquiler-idealistas-barcelona.webp","properties_post_image_url_thumbnail":"https:\/\/movin.cloud\/empresas\/2438\/imagenes\/thumbnails\/11247872\/alquiler-idealistas-barcelona.webp","properties_post_title":"alquiler idealistas barcelona","properties_post_alt":"alquiler idealistas barcelona"},{"properties_post_image_order":21,"properties_post_image_url":"https:\/\/movin.cloud\/empresas\/2438\/imagenes\/11247872\/en-alquiler-82.webp","properties_post_image_url_thumbnail":"https:\/\/movin.cloud\/empresas\/2438\/imagenes\/thumbnails\/11247872\/en-alquiler-82.webp","properties_post_title":"en alquiler 82","properties_post_alt":"en alquiler 82"},{"properties_post_image_order":22,"properties_post_image_url":"https:\/\/movin.cloud\/empresas\/2438\/imagenes\/11247872\/habitalia.webp","properties_post_image_url_thumbnail":"https:\/\/movin.cloud\/empresas\/2438\/imagenes\/thumbnails\/11247872\/habitalia.webp","properties_post_title":"habitalia","properties_post_alt":"habitalia"},{"properties_post_image_order":23,"properties_post_image_url":"https:\/\/movin.cloud\/empresas\/2438\/imagenes\/11247872\/inmobiliarias-barcelona.webp","properties_post_image_url_thumbnail":"https:\/\/movin.cloud\/empresas\/2438\/imagenes\/thumbnails\/11247872\/inmobiliarias-barcelona.webp","properties_post_title":"inmobiliarias barcelona","properties_post_alt":"inmobiliarias barcelona"},{"properties_post_image_order":24,"properties_post_image_url":"https:\/\/movin.cloud\/empresas\/2438\/imagenes\/11247872\/en-alquiler-84.webp","properties_post_image_url_thumbnail":"https:\/\/movin.cloud\/empresas\/2438\/imagenes\/thumbnails\/11247872\/en-alquiler-84.webp","properties_post_title":"en alquiler 84","properties_post_alt":"en alquiler 84"},{"properties_post_image_order":25,"properties_post_image_url":"https:\/\/movin.cloud\/empresas\/2438\/imagenes\/11247872\/en-alquiler-86.webp","properties_post_image_url_thumbnail":"https:\/\/movin.cloud\/empresas\/2438\/imagenes\/thumbnails\/11247872\/en-alquiler-86.webp","properties_post_title":"en alquiler 86","properties_post_alt":"en alquiler 86"},{"properties_post_image_order":26,"properties_post_image_url":"https:\/\/movin.cloud\/empresas\/2438\/imagenes\/11247872\/en-alquiler-87.webp","properties_post_image_url_thumbnail":"https:\/\/movin.cloud\/empresas\/2438\/imagenes\/thumbnails\/11247872\/en-alquiler-87.webp","properties_post_title":"en alquiler 87","properties_post_alt":"en alquiler 87"},{"properties_post_image_order":27,"properties_post_image_url":"https:\/\/movin.cloud\/empresas\/2438\/imagenes\/11247872\/en-alquiler-88.webp","properties_post_image_url_thumbnail":"https:\/\/movin.cloud\/empresas\/2438\/imagenes\/thumbnails\/11247872\/en-alquiler-88.webp","properties_post_title":"en alquiler 88","properties_post_alt":"en alquiler 88"},{"properties_post_image_order":28,"properties_post_image_url":"https:\/\/movin.cloud\/empresas\/2438\/imagenes\/11247872\/en-alquiler-89.webp","properties_post_image_url_thumbnail":"https:\/\/movin.cloud\/empresas\/2438\/imagenes\/thumbnails\/11247872\/en-alquiler-89.webp","properties_post_title":"en alquiler 89","properties_post_alt":"en alquiler 89"},{"properties_post_image_order":29,"properties_post_image_url":"https:\/\/movin.cloud\/empresas\/2438\/imagenes\/11247872\/en-alquiler-90.webp","properties_post_image_url_thumbnail":"https:\/\/movin.cloud\/empresas\/2438\/imagenes\/thumbnails\/11247872\/en-alquiler-90.webp","properties_post_title":"en alquiler 90","properties_post_alt":"en alquiler 90"},{"properties_post_image_order":30,"properties_post_image_url":"https:\/\/movin.cloud\/empresas\/2438\/imagenes\/11247872\/en-alquiler-91.webp","properties_post_image_url_thumbnail":"https:\/\/movin.cloud\/empresas\/2438\/imagenes\/thumbnails\/11247872\/en-alquiler-91.webp","properties_post_title":"en alquiler 91","properties_post_alt":"en alquiler 91"},{"properties_post_image_order":31,"properties_post_image_url":"https:\/\/movin.cloud\/empresas\/2438\/imagenes\/11247872\/en-alquiler-92.webp","properties_post_image_url_thumbnail":"https:\/\/movin.cloud\/empresas\/2438\/imagenes\/thumbnails\/11247872\/en-alquiler-92.webp","properties_post_title":"en alquiler 92","properties_post_alt":"en alquiler 92"},{"properties_post_image_order":32,"properties_post_image_url":"https:\/\/movin.cloud\/empresas\/2438\/imagenes\/11247872\/en-alquiler-93.webp","properties_post_image_url_thumbnail":"https:\/\/movin.cloud\/empresas\/2438\/imagenes\/thumbnails\/11247872\/en-alquiler-93.webp","properties_post_title":"en alquiler 93","properties_post_alt":"en alquiler 93"}],"post_type_properties_post_videos":null,"post_type_properties_post_tour":null,"post_type_properties_post_dossier_url":"","post_type_properties_post_operation_type":"rent","post_type_properties_post_operation_price":13453,"post_type_properties_post_features_hidden_price":false},"yoast_head":"<!-- This site is optimized with the Yoast SEO plugin v25.6 - https:\/\/yoast.com\/wordpress\/plugins\/seo\/ -->\n<title>PUJADES - 22@ - Forcadell<\/title>\n<meta name=\"robots\" content=\"index, follow, max-snippet:-1, max-image-preview:large, max-video-preview:-1\" \/>\n<link rel=\"canonical\" href=\"https:\/\/forcadell.com\/ca\/propiedades\/pujades-22-2\/\" \/>\n<meta property=\"og:locale\" content=\"ca_ES\" \/>\n<meta property=\"og:type\" content=\"article\" \/>\n<meta property=\"og:title\" content=\"PUJADES - 22@ - Forcadell\" \/>\n<meta property=\"og:description\" content=\"Oficinas en alquiler en el coraz\u00f3n del 22@ \u2013 Pujades con Selva de Mar Ubicado en pleno distrito de la innovaci\u00f3n de Barcelona, este edificio de oficinas ofrece todo lo que tu empresa necesita: una ubicaci\u00f3n estrat\u00e9gica junto al Centro Comercial Diagonal Mar, rodeado de servicios, con excelentes conexiones tanto en transporte p\u00fablico como privado [&hellip;]\" \/>\n<meta property=\"og:url\" content=\"https:\/\/forcadell.com\/ca\/propiedades\/pujades-22-2\/\" \/>\n<meta property=\"og:site_name\" content=\"Forcadell\" \/>\n<meta property=\"article:modified_time\" content=\"2026-04-26T10:13:50+00:00\" \/>\n<meta name=\"twitter:card\" content=\"summary_large_image\" \/>\n<meta name=\"twitter:label1\" content=\"Temps estimat de lectura\" \/>\n\t<meta name=\"twitter:data1\" content=\"1 minut\" \/>\n<!-- \/ Yoast SEO plugin. -->","yoast_head_json":{"title":"PUJADES - 22@ - Forcadell","robots":{"index":"index","follow":"follow","max-snippet":"max-snippet:-1","max-image-preview":"max-image-preview:large","max-video-preview":"max-video-preview:-1"},"canonical":"https:\/\/forcadell.com\/ca\/propiedades\/pujades-22-2\/","og_locale":"ca_ES","og_type":"article","og_title":"PUJADES - 22@ - Forcadell","og_description":"Oficinas en alquiler en el coraz\u00f3n del 22@ \u2013 Pujades con Selva de Mar Ubicado en pleno distrito de la innovaci\u00f3n de Barcelona, este edificio de oficinas ofrece todo lo que tu empresa necesita: una ubicaci\u00f3n estrat\u00e9gica junto al Centro Comercial Diagonal Mar, rodeado de servicios, con excelentes conexiones tanto en transporte p\u00fablico como privado [&hellip;]","og_url":"https:\/\/forcadell.com\/ca\/propiedades\/pujades-22-2\/","og_site_name":"Forcadell","article_modified_time":"2026-04-26T10:13:50+00:00","twitter_card":"summary_large_image","twitter_misc":{"Temps estimat de lectura":"1 minut"},"schema":{"@context":"https:\/\/schema.org","@graph":[{"@type":"WebPage","@id":"https:\/\/forcadell.com\/ca\/propiedades\/pujades-22-2\/","url":"https:\/\/forcadell.com\/ca\/propiedades\/pujades-22-2\/","name":"PUJADES - 22@ - Forcadell","isPartOf":{"@id":"https:\/\/forcadell.com\/ca\/#website"},"datePublished":"2025-11-04T14:40:20+00:00","dateModified":"2026-04-26T10:13:50+00:00","breadcrumb":{"@id":"https:\/\/forcadell.com\/ca\/propiedades\/pujades-22-2\/#breadcrumb"},"inLanguage":"ca","potentialAction":[{"@type":"ReadAction","target":["https:\/\/forcadell.com\/ca\/propiedades\/pujades-22-2\/"]}]},{"@type":"BreadcrumbList","@id":"https:\/\/forcadell.com\/ca\/propiedades\/pujades-22-2\/#breadcrumb","itemListElement":[{"@type":"ListItem","position":1,"name":"Portada","item":"https:\/\/forcadell.com\/ca\/"},{"@type":"ListItem","position":2,"name":"Properties","item":"https:\/\/forcadell.com\/ca\/propiedades\/"},{"@type":"ListItem","position":3,"name":"PUJADES &#8211; 22@"}]},{"@type":"WebSite","@id":"https:\/\/forcadell.com\/ca\/#website","url":"https:\/\/forcadell.com\/ca\/","name":"Forcadell","description":"Inmobiliaria Barcelona | Consultores inmobiliarios","potentialAction":[{"@type":"SearchAction","target":{"@type":"EntryPoint","urlTemplate":"https:\/\/forcadell.com\/ca\/?s={search_term_string}"},"query-input":{"@type":"PropertyValueSpecification","valueRequired":true,"valueName":"search_term_string"}}],"inLanguage":"ca"}]}},"_links":{"self":[{"href":"https:\/\/forcadell.com\/ca\/wp-json\/wp\/v2\/properties_post\/58290"}],"collection":[{"href":"https:\/\/forcadell.com\/ca\/wp-json\/wp\/v2\/properties_post"}],"about":[{"href":"https:\/\/forcadell.com\/ca\/wp-json\/wp\/v2\/types\/properties_post"}],"wp:attachment":[{"href":"https:\/\/forcadell.com\/ca\/wp-json\/wp\/v2\/media?parent=58290"}],"curies":[{"name":"wp","href":"https:\/\/api.w.org\/{rel}","templated":true}]}}