{"id":58243,"date":"2025-11-04T16:37:59","date_gmt":"2025-11-04T14:37:59","guid":{"rendered":"https:\/\/www.forcadell.com\/propiedades\/monumento\/"},"modified":"2026-04-28T08:25:32","modified_gmt":"2026-04-28T06:25:32","slug":"monumento","status":"publish","type":"properties_post","link":"https:\/\/forcadell.com\/ca\/propiedades\/monumento\/","title":{"rendered":"MONUMENTO"},"content":{"rendered":"<p>TU PR\u00d3XIMA OFICINA EN EL CORAZ\u00d3N DE BARCELONA<br \/>\nGran Via de les Corts Catalanes 764 \u2013 Eixample<\/p>\n<p>Descubre un edificio de oficinas moderno y completamente reformado, en una ubicaci\u00f3n inmejorable.<br \/>\nA solo 10 minutos de Plaza Catalunya y 5 de Gl\u00f2ries (22@), en una zona vibrante con gran oferta de servicios, restauraci\u00f3n, hoteles y ocio.<\/p>\n<p>Caracter\u00edsticas destacadas:<\/p>\n<p>Oficinas reformadas con dise\u00f1o contempor\u00e1neo<br \/>\nAcceso 24\/7<br \/>\n3 ascensores<br \/>\nVest\u00edbulo de 350 m\u00b2 con \u00e1reas de espera y reuniones<br \/>\nAuditorio totalmente equipado<br \/>\nZona de restauraci\u00f3n y espacios colaborativos<br \/>\nImpresionante terraza de 500 m\u00b2 con vistas panor\u00e1micas<br \/>\nPlantas di\u00e1fanas con instalaciones en techo vistas<br \/>\nBa\u00f1os adaptados en todas las plantas<br \/>\nPavimento t\u00e9cnico y luminarias LED<br \/>\nParking disponible<\/p>\n<p>Certificaciones:<\/p>\n<p>LEED Platinum<br \/>\nFitwel<\/p>\n<p>Eleva tu forma de trabajar!<\/p>\n<p>Solicita una visita hoy mismo y descubre tu nuevo espacio de oficinas en el centro de Barcelona.<\/p>\n","protected":false},"template":"","class_list":["post-58243","properties_post","type-properties_post","status-publish","hentry","properties_modality-rent","properties_district-eixample","properties_province-barcelona","properties_zone-centro","properties_state-barcelona","properties_subclass-oficina","properties_type-oficina"],"acf":{"post_type_properties_post_property_code":"11247549","post_type_properties_post_property_reference":"IE-226206","post_type_properties_post_owner_id":"46293","post_type_properties_post_owner_name":"FREO INVESTMENTS SPAIN SL","post_type_properties_post_property_code_encrypted":"MjQ5JDMyMTE2","post_type_properties_post_published":"1","post_type_properties_post_property_visibility":"idealista","post_type_properties_post_contact_name":"Forcadell Oficinas Barcelona","post_type_properties_post_contact_email":"forcadell.oficinas.barcelona@movin.cloud","post_type_properties_post_contact_primary_phone_prefix":"34","post_type_properties_post_contact_primary_phone_number":"934965413","post_type_properties_post_address_visibility":"street","post_type_properties_post_address_country":"Spain","post_type_properties_post_address_coordinates_precision":"exact","post_type_properties_post_address_postal_code":"08013","post_type_properties_post_address_coordinates_latitude":"41.3975782","post_type_properties_post_address_coordinates_longitude":"2.1790972","post_type_properties_post_address_street_name":"GRAN VIA de les Corts Catalanes N\u00ba 764","post_type_properties_post_address_floor":"7","post_type_properties_post_address_town":"Barcelona","post_type_properties_post_building":null,"post_type_properties_post_property":[{"properties_post_description_language":"catalan","properties_post_title":"MONUMENTO","properties_post_short_description_text_alt":"","properties_post_description_text_alt":"","properties_post_short_description_text":" ","properties_post_link_demanda_inmueble":"https:\/\/movin.cloud\/ca\/Forcadell Oficinas Barcelona\/formulari-peticio-immoble\/sth\/2438&&11247549","properties_post_link_demanda_calendario_inmueble":"https:\/\/movin.cloud\/ca\/Forcadell Oficinas Barcelona\/calendari-peticio-immoble\/sth\/2438&&11247549","properties_post_description_text":"LA TEVA PROPERA OFICINA AL COR DE BARCELONA\nGran Via de les Corts Catalanes 764 \u2013 Eixample\n\nDescobriu un edifici d'oficines modern i completament reformat, en una ubicaci\u00f3 immillorable.\nA nom\u00e9s 10 minuts de Pla\u00e7a Catalunya i 5 de Gl\u00f2ries (22@), a una zona vibrant amb gran oferta de serveis, restauraci\u00f3, hotels i lleure.\n\nCaracter\u00edstiques destacades:\n\nOficines reformades amb disseny contemporani\nAcc\u00e9s 24\/7\n3 ascensors\nVest\u00edbul de 350 m\u00b2 amb \u00e0rees d\u00b4espera i reunions\nAuditori totalment equipat\nZona de restauraci\u00f3 i espais col\u00b7laboratius\nImpressionant terrassa de 500 m\u00b2 amb vistes panor\u00e0miques\nPlantes di\u00e0fanes amb instal\u00b7lacions al sostre vistes\nBanys adaptats a totes les plantes\nPaviment t\u00e8cnic i llumin\u00e0ries LED\nP\u00e0rquing disponible\n\nCertificacions:\n\nLEED Platinum\nFitwel\n\n\nEleva la teva manera de treballar!\n\nDemana una visita avui mateix i descobreix el teu nou espai d'oficines al centre de Barcelona.","properties_post_seo_title":"","properties_post_seo_alias":"","properties_post_seo_metadescription":"","properties_post_seo_key_words":"","properties_post_seo_url":"","properties_post_terms_conditions":""},{"properties_post_description_language":"spanish","properties_post_title":"MONUMENTO ","properties_post_short_description_text_alt":"","properties_post_description_text_alt":"","properties_post_short_description_text":" ","properties_post_link_demanda_inmueble":"https:\/\/movin.cloud\/es\/Forcadell Oficinas Barcelona\/formulario-peticion-inmueble\/sth\/2438&&11247549","properties_post_link_demanda_calendario_inmueble":"https:\/\/movin.cloud\/es\/Forcadell Oficinas Barcelona\/calendario-peticion-inmueble\/sth\/2438&&11247549","properties_post_description_text":"TU PR\u00d3XIMA OFICINA EN EL CORAZ\u00d3N DE BARCELONA\nGran Via de les Corts Catalanes 764 \u2013 Eixample\n\nDescubre un edificio de oficinas moderno y completamente reformado, en una ubicaci\u00f3n inmejorable.\nA solo 10 minutos de Plaza Catalunya y 5 de Gl\u00f2ries (22@), en una zona vibrante con gran oferta de servicios, restauraci\u00f3n, hoteles y ocio.\n\nCaracter\u00edsticas destacadas:\n\nOficinas reformadas con dise\u00f1o contempor\u00e1neo\nAcceso 24\/7\n3 ascensores\nVest\u00edbulo de 350 m\u00b2 con \u00e1reas de espera y reuniones\nAuditorio totalmente equipado\nZona de restauraci\u00f3n y espacios colaborativos\nImpresionante terraza de 500 m\u00b2 con vistas panor\u00e1micas\nPlantas di\u00e1fanas con instalaciones en techo vistas\nBa\u00f1os adaptados en todas las plantas\nPavimento t\u00e9cnico y luminarias LED\nParking disponible\n\nCertificaciones:\n\nLEED Platinum\nFitwel\n\n\nEleva tu forma de trabajar!\n\nSolicita una visita hoy mismo y descubre tu nuevo espacio de oficinas en el centro de Barcelona.\n ","properties_post_seo_title":"","properties_post_seo_alias":"","properties_post_seo_metadescription":"","properties_post_seo_key_words":"","properties_post_seo_url":"","properties_post_terms_conditions":""}],"post_type_properties_post_features_type":"office","post_type_properties_post_id_building":"MjQ5JDMxNTYx","post_type_properties_post_features_area_constructed":672,"post_type_properties_post_features_conditioned_air":true,"post_type_properties_post_features_doorman":false,"post_type_properties_post_features_heating":true,"post_type_properties_post_features_equipped_kitchen":false,"post_type_properties_post_features_windows_location":"exterior","post_type_properties_post_features_floors_property":false,"post_type_properties_post_features_storage":false,"post_type_properties_post_features_security_door":false,"post_type_properties_post_features_energy_certificate_rating":"A","post_type_properties_post_features_energy_certificate_emissions_rating":"A","post_type_properties_post_features_energy_certificate_emissions_value":"","post_type_properties_post_features_energy_certificate_performance":"","post_type_properties_post_features_bathroom_inside":true,"post_type_properties_post_precio":17808,"post_type_properties_post_precio_alquiler":17808,"post_type_properties_post_record_type_id":"Oficina","post_type_properties_post_categoria__producto":"Oficina","post_type_properties_post_amueblado":false,"post_type_properties_post_precio_m2":26.5,"post_type_properties_post_zona__comunitaria":false,"post_type_properties_post_electrodomesticos":false,"post_type_properties_post_patio__interior":false,"post_type_properties_post_certificado_energetico_general":"A","post_type_properties_post_certificado_energetico_consumo":"A","post_type_properties_post_certificado_energetico_valor_emisiones":"","post_type_properties_post_certificado_energetico_valor_consumo":"","post_type_properties_post_modalidad":"rent","post_type_properties_post_provincia":"Barcelona","post_type_properties_post_poblacion":"Barcelona","post_type_properties_post_centro__urbano":false,"post_type_properties_post_zonificacion":"Centro","post_type_properties_post_cartera":"","post_type_properties_post_titulo_catalan":"MONUMENTO","post_type_properties_post_internet_catalan":"LA TEVA PROPERA OFICINA AL COR DE BARCELONA\nGran Via de les Corts Catalanes 764 \u2013 Eixample\n\nDescobriu un edifici d'oficines modern i completament reformat, en una ubicaci\u00f3 immillorable.\nA nom\u00e9s 10 minuts de Pla\u00e7a Catalunya i 5 de Gl\u00f2ries (22@), a una zona vibrant amb gran oferta de serveis, restauraci\u00f3, hotels i lleure.\n\nCaracter\u00edstiques destacades:\n\nOficines reformades amb disseny contemporani\nAcc\u00e9s 24\/7\n3 ascensors\nVest\u00edbul de 350 m\u00b2 amb \u00e0rees d\u00b4espera i reunions\nAuditori totalment equipat\nZona de restauraci\u00f3 i espais col\u00b7laboratius\nImpressionant terrassa de 500 m\u00b2 amb vistes panor\u00e0miques\nPlantes di\u00e0fanes amb instal\u00b7lacions al sostre vistes\nBanys adaptats a totes les plantes\nPaviment t\u00e8cnic i llumin\u00e0ries LED\nP\u00e0rquing disponible\n\nCertificacions:\n\nLEED Platinum\nFitwel\n\n\nEleva la teva manera de treballar!\n\nDemana una visita avui mateix i descobreix el teu nou espai d'oficines al centre de Barcelona.","post_type_properties_post_titulo_castellano":"MONUMENTO ","post_type_properties_post_internet_castellano":"TU PR\u00d3XIMA OFICINA EN EL CORAZ\u00d3N DE BARCELONA\nGran Via de les Corts Catalanes 764 \u2013 Eixample\n\nDescubre un edificio de oficinas moderno y completamente reformado, en una ubicaci\u00f3n inmejorable.\nA solo 10 minutos de Plaza Catalunya y 5 de Gl\u00f2ries (22@), en una zona vibrante con gran oferta de servicios, restauraci\u00f3n, hoteles y ocio.\n\nCaracter\u00edsticas destacadas:\n\nOficinas reformadas con dise\u00f1o contempor\u00e1neo\nAcceso 24\/7\n3 ascensores\nVest\u00edbulo de 350 m\u00b2 con \u00e1reas de espera y reuniones\nAuditorio totalmente equipado\nZona de restauraci\u00f3n y espacios colaborativos\nImpresionante terraza de 500 m\u00b2 con vistas panor\u00e1micas\nPlantas di\u00e1fanas con instalaciones en techo vistas\nBa\u00f1os adaptados en todas las plantas\nPavimento t\u00e9cnico y luminarias LED\nParking disponible\n\nCertificaciones:\n\nLEED Platinum\nFitwel\n\n\nEleva tu forma de trabajar!\n\nSolicita una visita hoy mismo y descubre tu nuevo espacio de oficinas en el centro de Barcelona.\n ","post_type_properties_post_titulo_ingles":"","post_type_properties_post_internet_ingles":"","post_type_properties_post_features_classification_commercial":false,"post_type_properties_post_features_conservation":"","post_type_properties_post_features_security_personnel":false,"post_type_properties_post_features_parking_available":false,"post_type_properties_post_features_garage_capacity_type":"","post_type_properties_post_features_bathroom_number":"","post_type_properties_post_eje":"","post_type_properties_post_zona":"","post_type_properties_post_comarca":"","post_type_properties_post_features_built_year":"","post_type_properties_post_renta_mensual":39624,"post_type_properties_post_fianza":"","post_type_properties_post_features_area_plot":"","post_type_properties_post_features_area_buildable":"","post_type_properties_post_features_classification_industrial":false,"post_type_properties_post_distrito":"","post_type_properties_post_features_balcony":false,"post_type_properties_post_features_bedroom_number":"","post_type_properties_post_features_heating_type":"","post_type_properties_post_features_equipped_with_furniture":false,"post_type_properties_post_features_pets_allowed":false,"post_type_properties_post_features_pool":false,"post_type_properties_post_features_terrace":false,"post_type_properties_post_features_wardrobes":false,"post_type_properties_post_features_lift_available":false,"post_type_properties_post_features_handicap_adapted_access":false,"post_type_properties_post_features_orientation_east":false,"post_type_properties_post_features_orientation_west":false,"post_type_properties_post_features_orientation_north":false,"post_type_properties_post_features_orientation_south":false,"post_type_properties_post_features_parking_spaces_number":"","post_type_properties_post_features_security_alarm":false,"post_type_properties_post_features_security_system":false,"post_type_properties_post_open_plan":false,"post_type_properties_post_acceso_24_7":false,"post_type_properties_post_oficina_privada":false,"post_type_properties_post_sala_reuniones":false,"post_type_properties_post_espacio_eventos":false,"post_type_properties_post_office":false,"post_type_properties_post_restaurant":false,"post_type_properties_post_acepta_traspaso":false,"post_type_properties_post_vigilancia":false,"post_type_properties_post_features_suite":false,"post_type_properties_post_features_vitro":false,"post_type_properties_post_features_oven":false,"post_type_properties_post_features_microwave":false,"post_type_properties_post_features_washing_machine":false,"post_type_properties_post_features_dryer":false,"post_type_properties_post_features_dishwasher":false,"post_type_properties_post_features_fridge":false,"post_type_properties_post_features_fridge_mini":false,"post_type_properties_post_features_kettle":false,"post_type_properties_post_features_toaster":false,"post_type_properties_post_features_coffee_maker":false,"post_type_properties_post_features_iron":false,"post_type_properties_post_features_ironing_board":false,"post_type_properties_post_features_safe":false,"post_type_properties_post_features_internet":false,"post_type_properties_post_features_solarium":false,"post_type_properties_post_features_clean_service":false,"post_type_properties_post_features_t_v":false,"post_type_properties_post_features_satellite_t_v":false,"post_type_properties_post_features_gas_kitchen":false,"post_type_properties_post_features_view_mountain":false,"post_type_properties_post_features_view_sea":false,"post_type_properties_post_features_concierge":false,"post_type_properties_post_features_loading_dock":false,"post_type_properties_post_features_bridge_crane":false,"post_type_properties_post_features_located_at_corner":false,"post_type_properties_post_features_smoke_extraction":false,"post_type_properties_post_features_rooms":"","post_type_properties_post_features_garden_area":"","post_type_properties_post_features_utilities_water":false,"post_type_properties_post_features_utilities_electricity":false,"post_type_properties_post_features_utilities_natural_gas":false,"post_type_properties_post_features_building_adapted":false,"post_type_properties_post_features_garden":false,"post_type_properties_post_features_classification_hotel":false,"post_type_properties_post_features_classification_chalet":false,"post_type_properties_post_certificado_energetico_emisiones":"A","post_type_properties_post_barrio":"","post_type_properties_post_distrito_empresa":"Eixample","post_type_properties_post_features_property_category_intern":"","post_type_properties_post_implantada":false,"post_type_properties_post_sello_leed":"","post_type_properties_post_sello_well":"","post_type_properties_post_sello_breeam":true,"post_type_properties_post_images":[{"properties_post_image_order":1,"properties_post_image_url":"https:\/\/movin.cloud\/empresas\/2438\/imagenes\/11247549\/en-alquiler-27.webp","properties_post_image_url_thumbnail":"https:\/\/movin.cloud\/empresas\/2438\/imagenes\/thumbnails\/11247549\/en-alquiler-27.webp","properties_post_title":"en alquiler 27","properties_post_alt":"en alquiler 27"},{"properties_post_image_order":2,"properties_post_image_url":"https:\/\/movin.cloud\/empresas\/2438\/imagenes\/11247549\/rent.webp","properties_post_image_url_thumbnail":"https:\/\/movin.cloud\/empresas\/2438\/imagenes\/thumbnails\/11247549\/rent.webp","properties_post_title":"rent","properties_post_alt":"rent"},{"properties_post_image_order":3,"properties_post_image_url":"https:\/\/movin.cloud\/empresas\/2438\/imagenes\/11247549\/en-alquiler-26.webp","properties_post_image_url_thumbnail":"https:\/\/movin.cloud\/empresas\/2438\/imagenes\/thumbnails\/11247549\/en-alquiler-26.webp","properties_post_title":"en alquiler 26","properties_post_alt":"en alquiler 26"},{"properties_post_image_order":4,"properties_post_image_url":"https:\/\/movin.cloud\/empresas\/2438\/imagenes\/11247549\/en-alquiler-30.webp","properties_post_image_url_thumbnail":"https:\/\/movin.cloud\/empresas\/2438\/imagenes\/thumbnails\/11247549\/en-alquiler-30.webp","properties_post_title":"en alquiler 30","properties_post_alt":"en alquiler 30"},{"properties_post_image_order":5,"properties_post_image_url":"https:\/\/movin.cloud\/empresas\/2438\/imagenes\/11247549\/en-alquiler-32.webp","properties_post_image_url_thumbnail":"https:\/\/movin.cloud\/empresas\/2438\/imagenes\/thumbnails\/11247549\/en-alquiler-32.webp","properties_post_title":"en alquiler 32","properties_post_alt":"en alquiler 32"},{"properties_post_image_order":6,"properties_post_image_url":"https:\/\/movin.cloud\/empresas\/2438\/imagenes\/11247549\/en-alquiler-35.webp","properties_post_image_url_thumbnail":"https:\/\/movin.cloud\/empresas\/2438\/imagenes\/thumbnails\/11247549\/en-alquiler-35.webp","properties_post_title":"en alquiler 35","properties_post_alt":"en alquiler 35"},{"properties_post_image_order":7,"properties_post_image_url":"https:\/\/movin.cloud\/empresas\/2438\/imagenes\/11247549\/en-alquiler-31.webp","properties_post_image_url_thumbnail":"https:\/\/movin.cloud\/empresas\/2438\/imagenes\/thumbnails\/11247549\/en-alquiler-31.webp","properties_post_title":"en alquiler 31","properties_post_alt":"en alquiler 31"},{"properties_post_image_order":8,"properties_post_image_url":"https:\/\/movin.cloud\/empresas\/2438\/imagenes\/11247549\/en-alquiler-39.webp","properties_post_image_url_thumbnail":"https:\/\/movin.cloud\/empresas\/2438\/imagenes\/thumbnails\/11247549\/en-alquiler-39.webp","properties_post_title":"en alquiler 39","properties_post_alt":"en alquiler 39"},{"properties_post_image_order":9,"properties_post_image_url":"https:\/\/movin.cloud\/empresas\/2438\/imagenes\/11247549\/en-alquiler-40.webp","properties_post_image_url_thumbnail":"https:\/\/movin.cloud\/empresas\/2438\/imagenes\/thumbnails\/11247549\/en-alquiler-40.webp","properties_post_title":"en alquiler 40","properties_post_alt":"en alquiler 40"},{"properties_post_image_order":10,"properties_post_image_url":"https:\/\/movin.cloud\/empresas\/2438\/imagenes\/11247549\/en-alquiler-37.webp","properties_post_image_url_thumbnail":"https:\/\/movin.cloud\/empresas\/2438\/imagenes\/thumbnails\/11247549\/en-alquiler-37.webp","properties_post_title":"en alquiler 37","properties_post_alt":"en alquiler 37"},{"properties_post_image_order":11,"properties_post_image_url":"https:\/\/movin.cloud\/empresas\/2438\/imagenes\/11247549\/en-alquiler-38.webp","properties_post_image_url_thumbnail":"https:\/\/movin.cloud\/empresas\/2438\/imagenes\/thumbnails\/11247549\/en-alquiler-38.webp","properties_post_title":"en alquiler 38","properties_post_alt":"en alquiler 38"},{"properties_post_image_order":12,"properties_post_image_url":"https:\/\/movin.cloud\/empresas\/2438\/imagenes\/11247549\/en-alquiler-36.webp","properties_post_image_url_thumbnail":"https:\/\/movin.cloud\/empresas\/2438\/imagenes\/thumbnails\/11247549\/en-alquiler-36.webp","properties_post_title":"en alquiler 36","properties_post_alt":"en alquiler 36"},{"properties_post_image_order":13,"properties_post_image_url":"https:\/\/movin.cloud\/empresas\/2438\/imagenes\/11247549\/en-alquiler-28.webp","properties_post_image_url_thumbnail":"https:\/\/movin.cloud\/empresas\/2438\/imagenes\/thumbnails\/11247549\/en-alquiler-28.webp","properties_post_title":"en alquiler 28","properties_post_alt":"en alquiler 28"},{"properties_post_image_order":14,"properties_post_image_url":"https:\/\/movin.cloud\/empresas\/2438\/imagenes\/11247549\/alquiler-para-idealistas-barcelona.webp","properties_post_image_url_thumbnail":"https:\/\/movin.cloud\/empresas\/2438\/imagenes\/thumbnails\/11247549\/alquiler-para-idealistas-barcelona.webp","properties_post_title":"alquiler para idealistas barcelona","properties_post_alt":"alquiler para idealistas barcelona"},{"properties_post_image_order":15,"properties_post_image_url":"https:\/\/movin.cloud\/empresas\/2438\/imagenes\/11247549\/alquiler-barcelona.webp","properties_post_image_url_thumbnail":"https:\/\/movin.cloud\/empresas\/2438\/imagenes\/thumbnails\/11247549\/alquiler-barcelona.webp","properties_post_title":"alquiler barcelona","properties_post_alt":"alquiler barcelona"},{"properties_post_image_order":16,"properties_post_image_url":"https:\/\/movin.cloud\/empresas\/2438\/imagenes\/11247549\/fincas.webp","properties_post_image_url_thumbnail":"https:\/\/movin.cloud\/empresas\/2438\/imagenes\/thumbnails\/11247549\/fincas.webp","properties_post_title":"fincas","properties_post_alt":"fincas"},{"properties_post_image_order":17,"properties_post_image_url":"https:\/\/movin.cloud\/empresas\/2438\/imagenes\/11247549\/barcelona-alquilar.webp","properties_post_image_url_thumbnail":"https:\/\/movin.cloud\/empresas\/2438\/imagenes\/thumbnails\/11247549\/barcelona-alquilar.webp","properties_post_title":"barcelona alquilar","properties_post_alt":"barcelona alquilar"},{"properties_post_image_order":18,"properties_post_image_url":"https:\/\/movin.cloud\/empresas\/2438\/imagenes\/11247549\/barcelona-alquiler-para-idealista.webp","properties_post_image_url_thumbnail":"https:\/\/movin.cloud\/empresas\/2438\/imagenes\/thumbnails\/11247549\/barcelona-alquiler-para-idealista.webp","properties_post_title":"barcelona alquiler para idealista","properties_post_alt":"barcelona alquiler para idealista"},{"properties_post_image_order":19,"properties_post_image_url":"https:\/\/movin.cloud\/empresas\/2438\/imagenes\/11247549\/inmobiliarias-barcelona.webp","properties_post_image_url_thumbnail":"https:\/\/movin.cloud\/empresas\/2438\/imagenes\/thumbnails\/11247549\/inmobiliarias-barcelona.webp","properties_post_title":"inmobiliarias barcelona","properties_post_alt":"inmobiliarias barcelona"},{"properties_post_image_order":20,"properties_post_image_url":"https:\/\/movin.cloud\/empresas\/2438\/imagenes\/11247549\/alquiler-idealistas-barcelona.webp","properties_post_image_url_thumbnail":"https:\/\/movin.cloud\/empresas\/2438\/imagenes\/thumbnails\/11247549\/alquiler-idealistas-barcelona.webp","properties_post_title":"alquiler idealistas barcelona","properties_post_alt":"alquiler idealistas barcelona"},{"properties_post_image_order":21,"properties_post_image_url":"https:\/\/movin.cloud\/empresas\/2438\/imagenes\/11247549\/habitalia-barcelona.webp","properties_post_image_url_thumbnail":"https:\/\/movin.cloud\/empresas\/2438\/imagenes\/thumbnails\/11247549\/habitalia-barcelona.webp","properties_post_title":"habitalia barcelona","properties_post_alt":"habitalia barcelona"},{"properties_post_image_order":22,"properties_post_image_url":"https:\/\/movin.cloud\/empresas\/2438\/imagenes\/11247549\/en-alquiler-25.webp","properties_post_image_url_thumbnail":"https:\/\/movin.cloud\/empresas\/2438\/imagenes\/thumbnails\/11247549\/en-alquiler-25.webp","properties_post_title":"en alquiler 25","properties_post_alt":"en alquiler 25"},{"properties_post_image_order":23,"properties_post_image_url":"https:\/\/movin.cloud\/empresas\/2438\/imagenes\/11247549\/en-alquiler-41.webp","properties_post_image_url_thumbnail":"https:\/\/movin.cloud\/empresas\/2438\/imagenes\/thumbnails\/11247549\/en-alquiler-41.webp","properties_post_title":"en alquiler 41","properties_post_alt":"en alquiler 41"}],"post_type_properties_post_videos":null,"post_type_properties_post_tour":null,"post_type_properties_post_dossier_url":"","post_type_properties_post_operation_type":"rent","post_type_properties_post_operation_price":17808,"post_type_properties_post_features_hidden_price":false},"yoast_head":"<!-- This site is optimized with the Yoast SEO plugin v27.4 - https:\/\/yoast.com\/product\/yoast-seo-wordpress\/ -->\n<title>MONUMENTO - Forcadell<\/title>\n<meta name=\"robots\" content=\"index, follow, max-snippet:-1, max-image-preview:large, max-video-preview:-1\" \/>\n<link rel=\"canonical\" href=\"https:\/\/forcadell.com\/ca\/propiedades\/monumento\/\" \/>\n<meta property=\"og:locale\" content=\"ca_ES\" \/>\n<meta property=\"og:type\" content=\"article\" \/>\n<meta property=\"og:title\" content=\"MONUMENTO - Forcadell\" \/>\n<meta property=\"og:description\" content=\"TU PR\u00d3XIMA OFICINA EN EL CORAZ\u00d3N DE BARCELONA Gran Via de les Corts Catalanes 764 \u2013 Eixample Descubre un edificio de oficinas moderno y completamente reformado, en una ubicaci\u00f3n inmejorable. A solo 10 minutos de Plaza Catalunya y 5 de Gl\u00f2ries (22@), en una zona vibrante con gran oferta de servicios, restauraci\u00f3n, hoteles y ocio. [&hellip;]\" \/>\n<meta property=\"og:url\" content=\"https:\/\/forcadell.com\/ca\/propiedades\/monumento\/\" \/>\n<meta property=\"og:site_name\" content=\"Forcadell\" \/>\n<meta property=\"article:modified_time\" content=\"2026-04-28T06:25:32+00:00\" \/>\n<meta name=\"twitter:card\" content=\"summary_large_image\" \/>\n<meta name=\"twitter:label1\" content=\"Temps estimat de lectura\" \/>\n\t<meta name=\"twitter:data1\" content=\"1 minut\" \/>\n<!-- \/ Yoast SEO plugin. -->","yoast_head_json":{"title":"MONUMENTO - Forcadell","robots":{"index":"index","follow":"follow","max-snippet":"max-snippet:-1","max-image-preview":"max-image-preview:large","max-video-preview":"max-video-preview:-1"},"canonical":"https:\/\/forcadell.com\/ca\/propiedades\/monumento\/","og_locale":"ca_ES","og_type":"article","og_title":"MONUMENTO - Forcadell","og_description":"TU PR\u00d3XIMA OFICINA EN EL CORAZ\u00d3N DE BARCELONA Gran Via de les Corts Catalanes 764 \u2013 Eixample Descubre un edificio de oficinas moderno y completamente reformado, en una ubicaci\u00f3n inmejorable. A solo 10 minutos de Plaza Catalunya y 5 de Gl\u00f2ries (22@), en una zona vibrante con gran oferta de servicios, restauraci\u00f3n, hoteles y ocio. [&hellip;]","og_url":"https:\/\/forcadell.com\/ca\/propiedades\/monumento\/","og_site_name":"Forcadell","article_modified_time":"2026-04-28T06:25:32+00:00","twitter_card":"summary_large_image","twitter_misc":{"Temps estimat de lectura":"1 minut"},"schema":{"@context":"https:\/\/schema.org","@graph":[{"@type":"WebPage","@id":"https:\/\/forcadell.com\/ca\/propiedades\/monumento\/","url":"https:\/\/forcadell.com\/ca\/propiedades\/monumento\/","name":"MONUMENTO - Forcadell","isPartOf":{"@id":"https:\/\/forcadell.com\/ca\/#website"},"datePublished":"2025-11-04T14:37:59+00:00","dateModified":"2026-04-28T06:25:32+00:00","breadcrumb":{"@id":"https:\/\/forcadell.com\/ca\/propiedades\/monumento\/#breadcrumb"},"inLanguage":"ca","potentialAction":[{"@type":"ReadAction","target":["https:\/\/forcadell.com\/ca\/propiedades\/monumento\/"]}]},{"@type":"BreadcrumbList","@id":"https:\/\/forcadell.com\/ca\/propiedades\/monumento\/#breadcrumb","itemListElement":[{"@type":"ListItem","position":1,"name":"Portada","item":"https:\/\/forcadell.com\/ca\/"},{"@type":"ListItem","position":2,"name":"Properties","item":"https:\/\/forcadell.com\/ca\/propiedades\/"},{"@type":"ListItem","position":3,"name":"MONUMENTO"}]},{"@type":"WebSite","@id":"https:\/\/forcadell.com\/ca\/#website","url":"https:\/\/forcadell.com\/ca\/","name":"Forcadell","description":"Inmobiliaria Barcelona | Consultores inmobiliarios","potentialAction":[{"@type":"SearchAction","target":{"@type":"EntryPoint","urlTemplate":"https:\/\/forcadell.com\/ca\/?s={search_term_string}"},"query-input":{"@type":"PropertyValueSpecification","valueRequired":true,"valueName":"search_term_string"}}],"inLanguage":"ca"}]}},"_links":{"self":[{"href":"https:\/\/forcadell.com\/ca\/wp-json\/wp\/v2\/properties_post\/58243","targetHints":{"allow":["GET"]}}],"collection":[{"href":"https:\/\/forcadell.com\/ca\/wp-json\/wp\/v2\/properties_post"}],"about":[{"href":"https:\/\/forcadell.com\/ca\/wp-json\/wp\/v2\/types\/properties_post"}],"wp:attachment":[{"href":"https:\/\/forcadell.com\/ca\/wp-json\/wp\/v2\/media?parent=58243"}],"curies":[{"name":"wp","href":"https:\/\/api.w.org\/{rel}","templated":true}]}}