{"id":58230,"date":"2025-11-04T16:37:24","date_gmt":"2025-11-04T14:37:24","guid":{"rendered":"https:\/\/www.forcadell.com\/propiedades\/oficina-alquiler-madrid-paseo-de-la-castellana-plaza-gregorio-maranon\/"},"modified":"2026-04-26T23:11:07","modified_gmt":"2026-04-26T21:11:07","slug":"oficina-alquiler-madrid-paseo-de-la-castellana-plaza-gregorio-maranon","status":"publish","type":"properties_post","link":"https:\/\/forcadell.com\/ca\/propiedades\/oficina-alquiler-madrid-paseo-de-la-castellana-plaza-gregorio-maranon\/","title":{"rendered":"Oficina alquiler Madrid. Paseo de la Castellana. Plaza Gregorio Mara\u00f1\u00f3n"},"content":{"rendered":"<p>Oficina en alquiler en Paseo de la Castellana, distribuida en superficies di\u00e1fanas con excelente luz natural, cuenta con amplias ventanas practicables, suelo t\u00e9cnico, falso techo registrable, sistema de climatizaci\u00f3n y dos aseos por planta. <\/p>\n<p>Se trata de un edificio exclusivo de oficinas reformado recientemente, con zonas comunes ajardinadas, representativo lobby con zona de espera, sala de reuniones para los inquilinos, control de accesos y parking privativo. <\/p>\n<p>Ubicaci\u00f3n privilegiada en Paseo de la Castellana, entre las calle de Mar\u00eda de Molina y Jos\u00e9 Abascal, con f\u00e1cil acceso a la M30 y A6, buenas comunicaciones con el transporte publico y a 20 minutos de aeropuerto de Barajas. <\/p>\n<p>Transportes:<br \/>\nMetro: L7, L10 -Gregorio Mara\u00f1\u00f3n<br \/>\nAutobuses: 7, 12, 14, 27, 40, 45, 147, 150, N22, N24 <\/p>\n<p>Renta de parking: 220 \u20ac\/plaza\/mes. <\/p>\n<p>*Las im\u00e1genes corresponden a oficina tipo**<\/p>\n","protected":false},"template":"","class_list":["post-58230","properties_post","type-properties_post","status-publish","hentry","properties_modality-rent","properties_district-salamanca","properties_province-madrid","properties_zone-cbd","properties_state-madrid","properties_subclass-oficina","properties_type-oficina"],"acf":{"post_type_properties_post_property_code":"11247436","post_type_properties_post_property_reference":"IE-226138","post_type_properties_post_owner_id":"49479","post_type_properties_post_owner_name":"SAVILLS RE SPAIN S.A.U","post_type_properties_post_property_code_encrypted":"MjQ5JDMyMDAz","post_type_properties_post_published":"1","post_type_properties_post_property_visibility":"idealista","post_type_properties_post_contact_name":"Forcadell Oficinas Madrid","post_type_properties_post_contact_email":"forcadell.oficinas.madrid@movin.cloud","post_type_properties_post_contact_primary_phone_prefix":"34","post_type_properties_post_contact_primary_phone_number":"917886880","post_type_properties_post_address_visibility":"street","post_type_properties_post_address_country":"Spain","post_type_properties_post_address_coordinates_precision":"exact","post_type_properties_post_address_postal_code":"28046","post_type_properties_post_address_coordinates_latitude":"40.438625","post_type_properties_post_address_coordinates_longitude":"-3.691417","post_type_properties_post_address_street_name":"PS de la Castellana 55","post_type_properties_post_address_floor":"4","post_type_properties_post_address_town":"Madrid","post_type_properties_post_building":null,"post_type_properties_post_property":[{"properties_post_description_language":"spanish","properties_post_title":"Oficina alquiler Madrid. Paseo de la Castellana. Plaza Gregorio Mara\u00f1\u00f3n","properties_post_short_description_text_alt":"","properties_post_description_text_alt":"","properties_post_short_description_text":"Oficina en alquiler en Paseo de la Castellana, distribuida en superficies di\u00e1fanas con excelente luz natural, cuenta con amplias ventanas practicables, suelo t\u00e9cnico, falso techo registrable, sistema de climatizaci\u00f3n y dos aseos por planta. \n \nSe trata de un edificio exclusivo de oficinas reformado recientemente, con zonas comunes ajardinadas, representativo lobby con zona de espera, sala de reuniones para los inquilinos, control de accesos y parking privativo. \n \nUbicaci\u00f3n privilegiada en Paseo de la Castellana, entre las calle de Mar\u00eda de Molina y Jos\u00e9 Abascal, con f\u00e1cil acceso a la M30 y A6, buenas comunicaciones con el transporte publico y a 20 minutos de aeropuerto de Barajas. \n \nTransportes: \nMetro: L7, L10 -Gregorio Mara\u00f1\u00f3n \nAutobuses: 7, 12, 14, 27, 40, 45, 147, 150, N22, N24 \n \nRenta de parking: 220 \u20ac\/plaza\/mes. \n \n*Las im\u00e1genes corresponden a oficina tipo**","properties_post_link_demanda_inmueble":"https:\/\/movin.cloud\/es\/Forcadell Oficinas Madrid\/formulario-peticion-inmueble\/sth\/2462&&11247436","properties_post_link_demanda_calendario_inmueble":"https:\/\/movin.cloud\/es\/Forcadell Oficinas Madrid\/calendario-peticion-inmueble\/sth\/2462&&11247436","properties_post_description_text":"Oficina en alquiler en Paseo de la Castellana, distribuida en superficies di\u00e1fanas con excelente luz natural, cuenta con amplias ventanas practicables, suelo t\u00e9cnico, falso techo registrable, sistema de climatizaci\u00f3n y dos aseos por planta. \n \nSe trata de un edificio exclusivo de oficinas reformado recientemente, con zonas comunes ajardinadas, representativo lobby con zona de espera, sala de reuniones para los inquilinos, control de accesos y parking privativo. \n \nUbicaci\u00f3n privilegiada en Paseo de la Castellana, entre las calle de Mar\u00eda de Molina y Jos\u00e9 Abascal, con f\u00e1cil acceso a la M30 y A6, buenas comunicaciones con el transporte publico y a 20 minutos de aeropuerto de Barajas. \n \nTransportes: \nMetro: L7, L10 -Gregorio Mara\u00f1\u00f3n \nAutobuses: 7, 12, 14, 27, 40, 45, 147, 150, N22, N24 \n \nRenta de parking: 220 \u20ac\/plaza\/mes. \n \n*Las im\u00e1genes corresponden a oficina tipo**","properties_post_seo_title":"","properties_post_seo_alias":"","properties_post_seo_metadescription":"Oficina alquiler Madrid, alquiler oficina Madrid, Paseo de la Castellana, Plaza Gregorio Mara\u00f1\u00f3n. Forcadell","properties_post_seo_key_words":"Oficina alquiler Madrid, alquiler oficina Madrid, Oficina Madrid. oficina Chamber\u00ed","properties_post_seo_url":"","properties_post_terms_conditions":""},{"properties_post_description_language":"english","properties_post_title":"Oficina alquiler Madrid. Paseo de la Castellana. Plaza Gregorio Mara\u00f1\u00f3n","properties_post_short_description_text_alt":"","properties_post_description_text_alt":"","properties_post_short_description_text":"Office for rent in Paseo de la Castellana, distributed in diaphanous surfaces with excellent natural light, has large practicable windows, raised floor, false ceiling, air conditioning system and two toilets per floor. \n\nIt is an exclusive office building recently renovated, with landscaped common areas, representative lobby with waiting area, meeting room for tenants, access control and private parking. \n\nPrivileged location in Paseo de la Castellana, between Mar\u00eda de Molina and Jos\u00e9 Abascal streets, with easy access to the M30 and A6, good communications with public transport and 20 minutes from Barajas airport. \n\nTransport links:\nSubway: L7, L10 -Gregorio Mara\u00f1\u00f3n\nBuses: 7, 12, 14, 27, 27, 40, 45, 147, 150, N22, N24 \n\nParking rent: 220 \u20ac\/place\/month. \n\n*The images correspond to office type**.","properties_post_link_demanda_inmueble":"https:\/\/movin.cloud\/en\/Forcadell Oficinas Madrid\/property-form-request\/sth\/2462&&11247436","properties_post_link_demanda_calendario_inmueble":"https:\/\/movin.cloud\/en\/Forcadell Oficinas Madrid\/property-calendar-request\/sth\/2462&&11247436","properties_post_description_text":"Office for rent in Paseo de la Castellana, distributed in diaphanous surfaces with excellent natural light, has large practicable windows, raised floor, false ceiling, air conditioning system and two toilets per floor. \n\nIt is an exclusive office building recently renovated, with landscaped common areas, representative lobby with waiting area, meeting room for tenants, access control and private parking. \n\nPrivileged location in Paseo de la Castellana, between Mar\u00eda de Molina and Jos\u00e9 Abascal streets, with easy access to the M30 and A6, good communications with public transport and 20 minutes from Barajas airport. \n\nTransport links:\nSubway: L7, L10 -Gregorio Mara\u00f1\u00f3n\nBuses: 7, 12, 14, 27, 27, 40, 45, 147, 150, N22, N24 \n\nParking rent: 220 \u20ac\/place\/month. \n\n*The images correspond to office type**.","properties_post_seo_title":"","properties_post_seo_alias":"","properties_post_seo_metadescription":"Office for rent Madrid, rent office Madrid, Paseo de la Castellana, Plaza Gregorio Mara\u00f1\u00f3n. Forcadell","properties_post_seo_key_words":"Madrid office for rent, Madrid office for rent, Madrid office, Madrid office, Madrid office Chamber\u00ed","properties_post_seo_url":"","properties_post_terms_conditions":""}],"post_type_properties_post_features_type":"office","post_type_properties_post_id_building":"","post_type_properties_post_features_area_constructed":706,"post_type_properties_post_features_conditioned_air":true,"post_type_properties_post_features_doorman":false,"post_type_properties_post_features_heating":true,"post_type_properties_post_features_equipped_kitchen":false,"post_type_properties_post_features_windows_location":"exterior","post_type_properties_post_features_floors_property":false,"post_type_properties_post_features_storage":false,"post_type_properties_post_features_security_door":false,"post_type_properties_post_features_energy_certificate_rating":"B","post_type_properties_post_features_energy_certificate_emissions_rating":"B","post_type_properties_post_features_energy_certificate_emissions_value":"","post_type_properties_post_features_energy_certificate_performance":"","post_type_properties_post_features_bathroom_inside":false,"post_type_properties_post_precio":23314.17,"post_type_properties_post_precio_alquiler":23314.17,"post_type_properties_post_record_type_id":"Oficina","post_type_properties_post_categoria__producto":"Oficina","post_type_properties_post_amueblado":false,"post_type_properties_post_precio_m2":33,"post_type_properties_post_zona__comunitaria":false,"post_type_properties_post_electrodomesticos":false,"post_type_properties_post_patio__interior":true,"post_type_properties_post_certificado_energetico_general":"B","post_type_properties_post_certificado_energetico_consumo":"B","post_type_properties_post_certificado_energetico_valor_emisiones":"","post_type_properties_post_certificado_energetico_valor_consumo":"","post_type_properties_post_modalidad":"rent","post_type_properties_post_provincia":"Madrid","post_type_properties_post_poblacion":"Madrid","post_type_properties_post_centro__urbano":false,"post_type_properties_post_zonificacion":"CBD","post_type_properties_post_cartera":"Segunda mano","post_type_properties_post_titulo_catalan":"","post_type_properties_post_internet_catalan":"","post_type_properties_post_titulo_castellano":"Oficina alquiler Madrid. Paseo de la Castellana. Plaza Gregorio Mara\u00f1\u00f3n","post_type_properties_post_internet_castellano":"Oficina en alquiler en Paseo de la Castellana, distribuida en superficies di\u00e1fanas con excelente luz natural, cuenta con amplias ventanas practicables, suelo t\u00e9cnico, falso techo registrable, sistema de climatizaci\u00f3n y dos aseos por planta. \n \nSe trata de un edificio exclusivo de oficinas reformado recientemente, con zonas comunes ajardinadas, representativo lobby con zona de espera, sala de reuniones para los inquilinos, control de accesos y parking privativo. \n \nUbicaci\u00f3n privilegiada en Paseo de la Castellana, entre las calle de Mar\u00eda de Molina y Jos\u00e9 Abascal, con f\u00e1cil acceso a la M30 y A6, buenas comunicaciones con el transporte publico y a 20 minutos de aeropuerto de Barajas. \n \nTransportes: \nMetro: L7, L10 -Gregorio Mara\u00f1\u00f3n \nAutobuses: 7, 12, 14, 27, 40, 45, 147, 150, N22, N24 \n \nRenta de parking: 220 \u20ac\/plaza\/mes. \n \n*Las im\u00e1genes corresponden a oficina tipo**","post_type_properties_post_titulo_ingles":"Oficina alquiler Madrid. Paseo de la Castellana. Plaza Gregorio Mara\u00f1\u00f3n","post_type_properties_post_internet_ingles":"Office for rent in Paseo de la Castellana, distributed in diaphanous surfaces with excellent natural light, has large practicable windows, raised floor, false ceiling, air conditioning system and two toilets per floor. \n\nIt is an exclusive office building recently renovated, with landscaped common areas, representative lobby with waiting area, meeting room for tenants, access control and private parking. \n\nPrivileged location in Paseo de la Castellana, between Mar\u00eda de Molina and Jos\u00e9 Abascal streets, with easy access to the M30 and A6, good communications with public transport and 20 minutes from Barajas airport. \n\nTransport links:\nSubway: L7, L10 -Gregorio Mara\u00f1\u00f3n\nBuses: 7, 12, 14, 27, 27, 40, 45, 147, 150, N22, N24 \n\nParking rent: 220 \u20ac\/place\/month. \n\n*The images correspond to office type**.","post_type_properties_post_features_classification_commercial":false,"post_type_properties_post_features_conservation":"","post_type_properties_post_features_security_personnel":false,"post_type_properties_post_features_parking_available":false,"post_type_properties_post_features_garage_capacity_type":"","post_type_properties_post_features_bathroom_number":"","post_type_properties_post_eje":"","post_type_properties_post_zona":"","post_type_properties_post_comarca":"","post_type_properties_post_features_built_year":"","post_type_properties_post_renta_mensual":"","post_type_properties_post_fianza":"","post_type_properties_post_features_area_plot":"","post_type_properties_post_features_area_buildable":"","post_type_properties_post_features_classification_industrial":false,"post_type_properties_post_distrito":"","post_type_properties_post_features_balcony":false,"post_type_properties_post_features_bedroom_number":"","post_type_properties_post_features_heating_type":"","post_type_properties_post_features_equipped_with_furniture":false,"post_type_properties_post_features_pets_allowed":false,"post_type_properties_post_features_pool":false,"post_type_properties_post_features_terrace":false,"post_type_properties_post_features_wardrobes":false,"post_type_properties_post_features_lift_available":false,"post_type_properties_post_features_handicap_adapted_access":false,"post_type_properties_post_features_orientation_east":false,"post_type_properties_post_features_orientation_west":false,"post_type_properties_post_features_orientation_north":false,"post_type_properties_post_features_orientation_south":false,"post_type_properties_post_features_parking_spaces_number":"","post_type_properties_post_features_security_alarm":false,"post_type_properties_post_features_security_system":false,"post_type_properties_post_open_plan":false,"post_type_properties_post_acceso_24_7":false,"post_type_properties_post_oficina_privada":false,"post_type_properties_post_sala_reuniones":false,"post_type_properties_post_espacio_eventos":false,"post_type_properties_post_office":false,"post_type_properties_post_restaurant":false,"post_type_properties_post_acepta_traspaso":false,"post_type_properties_post_vigilancia":true,"post_type_properties_post_features_suite":false,"post_type_properties_post_features_vitro":false,"post_type_properties_post_features_oven":false,"post_type_properties_post_features_microwave":false,"post_type_properties_post_features_washing_machine":false,"post_type_properties_post_features_dryer":false,"post_type_properties_post_features_dishwasher":false,"post_type_properties_post_features_fridge":false,"post_type_properties_post_features_fridge_mini":false,"post_type_properties_post_features_kettle":false,"post_type_properties_post_features_toaster":false,"post_type_properties_post_features_coffee_maker":false,"post_type_properties_post_features_iron":false,"post_type_properties_post_features_ironing_board":false,"post_type_properties_post_features_safe":false,"post_type_properties_post_features_internet":false,"post_type_properties_post_features_solarium":false,"post_type_properties_post_features_clean_service":false,"post_type_properties_post_features_t_v":false,"post_type_properties_post_features_satellite_t_v":false,"post_type_properties_post_features_gas_kitchen":false,"post_type_properties_post_features_view_mountain":false,"post_type_properties_post_features_view_sea":false,"post_type_properties_post_features_concierge":false,"post_type_properties_post_features_loading_dock":false,"post_type_properties_post_features_bridge_crane":false,"post_type_properties_post_features_located_at_corner":false,"post_type_properties_post_features_smoke_extraction":false,"post_type_properties_post_features_rooms":"","post_type_properties_post_features_garden_area":"","post_type_properties_post_features_utilities_water":false,"post_type_properties_post_features_utilities_electricity":false,"post_type_properties_post_features_utilities_natural_gas":false,"post_type_properties_post_features_building_adapted":false,"post_type_properties_post_features_garden":false,"post_type_properties_post_features_classification_hotel":false,"post_type_properties_post_features_classification_chalet":false,"post_type_properties_post_certificado_energetico_emisiones":"B","post_type_properties_post_barrio":"","post_type_properties_post_distrito_empresa":"Salamanca","post_type_properties_post_features_property_category_intern":"","post_type_properties_post_implantada":true,"post_type_properties_post_sello_leed":"","post_type_properties_post_sello_well":"","post_type_properties_post_sello_breeam":false,"post_type_properties_post_images":[{"properties_post_image_order":1,"properties_post_image_url":"https:\/\/movin.cloud\/empresas\/2462\/imagenes\/11247436\/inmobiliarias.webp","properties_post_image_url_thumbnail":"https:\/\/movin.cloud\/empresas\/2462\/imagenes\/thumbnails\/11247436\/inmobiliarias.webp","properties_post_title":"inmobiliarias","properties_post_alt":"inmobiliarias"},{"properties_post_image_order":2,"properties_post_image_url":"https:\/\/movin.cloud\/empresas\/2462\/imagenes\/11247436\/inmobiliaria.webp","properties_post_image_url_thumbnail":"https:\/\/movin.cloud\/empresas\/2462\/imagenes\/thumbnails\/11247436\/inmobiliaria.webp","properties_post_title":"inmobiliaria","properties_post_alt":"inmobiliaria"},{"properties_post_image_order":3,"properties_post_image_url":"https:\/\/movin.cloud\/empresas\/2462\/imagenes\/11247436\/alquiler-madrid.webp","properties_post_image_url_thumbnail":"https:\/\/movin.cloud\/empresas\/2462\/imagenes\/thumbnails\/11247436\/alquiler-madrid.webp","properties_post_title":"alquiler madrid","properties_post_alt":"alquiler madrid"},{"properties_post_image_order":4,"properties_post_image_url":"https:\/\/movin.cloud\/empresas\/2462\/imagenes\/11247436\/alquiler-para-idealista.webp","properties_post_image_url_thumbnail":"https:\/\/movin.cloud\/empresas\/2462\/imagenes\/thumbnails\/11247436\/alquiler-para-idealista.webp","properties_post_title":"alquiler para idealista","properties_post_alt":"alquiler para idealista"},{"properties_post_image_order":5,"properties_post_image_url":"https:\/\/movin.cloud\/empresas\/2462\/imagenes\/11247436\/alquiler-idealistas-madrid.webp","properties_post_image_url_thumbnail":"https:\/\/movin.cloud\/empresas\/2462\/imagenes\/thumbnails\/11247436\/alquiler-idealistas-madrid.webp","properties_post_title":"alquiler idealistas madrid","properties_post_alt":"alquiler idealistas madrid"},{"properties_post_image_order":6,"properties_post_image_url":"https:\/\/movin.cloud\/empresas\/2462\/imagenes\/11247436\/viviendas.webp","properties_post_image_url_thumbnail":"https:\/\/movin.cloud\/empresas\/2462\/imagenes\/thumbnails\/11247436\/viviendas.webp","properties_post_title":"viviendas","properties_post_alt":"viviendas"},{"properties_post_image_order":7,"properties_post_image_url":"https:\/\/movin.cloud\/empresas\/2462\/imagenes\/11247436\/alquiler-para-idealistas.webp","properties_post_image_url_thumbnail":"https:\/\/movin.cloud\/empresas\/2462\/imagenes\/thumbnails\/11247436\/alquiler-para-idealistas.webp","properties_post_title":"alquiler para idealistas","properties_post_alt":"alquiler para idealistas"},{"properties_post_image_order":8,"properties_post_image_url":"https:\/\/movin.cloud\/empresas\/2462\/imagenes\/11247436\/fincas.webp","properties_post_image_url_thumbnail":"https:\/\/movin.cloud\/empresas\/2462\/imagenes\/thumbnails\/11247436\/fincas.webp","properties_post_title":"fincas","properties_post_alt":"fincas"},{"properties_post_image_order":9,"properties_post_image_url":"https:\/\/movin.cloud\/empresas\/2462\/imagenes\/11247436\/rent.webp","properties_post_image_url_thumbnail":"https:\/\/movin.cloud\/empresas\/2462\/imagenes\/thumbnails\/11247436\/rent.webp","properties_post_title":"rent","properties_post_alt":"rent"},{"properties_post_image_order":10,"properties_post_image_url":"https:\/\/movin.cloud\/empresas\/2462\/imagenes\/11247436\/en-alquiler-madrid.webp","properties_post_image_url_thumbnail":"https:\/\/movin.cloud\/empresas\/2462\/imagenes\/thumbnails\/11247436\/en-alquiler-madrid.webp","properties_post_title":"en alquiler madrid","properties_post_alt":"en alquiler madrid"},{"properties_post_image_order":11,"properties_post_image_url":"https:\/\/movin.cloud\/empresas\/2462\/imagenes\/11247436\/habitalia-madrid.webp","properties_post_image_url_thumbnail":"https:\/\/movin.cloud\/empresas\/2462\/imagenes\/thumbnails\/11247436\/habitalia-madrid.webp","properties_post_title":"habitalia madrid","properties_post_alt":"habitalia madrid"},{"properties_post_image_order":12,"properties_post_image_url":"https:\/\/movin.cloud\/empresas\/2462\/imagenes\/11247436\/alquiler-idealistas.webp","properties_post_image_url_thumbnail":"https:\/\/movin.cloud\/empresas\/2462\/imagenes\/thumbnails\/11247436\/alquiler-idealistas.webp","properties_post_title":"alquiler idealistas","properties_post_alt":"alquiler idealistas"},{"properties_post_image_order":13,"properties_post_image_url":"https:\/\/movin.cloud\/empresas\/2462\/imagenes\/11247436\/alquilar.webp","properties_post_image_url_thumbnail":"https:\/\/movin.cloud\/empresas\/2462\/imagenes\/thumbnails\/11247436\/alquilar.webp","properties_post_title":"alquilar","properties_post_alt":"alquilar"},{"properties_post_image_order":14,"properties_post_image_url":"https:\/\/movin.cloud\/empresas\/2462\/imagenes\/11247436\/alquiler.webp","properties_post_image_url_thumbnail":"https:\/\/movin.cloud\/empresas\/2462\/imagenes\/thumbnails\/11247436\/alquiler.webp","properties_post_title":"alquiler","properties_post_alt":"alquiler"},{"properties_post_image_order":15,"properties_post_image_url":"https:\/\/movin.cloud\/empresas\/2462\/imagenes\/11247436\/en-alquiler.webp","properties_post_image_url_thumbnail":"https:\/\/movin.cloud\/empresas\/2462\/imagenes\/thumbnails\/11247436\/en-alquiler.webp","properties_post_title":"en alquiler","properties_post_alt":"en alquiler"},{"properties_post_image_order":16,"properties_post_image_url":"https:\/\/movin.cloud\/empresas\/2462\/imagenes\/11247436\/habitalia.webp","properties_post_image_url_thumbnail":"https:\/\/movin.cloud\/empresas\/2462\/imagenes\/thumbnails\/11247436\/habitalia.webp","properties_post_title":"habitalia","properties_post_alt":"habitalia"}],"post_type_properties_post_videos":null,"post_type_properties_post_tour":null,"post_type_properties_post_dossier_url":"","post_type_properties_post_operation_type":"rent","post_type_properties_post_operation_price":23314,"post_type_properties_post_features_hidden_price":false},"yoast_head":"<!-- This site is optimized with the Yoast SEO plugin v25.6 - https:\/\/yoast.com\/wordpress\/plugins\/seo\/ -->\n<title>Oficina alquiler Madrid. Paseo de la Castellana. Plaza Gregorio Mara\u00f1\u00f3n - Forcadell<\/title>\n<meta name=\"robots\" content=\"index, follow, max-snippet:-1, max-image-preview:large, max-video-preview:-1\" \/>\n<link rel=\"canonical\" href=\"https:\/\/forcadell.com\/ca\/propiedades\/oficina-alquiler-madrid-paseo-de-la-castellana-plaza-gregorio-maranon\/\" \/>\n<meta property=\"og:locale\" content=\"ca_ES\" \/>\n<meta property=\"og:type\" content=\"article\" \/>\n<meta property=\"og:title\" content=\"Oficina alquiler Madrid. Paseo de la Castellana. Plaza Gregorio Mara\u00f1\u00f3n - Forcadell\" \/>\n<meta property=\"og:description\" content=\"Oficina en alquiler en Paseo de la Castellana, distribuida en superficies di\u00e1fanas con excelente luz natural, cuenta con amplias ventanas practicables, suelo t\u00e9cnico, falso techo registrable, sistema de climatizaci\u00f3n y dos aseos por planta. Se trata de un edificio exclusivo de oficinas reformado recientemente, con zonas comunes ajardinadas, representativo lobby con zona de espera, sala [&hellip;]\" \/>\n<meta property=\"og:url\" content=\"https:\/\/forcadell.com\/ca\/propiedades\/oficina-alquiler-madrid-paseo-de-la-castellana-plaza-gregorio-maranon\/\" \/>\n<meta property=\"og:site_name\" content=\"Forcadell\" \/>\n<meta property=\"article:modified_time\" content=\"2026-04-26T21:11:07+00:00\" \/>\n<meta name=\"twitter:card\" content=\"summary_large_image\" \/>\n<meta name=\"twitter:label1\" content=\"Temps estimat de lectura\" \/>\n\t<meta name=\"twitter:data1\" content=\"1 minut\" \/>\n<!-- \/ Yoast SEO plugin. -->","yoast_head_json":{"title":"Oficina alquiler Madrid. Paseo de la Castellana. Plaza Gregorio Mara\u00f1\u00f3n - Forcadell","robots":{"index":"index","follow":"follow","max-snippet":"max-snippet:-1","max-image-preview":"max-image-preview:large","max-video-preview":"max-video-preview:-1"},"canonical":"https:\/\/forcadell.com\/ca\/propiedades\/oficina-alquiler-madrid-paseo-de-la-castellana-plaza-gregorio-maranon\/","og_locale":"ca_ES","og_type":"article","og_title":"Oficina alquiler Madrid. Paseo de la Castellana. Plaza Gregorio Mara\u00f1\u00f3n - Forcadell","og_description":"Oficina en alquiler en Paseo de la Castellana, distribuida en superficies di\u00e1fanas con excelente luz natural, cuenta con amplias ventanas practicables, suelo t\u00e9cnico, falso techo registrable, sistema de climatizaci\u00f3n y dos aseos por planta. Se trata de un edificio exclusivo de oficinas reformado recientemente, con zonas comunes ajardinadas, representativo lobby con zona de espera, sala [&hellip;]","og_url":"https:\/\/forcadell.com\/ca\/propiedades\/oficina-alquiler-madrid-paseo-de-la-castellana-plaza-gregorio-maranon\/","og_site_name":"Forcadell","article_modified_time":"2026-04-26T21:11:07+00:00","twitter_card":"summary_large_image","twitter_misc":{"Temps estimat de lectura":"1 minut"},"schema":{"@context":"https:\/\/schema.org","@graph":[{"@type":"WebPage","@id":"https:\/\/forcadell.com\/ca\/propiedades\/oficina-alquiler-madrid-paseo-de-la-castellana-plaza-gregorio-maranon\/","url":"https:\/\/forcadell.com\/ca\/propiedades\/oficina-alquiler-madrid-paseo-de-la-castellana-plaza-gregorio-maranon\/","name":"Oficina alquiler Madrid. Paseo de la Castellana. Plaza Gregorio Mara\u00f1\u00f3n - Forcadell","isPartOf":{"@id":"https:\/\/forcadell.com\/ca\/#website"},"datePublished":"2025-11-04T14:37:24+00:00","dateModified":"2026-04-26T21:11:07+00:00","breadcrumb":{"@id":"https:\/\/forcadell.com\/ca\/propiedades\/oficina-alquiler-madrid-paseo-de-la-castellana-plaza-gregorio-maranon\/#breadcrumb"},"inLanguage":"ca","potentialAction":[{"@type":"ReadAction","target":["https:\/\/forcadell.com\/ca\/propiedades\/oficina-alquiler-madrid-paseo-de-la-castellana-plaza-gregorio-maranon\/"]}]},{"@type":"BreadcrumbList","@id":"https:\/\/forcadell.com\/ca\/propiedades\/oficina-alquiler-madrid-paseo-de-la-castellana-plaza-gregorio-maranon\/#breadcrumb","itemListElement":[{"@type":"ListItem","position":1,"name":"Portada","item":"https:\/\/forcadell.com\/ca\/"},{"@type":"ListItem","position":2,"name":"Properties","item":"https:\/\/forcadell.com\/ca\/propiedades\/"},{"@type":"ListItem","position":3,"name":"Oficina alquiler Madrid. Paseo de la Castellana. Plaza Gregorio Mara\u00f1\u00f3n"}]},{"@type":"WebSite","@id":"https:\/\/forcadell.com\/ca\/#website","url":"https:\/\/forcadell.com\/ca\/","name":"Forcadell","description":"Inmobiliaria Barcelona | Consultores inmobiliarios","potentialAction":[{"@type":"SearchAction","target":{"@type":"EntryPoint","urlTemplate":"https:\/\/forcadell.com\/ca\/?s={search_term_string}"},"query-input":{"@type":"PropertyValueSpecification","valueRequired":true,"valueName":"search_term_string"}}],"inLanguage":"ca"}]}},"_links":{"self":[{"href":"https:\/\/forcadell.com\/ca\/wp-json\/wp\/v2\/properties_post\/58230"}],"collection":[{"href":"https:\/\/forcadell.com\/ca\/wp-json\/wp\/v2\/properties_post"}],"about":[{"href":"https:\/\/forcadell.com\/ca\/wp-json\/wp\/v2\/types\/properties_post"}],"wp:attachment":[{"href":"https:\/\/forcadell.com\/ca\/wp-json\/wp\/v2\/media?parent=58230"}],"curies":[{"name":"wp","href":"https:\/\/api.w.org\/{rel}","templated":true}]}}