{"id":58220,"date":"2025-11-04T16:36:54","date_gmt":"2025-11-04T14:36:54","guid":{"rendered":"https:\/\/www.forcadell.com\/propiedades\/alaba-22-6\/"},"modified":"2026-04-26T19:07:45","modified_gmt":"2026-04-26T17:07:45","slug":"alaba-22-6","status":"publish","type":"properties_post","link":"https:\/\/forcadell.com\/ca\/propiedades\/alaba-22-6\/","title":{"rendered":"ALABA &#8211; 22@"},"content":{"rendered":"<p>Descubre este edificio situado en la calle \u00c1laba de Barcelona, un exclusivo inmueble de oficinas dise\u00f1ado por Batlle i Roig, ubicado en una de las zonas m\u00e1s consolidadas y din\u00e1micas del Distrito 22@ de Barcelona.<\/p>\n<p>El edificio es l\u00edder en ecoeficiencia y bienestar, con m\u00e1s de 18.000 m\u00b2 de oficinas distribuidos en planta baja + 7 plantas, construidas bajo los m\u00e1s exigentes est\u00e1ndares en sostenibilidad: gesti\u00f3n eficiente de agua, energ\u00eda, materiales, residuos y un riguroso control de calidad del aire interior.<\/p>\n<p>Caracter\u00edsticas generales:<\/p>\n<p>Hall de grandes dimensiones con espacio WorkingLounge com\u00fan para los inquilinos del edificio<br \/>\nAcceso comunicado desde calle con un parque p\u00fablico interior<br \/>\nZona ajardinada en el patio de manzana<br \/>\nLuz natural<br \/>\nSuperficies di\u00e1fanas y flexibles<br \/>\nAltura libre: 2,7 metros<br \/>\nAltura libre entre forjados: 3,79 metros<br \/>\nRatio de ocupaci\u00f3n: 1\/8<br \/>\nPrimeras calidades \u2013 CAT A<br \/>\nCertificaci\u00f3n LEED Gold<br \/>\nClimatizaci\u00f3n VRV<br \/>\nSistema climatizaci\u00f3n Districlima<br \/>\nSuelo t\u00e9cnico<br \/>\nPosibilidad de techo visto o falso techo<br \/>\nPreinstalaci\u00f3n el\u00e9ctrica, voz y datos<br \/>\nBa\u00f1os privativos<br \/>\nVestuarios<br \/>\nParking de coches, motos y bicis<br \/>\nZonas de carga para veh\u00edculos el\u00e9ctricos<\/p>\n<p>Ubicaci\u00f3n estrat\u00e9gica: edificio rodeado de empresas tecnol\u00f3gicas, hoteles, restaurantes y todos los servicios necesarios.<br \/>\nAdem\u00e1s, ofrece excelentes conexiones con el centro de Barcelona y el Aeropuerto Josep Tarradellas \u2013 El Prat, tanto por transporte p\u00fablico como privado.<\/p>\n<p>Haz crecer tu negocio en uno de los edificios m\u00e1s tecnol\u00f3gicos e inteligentes del 22@.<br \/>\nEn Forcadell te asesoramos para encontrar el espacio perfecto para tu empresa.<\/p>\n<p>Cont\u00e1ctanos hoy mismo para m\u00e1s informaci\u00f3n o para concertar una visita.<\/p>\n<p>Transporte P\u00fablico:<br \/>\nMetro: L4 &#8211; Llacuna.<br \/>\nBus: 6, H14, 136, B20, B25, N8, N11.<br \/>\nTranv\u00eda: T4 &#8211; Estaci\u00f3n de Sant Adri\u00e0 &#8211; Ciutadella \/ Vila Ol\u00edmpica.<\/p>\n<p>Acceso R\u00e1pido al Aeropuerto: A solo 20 minutos del Aeropuerto Josep Tarradellas Barcelona-El Prat.<\/p>\n","protected":false},"template":"","class_list":["post-58220","properties_post","type-properties_post","status-publish","hentry","properties_modality-rent","properties_district-sant-marti","properties_province-barcelona","properties_zone-116","properties_state-barcelona","properties_subclass-oficina","properties_type-oficina"],"acf":{"post_type_properties_post_property_code":"11247338","post_type_properties_post_property_reference":"IE-226073","post_type_properties_post_owner_id":"49479","post_type_properties_post_owner_name":"SAVILLS RE SPAIN S.A.U","post_type_properties_post_property_code_encrypted":"MjQ5JDMxOTA1","post_type_properties_post_published":"1","post_type_properties_post_property_visibility":"idealista","post_type_properties_post_contact_name":"Forcadell Oficinas Barcelona","post_type_properties_post_contact_email":"forcadell.oficinas.barcelona@movin.cloud","post_type_properties_post_contact_primary_phone_prefix":"34","post_type_properties_post_contact_primary_phone_number":"934965413","post_type_properties_post_address_visibility":"street","post_type_properties_post_address_country":"Spain","post_type_properties_post_address_coordinates_precision":"exact","post_type_properties_post_address_postal_code":"08001","post_type_properties_post_address_coordinates_latitude":"41.398378056668","post_type_properties_post_address_coordinates_longitude":"2.191307","post_type_properties_post_address_street_name":"CL \u00c0laba 111","post_type_properties_post_address_floor":"","post_type_properties_post_address_town":"Barcelona","post_type_properties_post_building":null,"post_type_properties_post_property":[{"properties_post_description_language":"catalan","properties_post_title":"ALABA - 22@","properties_post_short_description_text_alt":"","properties_post_description_text_alt":"","properties_post_short_description_text":"","properties_post_link_demanda_inmueble":"https:\/\/movin.cloud\/ca\/Forcadell Oficinas Barcelona\/formulari-peticio-immoble\/sth\/2438&&11247338","properties_post_link_demanda_calendario_inmueble":"https:\/\/movin.cloud\/ca\/Forcadell Oficinas Barcelona\/calendari-peticio-immoble\/sth\/2438&&11247338","properties_post_description_text":"Descobreix aquest edifici situat al carrer \u00c0laba de Barcelona, un exclusiu immoble d'oficines dissenyat per Batlle i Roig, ubicat a una de les zones m\u00e9s consolidades i din\u00e0miques del Districte 22@ de Barcelona.\n\nL\u00b4edifici \u00e9s l\u00edder en ecoefici\u00e8ncia i benestar, amb m\u00e9s de 18.000 m\u00b2 d\u00b4oficines distribu\u00efts en planta baixa + 7 plantes, constru\u00efdes sota els m\u00e9s exigents est\u00e0ndards en sostenibilitat: gesti\u00f3 eficient d\u00b4aigua, energia, materials, residus i un rigor\u00f3s control de qualitat de l\u00b4aire interior.\n\nCaracter\u00edstiques generals:\n\nHall de grans dimensions amb espai WorkingLounge com\u00fa per als llogaters de l'edifici\nAcc\u00e9s comunicat des del carrer amb un parc p\u00fablic interior\nZona enjardinada al pati d'illa\nLlum natural\nSuperf\u00edcies di\u00e0fanes i flexibles\nAl\u00e7ada lliure: 2,7 metres\nAl\u00e7ada lliure entre forjats: 3,79 metres\nR\u00e0tio d'ocupaci\u00f3: 1\/8\nPrimeres qualitats \u2013 CAST A\nCertificaci\u00f3 LEED Gold\nClimatitzaci\u00f3 VRV\nSistema climatitzaci\u00f3 Districlima\nS\u00f2l t\u00e8cnic\nPossibilitat de sostre vist o fals sostre\nPreinstal\u00b7laci\u00f3 el\u00e8ctrica, veu i dades\nBanys privatius\nVestidors\nP\u00e0rquing de cotxes, motos i bicis\nZones de c\u00e0rrega per a vehicles el\u00e8ctrics\n\nUbicaci\u00f3 estrat\u00e8gica: edifici envoltat d'empreses tecnol\u00f2giques, hotels, restaurants i tots els serveis necessaris.\nA m\u00e9s, ofereix ben comunicat amb el centre de Barcelona i l'Aeroport Josep Tarradellas \u2013 El Prat, tant per transport p\u00fablic com privat.\n\nFes cr\u00e9ixer el teu negoci en un dels edificis m\u00e9s tecnol\u00f2gics i intel\u00b7ligents del 22@.\nA Forcadell us assessorem per trobar l'espai perfecte per a la vostra empresa.\n\nContacta'ns avui mateix per a m\u00e9s informaci\u00f3 o per concertar una visita.","properties_post_seo_title":"","properties_post_seo_alias":"","properties_post_seo_metadescription":"Oficina de lloguer en edifici emblem\u00e0tic del 22@ de Barcelona. C. \u00c0laba. Forcadell es la seva ag\u00e8ncia de confian\u00e7a per al lloguer d'aquesta oficina.","properties_post_seo_key_words":"oficina lloguer 22@ Barcelona, lloguer oficina 22@Barcelona, oficina 22@ Barcelona","properties_post_seo_url":"","properties_post_terms_conditions":""},{"properties_post_description_language":"spanish","properties_post_title":"ALABA - 22@","properties_post_short_description_text_alt":"","properties_post_description_text_alt":"","properties_post_short_description_text":"","properties_post_link_demanda_inmueble":"https:\/\/movin.cloud\/es\/Forcadell Oficinas Barcelona\/formulario-peticion-inmueble\/sth\/2438&&11247338","properties_post_link_demanda_calendario_inmueble":"https:\/\/movin.cloud\/es\/Forcadell Oficinas Barcelona\/calendario-peticion-inmueble\/sth\/2438&&11247338","properties_post_description_text":"Descubre este edificio situado en la calle \u00c1laba de Barcelona, un exclusivo inmueble de oficinas dise\u00f1ado por Batlle i Roig, ubicado en una de las zonas m\u00e1s consolidadas y din\u00e1micas del Distrito 22@ de Barcelona.\n\nEl edificio es l\u00edder en ecoeficiencia y bienestar, con m\u00e1s de 18.000 m\u00b2 de oficinas distribuidos en planta baja + 7 plantas, construidas bajo los m\u00e1s exigentes est\u00e1ndares en sostenibilidad: gesti\u00f3n eficiente de agua, energ\u00eda, materiales, residuos y un riguroso control de calidad del aire interior.\n\nCaracter\u00edsticas generales:\n\nHall de grandes dimensiones con espacio WorkingLounge com\u00fan para los inquilinos del edificio\nAcceso comunicado desde calle con un parque p\u00fablico interior\nZona ajardinada en el patio de manzana\nLuz natural\nSuperficies di\u00e1fanas y flexibles\nAltura libre: 2,7 metros\nAltura libre entre forjados: 3,79 metros\nRatio de ocupaci\u00f3n: 1\/8\nPrimeras calidades \u2013 CAT A\nCertificaci\u00f3n LEED Gold\nClimatizaci\u00f3n VRV\nSistema climatizaci\u00f3n Districlima\nSuelo t\u00e9cnico\nPosibilidad de techo visto o falso techo\nPreinstalaci\u00f3n el\u00e9ctrica, voz y datos\nBa\u00f1os privativos\nVestuarios\nParking de coches, motos y bicis\nZonas de carga para veh\u00edculos el\u00e9ctricos\n\nUbicaci\u00f3n estrat\u00e9gica: edificio rodeado de empresas tecnol\u00f3gicas, hoteles, restaurantes y todos los servicios necesarios.\nAdem\u00e1s, ofrece excelentes conexiones con el centro de Barcelona y el Aeropuerto Josep Tarradellas \u2013 El Prat, tanto por transporte p\u00fablico como privado.\n\nHaz crecer tu negocio en uno de los edificios m\u00e1s tecnol\u00f3gicos e inteligentes del 22@.\nEn Forcadell te asesoramos para encontrar el espacio perfecto para tu empresa.\n\nCont\u00e1ctanos hoy mismo para m\u00e1s informaci\u00f3n o para concertar una visita.\n\nTransporte P\u00fablico:\nMetro: L4 - Llacuna.\nBus: 6, H14, 136, B20, B25, N8, N11.\nTranv\u00eda: T4 - Estaci\u00f3n de Sant Adri\u00e0 - Ciutadella \/ Vila Ol\u00edmpica.\n\nAcceso R\u00e1pido al Aeropuerto: A solo 20 minutos del Aeropuerto Josep Tarradellas Barcelona-El Prat.\n\n ","properties_post_seo_title":"","properties_post_seo_alias":"","properties_post_seo_metadescription":"Oficina en alquiler en emblem\u00e1tico edificio 22@ de Barcelona. C. \u00c0laba. Forcadell es su agencia de confianza para el alquiler de esta oficina.","properties_post_seo_key_words":"oficina alquiler 22@ Barcelona, alquiler oficina 22@Barcelona, oficina 22@ Barcelona","properties_post_seo_url":"","properties_post_terms_conditions":""}],"post_type_properties_post_features_type":"office","post_type_properties_post_id_building":"MjkkMjc3MzQ=","post_type_properties_post_features_area_constructed":1078,"post_type_properties_post_features_conditioned_air":true,"post_type_properties_post_features_doorman":false,"post_type_properties_post_features_heating":true,"post_type_properties_post_features_equipped_kitchen":false,"post_type_properties_post_features_windows_location":"exterior","post_type_properties_post_features_floors_property":false,"post_type_properties_post_features_storage":false,"post_type_properties_post_features_security_door":false,"post_type_properties_post_features_energy_certificate_rating":"A","post_type_properties_post_features_energy_certificate_emissions_rating":"A","post_type_properties_post_features_energy_certificate_emissions_value":"","post_type_properties_post_features_energy_certificate_performance":"","post_type_properties_post_features_bathroom_inside":true,"post_type_properties_post_precio":24808,"post_type_properties_post_precio_alquiler":24808,"post_type_properties_post_record_type_id":"Oficina","post_type_properties_post_categoria__producto":"Oficina","post_type_properties_post_amueblado":false,"post_type_properties_post_precio_m2":23,"post_type_properties_post_zona__comunitaria":false,"post_type_properties_post_electrodomesticos":false,"post_type_properties_post_patio__interior":true,"post_type_properties_post_certificado_energetico_general":"A","post_type_properties_post_certificado_energetico_consumo":"A","post_type_properties_post_certificado_energetico_valor_emisiones":"","post_type_properties_post_certificado_energetico_valor_consumo":"","post_type_properties_post_modalidad":"rent","post_type_properties_post_provincia":"Barcelona","post_type_properties_post_poblacion":"Barcelona","post_type_properties_post_centro__urbano":false,"post_type_properties_post_zonificacion":"22 @","post_type_properties_post_cartera":"","post_type_properties_post_titulo_catalan":"ALABA - 22@","post_type_properties_post_internet_catalan":"Descobreix aquest edifici situat al carrer \u00c0laba de Barcelona, un exclusiu immoble d'oficines dissenyat per Batlle i Roig, ubicat a una de les zones m\u00e9s consolidades i din\u00e0miques del Districte 22@ de Barcelona.\n\nL\u00b4edifici \u00e9s l\u00edder en ecoefici\u00e8ncia i benestar, amb m\u00e9s de 18.000 m\u00b2 d\u00b4oficines distribu\u00efts en planta baixa + 7 plantes, constru\u00efdes sota els m\u00e9s exigents est\u00e0ndards en sostenibilitat: gesti\u00f3 eficient d\u00b4aigua, energia, materials, residus i un rigor\u00f3s control de qualitat de l\u00b4aire interior.\n\nCaracter\u00edstiques generals:\n\nHall de grans dimensions amb espai WorkingLounge com\u00fa per als llogaters de l'edifici\nAcc\u00e9s comunicat des del carrer amb un parc p\u00fablic interior\nZona enjardinada al pati d'illa\nLlum natural\nSuperf\u00edcies di\u00e0fanes i flexibles\nAl\u00e7ada lliure: 2,7 metres\nAl\u00e7ada lliure entre forjats: 3,79 metres\nR\u00e0tio d'ocupaci\u00f3: 1\/8\nPrimeres qualitats \u2013 CAST A\nCertificaci\u00f3 LEED Gold\nClimatitzaci\u00f3 VRV\nSistema climatitzaci\u00f3 Districlima\nS\u00f2l t\u00e8cnic\nPossibilitat de sostre vist o fals sostre\nPreinstal\u00b7laci\u00f3 el\u00e8ctrica, veu i dades\nBanys privatius\nVestidors\nP\u00e0rquing de cotxes, motos i bicis\nZones de c\u00e0rrega per a vehicles el\u00e8ctrics\n\nUbicaci\u00f3 estrat\u00e8gica: edifici envoltat d'empreses tecnol\u00f2giques, hotels, restaurants i tots els serveis necessaris.\nA m\u00e9s, ofereix ben comunicat amb el centre de Barcelona i l'Aeroport Josep Tarradellas \u2013 El Prat, tant per transport p\u00fablic com privat.\n\nFes cr\u00e9ixer el teu negoci en un dels edificis m\u00e9s tecnol\u00f2gics i intel\u00b7ligents del 22@.\nA Forcadell us assessorem per trobar l'espai perfecte per a la vostra empresa.\n\nContacta'ns avui mateix per a m\u00e9s informaci\u00f3 o per concertar una visita.","post_type_properties_post_titulo_castellano":"ALABA - 22@","post_type_properties_post_internet_castellano":"Descubre este edificio situado en la calle \u00c1laba de Barcelona, un exclusivo inmueble de oficinas dise\u00f1ado por Batlle i Roig, ubicado en una de las zonas m\u00e1s consolidadas y din\u00e1micas del Distrito 22@ de Barcelona.\n\nEl edificio es l\u00edder en ecoeficiencia y bienestar, con m\u00e1s de 18.000 m\u00b2 de oficinas distribuidos en planta baja + 7 plantas, construidas bajo los m\u00e1s exigentes est\u00e1ndares en sostenibilidad: gesti\u00f3n eficiente de agua, energ\u00eda, materiales, residuos y un riguroso control de calidad del aire interior.\n\nCaracter\u00edsticas generales:\n\nHall de grandes dimensiones con espacio WorkingLounge com\u00fan para los inquilinos del edificio\nAcceso comunicado desde calle con un parque p\u00fablico interior\nZona ajardinada en el patio de manzana\nLuz natural\nSuperficies di\u00e1fanas y flexibles\nAltura libre: 2,7 metros\nAltura libre entre forjados: 3,79 metros\nRatio de ocupaci\u00f3n: 1\/8\nPrimeras calidades \u2013 CAT A\nCertificaci\u00f3n LEED Gold\nClimatizaci\u00f3n VRV\nSistema climatizaci\u00f3n Districlima\nSuelo t\u00e9cnico\nPosibilidad de techo visto o falso techo\nPreinstalaci\u00f3n el\u00e9ctrica, voz y datos\nBa\u00f1os privativos\nVestuarios\nParking de coches, motos y bicis\nZonas de carga para veh\u00edculos el\u00e9ctricos\n\nUbicaci\u00f3n estrat\u00e9gica: edificio rodeado de empresas tecnol\u00f3gicas, hoteles, restaurantes y todos los servicios necesarios.\nAdem\u00e1s, ofrece excelentes conexiones con el centro de Barcelona y el Aeropuerto Josep Tarradellas \u2013 El Prat, tanto por transporte p\u00fablico como privado.\n\nHaz crecer tu negocio en uno de los edificios m\u00e1s tecnol\u00f3gicos e inteligentes del 22@.\nEn Forcadell te asesoramos para encontrar el espacio perfecto para tu empresa.\n\nCont\u00e1ctanos hoy mismo para m\u00e1s informaci\u00f3n o para concertar una visita.\n\nTransporte P\u00fablico:\nMetro: L4 - Llacuna.\nBus: 6, H14, 136, B20, B25, N8, N11.\nTranv\u00eda: T4 - Estaci\u00f3n de Sant Adri\u00e0 - Ciutadella \/ Vila Ol\u00edmpica.\n\nAcceso R\u00e1pido al Aeropuerto: A solo 20 minutos del Aeropuerto Josep Tarradellas Barcelona-El Prat.\n\n ","post_type_properties_post_titulo_ingles":"","post_type_properties_post_internet_ingles":"","post_type_properties_post_features_classification_commercial":false,"post_type_properties_post_features_conservation":"","post_type_properties_post_features_security_personnel":false,"post_type_properties_post_features_parking_available":false,"post_type_properties_post_features_garage_capacity_type":"","post_type_properties_post_features_bathroom_number":"","post_type_properties_post_eje":"","post_type_properties_post_zona":"","post_type_properties_post_comarca":"","post_type_properties_post_features_built_year":"","post_type_properties_post_renta_mensual":24808,"post_type_properties_post_fianza":"","post_type_properties_post_features_area_plot":"","post_type_properties_post_features_area_buildable":"","post_type_properties_post_features_classification_industrial":false,"post_type_properties_post_distrito":"","post_type_properties_post_features_balcony":false,"post_type_properties_post_features_bedroom_number":"","post_type_properties_post_features_heating_type":"","post_type_properties_post_features_equipped_with_furniture":false,"post_type_properties_post_features_pets_allowed":false,"post_type_properties_post_features_pool":false,"post_type_properties_post_features_terrace":false,"post_type_properties_post_features_wardrobes":false,"post_type_properties_post_features_lift_available":false,"post_type_properties_post_features_handicap_adapted_access":false,"post_type_properties_post_features_orientation_east":false,"post_type_properties_post_features_orientation_west":false,"post_type_properties_post_features_orientation_north":false,"post_type_properties_post_features_orientation_south":false,"post_type_properties_post_features_parking_spaces_number":"","post_type_properties_post_features_security_alarm":false,"post_type_properties_post_features_security_system":false,"post_type_properties_post_open_plan":false,"post_type_properties_post_acceso_24_7":false,"post_type_properties_post_oficina_privada":false,"post_type_properties_post_sala_reuniones":false,"post_type_properties_post_espacio_eventos":false,"post_type_properties_post_office":false,"post_type_properties_post_restaurant":false,"post_type_properties_post_acepta_traspaso":false,"post_type_properties_post_vigilancia":false,"post_type_properties_post_features_suite":false,"post_type_properties_post_features_vitro":false,"post_type_properties_post_features_oven":false,"post_type_properties_post_features_microwave":false,"post_type_properties_post_features_washing_machine":false,"post_type_properties_post_features_dryer":false,"post_type_properties_post_features_dishwasher":false,"post_type_properties_post_features_fridge":false,"post_type_properties_post_features_fridge_mini":false,"post_type_properties_post_features_kettle":false,"post_type_properties_post_features_toaster":false,"post_type_properties_post_features_coffee_maker":false,"post_type_properties_post_features_iron":false,"post_type_properties_post_features_ironing_board":false,"post_type_properties_post_features_safe":false,"post_type_properties_post_features_internet":false,"post_type_properties_post_features_solarium":false,"post_type_properties_post_features_clean_service":false,"post_type_properties_post_features_t_v":false,"post_type_properties_post_features_satellite_t_v":false,"post_type_properties_post_features_gas_kitchen":false,"post_type_properties_post_features_view_mountain":false,"post_type_properties_post_features_view_sea":false,"post_type_properties_post_features_concierge":false,"post_type_properties_post_features_loading_dock":false,"post_type_properties_post_features_bridge_crane":false,"post_type_properties_post_features_located_at_corner":false,"post_type_properties_post_features_smoke_extraction":false,"post_type_properties_post_features_rooms":"","post_type_properties_post_features_garden_area":"","post_type_properties_post_features_utilities_water":false,"post_type_properties_post_features_utilities_electricity":false,"post_type_properties_post_features_utilities_natural_gas":false,"post_type_properties_post_features_building_adapted":false,"post_type_properties_post_features_garden":false,"post_type_properties_post_features_classification_hotel":false,"post_type_properties_post_features_classification_chalet":false,"post_type_properties_post_certificado_energetico_emisiones":"A","post_type_properties_post_barrio":"","post_type_properties_post_distrito_empresa":"Sant Mart\u00ed","post_type_properties_post_features_property_category_intern":"","post_type_properties_post_implantada":false,"post_type_properties_post_sello_leed":"1","post_type_properties_post_sello_well":"","post_type_properties_post_sello_breeam":false,"post_type_properties_post_images":[{"properties_post_image_order":1,"properties_post_image_url":"https:\/\/movin.cloud\/empresas\/2438\/imagenes\/11247338\/en-alquiler-36.webp","properties_post_image_url_thumbnail":"https:\/\/movin.cloud\/empresas\/2438\/imagenes\/thumbnails\/11247338\/en-alquiler-36.webp","properties_post_title":"en alquiler 36","properties_post_alt":"en alquiler 36"},{"properties_post_image_order":2,"properties_post_image_url":"https:\/\/movin.cloud\/empresas\/2438\/imagenes\/11247338\/en-alquiler-34.webp","properties_post_image_url_thumbnail":"https:\/\/movin.cloud\/empresas\/2438\/imagenes\/thumbnails\/11247338\/en-alquiler-34.webp","properties_post_title":"en alquiler 34","properties_post_alt":"en alquiler 34"},{"properties_post_image_order":3,"properties_post_image_url":"https:\/\/movin.cloud\/empresas\/2438\/imagenes\/11247338\/alquiler-barcelona.webp","properties_post_image_url_thumbnail":"https:\/\/movin.cloud\/empresas\/2438\/imagenes\/thumbnails\/11247338\/alquiler-barcelona.webp","properties_post_title":"alquiler barcelona","properties_post_alt":"alquiler barcelona"},{"properties_post_image_order":4,"properties_post_image_url":"https:\/\/movin.cloud\/empresas\/2438\/imagenes\/11247338\/en-alquiler-30.webp","properties_post_image_url_thumbnail":"https:\/\/movin.cloud\/empresas\/2438\/imagenes\/thumbnails\/11247338\/en-alquiler-30.webp","properties_post_title":"en alquiler 30","properties_post_alt":"en alquiler 30"},{"properties_post_image_order":5,"properties_post_image_url":"https:\/\/movin.cloud\/empresas\/2438\/imagenes\/11247338\/en-alquiler-35.webp","properties_post_image_url_thumbnail":"https:\/\/movin.cloud\/empresas\/2438\/imagenes\/thumbnails\/11247338\/en-alquiler-35.webp","properties_post_title":"en alquiler 35","properties_post_alt":"en alquiler 35"},{"properties_post_image_order":7,"properties_post_image_url":"https:\/\/movin.cloud\/empresas\/2438\/imagenes\/11247338\/alquiler.webp","properties_post_image_url_thumbnail":"https:\/\/movin.cloud\/empresas\/2438\/imagenes\/thumbnails\/11247338\/alquiler.webp","properties_post_title":"alquiler","properties_post_alt":"alquiler"},{"properties_post_image_order":8,"properties_post_image_url":"https:\/\/movin.cloud\/empresas\/2438\/imagenes\/11247338\/alquiler-para-idealista-barcelona.webp","properties_post_image_url_thumbnail":"https:\/\/movin.cloud\/empresas\/2438\/imagenes\/thumbnails\/11247338\/alquiler-para-idealista-barcelona.webp","properties_post_title":"alquiler para idealista barcelona","properties_post_alt":"alquiler para idealista barcelona"},{"properties_post_image_order":10,"properties_post_image_url":"https:\/\/movin.cloud\/empresas\/2438\/imagenes\/11247338\/alquilar.webp","properties_post_image_url_thumbnail":"https:\/\/movin.cloud\/empresas\/2438\/imagenes\/thumbnails\/11247338\/alquilar.webp","properties_post_title":"alquilar","properties_post_alt":"alquilar"},{"properties_post_image_order":11,"properties_post_image_url":"https:\/\/movin.cloud\/empresas\/2438\/imagenes\/11247338\/fincas.webp","properties_post_image_url_thumbnail":"https:\/\/movin.cloud\/empresas\/2438\/imagenes\/thumbnails\/11247338\/fincas.webp","properties_post_title":"fincas","properties_post_alt":"fincas"},{"properties_post_image_order":12,"properties_post_image_url":"https:\/\/movin.cloud\/empresas\/2438\/imagenes\/11247338\/alquilar-barcelona.webp","properties_post_image_url_thumbnail":"https:\/\/movin.cloud\/empresas\/2438\/imagenes\/thumbnails\/11247338\/alquilar-barcelona.webp","properties_post_title":"alquilar barcelona","properties_post_alt":"alquilar barcelona"},{"properties_post_image_order":13,"properties_post_image_url":"https:\/\/movin.cloud\/empresas\/2438\/imagenes\/11247338\/inmobiliaria.webp","properties_post_image_url_thumbnail":"https:\/\/movin.cloud\/empresas\/2438\/imagenes\/thumbnails\/11247338\/inmobiliaria.webp","properties_post_title":"inmobiliaria","properties_post_alt":"inmobiliaria"},{"properties_post_image_order":14,"properties_post_image_url":"https:\/\/movin.cloud\/empresas\/2438\/imagenes\/11247338\/alquiler-para-idealistas-barcelona.webp","properties_post_image_url_thumbnail":"https:\/\/movin.cloud\/empresas\/2438\/imagenes\/thumbnails\/11247338\/alquiler-para-idealistas-barcelona.webp","properties_post_title":"alquiler para idealistas barcelona","properties_post_alt":"alquiler para idealistas barcelona"},{"properties_post_image_order":15,"properties_post_image_url":"https:\/\/movin.cloud\/empresas\/2438\/imagenes\/11247338\/rent-barcelona.webp","properties_post_image_url_thumbnail":"https:\/\/movin.cloud\/empresas\/2438\/imagenes\/thumbnails\/11247338\/rent-barcelona.webp","properties_post_title":"rent barcelona","properties_post_alt":"rent barcelona"},{"properties_post_image_order":16,"properties_post_image_url":"https:\/\/movin.cloud\/empresas\/2438\/imagenes\/11247338\/inmobiliarias-barcelona.webp","properties_post_image_url_thumbnail":"https:\/\/movin.cloud\/empresas\/2438\/imagenes\/thumbnails\/11247338\/inmobiliarias-barcelona.webp","properties_post_title":"inmobiliarias barcelona","properties_post_alt":"inmobiliarias barcelona"},{"properties_post_image_order":17,"properties_post_image_url":"https:\/\/movin.cloud\/empresas\/2438\/imagenes\/11247338\/barcelona-alquiler.webp","properties_post_image_url_thumbnail":"https:\/\/movin.cloud\/empresas\/2438\/imagenes\/thumbnails\/11247338\/barcelona-alquiler.webp","properties_post_title":"barcelona alquiler","properties_post_alt":"barcelona alquiler"},{"properties_post_image_order":18,"properties_post_image_url":"https:\/\/movin.cloud\/empresas\/2438\/imagenes\/11247338\/barcelona-alquiler-idealistas.webp","properties_post_image_url_thumbnail":"https:\/\/movin.cloud\/empresas\/2438\/imagenes\/thumbnails\/11247338\/barcelona-alquiler-idealistas.webp","properties_post_title":"barcelona alquiler idealistas","properties_post_alt":"barcelona alquiler idealistas"},{"properties_post_image_order":19,"properties_post_image_url":"https:\/\/movin.cloud\/empresas\/2438\/imagenes\/11247338\/barcelona-habitalia.webp","properties_post_image_url_thumbnail":"https:\/\/movin.cloud\/empresas\/2438\/imagenes\/thumbnails\/11247338\/barcelona-habitalia.webp","properties_post_title":"barcelona habitalia","properties_post_alt":"barcelona habitalia"},{"properties_post_image_order":20,"properties_post_image_url":"https:\/\/movin.cloud\/empresas\/2438\/imagenes\/11247338\/barcelona-alquiler-para-idealista.webp","properties_post_image_url_thumbnail":"https:\/\/movin.cloud\/empresas\/2438\/imagenes\/thumbnails\/11247338\/barcelona-alquiler-para-idealista.webp","properties_post_title":"barcelona alquiler para idealista","properties_post_alt":"barcelona alquiler para idealista"},{"properties_post_image_order":21,"properties_post_image_url":"https:\/\/movin.cloud\/empresas\/2438\/imagenes\/11247338\/en-alquiler-25.webp","properties_post_image_url_thumbnail":"https:\/\/movin.cloud\/empresas\/2438\/imagenes\/thumbnails\/11247338\/en-alquiler-25.webp","properties_post_title":"en alquiler 25","properties_post_alt":"en alquiler 25"},{"properties_post_image_order":22,"properties_post_image_url":"https:\/\/movin.cloud\/empresas\/2438\/imagenes\/11247338\/en-alquiler-26.webp","properties_post_image_url_thumbnail":"https:\/\/movin.cloud\/empresas\/2438\/imagenes\/thumbnails\/11247338\/en-alquiler-26.webp","properties_post_title":"en alquiler 26","properties_post_alt":"en alquiler 26"},{"properties_post_image_order":23,"properties_post_image_url":"https:\/\/movin.cloud\/empresas\/2438\/imagenes\/11247338\/en-alquiler-28.webp","properties_post_image_url_thumbnail":"https:\/\/movin.cloud\/empresas\/2438\/imagenes\/thumbnails\/11247338\/en-alquiler-28.webp","properties_post_title":"en alquiler 28","properties_post_alt":"en alquiler 28"},{"properties_post_image_order":24,"properties_post_image_url":"https:\/\/movin.cloud\/empresas\/2438\/imagenes\/11247338\/en-alquiler-27.webp","properties_post_image_url_thumbnail":"https:\/\/movin.cloud\/empresas\/2438\/imagenes\/thumbnails\/11247338\/en-alquiler-27.webp","properties_post_title":"en alquiler 27","properties_post_alt":"en alquiler 27"},{"properties_post_image_order":25,"properties_post_image_url":"https:\/\/movin.cloud\/empresas\/2438\/imagenes\/11247338\/en-alquiler-29.webp","properties_post_image_url_thumbnail":"https:\/\/movin.cloud\/empresas\/2438\/imagenes\/thumbnails\/11247338\/en-alquiler-29.webp","properties_post_title":"en alquiler 29","properties_post_alt":"en alquiler 29"},{"properties_post_image_order":26,"properties_post_image_url":"https:\/\/movin.cloud\/empresas\/2438\/imagenes\/11247338\/en-alquiler-31.webp","properties_post_image_url_thumbnail":"https:\/\/movin.cloud\/empresas\/2438\/imagenes\/thumbnails\/11247338\/en-alquiler-31.webp","properties_post_title":"en alquiler 31","properties_post_alt":"en alquiler 31"},{"properties_post_image_order":27,"properties_post_image_url":"https:\/\/movin.cloud\/empresas\/2438\/imagenes\/11247338\/en-alquiler-32.webp","properties_post_image_url_thumbnail":"https:\/\/movin.cloud\/empresas\/2438\/imagenes\/thumbnails\/11247338\/en-alquiler-32.webp","properties_post_title":"en alquiler 32","properties_post_alt":"en alquiler 32"},{"properties_post_image_order":28,"properties_post_image_url":"https:\/\/movin.cloud\/empresas\/2438\/imagenes\/11247338\/en-alquiler-33.webp","properties_post_image_url_thumbnail":"https:\/\/movin.cloud\/empresas\/2438\/imagenes\/thumbnails\/11247338\/en-alquiler-33.webp","properties_post_title":"en alquiler 33","properties_post_alt":"en alquiler 33"}],"post_type_properties_post_videos":null,"post_type_properties_post_tour":null,"post_type_properties_post_dossier_url":"","post_type_properties_post_operation_type":"rent","post_type_properties_post_operation_price":24808,"post_type_properties_post_features_hidden_price":false},"yoast_head":"<!-- This site is optimized with the Yoast SEO plugin v25.6 - https:\/\/yoast.com\/wordpress\/plugins\/seo\/ -->\n<title>ALABA - 22@ - Forcadell<\/title>\n<meta name=\"robots\" content=\"index, follow, max-snippet:-1, max-image-preview:large, max-video-preview:-1\" \/>\n<link rel=\"canonical\" href=\"https:\/\/forcadell.com\/ca\/propiedades\/alaba-22-6\/\" \/>\n<meta property=\"og:locale\" content=\"ca_ES\" \/>\n<meta property=\"og:type\" content=\"article\" \/>\n<meta property=\"og:title\" content=\"ALABA - 22@ - Forcadell\" \/>\n<meta property=\"og:description\" content=\"Descubre este edificio situado en la calle \u00c1laba de Barcelona, un exclusivo inmueble de oficinas dise\u00f1ado por Batlle i Roig, ubicado en una de las zonas m\u00e1s consolidadas y din\u00e1micas del Distrito 22@ de Barcelona. El edificio es l\u00edder en ecoeficiencia y bienestar, con m\u00e1s de 18.000 m\u00b2 de oficinas distribuidos en planta baja + [&hellip;]\" \/>\n<meta property=\"og:url\" content=\"https:\/\/forcadell.com\/ca\/propiedades\/alaba-22-6\/\" \/>\n<meta property=\"og:site_name\" content=\"Forcadell\" \/>\n<meta property=\"article:modified_time\" content=\"2026-04-26T17:07:45+00:00\" \/>\n<meta name=\"twitter:card\" content=\"summary_large_image\" \/>\n<meta name=\"twitter:label1\" content=\"Temps estimat de lectura\" \/>\n\t<meta name=\"twitter:data1\" content=\"2 minuts\" \/>\n<!-- \/ Yoast SEO plugin. -->","yoast_head_json":{"title":"ALABA - 22@ - Forcadell","robots":{"index":"index","follow":"follow","max-snippet":"max-snippet:-1","max-image-preview":"max-image-preview:large","max-video-preview":"max-video-preview:-1"},"canonical":"https:\/\/forcadell.com\/ca\/propiedades\/alaba-22-6\/","og_locale":"ca_ES","og_type":"article","og_title":"ALABA - 22@ - Forcadell","og_description":"Descubre este edificio situado en la calle \u00c1laba de Barcelona, un exclusivo inmueble de oficinas dise\u00f1ado por Batlle i Roig, ubicado en una de las zonas m\u00e1s consolidadas y din\u00e1micas del Distrito 22@ de Barcelona. El edificio es l\u00edder en ecoeficiencia y bienestar, con m\u00e1s de 18.000 m\u00b2 de oficinas distribuidos en planta baja + [&hellip;]","og_url":"https:\/\/forcadell.com\/ca\/propiedades\/alaba-22-6\/","og_site_name":"Forcadell","article_modified_time":"2026-04-26T17:07:45+00:00","twitter_card":"summary_large_image","twitter_misc":{"Temps estimat de lectura":"2 minuts"},"schema":{"@context":"https:\/\/schema.org","@graph":[{"@type":"WebPage","@id":"https:\/\/forcadell.com\/ca\/propiedades\/alaba-22-6\/","url":"https:\/\/forcadell.com\/ca\/propiedades\/alaba-22-6\/","name":"ALABA - 22@ - Forcadell","isPartOf":{"@id":"https:\/\/forcadell.com\/ca\/#website"},"datePublished":"2025-11-04T14:36:54+00:00","dateModified":"2026-04-26T17:07:45+00:00","breadcrumb":{"@id":"https:\/\/forcadell.com\/ca\/propiedades\/alaba-22-6\/#breadcrumb"},"inLanguage":"ca","potentialAction":[{"@type":"ReadAction","target":["https:\/\/forcadell.com\/ca\/propiedades\/alaba-22-6\/"]}]},{"@type":"BreadcrumbList","@id":"https:\/\/forcadell.com\/ca\/propiedades\/alaba-22-6\/#breadcrumb","itemListElement":[{"@type":"ListItem","position":1,"name":"Portada","item":"https:\/\/forcadell.com\/ca\/"},{"@type":"ListItem","position":2,"name":"Properties","item":"https:\/\/forcadell.com\/ca\/propiedades\/"},{"@type":"ListItem","position":3,"name":"ALABA &#8211; 22@"}]},{"@type":"WebSite","@id":"https:\/\/forcadell.com\/ca\/#website","url":"https:\/\/forcadell.com\/ca\/","name":"Forcadell","description":"Inmobiliaria Barcelona | Consultores inmobiliarios","potentialAction":[{"@type":"SearchAction","target":{"@type":"EntryPoint","urlTemplate":"https:\/\/forcadell.com\/ca\/?s={search_term_string}"},"query-input":{"@type":"PropertyValueSpecification","valueRequired":true,"valueName":"search_term_string"}}],"inLanguage":"ca"}]}},"_links":{"self":[{"href":"https:\/\/forcadell.com\/ca\/wp-json\/wp\/v2\/properties_post\/58220"}],"collection":[{"href":"https:\/\/forcadell.com\/ca\/wp-json\/wp\/v2\/properties_post"}],"about":[{"href":"https:\/\/forcadell.com\/ca\/wp-json\/wp\/v2\/types\/properties_post"}],"wp:attachment":[{"href":"https:\/\/forcadell.com\/ca\/wp-json\/wp\/v2\/media?parent=58220"}],"curies":[{"name":"wp","href":"https:\/\/api.w.org\/{rel}","templated":true}]}}