{"id":58213,"date":"2025-11-04T16:36:28","date_gmt":"2025-11-04T14:36:28","guid":{"rendered":"https:\/\/www.forcadell.com\/propiedades\/la-rambla-124\/"},"modified":"2026-04-26T16:11:39","modified_gmt":"2026-04-26T14:11:39","slug":"la-rambla-124","status":"publish","type":"properties_post","link":"https:\/\/forcadell.com\/ca\/propiedades\/la-rambla-124\/","title":{"rendered":"LA RAMBLA 124"},"content":{"rendered":"<p>Edificio hist\u00f3rico de 1919, en pleno centro de Les Rambles.<\/p>\n<p>Rehabilitado en 2020 por el prestigioso estudio de arquitectos Rold\u00e1n &amp; Berengu\u00e9.<br \/>\n\u00a1Un espacio \u00fanico para tu negocio!<\/p>\n<p>Caracter\u00edsticas del edificio:<\/p>\n<p>Edificio hist\u00f3rico, con encanto y modernidad.<br \/>\nUso: Oficinas adaptadas a tus necesidades.<br \/>\nAcceso independiente desde la Plaza de la Vila de Madrid.<br \/>\nPlanta baja y primera planta de uso comercial.<br \/>\nRooftop con vistas panor\u00e1micas impresionantes.<\/p>\n<p>Caracter\u00edsticas de la oficina:<\/p>\n<p>Plantas di\u00e1fanas (open plan) para maximizar tu espacio.<br \/>\nGrandes ventanales con vistas a Las Ramblas.<br \/>\nTechos altos de m\u00e1s de 3 metros para un ambiente amplio y luminoso.<br \/>\nLuminarias suspendidas que crean una atm\u00f3sfera \u00fanica.<br \/>\nSuelo t\u00e9cnico para una mayor comodidad y funcionalidad.<br \/>\nOficinas implantadas (plug&amp;play), listas para usar desde el primer d\u00eda.<\/p>\n<p>Conexi\u00f3n con el transporte p\u00fablico:Bus: L\u00edneas 59, H16.<\/p>\n<p>Metro: L1, L3 &#8211; Estaci\u00f3n Catalunya.<br \/>\nFGC: L6, L7, S1, S2 &#8211; Estaci\u00f3n Catalunya.<\/p>\n<p>\u00a1Tu oficina ideal te espera!<\/p>\n","protected":false},"template":"","class_list":["post-58213","properties_post","type-properties_post","status-publish","hentry","properties_modality-rent","properties_district-ciutat-vella","properties_province-barcelona","properties_zone-centro","properties_state-barcelona","properties_subclass-oficina","properties_type-oficina"],"acf":{"post_type_properties_post_property_code":"11247312","post_type_properties_post_property_reference":"IE-226055","post_type_properties_post_owner_id":"30520","post_type_properties_post_owner_name":"REAL I.S. AG","post_type_properties_post_property_code_encrypted":"MjQ5JDMxODc5","post_type_properties_post_published":"1","post_type_properties_post_property_visibility":"idealista","post_type_properties_post_contact_name":"Forcadell Oficinas Barcelona","post_type_properties_post_contact_email":"forcadell.oficinas.barcelona@movin.cloud","post_type_properties_post_contact_primary_phone_prefix":"34","post_type_properties_post_contact_primary_phone_number":"934965413","post_type_properties_post_address_visibility":"street","post_type_properties_post_address_country":"Spain","post_type_properties_post_address_coordinates_precision":"exact","post_type_properties_post_address_postal_code":"08002","post_type_properties_post_address_coordinates_latitude":"41.38413","post_type_properties_post_address_coordinates_longitude":"2.17157","post_type_properties_post_address_street_name":"La Rambla N\u00ba 124","post_type_properties_post_address_floor":"","post_type_properties_post_address_town":"Barcelona","post_type_properties_post_building":null,"post_type_properties_post_property":[{"properties_post_description_language":"catalan","properties_post_title":"LA RAMBLA 124 ","properties_post_short_description_text_alt":"\n","properties_post_description_text_alt":"","properties_post_short_description_text":" ","properties_post_link_demanda_inmueble":"https:\/\/movin.cloud\/ca\/Forcadell Oficinas Barcelona\/formulari-peticio-immoble\/sth\/2438&&11247312","properties_post_link_demanda_calendario_inmueble":"https:\/\/movin.cloud\/ca\/Forcadell Oficinas Barcelona\/calendari-peticio-immoble\/sth\/2438&&11247312","properties_post_description_text":"Descobreix un edifici hist\u00f2ric al centre de Barcelona!\n\nUbicat a Les Rambles 124, aquest edifici ic\u00f2nic, constru\u00eft el 1919 i completament rehabilitat el 2020 pel prestigi\u00f3s estudi d'arquitectes Rold\u00e1n & Berengu\u00e9, combina l'encant del passat amb les comoditats del present.\n\nCaracter\u00edstiques de l'Edifici:\n\nEdifici hist\u00f2ric amb una arquitectura \u00fanica.\n\u00das principal: Oficines modernes.\nAcc\u00e9s privat des de la Pla\u00e7a de la Vila de Madrid.\nPlanta baixa i P1 dedicades a \u00fas comercial.\nRooftop amb impressionants vistes panor\u00e0miques de Barcelona.\n\nCaracter\u00edstiques de les Oficines:\n\nEspais di\u00e0fans (open pla), ideals per a la m\u00e0xima flexibilitat.\nGrans finestrals que inunden de llum natural i ofereixen vistes espectaculars a les Rambles.\nSostres alts, amb m\u00e9s de 3 metres d'al\u00e7ada.\nLlumin\u00e0ries suspeses per a un ambient modern i estilitzat.\nS\u00f2l t\u00e8cnic, ideal per a una f\u00e0cil adaptaci\u00f3 tecnol\u00f2gica.\nOficines llestes per operar: Plug & Play.\n\nExcel\u00b7lent Connexi\u00f3 amb Transport P\u00fablic:\n\nAutobusos: 59, H16.\nMetro: L1, L3 \u2013 Estaci\u00f3 Catalunya.\nFGC: L6, L7, S1, S2 \u2013 Estaci\u00f3 Catalunya.\n\nUn lloc perfecte per establir el teu negoci en un entorn de prestigi i de modernitat. Vine i coneix la teva propera oficina!","properties_post_seo_title":"","properties_post_seo_alias":"","properties_post_seo_metadescription":"oficina llgouer Barcelona","properties_post_seo_key_words":"oficina alquiler Barcelona","properties_post_seo_url":"","properties_post_terms_conditions":""},{"properties_post_description_language":"spanish","properties_post_title":"LA RAMBLA 124 ","properties_post_short_description_text_alt":" ","properties_post_description_text_alt":"","properties_post_short_description_text":"","properties_post_link_demanda_inmueble":"https:\/\/movin.cloud\/es\/Forcadell Oficinas Barcelona\/formulario-peticion-inmueble\/sth\/2438&&11247312","properties_post_link_demanda_calendario_inmueble":"https:\/\/movin.cloud\/es\/Forcadell Oficinas Barcelona\/calendario-peticion-inmueble\/sth\/2438&&11247312","properties_post_description_text":"Edificio hist\u00f3rico de 1919, en pleno centro de Les Rambles.\n\nRehabilitado en 2020 por el prestigioso estudio de arquitectos Rold\u00e1n & Berengu\u00e9.\n\u00a1Un espacio \u00fanico para tu negocio!\n\nCaracter\u00edsticas del edificio:\n\nEdificio hist\u00f3rico, con encanto y modernidad.\nUso: Oficinas adaptadas a tus necesidades.\nAcceso independiente desde la Plaza de la Vila de Madrid.\nPlanta baja y primera planta de uso comercial.\nRooftop con vistas panor\u00e1micas impresionantes.\n\nCaracter\u00edsticas de la oficina:\n\nPlantas di\u00e1fanas (open plan) para maximizar tu espacio.\nGrandes ventanales con vistas a Las Ramblas.\nTechos altos de m\u00e1s de 3 metros para un ambiente amplio y luminoso.\nLuminarias suspendidas que crean una atm\u00f3sfera \u00fanica.\nSuelo t\u00e9cnico para una mayor comodidad y funcionalidad.\nOficinas implantadas (plug&play), listas para usar desde el primer d\u00eda.\n\nConexi\u00f3n con el transporte p\u00fablico:Bus: L\u00edneas 59, H16.\n\nMetro: L1, L3 - Estaci\u00f3n Catalunya.\nFGC: L6, L7, S1, S2 - Estaci\u00f3n Catalunya.\n\n\u00a1Tu oficina ideal te espera!","properties_post_seo_title":"","properties_post_seo_alias":"","properties_post_seo_metadescription":"oficina alquiler Barcelona","properties_post_seo_key_words":"oficina alquiler Barcelona","properties_post_seo_url":"","properties_post_terms_conditions":""},{"properties_post_description_language":"english","properties_post_title":"LA RAMBLA 124 ","properties_post_short_description_text_alt":"\n","properties_post_description_text_alt":"","properties_post_short_description_text":"\n","properties_post_link_demanda_inmueble":"https:\/\/movin.cloud\/en\/Forcadell Oficinas Barcelona\/property-form-request\/sth\/2438&&11247312","properties_post_link_demanda_calendario_inmueble":"https:\/\/movin.cloud\/en\/Forcadell Oficinas Barcelona\/property-calendar-request\/sth\/2438&&11247312","properties_post_description_text":"Discover a historic building in the heart of Barcelona!\n\nLocated at Les Rambles 124, this iconic building, built in 1919 and completely renovated in 2020 by the prestigious architectural firm Rold\u00e1n & Berengu\u00e9, combines the charm of the past with the comforts of the present.\n\nBuilding Features:\n\nHistoric building with unique architecture.\nMain use: Modern offices.\nPrivate access from Pla\u00e7a de la Vila de Madrid.\nGround floor and P1 dedicated to commercial use.\nRooftop with stunning panoramic views of Barcelona.\n\nOffice Features:\n\nOpen plan spaces, ideal for maximum flexibility.\nLarge windows that flood with natural light and offer spectacular views of Les Rambles.\nHigh ceilings, over 3 metres high.\nSuspended luminaires for a modern and stylish atmosphere.\nRaised floor, ideal for easy technological adaptation.\nReady to operate offices: Plug & Play.\n\nExcellent Public Transport Connection:\n\nBuses: 59, H16.\nMetro: L1, L3 \u2013 Catalunya Station.\nFGC: L6, L7, S1, S2 \u2013 Catalunya Station.\n\nA perfect place to establish your business in a prestigious and modern environment. Come and see your next office!","properties_post_seo_title":"","properties_post_seo_alias":"","properties_post_seo_metadescription":"Offices for rent Barcelona","properties_post_seo_key_words":"Offices for rent Barcelona","properties_post_seo_url":"","properties_post_terms_conditions":""}],"post_type_properties_post_features_type":"office","post_type_properties_post_id_building":"MjkkNzQxOQ==","post_type_properties_post_features_area_constructed":558,"post_type_properties_post_features_conditioned_air":true,"post_type_properties_post_features_doorman":false,"post_type_properties_post_features_heating":true,"post_type_properties_post_features_equipped_kitchen":false,"post_type_properties_post_features_windows_location":"exterior","post_type_properties_post_features_floors_property":false,"post_type_properties_post_features_storage":false,"post_type_properties_post_features_security_door":false,"post_type_properties_post_features_energy_certificate_rating":"exempt","post_type_properties_post_features_energy_certificate_emissions_rating":"","post_type_properties_post_features_energy_certificate_emissions_value":"","post_type_properties_post_features_energy_certificate_performance":"","post_type_properties_post_features_bathroom_inside":false,"post_type_properties_post_precio":13409.28,"post_type_properties_post_precio_alquiler":13409.28,"post_type_properties_post_record_type_id":"Oficina","post_type_properties_post_categoria__producto":"Oficina","post_type_properties_post_amueblado":false,"post_type_properties_post_precio_m2":24,"post_type_properties_post_zona__comunitaria":false,"post_type_properties_post_electrodomesticos":false,"post_type_properties_post_patio__interior":true,"post_type_properties_post_certificado_energetico_general":"X (Exento)","post_type_properties_post_certificado_energetico_consumo":"X (Exento)","post_type_properties_post_certificado_energetico_valor_emisiones":"","post_type_properties_post_certificado_energetico_valor_consumo":"","post_type_properties_post_modalidad":"rent","post_type_properties_post_provincia":"Barcelona","post_type_properties_post_poblacion":"Barcelona","post_type_properties_post_centro__urbano":false,"post_type_properties_post_zonificacion":"Centro","post_type_properties_post_cartera":"","post_type_properties_post_titulo_catalan":"LA RAMBLA 124 ","post_type_properties_post_internet_catalan":"Descobreix un edifici hist\u00f2ric al centre de Barcelona!\n\nUbicat a Les Rambles 124, aquest edifici ic\u00f2nic, constru\u00eft el 1919 i completament rehabilitat el 2020 pel prestigi\u00f3s estudi d'arquitectes Rold\u00e1n & Berengu\u00e9, combina l'encant del passat amb les comoditats del present.\n\nCaracter\u00edstiques de l'Edifici:\n\nEdifici hist\u00f2ric amb una arquitectura \u00fanica.\n\u00das principal: Oficines modernes.\nAcc\u00e9s privat des de la Pla\u00e7a de la Vila de Madrid.\nPlanta baixa i P1 dedicades a \u00fas comercial.\nRooftop amb impressionants vistes panor\u00e0miques de Barcelona.\n\nCaracter\u00edstiques de les Oficines:\n\nEspais di\u00e0fans (open pla), ideals per a la m\u00e0xima flexibilitat.\nGrans finestrals que inunden de llum natural i ofereixen vistes espectaculars a les Rambles.\nSostres alts, amb m\u00e9s de 3 metres d'al\u00e7ada.\nLlumin\u00e0ries suspeses per a un ambient modern i estilitzat.\nS\u00f2l t\u00e8cnic, ideal per a una f\u00e0cil adaptaci\u00f3 tecnol\u00f2gica.\nOficines llestes per operar: Plug & Play.\n\nExcel\u00b7lent Connexi\u00f3 amb Transport P\u00fablic:\n\nAutobusos: 59, H16.\nMetro: L1, L3 \u2013 Estaci\u00f3 Catalunya.\nFGC: L6, L7, S1, S2 \u2013 Estaci\u00f3 Catalunya.\n\nUn lloc perfecte per establir el teu negoci en un entorn de prestigi i de modernitat. Vine i coneix la teva propera oficina!","post_type_properties_post_titulo_castellano":"LA RAMBLA 124 ","post_type_properties_post_internet_castellano":"Edificio hist\u00f3rico de 1919, en pleno centro de Les Rambles.\n\nRehabilitado en 2020 por el prestigioso estudio de arquitectos Rold\u00e1n & Berengu\u00e9.\n\u00a1Un espacio \u00fanico para tu negocio!\n\nCaracter\u00edsticas del edificio:\n\nEdificio hist\u00f3rico, con encanto y modernidad.\nUso: Oficinas adaptadas a tus necesidades.\nAcceso independiente desde la Plaza de la Vila de Madrid.\nPlanta baja y primera planta de uso comercial.\nRooftop con vistas panor\u00e1micas impresionantes.\n\nCaracter\u00edsticas de la oficina:\n\nPlantas di\u00e1fanas (open plan) para maximizar tu espacio.\nGrandes ventanales con vistas a Las Ramblas.\nTechos altos de m\u00e1s de 3 metros para un ambiente amplio y luminoso.\nLuminarias suspendidas que crean una atm\u00f3sfera \u00fanica.\nSuelo t\u00e9cnico para una mayor comodidad y funcionalidad.\nOficinas implantadas (plug&play), listas para usar desde el primer d\u00eda.\n\nConexi\u00f3n con el transporte p\u00fablico:Bus: L\u00edneas 59, H16.\n\nMetro: L1, L3 - Estaci\u00f3n Catalunya.\nFGC: L6, L7, S1, S2 - Estaci\u00f3n Catalunya.\n\n\u00a1Tu oficina ideal te espera!","post_type_properties_post_titulo_ingles":"LA RAMBLA 124 ","post_type_properties_post_internet_ingles":"Discover a historic building in the heart of Barcelona!\n\nLocated at Les Rambles 124, this iconic building, built in 1919 and completely renovated in 2020 by the prestigious architectural firm Rold\u00e1n & Berengu\u00e9, combines the charm of the past with the comforts of the present.\n\nBuilding Features:\n\nHistoric building with unique architecture.\nMain use: Modern offices.\nPrivate access from Pla\u00e7a de la Vila de Madrid.\nGround floor and P1 dedicated to commercial use.\nRooftop with stunning panoramic views of Barcelona.\n\nOffice Features:\n\nOpen plan spaces, ideal for maximum flexibility.\nLarge windows that flood with natural light and offer spectacular views of Les Rambles.\nHigh ceilings, over 3 metres high.\nSuspended luminaires for a modern and stylish atmosphere.\nRaised floor, ideal for easy technological adaptation.\nReady to operate offices: Plug & Play.\n\nExcellent Public Transport Connection:\n\nBuses: 59, H16.\nMetro: L1, L3 \u2013 Catalunya Station.\nFGC: L6, L7, S1, S2 \u2013 Catalunya Station.\n\nA perfect place to establish your business in a prestigious and modern environment. Come and see your next office!","post_type_properties_post_features_classification_commercial":false,"post_type_properties_post_features_conservation":"good","post_type_properties_post_features_security_personnel":false,"post_type_properties_post_features_parking_available":false,"post_type_properties_post_features_garage_capacity_type":"","post_type_properties_post_features_bathroom_number":"","post_type_properties_post_eje":"","post_type_properties_post_zona":"","post_type_properties_post_comarca":"","post_type_properties_post_features_built_year":"","post_type_properties_post_renta_mensual":"","post_type_properties_post_fianza":"","post_type_properties_post_features_area_plot":"","post_type_properties_post_features_area_buildable":"","post_type_properties_post_features_classification_industrial":false,"post_type_properties_post_distrito":"","post_type_properties_post_features_balcony":false,"post_type_properties_post_features_bedroom_number":"","post_type_properties_post_features_heating_type":"","post_type_properties_post_features_equipped_with_furniture":false,"post_type_properties_post_features_pets_allowed":false,"post_type_properties_post_features_pool":false,"post_type_properties_post_features_terrace":false,"post_type_properties_post_features_wardrobes":false,"post_type_properties_post_features_lift_available":false,"post_type_properties_post_features_handicap_adapted_access":false,"post_type_properties_post_features_orientation_east":false,"post_type_properties_post_features_orientation_west":false,"post_type_properties_post_features_orientation_north":false,"post_type_properties_post_features_orientation_south":false,"post_type_properties_post_features_parking_spaces_number":"","post_type_properties_post_features_security_alarm":false,"post_type_properties_post_features_security_system":false,"post_type_properties_post_open_plan":false,"post_type_properties_post_acceso_24_7":false,"post_type_properties_post_oficina_privada":false,"post_type_properties_post_sala_reuniones":false,"post_type_properties_post_espacio_eventos":false,"post_type_properties_post_office":false,"post_type_properties_post_restaurant":false,"post_type_properties_post_acepta_traspaso":false,"post_type_properties_post_vigilancia":true,"post_type_properties_post_features_suite":false,"post_type_properties_post_features_vitro":false,"post_type_properties_post_features_oven":false,"post_type_properties_post_features_microwave":false,"post_type_properties_post_features_washing_machine":false,"post_type_properties_post_features_dryer":false,"post_type_properties_post_features_dishwasher":false,"post_type_properties_post_features_fridge":false,"post_type_properties_post_features_fridge_mini":false,"post_type_properties_post_features_kettle":false,"post_type_properties_post_features_toaster":false,"post_type_properties_post_features_coffee_maker":false,"post_type_properties_post_features_iron":false,"post_type_properties_post_features_ironing_board":false,"post_type_properties_post_features_safe":false,"post_type_properties_post_features_internet":false,"post_type_properties_post_features_solarium":false,"post_type_properties_post_features_clean_service":false,"post_type_properties_post_features_t_v":false,"post_type_properties_post_features_satellite_t_v":false,"post_type_properties_post_features_gas_kitchen":false,"post_type_properties_post_features_view_mountain":false,"post_type_properties_post_features_view_sea":true,"post_type_properties_post_features_concierge":false,"post_type_properties_post_features_loading_dock":false,"post_type_properties_post_features_bridge_crane":false,"post_type_properties_post_features_located_at_corner":false,"post_type_properties_post_features_smoke_extraction":false,"post_type_properties_post_features_rooms":"","post_type_properties_post_features_garden_area":"","post_type_properties_post_features_utilities_water":false,"post_type_properties_post_features_utilities_electricity":false,"post_type_properties_post_features_utilities_natural_gas":false,"post_type_properties_post_features_building_adapted":false,"post_type_properties_post_features_garden":false,"post_type_properties_post_features_classification_hotel":false,"post_type_properties_post_features_classification_chalet":false,"post_type_properties_post_certificado_energetico_emisiones":"X (Exento)","post_type_properties_post_barrio":"","post_type_properties_post_distrito_empresa":"Ciutat Vella","post_type_properties_post_features_property_category_intern":"","post_type_properties_post_implantada":true,"post_type_properties_post_sello_leed":"","post_type_properties_post_sello_well":"","post_type_properties_post_sello_breeam":true,"post_type_properties_post_images":[{"properties_post_image_order":1,"properties_post_image_url":"https:\/\/movin.cloud\/empresas\/2438\/imagenes\/11247312\/en-alquiler-5.webp","properties_post_image_url_thumbnail":"https:\/\/movin.cloud\/empresas\/2438\/imagenes\/thumbnails\/11247312\/en-alquiler-5.webp","properties_post_title":"en alquiler 5","properties_post_alt":"en alquiler 5"},{"properties_post_image_order":2,"properties_post_image_url":"https:\/\/movin.cloud\/empresas\/2438\/imagenes\/11247312\/en-alquiler-4.webp","properties_post_image_url_thumbnail":"https:\/\/movin.cloud\/empresas\/2438\/imagenes\/thumbnails\/11247312\/en-alquiler-4.webp","properties_post_title":"en alquiler 4","properties_post_alt":"en alquiler 4"},{"properties_post_image_order":3,"properties_post_image_url":"https:\/\/movin.cloud\/empresas\/2438\/imagenes\/11247312\/en-alquiler-3.webp","properties_post_image_url_thumbnail":"https:\/\/movin.cloud\/empresas\/2438\/imagenes\/thumbnails\/11247312\/en-alquiler-3.webp","properties_post_title":"en alquiler 3","properties_post_alt":"en alquiler 3"},{"properties_post_image_order":4,"properties_post_image_url":"https:\/\/movin.cloud\/empresas\/2438\/imagenes\/11247312\/en-alquiler-6.webp","properties_post_image_url_thumbnail":"https:\/\/movin.cloud\/empresas\/2438\/imagenes\/thumbnails\/11247312\/en-alquiler-6.webp","properties_post_title":"en alquiler 6","properties_post_alt":"en alquiler 6"},{"properties_post_image_order":5,"properties_post_image_url":"https:\/\/movin.cloud\/empresas\/2438\/imagenes\/11247312\/en-alquiler-8.webp","properties_post_image_url_thumbnail":"https:\/\/movin.cloud\/empresas\/2438\/imagenes\/thumbnails\/11247312\/en-alquiler-8.webp","properties_post_title":"en alquiler 8","properties_post_alt":"en alquiler 8"},{"properties_post_image_order":6,"properties_post_image_url":"https:\/\/movin.cloud\/empresas\/2438\/imagenes\/11247312\/en-alquiler-9.webp","properties_post_image_url_thumbnail":"https:\/\/movin.cloud\/empresas\/2438\/imagenes\/thumbnails\/11247312\/en-alquiler-9.webp","properties_post_title":"en alquiler 9","properties_post_alt":"en alquiler 9"},{"properties_post_image_order":7,"properties_post_image_url":"https:\/\/movin.cloud\/empresas\/2438\/imagenes\/11247312\/en-alquiler-10.webp","properties_post_image_url_thumbnail":"https:\/\/movin.cloud\/empresas\/2438\/imagenes\/thumbnails\/11247312\/en-alquiler-10.webp","properties_post_title":"en alquiler 10","properties_post_alt":"en alquiler 10"},{"properties_post_image_order":8,"properties_post_image_url":"https:\/\/movin.cloud\/empresas\/2438\/imagenes\/11247312\/en-alquiler-7.webp","properties_post_image_url_thumbnail":"https:\/\/movin.cloud\/empresas\/2438\/imagenes\/thumbnails\/11247312\/en-alquiler-7.webp","properties_post_title":"en alquiler 7","properties_post_alt":"en alquiler 7"},{"properties_post_image_order":9,"properties_post_image_url":"https:\/\/movin.cloud\/empresas\/2438\/imagenes\/11247312\/barcelona-inmobiliarias.webp","properties_post_image_url_thumbnail":"https:\/\/movin.cloud\/empresas\/2438\/imagenes\/thumbnails\/11247312\/barcelona-inmobiliarias.webp","properties_post_title":"barcelona inmobiliarias","properties_post_alt":"barcelona inmobiliarias"},{"properties_post_image_order":10,"properties_post_image_url":"https:\/\/movin.cloud\/empresas\/2438\/imagenes\/11247312\/barcelona-inmobiliaria.webp","properties_post_image_url_thumbnail":"https:\/\/movin.cloud\/empresas\/2438\/imagenes\/thumbnails\/11247312\/barcelona-inmobiliaria.webp","properties_post_title":"barcelona inmobiliaria","properties_post_alt":"barcelona inmobiliaria"},{"properties_post_image_order":11,"properties_post_image_url":"https:\/\/movin.cloud\/empresas\/2438\/imagenes\/11247312\/en-alquiler-1.webp","properties_post_image_url_thumbnail":"https:\/\/movin.cloud\/empresas\/2438\/imagenes\/thumbnails\/11247312\/en-alquiler-1.webp","properties_post_title":"en alquiler 1","properties_post_alt":"en alquiler 1"},{"properties_post_image_order":12,"properties_post_image_url":"https:\/\/movin.cloud\/empresas\/2438\/imagenes\/11247312\/en-alquiler-2.webp","properties_post_image_url_thumbnail":"https:\/\/movin.cloud\/empresas\/2438\/imagenes\/thumbnails\/11247312\/en-alquiler-2.webp","properties_post_title":"en alquiler 2","properties_post_alt":"en alquiler 2"},{"properties_post_image_order":13,"properties_post_image_url":"https:\/\/movin.cloud\/empresas\/2438\/imagenes\/11247312\/rent.webp","properties_post_image_url_thumbnail":"https:\/\/movin.cloud\/empresas\/2438\/imagenes\/thumbnails\/11247312\/rent.webp","properties_post_title":"rent","properties_post_alt":"rent"},{"properties_post_image_order":14,"properties_post_image_url":"https:\/\/movin.cloud\/empresas\/2438\/imagenes\/11247312\/barcelona-en-alquiler.webp","properties_post_image_url_thumbnail":"https:\/\/movin.cloud\/empresas\/2438\/imagenes\/thumbnails\/11247312\/barcelona-en-alquiler.webp","properties_post_title":"barcelona en alquiler","properties_post_alt":"barcelona en alquiler"},{"properties_post_image_order":15,"properties_post_image_url":"https:\/\/movin.cloud\/empresas\/2438\/imagenes\/11247312\/en-alquiler-11.webp","properties_post_image_url_thumbnail":"https:\/\/movin.cloud\/empresas\/2438\/imagenes\/thumbnails\/11247312\/en-alquiler-11.webp","properties_post_title":"en alquiler 11","properties_post_alt":"en alquiler 11"}],"post_type_properties_post_videos":null,"post_type_properties_post_tour":null,"post_type_properties_post_dossier_url":"","post_type_properties_post_operation_type":"rent","post_type_properties_post_operation_price":13409,"post_type_properties_post_features_hidden_price":false},"yoast_head":"<!-- This site is optimized with the Yoast SEO plugin v25.6 - https:\/\/yoast.com\/wordpress\/plugins\/seo\/ -->\n<title>LA RAMBLA 124 - Forcadell<\/title>\n<meta name=\"robots\" content=\"index, follow, max-snippet:-1, max-image-preview:large, max-video-preview:-1\" \/>\n<link rel=\"canonical\" href=\"https:\/\/forcadell.com\/ca\/propiedades\/la-rambla-124\/\" \/>\n<meta property=\"og:locale\" content=\"ca_ES\" \/>\n<meta property=\"og:type\" content=\"article\" \/>\n<meta property=\"og:title\" content=\"LA RAMBLA 124 - Forcadell\" \/>\n<meta property=\"og:description\" content=\"Edificio hist\u00f3rico de 1919, en pleno centro de Les Rambles. Rehabilitado en 2020 por el prestigioso estudio de arquitectos Rold\u00e1n &amp; Berengu\u00e9. \u00a1Un espacio \u00fanico para tu negocio! Caracter\u00edsticas del edificio: Edificio hist\u00f3rico, con encanto y modernidad. Uso: Oficinas adaptadas a tus necesidades. Acceso independiente desde la Plaza de la Vila de Madrid. Planta baja [&hellip;]\" \/>\n<meta property=\"og:url\" content=\"https:\/\/forcadell.com\/ca\/propiedades\/la-rambla-124\/\" \/>\n<meta property=\"og:site_name\" content=\"Forcadell\" \/>\n<meta property=\"article:modified_time\" content=\"2026-04-26T14:11:39+00:00\" \/>\n<meta name=\"twitter:card\" content=\"summary_large_image\" \/>\n<meta name=\"twitter:label1\" content=\"Temps estimat de lectura\" \/>\n\t<meta name=\"twitter:data1\" content=\"1 minut\" \/>\n<!-- \/ Yoast SEO plugin. -->","yoast_head_json":{"title":"LA RAMBLA 124 - Forcadell","robots":{"index":"index","follow":"follow","max-snippet":"max-snippet:-1","max-image-preview":"max-image-preview:large","max-video-preview":"max-video-preview:-1"},"canonical":"https:\/\/forcadell.com\/ca\/propiedades\/la-rambla-124\/","og_locale":"ca_ES","og_type":"article","og_title":"LA RAMBLA 124 - Forcadell","og_description":"Edificio hist\u00f3rico de 1919, en pleno centro de Les Rambles. Rehabilitado en 2020 por el prestigioso estudio de arquitectos Rold\u00e1n &amp; Berengu\u00e9. \u00a1Un espacio \u00fanico para tu negocio! Caracter\u00edsticas del edificio: Edificio hist\u00f3rico, con encanto y modernidad. Uso: Oficinas adaptadas a tus necesidades. Acceso independiente desde la Plaza de la Vila de Madrid. Planta baja [&hellip;]","og_url":"https:\/\/forcadell.com\/ca\/propiedades\/la-rambla-124\/","og_site_name":"Forcadell","article_modified_time":"2026-04-26T14:11:39+00:00","twitter_card":"summary_large_image","twitter_misc":{"Temps estimat de lectura":"1 minut"},"schema":{"@context":"https:\/\/schema.org","@graph":[{"@type":"WebPage","@id":"https:\/\/forcadell.com\/ca\/propiedades\/la-rambla-124\/","url":"https:\/\/forcadell.com\/ca\/propiedades\/la-rambla-124\/","name":"LA RAMBLA 124 - Forcadell","isPartOf":{"@id":"https:\/\/forcadell.com\/ca\/#website"},"datePublished":"2025-11-04T14:36:28+00:00","dateModified":"2026-04-26T14:11:39+00:00","breadcrumb":{"@id":"https:\/\/forcadell.com\/ca\/propiedades\/la-rambla-124\/#breadcrumb"},"inLanguage":"ca","potentialAction":[{"@type":"ReadAction","target":["https:\/\/forcadell.com\/ca\/propiedades\/la-rambla-124\/"]}]},{"@type":"BreadcrumbList","@id":"https:\/\/forcadell.com\/ca\/propiedades\/la-rambla-124\/#breadcrumb","itemListElement":[{"@type":"ListItem","position":1,"name":"Portada","item":"https:\/\/forcadell.com\/ca\/"},{"@type":"ListItem","position":2,"name":"Properties","item":"https:\/\/forcadell.com\/ca\/propiedades\/"},{"@type":"ListItem","position":3,"name":"LA RAMBLA 124"}]},{"@type":"WebSite","@id":"https:\/\/forcadell.com\/ca\/#website","url":"https:\/\/forcadell.com\/ca\/","name":"Forcadell","description":"Inmobiliaria Barcelona | Consultores inmobiliarios","potentialAction":[{"@type":"SearchAction","target":{"@type":"EntryPoint","urlTemplate":"https:\/\/forcadell.com\/ca\/?s={search_term_string}"},"query-input":{"@type":"PropertyValueSpecification","valueRequired":true,"valueName":"search_term_string"}}],"inLanguage":"ca"}]}},"_links":{"self":[{"href":"https:\/\/forcadell.com\/ca\/wp-json\/wp\/v2\/properties_post\/58213"}],"collection":[{"href":"https:\/\/forcadell.com\/ca\/wp-json\/wp\/v2\/properties_post"}],"about":[{"href":"https:\/\/forcadell.com\/ca\/wp-json\/wp\/v2\/types\/properties_post"}],"wp:attachment":[{"href":"https:\/\/forcadell.com\/ca\/wp-json\/wp\/v2\/media?parent=58213"}],"curies":[{"name":"wp","href":"https:\/\/api.w.org\/{rel}","templated":true}]}}