{"id":58210,"date":"2025-11-04T16:36:14","date_gmt":"2025-11-04T14:36:14","guid":{"rendered":"https:\/\/www.forcadell.com\/propiedades\/torre-marenostrum-3\/"},"modified":"2026-04-27T00:37:13","modified_gmt":"2026-04-26T22:37:13","slug":"torre-marenostrum-3","status":"publish","type":"properties_post","link":"https:\/\/forcadell.com\/ca\/propiedades\/torre-marenostrum-3\/","title":{"rendered":"TORRE MARENOSTRUM"},"content":{"rendered":"<p>Torre Marenostrum<\/p>\n<p>Innovaci\u00f3n, dise\u00f1o y proyecci\u00f3n empresarial en el litoral de Barcelona<\/p>\n<p>Torre Marenostrum se ha consolidado como uno de los edificios m\u00e1s destacados y reconocibles de la ciudad. Su arquitectura moderna y din\u00e1mica, inspirada en las formas naturales del Mediterr\u00e1neo, aporta una identidad \u00fanica al frente mar\u00edtimo barcelon\u00e9s.<\/p>\n<p>El edificio ofrece 22.250 m\u00b2 de superficie total, con plantas di\u00e1fanas, luminosas y vers\u00e1tiles, dise\u00f1adas para favorecer la eficiencia y el bienestar en el entorno laboral. Cada detalle ha sido pensado para garantizar confort, funcionalidad y representatividad.<\/p>\n<p>Dotaciones y servicios:<\/p>\n<p>Amplio hall de entrada con imagen corporativa destacada<br \/>\nSuelo t\u00e9cnico y falso techo con iluminaci\u00f3n LED<br \/>\nSistema de climatizaci\u00f3n fr\u00edo\/calor<br \/>\nExcelente entrada de luz natural<br \/>\n553 plazas de aparcamiento en el propio edificio<br \/>\nAuditorio con capacidad para 120 personas<br \/>\n6 ascensores de alta capacidad<br \/>\nSeguridad y control de accesos las 24 horas<br \/>\nVestuarios equipados con duchas<\/p>\n<p>Conectividad:<\/p>\n<p>Metro: L4 (Barceloneta \/ Vila Ol\u00edmpica)<br \/>\nAutobuses: 17, 36, 40, 45, N0, N6, N8<br \/>\nAeropuerto: a tan solo 20 minutos<\/p>\n<p>Torre Marenostrum representa la combinaci\u00f3n perfecta entre arquitectura contempor\u00e1nea, ubicaci\u00f3n estrat\u00e9gica y calidad en los espacios de trabajo. Una elecci\u00f3n ideal para empresas que valoran imagen, comodidad y accesibilidad.<\/p>\n","protected":false},"template":"","class_list":["post-58210","properties_post","type-properties_post","status-publish","hentry","properties_modality-rent","properties_district-ciutat-vella","properties_province-barcelona","properties_zone-centro","properties_state-barcelona","properties_subclass-oficina","properties_type-oficina"],"acf":{"post_type_properties_post_property_code":"11247273","post_type_properties_post_property_reference":"IE-226025","post_type_properties_post_owner_id":"50223","post_type_properties_post_owner_name":"INMOBILIARIA COLONIAL - SOCIMI SA","post_type_properties_post_property_code_encrypted":"MjQ5JDMxODQw","post_type_properties_post_published":"1","post_type_properties_post_property_visibility":"idealista","post_type_properties_post_contact_name":"Forcadell Oficinas Barcelona","post_type_properties_post_contact_email":"forcadell.oficinas.barcelona@movin.cloud","post_type_properties_post_contact_primary_phone_prefix":"34","post_type_properties_post_contact_primary_phone_number":"934965413","post_type_properties_post_address_visibility":"street","post_type_properties_post_address_country":"Spain","post_type_properties_post_address_coordinates_precision":"exact","post_type_properties_post_address_postal_code":"8003","post_type_properties_post_address_coordinates_latitude":"41.383261119117","post_type_properties_post_address_coordinates_longitude":"0.18929009669566","post_type_properties_post_address_street_name":"PLAZA del Gas N\u00ba 1","post_type_properties_post_address_floor":"","post_type_properties_post_address_town":"Barcelona","post_type_properties_post_building":null,"post_type_properties_post_property":[{"properties_post_description_language":"catalan","properties_post_title":"TORRE MARENOSTRUM","properties_post_short_description_text_alt":"","properties_post_description_text_alt":"","properties_post_short_description_text":"","properties_post_link_demanda_inmueble":"https:\/\/movin.cloud\/ca\/Forcadell Oficinas Barcelona\/formulari-peticio-immoble\/sth\/2438&&11247273","properties_post_link_demanda_calendario_inmueble":"https:\/\/movin.cloud\/ca\/Forcadell Oficinas Barcelona\/calendari-peticio-immoble\/sth\/2438&&11247273","properties_post_description_text":"Torre Marenostrum\n\nInnovaci\u00f3, disseny i projecci\u00f3 empresarial al litoral de Barcelona\n\nTorre Marenostrum s'ha consolidat com un dels edificis m\u00e9s destacats i recognoscibles de la ciutat. La seva arquitectura moderna i din\u00e0mica, inspirada en les formes naturals de la Mediterr\u00e0nia, aporta una identitat \u00fanica al capdavant mar\u00edtim barcelon\u00ed.\n\nL'edifici ofereix 22.250 m\u00b2 de superf\u00edcie total, amb plantes di\u00e0fanes, lluminoses i vers\u00e0tils, dissenyades per afavorir l'efici\u00e8ncia i el benestar a l'entorn laboral. Cada detall ha estat pensat per garantir confort, funcionalitat i representativitat.\n\nDotacions i serveis:\n\nAmpli hall d\u00b4entrada amb imatge corporativa destacada\nS\u00f2l t\u00e8cnic i fals sostre amb il\u00b7luminaci\u00f3 LED\nSistema de climatitzaci\u00f3 fred\/calor\nExcel\u00b7lent entrada de llum natural\n553 places d'aparcament al mateix edifici\nAuditori amb capacitat per a 120 persones\n6 ascensors d'alta capacitat\nSeguretat i control d'accessos les 24 hores\nVestuaris equipats amb dutxes\n\nConnectivitat:\n\nMetro: L4 (Barceloneta \/ Vila Ol\u00edmpica)\nAutobusos: 17, 36, 40, 45, N0, N6, N8\nAeroport: a tan sols 20 minuts\n\nTorre Marenostrum representa la combinaci\u00f3 perfecta entre arquitectura contempor\u00e0nia, ubicaci\u00f3 estrat\u00e8gica i qualitat als espais de treball. Una elecci\u00f3 ideal per a empreses que valoren imatge, comoditat i accessibilitat.","properties_post_seo_title":"","properties_post_seo_alias":"","properties_post_seo_metadescription":"","properties_post_seo_key_words":"","properties_post_seo_url":"","properties_post_terms_conditions":""},{"properties_post_description_language":"spanish","properties_post_title":"TORRE MARENOSTRUM","properties_post_short_description_text_alt":"","properties_post_description_text_alt":"","properties_post_short_description_text":"","properties_post_link_demanda_inmueble":"https:\/\/movin.cloud\/es\/Forcadell Oficinas Barcelona\/formulario-peticion-inmueble\/sth\/2438&&11247273","properties_post_link_demanda_calendario_inmueble":"https:\/\/movin.cloud\/es\/Forcadell Oficinas Barcelona\/calendario-peticion-inmueble\/sth\/2438&&11247273","properties_post_description_text":"Torre Marenostrum\n\nInnovaci\u00f3n, dise\u00f1o y proyecci\u00f3n empresarial en el litoral de Barcelona\n\nTorre Marenostrum se ha consolidado como uno de los edificios m\u00e1s destacados y reconocibles de la ciudad. Su arquitectura moderna y din\u00e1mica, inspirada en las formas naturales del Mediterr\u00e1neo, aporta una identidad \u00fanica al frente mar\u00edtimo barcelon\u00e9s.\n\nEl edificio ofrece 22.250 m\u00b2 de superficie total, con plantas di\u00e1fanas, luminosas y vers\u00e1tiles, dise\u00f1adas para favorecer la eficiencia y el bienestar en el entorno laboral. Cada detalle ha sido pensado para garantizar confort, funcionalidad y representatividad.\n\nDotaciones y servicios:\n\nAmplio hall de entrada con imagen corporativa destacada\nSuelo t\u00e9cnico y falso techo con iluminaci\u00f3n LED\nSistema de climatizaci\u00f3n fr\u00edo\/calor\nExcelente entrada de luz natural\n553 plazas de aparcamiento en el propio edificio\nAuditorio con capacidad para 120 personas\n6 ascensores de alta capacidad\nSeguridad y control de accesos las 24 horas\nVestuarios equipados con duchas\n\nConectividad:\n\nMetro: L4 (Barceloneta \/ Vila Ol\u00edmpica)\nAutobuses: 17, 36, 40, 45, N0, N6, N8\nAeropuerto: a tan solo 20 minutos\n\nTorre Marenostrum representa la combinaci\u00f3n perfecta entre arquitectura contempor\u00e1nea, ubicaci\u00f3n estrat\u00e9gica y calidad en los espacios de trabajo. Una elecci\u00f3n ideal para empresas que valoran imagen, comodidad y accesibilidad.\n","properties_post_seo_title":"","properties_post_seo_alias":"","properties_post_seo_metadescription":"","properties_post_seo_key_words":"","properties_post_seo_url":"","properties_post_terms_conditions":""}],"post_type_properties_post_features_type":"office","post_type_properties_post_id_building":"MjQ5JDMyNzE2","post_type_properties_post_features_area_constructed":960,"post_type_properties_post_features_conditioned_air":false,"post_type_properties_post_features_doorman":false,"post_type_properties_post_features_heating":false,"post_type_properties_post_features_equipped_kitchen":false,"post_type_properties_post_features_windows_location":"exterior","post_type_properties_post_features_floors_property":false,"post_type_properties_post_features_storage":false,"post_type_properties_post_features_security_door":false,"post_type_properties_post_features_energy_certificate_rating":"C","post_type_properties_post_features_energy_certificate_emissions_rating":"C","post_type_properties_post_features_energy_certificate_emissions_value":"","post_type_properties_post_features_energy_certificate_performance":"","post_type_properties_post_features_bathroom_inside":false,"post_type_properties_post_precio":23040,"post_type_properties_post_precio_alquiler":23040,"post_type_properties_post_record_type_id":"Oficina","post_type_properties_post_categoria__producto":"Oficina","post_type_properties_post_amueblado":false,"post_type_properties_post_precio_m2":24,"post_type_properties_post_zona__comunitaria":false,"post_type_properties_post_electrodomesticos":false,"post_type_properties_post_patio__interior":false,"post_type_properties_post_certificado_energetico_general":"C","post_type_properties_post_certificado_energetico_consumo":"C","post_type_properties_post_certificado_energetico_valor_emisiones":"","post_type_properties_post_certificado_energetico_valor_consumo":"","post_type_properties_post_modalidad":"rent","post_type_properties_post_provincia":"Barcelona","post_type_properties_post_poblacion":"Barcelona","post_type_properties_post_centro__urbano":false,"post_type_properties_post_zonificacion":"Centro","post_type_properties_post_cartera":"","post_type_properties_post_titulo_catalan":"TORRE MARENOSTRUM","post_type_properties_post_internet_catalan":"Torre Marenostrum\n\nInnovaci\u00f3, disseny i projecci\u00f3 empresarial al litoral de Barcelona\n\nTorre Marenostrum s'ha consolidat com un dels edificis m\u00e9s destacats i recognoscibles de la ciutat. La seva arquitectura moderna i din\u00e0mica, inspirada en les formes naturals de la Mediterr\u00e0nia, aporta una identitat \u00fanica al capdavant mar\u00edtim barcelon\u00ed.\n\nL'edifici ofereix 22.250 m\u00b2 de superf\u00edcie total, amb plantes di\u00e0fanes, lluminoses i vers\u00e0tils, dissenyades per afavorir l'efici\u00e8ncia i el benestar a l'entorn laboral. Cada detall ha estat pensat per garantir confort, funcionalitat i representativitat.\n\nDotacions i serveis:\n\nAmpli hall d\u00b4entrada amb imatge corporativa destacada\nS\u00f2l t\u00e8cnic i fals sostre amb il\u00b7luminaci\u00f3 LED\nSistema de climatitzaci\u00f3 fred\/calor\nExcel\u00b7lent entrada de llum natural\n553 places d'aparcament al mateix edifici\nAuditori amb capacitat per a 120 persones\n6 ascensors d'alta capacitat\nSeguretat i control d'accessos les 24 hores\nVestuaris equipats amb dutxes\n\nConnectivitat:\n\nMetro: L4 (Barceloneta \/ Vila Ol\u00edmpica)\nAutobusos: 17, 36, 40, 45, N0, N6, N8\nAeroport: a tan sols 20 minuts\n\nTorre Marenostrum representa la combinaci\u00f3 perfecta entre arquitectura contempor\u00e0nia, ubicaci\u00f3 estrat\u00e8gica i qualitat als espais de treball. Una elecci\u00f3 ideal per a empreses que valoren imatge, comoditat i accessibilitat.","post_type_properties_post_titulo_castellano":"TORRE MARENOSTRUM","post_type_properties_post_internet_castellano":"Torre Marenostrum\n\nInnovaci\u00f3n, dise\u00f1o y proyecci\u00f3n empresarial en el litoral de Barcelona\n\nTorre Marenostrum se ha consolidado como uno de los edificios m\u00e1s destacados y reconocibles de la ciudad. Su arquitectura moderna y din\u00e1mica, inspirada en las formas naturales del Mediterr\u00e1neo, aporta una identidad \u00fanica al frente mar\u00edtimo barcelon\u00e9s.\n\nEl edificio ofrece 22.250 m\u00b2 de superficie total, con plantas di\u00e1fanas, luminosas y vers\u00e1tiles, dise\u00f1adas para favorecer la eficiencia y el bienestar en el entorno laboral. Cada detalle ha sido pensado para garantizar confort, funcionalidad y representatividad.\n\nDotaciones y servicios:\n\nAmplio hall de entrada con imagen corporativa destacada\nSuelo t\u00e9cnico y falso techo con iluminaci\u00f3n LED\nSistema de climatizaci\u00f3n fr\u00edo\/calor\nExcelente entrada de luz natural\n553 plazas de aparcamiento en el propio edificio\nAuditorio con capacidad para 120 personas\n6 ascensores de alta capacidad\nSeguridad y control de accesos las 24 horas\nVestuarios equipados con duchas\n\nConectividad:\n\nMetro: L4 (Barceloneta \/ Vila Ol\u00edmpica)\nAutobuses: 17, 36, 40, 45, N0, N6, N8\nAeropuerto: a tan solo 20 minutos\n\nTorre Marenostrum representa la combinaci\u00f3n perfecta entre arquitectura contempor\u00e1nea, ubicaci\u00f3n estrat\u00e9gica y calidad en los espacios de trabajo. Una elecci\u00f3n ideal para empresas que valoran imagen, comodidad y accesibilidad.\n","post_type_properties_post_titulo_ingles":"","post_type_properties_post_internet_ingles":"","post_type_properties_post_features_classification_commercial":false,"post_type_properties_post_features_conservation":"","post_type_properties_post_features_security_personnel":false,"post_type_properties_post_features_parking_available":false,"post_type_properties_post_features_garage_capacity_type":"","post_type_properties_post_features_bathroom_number":"","post_type_properties_post_eje":"","post_type_properties_post_zona":"","post_type_properties_post_comarca":"","post_type_properties_post_features_built_year":"","post_type_properties_post_renta_mensual":23040,"post_type_properties_post_fianza":"","post_type_properties_post_features_area_plot":"","post_type_properties_post_features_area_buildable":"","post_type_properties_post_features_classification_industrial":false,"post_type_properties_post_distrito":"","post_type_properties_post_features_balcony":false,"post_type_properties_post_features_bedroom_number":"","post_type_properties_post_features_heating_type":"","post_type_properties_post_features_equipped_with_furniture":false,"post_type_properties_post_features_pets_allowed":false,"post_type_properties_post_features_pool":false,"post_type_properties_post_features_terrace":false,"post_type_properties_post_features_wardrobes":false,"post_type_properties_post_features_lift_available":false,"post_type_properties_post_features_handicap_adapted_access":false,"post_type_properties_post_features_orientation_east":false,"post_type_properties_post_features_orientation_west":false,"post_type_properties_post_features_orientation_north":false,"post_type_properties_post_features_orientation_south":false,"post_type_properties_post_features_parking_spaces_number":"","post_type_properties_post_features_security_alarm":false,"post_type_properties_post_features_security_system":false,"post_type_properties_post_open_plan":false,"post_type_properties_post_acceso_24_7":false,"post_type_properties_post_oficina_privada":false,"post_type_properties_post_sala_reuniones":false,"post_type_properties_post_espacio_eventos":false,"post_type_properties_post_office":false,"post_type_properties_post_restaurant":false,"post_type_properties_post_acepta_traspaso":false,"post_type_properties_post_vigilancia":true,"post_type_properties_post_features_suite":false,"post_type_properties_post_features_vitro":false,"post_type_properties_post_features_oven":false,"post_type_properties_post_features_microwave":false,"post_type_properties_post_features_washing_machine":false,"post_type_properties_post_features_dryer":false,"post_type_properties_post_features_dishwasher":false,"post_type_properties_post_features_fridge":false,"post_type_properties_post_features_fridge_mini":false,"post_type_properties_post_features_kettle":false,"post_type_properties_post_features_toaster":false,"post_type_properties_post_features_coffee_maker":false,"post_type_properties_post_features_iron":false,"post_type_properties_post_features_ironing_board":false,"post_type_properties_post_features_safe":false,"post_type_properties_post_features_internet":false,"post_type_properties_post_features_solarium":false,"post_type_properties_post_features_clean_service":false,"post_type_properties_post_features_t_v":false,"post_type_properties_post_features_satellite_t_v":false,"post_type_properties_post_features_gas_kitchen":false,"post_type_properties_post_features_view_mountain":false,"post_type_properties_post_features_view_sea":false,"post_type_properties_post_features_concierge":true,"post_type_properties_post_features_loading_dock":false,"post_type_properties_post_features_bridge_crane":false,"post_type_properties_post_features_located_at_corner":false,"post_type_properties_post_features_smoke_extraction":false,"post_type_properties_post_features_rooms":"","post_type_properties_post_features_garden_area":"","post_type_properties_post_features_utilities_water":false,"post_type_properties_post_features_utilities_electricity":false,"post_type_properties_post_features_utilities_natural_gas":false,"post_type_properties_post_features_building_adapted":true,"post_type_properties_post_features_garden":false,"post_type_properties_post_features_classification_hotel":false,"post_type_properties_post_features_classification_chalet":false,"post_type_properties_post_certificado_energetico_emisiones":"C","post_type_properties_post_barrio":"","post_type_properties_post_distrito_empresa":"Ciutat Vella","post_type_properties_post_features_property_category_intern":"","post_type_properties_post_implantada":false,"post_type_properties_post_sello_leed":"","post_type_properties_post_sello_well":"","post_type_properties_post_sello_breeam":true,"post_type_properties_post_images":[{"properties_post_image_order":1,"properties_post_image_url":"https:\/\/movin.cloud\/empresas\/2438\/imagenes\/11247273\/habitalia.webp","properties_post_image_url_thumbnail":"https:\/\/movin.cloud\/empresas\/2438\/imagenes\/thumbnails\/11247273\/habitalia.webp","properties_post_title":"habitalia","properties_post_alt":"habitalia"},{"properties_post_image_order":2,"properties_post_image_url":"https:\/\/movin.cloud\/empresas\/2438\/imagenes\/11247273\/en-alquiler.webp","properties_post_image_url_thumbnail":"https:\/\/movin.cloud\/empresas\/2438\/imagenes\/thumbnails\/11247273\/en-alquiler.webp","properties_post_title":"en alquiler","properties_post_alt":"en alquiler"},{"properties_post_image_order":3,"properties_post_image_url":"https:\/\/movin.cloud\/empresas\/2438\/imagenes\/11247273\/alquiler-para-idealista.webp","properties_post_image_url_thumbnail":"https:\/\/movin.cloud\/empresas\/2438\/imagenes\/thumbnails\/11247273\/alquiler-para-idealista.webp","properties_post_title":"alquiler para idealista","properties_post_alt":"alquiler para idealista"},{"properties_post_image_order":4,"properties_post_image_url":"https:\/\/movin.cloud\/empresas\/2438\/imagenes\/11247273\/rent.webp","properties_post_image_url_thumbnail":"https:\/\/movin.cloud\/empresas\/2438\/imagenes\/thumbnails\/11247273\/rent.webp","properties_post_title":"rent","properties_post_alt":"rent"},{"properties_post_image_order":5,"properties_post_image_url":"https:\/\/movin.cloud\/empresas\/2438\/imagenes\/11247273\/viviendas.webp","properties_post_image_url_thumbnail":"https:\/\/movin.cloud\/empresas\/2438\/imagenes\/thumbnails\/11247273\/viviendas.webp","properties_post_title":"viviendas","properties_post_alt":"viviendas"},{"properties_post_image_order":6,"properties_post_image_url":"https:\/\/movin.cloud\/empresas\/2438\/imagenes\/11247273\/alquiler-idealistas.webp","properties_post_image_url_thumbnail":"https:\/\/movin.cloud\/empresas\/2438\/imagenes\/thumbnails\/11247273\/alquiler-idealistas.webp","properties_post_title":"alquiler idealistas","properties_post_alt":"alquiler idealistas"},{"properties_post_image_order":7,"properties_post_image_url":"https:\/\/movin.cloud\/empresas\/2438\/imagenes\/11247273\/alquiler-para-idealistas.webp","properties_post_image_url_thumbnail":"https:\/\/movin.cloud\/empresas\/2438\/imagenes\/thumbnails\/11247273\/alquiler-para-idealistas.webp","properties_post_title":"alquiler para idealistas","properties_post_alt":"alquiler para idealistas"},{"properties_post_image_order":8,"properties_post_image_url":"https:\/\/movin.cloud\/empresas\/2438\/imagenes\/11247273\/inmobiliarias.webp","properties_post_image_url_thumbnail":"https:\/\/movin.cloud\/empresas\/2438\/imagenes\/thumbnails\/11247273\/inmobiliarias.webp","properties_post_title":"inmobiliarias","properties_post_alt":"inmobiliarias"},{"properties_post_image_order":9,"properties_post_image_url":"https:\/\/movin.cloud\/empresas\/2438\/imagenes\/11247273\/inmobiliaria.webp","properties_post_image_url_thumbnail":"https:\/\/movin.cloud\/empresas\/2438\/imagenes\/thumbnails\/11247273\/inmobiliaria.webp","properties_post_title":"inmobiliaria","properties_post_alt":"inmobiliaria"},{"properties_post_image_order":10,"properties_post_image_url":"https:\/\/movin.cloud\/empresas\/2438\/imagenes\/11247273\/alquiler.webp","properties_post_image_url_thumbnail":"https:\/\/movin.cloud\/empresas\/2438\/imagenes\/thumbnails\/11247273\/alquiler.webp","properties_post_title":"alquiler","properties_post_alt":"alquiler"},{"properties_post_image_order":11,"properties_post_image_url":"https:\/\/movin.cloud\/empresas\/2438\/imagenes\/11247273\/fincas.webp","properties_post_image_url_thumbnail":"https:\/\/movin.cloud\/empresas\/2438\/imagenes\/thumbnails\/11247273\/fincas.webp","properties_post_title":"fincas","properties_post_alt":"fincas"}],"post_type_properties_post_videos":null,"post_type_properties_post_tour":null,"post_type_properties_post_dossier_url":"","post_type_properties_post_operation_type":"rent","post_type_properties_post_operation_price":23040,"post_type_properties_post_features_hidden_price":false},"yoast_head":"<!-- This site is optimized with the Yoast SEO plugin v25.6 - https:\/\/yoast.com\/wordpress\/plugins\/seo\/ -->\n<title>TORRE MARENOSTRUM - Forcadell<\/title>\n<meta name=\"robots\" content=\"index, follow, max-snippet:-1, max-image-preview:large, max-video-preview:-1\" \/>\n<link rel=\"canonical\" href=\"https:\/\/forcadell.com\/ca\/propiedades\/torre-marenostrum-3\/\" \/>\n<meta property=\"og:locale\" content=\"ca_ES\" \/>\n<meta property=\"og:type\" content=\"article\" \/>\n<meta property=\"og:title\" content=\"TORRE MARENOSTRUM - Forcadell\" \/>\n<meta property=\"og:description\" content=\"Torre Marenostrum Innovaci\u00f3n, dise\u00f1o y proyecci\u00f3n empresarial en el litoral de Barcelona Torre Marenostrum se ha consolidado como uno de los edificios m\u00e1s destacados y reconocibles de la ciudad. Su arquitectura moderna y din\u00e1mica, inspirada en las formas naturales del Mediterr\u00e1neo, aporta una identidad \u00fanica al frente mar\u00edtimo barcelon\u00e9s. El edificio ofrece 22.250 m\u00b2 de [&hellip;]\" \/>\n<meta property=\"og:url\" content=\"https:\/\/forcadell.com\/ca\/propiedades\/torre-marenostrum-3\/\" \/>\n<meta property=\"og:site_name\" content=\"Forcadell\" \/>\n<meta property=\"article:modified_time\" content=\"2026-04-26T22:37:13+00:00\" \/>\n<meta name=\"twitter:card\" content=\"summary_large_image\" \/>\n<meta name=\"twitter:label1\" content=\"Temps estimat de lectura\" \/>\n\t<meta name=\"twitter:data1\" content=\"1 minut\" \/>\n<!-- \/ Yoast SEO plugin. -->","yoast_head_json":{"title":"TORRE MARENOSTRUM - Forcadell","robots":{"index":"index","follow":"follow","max-snippet":"max-snippet:-1","max-image-preview":"max-image-preview:large","max-video-preview":"max-video-preview:-1"},"canonical":"https:\/\/forcadell.com\/ca\/propiedades\/torre-marenostrum-3\/","og_locale":"ca_ES","og_type":"article","og_title":"TORRE MARENOSTRUM - Forcadell","og_description":"Torre Marenostrum Innovaci\u00f3n, dise\u00f1o y proyecci\u00f3n empresarial en el litoral de Barcelona Torre Marenostrum se ha consolidado como uno de los edificios m\u00e1s destacados y reconocibles de la ciudad. Su arquitectura moderna y din\u00e1mica, inspirada en las formas naturales del Mediterr\u00e1neo, aporta una identidad \u00fanica al frente mar\u00edtimo barcelon\u00e9s. El edificio ofrece 22.250 m\u00b2 de [&hellip;]","og_url":"https:\/\/forcadell.com\/ca\/propiedades\/torre-marenostrum-3\/","og_site_name":"Forcadell","article_modified_time":"2026-04-26T22:37:13+00:00","twitter_card":"summary_large_image","twitter_misc":{"Temps estimat de lectura":"1 minut"},"schema":{"@context":"https:\/\/schema.org","@graph":[{"@type":"WebPage","@id":"https:\/\/forcadell.com\/ca\/propiedades\/torre-marenostrum-3\/","url":"https:\/\/forcadell.com\/ca\/propiedades\/torre-marenostrum-3\/","name":"TORRE MARENOSTRUM - Forcadell","isPartOf":{"@id":"https:\/\/forcadell.com\/ca\/#website"},"datePublished":"2025-11-04T14:36:14+00:00","dateModified":"2026-04-26T22:37:13+00:00","breadcrumb":{"@id":"https:\/\/forcadell.com\/ca\/propiedades\/torre-marenostrum-3\/#breadcrumb"},"inLanguage":"ca","potentialAction":[{"@type":"ReadAction","target":["https:\/\/forcadell.com\/ca\/propiedades\/torre-marenostrum-3\/"]}]},{"@type":"BreadcrumbList","@id":"https:\/\/forcadell.com\/ca\/propiedades\/torre-marenostrum-3\/#breadcrumb","itemListElement":[{"@type":"ListItem","position":1,"name":"Portada","item":"https:\/\/forcadell.com\/ca\/"},{"@type":"ListItem","position":2,"name":"Properties","item":"https:\/\/forcadell.com\/ca\/propiedades\/"},{"@type":"ListItem","position":3,"name":"TORRE MARENOSTRUM"}]},{"@type":"WebSite","@id":"https:\/\/forcadell.com\/ca\/#website","url":"https:\/\/forcadell.com\/ca\/","name":"Forcadell","description":"Inmobiliaria Barcelona | Consultores inmobiliarios","potentialAction":[{"@type":"SearchAction","target":{"@type":"EntryPoint","urlTemplate":"https:\/\/forcadell.com\/ca\/?s={search_term_string}"},"query-input":{"@type":"PropertyValueSpecification","valueRequired":true,"valueName":"search_term_string"}}],"inLanguage":"ca"}]}},"_links":{"self":[{"href":"https:\/\/forcadell.com\/ca\/wp-json\/wp\/v2\/properties_post\/58210"}],"collection":[{"href":"https:\/\/forcadell.com\/ca\/wp-json\/wp\/v2\/properties_post"}],"about":[{"href":"https:\/\/forcadell.com\/ca\/wp-json\/wp\/v2\/types\/properties_post"}],"wp:attachment":[{"href":"https:\/\/forcadell.com\/ca\/wp-json\/wp\/v2\/media?parent=58210"}],"curies":[{"name":"wp","href":"https:\/\/api.w.org\/{rel}","templated":true}]}}