{"id":58208,"date":"2025-11-04T16:36:11","date_gmt":"2025-11-04T14:36:11","guid":{"rendered":"https:\/\/www.forcadell.com\/propiedades\/marina-22-3\/"},"modified":"2026-04-28T03:35:20","modified_gmt":"2026-04-28T01:35:20","slug":"marina-22-3","status":"publish","type":"properties_post","link":"https:\/\/forcadell.com\/ca\/propiedades\/marina-22-3\/","title":{"rendered":"MARINA &#8211; 22@"},"content":{"rendered":"<p>Oficinas de Clase A en el coraz\u00f3n del Eixample, Barcelona<\/p>\n<p>Presentamos un edificio de oficinas completamente renovado ubicado en el emblem\u00e1tico distrito modernista del Eixample. Dise\u00f1ado para empresas comprometidas con la innovaci\u00f3n y la sostenibilidad, este espacio combina dise\u00f1o vanguardista, funcionalidad y respeto por el entorno urbano.<\/p>\n<p>Con m\u00e1s de 6.433 m\u00b2 distribuidos en nueve plantas, seis de ellas di\u00e1fanas y flexibles, el edificio ofrece oficinas adaptables a las necesidades de cada proyecto. Grandes ventanales llenan de luz natural m\u00e1s del 80% de los espacios, mientras que las dos terrazas exteriores, con vistas a un jard\u00edn p\u00fablico, aportan un entorno ideal para el bienestar y la conexi\u00f3n con la naturaleza.<\/p>\n<p>El edificio cuenta con zonas comunes amplias, incluyendo un gran hall, cafeter\u00eda totalmente equipada, salas de reuniones y eventos, adem\u00e1s de 56 plazas de aparcamiento subterr\u00e1neo y espacios para almacenamiento y archivo.<\/p>\n<p>Su ubicaci\u00f3n es estrat\u00e9gica, con excelente accesibilidad gracias a la proximidad de estaciones de metro (L1 y L2), tren y m\u00faltiples l\u00edneas de autob\u00fas, adem\u00e1s de conexiones directas a las principales v\u00edas de la ciudad, como la Avenida Diagonal y la Gran V\u00eda. Est\u00e1 a pocos minutos de lugares ic\u00f3nicos como la Sagrada Familia, Plaza de las Gl\u00f2ries y el Puerto Ol\u00edmpico.<\/p>\n<p>Marina 206 destaca por su compromiso con la sostenibilidad, con certificaciones LEED Platinum, WELL Platinum y WiredScore que avalan el alto rendimiento ambiental y tecnol\u00f3gico del edificio. Su dise\u00f1o arquitect\u00f3nico combina l\u00edneas modernas con elementos de reutilizaci\u00f3n adaptativa, creando un espacio elegante, funcional y respetuoso con el patrimonio del Eixample.<\/p>\n<p>Este edificio es el lugar perfecto para compa\u00f1\u00edas que buscan un espacio de trabajo sofisticado, flexible y conectado, que inspire creatividad y colaboraci\u00f3n, y que est\u00e9 preparado para responder a las necesidades del presente y el futuro.<\/p>\n<p>No pierdas la oportunidad de establecer tu oficina en Marina 206, el espacio ideal para crecer y proyectar la imagen de tu empresa en Barcelona.<\/p>\n","protected":false},"template":"","class_list":["post-58208","properties_post","type-properties_post","status-publish","hentry","properties_modality-rent","properties_district-eixample","properties_province-barcelona","properties_zone-centro","properties_state-barcelona","properties_subclass-oficina","properties_type-oficina"],"acf":{"post_type_properties_post_property_code":"11247260","post_type_properties_post_property_reference":"IE-226013","post_type_properties_post_owner_id":"50488","post_type_properties_post_owner_name":"BNP PARIBAS REAL ESTATE ADVOSORY SPAIN SA","post_type_properties_post_property_code_encrypted":"MjQ5JDMxODI3","post_type_properties_post_published":"1","post_type_properties_post_property_visibility":"idealista","post_type_properties_post_contact_name":"Forcadell Oficinas Barcelona","post_type_properties_post_contact_email":"forcadell.oficinas.barcelona@movin.cloud","post_type_properties_post_contact_primary_phone_prefix":"34","post_type_properties_post_contact_primary_phone_number":"934965413","post_type_properties_post_address_visibility":"street","post_type_properties_post_address_country":"Spain","post_type_properties_post_address_coordinates_precision":"exact","post_type_properties_post_address_postal_code":"08013","post_type_properties_post_address_coordinates_latitude":"41.4008515","post_type_properties_post_address_coordinates_longitude":"2.1796056","post_type_properties_post_address_street_name":"Marina 206","post_type_properties_post_address_floor":"1","post_type_properties_post_address_town":"Barcelona","post_type_properties_post_building":null,"post_type_properties_post_property":[{"properties_post_description_language":"catalan","properties_post_title":"MARINA - 22@","properties_post_short_description_text_alt":"","properties_post_description_text_alt":"","properties_post_short_description_text":"","properties_post_link_demanda_inmueble":"https:\/\/movin.cloud\/ca\/Forcadell Oficinas Barcelona\/formulari-peticio-immoble\/sth\/2438&&11247260","properties_post_link_demanda_calendario_inmueble":"https:\/\/movin.cloud\/ca\/Forcadell Oficinas Barcelona\/calendari-peticio-immoble\/sth\/2438&&11247260","properties_post_description_text":"Oficines de Classe A al cor de l'Eixample, Barcelona\n\nPresentem un edifici d'oficines completament renovat ubicat a l'emblem\u00e0tic districte modernista de l'Eixample. Dissenyat per a empreses compromeses amb la innovaci\u00f3 i la sostenibilitat, aquest espai combina disseny avantguardista, funcionalitat i respecte per l'entorn urb\u00e0.\n\nAmb m\u00e9s de 6.433 m\u00b2 distribu\u00efts en nou plantes, sis di\u00e0fanes i flexibles, l'edifici ofereix oficines adaptables a les necessitats de cada projecte. Grans finestrals omplen de llum natural m\u00e9s del 80% dels espais, mentre que les dues terrasses exteriors, amb vista a un jard\u00ed p\u00fablic, aporten un entorn ideal per al benestar i la connexi\u00f3 amb la natura.\n\nL'edifici compta amb zones comunes \u00e0mplies, incloent un gran vest\u00edbul, cafeteria totalment equipada, sales de reunions i esdeveniments, a m\u00e9s de 56 places d'aparcament subterrani i espais per a emmagatzematge i arxiu.\n\nLa seva ubicaci\u00f3 \u00e9s estrat\u00e8gica, amb excel\u00b7lent accessibilitat gr\u00e0cies a la proximitat d'estacions de metro (L1 i L2), tren i m\u00faltiples l\u00ednies d'autob\u00fas, a m\u00e9s de connexions directes a les principals vies de la ciutat, com l'Avinguda Diagonal i la Gran Via. \u00c9s a pocs minuts de llocs ic\u00f2nics com la Sagrada Fam\u00edlia, la Pla\u00e7a de les Gl\u00f2s.\n\nMarina 206 destaca pel comprom\u00eds amb la sostenibilitat, amb certificacions LEED Platinum, WELL Platinum i WiredScore que avalen l'alt rendiment ambiental i tecnol\u00f2gic de l'edifici. El disseny arquitect\u00f2nic combina l\u00ednies modernes amb elements de reutilitzaci\u00f3 adaptativa, creant un espai elegant, funcional i respectu\u00f3s amb el patrimoni de l'Eixample.\n\nAquest edifici \u00e9s el lloc perfecte per a companyies que busquen un espai de treball sofisticat, flexible i connectat, que inspiri creativitat i col\u00b7laboraci\u00f3, i que estigui preparat per respondre a les necessitats del present i del futur.\n\nNo perdeu l'oportunitat d'establir la vostra oficina a Marina 206, l'espai ideal per cr\u00e9ixer i projectar la imatge de la vostra empresa a Barcelona.","properties_post_seo_title":"","properties_post_seo_alias":"","properties_post_seo_metadescription":"","properties_post_seo_key_words":"","properties_post_seo_url":"","properties_post_terms_conditions":""},{"properties_post_description_language":"spanish","properties_post_title":"MARINA - 22@","properties_post_short_description_text_alt":"","properties_post_description_text_alt":"","properties_post_short_description_text":"","properties_post_link_demanda_inmueble":"https:\/\/movin.cloud\/es\/Forcadell Oficinas Barcelona\/formulario-peticion-inmueble\/sth\/2438&&11247260","properties_post_link_demanda_calendario_inmueble":"https:\/\/movin.cloud\/es\/Forcadell Oficinas Barcelona\/calendario-peticion-inmueble\/sth\/2438&&11247260","properties_post_description_text":"Oficinas de Clase A en el coraz\u00f3n del Eixample, Barcelona\n\nPresentamos un edificio de oficinas completamente renovado ubicado en el emblem\u00e1tico distrito modernista del Eixample. Dise\u00f1ado para empresas comprometidas con la innovaci\u00f3n y la sostenibilidad, este espacio combina dise\u00f1o vanguardista, funcionalidad y respeto por el entorno urbano.\n\nCon m\u00e1s de 6.433 m\u00b2 distribuidos en nueve plantas, seis de ellas di\u00e1fanas y flexibles, el edificio ofrece oficinas adaptables a las necesidades de cada proyecto. Grandes ventanales llenan de luz natural m\u00e1s del 80% de los espacios, mientras que las dos terrazas exteriores, con vistas a un jard\u00edn p\u00fablico, aportan un entorno ideal para el bienestar y la conexi\u00f3n con la naturaleza.\n\nEl edificio cuenta con zonas comunes amplias, incluyendo un gran hall, cafeter\u00eda totalmente equipada, salas de reuniones y eventos, adem\u00e1s de 56 plazas de aparcamiento subterr\u00e1neo y espacios para almacenamiento y archivo.\n\nSu ubicaci\u00f3n es estrat\u00e9gica, con excelente accesibilidad gracias a la proximidad de estaciones de metro (L1 y L2), tren y m\u00faltiples l\u00edneas de autob\u00fas, adem\u00e1s de conexiones directas a las principales v\u00edas de la ciudad, como la Avenida Diagonal y la Gran V\u00eda. Est\u00e1 a pocos minutos de lugares ic\u00f3nicos como la Sagrada Familia, Plaza de las Gl\u00f2ries y el Puerto Ol\u00edmpico.\n\nMarina 206 destaca por su compromiso con la sostenibilidad, con certificaciones LEED Platinum, WELL Platinum y WiredScore que avalan el alto rendimiento ambiental y tecnol\u00f3gico del edificio. Su dise\u00f1o arquitect\u00f3nico combina l\u00edneas modernas con elementos de reutilizaci\u00f3n adaptativa, creando un espacio elegante, funcional y respetuoso con el patrimonio del Eixample.\n\nEste edificio es el lugar perfecto para compa\u00f1\u00edas que buscan un espacio de trabajo sofisticado, flexible y conectado, que inspire creatividad y colaboraci\u00f3n, y que est\u00e9 preparado para responder a las necesidades del presente y el futuro.\n\nNo pierdas la oportunidad de establecer tu oficina en Marina 206, el espacio ideal para crecer y proyectar la imagen de tu empresa en Barcelona.","properties_post_seo_title":"","properties_post_seo_alias":"","properties_post_seo_metadescription":"","properties_post_seo_key_words":"","properties_post_seo_url":"","properties_post_terms_conditions":""}],"post_type_properties_post_features_type":"office","post_type_properties_post_id_building":"MjQ5JDMxODEy","post_type_properties_post_features_area_constructed":721,"post_type_properties_post_features_conditioned_air":false,"post_type_properties_post_features_doorman":false,"post_type_properties_post_features_heating":false,"post_type_properties_post_features_equipped_kitchen":false,"post_type_properties_post_features_windows_location":"exterior","post_type_properties_post_features_floors_property":false,"post_type_properties_post_features_storage":false,"post_type_properties_post_features_security_door":false,"post_type_properties_post_features_energy_certificate_rating":"C","post_type_properties_post_features_energy_certificate_emissions_rating":"C","post_type_properties_post_features_energy_certificate_emissions_value":"","post_type_properties_post_features_energy_certificate_performance":"","post_type_properties_post_features_bathroom_inside":false,"post_type_properties_post_precio":18751.72,"post_type_properties_post_precio_alquiler":18751.72,"post_type_properties_post_record_type_id":"Oficina","post_type_properties_post_categoria__producto":"Oficina","post_type_properties_post_amueblado":false,"post_type_properties_post_precio_m2":26,"post_type_properties_post_zona__comunitaria":false,"post_type_properties_post_electrodomesticos":false,"post_type_properties_post_patio__interior":false,"post_type_properties_post_certificado_energetico_general":"C","post_type_properties_post_certificado_energetico_consumo":"C","post_type_properties_post_certificado_energetico_valor_emisiones":"","post_type_properties_post_certificado_energetico_valor_consumo":"","post_type_properties_post_modalidad":"rent","post_type_properties_post_provincia":"Barcelona","post_type_properties_post_poblacion":"Barcelona","post_type_properties_post_centro__urbano":false,"post_type_properties_post_zonificacion":"Centro","post_type_properties_post_cartera":"","post_type_properties_post_titulo_catalan":"MARINA - 22@","post_type_properties_post_internet_catalan":"Oficines de Classe A al cor de l'Eixample, Barcelona\n\nPresentem un edifici d'oficines completament renovat ubicat a l'emblem\u00e0tic districte modernista de l'Eixample. Dissenyat per a empreses compromeses amb la innovaci\u00f3 i la sostenibilitat, aquest espai combina disseny avantguardista, funcionalitat i respecte per l'entorn urb\u00e0.\n\nAmb m\u00e9s de 6.433 m\u00b2 distribu\u00efts en nou plantes, sis di\u00e0fanes i flexibles, l'edifici ofereix oficines adaptables a les necessitats de cada projecte. Grans finestrals omplen de llum natural m\u00e9s del 80% dels espais, mentre que les dues terrasses exteriors, amb vista a un jard\u00ed p\u00fablic, aporten un entorn ideal per al benestar i la connexi\u00f3 amb la natura.\n\nL'edifici compta amb zones comunes \u00e0mplies, incloent un gran vest\u00edbul, cafeteria totalment equipada, sales de reunions i esdeveniments, a m\u00e9s de 56 places d'aparcament subterrani i espais per a emmagatzematge i arxiu.\n\nLa seva ubicaci\u00f3 \u00e9s estrat\u00e8gica, amb excel\u00b7lent accessibilitat gr\u00e0cies a la proximitat d'estacions de metro (L1 i L2), tren i m\u00faltiples l\u00ednies d'autob\u00fas, a m\u00e9s de connexions directes a les principals vies de la ciutat, com l'Avinguda Diagonal i la Gran Via. \u00c9s a pocs minuts de llocs ic\u00f2nics com la Sagrada Fam\u00edlia, la Pla\u00e7a de les Gl\u00f2s.\n\nMarina 206 destaca pel comprom\u00eds amb la sostenibilitat, amb certificacions LEED Platinum, WELL Platinum i WiredScore que avalen l'alt rendiment ambiental i tecnol\u00f2gic de l'edifici. El disseny arquitect\u00f2nic combina l\u00ednies modernes amb elements de reutilitzaci\u00f3 adaptativa, creant un espai elegant, funcional i respectu\u00f3s amb el patrimoni de l'Eixample.\n\nAquest edifici \u00e9s el lloc perfecte per a companyies que busquen un espai de treball sofisticat, flexible i connectat, que inspiri creativitat i col\u00b7laboraci\u00f3, i que estigui preparat per respondre a les necessitats del present i del futur.\n\nNo perdeu l'oportunitat d'establir la vostra oficina a Marina 206, l'espai ideal per cr\u00e9ixer i projectar la imatge de la vostra empresa a Barcelona.","post_type_properties_post_titulo_castellano":"MARINA - 22@","post_type_properties_post_internet_castellano":"Oficinas de Clase A en el coraz\u00f3n del Eixample, Barcelona\n\nPresentamos un edificio de oficinas completamente renovado ubicado en el emblem\u00e1tico distrito modernista del Eixample. Dise\u00f1ado para empresas comprometidas con la innovaci\u00f3n y la sostenibilidad, este espacio combina dise\u00f1o vanguardista, funcionalidad y respeto por el entorno urbano.\n\nCon m\u00e1s de 6.433 m\u00b2 distribuidos en nueve plantas, seis de ellas di\u00e1fanas y flexibles, el edificio ofrece oficinas adaptables a las necesidades de cada proyecto. Grandes ventanales llenan de luz natural m\u00e1s del 80% de los espacios, mientras que las dos terrazas exteriores, con vistas a un jard\u00edn p\u00fablico, aportan un entorno ideal para el bienestar y la conexi\u00f3n con la naturaleza.\n\nEl edificio cuenta con zonas comunes amplias, incluyendo un gran hall, cafeter\u00eda totalmente equipada, salas de reuniones y eventos, adem\u00e1s de 56 plazas de aparcamiento subterr\u00e1neo y espacios para almacenamiento y archivo.\n\nSu ubicaci\u00f3n es estrat\u00e9gica, con excelente accesibilidad gracias a la proximidad de estaciones de metro (L1 y L2), tren y m\u00faltiples l\u00edneas de autob\u00fas, adem\u00e1s de conexiones directas a las principales v\u00edas de la ciudad, como la Avenida Diagonal y la Gran V\u00eda. Est\u00e1 a pocos minutos de lugares ic\u00f3nicos como la Sagrada Familia, Plaza de las Gl\u00f2ries y el Puerto Ol\u00edmpico.\n\nMarina 206 destaca por su compromiso con la sostenibilidad, con certificaciones LEED Platinum, WELL Platinum y WiredScore que avalan el alto rendimiento ambiental y tecnol\u00f3gico del edificio. Su dise\u00f1o arquitect\u00f3nico combina l\u00edneas modernas con elementos de reutilizaci\u00f3n adaptativa, creando un espacio elegante, funcional y respetuoso con el patrimonio del Eixample.\n\nEste edificio es el lugar perfecto para compa\u00f1\u00edas que buscan un espacio de trabajo sofisticado, flexible y conectado, que inspire creatividad y colaboraci\u00f3n, y que est\u00e9 preparado para responder a las necesidades del presente y el futuro.\n\nNo pierdas la oportunidad de establecer tu oficina en Marina 206, el espacio ideal para crecer y proyectar la imagen de tu empresa en Barcelona.","post_type_properties_post_titulo_ingles":"","post_type_properties_post_internet_ingles":"","post_type_properties_post_features_classification_commercial":false,"post_type_properties_post_features_conservation":"","post_type_properties_post_features_security_personnel":false,"post_type_properties_post_features_parking_available":false,"post_type_properties_post_features_garage_capacity_type":"","post_type_properties_post_features_bathroom_number":"","post_type_properties_post_eje":"","post_type_properties_post_zona":"","post_type_properties_post_comarca":"","post_type_properties_post_features_built_year":"","post_type_properties_post_renta_mensual":"","post_type_properties_post_fianza":"","post_type_properties_post_features_area_plot":"","post_type_properties_post_features_area_buildable":"","post_type_properties_post_features_classification_industrial":false,"post_type_properties_post_distrito":"","post_type_properties_post_features_balcony":false,"post_type_properties_post_features_bedroom_number":"","post_type_properties_post_features_heating_type":"","post_type_properties_post_features_equipped_with_furniture":false,"post_type_properties_post_features_pets_allowed":false,"post_type_properties_post_features_pool":false,"post_type_properties_post_features_terrace":false,"post_type_properties_post_features_wardrobes":false,"post_type_properties_post_features_lift_available":false,"post_type_properties_post_features_handicap_adapted_access":false,"post_type_properties_post_features_orientation_east":false,"post_type_properties_post_features_orientation_west":false,"post_type_properties_post_features_orientation_north":false,"post_type_properties_post_features_orientation_south":false,"post_type_properties_post_features_parking_spaces_number":56,"post_type_properties_post_features_security_alarm":false,"post_type_properties_post_features_security_system":false,"post_type_properties_post_open_plan":false,"post_type_properties_post_acceso_24_7":false,"post_type_properties_post_oficina_privada":false,"post_type_properties_post_sala_reuniones":false,"post_type_properties_post_espacio_eventos":false,"post_type_properties_post_office":false,"post_type_properties_post_restaurant":false,"post_type_properties_post_acepta_traspaso":false,"post_type_properties_post_vigilancia":false,"post_type_properties_post_features_suite":false,"post_type_properties_post_features_vitro":false,"post_type_properties_post_features_oven":false,"post_type_properties_post_features_microwave":false,"post_type_properties_post_features_washing_machine":false,"post_type_properties_post_features_dryer":false,"post_type_properties_post_features_dishwasher":false,"post_type_properties_post_features_fridge":false,"post_type_properties_post_features_fridge_mini":false,"post_type_properties_post_features_kettle":false,"post_type_properties_post_features_toaster":false,"post_type_properties_post_features_coffee_maker":false,"post_type_properties_post_features_iron":false,"post_type_properties_post_features_ironing_board":false,"post_type_properties_post_features_safe":false,"post_type_properties_post_features_internet":false,"post_type_properties_post_features_solarium":false,"post_type_properties_post_features_clean_service":false,"post_type_properties_post_features_t_v":false,"post_type_properties_post_features_satellite_t_v":false,"post_type_properties_post_features_gas_kitchen":false,"post_type_properties_post_features_view_mountain":false,"post_type_properties_post_features_view_sea":false,"post_type_properties_post_features_concierge":true,"post_type_properties_post_features_loading_dock":false,"post_type_properties_post_features_bridge_crane":false,"post_type_properties_post_features_located_at_corner":false,"post_type_properties_post_features_smoke_extraction":false,"post_type_properties_post_features_rooms":"","post_type_properties_post_features_garden_area":"","post_type_properties_post_features_utilities_water":false,"post_type_properties_post_features_utilities_electricity":false,"post_type_properties_post_features_utilities_natural_gas":false,"post_type_properties_post_features_building_adapted":false,"post_type_properties_post_features_garden":false,"post_type_properties_post_features_classification_hotel":false,"post_type_properties_post_features_classification_chalet":false,"post_type_properties_post_certificado_energetico_emisiones":"C","post_type_properties_post_barrio":"","post_type_properties_post_distrito_empresa":"Eixample","post_type_properties_post_features_property_category_intern":"","post_type_properties_post_implantada":false,"post_type_properties_post_sello_leed":"2","post_type_properties_post_sello_well":"2","post_type_properties_post_sello_breeam":false,"post_type_properties_post_images":[{"properties_post_image_order":1,"properties_post_image_url":"https:\/\/movin.cloud\/empresas\/2438\/imagenes\/11247260\/en-alquiler-11.webp","properties_post_image_url_thumbnail":"https:\/\/movin.cloud\/empresas\/2438\/imagenes\/thumbnails\/11247260\/en-alquiler-11.webp","properties_post_title":"en alquiler 11","properties_post_alt":"en alquiler 11"},{"properties_post_image_order":2,"properties_post_image_url":"https:\/\/movin.cloud\/empresas\/2438\/imagenes\/11247260\/en-alquiler-5.webp","properties_post_image_url_thumbnail":"https:\/\/movin.cloud\/empresas\/2438\/imagenes\/thumbnails\/11247260\/en-alquiler-5.webp","properties_post_title":"en alquiler 5","properties_post_alt":"en alquiler 5"},{"properties_post_image_order":3,"properties_post_image_url":"https:\/\/movin.cloud\/empresas\/2438\/imagenes\/11247260\/en-alquiler-7.webp","properties_post_image_url_thumbnail":"https:\/\/movin.cloud\/empresas\/2438\/imagenes\/thumbnails\/11247260\/en-alquiler-7.webp","properties_post_title":"en alquiler 7","properties_post_alt":"en alquiler 7"},{"properties_post_image_order":4,"properties_post_image_url":"https:\/\/movin.cloud\/empresas\/2438\/imagenes\/11247260\/fincas.webp","properties_post_image_url_thumbnail":"https:\/\/movin.cloud\/empresas\/2438\/imagenes\/thumbnails\/11247260\/fincas.webp","properties_post_title":"fincas","properties_post_alt":"fincas"},{"properties_post_image_order":5,"properties_post_image_url":"https:\/\/movin.cloud\/empresas\/2438\/imagenes\/11247260\/alquiler-para-idealistas.webp","properties_post_image_url_thumbnail":"https:\/\/movin.cloud\/empresas\/2438\/imagenes\/thumbnails\/11247260\/alquiler-para-idealistas.webp","properties_post_title":"alquiler para idealistas","properties_post_alt":"alquiler para idealistas"},{"properties_post_image_order":6,"properties_post_image_url":"https:\/\/movin.cloud\/empresas\/2438\/imagenes\/11247260\/en-alquiler-9.webp","properties_post_image_url_thumbnail":"https:\/\/movin.cloud\/empresas\/2438\/imagenes\/thumbnails\/11247260\/en-alquiler-9.webp","properties_post_title":"en alquiler 9","properties_post_alt":"en alquiler 9"},{"properties_post_image_order":7,"properties_post_image_url":"https:\/\/movin.cloud\/empresas\/2438\/imagenes\/11247260\/alquiler.webp","properties_post_image_url_thumbnail":"https:\/\/movin.cloud\/empresas\/2438\/imagenes\/thumbnails\/11247260\/alquiler.webp","properties_post_title":"alquiler","properties_post_alt":"alquiler"},{"properties_post_image_order":8,"properties_post_image_url":"https:\/\/movin.cloud\/empresas\/2438\/imagenes\/11247260\/en-alquiler-6.webp","properties_post_image_url_thumbnail":"https:\/\/movin.cloud\/empresas\/2438\/imagenes\/thumbnails\/11247260\/en-alquiler-6.webp","properties_post_title":"en alquiler 6","properties_post_alt":"en alquiler 6"},{"properties_post_image_order":9,"properties_post_image_url":"https:\/\/movin.cloud\/empresas\/2438\/imagenes\/11247260\/en-alquiler-8.webp","properties_post_image_url_thumbnail":"https:\/\/movin.cloud\/empresas\/2438\/imagenes\/thumbnails\/11247260\/en-alquiler-8.webp","properties_post_title":"en alquiler 8","properties_post_alt":"en alquiler 8"},{"properties_post_image_order":10,"properties_post_image_url":"https:\/\/movin.cloud\/empresas\/2438\/imagenes\/11247260\/en-alquiler.webp","properties_post_image_url_thumbnail":"https:\/\/movin.cloud\/empresas\/2438\/imagenes\/thumbnails\/11247260\/en-alquiler.webp","properties_post_title":"en alquiler","properties_post_alt":"en alquiler"},{"properties_post_image_order":11,"properties_post_image_url":"https:\/\/movin.cloud\/empresas\/2438\/imagenes\/11247260\/en-alquiler-2.webp","properties_post_image_url_thumbnail":"https:\/\/movin.cloud\/empresas\/2438\/imagenes\/thumbnails\/11247260\/en-alquiler-2.webp","properties_post_title":"en alquiler 2","properties_post_alt":"en alquiler 2"},{"properties_post_image_order":12,"properties_post_image_url":"https:\/\/movin.cloud\/empresas\/2438\/imagenes\/11247260\/en-alquiler-4.webp","properties_post_image_url_thumbnail":"https:\/\/movin.cloud\/empresas\/2438\/imagenes\/thumbnails\/11247260\/en-alquiler-4.webp","properties_post_title":"en alquiler 4","properties_post_alt":"en alquiler 4"},{"properties_post_image_order":13,"properties_post_image_url":"https:\/\/movin.cloud\/empresas\/2438\/imagenes\/11247260\/en-alquiler-12.webp","properties_post_image_url_thumbnail":"https:\/\/movin.cloud\/empresas\/2438\/imagenes\/thumbnails\/11247260\/en-alquiler-12.webp","properties_post_title":"en alquiler 12","properties_post_alt":"en alquiler 12"},{"properties_post_image_order":14,"properties_post_image_url":"https:\/\/movin.cloud\/empresas\/2438\/imagenes\/11247260\/en-alquiler-13.webp","properties_post_image_url_thumbnail":"https:\/\/movin.cloud\/empresas\/2438\/imagenes\/thumbnails\/11247260\/en-alquiler-13.webp","properties_post_title":"en alquiler 13","properties_post_alt":"en alquiler 13"}],"post_type_properties_post_videos":null,"post_type_properties_post_tour":null,"post_type_properties_post_dossier_url":"","post_type_properties_post_operation_type":"rent","post_type_properties_post_operation_price":18751,"post_type_properties_post_features_hidden_price":false},"yoast_head":"<!-- This site is optimized with the Yoast SEO plugin v27.4 - https:\/\/yoast.com\/product\/yoast-seo-wordpress\/ -->\n<title>MARINA - 22@ - Forcadell<\/title>\n<meta name=\"robots\" content=\"index, follow, max-snippet:-1, max-image-preview:large, max-video-preview:-1\" \/>\n<link rel=\"canonical\" href=\"https:\/\/forcadell.com\/ca\/propiedades\/marina-22-3\/\" \/>\n<meta property=\"og:locale\" content=\"ca_ES\" \/>\n<meta property=\"og:type\" content=\"article\" \/>\n<meta property=\"og:title\" content=\"MARINA - 22@ - Forcadell\" \/>\n<meta property=\"og:description\" content=\"Oficinas de Clase A en el coraz\u00f3n del Eixample, Barcelona Presentamos un edificio de oficinas completamente renovado ubicado en el emblem\u00e1tico distrito modernista del Eixample. Dise\u00f1ado para empresas comprometidas con la innovaci\u00f3n y la sostenibilidad, este espacio combina dise\u00f1o vanguardista, funcionalidad y respeto por el entorno urbano. Con m\u00e1s de 6.433 m\u00b2 distribuidos en nueve [&hellip;]\" \/>\n<meta property=\"og:url\" content=\"https:\/\/forcadell.com\/ca\/propiedades\/marina-22-3\/\" \/>\n<meta property=\"og:site_name\" content=\"Forcadell\" \/>\n<meta property=\"article:modified_time\" content=\"2026-04-28T01:35:20+00:00\" \/>\n<meta name=\"twitter:card\" content=\"summary_large_image\" \/>\n<meta name=\"twitter:label1\" content=\"Temps estimat de lectura\" \/>\n\t<meta name=\"twitter:data1\" content=\"2 minuts\" \/>\n<!-- \/ Yoast SEO plugin. -->","yoast_head_json":{"title":"MARINA - 22@ - Forcadell","robots":{"index":"index","follow":"follow","max-snippet":"max-snippet:-1","max-image-preview":"max-image-preview:large","max-video-preview":"max-video-preview:-1"},"canonical":"https:\/\/forcadell.com\/ca\/propiedades\/marina-22-3\/","og_locale":"ca_ES","og_type":"article","og_title":"MARINA - 22@ - Forcadell","og_description":"Oficinas de Clase A en el coraz\u00f3n del Eixample, Barcelona Presentamos un edificio de oficinas completamente renovado ubicado en el emblem\u00e1tico distrito modernista del Eixample. Dise\u00f1ado para empresas comprometidas con la innovaci\u00f3n y la sostenibilidad, este espacio combina dise\u00f1o vanguardista, funcionalidad y respeto por el entorno urbano. Con m\u00e1s de 6.433 m\u00b2 distribuidos en nueve [&hellip;]","og_url":"https:\/\/forcadell.com\/ca\/propiedades\/marina-22-3\/","og_site_name":"Forcadell","article_modified_time":"2026-04-28T01:35:20+00:00","twitter_card":"summary_large_image","twitter_misc":{"Temps estimat de lectura":"2 minuts"},"schema":{"@context":"https:\/\/schema.org","@graph":[{"@type":"WebPage","@id":"https:\/\/forcadell.com\/ca\/propiedades\/marina-22-3\/","url":"https:\/\/forcadell.com\/ca\/propiedades\/marina-22-3\/","name":"MARINA - 22@ - Forcadell","isPartOf":{"@id":"https:\/\/forcadell.com\/ca\/#website"},"datePublished":"2025-11-04T14:36:11+00:00","dateModified":"2026-04-28T01:35:20+00:00","breadcrumb":{"@id":"https:\/\/forcadell.com\/ca\/propiedades\/marina-22-3\/#breadcrumb"},"inLanguage":"ca","potentialAction":[{"@type":"ReadAction","target":["https:\/\/forcadell.com\/ca\/propiedades\/marina-22-3\/"]}]},{"@type":"BreadcrumbList","@id":"https:\/\/forcadell.com\/ca\/propiedades\/marina-22-3\/#breadcrumb","itemListElement":[{"@type":"ListItem","position":1,"name":"Portada","item":"https:\/\/forcadell.com\/ca\/"},{"@type":"ListItem","position":2,"name":"Properties","item":"https:\/\/forcadell.com\/ca\/propiedades\/"},{"@type":"ListItem","position":3,"name":"MARINA &#8211; 22@"}]},{"@type":"WebSite","@id":"https:\/\/forcadell.com\/ca\/#website","url":"https:\/\/forcadell.com\/ca\/","name":"Forcadell","description":"Inmobiliaria Barcelona | Consultores inmobiliarios","potentialAction":[{"@type":"SearchAction","target":{"@type":"EntryPoint","urlTemplate":"https:\/\/forcadell.com\/ca\/?s={search_term_string}"},"query-input":{"@type":"PropertyValueSpecification","valueRequired":true,"valueName":"search_term_string"}}],"inLanguage":"ca"}]}},"_links":{"self":[{"href":"https:\/\/forcadell.com\/ca\/wp-json\/wp\/v2\/properties_post\/58208","targetHints":{"allow":["GET"]}}],"collection":[{"href":"https:\/\/forcadell.com\/ca\/wp-json\/wp\/v2\/properties_post"}],"about":[{"href":"https:\/\/forcadell.com\/ca\/wp-json\/wp\/v2\/types\/properties_post"}],"wp:attachment":[{"href":"https:\/\/forcadell.com\/ca\/wp-json\/wp\/v2\/media?parent=58208"}],"curies":[{"name":"wp","href":"https:\/\/api.w.org\/{rel}","templated":true}]}}