{"id":58193,"date":"2025-11-04T16:34:09","date_gmt":"2025-11-04T14:34:09","guid":{"rendered":"https:\/\/www.forcadell.com\/propiedades\/edificio-mediacomplex\/"},"modified":"2026-04-27T11:10:10","modified_gmt":"2026-04-27T09:10:10","slug":"edificio-mediacomplex","status":"publish","type":"properties_post","link":"https:\/\/forcadell.com\/ca\/propiedades\/edificio-mediacomplex\/","title":{"rendered":"EDIFICIO MEDIACOMPLEX"},"content":{"rendered":"<p>Inst\u00e1late en un emblem\u00e1tico edificio de oficinas situado junto a la Plaza de les Gl\u00f2ries, en una de las zonas de negocios m\u00e1s din\u00e1micas de la ciudad. Un espacio pensado para empresas que buscan destacar, crecer y atraer talento.<\/p>\n<p>Caracter\u00edsticas que marcan la diferencia:<\/p>\n<p>OFICINA IMPLANTADA<br \/>\nCertificaciones LEED Gold y WELL<br \/>\nFachada de muro cortina y superficies di\u00e1fanas<br \/>\nAltura libre de 2,70 m y suelo t\u00e9cnico<br \/>\nSistema de climatizaci\u00f3n por Districlima<br \/>\nSeguridad 24h, sistema de protecci\u00f3n contra incendios y CCTV operativo<br \/>\nEdificio a 4 vientos con abundante luz natural<br \/>\n4 ascensores de alta capacidad<\/p>\n<p>Excelente conectividad:<\/p>\n<p>Metro L1 \u2013 Gl\u00f2ries<br \/>\nTram T4 \u2013 Estaci\u00f3n de Sant Adri\u00e0 \/ Ciutadella \u2013 Vila Ol\u00edmpica<br \/>\nL\u00edneas de bus: 7, 60, 92, 192, H12<br \/>\nAccesos directos desde Av. Diagonal y Gran Via de les Corts Catalanes<\/p>\n<p>Haz crecer tu empresa en un entorno que inspira. Cont\u00e1ctanos hoy mismo para m\u00e1s informaci\u00f3n.<\/p>\n","protected":false},"template":"","class_list":["post-58193","properties_post","type-properties_post","status-publish","hentry","properties_modality-rent","properties_district-sant-marti","properties_province-barcelona","properties_zone-116","properties_state-barcelona","properties_subclass-oficina","properties_type-oficina"],"acf":{"post_type_properties_post_property_code":"11247190","post_type_properties_post_property_reference":"IE-225970","post_type_properties_post_owner_id":"31026","post_type_properties_post_owner_name":"CBRE REAL ESTATE SA","post_type_properties_post_property_code_encrypted":"MjQ5JDMxNzU3","post_type_properties_post_published":"1","post_type_properties_post_property_visibility":"idealista","post_type_properties_post_contact_name":"Forcadell Oficinas Barcelona","post_type_properties_post_contact_email":"forcadell.oficinas.barcelona@movin.cloud","post_type_properties_post_contact_primary_phone_prefix":"34","post_type_properties_post_contact_primary_phone_number":"934965413","post_type_properties_post_address_visibility":"street","post_type_properties_post_address_country":"Spain","post_type_properties_post_address_coordinates_precision":"exact","post_type_properties_post_address_postal_code":"08018","post_type_properties_post_address_coordinates_latitude":"41.39702","post_type_properties_post_address_coordinates_longitude":"2.16167","post_type_properties_post_address_street_name":"Av. Diagonal 177","post_type_properties_post_address_floor":"7","post_type_properties_post_address_town":"Barcelona","post_type_properties_post_building":null,"post_type_properties_post_property":[{"properties_post_description_language":"catalan","properties_post_title":"EDIFICI MEDIACOMPLEX","properties_post_short_description_text_alt":"","properties_post_description_text_alt":"","properties_post_short_description_text":"","properties_post_link_demanda_inmueble":"https:\/\/movin.cloud\/ca\/Forcadell Oficinas Barcelona\/formulari-peticio-immoble\/sth\/2438&&11247190","properties_post_link_demanda_calendario_inmueble":"https:\/\/movin.cloud\/ca\/Forcadell Oficinas Barcelona\/calendari-peticio-immoble\/sth\/2438&&11247190","properties_post_description_text":"Instal\u00b7la't en un edifici emblem\u00e0tic d'oficines situat al costat de la Pla\u00e7a de les Gl\u00f2ries, en una de les zones de negocis m\u00e9s din\u00e0miques de la ciutat. Un espai pensat per a empreses que busquen destacar, cr\u00e9ixer i atraure talent.\n\nCaracter\u00edstiques que marquen la difer\u00e8ncia:\n\nOFICINA IMPLANTADA\nCertificacions LEED Gold i WELL\nFa\u00e7ana de mur cortina i superf\u00edcies di\u00e0fanes\nAl\u00e7ada lliure de 2,70 m i terra t\u00e8cnic\nSistema de climatitzaci\u00f3 per Districlima\nSeguretat 24h, sistema de protecci\u00f3 contra incendis i CCTV operatiu\nEdifici a 4 vents amb abundant llum natural\n4 ascensors d\u00b4alta capacitat\n\nExcel\u00b7lent connectivitat:\n\nMetro L1 \u2013 Gl\u00f2ries\nTram T4 \u2013 Estaci\u00f3 de Sant Adri\u00e0 \/ Ciutadella \u2013 Vila Ol\u00edmpica\nL\u00ednies de bus: 7, 60, 92, 192, H12\nAccessos directes des d'Av. Diagonal i Gran Via de les Corts Catalanes\n\nFes cr\u00e9ixer la teva empresa en un entorn que inspira.","properties_post_seo_title":"","properties_post_seo_alias":"","properties_post_seo_metadescription":"","properties_post_seo_key_words":"","properties_post_seo_url":"","properties_post_terms_conditions":""},{"properties_post_description_language":"spanish","properties_post_title":"EDIFICIO MEDIACOMPLEX","properties_post_short_description_text_alt":"","properties_post_description_text_alt":"","properties_post_short_description_text":"","properties_post_link_demanda_inmueble":"https:\/\/movin.cloud\/es\/Forcadell Oficinas Barcelona\/formulario-peticion-inmueble\/sth\/2438&&11247190","properties_post_link_demanda_calendario_inmueble":"https:\/\/movin.cloud\/es\/Forcadell Oficinas Barcelona\/calendario-peticion-inmueble\/sth\/2438&&11247190","properties_post_description_text":"Inst\u00e1late en un emblem\u00e1tico edificio de oficinas situado junto a la Plaza de les Gl\u00f2ries, en una de las zonas de negocios m\u00e1s din\u00e1micas de la ciudad. Un espacio pensado para empresas que buscan destacar, crecer y atraer talento.\n\nCaracter\u00edsticas que marcan la diferencia:\n\nOFICINA IMPLANTADA\nCertificaciones LEED Gold y WELL\nFachada de muro cortina y superficies di\u00e1fanas\nAltura libre de 2,70 m y suelo t\u00e9cnico\nSistema de climatizaci\u00f3n por Districlima\nSeguridad 24h, sistema de protecci\u00f3n contra incendios y CCTV operativo\nEdificio a 4 vientos con abundante luz natural\n4 ascensores de alta capacidad\n\nExcelente conectividad:\n\nMetro L1 \u2013 Gl\u00f2ries\nTram T4 \u2013 Estaci\u00f3n de Sant Adri\u00e0 \/ Ciutadella \u2013 Vila Ol\u00edmpica\nL\u00edneas de bus: 7, 60, 92, 192, H12\nAccesos directos desde Av. Diagonal y Gran Via de les Corts Catalanes\n\nHaz crecer tu empresa en un entorno que inspira. Cont\u00e1ctanos hoy mismo para m\u00e1s informaci\u00f3n.\n \n","properties_post_seo_title":"","properties_post_seo_alias":"","properties_post_seo_metadescription":"","properties_post_seo_key_words":"","properties_post_seo_url":"","properties_post_terms_conditions":""}],"post_type_properties_post_features_type":"office","post_type_properties_post_id_building":"","post_type_properties_post_features_area_constructed":924,"post_type_properties_post_features_conditioned_air":false,"post_type_properties_post_features_doorman":false,"post_type_properties_post_features_heating":false,"post_type_properties_post_features_equipped_kitchen":false,"post_type_properties_post_features_windows_location":"exterior","post_type_properties_post_features_floors_property":false,"post_type_properties_post_features_storage":false,"post_type_properties_post_features_security_door":false,"post_type_properties_post_features_energy_certificate_rating":"B","post_type_properties_post_features_energy_certificate_emissions_rating":"B","post_type_properties_post_features_energy_certificate_emissions_value":"","post_type_properties_post_features_energy_certificate_performance":"","post_type_properties_post_features_bathroom_inside":false,"post_type_properties_post_precio":21252,"post_type_properties_post_precio_alquiler":21252,"post_type_properties_post_record_type_id":"Oficina","post_type_properties_post_categoria__producto":"Oficina","post_type_properties_post_amueblado":false,"post_type_properties_post_precio_m2":23,"post_type_properties_post_zona__comunitaria":false,"post_type_properties_post_electrodomesticos":false,"post_type_properties_post_patio__interior":false,"post_type_properties_post_certificado_energetico_general":"B","post_type_properties_post_certificado_energetico_consumo":"B","post_type_properties_post_certificado_energetico_valor_emisiones":"","post_type_properties_post_certificado_energetico_valor_consumo":"","post_type_properties_post_modalidad":"rent","post_type_properties_post_provincia":"Barcelona","post_type_properties_post_poblacion":"Barcelona","post_type_properties_post_centro__urbano":false,"post_type_properties_post_zonificacion":"22 @","post_type_properties_post_cartera":"","post_type_properties_post_titulo_catalan":"EDIFICI MEDIACOMPLEX","post_type_properties_post_internet_catalan":"Instal\u00b7la't en un edifici emblem\u00e0tic d'oficines situat al costat de la Pla\u00e7a de les Gl\u00f2ries, en una de les zones de negocis m\u00e9s din\u00e0miques de la ciutat. Un espai pensat per a empreses que busquen destacar, cr\u00e9ixer i atraure talent.\n\nCaracter\u00edstiques que marquen la difer\u00e8ncia:\n\nOFICINA IMPLANTADA\nCertificacions LEED Gold i WELL\nFa\u00e7ana de mur cortina i superf\u00edcies di\u00e0fanes\nAl\u00e7ada lliure de 2,70 m i terra t\u00e8cnic\nSistema de climatitzaci\u00f3 per Districlima\nSeguretat 24h, sistema de protecci\u00f3 contra incendis i CCTV operatiu\nEdifici a 4 vents amb abundant llum natural\n4 ascensors d\u00b4alta capacitat\n\nExcel\u00b7lent connectivitat:\n\nMetro L1 \u2013 Gl\u00f2ries\nTram T4 \u2013 Estaci\u00f3 de Sant Adri\u00e0 \/ Ciutadella \u2013 Vila Ol\u00edmpica\nL\u00ednies de bus: 7, 60, 92, 192, H12\nAccessos directes des d'Av. Diagonal i Gran Via de les Corts Catalanes\n\nFes cr\u00e9ixer la teva empresa en un entorn que inspira.","post_type_properties_post_titulo_castellano":"EDIFICIO MEDIACOMPLEX","post_type_properties_post_internet_castellano":"Inst\u00e1late en un emblem\u00e1tico edificio de oficinas situado junto a la Plaza de les Gl\u00f2ries, en una de las zonas de negocios m\u00e1s din\u00e1micas de la ciudad. Un espacio pensado para empresas que buscan destacar, crecer y atraer talento.\n\nCaracter\u00edsticas que marcan la diferencia:\n\nOFICINA IMPLANTADA\nCertificaciones LEED Gold y WELL\nFachada de muro cortina y superficies di\u00e1fanas\nAltura libre de 2,70 m y suelo t\u00e9cnico\nSistema de climatizaci\u00f3n por Districlima\nSeguridad 24h, sistema de protecci\u00f3n contra incendios y CCTV operativo\nEdificio a 4 vientos con abundante luz natural\n4 ascensores de alta capacidad\n\nExcelente conectividad:\n\nMetro L1 \u2013 Gl\u00f2ries\nTram T4 \u2013 Estaci\u00f3n de Sant Adri\u00e0 \/ Ciutadella \u2013 Vila Ol\u00edmpica\nL\u00edneas de bus: 7, 60, 92, 192, H12\nAccesos directos desde Av. Diagonal y Gran Via de les Corts Catalanes\n\nHaz crecer tu empresa en un entorno que inspira. Cont\u00e1ctanos hoy mismo para m\u00e1s informaci\u00f3n.\n \n","post_type_properties_post_titulo_ingles":"","post_type_properties_post_internet_ingles":"","post_type_properties_post_features_classification_commercial":false,"post_type_properties_post_features_conservation":"","post_type_properties_post_features_security_personnel":false,"post_type_properties_post_features_parking_available":false,"post_type_properties_post_features_garage_capacity_type":"","post_type_properties_post_features_bathroom_number":"","post_type_properties_post_eje":"","post_type_properties_post_zona":"","post_type_properties_post_comarca":"","post_type_properties_post_features_built_year":"","post_type_properties_post_renta_mensual":"","post_type_properties_post_fianza":"","post_type_properties_post_features_area_plot":"","post_type_properties_post_features_area_buildable":"","post_type_properties_post_features_classification_industrial":false,"post_type_properties_post_distrito":"","post_type_properties_post_features_balcony":false,"post_type_properties_post_features_bedroom_number":"","post_type_properties_post_features_heating_type":"","post_type_properties_post_features_equipped_with_furniture":false,"post_type_properties_post_features_pets_allowed":false,"post_type_properties_post_features_pool":false,"post_type_properties_post_features_terrace":false,"post_type_properties_post_features_wardrobes":false,"post_type_properties_post_features_lift_available":false,"post_type_properties_post_features_handicap_adapted_access":false,"post_type_properties_post_features_orientation_east":false,"post_type_properties_post_features_orientation_west":false,"post_type_properties_post_features_orientation_north":false,"post_type_properties_post_features_orientation_south":false,"post_type_properties_post_features_parking_spaces_number":"","post_type_properties_post_features_security_alarm":false,"post_type_properties_post_features_security_system":false,"post_type_properties_post_open_plan":false,"post_type_properties_post_acceso_24_7":false,"post_type_properties_post_oficina_privada":false,"post_type_properties_post_sala_reuniones":false,"post_type_properties_post_espacio_eventos":false,"post_type_properties_post_office":false,"post_type_properties_post_restaurant":false,"post_type_properties_post_acepta_traspaso":false,"post_type_properties_post_vigilancia":false,"post_type_properties_post_features_suite":false,"post_type_properties_post_features_vitro":false,"post_type_properties_post_features_oven":false,"post_type_properties_post_features_microwave":false,"post_type_properties_post_features_washing_machine":false,"post_type_properties_post_features_dryer":false,"post_type_properties_post_features_dishwasher":false,"post_type_properties_post_features_fridge":false,"post_type_properties_post_features_fridge_mini":false,"post_type_properties_post_features_kettle":false,"post_type_properties_post_features_toaster":false,"post_type_properties_post_features_coffee_maker":false,"post_type_properties_post_features_iron":false,"post_type_properties_post_features_ironing_board":false,"post_type_properties_post_features_safe":false,"post_type_properties_post_features_internet":false,"post_type_properties_post_features_solarium":false,"post_type_properties_post_features_clean_service":false,"post_type_properties_post_features_t_v":false,"post_type_properties_post_features_satellite_t_v":false,"post_type_properties_post_features_gas_kitchen":false,"post_type_properties_post_features_view_mountain":false,"post_type_properties_post_features_view_sea":false,"post_type_properties_post_features_concierge":false,"post_type_properties_post_features_loading_dock":false,"post_type_properties_post_features_bridge_crane":false,"post_type_properties_post_features_located_at_corner":false,"post_type_properties_post_features_smoke_extraction":false,"post_type_properties_post_features_rooms":"","post_type_properties_post_features_garden_area":"","post_type_properties_post_features_utilities_water":false,"post_type_properties_post_features_utilities_electricity":false,"post_type_properties_post_features_utilities_natural_gas":false,"post_type_properties_post_features_building_adapted":false,"post_type_properties_post_features_garden":false,"post_type_properties_post_features_classification_hotel":false,"post_type_properties_post_features_classification_chalet":false,"post_type_properties_post_certificado_energetico_emisiones":"B","post_type_properties_post_barrio":"","post_type_properties_post_distrito_empresa":"Sant Mart\u00ed","post_type_properties_post_features_property_category_intern":"","post_type_properties_post_implantada":true,"post_type_properties_post_sello_leed":"1","post_type_properties_post_sello_well":"","post_type_properties_post_sello_breeam":false,"post_type_properties_post_images":[{"properties_post_image_order":1,"properties_post_image_url":"https:\/\/movin.cloud\/empresas\/2438\/imagenes\/11247190\/en-alquiler.webp","properties_post_image_url_thumbnail":"https:\/\/movin.cloud\/empresas\/2438\/imagenes\/thumbnails\/11247190\/en-alquiler.webp","properties_post_title":"en alquiler","properties_post_alt":"en alquiler"},{"properties_post_image_order":2,"properties_post_image_url":"https:\/\/movin.cloud\/empresas\/2438\/imagenes\/11247190\/alquiler.webp","properties_post_image_url_thumbnail":"https:\/\/movin.cloud\/empresas\/2438\/imagenes\/thumbnails\/11247190\/alquiler.webp","properties_post_title":"alquiler","properties_post_alt":"alquiler"},{"properties_post_image_order":3,"properties_post_image_url":"https:\/\/movin.cloud\/empresas\/2438\/imagenes\/11247190\/alquiler-idealistas.webp","properties_post_image_url_thumbnail":"https:\/\/movin.cloud\/empresas\/2438\/imagenes\/thumbnails\/11247190\/alquiler-idealistas.webp","properties_post_title":"alquiler idealistas","properties_post_alt":"alquiler idealistas"},{"properties_post_image_order":4,"properties_post_image_url":"https:\/\/movin.cloud\/empresas\/2438\/imagenes\/11247190\/habitalia.webp","properties_post_image_url_thumbnail":"https:\/\/movin.cloud\/empresas\/2438\/imagenes\/thumbnails\/11247190\/habitalia.webp","properties_post_title":"habitalia","properties_post_alt":"habitalia"}],"post_type_properties_post_videos":null,"post_type_properties_post_tour":null,"post_type_properties_post_dossier_url":"","post_type_properties_post_operation_type":"rent","post_type_properties_post_operation_price":21252,"post_type_properties_post_features_hidden_price":false},"yoast_head":"<!-- This site is optimized with the Yoast SEO plugin v25.6 - https:\/\/yoast.com\/wordpress\/plugins\/seo\/ -->\n<title>EDIFICIO MEDIACOMPLEX - Forcadell<\/title>\n<meta name=\"robots\" content=\"index, follow, max-snippet:-1, max-image-preview:large, max-video-preview:-1\" \/>\n<link rel=\"canonical\" href=\"https:\/\/forcadell.com\/ca\/propiedades\/edificio-mediacomplex\/\" \/>\n<meta property=\"og:locale\" content=\"ca_ES\" \/>\n<meta property=\"og:type\" content=\"article\" \/>\n<meta property=\"og:title\" content=\"EDIFICIO MEDIACOMPLEX - Forcadell\" \/>\n<meta property=\"og:description\" content=\"Inst\u00e1late en un emblem\u00e1tico edificio de oficinas situado junto a la Plaza de les Gl\u00f2ries, en una de las zonas de negocios m\u00e1s din\u00e1micas de la ciudad. Un espacio pensado para empresas que buscan destacar, crecer y atraer talento. Caracter\u00edsticas que marcan la diferencia: OFICINA IMPLANTADA Certificaciones LEED Gold y WELL Fachada de muro cortina [&hellip;]\" \/>\n<meta property=\"og:url\" content=\"https:\/\/forcadell.com\/ca\/propiedades\/edificio-mediacomplex\/\" \/>\n<meta property=\"og:site_name\" content=\"Forcadell\" \/>\n<meta property=\"article:modified_time\" content=\"2026-04-27T09:10:10+00:00\" \/>\n<meta name=\"twitter:card\" content=\"summary_large_image\" \/>\n<meta name=\"twitter:label1\" content=\"Temps estimat de lectura\" \/>\n\t<meta name=\"twitter:data1\" content=\"1 minut\" \/>\n<!-- \/ Yoast SEO plugin. -->","yoast_head_json":{"title":"EDIFICIO MEDIACOMPLEX - Forcadell","robots":{"index":"index","follow":"follow","max-snippet":"max-snippet:-1","max-image-preview":"max-image-preview:large","max-video-preview":"max-video-preview:-1"},"canonical":"https:\/\/forcadell.com\/ca\/propiedades\/edificio-mediacomplex\/","og_locale":"ca_ES","og_type":"article","og_title":"EDIFICIO MEDIACOMPLEX - Forcadell","og_description":"Inst\u00e1late en un emblem\u00e1tico edificio de oficinas situado junto a la Plaza de les Gl\u00f2ries, en una de las zonas de negocios m\u00e1s din\u00e1micas de la ciudad. Un espacio pensado para empresas que buscan destacar, crecer y atraer talento. Caracter\u00edsticas que marcan la diferencia: OFICINA IMPLANTADA Certificaciones LEED Gold y WELL Fachada de muro cortina [&hellip;]","og_url":"https:\/\/forcadell.com\/ca\/propiedades\/edificio-mediacomplex\/","og_site_name":"Forcadell","article_modified_time":"2026-04-27T09:10:10+00:00","twitter_card":"summary_large_image","twitter_misc":{"Temps estimat de lectura":"1 minut"},"schema":{"@context":"https:\/\/schema.org","@graph":[{"@type":"WebPage","@id":"https:\/\/forcadell.com\/ca\/propiedades\/edificio-mediacomplex\/","url":"https:\/\/forcadell.com\/ca\/propiedades\/edificio-mediacomplex\/","name":"EDIFICIO MEDIACOMPLEX - Forcadell","isPartOf":{"@id":"https:\/\/forcadell.com\/ca\/#website"},"datePublished":"2025-11-04T14:34:09+00:00","dateModified":"2026-04-27T09:10:10+00:00","breadcrumb":{"@id":"https:\/\/forcadell.com\/ca\/propiedades\/edificio-mediacomplex\/#breadcrumb"},"inLanguage":"ca","potentialAction":[{"@type":"ReadAction","target":["https:\/\/forcadell.com\/ca\/propiedades\/edificio-mediacomplex\/"]}]},{"@type":"BreadcrumbList","@id":"https:\/\/forcadell.com\/ca\/propiedades\/edificio-mediacomplex\/#breadcrumb","itemListElement":[{"@type":"ListItem","position":1,"name":"Portada","item":"https:\/\/forcadell.com\/ca\/"},{"@type":"ListItem","position":2,"name":"Properties","item":"https:\/\/forcadell.com\/ca\/propiedades\/"},{"@type":"ListItem","position":3,"name":"EDIFICIO MEDIACOMPLEX"}]},{"@type":"WebSite","@id":"https:\/\/forcadell.com\/ca\/#website","url":"https:\/\/forcadell.com\/ca\/","name":"Forcadell","description":"Inmobiliaria Barcelona | Consultores inmobiliarios","potentialAction":[{"@type":"SearchAction","target":{"@type":"EntryPoint","urlTemplate":"https:\/\/forcadell.com\/ca\/?s={search_term_string}"},"query-input":{"@type":"PropertyValueSpecification","valueRequired":true,"valueName":"search_term_string"}}],"inLanguage":"ca"}]}},"_links":{"self":[{"href":"https:\/\/forcadell.com\/ca\/wp-json\/wp\/v2\/properties_post\/58193"}],"collection":[{"href":"https:\/\/forcadell.com\/ca\/wp-json\/wp\/v2\/properties_post"}],"about":[{"href":"https:\/\/forcadell.com\/ca\/wp-json\/wp\/v2\/types\/properties_post"}],"wp:attachment":[{"href":"https:\/\/forcadell.com\/ca\/wp-json\/wp\/v2\/media?parent=58193"}],"curies":[{"name":"wp","href":"https:\/\/api.w.org\/{rel}","templated":true}]}}