{"id":58153,"date":"2025-11-04T16:31:33","date_gmt":"2025-11-04T14:31:33","guid":{"rendered":"https:\/\/www.forcadell.com\/propiedades\/tanger-34-2\/"},"modified":"2026-04-26T06:09:05","modified_gmt":"2026-04-26T04:09:05","slug":"tanger-34-2","status":"publish","type":"properties_post","link":"https:\/\/forcadell.com\/ca\/propiedades\/tanger-34-2\/","title":{"rendered":"T\u00c0NGER 34"},"content":{"rendered":"<p> \u00a1Bienvenido a T\u00c0NGER 34, tu nuevo espacio de trabajo en el coraz\u00f3n del distrito 22@ de Barcelona!<\/p>\n<p>Este edificio de oficinas de nueva construcci\u00f3n ha sido dise\u00f1ado para ofrecer todos los ingredientes necesarios para el \u00e9xito y bienestar de las empresas de hoy. Con espacios amplios, flexibles y luminosos, as\u00ed como exclusivas zonas comunes y terrazas ajardinadas en todas las plantas, es el lugar perfecto para inspirar tu productividad.<\/p>\n<p>Caracter\u00edsticas destacadas:<\/p>\n<p>Edificio corporativo con fachada acristalada y dise\u00f1o moderno<br \/>\nServicio de conserjer\u00eda para tu comodidad<br \/>\nAscensores para facilitar el acceso<br \/>\nZonas comunes ajardinadas de 1500 m\u00b2<br \/>\nClimatizaci\u00f3n fr\u00edo-calor para un entorno ideal<br \/>\nSuperficies di\u00e1fanas y excelente luz natural<br \/>\nFalso techo registrable y suelo t\u00e9cnico<br \/>\nZona office, auditorio\/grada, taquillas y vestuarios<br \/>\nParking privado con plazas para veh\u00edculos el\u00e9ctricos<br \/>\nCertificaci\u00f3n LEED GOLD<\/p>\n<p>TERRAZA: 57,80 m\u00b2<\/p>\n<p>Ubicaci\u00f3n estrat\u00e9gica:<\/p>\n<p>A solo 5 minutos del centro de Barcelona<br \/>\nA 20 minutos de la Estaci\u00f3n de Sants<\/p>\n<p>Accesibilidad total:<br \/>\nBus: V21, H12, 7, 6<br \/>\nMetro: L1 &#8211; \u201cGl\u00f2ries\u201d y \u201cMarina\u201d<br \/>\nTram: T4, T5, T6 &#8211; \u201cGl\u00f2ries\u201d<\/p>\n<p>\u00a1Haz crecer tu empresa en un espacio \u00fanico y estrat\u00e9gicamente ubicado!<\/p>\n<p>T\u00c0NGER 34 no es solo un edificio, es el lugar donde tus proyectos pueden alcanzar el m\u00e1ximo potencial. \u00a1Cont\u00e1ctanos y ven a visitarnos!<\/p>\n","protected":false},"template":"","class_list":["post-58153","properties_post","type-properties_post","status-publish","hentry","properties_modality-rent","properties_district-sant-marti","properties_province-barcelona","properties_zone-116","properties_state-barcelona","properties_subclass-oficina","properties_type-oficina"],"acf":{"post_type_properties_post_property_code":"11246881","post_type_properties_post_property_reference":"IE-225773","post_type_properties_post_owner_id":"49759","post_type_properties_post_owner_name":"DOLMEX","post_type_properties_post_property_code_encrypted":"MjQ5JDMxNDQ4","post_type_properties_post_published":"1","post_type_properties_post_property_visibility":"idealista","post_type_properties_post_contact_name":"Forcadell Oficinas Barcelona","post_type_properties_post_contact_email":"forcadell.oficinas.barcelona@movin.cloud","post_type_properties_post_contact_primary_phone_prefix":"34","post_type_properties_post_contact_primary_phone_number":"934965413","post_type_properties_post_address_visibility":"street","post_type_properties_post_address_country":"Spain","post_type_properties_post_address_coordinates_precision":"exact","post_type_properties_post_address_postal_code":"08018","post_type_properties_post_address_coordinates_latitude":"41.399496400002","post_type_properties_post_address_coordinates_longitude":"2.189205500002","post_type_properties_post_address_street_name":"CL T\u00e0nger 34","post_type_properties_post_address_floor":"2","post_type_properties_post_address_town":"Barcelona","post_type_properties_post_building":[{"properties_post_description_language":"spanish","properties_post_title":"T\u00c0NGER 34 ","properties_post_short_description_text_alt":"","properties_post_description_text_alt":"","properties_post_short_description_text":" ","properties_post_link_demanda_inmueble":"","properties_post_link_demanda_calendario_inmueble":"","properties_post_description_text":" \u00a1Bienvenido a T\u00c0NGER 34, tu nuevo espacio de trabajo en el coraz\u00f3n del distrito 22@ de Barcelona!\n\nEste edificio de oficinas de nueva construcci\u00f3n ha sido dise\u00f1ado para ofrecer todos los ingredientes necesarios para el \u00e9xito y bienestar de las empresas de hoy. Con espacios amplios, flexibles y luminosos, as\u00ed como exclusivas zonas comunes y terrazas ajardinadas en todas las plantas, es el lugar perfecto para inspirar tu productividad.\n\nCaracter\u00edsticas destacadas:\n\nEdificio corporativo con fachada acristalada y dise\u00f1o moderno\nServicio de conserjer\u00eda para tu comodidad\nAscensores para facilitar el acceso\nZonas comunes ajardinadas de 1500 m\u00b2\nClimatizaci\u00f3n fr\u00edo-calor para un entorno ideal\nSuperficies di\u00e1fanas y excelente luz natural\nFalso techo registrable y suelo t\u00e9cnico\nZona office, auditorio\/grada, taquillas y vestuarios\nParking privado con plazas para veh\u00edculos el\u00e9ctricos\nCertificaci\u00f3n LEED GOLD\n\nDesglose por plantas y terrazas:\n\nP. JARD\u00cdN: 822,13 m\u00b2\nPB: 481,04 m\u00b2 + 338 m\u00b2\nP1: 569,59 m\u00b2 + 328,46 m\u00b2\nP2: 569,59 m\u00b2 + 57,80 m\u00b2\nP3: 569,59 m\u00b2 + 57,80 m\u00b2\nP4: 569,59 m\u00b2 + 57,80 m\u00b2\nP5: 569,59 m\u00b2 + 57,80 m\u00b2\nP6: 182,49 m\u00b2 + 415,57 m\u00b2\n\nUbicaci\u00f3n estrat\u00e9gica:\n\nA solo 5 minutos del centro de Barcelona\nA 20 minutos de la Estaci\u00f3n de Sants\n\nAccesibilidad total:\nBus: V21, H12, 7, 6\nMetro: L1 - \u201cGl\u00f2ries\u201d y \u201cMarina\u201d\nTram: T4, T5, T6 - \u201cGl\u00f2ries\u201d\n\n\u00a1Haz crecer tu empresa en un espacio \u00fanico y estrat\u00e9gicamente ubicado!\n\nT\u00c0NGER 34 no es solo un edificio, es el lugar donde tus proyectos pueden alcanzar el m\u00e1ximo potencial. \u00a1Cont\u00e1ctanos y ven a visitarnos!","properties_post_seo_title":"","properties_post_seo_alias":"","properties_post_seo_metadescription":"","properties_post_seo_key_words":"","properties_post_seo_url":"","properties_post_terms_conditions":""},{"properties_post_description_language":"catalan","properties_post_title":"T\u00c0NGER 34 ","properties_post_short_description_text_alt":"","properties_post_description_text_alt":"","properties_post_short_description_text":" ","properties_post_link_demanda_inmueble":"","properties_post_link_demanda_calendario_inmueble":"","properties_post_description_text":"Benvingut a T\u00c0NGER 34, el teu nou espai de treball al cor del districte 22@ de Barcelona!\n\nAquest edifici d'oficines de nova construcci\u00f3 ha estat dissenyat per oferir tots els ingredients necessaris per a l'\u00e8xit i el benestar de les empreses d'avui. Amb espais amplis, flexibles i lluminosos, aix\u00ed com exclusives zones comunes i terrasses enjardinades a totes les plantes, \u00e9s el lloc perfecte per inspirar la teva productivitat.\n\nCaracter\u00edstiques destacades:\n\nEdifici corporatiu amb fa\u00e7ana de vidre i disseny modern\nServei de consergeria per a la teva comoditat\nAscensors per facilitar l'acc\u00e9s\nZones comunes enjardinades de 1500 m\u00b2\nClimatitzaci\u00f3 fred-calor per a un entorn ideal\nSuperf\u00edcies di\u00e0fanes i excel\u00b7lent llum natural\nFals sostre registrable i terra t\u00e8cnic\nZona office, auditori\/grada, taquilles i vestuaris\nP\u00e0rquing privat amb places per a vehicles el\u00e8ctrics\nCertificaci\u00f3 LEED GOLD.\n\nDesglossament per plantes i terrasses:\n\nP. JARD\u00cd: 822,13 m\u00b2\nPB: 481,04 m\u00b2 + 338 m\u00b2\nP1: 569,59 m\u00b2 + 328,46 m\u00b2\nP2: 569,59 m\u00b2 + 57,80 m\u00b2\nP3: 569,59 m\u00b2 + 57,80 m\u00b2\nP4: 569,59 m\u00b2 + 57,80 m\u00b2\nP5: 569,59 m\u00b2 + 57,80 m\u00b2\nP6: 182,49 m\u00b2 + 415,57 m\u00b2\n\nUbicaci\u00f3 estrat\u00e8gica:\n\nA nom\u00e9s 5 minuts del centre de Barcelona\nA 20 minuts de l\u00b4Estaci\u00f3 de Sants\n\nAccessibilitat total:\nBus: V21, H12, 7, 6\nMetro: L1 - \u201cGl\u00f2ries\u201d i \u201cMarina\u201d\nTram: T4, T5, T6 - Gl\u00f2ries\n\nFes cr\u00e9ixer la teva empresa en un espai \u00fanic i estrat\u00e8gicament ubicat!\n\nT\u00c0NGER 34 no \u00e9s nom\u00e9s un edifici, \u00e9s el lloc on els teus projectes poden assolir el m\u00e0xim potencial. Contacta'ns i vine a visitar-nos!","properties_post_seo_title":"","properties_post_seo_alias":"","properties_post_seo_metadescription":"","properties_post_seo_key_words":"","properties_post_seo_url":"","properties_post_terms_conditions":""}],"post_type_properties_post_property":[{"properties_post_description_language":"catalan","properties_post_title":"T\u00c0NGER 34 ","properties_post_short_description_text_alt":"","properties_post_description_text_alt":"","properties_post_short_description_text":" ","properties_post_link_demanda_inmueble":"https:\/\/movin.cloud\/ca\/Forcadell Oficinas Barcelona\/formulari-peticio-immoble\/sth\/2438&&11246881","properties_post_link_demanda_calendario_inmueble":"https:\/\/movin.cloud\/ca\/Forcadell Oficinas Barcelona\/calendari-peticio-immoble\/sth\/2438&&11246881","properties_post_description_text":"Benvingut a T\u00c0NGER 34, el teu nou espai de treball al cor del districte 22@ de Barcelona!\n\nAquest edifici d'oficines de nova construcci\u00f3 ha estat dissenyat per oferir tots els ingredients necessaris per a l'\u00e8xit i el benestar de les empreses d'avui. Amb espais amplis, flexibles i lluminosos, aix\u00ed com exclusives zones comunes i terrasses enjardinades a totes les plantes, \u00e9s el lloc perfecte per inspirar la teva productivitat.\n\nCaracter\u00edstiques destacades:\n\nEdifici corporatiu amb fa\u00e7ana de vidre i disseny modern\nServei de consergeria per a la teva comoditat\nAscensors per facilitar l'acc\u00e9s\nZones comunes enjardinades de 1500 m\u00b2\nClimatitzaci\u00f3 fred-calor per a un entorn ideal\nSuperf\u00edcies di\u00e0fanes i excel\u00b7lent llum natural\nFals sostre registrable i terra t\u00e8cnic\nZona office, auditori\/grada, taquilles i vestuaris\nP\u00e0rquing privat amb places per a vehicles el\u00e8ctrics\nCertificaci\u00f3 LEED GOLD.\n\n \nTerrassa: 57,80 m\u00b2\n \n\nUbicaci\u00f3 estrat\u00e8gica:\n\nA nom\u00e9s 5 minuts del centre de Barcelona\nA 20 minuts de l\u00b4Estaci\u00f3 de Sants\n\nAccessibilitat total:\nBus: V21, H12, 7, 6\nMetro: L1 - \u201cGl\u00f2ries\u201d i \u201cMarina\u201d\nTram: T4, T5, T6 - Gl\u00f2ries\n\nFes cr\u00e9ixer la teva empresa en un espai \u00fanic i estrat\u00e8gicament ubicat!\n\nT\u00c0NGER 34 no \u00e9s nom\u00e9s un edifici, \u00e9s el lloc on els teus projectes poden assolir el m\u00e0xim potencial. Contacta'ns i vine a visitar-nos!","properties_post_seo_title":"","properties_post_seo_alias":"","properties_post_seo_metadescription":"Edifici corporatiu amb terrasses exteriors al 22@ de Barcelona. C. Tanger. Forcadell \u00e9s la seva ag\u00e8ncia de confian\u00e7a per al lloguer d'aquest edifici.","properties_post_seo_key_words":"edifici lloguer 22@, lloguer edifici 22@, edifici 22@ Barcelona","properties_post_seo_url":"","properties_post_terms_conditions":""},{"properties_post_description_language":"spanish","properties_post_title":"T\u00c0NGER 34 ","properties_post_short_description_text_alt":"","properties_post_description_text_alt":"","properties_post_short_description_text":" ","properties_post_link_demanda_inmueble":"https:\/\/movin.cloud\/es\/Forcadell Oficinas Barcelona\/formulario-peticion-inmueble\/sth\/2438&&11246881","properties_post_link_demanda_calendario_inmueble":"https:\/\/movin.cloud\/es\/Forcadell Oficinas Barcelona\/calendario-peticion-inmueble\/sth\/2438&&11246881","properties_post_description_text":" \u00a1Bienvenido a T\u00c0NGER 34, tu nuevo espacio de trabajo en el coraz\u00f3n del distrito 22@ de Barcelona!\n\nEste edificio de oficinas de nueva construcci\u00f3n ha sido dise\u00f1ado para ofrecer todos los ingredientes necesarios para el \u00e9xito y bienestar de las empresas de hoy. Con espacios amplios, flexibles y luminosos, as\u00ed como exclusivas zonas comunes y terrazas ajardinadas en todas las plantas, es el lugar perfecto para inspirar tu productividad.\n\nCaracter\u00edsticas destacadas:\n\nEdificio corporativo con fachada acristalada y dise\u00f1o moderno\nServicio de conserjer\u00eda para tu comodidad\nAscensores para facilitar el acceso\nZonas comunes ajardinadas de 1500 m\u00b2\nClimatizaci\u00f3n fr\u00edo-calor para un entorno ideal\nSuperficies di\u00e1fanas y excelente luz natural\nFalso techo registrable y suelo t\u00e9cnico\nZona office, auditorio\/grada, taquillas y vestuarios\nParking privado con plazas para veh\u00edculos el\u00e9ctricos\nCertificaci\u00f3n LEED GOLD\n\n \n\nTERRAZA: 57,80 m\u00b2\n \n\nUbicaci\u00f3n estrat\u00e9gica:\n\nA solo 5 minutos del centro de Barcelona\nA 20 minutos de la Estaci\u00f3n de Sants\n\nAccesibilidad total:\nBus: V21, H12, 7, 6\nMetro: L1 - \u201cGl\u00f2ries\u201d y \u201cMarina\u201d\nTram: T4, T5, T6 - \u201cGl\u00f2ries\u201d\n\n\u00a1Haz crecer tu empresa en un espacio \u00fanico y estrat\u00e9gicamente ubicado!\n\nT\u00c0NGER 34 no es solo un edificio, es el lugar donde tus proyectos pueden alcanzar el m\u00e1ximo potencial. \u00a1Cont\u00e1ctanos y ven a visitarnos!","properties_post_seo_title":"","properties_post_seo_alias":"","properties_post_seo_metadescription":"Edificio corporativo con terrazas exteriores en el 22@ de Barcelona. C. Tanger. Forcadell es su agencia de confianza para el alquiler de este edificio.","properties_post_seo_key_words":"edificio alquiler 22@, alquiler edificio 22@, edificio 22@ Barcelona","properties_post_seo_url":"","properties_post_terms_conditions":""}],"post_type_properties_post_features_type":"office","post_type_properties_post_id_building":"MjkkNzU0MQ==","post_type_properties_post_features_area_constructed":569,"post_type_properties_post_features_conditioned_air":true,"post_type_properties_post_features_doorman":false,"post_type_properties_post_features_heating":true,"post_type_properties_post_features_equipped_kitchen":false,"post_type_properties_post_features_windows_location":"exterior","post_type_properties_post_features_floors_property":false,"post_type_properties_post_features_storage":false,"post_type_properties_post_features_security_door":false,"post_type_properties_post_features_energy_certificate_rating":"A","post_type_properties_post_features_energy_certificate_emissions_rating":"A","post_type_properties_post_features_energy_certificate_emissions_value":"","post_type_properties_post_features_energy_certificate_performance":"","post_type_properties_post_features_bathroom_inside":true,"post_type_properties_post_precio":13100.57,"post_type_properties_post_precio_alquiler":13100.57,"post_type_properties_post_record_type_id":"Oficina","post_type_properties_post_categoria__producto":"Oficina","post_type_properties_post_amueblado":false,"post_type_properties_post_precio_m2":23,"post_type_properties_post_zona__comunitaria":false,"post_type_properties_post_electrodomesticos":false,"post_type_properties_post_patio__interior":true,"post_type_properties_post_certificado_energetico_general":"A","post_type_properties_post_certificado_energetico_consumo":"A","post_type_properties_post_certificado_energetico_valor_emisiones":"","post_type_properties_post_certificado_energetico_valor_consumo":"","post_type_properties_post_modalidad":"rent","post_type_properties_post_provincia":"Barcelona","post_type_properties_post_poblacion":"Barcelona","post_type_properties_post_centro__urbano":false,"post_type_properties_post_zonificacion":"22 @","post_type_properties_post_cartera":"","post_type_properties_post_titulo_catalan":"T\u00c0NGER 34 ","post_type_properties_post_internet_catalan":"Benvingut a T\u00c0NGER 34, el teu nou espai de treball al cor del districte 22@ de Barcelona!\n\nAquest edifici d'oficines de nova construcci\u00f3 ha estat dissenyat per oferir tots els ingredients necessaris per a l'\u00e8xit i el benestar de les empreses d'avui. Amb espais amplis, flexibles i lluminosos, aix\u00ed com exclusives zones comunes i terrasses enjardinades a totes les plantes, \u00e9s el lloc perfecte per inspirar la teva productivitat.\n\nCaracter\u00edstiques destacades:\n\nEdifici corporatiu amb fa\u00e7ana de vidre i disseny modern\nServei de consergeria per a la teva comoditat\nAscensors per facilitar l'acc\u00e9s\nZones comunes enjardinades de 1500 m\u00b2\nClimatitzaci\u00f3 fred-calor per a un entorn ideal\nSuperf\u00edcies di\u00e0fanes i excel\u00b7lent llum natural\nFals sostre registrable i terra t\u00e8cnic\nZona office, auditori\/grada, taquilles i vestuaris\nP\u00e0rquing privat amb places per a vehicles el\u00e8ctrics\nCertificaci\u00f3 LEED GOLD.\n\n \nTerrassa: 57,80 m\u00b2\n \n\nUbicaci\u00f3 estrat\u00e8gica:\n\nA nom\u00e9s 5 minuts del centre de Barcelona\nA 20 minuts de l\u00b4Estaci\u00f3 de Sants\n\nAccessibilitat total:\nBus: V21, H12, 7, 6\nMetro: L1 - \u201cGl\u00f2ries\u201d i \u201cMarina\u201d\nTram: T4, T5, T6 - Gl\u00f2ries\n\nFes cr\u00e9ixer la teva empresa en un espai \u00fanic i estrat\u00e8gicament ubicat!\n\nT\u00c0NGER 34 no \u00e9s nom\u00e9s un edifici, \u00e9s el lloc on els teus projectes poden assolir el m\u00e0xim potencial. Contacta'ns i vine a visitar-nos!","post_type_properties_post_titulo_castellano":"T\u00c0NGER 34 ","post_type_properties_post_internet_castellano":" \u00a1Bienvenido a T\u00c0NGER 34, tu nuevo espacio de trabajo en el coraz\u00f3n del distrito 22@ de Barcelona!\n\nEste edificio de oficinas de nueva construcci\u00f3n ha sido dise\u00f1ado para ofrecer todos los ingredientes necesarios para el \u00e9xito y bienestar de las empresas de hoy. Con espacios amplios, flexibles y luminosos, as\u00ed como exclusivas zonas comunes y terrazas ajardinadas en todas las plantas, es el lugar perfecto para inspirar tu productividad.\n\nCaracter\u00edsticas destacadas:\n\nEdificio corporativo con fachada acristalada y dise\u00f1o moderno\nServicio de conserjer\u00eda para tu comodidad\nAscensores para facilitar el acceso\nZonas comunes ajardinadas de 1500 m\u00b2\nClimatizaci\u00f3n fr\u00edo-calor para un entorno ideal\nSuperficies di\u00e1fanas y excelente luz natural\nFalso techo registrable y suelo t\u00e9cnico\nZona office, auditorio\/grada, taquillas y vestuarios\nParking privado con plazas para veh\u00edculos el\u00e9ctricos\nCertificaci\u00f3n LEED GOLD\n\n \n\nTERRAZA: 57,80 m\u00b2\n \n\nUbicaci\u00f3n estrat\u00e9gica:\n\nA solo 5 minutos del centro de Barcelona\nA 20 minutos de la Estaci\u00f3n de Sants\n\nAccesibilidad total:\nBus: V21, H12, 7, 6\nMetro: L1 - \u201cGl\u00f2ries\u201d y \u201cMarina\u201d\nTram: T4, T5, T6 - \u201cGl\u00f2ries\u201d\n\n\u00a1Haz crecer tu empresa en un espacio \u00fanico y estrat\u00e9gicamente ubicado!\n\nT\u00c0NGER 34 no es solo un edificio, es el lugar donde tus proyectos pueden alcanzar el m\u00e1ximo potencial. \u00a1Cont\u00e1ctanos y ven a visitarnos!","post_type_properties_post_titulo_ingles":"","post_type_properties_post_internet_ingles":"","post_type_properties_post_features_classification_commercial":false,"post_type_properties_post_features_conservation":"","post_type_properties_post_features_security_personnel":false,"post_type_properties_post_features_parking_available":false,"post_type_properties_post_features_garage_capacity_type":"","post_type_properties_post_features_bathroom_number":"","post_type_properties_post_eje":"","post_type_properties_post_zona":"","post_type_properties_post_comarca":"","post_type_properties_post_features_built_year":"","post_type_properties_post_renta_mensual":105712.56,"post_type_properties_post_fianza":"","post_type_properties_post_features_area_plot":"","post_type_properties_post_features_area_buildable":"","post_type_properties_post_features_classification_industrial":false,"post_type_properties_post_distrito":"","post_type_properties_post_features_balcony":false,"post_type_properties_post_features_bedroom_number":"","post_type_properties_post_features_heating_type":"","post_type_properties_post_features_equipped_with_furniture":false,"post_type_properties_post_features_pets_allowed":false,"post_type_properties_post_features_pool":false,"post_type_properties_post_features_terrace":false,"post_type_properties_post_features_wardrobes":false,"post_type_properties_post_features_lift_available":false,"post_type_properties_post_features_handicap_adapted_access":false,"post_type_properties_post_features_orientation_east":false,"post_type_properties_post_features_orientation_west":false,"post_type_properties_post_features_orientation_north":false,"post_type_properties_post_features_orientation_south":false,"post_type_properties_post_features_parking_spaces_number":"","post_type_properties_post_features_security_alarm":false,"post_type_properties_post_features_security_system":false,"post_type_properties_post_open_plan":false,"post_type_properties_post_acceso_24_7":false,"post_type_properties_post_oficina_privada":false,"post_type_properties_post_sala_reuniones":false,"post_type_properties_post_espacio_eventos":false,"post_type_properties_post_office":false,"post_type_properties_post_restaurant":false,"post_type_properties_post_acepta_traspaso":false,"post_type_properties_post_vigilancia":false,"post_type_properties_post_features_suite":false,"post_type_properties_post_features_vitro":false,"post_type_properties_post_features_oven":false,"post_type_properties_post_features_microwave":false,"post_type_properties_post_features_washing_machine":false,"post_type_properties_post_features_dryer":false,"post_type_properties_post_features_dishwasher":false,"post_type_properties_post_features_fridge":false,"post_type_properties_post_features_fridge_mini":false,"post_type_properties_post_features_kettle":false,"post_type_properties_post_features_toaster":false,"post_type_properties_post_features_coffee_maker":false,"post_type_properties_post_features_iron":false,"post_type_properties_post_features_ironing_board":false,"post_type_properties_post_features_safe":false,"post_type_properties_post_features_internet":true,"post_type_properties_post_features_solarium":false,"post_type_properties_post_features_clean_service":false,"post_type_properties_post_features_t_v":false,"post_type_properties_post_features_satellite_t_v":false,"post_type_properties_post_features_gas_kitchen":false,"post_type_properties_post_features_view_mountain":false,"post_type_properties_post_features_view_sea":false,"post_type_properties_post_features_concierge":true,"post_type_properties_post_features_loading_dock":false,"post_type_properties_post_features_bridge_crane":false,"post_type_properties_post_features_located_at_corner":false,"post_type_properties_post_features_smoke_extraction":false,"post_type_properties_post_features_rooms":"","post_type_properties_post_features_garden_area":"","post_type_properties_post_features_utilities_water":false,"post_type_properties_post_features_utilities_electricity":false,"post_type_properties_post_features_utilities_natural_gas":false,"post_type_properties_post_features_building_adapted":true,"post_type_properties_post_features_garden":false,"post_type_properties_post_features_classification_hotel":false,"post_type_properties_post_features_classification_chalet":false,"post_type_properties_post_certificado_energetico_emisiones":"A","post_type_properties_post_barrio":"","post_type_properties_post_distrito_empresa":"Sant Mart\u00ed","post_type_properties_post_features_property_category_intern":"","post_type_properties_post_implantada":false,"post_type_properties_post_sello_leed":"1","post_type_properties_post_sello_well":"","post_type_properties_post_sello_breeam":false,"post_type_properties_post_images":[{"properties_post_image_order":1,"properties_post_image_url":"https:\/\/movin.cloud\/empresas\/2438\/imagenes\/11246881\/alquiler-para-idealistas.webp","properties_post_image_url_thumbnail":"https:\/\/movin.cloud\/empresas\/2438\/imagenes\/thumbnails\/11246881\/alquiler-para-idealistas.webp","properties_post_title":"alquiler para idealistas","properties_post_alt":"alquiler para idealistas"},{"properties_post_image_order":2,"properties_post_image_url":"https:\/\/movin.cloud\/empresas\/2438\/imagenes\/11246881\/alquilar.webp","properties_post_image_url_thumbnail":"https:\/\/movin.cloud\/empresas\/2438\/imagenes\/thumbnails\/11246881\/alquilar.webp","properties_post_title":"alquilar","properties_post_alt":"alquilar"},{"properties_post_image_order":3,"properties_post_image_url":"https:\/\/movin.cloud\/empresas\/2438\/imagenes\/11246881\/barcelona-habitalia.webp","properties_post_image_url_thumbnail":"https:\/\/movin.cloud\/empresas\/2438\/imagenes\/thumbnails\/11246881\/barcelona-habitalia.webp","properties_post_title":"barcelona habitalia","properties_post_alt":"barcelona habitalia"},{"properties_post_image_order":4,"properties_post_image_url":"https:\/\/movin.cloud\/empresas\/2438\/imagenes\/11246881\/inmobiliaria.webp","properties_post_image_url_thumbnail":"https:\/\/movin.cloud\/empresas\/2438\/imagenes\/thumbnails\/11246881\/inmobiliaria.webp","properties_post_title":"inmobiliaria","properties_post_alt":"inmobiliaria"},{"properties_post_image_order":5,"properties_post_image_url":"https:\/\/movin.cloud\/empresas\/2438\/imagenes\/11246881\/en-alquiler-2.webp","properties_post_image_url_thumbnail":"https:\/\/movin.cloud\/empresas\/2438\/imagenes\/thumbnails\/11246881\/en-alquiler-2.webp","properties_post_title":"en alquiler 2","properties_post_alt":"en alquiler 2"},{"properties_post_image_order":6,"properties_post_image_url":"https:\/\/movin.cloud\/empresas\/2438\/imagenes\/11246881\/barcelona-en-alquiler.webp","properties_post_image_url_thumbnail":"https:\/\/movin.cloud\/empresas\/2438\/imagenes\/thumbnails\/11246881\/barcelona-en-alquiler.webp","properties_post_title":"barcelona en alquiler","properties_post_alt":"barcelona en alquiler"},{"properties_post_image_order":7,"properties_post_image_url":"https:\/\/movin.cloud\/empresas\/2438\/imagenes\/11246881\/alquilar-barcelona.webp","properties_post_image_url_thumbnail":"https:\/\/movin.cloud\/empresas\/2438\/imagenes\/thumbnails\/11246881\/alquilar-barcelona.webp","properties_post_title":"alquilar barcelona","properties_post_alt":"alquilar barcelona"},{"properties_post_image_order":8,"properties_post_image_url":"https:\/\/movin.cloud\/empresas\/2438\/imagenes\/11246881\/habitalia-barcelona.webp","properties_post_image_url_thumbnail":"https:\/\/movin.cloud\/empresas\/2438\/imagenes\/thumbnails\/11246881\/habitalia-barcelona.webp","properties_post_title":"habitalia barcelona","properties_post_alt":"habitalia barcelona"},{"properties_post_image_order":9,"properties_post_image_url":"https:\/\/movin.cloud\/empresas\/2438\/imagenes\/11246881\/barcelona-alquiler-para-idealista.webp","properties_post_image_url_thumbnail":"https:\/\/movin.cloud\/empresas\/2438\/imagenes\/thumbnails\/11246881\/barcelona-alquiler-para-idealista.webp","properties_post_title":"barcelona alquiler para idealista","properties_post_alt":"barcelona alquiler para idealista"},{"properties_post_image_order":10,"properties_post_image_url":"https:\/\/movin.cloud\/empresas\/2438\/imagenes\/11246881\/barcelona-viviendas.webp","properties_post_image_url_thumbnail":"https:\/\/movin.cloud\/empresas\/2438\/imagenes\/thumbnails\/11246881\/barcelona-viviendas.webp","properties_post_title":"barcelona viviendas","properties_post_alt":"barcelona viviendas"},{"properties_post_image_order":11,"properties_post_image_url":"https:\/\/movin.cloud\/empresas\/2438\/imagenes\/11246881\/en-alquiler-barcelona.webp","properties_post_image_url_thumbnail":"https:\/\/movin.cloud\/empresas\/2438\/imagenes\/thumbnails\/11246881\/en-alquiler-barcelona.webp","properties_post_title":"en alquiler barcelona","properties_post_alt":"en alquiler barcelona"},{"properties_post_image_order":12,"properties_post_image_url":"https:\/\/movin.cloud\/empresas\/2438\/imagenes\/11246881\/barcelona-alquiler-idealistas.webp","properties_post_image_url_thumbnail":"https:\/\/movin.cloud\/empresas\/2438\/imagenes\/thumbnails\/11246881\/barcelona-alquiler-idealistas.webp","properties_post_title":"barcelona alquiler idealistas","properties_post_alt":"barcelona alquiler idealistas"},{"properties_post_image_order":13,"properties_post_image_url":"https:\/\/movin.cloud\/empresas\/2438\/imagenes\/11246881\/alquiler-para-idealista-barcelona.webp","properties_post_image_url_thumbnail":"https:\/\/movin.cloud\/empresas\/2438\/imagenes\/thumbnails\/11246881\/alquiler-para-idealista-barcelona.webp","properties_post_title":"alquiler para idealista barcelona","properties_post_alt":"alquiler para idealista barcelona"},{"properties_post_image_order":14,"properties_post_image_url":"https:\/\/movin.cloud\/empresas\/2438\/imagenes\/11246881\/fincas-barcelona.webp","properties_post_image_url_thumbnail":"https:\/\/movin.cloud\/empresas\/2438\/imagenes\/thumbnails\/11246881\/fincas-barcelona.webp","properties_post_title":"fincas barcelona","properties_post_alt":"fincas barcelona"},{"properties_post_image_order":15,"properties_post_image_url":"https:\/\/movin.cloud\/empresas\/2438\/imagenes\/11246881\/en-alquiler-3.webp","properties_post_image_url_thumbnail":"https:\/\/movin.cloud\/empresas\/2438\/imagenes\/thumbnails\/11246881\/en-alquiler-3.webp","properties_post_title":"en alquiler 3","properties_post_alt":"en alquiler 3"},{"properties_post_image_order":16,"properties_post_image_url":"https:\/\/movin.cloud\/empresas\/2438\/imagenes\/11246881\/en-alquiler.webp","properties_post_image_url_thumbnail":"https:\/\/movin.cloud\/empresas\/2438\/imagenes\/thumbnails\/11246881\/en-alquiler.webp","properties_post_title":"en alquiler","properties_post_alt":"en alquiler"},{"properties_post_image_order":17,"properties_post_image_url":"https:\/\/movin.cloud\/empresas\/2438\/imagenes\/11246881\/viviendas.webp","properties_post_image_url_thumbnail":"https:\/\/movin.cloud\/empresas\/2438\/imagenes\/thumbnails\/11246881\/viviendas.webp","properties_post_title":"viviendas","properties_post_alt":"viviendas"},{"properties_post_image_order":18,"properties_post_image_url":"https:\/\/movin.cloud\/empresas\/2438\/imagenes\/11246881\/barcelona-fincas.webp","properties_post_image_url_thumbnail":"https:\/\/movin.cloud\/empresas\/2438\/imagenes\/thumbnails\/11246881\/barcelona-fincas.webp","properties_post_title":"barcelona fincas","properties_post_alt":"barcelona fincas"},{"properties_post_image_order":19,"properties_post_image_url":"https:\/\/movin.cloud\/empresas\/2438\/imagenes\/11246881\/inmobiliarias-barcelona.webp","properties_post_image_url_thumbnail":"https:\/\/movin.cloud\/empresas\/2438\/imagenes\/thumbnails\/11246881\/inmobiliarias-barcelona.webp","properties_post_title":"inmobiliarias barcelona","properties_post_alt":"inmobiliarias barcelona"},{"properties_post_image_order":20,"properties_post_image_url":"https:\/\/movin.cloud\/empresas\/2438\/imagenes\/11246881\/alquiler-para-idealistas-barcelona.webp","properties_post_image_url_thumbnail":"https:\/\/movin.cloud\/empresas\/2438\/imagenes\/thumbnails\/11246881\/alquiler-para-idealistas-barcelona.webp","properties_post_title":"alquiler para idealistas barcelona","properties_post_alt":"alquiler para idealistas barcelona"},{"properties_post_image_order":21,"properties_post_image_url":"https:\/\/movin.cloud\/empresas\/2438\/imagenes\/11246881\/barcelona-alquilar.webp","properties_post_image_url_thumbnail":"https:\/\/movin.cloud\/empresas\/2438\/imagenes\/thumbnails\/11246881\/barcelona-alquilar.webp","properties_post_title":"barcelona alquilar","properties_post_alt":"barcelona alquilar"},{"properties_post_image_order":22,"properties_post_image_url":"https:\/\/movin.cloud\/empresas\/2438\/imagenes\/11246881\/habitalia.webp","properties_post_image_url_thumbnail":"https:\/\/movin.cloud\/empresas\/2438\/imagenes\/thumbnails\/11246881\/habitalia.webp","properties_post_title":"habitalia","properties_post_alt":"habitalia"},{"properties_post_image_order":23,"properties_post_image_url":"https:\/\/movin.cloud\/empresas\/2438\/imagenes\/11246881\/en-alquiler-1.webp","properties_post_image_url_thumbnail":"https:\/\/movin.cloud\/empresas\/2438\/imagenes\/thumbnails\/11246881\/en-alquiler-1.webp","properties_post_title":"en alquiler 1","properties_post_alt":"en alquiler 1"},{"properties_post_image_order":24,"properties_post_image_url":"https:\/\/movin.cloud\/empresas\/2438\/imagenes\/11246881\/alquiler-idealistas-barcelona.webp","properties_post_image_url_thumbnail":"https:\/\/movin.cloud\/empresas\/2438\/imagenes\/thumbnails\/11246881\/alquiler-idealistas-barcelona.webp","properties_post_title":"alquiler idealistas barcelona","properties_post_alt":"alquiler idealistas barcelona"},{"properties_post_image_order":25,"properties_post_image_url":"https:\/\/movin.cloud\/empresas\/2438\/imagenes\/11246881\/barcelona-alquiler.webp","properties_post_image_url_thumbnail":"https:\/\/movin.cloud\/empresas\/2438\/imagenes\/thumbnails\/11246881\/barcelona-alquiler.webp","properties_post_title":"barcelona alquiler","properties_post_alt":"barcelona alquiler"},{"properties_post_image_order":26,"properties_post_image_url":"https:\/\/movin.cloud\/empresas\/2438\/imagenes\/11246881\/rent.webp","properties_post_image_url_thumbnail":"https:\/\/movin.cloud\/empresas\/2438\/imagenes\/thumbnails\/11246881\/rent.webp","properties_post_title":"rent","properties_post_alt":"rent"},{"properties_post_image_order":27,"properties_post_image_url":"https:\/\/movin.cloud\/empresas\/2438\/imagenes\/11246881\/alquiler.webp","properties_post_image_url_thumbnail":"https:\/\/movin.cloud\/empresas\/2438\/imagenes\/thumbnails\/11246881\/alquiler.webp","properties_post_title":"alquiler","properties_post_alt":"alquiler"},{"properties_post_image_order":28,"properties_post_image_url":"https:\/\/movin.cloud\/empresas\/2438\/imagenes\/11246881\/viviendas-barcelona.webp","properties_post_image_url_thumbnail":"https:\/\/movin.cloud\/empresas\/2438\/imagenes\/thumbnails\/11246881\/viviendas-barcelona.webp","properties_post_title":"viviendas barcelona","properties_post_alt":"viviendas barcelona"},{"properties_post_image_order":29,"properties_post_image_url":"https:\/\/movin.cloud\/empresas\/2438\/imagenes\/11246881\/barcelona-inmobiliaria.webp","properties_post_image_url_thumbnail":"https:\/\/movin.cloud\/empresas\/2438\/imagenes\/thumbnails\/11246881\/barcelona-inmobiliaria.webp","properties_post_title":"barcelona inmobiliaria","properties_post_alt":"barcelona inmobiliaria"},{"properties_post_image_order":30,"properties_post_image_url":"https:\/\/movin.cloud\/empresas\/2438\/imagenes\/11246881\/alquiler-para-idealista.webp","properties_post_image_url_thumbnail":"https:\/\/movin.cloud\/empresas\/2438\/imagenes\/thumbnails\/11246881\/alquiler-para-idealista.webp","properties_post_title":"alquiler para idealista","properties_post_alt":"alquiler para idealista"},{"properties_post_image_order":31,"properties_post_image_url":"https:\/\/movin.cloud\/empresas\/2438\/imagenes\/11246881\/barcelona-rent.webp","properties_post_image_url_thumbnail":"https:\/\/movin.cloud\/empresas\/2438\/imagenes\/thumbnails\/11246881\/barcelona-rent.webp","properties_post_title":"barcelona rent","properties_post_alt":"barcelona rent"},{"properties_post_image_order":32,"properties_post_image_url":"https:\/\/movin.cloud\/empresas\/2438\/imagenes\/11246881\/inmobiliarias.webp","properties_post_image_url_thumbnail":"https:\/\/movin.cloud\/empresas\/2438\/imagenes\/thumbnails\/11246881\/inmobiliarias.webp","properties_post_title":"inmobiliarias","properties_post_alt":"inmobiliarias"},{"properties_post_image_order":33,"properties_post_image_url":"https:\/\/movin.cloud\/empresas\/2438\/imagenes\/11246881\/fincas.webp","properties_post_image_url_thumbnail":"https:\/\/movin.cloud\/empresas\/2438\/imagenes\/thumbnails\/11246881\/fincas.webp","properties_post_title":"fincas","properties_post_alt":"fincas"},{"properties_post_image_order":34,"properties_post_image_url":"https:\/\/movin.cloud\/empresas\/2438\/imagenes\/11246881\/inmobiliaria-barcelona.webp","properties_post_image_url_thumbnail":"https:\/\/movin.cloud\/empresas\/2438\/imagenes\/thumbnails\/11246881\/inmobiliaria-barcelona.webp","properties_post_title":"inmobiliaria barcelona","properties_post_alt":"inmobiliaria barcelona"},{"properties_post_image_order":35,"properties_post_image_url":"https:\/\/movin.cloud\/empresas\/2438\/imagenes\/11246881\/barcelona-alquiler-para-idealistas.webp","properties_post_image_url_thumbnail":"https:\/\/movin.cloud\/empresas\/2438\/imagenes\/thumbnails\/11246881\/barcelona-alquiler-para-idealistas.webp","properties_post_title":"barcelona alquiler para idealistas","properties_post_alt":"barcelona alquiler para idealistas"},{"properties_post_image_order":36,"properties_post_image_url":"https:\/\/movin.cloud\/empresas\/2438\/imagenes\/11246881\/barcelona-inmobiliarias.webp","properties_post_image_url_thumbnail":"https:\/\/movin.cloud\/empresas\/2438\/imagenes\/thumbnails\/11246881\/barcelona-inmobiliarias.webp","properties_post_title":"barcelona inmobiliarias","properties_post_alt":"barcelona inmobiliarias"},{"properties_post_image_order":37,"properties_post_image_url":"https:\/\/movin.cloud\/empresas\/2438\/imagenes\/11246881\/rent-barcelona.webp","properties_post_image_url_thumbnail":"https:\/\/movin.cloud\/empresas\/2438\/imagenes\/thumbnails\/11246881\/rent-barcelona.webp","properties_post_title":"rent barcelona","properties_post_alt":"rent barcelona"},{"properties_post_image_order":38,"properties_post_image_url":"https:\/\/movin.cloud\/empresas\/2438\/imagenes\/11246881\/alquiler-barcelona.webp","properties_post_image_url_thumbnail":"https:\/\/movin.cloud\/empresas\/2438\/imagenes\/thumbnails\/11246881\/alquiler-barcelona.webp","properties_post_title":"alquiler barcelona","properties_post_alt":"alquiler barcelona"},{"properties_post_image_order":39,"properties_post_image_url":"https:\/\/movin.cloud\/empresas\/2438\/imagenes\/11246881\/alquiler-idealistas.webp","properties_post_image_url_thumbnail":"https:\/\/movin.cloud\/empresas\/2438\/imagenes\/thumbnails\/11246881\/alquiler-idealistas.webp","properties_post_title":"alquiler idealistas","properties_post_alt":"alquiler idealistas"},{"properties_post_image_order":40,"properties_post_image_url":"https:\/\/movin.cloud\/empresas\/2438\/imagenes\/11246881\/rent-8.webp","properties_post_image_url_thumbnail":"https:\/\/movin.cloud\/empresas\/2438\/imagenes\/thumbnails\/11246881\/rent-8.webp","properties_post_title":"rent 8","properties_post_alt":"rent 8"},{"properties_post_image_order":41,"properties_post_image_url":"https:\/\/movin.cloud\/empresas\/2438\/imagenes\/11246881\/rent-9.webp","properties_post_image_url_thumbnail":"https:\/\/movin.cloud\/empresas\/2438\/imagenes\/thumbnails\/11246881\/rent-9.webp","properties_post_title":"rent 9","properties_post_alt":"rent 9"},{"properties_post_image_order":42,"properties_post_image_url":"https:\/\/movin.cloud\/empresas\/2438\/imagenes\/11246881\/rent-10.webp","properties_post_image_url_thumbnail":"https:\/\/movin.cloud\/empresas\/2438\/imagenes\/thumbnails\/11246881\/rent-10.webp","properties_post_title":"rent 10","properties_post_alt":"rent 10"},{"properties_post_image_order":43,"properties_post_image_url":"https:\/\/movin.cloud\/empresas\/2438\/imagenes\/11246881\/rent-11.webp","properties_post_image_url_thumbnail":"https:\/\/movin.cloud\/empresas\/2438\/imagenes\/thumbnails\/11246881\/rent-11.webp","properties_post_title":"rent 11","properties_post_alt":"rent 11"},{"properties_post_image_order":44,"properties_post_image_url":"https:\/\/movin.cloud\/empresas\/2438\/imagenes\/11246881\/rent-12.webp","properties_post_image_url_thumbnail":"https:\/\/movin.cloud\/empresas\/2438\/imagenes\/thumbnails\/11246881\/rent-12.webp","properties_post_title":"rent 12","properties_post_alt":"rent 12"},{"properties_post_image_order":45,"properties_post_image_url":"https:\/\/movin.cloud\/empresas\/2438\/imagenes\/11246881\/rent-13.webp","properties_post_image_url_thumbnail":"https:\/\/movin.cloud\/empresas\/2438\/imagenes\/thumbnails\/11246881\/rent-13.webp","properties_post_title":"rent 13","properties_post_alt":"rent 13"},{"properties_post_image_order":46,"properties_post_image_url":"https:\/\/movin.cloud\/empresas\/2438\/imagenes\/11246881\/rent-14.webp","properties_post_image_url_thumbnail":"https:\/\/movin.cloud\/empresas\/2438\/imagenes\/thumbnails\/11246881\/rent-14.webp","properties_post_title":"rent 14","properties_post_alt":"rent 14"},{"properties_post_image_order":47,"properties_post_image_url":"https:\/\/movin.cloud\/empresas\/2438\/imagenes\/11246881\/rent-15.webp","properties_post_image_url_thumbnail":"https:\/\/movin.cloud\/empresas\/2438\/imagenes\/thumbnails\/11246881\/rent-15.webp","properties_post_title":"rent 15","properties_post_alt":"rent 15"},{"properties_post_image_order":48,"properties_post_image_url":"https:\/\/movin.cloud\/empresas\/2438\/imagenes\/11246881\/rent-16.webp","properties_post_image_url_thumbnail":"https:\/\/movin.cloud\/empresas\/2438\/imagenes\/thumbnails\/11246881\/rent-16.webp","properties_post_title":"rent 16","properties_post_alt":"rent 16"},{"properties_post_image_order":49,"properties_post_image_url":"https:\/\/movin.cloud\/empresas\/2438\/imagenes\/11246881\/rent-17.webp","properties_post_image_url_thumbnail":"https:\/\/movin.cloud\/empresas\/2438\/imagenes\/thumbnails\/11246881\/rent-17.webp","properties_post_title":"rent 17","properties_post_alt":"rent 17"}],"post_type_properties_post_videos":null,"post_type_properties_post_tour":null,"post_type_properties_post_dossier_url":"","post_type_properties_post_operation_type":"rent","post_type_properties_post_operation_price":13100,"post_type_properties_post_features_hidden_price":false},"yoast_head":"<!-- This site is optimized with the Yoast SEO plugin v25.6 - https:\/\/yoast.com\/wordpress\/plugins\/seo\/ -->\n<title>T\u00c0NGER 34 - Forcadell<\/title>\n<meta name=\"robots\" content=\"index, follow, max-snippet:-1, max-image-preview:large, max-video-preview:-1\" \/>\n<link rel=\"canonical\" href=\"https:\/\/forcadell.com\/ca\/propiedades\/tanger-34-2\/\" \/>\n<meta property=\"og:locale\" content=\"ca_ES\" \/>\n<meta property=\"og:type\" content=\"article\" \/>\n<meta property=\"og:title\" content=\"T\u00c0NGER 34 - Forcadell\" \/>\n<meta property=\"og:description\" content=\"\u00a1Bienvenido a T\u00c0NGER 34, tu nuevo espacio de trabajo en el coraz\u00f3n del distrito 22@ de Barcelona! Este edificio de oficinas de nueva construcci\u00f3n ha sido dise\u00f1ado para ofrecer todos los ingredientes necesarios para el \u00e9xito y bienestar de las empresas de hoy. Con espacios amplios, flexibles y luminosos, as\u00ed como exclusivas zonas comunes y [&hellip;]\" \/>\n<meta property=\"og:url\" content=\"https:\/\/forcadell.com\/ca\/propiedades\/tanger-34-2\/\" \/>\n<meta property=\"og:site_name\" content=\"Forcadell\" \/>\n<meta property=\"article:modified_time\" content=\"2026-04-26T04:09:05+00:00\" \/>\n<meta name=\"twitter:card\" content=\"summary_large_image\" \/>\n<meta name=\"twitter:label1\" content=\"Temps estimat de lectura\" \/>\n\t<meta name=\"twitter:data1\" content=\"1 minut\" \/>\n<!-- \/ Yoast SEO plugin. -->","yoast_head_json":{"title":"T\u00c0NGER 34 - Forcadell","robots":{"index":"index","follow":"follow","max-snippet":"max-snippet:-1","max-image-preview":"max-image-preview:large","max-video-preview":"max-video-preview:-1"},"canonical":"https:\/\/forcadell.com\/ca\/propiedades\/tanger-34-2\/","og_locale":"ca_ES","og_type":"article","og_title":"T\u00c0NGER 34 - Forcadell","og_description":"\u00a1Bienvenido a T\u00c0NGER 34, tu nuevo espacio de trabajo en el coraz\u00f3n del distrito 22@ de Barcelona! Este edificio de oficinas de nueva construcci\u00f3n ha sido dise\u00f1ado para ofrecer todos los ingredientes necesarios para el \u00e9xito y bienestar de las empresas de hoy. Con espacios amplios, flexibles y luminosos, as\u00ed como exclusivas zonas comunes y [&hellip;]","og_url":"https:\/\/forcadell.com\/ca\/propiedades\/tanger-34-2\/","og_site_name":"Forcadell","article_modified_time":"2026-04-26T04:09:05+00:00","twitter_card":"summary_large_image","twitter_misc":{"Temps estimat de lectura":"1 minut"},"schema":{"@context":"https:\/\/schema.org","@graph":[{"@type":"WebPage","@id":"https:\/\/forcadell.com\/ca\/propiedades\/tanger-34-2\/","url":"https:\/\/forcadell.com\/ca\/propiedades\/tanger-34-2\/","name":"T\u00c0NGER 34 - Forcadell","isPartOf":{"@id":"https:\/\/forcadell.com\/ca\/#website"},"datePublished":"2025-11-04T14:31:33+00:00","dateModified":"2026-04-26T04:09:05+00:00","breadcrumb":{"@id":"https:\/\/forcadell.com\/ca\/propiedades\/tanger-34-2\/#breadcrumb"},"inLanguage":"ca","potentialAction":[{"@type":"ReadAction","target":["https:\/\/forcadell.com\/ca\/propiedades\/tanger-34-2\/"]}]},{"@type":"BreadcrumbList","@id":"https:\/\/forcadell.com\/ca\/propiedades\/tanger-34-2\/#breadcrumb","itemListElement":[{"@type":"ListItem","position":1,"name":"Portada","item":"https:\/\/forcadell.com\/ca\/"},{"@type":"ListItem","position":2,"name":"Properties","item":"https:\/\/forcadell.com\/ca\/propiedades\/"},{"@type":"ListItem","position":3,"name":"T\u00c0NGER 34"}]},{"@type":"WebSite","@id":"https:\/\/forcadell.com\/ca\/#website","url":"https:\/\/forcadell.com\/ca\/","name":"Forcadell","description":"Inmobiliaria Barcelona | Consultores inmobiliarios","potentialAction":[{"@type":"SearchAction","target":{"@type":"EntryPoint","urlTemplate":"https:\/\/forcadell.com\/ca\/?s={search_term_string}"},"query-input":{"@type":"PropertyValueSpecification","valueRequired":true,"valueName":"search_term_string"}}],"inLanguage":"ca"}]}},"_links":{"self":[{"href":"https:\/\/forcadell.com\/ca\/wp-json\/wp\/v2\/properties_post\/58153"}],"collection":[{"href":"https:\/\/forcadell.com\/ca\/wp-json\/wp\/v2\/properties_post"}],"about":[{"href":"https:\/\/forcadell.com\/ca\/wp-json\/wp\/v2\/types\/properties_post"}],"wp:attachment":[{"href":"https:\/\/forcadell.com\/ca\/wp-json\/wp\/v2\/media?parent=58153"}],"curies":[{"name":"wp","href":"https:\/\/api.w.org\/{rel}","templated":true}]}}