{"id":58128,"date":"2025-11-04T16:29:51","date_gmt":"2025-11-04T14:29:51","guid":{"rendered":"https:\/\/www.forcadell.com\/propiedades\/dgarden\/"},"modified":"2026-04-28T10:25:30","modified_gmt":"2026-04-28T08:25:30","slug":"dgarden","status":"publish","type":"properties_post","link":"https:\/\/forcadell.com\/ca\/propiedades\/dgarden\/","title":{"rendered":"DGARDEN"},"content":{"rendered":"<p>\u00a1Descubre D GARDEN, el lugar perfecto para tu empresa en Barcelona!<\/p>\n<p>Ubicado en una de las mejores zonas de la ciudad, en la confluencia de Gran V\u00eda de Carles III y Avinguda Diagonal, D GARDEN te ofrece una ubicaci\u00f3n estrat\u00e9gica con f\u00e1cil acceso a grandes empresas y conexiones urbanas e interurbanas.<\/p>\n<p>Caracter\u00edsticas destacadas:<\/p>\n<p>Superficies di\u00e1fanas y modulaci\u00f3n flexible para adaptarse a tus necesidades.<br \/>\nEspacios acristalados con iluminaci\u00f3n natural.<br \/>\nTecho registrable y met\u00e1lico para una gran versatilidad.<br \/>\nClimatizaci\u00f3n VRV, pavimento t\u00e9cnico y tecnolog\u00eda LED.<br \/>\nDetecci\u00f3n de incendios para mayor seguridad.<\/p>\n<p>Servicios Premium:<\/p>\n<p>Working lounge y zonas ajardinadas para un ambiente inspirador.<br \/>\nSeguridad 24\/7 y servicio de conserjer\u00eda.<br \/>\nPaqueter\u00eda, auditorio, comedor comunitario y zona de descanso exterior.<br \/>\nParking, con opciones para veh\u00edculos el\u00e9ctricos y bicicletas\/patinetes.<br \/>\nAmazon Lockers y Wifi en todo el edificio.<\/p>\n<p>\u00a1D GARDEN es mucho m\u00e1s que un espacio de trabajo! Accesibilidad, zonas comunes, y un entorno dise\u00f1ado para el bienestar y productividad de tu equipo.<\/p>\n<p>\u00a1Reserva tu visita hoy y lleva tu empresa al siguiente nivel!<\/p>\n","protected":false},"template":"","class_list":["post-58128","properties_post","type-properties_post","status-publish","hentry","properties_modality-rent","properties_district-les-corts","properties_province-barcelona","properties_zone-cbd-diagonal-po-de-gracia","properties_state-barcelona","properties_subclass-oficina","properties_type-oficina"],"acf":{"post_type_properties_post_property_code":"11246753","post_type_properties_post_property_reference":"IE-225676","post_type_properties_post_owner_id":"197546","post_type_properties_post_owner_name":"GRUPO PLANETA","post_type_properties_post_property_code_encrypted":"MjQ5JDMxMzIw","post_type_properties_post_published":"1","post_type_properties_post_property_visibility":"idealista","post_type_properties_post_contact_name":"Forcadell Oficinas Barcelona","post_type_properties_post_contact_email":"forcadell.oficinas.barcelona@movin.cloud","post_type_properties_post_contact_primary_phone_prefix":"34","post_type_properties_post_contact_primary_phone_number":"934965413","post_type_properties_post_address_visibility":"street","post_type_properties_post_address_country":"Spain","post_type_properties_post_address_coordinates_precision":"exact","post_type_properties_post_address_postal_code":"08034","post_type_properties_post_address_coordinates_latitude":"41.3896601","post_type_properties_post_address_coordinates_longitude":"2.1285315","post_type_properties_post_address_street_name":"Avenida Diagonal 662","post_type_properties_post_address_floor":"","post_type_properties_post_address_town":"Barcelona","post_type_properties_post_building":null,"post_type_properties_post_property":[{"properties_post_description_language":"catalan","properties_post_title":"DGARDEN","properties_post_short_description_text_alt":"","properties_post_description_text_alt":"","properties_post_short_description_text":"","properties_post_link_demanda_inmueble":"https:\/\/movin.cloud\/ca\/Forcadell Oficinas Barcelona\/formulari-peticio-immoble\/sth\/2438&&11246753","properties_post_link_demanda_calendario_inmueble":"https:\/\/movin.cloud\/ca\/Forcadell Oficinas Barcelona\/calendari-peticio-immoble\/sth\/2438&&11246753","properties_post_description_text":"Descobreix D GARDEN, el lloc perfecte per a la teva empresa a Barcelona!\n\nUbicat en una de les millors zones de la ciutat, a la conflu\u00e8ncia de Gran Via de Carles III i Avinguda Diagonal, D GARDEN us ofereix una ubicaci\u00f3 estrat\u00e8gica amb f\u00e0cil acc\u00e9s a grans empreses i connexions urbanes i interurbanes.\n\nCaracter\u00edstiques destacades:\n\nSuperf\u00edcies di\u00e0fanes i modulaci\u00f3 flexible per adaptar-se a les vostres necessitats.\nEspais de vidre amb il\u00b7luminaci\u00f3 natural.\nSostre registrable i met\u00e0l\u00b7lic per a una gran versatilitat.\nClimatitzaci\u00f3 VRV, paviment t\u00e8cnic i tecnologia LED.\nDetecci\u00f3 d'incendis per a m\u00e9s seguretat.\n\nServeis Premium:\n\nWorking lounge i zones enjardinades per a un ambient inspirador.\nSeguretat 24\/7 i servei de consergeria.\nPaqueteria, auditori, menjador comunitari i zona de descans exterior.\nP\u00e0rquing, amb opcions per a vehicles el\u00e8ctrics i bicicletes\/patinets.\nAmazon Lockers i Wifi a tot l'edifici.\n\nD GARDEN \u00e9s molt m\u00e9s que un espai de treball! Accessibilitat, zones comunes, i un entorn dissenyat per al benestar i la productivitat del teu equip.\n\nReserva la teva visita avui i porta la teva empresa al nivell seg\u00fcent!","properties_post_seo_title":"","properties_post_seo_alias":"","properties_post_seo_metadescription":"","properties_post_seo_key_words":"","properties_post_seo_url":"","properties_post_terms_conditions":""},{"properties_post_description_language":"spanish","properties_post_title":"DGARDEN","properties_post_short_description_text_alt":"","properties_post_description_text_alt":"","properties_post_short_description_text":"","properties_post_link_demanda_inmueble":"https:\/\/movin.cloud\/es\/Forcadell Oficinas Barcelona\/formulario-peticion-inmueble\/sth\/2438&&11246753","properties_post_link_demanda_calendario_inmueble":"https:\/\/movin.cloud\/es\/Forcadell Oficinas Barcelona\/calendario-peticion-inmueble\/sth\/2438&&11246753","properties_post_description_text":"\u00a1Descubre D GARDEN, el lugar perfecto para tu empresa en Barcelona!\n\nUbicado en una de las mejores zonas de la ciudad, en la confluencia de Gran V\u00eda de Carles III y Avinguda Diagonal, D GARDEN te ofrece una ubicaci\u00f3n estrat\u00e9gica con f\u00e1cil acceso a grandes empresas y conexiones urbanas e interurbanas.\n\nCaracter\u00edsticas destacadas:\n\nSuperficies di\u00e1fanas y modulaci\u00f3n flexible para adaptarse a tus necesidades.\nEspacios acristalados con iluminaci\u00f3n natural.\nTecho registrable y met\u00e1lico para una gran versatilidad.\nClimatizaci\u00f3n VRV, pavimento t\u00e9cnico y tecnolog\u00eda LED.\nDetecci\u00f3n de incendios para mayor seguridad.\n\nServicios Premium:\n\nWorking lounge y zonas ajardinadas para un ambiente inspirador.\nSeguridad 24\/7 y servicio de conserjer\u00eda.\nPaqueter\u00eda, auditorio, comedor comunitario y zona de descanso exterior.\nParking, con opciones para veh\u00edculos el\u00e9ctricos y bicicletas\/patinetes.\nAmazon Lockers y Wifi en todo el edificio.\n\n\u00a1D GARDEN es mucho m\u00e1s que un espacio de trabajo! Accesibilidad, zonas comunes, y un entorno dise\u00f1ado para el bienestar y productividad de tu equipo.\n\n\u00a1Reserva tu visita hoy y lleva tu empresa al siguiente nivel!\n\n\n","properties_post_seo_title":"","properties_post_seo_alias":"","properties_post_seo_metadescription":"","properties_post_seo_key_words":"","properties_post_seo_url":"","properties_post_terms_conditions":""}],"post_type_properties_post_features_type":"office","post_type_properties_post_id_building":"","post_type_properties_post_features_area_constructed":708,"post_type_properties_post_features_conditioned_air":false,"post_type_properties_post_features_doorman":false,"post_type_properties_post_features_heating":false,"post_type_properties_post_features_equipped_kitchen":false,"post_type_properties_post_features_windows_location":"exterior","post_type_properties_post_features_floors_property":false,"post_type_properties_post_features_storage":false,"post_type_properties_post_features_security_door":false,"post_type_properties_post_features_energy_certificate_rating":"C","post_type_properties_post_features_energy_certificate_emissions_rating":"C","post_type_properties_post_features_energy_certificate_emissions_value":"","post_type_properties_post_features_energy_certificate_performance":"","post_type_properties_post_features_bathroom_inside":false,"post_type_properties_post_precio":17700,"post_type_properties_post_precio_alquiler":17700,"post_type_properties_post_record_type_id":"Oficina","post_type_properties_post_categoria__producto":"Oficina","post_type_properties_post_amueblado":false,"post_type_properties_post_precio_m2":25,"post_type_properties_post_zona__comunitaria":false,"post_type_properties_post_electrodomesticos":false,"post_type_properties_post_patio__interior":false,"post_type_properties_post_certificado_energetico_general":"C","post_type_properties_post_certificado_energetico_consumo":"C","post_type_properties_post_certificado_energetico_valor_emisiones":"","post_type_properties_post_certificado_energetico_valor_consumo":"","post_type_properties_post_modalidad":"rent","post_type_properties_post_provincia":"Barcelona","post_type_properties_post_poblacion":"Barcelona","post_type_properties_post_centro__urbano":false,"post_type_properties_post_zonificacion":"CBD - Diagonal \/ P\u00ba de Gracia","post_type_properties_post_cartera":"","post_type_properties_post_titulo_catalan":"DGARDEN","post_type_properties_post_internet_catalan":"Descobreix D GARDEN, el lloc perfecte per a la teva empresa a Barcelona!\n\nUbicat en una de les millors zones de la ciutat, a la conflu\u00e8ncia de Gran Via de Carles III i Avinguda Diagonal, D GARDEN us ofereix una ubicaci\u00f3 estrat\u00e8gica amb f\u00e0cil acc\u00e9s a grans empreses i connexions urbanes i interurbanes.\n\nCaracter\u00edstiques destacades:\n\nSuperf\u00edcies di\u00e0fanes i modulaci\u00f3 flexible per adaptar-se a les vostres necessitats.\nEspais de vidre amb il\u00b7luminaci\u00f3 natural.\nSostre registrable i met\u00e0l\u00b7lic per a una gran versatilitat.\nClimatitzaci\u00f3 VRV, paviment t\u00e8cnic i tecnologia LED.\nDetecci\u00f3 d'incendis per a m\u00e9s seguretat.\n\nServeis Premium:\n\nWorking lounge i zones enjardinades per a un ambient inspirador.\nSeguretat 24\/7 i servei de consergeria.\nPaqueteria, auditori, menjador comunitari i zona de descans exterior.\nP\u00e0rquing, amb opcions per a vehicles el\u00e8ctrics i bicicletes\/patinets.\nAmazon Lockers i Wifi a tot l'edifici.\n\nD GARDEN \u00e9s molt m\u00e9s que un espai de treball! Accessibilitat, zones comunes, i un entorn dissenyat per al benestar i la productivitat del teu equip.\n\nReserva la teva visita avui i porta la teva empresa al nivell seg\u00fcent!","post_type_properties_post_titulo_castellano":"DGARDEN","post_type_properties_post_internet_castellano":"\u00a1Descubre D GARDEN, el lugar perfecto para tu empresa en Barcelona!\n\nUbicado en una de las mejores zonas de la ciudad, en la confluencia de Gran V\u00eda de Carles III y Avinguda Diagonal, D GARDEN te ofrece una ubicaci\u00f3n estrat\u00e9gica con f\u00e1cil acceso a grandes empresas y conexiones urbanas e interurbanas.\n\nCaracter\u00edsticas destacadas:\n\nSuperficies di\u00e1fanas y modulaci\u00f3n flexible para adaptarse a tus necesidades.\nEspacios acristalados con iluminaci\u00f3n natural.\nTecho registrable y met\u00e1lico para una gran versatilidad.\nClimatizaci\u00f3n VRV, pavimento t\u00e9cnico y tecnolog\u00eda LED.\nDetecci\u00f3n de incendios para mayor seguridad.\n\nServicios Premium:\n\nWorking lounge y zonas ajardinadas para un ambiente inspirador.\nSeguridad 24\/7 y servicio de conserjer\u00eda.\nPaqueter\u00eda, auditorio, comedor comunitario y zona de descanso exterior.\nParking, con opciones para veh\u00edculos el\u00e9ctricos y bicicletas\/patinetes.\nAmazon Lockers y Wifi en todo el edificio.\n\n\u00a1D GARDEN es mucho m\u00e1s que un espacio de trabajo! Accesibilidad, zonas comunes, y un entorno dise\u00f1ado para el bienestar y productividad de tu equipo.\n\n\u00a1Reserva tu visita hoy y lleva tu empresa al siguiente nivel!\n\n\n","post_type_properties_post_titulo_ingles":"","post_type_properties_post_internet_ingles":"","post_type_properties_post_features_classification_commercial":false,"post_type_properties_post_features_conservation":"","post_type_properties_post_features_security_personnel":false,"post_type_properties_post_features_parking_available":false,"post_type_properties_post_features_garage_capacity_type":"","post_type_properties_post_features_bathroom_number":"","post_type_properties_post_eje":"","post_type_properties_post_zona":"","post_type_properties_post_comarca":"","post_type_properties_post_features_built_year":"","post_type_properties_post_renta_mensual":"","post_type_properties_post_fianza":"","post_type_properties_post_features_area_plot":"","post_type_properties_post_features_area_buildable":"","post_type_properties_post_features_classification_industrial":false,"post_type_properties_post_distrito":"","post_type_properties_post_features_balcony":false,"post_type_properties_post_features_bedroom_number":"","post_type_properties_post_features_heating_type":"","post_type_properties_post_features_equipped_with_furniture":false,"post_type_properties_post_features_pets_allowed":false,"post_type_properties_post_features_pool":false,"post_type_properties_post_features_terrace":false,"post_type_properties_post_features_wardrobes":false,"post_type_properties_post_features_lift_available":false,"post_type_properties_post_features_handicap_adapted_access":false,"post_type_properties_post_features_orientation_east":false,"post_type_properties_post_features_orientation_west":false,"post_type_properties_post_features_orientation_north":false,"post_type_properties_post_features_orientation_south":false,"post_type_properties_post_features_parking_spaces_number":"","post_type_properties_post_features_security_alarm":false,"post_type_properties_post_features_security_system":false,"post_type_properties_post_open_plan":false,"post_type_properties_post_acceso_24_7":false,"post_type_properties_post_oficina_privada":false,"post_type_properties_post_sala_reuniones":false,"post_type_properties_post_espacio_eventos":false,"post_type_properties_post_office":false,"post_type_properties_post_restaurant":false,"post_type_properties_post_acepta_traspaso":false,"post_type_properties_post_vigilancia":false,"post_type_properties_post_features_suite":false,"post_type_properties_post_features_vitro":false,"post_type_properties_post_features_oven":false,"post_type_properties_post_features_microwave":false,"post_type_properties_post_features_washing_machine":false,"post_type_properties_post_features_dryer":false,"post_type_properties_post_features_dishwasher":false,"post_type_properties_post_features_fridge":false,"post_type_properties_post_features_fridge_mini":false,"post_type_properties_post_features_kettle":false,"post_type_properties_post_features_toaster":false,"post_type_properties_post_features_coffee_maker":false,"post_type_properties_post_features_iron":false,"post_type_properties_post_features_ironing_board":false,"post_type_properties_post_features_safe":false,"post_type_properties_post_features_internet":false,"post_type_properties_post_features_solarium":false,"post_type_properties_post_features_clean_service":false,"post_type_properties_post_features_t_v":false,"post_type_properties_post_features_satellite_t_v":false,"post_type_properties_post_features_gas_kitchen":false,"post_type_properties_post_features_view_mountain":false,"post_type_properties_post_features_view_sea":false,"post_type_properties_post_features_concierge":true,"post_type_properties_post_features_loading_dock":false,"post_type_properties_post_features_bridge_crane":false,"post_type_properties_post_features_located_at_corner":false,"post_type_properties_post_features_smoke_extraction":false,"post_type_properties_post_features_rooms":"","post_type_properties_post_features_garden_area":"","post_type_properties_post_features_utilities_water":false,"post_type_properties_post_features_utilities_electricity":false,"post_type_properties_post_features_utilities_natural_gas":false,"post_type_properties_post_features_building_adapted":true,"post_type_properties_post_features_garden":false,"post_type_properties_post_features_classification_hotel":false,"post_type_properties_post_features_classification_chalet":false,"post_type_properties_post_certificado_energetico_emisiones":"C","post_type_properties_post_barrio":"","post_type_properties_post_distrito_empresa":"Les Corts","post_type_properties_post_features_property_category_intern":"","post_type_properties_post_implantada":false,"post_type_properties_post_sello_leed":"1","post_type_properties_post_sello_well":"","post_type_properties_post_sello_breeam":false,"post_type_properties_post_images":[{"properties_post_image_order":1,"properties_post_image_url":"https:\/\/movin.cloud\/empresas\/2438\/imagenes\/11246753\/alquiler-para-idealista.webp","properties_post_image_url_thumbnail":"https:\/\/movin.cloud\/empresas\/2438\/imagenes\/thumbnails\/11246753\/alquiler-para-idealista.webp","properties_post_title":"alquiler para idealista","properties_post_alt":"alquiler para idealista"},{"properties_post_image_order":2,"properties_post_image_url":"https:\/\/movin.cloud\/empresas\/2438\/imagenes\/11246753\/alquiler.webp","properties_post_image_url_thumbnail":"https:\/\/movin.cloud\/empresas\/2438\/imagenes\/thumbnails\/11246753\/alquiler.webp","properties_post_title":"alquiler","properties_post_alt":"alquiler"},{"properties_post_image_order":3,"properties_post_image_url":"https:\/\/movin.cloud\/empresas\/2438\/imagenes\/11246753\/alquiler-idealistas.webp","properties_post_image_url_thumbnail":"https:\/\/movin.cloud\/empresas\/2438\/imagenes\/thumbnails\/11246753\/alquiler-idealistas.webp","properties_post_title":"alquiler idealistas","properties_post_alt":"alquiler idealistas"},{"properties_post_image_order":4,"properties_post_image_url":"https:\/\/movin.cloud\/empresas\/2438\/imagenes\/11246753\/habitalia.webp","properties_post_image_url_thumbnail":"https:\/\/movin.cloud\/empresas\/2438\/imagenes\/thumbnails\/11246753\/habitalia.webp","properties_post_title":"habitalia","properties_post_alt":"habitalia"},{"properties_post_image_order":5,"properties_post_image_url":"https:\/\/movin.cloud\/empresas\/2438\/imagenes\/11246753\/alquilar.webp","properties_post_image_url_thumbnail":"https:\/\/movin.cloud\/empresas\/2438\/imagenes\/thumbnails\/11246753\/alquilar.webp","properties_post_title":"alquilar","properties_post_alt":"alquilar"},{"properties_post_image_order":6,"properties_post_image_url":"https:\/\/movin.cloud\/empresas\/2438\/imagenes\/11246753\/en-alquiler.webp","properties_post_image_url_thumbnail":"https:\/\/movin.cloud\/empresas\/2438\/imagenes\/thumbnails\/11246753\/en-alquiler.webp","properties_post_title":"en alquiler","properties_post_alt":"en alquiler"}],"post_type_properties_post_videos":null,"post_type_properties_post_tour":null,"post_type_properties_post_dossier_url":"","post_type_properties_post_operation_type":"rent","post_type_properties_post_operation_price":17700,"post_type_properties_post_features_hidden_price":false},"yoast_head":"<!-- This site is optimized with the Yoast SEO plugin v27.4 - https:\/\/yoast.com\/product\/yoast-seo-wordpress\/ -->\n<title>DGARDEN - Forcadell<\/title>\n<meta name=\"robots\" content=\"index, follow, max-snippet:-1, max-image-preview:large, max-video-preview:-1\" \/>\n<link rel=\"canonical\" href=\"https:\/\/forcadell.com\/ca\/propiedades\/dgarden\/\" \/>\n<meta property=\"og:locale\" content=\"ca_ES\" \/>\n<meta property=\"og:type\" content=\"article\" \/>\n<meta property=\"og:title\" content=\"DGARDEN - Forcadell\" \/>\n<meta property=\"og:description\" content=\"\u00a1Descubre D GARDEN, el lugar perfecto para tu empresa en Barcelona! Ubicado en una de las mejores zonas de la ciudad, en la confluencia de Gran V\u00eda de Carles III y Avinguda Diagonal, D GARDEN te ofrece una ubicaci\u00f3n estrat\u00e9gica con f\u00e1cil acceso a grandes empresas y conexiones urbanas e interurbanas. Caracter\u00edsticas destacadas: Superficies di\u00e1fanas [&hellip;]\" \/>\n<meta property=\"og:url\" content=\"https:\/\/forcadell.com\/ca\/propiedades\/dgarden\/\" \/>\n<meta property=\"og:site_name\" content=\"Forcadell\" \/>\n<meta property=\"article:modified_time\" content=\"2026-04-28T08:25:30+00:00\" \/>\n<meta name=\"twitter:card\" content=\"summary_large_image\" \/>\n<meta name=\"twitter:label1\" content=\"Temps estimat de lectura\" \/>\n\t<meta name=\"twitter:data1\" content=\"1 minut\" \/>\n<!-- \/ Yoast SEO plugin. -->","yoast_head_json":{"title":"DGARDEN - Forcadell","robots":{"index":"index","follow":"follow","max-snippet":"max-snippet:-1","max-image-preview":"max-image-preview:large","max-video-preview":"max-video-preview:-1"},"canonical":"https:\/\/forcadell.com\/ca\/propiedades\/dgarden\/","og_locale":"ca_ES","og_type":"article","og_title":"DGARDEN - Forcadell","og_description":"\u00a1Descubre D GARDEN, el lugar perfecto para tu empresa en Barcelona! Ubicado en una de las mejores zonas de la ciudad, en la confluencia de Gran V\u00eda de Carles III y Avinguda Diagonal, D GARDEN te ofrece una ubicaci\u00f3n estrat\u00e9gica con f\u00e1cil acceso a grandes empresas y conexiones urbanas e interurbanas. Caracter\u00edsticas destacadas: Superficies di\u00e1fanas [&hellip;]","og_url":"https:\/\/forcadell.com\/ca\/propiedades\/dgarden\/","og_site_name":"Forcadell","article_modified_time":"2026-04-28T08:25:30+00:00","twitter_card":"summary_large_image","twitter_misc":{"Temps estimat de lectura":"1 minut"},"schema":{"@context":"https:\/\/schema.org","@graph":[{"@type":"WebPage","@id":"https:\/\/forcadell.com\/ca\/propiedades\/dgarden\/","url":"https:\/\/forcadell.com\/ca\/propiedades\/dgarden\/","name":"DGARDEN - Forcadell","isPartOf":{"@id":"https:\/\/forcadell.com\/ca\/#website"},"datePublished":"2025-11-04T14:29:51+00:00","dateModified":"2026-04-28T08:25:30+00:00","breadcrumb":{"@id":"https:\/\/forcadell.com\/ca\/propiedades\/dgarden\/#breadcrumb"},"inLanguage":"ca","potentialAction":[{"@type":"ReadAction","target":["https:\/\/forcadell.com\/ca\/propiedades\/dgarden\/"]}]},{"@type":"BreadcrumbList","@id":"https:\/\/forcadell.com\/ca\/propiedades\/dgarden\/#breadcrumb","itemListElement":[{"@type":"ListItem","position":1,"name":"Portada","item":"https:\/\/forcadell.com\/ca\/"},{"@type":"ListItem","position":2,"name":"Properties","item":"https:\/\/forcadell.com\/ca\/propiedades\/"},{"@type":"ListItem","position":3,"name":"DGARDEN"}]},{"@type":"WebSite","@id":"https:\/\/forcadell.com\/ca\/#website","url":"https:\/\/forcadell.com\/ca\/","name":"Forcadell","description":"Inmobiliaria Barcelona | Consultores inmobiliarios","potentialAction":[{"@type":"SearchAction","target":{"@type":"EntryPoint","urlTemplate":"https:\/\/forcadell.com\/ca\/?s={search_term_string}"},"query-input":{"@type":"PropertyValueSpecification","valueRequired":true,"valueName":"search_term_string"}}],"inLanguage":"ca"}]}},"_links":{"self":[{"href":"https:\/\/forcadell.com\/ca\/wp-json\/wp\/v2\/properties_post\/58128","targetHints":{"allow":["GET"]}}],"collection":[{"href":"https:\/\/forcadell.com\/ca\/wp-json\/wp\/v2\/properties_post"}],"about":[{"href":"https:\/\/forcadell.com\/ca\/wp-json\/wp\/v2\/types\/properties_post"}],"wp:attachment":[{"href":"https:\/\/forcadell.com\/ca\/wp-json\/wp\/v2\/media?parent=58128"}],"curies":[{"name":"wp","href":"https:\/\/api.w.org\/{rel}","templated":true}]}}