{"id":58114,"date":"2025-11-04T16:29:01","date_gmt":"2025-11-04T14:29:01","guid":{"rendered":"https:\/\/www.forcadell.com\/propiedades\/la-vela-building\/"},"modified":"2026-04-26T08:16:52","modified_gmt":"2026-04-26T06:16:52","slug":"la-vela-building","status":"publish","type":"properties_post","link":"https:\/\/forcadell.com\/ca\/propiedades\/la-vela-building\/","title":{"rendered":"LA VELA BUILDING"},"content":{"rendered":"<p>\u00a1Tu oficina en un lugar \u00fanico y exclusivo!<\/p>\n<p>La Vela Building, un edificio de oficinas totalmente rehabilitado y parte de la emblem\u00e1tica Torre MAPFRE, te ofrece el espacio perfecto para establecer tu sede corporativa.<\/p>\n<p>Con 2.800 m\u00b2 de oficinas, entrada independiente y una ubicaci\u00f3n de gran representatividad, este edificio es ideal para tu empresa. Disfruta de las incre\u00edbles ventajas de la Torre MAPFRE, que ha sido completamente renovada para ofrecerte un nivel superior de servicios y comodidades.<\/p>\n<p>Caracter\u00edsticas del Edificio:<\/p>\n<p>Uso exclusivo de oficinas<br \/>\nPlanta baja + 3 plantas<br \/>\nDise\u00f1o representativo<br \/>\nAscensores<br \/>\nParking disponible<br \/>\nEn proceso de reforma integral<\/p>\n<p>Caracter\u00edsticas de las Oficinas:<\/p>\n<p>Superficies di\u00e1fanas y abiertas<br \/>\nOficinas exteriores con excelente luz natural<br \/>\nPavimento t\u00e9cnico y falso techo<br \/>\nDise\u00f1o moderno y funcional<\/p>\n<p>Transporte p\u00fablico:<br \/>\nBus: 59, 136, V21, V27, N0, N6, N8, N28<br \/>\nMetro: L4 &#8211; \u201cCiutadella \/ Vila Ol\u00edmpica\u201d<\/p>\n<p>A tan s\u00f3lo 20 minutos del aeropuerto<\/p>\n<p>\u00a1Haz crecer tu empresa en un entorno \u00fanico, con servicios de primer nivel! \u00a1Tu nueva oficina te est\u00e1 esperando en La Vela Building!<\/p>\n<p>\u00a1Cont\u00e1ctanos y asegura tu espacio hoy mismo!<\/p>\n","protected":false},"template":"","class_list":["post-58114","properties_post","type-properties_post","status-publish","hentry","properties_modality-rent","properties_district-sant-marti","properties_province-barcelona","properties_zone-116","properties_state-barcelona","properties_subclass-oficina","properties_type-oficina"],"acf":{"post_type_properties_post_property_code":"11246629","post_type_properties_post_property_reference":"IE-225609","post_type_properties_post_owner_id":"31026","post_type_properties_post_owner_name":"CBRE REAL ESTATE SA","post_type_properties_post_property_code_encrypted":"MjQ5JDMxMTk2","post_type_properties_post_published":"1","post_type_properties_post_property_visibility":"idealista","post_type_properties_post_contact_name":"Forcadell Oficinas Barcelona","post_type_properties_post_contact_email":"forcadell.oficinas.barcelona@movin.cloud","post_type_properties_post_contact_primary_phone_prefix":"34","post_type_properties_post_contact_primary_phone_number":"934965413","post_type_properties_post_address_visibility":"street","post_type_properties_post_address_country":"Spain","post_type_properties_post_address_coordinates_precision":"exact","post_type_properties_post_address_postal_code":"8005","post_type_properties_post_address_coordinates_latitude":"41.3881585","post_type_properties_post_address_coordinates_longitude":"2.1978615","post_type_properties_post_address_street_name":"Avenida Litoral 30","post_type_properties_post_address_floor":"2","post_type_properties_post_address_town":"Barcelona","post_type_properties_post_building":null,"post_type_properties_post_property":[{"properties_post_description_language":"catalan","properties_post_title":"LA VELA BUILDING","properties_post_short_description_text_alt":"","properties_post_description_text_alt":"","properties_post_short_description_text":"","properties_post_link_demanda_inmueble":"https:\/\/movin.cloud\/ca\/Forcadell Oficinas Barcelona\/formulari-peticio-immoble\/sth\/2438&&11246629","properties_post_link_demanda_calendario_inmueble":"https:\/\/movin.cloud\/ca\/Forcadell Oficinas Barcelona\/calendari-peticio-immoble\/sth\/2438&&11246629","properties_post_description_text":"La teva oficina en un lloc \u00fanic i exclusiu!\n\nLa Vela Building, un edifici d'oficines totalment rehabilitat i part de l'emblem\u00e0tica Torre MAPFRE, us ofereix l'espai perfecte per establir la vostra corporativa.\n\nAmb 2.800 m\u00b2 d\u00b4oficines, entrada independent i una ubicaci\u00f3 de gran representativitat, aquest edifici \u00e9s ideal per a la teva empresa. Gaudeix dels incre\u00efbles avantatges de la Torre MAPFRE, que ha estat completament renovada per oferir-te un nivell superior de serveis i comoditats.\n\nCaracter\u00edstiques de l'Edifici:\n\n\u00das exclusiu d'oficines\nPlanta baixa + 3 plantes\nDisseny representatiu\nAscensors\nP\u00e0rquing disponible\nEn proc\u00e9s de reforma integral\n\nCaracter\u00edstiques de les Oficines:\n\nSuperf\u00edcies di\u00e0fanes i obertes\nOficines exteriors amb excel\u00b7lent llum natural\nPaviment t\u00e8cnic i fals sostre\nDisseny modern i funcional\n\nTransport p\u00fablic:\nBus: 59, 136, V21, V27, N0, N6, N8, N28\nMetro: L4 - \u201cCiutadella \/ Vila Ol\u00edmpica\u201d\n\nA 20 minuts de l'aeroport\n\nFes cr\u00e9ixer la teva empresa en un entorn \u00fanic, amb serveis de primer nivell! La teva nova oficina t'est\u00e0 esperant a La Vela Building!\n\nContacta'ns i assegura el teu espai avui mateix!","properties_post_seo_title":"","properties_post_seo_alias":"","properties_post_seo_metadescription":"","properties_post_seo_key_words":"","properties_post_seo_url":"","properties_post_terms_conditions":""},{"properties_post_description_language":"spanish","properties_post_title":"LA VELA BUILDING","properties_post_short_description_text_alt":"","properties_post_description_text_alt":"","properties_post_short_description_text":"","properties_post_link_demanda_inmueble":"https:\/\/movin.cloud\/es\/Forcadell Oficinas Barcelona\/formulario-peticion-inmueble\/sth\/2438&&11246629","properties_post_link_demanda_calendario_inmueble":"https:\/\/movin.cloud\/es\/Forcadell Oficinas Barcelona\/calendario-peticion-inmueble\/sth\/2438&&11246629","properties_post_description_text":"\u00a1Tu oficina en un lugar \u00fanico y exclusivo!\n\nLa Vela Building, un edificio de oficinas totalmente rehabilitado y parte de la emblem\u00e1tica Torre MAPFRE, te ofrece el espacio perfecto para establecer tu sede corporativa.\n\nCon 2.800 m\u00b2 de oficinas, entrada independiente y una ubicaci\u00f3n de gran representatividad, este edificio es ideal para tu empresa. Disfruta de las incre\u00edbles ventajas de la Torre MAPFRE, que ha sido completamente renovada para ofrecerte un nivel superior de servicios y comodidades.\n\nCaracter\u00edsticas del Edificio:\n\nUso exclusivo de oficinas\nPlanta baja + 3 plantas\nDise\u00f1o representativo\nAscensores\nParking disponible\nEn proceso de reforma integral\n\nCaracter\u00edsticas de las Oficinas:\n\nSuperficies di\u00e1fanas y abiertas\nOficinas exteriores con excelente luz natural\nPavimento t\u00e9cnico y falso techo\nDise\u00f1o moderno y funcional\n\nTransporte p\u00fablico:\nBus: 59, 136, V21, V27, N0, N6, N8, N28\nMetro: L4 - \u201cCiutadella \/ Vila Ol\u00edmpica\u201d\n\nA tan s\u00f3lo 20 minutos del aeropuerto\n\n\u00a1Haz crecer tu empresa en un entorno \u00fanico, con servicios de primer nivel! \u00a1Tu nueva oficina te est\u00e1 esperando en La Vela Building!\n\n\u00a1Cont\u00e1ctanos y asegura tu espacio hoy mismo!","properties_post_seo_title":"","properties_post_seo_alias":"","properties_post_seo_metadescription":"","properties_post_seo_key_words":"","properties_post_seo_url":"","properties_post_terms_conditions":""}],"post_type_properties_post_features_type":"office","post_type_properties_post_id_building":"","post_type_properties_post_features_area_constructed":1474,"post_type_properties_post_features_conditioned_air":false,"post_type_properties_post_features_doorman":false,"post_type_properties_post_features_heating":false,"post_type_properties_post_features_equipped_kitchen":false,"post_type_properties_post_features_windows_location":"exterior","post_type_properties_post_features_floors_property":false,"post_type_properties_post_features_storage":false,"post_type_properties_post_features_security_door":false,"post_type_properties_post_features_energy_certificate_rating":"C","post_type_properties_post_features_energy_certificate_emissions_rating":"C","post_type_properties_post_features_energy_certificate_emissions_value":"","post_type_properties_post_features_energy_certificate_performance":"","post_type_properties_post_features_bathroom_inside":false,"post_type_properties_post_precio":26536.5,"post_type_properties_post_precio_alquiler":26536.5,"post_type_properties_post_record_type_id":"Oficina","post_type_properties_post_categoria__producto":"Oficina","post_type_properties_post_amueblado":false,"post_type_properties_post_precio_m2":18,"post_type_properties_post_zona__comunitaria":false,"post_type_properties_post_electrodomesticos":false,"post_type_properties_post_patio__interior":false,"post_type_properties_post_certificado_energetico_general":"C","post_type_properties_post_certificado_energetico_consumo":"C","post_type_properties_post_certificado_energetico_valor_emisiones":"","post_type_properties_post_certificado_energetico_valor_consumo":"","post_type_properties_post_modalidad":"rent","post_type_properties_post_provincia":"Barcelona","post_type_properties_post_poblacion":"Barcelona","post_type_properties_post_centro__urbano":false,"post_type_properties_post_zonificacion":"22 @","post_type_properties_post_cartera":"","post_type_properties_post_titulo_catalan":"LA VELA BUILDING","post_type_properties_post_internet_catalan":"La teva oficina en un lloc \u00fanic i exclusiu!\n\nLa Vela Building, un edifici d'oficines totalment rehabilitat i part de l'emblem\u00e0tica Torre MAPFRE, us ofereix l'espai perfecte per establir la vostra corporativa.\n\nAmb 2.800 m\u00b2 d\u00b4oficines, entrada independent i una ubicaci\u00f3 de gran representativitat, aquest edifici \u00e9s ideal per a la teva empresa. Gaudeix dels incre\u00efbles avantatges de la Torre MAPFRE, que ha estat completament renovada per oferir-te un nivell superior de serveis i comoditats.\n\nCaracter\u00edstiques de l'Edifici:\n\n\u00das exclusiu d'oficines\nPlanta baixa + 3 plantes\nDisseny representatiu\nAscensors\nP\u00e0rquing disponible\nEn proc\u00e9s de reforma integral\n\nCaracter\u00edstiques de les Oficines:\n\nSuperf\u00edcies di\u00e0fanes i obertes\nOficines exteriors amb excel\u00b7lent llum natural\nPaviment t\u00e8cnic i fals sostre\nDisseny modern i funcional\n\nTransport p\u00fablic:\nBus: 59, 136, V21, V27, N0, N6, N8, N28\nMetro: L4 - \u201cCiutadella \/ Vila Ol\u00edmpica\u201d\n\nA 20 minuts de l'aeroport\n\nFes cr\u00e9ixer la teva empresa en un entorn \u00fanic, amb serveis de primer nivell! La teva nova oficina t'est\u00e0 esperant a La Vela Building!\n\nContacta'ns i assegura el teu espai avui mateix!","post_type_properties_post_titulo_castellano":"LA VELA BUILDING","post_type_properties_post_internet_castellano":"\u00a1Tu oficina en un lugar \u00fanico y exclusivo!\n\nLa Vela Building, un edificio de oficinas totalmente rehabilitado y parte de la emblem\u00e1tica Torre MAPFRE, te ofrece el espacio perfecto para establecer tu sede corporativa.\n\nCon 2.800 m\u00b2 de oficinas, entrada independiente y una ubicaci\u00f3n de gran representatividad, este edificio es ideal para tu empresa. Disfruta de las incre\u00edbles ventajas de la Torre MAPFRE, que ha sido completamente renovada para ofrecerte un nivel superior de servicios y comodidades.\n\nCaracter\u00edsticas del Edificio:\n\nUso exclusivo de oficinas\nPlanta baja + 3 plantas\nDise\u00f1o representativo\nAscensores\nParking disponible\nEn proceso de reforma integral\n\nCaracter\u00edsticas de las Oficinas:\n\nSuperficies di\u00e1fanas y abiertas\nOficinas exteriores con excelente luz natural\nPavimento t\u00e9cnico y falso techo\nDise\u00f1o moderno y funcional\n\nTransporte p\u00fablico:\nBus: 59, 136, V21, V27, N0, N6, N8, N28\nMetro: L4 - \u201cCiutadella \/ Vila Ol\u00edmpica\u201d\n\nA tan s\u00f3lo 20 minutos del aeropuerto\n\n\u00a1Haz crecer tu empresa en un entorno \u00fanico, con servicios de primer nivel! \u00a1Tu nueva oficina te est\u00e1 esperando en La Vela Building!\n\n\u00a1Cont\u00e1ctanos y asegura tu espacio hoy mismo!","post_type_properties_post_titulo_ingles":"","post_type_properties_post_internet_ingles":"","post_type_properties_post_features_classification_commercial":false,"post_type_properties_post_features_conservation":"","post_type_properties_post_features_security_personnel":false,"post_type_properties_post_features_parking_available":false,"post_type_properties_post_features_garage_capacity_type":"","post_type_properties_post_features_bathroom_number":"","post_type_properties_post_eje":"","post_type_properties_post_zona":"","post_type_properties_post_comarca":"","post_type_properties_post_features_built_year":"","post_type_properties_post_renta_mensual":"","post_type_properties_post_fianza":"","post_type_properties_post_features_area_plot":"","post_type_properties_post_features_area_buildable":"","post_type_properties_post_features_classification_industrial":false,"post_type_properties_post_distrito":"","post_type_properties_post_features_balcony":false,"post_type_properties_post_features_bedroom_number":"","post_type_properties_post_features_heating_type":"","post_type_properties_post_features_equipped_with_furniture":false,"post_type_properties_post_features_pets_allowed":false,"post_type_properties_post_features_pool":false,"post_type_properties_post_features_terrace":false,"post_type_properties_post_features_wardrobes":false,"post_type_properties_post_features_lift_available":false,"post_type_properties_post_features_handicap_adapted_access":false,"post_type_properties_post_features_orientation_east":false,"post_type_properties_post_features_orientation_west":false,"post_type_properties_post_features_orientation_north":false,"post_type_properties_post_features_orientation_south":false,"post_type_properties_post_features_parking_spaces_number":"","post_type_properties_post_features_security_alarm":false,"post_type_properties_post_features_security_system":false,"post_type_properties_post_open_plan":false,"post_type_properties_post_acceso_24_7":false,"post_type_properties_post_oficina_privada":false,"post_type_properties_post_sala_reuniones":false,"post_type_properties_post_espacio_eventos":false,"post_type_properties_post_office":false,"post_type_properties_post_restaurant":false,"post_type_properties_post_acepta_traspaso":false,"post_type_properties_post_vigilancia":true,"post_type_properties_post_features_suite":false,"post_type_properties_post_features_vitro":false,"post_type_properties_post_features_oven":false,"post_type_properties_post_features_microwave":false,"post_type_properties_post_features_washing_machine":false,"post_type_properties_post_features_dryer":false,"post_type_properties_post_features_dishwasher":false,"post_type_properties_post_features_fridge":false,"post_type_properties_post_features_fridge_mini":false,"post_type_properties_post_features_kettle":false,"post_type_properties_post_features_toaster":false,"post_type_properties_post_features_coffee_maker":false,"post_type_properties_post_features_iron":false,"post_type_properties_post_features_ironing_board":false,"post_type_properties_post_features_safe":false,"post_type_properties_post_features_internet":false,"post_type_properties_post_features_solarium":false,"post_type_properties_post_features_clean_service":false,"post_type_properties_post_features_t_v":false,"post_type_properties_post_features_satellite_t_v":false,"post_type_properties_post_features_gas_kitchen":false,"post_type_properties_post_features_view_mountain":false,"post_type_properties_post_features_view_sea":false,"post_type_properties_post_features_concierge":false,"post_type_properties_post_features_loading_dock":false,"post_type_properties_post_features_bridge_crane":false,"post_type_properties_post_features_located_at_corner":false,"post_type_properties_post_features_smoke_extraction":false,"post_type_properties_post_features_rooms":"","post_type_properties_post_features_garden_area":"","post_type_properties_post_features_utilities_water":false,"post_type_properties_post_features_utilities_electricity":false,"post_type_properties_post_features_utilities_natural_gas":false,"post_type_properties_post_features_building_adapted":true,"post_type_properties_post_features_garden":false,"post_type_properties_post_features_classification_hotel":false,"post_type_properties_post_features_classification_chalet":false,"post_type_properties_post_certificado_energetico_emisiones":"C","post_type_properties_post_barrio":"","post_type_properties_post_distrito_empresa":"Sant Mart\u00ed","post_type_properties_post_features_property_category_intern":"","post_type_properties_post_implantada":false,"post_type_properties_post_sello_leed":"1","post_type_properties_post_sello_well":"","post_type_properties_post_sello_breeam":false,"post_type_properties_post_images":[{"properties_post_image_order":1,"properties_post_image_url":"https:\/\/movin.cloud\/empresas\/2438\/imagenes\/11246629\/en-alquiler.webp","properties_post_image_url_thumbnail":"https:\/\/movin.cloud\/empresas\/2438\/imagenes\/thumbnails\/11246629\/en-alquiler.webp","properties_post_title":"en alquiler","properties_post_alt":"en alquiler"},{"properties_post_image_order":2,"properties_post_image_url":"https:\/\/movin.cloud\/empresas\/2438\/imagenes\/11246629\/alquiler.webp","properties_post_image_url_thumbnail":"https:\/\/movin.cloud\/empresas\/2438\/imagenes\/thumbnails\/11246629\/alquiler.webp","properties_post_title":"alquiler","properties_post_alt":"alquiler"},{"properties_post_image_order":3,"properties_post_image_url":"https:\/\/movin.cloud\/empresas\/2438\/imagenes\/11246629\/habitalia.webp","properties_post_image_url_thumbnail":"https:\/\/movin.cloud\/empresas\/2438\/imagenes\/thumbnails\/11246629\/habitalia.webp","properties_post_title":"habitalia","properties_post_alt":"habitalia"},{"properties_post_image_order":4,"properties_post_image_url":"https:\/\/movin.cloud\/empresas\/2438\/imagenes\/11246629\/alquilar.webp","properties_post_image_url_thumbnail":"https:\/\/movin.cloud\/empresas\/2438\/imagenes\/thumbnails\/11246629\/alquilar.webp","properties_post_title":"alquilar","properties_post_alt":"alquilar"},{"properties_post_image_order":5,"properties_post_image_url":"https:\/\/movin.cloud\/empresas\/2438\/imagenes\/11246629\/alquiler-para-idealista.webp","properties_post_image_url_thumbnail":"https:\/\/movin.cloud\/empresas\/2438\/imagenes\/thumbnails\/11246629\/alquiler-para-idealista.webp","properties_post_title":"alquiler para idealista","properties_post_alt":"alquiler para idealista"},{"properties_post_image_order":6,"properties_post_image_url":"https:\/\/movin.cloud\/empresas\/2438\/imagenes\/11246629\/viviendas.webp","properties_post_image_url_thumbnail":"https:\/\/movin.cloud\/empresas\/2438\/imagenes\/thumbnails\/11246629\/viviendas.webp","properties_post_title":"viviendas","properties_post_alt":"viviendas"},{"properties_post_image_order":7,"properties_post_image_url":"https:\/\/movin.cloud\/empresas\/2438\/imagenes\/11246629\/alquiler-para-idealistas.webp","properties_post_image_url_thumbnail":"https:\/\/movin.cloud\/empresas\/2438\/imagenes\/thumbnails\/11246629\/alquiler-para-idealistas.webp","properties_post_title":"alquiler para idealistas","properties_post_alt":"alquiler para idealistas"},{"properties_post_image_order":8,"properties_post_image_url":"https:\/\/movin.cloud\/empresas\/2438\/imagenes\/11246629\/rent.webp","properties_post_image_url_thumbnail":"https:\/\/movin.cloud\/empresas\/2438\/imagenes\/thumbnails\/11246629\/rent.webp","properties_post_title":"rent","properties_post_alt":"rent"},{"properties_post_image_order":9,"properties_post_image_url":"https:\/\/movin.cloud\/empresas\/2438\/imagenes\/11246629\/fincas.webp","properties_post_image_url_thumbnail":"https:\/\/movin.cloud\/empresas\/2438\/imagenes\/thumbnails\/11246629\/fincas.webp","properties_post_title":"fincas","properties_post_alt":"fincas"},{"properties_post_image_order":10,"properties_post_image_url":"https:\/\/movin.cloud\/empresas\/2438\/imagenes\/11246629\/inmobiliarias.webp","properties_post_image_url_thumbnail":"https:\/\/movin.cloud\/empresas\/2438\/imagenes\/thumbnails\/11246629\/inmobiliarias.webp","properties_post_title":"inmobiliarias","properties_post_alt":"inmobiliarias"},{"properties_post_image_order":11,"properties_post_image_url":"https:\/\/movin.cloud\/empresas\/2438\/imagenes\/11246629\/inmobiliaria.webp","properties_post_image_url_thumbnail":"https:\/\/movin.cloud\/empresas\/2438\/imagenes\/thumbnails\/11246629\/inmobiliaria.webp","properties_post_title":"inmobiliaria","properties_post_alt":"inmobiliaria"},{"properties_post_image_order":12,"properties_post_image_url":"https:\/\/movin.cloud\/empresas\/2438\/imagenes\/11246629\/alquiler-idealistas.webp","properties_post_image_url_thumbnail":"https:\/\/movin.cloud\/empresas\/2438\/imagenes\/thumbnails\/11246629\/alquiler-idealistas.webp","properties_post_title":"alquiler idealistas","properties_post_alt":"alquiler idealistas"},{"properties_post_image_order":13,"properties_post_image_url":"https:\/\/movin.cloud\/empresas\/2438\/imagenes\/11246629\/en-alquiler-barcelona.webp","properties_post_image_url_thumbnail":"https:\/\/movin.cloud\/empresas\/2438\/imagenes\/thumbnails\/11246629\/en-alquiler-barcelona.webp","properties_post_title":"en alquiler barcelona","properties_post_alt":"en alquiler barcelona"}],"post_type_properties_post_videos":null,"post_type_properties_post_tour":null,"post_type_properties_post_dossier_url":"","post_type_properties_post_operation_type":"rent","post_type_properties_post_operation_price":26536,"post_type_properties_post_features_hidden_price":false},"yoast_head":"<!-- This site is optimized with the Yoast SEO plugin v25.6 - https:\/\/yoast.com\/wordpress\/plugins\/seo\/ -->\n<title>LA VELA BUILDING - Forcadell<\/title>\n<meta name=\"robots\" content=\"index, follow, max-snippet:-1, max-image-preview:large, max-video-preview:-1\" \/>\n<link rel=\"canonical\" href=\"https:\/\/forcadell.com\/ca\/propiedades\/la-vela-building\/\" \/>\n<meta property=\"og:locale\" content=\"ca_ES\" \/>\n<meta property=\"og:type\" content=\"article\" \/>\n<meta property=\"og:title\" content=\"LA VELA BUILDING - Forcadell\" \/>\n<meta property=\"og:description\" content=\"\u00a1Tu oficina en un lugar \u00fanico y exclusivo! La Vela Building, un edificio de oficinas totalmente rehabilitado y parte de la emblem\u00e1tica Torre MAPFRE, te ofrece el espacio perfecto para establecer tu sede corporativa. Con 2.800 m\u00b2 de oficinas, entrada independiente y una ubicaci\u00f3n de gran representatividad, este edificio es ideal para tu empresa. Disfruta [&hellip;]\" \/>\n<meta property=\"og:url\" content=\"https:\/\/forcadell.com\/ca\/propiedades\/la-vela-building\/\" \/>\n<meta property=\"og:site_name\" content=\"Forcadell\" \/>\n<meta property=\"article:modified_time\" content=\"2026-04-26T06:16:52+00:00\" \/>\n<meta name=\"twitter:card\" content=\"summary_large_image\" \/>\n<meta name=\"twitter:label1\" content=\"Temps estimat de lectura\" \/>\n\t<meta name=\"twitter:data1\" content=\"1 minut\" \/>\n<!-- \/ Yoast SEO plugin. -->","yoast_head_json":{"title":"LA VELA BUILDING - Forcadell","robots":{"index":"index","follow":"follow","max-snippet":"max-snippet:-1","max-image-preview":"max-image-preview:large","max-video-preview":"max-video-preview:-1"},"canonical":"https:\/\/forcadell.com\/ca\/propiedades\/la-vela-building\/","og_locale":"ca_ES","og_type":"article","og_title":"LA VELA BUILDING - Forcadell","og_description":"\u00a1Tu oficina en un lugar \u00fanico y exclusivo! La Vela Building, un edificio de oficinas totalmente rehabilitado y parte de la emblem\u00e1tica Torre MAPFRE, te ofrece el espacio perfecto para establecer tu sede corporativa. Con 2.800 m\u00b2 de oficinas, entrada independiente y una ubicaci\u00f3n de gran representatividad, este edificio es ideal para tu empresa. Disfruta [&hellip;]","og_url":"https:\/\/forcadell.com\/ca\/propiedades\/la-vela-building\/","og_site_name":"Forcadell","article_modified_time":"2026-04-26T06:16:52+00:00","twitter_card":"summary_large_image","twitter_misc":{"Temps estimat de lectura":"1 minut"},"schema":{"@context":"https:\/\/schema.org","@graph":[{"@type":"WebPage","@id":"https:\/\/forcadell.com\/ca\/propiedades\/la-vela-building\/","url":"https:\/\/forcadell.com\/ca\/propiedades\/la-vela-building\/","name":"LA VELA BUILDING - Forcadell","isPartOf":{"@id":"https:\/\/forcadell.com\/ca\/#website"},"datePublished":"2025-11-04T14:29:01+00:00","dateModified":"2026-04-26T06:16:52+00:00","breadcrumb":{"@id":"https:\/\/forcadell.com\/ca\/propiedades\/la-vela-building\/#breadcrumb"},"inLanguage":"ca","potentialAction":[{"@type":"ReadAction","target":["https:\/\/forcadell.com\/ca\/propiedades\/la-vela-building\/"]}]},{"@type":"BreadcrumbList","@id":"https:\/\/forcadell.com\/ca\/propiedades\/la-vela-building\/#breadcrumb","itemListElement":[{"@type":"ListItem","position":1,"name":"Portada","item":"https:\/\/forcadell.com\/ca\/"},{"@type":"ListItem","position":2,"name":"Properties","item":"https:\/\/forcadell.com\/ca\/propiedades\/"},{"@type":"ListItem","position":3,"name":"LA VELA BUILDING"}]},{"@type":"WebSite","@id":"https:\/\/forcadell.com\/ca\/#website","url":"https:\/\/forcadell.com\/ca\/","name":"Forcadell","description":"Inmobiliaria Barcelona | Consultores inmobiliarios","potentialAction":[{"@type":"SearchAction","target":{"@type":"EntryPoint","urlTemplate":"https:\/\/forcadell.com\/ca\/?s={search_term_string}"},"query-input":{"@type":"PropertyValueSpecification","valueRequired":true,"valueName":"search_term_string"}}],"inLanguage":"ca"}]}},"_links":{"self":[{"href":"https:\/\/forcadell.com\/ca\/wp-json\/wp\/v2\/properties_post\/58114"}],"collection":[{"href":"https:\/\/forcadell.com\/ca\/wp-json\/wp\/v2\/properties_post"}],"about":[{"href":"https:\/\/forcadell.com\/ca\/wp-json\/wp\/v2\/types\/properties_post"}],"wp:attachment":[{"href":"https:\/\/forcadell.com\/ca\/wp-json\/wp\/v2\/media?parent=58114"}],"curies":[{"name":"wp","href":"https:\/\/api.w.org\/{rel}","templated":true}]}}