{"id":58107,"date":"2025-11-04T16:28:38","date_gmt":"2025-11-04T14:28:38","guid":{"rendered":"https:\/\/www.forcadell.com\/propiedades\/oficina-alquiler-madrid-paseo-de-la-castellana-3\/"},"modified":"2026-04-27T00:36:29","modified_gmt":"2026-04-26T22:36:29","slug":"oficina-alquiler-madrid-paseo-de-la-castellana-3","status":"publish","type":"properties_post","link":"https:\/\/forcadell.com\/ca\/propiedades\/oficina-alquiler-madrid-paseo-de-la-castellana-3\/","title":{"rendered":"Oficina alquiler Madrid. Paseo de la Castellana"},"content":{"rendered":"<p>Oficina exterior con excelente luz natural en edificio exclusivo de oficinas, ubicada en la Plaza Gregorio Mara\u00f1\u00f3n. Privilegiada ubicaci\u00f3n en la confluencia del Paseo de la Castellana con Mar\u00eda de Molina. Se encuentra en un entorno ideal, rodeada de una gran variedad de servicios, centros de negocios y opciones de restauraci\u00f3n. <\/p>\n<p>Caracter\u00edsticas a destacar:<br \/>\n&#8211; Plantas di\u00e1fanas con posibilidad de modulaci\u00f3n.<br \/>\n&#8211; Altura libre de 2,80 metros.<br \/>\n&#8211; Sistema de climatizaci\u00f3n centralizado.<br \/>\n&#8211; Suelo t\u00e9cnico y falso techo met\u00e1lico.<br \/>\n&#8211; Control de accesos y seguridad las 24 horas.<br \/>\n&#8211; Certificaci\u00f3n LEED Platinum. <\/p>\n<p>Zona con excelentes conexiones con el transporte p\u00fablico debido a su cercan\u00eda con las estaciones de Gregorio Mara\u00f1\u00f3n y Av. de Am\u00e9rica. Adem\u00e1s, de contar con f\u00e1cil acceso a la M30, la A1 y a tan solo 15 minutos del aeropuerto de Barajas. <\/p>\n<p>Transportes:<br \/>\nAutobuses: 7, 12, 14, 16, 27, 40, 45, 147, 150, N22, N24.<br \/>\nAutobuses interurbanos desde Av. de Am\u00e9rica.<br \/>\nAutob\u00fas con l\u00ednea directa al Aeropuerto de Barajas.<br \/>\nMetro: L7, L10 \u2013 Gregorio Mara\u00f1\u00f3n; L4, L6, L7, L10 \u2013 Av. de Am\u00e9rica. <\/p>\n<p>**Las im\u00e1genes corresponden a una oficina tipo**<\/p>\n","protected":false},"template":"","class_list":["post-58107","properties_post","type-properties_post","status-publish","hentry","properties_modality-rent","properties_district-salamanca","properties_province-madrid","properties_zone-prime","properties_state-madrid","properties_subclass-oficina","properties_type-oficina"],"acf":{"post_type_properties_post_property_code":"11246577","post_type_properties_post_property_reference":"IE-225568","post_type_properties_post_owner_id":"54337","post_type_properties_post_owner_name":"INFINORSA GESTION INMOBILIARIA Y FINANCIERA SA","post_type_properties_post_property_code_encrypted":"MjQ5JDMxMTQ0","post_type_properties_post_published":"1","post_type_properties_post_property_visibility":"idealista","post_type_properties_post_contact_name":"Forcadell Oficinas Madrid","post_type_properties_post_contact_email":"forcadell.oficinas.madrid@movin.cloud","post_type_properties_post_contact_primary_phone_prefix":"34","post_type_properties_post_contact_primary_phone_number":"917886880","post_type_properties_post_address_visibility":"street","post_type_properties_post_address_country":"Spain","post_type_properties_post_address_coordinates_precision":"exact","post_type_properties_post_address_postal_code":"28046","post_type_properties_post_address_coordinates_latitude":"40.437459000002","post_type_properties_post_address_coordinates_longitude":"-3.689550999998","post_type_properties_post_address_street_name":"PS de la Castellana 66.","post_type_properties_post_address_floor":"1","post_type_properties_post_address_town":"Madrid","post_type_properties_post_building":null,"post_type_properties_post_property":[{"properties_post_description_language":"catalan","properties_post_title":"Oficina en lloguer amb vistes espectaculars. Paseo de la Castellana. Madrid.","properties_post_short_description_text_alt":"","properties_post_description_text_alt":"","properties_post_short_description_text":"Despatx exterior amb excel\u00b7lent llum natural en un edifici exclusiu d'oficines, situat a la Pla\u00e7a Gregorio Mara\u00f1\u00f3n. Ubicaci\u00f3 privilegiada en la conflu\u00e8ncia del Passeig de la Castellana amb Maria de Molina. Es troba en un entorn ideal, envoltada d'una gran varietat de serveis, centres de negocis i opcions de restauraci\u00f3. \n \nCaracter\u00edstiques a destacar: \n- Plantes di\u00e0fanes amb possibilitat de modulaci\u00f3 \n- Al\u00e7ada lliure de 2,80 metres \n- Sistema de climatitzaci\u00f3 centralitzat \n- S\u00f2l t\u00e8cnic i fals sostre met\u00e0l\u00b7lic \n- Control d'acc\u00e9s i seguretat les 24 hores. \n- Certificaci\u00f3 LEED Platinum. \n \nZona amb excel\u00b7lents connexions amb el transport p\u00fablic a causa de la seva proximitat a les estacions de Gregorio Mara\u00f1\u00f3n i Av. de Am\u00e9rica. A m\u00e9s, compten amb f\u00e0cil acc\u00e9s a la M30, l'A1 i a tan sols 15 minuts de l'aeroport de Barajas. \n \nTransports: \nAutobusos: 7, 12, 14, 16, 27, 40, 45, 147, 150, N22, N24. \nAutobusos interurbans des de l'Av. de Am\u00e9rica. \nAutob\u00fas amb l\u00ednia directa a l'Aeroport de Baraja","properties_post_link_demanda_inmueble":"https:\/\/movin.cloud\/ca\/Forcadell Oficinas Madrid\/formulari-peticio-immoble\/sth\/2462&&11246577","properties_post_link_demanda_calendario_inmueble":"https:\/\/movin.cloud\/ca\/Forcadell Oficinas Madrid\/calendari-peticio-immoble\/sth\/2462&&11246577","properties_post_description_text":"Despatx exterior amb excel\u00b7lent llum natural en un edifici exclusiu d'oficines, situat a la Pla\u00e7a Gregorio Mara\u00f1\u00f3n. Ubicaci\u00f3 privilegiada en la conflu\u00e8ncia del Passeig de la Castellana amb Maria de Molina. Es troba en un entorn ideal, envoltada d'una gran varietat de serveis, centres de negocis i opcions de restauraci\u00f3. \n \nCaracter\u00edstiques a destacar: \n- Plantes di\u00e0fanes amb possibilitat de modulaci\u00f3 \n- Al\u00e7ada lliure de 2,80 metres \n- Sistema de climatitzaci\u00f3 centralitzat \n- S\u00f2l t\u00e8cnic i fals sostre met\u00e0l\u00b7lic \n- Control d'acc\u00e9s i seguretat les 24 hores. \n- Certificaci\u00f3 LEED Platinum. \n \nZona amb excel\u00b7lents connexions amb el transport p\u00fablic a causa de la seva proximitat a les estacions de Gregorio Mara\u00f1\u00f3n i Av. de Am\u00e9rica. A m\u00e9s, compten amb f\u00e0cil acc\u00e9s a la M30, l'A1 i a tan sols 15 minuts de l'aeroport de Barajas. \n \nTransports: \nAutobusos: 7, 12, 14, 16, 27, 40, 45, 147, 150, N22, N24. \nAutobusos interurbans des de l'Av. de Am\u00e9rica. \nAutob\u00fas amb l\u00ednia directa a l'Aeroport de Barajas. \nMetro: L7, L10 - Gregorio Mara\u00f1\u00f3n; L4, L6, L7, L10 - Av. de Am\u00e9rica. \n \n**Les imatges corresponen a un despatx tipus**.","properties_post_seo_title":"","properties_post_seo_alias":"","properties_post_seo_metadescription":"Alquiler oficina Madrid Centro. Paseo de la Castellana.","properties_post_seo_key_words":"oficina lloguer Paseo de la Castellana, lloguer oficina Paseo de la Castellana, oficina Paseo de la Castellana","properties_post_seo_url":"","properties_post_terms_conditions":""},{"properties_post_description_language":"spanish","properties_post_title":"Oficina alquiler Madrid. Paseo de la Castellana","properties_post_short_description_text_alt":"","properties_post_description_text_alt":"","properties_post_short_description_text":"Oficina exterior con excelente luz natural en edificio exclusivo de oficinas, ubicada en la Plaza Gregorio Mara\u00f1\u00f3n. Privilegiada ubicaci\u00f3n en la confluencia del Paseo de la Castellana con Mar\u00eda de Molina. Se encuentra en un entorno ideal, rodeada de una gran variedad de servicios, centros de negocios y opciones de restauraci\u00f3n. \n \nCaracter\u00edsticas a destacar: \n- Plantas di\u00e1fanas con posibilidad de modulaci\u00f3n. \n- Altura libre de 2,80 metros. \n- Sistema de climatizaci\u00f3n centralizado. \n- Suelo t\u00e9cnico y falso techo met\u00e1lico. \n- Control de accesos y seguridad las 24 horas. \n- Certificaci\u00f3n LEED Platinum. \n \nZona con excelentes conexiones con el transporte p\u00fablico debido a su cercan\u00eda con las estaciones de Gregorio Mara\u00f1\u00f3n y Av. de Am\u00e9rica. Adem\u00e1s, de contar con f\u00e1cil acceso a la M30, la A1 y a tan solo 15 minutos del aeropuerto de Barajas. \n \nTransportes: \nAutobuses: 7, 12, 14, 16, 27, 40, 45, 147, 150, N22, N24. \nAutobuses interurbanos desde Av. de Am\u00e9rica. \nAutob\u00fas con l\u00ednea directa al Ae","properties_post_link_demanda_inmueble":"https:\/\/movin.cloud\/es\/Forcadell Oficinas Madrid\/formulario-peticion-inmueble\/sth\/2462&&11246577","properties_post_link_demanda_calendario_inmueble":"https:\/\/movin.cloud\/es\/Forcadell Oficinas Madrid\/calendario-peticion-inmueble\/sth\/2462&&11246577","properties_post_description_text":"Oficina exterior con excelente luz natural en edificio exclusivo de oficinas, ubicada en la Plaza Gregorio Mara\u00f1\u00f3n. Privilegiada ubicaci\u00f3n en la confluencia del Paseo de la Castellana con Mar\u00eda de Molina. Se encuentra en un entorno ideal, rodeada de una gran variedad de servicios, centros de negocios y opciones de restauraci\u00f3n. \n \nCaracter\u00edsticas a destacar: \n- Plantas di\u00e1fanas con posibilidad de modulaci\u00f3n. \n- Altura libre de 2,80 metros. \n- Sistema de climatizaci\u00f3n centralizado. \n- Suelo t\u00e9cnico y falso techo met\u00e1lico. \n- Control de accesos y seguridad las 24 horas. \n- Certificaci\u00f3n LEED Platinum. \n \nZona con excelentes conexiones con el transporte p\u00fablico debido a su cercan\u00eda con las estaciones de Gregorio Mara\u00f1\u00f3n y Av. de Am\u00e9rica. Adem\u00e1s, de contar con f\u00e1cil acceso a la M30, la A1 y a tan solo 15 minutos del aeropuerto de Barajas. \n \nTransportes: \nAutobuses: 7, 12, 14, 16, 27, 40, 45, 147, 150, N22, N24. \nAutobuses interurbanos desde Av. de Am\u00e9rica. \nAutob\u00fas con l\u00ednea directa al Aeropuerto de Barajas. \nMetro: L7, L10 \u2013 Gregorio Mara\u00f1\u00f3n; L4, L6, L7, L10 \u2013 Av. de Am\u00e9rica. \n \n**Las im\u00e1genes corresponden a una oficina tipo**","properties_post_seo_title":"","properties_post_seo_alias":"","properties_post_seo_metadescription":"Oficina alquiler Paseo de la Castellana. Madrid.","properties_post_seo_key_words":"oficina alquiler Paseo de la Castellana, alquiler oficina Paseo de la Castellana, oficina Paseo de la Castellana","properties_post_seo_url":"","properties_post_terms_conditions":""},{"properties_post_description_language":"english","properties_post_title":"Office rental in Madrid. Castellana Avenue.","properties_post_short_description_text_alt":"","properties_post_description_text_alt":"","properties_post_short_description_text":"Exterior office with excellent natural light in an exclusive office building, located in Plaza Gregorio Mara\u00f1\u00f3n. Privileged location at the crossroads of Paseo de la Castellana and Mar\u00eda de Molina. It is situated in an ideal environment, surrounded by a wide variety of services, business centers, and dining options. \n \nHighlighted features: \n- Open-plan floors with modularity options \n- Clear height of 2.80 meters \n- Centralized air conditioning system \n- Raised floor and metal false ceiling \n- Access control and 24-hour security \n- LEED Platinum certification \n \nArea with excellent public transport connections due to its proximity to Gregorio Mara\u00f1\u00f3n and Av. de Am\u00e9rica stations. In addition, it has easy access to the M30, A1, and is only 15 minutes away from Barajas Airport. \n \nTransports: \nBuses: 7, 12, 14, 16, 27, 40, 45, 147, 150, N22, N24. \nInterurban buses from Av. de Am\u00e9rica. \nBus with direct line to Barajas Airport. \nSubway: L7, L10 - Gregorio Mara\u00f1\u00f3n; L4, L6, L7, L10 - Av. de ","properties_post_link_demanda_inmueble":"https:\/\/movin.cloud\/en\/Forcadell Oficinas Madrid\/property-form-request\/sth\/2462&&11246577","properties_post_link_demanda_calendario_inmueble":"https:\/\/movin.cloud\/en\/Forcadell Oficinas Madrid\/property-calendar-request\/sth\/2462&&11246577","properties_post_description_text":"Exterior office with excellent natural light in an exclusive office building, located in Plaza Gregorio Mara\u00f1\u00f3n. Privileged location at the crossroads of Paseo de la Castellana and Mar\u00eda de Molina. It is situated in an ideal environment, surrounded by a wide variety of services, business centers, and dining options. \n \nHighlighted features: \n- Open-plan floors with modularity options \n- Clear height of 2.80 meters \n- Centralized air conditioning system \n- Raised floor and metal false ceiling \n- Access control and 24-hour security \n- LEED Platinum certification \n \nArea with excellent public transport connections due to its proximity to Gregorio Mara\u00f1\u00f3n and Av. de Am\u00e9rica stations. In addition, it has easy access to the M30, A1, and is only 15 minutes away from Barajas Airport. \n \nTransports: \nBuses: 7, 12, 14, 16, 27, 40, 45, 147, 150, N22, N24. \nInterurban buses from Av. de Am\u00e9rica. \nBus with direct line to Barajas Airport. \nSubway: L7, L10 - Gregorio Mara\u00f1\u00f3n; L4, L6, L7, L10 - Av. de Am\u00e9rica. \n \n**Images correspond to a typical office.**","properties_post_seo_title":"","properties_post_seo_alias":"","properties_post_seo_metadescription":"Oficina alquiler Paseo de la Castellana. Madrid.","properties_post_seo_key_words":"oficina alquiler Paseo de la Castellana, alquiler oficina Paseo de la Castellana, oficina Paseo de la Castellana","properties_post_seo_url":"","properties_post_terms_conditions":""}],"post_type_properties_post_features_type":"office","post_type_properties_post_id_building":"","post_type_properties_post_features_area_constructed":600,"post_type_properties_post_features_conditioned_air":true,"post_type_properties_post_features_doorman":false,"post_type_properties_post_features_heating":true,"post_type_properties_post_features_equipped_kitchen":false,"post_type_properties_post_features_windows_location":"exterior","post_type_properties_post_features_floors_property":false,"post_type_properties_post_features_storage":false,"post_type_properties_post_features_security_door":false,"post_type_properties_post_features_energy_certificate_rating":"B","post_type_properties_post_features_energy_certificate_emissions_rating":"B","post_type_properties_post_features_energy_certificate_emissions_value":151,"post_type_properties_post_features_energy_certificate_performance":27,"post_type_properties_post_features_bathroom_inside":false,"post_type_properties_post_precio":22800,"post_type_properties_post_precio_alquiler":22800,"post_type_properties_post_record_type_id":"Oficina","post_type_properties_post_categoria__producto":"Oficina","post_type_properties_post_amueblado":false,"post_type_properties_post_precio_m2":38,"post_type_properties_post_zona__comunitaria":false,"post_type_properties_post_electrodomesticos":false,"post_type_properties_post_patio__interior":false,"post_type_properties_post_certificado_energetico_general":"B","post_type_properties_post_certificado_energetico_consumo":"B","post_type_properties_post_certificado_energetico_valor_emisiones":151,"post_type_properties_post_certificado_energetico_valor_consumo":27,"post_type_properties_post_modalidad":"rent","post_type_properties_post_provincia":"Madrid","post_type_properties_post_poblacion":"Madrid","post_type_properties_post_centro__urbano":false,"post_type_properties_post_zonificacion":"Prime","post_type_properties_post_cartera":"Segunda mano","post_type_properties_post_titulo_catalan":"Oficina en lloguer amb vistes espectaculars. Paseo de la Castellana. Madrid.","post_type_properties_post_internet_catalan":"Despatx exterior amb excel\u00b7lent llum natural en un edifici exclusiu d'oficines, situat a la Pla\u00e7a Gregorio Mara\u00f1\u00f3n. Ubicaci\u00f3 privilegiada en la conflu\u00e8ncia del Passeig de la Castellana amb Maria de Molina. Es troba en un entorn ideal, envoltada d'una gran varietat de serveis, centres de negocis i opcions de restauraci\u00f3. \n \nCaracter\u00edstiques a destacar: \n- Plantes di\u00e0fanes amb possibilitat de modulaci\u00f3 \n- Al\u00e7ada lliure de 2,80 metres \n- Sistema de climatitzaci\u00f3 centralitzat \n- S\u00f2l t\u00e8cnic i fals sostre met\u00e0l\u00b7lic \n- Control d'acc\u00e9s i seguretat les 24 hores. \n- Certificaci\u00f3 LEED Platinum. \n \nZona amb excel\u00b7lents connexions amb el transport p\u00fablic a causa de la seva proximitat a les estacions de Gregorio Mara\u00f1\u00f3n i Av. de Am\u00e9rica. A m\u00e9s, compten amb f\u00e0cil acc\u00e9s a la M30, l'A1 i a tan sols 15 minuts de l'aeroport de Barajas. \n \nTransports: \nAutobusos: 7, 12, 14, 16, 27, 40, 45, 147, 150, N22, N24. \nAutobusos interurbans des de l'Av. de Am\u00e9rica. \nAutob\u00fas amb l\u00ednia directa a l'Aeroport de Barajas. \nMetro: L7, L10 - Gregorio Mara\u00f1\u00f3n; L4, L6, L7, L10 - Av. de Am\u00e9rica. \n \n**Les imatges corresponen a un despatx tipus**.","post_type_properties_post_titulo_castellano":"Oficina alquiler Madrid. Paseo de la Castellana","post_type_properties_post_internet_castellano":"Oficina exterior con excelente luz natural en edificio exclusivo de oficinas, ubicada en la Plaza Gregorio Mara\u00f1\u00f3n. Privilegiada ubicaci\u00f3n en la confluencia del Paseo de la Castellana con Mar\u00eda de Molina. Se encuentra en un entorno ideal, rodeada de una gran variedad de servicios, centros de negocios y opciones de restauraci\u00f3n. \n \nCaracter\u00edsticas a destacar: \n- Plantas di\u00e1fanas con posibilidad de modulaci\u00f3n. \n- Altura libre de 2,80 metros. \n- Sistema de climatizaci\u00f3n centralizado. \n- Suelo t\u00e9cnico y falso techo met\u00e1lico. \n- Control de accesos y seguridad las 24 horas. \n- Certificaci\u00f3n LEED Platinum. \n \nZona con excelentes conexiones con el transporte p\u00fablico debido a su cercan\u00eda con las estaciones de Gregorio Mara\u00f1\u00f3n y Av. de Am\u00e9rica. Adem\u00e1s, de contar con f\u00e1cil acceso a la M30, la A1 y a tan solo 15 minutos del aeropuerto de Barajas. \n \nTransportes: \nAutobuses: 7, 12, 14, 16, 27, 40, 45, 147, 150, N22, N24. \nAutobuses interurbanos desde Av. de Am\u00e9rica. \nAutob\u00fas con l\u00ednea directa al Aeropuerto de Barajas. \nMetro: L7, L10 \u2013 Gregorio Mara\u00f1\u00f3n; L4, L6, L7, L10 \u2013 Av. de Am\u00e9rica. \n \n**Las im\u00e1genes corresponden a una oficina tipo**","post_type_properties_post_titulo_ingles":"Office rental in Madrid. Castellana Avenue.","post_type_properties_post_internet_ingles":"Exterior office with excellent natural light in an exclusive office building, located in Plaza Gregorio Mara\u00f1\u00f3n. Privileged location at the crossroads of Paseo de la Castellana and Mar\u00eda de Molina. It is situated in an ideal environment, surrounded by a wide variety of services, business centers, and dining options. \n \nHighlighted features: \n- Open-plan floors with modularity options \n- Clear height of 2.80 meters \n- Centralized air conditioning system \n- Raised floor and metal false ceiling \n- Access control and 24-hour security \n- LEED Platinum certification \n \nArea with excellent public transport connections due to its proximity to Gregorio Mara\u00f1\u00f3n and Av. de Am\u00e9rica stations. In addition, it has easy access to the M30, A1, and is only 15 minutes away from Barajas Airport. \n \nTransports: \nBuses: 7, 12, 14, 16, 27, 40, 45, 147, 150, N22, N24. \nInterurban buses from Av. de Am\u00e9rica. \nBus with direct line to Barajas Airport. \nSubway: L7, L10 - Gregorio Mara\u00f1\u00f3n; L4, L6, L7, L10 - Av. de Am\u00e9rica. \n \n**Images correspond to a typical office.**","post_type_properties_post_features_classification_commercial":false,"post_type_properties_post_features_conservation":"","post_type_properties_post_features_security_personnel":false,"post_type_properties_post_features_parking_available":false,"post_type_properties_post_features_garage_capacity_type":"","post_type_properties_post_features_bathroom_number":"","post_type_properties_post_eje":"","post_type_properties_post_zona":"","post_type_properties_post_comarca":"","post_type_properties_post_features_built_year":"","post_type_properties_post_renta_mensual":43200,"post_type_properties_post_fianza":"","post_type_properties_post_features_area_plot":"","post_type_properties_post_features_area_buildable":"","post_type_properties_post_features_classification_industrial":false,"post_type_properties_post_distrito":"","post_type_properties_post_features_balcony":false,"post_type_properties_post_features_bedroom_number":"","post_type_properties_post_features_heating_type":"","post_type_properties_post_features_equipped_with_furniture":false,"post_type_properties_post_features_pets_allowed":false,"post_type_properties_post_features_pool":false,"post_type_properties_post_features_terrace":false,"post_type_properties_post_features_wardrobes":false,"post_type_properties_post_features_lift_available":false,"post_type_properties_post_features_handicap_adapted_access":false,"post_type_properties_post_features_orientation_east":false,"post_type_properties_post_features_orientation_west":false,"post_type_properties_post_features_orientation_north":false,"post_type_properties_post_features_orientation_south":false,"post_type_properties_post_features_parking_spaces_number":"","post_type_properties_post_features_security_alarm":false,"post_type_properties_post_features_security_system":false,"post_type_properties_post_open_plan":false,"post_type_properties_post_acceso_24_7":false,"post_type_properties_post_oficina_privada":false,"post_type_properties_post_sala_reuniones":false,"post_type_properties_post_espacio_eventos":false,"post_type_properties_post_office":false,"post_type_properties_post_restaurant":false,"post_type_properties_post_acepta_traspaso":false,"post_type_properties_post_vigilancia":true,"post_type_properties_post_features_suite":false,"post_type_properties_post_features_vitro":false,"post_type_properties_post_features_oven":false,"post_type_properties_post_features_microwave":false,"post_type_properties_post_features_washing_machine":false,"post_type_properties_post_features_dryer":false,"post_type_properties_post_features_dishwasher":false,"post_type_properties_post_features_fridge":false,"post_type_properties_post_features_fridge_mini":false,"post_type_properties_post_features_kettle":false,"post_type_properties_post_features_toaster":false,"post_type_properties_post_features_coffee_maker":false,"post_type_properties_post_features_iron":false,"post_type_properties_post_features_ironing_board":false,"post_type_properties_post_features_safe":false,"post_type_properties_post_features_internet":false,"post_type_properties_post_features_solarium":false,"post_type_properties_post_features_clean_service":false,"post_type_properties_post_features_t_v":false,"post_type_properties_post_features_satellite_t_v":false,"post_type_properties_post_features_gas_kitchen":false,"post_type_properties_post_features_view_mountain":false,"post_type_properties_post_features_view_sea":false,"post_type_properties_post_features_concierge":false,"post_type_properties_post_features_loading_dock":false,"post_type_properties_post_features_bridge_crane":false,"post_type_properties_post_features_located_at_corner":false,"post_type_properties_post_features_smoke_extraction":false,"post_type_properties_post_features_rooms":"","post_type_properties_post_features_garden_area":"","post_type_properties_post_features_utilities_water":false,"post_type_properties_post_features_utilities_electricity":false,"post_type_properties_post_features_utilities_natural_gas":false,"post_type_properties_post_features_building_adapted":false,"post_type_properties_post_features_garden":false,"post_type_properties_post_features_classification_hotel":false,"post_type_properties_post_features_classification_chalet":false,"post_type_properties_post_certificado_energetico_emisiones":"B","post_type_properties_post_barrio":"","post_type_properties_post_distrito_empresa":"Salamanca","post_type_properties_post_features_property_category_intern":"","post_type_properties_post_implantada":false,"post_type_properties_post_sello_leed":"","post_type_properties_post_sello_well":"","post_type_properties_post_sello_breeam":false,"post_type_properties_post_images":[{"properties_post_image_order":1,"properties_post_image_url":"https:\/\/movin.cloud\/empresas\/2462\/imagenes\/11246577\/alquiler-para-idealistas.webp","properties_post_image_url_thumbnail":"https:\/\/movin.cloud\/empresas\/2462\/imagenes\/thumbnails\/11246577\/alquiler-para-idealistas.webp","properties_post_title":"alquiler para idealistas","properties_post_alt":"alquiler para idealistas"},{"properties_post_image_order":2,"properties_post_image_url":"https:\/\/movin.cloud\/empresas\/2462\/imagenes\/11246577\/viviendas.webp","properties_post_image_url_thumbnail":"https:\/\/movin.cloud\/empresas\/2462\/imagenes\/thumbnails\/11246577\/viviendas.webp","properties_post_title":"viviendas","properties_post_alt":"viviendas"},{"properties_post_image_order":3,"properties_post_image_url":"https:\/\/movin.cloud\/empresas\/2462\/imagenes\/11246577\/rent.webp","properties_post_image_url_thumbnail":"https:\/\/movin.cloud\/empresas\/2462\/imagenes\/thumbnails\/11246577\/rent.webp","properties_post_title":"rent","properties_post_alt":"rent"},{"properties_post_image_order":4,"properties_post_image_url":"https:\/\/movin.cloud\/empresas\/2462\/imagenes\/11246577\/habitalia.webp","properties_post_image_url_thumbnail":"https:\/\/movin.cloud\/empresas\/2462\/imagenes\/thumbnails\/11246577\/habitalia.webp","properties_post_title":"habitalia","properties_post_alt":"habitalia"},{"properties_post_image_order":5,"properties_post_image_url":"https:\/\/movin.cloud\/empresas\/2462\/imagenes\/11246577\/inmobiliarias.webp","properties_post_image_url_thumbnail":"https:\/\/movin.cloud\/empresas\/2462\/imagenes\/thumbnails\/11246577\/inmobiliarias.webp","properties_post_title":"inmobiliarias","properties_post_alt":"inmobiliarias"},{"properties_post_image_order":6,"properties_post_image_url":"https:\/\/movin.cloud\/empresas\/2462\/imagenes\/11246577\/alquilar.webp","properties_post_image_url_thumbnail":"https:\/\/movin.cloud\/empresas\/2462\/imagenes\/thumbnails\/11246577\/alquilar.webp","properties_post_title":"alquilar","properties_post_alt":"alquilar"},{"properties_post_image_order":7,"properties_post_image_url":"https:\/\/movin.cloud\/empresas\/2462\/imagenes\/11246577\/alquiler-para-idealista.webp","properties_post_image_url_thumbnail":"https:\/\/movin.cloud\/empresas\/2462\/imagenes\/thumbnails\/11246577\/alquiler-para-idealista.webp","properties_post_title":"alquiler para idealista","properties_post_alt":"alquiler para idealista"},{"properties_post_image_order":8,"properties_post_image_url":"https:\/\/movin.cloud\/empresas\/2462\/imagenes\/11246577\/en-alquiler.webp","properties_post_image_url_thumbnail":"https:\/\/movin.cloud\/empresas\/2462\/imagenes\/thumbnails\/11246577\/en-alquiler.webp","properties_post_title":"en alquiler","properties_post_alt":"en alquiler"},{"properties_post_image_order":9,"properties_post_image_url":"https:\/\/movin.cloud\/empresas\/2462\/imagenes\/11246577\/alquiler.webp","properties_post_image_url_thumbnail":"https:\/\/movin.cloud\/empresas\/2462\/imagenes\/thumbnails\/11246577\/alquiler.webp","properties_post_title":"alquiler","properties_post_alt":"alquiler"},{"properties_post_image_order":10,"properties_post_image_url":"https:\/\/movin.cloud\/empresas\/2462\/imagenes\/11246577\/alquiler-idealistas.webp","properties_post_image_url_thumbnail":"https:\/\/movin.cloud\/empresas\/2462\/imagenes\/thumbnails\/11246577\/alquiler-idealistas.webp","properties_post_title":"alquiler idealistas","properties_post_alt":"alquiler idealistas"},{"properties_post_image_order":11,"properties_post_image_url":"https:\/\/movin.cloud\/empresas\/2462\/imagenes\/11246577\/fincas.webp","properties_post_image_url_thumbnail":"https:\/\/movin.cloud\/empresas\/2462\/imagenes\/thumbnails\/11246577\/fincas.webp","properties_post_title":"fincas","properties_post_alt":"fincas"},{"properties_post_image_order":12,"properties_post_image_url":"https:\/\/movin.cloud\/empresas\/2462\/imagenes\/11246577\/inmobiliaria.webp","properties_post_image_url_thumbnail":"https:\/\/movin.cloud\/empresas\/2462\/imagenes\/thumbnails\/11246577\/inmobiliaria.webp","properties_post_title":"inmobiliaria","properties_post_alt":"inmobiliaria"}],"post_type_properties_post_videos":null,"post_type_properties_post_tour":null,"post_type_properties_post_dossier_url":"","post_type_properties_post_operation_type":"rent","post_type_properties_post_operation_price":22800,"post_type_properties_post_features_hidden_price":false},"yoast_head":"<!-- This site is optimized with the Yoast SEO plugin v25.6 - https:\/\/yoast.com\/wordpress\/plugins\/seo\/ -->\n<title>Oficina alquiler Madrid. Paseo de la Castellana - Forcadell<\/title>\n<meta name=\"robots\" content=\"index, follow, max-snippet:-1, max-image-preview:large, max-video-preview:-1\" \/>\n<link rel=\"canonical\" href=\"https:\/\/forcadell.com\/ca\/propiedades\/oficina-alquiler-madrid-paseo-de-la-castellana-3\/\" \/>\n<meta property=\"og:locale\" content=\"ca_ES\" \/>\n<meta property=\"og:type\" content=\"article\" \/>\n<meta property=\"og:title\" content=\"Oficina alquiler Madrid. Paseo de la Castellana - Forcadell\" \/>\n<meta property=\"og:description\" content=\"Oficina exterior con excelente luz natural en edificio exclusivo de oficinas, ubicada en la Plaza Gregorio Mara\u00f1\u00f3n. Privilegiada ubicaci\u00f3n en la confluencia del Paseo de la Castellana con Mar\u00eda de Molina. Se encuentra en un entorno ideal, rodeada de una gran variedad de servicios, centros de negocios y opciones de restauraci\u00f3n. Caracter\u00edsticas a destacar: &#8211; [&hellip;]\" \/>\n<meta property=\"og:url\" content=\"https:\/\/forcadell.com\/ca\/propiedades\/oficina-alquiler-madrid-paseo-de-la-castellana-3\/\" \/>\n<meta property=\"og:site_name\" content=\"Forcadell\" \/>\n<meta property=\"article:modified_time\" content=\"2026-04-26T22:36:29+00:00\" \/>\n<meta name=\"twitter:card\" content=\"summary_large_image\" \/>\n<meta name=\"twitter:label1\" content=\"Temps estimat de lectura\" \/>\n\t<meta name=\"twitter:data1\" content=\"1 minut\" \/>\n<!-- \/ Yoast SEO plugin. -->","yoast_head_json":{"title":"Oficina alquiler Madrid. Paseo de la Castellana - Forcadell","robots":{"index":"index","follow":"follow","max-snippet":"max-snippet:-1","max-image-preview":"max-image-preview:large","max-video-preview":"max-video-preview:-1"},"canonical":"https:\/\/forcadell.com\/ca\/propiedades\/oficina-alquiler-madrid-paseo-de-la-castellana-3\/","og_locale":"ca_ES","og_type":"article","og_title":"Oficina alquiler Madrid. Paseo de la Castellana - Forcadell","og_description":"Oficina exterior con excelente luz natural en edificio exclusivo de oficinas, ubicada en la Plaza Gregorio Mara\u00f1\u00f3n. Privilegiada ubicaci\u00f3n en la confluencia del Paseo de la Castellana con Mar\u00eda de Molina. Se encuentra en un entorno ideal, rodeada de una gran variedad de servicios, centros de negocios y opciones de restauraci\u00f3n. Caracter\u00edsticas a destacar: &#8211; [&hellip;]","og_url":"https:\/\/forcadell.com\/ca\/propiedades\/oficina-alquiler-madrid-paseo-de-la-castellana-3\/","og_site_name":"Forcadell","article_modified_time":"2026-04-26T22:36:29+00:00","twitter_card":"summary_large_image","twitter_misc":{"Temps estimat de lectura":"1 minut"},"schema":{"@context":"https:\/\/schema.org","@graph":[{"@type":"WebPage","@id":"https:\/\/forcadell.com\/ca\/propiedades\/oficina-alquiler-madrid-paseo-de-la-castellana-3\/","url":"https:\/\/forcadell.com\/ca\/propiedades\/oficina-alquiler-madrid-paseo-de-la-castellana-3\/","name":"Oficina alquiler Madrid. Paseo de la Castellana - Forcadell","isPartOf":{"@id":"https:\/\/forcadell.com\/ca\/#website"},"datePublished":"2025-11-04T14:28:38+00:00","dateModified":"2026-04-26T22:36:29+00:00","breadcrumb":{"@id":"https:\/\/forcadell.com\/ca\/propiedades\/oficina-alquiler-madrid-paseo-de-la-castellana-3\/#breadcrumb"},"inLanguage":"ca","potentialAction":[{"@type":"ReadAction","target":["https:\/\/forcadell.com\/ca\/propiedades\/oficina-alquiler-madrid-paseo-de-la-castellana-3\/"]}]},{"@type":"BreadcrumbList","@id":"https:\/\/forcadell.com\/ca\/propiedades\/oficina-alquiler-madrid-paseo-de-la-castellana-3\/#breadcrumb","itemListElement":[{"@type":"ListItem","position":1,"name":"Portada","item":"https:\/\/forcadell.com\/ca\/"},{"@type":"ListItem","position":2,"name":"Properties","item":"https:\/\/forcadell.com\/ca\/propiedades\/"},{"@type":"ListItem","position":3,"name":"Oficina alquiler Madrid. Paseo de la Castellana"}]},{"@type":"WebSite","@id":"https:\/\/forcadell.com\/ca\/#website","url":"https:\/\/forcadell.com\/ca\/","name":"Forcadell","description":"Inmobiliaria Barcelona | Consultores inmobiliarios","potentialAction":[{"@type":"SearchAction","target":{"@type":"EntryPoint","urlTemplate":"https:\/\/forcadell.com\/ca\/?s={search_term_string}"},"query-input":{"@type":"PropertyValueSpecification","valueRequired":true,"valueName":"search_term_string"}}],"inLanguage":"ca"}]}},"_links":{"self":[{"href":"https:\/\/forcadell.com\/ca\/wp-json\/wp\/v2\/properties_post\/58107"}],"collection":[{"href":"https:\/\/forcadell.com\/ca\/wp-json\/wp\/v2\/properties_post"}],"about":[{"href":"https:\/\/forcadell.com\/ca\/wp-json\/wp\/v2\/types\/properties_post"}],"wp:attachment":[{"href":"https:\/\/forcadell.com\/ca\/wp-json\/wp\/v2\/media?parent=58107"}],"curies":[{"name":"wp","href":"https:\/\/api.w.org\/{rel}","templated":true}]}}