{"id":58093,"date":"2025-11-04T16:28:00","date_gmt":"2025-11-04T14:28:00","guid":{"rendered":"https:\/\/www.forcadell.com\/propiedades\/sant-cugat-ii\/"},"modified":"2026-04-29T14:07:38","modified_gmt":"2026-04-29T12:07:38","slug":"sant-cugat-ii","status":"publish","type":"properties_post","link":"https:\/\/forcadell.com\/ca\/propiedades\/sant-cugat-ii\/","title":{"rendered":"SANT CUGAT II"},"content":{"rendered":"<p>\u00a1Impulsa tu negocio en el coraz\u00f3n de la zona de oficinas m\u00e1s exclusiva de Sant Cugat!<\/p>\n<p>OFICINA IMPLANTADA !<\/p>\n<p>Edificio de Oficina de Alta Gama en una Ubicaci\u00f3n Estrat\u00e9gica<br \/>\nEn pleno centro de negocios, con acceso directo a Barcelona (25 km) y el Vall\u00e9s, \u00a1es el espacio ideal para tu empresa!<\/p>\n<p>Caracter\u00edsticas destacables:<\/p>\n<p>Espacios di\u00e1fanos y luminosos con planta rectangular aprovechable.<br \/>\nProximidad al Centro Comercial Sant Cugat.<br \/>\nAparcamiento interior y exterior.<br \/>\n2 pistas de p\u00e1del privadas para tu descanso.<\/p>\n<p>Ubicaci\u00f3n Inmejorable:<\/p>\n<p>A solo 400 m de la autov\u00eda A-7.<br \/>\nCon f\u00e1cil acceso a la red de autopistas B-30, A-2 y A-7.<\/p>\n<p>Servicios exclusivos:<\/p>\n<p>Conserjer\u00eda y vigilancia 365x24h.<br \/>\nMantenimiento permanente y amplias zonas comunes con WIFI.<br \/>\nZonas ajardinadas privadas para disfrutar del aire libre.<br \/>\nVestuarios, lockers y taquillas inteligentes de paqueter\u00eda.<\/p>\n<p>Disponibilidad INMEDIATA<\/p>\n<p>Cont\u00e1ctanos hoy para m\u00e1s informaci\u00f3n.<\/p>\n","protected":false},"template":"","class_list":["post-58093","properties_post","type-properties_post","status-publish","hentry","properties_modality-rent","properties_province-barcelona","properties_zone-periferia","properties_state-sant-cugat-del-valles","properties_subclass-oficina","properties_type-oficina"],"acf":{"post_type_properties_post_property_code":"11246448","post_type_properties_post_property_reference":"IE-225510","post_type_properties_post_owner_id":"48474","post_type_properties_post_owner_name":"MERLIN PROPERTIES SOCIMI SA","post_type_properties_post_property_code_encrypted":"MjQ5JDMxMDE1","post_type_properties_post_published":"1","post_type_properties_post_property_visibility":"idealista","post_type_properties_post_contact_name":"Forcadell Oficinas Barcelona","post_type_properties_post_contact_email":"forcadell.oficinas.barcelona@movin.cloud","post_type_properties_post_contact_primary_phone_prefix":"34","post_type_properties_post_contact_primary_phone_number":"934965413","post_type_properties_post_address_visibility":"street","post_type_properties_post_address_country":"Spain","post_type_properties_post_address_coordinates_precision":"exact","post_type_properties_post_address_postal_code":"08172","post_type_properties_post_address_coordinates_latitude":"41.486537000002","post_type_properties_post_address_coordinates_longitude":"2.057088000002","post_type_properties_post_address_street_name":"AV Via Augusta 71","post_type_properties_post_address_floor":"3","post_type_properties_post_address_town":"Sant Cugat del Vall\u00e8s","post_type_properties_post_building":null,"post_type_properties_post_property":[{"properties_post_description_language":"catalan","properties_post_title":"SANT CUGAT II","properties_post_short_description_text_alt":"","properties_post_description_text_alt":"","properties_post_short_description_text":" ","properties_post_link_demanda_inmueble":"https:\/\/movin.cloud\/ca\/Forcadell Oficinas Barcelona\/formulari-peticio-immoble\/sth\/2438&&11246448","properties_post_link_demanda_calendario_inmueble":"https:\/\/movin.cloud\/ca\/Forcadell Oficinas Barcelona\/calendari-peticio-immoble\/sth\/2438&&11246448","properties_post_description_text":"\u00a1Impulsa el teu negoci al cor de la zona d'oficines m\u00e9s exclusiva de Sant Cugat!\n\n\nOFICINA IMPLANTADA!\n\nEdifici d'Oficina d'Alta Gamma a una Ubicaci\u00f3 Estrat\u00e8gica\nAl centre de negocis, amb acc\u00e9s directe a Barcelona (25 km) i al Vall\u00e8s, \u00e9s l'espai ideal per a la teva empresa!\n\nCaracter\u00edstiques destacables:\n\nEspais di\u00e0fans i lluminosos amb planta rectangular aprofitable.\nProximitat al Centre Comercial Sant Cugat.\nAparcament interior i exterior.\n2 pistes de p\u00e0del privades per al teu descans.\n\nUbicaci\u00f3 Immillorable:\n\nA nom\u00e9s 400 metres de l'autovia A-7.\nAmb f\u00e0cil acc\u00e9s a la xarxa d\u00b4autopistes B-30, A-2 i A-7.\n\nServeis exclusius:\n\nConsergeria i vigil\u00e0ncia 365x24h.\nManteniment permanent i \u00e0mplies zones comunes amb WIFI.\nZones enjardinades privades per gaudir de l\u00b4aire lliure.\nVestuaris, lockers i taquilles intel\u00b7ligents de paqueteria.\n\nDisponibilitat IMMEDIATA\n\nContacta'ns avui per a m\u00e9s informaci\u00f3.","properties_post_seo_title":"","properties_post_seo_alias":"","properties_post_seo_metadescription":"Oficina di\u00e0fana en lloguer a l'avinguda Via Augusta. Sant Cugat del Vall\u00e8s. Forcadell \u00e9s la seva ag\u00e8ncia de confian\u00e7a per al lloguer d'aquesta oficina.","properties_post_seo_key_words":"Oficina lloguer Sant Cugat de Vall\u00e8s, lloguer oficina Sant Cugat de Vall\u00e8s, oficina Sant Cugat de Vall\u00e8s.","properties_post_seo_url":"","properties_post_terms_conditions":""},{"properties_post_description_language":"spanish","properties_post_title":"SANT CUGAT II","properties_post_short_description_text_alt":"","properties_post_description_text_alt":"","properties_post_short_description_text":" ","properties_post_link_demanda_inmueble":"https:\/\/movin.cloud\/es\/Forcadell Oficinas Barcelona\/formulario-peticion-inmueble\/sth\/2438&&11246448","properties_post_link_demanda_calendario_inmueble":"https:\/\/movin.cloud\/es\/Forcadell Oficinas Barcelona\/calendario-peticion-inmueble\/sth\/2438&&11246448","properties_post_description_text":"\u00a1Impulsa tu negocio en el coraz\u00f3n de la zona de oficinas m\u00e1s exclusiva de Sant Cugat!\n\n\nOFICINA IMPLANTADA !\n\nEdificio de Oficina de Alta Gama en una Ubicaci\u00f3n Estrat\u00e9gica\nEn pleno centro de negocios, con acceso directo a Barcelona (25 km) y el Vall\u00e9s, \u00a1es el espacio ideal para tu empresa!\n\nCaracter\u00edsticas destacables:\n\nEspacios di\u00e1fanos y luminosos con planta rectangular aprovechable.\nProximidad al Centro Comercial Sant Cugat.\nAparcamiento interior y exterior.\n2 pistas de p\u00e1del privadas para tu descanso.\n\nUbicaci\u00f3n Inmejorable:\n\nA solo 400 m de la autov\u00eda A-7.\nCon f\u00e1cil acceso a la red de autopistas B-30, A-2 y A-7.\n\nServicios exclusivos:\n\nConserjer\u00eda y vigilancia 365x24h.\nMantenimiento permanente y amplias zonas comunes con WIFI.\nZonas ajardinadas privadas para disfrutar del aire libre.\nVestuarios, lockers y taquillas inteligentes de paqueter\u00eda.\n\nDisponibilidad INMEDIATA\n\nCont\u00e1ctanos hoy para m\u00e1s informaci\u00f3n.","properties_post_seo_title":"","properties_post_seo_alias":"","properties_post_seo_metadescription":"Oficina di\u00e1fana en alquiler en la avenida Via Augusta. Sant Cugat del Vall\u00e8s. Forcadell es su agencia de confianza para el alquiler de esta oficina.","properties_post_seo_key_words":"Oficina alquiler Sant Cugat del Vall\u00e8s, alquiler oficina Sant Cugat del Vall\u00e8s, oficina Sant Cugat del Vall\u00e8s.","properties_post_seo_url":"","properties_post_terms_conditions":""}],"post_type_properties_post_features_type":"office","post_type_properties_post_id_building":"","post_type_properties_post_features_area_constructed":1112,"post_type_properties_post_features_conditioned_air":true,"post_type_properties_post_features_doorman":false,"post_type_properties_post_features_heating":true,"post_type_properties_post_features_equipped_kitchen":false,"post_type_properties_post_features_windows_location":"exterior","post_type_properties_post_features_floors_property":false,"post_type_properties_post_features_storage":false,"post_type_properties_post_features_security_door":false,"post_type_properties_post_features_energy_certificate_rating":"B","post_type_properties_post_features_energy_certificate_emissions_rating":"B","post_type_properties_post_features_energy_certificate_emissions_value":136,"post_type_properties_post_features_energy_certificate_performance":209,"post_type_properties_post_features_bathroom_inside":true,"post_type_properties_post_precio":13900,"post_type_properties_post_precio_alquiler":13900,"post_type_properties_post_record_type_id":"Oficina","post_type_properties_post_categoria__producto":"Oficina","post_type_properties_post_amueblado":false,"post_type_properties_post_precio_m2":12.5,"post_type_properties_post_zona__comunitaria":false,"post_type_properties_post_electrodomesticos":false,"post_type_properties_post_patio__interior":false,"post_type_properties_post_certificado_energetico_general":"B","post_type_properties_post_certificado_energetico_consumo":"B","post_type_properties_post_certificado_energetico_valor_emisiones":136,"post_type_properties_post_certificado_energetico_valor_consumo":209,"post_type_properties_post_modalidad":"rent","post_type_properties_post_provincia":"Barcelona","post_type_properties_post_poblacion":"Sant Cugat del Vall\u00e8s","post_type_properties_post_centro__urbano":false,"post_type_properties_post_zonificacion":"Periferia","post_type_properties_post_cartera":"","post_type_properties_post_titulo_catalan":"SANT CUGAT II","post_type_properties_post_internet_catalan":"\u00a1Impulsa el teu negoci al cor de la zona d'oficines m\u00e9s exclusiva de Sant Cugat!\n\n\nOFICINA IMPLANTADA!\n\nEdifici d'Oficina d'Alta Gamma a una Ubicaci\u00f3 Estrat\u00e8gica\nAl centre de negocis, amb acc\u00e9s directe a Barcelona (25 km) i al Vall\u00e8s, \u00e9s l'espai ideal per a la teva empresa!\n\nCaracter\u00edstiques destacables:\n\nEspais di\u00e0fans i lluminosos amb planta rectangular aprofitable.\nProximitat al Centre Comercial Sant Cugat.\nAparcament interior i exterior.\n2 pistes de p\u00e0del privades per al teu descans.\n\nUbicaci\u00f3 Immillorable:\n\nA nom\u00e9s 400 metres de l'autovia A-7.\nAmb f\u00e0cil acc\u00e9s a la xarxa d\u00b4autopistes B-30, A-2 i A-7.\n\nServeis exclusius:\n\nConsergeria i vigil\u00e0ncia 365x24h.\nManteniment permanent i \u00e0mplies zones comunes amb WIFI.\nZones enjardinades privades per gaudir de l\u00b4aire lliure.\nVestuaris, lockers i taquilles intel\u00b7ligents de paqueteria.\n\nDisponibilitat IMMEDIATA\n\nContacta'ns avui per a m\u00e9s informaci\u00f3.","post_type_properties_post_titulo_castellano":"SANT CUGAT II","post_type_properties_post_internet_castellano":"\u00a1Impulsa tu negocio en el coraz\u00f3n de la zona de oficinas m\u00e1s exclusiva de Sant Cugat!\n\n\nOFICINA IMPLANTADA !\n\nEdificio de Oficina de Alta Gama en una Ubicaci\u00f3n Estrat\u00e9gica\nEn pleno centro de negocios, con acceso directo a Barcelona (25 km) y el Vall\u00e9s, \u00a1es el espacio ideal para tu empresa!\n\nCaracter\u00edsticas destacables:\n\nEspacios di\u00e1fanos y luminosos con planta rectangular aprovechable.\nProximidad al Centro Comercial Sant Cugat.\nAparcamiento interior y exterior.\n2 pistas de p\u00e1del privadas para tu descanso.\n\nUbicaci\u00f3n Inmejorable:\n\nA solo 400 m de la autov\u00eda A-7.\nCon f\u00e1cil acceso a la red de autopistas B-30, A-2 y A-7.\n\nServicios exclusivos:\n\nConserjer\u00eda y vigilancia 365x24h.\nMantenimiento permanente y amplias zonas comunes con WIFI.\nZonas ajardinadas privadas para disfrutar del aire libre.\nVestuarios, lockers y taquillas inteligentes de paqueter\u00eda.\n\nDisponibilidad INMEDIATA\n\nCont\u00e1ctanos hoy para m\u00e1s informaci\u00f3n.","post_type_properties_post_titulo_ingles":"","post_type_properties_post_internet_ingles":"","post_type_properties_post_features_classification_commercial":false,"post_type_properties_post_features_conservation":"","post_type_properties_post_features_security_personnel":false,"post_type_properties_post_features_parking_available":false,"post_type_properties_post_features_garage_capacity_type":"","post_type_properties_post_features_bathroom_number":"","post_type_properties_post_eje":"","post_type_properties_post_zona":"","post_type_properties_post_comarca":"","post_type_properties_post_features_built_year":"","post_type_properties_post_renta_mensual":13900,"post_type_properties_post_fianza":"","post_type_properties_post_features_area_plot":"","post_type_properties_post_features_area_buildable":"","post_type_properties_post_features_classification_industrial":false,"post_type_properties_post_distrito":"","post_type_properties_post_features_balcony":false,"post_type_properties_post_features_bedroom_number":"","post_type_properties_post_features_heating_type":"","post_type_properties_post_features_equipped_with_furniture":false,"post_type_properties_post_features_pets_allowed":false,"post_type_properties_post_features_pool":false,"post_type_properties_post_features_terrace":false,"post_type_properties_post_features_wardrobes":false,"post_type_properties_post_features_lift_available":false,"post_type_properties_post_features_handicap_adapted_access":false,"post_type_properties_post_features_orientation_east":false,"post_type_properties_post_features_orientation_west":false,"post_type_properties_post_features_orientation_north":false,"post_type_properties_post_features_orientation_south":false,"post_type_properties_post_features_parking_spaces_number":"","post_type_properties_post_features_security_alarm":false,"post_type_properties_post_features_security_system":false,"post_type_properties_post_open_plan":false,"post_type_properties_post_acceso_24_7":false,"post_type_properties_post_oficina_privada":false,"post_type_properties_post_sala_reuniones":false,"post_type_properties_post_espacio_eventos":false,"post_type_properties_post_office":false,"post_type_properties_post_restaurant":false,"post_type_properties_post_acepta_traspaso":false,"post_type_properties_post_vigilancia":false,"post_type_properties_post_features_suite":false,"post_type_properties_post_features_vitro":false,"post_type_properties_post_features_oven":false,"post_type_properties_post_features_microwave":false,"post_type_properties_post_features_washing_machine":false,"post_type_properties_post_features_dryer":false,"post_type_properties_post_features_dishwasher":false,"post_type_properties_post_features_fridge":false,"post_type_properties_post_features_fridge_mini":false,"post_type_properties_post_features_kettle":false,"post_type_properties_post_features_toaster":false,"post_type_properties_post_features_coffee_maker":false,"post_type_properties_post_features_iron":false,"post_type_properties_post_features_ironing_board":false,"post_type_properties_post_features_safe":false,"post_type_properties_post_features_internet":false,"post_type_properties_post_features_solarium":false,"post_type_properties_post_features_clean_service":false,"post_type_properties_post_features_t_v":false,"post_type_properties_post_features_satellite_t_v":false,"post_type_properties_post_features_gas_kitchen":false,"post_type_properties_post_features_view_mountain":false,"post_type_properties_post_features_view_sea":false,"post_type_properties_post_features_concierge":false,"post_type_properties_post_features_loading_dock":false,"post_type_properties_post_features_bridge_crane":false,"post_type_properties_post_features_located_at_corner":false,"post_type_properties_post_features_smoke_extraction":false,"post_type_properties_post_features_rooms":"","post_type_properties_post_features_garden_area":"","post_type_properties_post_features_utilities_water":false,"post_type_properties_post_features_utilities_electricity":false,"post_type_properties_post_features_utilities_natural_gas":false,"post_type_properties_post_features_building_adapted":false,"post_type_properties_post_features_garden":false,"post_type_properties_post_features_classification_hotel":false,"post_type_properties_post_features_classification_chalet":false,"post_type_properties_post_certificado_energetico_emisiones":"B","post_type_properties_post_barrio":"","post_type_properties_post_distrito_empresa":"","post_type_properties_post_features_property_category_intern":"","post_type_properties_post_implantada":true,"post_type_properties_post_sello_leed":"1","post_type_properties_post_sello_well":"","post_type_properties_post_sello_breeam":false,"post_type_properties_post_images":[{"properties_post_image_order":1,"properties_post_image_url":"https:\/\/movin.cloud\/empresas\/2438\/imagenes\/11246448\/en-alquiler-24.webp","properties_post_image_url_thumbnail":"https:\/\/movin.cloud\/empresas\/2438\/imagenes\/thumbnails\/11246448\/en-alquiler-24.webp","properties_post_title":"en alquiler 24","properties_post_alt":"en alquiler 24"},{"properties_post_image_order":2,"properties_post_image_url":"https:\/\/movin.cloud\/empresas\/2438\/imagenes\/11246448\/en-alquiler-23.webp","properties_post_image_url_thumbnail":"https:\/\/movin.cloud\/empresas\/2438\/imagenes\/thumbnails\/11246448\/en-alquiler-23.webp","properties_post_title":"en alquiler 23","properties_post_alt":"en alquiler 23"},{"properties_post_image_order":3,"properties_post_image_url":"https:\/\/movin.cloud\/empresas\/2438\/imagenes\/11246448\/en-alquiler-25.webp","properties_post_image_url_thumbnail":"https:\/\/movin.cloud\/empresas\/2438\/imagenes\/thumbnails\/11246448\/en-alquiler-25.webp","properties_post_title":"en alquiler 25","properties_post_alt":"en alquiler 25"},{"properties_post_image_order":4,"properties_post_image_url":"https:\/\/movin.cloud\/empresas\/2438\/imagenes\/11246448\/en-alquiler-22.webp","properties_post_image_url_thumbnail":"https:\/\/movin.cloud\/empresas\/2438\/imagenes\/thumbnails\/11246448\/en-alquiler-22.webp","properties_post_title":"en alquiler 22","properties_post_alt":"en alquiler 22"},{"properties_post_image_order":5,"properties_post_image_url":"https:\/\/movin.cloud\/empresas\/2438\/imagenes\/11246448\/en-alquiler-1.webp","properties_post_image_url_thumbnail":"https:\/\/movin.cloud\/empresas\/2438\/imagenes\/thumbnails\/11246448\/en-alquiler-1.webp","properties_post_title":"en alquiler 1","properties_post_alt":"en alquiler 1"},{"properties_post_image_order":6,"properties_post_image_url":"https:\/\/movin.cloud\/empresas\/2438\/imagenes\/11246448\/en-alquiler-19.webp","properties_post_image_url_thumbnail":"https:\/\/movin.cloud\/empresas\/2438\/imagenes\/thumbnails\/11246448\/en-alquiler-19.webp","properties_post_title":"en alquiler 19","properties_post_alt":"en alquiler 19"},{"properties_post_image_order":7,"properties_post_image_url":"https:\/\/movin.cloud\/empresas\/2438\/imagenes\/11246448\/sant-cugat-del-valles-inmobiliaria.webp","properties_post_image_url_thumbnail":"https:\/\/movin.cloud\/empresas\/2438\/imagenes\/thumbnails\/11246448\/sant-cugat-del-valles-inmobiliaria.webp","properties_post_title":"sant cugat del valles inmobiliaria","properties_post_alt":"sant cugat del valles inmobiliaria"},{"properties_post_image_order":8,"properties_post_image_url":"https:\/\/movin.cloud\/empresas\/2438\/imagenes\/11246448\/en-alquiler-20.webp","properties_post_image_url_thumbnail":"https:\/\/movin.cloud\/empresas\/2438\/imagenes\/thumbnails\/11246448\/en-alquiler-20.webp","properties_post_title":"en alquiler 20","properties_post_alt":"en alquiler 20"},{"properties_post_image_order":9,"properties_post_image_url":"https:\/\/movin.cloud\/empresas\/2438\/imagenes\/11246448\/en-alquiler-21.webp","properties_post_image_url_thumbnail":"https:\/\/movin.cloud\/empresas\/2438\/imagenes\/thumbnails\/11246448\/en-alquiler-21.webp","properties_post_title":"en alquiler 21","properties_post_alt":"en alquiler 21"},{"properties_post_image_order":10,"properties_post_image_url":"https:\/\/movin.cloud\/empresas\/2438\/imagenes\/11246448\/sant-cugat-del-valles-rent.webp","properties_post_image_url_thumbnail":"https:\/\/movin.cloud\/empresas\/2438\/imagenes\/thumbnails\/11246448\/sant-cugat-del-valles-rent.webp","properties_post_title":"sant cugat del valles rent","properties_post_alt":"sant cugat del valles rent"},{"properties_post_image_order":11,"properties_post_image_url":"https:\/\/movin.cloud\/empresas\/2438\/imagenes\/11246448\/en-alquiler-18.webp","properties_post_image_url_thumbnail":"https:\/\/movin.cloud\/empresas\/2438\/imagenes\/thumbnails\/11246448\/en-alquiler-18.webp","properties_post_title":"en alquiler 18","properties_post_alt":"en alquiler 18"},{"properties_post_image_order":12,"properties_post_image_url":"https:\/\/movin.cloud\/empresas\/2438\/imagenes\/11246448\/en-alquiler-3.webp","properties_post_image_url_thumbnail":"https:\/\/movin.cloud\/empresas\/2438\/imagenes\/thumbnails\/11246448\/en-alquiler-3.webp","properties_post_title":"en alquiler 3","properties_post_alt":"en alquiler 3"},{"properties_post_image_order":13,"properties_post_image_url":"https:\/\/movin.cloud\/empresas\/2438\/imagenes\/11246448\/en-alquiler-32.webp","properties_post_image_url_thumbnail":"https:\/\/movin.cloud\/empresas\/2438\/imagenes\/thumbnails\/11246448\/en-alquiler-32.webp","properties_post_title":"en alquiler 32","properties_post_alt":"en alquiler 32"},{"properties_post_image_order":14,"properties_post_image_url":"https:\/\/movin.cloud\/empresas\/2438\/imagenes\/11246448\/en-alquiler-2.webp","properties_post_image_url_thumbnail":"https:\/\/movin.cloud\/empresas\/2438\/imagenes\/thumbnails\/11246448\/en-alquiler-2.webp","properties_post_title":"en alquiler 2","properties_post_alt":"en alquiler 2"},{"properties_post_image_order":15,"properties_post_image_url":"https:\/\/movin.cloud\/empresas\/2438\/imagenes\/11246448\/en-alquiler-4.webp","properties_post_image_url_thumbnail":"https:\/\/movin.cloud\/empresas\/2438\/imagenes\/thumbnails\/11246448\/en-alquiler-4.webp","properties_post_title":"en alquiler 4","properties_post_alt":"en alquiler 4"},{"properties_post_image_order":16,"properties_post_image_url":"https:\/\/movin.cloud\/empresas\/2438\/imagenes\/11246448\/en-alquiler-17.webp","properties_post_image_url_thumbnail":"https:\/\/movin.cloud\/empresas\/2438\/imagenes\/thumbnails\/11246448\/en-alquiler-17.webp","properties_post_title":"en alquiler 17","properties_post_alt":"en alquiler 17"},{"properties_post_image_order":17,"properties_post_image_url":"https:\/\/movin.cloud\/empresas\/2438\/imagenes\/11246448\/en-alquiler-27.webp","properties_post_image_url_thumbnail":"https:\/\/movin.cloud\/empresas\/2438\/imagenes\/thumbnails\/11246448\/en-alquiler-27.webp","properties_post_title":"en alquiler 27","properties_post_alt":"en alquiler 27"},{"properties_post_image_order":18,"properties_post_image_url":"https:\/\/movin.cloud\/empresas\/2438\/imagenes\/11246448\/en-alquiler-28.webp","properties_post_image_url_thumbnail":"https:\/\/movin.cloud\/empresas\/2438\/imagenes\/thumbnails\/11246448\/en-alquiler-28.webp","properties_post_title":"en alquiler 28","properties_post_alt":"en alquiler 28"},{"properties_post_image_order":19,"properties_post_image_url":"https:\/\/movin.cloud\/empresas\/2438\/imagenes\/11246448\/en-alquiler-29.webp","properties_post_image_url_thumbnail":"https:\/\/movin.cloud\/empresas\/2438\/imagenes\/thumbnails\/11246448\/en-alquiler-29.webp","properties_post_title":"en alquiler 29","properties_post_alt":"en alquiler 29"},{"properties_post_image_order":20,"properties_post_image_url":"https:\/\/movin.cloud\/empresas\/2438\/imagenes\/11246448\/en-alquiler-30.webp","properties_post_image_url_thumbnail":"https:\/\/movin.cloud\/empresas\/2438\/imagenes\/thumbnails\/11246448\/en-alquiler-30.webp","properties_post_title":"en alquiler 30","properties_post_alt":"en alquiler 30"},{"properties_post_image_order":21,"properties_post_image_url":"https:\/\/movin.cloud\/empresas\/2438\/imagenes\/11246448\/en-alquiler-31.webp","properties_post_image_url_thumbnail":"https:\/\/movin.cloud\/empresas\/2438\/imagenes\/thumbnails\/11246448\/en-alquiler-31.webp","properties_post_title":"en alquiler 31","properties_post_alt":"en alquiler 31"},{"properties_post_image_order":22,"properties_post_image_url":"https:\/\/movin.cloud\/empresas\/2438\/imagenes\/11246448\/en-alquiler-26.webp","properties_post_image_url_thumbnail":"https:\/\/movin.cloud\/empresas\/2438\/imagenes\/thumbnails\/11246448\/en-alquiler-26.webp","properties_post_title":"en alquiler 26","properties_post_alt":"en alquiler 26"},{"properties_post_image_order":23,"properties_post_image_url":"https:\/\/movin.cloud\/empresas\/2438\/imagenes\/11246448\/en-alquiler-33.webp","properties_post_image_url_thumbnail":"https:\/\/movin.cloud\/empresas\/2438\/imagenes\/thumbnails\/11246448\/en-alquiler-33.webp","properties_post_title":"en alquiler 33","properties_post_alt":"en alquiler 33"},{"properties_post_image_order":24,"properties_post_image_url":"https:\/\/movin.cloud\/empresas\/2438\/imagenes\/11246448\/habitalia-sant-cugat-del-valles.webp","properties_post_image_url_thumbnail":"https:\/\/movin.cloud\/empresas\/2438\/imagenes\/thumbnails\/11246448\/habitalia-sant-cugat-del-valles.webp","properties_post_title":"habitalia sant cugat del valles","properties_post_alt":"habitalia sant cugat del valles"}],"post_type_properties_post_videos":null,"post_type_properties_post_tour":null,"post_type_properties_post_dossier_url":"","post_type_properties_post_operation_type":"rent","post_type_properties_post_operation_price":13900,"post_type_properties_post_features_hidden_price":false},"yoast_head":"<!-- This site is optimized with the Yoast SEO plugin v27.4 - https:\/\/yoast.com\/product\/yoast-seo-wordpress\/ -->\n<title>SANT CUGAT II - Forcadell<\/title>\n<meta name=\"robots\" content=\"index, follow, max-snippet:-1, max-image-preview:large, max-video-preview:-1\" \/>\n<link rel=\"canonical\" href=\"https:\/\/forcadell.com\/ca\/propiedades\/sant-cugat-ii\/\" \/>\n<meta property=\"og:locale\" content=\"ca_ES\" \/>\n<meta property=\"og:type\" content=\"article\" \/>\n<meta property=\"og:title\" content=\"SANT CUGAT II - Forcadell\" \/>\n<meta property=\"og:description\" content=\"\u00a1Impulsa tu negocio en el coraz\u00f3n de la zona de oficinas m\u00e1s exclusiva de Sant Cugat! OFICINA IMPLANTADA ! Edificio de Oficina de Alta Gama en una Ubicaci\u00f3n Estrat\u00e9gica En pleno centro de negocios, con acceso directo a Barcelona (25 km) y el Vall\u00e9s, \u00a1es el espacio ideal para tu empresa! Caracter\u00edsticas destacables: Espacios di\u00e1fanos [&hellip;]\" \/>\n<meta property=\"og:url\" content=\"https:\/\/forcadell.com\/ca\/propiedades\/sant-cugat-ii\/\" \/>\n<meta property=\"og:site_name\" content=\"Forcadell\" \/>\n<meta property=\"article:modified_time\" content=\"2026-04-29T12:07:38+00:00\" \/>\n<meta name=\"twitter:card\" content=\"summary_large_image\" \/>\n<meta name=\"twitter:label1\" content=\"Temps estimat de lectura\" \/>\n\t<meta name=\"twitter:data1\" content=\"1 minut\" \/>\n<!-- \/ Yoast SEO plugin. -->","yoast_head_json":{"title":"SANT CUGAT II - Forcadell","robots":{"index":"index","follow":"follow","max-snippet":"max-snippet:-1","max-image-preview":"max-image-preview:large","max-video-preview":"max-video-preview:-1"},"canonical":"https:\/\/forcadell.com\/ca\/propiedades\/sant-cugat-ii\/","og_locale":"ca_ES","og_type":"article","og_title":"SANT CUGAT II - Forcadell","og_description":"\u00a1Impulsa tu negocio en el coraz\u00f3n de la zona de oficinas m\u00e1s exclusiva de Sant Cugat! OFICINA IMPLANTADA ! Edificio de Oficina de Alta Gama en una Ubicaci\u00f3n Estrat\u00e9gica En pleno centro de negocios, con acceso directo a Barcelona (25 km) y el Vall\u00e9s, \u00a1es el espacio ideal para tu empresa! Caracter\u00edsticas destacables: Espacios di\u00e1fanos [&hellip;]","og_url":"https:\/\/forcadell.com\/ca\/propiedades\/sant-cugat-ii\/","og_site_name":"Forcadell","article_modified_time":"2026-04-29T12:07:38+00:00","twitter_card":"summary_large_image","twitter_misc":{"Temps estimat de lectura":"1 minut"},"schema":{"@context":"https:\/\/schema.org","@graph":[{"@type":"WebPage","@id":"https:\/\/forcadell.com\/ca\/propiedades\/sant-cugat-ii\/","url":"https:\/\/forcadell.com\/ca\/propiedades\/sant-cugat-ii\/","name":"SANT CUGAT II - Forcadell","isPartOf":{"@id":"https:\/\/forcadell.com\/ca\/#website"},"datePublished":"2025-11-04T14:28:00+00:00","dateModified":"2026-04-29T12:07:38+00:00","breadcrumb":{"@id":"https:\/\/forcadell.com\/ca\/propiedades\/sant-cugat-ii\/#breadcrumb"},"inLanguage":"ca","potentialAction":[{"@type":"ReadAction","target":["https:\/\/forcadell.com\/ca\/propiedades\/sant-cugat-ii\/"]}]},{"@type":"BreadcrumbList","@id":"https:\/\/forcadell.com\/ca\/propiedades\/sant-cugat-ii\/#breadcrumb","itemListElement":[{"@type":"ListItem","position":1,"name":"Portada","item":"https:\/\/forcadell.com\/ca\/"},{"@type":"ListItem","position":2,"name":"Properties","item":"https:\/\/forcadell.com\/ca\/propiedades\/"},{"@type":"ListItem","position":3,"name":"SANT CUGAT II"}]},{"@type":"WebSite","@id":"https:\/\/forcadell.com\/ca\/#website","url":"https:\/\/forcadell.com\/ca\/","name":"Forcadell","description":"Inmobiliaria Barcelona | Consultores inmobiliarios","potentialAction":[{"@type":"SearchAction","target":{"@type":"EntryPoint","urlTemplate":"https:\/\/forcadell.com\/ca\/?s={search_term_string}"},"query-input":{"@type":"PropertyValueSpecification","valueRequired":true,"valueName":"search_term_string"}}],"inLanguage":"ca"}]}},"_links":{"self":[{"href":"https:\/\/forcadell.com\/ca\/wp-json\/wp\/v2\/properties_post\/58093","targetHints":{"allow":["GET"]}}],"collection":[{"href":"https:\/\/forcadell.com\/ca\/wp-json\/wp\/v2\/properties_post"}],"about":[{"href":"https:\/\/forcadell.com\/ca\/wp-json\/wp\/v2\/types\/properties_post"}],"wp:attachment":[{"href":"https:\/\/forcadell.com\/ca\/wp-json\/wp\/v2\/media?parent=58093"}],"curies":[{"name":"wp","href":"https:\/\/api.w.org\/{rel}","templated":true}]}}