{"id":58086,"date":"2025-11-04T16:27:33","date_gmt":"2025-11-04T14:27:33","guid":{"rendered":"https:\/\/www.forcadell.com\/propiedades\/hiit-tech-building-5\/"},"modified":"2026-04-25T11:14:43","modified_gmt":"2026-04-25T09:14:43","slug":"hiit-tech-building-5","status":"publish","type":"properties_post","link":"https:\/\/forcadell.com\/ca\/propiedades\/hiit-tech-building-5\/","title":{"rendered":"HIIT TECH BUILDING"},"content":{"rendered":"<p>\u00a1Bienvenido al futuro de las oficinas en el innovador distrito 22@!<\/p>\n<p>Te presentamos HIIT, un edificio de oficinas de reciente construcci\u00f3n, dise\u00f1ado para ofrecer un entorno moderno y din\u00e1mico que fomente la creatividad y productividad de las mentes m\u00e1s innovadoras. Un espacio que combina vanguardia, confort y eficiencia en cada rinc\u00f3n.<\/p>\n<p>Lo que ofrecemos:<\/p>\n<p>Certificaci\u00f3n LEED Platino, WELL Gold, Smart Score y Wired Score para garantizar sostenibilidad y bienestar.<br \/>\nFachada de muro cortina que aprovecha al m\u00e1ximo la luz natural.<br \/>\nEspacios di\u00e1fanos ideales para adaptar las oficinas a tus necesidades.<br \/>\nSuelos t\u00e9cnicos y un avanzado sistema de climatizaci\u00f3n VRV.<br \/>\nLuminarias LED para un consumo energ\u00e9tico m\u00e1s eficiente.<br \/>\nTerraza con vistas, adem\u00e1s de zonas comunes y verdes.<br \/>\nZona verde p\u00fablica de 800 m\u00b2 para disfrutar del aire libre.<\/p>\n<p>Adem\u00e1s, contamos con:<\/p>\n<p>Estaciones de recarga el\u00e9ctrica para veh\u00edculos.<br \/>\nEspacios exteriores con terraza cubierta, adem\u00e1s de dos terrazas adicionales en PB y P1.<\/p>\n<p>Con una excelente conectividad:<\/p>\n<p>Metro: Selva de Mar (L4)<br \/>\nAutobuses: B25, N11, H14, N11, V29<br \/>\nTranv\u00edas: Sant Adri\u00e0 \u2013 Ciutadella\/Vila Ol\u00edmpica (T4), Gl\u00f2ries \u2013 Gorg (T5), Gl\u00f2ries \u2013 Sant Adri\u00e0 (T6)<\/p>\n<p>Un entorno perfecto para que tu empresa crezca y se conecte con el futuro. Cont\u00e1ctanos ahora y asegura tu oficina en este exclusivo edificio.<\/p>\n","protected":false},"template":"","class_list":["post-58086","properties_post","type-properties_post","status-publish","hentry","properties_modality-rent","properties_district-sant-marti","properties_province-barcelona","properties_zone-116","properties_state-barcelona","properties_subclass-oficina","properties_type-oficina"],"acf":{"post_type_properties_post_property_code":"11246414","post_type_properties_post_property_reference":"IE-225490","post_type_properties_post_owner_id":"183933","post_type_properties_post_owner_name":"PERE QUART PROMOCIONS IMMOBILIARIES","post_type_properties_post_property_code_encrypted":"MjQ5JDMwOTgx","post_type_properties_post_published":"1","post_type_properties_post_property_visibility":"idealista","post_type_properties_post_contact_name":"Forcadell Oficinas Barcelona","post_type_properties_post_contact_email":"forcadell.oficinas.barcelona@movin.cloud","post_type_properties_post_contact_primary_phone_prefix":"34","post_type_properties_post_contact_primary_phone_number":"934965413","post_type_properties_post_address_visibility":"street","post_type_properties_post_address_country":"Spain","post_type_properties_post_address_coordinates_precision":"exact","post_type_properties_post_address_postal_code":"08019","post_type_properties_post_address_coordinates_latitude":"41.4126359","post_type_properties_post_address_coordinates_longitude":"2.205326","post_type_properties_post_address_street_name":"C. Pere IV, 428","post_type_properties_post_address_floor":"","post_type_properties_post_address_town":"Barcelona","post_type_properties_post_building":null,"post_type_properties_post_property":[{"properties_post_description_language":"catalan","properties_post_title":"HIIT TECH BUILDING","properties_post_short_description_text_alt":"","properties_post_description_text_alt":"","properties_post_short_description_text":"","properties_post_link_demanda_inmueble":"https:\/\/movin.cloud\/ca\/Forcadell Oficinas Barcelona\/formulari-peticio-immoble\/sth\/2438&&11246414","properties_post_link_demanda_calendario_inmueble":"https:\/\/movin.cloud\/ca\/Forcadell Oficinas Barcelona\/calendari-peticio-immoble\/sth\/2438&&11246414","properties_post_description_text":"Benvingut al futur de les oficines a l'innovador districte 22@!\n\nEt presentem HIIT, un edifici d'oficines de recent construcci\u00f3, dissenyat per oferir un entorn modern i din\u00e0mic que fomenti la creativitat i la productivitat de les ments m\u00e9s innovadores. Un espai que combina avantguarda, confort i efici\u00e8ncia a cada rac\u00f3.\n\nEl que oferim:\n\nCertificaci\u00f3 LEED Plat\u00ed, WELL Gold, Smart Score i Wired Score per garantir sostenibilitat i benestar.\nFa\u00e7ana de mur cortina que aprofita al m\u00e0xim la llum natural.\nEspais di\u00e0fans ideals per adaptar les oficines a les vostres necessitats.\nS\u00f2ls t\u00e8cnics i un avan\u00e7at sistema de climatitzaci\u00f3 VRV.\nLlumin\u00e0ries LED per a un consum energ\u00e8tic m\u00e9s eficient.\nTerrassa amb vistes, a m\u00e9s de zones comunes i verdes.\nZona verda p\u00fablica de 800 m\u00b2 per gaudir de l\u00b4aire lliure.\n\nA m\u00e9s, comptem amb:\n\nEstacions de rec\u00e0rrega el\u00e8ctrica per a vehicles.\nEspais exteriors amb terrassa coberta, a m\u00e9s de dues terrasses addicionals a PB i P1.\n\nAmb una excel\u00b7lent connectivitat:\n\nMetro: Selva de Mar (L4)\nAutobusos: B25, N11, H14, N11, V29\nTramvies: Sant Adri\u00e0 \u2013 Ciutadella\/Vila Ol\u00edmpica (T4), Gl\u00f2ries \u2013 Gorg (T5), Gl\u00f2ries \u2013 Sant Adri\u00e0 (T6)\n\nUn entorn perfecte perqu\u00e8 la teva empresa creixi i es connecti amb el futur. Contacta'ns ara i assegura la teva oficina en aquest exclusiu edifici.","properties_post_seo_title":"","properties_post_seo_alias":"","properties_post_seo_metadescription":"","properties_post_seo_key_words":"","properties_post_seo_url":"","properties_post_terms_conditions":""},{"properties_post_description_language":"spanish","properties_post_title":"HIIT TECH BUILDING","properties_post_short_description_text_alt":"","properties_post_description_text_alt":"","properties_post_short_description_text":"","properties_post_link_demanda_inmueble":"https:\/\/movin.cloud\/es\/Forcadell Oficinas Barcelona\/formulario-peticion-inmueble\/sth\/2438&&11246414","properties_post_link_demanda_calendario_inmueble":"https:\/\/movin.cloud\/es\/Forcadell Oficinas Barcelona\/calendario-peticion-inmueble\/sth\/2438&&11246414","properties_post_description_text":"\n\u00a1Bienvenido al futuro de las oficinas en el innovador distrito 22@!\n\nTe presentamos HIIT, un edificio de oficinas de reciente construcci\u00f3n, dise\u00f1ado para ofrecer un entorno moderno y din\u00e1mico que fomente la creatividad y productividad de las mentes m\u00e1s innovadoras. Un espacio que combina vanguardia, confort y eficiencia en cada rinc\u00f3n.\n\nLo que ofrecemos:\n\nCertificaci\u00f3n LEED Platino, WELL Gold, Smart Score y Wired Score para garantizar sostenibilidad y bienestar.\nFachada de muro cortina que aprovecha al m\u00e1ximo la luz natural.\nEspacios di\u00e1fanos ideales para adaptar las oficinas a tus necesidades.\nSuelos t\u00e9cnicos y un avanzado sistema de climatizaci\u00f3n VRV.\nLuminarias LED para un consumo energ\u00e9tico m\u00e1s eficiente.\nTerraza con vistas, adem\u00e1s de zonas comunes y verdes.\nZona verde p\u00fablica de 800 m\u00b2 para disfrutar del aire libre.\n\nAdem\u00e1s, contamos con:\n\nEstaciones de recarga el\u00e9ctrica para veh\u00edculos.\nEspacios exteriores con terraza cubierta, adem\u00e1s de dos terrazas adicionales en PB y P1.\n\nCon una excelente conectividad:\n\nMetro: Selva de Mar (L4)\nAutobuses: B25, N11, H14, N11, V29\nTranv\u00edas: Sant Adri\u00e0 \u2013 Ciutadella\/Vila Ol\u00edmpica (T4), Gl\u00f2ries \u2013 Gorg (T5), Gl\u00f2ries \u2013 Sant Adri\u00e0 (T6)\n\nUn entorno perfecto para que tu empresa crezca y se conecte con el futuro. Cont\u00e1ctanos ahora y asegura tu oficina en este exclusivo edificio.","properties_post_seo_title":"","properties_post_seo_alias":"","properties_post_seo_metadescription":"","properties_post_seo_key_words":"","properties_post_seo_url":"","properties_post_terms_conditions":""}],"post_type_properties_post_features_type":"office","post_type_properties_post_id_building":"MjQ5JDMwOTc1","post_type_properties_post_features_area_constructed":1747,"post_type_properties_post_features_conditioned_air":false,"post_type_properties_post_features_doorman":false,"post_type_properties_post_features_heating":false,"post_type_properties_post_features_equipped_kitchen":false,"post_type_properties_post_features_windows_location":"exterior","post_type_properties_post_features_floors_property":false,"post_type_properties_post_features_storage":false,"post_type_properties_post_features_security_door":false,"post_type_properties_post_features_energy_certificate_rating":"A","post_type_properties_post_features_energy_certificate_emissions_rating":"A","post_type_properties_post_features_energy_certificate_emissions_value":"","post_type_properties_post_features_energy_certificate_performance":"","post_type_properties_post_features_bathroom_inside":false,"post_type_properties_post_precio":34944.2,"post_type_properties_post_precio_alquiler":34944.2,"post_type_properties_post_record_type_id":"Oficina","post_type_properties_post_categoria__producto":"Oficina","post_type_properties_post_amueblado":false,"post_type_properties_post_precio_m2":20,"post_type_properties_post_zona__comunitaria":false,"post_type_properties_post_electrodomesticos":false,"post_type_properties_post_patio__interior":true,"post_type_properties_post_certificado_energetico_general":"A","post_type_properties_post_certificado_energetico_consumo":"A","post_type_properties_post_certificado_energetico_valor_emisiones":"","post_type_properties_post_certificado_energetico_valor_consumo":"","post_type_properties_post_modalidad":"rent","post_type_properties_post_provincia":"Barcelona","post_type_properties_post_poblacion":"Barcelona","post_type_properties_post_centro__urbano":false,"post_type_properties_post_zonificacion":"22 @","post_type_properties_post_cartera":"","post_type_properties_post_titulo_catalan":"HIIT TECH BUILDING","post_type_properties_post_internet_catalan":"Benvingut al futur de les oficines a l'innovador districte 22@!\n\nEt presentem HIIT, un edifici d'oficines de recent construcci\u00f3, dissenyat per oferir un entorn modern i din\u00e0mic que fomenti la creativitat i la productivitat de les ments m\u00e9s innovadores. Un espai que combina avantguarda, confort i efici\u00e8ncia a cada rac\u00f3.\n\nEl que oferim:\n\nCertificaci\u00f3 LEED Plat\u00ed, WELL Gold, Smart Score i Wired Score per garantir sostenibilitat i benestar.\nFa\u00e7ana de mur cortina que aprofita al m\u00e0xim la llum natural.\nEspais di\u00e0fans ideals per adaptar les oficines a les vostres necessitats.\nS\u00f2ls t\u00e8cnics i un avan\u00e7at sistema de climatitzaci\u00f3 VRV.\nLlumin\u00e0ries LED per a un consum energ\u00e8tic m\u00e9s eficient.\nTerrassa amb vistes, a m\u00e9s de zones comunes i verdes.\nZona verda p\u00fablica de 800 m\u00b2 per gaudir de l\u00b4aire lliure.\n\nA m\u00e9s, comptem amb:\n\nEstacions de rec\u00e0rrega el\u00e8ctrica per a vehicles.\nEspais exteriors amb terrassa coberta, a m\u00e9s de dues terrasses addicionals a PB i P1.\n\nAmb una excel\u00b7lent connectivitat:\n\nMetro: Selva de Mar (L4)\nAutobusos: B25, N11, H14, N11, V29\nTramvies: Sant Adri\u00e0 \u2013 Ciutadella\/Vila Ol\u00edmpica (T4), Gl\u00f2ries \u2013 Gorg (T5), Gl\u00f2ries \u2013 Sant Adri\u00e0 (T6)\n\nUn entorn perfecte perqu\u00e8 la teva empresa creixi i es connecti amb el futur. Contacta'ns ara i assegura la teva oficina en aquest exclusiu edifici.","post_type_properties_post_titulo_castellano":"HIIT TECH BUILDING","post_type_properties_post_internet_castellano":"\n\u00a1Bienvenido al futuro de las oficinas en el innovador distrito 22@!\n\nTe presentamos HIIT, un edificio de oficinas de reciente construcci\u00f3n, dise\u00f1ado para ofrecer un entorno moderno y din\u00e1mico que fomente la creatividad y productividad de las mentes m\u00e1s innovadoras. Un espacio que combina vanguardia, confort y eficiencia en cada rinc\u00f3n.\n\nLo que ofrecemos:\n\nCertificaci\u00f3n LEED Platino, WELL Gold, Smart Score y Wired Score para garantizar sostenibilidad y bienestar.\nFachada de muro cortina que aprovecha al m\u00e1ximo la luz natural.\nEspacios di\u00e1fanos ideales para adaptar las oficinas a tus necesidades.\nSuelos t\u00e9cnicos y un avanzado sistema de climatizaci\u00f3n VRV.\nLuminarias LED para un consumo energ\u00e9tico m\u00e1s eficiente.\nTerraza con vistas, adem\u00e1s de zonas comunes y verdes.\nZona verde p\u00fablica de 800 m\u00b2 para disfrutar del aire libre.\n\nAdem\u00e1s, contamos con:\n\nEstaciones de recarga el\u00e9ctrica para veh\u00edculos.\nEspacios exteriores con terraza cubierta, adem\u00e1s de dos terrazas adicionales en PB y P1.\n\nCon una excelente conectividad:\n\nMetro: Selva de Mar (L4)\nAutobuses: B25, N11, H14, N11, V29\nTranv\u00edas: Sant Adri\u00e0 \u2013 Ciutadella\/Vila Ol\u00edmpica (T4), Gl\u00f2ries \u2013 Gorg (T5), Gl\u00f2ries \u2013 Sant Adri\u00e0 (T6)\n\nUn entorno perfecto para que tu empresa crezca y se conecte con el futuro. Cont\u00e1ctanos ahora y asegura tu oficina en este exclusivo edificio.","post_type_properties_post_titulo_ingles":"","post_type_properties_post_internet_ingles":"","post_type_properties_post_features_classification_commercial":false,"post_type_properties_post_features_conservation":"","post_type_properties_post_features_security_personnel":false,"post_type_properties_post_features_parking_available":false,"post_type_properties_post_features_garage_capacity_type":"","post_type_properties_post_features_bathroom_number":"","post_type_properties_post_eje":"","post_type_properties_post_zona":"","post_type_properties_post_comarca":"","post_type_properties_post_features_built_year":"","post_type_properties_post_renta_mensual":"","post_type_properties_post_fianza":"","post_type_properties_post_features_area_plot":"","post_type_properties_post_features_area_buildable":"","post_type_properties_post_features_classification_industrial":false,"post_type_properties_post_distrito":"","post_type_properties_post_features_balcony":false,"post_type_properties_post_features_bedroom_number":"","post_type_properties_post_features_heating_type":"","post_type_properties_post_features_equipped_with_furniture":false,"post_type_properties_post_features_pets_allowed":false,"post_type_properties_post_features_pool":false,"post_type_properties_post_features_terrace":false,"post_type_properties_post_features_wardrobes":false,"post_type_properties_post_features_lift_available":false,"post_type_properties_post_features_handicap_adapted_access":false,"post_type_properties_post_features_orientation_east":false,"post_type_properties_post_features_orientation_west":false,"post_type_properties_post_features_orientation_north":false,"post_type_properties_post_features_orientation_south":false,"post_type_properties_post_features_parking_spaces_number":"","post_type_properties_post_features_security_alarm":false,"post_type_properties_post_features_security_system":false,"post_type_properties_post_open_plan":false,"post_type_properties_post_acceso_24_7":false,"post_type_properties_post_oficina_privada":false,"post_type_properties_post_sala_reuniones":false,"post_type_properties_post_espacio_eventos":false,"post_type_properties_post_office":false,"post_type_properties_post_restaurant":false,"post_type_properties_post_acepta_traspaso":false,"post_type_properties_post_vigilancia":false,"post_type_properties_post_features_suite":false,"post_type_properties_post_features_vitro":false,"post_type_properties_post_features_oven":false,"post_type_properties_post_features_microwave":false,"post_type_properties_post_features_washing_machine":false,"post_type_properties_post_features_dryer":false,"post_type_properties_post_features_dishwasher":false,"post_type_properties_post_features_fridge":false,"post_type_properties_post_features_fridge_mini":false,"post_type_properties_post_features_kettle":false,"post_type_properties_post_features_toaster":false,"post_type_properties_post_features_coffee_maker":false,"post_type_properties_post_features_iron":false,"post_type_properties_post_features_ironing_board":false,"post_type_properties_post_features_safe":false,"post_type_properties_post_features_internet":false,"post_type_properties_post_features_solarium":false,"post_type_properties_post_features_clean_service":false,"post_type_properties_post_features_t_v":false,"post_type_properties_post_features_satellite_t_v":false,"post_type_properties_post_features_gas_kitchen":false,"post_type_properties_post_features_view_mountain":false,"post_type_properties_post_features_view_sea":false,"post_type_properties_post_features_concierge":false,"post_type_properties_post_features_loading_dock":false,"post_type_properties_post_features_bridge_crane":false,"post_type_properties_post_features_located_at_corner":false,"post_type_properties_post_features_smoke_extraction":false,"post_type_properties_post_features_rooms":"","post_type_properties_post_features_garden_area":"","post_type_properties_post_features_utilities_water":false,"post_type_properties_post_features_utilities_electricity":false,"post_type_properties_post_features_utilities_natural_gas":false,"post_type_properties_post_features_building_adapted":false,"post_type_properties_post_features_garden":false,"post_type_properties_post_features_classification_hotel":false,"post_type_properties_post_features_classification_chalet":false,"post_type_properties_post_certificado_energetico_emisiones":"A","post_type_properties_post_barrio":"","post_type_properties_post_distrito_empresa":"Sant Mart\u00ed","post_type_properties_post_features_property_category_intern":"","post_type_properties_post_implantada":false,"post_type_properties_post_sello_leed":"2","post_type_properties_post_sello_well":"","post_type_properties_post_sello_breeam":false,"post_type_properties_post_images":[{"properties_post_image_order":1,"properties_post_image_url":"https:\/\/movin.cloud\/empresas\/2438\/imagenes\/11246414\/en-alquiler-54.webp","properties_post_image_url_thumbnail":"https:\/\/movin.cloud\/empresas\/2438\/imagenes\/thumbnails\/11246414\/en-alquiler-54.webp","properties_post_title":"en alquiler 54","properties_post_alt":"en alquiler 54"},{"properties_post_image_order":2,"properties_post_image_url":"https:\/\/movin.cloud\/empresas\/2438\/imagenes\/11246414\/en-alquiler-46.webp","properties_post_image_url_thumbnail":"https:\/\/movin.cloud\/empresas\/2438\/imagenes\/thumbnails\/11246414\/en-alquiler-46.webp","properties_post_title":"en alquiler 46","properties_post_alt":"en alquiler 46"},{"properties_post_image_order":3,"properties_post_image_url":"https:\/\/movin.cloud\/empresas\/2438\/imagenes\/11246414\/en-alquiler-48.webp","properties_post_image_url_thumbnail":"https:\/\/movin.cloud\/empresas\/2438\/imagenes\/thumbnails\/11246414\/en-alquiler-48.webp","properties_post_title":"en alquiler 48","properties_post_alt":"en alquiler 48"},{"properties_post_image_order":4,"properties_post_image_url":"https:\/\/movin.cloud\/empresas\/2438\/imagenes\/11246414\/en-alquiler-45.webp","properties_post_image_url_thumbnail":"https:\/\/movin.cloud\/empresas\/2438\/imagenes\/thumbnails\/11246414\/en-alquiler-45.webp","properties_post_title":"en alquiler 45","properties_post_alt":"en alquiler 45"},{"properties_post_image_order":5,"properties_post_image_url":"https:\/\/movin.cloud\/empresas\/2438\/imagenes\/11246414\/en-alquiler-50.webp","properties_post_image_url_thumbnail":"https:\/\/movin.cloud\/empresas\/2438\/imagenes\/thumbnails\/11246414\/en-alquiler-50.webp","properties_post_title":"en alquiler 50","properties_post_alt":"en alquiler 50"},{"properties_post_image_order":6,"properties_post_image_url":"https:\/\/movin.cloud\/empresas\/2438\/imagenes\/11246414\/en-alquiler-47.webp","properties_post_image_url_thumbnail":"https:\/\/movin.cloud\/empresas\/2438\/imagenes\/thumbnails\/11246414\/en-alquiler-47.webp","properties_post_title":"en alquiler 47","properties_post_alt":"en alquiler 47"},{"properties_post_image_order":7,"properties_post_image_url":"https:\/\/movin.cloud\/empresas\/2438\/imagenes\/11246414\/en-alquiler-49.webp","properties_post_image_url_thumbnail":"https:\/\/movin.cloud\/empresas\/2438\/imagenes\/thumbnails\/11246414\/en-alquiler-49.webp","properties_post_title":"en alquiler 49","properties_post_alt":"en alquiler 49"},{"properties_post_image_order":8,"properties_post_image_url":"https:\/\/movin.cloud\/empresas\/2438\/imagenes\/11246414\/en-alquiler-51.webp","properties_post_image_url_thumbnail":"https:\/\/movin.cloud\/empresas\/2438\/imagenes\/thumbnails\/11246414\/en-alquiler-51.webp","properties_post_title":"en alquiler 51","properties_post_alt":"en alquiler 51"},{"properties_post_image_order":9,"properties_post_image_url":"https:\/\/movin.cloud\/empresas\/2438\/imagenes\/11246414\/en-alquiler-42.webp","properties_post_image_url_thumbnail":"https:\/\/movin.cloud\/empresas\/2438\/imagenes\/thumbnails\/11246414\/en-alquiler-42.webp","properties_post_title":"en alquiler 42","properties_post_alt":"en alquiler 42"},{"properties_post_image_order":10,"properties_post_image_url":"https:\/\/movin.cloud\/empresas\/2438\/imagenes\/11246414\/en-alquiler-52.webp","properties_post_image_url_thumbnail":"https:\/\/movin.cloud\/empresas\/2438\/imagenes\/thumbnails\/11246414\/en-alquiler-52.webp","properties_post_title":"en alquiler 52","properties_post_alt":"en alquiler 52"},{"properties_post_image_order":11,"properties_post_image_url":"https:\/\/movin.cloud\/empresas\/2438\/imagenes\/11246414\/en-alquiler-53.webp","properties_post_image_url_thumbnail":"https:\/\/movin.cloud\/empresas\/2438\/imagenes\/thumbnails\/11246414\/en-alquiler-53.webp","properties_post_title":"en alquiler 53","properties_post_alt":"en alquiler 53"},{"properties_post_image_order":12,"properties_post_image_url":"https:\/\/movin.cloud\/empresas\/2438\/imagenes\/11246414\/en-alquiler-55.webp","properties_post_image_url_thumbnail":"https:\/\/movin.cloud\/empresas\/2438\/imagenes\/thumbnails\/11246414\/en-alquiler-55.webp","properties_post_title":"en alquiler 55","properties_post_alt":"en alquiler 55"},{"properties_post_image_order":13,"properties_post_image_url":"https:\/\/movin.cloud\/empresas\/2438\/imagenes\/11246414\/en-alquiler-56.webp","properties_post_image_url_thumbnail":"https:\/\/movin.cloud\/empresas\/2438\/imagenes\/thumbnails\/11246414\/en-alquiler-56.webp","properties_post_title":"en alquiler 56","properties_post_alt":"en alquiler 56"},{"properties_post_image_order":14,"properties_post_image_url":"https:\/\/movin.cloud\/empresas\/2438\/imagenes\/11246414\/en-alquiler-44.webp","properties_post_image_url_thumbnail":"https:\/\/movin.cloud\/empresas\/2438\/imagenes\/thumbnails\/11246414\/en-alquiler-44.webp","properties_post_title":"en alquiler 44","properties_post_alt":"en alquiler 44"},{"properties_post_image_order":15,"properties_post_image_url":"https:\/\/movin.cloud\/empresas\/2438\/imagenes\/11246414\/en-alquiler-41.webp","properties_post_image_url_thumbnail":"https:\/\/movin.cloud\/empresas\/2438\/imagenes\/thumbnails\/11246414\/en-alquiler-41.webp","properties_post_title":"en alquiler 41","properties_post_alt":"en alquiler 41"},{"properties_post_image_order":16,"properties_post_image_url":"https:\/\/movin.cloud\/empresas\/2438\/imagenes\/11246414\/en-alquiler-57.webp","properties_post_image_url_thumbnail":"https:\/\/movin.cloud\/empresas\/2438\/imagenes\/thumbnails\/11246414\/en-alquiler-57.webp","properties_post_title":"en alquiler 57","properties_post_alt":"en alquiler 57"},{"properties_post_image_order":17,"properties_post_image_url":"https:\/\/movin.cloud\/empresas\/2438\/imagenes\/11246414\/en-alquiler-58.webp","properties_post_image_url_thumbnail":"https:\/\/movin.cloud\/empresas\/2438\/imagenes\/thumbnails\/11246414\/en-alquiler-58.webp","properties_post_title":"en alquiler 58","properties_post_alt":"en alquiler 58"},{"properties_post_image_order":18,"properties_post_image_url":"https:\/\/movin.cloud\/empresas\/2438\/imagenes\/11246414\/en-alquiler-73.webp","properties_post_image_url_thumbnail":"https:\/\/movin.cloud\/empresas\/2438\/imagenes\/thumbnails\/11246414\/en-alquiler-73.webp","properties_post_title":"en alquiler 73","properties_post_alt":"en alquiler 73"},{"properties_post_image_order":19,"properties_post_image_url":"https:\/\/movin.cloud\/empresas\/2438\/imagenes\/11246414\/en-alquiler-59.webp","properties_post_image_url_thumbnail":"https:\/\/movin.cloud\/empresas\/2438\/imagenes\/thumbnails\/11246414\/en-alquiler-59.webp","properties_post_title":"en alquiler 59","properties_post_alt":"en alquiler 59"},{"properties_post_image_order":20,"properties_post_image_url":"https:\/\/movin.cloud\/empresas\/2438\/imagenes\/11246414\/en-alquiler-60.webp","properties_post_image_url_thumbnail":"https:\/\/movin.cloud\/empresas\/2438\/imagenes\/thumbnails\/11246414\/en-alquiler-60.webp","properties_post_title":"en alquiler 60","properties_post_alt":"en alquiler 60"},{"properties_post_image_order":21,"properties_post_image_url":"https:\/\/movin.cloud\/empresas\/2438\/imagenes\/11246414\/en-alquiler-61.webp","properties_post_image_url_thumbnail":"https:\/\/movin.cloud\/empresas\/2438\/imagenes\/thumbnails\/11246414\/en-alquiler-61.webp","properties_post_title":"en alquiler 61","properties_post_alt":"en alquiler 61"},{"properties_post_image_order":22,"properties_post_image_url":"https:\/\/movin.cloud\/empresas\/2438\/imagenes\/11246414\/en-alquiler-62.webp","properties_post_image_url_thumbnail":"https:\/\/movin.cloud\/empresas\/2438\/imagenes\/thumbnails\/11246414\/en-alquiler-62.webp","properties_post_title":"en alquiler 62","properties_post_alt":"en alquiler 62"},{"properties_post_image_order":23,"properties_post_image_url":"https:\/\/movin.cloud\/empresas\/2438\/imagenes\/11246414\/en-alquiler-63.webp","properties_post_image_url_thumbnail":"https:\/\/movin.cloud\/empresas\/2438\/imagenes\/thumbnails\/11246414\/en-alquiler-63.webp","properties_post_title":"en alquiler 63","properties_post_alt":"en alquiler 63"},{"properties_post_image_order":24,"properties_post_image_url":"https:\/\/movin.cloud\/empresas\/2438\/imagenes\/11246414\/en-alquiler-64.webp","properties_post_image_url_thumbnail":"https:\/\/movin.cloud\/empresas\/2438\/imagenes\/thumbnails\/11246414\/en-alquiler-64.webp","properties_post_title":"en alquiler 64","properties_post_alt":"en alquiler 64"},{"properties_post_image_order":25,"properties_post_image_url":"https:\/\/movin.cloud\/empresas\/2438\/imagenes\/11246414\/en-alquiler-43.webp","properties_post_image_url_thumbnail":"https:\/\/movin.cloud\/empresas\/2438\/imagenes\/thumbnails\/11246414\/en-alquiler-43.webp","properties_post_title":"en alquiler 43","properties_post_alt":"en alquiler 43"},{"properties_post_image_order":26,"properties_post_image_url":"https:\/\/movin.cloud\/empresas\/2438\/imagenes\/11246414\/en-alquiler-65.webp","properties_post_image_url_thumbnail":"https:\/\/movin.cloud\/empresas\/2438\/imagenes\/thumbnails\/11246414\/en-alquiler-65.webp","properties_post_title":"en alquiler 65","properties_post_alt":"en alquiler 65"},{"properties_post_image_order":27,"properties_post_image_url":"https:\/\/movin.cloud\/empresas\/2438\/imagenes\/11246414\/en-alquiler-66.webp","properties_post_image_url_thumbnail":"https:\/\/movin.cloud\/empresas\/2438\/imagenes\/thumbnails\/11246414\/en-alquiler-66.webp","properties_post_title":"en alquiler 66","properties_post_alt":"en alquiler 66"},{"properties_post_image_order":28,"properties_post_image_url":"https:\/\/movin.cloud\/empresas\/2438\/imagenes\/11246414\/en-alquiler-67.webp","properties_post_image_url_thumbnail":"https:\/\/movin.cloud\/empresas\/2438\/imagenes\/thumbnails\/11246414\/en-alquiler-67.webp","properties_post_title":"en alquiler 67","properties_post_alt":"en alquiler 67"},{"properties_post_image_order":29,"properties_post_image_url":"https:\/\/movin.cloud\/empresas\/2438\/imagenes\/11246414\/en-alquiler-79.webp","properties_post_image_url_thumbnail":"https:\/\/movin.cloud\/empresas\/2438\/imagenes\/thumbnails\/11246414\/en-alquiler-79.webp","properties_post_title":"en alquiler 79","properties_post_alt":"en alquiler 79"},{"properties_post_image_order":30,"properties_post_image_url":"https:\/\/movin.cloud\/empresas\/2438\/imagenes\/11246414\/en-alquiler-68.webp","properties_post_image_url_thumbnail":"https:\/\/movin.cloud\/empresas\/2438\/imagenes\/thumbnails\/11246414\/en-alquiler-68.webp","properties_post_title":"en alquiler 68","properties_post_alt":"en alquiler 68"},{"properties_post_image_order":31,"properties_post_image_url":"https:\/\/movin.cloud\/empresas\/2438\/imagenes\/11246414\/en-alquiler-69.webp","properties_post_image_url_thumbnail":"https:\/\/movin.cloud\/empresas\/2438\/imagenes\/thumbnails\/11246414\/en-alquiler-69.webp","properties_post_title":"en alquiler 69","properties_post_alt":"en alquiler 69"},{"properties_post_image_order":32,"properties_post_image_url":"https:\/\/movin.cloud\/empresas\/2438\/imagenes\/11246414\/en-alquiler-70.webp","properties_post_image_url_thumbnail":"https:\/\/movin.cloud\/empresas\/2438\/imagenes\/thumbnails\/11246414\/en-alquiler-70.webp","properties_post_title":"en alquiler 70","properties_post_alt":"en alquiler 70"},{"properties_post_image_order":33,"properties_post_image_url":"https:\/\/movin.cloud\/empresas\/2438\/imagenes\/11246414\/en-alquiler-71.webp","properties_post_image_url_thumbnail":"https:\/\/movin.cloud\/empresas\/2438\/imagenes\/thumbnails\/11246414\/en-alquiler-71.webp","properties_post_title":"en alquiler 71","properties_post_alt":"en alquiler 71"},{"properties_post_image_order":34,"properties_post_image_url":"https:\/\/movin.cloud\/empresas\/2438\/imagenes\/11246414\/en-alquiler-74.webp","properties_post_image_url_thumbnail":"https:\/\/movin.cloud\/empresas\/2438\/imagenes\/thumbnails\/11246414\/en-alquiler-74.webp","properties_post_title":"en alquiler 74","properties_post_alt":"en alquiler 74"},{"properties_post_image_order":35,"properties_post_image_url":"https:\/\/movin.cloud\/empresas\/2438\/imagenes\/11246414\/en-alquiler-75.webp","properties_post_image_url_thumbnail":"https:\/\/movin.cloud\/empresas\/2438\/imagenes\/thumbnails\/11246414\/en-alquiler-75.webp","properties_post_title":"en alquiler 75","properties_post_alt":"en alquiler 75"},{"properties_post_image_order":36,"properties_post_image_url":"https:\/\/movin.cloud\/empresas\/2438\/imagenes\/11246414\/en-alquiler-76.webp","properties_post_image_url_thumbnail":"https:\/\/movin.cloud\/empresas\/2438\/imagenes\/thumbnails\/11246414\/en-alquiler-76.webp","properties_post_title":"en alquiler 76","properties_post_alt":"en alquiler 76"},{"properties_post_image_order":37,"properties_post_image_url":"https:\/\/movin.cloud\/empresas\/2438\/imagenes\/11246414\/en-alquiler-77.webp","properties_post_image_url_thumbnail":"https:\/\/movin.cloud\/empresas\/2438\/imagenes\/thumbnails\/11246414\/en-alquiler-77.webp","properties_post_title":"en alquiler 77","properties_post_alt":"en alquiler 77"},{"properties_post_image_order":38,"properties_post_image_url":"https:\/\/movin.cloud\/empresas\/2438\/imagenes\/11246414\/en-alquiler-78.webp","properties_post_image_url_thumbnail":"https:\/\/movin.cloud\/empresas\/2438\/imagenes\/thumbnails\/11246414\/en-alquiler-78.webp","properties_post_title":"en alquiler 78","properties_post_alt":"en alquiler 78"},{"properties_post_image_order":39,"properties_post_image_url":"https:\/\/movin.cloud\/empresas\/2438\/imagenes\/11246414\/en-alquiler-80.webp","properties_post_image_url_thumbnail":"https:\/\/movin.cloud\/empresas\/2438\/imagenes\/thumbnails\/11246414\/en-alquiler-80.webp","properties_post_title":"en alquiler 80","properties_post_alt":"en alquiler 80"},{"properties_post_image_order":40,"properties_post_image_url":"https:\/\/movin.cloud\/empresas\/2438\/imagenes\/11246414\/en-alquiler-72.webp","properties_post_image_url_thumbnail":"https:\/\/movin.cloud\/empresas\/2438\/imagenes\/thumbnails\/11246414\/en-alquiler-72.webp","properties_post_title":"en alquiler 72","properties_post_alt":"en alquiler 72"},{"properties_post_image_order":41,"properties_post_image_url":"https:\/\/movin.cloud\/empresas\/2438\/imagenes\/11246414\/en-alquiler-81.webp","properties_post_image_url_thumbnail":"https:\/\/movin.cloud\/empresas\/2438\/imagenes\/thumbnails\/11246414\/en-alquiler-81.webp","properties_post_title":"en alquiler 81","properties_post_alt":"en alquiler 81"},{"properties_post_image_order":42,"properties_post_image_url":"https:\/\/movin.cloud\/empresas\/2438\/imagenes\/11246414\/en-alquiler-82.webp","properties_post_image_url_thumbnail":"https:\/\/movin.cloud\/empresas\/2438\/imagenes\/thumbnails\/11246414\/en-alquiler-82.webp","properties_post_title":"en alquiler 82","properties_post_alt":"en alquiler 82"},{"properties_post_image_order":43,"properties_post_image_url":"https:\/\/movin.cloud\/empresas\/2438\/imagenes\/11246414\/en-alquiler-83.webp","properties_post_image_url_thumbnail":"https:\/\/movin.cloud\/empresas\/2438\/imagenes\/thumbnails\/11246414\/en-alquiler-83.webp","properties_post_title":"en alquiler 83","properties_post_alt":"en alquiler 83"},{"properties_post_image_order":44,"properties_post_image_url":"https:\/\/movin.cloud\/empresas\/2438\/imagenes\/11246414\/en-alquiler-84.webp","properties_post_image_url_thumbnail":"https:\/\/movin.cloud\/empresas\/2438\/imagenes\/thumbnails\/11246414\/en-alquiler-84.webp","properties_post_title":"en alquiler 84","properties_post_alt":"en alquiler 84"},{"properties_post_image_order":45,"properties_post_image_url":"https:\/\/movin.cloud\/empresas\/2438\/imagenes\/11246414\/en-alquiler-85.webp","properties_post_image_url_thumbnail":"https:\/\/movin.cloud\/empresas\/2438\/imagenes\/thumbnails\/11246414\/en-alquiler-85.webp","properties_post_title":"en alquiler 85","properties_post_alt":"en alquiler 85"},{"properties_post_image_order":46,"properties_post_image_url":"https:\/\/movin.cloud\/empresas\/2438\/imagenes\/11246414\/en-alquiler-86.webp","properties_post_image_url_thumbnail":"https:\/\/movin.cloud\/empresas\/2438\/imagenes\/thumbnails\/11246414\/en-alquiler-86.webp","properties_post_title":"en alquiler 86","properties_post_alt":"en alquiler 86"},{"properties_post_image_order":47,"properties_post_image_url":"https:\/\/movin.cloud\/empresas\/2438\/imagenes\/11246414\/en-alquiler-13.webp","properties_post_image_url_thumbnail":"https:\/\/movin.cloud\/empresas\/2438\/imagenes\/thumbnails\/11246414\/en-alquiler-13.webp","properties_post_title":"en alquiler 13","properties_post_alt":"en alquiler 13"}],"post_type_properties_post_videos":null,"post_type_properties_post_tour":null,"post_type_properties_post_dossier_url":"","post_type_properties_post_operation_type":"rent","post_type_properties_post_operation_price":34944,"post_type_properties_post_features_hidden_price":false},"yoast_head":"<!-- This site is optimized with the Yoast SEO plugin v25.6 - https:\/\/yoast.com\/wordpress\/plugins\/seo\/ -->\n<title>HIIT TECH BUILDING - Forcadell<\/title>\n<meta name=\"robots\" content=\"index, follow, max-snippet:-1, max-image-preview:large, max-video-preview:-1\" \/>\n<link rel=\"canonical\" href=\"https:\/\/forcadell.com\/ca\/propiedades\/hiit-tech-building-5\/\" \/>\n<meta property=\"og:locale\" content=\"ca_ES\" \/>\n<meta property=\"og:type\" content=\"article\" \/>\n<meta property=\"og:title\" content=\"HIIT TECH BUILDING - Forcadell\" \/>\n<meta property=\"og:description\" content=\"\u00a1Bienvenido al futuro de las oficinas en el innovador distrito 22@! Te presentamos HIIT, un edificio de oficinas de reciente construcci\u00f3n, dise\u00f1ado para ofrecer un entorno moderno y din\u00e1mico que fomente la creatividad y productividad de las mentes m\u00e1s innovadoras. Un espacio que combina vanguardia, confort y eficiencia en cada rinc\u00f3n. Lo que ofrecemos: Certificaci\u00f3n [&hellip;]\" \/>\n<meta property=\"og:url\" content=\"https:\/\/forcadell.com\/ca\/propiedades\/hiit-tech-building-5\/\" \/>\n<meta property=\"og:site_name\" content=\"Forcadell\" \/>\n<meta property=\"article:modified_time\" content=\"2026-04-25T09:14:43+00:00\" \/>\n<meta name=\"twitter:card\" content=\"summary_large_image\" \/>\n<meta name=\"twitter:label1\" content=\"Temps estimat de lectura\" \/>\n\t<meta name=\"twitter:data1\" content=\"1 minut\" \/>\n<!-- \/ Yoast SEO plugin. -->","yoast_head_json":{"title":"HIIT TECH BUILDING - Forcadell","robots":{"index":"index","follow":"follow","max-snippet":"max-snippet:-1","max-image-preview":"max-image-preview:large","max-video-preview":"max-video-preview:-1"},"canonical":"https:\/\/forcadell.com\/ca\/propiedades\/hiit-tech-building-5\/","og_locale":"ca_ES","og_type":"article","og_title":"HIIT TECH BUILDING - Forcadell","og_description":"\u00a1Bienvenido al futuro de las oficinas en el innovador distrito 22@! Te presentamos HIIT, un edificio de oficinas de reciente construcci\u00f3n, dise\u00f1ado para ofrecer un entorno moderno y din\u00e1mico que fomente la creatividad y productividad de las mentes m\u00e1s innovadoras. Un espacio que combina vanguardia, confort y eficiencia en cada rinc\u00f3n. Lo que ofrecemos: Certificaci\u00f3n [&hellip;]","og_url":"https:\/\/forcadell.com\/ca\/propiedades\/hiit-tech-building-5\/","og_site_name":"Forcadell","article_modified_time":"2026-04-25T09:14:43+00:00","twitter_card":"summary_large_image","twitter_misc":{"Temps estimat de lectura":"1 minut"},"schema":{"@context":"https:\/\/schema.org","@graph":[{"@type":"WebPage","@id":"https:\/\/forcadell.com\/ca\/propiedades\/hiit-tech-building-5\/","url":"https:\/\/forcadell.com\/ca\/propiedades\/hiit-tech-building-5\/","name":"HIIT TECH BUILDING - Forcadell","isPartOf":{"@id":"https:\/\/forcadell.com\/ca\/#website"},"datePublished":"2025-11-04T14:27:33+00:00","dateModified":"2026-04-25T09:14:43+00:00","breadcrumb":{"@id":"https:\/\/forcadell.com\/ca\/propiedades\/hiit-tech-building-5\/#breadcrumb"},"inLanguage":"ca","potentialAction":[{"@type":"ReadAction","target":["https:\/\/forcadell.com\/ca\/propiedades\/hiit-tech-building-5\/"]}]},{"@type":"BreadcrumbList","@id":"https:\/\/forcadell.com\/ca\/propiedades\/hiit-tech-building-5\/#breadcrumb","itemListElement":[{"@type":"ListItem","position":1,"name":"Portada","item":"https:\/\/forcadell.com\/ca\/"},{"@type":"ListItem","position":2,"name":"Properties","item":"https:\/\/forcadell.com\/ca\/propiedades\/"},{"@type":"ListItem","position":3,"name":"HIIT TECH BUILDING"}]},{"@type":"WebSite","@id":"https:\/\/forcadell.com\/ca\/#website","url":"https:\/\/forcadell.com\/ca\/","name":"Forcadell","description":"Inmobiliaria Barcelona | Consultores inmobiliarios","potentialAction":[{"@type":"SearchAction","target":{"@type":"EntryPoint","urlTemplate":"https:\/\/forcadell.com\/ca\/?s={search_term_string}"},"query-input":{"@type":"PropertyValueSpecification","valueRequired":true,"valueName":"search_term_string"}}],"inLanguage":"ca"}]}},"_links":{"self":[{"href":"https:\/\/forcadell.com\/ca\/wp-json\/wp\/v2\/properties_post\/58086"}],"collection":[{"href":"https:\/\/forcadell.com\/ca\/wp-json\/wp\/v2\/properties_post"}],"about":[{"href":"https:\/\/forcadell.com\/ca\/wp-json\/wp\/v2\/types\/properties_post"}],"wp:attachment":[{"href":"https:\/\/forcadell.com\/ca\/wp-json\/wp\/v2\/media?parent=58086"}],"curies":[{"name":"wp","href":"https:\/\/api.w.org\/{rel}","templated":true}]}}