{"id":58022,"date":"2025-11-04T16:23:16","date_gmt":"2025-11-04T14:23:16","guid":{"rendered":"https:\/\/www.forcadell.com\/propiedades\/factory-86-2\/"},"modified":"2026-04-27T04:41:08","modified_gmt":"2026-04-27T02:41:08","slug":"factory-86-2","status":"publish","type":"properties_post","link":"https:\/\/forcadell.com\/ca\/propiedades\/factory-86-2\/","title":{"rendered":"FACTORY 86"},"content":{"rendered":"<p>\u00bfEres una startup con grandes ideas? \u00a1Tenemos el espacio que tu equipo necesita!<\/p>\n<p>Bienvenido al futuro del trabajo en el coraz\u00f3n del 22@, el distrito m\u00e1s vibrante y creativo de Barcelona.<\/p>\n<p> Estamos rehabilitando un edificio que rompe con lo tradicional: dise\u00f1o moderno, espacios abiertos, terrazas en cada planta y toda la flexibilidad que necesita una empresa joven para crecer sin l\u00edmites.<\/p>\n<p>Tu oficina, tu estilo:<\/p>\n<p>55 m\u00b2 de terraza privada en esta planta<\/p>\n<p>Pensado para equipos como el tuyo:<\/p>\n<p>Espacios di\u00e1fanos y de doble altura: colabora, crea, transforma<br \/>\nAltura libre de hasta 4,20 m<br \/>\nClimatizaci\u00f3n sostenible con Districlima<br \/>\nIluminaci\u00f3n LED que cuida tu presupuesto (y el planeta)<br \/>\nSuelo t\u00e9cnico para configurar tu espacio a medida<br \/>\nRatio de ocupaci\u00f3n 1:7<br \/>\n100% accesible para todos los perfiles<\/p>\n<p>A solo minutos de Torre Gl\u00f2ries y rodeado de servicios, ocio y conexiones. Porque sabemos que una buena ubicaci\u00f3n tambi\u00e9n suma.<\/p>\n<p>Ideal para:<\/p>\n<p>Startups en crecimiento<br \/>\nEquipos creativos y tecnol\u00f3gicos<br \/>\nProyectos que buscan un espacio con personalidad<\/p>\n<p>\u00bfListos para dar el siguiente paso?<\/p>\n<p>Cont\u00e1ctanos y reserva tu nuevo espacio en el epicentro de la innovaci\u00f3n de Barcelona.<\/p>\n","protected":false},"template":"","class_list":["post-58022","properties_post","type-properties_post","status-publish","hentry","properties_modality-rent","properties_district-sant-marti","properties_province-barcelona","properties_zone-116","properties_state-barcelona","properties_subclass-oficina","properties_type-oficina"],"acf":{"post_type_properties_post_property_code":"11245904","post_type_properties_post_property_reference":"IE-225121","post_type_properties_post_owner_id":"35491","post_type_properties_post_owner_name":"MERIDIA RE IV PROYECTO 2, SL","post_type_properties_post_property_code_encrypted":"MjQ5JDMwNDcx","post_type_properties_post_published":"1","post_type_properties_post_property_visibility":"idealista","post_type_properties_post_contact_name":"Forcadell Oficinas Barcelona","post_type_properties_post_contact_email":"forcadell.oficinas.barcelona@movin.cloud","post_type_properties_post_contact_primary_phone_prefix":"34","post_type_properties_post_contact_primary_phone_number":"934965413","post_type_properties_post_address_visibility":"street","post_type_properties_post_address_country":"Spain","post_type_properties_post_address_coordinates_precision":"exact","post_type_properties_post_address_postal_code":"08005","post_type_properties_post_address_coordinates_latitude":"41.3975483","post_type_properties_post_address_coordinates_longitude":"2.1936769","post_type_properties_post_address_street_name":"Pere IV, 86","post_type_properties_post_address_floor":"1","post_type_properties_post_address_town":"Barcelona","post_type_properties_post_building":null,"post_type_properties_post_property":[{"properties_post_description_language":"catalan","properties_post_title":"FACTORY 86","properties_post_short_description_text_alt":"","properties_post_description_text_alt":"","properties_post_short_description_text":"","properties_post_link_demanda_inmueble":"https:\/\/movin.cloud\/ca\/Forcadell Oficinas Barcelona\/formulari-peticio-immoble\/sth\/2438&&11245904","properties_post_link_demanda_calendario_inmueble":"https:\/\/movin.cloud\/ca\/Forcadell Oficinas Barcelona\/calendari-peticio-immoble\/sth\/2438&&11245904","properties_post_description_text":"Ets una startup amb grans idees? Tenim lespai que el teu equip necessita!\n\nBenvingut al futur de la feina al cor del 22@, el districte m\u00e9s vibrant i creatiu de Barcelona. \n\nEstem rehabilitant un edifici que trenca amb el tradicional: disseny modern, espais oberts, terrasses a cada planta i tota la flexibilitat que necessita una empresa jove per cr\u00e9ixer sense l\u00edmits.\n\nLa teva oficina, el teu estil:\n\n55 m\u00b2 de terrassa privada en aquesta planta\n\nPensat per a equips com el teu:\n\nEspais di\u00e0fans i de doble altura: col\u00b7labora, crea, transforma\nAl\u00e7ada lliure de fins a 4,20 m\nClimatitzaci\u00f3 sostenible amb Districlima\nIl\u00b7luminaci\u00f3 LED que cuida el teu pressupost (i el planeta)\nS\u00f2l t\u00e8cnic per configurar el teu espai a mida\nR\u00e0tio d'ocupaci\u00f3 1:7\n100% accessible per a tots els perfils\n\nA nom\u00e9s minuts de Torre Gl\u00f2ries i envoltat de serveis, lleure i connexions. Perqu\u00e8 sabem que una bona ubicaci\u00f3 tamb\u00e9 hi suma.\n\nIdeal per:\n\nStartups en creixement\nEquips creatius i tecnol\u00f2gics\nProjectes que busquen un espai amb personalitat\n\nLlestos per fer el seg\u00fcent pas?\n\nContacta'ns i reserva el teu nou espai a l'epicentre de la innovaci\u00f3 de Barcelona.\n","properties_post_seo_title":"","properties_post_seo_alias":"","properties_post_seo_metadescription":"","properties_post_seo_key_words":"","properties_post_seo_url":"","properties_post_terms_conditions":""},{"properties_post_description_language":"spanish","properties_post_title":"FACTORY 86","properties_post_short_description_text_alt":"","properties_post_description_text_alt":"","properties_post_short_description_text":"","properties_post_link_demanda_inmueble":"https:\/\/movin.cloud\/es\/Forcadell Oficinas Barcelona\/formulario-peticion-inmueble\/sth\/2438&&11245904","properties_post_link_demanda_calendario_inmueble":"https:\/\/movin.cloud\/es\/Forcadell Oficinas Barcelona\/calendario-peticion-inmueble\/sth\/2438&&11245904","properties_post_description_text":"\u00bfEres una startup con grandes ideas? \u00a1Tenemos el espacio que tu equipo necesita!\n\nBienvenido al futuro del trabajo en el coraz\u00f3n del 22@, el distrito m\u00e1s vibrante y creativo de Barcelona.\n\n Estamos rehabilitando un edificio que rompe con lo tradicional: dise\u00f1o moderno, espacios abiertos, terrazas en cada planta y toda la flexibilidad que necesita una empresa joven para crecer sin l\u00edmites.\n\nTu oficina, tu estilo:\n\n55 m\u00b2 de terraza privada en esta planta\n\nPensado para equipos como el tuyo:\n\nEspacios di\u00e1fanos y de doble altura: colabora, crea, transforma\nAltura libre de hasta 4,20 m\nClimatizaci\u00f3n sostenible con Districlima\nIluminaci\u00f3n LED que cuida tu presupuesto (y el planeta)\nSuelo t\u00e9cnico para configurar tu espacio a medida\nRatio de ocupaci\u00f3n 1:7\n100% accesible para todos los perfiles\n\nA solo minutos de Torre Gl\u00f2ries y rodeado de servicios, ocio y conexiones. Porque sabemos que una buena ubicaci\u00f3n tambi\u00e9n suma.\n\nIdeal para:\n\nStartups en crecimiento\nEquipos creativos y tecnol\u00f3gicos\nProyectos que buscan un espacio con personalidad\n\n\u00bfListos para dar el siguiente paso?\n\nCont\u00e1ctanos y reserva tu nuevo espacio en el epicentro de la innovaci\u00f3n de Barcelona.\n","properties_post_seo_title":"","properties_post_seo_alias":"","properties_post_seo_metadescription":"","properties_post_seo_key_words":"","properties_post_seo_url":"","properties_post_terms_conditions":""}],"post_type_properties_post_features_type":"office","post_type_properties_post_id_building":"MjQ5JDMwNDY5","post_type_properties_post_features_area_constructed":969,"post_type_properties_post_features_conditioned_air":false,"post_type_properties_post_features_doorman":false,"post_type_properties_post_features_heating":false,"post_type_properties_post_features_equipped_kitchen":false,"post_type_properties_post_features_windows_location":"exterior","post_type_properties_post_features_floors_property":false,"post_type_properties_post_features_storage":false,"post_type_properties_post_features_security_door":false,"post_type_properties_post_features_energy_certificate_rating":"A","post_type_properties_post_features_energy_certificate_emissions_rating":"A","post_type_properties_post_features_energy_certificate_emissions_value":"","post_type_properties_post_features_energy_certificate_performance":"","post_type_properties_post_features_bathroom_inside":false,"post_type_properties_post_precio":22290.68,"post_type_properties_post_precio_alquiler":22290.68,"post_type_properties_post_record_type_id":"Oficina","post_type_properties_post_categoria__producto":"Oficina","post_type_properties_post_amueblado":false,"post_type_properties_post_precio_m2":23,"post_type_properties_post_zona__comunitaria":false,"post_type_properties_post_electrodomesticos":false,"post_type_properties_post_patio__interior":true,"post_type_properties_post_certificado_energetico_general":"A","post_type_properties_post_certificado_energetico_consumo":"A","post_type_properties_post_certificado_energetico_valor_emisiones":"","post_type_properties_post_certificado_energetico_valor_consumo":"","post_type_properties_post_modalidad":"rent","post_type_properties_post_provincia":"Barcelona","post_type_properties_post_poblacion":"Barcelona","post_type_properties_post_centro__urbano":false,"post_type_properties_post_zonificacion":"22 @","post_type_properties_post_cartera":"","post_type_properties_post_titulo_catalan":"FACTORY 86","post_type_properties_post_internet_catalan":"Ets una startup amb grans idees? Tenim lespai que el teu equip necessita!\n\nBenvingut al futur de la feina al cor del 22@, el districte m\u00e9s vibrant i creatiu de Barcelona. \n\nEstem rehabilitant un edifici que trenca amb el tradicional: disseny modern, espais oberts, terrasses a cada planta i tota la flexibilitat que necessita una empresa jove per cr\u00e9ixer sense l\u00edmits.\n\nLa teva oficina, el teu estil:\n\n55 m\u00b2 de terrassa privada en aquesta planta\n\nPensat per a equips com el teu:\n\nEspais di\u00e0fans i de doble altura: col\u00b7labora, crea, transforma\nAl\u00e7ada lliure de fins a 4,20 m\nClimatitzaci\u00f3 sostenible amb Districlima\nIl\u00b7luminaci\u00f3 LED que cuida el teu pressupost (i el planeta)\nS\u00f2l t\u00e8cnic per configurar el teu espai a mida\nR\u00e0tio d'ocupaci\u00f3 1:7\n100% accessible per a tots els perfils\n\nA nom\u00e9s minuts de Torre Gl\u00f2ries i envoltat de serveis, lleure i connexions. Perqu\u00e8 sabem que una bona ubicaci\u00f3 tamb\u00e9 hi suma.\n\nIdeal per:\n\nStartups en creixement\nEquips creatius i tecnol\u00f2gics\nProjectes que busquen un espai amb personalitat\n\nLlestos per fer el seg\u00fcent pas?\n\nContacta'ns i reserva el teu nou espai a l'epicentre de la innovaci\u00f3 de Barcelona.\n","post_type_properties_post_titulo_castellano":"FACTORY 86","post_type_properties_post_internet_castellano":"\u00bfEres una startup con grandes ideas? \u00a1Tenemos el espacio que tu equipo necesita!\n\nBienvenido al futuro del trabajo en el coraz\u00f3n del 22@, el distrito m\u00e1s vibrante y creativo de Barcelona.\n\n Estamos rehabilitando un edificio que rompe con lo tradicional: dise\u00f1o moderno, espacios abiertos, terrazas en cada planta y toda la flexibilidad que necesita una empresa joven para crecer sin l\u00edmites.\n\nTu oficina, tu estilo:\n\n55 m\u00b2 de terraza privada en esta planta\n\nPensado para equipos como el tuyo:\n\nEspacios di\u00e1fanos y de doble altura: colabora, crea, transforma\nAltura libre de hasta 4,20 m\nClimatizaci\u00f3n sostenible con Districlima\nIluminaci\u00f3n LED que cuida tu presupuesto (y el planeta)\nSuelo t\u00e9cnico para configurar tu espacio a medida\nRatio de ocupaci\u00f3n 1:7\n100% accesible para todos los perfiles\n\nA solo minutos de Torre Gl\u00f2ries y rodeado de servicios, ocio y conexiones. Porque sabemos que una buena ubicaci\u00f3n tambi\u00e9n suma.\n\nIdeal para:\n\nStartups en crecimiento\nEquipos creativos y tecnol\u00f3gicos\nProyectos que buscan un espacio con personalidad\n\n\u00bfListos para dar el siguiente paso?\n\nCont\u00e1ctanos y reserva tu nuevo espacio en el epicentro de la innovaci\u00f3n de Barcelona.\n","post_type_properties_post_titulo_ingles":"","post_type_properties_post_internet_ingles":"","post_type_properties_post_features_classification_commercial":false,"post_type_properties_post_features_conservation":"","post_type_properties_post_features_security_personnel":false,"post_type_properties_post_features_parking_available":false,"post_type_properties_post_features_garage_capacity_type":"","post_type_properties_post_features_bathroom_number":"","post_type_properties_post_eje":"","post_type_properties_post_zona":"","post_type_properties_post_comarca":"","post_type_properties_post_features_built_year":"","post_type_properties_post_renta_mensual":22639.36,"post_type_properties_post_fianza":"","post_type_properties_post_features_area_plot":"","post_type_properties_post_features_area_buildable":"","post_type_properties_post_features_classification_industrial":false,"post_type_properties_post_distrito":"","post_type_properties_post_features_balcony":false,"post_type_properties_post_features_bedroom_number":"","post_type_properties_post_features_heating_type":"","post_type_properties_post_features_equipped_with_furniture":false,"post_type_properties_post_features_pets_allowed":false,"post_type_properties_post_features_pool":false,"post_type_properties_post_features_terrace":false,"post_type_properties_post_features_wardrobes":false,"post_type_properties_post_features_lift_available":false,"post_type_properties_post_features_handicap_adapted_access":false,"post_type_properties_post_features_orientation_east":false,"post_type_properties_post_features_orientation_west":false,"post_type_properties_post_features_orientation_north":false,"post_type_properties_post_features_orientation_south":false,"post_type_properties_post_features_parking_spaces_number":"","post_type_properties_post_features_security_alarm":false,"post_type_properties_post_features_security_system":false,"post_type_properties_post_open_plan":false,"post_type_properties_post_acceso_24_7":false,"post_type_properties_post_oficina_privada":false,"post_type_properties_post_sala_reuniones":false,"post_type_properties_post_espacio_eventos":false,"post_type_properties_post_office":false,"post_type_properties_post_restaurant":false,"post_type_properties_post_acepta_traspaso":false,"post_type_properties_post_vigilancia":false,"post_type_properties_post_features_suite":false,"post_type_properties_post_features_vitro":false,"post_type_properties_post_features_oven":false,"post_type_properties_post_features_microwave":false,"post_type_properties_post_features_washing_machine":false,"post_type_properties_post_features_dryer":false,"post_type_properties_post_features_dishwasher":false,"post_type_properties_post_features_fridge":false,"post_type_properties_post_features_fridge_mini":false,"post_type_properties_post_features_kettle":false,"post_type_properties_post_features_toaster":false,"post_type_properties_post_features_coffee_maker":false,"post_type_properties_post_features_iron":false,"post_type_properties_post_features_ironing_board":false,"post_type_properties_post_features_safe":false,"post_type_properties_post_features_internet":false,"post_type_properties_post_features_solarium":false,"post_type_properties_post_features_clean_service":false,"post_type_properties_post_features_t_v":false,"post_type_properties_post_features_satellite_t_v":false,"post_type_properties_post_features_gas_kitchen":false,"post_type_properties_post_features_view_mountain":false,"post_type_properties_post_features_view_sea":false,"post_type_properties_post_features_concierge":true,"post_type_properties_post_features_loading_dock":false,"post_type_properties_post_features_bridge_crane":false,"post_type_properties_post_features_located_at_corner":false,"post_type_properties_post_features_smoke_extraction":false,"post_type_properties_post_features_rooms":"","post_type_properties_post_features_garden_area":"","post_type_properties_post_features_utilities_water":false,"post_type_properties_post_features_utilities_electricity":false,"post_type_properties_post_features_utilities_natural_gas":false,"post_type_properties_post_features_building_adapted":true,"post_type_properties_post_features_garden":false,"post_type_properties_post_features_classification_hotel":false,"post_type_properties_post_features_classification_chalet":false,"post_type_properties_post_certificado_energetico_emisiones":"A","post_type_properties_post_barrio":"","post_type_properties_post_distrito_empresa":"Sant Mart\u00ed","post_type_properties_post_features_property_category_intern":"","post_type_properties_post_implantada":false,"post_type_properties_post_sello_leed":"2","post_type_properties_post_sello_well":"","post_type_properties_post_sello_breeam":false,"post_type_properties_post_images":[{"properties_post_image_order":1,"properties_post_image_url":"https:\/\/movin.cloud\/empresas\/2438\/imagenes\/11245904\/barcelona-inmobiliaria.webp","properties_post_image_url_thumbnail":"https:\/\/movin.cloud\/empresas\/2438\/imagenes\/thumbnails\/11245904\/barcelona-inmobiliaria.webp","properties_post_title":"barcelona inmobiliaria","properties_post_alt":"barcelona inmobiliaria"},{"properties_post_image_order":2,"properties_post_image_url":"https:\/\/movin.cloud\/empresas\/2438\/imagenes\/11245904\/en-alquiler-7.webp","properties_post_image_url_thumbnail":"https:\/\/movin.cloud\/empresas\/2438\/imagenes\/thumbnails\/11245904\/en-alquiler-7.webp","properties_post_title":"en alquiler 7","properties_post_alt":"en alquiler 7"},{"properties_post_image_order":3,"properties_post_image_url":"https:\/\/movin.cloud\/empresas\/2438\/imagenes\/11245904\/en-alquiler-11.webp","properties_post_image_url_thumbnail":"https:\/\/movin.cloud\/empresas\/2438\/imagenes\/thumbnails\/11245904\/en-alquiler-11.webp","properties_post_title":"en alquiler 11","properties_post_alt":"en alquiler 11"},{"properties_post_image_order":4,"properties_post_image_url":"https:\/\/movin.cloud\/empresas\/2438\/imagenes\/11245904\/en-alquiler-17.webp","properties_post_image_url_thumbnail":"https:\/\/movin.cloud\/empresas\/2438\/imagenes\/thumbnails\/11245904\/en-alquiler-17.webp","properties_post_title":"en alquiler 17","properties_post_alt":"en alquiler 17"},{"properties_post_image_order":5,"properties_post_image_url":"https:\/\/movin.cloud\/empresas\/2438\/imagenes\/11245904\/barcelona-inmobiliarias.webp","properties_post_image_url_thumbnail":"https:\/\/movin.cloud\/empresas\/2438\/imagenes\/thumbnails\/11245904\/barcelona-inmobiliarias.webp","properties_post_title":"barcelona inmobiliarias","properties_post_alt":"barcelona inmobiliarias"},{"properties_post_image_order":6,"properties_post_image_url":"https:\/\/movin.cloud\/empresas\/2438\/imagenes\/11245904\/en-alquiler-14.webp","properties_post_image_url_thumbnail":"https:\/\/movin.cloud\/empresas\/2438\/imagenes\/thumbnails\/11245904\/en-alquiler-14.webp","properties_post_title":"en alquiler 14","properties_post_alt":"en alquiler 14"},{"properties_post_image_order":7,"properties_post_image_url":"https:\/\/movin.cloud\/empresas\/2438\/imagenes\/11245904\/en-alquiler-3.webp","properties_post_image_url_thumbnail":"https:\/\/movin.cloud\/empresas\/2438\/imagenes\/thumbnails\/11245904\/en-alquiler-3.webp","properties_post_title":"en alquiler 3","properties_post_alt":"en alquiler 3"},{"properties_post_image_order":8,"properties_post_image_url":"https:\/\/movin.cloud\/empresas\/2438\/imagenes\/11245904\/en-alquiler-5.webp","properties_post_image_url_thumbnail":"https:\/\/movin.cloud\/empresas\/2438\/imagenes\/thumbnails\/11245904\/en-alquiler-5.webp","properties_post_title":"en alquiler 5","properties_post_alt":"en alquiler 5"},{"properties_post_image_order":9,"properties_post_image_url":"https:\/\/movin.cloud\/empresas\/2438\/imagenes\/11245904\/en-alquiler-16.webp","properties_post_image_url_thumbnail":"https:\/\/movin.cloud\/empresas\/2438\/imagenes\/thumbnails\/11245904\/en-alquiler-16.webp","properties_post_title":"en alquiler 16","properties_post_alt":"en alquiler 16"},{"properties_post_image_order":10,"properties_post_image_url":"https:\/\/movin.cloud\/empresas\/2438\/imagenes\/11245904\/en-alquiler-13.webp","properties_post_image_url_thumbnail":"https:\/\/movin.cloud\/empresas\/2438\/imagenes\/thumbnails\/11245904\/en-alquiler-13.webp","properties_post_title":"en alquiler 13","properties_post_alt":"en alquiler 13"},{"properties_post_image_order":11,"properties_post_image_url":"https:\/\/movin.cloud\/empresas\/2438\/imagenes\/11245904\/en-alquiler-6.webp","properties_post_image_url_thumbnail":"https:\/\/movin.cloud\/empresas\/2438\/imagenes\/thumbnails\/11245904\/en-alquiler-6.webp","properties_post_title":"en alquiler 6","properties_post_alt":"en alquiler 6"},{"properties_post_image_order":12,"properties_post_image_url":"https:\/\/movin.cloud\/empresas\/2438\/imagenes\/11245904\/en-alquiler-1.webp","properties_post_image_url_thumbnail":"https:\/\/movin.cloud\/empresas\/2438\/imagenes\/thumbnails\/11245904\/en-alquiler-1.webp","properties_post_title":"en alquiler 1","properties_post_alt":"en alquiler 1"},{"properties_post_image_order":13,"properties_post_image_url":"https:\/\/movin.cloud\/empresas\/2438\/imagenes\/11245904\/en-alquiler-8.webp","properties_post_image_url_thumbnail":"https:\/\/movin.cloud\/empresas\/2438\/imagenes\/thumbnails\/11245904\/en-alquiler-8.webp","properties_post_title":"en alquiler 8","properties_post_alt":"en alquiler 8"},{"properties_post_image_order":14,"properties_post_image_url":"https:\/\/movin.cloud\/empresas\/2438\/imagenes\/11245904\/en-alquiler-12.webp","properties_post_image_url_thumbnail":"https:\/\/movin.cloud\/empresas\/2438\/imagenes\/thumbnails\/11245904\/en-alquiler-12.webp","properties_post_title":"en alquiler 12","properties_post_alt":"en alquiler 12"},{"properties_post_image_order":15,"properties_post_image_url":"https:\/\/movin.cloud\/empresas\/2438\/imagenes\/11245904\/en-alquiler-2.webp","properties_post_image_url_thumbnail":"https:\/\/movin.cloud\/empresas\/2438\/imagenes\/thumbnails\/11245904\/en-alquiler-2.webp","properties_post_title":"en alquiler 2","properties_post_alt":"en alquiler 2"},{"properties_post_image_order":16,"properties_post_image_url":"https:\/\/movin.cloud\/empresas\/2438\/imagenes\/11245904\/en-alquiler-4.webp","properties_post_image_url_thumbnail":"https:\/\/movin.cloud\/empresas\/2438\/imagenes\/thumbnails\/11245904\/en-alquiler-4.webp","properties_post_title":"en alquiler 4","properties_post_alt":"en alquiler 4"},{"properties_post_image_order":17,"properties_post_image_url":"https:\/\/movin.cloud\/empresas\/2438\/imagenes\/11245904\/en-alquiler-9.webp","properties_post_image_url_thumbnail":"https:\/\/movin.cloud\/empresas\/2438\/imagenes\/thumbnails\/11245904\/en-alquiler-9.webp","properties_post_title":"en alquiler 9","properties_post_alt":"en alquiler 9"},{"properties_post_image_order":18,"properties_post_image_url":"https:\/\/movin.cloud\/empresas\/2438\/imagenes\/11245904\/en-alquiler-10.webp","properties_post_image_url_thumbnail":"https:\/\/movin.cloud\/empresas\/2438\/imagenes\/thumbnails\/11245904\/en-alquiler-10.webp","properties_post_title":"en alquiler 10","properties_post_alt":"en alquiler 10"},{"properties_post_image_order":19,"properties_post_image_url":"https:\/\/movin.cloud\/empresas\/2438\/imagenes\/11245904\/en-alquiler-15.webp","properties_post_image_url_thumbnail":"https:\/\/movin.cloud\/empresas\/2438\/imagenes\/thumbnails\/11245904\/en-alquiler-15.webp","properties_post_title":"en alquiler 15","properties_post_alt":"en alquiler 15"},{"properties_post_image_order":20,"properties_post_image_url":"https:\/\/movin.cloud\/empresas\/2438\/imagenes\/11245904\/barcelona-fincas.webp","properties_post_image_url_thumbnail":"https:\/\/movin.cloud\/empresas\/2438\/imagenes\/thumbnails\/11245904\/barcelona-fincas.webp","properties_post_title":"barcelona fincas","properties_post_alt":"barcelona fincas"}],"post_type_properties_post_videos":null,"post_type_properties_post_tour":null,"post_type_properties_post_dossier_url":"","post_type_properties_post_operation_type":"rent","post_type_properties_post_operation_price":22290,"post_type_properties_post_features_hidden_price":false},"yoast_head":"<!-- This site is optimized with the Yoast SEO plugin v25.6 - https:\/\/yoast.com\/wordpress\/plugins\/seo\/ -->\n<title>FACTORY 86 - Forcadell<\/title>\n<meta name=\"robots\" content=\"index, follow, max-snippet:-1, max-image-preview:large, max-video-preview:-1\" \/>\n<link rel=\"canonical\" href=\"https:\/\/forcadell.com\/ca\/propiedades\/factory-86-2\/\" \/>\n<meta property=\"og:locale\" content=\"ca_ES\" \/>\n<meta property=\"og:type\" content=\"article\" \/>\n<meta property=\"og:title\" content=\"FACTORY 86 - Forcadell\" \/>\n<meta property=\"og:description\" content=\"\u00bfEres una startup con grandes ideas? \u00a1Tenemos el espacio que tu equipo necesita! Bienvenido al futuro del trabajo en el coraz\u00f3n del 22@, el distrito m\u00e1s vibrante y creativo de Barcelona. Estamos rehabilitando un edificio que rompe con lo tradicional: dise\u00f1o moderno, espacios abiertos, terrazas en cada planta y toda la flexibilidad que necesita una [&hellip;]\" \/>\n<meta property=\"og:url\" content=\"https:\/\/forcadell.com\/ca\/propiedades\/factory-86-2\/\" \/>\n<meta property=\"og:site_name\" content=\"Forcadell\" \/>\n<meta property=\"article:modified_time\" content=\"2026-04-27T02:41:08+00:00\" \/>\n<meta name=\"twitter:card\" content=\"summary_large_image\" \/>\n<meta name=\"twitter:label1\" content=\"Temps estimat de lectura\" \/>\n\t<meta name=\"twitter:data1\" content=\"1 minut\" \/>\n<!-- \/ Yoast SEO plugin. -->","yoast_head_json":{"title":"FACTORY 86 - Forcadell","robots":{"index":"index","follow":"follow","max-snippet":"max-snippet:-1","max-image-preview":"max-image-preview:large","max-video-preview":"max-video-preview:-1"},"canonical":"https:\/\/forcadell.com\/ca\/propiedades\/factory-86-2\/","og_locale":"ca_ES","og_type":"article","og_title":"FACTORY 86 - Forcadell","og_description":"\u00bfEres una startup con grandes ideas? \u00a1Tenemos el espacio que tu equipo necesita! Bienvenido al futuro del trabajo en el coraz\u00f3n del 22@, el distrito m\u00e1s vibrante y creativo de Barcelona. Estamos rehabilitando un edificio que rompe con lo tradicional: dise\u00f1o moderno, espacios abiertos, terrazas en cada planta y toda la flexibilidad que necesita una [&hellip;]","og_url":"https:\/\/forcadell.com\/ca\/propiedades\/factory-86-2\/","og_site_name":"Forcadell","article_modified_time":"2026-04-27T02:41:08+00:00","twitter_card":"summary_large_image","twitter_misc":{"Temps estimat de lectura":"1 minut"},"schema":{"@context":"https:\/\/schema.org","@graph":[{"@type":"WebPage","@id":"https:\/\/forcadell.com\/ca\/propiedades\/factory-86-2\/","url":"https:\/\/forcadell.com\/ca\/propiedades\/factory-86-2\/","name":"FACTORY 86 - Forcadell","isPartOf":{"@id":"https:\/\/forcadell.com\/ca\/#website"},"datePublished":"2025-11-04T14:23:16+00:00","dateModified":"2026-04-27T02:41:08+00:00","breadcrumb":{"@id":"https:\/\/forcadell.com\/ca\/propiedades\/factory-86-2\/#breadcrumb"},"inLanguage":"ca","potentialAction":[{"@type":"ReadAction","target":["https:\/\/forcadell.com\/ca\/propiedades\/factory-86-2\/"]}]},{"@type":"BreadcrumbList","@id":"https:\/\/forcadell.com\/ca\/propiedades\/factory-86-2\/#breadcrumb","itemListElement":[{"@type":"ListItem","position":1,"name":"Portada","item":"https:\/\/forcadell.com\/ca\/"},{"@type":"ListItem","position":2,"name":"Properties","item":"https:\/\/forcadell.com\/ca\/propiedades\/"},{"@type":"ListItem","position":3,"name":"FACTORY 86"}]},{"@type":"WebSite","@id":"https:\/\/forcadell.com\/ca\/#website","url":"https:\/\/forcadell.com\/ca\/","name":"Forcadell","description":"Inmobiliaria Barcelona | Consultores inmobiliarios","potentialAction":[{"@type":"SearchAction","target":{"@type":"EntryPoint","urlTemplate":"https:\/\/forcadell.com\/ca\/?s={search_term_string}"},"query-input":{"@type":"PropertyValueSpecification","valueRequired":true,"valueName":"search_term_string"}}],"inLanguage":"ca"}]}},"_links":{"self":[{"href":"https:\/\/forcadell.com\/ca\/wp-json\/wp\/v2\/properties_post\/58022"}],"collection":[{"href":"https:\/\/forcadell.com\/ca\/wp-json\/wp\/v2\/properties_post"}],"about":[{"href":"https:\/\/forcadell.com\/ca\/wp-json\/wp\/v2\/types\/properties_post"}],"wp:attachment":[{"href":"https:\/\/forcadell.com\/ca\/wp-json\/wp\/v2\/media?parent=58022"}],"curies":[{"name":"wp","href":"https:\/\/api.w.org\/{rel}","templated":true}]}}