{"id":58021,"date":"2025-11-04T16:23:13","date_gmt":"2025-11-04T14:23:13","guid":{"rendered":"https:\/\/www.forcadell.com\/propiedades\/factory-86\/"},"modified":"2026-04-27T08:07:17","modified_gmt":"2026-04-27T06:07:17","slug":"factory-86","status":"publish","type":"properties_post","link":"https:\/\/forcadell.com\/ca\/propiedades\/factory-86\/","title":{"rendered":"FACTORY 86"},"content":{"rendered":"<p>Oficina exclusiva con TERRAZA PRIVATIVA de 200 m\u00b2 en pleno coraz\u00f3n del 22@<\/p>\n<p>El futuro de tu empresa empieza al aire libre.<\/p>\n<p>\u00bfImaginas trabajar en una oficina moderna, luminosa y con una espectacular terraza privada para reuniones, eventos o momentos de desconexi\u00f3n?<br \/>\nEste edificio en rehabilitaci\u00f3n, situado en el epicentro del distrito 22@, redefine el concepto de oficina: espacios abiertos, sostenibles y llenos de luz natural donde el bienestar del equipo es protagonista.<\/p>\n<p>Lo que hace \u00fanica esta oficina:<\/p>\n<p>Tu terraza privada: \u00a1200 m\u00b2 exclusivos para ti y tu equipo!<\/p>\n<p>Dise\u00f1o di\u00e1fano y colaborativo, con doble altura y acabados de primera<br \/>\nClimatizaci\u00f3n eficiente con sistema Districlima<br \/>\nIluminaci\u00f3n LED de bajo consumo<br \/>\nSuelo t\u00e9cnico para una distribuci\u00f3n 100 % a medida<br \/>\nAccesibilidad total y aseos adaptados en todas las plantas<br \/>\nRatio \u00f3ptimo de ocupaci\u00f3n: 1 persona \/ 7 m\u00b2<\/p>\n<p>Ubicaci\u00f3n inmejorable: A solo unos minutos de Torre Gl\u00f2ries y junto a un centro comercial con todos los servicios.<\/p>\n<p>Disfruta de un entorno empresarial din\u00e1mico, bien conectado y pensado para inspirar productividad y bienestar.<\/p>\n<p>Ideal para:<\/p>\n<p>Empresas que buscan un espacio diferente, moderno y flexible<br \/>\nEquipos que valoran el bienestar y la creatividad<br \/>\nProyectos que quieren destacar con una oficina con alma<\/p>\n<p>Cont\u00e1ctanos hoy y agenda tu visita.<\/p>\n<p>La terraza con la que siempre so\u00f1aste puede ser tu pr\u00f3xima oficina en el 22@.<\/p>\n","protected":false},"template":"","class_list":["post-58021","properties_post","type-properties_post","status-publish","hentry","properties_modality-rent","properties_district-sant-marti","properties_province-barcelona","properties_zone-116","properties_state-barcelona","properties_subclass-oficina","properties_type-oficina"],"acf":{"post_type_properties_post_property_code":"11245903","post_type_properties_post_property_reference":"IE-225120","post_type_properties_post_owner_id":"35491","post_type_properties_post_owner_name":"MERIDIA RE IV PROYECTO 2, SL","post_type_properties_post_property_code_encrypted":"MjQ5JDMwNDcw","post_type_properties_post_published":"1","post_type_properties_post_property_visibility":"idealista","post_type_properties_post_contact_name":"Forcadell Oficinas Barcelona","post_type_properties_post_contact_email":"forcadell.oficinas.barcelona@movin.cloud","post_type_properties_post_contact_primary_phone_prefix":"34","post_type_properties_post_contact_primary_phone_number":"934965413","post_type_properties_post_address_visibility":"street","post_type_properties_post_address_country":"Spain","post_type_properties_post_address_coordinates_precision":"exact","post_type_properties_post_address_postal_code":"08005","post_type_properties_post_address_coordinates_latitude":"41.3975483","post_type_properties_post_address_coordinates_longitude":"2.1936769","post_type_properties_post_address_street_name":"Pere IV, 86","post_type_properties_post_address_floor":"","post_type_properties_post_address_town":"Barcelona","post_type_properties_post_building":null,"post_type_properties_post_property":[{"properties_post_description_language":"catalan","properties_post_title":"FACTORY 86","properties_post_short_description_text_alt":"","properties_post_description_text_alt":"","properties_post_short_description_text":"","properties_post_link_demanda_inmueble":"https:\/\/movin.cloud\/ca\/Forcadell Oficinas Barcelona\/formulari-peticio-immoble\/sth\/2438&&11245903","properties_post_link_demanda_calendario_inmueble":"https:\/\/movin.cloud\/ca\/Forcadell Oficinas Barcelona\/calendari-peticio-immoble\/sth\/2438&&11245903","properties_post_description_text":"Oficina exclusiva amb TERRASSA PRIVATIVA de 200 m\u00b2 al cor del 22@\n\nEl futur de la teva empresa comen\u00e7a a l'aire lliure.\n\nImagines treballar a una oficina moderna, lluminosa i amb una espectacular terrassa privada per a reunions, esdeveniments o moments de desconnexi\u00f3?\nAquest edifici en rehabilitaci\u00f3, situat a l'epicentre del districte 22@, redefineix el concepte d'oficina: espais oberts, sostenibles i plens de llum natural on el benestar de l'equip \u00e9s el protagonista.\n\nEl que fa \u00fanica aquesta oficina:\n\nLa teva terrassa privada: 200 m\u00b2 exclusius per a tu i per al teu equip!\n\nDisseny di\u00e0fan i col\u00b7laboratiu, amb doble al\u00e7ada i acabats de primera\nClimatitzaci\u00f3 eficient amb sistema Districlima\nIl\u00b7luminaci\u00f3 LED de baix consum\nS\u00f2l t\u00e8cnic per a una distribuci\u00f3 100% a mida\nAccessibilitat total i lavabos adaptats a totes les plantes\nR\u00e0tio \u00f2ptim d'ocupaci\u00f3: 1 persona \/ 7 m\u00b2\n\nUbicaci\u00f3 immillorable: A pocs minuts de Torre Gl\u00f2ries i al costat d'un centre comercial amb tots els serveis.\n\nGaudeix d\u00b4un entorn empresarial din\u00e0mic, ben connectat i pensat per inspirar productivitat i benestar.\n\nIdeal per:\n\nEmpreses que busquen un espai diferent, modern i flexible\nEquips que valoren el benestar i la creativitat\nProjectes que volen destacar amb una oficina amb \u00e0nima\n\nContacta'ns avui i agenda la teva visita.\n\nLa terrassa amb qu\u00e8 sempre vas somiar pot ser la teva propera oficina al 22@.","properties_post_seo_title":"","properties_post_seo_alias":"","properties_post_seo_metadescription":"","properties_post_seo_key_words":"","properties_post_seo_url":"","properties_post_terms_conditions":""},{"properties_post_description_language":"spanish","properties_post_title":"FACTORY 86","properties_post_short_description_text_alt":"","properties_post_description_text_alt":"","properties_post_short_description_text":"","properties_post_link_demanda_inmueble":"https:\/\/movin.cloud\/es\/Forcadell Oficinas Barcelona\/formulario-peticion-inmueble\/sth\/2438&&11245903","properties_post_link_demanda_calendario_inmueble":"https:\/\/movin.cloud\/es\/Forcadell Oficinas Barcelona\/calendario-peticion-inmueble\/sth\/2438&&11245903","properties_post_description_text":"Oficina exclusiva con TERRAZA PRIVATIVA de 200 m\u00b2 en pleno coraz\u00f3n del 22@\n\nEl futuro de tu empresa empieza al aire libre.\n\n\u00bfImaginas trabajar en una oficina moderna, luminosa y con una espectacular terraza privada para reuniones, eventos o momentos de desconexi\u00f3n?\nEste edificio en rehabilitaci\u00f3n, situado en el epicentro del distrito 22@, redefine el concepto de oficina: espacios abiertos, sostenibles y llenos de luz natural donde el bienestar del equipo es protagonista.\n\nLo que hace \u00fanica esta oficina:\n\nTu terraza privada: \u00a1200 m\u00b2 exclusivos para ti y tu equipo!\n\nDise\u00f1o di\u00e1fano y colaborativo, con doble altura y acabados de primera\nClimatizaci\u00f3n eficiente con sistema Districlima\nIluminaci\u00f3n LED de bajo consumo\nSuelo t\u00e9cnico para una distribuci\u00f3n 100 % a medida\nAccesibilidad total y aseos adaptados en todas las plantas\nRatio \u00f3ptimo de ocupaci\u00f3n: 1 persona \/ 7 m\u00b2\n\nUbicaci\u00f3n inmejorable: A solo unos minutos de Torre Gl\u00f2ries y junto a un centro comercial con todos los servicios.\n\nDisfruta de un entorno empresarial din\u00e1mico, bien conectado y pensado para inspirar productividad y bienestar.\n\nIdeal para:\n\nEmpresas que buscan un espacio diferente, moderno y flexible\nEquipos que valoran el bienestar y la creatividad\nProyectos que quieren destacar con una oficina con alma\n\nCont\u00e1ctanos hoy y agenda tu visita.\n\nLa terraza con la que siempre so\u00f1aste puede ser tu pr\u00f3xima oficina en el 22@.","properties_post_seo_title":"","properties_post_seo_alias":"","properties_post_seo_metadescription":"","properties_post_seo_key_words":"","properties_post_seo_url":"","properties_post_terms_conditions":""}],"post_type_properties_post_features_type":"office","post_type_properties_post_id_building":"MjQ5JDMwNDY5","post_type_properties_post_features_area_constructed":942,"post_type_properties_post_features_conditioned_air":false,"post_type_properties_post_features_doorman":false,"post_type_properties_post_features_heating":false,"post_type_properties_post_features_equipped_kitchen":false,"post_type_properties_post_features_windows_location":"exterior","post_type_properties_post_features_floors_property":false,"post_type_properties_post_features_storage":false,"post_type_properties_post_features_security_door":false,"post_type_properties_post_features_energy_certificate_rating":"A","post_type_properties_post_features_energy_certificate_emissions_rating":"A","post_type_properties_post_features_energy_certificate_emissions_value":"","post_type_properties_post_features_energy_certificate_performance":"","post_type_properties_post_features_bathroom_inside":false,"post_type_properties_post_precio":21680.95,"post_type_properties_post_precio_alquiler":21680.95,"post_type_properties_post_record_type_id":"Oficina","post_type_properties_post_categoria__producto":"Oficina","post_type_properties_post_amueblado":false,"post_type_properties_post_precio_m2":23,"post_type_properties_post_zona__comunitaria":false,"post_type_properties_post_electrodomesticos":false,"post_type_properties_post_patio__interior":true,"post_type_properties_post_certificado_energetico_general":"A","post_type_properties_post_certificado_energetico_consumo":"A","post_type_properties_post_certificado_energetico_valor_emisiones":"","post_type_properties_post_certificado_energetico_valor_consumo":"","post_type_properties_post_modalidad":"rent","post_type_properties_post_provincia":"Barcelona","post_type_properties_post_poblacion":"Barcelona","post_type_properties_post_centro__urbano":false,"post_type_properties_post_zonificacion":"22 @","post_type_properties_post_cartera":"","post_type_properties_post_titulo_catalan":"FACTORY 86","post_type_properties_post_internet_catalan":"Oficina exclusiva amb TERRASSA PRIVATIVA de 200 m\u00b2 al cor del 22@\n\nEl futur de la teva empresa comen\u00e7a a l'aire lliure.\n\nImagines treballar a una oficina moderna, lluminosa i amb una espectacular terrassa privada per a reunions, esdeveniments o moments de desconnexi\u00f3?\nAquest edifici en rehabilitaci\u00f3, situat a l'epicentre del districte 22@, redefineix el concepte d'oficina: espais oberts, sostenibles i plens de llum natural on el benestar de l'equip \u00e9s el protagonista.\n\nEl que fa \u00fanica aquesta oficina:\n\nLa teva terrassa privada: 200 m\u00b2 exclusius per a tu i per al teu equip!\n\nDisseny di\u00e0fan i col\u00b7laboratiu, amb doble al\u00e7ada i acabats de primera\nClimatitzaci\u00f3 eficient amb sistema Districlima\nIl\u00b7luminaci\u00f3 LED de baix consum\nS\u00f2l t\u00e8cnic per a una distribuci\u00f3 100% a mida\nAccessibilitat total i lavabos adaptats a totes les plantes\nR\u00e0tio \u00f2ptim d'ocupaci\u00f3: 1 persona \/ 7 m\u00b2\n\nUbicaci\u00f3 immillorable: A pocs minuts de Torre Gl\u00f2ries i al costat d'un centre comercial amb tots els serveis.\n\nGaudeix d\u00b4un entorn empresarial din\u00e0mic, ben connectat i pensat per inspirar productivitat i benestar.\n\nIdeal per:\n\nEmpreses que busquen un espai diferent, modern i flexible\nEquips que valoren el benestar i la creativitat\nProjectes que volen destacar amb una oficina amb \u00e0nima\n\nContacta'ns avui i agenda la teva visita.\n\nLa terrassa amb qu\u00e8 sempre vas somiar pot ser la teva propera oficina al 22@.","post_type_properties_post_titulo_castellano":"FACTORY 86","post_type_properties_post_internet_castellano":"Oficina exclusiva con TERRAZA PRIVATIVA de 200 m\u00b2 en pleno coraz\u00f3n del 22@\n\nEl futuro de tu empresa empieza al aire libre.\n\n\u00bfImaginas trabajar en una oficina moderna, luminosa y con una espectacular terraza privada para reuniones, eventos o momentos de desconexi\u00f3n?\nEste edificio en rehabilitaci\u00f3n, situado en el epicentro del distrito 22@, redefine el concepto de oficina: espacios abiertos, sostenibles y llenos de luz natural donde el bienestar del equipo es protagonista.\n\nLo que hace \u00fanica esta oficina:\n\nTu terraza privada: \u00a1200 m\u00b2 exclusivos para ti y tu equipo!\n\nDise\u00f1o di\u00e1fano y colaborativo, con doble altura y acabados de primera\nClimatizaci\u00f3n eficiente con sistema Districlima\nIluminaci\u00f3n LED de bajo consumo\nSuelo t\u00e9cnico para una distribuci\u00f3n 100 % a medida\nAccesibilidad total y aseos adaptados en todas las plantas\nRatio \u00f3ptimo de ocupaci\u00f3n: 1 persona \/ 7 m\u00b2\n\nUbicaci\u00f3n inmejorable: A solo unos minutos de Torre Gl\u00f2ries y junto a un centro comercial con todos los servicios.\n\nDisfruta de un entorno empresarial din\u00e1mico, bien conectado y pensado para inspirar productividad y bienestar.\n\nIdeal para:\n\nEmpresas que buscan un espacio diferente, moderno y flexible\nEquipos que valoran el bienestar y la creatividad\nProyectos que quieren destacar con una oficina con alma\n\nCont\u00e1ctanos hoy y agenda tu visita.\n\nLa terraza con la que siempre so\u00f1aste puede ser tu pr\u00f3xima oficina en el 22@.","post_type_properties_post_titulo_ingles":"","post_type_properties_post_internet_ingles":"","post_type_properties_post_features_classification_commercial":false,"post_type_properties_post_features_conservation":"","post_type_properties_post_features_security_personnel":false,"post_type_properties_post_features_parking_available":false,"post_type_properties_post_features_garage_capacity_type":"","post_type_properties_post_features_bathroom_number":"","post_type_properties_post_eje":"","post_type_properties_post_zona":"","post_type_properties_post_comarca":"","post_type_properties_post_features_built_year":"","post_type_properties_post_renta_mensual":21680,"post_type_properties_post_fianza":"","post_type_properties_post_features_area_plot":"","post_type_properties_post_features_area_buildable":"","post_type_properties_post_features_classification_industrial":false,"post_type_properties_post_distrito":"","post_type_properties_post_features_balcony":false,"post_type_properties_post_features_bedroom_number":"","post_type_properties_post_features_heating_type":"","post_type_properties_post_features_equipped_with_furniture":false,"post_type_properties_post_features_pets_allowed":false,"post_type_properties_post_features_pool":false,"post_type_properties_post_features_terrace":false,"post_type_properties_post_features_wardrobes":false,"post_type_properties_post_features_lift_available":false,"post_type_properties_post_features_handicap_adapted_access":false,"post_type_properties_post_features_orientation_east":false,"post_type_properties_post_features_orientation_west":false,"post_type_properties_post_features_orientation_north":false,"post_type_properties_post_features_orientation_south":false,"post_type_properties_post_features_parking_spaces_number":"","post_type_properties_post_features_security_alarm":false,"post_type_properties_post_features_security_system":false,"post_type_properties_post_open_plan":false,"post_type_properties_post_acceso_24_7":false,"post_type_properties_post_oficina_privada":false,"post_type_properties_post_sala_reuniones":false,"post_type_properties_post_espacio_eventos":false,"post_type_properties_post_office":false,"post_type_properties_post_restaurant":false,"post_type_properties_post_acepta_traspaso":false,"post_type_properties_post_vigilancia":false,"post_type_properties_post_features_suite":false,"post_type_properties_post_features_vitro":false,"post_type_properties_post_features_oven":false,"post_type_properties_post_features_microwave":false,"post_type_properties_post_features_washing_machine":false,"post_type_properties_post_features_dryer":false,"post_type_properties_post_features_dishwasher":false,"post_type_properties_post_features_fridge":false,"post_type_properties_post_features_fridge_mini":false,"post_type_properties_post_features_kettle":false,"post_type_properties_post_features_toaster":false,"post_type_properties_post_features_coffee_maker":false,"post_type_properties_post_features_iron":false,"post_type_properties_post_features_ironing_board":false,"post_type_properties_post_features_safe":false,"post_type_properties_post_features_internet":false,"post_type_properties_post_features_solarium":false,"post_type_properties_post_features_clean_service":false,"post_type_properties_post_features_t_v":false,"post_type_properties_post_features_satellite_t_v":false,"post_type_properties_post_features_gas_kitchen":false,"post_type_properties_post_features_view_mountain":false,"post_type_properties_post_features_view_sea":false,"post_type_properties_post_features_concierge":true,"post_type_properties_post_features_loading_dock":false,"post_type_properties_post_features_bridge_crane":false,"post_type_properties_post_features_located_at_corner":false,"post_type_properties_post_features_smoke_extraction":false,"post_type_properties_post_features_rooms":"","post_type_properties_post_features_garden_area":"","post_type_properties_post_features_utilities_water":false,"post_type_properties_post_features_utilities_electricity":false,"post_type_properties_post_features_utilities_natural_gas":false,"post_type_properties_post_features_building_adapted":true,"post_type_properties_post_features_garden":false,"post_type_properties_post_features_classification_hotel":false,"post_type_properties_post_features_classification_chalet":false,"post_type_properties_post_certificado_energetico_emisiones":"A","post_type_properties_post_barrio":"","post_type_properties_post_distrito_empresa":"Sant Mart\u00ed","post_type_properties_post_features_property_category_intern":"","post_type_properties_post_implantada":false,"post_type_properties_post_sello_leed":"2","post_type_properties_post_sello_well":"","post_type_properties_post_sello_breeam":false,"post_type_properties_post_images":[{"properties_post_image_order":1,"properties_post_image_url":"https:\/\/movin.cloud\/empresas\/2438\/imagenes\/11245903\/en-alquiler-3.webp","properties_post_image_url_thumbnail":"https:\/\/movin.cloud\/empresas\/2438\/imagenes\/thumbnails\/11245903\/en-alquiler-3.webp","properties_post_title":"en alquiler 3","properties_post_alt":"en alquiler 3"},{"properties_post_image_order":2,"properties_post_image_url":"https:\/\/movin.cloud\/empresas\/2438\/imagenes\/11245903\/barcelona-rent.webp","properties_post_image_url_thumbnail":"https:\/\/movin.cloud\/empresas\/2438\/imagenes\/thumbnails\/11245903\/barcelona-rent.webp","properties_post_title":"barcelona rent","properties_post_alt":"barcelona rent"},{"properties_post_image_order":3,"properties_post_image_url":"https:\/\/movin.cloud\/empresas\/2438\/imagenes\/11245903\/en-alquiler-5.webp","properties_post_image_url_thumbnail":"https:\/\/movin.cloud\/empresas\/2438\/imagenes\/thumbnails\/11245903\/en-alquiler-5.webp","properties_post_title":"en alquiler 5","properties_post_alt":"en alquiler 5"},{"properties_post_image_order":4,"properties_post_image_url":"https:\/\/movin.cloud\/empresas\/2438\/imagenes\/11245903\/barcelona-alquiler-para-idealistas.webp","properties_post_image_url_thumbnail":"https:\/\/movin.cloud\/empresas\/2438\/imagenes\/thumbnails\/11245903\/barcelona-alquiler-para-idealistas.webp","properties_post_title":"barcelona alquiler para idealistas","properties_post_alt":"barcelona alquiler para idealistas"},{"properties_post_image_order":5,"properties_post_image_url":"https:\/\/movin.cloud\/empresas\/2438\/imagenes\/11245903\/en-alquiler-6.webp","properties_post_image_url_thumbnail":"https:\/\/movin.cloud\/empresas\/2438\/imagenes\/thumbnails\/11245903\/en-alquiler-6.webp","properties_post_title":"en alquiler 6","properties_post_alt":"en alquiler 6"},{"properties_post_image_order":6,"properties_post_image_url":"https:\/\/movin.cloud\/empresas\/2438\/imagenes\/11245903\/barcelona-alquiler-para-idealista.webp","properties_post_image_url_thumbnail":"https:\/\/movin.cloud\/empresas\/2438\/imagenes\/thumbnails\/11245903\/barcelona-alquiler-para-idealista.webp","properties_post_title":"barcelona alquiler para idealista","properties_post_alt":"barcelona alquiler para idealista"},{"properties_post_image_order":7,"properties_post_image_url":"https:\/\/movin.cloud\/empresas\/2438\/imagenes\/11245903\/barcelona-alquilar.webp","properties_post_image_url_thumbnail":"https:\/\/movin.cloud\/empresas\/2438\/imagenes\/thumbnails\/11245903\/barcelona-alquilar.webp","properties_post_title":"barcelona alquilar","properties_post_alt":"barcelona alquilar"},{"properties_post_image_order":8,"properties_post_image_url":"https:\/\/movin.cloud\/empresas\/2438\/imagenes\/11245903\/barcelona-alquiler.webp","properties_post_image_url_thumbnail":"https:\/\/movin.cloud\/empresas\/2438\/imagenes\/thumbnails\/11245903\/barcelona-alquiler.webp","properties_post_title":"barcelona alquiler","properties_post_alt":"barcelona alquiler"},{"properties_post_image_order":9,"properties_post_image_url":"https:\/\/movin.cloud\/empresas\/2438\/imagenes\/11245903\/barcelona-habitalia.webp","properties_post_image_url_thumbnail":"https:\/\/movin.cloud\/empresas\/2438\/imagenes\/thumbnails\/11245903\/barcelona-habitalia.webp","properties_post_title":"barcelona habitalia","properties_post_alt":"barcelona habitalia"},{"properties_post_image_order":10,"properties_post_image_url":"https:\/\/movin.cloud\/empresas\/2438\/imagenes\/11245903\/barcelona-en-alquiler.webp","properties_post_image_url_thumbnail":"https:\/\/movin.cloud\/empresas\/2438\/imagenes\/thumbnails\/11245903\/barcelona-en-alquiler.webp","properties_post_title":"barcelona en alquiler","properties_post_alt":"barcelona en alquiler"},{"properties_post_image_order":11,"properties_post_image_url":"https:\/\/movin.cloud\/empresas\/2438\/imagenes\/11245903\/barcelona-alquiler-idealistas.webp","properties_post_image_url_thumbnail":"https:\/\/movin.cloud\/empresas\/2438\/imagenes\/thumbnails\/11245903\/barcelona-alquiler-idealistas.webp","properties_post_title":"barcelona alquiler idealistas","properties_post_alt":"barcelona alquiler idealistas"},{"properties_post_image_order":12,"properties_post_image_url":"https:\/\/movin.cloud\/empresas\/2438\/imagenes\/11245903\/inmobiliaria-barcelona.webp","properties_post_image_url_thumbnail":"https:\/\/movin.cloud\/empresas\/2438\/imagenes\/thumbnails\/11245903\/inmobiliaria-barcelona.webp","properties_post_title":"inmobiliaria barcelona","properties_post_alt":"inmobiliaria barcelona"},{"properties_post_image_order":13,"properties_post_image_url":"https:\/\/movin.cloud\/empresas\/2438\/imagenes\/11245903\/barcelona-viviendas.webp","properties_post_image_url_thumbnail":"https:\/\/movin.cloud\/empresas\/2438\/imagenes\/thumbnails\/11245903\/barcelona-viviendas.webp","properties_post_title":"barcelona viviendas","properties_post_alt":"barcelona viviendas"},{"properties_post_image_order":14,"properties_post_image_url":"https:\/\/movin.cloud\/empresas\/2438\/imagenes\/11245903\/barcelona-fincas.webp","properties_post_image_url_thumbnail":"https:\/\/movin.cloud\/empresas\/2438\/imagenes\/thumbnails\/11245903\/barcelona-fincas.webp","properties_post_title":"barcelona fincas","properties_post_alt":"barcelona fincas"},{"properties_post_image_order":15,"properties_post_image_url":"https:\/\/movin.cloud\/empresas\/2438\/imagenes\/11245903\/en-alquiler-1.webp","properties_post_image_url_thumbnail":"https:\/\/movin.cloud\/empresas\/2438\/imagenes\/thumbnails\/11245903\/en-alquiler-1.webp","properties_post_title":"en alquiler 1","properties_post_alt":"en alquiler 1"},{"properties_post_image_order":16,"properties_post_image_url":"https:\/\/movin.cloud\/empresas\/2438\/imagenes\/11245903\/barcelona-inmobiliarias.webp","properties_post_image_url_thumbnail":"https:\/\/movin.cloud\/empresas\/2438\/imagenes\/thumbnails\/11245903\/barcelona-inmobiliarias.webp","properties_post_title":"barcelona inmobiliarias","properties_post_alt":"barcelona inmobiliarias"},{"properties_post_image_order":17,"properties_post_image_url":"https:\/\/movin.cloud\/empresas\/2438\/imagenes\/11245903\/barcelona-inmobiliaria.webp","properties_post_image_url_thumbnail":"https:\/\/movin.cloud\/empresas\/2438\/imagenes\/thumbnails\/11245903\/barcelona-inmobiliaria.webp","properties_post_title":"barcelona inmobiliaria","properties_post_alt":"barcelona inmobiliaria"},{"properties_post_image_order":18,"properties_post_image_url":"https:\/\/movin.cloud\/empresas\/2438\/imagenes\/11245903\/en-alquiler-2.webp","properties_post_image_url_thumbnail":"https:\/\/movin.cloud\/empresas\/2438\/imagenes\/thumbnails\/11245903\/en-alquiler-2.webp","properties_post_title":"en alquiler 2","properties_post_alt":"en alquiler 2"},{"properties_post_image_order":19,"properties_post_image_url":"https:\/\/movin.cloud\/empresas\/2438\/imagenes\/11245903\/en-alquiler-4.webp","properties_post_image_url_thumbnail":"https:\/\/movin.cloud\/empresas\/2438\/imagenes\/thumbnails\/11245903\/en-alquiler-4.webp","properties_post_title":"en alquiler 4","properties_post_alt":"en alquiler 4"},{"properties_post_image_order":20,"properties_post_image_url":"https:\/\/movin.cloud\/empresas\/2438\/imagenes\/11245903\/inmobiliarias-barcelona.webp","properties_post_image_url_thumbnail":"https:\/\/movin.cloud\/empresas\/2438\/imagenes\/thumbnails\/11245903\/inmobiliarias-barcelona.webp","properties_post_title":"inmobiliarias barcelona","properties_post_alt":"inmobiliarias barcelona"}],"post_type_properties_post_videos":null,"post_type_properties_post_tour":null,"post_type_properties_post_dossier_url":"","post_type_properties_post_operation_type":"rent","post_type_properties_post_operation_price":21680,"post_type_properties_post_features_hidden_price":false},"yoast_head":"<!-- This site is optimized with the Yoast SEO plugin v25.6 - https:\/\/yoast.com\/wordpress\/plugins\/seo\/ -->\n<title>FACTORY 86 - Forcadell<\/title>\n<meta name=\"robots\" content=\"index, follow, max-snippet:-1, max-image-preview:large, max-video-preview:-1\" \/>\n<link rel=\"canonical\" href=\"https:\/\/forcadell.com\/ca\/propiedades\/factory-86\/\" \/>\n<meta property=\"og:locale\" content=\"ca_ES\" \/>\n<meta property=\"og:type\" content=\"article\" \/>\n<meta property=\"og:title\" content=\"FACTORY 86 - Forcadell\" \/>\n<meta property=\"og:description\" content=\"Oficina exclusiva con TERRAZA PRIVATIVA de 200 m\u00b2 en pleno coraz\u00f3n del 22@ El futuro de tu empresa empieza al aire libre. \u00bfImaginas trabajar en una oficina moderna, luminosa y con una espectacular terraza privada para reuniones, eventos o momentos de desconexi\u00f3n? Este edificio en rehabilitaci\u00f3n, situado en el epicentro del distrito 22@, redefine el [&hellip;]\" \/>\n<meta property=\"og:url\" content=\"https:\/\/forcadell.com\/ca\/propiedades\/factory-86\/\" \/>\n<meta property=\"og:site_name\" content=\"Forcadell\" \/>\n<meta property=\"article:modified_time\" content=\"2026-04-27T06:07:17+00:00\" \/>\n<meta name=\"twitter:card\" content=\"summary_large_image\" \/>\n<meta name=\"twitter:label1\" content=\"Temps estimat de lectura\" \/>\n\t<meta name=\"twitter:data1\" content=\"1 minut\" \/>\n<!-- \/ Yoast SEO plugin. -->","yoast_head_json":{"title":"FACTORY 86 - Forcadell","robots":{"index":"index","follow":"follow","max-snippet":"max-snippet:-1","max-image-preview":"max-image-preview:large","max-video-preview":"max-video-preview:-1"},"canonical":"https:\/\/forcadell.com\/ca\/propiedades\/factory-86\/","og_locale":"ca_ES","og_type":"article","og_title":"FACTORY 86 - Forcadell","og_description":"Oficina exclusiva con TERRAZA PRIVATIVA de 200 m\u00b2 en pleno coraz\u00f3n del 22@ El futuro de tu empresa empieza al aire libre. \u00bfImaginas trabajar en una oficina moderna, luminosa y con una espectacular terraza privada para reuniones, eventos o momentos de desconexi\u00f3n? Este edificio en rehabilitaci\u00f3n, situado en el epicentro del distrito 22@, redefine el [&hellip;]","og_url":"https:\/\/forcadell.com\/ca\/propiedades\/factory-86\/","og_site_name":"Forcadell","article_modified_time":"2026-04-27T06:07:17+00:00","twitter_card":"summary_large_image","twitter_misc":{"Temps estimat de lectura":"1 minut"},"schema":{"@context":"https:\/\/schema.org","@graph":[{"@type":"WebPage","@id":"https:\/\/forcadell.com\/ca\/propiedades\/factory-86\/","url":"https:\/\/forcadell.com\/ca\/propiedades\/factory-86\/","name":"FACTORY 86 - Forcadell","isPartOf":{"@id":"https:\/\/forcadell.com\/ca\/#website"},"datePublished":"2025-11-04T14:23:13+00:00","dateModified":"2026-04-27T06:07:17+00:00","breadcrumb":{"@id":"https:\/\/forcadell.com\/ca\/propiedades\/factory-86\/#breadcrumb"},"inLanguage":"ca","potentialAction":[{"@type":"ReadAction","target":["https:\/\/forcadell.com\/ca\/propiedades\/factory-86\/"]}]},{"@type":"BreadcrumbList","@id":"https:\/\/forcadell.com\/ca\/propiedades\/factory-86\/#breadcrumb","itemListElement":[{"@type":"ListItem","position":1,"name":"Portada","item":"https:\/\/forcadell.com\/ca\/"},{"@type":"ListItem","position":2,"name":"Properties","item":"https:\/\/forcadell.com\/ca\/propiedades\/"},{"@type":"ListItem","position":3,"name":"FACTORY 86"}]},{"@type":"WebSite","@id":"https:\/\/forcadell.com\/ca\/#website","url":"https:\/\/forcadell.com\/ca\/","name":"Forcadell","description":"Inmobiliaria Barcelona | Consultores inmobiliarios","potentialAction":[{"@type":"SearchAction","target":{"@type":"EntryPoint","urlTemplate":"https:\/\/forcadell.com\/ca\/?s={search_term_string}"},"query-input":{"@type":"PropertyValueSpecification","valueRequired":true,"valueName":"search_term_string"}}],"inLanguage":"ca"}]}},"_links":{"self":[{"href":"https:\/\/forcadell.com\/ca\/wp-json\/wp\/v2\/properties_post\/58021"}],"collection":[{"href":"https:\/\/forcadell.com\/ca\/wp-json\/wp\/v2\/properties_post"}],"about":[{"href":"https:\/\/forcadell.com\/ca\/wp-json\/wp\/v2\/types\/properties_post"}],"wp:attachment":[{"href":"https:\/\/forcadell.com\/ca\/wp-json\/wp\/v2\/media?parent=58021"}],"curies":[{"name":"wp","href":"https:\/\/api.w.org\/{rel}","templated":true}]}}