{"id":57957,"date":"2025-11-04T16:19:20","date_gmt":"2025-11-04T14:19:20","guid":{"rendered":"https:\/\/www.forcadell.com\/propiedades\/pallars-22-3\/"},"modified":"2026-04-25T11:13:31","modified_gmt":"2026-04-25T09:13:31","slug":"pallars-22-3","status":"publish","type":"properties_post","link":"https:\/\/forcadell.com\/ca\/propiedades\/pallars-22-3\/","title":{"rendered":"PALLARS 180 &#8211; 22@"},"content":{"rendered":"<p>\nEdificio de Oficinas en el Coraz\u00f3n del 22@, Barcelona<\/p>\n<p>Ubicado en el centro del 22@, la zona de mayor innovaci\u00f3n, expansi\u00f3n y proyecci\u00f3n de Barcelona, este edificio de oficinas ofrece una ubicaci\u00f3n privilegiada cerca de la Rambla del Poblenou, brindando acceso a todos los servicios esenciales.<\/p>\n<p>Caracter\u00edsticas y Servicios:<\/p>\n<p>Recepci\u00f3n y Servicio de Conserjer\u00eda: Atenci\u00f3n y seguridad garantizada.<br \/>\n3 Ascensores: Comodidad y eficiencia en el desplazamiento.<br \/>\nSmart Lockers: Tecnolog\u00eda avanzada para la gesti\u00f3n de paquetes.<br \/>\nVestuarios y Duchas: Facilidades para el bienestar de los empleados.<br \/>\nCertificaciones: Leed Gold y Eficiencia Energ\u00e9tica A, asegurando sostenibilidad y eficiencia.<br \/>\nSmart Mobility: Espacios para coches, motos, bicicletas y lockers para patinetes.<br \/>\nTerraza Comunitaria: Ubicada en la planta 6 y espacios comunitarios en la planta baja para esparcimiento y reuniones.<br \/>\nSuperficies Di\u00e1fanas: Flexibilidad en la distribuci\u00f3n de espacios.<br \/>\nLuz Natural y Acabados de Calidad: Ambientes luminosos y de alto est\u00e1ndar.<br \/>\nFachada Muro Cortina: Dise\u00f1o moderno y elegante.<br \/>\nFalso Suelo y Luces LED: Tecnolog\u00eda avanzada para confort y eficiencia energ\u00e9tica.<br \/>\nClimatizaci\u00f3n Fr\u00edo-Calor: Sistema de climatizaci\u00f3n adaptable a todas las estaciones.<\/p>\n<p>POSIBILIDAD DE ENTREGA PLUG &amp; PLAY<\/p>\n<p>Transporte P\u00fablico:<\/p>\n<p>Autobuses: 6, 26, 36, 40, 42, 92, 192, H14, B20, B25, N6, N8 y N11.<br \/>\nMetro: L1 &#8211; &#8220;Gl\u00f2ries&#8221; y L4 &#8211; &#8220;Llacuna&#8221;.<br \/>\nTranv\u00eda: T4, T5 y T6.<\/p>\n<p>El edificio se encuentra en plena transformaci\u00f3n para adaptarse a las \u00faltimas tendencias en sostenibilidad y tecnolog\u00eda, asegurando un entorno de trabajo moderno y eficiente. La excelente conectividad con el transporte p\u00fablico y su proximidad a \u00e1reas comerciales y de ocio hacen de este edificio una opci\u00f3n ideal para cualquier empresa que busque un espacio de oficinas en Barcelona.<\/p>\n<p>Ven a conocer este edificio y descubre c\u00f3mo puede ser el nuevo hogar para tu empresa en el vibrante y din\u00e1mico 22@.<\/p>\n","protected":false},"template":"","class_list":["post-57957","properties_post","type-properties_post","status-publish","hentry","properties_modality-rent","properties_district-sant-marti","properties_province-barcelona","properties_zone-116","properties_state-barcelona","properties_subclass-oficina","properties_type-oficina"],"acf":{"post_type_properties_post_property_code":"11245402","post_type_properties_post_property_reference":"IE-224783","post_type_properties_post_owner_id":"46198","post_type_properties_post_owner_name":"CONREN TRAMWAY TRES SL","post_type_properties_post_property_code_encrypted":"MjQ5JDI5OTY5","post_type_properties_post_published":"1","post_type_properties_post_property_visibility":"idealista","post_type_properties_post_contact_name":"Forcadell Oficinas Barcelona","post_type_properties_post_contact_email":"forcadell.oficinas.barcelona@movin.cloud","post_type_properties_post_contact_primary_phone_prefix":"34","post_type_properties_post_contact_primary_phone_number":"934965413","post_type_properties_post_address_visibility":"street","post_type_properties_post_address_country":"Spain","post_type_properties_post_address_coordinates_precision":"exact","post_type_properties_post_address_postal_code":"08018","post_type_properties_post_address_coordinates_latitude":"41.400293000002","post_type_properties_post_address_coordinates_longitude":"2.196833000002","post_type_properties_post_address_street_name":"CL Pallars 180","post_type_properties_post_address_floor":"3","post_type_properties_post_address_town":"Barcelona","post_type_properties_post_building":null,"post_type_properties_post_property":[{"properties_post_description_language":"catalan","properties_post_title":"PALLARS 180 - 22@","properties_post_short_description_text_alt":"","properties_post_description_text_alt":"","properties_post_short_description_text":" ","properties_post_link_demanda_inmueble":"https:\/\/movin.cloud\/ca\/Forcadell Oficinas Barcelona\/formulari-peticio-immoble\/sth\/2438&&11245402","properties_post_link_demanda_calendario_inmueble":"https:\/\/movin.cloud\/ca\/Forcadell Oficinas Barcelona\/calendari-peticio-immoble\/sth\/2438&&11245402","properties_post_description_text":" Edifici d'Oficines al Cor del 22@, Barcelona\n\nUbicat al centre del 22@, la zona de m\u00e9s innovaci\u00f3, expansi\u00f3 i projecci\u00f3 de Barcelona, aquest edifici d'oficines ofereix una ubicaci\u00f3 privilegiada a prop de la Rambla del Poblenou, brindant acc\u00e9s a tots els serveis essencials.\n\nCaracter\u00edstiques i serveis:\n\nRecepci\u00f3 i Servei de Consergeria: Atenci\u00f3 i seguretat garantida.\n3 Ascensors: Comoditat i efici\u00e8ncia en el despla\u00e7ament.\nSmart Lockers: Tecnologia avan\u00e7ada per a la gesti\u00f3 de paquets.\nVestuaris i Dutxes: Facilitats per al benestar dels empleats.\nCertificacions: Leed Gold i Efici\u00e8ncia Energ\u00e8tica A, assegurant sostenibilitat i efici\u00e8ncia.\nSmart Mobility: Espais per a cotxes, motos, bicicletes i lockers per a patinets.\nTerrassa Comunit\u00e0ria: Ubicada a la planta 6 i espais comunitaris a la planta baixa per esbarjo i reunions.\nSuperf\u00edcies Di\u00e0fanes: Flexibilitat en la distribuci\u00f3 despais.\nLlum natural i acabats de qualitat: ambients lluminosos i d'alt est\u00e0ndard.\nFa\u00e7ana Muro Cortina: Disseny modern i elegant.\nFals S\u00f2l i Llums LED: Tecnologia avan\u00e7ada per a confort i efici\u00e8ncia energ\u00e8tica.\nClimatitzaci\u00f3 Fred-Calor: Sistema de climatitzaci\u00f3 adaptable a totes les estacions.\n\nPOSSIBILITAT D'ENTREGA PLUG&PLAY !\n\nTransport P\u00fablic:\n\nAutobusos: 6, 26, 36, 40, 42, 92, 192, H14, B20, B25, N6, N8 i N11.\nMetro: L1 \u2013 \u201cGl\u00f2ries\u201d i L4 \u2013 \u201cLlacuna\u201d.\nTramvia: T4, T5 i T6.\n\n\nL'edifici es troba en plena transformaci\u00f3 per adaptar-se a les darreres tend\u00e8ncies en sostenibilitat i tecnologia, assegurant un entorn de treball modern i eficient. L'excel\u00b7lent connectivitat amb el transport p\u00fablic i la proximitat a \u00e0rees comercials i d'oci fan d'aquest edifici una opci\u00f3 ideal per a qualsevol empresa que busqui un espai d'oficines a Barcelona.\n\nVine a con\u00e8ixer aquest edifici i descobreix com pot ser la nova llar per a la teva empresa al vibrant i din\u00e0mic 22@.","properties_post_seo_title":"","properties_post_seo_alias":"","properties_post_seo_metadescription":"Oficina en lloguer al districte de 22 @, carrer Pallars. Barcelona. Forcadell \u00e9s la seva ag\u00e8ncia de confian\u00e7a per al lloguer d'aquesta oficina.","properties_post_seo_key_words":"Oficina lloguer Barcelona, lloguer oficina Barcelona, oficina Barcelona","properties_post_seo_url":"","properties_post_terms_conditions":""},{"properties_post_description_language":"spanish","properties_post_title":"PALLARS 180 - 22@","properties_post_short_description_text_alt":"","properties_post_description_text_alt":"","properties_post_short_description_text":" ","properties_post_link_demanda_inmueble":"https:\/\/movin.cloud\/es\/Forcadell Oficinas Barcelona\/formulario-peticion-inmueble\/sth\/2438&&11245402","properties_post_link_demanda_calendario_inmueble":"https:\/\/movin.cloud\/es\/Forcadell Oficinas Barcelona\/calendario-peticion-inmueble\/sth\/2438&&11245402","properties_post_description_text":" \nEdificio de Oficinas en el Coraz\u00f3n del 22@, Barcelona\n\nUbicado en el centro del 22@, la zona de mayor innovaci\u00f3n, expansi\u00f3n y proyecci\u00f3n de Barcelona, este edificio de oficinas ofrece una ubicaci\u00f3n privilegiada cerca de la Rambla del Poblenou, brindando acceso a todos los servicios esenciales.\n\nCaracter\u00edsticas y Servicios:\n\nRecepci\u00f3n y Servicio de Conserjer\u00eda: Atenci\u00f3n y seguridad garantizada.\n3 Ascensores: Comodidad y eficiencia en el desplazamiento.\nSmart Lockers: Tecnolog\u00eda avanzada para la gesti\u00f3n de paquetes.\nVestuarios y Duchas: Facilidades para el bienestar de los empleados.\nCertificaciones: Leed Gold y Eficiencia Energ\u00e9tica A, asegurando sostenibilidad y eficiencia.\nSmart Mobility: Espacios para coches, motos, bicicletas y lockers para patinetes.\nTerraza Comunitaria: Ubicada en la planta 6 y espacios comunitarios en la planta baja para esparcimiento y reuniones.\nSuperficies Di\u00e1fanas: Flexibilidad en la distribuci\u00f3n de espacios.\nLuz Natural y Acabados de Calidad: Ambientes luminosos y de alto est\u00e1ndar.\nFachada Muro Cortina: Dise\u00f1o moderno y elegante.\nFalso Suelo y Luces LED: Tecnolog\u00eda avanzada para confort y eficiencia energ\u00e9tica.\nClimatizaci\u00f3n Fr\u00edo-Calor: Sistema de climatizaci\u00f3n adaptable a todas las estaciones.\n\nPOSIBILIDAD DE ENTREGA PLUG & PLAY\n\nTransporte P\u00fablico:\n\nAutobuses: 6, 26, 36, 40, 42, 92, 192, H14, B20, B25, N6, N8 y N11.\nMetro: L1 - \"Gl\u00f2ries\" y L4 - \"Llacuna\".\nTranv\u00eda: T4, T5 y T6.\n\n\nEl edificio se encuentra en plena transformaci\u00f3n para adaptarse a las \u00faltimas tendencias en sostenibilidad y tecnolog\u00eda, asegurando un entorno de trabajo moderno y eficiente. La excelente conectividad con el transporte p\u00fablico y su proximidad a \u00e1reas comerciales y de ocio hacen de este edificio una opci\u00f3n ideal para cualquier empresa que busque un espacio de oficinas en Barcelona.\n\nVen a conocer este edificio y descubre c\u00f3mo puede ser el nuevo hogar para tu empresa en el vibrante y din\u00e1mico 22@.","properties_post_seo_title":"","properties_post_seo_alias":"","properties_post_seo_metadescription":"Oficina en alquiler en el distrito de 22@, calle Pallars. Barcelona. Forcadell es su agencia de confianza para el alquiler de esta oficina.","properties_post_seo_key_words":"Oficina alquiler Barcelona, alquiler oficina Barcelona, oficina Barcelona","properties_post_seo_url":"","properties_post_terms_conditions":""}],"post_type_properties_post_features_type":"office","post_type_properties_post_id_building":"","post_type_properties_post_features_area_constructed":1481,"post_type_properties_post_features_conditioned_air":true,"post_type_properties_post_features_doorman":false,"post_type_properties_post_features_heating":true,"post_type_properties_post_features_equipped_kitchen":false,"post_type_properties_post_features_windows_location":"exterior","post_type_properties_post_features_floors_property":false,"post_type_properties_post_features_storage":false,"post_type_properties_post_features_security_door":false,"post_type_properties_post_features_energy_certificate_rating":"A","post_type_properties_post_features_energy_certificate_emissions_rating":"A","post_type_properties_post_features_energy_certificate_emissions_value":"","post_type_properties_post_features_energy_certificate_performance":"","post_type_properties_post_features_bathroom_inside":false,"post_type_properties_post_precio":34819.01,"post_type_properties_post_precio_alquiler":34819.01,"post_type_properties_post_record_type_id":"Oficina","post_type_properties_post_categoria__producto":"Oficina","post_type_properties_post_amueblado":false,"post_type_properties_post_precio_m2":23.5,"post_type_properties_post_zona__comunitaria":false,"post_type_properties_post_electrodomesticos":false,"post_type_properties_post_patio__interior":true,"post_type_properties_post_certificado_energetico_general":"A","post_type_properties_post_certificado_energetico_consumo":"A","post_type_properties_post_certificado_energetico_valor_emisiones":"","post_type_properties_post_certificado_energetico_valor_consumo":"","post_type_properties_post_modalidad":"rent","post_type_properties_post_provincia":"Barcelona","post_type_properties_post_poblacion":"Barcelona","post_type_properties_post_centro__urbano":false,"post_type_properties_post_zonificacion":"22 @","post_type_properties_post_cartera":"","post_type_properties_post_titulo_catalan":"PALLARS 180 - 22@","post_type_properties_post_internet_catalan":" Edifici d'Oficines al Cor del 22@, Barcelona\n\nUbicat al centre del 22@, la zona de m\u00e9s innovaci\u00f3, expansi\u00f3 i projecci\u00f3 de Barcelona, aquest edifici d'oficines ofereix una ubicaci\u00f3 privilegiada a prop de la Rambla del Poblenou, brindant acc\u00e9s a tots els serveis essencials.\n\nCaracter\u00edstiques i serveis:\n\nRecepci\u00f3 i Servei de Consergeria: Atenci\u00f3 i seguretat garantida.\n3 Ascensors: Comoditat i efici\u00e8ncia en el despla\u00e7ament.\nSmart Lockers: Tecnologia avan\u00e7ada per a la gesti\u00f3 de paquets.\nVestuaris i Dutxes: Facilitats per al benestar dels empleats.\nCertificacions: Leed Gold i Efici\u00e8ncia Energ\u00e8tica A, assegurant sostenibilitat i efici\u00e8ncia.\nSmart Mobility: Espais per a cotxes, motos, bicicletes i lockers per a patinets.\nTerrassa Comunit\u00e0ria: Ubicada a la planta 6 i espais comunitaris a la planta baixa per esbarjo i reunions.\nSuperf\u00edcies Di\u00e0fanes: Flexibilitat en la distribuci\u00f3 despais.\nLlum natural i acabats de qualitat: ambients lluminosos i d'alt est\u00e0ndard.\nFa\u00e7ana Muro Cortina: Disseny modern i elegant.\nFals S\u00f2l i Llums LED: Tecnologia avan\u00e7ada per a confort i efici\u00e8ncia energ\u00e8tica.\nClimatitzaci\u00f3 Fred-Calor: Sistema de climatitzaci\u00f3 adaptable a totes les estacions.\n\nPOSSIBILITAT D'ENTREGA PLUG&PLAY !\n\nTransport P\u00fablic:\n\nAutobusos: 6, 26, 36, 40, 42, 92, 192, H14, B20, B25, N6, N8 i N11.\nMetro: L1 \u2013 \u201cGl\u00f2ries\u201d i L4 \u2013 \u201cLlacuna\u201d.\nTramvia: T4, T5 i T6.\n\n\nL'edifici es troba en plena transformaci\u00f3 per adaptar-se a les darreres tend\u00e8ncies en sostenibilitat i tecnologia, assegurant un entorn de treball modern i eficient. L'excel\u00b7lent connectivitat amb el transport p\u00fablic i la proximitat a \u00e0rees comercials i d'oci fan d'aquest edifici una opci\u00f3 ideal per a qualsevol empresa que busqui un espai d'oficines a Barcelona.\n\nVine a con\u00e8ixer aquest edifici i descobreix com pot ser la nova llar per a la teva empresa al vibrant i din\u00e0mic 22@.","post_type_properties_post_titulo_castellano":"PALLARS 180 - 22@","post_type_properties_post_internet_castellano":" \nEdificio de Oficinas en el Coraz\u00f3n del 22@, Barcelona\n\nUbicado en el centro del 22@, la zona de mayor innovaci\u00f3n, expansi\u00f3n y proyecci\u00f3n de Barcelona, este edificio de oficinas ofrece una ubicaci\u00f3n privilegiada cerca de la Rambla del Poblenou, brindando acceso a todos los servicios esenciales.\n\nCaracter\u00edsticas y Servicios:\n\nRecepci\u00f3n y Servicio de Conserjer\u00eda: Atenci\u00f3n y seguridad garantizada.\n3 Ascensores: Comodidad y eficiencia en el desplazamiento.\nSmart Lockers: Tecnolog\u00eda avanzada para la gesti\u00f3n de paquetes.\nVestuarios y Duchas: Facilidades para el bienestar de los empleados.\nCertificaciones: Leed Gold y Eficiencia Energ\u00e9tica A, asegurando sostenibilidad y eficiencia.\nSmart Mobility: Espacios para coches, motos, bicicletas y lockers para patinetes.\nTerraza Comunitaria: Ubicada en la planta 6 y espacios comunitarios en la planta baja para esparcimiento y reuniones.\nSuperficies Di\u00e1fanas: Flexibilidad en la distribuci\u00f3n de espacios.\nLuz Natural y Acabados de Calidad: Ambientes luminosos y de alto est\u00e1ndar.\nFachada Muro Cortina: Dise\u00f1o moderno y elegante.\nFalso Suelo y Luces LED: Tecnolog\u00eda avanzada para confort y eficiencia energ\u00e9tica.\nClimatizaci\u00f3n Fr\u00edo-Calor: Sistema de climatizaci\u00f3n adaptable a todas las estaciones.\n\nPOSIBILIDAD DE ENTREGA PLUG & PLAY\n\nTransporte P\u00fablico:\n\nAutobuses: 6, 26, 36, 40, 42, 92, 192, H14, B20, B25, N6, N8 y N11.\nMetro: L1 - \"Gl\u00f2ries\" y L4 - \"Llacuna\".\nTranv\u00eda: T4, T5 y T6.\n\n\nEl edificio se encuentra en plena transformaci\u00f3n para adaptarse a las \u00faltimas tendencias en sostenibilidad y tecnolog\u00eda, asegurando un entorno de trabajo moderno y eficiente. La excelente conectividad con el transporte p\u00fablico y su proximidad a \u00e1reas comerciales y de ocio hacen de este edificio una opci\u00f3n ideal para cualquier empresa que busque un espacio de oficinas en Barcelona.\n\nVen a conocer este edificio y descubre c\u00f3mo puede ser el nuevo hogar para tu empresa en el vibrante y din\u00e1mico 22@.","post_type_properties_post_titulo_ingles":"","post_type_properties_post_internet_ingles":"","post_type_properties_post_features_classification_commercial":false,"post_type_properties_post_features_conservation":"","post_type_properties_post_features_security_personnel":false,"post_type_properties_post_features_parking_available":false,"post_type_properties_post_features_garage_capacity_type":"","post_type_properties_post_features_bathroom_number":"","post_type_properties_post_eje":"","post_type_properties_post_zona":"","post_type_properties_post_comarca":"","post_type_properties_post_features_built_year":"","post_type_properties_post_renta_mensual":34819.01,"post_type_properties_post_fianza":"","post_type_properties_post_features_area_plot":"","post_type_properties_post_features_area_buildable":"","post_type_properties_post_features_classification_industrial":false,"post_type_properties_post_distrito":"","post_type_properties_post_features_balcony":false,"post_type_properties_post_features_bedroom_number":"","post_type_properties_post_features_heating_type":"","post_type_properties_post_features_equipped_with_furniture":false,"post_type_properties_post_features_pets_allowed":false,"post_type_properties_post_features_pool":false,"post_type_properties_post_features_terrace":false,"post_type_properties_post_features_wardrobes":false,"post_type_properties_post_features_lift_available":false,"post_type_properties_post_features_handicap_adapted_access":false,"post_type_properties_post_features_orientation_east":false,"post_type_properties_post_features_orientation_west":false,"post_type_properties_post_features_orientation_north":false,"post_type_properties_post_features_orientation_south":false,"post_type_properties_post_features_parking_spaces_number":"","post_type_properties_post_features_security_alarm":false,"post_type_properties_post_features_security_system":false,"post_type_properties_post_open_plan":false,"post_type_properties_post_acceso_24_7":false,"post_type_properties_post_oficina_privada":false,"post_type_properties_post_sala_reuniones":false,"post_type_properties_post_espacio_eventos":false,"post_type_properties_post_office":false,"post_type_properties_post_restaurant":false,"post_type_properties_post_acepta_traspaso":false,"post_type_properties_post_vigilancia":false,"post_type_properties_post_features_suite":false,"post_type_properties_post_features_vitro":false,"post_type_properties_post_features_oven":false,"post_type_properties_post_features_microwave":false,"post_type_properties_post_features_washing_machine":false,"post_type_properties_post_features_dryer":false,"post_type_properties_post_features_dishwasher":false,"post_type_properties_post_features_fridge":false,"post_type_properties_post_features_fridge_mini":false,"post_type_properties_post_features_kettle":false,"post_type_properties_post_features_toaster":false,"post_type_properties_post_features_coffee_maker":false,"post_type_properties_post_features_iron":false,"post_type_properties_post_features_ironing_board":false,"post_type_properties_post_features_safe":false,"post_type_properties_post_features_internet":true,"post_type_properties_post_features_solarium":false,"post_type_properties_post_features_clean_service":false,"post_type_properties_post_features_t_v":false,"post_type_properties_post_features_satellite_t_v":false,"post_type_properties_post_features_gas_kitchen":false,"post_type_properties_post_features_view_mountain":false,"post_type_properties_post_features_view_sea":false,"post_type_properties_post_features_concierge":false,"post_type_properties_post_features_loading_dock":false,"post_type_properties_post_features_bridge_crane":false,"post_type_properties_post_features_located_at_corner":false,"post_type_properties_post_features_smoke_extraction":false,"post_type_properties_post_features_rooms":"","post_type_properties_post_features_garden_area":"","post_type_properties_post_features_utilities_water":false,"post_type_properties_post_features_utilities_electricity":false,"post_type_properties_post_features_utilities_natural_gas":false,"post_type_properties_post_features_building_adapted":false,"post_type_properties_post_features_garden":false,"post_type_properties_post_features_classification_hotel":false,"post_type_properties_post_features_classification_chalet":false,"post_type_properties_post_certificado_energetico_emisiones":"A","post_type_properties_post_barrio":"","post_type_properties_post_distrito_empresa":"Sant Mart\u00ed","post_type_properties_post_features_property_category_intern":"","post_type_properties_post_implantada":false,"post_type_properties_post_sello_leed":"1","post_type_properties_post_sello_well":"","post_type_properties_post_sello_breeam":false,"post_type_properties_post_images":[{"properties_post_image_order":1,"properties_post_image_url":"https:\/\/movin.cloud\/empresas\/2438\/imagenes\/11245402\/en-alquiler-29.webp","properties_post_image_url_thumbnail":"https:\/\/movin.cloud\/empresas\/2438\/imagenes\/thumbnails\/11245402\/en-alquiler-29.webp","properties_post_title":"en alquiler 29","properties_post_alt":"en alquiler 29"},{"properties_post_image_order":2,"properties_post_image_url":"https:\/\/movin.cloud\/empresas\/2438\/imagenes\/11245402\/en-alquiler-27.webp","properties_post_image_url_thumbnail":"https:\/\/movin.cloud\/empresas\/2438\/imagenes\/thumbnails\/11245402\/en-alquiler-27.webp","properties_post_title":"en alquiler 27","properties_post_alt":"en alquiler 27"},{"properties_post_image_order":3,"properties_post_image_url":"https:\/\/movin.cloud\/empresas\/2438\/imagenes\/11245402\/en-alquiler-28.webp","properties_post_image_url_thumbnail":"https:\/\/movin.cloud\/empresas\/2438\/imagenes\/thumbnails\/11245402\/en-alquiler-28.webp","properties_post_title":"en alquiler 28","properties_post_alt":"en alquiler 28"},{"properties_post_image_order":4,"properties_post_image_url":"https:\/\/movin.cloud\/empresas\/2438\/imagenes\/11245402\/en-alquiler-30.webp","properties_post_image_url_thumbnail":"https:\/\/movin.cloud\/empresas\/2438\/imagenes\/thumbnails\/11245402\/en-alquiler-30.webp","properties_post_title":"en alquiler 30","properties_post_alt":"en alquiler 30"},{"properties_post_image_order":5,"properties_post_image_url":"https:\/\/movin.cloud\/empresas\/2438\/imagenes\/11245402\/en-alquiler-31.webp","properties_post_image_url_thumbnail":"https:\/\/movin.cloud\/empresas\/2438\/imagenes\/thumbnails\/11245402\/en-alquiler-31.webp","properties_post_title":"en alquiler 31","properties_post_alt":"en alquiler 31"},{"properties_post_image_order":6,"properties_post_image_url":"https:\/\/movin.cloud\/empresas\/2438\/imagenes\/11245402\/en-alquiler-32.webp","properties_post_image_url_thumbnail":"https:\/\/movin.cloud\/empresas\/2438\/imagenes\/thumbnails\/11245402\/en-alquiler-32.webp","properties_post_title":"en alquiler 32","properties_post_alt":"en alquiler 32"},{"properties_post_image_order":7,"properties_post_image_url":"https:\/\/movin.cloud\/empresas\/2438\/imagenes\/11245402\/en-alquiler-33.webp","properties_post_image_url_thumbnail":"https:\/\/movin.cloud\/empresas\/2438\/imagenes\/thumbnails\/11245402\/en-alquiler-33.webp","properties_post_title":"en alquiler 33","properties_post_alt":"en alquiler 33"},{"properties_post_image_order":8,"properties_post_image_url":"https:\/\/movin.cloud\/empresas\/2438\/imagenes\/11245402\/en-alquiler-34.webp","properties_post_image_url_thumbnail":"https:\/\/movin.cloud\/empresas\/2438\/imagenes\/thumbnails\/11245402\/en-alquiler-34.webp","properties_post_title":"en alquiler 34","properties_post_alt":"en alquiler 34"},{"properties_post_image_order":9,"properties_post_image_url":"https:\/\/movin.cloud\/empresas\/2438\/imagenes\/11245402\/en-alquiler-35.webp","properties_post_image_url_thumbnail":"https:\/\/movin.cloud\/empresas\/2438\/imagenes\/thumbnails\/11245402\/en-alquiler-35.webp","properties_post_title":"en alquiler 35","properties_post_alt":"en alquiler 35"},{"properties_post_image_order":10,"properties_post_image_url":"https:\/\/movin.cloud\/empresas\/2438\/imagenes\/11245402\/en-alquiler-36.webp","properties_post_image_url_thumbnail":"https:\/\/movin.cloud\/empresas\/2438\/imagenes\/thumbnails\/11245402\/en-alquiler-36.webp","properties_post_title":"en alquiler 36","properties_post_alt":"en alquiler 36"},{"properties_post_image_order":11,"properties_post_image_url":"https:\/\/movin.cloud\/empresas\/2438\/imagenes\/11245402\/en-alquiler-37.webp","properties_post_image_url_thumbnail":"https:\/\/movin.cloud\/empresas\/2438\/imagenes\/thumbnails\/11245402\/en-alquiler-37.webp","properties_post_title":"en alquiler 37","properties_post_alt":"en alquiler 37"},{"properties_post_image_order":12,"properties_post_image_url":"https:\/\/movin.cloud\/empresas\/2438\/imagenes\/11245402\/en-alquiler-38.webp","properties_post_image_url_thumbnail":"https:\/\/movin.cloud\/empresas\/2438\/imagenes\/thumbnails\/11245402\/en-alquiler-38.webp","properties_post_title":"en alquiler 38","properties_post_alt":"en alquiler 38"},{"properties_post_image_order":13,"properties_post_image_url":"https:\/\/movin.cloud\/empresas\/2438\/imagenes\/11245402\/en-alquiler-39.webp","properties_post_image_url_thumbnail":"https:\/\/movin.cloud\/empresas\/2438\/imagenes\/thumbnails\/11245402\/en-alquiler-39.webp","properties_post_title":"en alquiler 39","properties_post_alt":"en alquiler 39"},{"properties_post_image_order":14,"properties_post_image_url":"https:\/\/movin.cloud\/empresas\/2438\/imagenes\/11245402\/en-alquiler-40.webp","properties_post_image_url_thumbnail":"https:\/\/movin.cloud\/empresas\/2438\/imagenes\/thumbnails\/11245402\/en-alquiler-40.webp","properties_post_title":"en alquiler 40","properties_post_alt":"en alquiler 40"},{"properties_post_image_order":15,"properties_post_image_url":"https:\/\/movin.cloud\/empresas\/2438\/imagenes\/11245402\/en-alquiler-41.webp","properties_post_image_url_thumbnail":"https:\/\/movin.cloud\/empresas\/2438\/imagenes\/thumbnails\/11245402\/en-alquiler-41.webp","properties_post_title":"en alquiler 41","properties_post_alt":"en alquiler 41"},{"properties_post_image_order":16,"properties_post_image_url":"https:\/\/movin.cloud\/empresas\/2438\/imagenes\/11245402\/en-alquiler-42.webp","properties_post_image_url_thumbnail":"https:\/\/movin.cloud\/empresas\/2438\/imagenes\/thumbnails\/11245402\/en-alquiler-42.webp","properties_post_title":"en alquiler 42","properties_post_alt":"en alquiler 42"},{"properties_post_image_order":17,"properties_post_image_url":"https:\/\/movin.cloud\/empresas\/2438\/imagenes\/11245402\/en-alquiler-43.webp","properties_post_image_url_thumbnail":"https:\/\/movin.cloud\/empresas\/2438\/imagenes\/thumbnails\/11245402\/en-alquiler-43.webp","properties_post_title":"en alquiler 43","properties_post_alt":"en alquiler 43"},{"properties_post_image_order":18,"properties_post_image_url":"https:\/\/movin.cloud\/empresas\/2438\/imagenes\/11245402\/en-alquiler-44.webp","properties_post_image_url_thumbnail":"https:\/\/movin.cloud\/empresas\/2438\/imagenes\/thumbnails\/11245402\/en-alquiler-44.webp","properties_post_title":"en alquiler 44","properties_post_alt":"en alquiler 44"},{"properties_post_image_order":19,"properties_post_image_url":"https:\/\/movin.cloud\/empresas\/2438\/imagenes\/11245402\/en-alquiler-45.webp","properties_post_image_url_thumbnail":"https:\/\/movin.cloud\/empresas\/2438\/imagenes\/thumbnails\/11245402\/en-alquiler-45.webp","properties_post_title":"en alquiler 45","properties_post_alt":"en alquiler 45"},{"properties_post_image_order":20,"properties_post_image_url":"https:\/\/movin.cloud\/empresas\/2438\/imagenes\/11245402\/en-alquiler-46.webp","properties_post_image_url_thumbnail":"https:\/\/movin.cloud\/empresas\/2438\/imagenes\/thumbnails\/11245402\/en-alquiler-46.webp","properties_post_title":"en alquiler 46","properties_post_alt":"en alquiler 46"},{"properties_post_image_order":21,"properties_post_image_url":"https:\/\/movin.cloud\/empresas\/2438\/imagenes\/11245402\/en-alquiler-47.webp","properties_post_image_url_thumbnail":"https:\/\/movin.cloud\/empresas\/2438\/imagenes\/thumbnails\/11245402\/en-alquiler-47.webp","properties_post_title":"en alquiler 47","properties_post_alt":"en alquiler 47"},{"properties_post_image_order":22,"properties_post_image_url":"https:\/\/movin.cloud\/empresas\/2438\/imagenes\/11245402\/en-alquiler-48.webp","properties_post_image_url_thumbnail":"https:\/\/movin.cloud\/empresas\/2438\/imagenes\/thumbnails\/11245402\/en-alquiler-48.webp","properties_post_title":"en alquiler 48","properties_post_alt":"en alquiler 48"},{"properties_post_image_order":23,"properties_post_image_url":"https:\/\/movin.cloud\/empresas\/2438\/imagenes\/11245402\/en-alquiler-49.webp","properties_post_image_url_thumbnail":"https:\/\/movin.cloud\/empresas\/2438\/imagenes\/thumbnails\/11245402\/en-alquiler-49.webp","properties_post_title":"en alquiler 49","properties_post_alt":"en alquiler 49"},{"properties_post_image_order":24,"properties_post_image_url":"https:\/\/movin.cloud\/empresas\/2438\/imagenes\/11245402\/en-alquiler-50.webp","properties_post_image_url_thumbnail":"https:\/\/movin.cloud\/empresas\/2438\/imagenes\/thumbnails\/11245402\/en-alquiler-50.webp","properties_post_title":"en alquiler 50","properties_post_alt":"en alquiler 50"},{"properties_post_image_order":25,"properties_post_image_url":"https:\/\/movin.cloud\/empresas\/2438\/imagenes\/11245402\/en-alquiler-51.webp","properties_post_image_url_thumbnail":"https:\/\/movin.cloud\/empresas\/2438\/imagenes\/thumbnails\/11245402\/en-alquiler-51.webp","properties_post_title":"en alquiler 51","properties_post_alt":"en alquiler 51"},{"properties_post_image_order":26,"properties_post_image_url":"https:\/\/movin.cloud\/empresas\/2438\/imagenes\/11245402\/en-alquiler-52.webp","properties_post_image_url_thumbnail":"https:\/\/movin.cloud\/empresas\/2438\/imagenes\/thumbnails\/11245402\/en-alquiler-52.webp","properties_post_title":"en alquiler 52","properties_post_alt":"en alquiler 52"},{"properties_post_image_order":27,"properties_post_image_url":"https:\/\/movin.cloud\/empresas\/2438\/imagenes\/11245402\/en-alquiler-53.webp","properties_post_image_url_thumbnail":"https:\/\/movin.cloud\/empresas\/2438\/imagenes\/thumbnails\/11245402\/en-alquiler-53.webp","properties_post_title":"en alquiler 53","properties_post_alt":"en alquiler 53"},{"properties_post_image_order":28,"properties_post_image_url":"https:\/\/movin.cloud\/empresas\/2438\/imagenes\/11245402\/en-alquiler-54.webp","properties_post_image_url_thumbnail":"https:\/\/movin.cloud\/empresas\/2438\/imagenes\/thumbnails\/11245402\/en-alquiler-54.webp","properties_post_title":"en alquiler 54","properties_post_alt":"en alquiler 54"},{"properties_post_image_order":29,"properties_post_image_url":"https:\/\/movin.cloud\/empresas\/2438\/imagenes\/11245402\/en-alquiler-55.webp","properties_post_image_url_thumbnail":"https:\/\/movin.cloud\/empresas\/2438\/imagenes\/thumbnails\/11245402\/en-alquiler-55.webp","properties_post_title":"en alquiler 55","properties_post_alt":"en alquiler 55"},{"properties_post_image_order":30,"properties_post_image_url":"https:\/\/movin.cloud\/empresas\/2438\/imagenes\/11245402\/en-alquiler-56.webp","properties_post_image_url_thumbnail":"https:\/\/movin.cloud\/empresas\/2438\/imagenes\/thumbnails\/11245402\/en-alquiler-56.webp","properties_post_title":"en alquiler 56","properties_post_alt":"en alquiler 56"},{"properties_post_image_order":31,"properties_post_image_url":"https:\/\/movin.cloud\/empresas\/2438\/imagenes\/11245402\/en-alquiler-57.webp","properties_post_image_url_thumbnail":"https:\/\/movin.cloud\/empresas\/2438\/imagenes\/thumbnails\/11245402\/en-alquiler-57.webp","properties_post_title":"en alquiler 57","properties_post_alt":"en alquiler 57"},{"properties_post_image_order":32,"properties_post_image_url":"https:\/\/movin.cloud\/empresas\/2438\/imagenes\/11245402\/en-alquiler-58.webp","properties_post_image_url_thumbnail":"https:\/\/movin.cloud\/empresas\/2438\/imagenes\/thumbnails\/11245402\/en-alquiler-58.webp","properties_post_title":"en alquiler 58","properties_post_alt":"en alquiler 58"},{"properties_post_image_order":33,"properties_post_image_url":"https:\/\/movin.cloud\/empresas\/2438\/imagenes\/11245402\/en-alquiler-59.webp","properties_post_image_url_thumbnail":"https:\/\/movin.cloud\/empresas\/2438\/imagenes\/thumbnails\/11245402\/en-alquiler-59.webp","properties_post_title":"en alquiler 59","properties_post_alt":"en alquiler 59"},{"properties_post_image_order":34,"properties_post_image_url":"https:\/\/movin.cloud\/empresas\/2438\/imagenes\/11245402\/en-alquiler-60.webp","properties_post_image_url_thumbnail":"https:\/\/movin.cloud\/empresas\/2438\/imagenes\/thumbnails\/11245402\/en-alquiler-60.webp","properties_post_title":"en alquiler 60","properties_post_alt":"en alquiler 60"},{"properties_post_image_order":35,"properties_post_image_url":"https:\/\/movin.cloud\/empresas\/2438\/imagenes\/11245402\/en-alquiler-61.webp","properties_post_image_url_thumbnail":"https:\/\/movin.cloud\/empresas\/2438\/imagenes\/thumbnails\/11245402\/en-alquiler-61.webp","properties_post_title":"en alquiler 61","properties_post_alt":"en alquiler 61"},{"properties_post_image_order":36,"properties_post_image_url":"https:\/\/movin.cloud\/empresas\/2438\/imagenes\/11245402\/en-alquiler-62.webp","properties_post_image_url_thumbnail":"https:\/\/movin.cloud\/empresas\/2438\/imagenes\/thumbnails\/11245402\/en-alquiler-62.webp","properties_post_title":"en alquiler 62","properties_post_alt":"en alquiler 62"},{"properties_post_image_order":37,"properties_post_image_url":"https:\/\/movin.cloud\/empresas\/2438\/imagenes\/11245402\/en-alquiler-63.webp","properties_post_image_url_thumbnail":"https:\/\/movin.cloud\/empresas\/2438\/imagenes\/thumbnails\/11245402\/en-alquiler-63.webp","properties_post_title":"en alquiler 63","properties_post_alt":"en alquiler 63"},{"properties_post_image_order":38,"properties_post_image_url":"https:\/\/movin.cloud\/empresas\/2438\/imagenes\/11245402\/en-alquiler-64.webp","properties_post_image_url_thumbnail":"https:\/\/movin.cloud\/empresas\/2438\/imagenes\/thumbnails\/11245402\/en-alquiler-64.webp","properties_post_title":"en alquiler 64","properties_post_alt":"en alquiler 64"},{"properties_post_image_order":39,"properties_post_image_url":"https:\/\/movin.cloud\/empresas\/2438\/imagenes\/11245402\/en-alquiler-65.webp","properties_post_image_url_thumbnail":"https:\/\/movin.cloud\/empresas\/2438\/imagenes\/thumbnails\/11245402\/en-alquiler-65.webp","properties_post_title":"en alquiler 65","properties_post_alt":"en alquiler 65"},{"properties_post_image_order":40,"properties_post_image_url":"https:\/\/movin.cloud\/empresas\/2438\/imagenes\/11245402\/en-alquiler-66.webp","properties_post_image_url_thumbnail":"https:\/\/movin.cloud\/empresas\/2438\/imagenes\/thumbnails\/11245402\/en-alquiler-66.webp","properties_post_title":"en alquiler 66","properties_post_alt":"en alquiler 66"},{"properties_post_image_order":41,"properties_post_image_url":"https:\/\/movin.cloud\/empresas\/2438\/imagenes\/11245402\/en-alquiler-67.webp","properties_post_image_url_thumbnail":"https:\/\/movin.cloud\/empresas\/2438\/imagenes\/thumbnails\/11245402\/en-alquiler-67.webp","properties_post_title":"en alquiler 67","properties_post_alt":"en alquiler 67"},{"properties_post_image_order":42,"properties_post_image_url":"https:\/\/movin.cloud\/empresas\/2438\/imagenes\/11245402\/en-alquiler-68.webp","properties_post_image_url_thumbnail":"https:\/\/movin.cloud\/empresas\/2438\/imagenes\/thumbnails\/11245402\/en-alquiler-68.webp","properties_post_title":"en alquiler 68","properties_post_alt":"en alquiler 68"},{"properties_post_image_order":43,"properties_post_image_url":"https:\/\/movin.cloud\/empresas\/2438\/imagenes\/11245402\/en-alquiler-69.webp","properties_post_image_url_thumbnail":"https:\/\/movin.cloud\/empresas\/2438\/imagenes\/thumbnails\/11245402\/en-alquiler-69.webp","properties_post_title":"en alquiler 69","properties_post_alt":"en alquiler 69"},{"properties_post_image_order":44,"properties_post_image_url":"https:\/\/movin.cloud\/empresas\/2438\/imagenes\/11245402\/en-alquiler-70.webp","properties_post_image_url_thumbnail":"https:\/\/movin.cloud\/empresas\/2438\/imagenes\/thumbnails\/11245402\/en-alquiler-70.webp","properties_post_title":"en alquiler 70","properties_post_alt":"en alquiler 70"},{"properties_post_image_order":45,"properties_post_image_url":"https:\/\/movin.cloud\/empresas\/2438\/imagenes\/11245402\/en-alquiler-71.webp","properties_post_image_url_thumbnail":"https:\/\/movin.cloud\/empresas\/2438\/imagenes\/thumbnails\/11245402\/en-alquiler-71.webp","properties_post_title":"en alquiler 71","properties_post_alt":"en alquiler 71"},{"properties_post_image_order":46,"properties_post_image_url":"https:\/\/movin.cloud\/empresas\/2438\/imagenes\/11245402\/en-alquiler-72.webp","properties_post_image_url_thumbnail":"https:\/\/movin.cloud\/empresas\/2438\/imagenes\/thumbnails\/11245402\/en-alquiler-72.webp","properties_post_title":"en alquiler 72","properties_post_alt":"en alquiler 72"},{"properties_post_image_order":47,"properties_post_image_url":"https:\/\/movin.cloud\/empresas\/2438\/imagenes\/11245402\/en-alquiler-73.webp","properties_post_image_url_thumbnail":"https:\/\/movin.cloud\/empresas\/2438\/imagenes\/thumbnails\/11245402\/en-alquiler-73.webp","properties_post_title":"en alquiler 73","properties_post_alt":"en alquiler 73"},{"properties_post_image_order":48,"properties_post_image_url":"https:\/\/movin.cloud\/empresas\/2438\/imagenes\/11245402\/en-alquiler-74.webp","properties_post_image_url_thumbnail":"https:\/\/movin.cloud\/empresas\/2438\/imagenes\/thumbnails\/11245402\/en-alquiler-74.webp","properties_post_title":"en alquiler 74","properties_post_alt":"en alquiler 74"},{"properties_post_image_order":49,"properties_post_image_url":"https:\/\/movin.cloud\/empresas\/2438\/imagenes\/11245402\/en-alquiler-75.webp","properties_post_image_url_thumbnail":"https:\/\/movin.cloud\/empresas\/2438\/imagenes\/thumbnails\/11245402\/en-alquiler-75.webp","properties_post_title":"en alquiler 75","properties_post_alt":"en alquiler 75"},{"properties_post_image_order":50,"properties_post_image_url":"https:\/\/movin.cloud\/empresas\/2438\/imagenes\/11245402\/en-alquiler-76.webp","properties_post_image_url_thumbnail":"https:\/\/movin.cloud\/empresas\/2438\/imagenes\/thumbnails\/11245402\/en-alquiler-76.webp","properties_post_title":"en alquiler 76","properties_post_alt":"en alquiler 76"},{"properties_post_image_order":51,"properties_post_image_url":"https:\/\/movin.cloud\/empresas\/2438\/imagenes\/11245402\/en-alquiler-77.webp","properties_post_image_url_thumbnail":"https:\/\/movin.cloud\/empresas\/2438\/imagenes\/thumbnails\/11245402\/en-alquiler-77.webp","properties_post_title":"en alquiler 77","properties_post_alt":"en alquiler 77"},{"properties_post_image_order":52,"properties_post_image_url":"https:\/\/movin.cloud\/empresas\/2438\/imagenes\/11245402\/en-alquiler-78.webp","properties_post_image_url_thumbnail":"https:\/\/movin.cloud\/empresas\/2438\/imagenes\/thumbnails\/11245402\/en-alquiler-78.webp","properties_post_title":"en alquiler 78","properties_post_alt":"en alquiler 78"},{"properties_post_image_order":53,"properties_post_image_url":"https:\/\/movin.cloud\/empresas\/2438\/imagenes\/11245402\/en-alquiler-79.webp","properties_post_image_url_thumbnail":"https:\/\/movin.cloud\/empresas\/2438\/imagenes\/thumbnails\/11245402\/en-alquiler-79.webp","properties_post_title":"en alquiler 79","properties_post_alt":"en alquiler 79"},{"properties_post_image_order":54,"properties_post_image_url":"https:\/\/movin.cloud\/empresas\/2438\/imagenes\/11245402\/en-alquiler-80.webp","properties_post_image_url_thumbnail":"https:\/\/movin.cloud\/empresas\/2438\/imagenes\/thumbnails\/11245402\/en-alquiler-80.webp","properties_post_title":"en alquiler 80","properties_post_alt":"en alquiler 80"},{"properties_post_image_order":55,"properties_post_image_url":"https:\/\/movin.cloud\/empresas\/2438\/imagenes\/11245402\/en-alquiler-81.webp","properties_post_image_url_thumbnail":"https:\/\/movin.cloud\/empresas\/2438\/imagenes\/thumbnails\/11245402\/en-alquiler-81.webp","properties_post_title":"en alquiler 81","properties_post_alt":"en alquiler 81"},{"properties_post_image_order":56,"properties_post_image_url":"https:\/\/movin.cloud\/empresas\/2438\/imagenes\/11245402\/en-alquiler-82.webp","properties_post_image_url_thumbnail":"https:\/\/movin.cloud\/empresas\/2438\/imagenes\/thumbnails\/11245402\/en-alquiler-82.webp","properties_post_title":"en alquiler 82","properties_post_alt":"en alquiler 82"},{"properties_post_image_order":57,"properties_post_image_url":"https:\/\/movin.cloud\/empresas\/2438\/imagenes\/11245402\/en-alquiler-83.webp","properties_post_image_url_thumbnail":"https:\/\/movin.cloud\/empresas\/2438\/imagenes\/thumbnails\/11245402\/en-alquiler-83.webp","properties_post_title":"en alquiler 83","properties_post_alt":"en alquiler 83"},{"properties_post_image_order":58,"properties_post_image_url":"https:\/\/movin.cloud\/empresas\/2438\/imagenes\/11245402\/inmobiliarias.webp","properties_post_image_url_thumbnail":"https:\/\/movin.cloud\/empresas\/2438\/imagenes\/thumbnails\/11245402\/inmobiliarias.webp","properties_post_title":"inmobiliarias","properties_post_alt":"inmobiliarias"},{"properties_post_image_order":59,"properties_post_image_url":"https:\/\/movin.cloud\/empresas\/2438\/imagenes\/11245402\/en-alquiler-84.webp","properties_post_image_url_thumbnail":"https:\/\/movin.cloud\/empresas\/2438\/imagenes\/thumbnails\/11245402\/en-alquiler-84.webp","properties_post_title":"en alquiler 84","properties_post_alt":"en alquiler 84"},{"properties_post_image_order":60,"properties_post_image_url":"https:\/\/movin.cloud\/empresas\/2438\/imagenes\/11245402\/en-alquiler-85.webp","properties_post_image_url_thumbnail":"https:\/\/movin.cloud\/empresas\/2438\/imagenes\/thumbnails\/11245402\/en-alquiler-85.webp","properties_post_title":"en alquiler 85","properties_post_alt":"en alquiler 85"},{"properties_post_image_order":61,"properties_post_image_url":"https:\/\/movin.cloud\/empresas\/2438\/imagenes\/11245402\/en-alquiler-86.webp","properties_post_image_url_thumbnail":"https:\/\/movin.cloud\/empresas\/2438\/imagenes\/thumbnails\/11245402\/en-alquiler-86.webp","properties_post_title":"en alquiler 86","properties_post_alt":"en alquiler 86"},{"properties_post_image_order":62,"properties_post_image_url":"https:\/\/movin.cloud\/empresas\/2438\/imagenes\/11245402\/en-alquiler-87.webp","properties_post_image_url_thumbnail":"https:\/\/movin.cloud\/empresas\/2438\/imagenes\/thumbnails\/11245402\/en-alquiler-87.webp","properties_post_title":"en alquiler 87","properties_post_alt":"en alquiler 87"},{"properties_post_image_order":63,"properties_post_image_url":"https:\/\/movin.cloud\/empresas\/2438\/imagenes\/11245402\/en-alquiler-88.webp","properties_post_image_url_thumbnail":"https:\/\/movin.cloud\/empresas\/2438\/imagenes\/thumbnails\/11245402\/en-alquiler-88.webp","properties_post_title":"en alquiler 88","properties_post_alt":"en alquiler 88"},{"properties_post_image_order":64,"properties_post_image_url":"https:\/\/movin.cloud\/empresas\/2438\/imagenes\/11245402\/en-alquiler-11.webp","properties_post_image_url_thumbnail":"https:\/\/movin.cloud\/empresas\/2438\/imagenes\/thumbnails\/11245402\/en-alquiler-11.webp","properties_post_title":"en alquiler 11","properties_post_alt":"en alquiler 11"},{"properties_post_image_order":65,"properties_post_image_url":"https:\/\/movin.cloud\/empresas\/2438\/imagenes\/11245402\/en-alquiler-89.webp","properties_post_image_url_thumbnail":"https:\/\/movin.cloud\/empresas\/2438\/imagenes\/thumbnails\/11245402\/en-alquiler-89.webp","properties_post_title":"en alquiler 89","properties_post_alt":"en alquiler 89"}],"post_type_properties_post_videos":null,"post_type_properties_post_tour":null,"post_type_properties_post_dossier_url":"","post_type_properties_post_operation_type":"rent","post_type_properties_post_operation_price":34819,"post_type_properties_post_features_hidden_price":false},"yoast_head":"<!-- This site is optimized with the Yoast SEO plugin v25.6 - https:\/\/yoast.com\/wordpress\/plugins\/seo\/ -->\n<title>PALLARS 180 - 22@ - Forcadell<\/title>\n<meta name=\"robots\" content=\"index, follow, max-snippet:-1, max-image-preview:large, max-video-preview:-1\" \/>\n<link rel=\"canonical\" href=\"https:\/\/forcadell.com\/ca\/propiedades\/pallars-22-3\/\" \/>\n<meta property=\"og:locale\" content=\"ca_ES\" \/>\n<meta property=\"og:type\" content=\"article\" \/>\n<meta property=\"og:title\" content=\"PALLARS 180 - 22@ - Forcadell\" \/>\n<meta property=\"og:description\" content=\"Edificio de Oficinas en el Coraz\u00f3n del 22@, Barcelona Ubicado en el centro del 22@, la zona de mayor innovaci\u00f3n, expansi\u00f3n y proyecci\u00f3n de Barcelona, este edificio de oficinas ofrece una ubicaci\u00f3n privilegiada cerca de la Rambla del Poblenou, brindando acceso a todos los servicios esenciales. Caracter\u00edsticas y Servicios: Recepci\u00f3n y Servicio de Conserjer\u00eda: Atenci\u00f3n [&hellip;]\" \/>\n<meta property=\"og:url\" content=\"https:\/\/forcadell.com\/ca\/propiedades\/pallars-22-3\/\" \/>\n<meta property=\"og:site_name\" content=\"Forcadell\" \/>\n<meta property=\"article:modified_time\" content=\"2026-04-25T09:13:31+00:00\" \/>\n<meta name=\"twitter:card\" content=\"summary_large_image\" \/>\n<meta name=\"twitter:label1\" content=\"Temps estimat de lectura\" \/>\n\t<meta name=\"twitter:data1\" content=\"2 minuts\" \/>\n<!-- \/ Yoast SEO plugin. -->","yoast_head_json":{"title":"PALLARS 180 - 22@ - Forcadell","robots":{"index":"index","follow":"follow","max-snippet":"max-snippet:-1","max-image-preview":"max-image-preview:large","max-video-preview":"max-video-preview:-1"},"canonical":"https:\/\/forcadell.com\/ca\/propiedades\/pallars-22-3\/","og_locale":"ca_ES","og_type":"article","og_title":"PALLARS 180 - 22@ - Forcadell","og_description":"Edificio de Oficinas en el Coraz\u00f3n del 22@, Barcelona Ubicado en el centro del 22@, la zona de mayor innovaci\u00f3n, expansi\u00f3n y proyecci\u00f3n de Barcelona, este edificio de oficinas ofrece una ubicaci\u00f3n privilegiada cerca de la Rambla del Poblenou, brindando acceso a todos los servicios esenciales. Caracter\u00edsticas y Servicios: Recepci\u00f3n y Servicio de Conserjer\u00eda: Atenci\u00f3n [&hellip;]","og_url":"https:\/\/forcadell.com\/ca\/propiedades\/pallars-22-3\/","og_site_name":"Forcadell","article_modified_time":"2026-04-25T09:13:31+00:00","twitter_card":"summary_large_image","twitter_misc":{"Temps estimat de lectura":"2 minuts"},"schema":{"@context":"https:\/\/schema.org","@graph":[{"@type":"WebPage","@id":"https:\/\/forcadell.com\/ca\/propiedades\/pallars-22-3\/","url":"https:\/\/forcadell.com\/ca\/propiedades\/pallars-22-3\/","name":"PALLARS 180 - 22@ - Forcadell","isPartOf":{"@id":"https:\/\/forcadell.com\/ca\/#website"},"datePublished":"2025-11-04T14:19:20+00:00","dateModified":"2026-04-25T09:13:31+00:00","breadcrumb":{"@id":"https:\/\/forcadell.com\/ca\/propiedades\/pallars-22-3\/#breadcrumb"},"inLanguage":"ca","potentialAction":[{"@type":"ReadAction","target":["https:\/\/forcadell.com\/ca\/propiedades\/pallars-22-3\/"]}]},{"@type":"BreadcrumbList","@id":"https:\/\/forcadell.com\/ca\/propiedades\/pallars-22-3\/#breadcrumb","itemListElement":[{"@type":"ListItem","position":1,"name":"Portada","item":"https:\/\/forcadell.com\/ca\/"},{"@type":"ListItem","position":2,"name":"Properties","item":"https:\/\/forcadell.com\/ca\/propiedades\/"},{"@type":"ListItem","position":3,"name":"PALLARS 180 &#8211; 22@"}]},{"@type":"WebSite","@id":"https:\/\/forcadell.com\/ca\/#website","url":"https:\/\/forcadell.com\/ca\/","name":"Forcadell","description":"Inmobiliaria Barcelona | Consultores inmobiliarios","potentialAction":[{"@type":"SearchAction","target":{"@type":"EntryPoint","urlTemplate":"https:\/\/forcadell.com\/ca\/?s={search_term_string}"},"query-input":{"@type":"PropertyValueSpecification","valueRequired":true,"valueName":"search_term_string"}}],"inLanguage":"ca"}]}},"_links":{"self":[{"href":"https:\/\/forcadell.com\/ca\/wp-json\/wp\/v2\/properties_post\/57957"}],"collection":[{"href":"https:\/\/forcadell.com\/ca\/wp-json\/wp\/v2\/properties_post"}],"about":[{"href":"https:\/\/forcadell.com\/ca\/wp-json\/wp\/v2\/types\/properties_post"}],"wp:attachment":[{"href":"https:\/\/forcadell.com\/ca\/wp-json\/wp\/v2\/media?parent=57957"}],"curies":[{"name":"wp","href":"https:\/\/api.w.org\/{rel}","templated":true}]}}