{"id":57949,"date":"2025-11-04T16:18:53","date_gmt":"2025-11-04T14:18:53","guid":{"rendered":"https:\/\/www.forcadell.com\/propiedades\/torre-mapfre-5\/"},"modified":"2026-04-26T07:13:15","modified_gmt":"2026-04-26T05:13:15","slug":"torre-mapfre-5","status":"publish","type":"properties_post","link":"https:\/\/forcadell.com\/ca\/propiedades\/torre-mapfre-5\/","title":{"rendered":"TORRE MAPFRE"},"content":{"rendered":"<p>Oficinas Emblem\u00e1ticas en Barcelona<\/p>\n<p>Descubre un edificio de oficinas ic\u00f3nico en Barcelona, con 154 metros de altura, 39 plantas y 44,000 m\u00b2 de espacio de oficinas. Visible desde toda la ciudad, este edificio ha sido recientemente rehabilitado con un estilo enfocado en tres valores: Work, Live, and Care.<\/p>\n<p>Caracter\u00edsticas Generales y Servicios:<\/p>\n<p>Recepci\u00f3n y seguridad 24h\/7<br \/>\nServicio de carter\u00eda<br \/>\nCoffePoint y cafeter\u00eda<br \/>\nCommunity Point y Amazon Lockers<br \/>\nCajero y parking (347 plazas)<br \/>\nOficinas di\u00e1fanas con luz natural<br \/>\nRestauraci\u00f3n y auditorio<br \/>\nTerraza, vestuarios y duchas<br \/>\nOfficePlay y salas polivalentes<\/p>\n<p>Ubicaci\u00f3n y Acceso:<\/p>\n<p>Ubicado frente al mar, el edificio ofrece una forma de trabajo innovadora con espacios comunes y servicios de alta tecnolog\u00eda. Su ubicaci\u00f3n privilegiada facilita el acceso por la Ronda Litoral o a trav\u00e9s de m\u00faltiples opciones de transporte p\u00fablico.<\/p>\n<p>Transporte P\u00fablico:<\/p>\n<p>Autobuses: 45, 59, 92, 136, H16, V21, V27, N0, N6, N28<br \/>\nMetro: L4 &#8211; &#8220;Ciutadella &#8211; Vila Ol\u00edmpica&#8221;<br \/>\nTranv\u00eda: T4 &#8211; &#8220;Ciutadella &#8211; Vila Ol\u00edmpica&#8221;<\/p>\n","protected":false},"template":"","class_list":["post-57949","properties_post","type-properties_post","status-publish","hentry","properties_modality-rent","properties_district-sant-marti","properties_province-barcelona","properties_zone-116","properties_state-barcelona","properties_subclass-oficina","properties_type-oficina"],"acf":{"post_type_properties_post_property_code":"11245382","post_type_properties_post_property_reference":"IE-224765","post_type_properties_post_owner_id":"49659","post_type_properties_post_owner_name":"MAPFRE INMUEBLES SGA SA","post_type_properties_post_property_code_encrypted":"MjQ5JDI5OTQ5","post_type_properties_post_published":"1","post_type_properties_post_property_visibility":"idealista","post_type_properties_post_contact_name":"Forcadell Oficinas Barcelona","post_type_properties_post_contact_email":"forcadell.oficinas.barcelona@movin.cloud","post_type_properties_post_contact_primary_phone_prefix":"34","post_type_properties_post_contact_primary_phone_number":"934965413","post_type_properties_post_address_visibility":"street","post_type_properties_post_address_country":"Spain","post_type_properties_post_address_coordinates_precision":"exact","post_type_properties_post_address_postal_code":"08005","post_type_properties_post_address_coordinates_latitude":"41.3911201","post_type_properties_post_address_coordinates_longitude":"2.1916763","post_type_properties_post_address_street_name":"CL Marina 16","post_type_properties_post_address_floor":"17","post_type_properties_post_address_town":"Barcelona","post_type_properties_post_building":null,"post_type_properties_post_property":[{"properties_post_description_language":"catalan","properties_post_title":"TORRE MAPFRE","properties_post_short_description_text_alt":"","properties_post_description_text_alt":"","properties_post_short_description_text":" ","properties_post_link_demanda_inmueble":"https:\/\/movin.cloud\/ca\/Forcadell Oficinas Barcelona\/formulari-peticio-immoble\/sth\/2438&&11245382","properties_post_link_demanda_calendario_inmueble":"https:\/\/movin.cloud\/ca\/Forcadell Oficinas Barcelona\/calendari-peticio-immoble\/sth\/2438&&11245382","properties_post_description_text":"Oficines Emblem\u00e0tiques a Barcelona\n\nDescobriu un edifici d'oficines ic\u00f2nic a Barcelona, amb 154 metres d'al\u00e7ada, 39 plantes i 44.000 m\u00b2 d'espais d'oficines. Visible des de tota la ciutat, aquest edifici ha estat recentment rehabilitat amb un estil enfocat a tres valors: Work, Live, and Care.\n\nCaracter\u00edstiques Generals i Serveis:\n\nRecepci\u00f3 i seguretat 24h\/7\nServei de carteria\nCoffePoint i cafeteria\nCommunity Point i Amazon Lockers\nCaixer i p\u00e0rquing (347 places)\nOficines di\u00e0fanes amb llum natural\nRestauraci\u00f3 i auditori\nTerrassa, vestidors i dutxes\nOfficePlay i sales polivalents\n\nUbicaci\u00f3 i Acc\u00e9s:\n\nUbicat davant del mar, l'edifici ofereix una forma de treball innovadora amb espais comuns i serveis d'alta tecnologia. La ubicaci\u00f3 privilegiada facilita l'acc\u00e9s per la Ronda Litoral oa trav\u00e9s de m\u00faltiples opcions de transport p\u00fablic.\n\nTransport P\u00fablic:\n\nAutobusos: 45, 59, 92, 136, H16, V21, V27, N0, N6, N28\nMetro: L4 - \"Ciutadella - Vila Ol\u00edmpica\"\nTramvia: T4 - \"Ciutadella - Vila Ol\u00edmpica\"","properties_post_seo_title":"","properties_post_seo_alias":"","properties_post_seo_metadescription":"","properties_post_seo_key_words":"","properties_post_seo_url":"","properties_post_terms_conditions":""},{"properties_post_description_language":"spanish","properties_post_title":"TORRE MAPFRE","properties_post_short_description_text_alt":"","properties_post_description_text_alt":"","properties_post_short_description_text":" ","properties_post_link_demanda_inmueble":"https:\/\/movin.cloud\/es\/Forcadell Oficinas Barcelona\/formulario-peticion-inmueble\/sth\/2438&&11245382","properties_post_link_demanda_calendario_inmueble":"https:\/\/movin.cloud\/es\/Forcadell Oficinas Barcelona\/calendario-peticion-inmueble\/sth\/2438&&11245382","properties_post_description_text":"Oficinas Emblem\u00e1ticas en Barcelona\n\nDescubre un edificio de oficinas ic\u00f3nico en Barcelona, con 154 metros de altura, 39 plantas y 44,000 m\u00b2 de espacio de oficinas. Visible desde toda la ciudad, este edificio ha sido recientemente rehabilitado con un estilo enfocado en tres valores: Work, Live, and Care.\n\nCaracter\u00edsticas Generales y Servicios:\n\nRecepci\u00f3n y seguridad 24h\/7\nServicio de carter\u00eda\nCoffePoint y cafeter\u00eda\nCommunity Point y Amazon Lockers\nCajero y parking (347 plazas)\nOficinas di\u00e1fanas con luz natural\nRestauraci\u00f3n y auditorio\nTerraza, vestuarios y duchas\nOfficePlay y salas polivalentes\n\nUbicaci\u00f3n y Acceso:\n\nUbicado frente al mar, el edificio ofrece una forma de trabajo innovadora con espacios comunes y servicios de alta tecnolog\u00eda. Su ubicaci\u00f3n privilegiada facilita el acceso por la Ronda Litoral o a trav\u00e9s de m\u00faltiples opciones de transporte p\u00fablico.\n\nTransporte P\u00fablico:\n\nAutobuses: 45, 59, 92, 136, H16, V21, V27, N0, N6, N28\nMetro: L4 - \"Ciutadella - Vila Ol\u00edmpica\"\nTranv\u00eda: T4 - \"Ciutadella - Vila Ol\u00edmpica\"","properties_post_seo_title":"","properties_post_seo_alias":"","properties_post_seo_metadescription":"","properties_post_seo_key_words":"","properties_post_seo_url":"","properties_post_terms_conditions":""}],"post_type_properties_post_features_type":"office","post_type_properties_post_id_building":"MjQ5JDMxNDg3","post_type_properties_post_features_area_constructed":1142,"post_type_properties_post_features_conditioned_air":true,"post_type_properties_post_features_doorman":false,"post_type_properties_post_features_heating":true,"post_type_properties_post_features_equipped_kitchen":false,"post_type_properties_post_features_windows_location":"exterior","post_type_properties_post_features_floors_property":false,"post_type_properties_post_features_storage":false,"post_type_properties_post_features_security_door":false,"post_type_properties_post_features_energy_certificate_rating":"A","post_type_properties_post_features_energy_certificate_emissions_rating":"A","post_type_properties_post_features_energy_certificate_emissions_value":"","post_type_properties_post_features_energy_certificate_performance":"","post_type_properties_post_features_bathroom_inside":true,"post_type_properties_post_precio":27428.16,"post_type_properties_post_precio_alquiler":27428.16,"post_type_properties_post_record_type_id":"Oficina","post_type_properties_post_categoria__producto":"Oficina","post_type_properties_post_amueblado":false,"post_type_properties_post_precio_m2":24,"post_type_properties_post_zona__comunitaria":false,"post_type_properties_post_electrodomesticos":false,"post_type_properties_post_patio__interior":true,"post_type_properties_post_certificado_energetico_general":"A","post_type_properties_post_certificado_energetico_consumo":"A","post_type_properties_post_certificado_energetico_valor_emisiones":"","post_type_properties_post_certificado_energetico_valor_consumo":"","post_type_properties_post_modalidad":"rent","post_type_properties_post_provincia":"Barcelona","post_type_properties_post_poblacion":"Barcelona","post_type_properties_post_centro__urbano":false,"post_type_properties_post_zonificacion":"22 @","post_type_properties_post_cartera":"","post_type_properties_post_titulo_catalan":"TORRE MAPFRE","post_type_properties_post_internet_catalan":"Oficines Emblem\u00e0tiques a Barcelona\n\nDescobriu un edifici d'oficines ic\u00f2nic a Barcelona, amb 154 metres d'al\u00e7ada, 39 plantes i 44.000 m\u00b2 d'espais d'oficines. Visible des de tota la ciutat, aquest edifici ha estat recentment rehabilitat amb un estil enfocat a tres valors: Work, Live, and Care.\n\nCaracter\u00edstiques Generals i Serveis:\n\nRecepci\u00f3 i seguretat 24h\/7\nServei de carteria\nCoffePoint i cafeteria\nCommunity Point i Amazon Lockers\nCaixer i p\u00e0rquing (347 places)\nOficines di\u00e0fanes amb llum natural\nRestauraci\u00f3 i auditori\nTerrassa, vestidors i dutxes\nOfficePlay i sales polivalents\n\nUbicaci\u00f3 i Acc\u00e9s:\n\nUbicat davant del mar, l'edifici ofereix una forma de treball innovadora amb espais comuns i serveis d'alta tecnologia. La ubicaci\u00f3 privilegiada facilita l'acc\u00e9s per la Ronda Litoral oa trav\u00e9s de m\u00faltiples opcions de transport p\u00fablic.\n\nTransport P\u00fablic:\n\nAutobusos: 45, 59, 92, 136, H16, V21, V27, N0, N6, N28\nMetro: L4 - \"Ciutadella - Vila Ol\u00edmpica\"\nTramvia: T4 - \"Ciutadella - Vila Ol\u00edmpica\"","post_type_properties_post_titulo_castellano":"TORRE MAPFRE","post_type_properties_post_internet_castellano":"Oficinas Emblem\u00e1ticas en Barcelona\n\nDescubre un edificio de oficinas ic\u00f3nico en Barcelona, con 154 metros de altura, 39 plantas y 44,000 m\u00b2 de espacio de oficinas. Visible desde toda la ciudad, este edificio ha sido recientemente rehabilitado con un estilo enfocado en tres valores: Work, Live, and Care.\n\nCaracter\u00edsticas Generales y Servicios:\n\nRecepci\u00f3n y seguridad 24h\/7\nServicio de carter\u00eda\nCoffePoint y cafeter\u00eda\nCommunity Point y Amazon Lockers\nCajero y parking (347 plazas)\nOficinas di\u00e1fanas con luz natural\nRestauraci\u00f3n y auditorio\nTerraza, vestuarios y duchas\nOfficePlay y salas polivalentes\n\nUbicaci\u00f3n y Acceso:\n\nUbicado frente al mar, el edificio ofrece una forma de trabajo innovadora con espacios comunes y servicios de alta tecnolog\u00eda. Su ubicaci\u00f3n privilegiada facilita el acceso por la Ronda Litoral o a trav\u00e9s de m\u00faltiples opciones de transporte p\u00fablico.\n\nTransporte P\u00fablico:\n\nAutobuses: 45, 59, 92, 136, H16, V21, V27, N0, N6, N28\nMetro: L4 - \"Ciutadella - Vila Ol\u00edmpica\"\nTranv\u00eda: T4 - \"Ciutadella - Vila Ol\u00edmpica\"","post_type_properties_post_titulo_ingles":"","post_type_properties_post_internet_ingles":"","post_type_properties_post_features_classification_commercial":false,"post_type_properties_post_features_conservation":"","post_type_properties_post_features_security_personnel":false,"post_type_properties_post_features_parking_available":false,"post_type_properties_post_features_garage_capacity_type":"","post_type_properties_post_features_bathroom_number":"","post_type_properties_post_eje":"","post_type_properties_post_zona":"","post_type_properties_post_comarca":"","post_type_properties_post_features_built_year":"","post_type_properties_post_renta_mensual":28571,"post_type_properties_post_fianza":"","post_type_properties_post_features_area_plot":"","post_type_properties_post_features_area_buildable":"","post_type_properties_post_features_classification_industrial":false,"post_type_properties_post_distrito":"","post_type_properties_post_features_balcony":false,"post_type_properties_post_features_bedroom_number":"","post_type_properties_post_features_heating_type":"","post_type_properties_post_features_equipped_with_furniture":false,"post_type_properties_post_features_pets_allowed":false,"post_type_properties_post_features_pool":false,"post_type_properties_post_features_terrace":false,"post_type_properties_post_features_wardrobes":false,"post_type_properties_post_features_lift_available":false,"post_type_properties_post_features_handicap_adapted_access":false,"post_type_properties_post_features_orientation_east":false,"post_type_properties_post_features_orientation_west":false,"post_type_properties_post_features_orientation_north":false,"post_type_properties_post_features_orientation_south":false,"post_type_properties_post_features_parking_spaces_number":"","post_type_properties_post_features_security_alarm":false,"post_type_properties_post_features_security_system":false,"post_type_properties_post_open_plan":false,"post_type_properties_post_acceso_24_7":false,"post_type_properties_post_oficina_privada":false,"post_type_properties_post_sala_reuniones":false,"post_type_properties_post_espacio_eventos":false,"post_type_properties_post_office":false,"post_type_properties_post_restaurant":false,"post_type_properties_post_acepta_traspaso":false,"post_type_properties_post_vigilancia":false,"post_type_properties_post_features_suite":false,"post_type_properties_post_features_vitro":false,"post_type_properties_post_features_oven":false,"post_type_properties_post_features_microwave":false,"post_type_properties_post_features_washing_machine":false,"post_type_properties_post_features_dryer":false,"post_type_properties_post_features_dishwasher":false,"post_type_properties_post_features_fridge":false,"post_type_properties_post_features_fridge_mini":false,"post_type_properties_post_features_kettle":false,"post_type_properties_post_features_toaster":false,"post_type_properties_post_features_coffee_maker":false,"post_type_properties_post_features_iron":false,"post_type_properties_post_features_ironing_board":false,"post_type_properties_post_features_safe":false,"post_type_properties_post_features_internet":true,"post_type_properties_post_features_solarium":false,"post_type_properties_post_features_clean_service":false,"post_type_properties_post_features_t_v":false,"post_type_properties_post_features_satellite_t_v":false,"post_type_properties_post_features_gas_kitchen":false,"post_type_properties_post_features_view_mountain":false,"post_type_properties_post_features_view_sea":false,"post_type_properties_post_features_concierge":false,"post_type_properties_post_features_loading_dock":false,"post_type_properties_post_features_bridge_crane":false,"post_type_properties_post_features_located_at_corner":false,"post_type_properties_post_features_smoke_extraction":false,"post_type_properties_post_features_rooms":"","post_type_properties_post_features_garden_area":"","post_type_properties_post_features_utilities_water":false,"post_type_properties_post_features_utilities_electricity":false,"post_type_properties_post_features_utilities_natural_gas":false,"post_type_properties_post_features_building_adapted":false,"post_type_properties_post_features_garden":false,"post_type_properties_post_features_classification_hotel":false,"post_type_properties_post_features_classification_chalet":false,"post_type_properties_post_certificado_energetico_emisiones":"A","post_type_properties_post_barrio":"","post_type_properties_post_distrito_empresa":"Sant Mart\u00ed","post_type_properties_post_features_property_category_intern":"","post_type_properties_post_implantada":false,"post_type_properties_post_sello_leed":"1","post_type_properties_post_sello_well":"","post_type_properties_post_sello_breeam":false,"post_type_properties_post_images":[{"properties_post_image_order":1,"properties_post_image_url":"https:\/\/movin.cloud\/empresas\/2438\/imagenes\/11245382\/en-alquiler-23.webp","properties_post_image_url_thumbnail":"https:\/\/movin.cloud\/empresas\/2438\/imagenes\/thumbnails\/11245382\/en-alquiler-23.webp","properties_post_title":"en alquiler 23","properties_post_alt":"en alquiler 23"},{"properties_post_image_order":2,"properties_post_image_url":"https:\/\/movin.cloud\/empresas\/2438\/imagenes\/11245382\/en-alquiler-10.webp","properties_post_image_url_thumbnail":"https:\/\/movin.cloud\/empresas\/2438\/imagenes\/thumbnails\/11245382\/en-alquiler-10.webp","properties_post_title":"en alquiler 10","properties_post_alt":"en alquiler 10"},{"properties_post_image_order":3,"properties_post_image_url":"https:\/\/movin.cloud\/empresas\/2438\/imagenes\/11245382\/en-alquiler-20.webp","properties_post_image_url_thumbnail":"https:\/\/movin.cloud\/empresas\/2438\/imagenes\/thumbnails\/11245382\/en-alquiler-20.webp","properties_post_title":"en alquiler 20","properties_post_alt":"en alquiler 20"},{"properties_post_image_order":4,"properties_post_image_url":"https:\/\/movin.cloud\/empresas\/2438\/imagenes\/11245382\/en-alquiler-11.webp","properties_post_image_url_thumbnail":"https:\/\/movin.cloud\/empresas\/2438\/imagenes\/thumbnails\/11245382\/en-alquiler-11.webp","properties_post_title":"en alquiler 11","properties_post_alt":"en alquiler 11"},{"properties_post_image_order":5,"properties_post_image_url":"https:\/\/movin.cloud\/empresas\/2438\/imagenes\/11245382\/en-alquiler-12.webp","properties_post_image_url_thumbnail":"https:\/\/movin.cloud\/empresas\/2438\/imagenes\/thumbnails\/11245382\/en-alquiler-12.webp","properties_post_title":"en alquiler 12","properties_post_alt":"en alquiler 12"},{"properties_post_image_order":6,"properties_post_image_url":"https:\/\/movin.cloud\/empresas\/2438\/imagenes\/11245382\/en-alquiler-13.webp","properties_post_image_url_thumbnail":"https:\/\/movin.cloud\/empresas\/2438\/imagenes\/thumbnails\/11245382\/en-alquiler-13.webp","properties_post_title":"en alquiler 13","properties_post_alt":"en alquiler 13"},{"properties_post_image_order":7,"properties_post_image_url":"https:\/\/movin.cloud\/empresas\/2438\/imagenes\/11245382\/en-alquiler-14.webp","properties_post_image_url_thumbnail":"https:\/\/movin.cloud\/empresas\/2438\/imagenes\/thumbnails\/11245382\/en-alquiler-14.webp","properties_post_title":"en alquiler 14","properties_post_alt":"en alquiler 14"},{"properties_post_image_order":8,"properties_post_image_url":"https:\/\/movin.cloud\/empresas\/2438\/imagenes\/11245382\/en-alquiler-15.webp","properties_post_image_url_thumbnail":"https:\/\/movin.cloud\/empresas\/2438\/imagenes\/thumbnails\/11245382\/en-alquiler-15.webp","properties_post_title":"en alquiler 15","properties_post_alt":"en alquiler 15"},{"properties_post_image_order":9,"properties_post_image_url":"https:\/\/movin.cloud\/empresas\/2438\/imagenes\/11245382\/en-alquiler-16.webp","properties_post_image_url_thumbnail":"https:\/\/movin.cloud\/empresas\/2438\/imagenes\/thumbnails\/11245382\/en-alquiler-16.webp","properties_post_title":"en alquiler 16","properties_post_alt":"en alquiler 16"},{"properties_post_image_order":10,"properties_post_image_url":"https:\/\/movin.cloud\/empresas\/2438\/imagenes\/11245382\/en-alquiler-17.webp","properties_post_image_url_thumbnail":"https:\/\/movin.cloud\/empresas\/2438\/imagenes\/thumbnails\/11245382\/en-alquiler-17.webp","properties_post_title":"en alquiler 17","properties_post_alt":"en alquiler 17"},{"properties_post_image_order":11,"properties_post_image_url":"https:\/\/movin.cloud\/empresas\/2438\/imagenes\/11245382\/en-alquiler-18.webp","properties_post_image_url_thumbnail":"https:\/\/movin.cloud\/empresas\/2438\/imagenes\/thumbnails\/11245382\/en-alquiler-18.webp","properties_post_title":"en alquiler 18","properties_post_alt":"en alquiler 18"},{"properties_post_image_order":12,"properties_post_image_url":"https:\/\/movin.cloud\/empresas\/2438\/imagenes\/11245382\/en-alquiler-19.webp","properties_post_image_url_thumbnail":"https:\/\/movin.cloud\/empresas\/2438\/imagenes\/thumbnails\/11245382\/en-alquiler-19.webp","properties_post_title":"en alquiler 19","properties_post_alt":"en alquiler 19"},{"properties_post_image_order":13,"properties_post_image_url":"https:\/\/movin.cloud\/empresas\/2438\/imagenes\/11245382\/en-alquiler-21.webp","properties_post_image_url_thumbnail":"https:\/\/movin.cloud\/empresas\/2438\/imagenes\/thumbnails\/11245382\/en-alquiler-21.webp","properties_post_title":"en alquiler 21","properties_post_alt":"en alquiler 21"},{"properties_post_image_order":14,"properties_post_image_url":"https:\/\/movin.cloud\/empresas\/2438\/imagenes\/11245382\/en-alquiler-22.webp","properties_post_image_url_thumbnail":"https:\/\/movin.cloud\/empresas\/2438\/imagenes\/thumbnails\/11245382\/en-alquiler-22.webp","properties_post_title":"en alquiler 22","properties_post_alt":"en alquiler 22"},{"properties_post_image_order":15,"properties_post_image_url":"https:\/\/movin.cloud\/empresas\/2438\/imagenes\/11245382\/en-alquiler-24.webp","properties_post_image_url_thumbnail":"https:\/\/movin.cloud\/empresas\/2438\/imagenes\/thumbnails\/11245382\/en-alquiler-24.webp","properties_post_title":"en alquiler 24","properties_post_alt":"en alquiler 24"},{"properties_post_image_order":16,"properties_post_image_url":"https:\/\/movin.cloud\/empresas\/2438\/imagenes\/11245382\/en-alquiler-25.webp","properties_post_image_url_thumbnail":"https:\/\/movin.cloud\/empresas\/2438\/imagenes\/thumbnails\/11245382\/en-alquiler-25.webp","properties_post_title":"en alquiler 25","properties_post_alt":"en alquiler 25"},{"properties_post_image_order":17,"properties_post_image_url":"https:\/\/movin.cloud\/empresas\/2438\/imagenes\/11245382\/en-alquiler-26.webp","properties_post_image_url_thumbnail":"https:\/\/movin.cloud\/empresas\/2438\/imagenes\/thumbnails\/11245382\/en-alquiler-26.webp","properties_post_title":"en alquiler 26","properties_post_alt":"en alquiler 26"},{"properties_post_image_order":18,"properties_post_image_url":"https:\/\/movin.cloud\/empresas\/2438\/imagenes\/11245382\/en-alquiler-27.webp","properties_post_image_url_thumbnail":"https:\/\/movin.cloud\/empresas\/2438\/imagenes\/thumbnails\/11245382\/en-alquiler-27.webp","properties_post_title":"en alquiler 27","properties_post_alt":"en alquiler 27"},{"properties_post_image_order":19,"properties_post_image_url":"https:\/\/movin.cloud\/empresas\/2438\/imagenes\/11245382\/en-alquiler-28.webp","properties_post_image_url_thumbnail":"https:\/\/movin.cloud\/empresas\/2438\/imagenes\/thumbnails\/11245382\/en-alquiler-28.webp","properties_post_title":"en alquiler 28","properties_post_alt":"en alquiler 28"},{"properties_post_image_order":20,"properties_post_image_url":"https:\/\/movin.cloud\/empresas\/2438\/imagenes\/11245382\/en-alquiler-30.webp","properties_post_image_url_thumbnail":"https:\/\/movin.cloud\/empresas\/2438\/imagenes\/thumbnails\/11245382\/en-alquiler-30.webp","properties_post_title":"en alquiler 30","properties_post_alt":"en alquiler 30"},{"properties_post_image_order":21,"properties_post_image_url":"https:\/\/movin.cloud\/empresas\/2438\/imagenes\/11245382\/en-alquiler-31.webp","properties_post_image_url_thumbnail":"https:\/\/movin.cloud\/empresas\/2438\/imagenes\/thumbnails\/11245382\/en-alquiler-31.webp","properties_post_title":"en alquiler 31","properties_post_alt":"en alquiler 31"},{"properties_post_image_order":22,"properties_post_image_url":"https:\/\/movin.cloud\/empresas\/2438\/imagenes\/11245382\/en-alquiler-32.webp","properties_post_image_url_thumbnail":"https:\/\/movin.cloud\/empresas\/2438\/imagenes\/thumbnails\/11245382\/en-alquiler-32.webp","properties_post_title":"en alquiler 32","properties_post_alt":"en alquiler 32"},{"properties_post_image_order":23,"properties_post_image_url":"https:\/\/movin.cloud\/empresas\/2438\/imagenes\/11245382\/en-alquiler-33.webp","properties_post_image_url_thumbnail":"https:\/\/movin.cloud\/empresas\/2438\/imagenes\/thumbnails\/11245382\/en-alquiler-33.webp","properties_post_title":"en alquiler 33","properties_post_alt":"en alquiler 33"},{"properties_post_image_order":24,"properties_post_image_url":"https:\/\/movin.cloud\/empresas\/2438\/imagenes\/11245382\/en-alquiler-29.webp","properties_post_image_url_thumbnail":"https:\/\/movin.cloud\/empresas\/2438\/imagenes\/thumbnails\/11245382\/en-alquiler-29.webp","properties_post_title":"en alquiler 29","properties_post_alt":"en alquiler 29"},{"properties_post_image_order":25,"properties_post_image_url":"https:\/\/movin.cloud\/empresas\/2438\/imagenes\/11245382\/alquilar.webp","properties_post_image_url_thumbnail":"https:\/\/movin.cloud\/empresas\/2438\/imagenes\/thumbnails\/11245382\/alquilar.webp","properties_post_title":"alquilar","properties_post_alt":"alquilar"},{"properties_post_image_order":26,"properties_post_image_url":"https:\/\/movin.cloud\/empresas\/2438\/imagenes\/11245382\/rent.webp","properties_post_image_url_thumbnail":"https:\/\/movin.cloud\/empresas\/2438\/imagenes\/thumbnails\/11245382\/rent.webp","properties_post_title":"rent","properties_post_alt":"rent"}],"post_type_properties_post_videos":null,"post_type_properties_post_tour":null,"post_type_properties_post_dossier_url":"","post_type_properties_post_operation_type":"rent","post_type_properties_post_operation_price":27428,"post_type_properties_post_features_hidden_price":false},"yoast_head":"<!-- This site is optimized with the Yoast SEO plugin v25.6 - https:\/\/yoast.com\/wordpress\/plugins\/seo\/ -->\n<title>TORRE MAPFRE - Forcadell<\/title>\n<meta name=\"robots\" content=\"index, follow, max-snippet:-1, max-image-preview:large, max-video-preview:-1\" \/>\n<link rel=\"canonical\" href=\"https:\/\/forcadell.com\/ca\/propiedades\/torre-mapfre-5\/\" \/>\n<meta property=\"og:locale\" content=\"ca_ES\" \/>\n<meta property=\"og:type\" content=\"article\" \/>\n<meta property=\"og:title\" content=\"TORRE MAPFRE - Forcadell\" \/>\n<meta property=\"og:description\" content=\"Oficinas Emblem\u00e1ticas en Barcelona Descubre un edificio de oficinas ic\u00f3nico en Barcelona, con 154 metros de altura, 39 plantas y 44,000 m\u00b2 de espacio de oficinas. Visible desde toda la ciudad, este edificio ha sido recientemente rehabilitado con un estilo enfocado en tres valores: Work, Live, and Care. Caracter\u00edsticas Generales y Servicios: Recepci\u00f3n y seguridad [&hellip;]\" \/>\n<meta property=\"og:url\" content=\"https:\/\/forcadell.com\/ca\/propiedades\/torre-mapfre-5\/\" \/>\n<meta property=\"og:site_name\" content=\"Forcadell\" \/>\n<meta property=\"article:modified_time\" content=\"2026-04-26T05:13:15+00:00\" \/>\n<meta name=\"twitter:card\" content=\"summary_large_image\" \/>\n<meta name=\"twitter:label1\" content=\"Temps estimat de lectura\" \/>\n\t<meta name=\"twitter:data1\" content=\"1 minut\" \/>\n<!-- \/ Yoast SEO plugin. -->","yoast_head_json":{"title":"TORRE MAPFRE - Forcadell","robots":{"index":"index","follow":"follow","max-snippet":"max-snippet:-1","max-image-preview":"max-image-preview:large","max-video-preview":"max-video-preview:-1"},"canonical":"https:\/\/forcadell.com\/ca\/propiedades\/torre-mapfre-5\/","og_locale":"ca_ES","og_type":"article","og_title":"TORRE MAPFRE - Forcadell","og_description":"Oficinas Emblem\u00e1ticas en Barcelona Descubre un edificio de oficinas ic\u00f3nico en Barcelona, con 154 metros de altura, 39 plantas y 44,000 m\u00b2 de espacio de oficinas. Visible desde toda la ciudad, este edificio ha sido recientemente rehabilitado con un estilo enfocado en tres valores: Work, Live, and Care. Caracter\u00edsticas Generales y Servicios: Recepci\u00f3n y seguridad [&hellip;]","og_url":"https:\/\/forcadell.com\/ca\/propiedades\/torre-mapfre-5\/","og_site_name":"Forcadell","article_modified_time":"2026-04-26T05:13:15+00:00","twitter_card":"summary_large_image","twitter_misc":{"Temps estimat de lectura":"1 minut"},"schema":{"@context":"https:\/\/schema.org","@graph":[{"@type":"WebPage","@id":"https:\/\/forcadell.com\/ca\/propiedades\/torre-mapfre-5\/","url":"https:\/\/forcadell.com\/ca\/propiedades\/torre-mapfre-5\/","name":"TORRE MAPFRE - Forcadell","isPartOf":{"@id":"https:\/\/forcadell.com\/ca\/#website"},"datePublished":"2025-11-04T14:18:53+00:00","dateModified":"2026-04-26T05:13:15+00:00","breadcrumb":{"@id":"https:\/\/forcadell.com\/ca\/propiedades\/torre-mapfre-5\/#breadcrumb"},"inLanguage":"ca","potentialAction":[{"@type":"ReadAction","target":["https:\/\/forcadell.com\/ca\/propiedades\/torre-mapfre-5\/"]}]},{"@type":"BreadcrumbList","@id":"https:\/\/forcadell.com\/ca\/propiedades\/torre-mapfre-5\/#breadcrumb","itemListElement":[{"@type":"ListItem","position":1,"name":"Portada","item":"https:\/\/forcadell.com\/ca\/"},{"@type":"ListItem","position":2,"name":"Properties","item":"https:\/\/forcadell.com\/ca\/propiedades\/"},{"@type":"ListItem","position":3,"name":"TORRE MAPFRE"}]},{"@type":"WebSite","@id":"https:\/\/forcadell.com\/ca\/#website","url":"https:\/\/forcadell.com\/ca\/","name":"Forcadell","description":"Inmobiliaria Barcelona | Consultores inmobiliarios","potentialAction":[{"@type":"SearchAction","target":{"@type":"EntryPoint","urlTemplate":"https:\/\/forcadell.com\/ca\/?s={search_term_string}"},"query-input":{"@type":"PropertyValueSpecification","valueRequired":true,"valueName":"search_term_string"}}],"inLanguage":"ca"}]}},"_links":{"self":[{"href":"https:\/\/forcadell.com\/ca\/wp-json\/wp\/v2\/properties_post\/57949"}],"collection":[{"href":"https:\/\/forcadell.com\/ca\/wp-json\/wp\/v2\/properties_post"}],"about":[{"href":"https:\/\/forcadell.com\/ca\/wp-json\/wp\/v2\/types\/properties_post"}],"wp:attachment":[{"href":"https:\/\/forcadell.com\/ca\/wp-json\/wp\/v2\/media?parent=57949"}],"curies":[{"name":"wp","href":"https:\/\/api.w.org\/{rel}","templated":true}]}}