{"id":57948,"date":"2025-11-04T16:18:50","date_gmt":"2025-11-04T14:18:50","guid":{"rendered":"https:\/\/www.forcadell.com\/propiedades\/torre-mapfre-4\/"},"modified":"2026-04-26T07:13:15","modified_gmt":"2026-04-26T05:13:15","slug":"torre-mapfre-4","status":"publish","type":"properties_post","link":"https:\/\/forcadell.com\/ca\/propiedades\/torre-mapfre-4\/","title":{"rendered":"TORRE MAPFRE"},"content":{"rendered":"<p>Oficinas corporativas en alquiler en Torre Mapfre \u2013 Barcelona<\/p>\n<p>Disponibles oficinas en alquiler en la Torre Mapfre, uno de los edificios de negocios m\u00e1s reconocidos del skyline de Barcelona, ubicada en el Puerto Ol\u00edmpico. El inmueble ofrece espacios amplios y di\u00e1fanos, con grandes ventanales, excelente iluminaci\u00f3n natural y vistas abiertas al mar.<br \/>\nSu localizaci\u00f3n privilegiada, junto a la playa y la Villa Ol\u00edmpica, garantiza excelente conectividad y un entorno ideal para empresas que buscan visibilidad, prestigio y calidad de espacios. Edificio recientemente renovado, dise\u00f1ado bajo criterios de sostenibilidad, confort y bienestar corporativo.<\/p>\n<p>Servicios y amenities del edificio:<\/p>\n<p>Lobby representativo con recepci\u00f3n y control de accesos 24\/7<br \/>\nEspacios comunes corporativos y \u00e1reas de descanso<br \/>\nAuditorio y salas de reuniones equipadas<br \/>\nRestauraci\u00f3n: cafeter\u00eda y restaurante<br \/>\nTerraza y espacios polivalentes<br \/>\nVestuarios, duchas y servicios para empleados<br \/>\nParking y zonas para bicicletas y patinetes<br \/>\nServicios adicionales: carter\u00eda, Amazon Lockers y bienestar<br \/>\nInstalaciones orientadas a sostenibilidad y eficiencia<\/p>\n<p>Especificaciones de las oficinas:<br \/>\nPlantas abiertas y modulables<br \/>\nGran entrada de luz natural<br \/>\nIluminaci\u00f3n LED eficiente<br \/>\nFalso techo t\u00e9cnico<br \/>\nSuelo elevado<br \/>\nSistema de climatizaci\u00f3n VRV<\/p>\n<p>Conectividad:<\/p>\n<p>Bus: 45, 59, 92, 136, H16, V21, V27, N0, N6, N28<br \/>\nMetro: L4 \u2013 Ciutadella | Vila Ol\u00edmpica<br \/>\nTram: T4 \u2013 Ciutadella | Vila Ol\u00edmpica<\/p>\n<p>Una sede corporativa de referencia en una de las ubicaciones m\u00e1s emblem\u00e1ticas de Barcelona.<\/p>\n","protected":false},"template":"","class_list":["post-57948","properties_post","type-properties_post","status-publish","hentry","properties_modality-rent","properties_district-sant-marti","properties_province-barcelona","properties_zone-116","properties_state-barcelona","properties_subclass-oficina","properties_type-oficina"],"acf":{"post_type_properties_post_property_code":"11245381","post_type_properties_post_property_reference":"IE-224764","post_type_properties_post_owner_id":"49659","post_type_properties_post_owner_name":"MAPFRE INMUEBLES SGA SA","post_type_properties_post_property_code_encrypted":"MjQ5JDI5OTQ4","post_type_properties_post_published":"1","post_type_properties_post_property_visibility":"idealista","post_type_properties_post_contact_name":"Forcadell Oficinas Barcelona","post_type_properties_post_contact_email":"forcadell.oficinas.barcelona@movin.cloud","post_type_properties_post_contact_primary_phone_prefix":"34","post_type_properties_post_contact_primary_phone_number":"934965413","post_type_properties_post_address_visibility":"street","post_type_properties_post_address_country":"Spain","post_type_properties_post_address_coordinates_precision":"exact","post_type_properties_post_address_postal_code":"08005","post_type_properties_post_address_coordinates_latitude":"41.3911201","post_type_properties_post_address_coordinates_longitude":"2.1916763","post_type_properties_post_address_street_name":"CL Marina 16","post_type_properties_post_address_floor":"16","post_type_properties_post_address_town":"Barcelona","post_type_properties_post_building":null,"post_type_properties_post_property":[{"properties_post_description_language":"catalan","properties_post_title":"TORRE MAPFRE","properties_post_short_description_text_alt":"","properties_post_description_text_alt":"","properties_post_short_description_text":" ","properties_post_link_demanda_inmueble":"https:\/\/movin.cloud\/ca\/Forcadell Oficinas Barcelona\/formulari-peticio-immoble\/sth\/2438&&11245381","properties_post_link_demanda_calendario_inmueble":"https:\/\/movin.cloud\/ca\/Forcadell Oficinas Barcelona\/calendari-peticio-immoble\/sth\/2438&&11245381","properties_post_description_text":"Oficines corporatives de lloguer a Torre Mapfre \u2013 Barcelona\n\nDisponibles oficines de lloguer a la Torre Mapfre, un dels edificis de negocis m\u00e9s reconeguts de l'skyline de Barcelona, ubicada al Port Ol\u00edmpic. L\u00b4immoble ofereix espais amplis i di\u00e0fans, amb grans finestrals, excel\u00b7lent il\u00b7luminaci\u00f3 natural i vistes obertes al mar.\nLa seva localitzaci\u00f3 privilegiada, al costat de la platja i la Vila Ol\u00edmpica, garanteix una connectivitat excel\u00b7lent i un entorn ideal per a empreses que busquen visibilitat, prestigi i qualitat d'espais. Edifici recentment renovat, dissenyat sota criteris de sostenibilitat, confort i benestar corporatiu.\n\nServeis i amenities de l'edifici:\n\nLobby representatiu amb recepci\u00f3 i control d'accessos 24\/7\nEspais comuns corporatius i \u00e0rees de descans\nAuditori i sales de reunions equipades\nRestauraci\u00f3: cafeteria i restaurant\nTerrassa i espais polivalents\nVestuaris, dutxes i serveis per a empleats\nP\u00e0rquing i zones per a bicicletes i patinets\nServeis addicionals: carteria, Amazon Lockers i benestar\nInstal\u00b7lacions orientades a sostenibilitat i efici\u00e8ncia\n\nEspecificacions de les oficines:\nPlantes obertes i modulables\nGran entrada de llum natural\nIl\u00b7luminaci\u00f3 LED eficient\nFals sostre t\u00e8cnic\nS\u00f2l elevat\nSistema de climatitzaci\u00f3 VRV\n\nConnectivitat:\n\nBus: 45, 59, 92, 136, H16, V21, V27, N0, N6, N28\nMetro: L4 \u2013 Ciutadella | Vila Ol\u00edmpica\nTram: T4 \u2013 Ciutadella | Vila Ol\u00edmpica\n\nUna seu corporativa de refer\u00e8ncia a una de les ubicacions m\u00e9s emblem\u00e0tiques de Barcelona.","properties_post_seo_title":"","properties_post_seo_alias":"","properties_post_seo_metadescription":"","properties_post_seo_key_words":"","properties_post_seo_url":"","properties_post_terms_conditions":""},{"properties_post_description_language":"spanish","properties_post_title":"TORRE MAPFRE","properties_post_short_description_text_alt":"","properties_post_description_text_alt":"","properties_post_short_description_text":" ","properties_post_link_demanda_inmueble":"https:\/\/movin.cloud\/es\/Forcadell Oficinas Barcelona\/formulario-peticion-inmueble\/sth\/2438&&11245381","properties_post_link_demanda_calendario_inmueble":"https:\/\/movin.cloud\/es\/Forcadell Oficinas Barcelona\/calendario-peticion-inmueble\/sth\/2438&&11245381","properties_post_description_text":"Oficinas corporativas en alquiler en Torre Mapfre \u2013 Barcelona\n\nDisponibles oficinas en alquiler en la Torre Mapfre, uno de los edificios de negocios m\u00e1s reconocidos del skyline de Barcelona, ubicada en el Puerto Ol\u00edmpico. El inmueble ofrece espacios amplios y di\u00e1fanos, con grandes ventanales, excelente iluminaci\u00f3n natural y vistas abiertas al mar.\nSu localizaci\u00f3n privilegiada, junto a la playa y la Villa Ol\u00edmpica, garantiza excelente conectividad y un entorno ideal para empresas que buscan visibilidad, prestigio y calidad de espacios. Edificio recientemente renovado, dise\u00f1ado bajo criterios de sostenibilidad, confort y bienestar corporativo.\n\nServicios y amenities del edificio:\n\nLobby representativo con recepci\u00f3n y control de accesos 24\/7\nEspacios comunes corporativos y \u00e1reas de descanso\nAuditorio y salas de reuniones equipadas\nRestauraci\u00f3n: cafeter\u00eda y restaurante\nTerraza y espacios polivalentes\nVestuarios, duchas y servicios para empleados\nParking y zonas para bicicletas y patinetes\nServicios adicionales: carter\u00eda, Amazon Lockers y bienestar\nInstalaciones orientadas a sostenibilidad y eficiencia\n\nEspecificaciones de las oficinas:\nPlantas abiertas y modulables\nGran entrada de luz natural\nIluminaci\u00f3n LED eficiente\nFalso techo t\u00e9cnico\nSuelo elevado\nSistema de climatizaci\u00f3n VRV\n\nConectividad:\n\nBus: 45, 59, 92, 136, H16, V21, V27, N0, N6, N28\nMetro: L4 \u2013 Ciutadella | Vila Ol\u00edmpica\nTram: T4 \u2013 Ciutadella | Vila Ol\u00edmpica\n\nUna sede corporativa de referencia en una de las ubicaciones m\u00e1s emblem\u00e1ticas de Barcelona.","properties_post_seo_title":"","properties_post_seo_alias":"","properties_post_seo_metadescription":"","properties_post_seo_key_words":"","properties_post_seo_url":"","properties_post_terms_conditions":""}],"post_type_properties_post_features_type":"office","post_type_properties_post_id_building":"MjQ5JDMxNDg3","post_type_properties_post_features_area_constructed":1142,"post_type_properties_post_features_conditioned_air":true,"post_type_properties_post_features_doorman":false,"post_type_properties_post_features_heating":true,"post_type_properties_post_features_equipped_kitchen":false,"post_type_properties_post_features_windows_location":"exterior","post_type_properties_post_features_floors_property":false,"post_type_properties_post_features_storage":false,"post_type_properties_post_features_security_door":false,"post_type_properties_post_features_energy_certificate_rating":"A","post_type_properties_post_features_energy_certificate_emissions_rating":"A","post_type_properties_post_features_energy_certificate_emissions_value":"","post_type_properties_post_features_energy_certificate_performance":"","post_type_properties_post_features_bathroom_inside":true,"post_type_properties_post_precio":27428.16,"post_type_properties_post_precio_alquiler":27428.16,"post_type_properties_post_record_type_id":"Oficina","post_type_properties_post_categoria__producto":"Oficina","post_type_properties_post_amueblado":false,"post_type_properties_post_precio_m2":24,"post_type_properties_post_zona__comunitaria":false,"post_type_properties_post_electrodomesticos":false,"post_type_properties_post_patio__interior":true,"post_type_properties_post_certificado_energetico_general":"A","post_type_properties_post_certificado_energetico_consumo":"A","post_type_properties_post_certificado_energetico_valor_emisiones":"","post_type_properties_post_certificado_energetico_valor_consumo":"","post_type_properties_post_modalidad":"rent","post_type_properties_post_provincia":"Barcelona","post_type_properties_post_poblacion":"Barcelona","post_type_properties_post_centro__urbano":false,"post_type_properties_post_zonificacion":"22 @","post_type_properties_post_cartera":"","post_type_properties_post_titulo_catalan":"TORRE MAPFRE","post_type_properties_post_internet_catalan":"Oficines corporatives de lloguer a Torre Mapfre \u2013 Barcelona\n\nDisponibles oficines de lloguer a la Torre Mapfre, un dels edificis de negocis m\u00e9s reconeguts de l'skyline de Barcelona, ubicada al Port Ol\u00edmpic. L\u00b4immoble ofereix espais amplis i di\u00e0fans, amb grans finestrals, excel\u00b7lent il\u00b7luminaci\u00f3 natural i vistes obertes al mar.\nLa seva localitzaci\u00f3 privilegiada, al costat de la platja i la Vila Ol\u00edmpica, garanteix una connectivitat excel\u00b7lent i un entorn ideal per a empreses que busquen visibilitat, prestigi i qualitat d'espais. Edifici recentment renovat, dissenyat sota criteris de sostenibilitat, confort i benestar corporatiu.\n\nServeis i amenities de l'edifici:\n\nLobby representatiu amb recepci\u00f3 i control d'accessos 24\/7\nEspais comuns corporatius i \u00e0rees de descans\nAuditori i sales de reunions equipades\nRestauraci\u00f3: cafeteria i restaurant\nTerrassa i espais polivalents\nVestuaris, dutxes i serveis per a empleats\nP\u00e0rquing i zones per a bicicletes i patinets\nServeis addicionals: carteria, Amazon Lockers i benestar\nInstal\u00b7lacions orientades a sostenibilitat i efici\u00e8ncia\n\nEspecificacions de les oficines:\nPlantes obertes i modulables\nGran entrada de llum natural\nIl\u00b7luminaci\u00f3 LED eficient\nFals sostre t\u00e8cnic\nS\u00f2l elevat\nSistema de climatitzaci\u00f3 VRV\n\nConnectivitat:\n\nBus: 45, 59, 92, 136, H16, V21, V27, N0, N6, N28\nMetro: L4 \u2013 Ciutadella | Vila Ol\u00edmpica\nTram: T4 \u2013 Ciutadella | Vila Ol\u00edmpica\n\nUna seu corporativa de refer\u00e8ncia a una de les ubicacions m\u00e9s emblem\u00e0tiques de Barcelona.","post_type_properties_post_titulo_castellano":"TORRE MAPFRE","post_type_properties_post_internet_castellano":"Oficinas corporativas en alquiler en Torre Mapfre \u2013 Barcelona\n\nDisponibles oficinas en alquiler en la Torre Mapfre, uno de los edificios de negocios m\u00e1s reconocidos del skyline de Barcelona, ubicada en el Puerto Ol\u00edmpico. El inmueble ofrece espacios amplios y di\u00e1fanos, con grandes ventanales, excelente iluminaci\u00f3n natural y vistas abiertas al mar.\nSu localizaci\u00f3n privilegiada, junto a la playa y la Villa Ol\u00edmpica, garantiza excelente conectividad y un entorno ideal para empresas que buscan visibilidad, prestigio y calidad de espacios. Edificio recientemente renovado, dise\u00f1ado bajo criterios de sostenibilidad, confort y bienestar corporativo.\n\nServicios y amenities del edificio:\n\nLobby representativo con recepci\u00f3n y control de accesos 24\/7\nEspacios comunes corporativos y \u00e1reas de descanso\nAuditorio y salas de reuniones equipadas\nRestauraci\u00f3n: cafeter\u00eda y restaurante\nTerraza y espacios polivalentes\nVestuarios, duchas y servicios para empleados\nParking y zonas para bicicletas y patinetes\nServicios adicionales: carter\u00eda, Amazon Lockers y bienestar\nInstalaciones orientadas a sostenibilidad y eficiencia\n\nEspecificaciones de las oficinas:\nPlantas abiertas y modulables\nGran entrada de luz natural\nIluminaci\u00f3n LED eficiente\nFalso techo t\u00e9cnico\nSuelo elevado\nSistema de climatizaci\u00f3n VRV\n\nConectividad:\n\nBus: 45, 59, 92, 136, H16, V21, V27, N0, N6, N28\nMetro: L4 \u2013 Ciutadella | Vila Ol\u00edmpica\nTram: T4 \u2013 Ciutadella | Vila Ol\u00edmpica\n\nUna sede corporativa de referencia en una de las ubicaciones m\u00e1s emblem\u00e1ticas de Barcelona.","post_type_properties_post_titulo_ingles":"","post_type_properties_post_internet_ingles":"","post_type_properties_post_features_classification_commercial":false,"post_type_properties_post_features_conservation":"","post_type_properties_post_features_security_personnel":false,"post_type_properties_post_features_parking_available":false,"post_type_properties_post_features_garage_capacity_type":"","post_type_properties_post_features_bathroom_number":"","post_type_properties_post_eje":"","post_type_properties_post_zona":"","post_type_properties_post_comarca":"","post_type_properties_post_features_built_year":"","post_type_properties_post_renta_mensual":28571,"post_type_properties_post_fianza":"","post_type_properties_post_features_area_plot":"","post_type_properties_post_features_area_buildable":"","post_type_properties_post_features_classification_industrial":false,"post_type_properties_post_distrito":"","post_type_properties_post_features_balcony":false,"post_type_properties_post_features_bedroom_number":"","post_type_properties_post_features_heating_type":"","post_type_properties_post_features_equipped_with_furniture":false,"post_type_properties_post_features_pets_allowed":false,"post_type_properties_post_features_pool":false,"post_type_properties_post_features_terrace":false,"post_type_properties_post_features_wardrobes":false,"post_type_properties_post_features_lift_available":false,"post_type_properties_post_features_handicap_adapted_access":false,"post_type_properties_post_features_orientation_east":false,"post_type_properties_post_features_orientation_west":false,"post_type_properties_post_features_orientation_north":false,"post_type_properties_post_features_orientation_south":false,"post_type_properties_post_features_parking_spaces_number":"","post_type_properties_post_features_security_alarm":false,"post_type_properties_post_features_security_system":false,"post_type_properties_post_open_plan":false,"post_type_properties_post_acceso_24_7":false,"post_type_properties_post_oficina_privada":false,"post_type_properties_post_sala_reuniones":false,"post_type_properties_post_espacio_eventos":false,"post_type_properties_post_office":false,"post_type_properties_post_restaurant":false,"post_type_properties_post_acepta_traspaso":false,"post_type_properties_post_vigilancia":false,"post_type_properties_post_features_suite":false,"post_type_properties_post_features_vitro":false,"post_type_properties_post_features_oven":false,"post_type_properties_post_features_microwave":false,"post_type_properties_post_features_washing_machine":false,"post_type_properties_post_features_dryer":false,"post_type_properties_post_features_dishwasher":false,"post_type_properties_post_features_fridge":false,"post_type_properties_post_features_fridge_mini":false,"post_type_properties_post_features_kettle":false,"post_type_properties_post_features_toaster":false,"post_type_properties_post_features_coffee_maker":false,"post_type_properties_post_features_iron":false,"post_type_properties_post_features_ironing_board":false,"post_type_properties_post_features_safe":false,"post_type_properties_post_features_internet":true,"post_type_properties_post_features_solarium":false,"post_type_properties_post_features_clean_service":false,"post_type_properties_post_features_t_v":false,"post_type_properties_post_features_satellite_t_v":false,"post_type_properties_post_features_gas_kitchen":false,"post_type_properties_post_features_view_mountain":false,"post_type_properties_post_features_view_sea":true,"post_type_properties_post_features_concierge":false,"post_type_properties_post_features_loading_dock":false,"post_type_properties_post_features_bridge_crane":false,"post_type_properties_post_features_located_at_corner":false,"post_type_properties_post_features_smoke_extraction":false,"post_type_properties_post_features_rooms":"","post_type_properties_post_features_garden_area":"","post_type_properties_post_features_utilities_water":false,"post_type_properties_post_features_utilities_electricity":false,"post_type_properties_post_features_utilities_natural_gas":false,"post_type_properties_post_features_building_adapted":false,"post_type_properties_post_features_garden":false,"post_type_properties_post_features_classification_hotel":false,"post_type_properties_post_features_classification_chalet":false,"post_type_properties_post_certificado_energetico_emisiones":"A","post_type_properties_post_barrio":"","post_type_properties_post_distrito_empresa":"Sant Mart\u00ed","post_type_properties_post_features_property_category_intern":"","post_type_properties_post_implantada":false,"post_type_properties_post_sello_leed":"1","post_type_properties_post_sello_well":"1","post_type_properties_post_sello_breeam":false,"post_type_properties_post_images":[{"properties_post_image_order":1,"properties_post_image_url":"https:\/\/movin.cloud\/empresas\/2438\/imagenes\/11245381\/en-alquiler-11.webp","properties_post_image_url_thumbnail":"https:\/\/movin.cloud\/empresas\/2438\/imagenes\/thumbnails\/11245381\/en-alquiler-11.webp","properties_post_title":"en alquiler 11","properties_post_alt":"en alquiler 11"},{"properties_post_image_order":2,"properties_post_image_url":"https:\/\/movin.cloud\/empresas\/2438\/imagenes\/11245381\/en-alquiler-13.webp","properties_post_image_url_thumbnail":"https:\/\/movin.cloud\/empresas\/2438\/imagenes\/thumbnails\/11245381\/en-alquiler-13.webp","properties_post_title":"en alquiler 13","properties_post_alt":"en alquiler 13"},{"properties_post_image_order":3,"properties_post_image_url":"https:\/\/movin.cloud\/empresas\/2438\/imagenes\/11245381\/en-alquiler-8.webp","properties_post_image_url_thumbnail":"https:\/\/movin.cloud\/empresas\/2438\/imagenes\/thumbnails\/11245381\/en-alquiler-8.webp","properties_post_title":"en alquiler 8","properties_post_alt":"en alquiler 8"},{"properties_post_image_order":4,"properties_post_image_url":"https:\/\/movin.cloud\/empresas\/2438\/imagenes\/11245381\/en-alquiler-14.webp","properties_post_image_url_thumbnail":"https:\/\/movin.cloud\/empresas\/2438\/imagenes\/thumbnails\/11245381\/en-alquiler-14.webp","properties_post_title":"en alquiler 14","properties_post_alt":"en alquiler 14"},{"properties_post_image_order":5,"properties_post_image_url":"https:\/\/movin.cloud\/empresas\/2438\/imagenes\/11245381\/en-alquiler-12.webp","properties_post_image_url_thumbnail":"https:\/\/movin.cloud\/empresas\/2438\/imagenes\/thumbnails\/11245381\/en-alquiler-12.webp","properties_post_title":"en alquiler 12","properties_post_alt":"en alquiler 12"},{"properties_post_image_order":6,"properties_post_image_url":"https:\/\/movin.cloud\/empresas\/2438\/imagenes\/11245381\/en-alquiler-16.webp","properties_post_image_url_thumbnail":"https:\/\/movin.cloud\/empresas\/2438\/imagenes\/thumbnails\/11245381\/en-alquiler-16.webp","properties_post_title":"en alquiler 16","properties_post_alt":"en alquiler 16"},{"properties_post_image_order":7,"properties_post_image_url":"https:\/\/movin.cloud\/empresas\/2438\/imagenes\/11245381\/en-alquiler-9.webp","properties_post_image_url_thumbnail":"https:\/\/movin.cloud\/empresas\/2438\/imagenes\/thumbnails\/11245381\/en-alquiler-9.webp","properties_post_title":"en alquiler 9","properties_post_alt":"en alquiler 9"},{"properties_post_image_order":8,"properties_post_image_url":"https:\/\/movin.cloud\/empresas\/2438\/imagenes\/11245381\/en-alquiler-10.webp","properties_post_image_url_thumbnail":"https:\/\/movin.cloud\/empresas\/2438\/imagenes\/thumbnails\/11245381\/en-alquiler-10.webp","properties_post_title":"en alquiler 10","properties_post_alt":"en alquiler 10"},{"properties_post_image_order":9,"properties_post_image_url":"https:\/\/movin.cloud\/empresas\/2438\/imagenes\/11245381\/en-alquiler-15.webp","properties_post_image_url_thumbnail":"https:\/\/movin.cloud\/empresas\/2438\/imagenes\/thumbnails\/11245381\/en-alquiler-15.webp","properties_post_title":"en alquiler 15","properties_post_alt":"en alquiler 15"},{"properties_post_image_order":10,"properties_post_image_url":"https:\/\/movin.cloud\/empresas\/2438\/imagenes\/11245381\/barcelona-alquiler-para-idealistas.webp","properties_post_image_url_thumbnail":"https:\/\/movin.cloud\/empresas\/2438\/imagenes\/thumbnails\/11245381\/barcelona-alquiler-para-idealistas.webp","properties_post_title":"barcelona alquiler para idealistas","properties_post_alt":"barcelona alquiler para idealistas"},{"properties_post_image_order":11,"properties_post_image_url":"https:\/\/movin.cloud\/empresas\/2438\/imagenes\/11245381\/barcelona-rent.webp","properties_post_image_url_thumbnail":"https:\/\/movin.cloud\/empresas\/2438\/imagenes\/thumbnails\/11245381\/barcelona-rent.webp","properties_post_title":"barcelona rent","properties_post_alt":"barcelona rent"},{"properties_post_image_order":12,"properties_post_image_url":"https:\/\/movin.cloud\/empresas\/2438\/imagenes\/11245381\/barcelona-fincas.webp","properties_post_image_url_thumbnail":"https:\/\/movin.cloud\/empresas\/2438\/imagenes\/thumbnails\/11245381\/barcelona-fincas.webp","properties_post_title":"barcelona fincas","properties_post_alt":"barcelona fincas"},{"properties_post_image_order":13,"properties_post_image_url":"https:\/\/movin.cloud\/empresas\/2438\/imagenes\/11245381\/barcelona-inmobiliarias.webp","properties_post_image_url_thumbnail":"https:\/\/movin.cloud\/empresas\/2438\/imagenes\/thumbnails\/11245381\/barcelona-inmobiliarias.webp","properties_post_title":"barcelona inmobiliarias","properties_post_alt":"barcelona inmobiliarias"},{"properties_post_image_order":14,"properties_post_image_url":"https:\/\/movin.cloud\/empresas\/2438\/imagenes\/11245381\/barcelona-inmobiliaria.webp","properties_post_image_url_thumbnail":"https:\/\/movin.cloud\/empresas\/2438\/imagenes\/thumbnails\/11245381\/barcelona-inmobiliaria.webp","properties_post_title":"barcelona inmobiliaria","properties_post_alt":"barcelona inmobiliaria"},{"properties_post_image_order":15,"properties_post_image_url":"https:\/\/movin.cloud\/empresas\/2438\/imagenes\/11245381\/en-alquiler-1.webp","properties_post_image_url_thumbnail":"https:\/\/movin.cloud\/empresas\/2438\/imagenes\/thumbnails\/11245381\/en-alquiler-1.webp","properties_post_title":"en alquiler 1","properties_post_alt":"en alquiler 1"},{"properties_post_image_order":16,"properties_post_image_url":"https:\/\/movin.cloud\/empresas\/2438\/imagenes\/11245381\/barcelona-viviendas.webp","properties_post_image_url_thumbnail":"https:\/\/movin.cloud\/empresas\/2438\/imagenes\/thumbnails\/11245381\/barcelona-viviendas.webp","properties_post_title":"barcelona viviendas","properties_post_alt":"barcelona viviendas"},{"properties_post_image_order":17,"properties_post_image_url":"https:\/\/movin.cloud\/empresas\/2438\/imagenes\/11245381\/en-alquiler-2.webp","properties_post_image_url_thumbnail":"https:\/\/movin.cloud\/empresas\/2438\/imagenes\/thumbnails\/11245381\/en-alquiler-2.webp","properties_post_title":"en alquiler 2","properties_post_alt":"en alquiler 2"},{"properties_post_image_order":18,"properties_post_image_url":"https:\/\/movin.cloud\/empresas\/2438\/imagenes\/11245381\/en-alquiler-7.webp","properties_post_image_url_thumbnail":"https:\/\/movin.cloud\/empresas\/2438\/imagenes\/thumbnails\/11245381\/en-alquiler-7.webp","properties_post_title":"en alquiler 7","properties_post_alt":"en alquiler 7"},{"properties_post_image_order":19,"properties_post_image_url":"https:\/\/movin.cloud\/empresas\/2438\/imagenes\/11245381\/en-alquiler-3.webp","properties_post_image_url_thumbnail":"https:\/\/movin.cloud\/empresas\/2438\/imagenes\/thumbnails\/11245381\/en-alquiler-3.webp","properties_post_title":"en alquiler 3","properties_post_alt":"en alquiler 3"},{"properties_post_image_order":20,"properties_post_image_url":"https:\/\/movin.cloud\/empresas\/2438\/imagenes\/11245381\/en-alquiler-4.webp","properties_post_image_url_thumbnail":"https:\/\/movin.cloud\/empresas\/2438\/imagenes\/thumbnails\/11245381\/en-alquiler-4.webp","properties_post_title":"en alquiler 4","properties_post_alt":"en alquiler 4"},{"properties_post_image_order":21,"properties_post_image_url":"https:\/\/movin.cloud\/empresas\/2438\/imagenes\/11245381\/en-alquiler-5.webp","properties_post_image_url_thumbnail":"https:\/\/movin.cloud\/empresas\/2438\/imagenes\/thumbnails\/11245381\/en-alquiler-5.webp","properties_post_title":"en alquiler 5","properties_post_alt":"en alquiler 5"},{"properties_post_image_order":22,"properties_post_image_url":"https:\/\/movin.cloud\/empresas\/2438\/imagenes\/11245381\/en-alquiler-6.webp","properties_post_image_url_thumbnail":"https:\/\/movin.cloud\/empresas\/2438\/imagenes\/thumbnails\/11245381\/en-alquiler-6.webp","properties_post_title":"en alquiler 6","properties_post_alt":"en alquiler 6"},{"properties_post_image_order":23,"properties_post_image_url":"https:\/\/movin.cloud\/empresas\/2438\/imagenes\/11245381\/en-alquiler-17.webp","properties_post_image_url_thumbnail":"https:\/\/movin.cloud\/empresas\/2438\/imagenes\/thumbnails\/11245381\/en-alquiler-17.webp","properties_post_title":"en alquiler 17","properties_post_alt":"en alquiler 17"},{"properties_post_image_order":24,"properties_post_image_url":"https:\/\/movin.cloud\/empresas\/2438\/imagenes\/11245381\/en-alquiler-18.webp","properties_post_image_url_thumbnail":"https:\/\/movin.cloud\/empresas\/2438\/imagenes\/thumbnails\/11245381\/en-alquiler-18.webp","properties_post_title":"en alquiler 18","properties_post_alt":"en alquiler 18"},{"properties_post_image_order":25,"properties_post_image_url":"https:\/\/movin.cloud\/empresas\/2438\/imagenes\/11245381\/en-alquiler-19.webp","properties_post_image_url_thumbnail":"https:\/\/movin.cloud\/empresas\/2438\/imagenes\/thumbnails\/11245381\/en-alquiler-19.webp","properties_post_title":"en alquiler 19","properties_post_alt":"en alquiler 19"},{"properties_post_image_order":26,"properties_post_image_url":"https:\/\/movin.cloud\/empresas\/2438\/imagenes\/11245381\/en-alquiler-20.webp","properties_post_image_url_thumbnail":"https:\/\/movin.cloud\/empresas\/2438\/imagenes\/thumbnails\/11245381\/en-alquiler-20.webp","properties_post_title":"en alquiler 20","properties_post_alt":"en alquiler 20"},{"properties_post_image_order":27,"properties_post_image_url":"https:\/\/movin.cloud\/empresas\/2438\/imagenes\/11245381\/en-alquiler-21.webp","properties_post_image_url_thumbnail":"https:\/\/movin.cloud\/empresas\/2438\/imagenes\/thumbnails\/11245381\/en-alquiler-21.webp","properties_post_title":"en alquiler 21","properties_post_alt":"en alquiler 21"},{"properties_post_image_order":28,"properties_post_image_url":"https:\/\/movin.cloud\/empresas\/2438\/imagenes\/11245381\/en-alquiler-22.webp","properties_post_image_url_thumbnail":"https:\/\/movin.cloud\/empresas\/2438\/imagenes\/thumbnails\/11245381\/en-alquiler-22.webp","properties_post_title":"en alquiler 22","properties_post_alt":"en alquiler 22"},{"properties_post_image_order":29,"properties_post_image_url":"https:\/\/movin.cloud\/empresas\/2438\/imagenes\/11245381\/en-alquiler-23.webp","properties_post_image_url_thumbnail":"https:\/\/movin.cloud\/empresas\/2438\/imagenes\/thumbnails\/11245381\/en-alquiler-23.webp","properties_post_title":"en alquiler 23","properties_post_alt":"en alquiler 23"},{"properties_post_image_order":30,"properties_post_image_url":"https:\/\/movin.cloud\/empresas\/2438\/imagenes\/11245381\/en-alquiler-24.webp","properties_post_image_url_thumbnail":"https:\/\/movin.cloud\/empresas\/2438\/imagenes\/thumbnails\/11245381\/en-alquiler-24.webp","properties_post_title":"en alquiler 24","properties_post_alt":"en alquiler 24"},{"properties_post_image_order":31,"properties_post_image_url":"https:\/\/movin.cloud\/empresas\/2438\/imagenes\/11245381\/alquilar.webp","properties_post_image_url_thumbnail":"https:\/\/movin.cloud\/empresas\/2438\/imagenes\/thumbnails\/11245381\/alquilar.webp","properties_post_title":"alquilar","properties_post_alt":"alquilar"},{"properties_post_image_order":32,"properties_post_image_url":"https:\/\/movin.cloud\/empresas\/2438\/imagenes\/11245381\/rent.webp","properties_post_image_url_thumbnail":"https:\/\/movin.cloud\/empresas\/2438\/imagenes\/thumbnails\/11245381\/rent.webp","properties_post_title":"rent","properties_post_alt":"rent"}],"post_type_properties_post_videos":null,"post_type_properties_post_tour":null,"post_type_properties_post_dossier_url":"","post_type_properties_post_operation_type":"rent","post_type_properties_post_operation_price":27428,"post_type_properties_post_features_hidden_price":false},"yoast_head":"<!-- This site is optimized with the Yoast SEO plugin v25.6 - https:\/\/yoast.com\/wordpress\/plugins\/seo\/ -->\n<title>TORRE MAPFRE - Forcadell<\/title>\n<meta name=\"robots\" content=\"index, follow, max-snippet:-1, max-image-preview:large, max-video-preview:-1\" \/>\n<link rel=\"canonical\" href=\"https:\/\/forcadell.com\/ca\/propiedades\/torre-mapfre-4\/\" \/>\n<meta property=\"og:locale\" content=\"ca_ES\" \/>\n<meta property=\"og:type\" content=\"article\" \/>\n<meta property=\"og:title\" content=\"TORRE MAPFRE - Forcadell\" \/>\n<meta property=\"og:description\" content=\"Oficinas corporativas en alquiler en Torre Mapfre \u2013 Barcelona Disponibles oficinas en alquiler en la Torre Mapfre, uno de los edificios de negocios m\u00e1s reconocidos del skyline de Barcelona, ubicada en el Puerto Ol\u00edmpico. El inmueble ofrece espacios amplios y di\u00e1fanos, con grandes ventanales, excelente iluminaci\u00f3n natural y vistas abiertas al mar. Su localizaci\u00f3n privilegiada, [&hellip;]\" \/>\n<meta property=\"og:url\" content=\"https:\/\/forcadell.com\/ca\/propiedades\/torre-mapfre-4\/\" \/>\n<meta property=\"og:site_name\" content=\"Forcadell\" \/>\n<meta property=\"article:modified_time\" content=\"2026-04-26T05:13:15+00:00\" \/>\n<meta name=\"twitter:card\" content=\"summary_large_image\" \/>\n<meta name=\"twitter:label1\" content=\"Temps estimat de lectura\" \/>\n\t<meta name=\"twitter:data1\" content=\"1 minut\" \/>\n<!-- \/ Yoast SEO plugin. -->","yoast_head_json":{"title":"TORRE MAPFRE - Forcadell","robots":{"index":"index","follow":"follow","max-snippet":"max-snippet:-1","max-image-preview":"max-image-preview:large","max-video-preview":"max-video-preview:-1"},"canonical":"https:\/\/forcadell.com\/ca\/propiedades\/torre-mapfre-4\/","og_locale":"ca_ES","og_type":"article","og_title":"TORRE MAPFRE - Forcadell","og_description":"Oficinas corporativas en alquiler en Torre Mapfre \u2013 Barcelona Disponibles oficinas en alquiler en la Torre Mapfre, uno de los edificios de negocios m\u00e1s reconocidos del skyline de Barcelona, ubicada en el Puerto Ol\u00edmpico. El inmueble ofrece espacios amplios y di\u00e1fanos, con grandes ventanales, excelente iluminaci\u00f3n natural y vistas abiertas al mar. Su localizaci\u00f3n privilegiada, [&hellip;]","og_url":"https:\/\/forcadell.com\/ca\/propiedades\/torre-mapfre-4\/","og_site_name":"Forcadell","article_modified_time":"2026-04-26T05:13:15+00:00","twitter_card":"summary_large_image","twitter_misc":{"Temps estimat de lectura":"1 minut"},"schema":{"@context":"https:\/\/schema.org","@graph":[{"@type":"WebPage","@id":"https:\/\/forcadell.com\/ca\/propiedades\/torre-mapfre-4\/","url":"https:\/\/forcadell.com\/ca\/propiedades\/torre-mapfre-4\/","name":"TORRE MAPFRE - Forcadell","isPartOf":{"@id":"https:\/\/forcadell.com\/ca\/#website"},"datePublished":"2025-11-04T14:18:50+00:00","dateModified":"2026-04-26T05:13:15+00:00","breadcrumb":{"@id":"https:\/\/forcadell.com\/ca\/propiedades\/torre-mapfre-4\/#breadcrumb"},"inLanguage":"ca","potentialAction":[{"@type":"ReadAction","target":["https:\/\/forcadell.com\/ca\/propiedades\/torre-mapfre-4\/"]}]},{"@type":"BreadcrumbList","@id":"https:\/\/forcadell.com\/ca\/propiedades\/torre-mapfre-4\/#breadcrumb","itemListElement":[{"@type":"ListItem","position":1,"name":"Portada","item":"https:\/\/forcadell.com\/ca\/"},{"@type":"ListItem","position":2,"name":"Properties","item":"https:\/\/forcadell.com\/ca\/propiedades\/"},{"@type":"ListItem","position":3,"name":"TORRE MAPFRE"}]},{"@type":"WebSite","@id":"https:\/\/forcadell.com\/ca\/#website","url":"https:\/\/forcadell.com\/ca\/","name":"Forcadell","description":"Inmobiliaria Barcelona | Consultores inmobiliarios","potentialAction":[{"@type":"SearchAction","target":{"@type":"EntryPoint","urlTemplate":"https:\/\/forcadell.com\/ca\/?s={search_term_string}"},"query-input":{"@type":"PropertyValueSpecification","valueRequired":true,"valueName":"search_term_string"}}],"inLanguage":"ca"}]}},"_links":{"self":[{"href":"https:\/\/forcadell.com\/ca\/wp-json\/wp\/v2\/properties_post\/57948"}],"collection":[{"href":"https:\/\/forcadell.com\/ca\/wp-json\/wp\/v2\/properties_post"}],"about":[{"href":"https:\/\/forcadell.com\/ca\/wp-json\/wp\/v2\/types\/properties_post"}],"wp:attachment":[{"href":"https:\/\/forcadell.com\/ca\/wp-json\/wp\/v2\/media?parent=57948"}],"curies":[{"name":"wp","href":"https:\/\/api.w.org\/{rel}","templated":true}]}}