{"id":57922,"date":"2025-11-04T16:16:47","date_gmt":"2025-11-04T14:16:47","guid":{"rendered":"https:\/\/www.forcadell.com\/propiedades\/badajoz-60\/"},"modified":"2026-04-27T23:15:39","modified_gmt":"2026-04-27T21:15:39","slug":"badajoz-60","status":"publish","type":"properties_post","link":"https:\/\/forcadell.com\/ca\/propiedades\/badajoz-60\/","title":{"rendered":"BADAJOZ 60"},"content":{"rendered":"<p>El dise\u00f1o \u00fanico de Badajoz 60 promueve un entorno laboral inspirador, facilitando a las empresas atraer y retener talento. Estrat\u00e9gicamente ubicado en el distrito 22@, el epicentro de la innovaci\u00f3n empresarial en la ciudad, este edificio combina la vitalidad empresarial con opciones culturales y de ocio.<\/p>\n<p>Caracter\u00edsticas destacadas:<\/p>\n<p>Amplias \u00e1reas abiertas y abundante luz natural.<br \/>\nRatio de ocupaci\u00f3n \u00f3ptimo de 1:7.<br \/>\nSuelo t\u00e9cnico y sistema de protecci\u00f3n contra incendios.<br \/>\nCertificaci\u00f3n LEED Platinum y sistema de climatizaci\u00f3n Districlima.<br \/>\nServicios completos: conserjer\u00eda, seguridad 24 horas y mantenimiento.<br \/>\nDiversidad de opciones de estacionamiento, incluyendo veh\u00edculos el\u00e9ctricos y patinetes.<\/p>\n<p>Transportes:<\/p>\n<p>Bus: 136, B20, B25, V23, 6, N6, N8<br \/>\nMetro: L2 (Llacuna), L2 (Bogatell), L3 (Gl\u00f2ries)<br \/>\nCercan\u00edas: Clot-Arag\u00f3<\/p>\n<p>Descubre la vanguardia en el coraz\u00f3n del distrito empresarial m\u00e1s din\u00e1mico de la ciudad.<\/p>\n","protected":false},"template":"","class_list":["post-57922","properties_post","type-properties_post","status-publish","hentry","properties_modality-rent","properties_district-sant-marti","properties_province-barcelona","properties_zone-116","properties_state-barcelona","properties_subclass-oficina","properties_type-oficina"],"acf":{"post_type_properties_post_property_code":"11245224","post_type_properties_post_property_reference":"IE-224657","post_type_properties_post_owner_id":"46595","post_type_properties_post_owner_name":"GMP PROPERTY SOCIMI SA","post_type_properties_post_property_code_encrypted":"MjQ5JDI5Nzkx","post_type_properties_post_published":"1","post_type_properties_post_property_visibility":"idealista","post_type_properties_post_contact_name":"Forcadell Oficinas Barcelona","post_type_properties_post_contact_email":"forcadell.oficinas.barcelona@movin.cloud","post_type_properties_post_contact_primary_phone_prefix":"34","post_type_properties_post_contact_primary_phone_number":"934965413","post_type_properties_post_address_visibility":"street","post_type_properties_post_address_country":"Spain","post_type_properties_post_address_coordinates_precision":"exact","post_type_properties_post_address_postal_code":"08005","post_type_properties_post_address_coordinates_latitude":"41.396389796489","post_type_properties_post_address_coordinates_longitude":"2.195972295851","post_type_properties_post_address_street_name":"Badajoz, 60","post_type_properties_post_address_floor":"","post_type_properties_post_address_town":"Barcelona","post_type_properties_post_building":[{"properties_post_description_language":"english","properties_post_title":"MILE 22@ BUSINESS PARK \u2013 BADAJOZ \u2013 Sant Mart\u00ed \u2013 22@ \u2013 Barcelona","properties_post_short_description_text_alt":"The Badajoz building is part of the Mile22@ Business Park office complex, comprised of two interconnected buildings with a large landscaped area. Located at the intersection of Llull, Badajoz, and \u00c1vila streets, a strategic consolidation area for the 22@ sector, between Pla\u00e7a de Gl\u00f2ries and the sea.\n\nA versatile building with floor plans and potential for modularity, it offers representative architecture.\nThe building's volume and the design of its fa\u00e7ade, with floor-to-ceiling glass panels, provide the floors with high levels of natural light in the workspaces.\n\nOpen-plan spaces\nRaised floor\nCeiling with exposed installations\nRelaxation and relaxation area\n4-elevator core\nLandscaped outdoor area\nLEED Platinum\n24-hour security service\nUpper floors with 360\u00ba views of the city of Barcelona\nUppermost energy efficient: DALI lighting and point-to-point lighting control\nHigh-efficiency air conditioning system connected to the 22@ Districlima utility grid\n","properties_post_description_text_alt":"The Badajoz building is part of the Mile22@ Business Park office complex, comprised of two interconnected buildings with a large landscaped area. Located at the intersection of Llull, Badajoz, and \u00c1vila streets, a strategic consolidation area for the 22@ sector, between Pla\u00e7a de Gl\u00f2ries and the sea.\n\nA versatile building with floor plans and potential for modularity, it offers representative architecture.\nThe building's volume and the design of its fa\u00e7ade, with floor-to-ceiling glass panels, provide the floors with high levels of natural light in the workspaces.\n\nOpen-plan spaces\nRaised floor\nCeiling with exposed installations\nRelaxation and relaxation area\n4-elevator core\nLandscaped outdoor area\nLEED Platinum\n24-hour security service\nUpper floors with 360\u00ba views of the city of Barcelona\nUppermost energy efficient: DALI lighting and point-to-point lighting control\nHigh-efficiency air conditioning system connected to the 22@ Districlima utility grid\nLED lighting with presence control and perimeter sensors\nSustainable building materials and waste management\nParking, electric cars, and bicycles\nEnergy rating A\n\nPublic transport:\nBus: 136, B20, B25, V23\nMetro: L1 \"Gl\u00f2ries\", L4 \"Llacuna\", \"Bogatell\"\nTram: T5 and T6 \"Auditori - Teatre Nacional\"","properties_post_short_description_text":"The Badajoz building is part of the Mile22@ Business Park office complex, comprised of two interconnected buildings with a large landscaped area. Located at the intersection of Llull, Badajoz, and \u00c1vila streets, a strategic consolidation area for the 22@ sector, between Pla\u00e7a de Gl\u00f2ries and the sea.\n\nA versatile building with floor plans and potential for modularity, it offers representative architecture.\nThe building's volume and the design of its fa\u00e7ade, with floor-to-ceiling glass panels, provide the floors with high levels of natural light in the workspaces.\n\nOpen-plan spaces\nRaised floor\nCeiling with exposed installations\nRelaxation and relaxation area\n4-elevator core\nLandscaped outdoor area\nLEED Platinum\n24-hour security service\nUpper floors with 360\u00ba views of the city of Barcelona\nUppermost energy efficient: DALI lighting and point-to-point lighting control\nHigh-efficiency air conditioning system connected to the 22@ Districlima utility grid\nLED lighting with presence control","properties_post_link_demanda_inmueble":"","properties_post_link_demanda_calendario_inmueble":"","properties_post_description_text":"The Badajoz building is part of the Mile22@ Business Park office complex, comprised of two interconnected buildings with a large landscaped area. Located at the intersection of Llull, Badajoz, and \u00c1vila streets, a strategic consolidation area for the 22@ sector, between Pla\u00e7a de Gl\u00f2ries and the sea.\n\nA versatile building with floor plans and potential for modularity, it offers representative architecture.\nThe building's volume and the design of its fa\u00e7ade, with floor-to-ceiling glass panels, provide the floors with high levels of natural light in the workspaces.\n\nOpen-plan spaces\nRaised floor\nCeiling with exposed installations\nRelaxation and relaxation area\n4-elevator core\nLandscaped outdoor area\nLEED Platinum\n24-hour security service\nUpper floors with 360\u00ba views of the city of Barcelona\nUppermost energy efficient: DALI lighting and point-to-point lighting control\nHigh-efficiency air conditioning system connected to the 22@ Districlima utility grid\nLED lighting with presence control and perimeter sensors\nSustainable building materials and waste management\nParking, electric cars, and bicycles\nEnergy rating A\n\nPublic transport:\nBus: 136, B20, B25, V23\nMetro: L1 \"Gl\u00f2ries\", L4 \"Llacuna\", \"Bogatell\"\nTram: T5 and T6 \"Auditori - Teatre Nacional\"","properties_post_seo_title":"","properties_post_seo_alias":"","properties_post_seo_metadescription":"","properties_post_seo_key_words":"","properties_post_seo_url":"","properties_post_terms_conditions":""},{"properties_post_description_language":"catalan","properties_post_title":"MILE 22@ BUSINESS PARK \u2013 BADAJOZ \u2013 Sant Mart\u00ed \u2013 22@ \u2013 Barcelona","properties_post_short_description_text_alt":"L'edifici Badajoz pertany al Complex d'oficines Mile22@ Business Park compost per dos edificis interconnectats amb un ampli recinte enjardinat. Situat en la conflu\u00e8ncia dels carrers Llull, Badajoz i \u00c0vila, zona estrat\u00e8gica de consolidaci\u00f3 del 22@, entre la pla\u00e7a de Gl\u00f2ries i la mar.\n\nEdifici vers\u00e0til per superf\u00edcies de planta i potencial modulaci\u00f3, arquitectura representativa.\nLa volumetria de l'edifici i el disseny de la seva fa\u00e7ana, amb draps de vidre de s\u00f2l a sostre, doten a les plantes d'alts nivells de llum natural en els espais de treball.\n\nSuperf\u00edcies di\u00e0fanes\nPaviment t\u00e8cnic\nSostre amb instal\u00b7lacions vistes\nEspai de relaxaci\u00f3 i descans\nNucli de 4 ascensors\nZona exterior enjardinada\nLLEGIU Platinum\nServei de seguretat 24h\nPlantes superiors amb vista 360\u00e8 a la ciutat de Barcelona\nAlt\u00edssima efici\u00e8ncia en els consums: il\u00b7luminaci\u00f3 amb sistema DALI i control d'il\u00b7luminaci\u00f3 punt a punt\nSistema de climatitzaci\u00f3 d'alta efici\u00e8ncia, connectat a la xarxa de subministrament Districlima","properties_post_description_text_alt":"L'edifici Badajoz pertany al Complex d'oficines Mile22@ Business Park compost per dos edificis interconnectats amb un ampli recinte enjardinat. Situat en la conflu\u00e8ncia dels carrers Llull, Badajoz i \u00c0vila, zona estrat\u00e8gica de consolidaci\u00f3 del 22@, entre la pla\u00e7a de Gl\u00f2ries i la mar.\n\nEdifici vers\u00e0til per superf\u00edcies de planta i potencial modulaci\u00f3, arquitectura representativa.\nLa volumetria de l'edifici i el disseny de la seva fa\u00e7ana, amb draps de vidre de s\u00f2l a sostre, doten a les plantes d'alts nivells de llum natural en els espais de treball.\n\nSuperf\u00edcies di\u00e0fanes\nPaviment t\u00e8cnic\nSostre amb instal\u00b7lacions vistes\nEspai de relaxaci\u00f3 i descans\nNucli de 4 ascensors\nZona exterior enjardinada\nLLEGIU Platinum\nServei de seguretat 24h\nPlantes superiors amb vista 360\u00e8 a la ciutat de Barcelona\nAlt\u00edssima efici\u00e8ncia en els consums: il\u00b7luminaci\u00f3 amb sistema DALI i control d'il\u00b7luminaci\u00f3 punt a punt\nSistema de climatitzaci\u00f3 d'alta efici\u00e8ncia, connectat a la xarxa de subministrament Districlima del 22@\nIl\u00b7luminaci\u00f3 LED amb control de pres\u00e8ncia i sensors perimetrals\nMaterials de construcci\u00f3 sostenibles i gesti\u00f3 de residus\nP\u00e0rquing, cotxes el\u00e8ctrics i bicis\nQualificaci\u00f3 energ\u00e8tica A\n\nTransport p\u00fablic:\nBus: 136, B20, B25, V23\nMetre: L1 \"Gl\u00f2ries\", L4 \"Llacuna\" \"Bogatell\"\nTram: T5 i T6 \"Auditori - Teatre Nacional\"","properties_post_short_description_text":"L'edifici Badajoz pertany al Complex d'oficines Mile22@ Business Park compost per dos edificis interconnectats amb un ampli recinte enjardinat. Situat en la conflu\u00e8ncia dels carrers Llull, Badajoz i \u00c0vila, zona estrat\u00e8gica de consolidaci\u00f3 del 22@, entre la pla\u00e7a de Gl\u00f2ries i la mar.\n\nEdifici vers\u00e0til per superf\u00edcies de planta i potencial modulaci\u00f3, arquitectura representativa.\nLa volumetria de l'edifici i el disseny de la seva fa\u00e7ana, amb draps de vidre de s\u00f2l a sostre, doten a les plantes d'alts nivells de llum natural en els espais de treball.\n\nSuperf\u00edcies di\u00e0fanes\nPaviment t\u00e8cnic\nSostre amb instal\u00b7lacions vistes\nEspai de relaxaci\u00f3 i descans\nNucli de 4 ascensors\nZona exterior enjardinada\nLLEGIU Platinum\nServei de seguretat 24h\nPlantes superiors amb vista 360\u00e8 a la ciutat de Barcelona\nAlt\u00edssima efici\u00e8ncia en els consums: il\u00b7luminaci\u00f3 amb sistema DALI i control d'il\u00b7luminaci\u00f3 punt a punt\nSistema de climatitzaci\u00f3 d'alta efici\u00e8ncia, connectat a la xarxa de subministrament Districlima","properties_post_link_demanda_inmueble":"","properties_post_link_demanda_calendario_inmueble":"","properties_post_description_text":"L'edifici Badajoz pertany al Complex d'oficines Mile22@ Business Park compost per dos edificis interconnectats amb un ampli recinte enjardinat. Situat en la conflu\u00e8ncia dels carrers Llull, Badajoz i \u00c0vila, zona estrat\u00e8gica de consolidaci\u00f3 del 22@, entre la pla\u00e7a de Gl\u00f2ries i la mar.\n\nEdifici vers\u00e0til per superf\u00edcies de planta i potencial modulaci\u00f3, arquitectura representativa.\nLa volumetria de l'edifici i el disseny de la seva fa\u00e7ana, amb draps de vidre de s\u00f2l a sostre, doten a les plantes d'alts nivells de llum natural en els espais de treball.\n\nSuperf\u00edcies di\u00e0fanes\nPaviment t\u00e8cnic\nSostre amb instal\u00b7lacions vistes\nEspai de relaxaci\u00f3 i descans\nNucli de 4 ascensors\nZona exterior enjardinada\nLLEGIU Platinum\nServei de seguretat 24h\nPlantes superiors amb vista 360\u00e8 a la ciutat de Barcelona\nAlt\u00edssima efici\u00e8ncia en els consums: il\u00b7luminaci\u00f3 amb sistema DALI i control d'il\u00b7luminaci\u00f3 punt a punt\nSistema de climatitzaci\u00f3 d'alta efici\u00e8ncia, connectat a la xarxa de subministrament Districlima del 22@\nIl\u00b7luminaci\u00f3 LED amb control de pres\u00e8ncia i sensors perimetrals\nMaterials de construcci\u00f3 sostenibles i gesti\u00f3 de residus\nP\u00e0rquing, cotxes el\u00e8ctrics i bicis\nQualificaci\u00f3 energ\u00e8tica A\n\nTransport p\u00fablic:\nBus: 136, B20, B25, V23\nMetre: L1 \"Gl\u00f2ries\", L4 \"Llacuna\" \"Bogatell\"\nTram: T5 i T6 \"Auditori - Teatre Nacional\"","properties_post_seo_title":"","properties_post_seo_alias":"","properties_post_seo_metadescription":"","properties_post_seo_key_words":"","properties_post_seo_url":"","properties_post_terms_conditions":""},{"properties_post_description_language":"spanish","properties_post_title":"MILE 22@ BUSINESS PARK \u2013 BADAJOZ \u2013 Sant Mart\u00ed \u2013 22@ \u2013 Barcelona","properties_post_short_description_text_alt":"El edificio Badajoz pertenece al Complejo de oficinas Mile22@ Business Park compuesto por dos edificios interconectados con un amplio recinto ajardinado. Situado en la confluencia de las calles Llull, Badajoz y \u00c1vila, zona estrat\u00e9gica de consolidaci\u00f3n del 22@, entre la plaza de Gl\u00f2ries y el mar. \n\nEdificio vers\u00e1til por tama\u00f1os de planta y potencial modulaci\u00f3n, arquitectura representativa. \nLa volumetr\u00eda del edificio y el dise\u00f1o de su fachada, con pa\u00f1os de vidrio de suelo a techo, dotan a las plantas de altos niveles de luz natural en los espacios de trabajo.\n\nSuperficies di\u00e1fanas\nSuelo t\u00e9cnico\nTecho con instalaciones vistas\nEspacio de relajaci\u00f3n y descanso\nN\u00facleo de 4 ascensores\nZona exterior ajardinada\nLEED Platinum\nServicio de seguridad 24h\nPlantas superiores con vistas 360\u00ba a la ciudad de Barcelona\nAlt\u00edsima eficiencia en los consumos: iluminaci\u00f3n con sistema DALI y control de iluminaci\u00f3n punto a punto\nSistema de climatizaci\u00f3n de alta eficiencia","properties_post_description_text_alt":"El edificio Badajoz pertenece al Complejo de oficinas Mile22@ Business Park compuesto por dos edificios interconectados con un amplio recinto ajardinado. Situado en la confluencia de las calles Llull, Badajoz y \u00c1vila, zona estrat\u00e9gica de consolidaci\u00f3n del 22@, entre la plaza de Gl\u00f2ries y el mar. \n\nEdificio vers\u00e1til por tama\u00f1os de planta y potencial modulaci\u00f3n, arquitectura representativa. \nLa volumetr\u00eda del edificio y el dise\u00f1o de su fachada, con pa\u00f1os de vidrio de suelo a techo, dotan a las plantas de altos niveles de luz natural en los espacios de trabajo.\n\nSuperficies di\u00e1fanas\nSuelo t\u00e9cnico\nTecho con instalaciones vistas\nEspacio de relajaci\u00f3n y descanso\nN\u00facleo de 4 ascensores\nZona exterior ajardinada\nLEED Platinum\nServicio de seguridad 24h\nPlantas superiores con vistas 360\u00ba a la ciudad de Barcelona\nAlt\u00edsima eficiencia en los consumos: iluminaci\u00f3n con sistema DALI y control de iluminaci\u00f3n punto a punto\nSistema de climatizaci\u00f3n de alta eficiencia, conectado a la red de suministro Districlima del 22@\nIluminaci\u00f3n LED con control de presencia y sensores perimetrales\nMateriales de construcci\u00f3n sostenibles y gesti\u00f3n de residuos\nParking, coches el\u00e9ctricos y bicis\nCalificaci\u00f3n energ\u00e9tica A\n\nTransporte p\u00fablico:\nBus: 136, B20, B25, V23\nMetro: L1 \"Gl\u00f2ries\", L4 \"Llacuna\" \"Bogatell\"\nTram: T5 y T6 \"Auditori - Teatre Nacional\"\n","properties_post_short_description_text":"El edificio Badajoz pertenece al Complejo de oficinas Mile22@ Business Park compuesto por dos edificios interconectados con un amplio recinto ajardinado. Situado en la confluencia de las calles Llull, Badajoz y \u00c1vila, zona estrat\u00e9gica de consolidaci\u00f3n del 22@, entre la plaza de Gl\u00f2ries y el mar. \n\nEdificio vers\u00e1til por tama\u00f1os de planta y potencial modulaci\u00f3n, arquitectura representativa. \nLa volumetr\u00eda del edificio y el dise\u00f1o de su fachada, con pa\u00f1os de vidrio de suelo a techo, dotan a las plantas de altos niveles de luz natural en los espacios de trabajo.\n\nSuperficies di\u00e1fanas\nSuelo t\u00e9cnico\nTecho con instalaciones vistas\nEspacio de relajaci\u00f3n y descanso\nN\u00facleo de 4 ascensores\nZona exterior ajardinada\nLEED Platinum\nServicio de seguridad 24h\nPlantas superiores con vistas 360\u00ba a la ciudad de Barcelona\nAlt\u00edsima eficiencia en los consumos: iluminaci\u00f3n con sistema DALI y control de iluminaci\u00f3n punto a punto\nSistema de climatizaci\u00f3n de alta eficiencia","properties_post_link_demanda_inmueble":"","properties_post_link_demanda_calendario_inmueble":"","properties_post_description_text":"El edificio Badajoz pertenece al Complejo de oficinas Mile22@ Business Park compuesto por dos edificios interconectados con un amplio recinto ajardinado. Situado en la confluencia de las calles Llull, Badajoz y \u00c1vila, zona estrat\u00e9gica de consolidaci\u00f3n del 22@, entre la plaza de Gl\u00f2ries y el mar. \n\nEdificio vers\u00e1til por tama\u00f1os de planta y potencial modulaci\u00f3n, arquitectura representativa. \nLa volumetr\u00eda del edificio y el dise\u00f1o de su fachada, con pa\u00f1os de vidrio de suelo a techo, dotan a las plantas de altos niveles de luz natural en los espacios de trabajo.\n\nSuperficies di\u00e1fanas\nSuelo t\u00e9cnico\nTecho con instalaciones vistas\nEspacio de relajaci\u00f3n y descanso\nN\u00facleo de 4 ascensores\nZona exterior ajardinada\nLEED Platinum\nServicio de seguridad 24h\nPlantas superiores con vistas 360\u00ba a la ciudad de Barcelona\nAlt\u00edsima eficiencia en los consumos: iluminaci\u00f3n con sistema DALI y control de iluminaci\u00f3n punto a punto\nSistema de climatizaci\u00f3n de alta eficiencia, conectado a la red de suministro Districlima del 22@\nIluminaci\u00f3n LED con control de presencia y sensores perimetrales\nMateriales de construcci\u00f3n sostenibles y gesti\u00f3n de residuos\nParking, coches el\u00e9ctricos y bicis\nCalificaci\u00f3n energ\u00e9tica A\n\nTransporte p\u00fablico:\nBus: 136, B20, B25, V23\nMetro: L1 \"Gl\u00f2ries\", L4 \"Llacuna\" \"Bogatell\"\nTram: T5 y T6 \"Auditori - Teatre Nacional\"\n","properties_post_seo_title":"","properties_post_seo_alias":"","properties_post_seo_metadescription":"","properties_post_seo_key_words":"","properties_post_seo_url":"","properties_post_terms_conditions":""}],"post_type_properties_post_property":[{"properties_post_description_language":"catalan","properties_post_title":"BADAJOZ 60","properties_post_short_description_text_alt":"","properties_post_description_text_alt":"","properties_post_short_description_text":" ","properties_post_link_demanda_inmueble":"https:\/\/movin.cloud\/ca\/Forcadell Oficinas Barcelona\/formulari-peticio-immoble\/sth\/2438&&11245224","properties_post_link_demanda_calendario_inmueble":"https:\/\/movin.cloud\/ca\/Forcadell Oficinas Barcelona\/calendari-peticio-immoble\/sth\/2438&&11245224","properties_post_description_text":"El disseny \u00fanic de Badajoz 60 promou un entorn laboral inspirador, facilitant a les empreses atreure i retenir talent. Estrat\u00e8gicament ubicat al districte 22@, l'epicentre de la innovaci\u00f3 empresarial a la ciutat, aquest edifici combina la vitalitat empresarial amb opcions culturals i de lleure.\n\nCaracter\u00edstiques destacades:\n\n\u00c0mplies \u00e0rees obertes i abundant llum natural.\nR\u00e0tio docupaci\u00f3 \u00f2ptim de 1:7.\nS\u00f2l t\u00e8cnic i sistema de protecci\u00f3 contra incendis.\nCertificaci\u00f3 LEED Platinum i sistema de climatitzaci\u00f3 Districlima.\nServeis complets: consergeria, seguretat 24 hores i manteniment.\nDiversitat d'opcions d'estacionament, incloent vehicles el\u00e8ctrics i patinets.\n\nTransports:\n\nBus: 136, B20, B25, V23, 6, N6, N8\nMetro: L2 (Llacuna), L2 (Bogatell), L3 (Gl\u00f2ries)\nRodalies: Clot-Arag\u00f3\n\nDescobreix l'avantguarda al cor del districte empresarial m\u00e9s din\u00e0mic de la ciutat.","properties_post_seo_title":"","properties_post_seo_alias":"","properties_post_seo_metadescription":"","properties_post_seo_key_words":"","properties_post_seo_url":"","properties_post_terms_conditions":""},{"properties_post_description_language":"spanish","properties_post_title":"BADAJOZ 60","properties_post_short_description_text_alt":"","properties_post_description_text_alt":"","properties_post_short_description_text":" ","properties_post_link_demanda_inmueble":"https:\/\/movin.cloud\/es\/Forcadell Oficinas Barcelona\/formulario-peticion-inmueble\/sth\/2438&&11245224","properties_post_link_demanda_calendario_inmueble":"https:\/\/movin.cloud\/es\/Forcadell Oficinas Barcelona\/calendario-peticion-inmueble\/sth\/2438&&11245224","properties_post_description_text":"El dise\u00f1o \u00fanico de Badajoz 60 promueve un entorno laboral inspirador, facilitando a las empresas atraer y retener talento. Estrat\u00e9gicamente ubicado en el distrito 22@, el epicentro de la innovaci\u00f3n empresarial en la ciudad, este edificio combina la vitalidad empresarial con opciones culturales y de ocio.\n\nCaracter\u00edsticas destacadas:\n\nAmplias \u00e1reas abiertas y abundante luz natural.\nRatio de ocupaci\u00f3n \u00f3ptimo de 1:7.\nSuelo t\u00e9cnico y sistema de protecci\u00f3n contra incendios.\nCertificaci\u00f3n LEED Platinum y sistema de climatizaci\u00f3n Districlima.\nServicios completos: conserjer\u00eda, seguridad 24 horas y mantenimiento.\nDiversidad de opciones de estacionamiento, incluyendo veh\u00edculos el\u00e9ctricos y patinetes.\n \nTransportes:\n\nBus: 136, B20, B25, V23, 6, N6, N8\nMetro: L2 (Llacuna), L2 (Bogatell), L3 (Gl\u00f2ries)\nCercan\u00edas: Clot-Arag\u00f3\n\nDescubre la vanguardia en el coraz\u00f3n del distrito empresarial m\u00e1s din\u00e1mico de la ciudad.\n\n","properties_post_seo_title":"","properties_post_seo_alias":"","properties_post_seo_metadescription":"","properties_post_seo_key_words":"","properties_post_seo_url":"","properties_post_terms_conditions":""}],"post_type_properties_post_features_type":"office","post_type_properties_post_id_building":"MjkkMjc3NzQ=","post_type_properties_post_features_area_constructed":846,"post_type_properties_post_features_conditioned_air":true,"post_type_properties_post_features_doorman":false,"post_type_properties_post_features_heating":true,"post_type_properties_post_features_equipped_kitchen":false,"post_type_properties_post_features_windows_location":"exterior","post_type_properties_post_features_floors_property":false,"post_type_properties_post_features_storage":false,"post_type_properties_post_features_security_door":false,"post_type_properties_post_features_energy_certificate_rating":"A","post_type_properties_post_features_energy_certificate_emissions_rating":"A","post_type_properties_post_features_energy_certificate_emissions_value":"","post_type_properties_post_features_energy_certificate_performance":"","post_type_properties_post_features_bathroom_inside":true,"post_type_properties_post_precio":19464.67,"post_type_properties_post_precio_alquiler":19464.67,"post_type_properties_post_record_type_id":"Oficina","post_type_properties_post_categoria__producto":"Oficina","post_type_properties_post_amueblado":false,"post_type_properties_post_precio_m2":23,"post_type_properties_post_zona__comunitaria":false,"post_type_properties_post_electrodomesticos":false,"post_type_properties_post_patio__interior":false,"post_type_properties_post_certificado_energetico_general":"A","post_type_properties_post_certificado_energetico_consumo":"A","post_type_properties_post_certificado_energetico_valor_emisiones":"","post_type_properties_post_certificado_energetico_valor_consumo":"","post_type_properties_post_modalidad":"rent","post_type_properties_post_provincia":"Barcelona","post_type_properties_post_poblacion":"Barcelona","post_type_properties_post_centro__urbano":false,"post_type_properties_post_zonificacion":"22 @","post_type_properties_post_cartera":"","post_type_properties_post_titulo_catalan":"BADAJOZ 60","post_type_properties_post_internet_catalan":"El disseny \u00fanic de Badajoz 60 promou un entorn laboral inspirador, facilitant a les empreses atreure i retenir talent. Estrat\u00e8gicament ubicat al districte 22@, l'epicentre de la innovaci\u00f3 empresarial a la ciutat, aquest edifici combina la vitalitat empresarial amb opcions culturals i de lleure.\n\nCaracter\u00edstiques destacades:\n\n\u00c0mplies \u00e0rees obertes i abundant llum natural.\nR\u00e0tio docupaci\u00f3 \u00f2ptim de 1:7.\nS\u00f2l t\u00e8cnic i sistema de protecci\u00f3 contra incendis.\nCertificaci\u00f3 LEED Platinum i sistema de climatitzaci\u00f3 Districlima.\nServeis complets: consergeria, seguretat 24 hores i manteniment.\nDiversitat d'opcions d'estacionament, incloent vehicles el\u00e8ctrics i patinets.\n\nTransports:\n\nBus: 136, B20, B25, V23, 6, N6, N8\nMetro: L2 (Llacuna), L2 (Bogatell), L3 (Gl\u00f2ries)\nRodalies: Clot-Arag\u00f3\n\nDescobreix l'avantguarda al cor del districte empresarial m\u00e9s din\u00e0mic de la ciutat.","post_type_properties_post_titulo_castellano":"BADAJOZ 60","post_type_properties_post_internet_castellano":"El dise\u00f1o \u00fanico de Badajoz 60 promueve un entorno laboral inspirador, facilitando a las empresas atraer y retener talento. Estrat\u00e9gicamente ubicado en el distrito 22@, el epicentro de la innovaci\u00f3n empresarial en la ciudad, este edificio combina la vitalidad empresarial con opciones culturales y de ocio.\n\nCaracter\u00edsticas destacadas:\n\nAmplias \u00e1reas abiertas y abundante luz natural.\nRatio de ocupaci\u00f3n \u00f3ptimo de 1:7.\nSuelo t\u00e9cnico y sistema de protecci\u00f3n contra incendios.\nCertificaci\u00f3n LEED Platinum y sistema de climatizaci\u00f3n Districlima.\nServicios completos: conserjer\u00eda, seguridad 24 horas y mantenimiento.\nDiversidad de opciones de estacionamiento, incluyendo veh\u00edculos el\u00e9ctricos y patinetes.\n \nTransportes:\n\nBus: 136, B20, B25, V23, 6, N6, N8\nMetro: L2 (Llacuna), L2 (Bogatell), L3 (Gl\u00f2ries)\nCercan\u00edas: Clot-Arag\u00f3\n\nDescubre la vanguardia en el coraz\u00f3n del distrito empresarial m\u00e1s din\u00e1mico de la ciudad.\n\n","post_type_properties_post_titulo_ingles":"","post_type_properties_post_internet_ingles":"","post_type_properties_post_features_classification_commercial":false,"post_type_properties_post_features_conservation":"","post_type_properties_post_features_security_personnel":false,"post_type_properties_post_features_parking_available":false,"post_type_properties_post_features_garage_capacity_type":"","post_type_properties_post_features_bathroom_number":"","post_type_properties_post_eje":"","post_type_properties_post_zona":"","post_type_properties_post_comarca":"","post_type_properties_post_features_built_year":"","post_type_properties_post_renta_mensual":19464.67,"post_type_properties_post_fianza":"","post_type_properties_post_features_area_plot":"","post_type_properties_post_features_area_buildable":"","post_type_properties_post_features_classification_industrial":false,"post_type_properties_post_distrito":"","post_type_properties_post_features_balcony":false,"post_type_properties_post_features_bedroom_number":"","post_type_properties_post_features_heating_type":"","post_type_properties_post_features_equipped_with_furniture":false,"post_type_properties_post_features_pets_allowed":false,"post_type_properties_post_features_pool":false,"post_type_properties_post_features_terrace":false,"post_type_properties_post_features_wardrobes":false,"post_type_properties_post_features_lift_available":false,"post_type_properties_post_features_handicap_adapted_access":false,"post_type_properties_post_features_orientation_east":false,"post_type_properties_post_features_orientation_west":false,"post_type_properties_post_features_orientation_north":false,"post_type_properties_post_features_orientation_south":false,"post_type_properties_post_features_parking_spaces_number":"","post_type_properties_post_features_security_alarm":false,"post_type_properties_post_features_security_system":false,"post_type_properties_post_open_plan":false,"post_type_properties_post_acceso_24_7":false,"post_type_properties_post_oficina_privada":false,"post_type_properties_post_sala_reuniones":false,"post_type_properties_post_espacio_eventos":false,"post_type_properties_post_office":false,"post_type_properties_post_restaurant":false,"post_type_properties_post_acepta_traspaso":false,"post_type_properties_post_vigilancia":true,"post_type_properties_post_features_suite":false,"post_type_properties_post_features_vitro":false,"post_type_properties_post_features_oven":false,"post_type_properties_post_features_microwave":false,"post_type_properties_post_features_washing_machine":false,"post_type_properties_post_features_dryer":false,"post_type_properties_post_features_dishwasher":false,"post_type_properties_post_features_fridge":false,"post_type_properties_post_features_fridge_mini":false,"post_type_properties_post_features_kettle":false,"post_type_properties_post_features_toaster":false,"post_type_properties_post_features_coffee_maker":false,"post_type_properties_post_features_iron":false,"post_type_properties_post_features_ironing_board":false,"post_type_properties_post_features_safe":false,"post_type_properties_post_features_internet":false,"post_type_properties_post_features_solarium":false,"post_type_properties_post_features_clean_service":false,"post_type_properties_post_features_t_v":false,"post_type_properties_post_features_satellite_t_v":false,"post_type_properties_post_features_gas_kitchen":false,"post_type_properties_post_features_view_mountain":false,"post_type_properties_post_features_view_sea":false,"post_type_properties_post_features_concierge":false,"post_type_properties_post_features_loading_dock":false,"post_type_properties_post_features_bridge_crane":false,"post_type_properties_post_features_located_at_corner":false,"post_type_properties_post_features_smoke_extraction":false,"post_type_properties_post_features_rooms":"","post_type_properties_post_features_garden_area":"","post_type_properties_post_features_utilities_water":false,"post_type_properties_post_features_utilities_electricity":false,"post_type_properties_post_features_utilities_natural_gas":false,"post_type_properties_post_features_building_adapted":false,"post_type_properties_post_features_garden":false,"post_type_properties_post_features_classification_hotel":false,"post_type_properties_post_features_classification_chalet":false,"post_type_properties_post_certificado_energetico_emisiones":"A","post_type_properties_post_barrio":"","post_type_properties_post_distrito_empresa":"Sant Mart\u00ed","post_type_properties_post_features_property_category_intern":"","post_type_properties_post_implantada":false,"post_type_properties_post_sello_leed":"2","post_type_properties_post_sello_well":"","post_type_properties_post_sello_breeam":false,"post_type_properties_post_images":[{"properties_post_image_order":1,"properties_post_image_url":"https:\/\/movin.cloud\/empresas\/2438\/imagenes\/11245224\/en-alquiler-19.webp","properties_post_image_url_thumbnail":"https:\/\/movin.cloud\/empresas\/2438\/imagenes\/thumbnails\/11245224\/en-alquiler-19.webp","properties_post_title":"en alquiler 19","properties_post_alt":"en alquiler 19"},{"properties_post_image_order":2,"properties_post_image_url":"https:\/\/movin.cloud\/empresas\/2438\/imagenes\/11245224\/en-alquiler-22.webp","properties_post_image_url_thumbnail":"https:\/\/movin.cloud\/empresas\/2438\/imagenes\/thumbnails\/11245224\/en-alquiler-22.webp","properties_post_title":"en alquiler 22","properties_post_alt":"en alquiler 22"},{"properties_post_image_order":3,"properties_post_image_url":"https:\/\/movin.cloud\/empresas\/2438\/imagenes\/11245224\/en-alquiler-21.webp","properties_post_image_url_thumbnail":"https:\/\/movin.cloud\/empresas\/2438\/imagenes\/thumbnails\/11245224\/en-alquiler-21.webp","properties_post_title":"en alquiler 21","properties_post_alt":"en alquiler 21"},{"properties_post_image_order":4,"properties_post_image_url":"https:\/\/movin.cloud\/empresas\/2438\/imagenes\/11245224\/en-alquiler-23.webp","properties_post_image_url_thumbnail":"https:\/\/movin.cloud\/empresas\/2438\/imagenes\/thumbnails\/11245224\/en-alquiler-23.webp","properties_post_title":"en alquiler 23","properties_post_alt":"en alquiler 23"},{"properties_post_image_order":5,"properties_post_image_url":"https:\/\/movin.cloud\/empresas\/2438\/imagenes\/11245224\/en-alquiler-20.webp","properties_post_image_url_thumbnail":"https:\/\/movin.cloud\/empresas\/2438\/imagenes\/thumbnails\/11245224\/en-alquiler-20.webp","properties_post_title":"en alquiler 20","properties_post_alt":"en alquiler 20"},{"properties_post_image_order":6,"properties_post_image_url":"https:\/\/movin.cloud\/empresas\/2438\/imagenes\/11245224\/en-alquiler-24.webp","properties_post_image_url_thumbnail":"https:\/\/movin.cloud\/empresas\/2438\/imagenes\/thumbnails\/11245224\/en-alquiler-24.webp","properties_post_title":"en alquiler 24","properties_post_alt":"en alquiler 24"},{"properties_post_image_order":7,"properties_post_image_url":"https:\/\/movin.cloud\/empresas\/2438\/imagenes\/11245224\/en-alquiler-16.webp","properties_post_image_url_thumbnail":"https:\/\/movin.cloud\/empresas\/2438\/imagenes\/thumbnails\/11245224\/en-alquiler-16.webp","properties_post_title":"en alquiler 16","properties_post_alt":"en alquiler 16"},{"properties_post_image_order":8,"properties_post_image_url":"https:\/\/movin.cloud\/empresas\/2438\/imagenes\/11245224\/en-alquiler-15.webp","properties_post_image_url_thumbnail":"https:\/\/movin.cloud\/empresas\/2438\/imagenes\/thumbnails\/11245224\/en-alquiler-15.webp","properties_post_title":"en alquiler 15","properties_post_alt":"en alquiler 15"},{"properties_post_image_order":9,"properties_post_image_url":"https:\/\/movin.cloud\/empresas\/2438\/imagenes\/11245224\/en-alquiler-17.webp","properties_post_image_url_thumbnail":"https:\/\/movin.cloud\/empresas\/2438\/imagenes\/thumbnails\/11245224\/en-alquiler-17.webp","properties_post_title":"en alquiler 17","properties_post_alt":"en alquiler 17"},{"properties_post_image_order":10,"properties_post_image_url":"https:\/\/movin.cloud\/empresas\/2438\/imagenes\/11245224\/en-alquiler-18.webp","properties_post_image_url_thumbnail":"https:\/\/movin.cloud\/empresas\/2438\/imagenes\/thumbnails\/11245224\/en-alquiler-18.webp","properties_post_title":"en alquiler 18","properties_post_alt":"en alquiler 18"},{"properties_post_image_order":11,"properties_post_image_url":"https:\/\/movin.cloud\/empresas\/2438\/imagenes\/11245224\/en-alquiler-4.webp","properties_post_image_url_thumbnail":"https:\/\/movin.cloud\/empresas\/2438\/imagenes\/thumbnails\/11245224\/en-alquiler-4.webp","properties_post_title":"en alquiler 4","properties_post_alt":"en alquiler 4"},{"properties_post_image_order":12,"properties_post_image_url":"https:\/\/movin.cloud\/empresas\/2438\/imagenes\/11245224\/en-alquiler-5.webp","properties_post_image_url_thumbnail":"https:\/\/movin.cloud\/empresas\/2438\/imagenes\/thumbnails\/11245224\/en-alquiler-5.webp","properties_post_title":"en alquiler 5","properties_post_alt":"en alquiler 5"},{"properties_post_image_order":13,"properties_post_image_url":"https:\/\/movin.cloud\/empresas\/2438\/imagenes\/11245224\/en-alquiler-6.webp","properties_post_image_url_thumbnail":"https:\/\/movin.cloud\/empresas\/2438\/imagenes\/thumbnails\/11245224\/en-alquiler-6.webp","properties_post_title":"en alquiler 6","properties_post_alt":"en alquiler 6"},{"properties_post_image_order":14,"properties_post_image_url":"https:\/\/movin.cloud\/empresas\/2438\/imagenes\/11245224\/en-alquiler-7.webp","properties_post_image_url_thumbnail":"https:\/\/movin.cloud\/empresas\/2438\/imagenes\/thumbnails\/11245224\/en-alquiler-7.webp","properties_post_title":"en alquiler 7","properties_post_alt":"en alquiler 7"},{"properties_post_image_order":15,"properties_post_image_url":"https:\/\/movin.cloud\/empresas\/2438\/imagenes\/11245224\/en-alquiler-11.webp","properties_post_image_url_thumbnail":"https:\/\/movin.cloud\/empresas\/2438\/imagenes\/thumbnails\/11245224\/en-alquiler-11.webp","properties_post_title":"en alquiler 11","properties_post_alt":"en alquiler 11"},{"properties_post_image_order":16,"properties_post_image_url":"https:\/\/movin.cloud\/empresas\/2438\/imagenes\/11245224\/en-alquiler-12.webp","properties_post_image_url_thumbnail":"https:\/\/movin.cloud\/empresas\/2438\/imagenes\/thumbnails\/11245224\/en-alquiler-12.webp","properties_post_title":"en alquiler 12","properties_post_alt":"en alquiler 12"},{"properties_post_image_order":17,"properties_post_image_url":"https:\/\/movin.cloud\/empresas\/2438\/imagenes\/11245224\/en-alquiler-14.webp","properties_post_image_url_thumbnail":"https:\/\/movin.cloud\/empresas\/2438\/imagenes\/thumbnails\/11245224\/en-alquiler-14.webp","properties_post_title":"en alquiler 14","properties_post_alt":"en alquiler 14"},{"properties_post_image_order":18,"properties_post_image_url":"https:\/\/movin.cloud\/empresas\/2438\/imagenes\/11245224\/en-alquiler-13.webp","properties_post_image_url_thumbnail":"https:\/\/movin.cloud\/empresas\/2438\/imagenes\/thumbnails\/11245224\/en-alquiler-13.webp","properties_post_title":"en alquiler 13","properties_post_alt":"en alquiler 13"},{"properties_post_image_order":19,"properties_post_image_url":"https:\/\/movin.cloud\/empresas\/2438\/imagenes\/11245224\/en-alquiler-9.webp","properties_post_image_url_thumbnail":"https:\/\/movin.cloud\/empresas\/2438\/imagenes\/thumbnails\/11245224\/en-alquiler-9.webp","properties_post_title":"en alquiler 9","properties_post_alt":"en alquiler 9"},{"properties_post_image_order":20,"properties_post_image_url":"https:\/\/movin.cloud\/empresas\/2438\/imagenes\/11245224\/en-alquiler-10.webp","properties_post_image_url_thumbnail":"https:\/\/movin.cloud\/empresas\/2438\/imagenes\/thumbnails\/11245224\/en-alquiler-10.webp","properties_post_title":"en alquiler 10","properties_post_alt":"en alquiler 10"},{"properties_post_image_order":21,"properties_post_image_url":"https:\/\/movin.cloud\/empresas\/2438\/imagenes\/11245224\/en-alquiler-8.webp","properties_post_image_url_thumbnail":"https:\/\/movin.cloud\/empresas\/2438\/imagenes\/thumbnails\/11245224\/en-alquiler-8.webp","properties_post_title":"en alquiler 8","properties_post_alt":"en alquiler 8"},{"properties_post_image_order":22,"properties_post_image_url":"https:\/\/movin.cloud\/empresas\/2438\/imagenes\/11245224\/barcelona-habitalia.webp","properties_post_image_url_thumbnail":"https:\/\/movin.cloud\/empresas\/2438\/imagenes\/thumbnails\/11245224\/barcelona-habitalia.webp","properties_post_title":"barcelona habitalia","properties_post_alt":"barcelona habitalia"},{"properties_post_image_order":24,"properties_post_image_url":"https:\/\/movin.cloud\/empresas\/2438\/imagenes\/11245224\/en-alquiler-25.webp","properties_post_image_url_thumbnail":"https:\/\/movin.cloud\/empresas\/2438\/imagenes\/thumbnails\/11245224\/en-alquiler-25.webp","properties_post_title":"en alquiler 25","properties_post_alt":"en alquiler 25"}],"post_type_properties_post_videos":null,"post_type_properties_post_tour":null,"post_type_properties_post_dossier_url":"","post_type_properties_post_operation_type":"rent","post_type_properties_post_operation_price":19464,"post_type_properties_post_features_hidden_price":false},"yoast_head":"<!-- This site is optimized with the Yoast SEO plugin v27.4 - https:\/\/yoast.com\/product\/yoast-seo-wordpress\/ -->\n<title>BADAJOZ 60 - Forcadell<\/title>\n<meta name=\"robots\" content=\"index, follow, max-snippet:-1, max-image-preview:large, max-video-preview:-1\" \/>\n<link rel=\"canonical\" href=\"https:\/\/forcadell.com\/ca\/propiedades\/badajoz-60\/\" \/>\n<meta property=\"og:locale\" content=\"ca_ES\" \/>\n<meta property=\"og:type\" content=\"article\" \/>\n<meta property=\"og:title\" content=\"BADAJOZ 60 - Forcadell\" \/>\n<meta property=\"og:description\" content=\"El dise\u00f1o \u00fanico de Badajoz 60 promueve un entorno laboral inspirador, facilitando a las empresas atraer y retener talento. Estrat\u00e9gicamente ubicado en el distrito 22@, el epicentro de la innovaci\u00f3n empresarial en la ciudad, este edificio combina la vitalidad empresarial con opciones culturales y de ocio. Caracter\u00edsticas destacadas: Amplias \u00e1reas abiertas y abundante luz natural. [&hellip;]\" \/>\n<meta property=\"og:url\" content=\"https:\/\/forcadell.com\/ca\/propiedades\/badajoz-60\/\" \/>\n<meta property=\"og:site_name\" content=\"Forcadell\" \/>\n<meta property=\"article:modified_time\" content=\"2026-04-27T21:15:39+00:00\" \/>\n<meta name=\"twitter:card\" content=\"summary_large_image\" \/>\n<meta name=\"twitter:label1\" content=\"Temps estimat de lectura\" \/>\n\t<meta name=\"twitter:data1\" content=\"1 minut\" \/>\n<!-- \/ Yoast SEO plugin. -->","yoast_head_json":{"title":"BADAJOZ 60 - Forcadell","robots":{"index":"index","follow":"follow","max-snippet":"max-snippet:-1","max-image-preview":"max-image-preview:large","max-video-preview":"max-video-preview:-1"},"canonical":"https:\/\/forcadell.com\/ca\/propiedades\/badajoz-60\/","og_locale":"ca_ES","og_type":"article","og_title":"BADAJOZ 60 - Forcadell","og_description":"El dise\u00f1o \u00fanico de Badajoz 60 promueve un entorno laboral inspirador, facilitando a las empresas atraer y retener talento. Estrat\u00e9gicamente ubicado en el distrito 22@, el epicentro de la innovaci\u00f3n empresarial en la ciudad, este edificio combina la vitalidad empresarial con opciones culturales y de ocio. Caracter\u00edsticas destacadas: Amplias \u00e1reas abiertas y abundante luz natural. [&hellip;]","og_url":"https:\/\/forcadell.com\/ca\/propiedades\/badajoz-60\/","og_site_name":"Forcadell","article_modified_time":"2026-04-27T21:15:39+00:00","twitter_card":"summary_large_image","twitter_misc":{"Temps estimat de lectura":"1 minut"},"schema":{"@context":"https:\/\/schema.org","@graph":[{"@type":"WebPage","@id":"https:\/\/forcadell.com\/ca\/propiedades\/badajoz-60\/","url":"https:\/\/forcadell.com\/ca\/propiedades\/badajoz-60\/","name":"BADAJOZ 60 - Forcadell","isPartOf":{"@id":"https:\/\/forcadell.com\/ca\/#website"},"datePublished":"2025-11-04T14:16:47+00:00","dateModified":"2026-04-27T21:15:39+00:00","breadcrumb":{"@id":"https:\/\/forcadell.com\/ca\/propiedades\/badajoz-60\/#breadcrumb"},"inLanguage":"ca","potentialAction":[{"@type":"ReadAction","target":["https:\/\/forcadell.com\/ca\/propiedades\/badajoz-60\/"]}]},{"@type":"BreadcrumbList","@id":"https:\/\/forcadell.com\/ca\/propiedades\/badajoz-60\/#breadcrumb","itemListElement":[{"@type":"ListItem","position":1,"name":"Portada","item":"https:\/\/forcadell.com\/ca\/"},{"@type":"ListItem","position":2,"name":"Properties","item":"https:\/\/forcadell.com\/ca\/propiedades\/"},{"@type":"ListItem","position":3,"name":"BADAJOZ 60"}]},{"@type":"WebSite","@id":"https:\/\/forcadell.com\/ca\/#website","url":"https:\/\/forcadell.com\/ca\/","name":"Forcadell","description":"Inmobiliaria Barcelona | Consultores inmobiliarios","potentialAction":[{"@type":"SearchAction","target":{"@type":"EntryPoint","urlTemplate":"https:\/\/forcadell.com\/ca\/?s={search_term_string}"},"query-input":{"@type":"PropertyValueSpecification","valueRequired":true,"valueName":"search_term_string"}}],"inLanguage":"ca"}]}},"_links":{"self":[{"href":"https:\/\/forcadell.com\/ca\/wp-json\/wp\/v2\/properties_post\/57922","targetHints":{"allow":["GET"]}}],"collection":[{"href":"https:\/\/forcadell.com\/ca\/wp-json\/wp\/v2\/properties_post"}],"about":[{"href":"https:\/\/forcadell.com\/ca\/wp-json\/wp\/v2\/types\/properties_post"}],"wp:attachment":[{"href":"https:\/\/forcadell.com\/ca\/wp-json\/wp\/v2\/media?parent=57922"}],"curies":[{"name":"wp","href":"https:\/\/api.w.org\/{rel}","templated":true}]}}