{"id":57917,"date":"2025-11-04T16:16:28","date_gmt":"2025-11-04T14:16:28","guid":{"rendered":"https:\/\/www.forcadell.com\/propiedades\/oficina-luminosa-y-diafana-en-alquiler-en-sant-joan-despi-2\/"},"modified":"2026-04-26T15:11:31","modified_gmt":"2026-04-26T13:11:31","slug":"oficina-luminosa-y-diafana-en-alquiler-en-sant-joan-despi-2","status":"publish","type":"properties_post","link":"https:\/\/forcadell.com\/ca\/propiedades\/oficina-luminosa-y-diafana-en-alquiler-en-sant-joan-despi-2\/","title":{"rendered":"AV. BAIX LLOBREGAT &#8211; SANT JOAN DESP\u00cd"},"content":{"rendered":"<p>EDIFICIO DE OFICINAS LIFE SCIENCE DE ALTO NIVEL EN BARCELONA<\/p>\n<p>Moderno edificio de oficinas especializado en Life Science, ideal para empresas farmac\u00e9uticas, biotecnol\u00f3gicas y tecnol\u00f3gicas, ubicado en una de las zonas mejor comunicadas del \u00e1rea metropolitana de Barcelona. Su excelente conexi\u00f3n mediante B-23 y A-2 permite un acceso r\u00e1pido tanto al centro de la ciudad como a los principales polos empresariales y cient\u00edficos del entorno.<\/p>\n<p>El activo se encuentra rodeado de servicios, zonas comerciales y transporte p\u00fablico, ofreciendo un entorno estrat\u00e9gico, funcional y atractivo para compa\u00f1\u00edas que buscan potenciar su actividad en un espacio de calidad.<\/p>\n<p>ESPACIOS DISE\u00d1ADOS PARA LA INNOVACI\u00d3N<\/p>\n<p>Las oficinas destacan por su flexibilidad y luminosidad, permitiendo una adaptaci\u00f3n \u00f3ptima a entornos de investigaci\u00f3n, desarrollo y trabajo colaborativo:<\/p>\n<p>Fachada de muro cortina con entrada de luz natural<br \/>\nSuperficies di\u00e1fanas f\u00e1cilmente modulables<br \/>\nSuelo t\u00e9cnico para instalaciones especiales<br \/>\nMoqueta y falso techo<br \/>\nCableado estructurado<br \/>\nLuminarias empotradas<br \/>\nSistema de climatizaci\u00f3n fr\u00edo\/calor de alta eficiencia<\/p>\n<p>SERVICIOS QUE POTENCIAN EL TALENTO:<\/p>\n<p>El edificio ofrece completas zonas comunes pensadas para el bienestar y la productividad de los equipos:<br \/>\nSeguridad 24 horas<br \/>\nCantina y \u00e1reas de descanso<br \/>\nGimnasio<br \/>\nTrasteros y almacenes<\/p>\n<p>EXCELENTE CONECTIVIDAD<\/p>\n<p>Autob\u00fas: 78, N21, N46, N15<br \/>\nMetro: Sant Ildefons<br \/>\nConectividad \u00f3ptima con Barcelona y municipios colindantes, facilitando la movilidad del talento y la log\u00edstica empresarial.<\/p>\n<p>EFICIENCIA Y SOSTENIBILIDAD:<\/p>\n<p>Certificado de Eficiencia Energ\u00e9tica: B<\/p>\n<p>Un edificio pensado para impulsar la innovaci\u00f3n, atraer talento y consolidar proyectos de alto valor a\u00f1adido en los sectores Life Science, farmac\u00e9utico y tecnol\u00f3gico. <\/p>\n","protected":false},"template":"","class_list":["post-57917","properties_post","type-properties_post","status-publish","hentry","properties_modality-rent","properties_province-barcelona","properties_zone-periferia","properties_state-sant-joan-despi","properties_subclass-oficina","properties_type-oficina"],"acf":{"post_type_properties_post_property_code":"11245194","post_type_properties_post_property_reference":"IE-224635","post_type_properties_post_owner_id":"144347","post_type_properties_post_owner_name":"STONESHIELD CAPITAL","post_type_properties_post_property_code_encrypted":"MjQ5JDI5NzYx","post_type_properties_post_published":"1","post_type_properties_post_property_visibility":"idealista","post_type_properties_post_contact_name":"Forcadell Oficinas Barcelona","post_type_properties_post_contact_email":"forcadell.oficinas.barcelona@movin.cloud","post_type_properties_post_contact_primary_phone_prefix":"34","post_type_properties_post_contact_primary_phone_number":"934965413","post_type_properties_post_address_visibility":"street","post_type_properties_post_address_country":"Spain","post_type_properties_post_address_coordinates_precision":"exact","post_type_properties_post_address_postal_code":"08970","post_type_properties_post_address_coordinates_latitude":"41.369572000002","post_type_properties_post_address_coordinates_longitude":"2.077699000002","post_type_properties_post_address_street_name":"AV Baix Llobregat 3-5","post_type_properties_post_address_floor":"2","post_type_properties_post_address_town":"Sant Joan Desp\u00ed","post_type_properties_post_building":null,"post_type_properties_post_property":[{"properties_post_description_language":"catalan","properties_post_title":"AV. BAIX LLOBREGAT - SANT JOAN DESP\u00cd","properties_post_short_description_text_alt":"","properties_post_description_text_alt":"","properties_post_short_description_text":" ","properties_post_link_demanda_inmueble":"https:\/\/movin.cloud\/ca\/Forcadell Oficinas Barcelona\/formulari-peticio-immoble\/sth\/2438&&11245194","properties_post_link_demanda_calendario_inmueble":"https:\/\/movin.cloud\/ca\/Forcadell Oficinas Barcelona\/calendari-peticio-immoble\/sth\/2438&&11245194","properties_post_description_text":"EDIFICI D'OFICINES LIFE SCIENCE D'ALT NIVELL A BARCELONA\n\nModern edifici d'oficines especialitzat en Life Science, ideal per a empreses farmac\u00e8utiques, biotecnol\u00f2giques i tecnol\u00f2giques, ubicat a una de les zones m\u00e9s ben comunicades de l'\u00e0rea metropolitana de Barcelona. La seva excel\u00b7lent connexi\u00f3 mitjan\u00e7ant B-23 i A-2 permet un acc\u00e9s r\u00e0pid tant al centre de la ciutat com als principals pols empresarials i cient\u00edfics de l'entorn.\n\nL'actiu est\u00e0 envoltat de serveis, zones comercials i transport p\u00fablic, oferint un entorn estrat\u00e8gic, funcional i atractiu per a companyies que busquen potenciar la seva activitat en un espai de qualitat.\n\nESPAIS DISSENYATS PER A LA INNOVACI\u00d3\n\nLes oficines destaquen per la seva flexibilitat i lluminositat, permetent una adaptaci\u00f3 \u00f2ptima a entorns de recerca, desenvolupament i treball col\u00b7laboratiu:\n\nFa\u00e7ana de mur cortina amb entrada de llum natural\nSuperf\u00edcies di\u00e0fanes f\u00e0cilment modulables\nS\u00f2l t\u00e8cnic per a instal\u00b7lacions especials\nMoqueta i fals sostre\nCablejat estructurat\nLlumin\u00e0ries encastades\nSistema de climatitzaci\u00f3 fred\/calor d'alta efici\u00e8ncia\n\nSERVEIS QUE POTENCIEN EL TALENT:\n\nL'edifici ofereix completes zones comunes pensades per al benestar i la productivitat dels equips:\nSeguretat 24 hores\nCantina i \u00e0rees de descans\nGimn\u00e0s\nTrasters i magatzems \n\n EXCEL\u00b7LENT CONNECTIVITAT\n\nTransport p\u00fablic proper:\n\nAutob\u00fas: 78, N21, N46, N15\nMetro: Sant Ildefons\nConnectivitat \u00f2ptima amb Barcelona i municipis adjacents, facilitant la mobilitat del talent i la log\u00edstica empresarial.\n\nEFICI\u00c8NCIA I SOSTENIBILITAT\n\nCertificat d'Efici\u00e8ncia Energ\u00e8tica: B\n\nUn edifici pensat per impulsar la innovaci\u00f3, atraure talent i consolidar projectes d'alt valor afegit als sectors Life Science, farmac\u00e8utic i tecnol\u00f2gic.","properties_post_seo_title":"","properties_post_seo_alias":"","properties_post_seo_metadescription":"","properties_post_seo_key_words":"","properties_post_seo_url":"","properties_post_terms_conditions":""},{"properties_post_description_language":"spanish","properties_post_title":"AV. BAIX LLOBREGAT - SANT JOAN DESP\u00cd","properties_post_short_description_text_alt":"","properties_post_description_text_alt":"","properties_post_short_description_text":" ","properties_post_link_demanda_inmueble":"https:\/\/movin.cloud\/es\/Forcadell Oficinas Barcelona\/formulario-peticion-inmueble\/sth\/2438&&11245194","properties_post_link_demanda_calendario_inmueble":"https:\/\/movin.cloud\/es\/Forcadell Oficinas Barcelona\/calendario-peticion-inmueble\/sth\/2438&&11245194","properties_post_description_text":"EDIFICIO DE OFICINAS LIFE SCIENCE DE ALTO NIVEL EN BARCELONA\n\nModerno edificio de oficinas especializado en Life Science, ideal para empresas farmac\u00e9uticas, biotecnol\u00f3gicas y tecnol\u00f3gicas, ubicado en una de las zonas mejor comunicadas del \u00e1rea metropolitana de Barcelona. Su excelente conexi\u00f3n mediante B-23 y A-2 permite un acceso r\u00e1pido tanto al centro de la ciudad como a los principales polos empresariales y cient\u00edficos del entorno.\n\nEl activo se encuentra rodeado de servicios, zonas comerciales y transporte p\u00fablico, ofreciendo un entorno estrat\u00e9gico, funcional y atractivo para compa\u00f1\u00edas que buscan potenciar su actividad en un espacio de calidad.\n\nESPACIOS DISE\u00d1ADOS PARA LA INNOVACI\u00d3N\n\nLas oficinas destacan por su flexibilidad y luminosidad, permitiendo una adaptaci\u00f3n \u00f3ptima a entornos de investigaci\u00f3n, desarrollo y trabajo colaborativo:\n\nFachada de muro cortina con entrada de luz natural\nSuperficies di\u00e1fanas f\u00e1cilmente modulables\nSuelo t\u00e9cnico para instalaciones especiales\nMoqueta y falso techo\nCableado estructurado\nLuminarias empotradas\nSistema de climatizaci\u00f3n fr\u00edo\/calor de alta eficiencia\n\nSERVICIOS QUE POTENCIAN EL TALENTO:\n\nEl edificio ofrece completas zonas comunes pensadas para el bienestar y la productividad de los equipos:\nSeguridad 24 horas\nCantina y \u00e1reas de descanso\nGimnasio\nTrasteros y almacenes\n\nEXCELENTE CONECTIVIDAD\n \nAutob\u00fas: 78, N21, N46, N15\nMetro: Sant Ildefons\nConectividad \u00f3ptima con Barcelona y municipios colindantes, facilitando la movilidad del talento y la log\u00edstica empresarial.\n\nEFICIENCIA Y SOSTENIBILIDAD:\n\nCertificado de Eficiencia Energ\u00e9tica: B\n\nUn edificio pensado para impulsar la innovaci\u00f3n, atraer talento y consolidar proyectos de alto valor a\u00f1adido en los sectores Life Science, farmac\u00e9utico y tecnol\u00f3gico. ","properties_post_seo_title":"","properties_post_seo_alias":"","properties_post_seo_metadescription":"","properties_post_seo_key_words":"","properties_post_seo_url":"","properties_post_terms_conditions":""}],"post_type_properties_post_features_type":"office","post_type_properties_post_id_building":"MjkkMjc3NTQ=","post_type_properties_post_features_area_constructed":1800,"post_type_properties_post_features_conditioned_air":true,"post_type_properties_post_features_doorman":false,"post_type_properties_post_features_heating":true,"post_type_properties_post_features_equipped_kitchen":false,"post_type_properties_post_features_windows_location":"exterior","post_type_properties_post_features_floors_property":false,"post_type_properties_post_features_storage":false,"post_type_properties_post_features_security_door":false,"post_type_properties_post_features_energy_certificate_rating":"B","post_type_properties_post_features_energy_certificate_emissions_rating":"B","post_type_properties_post_features_energy_certificate_emissions_value":"","post_type_properties_post_features_energy_certificate_performance":"","post_type_properties_post_features_bathroom_inside":false,"post_type_properties_post_precio":25200,"post_type_properties_post_precio_alquiler":25200,"post_type_properties_post_record_type_id":"Oficina","post_type_properties_post_categoria__producto":"Oficina","post_type_properties_post_amueblado":false,"post_type_properties_post_precio_m2":14,"post_type_properties_post_zona__comunitaria":false,"post_type_properties_post_electrodomesticos":false,"post_type_properties_post_patio__interior":false,"post_type_properties_post_certificado_energetico_general":"B","post_type_properties_post_certificado_energetico_consumo":"B","post_type_properties_post_certificado_energetico_valor_emisiones":"","post_type_properties_post_certificado_energetico_valor_consumo":"","post_type_properties_post_modalidad":"rent","post_type_properties_post_provincia":"Barcelona","post_type_properties_post_poblacion":"Sant Joan Desp\u00ed","post_type_properties_post_centro__urbano":false,"post_type_properties_post_zonificacion":"Periferia","post_type_properties_post_cartera":"","post_type_properties_post_titulo_catalan":"AV. BAIX LLOBREGAT - SANT JOAN DESP\u00cd","post_type_properties_post_internet_catalan":"EDIFICI D'OFICINES LIFE SCIENCE D'ALT NIVELL A BARCELONA\n\nModern edifici d'oficines especialitzat en Life Science, ideal per a empreses farmac\u00e8utiques, biotecnol\u00f2giques i tecnol\u00f2giques, ubicat a una de les zones m\u00e9s ben comunicades de l'\u00e0rea metropolitana de Barcelona. La seva excel\u00b7lent connexi\u00f3 mitjan\u00e7ant B-23 i A-2 permet un acc\u00e9s r\u00e0pid tant al centre de la ciutat com als principals pols empresarials i cient\u00edfics de l'entorn.\n\nL'actiu est\u00e0 envoltat de serveis, zones comercials i transport p\u00fablic, oferint un entorn estrat\u00e8gic, funcional i atractiu per a companyies que busquen potenciar la seva activitat en un espai de qualitat.\n\nESPAIS DISSENYATS PER A LA INNOVACI\u00d3\n\nLes oficines destaquen per la seva flexibilitat i lluminositat, permetent una adaptaci\u00f3 \u00f2ptima a entorns de recerca, desenvolupament i treball col\u00b7laboratiu:\n\nFa\u00e7ana de mur cortina amb entrada de llum natural\nSuperf\u00edcies di\u00e0fanes f\u00e0cilment modulables\nS\u00f2l t\u00e8cnic per a instal\u00b7lacions especials\nMoqueta i fals sostre\nCablejat estructurat\nLlumin\u00e0ries encastades\nSistema de climatitzaci\u00f3 fred\/calor d'alta efici\u00e8ncia\n\nSERVEIS QUE POTENCIEN EL TALENT:\n\nL'edifici ofereix completes zones comunes pensades per al benestar i la productivitat dels equips:\nSeguretat 24 hores\nCantina i \u00e0rees de descans\nGimn\u00e0s\nTrasters i magatzems \n\n EXCEL\u00b7LENT CONNECTIVITAT\n\nTransport p\u00fablic proper:\n\nAutob\u00fas: 78, N21, N46, N15\nMetro: Sant Ildefons\nConnectivitat \u00f2ptima amb Barcelona i municipis adjacents, facilitant la mobilitat del talent i la log\u00edstica empresarial.\n\nEFICI\u00c8NCIA I SOSTENIBILITAT\n\nCertificat d'Efici\u00e8ncia Energ\u00e8tica: B\n\nUn edifici pensat per impulsar la innovaci\u00f3, atraure talent i consolidar projectes d'alt valor afegit als sectors Life Science, farmac\u00e8utic i tecnol\u00f2gic.","post_type_properties_post_titulo_castellano":"AV. BAIX LLOBREGAT - SANT JOAN DESP\u00cd","post_type_properties_post_internet_castellano":"EDIFICIO DE OFICINAS LIFE SCIENCE DE ALTO NIVEL EN BARCELONA\n\nModerno edificio de oficinas especializado en Life Science, ideal para empresas farmac\u00e9uticas, biotecnol\u00f3gicas y tecnol\u00f3gicas, ubicado en una de las zonas mejor comunicadas del \u00e1rea metropolitana de Barcelona. Su excelente conexi\u00f3n mediante B-23 y A-2 permite un acceso r\u00e1pido tanto al centro de la ciudad como a los principales polos empresariales y cient\u00edficos del entorno.\n\nEl activo se encuentra rodeado de servicios, zonas comerciales y transporte p\u00fablico, ofreciendo un entorno estrat\u00e9gico, funcional y atractivo para compa\u00f1\u00edas que buscan potenciar su actividad en un espacio de calidad.\n\nESPACIOS DISE\u00d1ADOS PARA LA INNOVACI\u00d3N\n\nLas oficinas destacan por su flexibilidad y luminosidad, permitiendo una adaptaci\u00f3n \u00f3ptima a entornos de investigaci\u00f3n, desarrollo y trabajo colaborativo:\n\nFachada de muro cortina con entrada de luz natural\nSuperficies di\u00e1fanas f\u00e1cilmente modulables\nSuelo t\u00e9cnico para instalaciones especiales\nMoqueta y falso techo\nCableado estructurado\nLuminarias empotradas\nSistema de climatizaci\u00f3n fr\u00edo\/calor de alta eficiencia\n\nSERVICIOS QUE POTENCIAN EL TALENTO:\n\nEl edificio ofrece completas zonas comunes pensadas para el bienestar y la productividad de los equipos:\nSeguridad 24 horas\nCantina y \u00e1reas de descanso\nGimnasio\nTrasteros y almacenes\n\nEXCELENTE CONECTIVIDAD\n \nAutob\u00fas: 78, N21, N46, N15\nMetro: Sant Ildefons\nConectividad \u00f3ptima con Barcelona y municipios colindantes, facilitando la movilidad del talento y la log\u00edstica empresarial.\n\nEFICIENCIA Y SOSTENIBILIDAD:\n\nCertificado de Eficiencia Energ\u00e9tica: B\n\nUn edificio pensado para impulsar la innovaci\u00f3n, atraer talento y consolidar proyectos de alto valor a\u00f1adido en los sectores Life Science, farmac\u00e9utico y tecnol\u00f3gico. ","post_type_properties_post_titulo_ingles":"","post_type_properties_post_internet_ingles":"","post_type_properties_post_features_classification_commercial":false,"post_type_properties_post_features_conservation":"","post_type_properties_post_features_security_personnel":false,"post_type_properties_post_features_parking_available":false,"post_type_properties_post_features_garage_capacity_type":"","post_type_properties_post_features_bathroom_number":"","post_type_properties_post_eje":"","post_type_properties_post_zona":"","post_type_properties_post_comarca":"","post_type_properties_post_features_built_year":"","post_type_properties_post_renta_mensual":25200,"post_type_properties_post_fianza":"","post_type_properties_post_features_area_plot":"","post_type_properties_post_features_area_buildable":"","post_type_properties_post_features_classification_industrial":false,"post_type_properties_post_distrito":"","post_type_properties_post_features_balcony":false,"post_type_properties_post_features_bedroom_number":"","post_type_properties_post_features_heating_type":"","post_type_properties_post_features_equipped_with_furniture":false,"post_type_properties_post_features_pets_allowed":false,"post_type_properties_post_features_pool":false,"post_type_properties_post_features_terrace":false,"post_type_properties_post_features_wardrobes":false,"post_type_properties_post_features_lift_available":false,"post_type_properties_post_features_handicap_adapted_access":false,"post_type_properties_post_features_orientation_east":false,"post_type_properties_post_features_orientation_west":false,"post_type_properties_post_features_orientation_north":false,"post_type_properties_post_features_orientation_south":false,"post_type_properties_post_features_parking_spaces_number":"","post_type_properties_post_features_security_alarm":false,"post_type_properties_post_features_security_system":false,"post_type_properties_post_open_plan":false,"post_type_properties_post_acceso_24_7":false,"post_type_properties_post_oficina_privada":false,"post_type_properties_post_sala_reuniones":false,"post_type_properties_post_espacio_eventos":false,"post_type_properties_post_office":false,"post_type_properties_post_restaurant":false,"post_type_properties_post_acepta_traspaso":false,"post_type_properties_post_vigilancia":true,"post_type_properties_post_features_suite":false,"post_type_properties_post_features_vitro":false,"post_type_properties_post_features_oven":false,"post_type_properties_post_features_microwave":false,"post_type_properties_post_features_washing_machine":false,"post_type_properties_post_features_dryer":false,"post_type_properties_post_features_dishwasher":false,"post_type_properties_post_features_fridge":false,"post_type_properties_post_features_fridge_mini":false,"post_type_properties_post_features_kettle":false,"post_type_properties_post_features_toaster":false,"post_type_properties_post_features_coffee_maker":false,"post_type_properties_post_features_iron":false,"post_type_properties_post_features_ironing_board":false,"post_type_properties_post_features_safe":false,"post_type_properties_post_features_internet":false,"post_type_properties_post_features_solarium":false,"post_type_properties_post_features_clean_service":false,"post_type_properties_post_features_t_v":false,"post_type_properties_post_features_satellite_t_v":false,"post_type_properties_post_features_gas_kitchen":false,"post_type_properties_post_features_view_mountain":true,"post_type_properties_post_features_view_sea":true,"post_type_properties_post_features_concierge":false,"post_type_properties_post_features_loading_dock":false,"post_type_properties_post_features_bridge_crane":false,"post_type_properties_post_features_located_at_corner":false,"post_type_properties_post_features_smoke_extraction":false,"post_type_properties_post_features_rooms":"","post_type_properties_post_features_garden_area":"","post_type_properties_post_features_utilities_water":false,"post_type_properties_post_features_utilities_electricity":false,"post_type_properties_post_features_utilities_natural_gas":false,"post_type_properties_post_features_building_adapted":false,"post_type_properties_post_features_garden":false,"post_type_properties_post_features_classification_hotel":false,"post_type_properties_post_features_classification_chalet":false,"post_type_properties_post_certificado_energetico_emisiones":"B","post_type_properties_post_barrio":"","post_type_properties_post_distrito_empresa":"","post_type_properties_post_features_property_category_intern":"","post_type_properties_post_implantada":false,"post_type_properties_post_sello_leed":"2","post_type_properties_post_sello_well":"","post_type_properties_post_sello_breeam":false,"post_type_properties_post_images":[{"properties_post_image_order":1,"properties_post_image_url":"https:\/\/movin.cloud\/empresas\/2438\/imagenes\/11245194\/inmobiliaria.webp","properties_post_image_url_thumbnail":"https:\/\/movin.cloud\/empresas\/2438\/imagenes\/thumbnails\/11245194\/inmobiliaria.webp","properties_post_title":"inmobiliaria","properties_post_alt":"inmobiliaria"},{"properties_post_image_order":2,"properties_post_image_url":"https:\/\/movin.cloud\/empresas\/2438\/imagenes\/11245194\/inmobiliarias.webp","properties_post_image_url_thumbnail":"https:\/\/movin.cloud\/empresas\/2438\/imagenes\/thumbnails\/11245194\/inmobiliarias.webp","properties_post_title":"inmobiliarias","properties_post_alt":"inmobiliarias"},{"properties_post_image_order":3,"properties_post_image_url":"https:\/\/movin.cloud\/empresas\/2438\/imagenes\/11245194\/fincas-sant-joan-despi.webp","properties_post_image_url_thumbnail":"https:\/\/movin.cloud\/empresas\/2438\/imagenes\/thumbnails\/11245194\/fincas-sant-joan-despi.webp","properties_post_title":"fincas sant joan despi","properties_post_alt":"fincas sant joan despi"},{"properties_post_image_order":4,"properties_post_image_url":"https:\/\/movin.cloud\/empresas\/2438\/imagenes\/11245194\/alquiler-para-idealista.webp","properties_post_image_url_thumbnail":"https:\/\/movin.cloud\/empresas\/2438\/imagenes\/thumbnails\/11245194\/alquiler-para-idealista.webp","properties_post_title":"alquiler para idealista","properties_post_alt":"alquiler para idealista"},{"properties_post_image_order":5,"properties_post_image_url":"https:\/\/movin.cloud\/empresas\/2438\/imagenes\/11245194\/alquiler-para-idealista-sant-joan-despi.webp","properties_post_image_url_thumbnail":"https:\/\/movin.cloud\/empresas\/2438\/imagenes\/thumbnails\/11245194\/alquiler-para-idealista-sant-joan-despi.webp","properties_post_title":"alquiler para idealista sant joan despi","properties_post_alt":"alquiler para idealista sant joan despi"},{"properties_post_image_order":6,"properties_post_image_url":"https:\/\/movin.cloud\/empresas\/2438\/imagenes\/11245194\/alquiler.webp","properties_post_image_url_thumbnail":"https:\/\/movin.cloud\/empresas\/2438\/imagenes\/thumbnails\/11245194\/alquiler.webp","properties_post_title":"alquiler","properties_post_alt":"alquiler"},{"properties_post_image_order":7,"properties_post_image_url":"https:\/\/movin.cloud\/empresas\/2438\/imagenes\/11245194\/en-alquiler-19.webp","properties_post_image_url_thumbnail":"https:\/\/movin.cloud\/empresas\/2438\/imagenes\/thumbnails\/11245194\/en-alquiler-19.webp","properties_post_title":"en alquiler 19","properties_post_alt":"en alquiler 19"},{"properties_post_image_order":8,"properties_post_image_url":"https:\/\/movin.cloud\/empresas\/2438\/imagenes\/11245194\/alquiler-idealistas.webp","properties_post_image_url_thumbnail":"https:\/\/movin.cloud\/empresas\/2438\/imagenes\/thumbnails\/11245194\/alquiler-idealistas.webp","properties_post_title":"alquiler idealistas","properties_post_alt":"alquiler idealistas"},{"properties_post_image_order":9,"properties_post_image_url":"https:\/\/movin.cloud\/empresas\/2438\/imagenes\/11245194\/habitalia.webp","properties_post_image_url_thumbnail":"https:\/\/movin.cloud\/empresas\/2438\/imagenes\/thumbnails\/11245194\/habitalia.webp","properties_post_title":"habitalia","properties_post_alt":"habitalia"},{"properties_post_image_order":10,"properties_post_image_url":"https:\/\/movin.cloud\/empresas\/2438\/imagenes\/11245194\/alquilar.webp","properties_post_image_url_thumbnail":"https:\/\/movin.cloud\/empresas\/2438\/imagenes\/thumbnails\/11245194\/alquilar.webp","properties_post_title":"alquilar","properties_post_alt":"alquilar"},{"properties_post_image_order":11,"properties_post_image_url":"https:\/\/movin.cloud\/empresas\/2438\/imagenes\/11245194\/alquilar-sant-joan-despi.webp","properties_post_image_url_thumbnail":"https:\/\/movin.cloud\/empresas\/2438\/imagenes\/thumbnails\/11245194\/alquilar-sant-joan-despi.webp","properties_post_title":"alquilar sant joan despi","properties_post_alt":"alquilar sant joan despi"},{"properties_post_image_order":12,"properties_post_image_url":"https:\/\/movin.cloud\/empresas\/2438\/imagenes\/11245194\/en-alquiler-sant-joan-despi.webp","properties_post_image_url_thumbnail":"https:\/\/movin.cloud\/empresas\/2438\/imagenes\/thumbnails\/11245194\/en-alquiler-sant-joan-despi.webp","properties_post_title":"en alquiler sant joan despi","properties_post_alt":"en alquiler sant joan despi"},{"properties_post_image_order":13,"properties_post_image_url":"https:\/\/movin.cloud\/empresas\/2438\/imagenes\/11245194\/alquiler-para-idealistas-sant-joan-despi.webp","properties_post_image_url_thumbnail":"https:\/\/movin.cloud\/empresas\/2438\/imagenes\/thumbnails\/11245194\/alquiler-para-idealistas-sant-joan-despi.webp","properties_post_title":"alquiler para idealistas sant joan despi","properties_post_alt":"alquiler para idealistas sant joan despi"},{"properties_post_image_order":14,"properties_post_image_url":"https:\/\/movin.cloud\/empresas\/2438\/imagenes\/11245194\/en-alquiler.webp","properties_post_image_url_thumbnail":"https:\/\/movin.cloud\/empresas\/2438\/imagenes\/thumbnails\/11245194\/en-alquiler.webp","properties_post_title":"en alquiler","properties_post_alt":"en alquiler"},{"properties_post_image_order":15,"properties_post_image_url":"https:\/\/movin.cloud\/empresas\/2438\/imagenes\/11245194\/alquiler-sant-joan-despi.webp","properties_post_image_url_thumbnail":"https:\/\/movin.cloud\/empresas\/2438\/imagenes\/thumbnails\/11245194\/alquiler-sant-joan-despi.webp","properties_post_title":"alquiler sant joan despi","properties_post_alt":"alquiler sant joan despi"},{"properties_post_image_order":16,"properties_post_image_url":"https:\/\/movin.cloud\/empresas\/2438\/imagenes\/11245194\/alquiler-idealistas-sant-joan-despi.webp","properties_post_image_url_thumbnail":"https:\/\/movin.cloud\/empresas\/2438\/imagenes\/thumbnails\/11245194\/alquiler-idealistas-sant-joan-despi.webp","properties_post_title":"alquiler idealistas sant joan despi","properties_post_alt":"alquiler idealistas sant joan despi"},{"properties_post_image_order":17,"properties_post_image_url":"https:\/\/movin.cloud\/empresas\/2438\/imagenes\/11245194\/habitalia-sant-joan-despi.webp","properties_post_image_url_thumbnail":"https:\/\/movin.cloud\/empresas\/2438\/imagenes\/thumbnails\/11245194\/habitalia-sant-joan-despi.webp","properties_post_title":"habitalia sant joan despi","properties_post_alt":"habitalia sant joan despi"},{"properties_post_image_order":18,"properties_post_image_url":"https:\/\/movin.cloud\/empresas\/2438\/imagenes\/11245194\/viviendas.webp","properties_post_image_url_thumbnail":"https:\/\/movin.cloud\/empresas\/2438\/imagenes\/thumbnails\/11245194\/viviendas.webp","properties_post_title":"viviendas","properties_post_alt":"viviendas"},{"properties_post_image_order":19,"properties_post_image_url":"https:\/\/movin.cloud\/empresas\/2438\/imagenes\/11245194\/alquiler-para-idealistas.webp","properties_post_image_url_thumbnail":"https:\/\/movin.cloud\/empresas\/2438\/imagenes\/thumbnails\/11245194\/alquiler-para-idealistas.webp","properties_post_title":"alquiler para idealistas","properties_post_alt":"alquiler para idealistas"},{"properties_post_image_order":20,"properties_post_image_url":"https:\/\/movin.cloud\/empresas\/2438\/imagenes\/11245194\/rent.webp","properties_post_image_url_thumbnail":"https:\/\/movin.cloud\/empresas\/2438\/imagenes\/thumbnails\/11245194\/rent.webp","properties_post_title":"rent","properties_post_alt":"rent"},{"properties_post_image_order":21,"properties_post_image_url":"https:\/\/movin.cloud\/empresas\/2438\/imagenes\/11245194\/fincas.webp","properties_post_image_url_thumbnail":"https:\/\/movin.cloud\/empresas\/2438\/imagenes\/thumbnails\/11245194\/fincas.webp","properties_post_title":"fincas","properties_post_alt":"fincas"},{"properties_post_image_order":22,"properties_post_image_url":"https:\/\/movin.cloud\/empresas\/2438\/imagenes\/11245194\/en-alquiler-9.webp","properties_post_image_url_thumbnail":"https:\/\/movin.cloud\/empresas\/2438\/imagenes\/thumbnails\/11245194\/en-alquiler-9.webp","properties_post_title":"en alquiler 9","properties_post_alt":"en alquiler 9"},{"properties_post_image_order":23,"properties_post_image_url":"https:\/\/movin.cloud\/empresas\/2438\/imagenes\/11245194\/en-alquiler-10.webp","properties_post_image_url_thumbnail":"https:\/\/movin.cloud\/empresas\/2438\/imagenes\/thumbnails\/11245194\/en-alquiler-10.webp","properties_post_title":"en alquiler 10","properties_post_alt":"en alquiler 10"},{"properties_post_image_order":24,"properties_post_image_url":"https:\/\/movin.cloud\/empresas\/2438\/imagenes\/11245194\/en-alquiler-11.webp","properties_post_image_url_thumbnail":"https:\/\/movin.cloud\/empresas\/2438\/imagenes\/thumbnails\/11245194\/en-alquiler-11.webp","properties_post_title":"en alquiler 11","properties_post_alt":"en alquiler 11"},{"properties_post_image_order":25,"properties_post_image_url":"https:\/\/movin.cloud\/empresas\/2438\/imagenes\/11245194\/en-alquiler-12.webp","properties_post_image_url_thumbnail":"https:\/\/movin.cloud\/empresas\/2438\/imagenes\/thumbnails\/11245194\/en-alquiler-12.webp","properties_post_title":"en alquiler 12","properties_post_alt":"en alquiler 12"},{"properties_post_image_order":26,"properties_post_image_url":"https:\/\/movin.cloud\/empresas\/2438\/imagenes\/11245194\/en-alquiler-13.webp","properties_post_image_url_thumbnail":"https:\/\/movin.cloud\/empresas\/2438\/imagenes\/thumbnails\/11245194\/en-alquiler-13.webp","properties_post_title":"en alquiler 13","properties_post_alt":"en alquiler 13"},{"properties_post_image_order":27,"properties_post_image_url":"https:\/\/movin.cloud\/empresas\/2438\/imagenes\/11245194\/rent-sant-joan-despi.webp","properties_post_image_url_thumbnail":"https:\/\/movin.cloud\/empresas\/2438\/imagenes\/thumbnails\/11245194\/rent-sant-joan-despi.webp","properties_post_title":"rent sant joan despi","properties_post_alt":"rent sant joan despi"},{"properties_post_image_order":28,"properties_post_image_url":"https:\/\/movin.cloud\/empresas\/2438\/imagenes\/11245194\/en-alquiler-14.webp","properties_post_image_url_thumbnail":"https:\/\/movin.cloud\/empresas\/2438\/imagenes\/thumbnails\/11245194\/en-alquiler-14.webp","properties_post_title":"en alquiler 14","properties_post_alt":"en alquiler 14"},{"properties_post_image_order":29,"properties_post_image_url":"https:\/\/movin.cloud\/empresas\/2438\/imagenes\/11245194\/viviendas-sant-joan-despi.webp","properties_post_image_url_thumbnail":"https:\/\/movin.cloud\/empresas\/2438\/imagenes\/thumbnails\/11245194\/viviendas-sant-joan-despi.webp","properties_post_title":"viviendas sant joan despi","properties_post_alt":"viviendas sant joan despi"},{"properties_post_image_order":30,"properties_post_image_url":"https:\/\/movin.cloud\/empresas\/2438\/imagenes\/11245194\/en-alquiler-15.webp","properties_post_image_url_thumbnail":"https:\/\/movin.cloud\/empresas\/2438\/imagenes\/thumbnails\/11245194\/en-alquiler-15.webp","properties_post_title":"en alquiler 15","properties_post_alt":"en alquiler 15"},{"properties_post_image_order":31,"properties_post_image_url":"https:\/\/movin.cloud\/empresas\/2438\/imagenes\/11245194\/en-alquiler-16.webp","properties_post_image_url_thumbnail":"https:\/\/movin.cloud\/empresas\/2438\/imagenes\/thumbnails\/11245194\/en-alquiler-16.webp","properties_post_title":"en alquiler 16","properties_post_alt":"en alquiler 16"},{"properties_post_image_order":32,"properties_post_image_url":"https:\/\/movin.cloud\/empresas\/2438\/imagenes\/11245194\/en-alquiler-17.webp","properties_post_image_url_thumbnail":"https:\/\/movin.cloud\/empresas\/2438\/imagenes\/thumbnails\/11245194\/en-alquiler-17.webp","properties_post_title":"en alquiler 17","properties_post_alt":"en alquiler 17"},{"properties_post_image_order":33,"properties_post_image_url":"https:\/\/movin.cloud\/empresas\/2438\/imagenes\/11245194\/en-alquiler-18.webp","properties_post_image_url_thumbnail":"https:\/\/movin.cloud\/empresas\/2438\/imagenes\/thumbnails\/11245194\/en-alquiler-18.webp","properties_post_title":"en alquiler 18","properties_post_alt":"en alquiler 18"},{"properties_post_image_order":34,"properties_post_image_url":"https:\/\/movin.cloud\/empresas\/2438\/imagenes\/11245194\/en-alquiler-20.webp","properties_post_image_url_thumbnail":"https:\/\/movin.cloud\/empresas\/2438\/imagenes\/thumbnails\/11245194\/en-alquiler-20.webp","properties_post_title":"en alquiler 20","properties_post_alt":"en alquiler 20"}],"post_type_properties_post_videos":null,"post_type_properties_post_tour":null,"post_type_properties_post_dossier_url":"","post_type_properties_post_operation_type":"rent","post_type_properties_post_operation_price":25200,"post_type_properties_post_features_hidden_price":false},"yoast_head":"<!-- This site is optimized with the Yoast SEO plugin v25.6 - https:\/\/yoast.com\/wordpress\/plugins\/seo\/ -->\n<title>AV. BAIX LLOBREGAT - SANT JOAN DESP\u00cd - Forcadell<\/title>\n<meta name=\"robots\" content=\"index, follow, max-snippet:-1, max-image-preview:large, max-video-preview:-1\" \/>\n<link rel=\"canonical\" href=\"https:\/\/forcadell.com\/ca\/propiedades\/oficina-luminosa-y-diafana-en-alquiler-en-sant-joan-despi-2\/\" \/>\n<meta property=\"og:locale\" content=\"ca_ES\" \/>\n<meta property=\"og:type\" content=\"article\" \/>\n<meta property=\"og:title\" content=\"AV. BAIX LLOBREGAT - SANT JOAN DESP\u00cd - Forcadell\" \/>\n<meta property=\"og:description\" content=\"EDIFICIO DE OFICINAS LIFE SCIENCE DE ALTO NIVEL EN BARCELONA Moderno edificio de oficinas especializado en Life Science, ideal para empresas farmac\u00e9uticas, biotecnol\u00f3gicas y tecnol\u00f3gicas, ubicado en una de las zonas mejor comunicadas del \u00e1rea metropolitana de Barcelona. Su excelente conexi\u00f3n mediante B-23 y A-2 permite un acceso r\u00e1pido tanto al centro de la ciudad [&hellip;]\" \/>\n<meta property=\"og:url\" content=\"https:\/\/forcadell.com\/ca\/propiedades\/oficina-luminosa-y-diafana-en-alquiler-en-sant-joan-despi-2\/\" \/>\n<meta property=\"og:site_name\" content=\"Forcadell\" \/>\n<meta property=\"article:modified_time\" content=\"2026-04-26T13:11:31+00:00\" \/>\n<meta name=\"twitter:card\" content=\"summary_large_image\" \/>\n<meta name=\"twitter:label1\" content=\"Temps estimat de lectura\" \/>\n\t<meta name=\"twitter:data1\" content=\"1 minut\" \/>\n<!-- \/ Yoast SEO plugin. -->","yoast_head_json":{"title":"AV. BAIX LLOBREGAT - SANT JOAN DESP\u00cd - Forcadell","robots":{"index":"index","follow":"follow","max-snippet":"max-snippet:-1","max-image-preview":"max-image-preview:large","max-video-preview":"max-video-preview:-1"},"canonical":"https:\/\/forcadell.com\/ca\/propiedades\/oficina-luminosa-y-diafana-en-alquiler-en-sant-joan-despi-2\/","og_locale":"ca_ES","og_type":"article","og_title":"AV. BAIX LLOBREGAT - SANT JOAN DESP\u00cd - Forcadell","og_description":"EDIFICIO DE OFICINAS LIFE SCIENCE DE ALTO NIVEL EN BARCELONA Moderno edificio de oficinas especializado en Life Science, ideal para empresas farmac\u00e9uticas, biotecnol\u00f3gicas y tecnol\u00f3gicas, ubicado en una de las zonas mejor comunicadas del \u00e1rea metropolitana de Barcelona. Su excelente conexi\u00f3n mediante B-23 y A-2 permite un acceso r\u00e1pido tanto al centro de la ciudad [&hellip;]","og_url":"https:\/\/forcadell.com\/ca\/propiedades\/oficina-luminosa-y-diafana-en-alquiler-en-sant-joan-despi-2\/","og_site_name":"Forcadell","article_modified_time":"2026-04-26T13:11:31+00:00","twitter_card":"summary_large_image","twitter_misc":{"Temps estimat de lectura":"1 minut"},"schema":{"@context":"https:\/\/schema.org","@graph":[{"@type":"WebPage","@id":"https:\/\/forcadell.com\/ca\/propiedades\/oficina-luminosa-y-diafana-en-alquiler-en-sant-joan-despi-2\/","url":"https:\/\/forcadell.com\/ca\/propiedades\/oficina-luminosa-y-diafana-en-alquiler-en-sant-joan-despi-2\/","name":"AV. BAIX LLOBREGAT - SANT JOAN DESP\u00cd - Forcadell","isPartOf":{"@id":"https:\/\/forcadell.com\/ca\/#website"},"datePublished":"2025-11-04T14:16:28+00:00","dateModified":"2026-04-26T13:11:31+00:00","breadcrumb":{"@id":"https:\/\/forcadell.com\/ca\/propiedades\/oficina-luminosa-y-diafana-en-alquiler-en-sant-joan-despi-2\/#breadcrumb"},"inLanguage":"ca","potentialAction":[{"@type":"ReadAction","target":["https:\/\/forcadell.com\/ca\/propiedades\/oficina-luminosa-y-diafana-en-alquiler-en-sant-joan-despi-2\/"]}]},{"@type":"BreadcrumbList","@id":"https:\/\/forcadell.com\/ca\/propiedades\/oficina-luminosa-y-diafana-en-alquiler-en-sant-joan-despi-2\/#breadcrumb","itemListElement":[{"@type":"ListItem","position":1,"name":"Portada","item":"https:\/\/forcadell.com\/ca\/"},{"@type":"ListItem","position":2,"name":"Properties","item":"https:\/\/forcadell.com\/ca\/propiedades\/"},{"@type":"ListItem","position":3,"name":"AV. BAIX LLOBREGAT &#8211; SANT JOAN DESP\u00cd"}]},{"@type":"WebSite","@id":"https:\/\/forcadell.com\/ca\/#website","url":"https:\/\/forcadell.com\/ca\/","name":"Forcadell","description":"Inmobiliaria Barcelona | Consultores inmobiliarios","potentialAction":[{"@type":"SearchAction","target":{"@type":"EntryPoint","urlTemplate":"https:\/\/forcadell.com\/ca\/?s={search_term_string}"},"query-input":{"@type":"PropertyValueSpecification","valueRequired":true,"valueName":"search_term_string"}}],"inLanguage":"ca"}]}},"_links":{"self":[{"href":"https:\/\/forcadell.com\/ca\/wp-json\/wp\/v2\/properties_post\/57917"}],"collection":[{"href":"https:\/\/forcadell.com\/ca\/wp-json\/wp\/v2\/properties_post"}],"about":[{"href":"https:\/\/forcadell.com\/ca\/wp-json\/wp\/v2\/types\/properties_post"}],"wp:attachment":[{"href":"https:\/\/forcadell.com\/ca\/wp-json\/wp\/v2\/media?parent=57917"}],"curies":[{"name":"wp","href":"https:\/\/api.w.org\/{rel}","templated":true}]}}