{"id":57893,"date":"2025-11-04T16:15:21","date_gmt":"2025-11-04T14:15:21","guid":{"rendered":"https:\/\/www.forcadell.com\/propiedades\/oficina-en-alquiler-en-el-centro-de-barcelona-c-diputacio-3\/"},"modified":"2026-04-26T06:06:54","modified_gmt":"2026-04-26T04:06:54","slug":"oficina-en-alquiler-en-el-centro-de-barcelona-c-diputacio-3","status":"publish","type":"properties_post","link":"https:\/\/forcadell.com\/ca\/propiedades\/oficina-en-alquiler-en-el-centro-de-barcelona-c-diputacio-3\/","title":{"rendered":"Oficina en alquiler en el centro de Barcelona. C. Diputaci\u00f3."},"content":{"rendered":"<p>Edificio exclusivo de oficinas ubicado en pleno centro de Barcelona, a escasos metros del emblem\u00e1tico Paseo de Gracia. <\/p>\n<p>Dispone de servicio de conserjer\u00eda 24h, trasteros y parking privado en el mismo edificio.<\/p>\n<p>Oficinas luminosas con excelentes acabados y especificaciones t\u00e9cnicas, canalizaciones perimetrales, ventanas practicables, zona office, fibra \u00f3ptica, iluminaci\u00f3n empotrada en falso techo, sistema de climatizaci\u00f3n independiente por plantas. Oficinas impecables, con vistas, para entrar a trabajar.<\/p>\n<p>Transporte p\u00fablico cercano (metro y autobuses).<\/p>\n<p>Bus: V17, 39, 47, 7, 54, H12, D50<br \/>\nMetro: L2, L3, L4 &#8211; \u201cPasseig de Gr\u00e0cia\u201d L4 &#8211; \u201cGirona\u201d<br \/>\nRenfe: Passeig de Gr\u00e0cia<\/p>\n","protected":false},"template":"","class_list":["post-57893","properties_post","type-properties_post","status-publish","hentry","properties_modality-rent","properties_district-eixample","properties_province-barcelona","properties_zone-centro","properties_state-barcelona","properties_subclass-oficina","properties_type-oficina"],"acf":{"post_type_properties_post_property_code":"11245072","post_type_properties_post_property_reference":"IE-224556","post_type_properties_post_owner_id":"49894","post_type_properties_post_owner_name":"NU\u00d1EZ I NAVARRO - JOSEL, S.L.","post_type_properties_post_property_code_encrypted":"MjQ5JDI5NjM5","post_type_properties_post_published":"1","post_type_properties_post_property_visibility":"idealista","post_type_properties_post_contact_name":"Forcadell Oficinas Barcelona","post_type_properties_post_contact_email":"forcadell.oficinas.barcelona@movin.cloud","post_type_properties_post_contact_primary_phone_prefix":"34","post_type_properties_post_contact_primary_phone_number":"934965413","post_type_properties_post_address_visibility":"street","post_type_properties_post_address_country":"Spain","post_type_properties_post_address_coordinates_precision":"exact","post_type_properties_post_address_postal_code":"08009","post_type_properties_post_address_coordinates_latitude":"41.3928","post_type_properties_post_address_coordinates_longitude":"2.169851","post_type_properties_post_address_street_name":"Diputaci\u00f3, 303","post_type_properties_post_address_floor":"5","post_type_properties_post_address_town":"Barcelona","post_type_properties_post_building":null,"post_type_properties_post_property":[{"properties_post_description_language":"catalan","properties_post_title":" Oficina de lloguer al centre de Barcelona. C. Diputaci\u00f3.","properties_post_short_description_text_alt":"","properties_post_description_text_alt":"","properties_post_short_description_text":"Edifici exclusiu d'oficines ubicat al centre de Barcelona, a escassos metres de l'emblem\u00e0tic Passeig de Gr\u00e0cia.\n\nDisposa de servei de consergeria 24h, trasters i p\u00e0rquing privat al mateix edifici.\n\nOficines lluminoses amb excel\u00b7lents acabats i especificacions t\u00e8cniques, canalitzacions perimetrals, finestres practicables, zona office, fibra \u00f2ptica, il\u00b7luminaci\u00f3 encastada en fals sostre, sistema de climatitzaci\u00f3 independent per plantes. Oficines impecables, amb vistes, per entrar-hi a treballar.\n\nTransport p\u00fablic proper (metro i autobusos).\n\nBus: V17, 39, 47, 7, 54, H12, D50\nMetro: L2, L3, L4 - Passeig de Gr\u00e0cia L4 - Girona\nRenfe: Passeig de Gr\u00e0cia","properties_post_link_demanda_inmueble":"https:\/\/movin.cloud\/ca\/Forcadell Oficinas Barcelona\/formulari-peticio-immoble\/sth\/2438&&11245072","properties_post_link_demanda_calendario_inmueble":"https:\/\/movin.cloud\/ca\/Forcadell Oficinas Barcelona\/calendari-peticio-immoble\/sth\/2438&&11245072","properties_post_description_text":"Edifici exclusiu d'oficines ubicat al centre de Barcelona, a escassos metres de l'emblem\u00e0tic Passeig de Gr\u00e0cia.\n\nDisposa de servei de consergeria 24h, trasters i p\u00e0rquing privat al mateix edifici.\n\nOficines lluminoses amb excel\u00b7lents acabats i especificacions t\u00e8cniques, canalitzacions perimetrals, finestres practicables, zona office, fibra \u00f2ptica, il\u00b7luminaci\u00f3 encastada en fals sostre, sistema de climatitzaci\u00f3 independent per plantes. Oficines impecables, amb vistes, per entrar-hi a treballar.\n\nTransport p\u00fablic proper (metro i autobusos).\n\nBus: V17, 39, 47, 7, 54, H12, D50\nMetro: L2, L3, L4 - Passeig de Gr\u00e0cia L4 - Girona\nRenfe: Passeig de Gr\u00e0cia","properties_post_seo_title":"","properties_post_seo_alias":"","properties_post_seo_metadescription":"","properties_post_seo_key_words":"","properties_post_seo_url":"","properties_post_terms_conditions":""},{"properties_post_description_language":"spanish","properties_post_title":"Oficina en alquiler en el centro de Barcelona. C. Diputaci\u00f3.","properties_post_short_description_text_alt":"","properties_post_description_text_alt":"","properties_post_short_description_text":"Edificio exclusivo de oficinas ubicado en pleno centro de Barcelona, a escasos metros del emblem\u00e1tico Paseo de Gracia. \n\nDispone de servicio de conserjer\u00eda 24h, trasteros y parking privado en el mismo edificio.\n\nOficinas luminosas con excelentes acabados y especificaciones t\u00e9cnicas, canalizaciones perimetrales, ventanas practicables, zona office, fibra \u00f3ptica, iluminaci\u00f3n empotrada en falso techo, sistema de climatizaci\u00f3n independiente por plantas. Oficinas impecables, con vistas, para entrar a trabajar.\n\nTransporte p\u00fablico cercano (metro y autobuses).\n\nBus: V17, 39, 47, 7, 54, H12, D50\nMetro: L2, L3, L4 - \u201cPasseig de Gr\u00e0cia\u201d L4 - \u201cGirona\u201d \nRenfe: Passeig de Gr\u00e0cia\n","properties_post_link_demanda_inmueble":"https:\/\/movin.cloud\/es\/Forcadell Oficinas Barcelona\/formulario-peticion-inmueble\/sth\/2438&&11245072","properties_post_link_demanda_calendario_inmueble":"https:\/\/movin.cloud\/es\/Forcadell Oficinas Barcelona\/calendario-peticion-inmueble\/sth\/2438&&11245072","properties_post_description_text":"Edificio exclusivo de oficinas ubicado en pleno centro de Barcelona, a escasos metros del emblem\u00e1tico Paseo de Gracia. \n\nDispone de servicio de conserjer\u00eda 24h, trasteros y parking privado en el mismo edificio.\n\nOficinas luminosas con excelentes acabados y especificaciones t\u00e9cnicas, canalizaciones perimetrales, ventanas practicables, zona office, fibra \u00f3ptica, iluminaci\u00f3n empotrada en falso techo, sistema de climatizaci\u00f3n independiente por plantas. Oficinas impecables, con vistas, para entrar a trabajar.\n\nTransporte p\u00fablico cercano (metro y autobuses).\n\nBus: V17, 39, 47, 7, 54, H12, D50\nMetro: L2, L3, L4 - \u201cPasseig de Gr\u00e0cia\u201d L4 - \u201cGirona\u201d \nRenfe: Passeig de Gr\u00e0cia","properties_post_seo_title":"","properties_post_seo_alias":"","properties_post_seo_metadescription":"","properties_post_seo_key_words":"","properties_post_seo_url":"","properties_post_terms_conditions":""}],"post_type_properties_post_features_type":"office","post_type_properties_post_id_building":"MjkkMjc2MDI=","post_type_properties_post_features_area_constructed":653,"post_type_properties_post_features_conditioned_air":true,"post_type_properties_post_features_doorman":false,"post_type_properties_post_features_heating":true,"post_type_properties_post_features_equipped_kitchen":false,"post_type_properties_post_features_windows_location":"exterior","post_type_properties_post_features_floors_property":false,"post_type_properties_post_features_storage":true,"post_type_properties_post_features_security_door":false,"post_type_properties_post_features_energy_certificate_rating":"C","post_type_properties_post_features_energy_certificate_emissions_rating":"C","post_type_properties_post_features_energy_certificate_emissions_value":33,"post_type_properties_post_features_energy_certificate_performance":134,"post_type_properties_post_features_bathroom_inside":true,"post_type_properties_post_precio":13060,"post_type_properties_post_precio_alquiler":13060,"post_type_properties_post_record_type_id":"Oficina","post_type_properties_post_categoria__producto":"Oficina","post_type_properties_post_amueblado":false,"post_type_properties_post_precio_m2":20,"post_type_properties_post_zona__comunitaria":false,"post_type_properties_post_electrodomesticos":false,"post_type_properties_post_patio__interior":false,"post_type_properties_post_certificado_energetico_general":"C","post_type_properties_post_certificado_energetico_consumo":"C","post_type_properties_post_certificado_energetico_valor_emisiones":33,"post_type_properties_post_certificado_energetico_valor_consumo":134,"post_type_properties_post_modalidad":"rent","post_type_properties_post_provincia":"Barcelona","post_type_properties_post_poblacion":"Barcelona","post_type_properties_post_centro__urbano":false,"post_type_properties_post_zonificacion":"Centro","post_type_properties_post_cartera":"","post_type_properties_post_titulo_catalan":" Oficina de lloguer al centre de Barcelona. C. Diputaci\u00f3.","post_type_properties_post_internet_catalan":"Edifici exclusiu d'oficines ubicat al centre de Barcelona, a escassos metres de l'emblem\u00e0tic Passeig de Gr\u00e0cia.\n\nDisposa de servei de consergeria 24h, trasters i p\u00e0rquing privat al mateix edifici.\n\nOficines lluminoses amb excel\u00b7lents acabats i especificacions t\u00e8cniques, canalitzacions perimetrals, finestres practicables, zona office, fibra \u00f2ptica, il\u00b7luminaci\u00f3 encastada en fals sostre, sistema de climatitzaci\u00f3 independent per plantes. Oficines impecables, amb vistes, per entrar-hi a treballar.\n\nTransport p\u00fablic proper (metro i autobusos).\n\nBus: V17, 39, 47, 7, 54, H12, D50\nMetro: L2, L3, L4 - Passeig de Gr\u00e0cia L4 - Girona\nRenfe: Passeig de Gr\u00e0cia","post_type_properties_post_titulo_castellano":"Oficina en alquiler en el centro de Barcelona. C. Diputaci\u00f3.","post_type_properties_post_internet_castellano":"Edificio exclusivo de oficinas ubicado en pleno centro de Barcelona, a escasos metros del emblem\u00e1tico Paseo de Gracia. \n\nDispone de servicio de conserjer\u00eda 24h, trasteros y parking privado en el mismo edificio.\n\nOficinas luminosas con excelentes acabados y especificaciones t\u00e9cnicas, canalizaciones perimetrales, ventanas practicables, zona office, fibra \u00f3ptica, iluminaci\u00f3n empotrada en falso techo, sistema de climatizaci\u00f3n independiente por plantas. Oficinas impecables, con vistas, para entrar a trabajar.\n\nTransporte p\u00fablico cercano (metro y autobuses).\n\nBus: V17, 39, 47, 7, 54, H12, D50\nMetro: L2, L3, L4 - \u201cPasseig de Gr\u00e0cia\u201d L4 - \u201cGirona\u201d \nRenfe: Passeig de Gr\u00e0cia","post_type_properties_post_titulo_ingles":"","post_type_properties_post_internet_ingles":"","post_type_properties_post_features_classification_commercial":false,"post_type_properties_post_features_conservation":"","post_type_properties_post_features_security_personnel":false,"post_type_properties_post_features_parking_available":false,"post_type_properties_post_features_garage_capacity_type":"","post_type_properties_post_features_bathroom_number":"","post_type_properties_post_eje":"","post_type_properties_post_zona":"","post_type_properties_post_comarca":"","post_type_properties_post_features_built_year":"","post_type_properties_post_renta_mensual":13060,"post_type_properties_post_fianza":"","post_type_properties_post_features_area_plot":"","post_type_properties_post_features_area_buildable":"","post_type_properties_post_features_classification_industrial":false,"post_type_properties_post_distrito":"","post_type_properties_post_features_balcony":false,"post_type_properties_post_features_bedroom_number":"","post_type_properties_post_features_heating_type":"","post_type_properties_post_features_equipped_with_furniture":false,"post_type_properties_post_features_pets_allowed":false,"post_type_properties_post_features_pool":false,"post_type_properties_post_features_terrace":false,"post_type_properties_post_features_wardrobes":false,"post_type_properties_post_features_lift_available":false,"post_type_properties_post_features_handicap_adapted_access":false,"post_type_properties_post_features_orientation_east":false,"post_type_properties_post_features_orientation_west":false,"post_type_properties_post_features_orientation_north":false,"post_type_properties_post_features_orientation_south":false,"post_type_properties_post_features_parking_spaces_number":"","post_type_properties_post_features_security_alarm":false,"post_type_properties_post_features_security_system":false,"post_type_properties_post_open_plan":false,"post_type_properties_post_acceso_24_7":false,"post_type_properties_post_oficina_privada":false,"post_type_properties_post_sala_reuniones":false,"post_type_properties_post_espacio_eventos":false,"post_type_properties_post_office":false,"post_type_properties_post_restaurant":false,"post_type_properties_post_acepta_traspaso":false,"post_type_properties_post_vigilancia":true,"post_type_properties_post_features_suite":false,"post_type_properties_post_features_vitro":false,"post_type_properties_post_features_oven":false,"post_type_properties_post_features_microwave":false,"post_type_properties_post_features_washing_machine":false,"post_type_properties_post_features_dryer":false,"post_type_properties_post_features_dishwasher":false,"post_type_properties_post_features_fridge":false,"post_type_properties_post_features_fridge_mini":false,"post_type_properties_post_features_kettle":false,"post_type_properties_post_features_toaster":false,"post_type_properties_post_features_coffee_maker":false,"post_type_properties_post_features_iron":false,"post_type_properties_post_features_ironing_board":false,"post_type_properties_post_features_safe":false,"post_type_properties_post_features_internet":false,"post_type_properties_post_features_solarium":false,"post_type_properties_post_features_clean_service":false,"post_type_properties_post_features_t_v":false,"post_type_properties_post_features_satellite_t_v":false,"post_type_properties_post_features_gas_kitchen":false,"post_type_properties_post_features_view_mountain":false,"post_type_properties_post_features_view_sea":false,"post_type_properties_post_features_concierge":false,"post_type_properties_post_features_loading_dock":false,"post_type_properties_post_features_bridge_crane":false,"post_type_properties_post_features_located_at_corner":false,"post_type_properties_post_features_smoke_extraction":false,"post_type_properties_post_features_rooms":"","post_type_properties_post_features_garden_area":"","post_type_properties_post_features_utilities_water":false,"post_type_properties_post_features_utilities_electricity":false,"post_type_properties_post_features_utilities_natural_gas":false,"post_type_properties_post_features_building_adapted":false,"post_type_properties_post_features_garden":false,"post_type_properties_post_features_classification_hotel":false,"post_type_properties_post_features_classification_chalet":false,"post_type_properties_post_certificado_energetico_emisiones":"C","post_type_properties_post_barrio":"","post_type_properties_post_distrito_empresa":"Eixample","post_type_properties_post_features_property_category_intern":"","post_type_properties_post_implantada":false,"post_type_properties_post_sello_leed":"","post_type_properties_post_sello_well":"","post_type_properties_post_sello_breeam":false,"post_type_properties_post_images":[{"properties_post_image_order":1,"properties_post_image_url":"https:\/\/movin.cloud\/empresas\/2438\/imagenes\/11245072\/en-alquiler-100.webp","properties_post_image_url_thumbnail":"https:\/\/movin.cloud\/empresas\/2438\/imagenes\/thumbnails\/11245072\/en-alquiler-100.webp","properties_post_title":"en alquiler 100","properties_post_alt":"en alquiler 100"},{"properties_post_image_order":2,"properties_post_image_url":"https:\/\/movin.cloud\/empresas\/2438\/imagenes\/11245072\/en-alquiler-92.webp","properties_post_image_url_thumbnail":"https:\/\/movin.cloud\/empresas\/2438\/imagenes\/thumbnails\/11245072\/en-alquiler-92.webp","properties_post_title":"en alquiler 92","properties_post_alt":"en alquiler 92"},{"properties_post_image_order":3,"properties_post_image_url":"https:\/\/movin.cloud\/empresas\/2438\/imagenes\/11245072\/en-alquiler-83.webp","properties_post_image_url_thumbnail":"https:\/\/movin.cloud\/empresas\/2438\/imagenes\/thumbnails\/11245072\/en-alquiler-83.webp","properties_post_title":"en alquiler 83","properties_post_alt":"en alquiler 83"},{"properties_post_image_order":4,"properties_post_image_url":"https:\/\/movin.cloud\/empresas\/2438\/imagenes\/11245072\/en-alquiler-91.webp","properties_post_image_url_thumbnail":"https:\/\/movin.cloud\/empresas\/2438\/imagenes\/thumbnails\/11245072\/en-alquiler-91.webp","properties_post_title":"en alquiler 91","properties_post_alt":"en alquiler 91"},{"properties_post_image_order":5,"properties_post_image_url":"https:\/\/movin.cloud\/empresas\/2438\/imagenes\/11245072\/en-alquiler-95.webp","properties_post_image_url_thumbnail":"https:\/\/movin.cloud\/empresas\/2438\/imagenes\/thumbnails\/11245072\/en-alquiler-95.webp","properties_post_title":"en alquiler 95","properties_post_alt":"en alquiler 95"},{"properties_post_image_order":6,"properties_post_image_url":"https:\/\/movin.cloud\/empresas\/2438\/imagenes\/11245072\/en-alquiler-84.webp","properties_post_image_url_thumbnail":"https:\/\/movin.cloud\/empresas\/2438\/imagenes\/thumbnails\/11245072\/en-alquiler-84.webp","properties_post_title":"en alquiler 84","properties_post_alt":"en alquiler 84"},{"properties_post_image_order":7,"properties_post_image_url":"https:\/\/movin.cloud\/empresas\/2438\/imagenes\/11245072\/en-alquiler-97.webp","properties_post_image_url_thumbnail":"https:\/\/movin.cloud\/empresas\/2438\/imagenes\/thumbnails\/11245072\/en-alquiler-97.webp","properties_post_title":"en alquiler 97","properties_post_alt":"en alquiler 97"},{"properties_post_image_order":8,"properties_post_image_url":"https:\/\/movin.cloud\/empresas\/2438\/imagenes\/11245072\/en-alquiler-94.webp","properties_post_image_url_thumbnail":"https:\/\/movin.cloud\/empresas\/2438\/imagenes\/thumbnails\/11245072\/en-alquiler-94.webp","properties_post_title":"en alquiler 94","properties_post_alt":"en alquiler 94"},{"properties_post_image_order":9,"properties_post_image_url":"https:\/\/movin.cloud\/empresas\/2438\/imagenes\/11245072\/en-alquiler-90.webp","properties_post_image_url_thumbnail":"https:\/\/movin.cloud\/empresas\/2438\/imagenes\/thumbnails\/11245072\/en-alquiler-90.webp","properties_post_title":"en alquiler 90","properties_post_alt":"en alquiler 90"},{"properties_post_image_order":10,"properties_post_image_url":"https:\/\/movin.cloud\/empresas\/2438\/imagenes\/11245072\/en-alquiler-103.webp","properties_post_image_url_thumbnail":"https:\/\/movin.cloud\/empresas\/2438\/imagenes\/thumbnails\/11245072\/en-alquiler-103.webp","properties_post_title":"en alquiler 103","properties_post_alt":"en alquiler 103"},{"properties_post_image_order":11,"properties_post_image_url":"https:\/\/movin.cloud\/empresas\/2438\/imagenes\/11245072\/en-alquiler-80.webp","properties_post_image_url_thumbnail":"https:\/\/movin.cloud\/empresas\/2438\/imagenes\/thumbnails\/11245072\/en-alquiler-80.webp","properties_post_title":"en alquiler 80","properties_post_alt":"en alquiler 80"},{"properties_post_image_order":12,"properties_post_image_url":"https:\/\/movin.cloud\/empresas\/2438\/imagenes\/11245072\/en-alquiler-85.webp","properties_post_image_url_thumbnail":"https:\/\/movin.cloud\/empresas\/2438\/imagenes\/thumbnails\/11245072\/en-alquiler-85.webp","properties_post_title":"en alquiler 85","properties_post_alt":"en alquiler 85"},{"properties_post_image_order":13,"properties_post_image_url":"https:\/\/movin.cloud\/empresas\/2438\/imagenes\/11245072\/en-alquiler-87.webp","properties_post_image_url_thumbnail":"https:\/\/movin.cloud\/empresas\/2438\/imagenes\/thumbnails\/11245072\/en-alquiler-87.webp","properties_post_title":"en alquiler 87","properties_post_alt":"en alquiler 87"},{"properties_post_image_order":14,"properties_post_image_url":"https:\/\/movin.cloud\/empresas\/2438\/imagenes\/11245072\/en-alquiler-86.webp","properties_post_image_url_thumbnail":"https:\/\/movin.cloud\/empresas\/2438\/imagenes\/thumbnails\/11245072\/en-alquiler-86.webp","properties_post_title":"en alquiler 86","properties_post_alt":"en alquiler 86"},{"properties_post_image_order":15,"properties_post_image_url":"https:\/\/movin.cloud\/empresas\/2438\/imagenes\/11245072\/en-alquiler-88.webp","properties_post_image_url_thumbnail":"https:\/\/movin.cloud\/empresas\/2438\/imagenes\/thumbnails\/11245072\/en-alquiler-88.webp","properties_post_title":"en alquiler 88","properties_post_alt":"en alquiler 88"},{"properties_post_image_order":16,"properties_post_image_url":"https:\/\/movin.cloud\/empresas\/2438\/imagenes\/11245072\/en-alquiler-99.webp","properties_post_image_url_thumbnail":"https:\/\/movin.cloud\/empresas\/2438\/imagenes\/thumbnails\/11245072\/en-alquiler-99.webp","properties_post_title":"en alquiler 99","properties_post_alt":"en alquiler 99"},{"properties_post_image_order":17,"properties_post_image_url":"https:\/\/movin.cloud\/empresas\/2438\/imagenes\/11245072\/en-alquiler-89.webp","properties_post_image_url_thumbnail":"https:\/\/movin.cloud\/empresas\/2438\/imagenes\/thumbnails\/11245072\/en-alquiler-89.webp","properties_post_title":"en alquiler 89","properties_post_alt":"en alquiler 89"},{"properties_post_image_order":18,"properties_post_image_url":"https:\/\/movin.cloud\/empresas\/2438\/imagenes\/11245072\/en-alquiler-98.webp","properties_post_image_url_thumbnail":"https:\/\/movin.cloud\/empresas\/2438\/imagenes\/thumbnails\/11245072\/en-alquiler-98.webp","properties_post_title":"en alquiler 98","properties_post_alt":"en alquiler 98"},{"properties_post_image_order":19,"properties_post_image_url":"https:\/\/movin.cloud\/empresas\/2438\/imagenes\/11245072\/en-alquiler-102.webp","properties_post_image_url_thumbnail":"https:\/\/movin.cloud\/empresas\/2438\/imagenes\/thumbnails\/11245072\/en-alquiler-102.webp","properties_post_title":"en alquiler 102","properties_post_alt":"en alquiler 102"},{"properties_post_image_order":20,"properties_post_image_url":"https:\/\/movin.cloud\/empresas\/2438\/imagenes\/11245072\/en-alquiler-101.webp","properties_post_image_url_thumbnail":"https:\/\/movin.cloud\/empresas\/2438\/imagenes\/thumbnails\/11245072\/en-alquiler-101.webp","properties_post_title":"en alquiler 101","properties_post_alt":"en alquiler 101"},{"properties_post_image_order":21,"properties_post_image_url":"https:\/\/movin.cloud\/empresas\/2438\/imagenes\/11245072\/en-alquiler-96.webp","properties_post_image_url_thumbnail":"https:\/\/movin.cloud\/empresas\/2438\/imagenes\/thumbnails\/11245072\/en-alquiler-96.webp","properties_post_title":"en alquiler 96","properties_post_alt":"en alquiler 96"},{"properties_post_image_order":22,"properties_post_image_url":"https:\/\/movin.cloud\/empresas\/2438\/imagenes\/11245072\/en-alquiler-93.webp","properties_post_image_url_thumbnail":"https:\/\/movin.cloud\/empresas\/2438\/imagenes\/thumbnails\/11245072\/en-alquiler-93.webp","properties_post_title":"en alquiler 93","properties_post_alt":"en alquiler 93"},{"properties_post_image_order":23,"properties_post_image_url":"https:\/\/movin.cloud\/empresas\/2438\/imagenes\/11245072\/en-alquiler-104.webp","properties_post_image_url_thumbnail":"https:\/\/movin.cloud\/empresas\/2438\/imagenes\/thumbnails\/11245072\/en-alquiler-104.webp","properties_post_title":"en alquiler 104","properties_post_alt":"en alquiler 104"},{"properties_post_image_order":24,"properties_post_image_url":"https:\/\/movin.cloud\/empresas\/2438\/imagenes\/11245072\/en-alquiler-105.webp","properties_post_image_url_thumbnail":"https:\/\/movin.cloud\/empresas\/2438\/imagenes\/thumbnails\/11245072\/en-alquiler-105.webp","properties_post_title":"en alquiler 105","properties_post_alt":"en alquiler 105"},{"properties_post_image_order":25,"properties_post_image_url":"https:\/\/movin.cloud\/empresas\/2438\/imagenes\/11245072\/en-alquiler-106.webp","properties_post_image_url_thumbnail":"https:\/\/movin.cloud\/empresas\/2438\/imagenes\/thumbnails\/11245072\/en-alquiler-106.webp","properties_post_title":"en alquiler 106","properties_post_alt":"en alquiler 106"},{"properties_post_image_order":26,"properties_post_image_url":"https:\/\/movin.cloud\/empresas\/2438\/imagenes\/11245072\/en-alquiler-108.webp","properties_post_image_url_thumbnail":"https:\/\/movin.cloud\/empresas\/2438\/imagenes\/thumbnails\/11245072\/en-alquiler-108.webp","properties_post_title":"en alquiler 108","properties_post_alt":"en alquiler 108"},{"properties_post_image_order":27,"properties_post_image_url":"https:\/\/movin.cloud\/empresas\/2438\/imagenes\/11245072\/en-alquiler-79.webp","properties_post_image_url_thumbnail":"https:\/\/movin.cloud\/empresas\/2438\/imagenes\/thumbnails\/11245072\/en-alquiler-79.webp","properties_post_title":"en alquiler 79","properties_post_alt":"en alquiler 79"},{"properties_post_image_order":28,"properties_post_image_url":"https:\/\/movin.cloud\/empresas\/2438\/imagenes\/11245072\/en-alquiler-107.webp","properties_post_image_url_thumbnail":"https:\/\/movin.cloud\/empresas\/2438\/imagenes\/thumbnails\/11245072\/en-alquiler-107.webp","properties_post_title":"en alquiler 107","properties_post_alt":"en alquiler 107"},{"properties_post_image_order":29,"properties_post_image_url":"https:\/\/movin.cloud\/empresas\/2438\/imagenes\/11245072\/en-alquiler-81.webp","properties_post_image_url_thumbnail":"https:\/\/movin.cloud\/empresas\/2438\/imagenes\/thumbnails\/11245072\/en-alquiler-81.webp","properties_post_title":"en alquiler 81","properties_post_alt":"en alquiler 81"}],"post_type_properties_post_videos":null,"post_type_properties_post_tour":null,"post_type_properties_post_dossier_url":"","post_type_properties_post_operation_type":"rent","post_type_properties_post_operation_price":13060,"post_type_properties_post_features_hidden_price":false},"yoast_head":"<!-- This site is optimized with the Yoast SEO plugin v25.6 - https:\/\/yoast.com\/wordpress\/plugins\/seo\/ -->\n<title>Oficina en alquiler en el centro de Barcelona. C. Diputaci\u00f3. - Forcadell<\/title>\n<meta name=\"robots\" content=\"index, follow, max-snippet:-1, max-image-preview:large, max-video-preview:-1\" \/>\n<link rel=\"canonical\" href=\"https:\/\/forcadell.com\/ca\/propiedades\/oficina-en-alquiler-en-el-centro-de-barcelona-c-diputacio-3\/\" \/>\n<meta property=\"og:locale\" content=\"ca_ES\" \/>\n<meta property=\"og:type\" content=\"article\" \/>\n<meta property=\"og:title\" content=\"Oficina en alquiler en el centro de Barcelona. C. Diputaci\u00f3. - Forcadell\" \/>\n<meta property=\"og:description\" content=\"Edificio exclusivo de oficinas ubicado en pleno centro de Barcelona, a escasos metros del emblem\u00e1tico Paseo de Gracia. Dispone de servicio de conserjer\u00eda 24h, trasteros y parking privado en el mismo edificio. Oficinas luminosas con excelentes acabados y especificaciones t\u00e9cnicas, canalizaciones perimetrales, ventanas practicables, zona office, fibra \u00f3ptica, iluminaci\u00f3n empotrada en falso techo, sistema de [&hellip;]\" \/>\n<meta property=\"og:url\" content=\"https:\/\/forcadell.com\/ca\/propiedades\/oficina-en-alquiler-en-el-centro-de-barcelona-c-diputacio-3\/\" \/>\n<meta property=\"og:site_name\" content=\"Forcadell\" \/>\n<meta property=\"article:modified_time\" content=\"2026-04-26T04:06:54+00:00\" \/>\n<meta name=\"twitter:card\" content=\"summary_large_image\" \/>\n<meta name=\"twitter:label1\" content=\"Temps estimat de lectura\" \/>\n\t<meta name=\"twitter:data1\" content=\"1 minut\" \/>\n<!-- \/ Yoast SEO plugin. -->","yoast_head_json":{"title":"Oficina en alquiler en el centro de Barcelona. C. Diputaci\u00f3. - Forcadell","robots":{"index":"index","follow":"follow","max-snippet":"max-snippet:-1","max-image-preview":"max-image-preview:large","max-video-preview":"max-video-preview:-1"},"canonical":"https:\/\/forcadell.com\/ca\/propiedades\/oficina-en-alquiler-en-el-centro-de-barcelona-c-diputacio-3\/","og_locale":"ca_ES","og_type":"article","og_title":"Oficina en alquiler en el centro de Barcelona. C. Diputaci\u00f3. - Forcadell","og_description":"Edificio exclusivo de oficinas ubicado en pleno centro de Barcelona, a escasos metros del emblem\u00e1tico Paseo de Gracia. Dispone de servicio de conserjer\u00eda 24h, trasteros y parking privado en el mismo edificio. Oficinas luminosas con excelentes acabados y especificaciones t\u00e9cnicas, canalizaciones perimetrales, ventanas practicables, zona office, fibra \u00f3ptica, iluminaci\u00f3n empotrada en falso techo, sistema de [&hellip;]","og_url":"https:\/\/forcadell.com\/ca\/propiedades\/oficina-en-alquiler-en-el-centro-de-barcelona-c-diputacio-3\/","og_site_name":"Forcadell","article_modified_time":"2026-04-26T04:06:54+00:00","twitter_card":"summary_large_image","twitter_misc":{"Temps estimat de lectura":"1 minut"},"schema":{"@context":"https:\/\/schema.org","@graph":[{"@type":"WebPage","@id":"https:\/\/forcadell.com\/ca\/propiedades\/oficina-en-alquiler-en-el-centro-de-barcelona-c-diputacio-3\/","url":"https:\/\/forcadell.com\/ca\/propiedades\/oficina-en-alquiler-en-el-centro-de-barcelona-c-diputacio-3\/","name":"Oficina en alquiler en el centro de Barcelona. C. Diputaci\u00f3. - Forcadell","isPartOf":{"@id":"https:\/\/forcadell.com\/ca\/#website"},"datePublished":"2025-11-04T14:15:21+00:00","dateModified":"2026-04-26T04:06:54+00:00","breadcrumb":{"@id":"https:\/\/forcadell.com\/ca\/propiedades\/oficina-en-alquiler-en-el-centro-de-barcelona-c-diputacio-3\/#breadcrumb"},"inLanguage":"ca","potentialAction":[{"@type":"ReadAction","target":["https:\/\/forcadell.com\/ca\/propiedades\/oficina-en-alquiler-en-el-centro-de-barcelona-c-diputacio-3\/"]}]},{"@type":"BreadcrumbList","@id":"https:\/\/forcadell.com\/ca\/propiedades\/oficina-en-alquiler-en-el-centro-de-barcelona-c-diputacio-3\/#breadcrumb","itemListElement":[{"@type":"ListItem","position":1,"name":"Portada","item":"https:\/\/forcadell.com\/ca\/"},{"@type":"ListItem","position":2,"name":"Properties","item":"https:\/\/forcadell.com\/ca\/propiedades\/"},{"@type":"ListItem","position":3,"name":"Oficina en alquiler en el centro de Barcelona. C. Diputaci\u00f3."}]},{"@type":"WebSite","@id":"https:\/\/forcadell.com\/ca\/#website","url":"https:\/\/forcadell.com\/ca\/","name":"Forcadell","description":"Inmobiliaria Barcelona | Consultores inmobiliarios","potentialAction":[{"@type":"SearchAction","target":{"@type":"EntryPoint","urlTemplate":"https:\/\/forcadell.com\/ca\/?s={search_term_string}"},"query-input":{"@type":"PropertyValueSpecification","valueRequired":true,"valueName":"search_term_string"}}],"inLanguage":"ca"}]}},"_links":{"self":[{"href":"https:\/\/forcadell.com\/ca\/wp-json\/wp\/v2\/properties_post\/57893"}],"collection":[{"href":"https:\/\/forcadell.com\/ca\/wp-json\/wp\/v2\/properties_post"}],"about":[{"href":"https:\/\/forcadell.com\/ca\/wp-json\/wp\/v2\/types\/properties_post"}],"wp:attachment":[{"href":"https:\/\/forcadell.com\/ca\/wp-json\/wp\/v2\/media?parent=57893"}],"curies":[{"name":"wp","href":"https:\/\/api.w.org\/{rel}","templated":true}]}}