{"id":57866,"date":"2025-11-04T16:14:05","date_gmt":"2025-11-04T14:14:05","guid":{"rendered":"https:\/\/www.forcadell.com\/propiedades\/torre-realia-4\/"},"modified":"2026-04-29T11:05:32","modified_gmt":"2026-04-29T09:05:32","slug":"torre-realia-4","status":"publish","type":"properties_post","link":"https:\/\/forcadell.com\/ca\/propiedades\/torre-realia-4\/","title":{"rendered":"TORRE REALIA"},"content":{"rendered":"<p>Torre Realia BCN se sit\u00faa en el distrito de negocios Gran V\u00eda Sud-Plaza de Europa (en Plena Plaza), siendo \u00e9ste uno de los entornos financieros m\u00e1s importantes de la ciudad. A pie de edificio, se encuentra una parada del metro L9 y, a 10 minutos escasos, son accesibles tanto el aeropuerto como el centro de la ciudad. Todo ello convierte a Torre Realia BCN en una ubicaci\u00f3n estrat\u00e9gica por sus comunicaciones.<\/p>\n<p>FGC: Europa Fira. (frecuencia aprox. 4 min desde Plaza Espa\u00f1a)<br \/>\nAutob\u00fas: L\u00edneas 46, 65, 79, L70, L72, L80, L81, L86, L87<br \/>\nCercan\u00edas: Bellvige<br \/>\nAcceso aeropuerto: 10 minutos al aeropuerto del Prat.<br \/>\nAutom\u00f3vil: AP7, AP2 y C-32<br \/>\nParada de taxi a escasos metros<\/p>\n<p>Para completar su excelencia y singularidad, el \u00e1rea circundante a Torre Realia BCN est\u00e1 dotada de todo tipo de servicios, con gran n\u00famero de Restaurantes, Bancos, Hoteles, Colegios y Guarder\u00edas, as\u00ed como los Centros Comerciales Ikea y Gran Via 2 (con m\u00e1s de 150 tiendas).<\/p>\n","protected":false},"template":"","class_list":["post-57866","properties_post","type-properties_post","status-publish","hentry","properties_modality-rent","properties_province-barcelona","properties_zone-nba-fira-zona-pl-europa-fira-district","properties_state-lhospitalet-de-llobregat","properties_subclass-oficina","properties_type-oficina"],"acf":{"post_type_properties_post_property_code":"11244757","post_type_properties_post_property_reference":"IE-224396","post_type_properties_post_owner_id":"57783","post_type_properties_post_owner_name":"REALIA PATRIMONIO SLU","post_type_properties_post_property_code_encrypted":"MjQ5JDI5MzI0","post_type_properties_post_published":"1","post_type_properties_post_property_visibility":"idealista","post_type_properties_post_contact_name":"Forcadell Oficinas Barcelona","post_type_properties_post_contact_email":"forcadell.oficinas.barcelona@movin.cloud","post_type_properties_post_contact_primary_phone_prefix":"34","post_type_properties_post_contact_primary_phone_number":"934965413","post_type_properties_post_address_visibility":"street","post_type_properties_post_address_country":"Spain","post_type_properties_post_address_coordinates_precision":"exact","post_type_properties_post_address_postal_code":"08908","post_type_properties_post_address_coordinates_latitude":"41.356389","post_type_properties_post_address_coordinates_longitude":"2.1275","post_type_properties_post_address_street_name":"PZ Europa 41","post_type_properties_post_address_floor":"8","post_type_properties_post_address_town":"l'Hospitalet de Llobregat","post_type_properties_post_building":null,"post_type_properties_post_property":[{"properties_post_description_language":"catalan","properties_post_title":"TORRE REALIA","properties_post_short_description_text_alt":"","properties_post_description_text_alt":"","properties_post_short_description_text":" ","properties_post_link_demanda_inmueble":"https:\/\/movin.cloud\/ca\/Forcadell Oficinas Barcelona\/formulari-peticio-immoble\/sth\/2438&&11244757","properties_post_link_demanda_calendario_inmueble":"https:\/\/movin.cloud\/ca\/Forcadell Oficinas Barcelona\/calendari-peticio-immoble\/sth\/2438&&11244757","properties_post_description_text":"Torre Realia BCN se situa al districte de negocis Gran Via Sud-Pla\u00e7a d'Europa (a Plena Plaza), aquest \u00e9s un dels entorns financers m\u00e9s importants de la ciutat. A peu d'edifici hi ha una parada del metro L9 i, a 10 minuts escassos, s\u00f3n accessibles tant l'aeroport com el centre de la ciutat. Tot aix\u00f2 converteix Torre Realia BCN en una ubicaci\u00f3 estrat\u00e8gica per les seves comunicacions.\n\nFGC: Europa Fira. (freq\u00fc\u00e8ncia aprox. 4 min des de Pla\u00e7a Espanya)\nAutob\u00fas: L\u00ednies 46, 65, 79, L70, L72, L80, L81, L86, L87\nRodalies: Bellvige\nAcc\u00e9s aeroport: 10 minuts a l'aeroport del Prat.\nAutom\u00f2bil: AP7, AP2 i C-32\nParada de taxi a escassos metres\n\nPer completar la seva excel\u00b7l\u00e8ncia i singularitat, l'\u00e0rea circumdant a Torre Realia BCN est\u00e0 dotada de tot tipus de serveis, amb un gran nombre de Restaurants, Bancs, Hotels, Col\u00b7legis i Guarderies, aix\u00ed com els Centres Comercials Ikea i Gran Via 2 (amb m\u00e9s de 150 botigues).\n ","properties_post_seo_title":"","properties_post_seo_alias":"","properties_post_seo_metadescription":"Oficina de lloguer a Torre Realia. Hospitalet de Llobregat.","properties_post_seo_key_words":"Oficina de lloguer a Torre Realia. Hospitalet de Llobregat.","properties_post_seo_url":"","properties_post_terms_conditions":""},{"properties_post_description_language":"spanish","properties_post_title":"TORRE REALIA","properties_post_short_description_text_alt":"","properties_post_description_text_alt":"","properties_post_short_description_text":" ","properties_post_link_demanda_inmueble":"https:\/\/movin.cloud\/es\/Forcadell Oficinas Barcelona\/formulario-peticion-inmueble\/sth\/2438&&11244757","properties_post_link_demanda_calendario_inmueble":"https:\/\/movin.cloud\/es\/Forcadell Oficinas Barcelona\/calendario-peticion-inmueble\/sth\/2438&&11244757","properties_post_description_text":"Torre Realia BCN se sit\u00faa en el distrito de negocios Gran V\u00eda Sud-Plaza de Europa (en Plena Plaza), siendo \u00e9ste uno de los entornos financieros m\u00e1s importantes de la ciudad. A pie de edificio, se encuentra una parada del metro L9 y, a 10 minutos escasos, son accesibles tanto el aeropuerto como el centro de la ciudad. Todo ello convierte a Torre Realia BCN en una ubicaci\u00f3n estrat\u00e9gica por sus comunicaciones.\n\nFGC: Europa Fira. (frecuencia aprox. 4 min desde Plaza Espa\u00f1a)\nAutob\u00fas: L\u00edneas 46, 65, 79, L70, L72, L80, L81, L86, L87\nCercan\u00edas: Bellvige\nAcceso aeropuerto: 10 minutos al aeropuerto del Prat.\nAutom\u00f3vil: AP7, AP2 y C-32\nParada de taxi a escasos metros\n\nPara completar su excelencia y singularidad, el \u00e1rea circundante a Torre Realia BCN est\u00e1 dotada de todo tipo de servicios, con gran n\u00famero de Restaurantes, Bancos, Hoteles, Colegios y Guarder\u00edas, as\u00ed como los Centros Comerciales Ikea y Gran Via 2 (con m\u00e1s de 150 tiendas).","properties_post_seo_title":"","properties_post_seo_alias":"","properties_post_seo_metadescription":"Oficinas en alquiler en Torre Realia. Hospitalet de Llobregat.","properties_post_seo_key_words":"Oficinas en alquiler en Torre Realia. Hospitalet de Llobregat.","properties_post_seo_url":"","properties_post_terms_conditions":""}],"post_type_properties_post_features_type":"office","post_type_properties_post_id_building":"MjkkMjc2NDM=","post_type_properties_post_features_area_constructed":666,"post_type_properties_post_features_conditioned_air":true,"post_type_properties_post_features_doorman":false,"post_type_properties_post_features_heating":true,"post_type_properties_post_features_equipped_kitchen":false,"post_type_properties_post_features_windows_location":"exterior","post_type_properties_post_features_floors_property":false,"post_type_properties_post_features_storage":true,"post_type_properties_post_features_security_door":false,"post_type_properties_post_features_energy_certificate_rating":"C","post_type_properties_post_features_energy_certificate_emissions_rating":"C","post_type_properties_post_features_energy_certificate_emissions_value":"","post_type_properties_post_features_energy_certificate_performance":"","post_type_properties_post_features_bathroom_inside":true,"post_type_properties_post_precio":13986,"post_type_properties_post_precio_alquiler":13986,"post_type_properties_post_record_type_id":"Oficina","post_type_properties_post_categoria__producto":"Oficina","post_type_properties_post_amueblado":false,"post_type_properties_post_precio_m2":21,"post_type_properties_post_zona__comunitaria":false,"post_type_properties_post_electrodomesticos":false,"post_type_properties_post_patio__interior":false,"post_type_properties_post_certificado_energetico_general":"C","post_type_properties_post_certificado_energetico_consumo":"C","post_type_properties_post_certificado_energetico_valor_emisiones":"","post_type_properties_post_certificado_energetico_valor_consumo":"","post_type_properties_post_modalidad":"rent","post_type_properties_post_provincia":"Barcelona","post_type_properties_post_poblacion":"l'Hospitalet de Llobregat","post_type_properties_post_centro__urbano":false,"post_type_properties_post_zonificacion":"NBA Fira - Zona Pl. Europa + Fira District","post_type_properties_post_cartera":"","post_type_properties_post_titulo_catalan":"TORRE REALIA","post_type_properties_post_internet_catalan":"Torre Realia BCN se situa al districte de negocis Gran Via Sud-Pla\u00e7a d'Europa (a Plena Plaza), aquest \u00e9s un dels entorns financers m\u00e9s importants de la ciutat. A peu d'edifici hi ha una parada del metro L9 i, a 10 minuts escassos, s\u00f3n accessibles tant l'aeroport com el centre de la ciutat. Tot aix\u00f2 converteix Torre Realia BCN en una ubicaci\u00f3 estrat\u00e8gica per les seves comunicacions.\n\nFGC: Europa Fira. (freq\u00fc\u00e8ncia aprox. 4 min des de Pla\u00e7a Espanya)\nAutob\u00fas: L\u00ednies 46, 65, 79, L70, L72, L80, L81, L86, L87\nRodalies: Bellvige\nAcc\u00e9s aeroport: 10 minuts a l'aeroport del Prat.\nAutom\u00f2bil: AP7, AP2 i C-32\nParada de taxi a escassos metres\n\nPer completar la seva excel\u00b7l\u00e8ncia i singularitat, l'\u00e0rea circumdant a Torre Realia BCN est\u00e0 dotada de tot tipus de serveis, amb un gran nombre de Restaurants, Bancs, Hotels, Col\u00b7legis i Guarderies, aix\u00ed com els Centres Comercials Ikea i Gran Via 2 (amb m\u00e9s de 150 botigues).\n ","post_type_properties_post_titulo_castellano":"TORRE REALIA","post_type_properties_post_internet_castellano":"Torre Realia BCN se sit\u00faa en el distrito de negocios Gran V\u00eda Sud-Plaza de Europa (en Plena Plaza), siendo \u00e9ste uno de los entornos financieros m\u00e1s importantes de la ciudad. A pie de edificio, se encuentra una parada del metro L9 y, a 10 minutos escasos, son accesibles tanto el aeropuerto como el centro de la ciudad. Todo ello convierte a Torre Realia BCN en una ubicaci\u00f3n estrat\u00e9gica por sus comunicaciones.\n\nFGC: Europa Fira. (frecuencia aprox. 4 min desde Plaza Espa\u00f1a)\nAutob\u00fas: L\u00edneas 46, 65, 79, L70, L72, L80, L81, L86, L87\nCercan\u00edas: Bellvige\nAcceso aeropuerto: 10 minutos al aeropuerto del Prat.\nAutom\u00f3vil: AP7, AP2 y C-32\nParada de taxi a escasos metros\n\nPara completar su excelencia y singularidad, el \u00e1rea circundante a Torre Realia BCN est\u00e1 dotada de todo tipo de servicios, con gran n\u00famero de Restaurantes, Bancos, Hoteles, Colegios y Guarder\u00edas, as\u00ed como los Centros Comerciales Ikea y Gran Via 2 (con m\u00e1s de 150 tiendas).","post_type_properties_post_titulo_ingles":"","post_type_properties_post_internet_ingles":"","post_type_properties_post_features_classification_commercial":false,"post_type_properties_post_features_conservation":"","post_type_properties_post_features_security_personnel":false,"post_type_properties_post_features_parking_available":false,"post_type_properties_post_features_garage_capacity_type":"","post_type_properties_post_features_bathroom_number":"","post_type_properties_post_eje":"","post_type_properties_post_zona":"","post_type_properties_post_comarca":"","post_type_properties_post_features_built_year":"","post_type_properties_post_renta_mensual":13986,"post_type_properties_post_fianza":"","post_type_properties_post_features_area_plot":"","post_type_properties_post_features_area_buildable":"","post_type_properties_post_features_classification_industrial":false,"post_type_properties_post_distrito":"","post_type_properties_post_features_balcony":false,"post_type_properties_post_features_bedroom_number":"","post_type_properties_post_features_heating_type":"","post_type_properties_post_features_equipped_with_furniture":false,"post_type_properties_post_features_pets_allowed":false,"post_type_properties_post_features_pool":false,"post_type_properties_post_features_terrace":false,"post_type_properties_post_features_wardrobes":false,"post_type_properties_post_features_lift_available":false,"post_type_properties_post_features_handicap_adapted_access":false,"post_type_properties_post_features_orientation_east":false,"post_type_properties_post_features_orientation_west":false,"post_type_properties_post_features_orientation_north":false,"post_type_properties_post_features_orientation_south":false,"post_type_properties_post_features_parking_spaces_number":"","post_type_properties_post_features_security_alarm":false,"post_type_properties_post_features_security_system":false,"post_type_properties_post_open_plan":false,"post_type_properties_post_acceso_24_7":false,"post_type_properties_post_oficina_privada":false,"post_type_properties_post_sala_reuniones":false,"post_type_properties_post_espacio_eventos":false,"post_type_properties_post_office":false,"post_type_properties_post_restaurant":false,"post_type_properties_post_acepta_traspaso":false,"post_type_properties_post_vigilancia":false,"post_type_properties_post_features_suite":false,"post_type_properties_post_features_vitro":false,"post_type_properties_post_features_oven":false,"post_type_properties_post_features_microwave":false,"post_type_properties_post_features_washing_machine":false,"post_type_properties_post_features_dryer":false,"post_type_properties_post_features_dishwasher":false,"post_type_properties_post_features_fridge":false,"post_type_properties_post_features_fridge_mini":false,"post_type_properties_post_features_kettle":false,"post_type_properties_post_features_toaster":false,"post_type_properties_post_features_coffee_maker":false,"post_type_properties_post_features_iron":false,"post_type_properties_post_features_ironing_board":false,"post_type_properties_post_features_safe":false,"post_type_properties_post_features_internet":false,"post_type_properties_post_features_solarium":false,"post_type_properties_post_features_clean_service":false,"post_type_properties_post_features_t_v":false,"post_type_properties_post_features_satellite_t_v":false,"post_type_properties_post_features_gas_kitchen":false,"post_type_properties_post_features_view_mountain":false,"post_type_properties_post_features_view_sea":false,"post_type_properties_post_features_concierge":false,"post_type_properties_post_features_loading_dock":false,"post_type_properties_post_features_bridge_crane":false,"post_type_properties_post_features_located_at_corner":false,"post_type_properties_post_features_smoke_extraction":false,"post_type_properties_post_features_rooms":"","post_type_properties_post_features_garden_area":"","post_type_properties_post_features_utilities_water":false,"post_type_properties_post_features_utilities_electricity":false,"post_type_properties_post_features_utilities_natural_gas":false,"post_type_properties_post_features_building_adapted":false,"post_type_properties_post_features_garden":false,"post_type_properties_post_features_classification_hotel":false,"post_type_properties_post_features_classification_chalet":false,"post_type_properties_post_certificado_energetico_emisiones":"C","post_type_properties_post_barrio":"","post_type_properties_post_distrito_empresa":"","post_type_properties_post_features_property_category_intern":"","post_type_properties_post_implantada":true,"post_type_properties_post_sello_leed":"","post_type_properties_post_sello_well":"","post_type_properties_post_sello_breeam":true,"post_type_properties_post_images":[{"properties_post_image_order":1,"properties_post_image_url":"https:\/\/movin.cloud\/empresas\/2438\/imagenes\/11244757\/habitalia.webp","properties_post_image_url_thumbnail":"https:\/\/movin.cloud\/empresas\/2438\/imagenes\/thumbnails\/11244757\/habitalia.webp","properties_post_title":"habitalia","properties_post_alt":"habitalia"},{"properties_post_image_order":2,"properties_post_image_url":"https:\/\/movin.cloud\/empresas\/2438\/imagenes\/11244757\/viviendas.webp","properties_post_image_url_thumbnail":"https:\/\/movin.cloud\/empresas\/2438\/imagenes\/thumbnails\/11244757\/viviendas.webp","properties_post_title":"viviendas","properties_post_alt":"viviendas"},{"properties_post_image_order":3,"properties_post_image_url":"https:\/\/movin.cloud\/empresas\/2438\/imagenes\/11244757\/alquiler-idealistas.webp","properties_post_image_url_thumbnail":"https:\/\/movin.cloud\/empresas\/2438\/imagenes\/thumbnails\/11244757\/alquiler-idealistas.webp","properties_post_title":"alquiler idealistas","properties_post_alt":"alquiler idealistas"},{"properties_post_image_order":4,"properties_post_image_url":"https:\/\/movin.cloud\/empresas\/2438\/imagenes\/11244757\/alquiler-para-idealista.webp","properties_post_image_url_thumbnail":"https:\/\/movin.cloud\/empresas\/2438\/imagenes\/thumbnails\/11244757\/alquiler-para-idealista.webp","properties_post_title":"alquiler para idealista","properties_post_alt":"alquiler para idealista"},{"properties_post_image_order":5,"properties_post_image_url":"https:\/\/movin.cloud\/empresas\/2438\/imagenes\/11244757\/alquilar.webp","properties_post_image_url_thumbnail":"https:\/\/movin.cloud\/empresas\/2438\/imagenes\/thumbnails\/11244757\/alquilar.webp","properties_post_title":"alquilar","properties_post_alt":"alquilar"},{"properties_post_image_order":6,"properties_post_image_url":"https:\/\/movin.cloud\/empresas\/2438\/imagenes\/11244757\/alquiler-para-idealistas.webp","properties_post_image_url_thumbnail":"https:\/\/movin.cloud\/empresas\/2438\/imagenes\/thumbnails\/11244757\/alquiler-para-idealistas.webp","properties_post_title":"alquiler para idealistas","properties_post_alt":"alquiler para idealistas"},{"properties_post_image_order":7,"properties_post_image_url":"https:\/\/movin.cloud\/empresas\/2438\/imagenes\/11244757\/alquiler.webp","properties_post_image_url_thumbnail":"https:\/\/movin.cloud\/empresas\/2438\/imagenes\/thumbnails\/11244757\/alquiler.webp","properties_post_title":"alquiler","properties_post_alt":"alquiler"},{"properties_post_image_order":8,"properties_post_image_url":"https:\/\/movin.cloud\/empresas\/2438\/imagenes\/11244757\/en-alquiler.webp","properties_post_image_url_thumbnail":"https:\/\/movin.cloud\/empresas\/2438\/imagenes\/thumbnails\/11244757\/en-alquiler.webp","properties_post_title":"en alquiler","properties_post_alt":"en alquiler"},{"properties_post_image_order":9,"properties_post_image_url":"https:\/\/movin.cloud\/empresas\/2438\/imagenes\/11244757\/rent.webp","properties_post_image_url_thumbnail":"https:\/\/movin.cloud\/empresas\/2438\/imagenes\/thumbnails\/11244757\/rent.webp","properties_post_title":"rent","properties_post_alt":"rent"},{"properties_post_image_order":10,"properties_post_image_url":"https:\/\/movin.cloud\/empresas\/2438\/imagenes\/11244757\/fincas.webp","properties_post_image_url_thumbnail":"https:\/\/movin.cloud\/empresas\/2438\/imagenes\/thumbnails\/11244757\/fincas.webp","properties_post_title":"fincas","properties_post_alt":"fincas"},{"properties_post_image_order":11,"properties_post_image_url":"https:\/\/movin.cloud\/empresas\/2438\/imagenes\/11244757\/inmobiliarias.webp","properties_post_image_url_thumbnail":"https:\/\/movin.cloud\/empresas\/2438\/imagenes\/thumbnails\/11244757\/inmobiliarias.webp","properties_post_title":"inmobiliarias","properties_post_alt":"inmobiliarias"},{"properties_post_image_order":12,"properties_post_image_url":"https:\/\/movin.cloud\/empresas\/2438\/imagenes\/11244757\/inmobiliaria.webp","properties_post_image_url_thumbnail":"https:\/\/movin.cloud\/empresas\/2438\/imagenes\/thumbnails\/11244757\/inmobiliaria.webp","properties_post_title":"inmobiliaria","properties_post_alt":"inmobiliaria"},{"properties_post_image_order":13,"properties_post_image_url":"https:\/\/movin.cloud\/empresas\/2438\/imagenes\/11244757\/en-alquiler-l'hospitalet-de-llobregat.webp","properties_post_image_url_thumbnail":"https:\/\/movin.cloud\/empresas\/2438\/imagenes\/thumbnails\/11244757\/en-alquiler-l'hospitalet-de-llobregat.webp","properties_post_title":"en alquiler l'hospitalet de llobregat","properties_post_alt":"en alquiler l'hospitalet de llobregat"},{"properties_post_image_order":14,"properties_post_image_url":"https:\/\/movin.cloud\/empresas\/2438\/imagenes\/11244757\/en-alquiler-4.webp","properties_post_image_url_thumbnail":"https:\/\/movin.cloud\/empresas\/2438\/imagenes\/thumbnails\/11244757\/en-alquiler-4.webp","properties_post_title":"en alquiler 4","properties_post_alt":"en alquiler 4"}],"post_type_properties_post_videos":null,"post_type_properties_post_tour":null,"post_type_properties_post_dossier_url":"","post_type_properties_post_operation_type":"rent","post_type_properties_post_operation_price":13986,"post_type_properties_post_features_hidden_price":false},"yoast_head":"<!-- This site is optimized with the Yoast SEO plugin v27.4 - https:\/\/yoast.com\/product\/yoast-seo-wordpress\/ -->\n<title>TORRE REALIA - Forcadell<\/title>\n<meta name=\"robots\" content=\"index, follow, max-snippet:-1, max-image-preview:large, max-video-preview:-1\" \/>\n<link rel=\"canonical\" href=\"https:\/\/forcadell.com\/ca\/propiedades\/torre-realia-4\/\" \/>\n<meta property=\"og:locale\" content=\"ca_ES\" \/>\n<meta property=\"og:type\" content=\"article\" \/>\n<meta property=\"og:title\" content=\"TORRE REALIA - Forcadell\" \/>\n<meta property=\"og:description\" content=\"Torre Realia BCN se sit\u00faa en el distrito de negocios Gran V\u00eda Sud-Plaza de Europa (en Plena Plaza), siendo \u00e9ste uno de los entornos financieros m\u00e1s importantes de la ciudad. A pie de edificio, se encuentra una parada del metro L9 y, a 10 minutos escasos, son accesibles tanto el aeropuerto como el centro de [&hellip;]\" \/>\n<meta property=\"og:url\" content=\"https:\/\/forcadell.com\/ca\/propiedades\/torre-realia-4\/\" \/>\n<meta property=\"og:site_name\" content=\"Forcadell\" \/>\n<meta property=\"article:modified_time\" content=\"2026-04-29T09:05:32+00:00\" \/>\n<meta name=\"twitter:card\" content=\"summary_large_image\" \/>\n<meta name=\"twitter:label1\" content=\"Temps estimat de lectura\" \/>\n\t<meta name=\"twitter:data1\" content=\"1 minut\" \/>\n<!-- \/ Yoast SEO plugin. -->","yoast_head_json":{"title":"TORRE REALIA - Forcadell","robots":{"index":"index","follow":"follow","max-snippet":"max-snippet:-1","max-image-preview":"max-image-preview:large","max-video-preview":"max-video-preview:-1"},"canonical":"https:\/\/forcadell.com\/ca\/propiedades\/torre-realia-4\/","og_locale":"ca_ES","og_type":"article","og_title":"TORRE REALIA - Forcadell","og_description":"Torre Realia BCN se sit\u00faa en el distrito de negocios Gran V\u00eda Sud-Plaza de Europa (en Plena Plaza), siendo \u00e9ste uno de los entornos financieros m\u00e1s importantes de la ciudad. A pie de edificio, se encuentra una parada del metro L9 y, a 10 minutos escasos, son accesibles tanto el aeropuerto como el centro de [&hellip;]","og_url":"https:\/\/forcadell.com\/ca\/propiedades\/torre-realia-4\/","og_site_name":"Forcadell","article_modified_time":"2026-04-29T09:05:32+00:00","twitter_card":"summary_large_image","twitter_misc":{"Temps estimat de lectura":"1 minut"},"schema":{"@context":"https:\/\/schema.org","@graph":[{"@type":"WebPage","@id":"https:\/\/forcadell.com\/ca\/propiedades\/torre-realia-4\/","url":"https:\/\/forcadell.com\/ca\/propiedades\/torre-realia-4\/","name":"TORRE REALIA - Forcadell","isPartOf":{"@id":"https:\/\/forcadell.com\/ca\/#website"},"datePublished":"2025-11-04T14:14:05+00:00","dateModified":"2026-04-29T09:05:32+00:00","breadcrumb":{"@id":"https:\/\/forcadell.com\/ca\/propiedades\/torre-realia-4\/#breadcrumb"},"inLanguage":"ca","potentialAction":[{"@type":"ReadAction","target":["https:\/\/forcadell.com\/ca\/propiedades\/torre-realia-4\/"]}]},{"@type":"BreadcrumbList","@id":"https:\/\/forcadell.com\/ca\/propiedades\/torre-realia-4\/#breadcrumb","itemListElement":[{"@type":"ListItem","position":1,"name":"Portada","item":"https:\/\/forcadell.com\/ca\/"},{"@type":"ListItem","position":2,"name":"Properties","item":"https:\/\/forcadell.com\/ca\/propiedades\/"},{"@type":"ListItem","position":3,"name":"TORRE REALIA"}]},{"@type":"WebSite","@id":"https:\/\/forcadell.com\/ca\/#website","url":"https:\/\/forcadell.com\/ca\/","name":"Forcadell","description":"Inmobiliaria Barcelona | Consultores inmobiliarios","potentialAction":[{"@type":"SearchAction","target":{"@type":"EntryPoint","urlTemplate":"https:\/\/forcadell.com\/ca\/?s={search_term_string}"},"query-input":{"@type":"PropertyValueSpecification","valueRequired":true,"valueName":"search_term_string"}}],"inLanguage":"ca"}]}},"_links":{"self":[{"href":"https:\/\/forcadell.com\/ca\/wp-json\/wp\/v2\/properties_post\/57866","targetHints":{"allow":["GET"]}}],"collection":[{"href":"https:\/\/forcadell.com\/ca\/wp-json\/wp\/v2\/properties_post"}],"about":[{"href":"https:\/\/forcadell.com\/ca\/wp-json\/wp\/v2\/types\/properties_post"}],"wp:attachment":[{"href":"https:\/\/forcadell.com\/ca\/wp-json\/wp\/v2\/media?parent=57866"}],"curies":[{"name":"wp","href":"https:\/\/api.w.org\/{rel}","templated":true}]}}