{"id":57859,"date":"2025-11-04T16:13:35","date_gmt":"2025-11-04T14:13:35","guid":{"rendered":"https:\/\/www.forcadell.com\/propiedades\/torre-llacuna-5\/"},"modified":"2026-04-29T14:05:34","modified_gmt":"2026-04-29T12:05:34","slug":"torre-llacuna-5","status":"publish","type":"properties_post","link":"https:\/\/forcadell.com\/ca\/propiedades\/torre-llacuna-5\/","title":{"rendered":"TORRE LLACUNA"},"content":{"rendered":"<p>\u00a1Bienvenidos a Torre Llacuna, el epicentro de la innovaci\u00f3n y el desarrollo empresarial en Barcelona, ubicado en el vibrante distrito 22@, en la calle Llacuna 166! Esta torre se erige como un \u00edcono de excelencia para las empresas del futuro, ofreciendo vistas panor\u00e1micas excepcionales de toda la ciudad.<\/p>\n<p>Caracter\u00edsticas destacadas:<\/p>\n<p>Espacio multifuncional: Nuestra sala polivalente es ideal para formaci\u00f3n, eventos, reuniones o conferencias, brindando un entorno vers\u00e1til para las necesidades de tu empresa.<br \/>\nZona de descanso con cafeter\u00eda y terraza: Disfruta de momentos de relax y networking en nuestra acogedora \u00e1rea de descanso con cafeter\u00eda y terraza en la planta 1\u00aa.<br \/>\nVestuarios completos: Pensando en tu comodidad, ofrecemos vestuarios completamente equipados con duchas para tu confort durante la jornada laboral.<br \/>\nEstacionamiento para bicicletas y patinetes: Fomentamos la movilidad sostenible con nuestro estacionamiento dedicado para bicicletas y patinetes, equipado con cargadores el\u00e9ctricos.<br \/>\nEstacionamiento de autos con puntos de carga el\u00e9ctrica: Para tu conveniencia, contamos con estacionamiento en el mismo edificio con puntos de carga el\u00e9ctrica para veh\u00edculos.<br \/>\nCertificaciones de sostenibilidad: Nuestro compromiso con el medio ambiente se refleja en nuestras certificaciones Breeam, Well &amp; Wiredscore.<br \/>\nAdem\u00e1s, nuestra ubicaci\u00f3n estrat\u00e9gica cerca de la nueva Pla\u00e7a de les Gl\u00f2ries y la Av. Diagonal garantiza un acceso y conectividad inmejorables. Nos rodea una amplia gama de servicios que contribuyen a crear un entorno empresarial din\u00e1mico y atractivo.<\/p>\n<p>Transporte p\u00fablico:<\/p>\n<p>Metro: L1-Gl\u00f2ries, L4-Llacuna, L4-Poblenou<br \/>\nAutob\u00fas: N8, V25, H12, N2, N7, 6, 136, B20, B25, N6<br \/>\nTranv\u00eda: T4, T5, T6<br \/>\nCon la estaci\u00f3n de Sants a solo 18 minutos en coche y el aeropuerto del Prat a 25 minutos, disfrutar\u00e1s de una excelente conectividad con todos los puntos de la ciudad y m\u00e1s all\u00e1. \u00a1Cont\u00e1ctanos hoy mismo para descubrir m\u00e1s sobre Torre Llacuna y sus oportunidades para tu empresa!<\/p>\n","protected":false},"template":"","class_list":["post-57859","properties_post","type-properties_post","status-publish","hentry","properties_modality-rent","properties_district-sant-marti","properties_province-barcelona","properties_zone-116","properties_state-barcelona","properties_subclass-oficina","properties_type-oficina"],"acf":{"post_type_properties_post_property_code":"11244721","post_type_properties_post_property_reference":"IE-224366","post_type_properties_post_owner_id":"145050","post_type_properties_post_owner_name":"LLACUNA BUILDING SL","post_type_properties_post_property_code_encrypted":"MjQ5JDI5Mjg4","post_type_properties_post_published":"1","post_type_properties_post_property_visibility":"idealista","post_type_properties_post_contact_name":"Forcadell Oficinas Barcelona","post_type_properties_post_contact_email":"forcadell.oficinas.barcelona@movin.cloud","post_type_properties_post_contact_primary_phone_prefix":"34","post_type_properties_post_contact_primary_phone_number":"934965413","post_type_properties_post_address_visibility":"street","post_type_properties_post_address_country":"Spain","post_type_properties_post_address_coordinates_precision":"exact","post_type_properties_post_address_postal_code":"08018","post_type_properties_post_address_coordinates_latitude":"41.4015864","post_type_properties_post_address_coordinates_longitude":"2.19834","post_type_properties_post_address_street_name":"Calle Llacuna 166","post_type_properties_post_address_floor":"11","post_type_properties_post_address_town":"Barcelona","post_type_properties_post_building":[{"properties_post_description_language":"english","properties_post_title":"TORRE LLACUNA - 22@ Sant Mart\u00ed - Barcelona","properties_post_short_description_text_alt":"Located in the prime area of 22@, next to the new Pla\u00e7a de les Gl\u00f2ries, Torre Llacuna is repositioning itself as a symbol of distinction for the companies of the future, offering offices with privileged panoramic views of the entire city.\n\n580 m\u00b2 floors, with a 30 m\u00b2 private terrace.\nCommon area with a multipurpose room for training, events, meetings, or conferences.\nCoffee lounge with a shared terrace on the 1st floor.\nChanging rooms with showers.\nLarge lobby accessing the building with a 360\u00ba LED screen.\nBicycle and scooter parking with electric chargers.\nCar parking in the same building with electric charging stations.\nBreeam, Well, and Wiredscore certifications.","properties_post_description_text_alt":"Located in the prime area of 22@, next to the new Pla\u00e7a de les Gl\u00f2ries, Torre Llacuna is repositioning itself as a symbol of distinction for the companies of the future, offering offices with privileged panoramic views of the entire city.\n\n580 m\u00b2 floors, with a 30 m\u00b2 private terrace.\nCommon area with a multipurpose room for training, events, meetings, or conferences.\nCoffee lounge with a shared terrace on the 1st floor.\nChanging rooms with showers.\nLarge lobby accessing the building with a 360\u00ba LED screen.\nBicycle and scooter parking with electric chargers.\nCar parking in the same building with electric charging stations.\nBreeam, Well, and Wiredscore certifications.","properties_post_short_description_text":"Located in the prime area of 22@, next to the new Pla\u00e7a de les Gl\u00f2ries, Torre Llacuna is repositioning itself as a symbol of distinction for the companies of the future, offering offices with privileged panoramic views of the entire city.\n\n580 m\u00b2 floors, with a 30 m\u00b2 private terrace.\nCommon area with a multipurpose room for training, events, meetings, or conferences.\nCoffee lounge with a shared terrace on the 1st floor.\nChanging rooms with showers.\nLarge lobby accessing the building with a 360\u00ba LED screen.\nBicycle and scooter parking with electric chargers.\nCar parking in the same building with electric charging stations.\nBreeam, Well, and Wiredscore certifications.","properties_post_link_demanda_inmueble":"","properties_post_link_demanda_calendario_inmueble":"","properties_post_description_text":"Located in the prime area of 22@, next to the new Pla\u00e7a de les Gl\u00f2ries, Torre Llacuna is repositioning itself as a symbol of distinction for the companies of the future, offering offices with privileged panoramic views of the entire city.\n\n580 m\u00b2 floors, with a 30 m\u00b2 private terrace.\nCommon area with a multipurpose room for training, events, meetings, or conferences.\nCoffee lounge with a shared terrace on the 1st floor.\nChanging rooms with showers.\nLarge lobby accessing the building with a 360\u00ba LED screen.\nBicycle and scooter parking with electric chargers.\nCar parking in the same building with electric charging stations.\nBreeam, Well, and Wiredscore certifications.","properties_post_seo_title":"","properties_post_seo_alias":"","properties_post_seo_metadescription":"","properties_post_seo_key_words":"","properties_post_seo_url":"","properties_post_terms_conditions":""},{"properties_post_description_language":"spanish","properties_post_title":"TORRE LLACUNA - 22@ Sant Mart\u00ed - Barcelona","properties_post_short_description_text_alt":"Ubicado en la zona Prime del 22@, junto a la nueva Pla\u00e7a de les Gl\u00f2ries. Torre Llacuna se reposiciona como un s\u00edmbolo de distinci\u00f3n para las empresas del futuro, ofreciendo oficinas con vistas panor\u00e1micas privilegiadas de toda la ciudad.\n\n\nPlantas de 580 m\u00b2, con terraza privada de 30 m\u00b2.\n\u00c1rea com\u00fan con sala polivalente para formaci\u00f3n, eventos, reuniones o conferencias.\nCoffee lounge con terraza com\u00fan en planta 1\u00aa\nVestuarios con duchas\nGran lobby de acceso al edificio con pantalla LED 360\u00ba\nParking para bicicletas y patinetes con cargadores el\u00e9ctricos\nParking de coches en el mismo edificio con puntos de carga el\u00e9ctrica\nCertificaciones Breeam, Well & Wiredscore\n","properties_post_description_text_alt":"Ubicado en la zona Prime del 22@, junto a la nueva Pla\u00e7a de les Gl\u00f2ries. Torre Llacuna se reposiciona como un s\u00edmbolo de distinci\u00f3n para las empresas del futuro, ofreciendo oficinas con vistas panor\u00e1micas privilegiadas de toda la ciudad.\n\n\nPlantas de 580 m\u00b2, con terraza privada de 30 m\u00b2.\n\u00c1rea com\u00fan con sala polivalente para formaci\u00f3n, eventos, reuniones o conferencias.\nCoffee lounge con terraza com\u00fan en planta 1\u00aa\nVestuarios con duchas\nGran lobby de acceso al edificio con pantalla LED 360\u00ba\nParking para bicicletas y patinetes con cargadores el\u00e9ctricos\nParking de coches en el mismo edificio con puntos de carga el\u00e9ctrica\nCertificaciones Breeam, Well & Wiredscore\n","properties_post_short_description_text":"Ubicado en la zona Prime del 22@, junto a la nueva Pla\u00e7a de les Gl\u00f2ries. Torre Llacuna se reposiciona como un s\u00edmbolo de distinci\u00f3n para las empresas del futuro, ofreciendo oficinas con vistas panor\u00e1micas privilegiadas de toda la ciudad.\n\n\nPlantas de 580 m\u00b2, con terraza privada de 30 m\u00b2.\n\u00c1rea com\u00fan con sala polivalente para formaci\u00f3n, eventos, reuniones o conferencias.\nCoffee lounge con terraza com\u00fan en planta 1\u00aa\nVestuarios con duchas\nGran lobby de acceso al edificio con pantalla LED 360\u00ba\nParking para bicicletas y patinetes con cargadores el\u00e9ctricos\nParking de coches en el mismo edificio con puntos de carga el\u00e9ctrica\nCertificaciones Breeam, Well & Wiredscore\n","properties_post_link_demanda_inmueble":"","properties_post_link_demanda_calendario_inmueble":"","properties_post_description_text":"Ubicado en la zona Prime del 22@, junto a la nueva Pla\u00e7a de les Gl\u00f2ries. Torre Llacuna se reposiciona como un s\u00edmbolo de distinci\u00f3n para las empresas del futuro, ofreciendo oficinas con vistas panor\u00e1micas privilegiadas de toda la ciudad.\n\n\nPlantas de 580 m\u00b2, con terraza privada de 30 m\u00b2.\n\u00c1rea com\u00fan con sala polivalente para formaci\u00f3n, eventos, reuniones o conferencias.\nCoffee lounge con terraza com\u00fan en planta 1\u00aa\nVestuarios con duchas\nGran lobby de acceso al edificio con pantalla LED 360\u00ba\nParking para bicicletas y patinetes con cargadores el\u00e9ctricos\nParking de coches en el mismo edificio con puntos de carga el\u00e9ctrica\nCertificaciones Breeam, Well & Wiredscore\n","properties_post_seo_title":"","properties_post_seo_alias":"","properties_post_seo_metadescription":"","properties_post_seo_key_words":"","properties_post_seo_url":"","properties_post_terms_conditions":""},{"properties_post_description_language":"catalan","properties_post_title":"TORRE LLACUNA - 22@ Sant Mart\u00ed - Barcelona","properties_post_short_description_text_alt":"Situat en la zona Prime del 22@, al costat de la nova Pla\u00e7a dels Gl\u00f2ries. Torre Llacuna es reposiciona com un s\u00edmbol de distinci\u00f3 per a les empreses del futur, oferint oficines amb vista panor\u00e0miques privilegiades de tota la ciutat.\n\n\u00c0rea comuna amb sala polivalent per a formaci\u00f3, esdeveniments, reunions o confer\u00e8ncies.\nCertificacions Breeam, Well & Wiredscore\nCoffee lounge amb terrassa comuna en planta 1a\nGran lobby d'acc\u00e9s a l'edifici amb pantalla LED 360\u00e8\nP\u00e0rquing de cotxes en el mateix edifici amb punts de c\u00e0rrega el\u00e8ctrica\nP\u00e0rquing per a bicicletes i patinets amb carregadors el\u00e8ctrics\nPlantes de 580 m\u00b2, amb terrassa privada de 30 m\u00b2.\nVestuaris amb dutxes","properties_post_description_text_alt":"Situat en la zona Prime del 22@, al costat de la nova Pla\u00e7a dels Gl\u00f2ries. Torre Llacuna es reposiciona com un s\u00edmbol de distinci\u00f3 per a les empreses del futur, oferint oficines amb vista panor\u00e0miques privilegiades de tota la ciutat.\n\n\u00c0rea comuna amb sala polivalent per a formaci\u00f3, esdeveniments, reunions o confer\u00e8ncies.\nCertificacions Breeam, Well & Wiredscore\nCoffee lounge amb terrassa comuna en planta 1a\nGran lobby d'acc\u00e9s a l'edifici amb pantalla LED 360\u00e8\nP\u00e0rquing de cotxes en el mateix edifici amb punts de c\u00e0rrega el\u00e8ctrica\nP\u00e0rquing per a bicicletes i patinets amb carregadors el\u00e8ctrics\nPlantes de 580 m\u00b2, amb terrassa privada de 30 m\u00b2.\nVestuaris amb dutxes","properties_post_short_description_text":"Situat en la zona Prime del 22@, al costat de la nova Pla\u00e7a dels Gl\u00f2ries. Torre Llacuna es reposiciona com un s\u00edmbol de distinci\u00f3 per a les empreses del futur, oferint oficines amb vista panor\u00e0miques privilegiades de tota la ciutat.\n\n\u00c0rea comuna amb sala polivalent per a formaci\u00f3, esdeveniments, reunions o confer\u00e8ncies.\nCertificacions Breeam, Well & Wiredscore\nCoffee lounge amb terrassa comuna en planta 1a\nGran lobby d'acc\u00e9s a l'edifici amb pantalla LED 360\u00e8\nP\u00e0rquing de cotxes en el mateix edifici amb punts de c\u00e0rrega el\u00e8ctrica\nP\u00e0rquing per a bicicletes i patinets amb carregadors el\u00e8ctrics\nPlantes de 580 m\u00b2, amb terrassa privada de 30 m\u00b2.\nVestuaris amb dutxes","properties_post_link_demanda_inmueble":"","properties_post_link_demanda_calendario_inmueble":"","properties_post_description_text":"Situat en la zona Prime del 22@, al costat de la nova Pla\u00e7a dels Gl\u00f2ries. Torre Llacuna es reposiciona com un s\u00edmbol de distinci\u00f3 per a les empreses del futur, oferint oficines amb vista panor\u00e0miques privilegiades de tota la ciutat.\n\n\u00c0rea comuna amb sala polivalent per a formaci\u00f3, esdeveniments, reunions o confer\u00e8ncies.\nCertificacions Breeam, Well & Wiredscore\nCoffee lounge amb terrassa comuna en planta 1a\nGran lobby d'acc\u00e9s a l'edifici amb pantalla LED 360\u00e8\nP\u00e0rquing de cotxes en el mateix edifici amb punts de c\u00e0rrega el\u00e8ctrica\nP\u00e0rquing per a bicicletes i patinets amb carregadors el\u00e8ctrics\nPlantes de 580 m\u00b2, amb terrassa privada de 30 m\u00b2.\nVestuaris amb dutxes","properties_post_seo_title":"","properties_post_seo_alias":"","properties_post_seo_metadescription":"","properties_post_seo_key_words":"","properties_post_seo_url":"","properties_post_terms_conditions":""}],"post_type_properties_post_property":[{"properties_post_description_language":"catalan","properties_post_title":"TORRE LLACUNA","properties_post_short_description_text_alt":"","properties_post_description_text_alt":"","properties_post_short_description_text":" \n ","properties_post_link_demanda_inmueble":"https:\/\/movin.cloud\/ca\/Forcadell Oficinas Barcelona\/formulari-peticio-immoble\/sth\/2438&&11244721","properties_post_link_demanda_calendario_inmueble":"https:\/\/movin.cloud\/ca\/Forcadell Oficinas Barcelona\/calendari-peticio-immoble\/sth\/2438&&11244721","properties_post_description_text":"Benvinguts a Torre Llacuna, l'epicentre de la innovaci\u00f3 i el desenvolupament empresarial a Barcelona, ubicat al vibrant districte 22@, al carrer Llacuna 166! Aquesta torre s\u00b4erigeix com una icona d\u00b4excel\u00b7l\u00e8ncia per a les empreses del futur, oferint vistes panor\u00e0miques excepcionals de tota la ciutat.\n\nCaracter\u00edstiques destacades:\n\nEspai multifuncional: La nostra sala polivalent \u00e9s ideal per a formaci\u00f3, esdeveniments, reunions o confer\u00e8ncies, brindant un entorn vers\u00e0til per a les necessitats de la teva empresa.\nZona de descans amb cafeteria i terrassa: Gaudeix de moments de relax i networking a la nostra acollidora \u00e0rea de descans amb cafeteria i terrassa a la planta 1a.\nVestidors complets: Pensant en la teva comoditat, oferim vestuaris completament equipats amb dutxes per al teu confort durant la jornada laboral.\nEstacionament per a bicicletes i patinets: Fomentem la mobilitat sostenible amb el nostre estacionament dedicat per a bicicletes i patinets, equipat amb carregadors el\u00e8ctrics.\nEstacionament de cotxes amb punts de c\u00e0rrega el\u00e8ctrica: Per la teva conveni\u00e8ncia, comptem amb estacionament al mateix edifici amb punts de c\u00e0rrega el\u00e8ctrica per a vehicles.\nCertificacions de sostenibilitat: El nostre comprom\u00eds amb el medi ambient es reflecteix a les nostres certificacions Breeam, Well & Wiredscore.\nA m\u00e9s, la nostra ubicaci\u00f3 estrat\u00e8gica a prop de la nova pla\u00e7a de les Gl\u00f2ries i l'av. Diagonal garanteix un acc\u00e9s i connectivitat immillorables. Ens envolta una \u00e0mplia gamma de serveis que contribueixen a crear un entorn empresarial din\u00e0mic i atractiu.\n\nTransport p\u00fablic:\n\nMetro: L1-Gl\u00f2ries, L4-Llacuna, L4-Poblenou\nAutob\u00fas: N8, V25, H12, N2, N7, 6, 136, B20, B25, N6\nTramvia: T4, T5, T6\nAmb l'estaci\u00f3 de Sants a nom\u00e9s 18 minuts amb cotxe i l'aeroport del Prat a 25 minuts, gaudireu d'una excel\u00b7lent connectivitat amb tots els punts de la ciutat i m\u00e9s enll\u00e0. Contacta'ns avui mateix per descobrir m\u00e9s sobre Torre Llacuna i les seves oportunitats per a la teva empresa!","properties_post_seo_title":"","properties_post_seo_alias":"","properties_post_seo_metadescription":"","properties_post_seo_key_words":"","properties_post_seo_url":"","properties_post_terms_conditions":""},{"properties_post_description_language":"spanish","properties_post_title":"TORRE LLACUNA","properties_post_short_description_text_alt":"","properties_post_description_text_alt":"","properties_post_short_description_text":" ","properties_post_link_demanda_inmueble":"https:\/\/movin.cloud\/es\/Forcadell Oficinas Barcelona\/formulario-peticion-inmueble\/sth\/2438&&11244721","properties_post_link_demanda_calendario_inmueble":"https:\/\/movin.cloud\/es\/Forcadell Oficinas Barcelona\/calendario-peticion-inmueble\/sth\/2438&&11244721","properties_post_description_text":"\n\u00a1Bienvenidos a Torre Llacuna, el epicentro de la innovaci\u00f3n y el desarrollo empresarial en Barcelona, ubicado en el vibrante distrito 22@, en la calle Llacuna 166! Esta torre se erige como un \u00edcono de excelencia para las empresas del futuro, ofreciendo vistas panor\u00e1micas excepcionales de toda la ciudad.\n\nCaracter\u00edsticas destacadas:\n\nEspacio multifuncional: Nuestra sala polivalente es ideal para formaci\u00f3n, eventos, reuniones o conferencias, brindando un entorno vers\u00e1til para las necesidades de tu empresa.\nZona de descanso con cafeter\u00eda y terraza: Disfruta de momentos de relax y networking en nuestra acogedora \u00e1rea de descanso con cafeter\u00eda y terraza en la planta 1\u00aa.\nVestuarios completos: Pensando en tu comodidad, ofrecemos vestuarios completamente equipados con duchas para tu confort durante la jornada laboral.\nEstacionamiento para bicicletas y patinetes: Fomentamos la movilidad sostenible con nuestro estacionamiento dedicado para bicicletas y patinetes, equipado con cargadores el\u00e9ctricos.\nEstacionamiento de autos con puntos de carga el\u00e9ctrica: Para tu conveniencia, contamos con estacionamiento en el mismo edificio con puntos de carga el\u00e9ctrica para veh\u00edculos.\nCertificaciones de sostenibilidad: Nuestro compromiso con el medio ambiente se refleja en nuestras certificaciones Breeam, Well & Wiredscore.\nAdem\u00e1s, nuestra ubicaci\u00f3n estrat\u00e9gica cerca de la nueva Pla\u00e7a de les Gl\u00f2ries y la Av. Diagonal garantiza un acceso y conectividad inmejorables. Nos rodea una amplia gama de servicios que contribuyen a crear un entorno empresarial din\u00e1mico y atractivo.\n\nTransporte p\u00fablico:\n\nMetro: L1-Gl\u00f2ries, L4-Llacuna, L4-Poblenou\nAutob\u00fas: N8, V25, H12, N2, N7, 6, 136, B20, B25, N6\nTranv\u00eda: T4, T5, T6\nCon la estaci\u00f3n de Sants a solo 18 minutos en coche y el aeropuerto del Prat a 25 minutos, disfrutar\u00e1s de una excelente conectividad con todos los puntos de la ciudad y m\u00e1s all\u00e1. \u00a1Cont\u00e1ctanos hoy mismo para descubrir m\u00e1s sobre Torre Llacuna y sus oportunidades para tu empresa!","properties_post_seo_title":"","properties_post_seo_alias":"","properties_post_seo_metadescription":"","properties_post_seo_key_words":"","properties_post_seo_url":"","properties_post_terms_conditions":""}],"post_type_properties_post_features_type":"office","post_type_properties_post_id_building":"MjQ5JDI5NjI2","post_type_properties_post_features_area_constructed":580,"post_type_properties_post_features_conditioned_air":true,"post_type_properties_post_features_doorman":false,"post_type_properties_post_features_heating":true,"post_type_properties_post_features_equipped_kitchen":false,"post_type_properties_post_features_windows_location":"exterior","post_type_properties_post_features_floors_property":false,"post_type_properties_post_features_storage":false,"post_type_properties_post_features_security_door":false,"post_type_properties_post_features_energy_certificate_rating":"A","post_type_properties_post_features_energy_certificate_emissions_rating":"A","post_type_properties_post_features_energy_certificate_emissions_value":"","post_type_properties_post_features_energy_certificate_performance":"","post_type_properties_post_features_bathroom_inside":false,"post_type_properties_post_precio":13920,"post_type_properties_post_precio_alquiler":13920,"post_type_properties_post_record_type_id":"Oficina","post_type_properties_post_categoria__producto":"Oficina","post_type_properties_post_amueblado":false,"post_type_properties_post_precio_m2":24,"post_type_properties_post_zona__comunitaria":false,"post_type_properties_post_electrodomesticos":false,"post_type_properties_post_patio__interior":true,"post_type_properties_post_certificado_energetico_general":"A","post_type_properties_post_certificado_energetico_consumo":"A","post_type_properties_post_certificado_energetico_valor_emisiones":"","post_type_properties_post_certificado_energetico_valor_consumo":"","post_type_properties_post_modalidad":"rent","post_type_properties_post_provincia":"Barcelona","post_type_properties_post_poblacion":"Barcelona","post_type_properties_post_centro__urbano":false,"post_type_properties_post_zonificacion":"22 @","post_type_properties_post_cartera":"","post_type_properties_post_titulo_catalan":"TORRE LLACUNA","post_type_properties_post_internet_catalan":"Benvinguts a Torre Llacuna, l'epicentre de la innovaci\u00f3 i el desenvolupament empresarial a Barcelona, ubicat al vibrant districte 22@, al carrer Llacuna 166! Aquesta torre s\u00b4erigeix com una icona d\u00b4excel\u00b7l\u00e8ncia per a les empreses del futur, oferint vistes panor\u00e0miques excepcionals de tota la ciutat.\n\nCaracter\u00edstiques destacades:\n\nEspai multifuncional: La nostra sala polivalent \u00e9s ideal per a formaci\u00f3, esdeveniments, reunions o confer\u00e8ncies, brindant un entorn vers\u00e0til per a les necessitats de la teva empresa.\nZona de descans amb cafeteria i terrassa: Gaudeix de moments de relax i networking a la nostra acollidora \u00e0rea de descans amb cafeteria i terrassa a la planta 1a.\nVestidors complets: Pensant en la teva comoditat, oferim vestuaris completament equipats amb dutxes per al teu confort durant la jornada laboral.\nEstacionament per a bicicletes i patinets: Fomentem la mobilitat sostenible amb el nostre estacionament dedicat per a bicicletes i patinets, equipat amb carregadors el\u00e8ctrics.\nEstacionament de cotxes amb punts de c\u00e0rrega el\u00e8ctrica: Per la teva conveni\u00e8ncia, comptem amb estacionament al mateix edifici amb punts de c\u00e0rrega el\u00e8ctrica per a vehicles.\nCertificacions de sostenibilitat: El nostre comprom\u00eds amb el medi ambient es reflecteix a les nostres certificacions Breeam, Well & Wiredscore.\nA m\u00e9s, la nostra ubicaci\u00f3 estrat\u00e8gica a prop de la nova pla\u00e7a de les Gl\u00f2ries i l'av. Diagonal garanteix un acc\u00e9s i connectivitat immillorables. Ens envolta una \u00e0mplia gamma de serveis que contribueixen a crear un entorn empresarial din\u00e0mic i atractiu.\n\nTransport p\u00fablic:\n\nMetro: L1-Gl\u00f2ries, L4-Llacuna, L4-Poblenou\nAutob\u00fas: N8, V25, H12, N2, N7, 6, 136, B20, B25, N6\nTramvia: T4, T5, T6\nAmb l'estaci\u00f3 de Sants a nom\u00e9s 18 minuts amb cotxe i l'aeroport del Prat a 25 minuts, gaudireu d'una excel\u00b7lent connectivitat amb tots els punts de la ciutat i m\u00e9s enll\u00e0. Contacta'ns avui mateix per descobrir m\u00e9s sobre Torre Llacuna i les seves oportunitats per a la teva empresa!","post_type_properties_post_titulo_castellano":"TORRE LLACUNA","post_type_properties_post_internet_castellano":"\n\u00a1Bienvenidos a Torre Llacuna, el epicentro de la innovaci\u00f3n y el desarrollo empresarial en Barcelona, ubicado en el vibrante distrito 22@, en la calle Llacuna 166! Esta torre se erige como un \u00edcono de excelencia para las empresas del futuro, ofreciendo vistas panor\u00e1micas excepcionales de toda la ciudad.\n\nCaracter\u00edsticas destacadas:\n\nEspacio multifuncional: Nuestra sala polivalente es ideal para formaci\u00f3n, eventos, reuniones o conferencias, brindando un entorno vers\u00e1til para las necesidades de tu empresa.\nZona de descanso con cafeter\u00eda y terraza: Disfruta de momentos de relax y networking en nuestra acogedora \u00e1rea de descanso con cafeter\u00eda y terraza en la planta 1\u00aa.\nVestuarios completos: Pensando en tu comodidad, ofrecemos vestuarios completamente equipados con duchas para tu confort durante la jornada laboral.\nEstacionamiento para bicicletas y patinetes: Fomentamos la movilidad sostenible con nuestro estacionamiento dedicado para bicicletas y patinetes, equipado con cargadores el\u00e9ctricos.\nEstacionamiento de autos con puntos de carga el\u00e9ctrica: Para tu conveniencia, contamos con estacionamiento en el mismo edificio con puntos de carga el\u00e9ctrica para veh\u00edculos.\nCertificaciones de sostenibilidad: Nuestro compromiso con el medio ambiente se refleja en nuestras certificaciones Breeam, Well & Wiredscore.\nAdem\u00e1s, nuestra ubicaci\u00f3n estrat\u00e9gica cerca de la nueva Pla\u00e7a de les Gl\u00f2ries y la Av. Diagonal garantiza un acceso y conectividad inmejorables. Nos rodea una amplia gama de servicios que contribuyen a crear un entorno empresarial din\u00e1mico y atractivo.\n\nTransporte p\u00fablico:\n\nMetro: L1-Gl\u00f2ries, L4-Llacuna, L4-Poblenou\nAutob\u00fas: N8, V25, H12, N2, N7, 6, 136, B20, B25, N6\nTranv\u00eda: T4, T5, T6\nCon la estaci\u00f3n de Sants a solo 18 minutos en coche y el aeropuerto del Prat a 25 minutos, disfrutar\u00e1s de una excelente conectividad con todos los puntos de la ciudad y m\u00e1s all\u00e1. \u00a1Cont\u00e1ctanos hoy mismo para descubrir m\u00e1s sobre Torre Llacuna y sus oportunidades para tu empresa!","post_type_properties_post_titulo_ingles":"","post_type_properties_post_internet_ingles":"","post_type_properties_post_features_classification_commercial":false,"post_type_properties_post_features_conservation":"fully_reformed","post_type_properties_post_features_security_personnel":false,"post_type_properties_post_features_parking_available":false,"post_type_properties_post_features_garage_capacity_type":"","post_type_properties_post_features_bathroom_number":"","post_type_properties_post_eje":"","post_type_properties_post_zona":"","post_type_properties_post_comarca":"","post_type_properties_post_features_built_year":"","post_type_properties_post_renta_mensual":13920,"post_type_properties_post_fianza":"","post_type_properties_post_features_area_plot":"","post_type_properties_post_features_area_buildable":"","post_type_properties_post_features_classification_industrial":false,"post_type_properties_post_distrito":"","post_type_properties_post_features_balcony":false,"post_type_properties_post_features_bedroom_number":"","post_type_properties_post_features_heating_type":"","post_type_properties_post_features_equipped_with_furniture":false,"post_type_properties_post_features_pets_allowed":false,"post_type_properties_post_features_pool":false,"post_type_properties_post_features_terrace":false,"post_type_properties_post_features_wardrobes":false,"post_type_properties_post_features_lift_available":false,"post_type_properties_post_features_handicap_adapted_access":false,"post_type_properties_post_features_orientation_east":false,"post_type_properties_post_features_orientation_west":false,"post_type_properties_post_features_orientation_north":false,"post_type_properties_post_features_orientation_south":false,"post_type_properties_post_features_parking_spaces_number":"","post_type_properties_post_features_security_alarm":false,"post_type_properties_post_features_security_system":false,"post_type_properties_post_open_plan":false,"post_type_properties_post_acceso_24_7":false,"post_type_properties_post_oficina_privada":false,"post_type_properties_post_sala_reuniones":false,"post_type_properties_post_espacio_eventos":false,"post_type_properties_post_office":false,"post_type_properties_post_restaurant":false,"post_type_properties_post_acepta_traspaso":false,"post_type_properties_post_vigilancia":true,"post_type_properties_post_features_suite":false,"post_type_properties_post_features_vitro":false,"post_type_properties_post_features_oven":false,"post_type_properties_post_features_microwave":false,"post_type_properties_post_features_washing_machine":false,"post_type_properties_post_features_dryer":false,"post_type_properties_post_features_dishwasher":false,"post_type_properties_post_features_fridge":false,"post_type_properties_post_features_fridge_mini":false,"post_type_properties_post_features_kettle":false,"post_type_properties_post_features_toaster":false,"post_type_properties_post_features_coffee_maker":false,"post_type_properties_post_features_iron":false,"post_type_properties_post_features_ironing_board":false,"post_type_properties_post_features_safe":false,"post_type_properties_post_features_internet":false,"post_type_properties_post_features_solarium":false,"post_type_properties_post_features_clean_service":false,"post_type_properties_post_features_t_v":false,"post_type_properties_post_features_satellite_t_v":false,"post_type_properties_post_features_gas_kitchen":false,"post_type_properties_post_features_view_mountain":true,"post_type_properties_post_features_view_sea":true,"post_type_properties_post_features_concierge":false,"post_type_properties_post_features_loading_dock":false,"post_type_properties_post_features_bridge_crane":false,"post_type_properties_post_features_located_at_corner":false,"post_type_properties_post_features_smoke_extraction":false,"post_type_properties_post_features_rooms":"","post_type_properties_post_features_garden_area":"","post_type_properties_post_features_utilities_water":false,"post_type_properties_post_features_utilities_electricity":false,"post_type_properties_post_features_utilities_natural_gas":false,"post_type_properties_post_features_building_adapted":false,"post_type_properties_post_features_garden":false,"post_type_properties_post_features_classification_hotel":false,"post_type_properties_post_features_classification_chalet":false,"post_type_properties_post_certificado_energetico_emisiones":"A","post_type_properties_post_barrio":"","post_type_properties_post_distrito_empresa":"Sant Mart\u00ed","post_type_properties_post_features_property_category_intern":"","post_type_properties_post_implantada":false,"post_type_properties_post_sello_leed":"","post_type_properties_post_sello_well":"","post_type_properties_post_sello_breeam":true,"post_type_properties_post_images":[{"properties_post_image_order":1,"properties_post_image_url":"https:\/\/movin.cloud\/empresas\/2438\/imagenes\/11244721\/en-alquiler-136.webp","properties_post_image_url_thumbnail":"https:\/\/movin.cloud\/empresas\/2438\/imagenes\/thumbnails\/11244721\/en-alquiler-136.webp","properties_post_title":"en alquiler 136","properties_post_alt":"en alquiler 136"},{"properties_post_image_order":2,"properties_post_image_url":"https:\/\/movin.cloud\/empresas\/2438\/imagenes\/11244721\/en-alquiler-104.webp","properties_post_image_url_thumbnail":"https:\/\/movin.cloud\/empresas\/2438\/imagenes\/thumbnails\/11244721\/en-alquiler-104.webp","properties_post_title":"en alquiler 104","properties_post_alt":"en alquiler 104"},{"properties_post_image_order":3,"properties_post_image_url":"https:\/\/movin.cloud\/empresas\/2438\/imagenes\/11244721\/en-alquiler-110.webp","properties_post_image_url_thumbnail":"https:\/\/movin.cloud\/empresas\/2438\/imagenes\/thumbnails\/11244721\/en-alquiler-110.webp","properties_post_title":"en alquiler 110","properties_post_alt":"en alquiler 110"},{"properties_post_image_order":4,"properties_post_image_url":"https:\/\/movin.cloud\/empresas\/2438\/imagenes\/11244721\/en-alquiler-111.webp","properties_post_image_url_thumbnail":"https:\/\/movin.cloud\/empresas\/2438\/imagenes\/thumbnails\/11244721\/en-alquiler-111.webp","properties_post_title":"en alquiler 111","properties_post_alt":"en alquiler 111"},{"properties_post_image_order":5,"properties_post_image_url":"https:\/\/movin.cloud\/empresas\/2438\/imagenes\/11244721\/en-alquiler-106.webp","properties_post_image_url_thumbnail":"https:\/\/movin.cloud\/empresas\/2438\/imagenes\/thumbnails\/11244721\/en-alquiler-106.webp","properties_post_title":"en alquiler 106","properties_post_alt":"en alquiler 106"},{"properties_post_image_order":6,"properties_post_image_url":"https:\/\/movin.cloud\/empresas\/2438\/imagenes\/11244721\/en-alquiler-112.webp","properties_post_image_url_thumbnail":"https:\/\/movin.cloud\/empresas\/2438\/imagenes\/thumbnails\/11244721\/en-alquiler-112.webp","properties_post_title":"en alquiler 112","properties_post_alt":"en alquiler 112"},{"properties_post_image_order":7,"properties_post_image_url":"https:\/\/movin.cloud\/empresas\/2438\/imagenes\/11244721\/en-alquiler-105.webp","properties_post_image_url_thumbnail":"https:\/\/movin.cloud\/empresas\/2438\/imagenes\/thumbnails\/11244721\/en-alquiler-105.webp","properties_post_title":"en alquiler 105","properties_post_alt":"en alquiler 105"},{"properties_post_image_order":8,"properties_post_image_url":"https:\/\/movin.cloud\/empresas\/2438\/imagenes\/11244721\/en-alquiler-108.webp","properties_post_image_url_thumbnail":"https:\/\/movin.cloud\/empresas\/2438\/imagenes\/thumbnails\/11244721\/en-alquiler-108.webp","properties_post_title":"en alquiler 108","properties_post_alt":"en alquiler 108"},{"properties_post_image_order":9,"properties_post_image_url":"https:\/\/movin.cloud\/empresas\/2438\/imagenes\/11244721\/en-alquiler-117.webp","properties_post_image_url_thumbnail":"https:\/\/movin.cloud\/empresas\/2438\/imagenes\/thumbnails\/11244721\/en-alquiler-117.webp","properties_post_title":"en alquiler 117","properties_post_alt":"en alquiler 117"},{"properties_post_image_order":10,"properties_post_image_url":"https:\/\/movin.cloud\/empresas\/2438\/imagenes\/11244721\/en-alquiler-99.webp","properties_post_image_url_thumbnail":"https:\/\/movin.cloud\/empresas\/2438\/imagenes\/thumbnails\/11244721\/en-alquiler-99.webp","properties_post_title":"en alquiler 99","properties_post_alt":"en alquiler 99"},{"properties_post_image_order":11,"properties_post_image_url":"https:\/\/movin.cloud\/empresas\/2438\/imagenes\/11244721\/rent.webp","properties_post_image_url_thumbnail":"https:\/\/movin.cloud\/empresas\/2438\/imagenes\/thumbnails\/11244721\/rent.webp","properties_post_title":"rent","properties_post_alt":"rent"},{"properties_post_image_order":12,"properties_post_image_url":"https:\/\/movin.cloud\/empresas\/2438\/imagenes\/11244721\/en-alquiler-94.webp","properties_post_image_url_thumbnail":"https:\/\/movin.cloud\/empresas\/2438\/imagenes\/thumbnails\/11244721\/en-alquiler-94.webp","properties_post_title":"en alquiler 94","properties_post_alt":"en alquiler 94"},{"properties_post_image_order":13,"properties_post_image_url":"https:\/\/movin.cloud\/empresas\/2438\/imagenes\/11244721\/en-alquiler-114.webp","properties_post_image_url_thumbnail":"https:\/\/movin.cloud\/empresas\/2438\/imagenes\/thumbnails\/11244721\/en-alquiler-114.webp","properties_post_title":"en alquiler 114","properties_post_alt":"en alquiler 114"},{"properties_post_image_order":14,"properties_post_image_url":"https:\/\/movin.cloud\/empresas\/2438\/imagenes\/11244721\/en-alquiler-115.webp","properties_post_image_url_thumbnail":"https:\/\/movin.cloud\/empresas\/2438\/imagenes\/thumbnails\/11244721\/en-alquiler-115.webp","properties_post_title":"en alquiler 115","properties_post_alt":"en alquiler 115"},{"properties_post_image_order":15,"properties_post_image_url":"https:\/\/movin.cloud\/empresas\/2438\/imagenes\/11244721\/en-alquiler-122.webp","properties_post_image_url_thumbnail":"https:\/\/movin.cloud\/empresas\/2438\/imagenes\/thumbnails\/11244721\/en-alquiler-122.webp","properties_post_title":"en alquiler 122","properties_post_alt":"en alquiler 122"},{"properties_post_image_order":16,"properties_post_image_url":"https:\/\/movin.cloud\/empresas\/2438\/imagenes\/11244721\/en-alquiler-119.webp","properties_post_image_url_thumbnail":"https:\/\/movin.cloud\/empresas\/2438\/imagenes\/thumbnails\/11244721\/en-alquiler-119.webp","properties_post_title":"en alquiler 119","properties_post_alt":"en alquiler 119"},{"properties_post_image_order":17,"properties_post_image_url":"https:\/\/movin.cloud\/empresas\/2438\/imagenes\/11244721\/en-alquiler-133.webp","properties_post_image_url_thumbnail":"https:\/\/movin.cloud\/empresas\/2438\/imagenes\/thumbnails\/11244721\/en-alquiler-133.webp","properties_post_title":"en alquiler 133","properties_post_alt":"en alquiler 133"},{"properties_post_image_order":18,"properties_post_image_url":"https:\/\/movin.cloud\/empresas\/2438\/imagenes\/11244721\/en-alquiler-123.webp","properties_post_image_url_thumbnail":"https:\/\/movin.cloud\/empresas\/2438\/imagenes\/thumbnails\/11244721\/en-alquiler-123.webp","properties_post_title":"en alquiler 123","properties_post_alt":"en alquiler 123"},{"properties_post_image_order":19,"properties_post_image_url":"https:\/\/movin.cloud\/empresas\/2438\/imagenes\/11244721\/en-alquiler-125.webp","properties_post_image_url_thumbnail":"https:\/\/movin.cloud\/empresas\/2438\/imagenes\/thumbnails\/11244721\/en-alquiler-125.webp","properties_post_title":"en alquiler 125","properties_post_alt":"en alquiler 125"},{"properties_post_image_order":20,"properties_post_image_url":"https:\/\/movin.cloud\/empresas\/2438\/imagenes\/11244721\/en-alquiler-126.webp","properties_post_image_url_thumbnail":"https:\/\/movin.cloud\/empresas\/2438\/imagenes\/thumbnails\/11244721\/en-alquiler-126.webp","properties_post_title":"en alquiler 126","properties_post_alt":"en alquiler 126"},{"properties_post_image_order":21,"properties_post_image_url":"https:\/\/movin.cloud\/empresas\/2438\/imagenes\/11244721\/en-alquiler-124.webp","properties_post_image_url_thumbnail":"https:\/\/movin.cloud\/empresas\/2438\/imagenes\/thumbnails\/11244721\/en-alquiler-124.webp","properties_post_title":"en alquiler 124","properties_post_alt":"en alquiler 124"},{"properties_post_image_order":22,"properties_post_image_url":"https:\/\/movin.cloud\/empresas\/2438\/imagenes\/11244721\/en-alquiler-127.webp","properties_post_image_url_thumbnail":"https:\/\/movin.cloud\/empresas\/2438\/imagenes\/thumbnails\/11244721\/en-alquiler-127.webp","properties_post_title":"en alquiler 127","properties_post_alt":"en alquiler 127"},{"properties_post_image_order":23,"properties_post_image_url":"https:\/\/movin.cloud\/empresas\/2438\/imagenes\/11244721\/en-alquiler-128.webp","properties_post_image_url_thumbnail":"https:\/\/movin.cloud\/empresas\/2438\/imagenes\/thumbnails\/11244721\/en-alquiler-128.webp","properties_post_title":"en alquiler 128","properties_post_alt":"en alquiler 128"},{"properties_post_image_order":24,"properties_post_image_url":"https:\/\/movin.cloud\/empresas\/2438\/imagenes\/11244721\/en-alquiler-129.webp","properties_post_image_url_thumbnail":"https:\/\/movin.cloud\/empresas\/2438\/imagenes\/thumbnails\/11244721\/en-alquiler-129.webp","properties_post_title":"en alquiler 129","properties_post_alt":"en alquiler 129"},{"properties_post_image_order":25,"properties_post_image_url":"https:\/\/movin.cloud\/empresas\/2438\/imagenes\/11244721\/en-alquiler-134.webp","properties_post_image_url_thumbnail":"https:\/\/movin.cloud\/empresas\/2438\/imagenes\/thumbnails\/11244721\/en-alquiler-134.webp","properties_post_title":"en alquiler 134","properties_post_alt":"en alquiler 134"},{"properties_post_image_order":26,"properties_post_image_url":"https:\/\/movin.cloud\/empresas\/2438\/imagenes\/11244721\/en-alquiler-135.webp","properties_post_image_url_thumbnail":"https:\/\/movin.cloud\/empresas\/2438\/imagenes\/thumbnails\/11244721\/en-alquiler-135.webp","properties_post_title":"en alquiler 135","properties_post_alt":"en alquiler 135"},{"properties_post_image_order":27,"properties_post_image_url":"https:\/\/movin.cloud\/empresas\/2438\/imagenes\/11244721\/en-alquiler-137.webp","properties_post_image_url_thumbnail":"https:\/\/movin.cloud\/empresas\/2438\/imagenes\/thumbnails\/11244721\/en-alquiler-137.webp","properties_post_title":"en alquiler 137","properties_post_alt":"en alquiler 137"},{"properties_post_image_order":28,"properties_post_image_url":"https:\/\/movin.cloud\/empresas\/2438\/imagenes\/11244721\/en-alquiler-138.webp","properties_post_image_url_thumbnail":"https:\/\/movin.cloud\/empresas\/2438\/imagenes\/thumbnails\/11244721\/en-alquiler-138.webp","properties_post_title":"en alquiler 138","properties_post_alt":"en alquiler 138"}],"post_type_properties_post_videos":null,"post_type_properties_post_tour":null,"post_type_properties_post_dossier_url":"","post_type_properties_post_operation_type":"rent","post_type_properties_post_operation_price":13920,"post_type_properties_post_features_hidden_price":false},"yoast_head":"<!-- This site is optimized with the Yoast SEO plugin v27.4 - https:\/\/yoast.com\/product\/yoast-seo-wordpress\/ -->\n<title>TORRE LLACUNA - Forcadell<\/title>\n<meta name=\"robots\" content=\"index, follow, max-snippet:-1, max-image-preview:large, max-video-preview:-1\" \/>\n<link rel=\"canonical\" href=\"https:\/\/forcadell.com\/ca\/propiedades\/torre-llacuna-5\/\" \/>\n<meta property=\"og:locale\" content=\"ca_ES\" \/>\n<meta property=\"og:type\" content=\"article\" \/>\n<meta property=\"og:title\" content=\"TORRE LLACUNA - Forcadell\" \/>\n<meta property=\"og:description\" content=\"\u00a1Bienvenidos a Torre Llacuna, el epicentro de la innovaci\u00f3n y el desarrollo empresarial en Barcelona, ubicado en el vibrante distrito 22@, en la calle Llacuna 166! Esta torre se erige como un \u00edcono de excelencia para las empresas del futuro, ofreciendo vistas panor\u00e1micas excepcionales de toda la ciudad. Caracter\u00edsticas destacadas: Espacio multifuncional: Nuestra sala polivalente [&hellip;]\" \/>\n<meta property=\"og:url\" content=\"https:\/\/forcadell.com\/ca\/propiedades\/torre-llacuna-5\/\" \/>\n<meta property=\"og:site_name\" content=\"Forcadell\" \/>\n<meta property=\"article:modified_time\" content=\"2026-04-29T12:05:34+00:00\" \/>\n<meta name=\"twitter:card\" content=\"summary_large_image\" \/>\n<meta name=\"twitter:label1\" content=\"Temps estimat de lectura\" \/>\n\t<meta name=\"twitter:data1\" content=\"2 minuts\" \/>\n<!-- \/ Yoast SEO plugin. -->","yoast_head_json":{"title":"TORRE LLACUNA - Forcadell","robots":{"index":"index","follow":"follow","max-snippet":"max-snippet:-1","max-image-preview":"max-image-preview:large","max-video-preview":"max-video-preview:-1"},"canonical":"https:\/\/forcadell.com\/ca\/propiedades\/torre-llacuna-5\/","og_locale":"ca_ES","og_type":"article","og_title":"TORRE LLACUNA - Forcadell","og_description":"\u00a1Bienvenidos a Torre Llacuna, el epicentro de la innovaci\u00f3n y el desarrollo empresarial en Barcelona, ubicado en el vibrante distrito 22@, en la calle Llacuna 166! Esta torre se erige como un \u00edcono de excelencia para las empresas del futuro, ofreciendo vistas panor\u00e1micas excepcionales de toda la ciudad. Caracter\u00edsticas destacadas: Espacio multifuncional: Nuestra sala polivalente [&hellip;]","og_url":"https:\/\/forcadell.com\/ca\/propiedades\/torre-llacuna-5\/","og_site_name":"Forcadell","article_modified_time":"2026-04-29T12:05:34+00:00","twitter_card":"summary_large_image","twitter_misc":{"Temps estimat de lectura":"2 minuts"},"schema":{"@context":"https:\/\/schema.org","@graph":[{"@type":"WebPage","@id":"https:\/\/forcadell.com\/ca\/propiedades\/torre-llacuna-5\/","url":"https:\/\/forcadell.com\/ca\/propiedades\/torre-llacuna-5\/","name":"TORRE LLACUNA - Forcadell","isPartOf":{"@id":"https:\/\/forcadell.com\/ca\/#website"},"datePublished":"2025-11-04T14:13:35+00:00","dateModified":"2026-04-29T12:05:34+00:00","breadcrumb":{"@id":"https:\/\/forcadell.com\/ca\/propiedades\/torre-llacuna-5\/#breadcrumb"},"inLanguage":"ca","potentialAction":[{"@type":"ReadAction","target":["https:\/\/forcadell.com\/ca\/propiedades\/torre-llacuna-5\/"]}]},{"@type":"BreadcrumbList","@id":"https:\/\/forcadell.com\/ca\/propiedades\/torre-llacuna-5\/#breadcrumb","itemListElement":[{"@type":"ListItem","position":1,"name":"Portada","item":"https:\/\/forcadell.com\/ca\/"},{"@type":"ListItem","position":2,"name":"Properties","item":"https:\/\/forcadell.com\/ca\/propiedades\/"},{"@type":"ListItem","position":3,"name":"TORRE LLACUNA"}]},{"@type":"WebSite","@id":"https:\/\/forcadell.com\/ca\/#website","url":"https:\/\/forcadell.com\/ca\/","name":"Forcadell","description":"Inmobiliaria Barcelona | Consultores inmobiliarios","potentialAction":[{"@type":"SearchAction","target":{"@type":"EntryPoint","urlTemplate":"https:\/\/forcadell.com\/ca\/?s={search_term_string}"},"query-input":{"@type":"PropertyValueSpecification","valueRequired":true,"valueName":"search_term_string"}}],"inLanguage":"ca"}]}},"_links":{"self":[{"href":"https:\/\/forcadell.com\/ca\/wp-json\/wp\/v2\/properties_post\/57859","targetHints":{"allow":["GET"]}}],"collection":[{"href":"https:\/\/forcadell.com\/ca\/wp-json\/wp\/v2\/properties_post"}],"about":[{"href":"https:\/\/forcadell.com\/ca\/wp-json\/wp\/v2\/types\/properties_post"}],"wp:attachment":[{"href":"https:\/\/forcadell.com\/ca\/wp-json\/wp\/v2\/media?parent=57859"}],"curies":[{"name":"wp","href":"https:\/\/api.w.org\/{rel}","templated":true}]}}