{"id":57856,"date":"2025-11-04T16:13:25","date_gmt":"2025-11-04T14:13:25","guid":{"rendered":"https:\/\/www.forcadell.com\/propiedades\/torre-llacuna-2\/"},"modified":"2026-04-26T10:05:06","modified_gmt":"2026-04-26T08:05:06","slug":"torre-llacuna-2","status":"publish","type":"properties_post","link":"https:\/\/forcadell.com\/ca\/propiedades\/torre-llacuna-2\/","title":{"rendered":"TORRE LLACUNA"},"content":{"rendered":"<p>Torre Llacuna: Ubicaci\u00f3n Prime en el 22@, junto a la nueva Pla\u00e7a de les Gl\u00f2ries, en la calle Llacuna, n\u00ba166.<\/p>\n<p>Torre Llacuna se reposiciona como un s\u00edmbolo de distinci\u00f3n para las empresas del futuro, ofreciendo oficinas con vistas panor\u00e1micas privilegiadas de toda la ciudad. Ubicado en la zona Prime del 22@, este edificio representa la vanguardia en espacios de trabajo.<\/p>\n<p>Caracter\u00edsticas del Edificio:<\/p>\n<p>\u00c1rea Com\u00fan Vers\u00e1til: Sala polivalente para formaci\u00f3n, eventos, reuniones o conferencias.<br \/>\nCoffee Lounge y Terraza: Espacio de descanso en la planta 1\u00aa.<br \/>\nVestuarios con Duchas: Comodidades para el bienestar de los empleados.<br \/>\nGran Lobby de Acceso: Pantalla LED 360\u00ba para una bienvenida impactante.<br \/>\nParking para Bicicletas y Patinetes: Con cargadores el\u00e9ctricos.<br \/>\nParking para Coches: Con puntos de carga el\u00e9ctrica.<br \/>\nCertificaciones: Breeam, Well &amp; Wiredscore, asegurando sostenibilidad y conectividad.<br \/>\nCaracter\u00edsticas T\u00e9cnicas:<\/p>\n<p>Capacidad del Edificio: Hasta 647 personas sobre rasante.<br \/>\nN\u00facleo de Comunicaciones: Cuatro ascensores para un acceso eficiente.<br \/>\nAprovechamiento de Luz Natural: Cuatro fachadas que maximizan la iluminaci\u00f3n natural.<br \/>\nRatio de Ocupaci\u00f3n: M\u00e1ximo de 1:10.<br \/>\nAltura Libre: 3,15 metros.<br \/>\nSuelo T\u00e9cnico: 18 cm, con instalaciones en techo vistas.<br \/>\nIluminaci\u00f3n LED: En el interior y el exterior del edificio.<br \/>\nClimatizaci\u00f3n Central VRV: Permite suministro simult\u00e1neo de calor y fr\u00edo, formado por fancoils y gestionado por BMS.<br \/>\nDise\u00f1o que Optimiza la Luz Natural y las Vistas<\/p>\n<p>El dise\u00f1o de Torre Llacuna optimiza las condiciones de luz natural y ofrece vistas desde los puestos de trabajo, creando un ambiente de trabajo agradable y productivo.<\/p>\n<p>Excelente Conectividad de Transporte P\u00fablico:<\/p>\n<p>Metro: L1-Gl\u00f2ries, L4-Llacuna, L4-Poblenou.<br \/>\nAutob\u00fas: N8, V25, H12, N2, N7, 6, 136, B20, B25, N6.<br \/>\nTranv\u00eda: T4, T5, T6.<\/p>\n<p>Ven a conocer Torre Llacuna y descubre c\u00f3mo puede ser el nuevo hogar para tu empresa en el vibrante y din\u00e1mico 22@.<\/p>\n","protected":false},"template":"","class_list":["post-57856","properties_post","type-properties_post","status-publish","hentry","properties_modality-rent","properties_district-sant-marti","properties_province-barcelona","properties_zone-116","properties_state-barcelona","properties_subclass-oficina","properties_type-oficina"],"acf":{"post_type_properties_post_property_code":"11244716","post_type_properties_post_property_reference":"IE-224361","post_type_properties_post_owner_id":"145050","post_type_properties_post_owner_name":"LLACUNA BUILDING SL","post_type_properties_post_property_code_encrypted":"MjQ5JDI5Mjgz","post_type_properties_post_published":"1","post_type_properties_post_property_visibility":"idealista","post_type_properties_post_contact_name":"Forcadell Oficinas Barcelona","post_type_properties_post_contact_email":"forcadell.oficinas.barcelona@movin.cloud","post_type_properties_post_contact_primary_phone_prefix":"34","post_type_properties_post_contact_primary_phone_number":"934965413","post_type_properties_post_address_visibility":"street","post_type_properties_post_address_country":"Spain","post_type_properties_post_address_coordinates_precision":"exact","post_type_properties_post_address_postal_code":"08018","post_type_properties_post_address_coordinates_latitude":"41.40692","post_type_properties_post_address_coordinates_longitude":"2.19215","post_type_properties_post_address_street_name":"Llacuna, 166","post_type_properties_post_address_floor":"8","post_type_properties_post_address_town":"Barcelona","post_type_properties_post_building":[{"properties_post_description_language":"english","properties_post_title":"TORRE LLACUNA - 22@ Sant Mart\u00ed - Barcelona","properties_post_short_description_text_alt":"Located in the prime area of 22@, next to the new Pla\u00e7a de les Gl\u00f2ries, Torre Llacuna is repositioning itself as a symbol of distinction for the companies of the future, offering offices with privileged panoramic views of the entire city.\n\n580 m\u00b2 floors, with a 30 m\u00b2 private terrace.\nCommon area with a multipurpose room for training, events, meetings, or conferences.\nCoffee lounge with a shared terrace on the 1st floor.\nChanging rooms with showers.\nLarge lobby accessing the building with a 360\u00ba LED screen.\nBicycle and scooter parking with electric chargers.\nCar parking in the same building with electric charging stations.\nBreeam, Well, and Wiredscore certifications.","properties_post_description_text_alt":"Located in the prime area of 22@, next to the new Pla\u00e7a de les Gl\u00f2ries, Torre Llacuna is repositioning itself as a symbol of distinction for the companies of the future, offering offices with privileged panoramic views of the entire city.\n\n580 m\u00b2 floors, with a 30 m\u00b2 private terrace.\nCommon area with a multipurpose room for training, events, meetings, or conferences.\nCoffee lounge with a shared terrace on the 1st floor.\nChanging rooms with showers.\nLarge lobby accessing the building with a 360\u00ba LED screen.\nBicycle and scooter parking with electric chargers.\nCar parking in the same building with electric charging stations.\nBreeam, Well, and Wiredscore certifications.","properties_post_short_description_text":"Located in the prime area of 22@, next to the new Pla\u00e7a de les Gl\u00f2ries, Torre Llacuna is repositioning itself as a symbol of distinction for the companies of the future, offering offices with privileged panoramic views of the entire city.\n\n580 m\u00b2 floors, with a 30 m\u00b2 private terrace.\nCommon area with a multipurpose room for training, events, meetings, or conferences.\nCoffee lounge with a shared terrace on the 1st floor.\nChanging rooms with showers.\nLarge lobby accessing the building with a 360\u00ba LED screen.\nBicycle and scooter parking with electric chargers.\nCar parking in the same building with electric charging stations.\nBreeam, Well, and Wiredscore certifications.","properties_post_link_demanda_inmueble":"","properties_post_link_demanda_calendario_inmueble":"","properties_post_description_text":"Located in the prime area of 22@, next to the new Pla\u00e7a de les Gl\u00f2ries, Torre Llacuna is repositioning itself as a symbol of distinction for the companies of the future, offering offices with privileged panoramic views of the entire city.\n\n580 m\u00b2 floors, with a 30 m\u00b2 private terrace.\nCommon area with a multipurpose room for training, events, meetings, or conferences.\nCoffee lounge with a shared terrace on the 1st floor.\nChanging rooms with showers.\nLarge lobby accessing the building with a 360\u00ba LED screen.\nBicycle and scooter parking with electric chargers.\nCar parking in the same building with electric charging stations.\nBreeam, Well, and Wiredscore certifications.","properties_post_seo_title":"","properties_post_seo_alias":"","properties_post_seo_metadescription":"","properties_post_seo_key_words":"","properties_post_seo_url":"","properties_post_terms_conditions":""},{"properties_post_description_language":"spanish","properties_post_title":"TORRE LLACUNA - 22@ Sant Mart\u00ed - Barcelona","properties_post_short_description_text_alt":"Ubicado en la zona Prime del 22@, junto a la nueva Pla\u00e7a de les Gl\u00f2ries. Torre Llacuna se reposiciona como un s\u00edmbolo de distinci\u00f3n para las empresas del futuro, ofreciendo oficinas con vistas panor\u00e1micas privilegiadas de toda la ciudad.\n\n\nPlantas de 580 m\u00b2, con terraza privada de 30 m\u00b2.\n\u00c1rea com\u00fan con sala polivalente para formaci\u00f3n, eventos, reuniones o conferencias.\nCoffee lounge con terraza com\u00fan en planta 1\u00aa\nVestuarios con duchas\nGran lobby de acceso al edificio con pantalla LED 360\u00ba\nParking para bicicletas y patinetes con cargadores el\u00e9ctricos\nParking de coches en el mismo edificio con puntos de carga el\u00e9ctrica\nCertificaciones Breeam, Well & Wiredscore\n","properties_post_description_text_alt":"Ubicado en la zona Prime del 22@, junto a la nueva Pla\u00e7a de les Gl\u00f2ries. Torre Llacuna se reposiciona como un s\u00edmbolo de distinci\u00f3n para las empresas del futuro, ofreciendo oficinas con vistas panor\u00e1micas privilegiadas de toda la ciudad.\n\n\nPlantas de 580 m\u00b2, con terraza privada de 30 m\u00b2.\n\u00c1rea com\u00fan con sala polivalente para formaci\u00f3n, eventos, reuniones o conferencias.\nCoffee lounge con terraza com\u00fan en planta 1\u00aa\nVestuarios con duchas\nGran lobby de acceso al edificio con pantalla LED 360\u00ba\nParking para bicicletas y patinetes con cargadores el\u00e9ctricos\nParking de coches en el mismo edificio con puntos de carga el\u00e9ctrica\nCertificaciones Breeam, Well & Wiredscore\n","properties_post_short_description_text":"Ubicado en la zona Prime del 22@, junto a la nueva Pla\u00e7a de les Gl\u00f2ries. Torre Llacuna se reposiciona como un s\u00edmbolo de distinci\u00f3n para las empresas del futuro, ofreciendo oficinas con vistas panor\u00e1micas privilegiadas de toda la ciudad.\n\n\nPlantas de 580 m\u00b2, con terraza privada de 30 m\u00b2.\n\u00c1rea com\u00fan con sala polivalente para formaci\u00f3n, eventos, reuniones o conferencias.\nCoffee lounge con terraza com\u00fan en planta 1\u00aa\nVestuarios con duchas\nGran lobby de acceso al edificio con pantalla LED 360\u00ba\nParking para bicicletas y patinetes con cargadores el\u00e9ctricos\nParking de coches en el mismo edificio con puntos de carga el\u00e9ctrica\nCertificaciones Breeam, Well & Wiredscore\n","properties_post_link_demanda_inmueble":"","properties_post_link_demanda_calendario_inmueble":"","properties_post_description_text":"Ubicado en la zona Prime del 22@, junto a la nueva Pla\u00e7a de les Gl\u00f2ries. Torre Llacuna se reposiciona como un s\u00edmbolo de distinci\u00f3n para las empresas del futuro, ofreciendo oficinas con vistas panor\u00e1micas privilegiadas de toda la ciudad.\n\n\nPlantas de 580 m\u00b2, con terraza privada de 30 m\u00b2.\n\u00c1rea com\u00fan con sala polivalente para formaci\u00f3n, eventos, reuniones o conferencias.\nCoffee lounge con terraza com\u00fan en planta 1\u00aa\nVestuarios con duchas\nGran lobby de acceso al edificio con pantalla LED 360\u00ba\nParking para bicicletas y patinetes con cargadores el\u00e9ctricos\nParking de coches en el mismo edificio con puntos de carga el\u00e9ctrica\nCertificaciones Breeam, Well & Wiredscore\n","properties_post_seo_title":"","properties_post_seo_alias":"","properties_post_seo_metadescription":"","properties_post_seo_key_words":"","properties_post_seo_url":"","properties_post_terms_conditions":""},{"properties_post_description_language":"catalan","properties_post_title":"TORRE LLACUNA - 22@ Sant Mart\u00ed - Barcelona","properties_post_short_description_text_alt":"Situat en la zona Prime del 22@, al costat de la nova Pla\u00e7a dels Gl\u00f2ries. Torre Llacuna es reposiciona com un s\u00edmbol de distinci\u00f3 per a les empreses del futur, oferint oficines amb vista panor\u00e0miques privilegiades de tota la ciutat.\n\n\u00c0rea comuna amb sala polivalent per a formaci\u00f3, esdeveniments, reunions o confer\u00e8ncies.\nCertificacions Breeam, Well & Wiredscore\nCoffee lounge amb terrassa comuna en planta 1a\nGran lobby d'acc\u00e9s a l'edifici amb pantalla LED 360\u00e8\nP\u00e0rquing de cotxes en el mateix edifici amb punts de c\u00e0rrega el\u00e8ctrica\nP\u00e0rquing per a bicicletes i patinets amb carregadors el\u00e8ctrics\nPlantes de 580 m\u00b2, amb terrassa privada de 30 m\u00b2.\nVestuaris amb dutxes","properties_post_description_text_alt":"Situat en la zona Prime del 22@, al costat de la nova Pla\u00e7a dels Gl\u00f2ries. Torre Llacuna es reposiciona com un s\u00edmbol de distinci\u00f3 per a les empreses del futur, oferint oficines amb vista panor\u00e0miques privilegiades de tota la ciutat.\n\n\u00c0rea comuna amb sala polivalent per a formaci\u00f3, esdeveniments, reunions o confer\u00e8ncies.\nCertificacions Breeam, Well & Wiredscore\nCoffee lounge amb terrassa comuna en planta 1a\nGran lobby d'acc\u00e9s a l'edifici amb pantalla LED 360\u00e8\nP\u00e0rquing de cotxes en el mateix edifici amb punts de c\u00e0rrega el\u00e8ctrica\nP\u00e0rquing per a bicicletes i patinets amb carregadors el\u00e8ctrics\nPlantes de 580 m\u00b2, amb terrassa privada de 30 m\u00b2.\nVestuaris amb dutxes","properties_post_short_description_text":"Situat en la zona Prime del 22@, al costat de la nova Pla\u00e7a dels Gl\u00f2ries. Torre Llacuna es reposiciona com un s\u00edmbol de distinci\u00f3 per a les empreses del futur, oferint oficines amb vista panor\u00e0miques privilegiades de tota la ciutat.\n\n\u00c0rea comuna amb sala polivalent per a formaci\u00f3, esdeveniments, reunions o confer\u00e8ncies.\nCertificacions Breeam, Well & Wiredscore\nCoffee lounge amb terrassa comuna en planta 1a\nGran lobby d'acc\u00e9s a l'edifici amb pantalla LED 360\u00e8\nP\u00e0rquing de cotxes en el mateix edifici amb punts de c\u00e0rrega el\u00e8ctrica\nP\u00e0rquing per a bicicletes i patinets amb carregadors el\u00e8ctrics\nPlantes de 580 m\u00b2, amb terrassa privada de 30 m\u00b2.\nVestuaris amb dutxes","properties_post_link_demanda_inmueble":"","properties_post_link_demanda_calendario_inmueble":"","properties_post_description_text":"Situat en la zona Prime del 22@, al costat de la nova Pla\u00e7a dels Gl\u00f2ries. Torre Llacuna es reposiciona com un s\u00edmbol de distinci\u00f3 per a les empreses del futur, oferint oficines amb vista panor\u00e0miques privilegiades de tota la ciutat.\n\n\u00c0rea comuna amb sala polivalent per a formaci\u00f3, esdeveniments, reunions o confer\u00e8ncies.\nCertificacions Breeam, Well & Wiredscore\nCoffee lounge amb terrassa comuna en planta 1a\nGran lobby d'acc\u00e9s a l'edifici amb pantalla LED 360\u00e8\nP\u00e0rquing de cotxes en el mateix edifici amb punts de c\u00e0rrega el\u00e8ctrica\nP\u00e0rquing per a bicicletes i patinets amb carregadors el\u00e8ctrics\nPlantes de 580 m\u00b2, amb terrassa privada de 30 m\u00b2.\nVestuaris amb dutxes","properties_post_seo_title":"","properties_post_seo_alias":"","properties_post_seo_metadescription":"","properties_post_seo_key_words":"","properties_post_seo_url":"","properties_post_terms_conditions":""}],"post_type_properties_post_property":[{"properties_post_description_language":"catalan","properties_post_title":"TORRE LLACUNA","properties_post_short_description_text_alt":"","properties_post_description_text_alt":"","properties_post_short_description_text":"","properties_post_link_demanda_inmueble":"https:\/\/movin.cloud\/ca\/Forcadell Oficinas Barcelona\/formulari-peticio-immoble\/sth\/2438&&11244716","properties_post_link_demanda_calendario_inmueble":"https:\/\/movin.cloud\/ca\/Forcadell Oficinas Barcelona\/calendari-peticio-immoble\/sth\/2438&&11244716","properties_post_description_text":"Torre Llacuna: ubicaci\u00f3 Prime al 22@, al costat de la nova Pla\u00e7a de les Gl\u00f2ries, al carrer Llacuna 166.\n\nTorre Llacuna es reposiciona com un s\u00edmbol de distinci\u00f3 per a les empreses del futur, oferint oficines amb vistes panor\u00e0miques privilegiades de tota la ciutat. Ubicat a la zona Prime del 22@, aquest edifici representa l'avantguarda en espais de treball.\n\nCaracter\u00edstiques de l'edifici:\n\n\u00c0rea Com\u00fa Vers\u00e0til: Sala polivalent per a formaci\u00f3, esdeveniments, reunions o confer\u00e8ncies.\nCoffee Lounge i Terrassa: Espai de descans a la planta 1a.\nVestuaris amb Dutxes: Comoditats per al benestar dels empleats.\nGran Lobby d'Acc\u00e9s: Pantalla LED 360 \u00ba per a una benvinguda impactant.\nP\u00e0rquing per a Bicicletes i Patinets: Amb carregadors el\u00e8ctrics.\nP\u00e0rquing per a Cotxes: Amb punts de c\u00e0rrega el\u00e8ctrica.\nCertificacions: Breeam, Well & Wiredscore, assegurant sostenibilitat i connectivitat\n\nCaracter\u00edstiques T\u00e8cniques:\n\nCapacitat de l'Edifici: Fins a 647 persones sobre rasant.\nNucli de Comunicacions: Quatre ascensors per a un acc\u00e9s eficient.\nAprofitament de Llum Natural: Quatre fa\u00e7anes que maximitzen la il\u00b7luminaci\u00f3 natural.\nR\u00e0tio d'ocupaci\u00f3: m\u00e0xim d'1:10.\nAl\u00e7ada Lliure: 3,15 metres.\nS\u00f2l t\u00e8cnic: 18 cm, amb instal\u00b7lacions al sostre vistes.\nIl\u00b7luminaci\u00f3 LED: A l'interior i l'exterior de l'edifici.\nClimatitzaci\u00f3 Central VRV: Permet subministrament simultani de calor i fred, format per fancoils i gestionat per BMS.\nDisseny que Optimitza la Llum Natural i les Vistes\n\nEl disseny de Torre Llacuna optimitza les condicions de llum natural i ofereix vista des dels llocs de treball, creant un ambient de treball agradable i productiu.\n\nExcel\u00b7lent Connectivitat de Transport P\u00fablic:\n\nMetro: L1-Gl\u00f2ries, L4-Llacuna, L4-Poblenou.\nAutob\u00fas: N8, V25, H12, N2, N7, 6, 136, B20, B25, N6.\nTramvia: T4, T5, T6.\n\nVine a con\u00e8ixer Torre Llacuna i descobreix com pot ser la nova llar per a la teva empresa al vibrant i din\u00e0mic 22@.","properties_post_seo_title":"","properties_post_seo_alias":"","properties_post_seo_metadescription":"","properties_post_seo_key_words":"","properties_post_seo_url":"","properties_post_terms_conditions":""},{"properties_post_description_language":"spanish","properties_post_title":"TORRE LLACUNA","properties_post_short_description_text_alt":"","properties_post_description_text_alt":"","properties_post_short_description_text":"","properties_post_link_demanda_inmueble":"https:\/\/movin.cloud\/es\/Forcadell Oficinas Barcelona\/formulario-peticion-inmueble\/sth\/2438&&11244716","properties_post_link_demanda_calendario_inmueble":"https:\/\/movin.cloud\/es\/Forcadell Oficinas Barcelona\/calendario-peticion-inmueble\/sth\/2438&&11244716","properties_post_description_text":"Torre Llacuna: Ubicaci\u00f3n Prime en el 22@, junto a la nueva Pla\u00e7a de les Gl\u00f2ries, en la calle Llacuna, n\u00ba166.\n\nTorre Llacuna se reposiciona como un s\u00edmbolo de distinci\u00f3n para las empresas del futuro, ofreciendo oficinas con vistas panor\u00e1micas privilegiadas de toda la ciudad. Ubicado en la zona Prime del 22@, este edificio representa la vanguardia en espacios de trabajo.\n\nCaracter\u00edsticas del Edificio:\n\n\u00c1rea Com\u00fan Vers\u00e1til: Sala polivalente para formaci\u00f3n, eventos, reuniones o conferencias.\nCoffee Lounge y Terraza: Espacio de descanso en la planta 1\u00aa.\nVestuarios con Duchas: Comodidades para el bienestar de los empleados.\nGran Lobby de Acceso: Pantalla LED 360\u00ba para una bienvenida impactante.\nParking para Bicicletas y Patinetes: Con cargadores el\u00e9ctricos.\nParking para Coches: Con puntos de carga el\u00e9ctrica.\nCertificaciones: Breeam, Well & Wiredscore, asegurando sostenibilidad y conectividad.\nCaracter\u00edsticas T\u00e9cnicas:\n\nCapacidad del Edificio: Hasta 647 personas sobre rasante.\nN\u00facleo de Comunicaciones: Cuatro ascensores para un acceso eficiente.\nAprovechamiento de Luz Natural: Cuatro fachadas que maximizan la iluminaci\u00f3n natural.\nRatio de Ocupaci\u00f3n: M\u00e1ximo de 1:10.\nAltura Libre: 3,15 metros.\nSuelo T\u00e9cnico: 18 cm, con instalaciones en techo vistas.\nIluminaci\u00f3n LED: En el interior y el exterior del edificio.\nClimatizaci\u00f3n Central VRV: Permite suministro simult\u00e1neo de calor y fr\u00edo, formado por fancoils y gestionado por BMS.\nDise\u00f1o que Optimiza la Luz Natural y las Vistas\n\nEl dise\u00f1o de Torre Llacuna optimiza las condiciones de luz natural y ofrece vistas desde los puestos de trabajo, creando un ambiente de trabajo agradable y productivo.\n\nExcelente Conectividad de Transporte P\u00fablico:\n\nMetro: L1-Gl\u00f2ries, L4-Llacuna, L4-Poblenou.\nAutob\u00fas: N8, V25, H12, N2, N7, 6, 136, B20, B25, N6.\nTranv\u00eda: T4, T5, T6.\n\nVen a conocer Torre Llacuna y descubre c\u00f3mo puede ser el nuevo hogar para tu empresa en el vibrante y din\u00e1mico 22@.","properties_post_seo_title":"","properties_post_seo_alias":"","properties_post_seo_metadescription":"","properties_post_seo_key_words":"","properties_post_seo_url":"","properties_post_terms_conditions":""}],"post_type_properties_post_features_type":"office","post_type_properties_post_id_building":"MjQ5JDI5NjI2","post_type_properties_post_features_area_constructed":580,"post_type_properties_post_features_conditioned_air":true,"post_type_properties_post_features_doorman":false,"post_type_properties_post_features_heating":true,"post_type_properties_post_features_equipped_kitchen":false,"post_type_properties_post_features_windows_location":"exterior","post_type_properties_post_features_floors_property":false,"post_type_properties_post_features_storage":false,"post_type_properties_post_features_security_door":false,"post_type_properties_post_features_energy_certificate_rating":"A","post_type_properties_post_features_energy_certificate_emissions_rating":"A","post_type_properties_post_features_energy_certificate_emissions_value":"","post_type_properties_post_features_energy_certificate_performance":"","post_type_properties_post_features_bathroom_inside":false,"post_type_properties_post_precio":13340,"post_type_properties_post_precio_alquiler":13340,"post_type_properties_post_record_type_id":"Oficina","post_type_properties_post_categoria__producto":"Oficina","post_type_properties_post_amueblado":false,"post_type_properties_post_precio_m2":23,"post_type_properties_post_zona__comunitaria":false,"post_type_properties_post_electrodomesticos":false,"post_type_properties_post_patio__interior":true,"post_type_properties_post_certificado_energetico_general":"A","post_type_properties_post_certificado_energetico_consumo":"A","post_type_properties_post_certificado_energetico_valor_emisiones":"","post_type_properties_post_certificado_energetico_valor_consumo":"","post_type_properties_post_modalidad":"rent","post_type_properties_post_provincia":"Barcelona","post_type_properties_post_poblacion":"Barcelona","post_type_properties_post_centro__urbano":false,"post_type_properties_post_zonificacion":"22 @","post_type_properties_post_cartera":"","post_type_properties_post_titulo_catalan":"TORRE LLACUNA","post_type_properties_post_internet_catalan":"Torre Llacuna: ubicaci\u00f3 Prime al 22@, al costat de la nova Pla\u00e7a de les Gl\u00f2ries, al carrer Llacuna 166.\n\nTorre Llacuna es reposiciona com un s\u00edmbol de distinci\u00f3 per a les empreses del futur, oferint oficines amb vistes panor\u00e0miques privilegiades de tota la ciutat. Ubicat a la zona Prime del 22@, aquest edifici representa l'avantguarda en espais de treball.\n\nCaracter\u00edstiques de l'edifici:\n\n\u00c0rea Com\u00fa Vers\u00e0til: Sala polivalent per a formaci\u00f3, esdeveniments, reunions o confer\u00e8ncies.\nCoffee Lounge i Terrassa: Espai de descans a la planta 1a.\nVestuaris amb Dutxes: Comoditats per al benestar dels empleats.\nGran Lobby d'Acc\u00e9s: Pantalla LED 360 \u00ba per a una benvinguda impactant.\nP\u00e0rquing per a Bicicletes i Patinets: Amb carregadors el\u00e8ctrics.\nP\u00e0rquing per a Cotxes: Amb punts de c\u00e0rrega el\u00e8ctrica.\nCertificacions: Breeam, Well & Wiredscore, assegurant sostenibilitat i connectivitat\n\nCaracter\u00edstiques T\u00e8cniques:\n\nCapacitat de l'Edifici: Fins a 647 persones sobre rasant.\nNucli de Comunicacions: Quatre ascensors per a un acc\u00e9s eficient.\nAprofitament de Llum Natural: Quatre fa\u00e7anes que maximitzen la il\u00b7luminaci\u00f3 natural.\nR\u00e0tio d'ocupaci\u00f3: m\u00e0xim d'1:10.\nAl\u00e7ada Lliure: 3,15 metres.\nS\u00f2l t\u00e8cnic: 18 cm, amb instal\u00b7lacions al sostre vistes.\nIl\u00b7luminaci\u00f3 LED: A l'interior i l'exterior de l'edifici.\nClimatitzaci\u00f3 Central VRV: Permet subministrament simultani de calor i fred, format per fancoils i gestionat per BMS.\nDisseny que Optimitza la Llum Natural i les Vistes\n\nEl disseny de Torre Llacuna optimitza les condicions de llum natural i ofereix vista des dels llocs de treball, creant un ambient de treball agradable i productiu.\n\nExcel\u00b7lent Connectivitat de Transport P\u00fablic:\n\nMetro: L1-Gl\u00f2ries, L4-Llacuna, L4-Poblenou.\nAutob\u00fas: N8, V25, H12, N2, N7, 6, 136, B20, B25, N6.\nTramvia: T4, T5, T6.\n\nVine a con\u00e8ixer Torre Llacuna i descobreix com pot ser la nova llar per a la teva empresa al vibrant i din\u00e0mic 22@.","post_type_properties_post_titulo_castellano":"TORRE LLACUNA","post_type_properties_post_internet_castellano":"Torre Llacuna: Ubicaci\u00f3n Prime en el 22@, junto a la nueva Pla\u00e7a de les Gl\u00f2ries, en la calle Llacuna, n\u00ba166.\n\nTorre Llacuna se reposiciona como un s\u00edmbolo de distinci\u00f3n para las empresas del futuro, ofreciendo oficinas con vistas panor\u00e1micas privilegiadas de toda la ciudad. Ubicado en la zona Prime del 22@, este edificio representa la vanguardia en espacios de trabajo.\n\nCaracter\u00edsticas del Edificio:\n\n\u00c1rea Com\u00fan Vers\u00e1til: Sala polivalente para formaci\u00f3n, eventos, reuniones o conferencias.\nCoffee Lounge y Terraza: Espacio de descanso en la planta 1\u00aa.\nVestuarios con Duchas: Comodidades para el bienestar de los empleados.\nGran Lobby de Acceso: Pantalla LED 360\u00ba para una bienvenida impactante.\nParking para Bicicletas y Patinetes: Con cargadores el\u00e9ctricos.\nParking para Coches: Con puntos de carga el\u00e9ctrica.\nCertificaciones: Breeam, Well & Wiredscore, asegurando sostenibilidad y conectividad.\nCaracter\u00edsticas T\u00e9cnicas:\n\nCapacidad del Edificio: Hasta 647 personas sobre rasante.\nN\u00facleo de Comunicaciones: Cuatro ascensores para un acceso eficiente.\nAprovechamiento de Luz Natural: Cuatro fachadas que maximizan la iluminaci\u00f3n natural.\nRatio de Ocupaci\u00f3n: M\u00e1ximo de 1:10.\nAltura Libre: 3,15 metros.\nSuelo T\u00e9cnico: 18 cm, con instalaciones en techo vistas.\nIluminaci\u00f3n LED: En el interior y el exterior del edificio.\nClimatizaci\u00f3n Central VRV: Permite suministro simult\u00e1neo de calor y fr\u00edo, formado por fancoils y gestionado por BMS.\nDise\u00f1o que Optimiza la Luz Natural y las Vistas\n\nEl dise\u00f1o de Torre Llacuna optimiza las condiciones de luz natural y ofrece vistas desde los puestos de trabajo, creando un ambiente de trabajo agradable y productivo.\n\nExcelente Conectividad de Transporte P\u00fablico:\n\nMetro: L1-Gl\u00f2ries, L4-Llacuna, L4-Poblenou.\nAutob\u00fas: N8, V25, H12, N2, N7, 6, 136, B20, B25, N6.\nTranv\u00eda: T4, T5, T6.\n\nVen a conocer Torre Llacuna y descubre c\u00f3mo puede ser el nuevo hogar para tu empresa en el vibrante y din\u00e1mico 22@.","post_type_properties_post_titulo_ingles":"","post_type_properties_post_internet_ingles":"","post_type_properties_post_features_classification_commercial":false,"post_type_properties_post_features_conservation":"fully_reformed","post_type_properties_post_features_security_personnel":false,"post_type_properties_post_features_parking_available":false,"post_type_properties_post_features_garage_capacity_type":"","post_type_properties_post_features_bathroom_number":"","post_type_properties_post_eje":"","post_type_properties_post_zona":"","post_type_properties_post_comarca":"","post_type_properties_post_features_built_year":"","post_type_properties_post_renta_mensual":13340,"post_type_properties_post_fianza":"","post_type_properties_post_features_area_plot":"","post_type_properties_post_features_area_buildable":"","post_type_properties_post_features_classification_industrial":false,"post_type_properties_post_distrito":"","post_type_properties_post_features_balcony":false,"post_type_properties_post_features_bedroom_number":"","post_type_properties_post_features_heating_type":"","post_type_properties_post_features_equipped_with_furniture":false,"post_type_properties_post_features_pets_allowed":false,"post_type_properties_post_features_pool":false,"post_type_properties_post_features_terrace":false,"post_type_properties_post_features_wardrobes":false,"post_type_properties_post_features_lift_available":false,"post_type_properties_post_features_handicap_adapted_access":false,"post_type_properties_post_features_orientation_east":false,"post_type_properties_post_features_orientation_west":false,"post_type_properties_post_features_orientation_north":false,"post_type_properties_post_features_orientation_south":false,"post_type_properties_post_features_parking_spaces_number":"","post_type_properties_post_features_security_alarm":false,"post_type_properties_post_features_security_system":false,"post_type_properties_post_open_plan":false,"post_type_properties_post_acceso_24_7":false,"post_type_properties_post_oficina_privada":false,"post_type_properties_post_sala_reuniones":false,"post_type_properties_post_espacio_eventos":false,"post_type_properties_post_office":false,"post_type_properties_post_restaurant":false,"post_type_properties_post_acepta_traspaso":false,"post_type_properties_post_vigilancia":true,"post_type_properties_post_features_suite":false,"post_type_properties_post_features_vitro":false,"post_type_properties_post_features_oven":false,"post_type_properties_post_features_microwave":false,"post_type_properties_post_features_washing_machine":false,"post_type_properties_post_features_dryer":false,"post_type_properties_post_features_dishwasher":false,"post_type_properties_post_features_fridge":false,"post_type_properties_post_features_fridge_mini":false,"post_type_properties_post_features_kettle":false,"post_type_properties_post_features_toaster":false,"post_type_properties_post_features_coffee_maker":false,"post_type_properties_post_features_iron":false,"post_type_properties_post_features_ironing_board":false,"post_type_properties_post_features_safe":false,"post_type_properties_post_features_internet":false,"post_type_properties_post_features_solarium":false,"post_type_properties_post_features_clean_service":false,"post_type_properties_post_features_t_v":false,"post_type_properties_post_features_satellite_t_v":false,"post_type_properties_post_features_gas_kitchen":false,"post_type_properties_post_features_view_mountain":true,"post_type_properties_post_features_view_sea":true,"post_type_properties_post_features_concierge":false,"post_type_properties_post_features_loading_dock":false,"post_type_properties_post_features_bridge_crane":false,"post_type_properties_post_features_located_at_corner":false,"post_type_properties_post_features_smoke_extraction":false,"post_type_properties_post_features_rooms":"","post_type_properties_post_features_garden_area":"","post_type_properties_post_features_utilities_water":false,"post_type_properties_post_features_utilities_electricity":false,"post_type_properties_post_features_utilities_natural_gas":false,"post_type_properties_post_features_building_adapted":false,"post_type_properties_post_features_garden":false,"post_type_properties_post_features_classification_hotel":false,"post_type_properties_post_features_classification_chalet":false,"post_type_properties_post_certificado_energetico_emisiones":"A","post_type_properties_post_barrio":"","post_type_properties_post_distrito_empresa":"Sant Mart\u00ed","post_type_properties_post_features_property_category_intern":"","post_type_properties_post_implantada":false,"post_type_properties_post_sello_leed":"","post_type_properties_post_sello_well":"","post_type_properties_post_sello_breeam":true,"post_type_properties_post_images":[{"properties_post_image_order":1,"properties_post_image_url":"https:\/\/movin.cloud\/empresas\/2438\/imagenes\/11244716\/en-alquiler-60.webp","properties_post_image_url_thumbnail":"https:\/\/movin.cloud\/empresas\/2438\/imagenes\/thumbnails\/11244716\/en-alquiler-60.webp","properties_post_title":"en alquiler 60","properties_post_alt":"en alquiler 60"},{"properties_post_image_order":2,"properties_post_image_url":"https:\/\/movin.cloud\/empresas\/2438\/imagenes\/11244716\/en-alquiler-68.webp","properties_post_image_url_thumbnail":"https:\/\/movin.cloud\/empresas\/2438\/imagenes\/thumbnails\/11244716\/en-alquiler-68.webp","properties_post_title":"en alquiler 68","properties_post_alt":"en alquiler 68"},{"properties_post_image_order":3,"properties_post_image_url":"https:\/\/movin.cloud\/empresas\/2438\/imagenes\/11244716\/en-alquiler-58.webp","properties_post_image_url_thumbnail":"https:\/\/movin.cloud\/empresas\/2438\/imagenes\/thumbnails\/11244716\/en-alquiler-58.webp","properties_post_title":"en alquiler 58","properties_post_alt":"en alquiler 58"},{"properties_post_image_order":4,"properties_post_image_url":"https:\/\/movin.cloud\/empresas\/2438\/imagenes\/11244716\/en-alquiler-61.webp","properties_post_image_url_thumbnail":"https:\/\/movin.cloud\/empresas\/2438\/imagenes\/thumbnails\/11244716\/en-alquiler-61.webp","properties_post_title":"en alquiler 61","properties_post_alt":"en alquiler 61"},{"properties_post_image_order":5,"properties_post_image_url":"https:\/\/movin.cloud\/empresas\/2438\/imagenes\/11244716\/en-alquiler-35.webp","properties_post_image_url_thumbnail":"https:\/\/movin.cloud\/empresas\/2438\/imagenes\/thumbnails\/11244716\/en-alquiler-35.webp","properties_post_title":"en alquiler 35","properties_post_alt":"en alquiler 35"},{"properties_post_image_order":6,"properties_post_image_url":"https:\/\/movin.cloud\/empresas\/2438\/imagenes\/11244716\/en-alquiler-62.webp","properties_post_image_url_thumbnail":"https:\/\/movin.cloud\/empresas\/2438\/imagenes\/thumbnails\/11244716\/en-alquiler-62.webp","properties_post_title":"en alquiler 62","properties_post_alt":"en alquiler 62"},{"properties_post_image_order":7,"properties_post_image_url":"https:\/\/movin.cloud\/empresas\/2438\/imagenes\/11244716\/en-alquiler-63.webp","properties_post_image_url_thumbnail":"https:\/\/movin.cloud\/empresas\/2438\/imagenes\/thumbnails\/11244716\/en-alquiler-63.webp","properties_post_title":"en alquiler 63","properties_post_alt":"en alquiler 63"},{"properties_post_image_order":8,"properties_post_image_url":"https:\/\/movin.cloud\/empresas\/2438\/imagenes\/11244716\/en-alquiler-64.webp","properties_post_image_url_thumbnail":"https:\/\/movin.cloud\/empresas\/2438\/imagenes\/thumbnails\/11244716\/en-alquiler-64.webp","properties_post_title":"en alquiler 64","properties_post_alt":"en alquiler 64"},{"properties_post_image_order":9,"properties_post_image_url":"https:\/\/movin.cloud\/empresas\/2438\/imagenes\/11244716\/en-alquiler-59.webp","properties_post_image_url_thumbnail":"https:\/\/movin.cloud\/empresas\/2438\/imagenes\/thumbnails\/11244716\/en-alquiler-59.webp","properties_post_title":"en alquiler 59","properties_post_alt":"en alquiler 59"},{"properties_post_image_order":10,"properties_post_image_url":"https:\/\/movin.cloud\/empresas\/2438\/imagenes\/11244716\/en-alquiler-53.webp","properties_post_image_url_thumbnail":"https:\/\/movin.cloud\/empresas\/2438\/imagenes\/thumbnails\/11244716\/en-alquiler-53.webp","properties_post_title":"en alquiler 53","properties_post_alt":"en alquiler 53"},{"properties_post_image_order":11,"properties_post_image_url":"https:\/\/movin.cloud\/empresas\/2438\/imagenes\/11244716\/en-alquiler-39.webp","properties_post_image_url_thumbnail":"https:\/\/movin.cloud\/empresas\/2438\/imagenes\/thumbnails\/11244716\/en-alquiler-39.webp","properties_post_title":"en alquiler 39","properties_post_alt":"en alquiler 39"},{"properties_post_image_order":12,"properties_post_image_url":"https:\/\/movin.cloud\/empresas\/2438\/imagenes\/11244716\/en-alquiler-40.webp","properties_post_image_url_thumbnail":"https:\/\/movin.cloud\/empresas\/2438\/imagenes\/thumbnails\/11244716\/en-alquiler-40.webp","properties_post_title":"en alquiler 40","properties_post_alt":"en alquiler 40"},{"properties_post_image_order":13,"properties_post_image_url":"https:\/\/movin.cloud\/empresas\/2438\/imagenes\/11244716\/en-alquiler-47.webp","properties_post_image_url_thumbnail":"https:\/\/movin.cloud\/empresas\/2438\/imagenes\/thumbnails\/11244716\/en-alquiler-47.webp","properties_post_title":"en alquiler 47","properties_post_alt":"en alquiler 47"},{"properties_post_image_order":14,"properties_post_image_url":"https:\/\/movin.cloud\/empresas\/2438\/imagenes\/11244716\/en-alquiler-46.webp","properties_post_image_url_thumbnail":"https:\/\/movin.cloud\/empresas\/2438\/imagenes\/thumbnails\/11244716\/en-alquiler-46.webp","properties_post_title":"en alquiler 46","properties_post_alt":"en alquiler 46"},{"properties_post_image_order":15,"properties_post_image_url":"https:\/\/movin.cloud\/empresas\/2438\/imagenes\/11244716\/en-alquiler-44.webp","properties_post_image_url_thumbnail":"https:\/\/movin.cloud\/empresas\/2438\/imagenes\/thumbnails\/11244716\/en-alquiler-44.webp","properties_post_title":"en alquiler 44","properties_post_alt":"en alquiler 44"},{"properties_post_image_order":16,"properties_post_image_url":"https:\/\/movin.cloud\/empresas\/2438\/imagenes\/11244716\/en-alquiler-36.webp","properties_post_image_url_thumbnail":"https:\/\/movin.cloud\/empresas\/2438\/imagenes\/thumbnails\/11244716\/en-alquiler-36.webp","properties_post_title":"en alquiler 36","properties_post_alt":"en alquiler 36"},{"properties_post_image_order":17,"properties_post_image_url":"https:\/\/movin.cloud\/empresas\/2438\/imagenes\/11244716\/en-alquiler-37.webp","properties_post_image_url_thumbnail":"https:\/\/movin.cloud\/empresas\/2438\/imagenes\/thumbnails\/11244716\/en-alquiler-37.webp","properties_post_title":"en alquiler 37","properties_post_alt":"en alquiler 37"},{"properties_post_image_order":18,"properties_post_image_url":"https:\/\/movin.cloud\/empresas\/2438\/imagenes\/11244716\/en-alquiler-52.webp","properties_post_image_url_thumbnail":"https:\/\/movin.cloud\/empresas\/2438\/imagenes\/thumbnails\/11244716\/en-alquiler-52.webp","properties_post_title":"en alquiler 52","properties_post_alt":"en alquiler 52"},{"properties_post_image_order":19,"properties_post_image_url":"https:\/\/movin.cloud\/empresas\/2438\/imagenes\/11244716\/en-alquiler-38.webp","properties_post_image_url_thumbnail":"https:\/\/movin.cloud\/empresas\/2438\/imagenes\/thumbnails\/11244716\/en-alquiler-38.webp","properties_post_title":"en alquiler 38","properties_post_alt":"en alquiler 38"},{"properties_post_image_order":20,"properties_post_image_url":"https:\/\/movin.cloud\/empresas\/2438\/imagenes\/11244716\/en-alquiler-41.webp","properties_post_image_url_thumbnail":"https:\/\/movin.cloud\/empresas\/2438\/imagenes\/thumbnails\/11244716\/en-alquiler-41.webp","properties_post_title":"en alquiler 41","properties_post_alt":"en alquiler 41"},{"properties_post_image_order":21,"properties_post_image_url":"https:\/\/movin.cloud\/empresas\/2438\/imagenes\/11244716\/en-alquiler-43.webp","properties_post_image_url_thumbnail":"https:\/\/movin.cloud\/empresas\/2438\/imagenes\/thumbnails\/11244716\/en-alquiler-43.webp","properties_post_title":"en alquiler 43","properties_post_alt":"en alquiler 43"},{"properties_post_image_order":22,"properties_post_image_url":"https:\/\/movin.cloud\/empresas\/2438\/imagenes\/11244716\/en-alquiler-45.webp","properties_post_image_url_thumbnail":"https:\/\/movin.cloud\/empresas\/2438\/imagenes\/thumbnails\/11244716\/en-alquiler-45.webp","properties_post_title":"en alquiler 45","properties_post_alt":"en alquiler 45"},{"properties_post_image_order":23,"properties_post_image_url":"https:\/\/movin.cloud\/empresas\/2438\/imagenes\/11244716\/en-alquiler-54.webp","properties_post_image_url_thumbnail":"https:\/\/movin.cloud\/empresas\/2438\/imagenes\/thumbnails\/11244716\/en-alquiler-54.webp","properties_post_title":"en alquiler 54","properties_post_alt":"en alquiler 54"},{"properties_post_image_order":24,"properties_post_image_url":"https:\/\/movin.cloud\/empresas\/2438\/imagenes\/11244716\/en-alquiler-29.webp","properties_post_image_url_thumbnail":"https:\/\/movin.cloud\/empresas\/2438\/imagenes\/thumbnails\/11244716\/en-alquiler-29.webp","properties_post_title":"en alquiler 29","properties_post_alt":"en alquiler 29"},{"properties_post_image_order":25,"properties_post_image_url":"https:\/\/movin.cloud\/empresas\/2438\/imagenes\/11244716\/rent.webp","properties_post_image_url_thumbnail":"https:\/\/movin.cloud\/empresas\/2438\/imagenes\/thumbnails\/11244716\/rent.webp","properties_post_title":"rent","properties_post_alt":"rent"},{"properties_post_image_order":26,"properties_post_image_url":"https:\/\/movin.cloud\/empresas\/2438\/imagenes\/11244716\/en-alquiler-70.webp","properties_post_image_url_thumbnail":"https:\/\/movin.cloud\/empresas\/2438\/imagenes\/thumbnails\/11244716\/en-alquiler-70.webp","properties_post_title":"en alquiler 70","properties_post_alt":"en alquiler 70"},{"properties_post_image_order":27,"properties_post_image_url":"https:\/\/movin.cloud\/empresas\/2438\/imagenes\/11244716\/en-alquiler-71.webp","properties_post_image_url_thumbnail":"https:\/\/movin.cloud\/empresas\/2438\/imagenes\/thumbnails\/11244716\/en-alquiler-71.webp","properties_post_title":"en alquiler 71","properties_post_alt":"en alquiler 71"},{"properties_post_image_order":28,"properties_post_image_url":"https:\/\/movin.cloud\/empresas\/2438\/imagenes\/11244716\/en-alquiler-72.webp","properties_post_image_url_thumbnail":"https:\/\/movin.cloud\/empresas\/2438\/imagenes\/thumbnails\/11244716\/en-alquiler-72.webp","properties_post_title":"en alquiler 72","properties_post_alt":"en alquiler 72"},{"properties_post_image_order":29,"properties_post_image_url":"https:\/\/movin.cloud\/empresas\/2438\/imagenes\/11244716\/en-alquiler-73.webp","properties_post_image_url_thumbnail":"https:\/\/movin.cloud\/empresas\/2438\/imagenes\/thumbnails\/11244716\/en-alquiler-73.webp","properties_post_title":"en alquiler 73","properties_post_alt":"en alquiler 73"},{"properties_post_image_order":30,"properties_post_image_url":"https:\/\/movin.cloud\/empresas\/2438\/imagenes\/11244716\/en-alquiler-74.webp","properties_post_image_url_thumbnail":"https:\/\/movin.cloud\/empresas\/2438\/imagenes\/thumbnails\/11244716\/en-alquiler-74.webp","properties_post_title":"en alquiler 74","properties_post_alt":"en alquiler 74"},{"properties_post_image_order":31,"properties_post_image_url":"https:\/\/movin.cloud\/empresas\/2438\/imagenes\/11244716\/en-alquiler-75.webp","properties_post_image_url_thumbnail":"https:\/\/movin.cloud\/empresas\/2438\/imagenes\/thumbnails\/11244716\/en-alquiler-75.webp","properties_post_title":"en alquiler 75","properties_post_alt":"en alquiler 75"},{"properties_post_image_order":32,"properties_post_image_url":"https:\/\/movin.cloud\/empresas\/2438\/imagenes\/11244716\/en-alquiler-76.webp","properties_post_image_url_thumbnail":"https:\/\/movin.cloud\/empresas\/2438\/imagenes\/thumbnails\/11244716\/en-alquiler-76.webp","properties_post_title":"en alquiler 76","properties_post_alt":"en alquiler 76"},{"properties_post_image_order":33,"properties_post_image_url":"https:\/\/movin.cloud\/empresas\/2438\/imagenes\/11244716\/en-alquiler-77.webp","properties_post_image_url_thumbnail":"https:\/\/movin.cloud\/empresas\/2438\/imagenes\/thumbnails\/11244716\/en-alquiler-77.webp","properties_post_title":"en alquiler 77","properties_post_alt":"en alquiler 77"},{"properties_post_image_order":34,"properties_post_image_url":"https:\/\/movin.cloud\/empresas\/2438\/imagenes\/11244716\/en-alquiler-78.webp","properties_post_image_url_thumbnail":"https:\/\/movin.cloud\/empresas\/2438\/imagenes\/thumbnails\/11244716\/en-alquiler-78.webp","properties_post_title":"en alquiler 78","properties_post_alt":"en alquiler 78"},{"properties_post_image_order":35,"properties_post_image_url":"https:\/\/movin.cloud\/empresas\/2438\/imagenes\/11244716\/en-alquiler-79.webp","properties_post_image_url_thumbnail":"https:\/\/movin.cloud\/empresas\/2438\/imagenes\/thumbnails\/11244716\/en-alquiler-79.webp","properties_post_title":"en alquiler 79","properties_post_alt":"en alquiler 79"},{"properties_post_image_order":36,"properties_post_image_url":"https:\/\/movin.cloud\/empresas\/2438\/imagenes\/11244716\/en-alquiler-80.webp","properties_post_image_url_thumbnail":"https:\/\/movin.cloud\/empresas\/2438\/imagenes\/thumbnails\/11244716\/en-alquiler-80.webp","properties_post_title":"en alquiler 80","properties_post_alt":"en alquiler 80"},{"properties_post_image_order":37,"properties_post_image_url":"https:\/\/movin.cloud\/empresas\/2438\/imagenes\/11244716\/en-alquiler-81.webp","properties_post_image_url_thumbnail":"https:\/\/movin.cloud\/empresas\/2438\/imagenes\/thumbnails\/11244716\/en-alquiler-81.webp","properties_post_title":"en alquiler 81","properties_post_alt":"en alquiler 81"},{"properties_post_image_order":38,"properties_post_image_url":"https:\/\/movin.cloud\/empresas\/2438\/imagenes\/11244716\/en-alquiler-85.webp","properties_post_image_url_thumbnail":"https:\/\/movin.cloud\/empresas\/2438\/imagenes\/thumbnails\/11244716\/en-alquiler-85.webp","properties_post_title":"en alquiler 85","properties_post_alt":"en alquiler 85"},{"properties_post_image_order":39,"properties_post_image_url":"https:\/\/movin.cloud\/empresas\/2438\/imagenes\/11244716\/en-alquiler-86.webp","properties_post_image_url_thumbnail":"https:\/\/movin.cloud\/empresas\/2438\/imagenes\/thumbnails\/11244716\/en-alquiler-86.webp","properties_post_title":"en alquiler 86","properties_post_alt":"en alquiler 86"},{"properties_post_image_order":40,"properties_post_image_url":"https:\/\/movin.cloud\/empresas\/2438\/imagenes\/11244716\/en-alquiler-87.webp","properties_post_image_url_thumbnail":"https:\/\/movin.cloud\/empresas\/2438\/imagenes\/thumbnails\/11244716\/en-alquiler-87.webp","properties_post_title":"en alquiler 87","properties_post_alt":"en alquiler 87"},{"properties_post_image_order":41,"properties_post_image_url":"https:\/\/movin.cloud\/empresas\/2438\/imagenes\/11244716\/en-alquiler-88.webp","properties_post_image_url_thumbnail":"https:\/\/movin.cloud\/empresas\/2438\/imagenes\/thumbnails\/11244716\/en-alquiler-88.webp","properties_post_title":"en alquiler 88","properties_post_alt":"en alquiler 88"},{"properties_post_image_order":42,"properties_post_image_url":"https:\/\/movin.cloud\/empresas\/2438\/imagenes\/11244716\/en-alquiler-89.webp","properties_post_image_url_thumbnail":"https:\/\/movin.cloud\/empresas\/2438\/imagenes\/thumbnails\/11244716\/en-alquiler-89.webp","properties_post_title":"en alquiler 89","properties_post_alt":"en alquiler 89"},{"properties_post_image_order":43,"properties_post_image_url":"https:\/\/movin.cloud\/empresas\/2438\/imagenes\/11244716\/en-alquiler-90.webp","properties_post_image_url_thumbnail":"https:\/\/movin.cloud\/empresas\/2438\/imagenes\/thumbnails\/11244716\/en-alquiler-90.webp","properties_post_title":"en alquiler 90","properties_post_alt":"en alquiler 90"},{"properties_post_image_order":44,"properties_post_image_url":"https:\/\/movin.cloud\/empresas\/2438\/imagenes\/11244716\/en-alquiler-91.webp","properties_post_image_url_thumbnail":"https:\/\/movin.cloud\/empresas\/2438\/imagenes\/thumbnails\/11244716\/en-alquiler-91.webp","properties_post_title":"en alquiler 91","properties_post_alt":"en alquiler 91"},{"properties_post_image_order":45,"properties_post_image_url":"https:\/\/movin.cloud\/empresas\/2438\/imagenes\/11244716\/en-alquiler-92.webp","properties_post_image_url_thumbnail":"https:\/\/movin.cloud\/empresas\/2438\/imagenes\/thumbnails\/11244716\/en-alquiler-92.webp","properties_post_title":"en alquiler 92","properties_post_alt":"en alquiler 92"},{"properties_post_image_order":46,"properties_post_image_url":"https:\/\/movin.cloud\/empresas\/2438\/imagenes\/11244716\/en-alquiler-93.webp","properties_post_image_url_thumbnail":"https:\/\/movin.cloud\/empresas\/2438\/imagenes\/thumbnails\/11244716\/en-alquiler-93.webp","properties_post_title":"en alquiler 93","properties_post_alt":"en alquiler 93"},{"properties_post_image_order":47,"properties_post_image_url":"https:\/\/movin.cloud\/empresas\/2438\/imagenes\/11244716\/en-alquiler-94.webp","properties_post_image_url_thumbnail":"https:\/\/movin.cloud\/empresas\/2438\/imagenes\/thumbnails\/11244716\/en-alquiler-94.webp","properties_post_title":"en alquiler 94","properties_post_alt":"en alquiler 94"},{"properties_post_image_order":48,"properties_post_image_url":"https:\/\/movin.cloud\/empresas\/2438\/imagenes\/11244716\/en-alquiler-95.webp","properties_post_image_url_thumbnail":"https:\/\/movin.cloud\/empresas\/2438\/imagenes\/thumbnails\/11244716\/en-alquiler-95.webp","properties_post_title":"en alquiler 95","properties_post_alt":"en alquiler 95"},{"properties_post_image_order":49,"properties_post_image_url":"https:\/\/movin.cloud\/empresas\/2438\/imagenes\/11244716\/en-alquiler-96.webp","properties_post_image_url_thumbnail":"https:\/\/movin.cloud\/empresas\/2438\/imagenes\/thumbnails\/11244716\/en-alquiler-96.webp","properties_post_title":"en alquiler 96","properties_post_alt":"en alquiler 96"},{"properties_post_image_order":50,"properties_post_image_url":"https:\/\/movin.cloud\/empresas\/2438\/imagenes\/11244716\/en-alquiler-97.webp","properties_post_image_url_thumbnail":"https:\/\/movin.cloud\/empresas\/2438\/imagenes\/thumbnails\/11244716\/en-alquiler-97.webp","properties_post_title":"en alquiler 97","properties_post_alt":"en alquiler 97"},{"properties_post_image_order":51,"properties_post_image_url":"https:\/\/movin.cloud\/empresas\/2438\/imagenes\/11244716\/en-alquiler-98.webp","properties_post_image_url_thumbnail":"https:\/\/movin.cloud\/empresas\/2438\/imagenes\/thumbnails\/11244716\/en-alquiler-98.webp","properties_post_title":"en alquiler 98","properties_post_alt":"en alquiler 98"},{"properties_post_image_order":52,"properties_post_image_url":"https:\/\/movin.cloud\/empresas\/2438\/imagenes\/11244716\/en-alquiler-82.webp","properties_post_image_url_thumbnail":"https:\/\/movin.cloud\/empresas\/2438\/imagenes\/thumbnails\/11244716\/en-alquiler-82.webp","properties_post_title":"en alquiler 82","properties_post_alt":"en alquiler 82"},{"properties_post_image_order":53,"properties_post_image_url":"https:\/\/movin.cloud\/empresas\/2438\/imagenes\/11244716\/en-alquiler-84.webp","properties_post_image_url_thumbnail":"https:\/\/movin.cloud\/empresas\/2438\/imagenes\/thumbnails\/11244716\/en-alquiler-84.webp","properties_post_title":"en alquiler 84","properties_post_alt":"en alquiler 84"},{"properties_post_image_order":54,"properties_post_image_url":"https:\/\/movin.cloud\/empresas\/2438\/imagenes\/11244716\/en-alquiler-83.webp","properties_post_image_url_thumbnail":"https:\/\/movin.cloud\/empresas\/2438\/imagenes\/thumbnails\/11244716\/en-alquiler-83.webp","properties_post_title":"en alquiler 83","properties_post_alt":"en alquiler 83"}],"post_type_properties_post_videos":null,"post_type_properties_post_tour":null,"post_type_properties_post_dossier_url":"","post_type_properties_post_operation_type":"rent","post_type_properties_post_operation_price":13340,"post_type_properties_post_features_hidden_price":false},"yoast_head":"<!-- This site is optimized with the Yoast SEO plugin v25.6 - https:\/\/yoast.com\/wordpress\/plugins\/seo\/ -->\n<title>TORRE LLACUNA - Forcadell<\/title>\n<meta name=\"robots\" content=\"index, follow, max-snippet:-1, max-image-preview:large, max-video-preview:-1\" \/>\n<link rel=\"canonical\" href=\"https:\/\/forcadell.com\/ca\/propiedades\/torre-llacuna-2\/\" \/>\n<meta property=\"og:locale\" content=\"ca_ES\" \/>\n<meta property=\"og:type\" content=\"article\" \/>\n<meta property=\"og:title\" content=\"TORRE LLACUNA - Forcadell\" \/>\n<meta property=\"og:description\" content=\"Torre Llacuna: Ubicaci\u00f3n Prime en el 22@, junto a la nueva Pla\u00e7a de les Gl\u00f2ries, en la calle Llacuna, n\u00ba166. Torre Llacuna se reposiciona como un s\u00edmbolo de distinci\u00f3n para las empresas del futuro, ofreciendo oficinas con vistas panor\u00e1micas privilegiadas de toda la ciudad. Ubicado en la zona Prime del 22@, este edificio representa la [&hellip;]\" \/>\n<meta property=\"og:url\" content=\"https:\/\/forcadell.com\/ca\/propiedades\/torre-llacuna-2\/\" \/>\n<meta property=\"og:site_name\" content=\"Forcadell\" \/>\n<meta property=\"article:modified_time\" content=\"2026-04-26T08:05:06+00:00\" \/>\n<meta name=\"twitter:card\" content=\"summary_large_image\" \/>\n<meta name=\"twitter:label1\" content=\"Temps estimat de lectura\" \/>\n\t<meta name=\"twitter:data1\" content=\"2 minuts\" \/>\n<!-- \/ Yoast SEO plugin. -->","yoast_head_json":{"title":"TORRE LLACUNA - Forcadell","robots":{"index":"index","follow":"follow","max-snippet":"max-snippet:-1","max-image-preview":"max-image-preview:large","max-video-preview":"max-video-preview:-1"},"canonical":"https:\/\/forcadell.com\/ca\/propiedades\/torre-llacuna-2\/","og_locale":"ca_ES","og_type":"article","og_title":"TORRE LLACUNA - Forcadell","og_description":"Torre Llacuna: Ubicaci\u00f3n Prime en el 22@, junto a la nueva Pla\u00e7a de les Gl\u00f2ries, en la calle Llacuna, n\u00ba166. Torre Llacuna se reposiciona como un s\u00edmbolo de distinci\u00f3n para las empresas del futuro, ofreciendo oficinas con vistas panor\u00e1micas privilegiadas de toda la ciudad. Ubicado en la zona Prime del 22@, este edificio representa la [&hellip;]","og_url":"https:\/\/forcadell.com\/ca\/propiedades\/torre-llacuna-2\/","og_site_name":"Forcadell","article_modified_time":"2026-04-26T08:05:06+00:00","twitter_card":"summary_large_image","twitter_misc":{"Temps estimat de lectura":"2 minuts"},"schema":{"@context":"https:\/\/schema.org","@graph":[{"@type":"WebPage","@id":"https:\/\/forcadell.com\/ca\/propiedades\/torre-llacuna-2\/","url":"https:\/\/forcadell.com\/ca\/propiedades\/torre-llacuna-2\/","name":"TORRE LLACUNA - Forcadell","isPartOf":{"@id":"https:\/\/forcadell.com\/ca\/#website"},"datePublished":"2025-11-04T14:13:25+00:00","dateModified":"2026-04-26T08:05:06+00:00","breadcrumb":{"@id":"https:\/\/forcadell.com\/ca\/propiedades\/torre-llacuna-2\/#breadcrumb"},"inLanguage":"ca","potentialAction":[{"@type":"ReadAction","target":["https:\/\/forcadell.com\/ca\/propiedades\/torre-llacuna-2\/"]}]},{"@type":"BreadcrumbList","@id":"https:\/\/forcadell.com\/ca\/propiedades\/torre-llacuna-2\/#breadcrumb","itemListElement":[{"@type":"ListItem","position":1,"name":"Portada","item":"https:\/\/forcadell.com\/ca\/"},{"@type":"ListItem","position":2,"name":"Properties","item":"https:\/\/forcadell.com\/ca\/propiedades\/"},{"@type":"ListItem","position":3,"name":"TORRE LLACUNA"}]},{"@type":"WebSite","@id":"https:\/\/forcadell.com\/ca\/#website","url":"https:\/\/forcadell.com\/ca\/","name":"Forcadell","description":"Inmobiliaria Barcelona | Consultores inmobiliarios","potentialAction":[{"@type":"SearchAction","target":{"@type":"EntryPoint","urlTemplate":"https:\/\/forcadell.com\/ca\/?s={search_term_string}"},"query-input":{"@type":"PropertyValueSpecification","valueRequired":true,"valueName":"search_term_string"}}],"inLanguage":"ca"}]}},"_links":{"self":[{"href":"https:\/\/forcadell.com\/ca\/wp-json\/wp\/v2\/properties_post\/57856"}],"collection":[{"href":"https:\/\/forcadell.com\/ca\/wp-json\/wp\/v2\/properties_post"}],"about":[{"href":"https:\/\/forcadell.com\/ca\/wp-json\/wp\/v2\/types\/properties_post"}],"wp:attachment":[{"href":"https:\/\/forcadell.com\/ca\/wp-json\/wp\/v2\/media?parent=57856"}],"curies":[{"name":"wp","href":"https:\/\/api.w.org\/{rel}","templated":true}]}}