{"id":57827,"date":"2025-11-04T16:11:15","date_gmt":"2025-11-04T14:11:15","guid":{"rendered":"https:\/\/www.forcadell.com\/propiedades\/oficina-en-alquiler-en-el-distrito-22barcelona-av-diagonal-3\/"},"modified":"2026-04-26T17:05:50","modified_gmt":"2026-04-26T15:05:50","slug":"oficina-en-alquiler-en-el-distrito-22barcelona-av-diagonal-3","status":"publish","type":"properties_post","link":"https:\/\/forcadell.com\/ca\/propiedades\/oficina-en-alquiler-en-el-distrito-22barcelona-av-diagonal-3\/","title":{"rendered":"AV DIAGONAL &#8211; 22@"},"content":{"rendered":"<p>Torre de oficinas premium en el 22@ <\/p>\n<p>\u00bfBuscas una sede que transmita innovaci\u00f3n, prestigio y futuro?<br \/>\nBienvenido a una de las torres m\u00e1s ic\u00f3nicas de la Avenida Diagonal, en pleno epicentro del distrito 22@, donde la actividad empresarial y la creatividad se respiran en cada esquina.<\/p>\n<p>Situada a pasos de Pla\u00e7a de les Gl\u00f2ries y del eje comercial Gl\u00f2ries, esta torre ofrece vistas panor\u00e1micas al skyline de Barcelona y al Mediterr\u00e1neo, adem\u00e1s de una conectividad inmejorable.<\/p>\n<p>Dise\u00f1ada por el reconocido arquitecto David Chipperfield, la propiedad se eleva en 16 plantas con una SBA de 15.531 m\u00b2, 192 plazas de aparcamiento en tres plantas subterr\u00e1neas y 107 plazas adicionales para motos.<\/p>\n<p>Todo ello en un entorno con servicios consolidados: compras, restauraci\u00f3n, ocio y acceso directo a las principales v\u00edas de la ciudad.<\/p>\n<p>Caracter\u00edsticas destacadas:<\/p>\n<p>Certificaci\u00f3n BREEAM<br \/>\nVestuarios modernos<br \/>\nTaquillas inteligentes<br \/>\nTerrazas con vistas excepcionales<br \/>\nEstaciones de carga para veh\u00edculos el\u00e9ctricos<br \/>\nParking para bicicletas<\/p>\n<p>Conectividad:<br \/>\nBus: 7, 56, 60, 92, 192, H14, V25, X1<br \/>\nMetro: L1 \u2013 Gl\u00f2ries<br \/>\nRenfe: &#8220;El Clot &#8211; Arag\u00f3&#8221;<br \/>\nTram: T4-T5-T6 &#8220;Gl\u00f2ries&#8221;, T4 &#8220;Ca l&#8217;Arany\u00f3&#8221;<\/p>\n<p>Este edificio est\u00e1 pensado para empresas que buscan imagen, eficiencia, prestigio y una ubicaci\u00f3n estrat\u00e9gica dentro del ecosistema m\u00e1s innovador de Barcelona.<br \/>\nPerfecto para compa\u00f1\u00edas que quieren destacar y crecer en un entorno inspirador.<\/p>\n<p>\u00bfQuieres m\u00e1s informaci\u00f3n o programar una visita?<\/p>\n<p>Instala tu empresa en una de las torres m\u00e1s representativas del 22@.<br \/>\n\u00a1No dejes pasar esta oportunidad \u00fanica! <\/p>\n","protected":false},"template":"","class_list":["post-57827","properties_post","type-properties_post","status-publish","hentry","properties_modality-rent","properties_district-sant-marti","properties_province-barcelona","properties_zone-116","properties_state-barcelona","properties_subclass-oficina","properties_type-oficina"],"acf":{"post_type_properties_post_property_code":"11243905","post_type_properties_post_property_reference":"IE-223853","post_type_properties_post_owner_id":"50223","post_type_properties_post_owner_name":"INMOBILIARIA COLONIAL - SOCIMI SA","post_type_properties_post_property_code_encrypted":"MjQ5JDI4NDcy","post_type_properties_post_published":"1","post_type_properties_post_property_visibility":"idealista","post_type_properties_post_contact_name":"Forcadell Oficinas Barcelona","post_type_properties_post_contact_email":"forcadell.oficinas.barcelona@movin.cloud","post_type_properties_post_contact_primary_phone_prefix":"34","post_type_properties_post_contact_primary_phone_number":"934965413","post_type_properties_post_address_visibility":"street","post_type_properties_post_address_country":"Spain","post_type_properties_post_address_coordinates_precision":"exact","post_type_properties_post_address_postal_code":"08018","post_type_properties_post_address_coordinates_latitude":"41.404131412295","post_type_properties_post_address_coordinates_longitude":"2.1916309970695","post_type_properties_post_address_street_name":"Av. Diagonal 197","post_type_properties_post_address_floor":"1","post_type_properties_post_address_town":"Barcelona","post_type_properties_post_building":null,"post_type_properties_post_property":[{"properties_post_description_language":"catalan","properties_post_title":"AV DIAGONAL - 22@","properties_post_short_description_text_alt":"","properties_post_description_text_alt":"Torre d'oficines premium al 22@ \u2013 Barcelona\n\nBusques una seu que transmeti innovaci\u00f3, prestigi i futur?\nBenvingut a una de les torres m\u00e9s ic\u00f2niques de l'Avinguda Diagonal, en ple epicentre del districte 22@, on l'activitat empresarial i la creativitat es respiren a cada cantonada.\n\nSituada a passes de la Pla\u00e7a de les Gl\u00f2ries i de l'eix comercial Gl\u00f2ries, aquesta torre ofereix vistes panor\u00e0miques a l'skyline de Barcelona i al Mediterrani, a m\u00e9s d'una connectivitat immillorable.\n\nDissenyada pel reconegut arquitecte David Chipperfield, la propietat puja en 16 plantes amb una SBA de 15.531 m\u00b2, 192 places d'aparcament en tres plantes subterr\u00e0nies i 107 places addicionals per a motos.\n\nTot aix\u00f2 en un entorn amb serveis consolidats: compres, restauraci\u00f3, lleure i acc\u00e9s directe a les principals vies de la ciutat.\n\nCaracter\u00edstiques destacades\n\nCertificaci\u00f3 BREEAM\nVestuaris moderns\nTaquilles intel\u00b7ligents\nTerrasses amb vistes excepcionals\nEstacions de c\u00e0rrega per a vehicles el\u00e8ctrics\nP\u00e0rquing per a bicicletes\n\nConnectivitat:\nBus: 7, 56, 60, 92, 192, H14, V25, X1\nMetro: L1 \u2013 Gl\u00f2ries\nRenfe: \"El Clot - Arag\u00f3\"\nTram: T4-T5-T6 \"Gl\u00f2ries\", T4 \"Ca l'Arany\u00f3\"\n\nAquest edifici est\u00e0 pensat per a empreses que cerquen imatge, efici\u00e8ncia, prestigi i una ubicaci\u00f3 estrat\u00e8gica dins de l'ecosistema m\u00e9s innovador de Barcelona.\nPerfecte per a companyies que volen destacar i cr\u00e9ixer en un entorn inspirador.\n\nVols m\u00e9s informaci\u00f3 o programar una visita?\n\nInstal\u00b7la la teva empresa a una de les torres m\u00e9s representatives del 22@.\nNo deixeu passar aquesta oportunitat \u00fanica!","properties_post_short_description_text":" ","properties_post_link_demanda_inmueble":"https:\/\/movin.cloud\/ca\/Forcadell Oficinas Barcelona\/formulari-peticio-immoble\/sth\/2438&&11243905","properties_post_link_demanda_calendario_inmueble":"https:\/\/movin.cloud\/ca\/Forcadell Oficinas Barcelona\/calendari-peticio-immoble\/sth\/2438&&11243905","properties_post_description_text":"Torre d'oficines premium al 22@ \u2013 Barcelona\n\nBusques una seu que transmeti innovaci\u00f3, prestigi i futur?\nBenvingut a una de les torres m\u00e9s ic\u00f2niques de l'Avinguda Diagonal, en ple epicentre del districte 22@, on l'activitat empresarial i la creativitat es respiren a cada cantonada.\n\nSituada a passes de la Pla\u00e7a de les Gl\u00f2ries i de l'eix comercial Gl\u00f2ries, aquesta torre ofereix vistes panor\u00e0miques a l'skyline de Barcelona i al Mediterrani, a m\u00e9s d'una connectivitat immillorable.\n\nDissenyada pel reconegut arquitecte David Chipperfield, la propietat puja en 16 plantes amb una SBA de 15.531 m\u00b2, 192 places d'aparcament en tres plantes subterr\u00e0nies i 107 places addicionals per a motos.\n\nTot aix\u00f2 en un entorn amb serveis consolidats: compres, restauraci\u00f3, lleure i acc\u00e9s directe a les principals vies de la ciutat.\n\nCaracter\u00edstiques destacades\n\nCertificaci\u00f3 BREEAM\nVestuaris moderns\nTaquilles intel\u00b7ligents\nTerrasses amb vistes excepcionals\nEstacions de c\u00e0rrega per a vehicles el\u00e8ctrics\nP\u00e0rquing per a bicicletes\n\nConnectivitat:\nBus: 7, 56, 60, 92, 192, H14, V25, X1\nMetro: L1 \u2013 Gl\u00f2ries\nRenfe: \"El Clot - Arag\u00f3\"\nTram: T4-T5-T6 \"Gl\u00f2ries\", T4 \"Ca l'Arany\u00f3\"\n\nAquest edifici est\u00e0 pensat per a empreses que cerquen imatge, efici\u00e8ncia, prestigi i una ubicaci\u00f3 estrat\u00e8gica dins de l'ecosistema m\u00e9s innovador de Barcelona.\nPerfecte per a companyies que volen destacar i cr\u00e9ixer en un entorn inspirador.\n\nVols m\u00e9s informaci\u00f3 o programar una visita?\n\nInstal\u00b7la la teva empresa a una de les torres m\u00e9s representatives del 22@.\nNo deixeu passar aquesta oportunitat \u00fanica!","properties_post_seo_title":"","properties_post_seo_alias":"","properties_post_seo_metadescription":"","properties_post_seo_key_words":"","properties_post_seo_url":"","properties_post_terms_conditions":""},{"properties_post_description_language":"spanish","properties_post_title":"AV DIAGONAL - 22@","properties_post_short_description_text_alt":"","properties_post_description_text_alt":"Torre de oficinas premium en el 22@ \n\n\u00bfBuscas una sede que transmita innovaci\u00f3n, prestigio y futuro?\nBienvenido a una de las torres m\u00e1s ic\u00f3nicas de la Avenida Diagonal, en pleno epicentro del distrito 22@, donde la actividad empresarial y la creatividad se respiran en cada esquina.\n\nSituada a pasos de Pla\u00e7a de les Gl\u00f2ries y del eje comercial Gl\u00f2ries, esta torre ofrece vistas panor\u00e1micas al skyline de Barcelona y al Mediterr\u00e1neo, adem\u00e1s de una conectividad inmejorable.\n\nDise\u00f1ada por el reconocido arquitecto David Chipperfield, la propiedad se eleva en 16 plantas con una SBA de 15.531 m\u00b2, 192 plazas de aparcamiento en tres plantas subterr\u00e1neas y 107 plazas adicionales para motos.\n\nTodo ello en un entorno con servicios consolidados: compras, restauraci\u00f3n, ocio y acceso directo a las principales v\u00edas de la ciudad.\n\nCaracter\u00edsticas destacadas:\n\nCertificaci\u00f3n BREEAM\nVestuarios modernos\nTaquillas inteligentes\nTerrazas con vistas excepcionales\nEstaciones de carga para veh\u00edculos el\u00e9ctricos\nParking para bicicletas\n\nConectividad:\nBus: 7, 56, 60, 92, 192, H14, V25, X1\nMetro: L1 \u2013 Gl\u00f2ries\nRenfe: \"El Clot - Arag\u00f3\"\nTram: T4-T5-T6 \"Gl\u00f2ries\", T4 \"Ca l'Arany\u00f3\"\n \nEste edificio est\u00e1 pensado para empresas que buscan imagen, eficiencia, prestigio y una ubicaci\u00f3n estrat\u00e9gica dentro del ecosistema m\u00e1s innovador de Barcelona.\nPerfecto para compa\u00f1\u00edas que quieren destacar y crecer en un entorno inspirador.\n\n\u00bfQuieres m\u00e1s informaci\u00f3n o programar una visita?\n\nInstala tu empresa en una de las torres m\u00e1s representativas del 22@.\n\u00a1No dejes pasar esta oportunidad \u00fanica! ","properties_post_short_description_text":" ","properties_post_link_demanda_inmueble":"https:\/\/movin.cloud\/es\/Forcadell Oficinas Barcelona\/formulario-peticion-inmueble\/sth\/2438&&11243905","properties_post_link_demanda_calendario_inmueble":"https:\/\/movin.cloud\/es\/Forcadell Oficinas Barcelona\/calendario-peticion-inmueble\/sth\/2438&&11243905","properties_post_description_text":"Torre de oficinas premium en el 22@ \n\n\u00bfBuscas una sede que transmita innovaci\u00f3n, prestigio y futuro?\nBienvenido a una de las torres m\u00e1s ic\u00f3nicas de la Avenida Diagonal, en pleno epicentro del distrito 22@, donde la actividad empresarial y la creatividad se respiran en cada esquina.\n\nSituada a pasos de Pla\u00e7a de les Gl\u00f2ries y del eje comercial Gl\u00f2ries, esta torre ofrece vistas panor\u00e1micas al skyline de Barcelona y al Mediterr\u00e1neo, adem\u00e1s de una conectividad inmejorable.\n\nDise\u00f1ada por el reconocido arquitecto David Chipperfield, la propiedad se eleva en 16 plantas con una SBA de 15.531 m\u00b2, 192 plazas de aparcamiento en tres plantas subterr\u00e1neas y 107 plazas adicionales para motos.\n\nTodo ello en un entorno con servicios consolidados: compras, restauraci\u00f3n, ocio y acceso directo a las principales v\u00edas de la ciudad.\n\nCaracter\u00edsticas destacadas:\n\nCertificaci\u00f3n BREEAM\nVestuarios modernos\nTaquillas inteligentes\nTerrazas con vistas excepcionales\nEstaciones de carga para veh\u00edculos el\u00e9ctricos\nParking para bicicletas\n\nConectividad:\nBus: 7, 56, 60, 92, 192, H14, V25, X1\nMetro: L1 \u2013 Gl\u00f2ries\nRenfe: \"El Clot - Arag\u00f3\"\nTram: T4-T5-T6 \"Gl\u00f2ries\", T4 \"Ca l'Arany\u00f3\"\n \nEste edificio est\u00e1 pensado para empresas que buscan imagen, eficiencia, prestigio y una ubicaci\u00f3n estrat\u00e9gica dentro del ecosistema m\u00e1s innovador de Barcelona.\nPerfecto para compa\u00f1\u00edas que quieren destacar y crecer en un entorno inspirador.\n\n\u00bfQuieres m\u00e1s informaci\u00f3n o programar una visita?\n\nInstala tu empresa en una de las torres m\u00e1s representativas del 22@.\n\u00a1No dejes pasar esta oportunidad \u00fanica! ","properties_post_seo_title":"","properties_post_seo_alias":"","properties_post_seo_metadescription":"","properties_post_seo_key_words":"","properties_post_seo_url":"","properties_post_terms_conditions":""}],"post_type_properties_post_features_type":"office","post_type_properties_post_id_building":"MjQ5JDI5NTA0","post_type_properties_post_features_area_constructed":1130,"post_type_properties_post_features_conditioned_air":true,"post_type_properties_post_features_doorman":false,"post_type_properties_post_features_heating":true,"post_type_properties_post_features_equipped_kitchen":false,"post_type_properties_post_features_windows_location":"","post_type_properties_post_features_floors_property":false,"post_type_properties_post_features_storage":false,"post_type_properties_post_features_security_door":false,"post_type_properties_post_features_energy_certificate_rating":"A","post_type_properties_post_features_energy_certificate_emissions_rating":"A","post_type_properties_post_features_energy_certificate_emissions_value":"","post_type_properties_post_features_energy_certificate_performance":"","post_type_properties_post_features_bathroom_inside":false,"post_type_properties_post_precio":24860,"post_type_properties_post_precio_alquiler":24860,"post_type_properties_post_record_type_id":"Oficina","post_type_properties_post_categoria__producto":"Oficina","post_type_properties_post_amueblado":false,"post_type_properties_post_precio_m2":22,"post_type_properties_post_zona__comunitaria":false,"post_type_properties_post_electrodomesticos":false,"post_type_properties_post_patio__interior":true,"post_type_properties_post_certificado_energetico_general":"A","post_type_properties_post_certificado_energetico_consumo":"A","post_type_properties_post_certificado_energetico_valor_emisiones":"","post_type_properties_post_certificado_energetico_valor_consumo":"","post_type_properties_post_modalidad":"rent","post_type_properties_post_provincia":"Barcelona","post_type_properties_post_poblacion":"Barcelona","post_type_properties_post_centro__urbano":false,"post_type_properties_post_zonificacion":"22 @","post_type_properties_post_cartera":"","post_type_properties_post_titulo_catalan":"AV DIAGONAL - 22@","post_type_properties_post_internet_catalan":"Torre d'oficines premium al 22@ \u2013 Barcelona\n\nBusques una seu que transmeti innovaci\u00f3, prestigi i futur?\nBenvingut a una de les torres m\u00e9s ic\u00f2niques de l'Avinguda Diagonal, en ple epicentre del districte 22@, on l'activitat empresarial i la creativitat es respiren a cada cantonada.\n\nSituada a passes de la Pla\u00e7a de les Gl\u00f2ries i de l'eix comercial Gl\u00f2ries, aquesta torre ofereix vistes panor\u00e0miques a l'skyline de Barcelona i al Mediterrani, a m\u00e9s d'una connectivitat immillorable.\n\nDissenyada pel reconegut arquitecte David Chipperfield, la propietat puja en 16 plantes amb una SBA de 15.531 m\u00b2, 192 places d'aparcament en tres plantes subterr\u00e0nies i 107 places addicionals per a motos.\n\nTot aix\u00f2 en un entorn amb serveis consolidats: compres, restauraci\u00f3, lleure i acc\u00e9s directe a les principals vies de la ciutat.\n\nCaracter\u00edstiques destacades\n\nCertificaci\u00f3 BREEAM\nVestuaris moderns\nTaquilles intel\u00b7ligents\nTerrasses amb vistes excepcionals\nEstacions de c\u00e0rrega per a vehicles el\u00e8ctrics\nP\u00e0rquing per a bicicletes\n\nConnectivitat:\nBus: 7, 56, 60, 92, 192, H14, V25, X1\nMetro: L1 \u2013 Gl\u00f2ries\nRenfe: \"El Clot - Arag\u00f3\"\nTram: T4-T5-T6 \"Gl\u00f2ries\", T4 \"Ca l'Arany\u00f3\"\n\nAquest edifici est\u00e0 pensat per a empreses que cerquen imatge, efici\u00e8ncia, prestigi i una ubicaci\u00f3 estrat\u00e8gica dins de l'ecosistema m\u00e9s innovador de Barcelona.\nPerfecte per a companyies que volen destacar i cr\u00e9ixer en un entorn inspirador.\n\nVols m\u00e9s informaci\u00f3 o programar una visita?\n\nInstal\u00b7la la teva empresa a una de les torres m\u00e9s representatives del 22@.\nNo deixeu passar aquesta oportunitat \u00fanica!","post_type_properties_post_titulo_castellano":"AV DIAGONAL - 22@","post_type_properties_post_internet_castellano":"Torre de oficinas premium en el 22@ \n\n\u00bfBuscas una sede que transmita innovaci\u00f3n, prestigio y futuro?\nBienvenido a una de las torres m\u00e1s ic\u00f3nicas de la Avenida Diagonal, en pleno epicentro del distrito 22@, donde la actividad empresarial y la creatividad se respiran en cada esquina.\n\nSituada a pasos de Pla\u00e7a de les Gl\u00f2ries y del eje comercial Gl\u00f2ries, esta torre ofrece vistas panor\u00e1micas al skyline de Barcelona y al Mediterr\u00e1neo, adem\u00e1s de una conectividad inmejorable.\n\nDise\u00f1ada por el reconocido arquitecto David Chipperfield, la propiedad se eleva en 16 plantas con una SBA de 15.531 m\u00b2, 192 plazas de aparcamiento en tres plantas subterr\u00e1neas y 107 plazas adicionales para motos.\n\nTodo ello en un entorno con servicios consolidados: compras, restauraci\u00f3n, ocio y acceso directo a las principales v\u00edas de la ciudad.\n\nCaracter\u00edsticas destacadas:\n\nCertificaci\u00f3n BREEAM\nVestuarios modernos\nTaquillas inteligentes\nTerrazas con vistas excepcionales\nEstaciones de carga para veh\u00edculos el\u00e9ctricos\nParking para bicicletas\n\nConectividad:\nBus: 7, 56, 60, 92, 192, H14, V25, X1\nMetro: L1 \u2013 Gl\u00f2ries\nRenfe: \"El Clot - Arag\u00f3\"\nTram: T4-T5-T6 \"Gl\u00f2ries\", T4 \"Ca l'Arany\u00f3\"\n \nEste edificio est\u00e1 pensado para empresas que buscan imagen, eficiencia, prestigio y una ubicaci\u00f3n estrat\u00e9gica dentro del ecosistema m\u00e1s innovador de Barcelona.\nPerfecto para compa\u00f1\u00edas que quieren destacar y crecer en un entorno inspirador.\n\n\u00bfQuieres m\u00e1s informaci\u00f3n o programar una visita?\n\nInstala tu empresa en una de las torres m\u00e1s representativas del 22@.\n\u00a1No dejes pasar esta oportunidad \u00fanica! ","post_type_properties_post_titulo_ingles":"","post_type_properties_post_internet_ingles":"","post_type_properties_post_features_classification_commercial":false,"post_type_properties_post_features_conservation":"","post_type_properties_post_features_security_personnel":false,"post_type_properties_post_features_parking_available":false,"post_type_properties_post_features_garage_capacity_type":"","post_type_properties_post_features_bathroom_number":"","post_type_properties_post_eje":"","post_type_properties_post_zona":"","post_type_properties_post_comarca":"","post_type_properties_post_features_built_year":"","post_type_properties_post_renta_mensual":24860,"post_type_properties_post_fianza":"","post_type_properties_post_features_area_plot":"","post_type_properties_post_features_area_buildable":"","post_type_properties_post_features_classification_industrial":false,"post_type_properties_post_distrito":"","post_type_properties_post_features_balcony":false,"post_type_properties_post_features_bedroom_number":"","post_type_properties_post_features_heating_type":"","post_type_properties_post_features_equipped_with_furniture":false,"post_type_properties_post_features_pets_allowed":false,"post_type_properties_post_features_pool":false,"post_type_properties_post_features_terrace":false,"post_type_properties_post_features_wardrobes":false,"post_type_properties_post_features_lift_available":false,"post_type_properties_post_features_handicap_adapted_access":false,"post_type_properties_post_features_orientation_east":false,"post_type_properties_post_features_orientation_west":false,"post_type_properties_post_features_orientation_north":false,"post_type_properties_post_features_orientation_south":false,"post_type_properties_post_features_parking_spaces_number":"","post_type_properties_post_features_security_alarm":false,"post_type_properties_post_features_security_system":false,"post_type_properties_post_open_plan":false,"post_type_properties_post_acceso_24_7":false,"post_type_properties_post_oficina_privada":false,"post_type_properties_post_sala_reuniones":false,"post_type_properties_post_espacio_eventos":false,"post_type_properties_post_office":false,"post_type_properties_post_restaurant":false,"post_type_properties_post_acepta_traspaso":false,"post_type_properties_post_vigilancia":false,"post_type_properties_post_features_suite":false,"post_type_properties_post_features_vitro":false,"post_type_properties_post_features_oven":false,"post_type_properties_post_features_microwave":false,"post_type_properties_post_features_washing_machine":false,"post_type_properties_post_features_dryer":false,"post_type_properties_post_features_dishwasher":false,"post_type_properties_post_features_fridge":false,"post_type_properties_post_features_fridge_mini":false,"post_type_properties_post_features_kettle":false,"post_type_properties_post_features_toaster":false,"post_type_properties_post_features_coffee_maker":false,"post_type_properties_post_features_iron":false,"post_type_properties_post_features_ironing_board":false,"post_type_properties_post_features_safe":false,"post_type_properties_post_features_internet":false,"post_type_properties_post_features_solarium":false,"post_type_properties_post_features_clean_service":false,"post_type_properties_post_features_t_v":false,"post_type_properties_post_features_satellite_t_v":false,"post_type_properties_post_features_gas_kitchen":false,"post_type_properties_post_features_view_mountain":false,"post_type_properties_post_features_view_sea":true,"post_type_properties_post_features_concierge":true,"post_type_properties_post_features_loading_dock":false,"post_type_properties_post_features_bridge_crane":false,"post_type_properties_post_features_located_at_corner":false,"post_type_properties_post_features_smoke_extraction":false,"post_type_properties_post_features_rooms":"","post_type_properties_post_features_garden_area":"","post_type_properties_post_features_utilities_water":false,"post_type_properties_post_features_utilities_electricity":false,"post_type_properties_post_features_utilities_natural_gas":false,"post_type_properties_post_features_building_adapted":false,"post_type_properties_post_features_garden":false,"post_type_properties_post_features_classification_hotel":false,"post_type_properties_post_features_classification_chalet":false,"post_type_properties_post_certificado_energetico_emisiones":"A","post_type_properties_post_barrio":"","post_type_properties_post_distrito_empresa":"Sant Mart\u00ed","post_type_properties_post_features_property_category_intern":"","post_type_properties_post_implantada":false,"post_type_properties_post_sello_leed":"2","post_type_properties_post_sello_well":"","post_type_properties_post_sello_breeam":true,"post_type_properties_post_images":[{"properties_post_image_order":1,"properties_post_image_url":"https:\/\/movin.cloud\/empresas\/2438\/imagenes\/11243905\/en-alquiler-30.webp","properties_post_image_url_thumbnail":"https:\/\/movin.cloud\/empresas\/2438\/imagenes\/thumbnails\/11243905\/en-alquiler-30.webp","properties_post_title":"en alquiler 30","properties_post_alt":"en alquiler 30"},{"properties_post_image_order":2,"properties_post_image_url":"https:\/\/movin.cloud\/empresas\/2438\/imagenes\/11243905\/en-alquiler-33.webp","properties_post_image_url_thumbnail":"https:\/\/movin.cloud\/empresas\/2438\/imagenes\/thumbnails\/11243905\/en-alquiler-33.webp","properties_post_title":"en alquiler 33","properties_post_alt":"en alquiler 33"},{"properties_post_image_order":3,"properties_post_image_url":"https:\/\/movin.cloud\/empresas\/2438\/imagenes\/11243905\/en-alquiler-34.webp","properties_post_image_url_thumbnail":"https:\/\/movin.cloud\/empresas\/2438\/imagenes\/thumbnails\/11243905\/en-alquiler-34.webp","properties_post_title":"en alquiler 34","properties_post_alt":"en alquiler 34"},{"properties_post_image_order":4,"properties_post_image_url":"https:\/\/movin.cloud\/empresas\/2438\/imagenes\/11243905\/en-alquiler-35.webp","properties_post_image_url_thumbnail":"https:\/\/movin.cloud\/empresas\/2438\/imagenes\/thumbnails\/11243905\/en-alquiler-35.webp","properties_post_title":"en alquiler 35","properties_post_alt":"en alquiler 35"},{"properties_post_image_order":5,"properties_post_image_url":"https:\/\/movin.cloud\/empresas\/2438\/imagenes\/11243905\/en-alquiler-49.webp","properties_post_image_url_thumbnail":"https:\/\/movin.cloud\/empresas\/2438\/imagenes\/thumbnails\/11243905\/en-alquiler-49.webp","properties_post_title":"en alquiler 49","properties_post_alt":"en alquiler 49"},{"properties_post_image_order":6,"properties_post_image_url":"https:\/\/movin.cloud\/empresas\/2438\/imagenes\/11243905\/en-alquiler-36.webp","properties_post_image_url_thumbnail":"https:\/\/movin.cloud\/empresas\/2438\/imagenes\/thumbnails\/11243905\/en-alquiler-36.webp","properties_post_title":"en alquiler 36","properties_post_alt":"en alquiler 36"},{"properties_post_image_order":7,"properties_post_image_url":"https:\/\/movin.cloud\/empresas\/2438\/imagenes\/11243905\/en-alquiler-37.webp","properties_post_image_url_thumbnail":"https:\/\/movin.cloud\/empresas\/2438\/imagenes\/thumbnails\/11243905\/en-alquiler-37.webp","properties_post_title":"en alquiler 37","properties_post_alt":"en alquiler 37"},{"properties_post_image_order":8,"properties_post_image_url":"https:\/\/movin.cloud\/empresas\/2438\/imagenes\/11243905\/en-alquiler-38.webp","properties_post_image_url_thumbnail":"https:\/\/movin.cloud\/empresas\/2438\/imagenes\/thumbnails\/11243905\/en-alquiler-38.webp","properties_post_title":"en alquiler 38","properties_post_alt":"en alquiler 38"},{"properties_post_image_order":9,"properties_post_image_url":"https:\/\/movin.cloud\/empresas\/2438\/imagenes\/11243905\/en-alquiler-39.webp","properties_post_image_url_thumbnail":"https:\/\/movin.cloud\/empresas\/2438\/imagenes\/thumbnails\/11243905\/en-alquiler-39.webp","properties_post_title":"en alquiler 39","properties_post_alt":"en alquiler 39"},{"properties_post_image_order":10,"properties_post_image_url":"https:\/\/movin.cloud\/empresas\/2438\/imagenes\/11243905\/en-alquiler-53.webp","properties_post_image_url_thumbnail":"https:\/\/movin.cloud\/empresas\/2438\/imagenes\/thumbnails\/11243905\/en-alquiler-53.webp","properties_post_title":"en alquiler 53","properties_post_alt":"en alquiler 53"},{"properties_post_image_order":11,"properties_post_image_url":"https:\/\/movin.cloud\/empresas\/2438\/imagenes\/11243905\/en-alquiler-40.webp","properties_post_image_url_thumbnail":"https:\/\/movin.cloud\/empresas\/2438\/imagenes\/thumbnails\/11243905\/en-alquiler-40.webp","properties_post_title":"en alquiler 40","properties_post_alt":"en alquiler 40"},{"properties_post_image_order":12,"properties_post_image_url":"https:\/\/movin.cloud\/empresas\/2438\/imagenes\/11243905\/en-alquiler-41.webp","properties_post_image_url_thumbnail":"https:\/\/movin.cloud\/empresas\/2438\/imagenes\/thumbnails\/11243905\/en-alquiler-41.webp","properties_post_title":"en alquiler 41","properties_post_alt":"en alquiler 41"},{"properties_post_image_order":13,"properties_post_image_url":"https:\/\/movin.cloud\/empresas\/2438\/imagenes\/11243905\/en-alquiler-42.webp","properties_post_image_url_thumbnail":"https:\/\/movin.cloud\/empresas\/2438\/imagenes\/thumbnails\/11243905\/en-alquiler-42.webp","properties_post_title":"en alquiler 42","properties_post_alt":"en alquiler 42"},{"properties_post_image_order":14,"properties_post_image_url":"https:\/\/movin.cloud\/empresas\/2438\/imagenes\/11243905\/en-alquiler-43.webp","properties_post_image_url_thumbnail":"https:\/\/movin.cloud\/empresas\/2438\/imagenes\/thumbnails\/11243905\/en-alquiler-43.webp","properties_post_title":"en alquiler 43","properties_post_alt":"en alquiler 43"},{"properties_post_image_order":15,"properties_post_image_url":"https:\/\/movin.cloud\/empresas\/2438\/imagenes\/11243905\/en-alquiler-44.webp","properties_post_image_url_thumbnail":"https:\/\/movin.cloud\/empresas\/2438\/imagenes\/thumbnails\/11243905\/en-alquiler-44.webp","properties_post_title":"en alquiler 44","properties_post_alt":"en alquiler 44"},{"properties_post_image_order":16,"properties_post_image_url":"https:\/\/movin.cloud\/empresas\/2438\/imagenes\/11243905\/en-alquiler-45.webp","properties_post_image_url_thumbnail":"https:\/\/movin.cloud\/empresas\/2438\/imagenes\/thumbnails\/11243905\/en-alquiler-45.webp","properties_post_title":"en alquiler 45","properties_post_alt":"en alquiler 45"},{"properties_post_image_order":17,"properties_post_image_url":"https:\/\/movin.cloud\/empresas\/2438\/imagenes\/11243905\/en-alquiler-46.webp","properties_post_image_url_thumbnail":"https:\/\/movin.cloud\/empresas\/2438\/imagenes\/thumbnails\/11243905\/en-alquiler-46.webp","properties_post_title":"en alquiler 46","properties_post_alt":"en alquiler 46"},{"properties_post_image_order":18,"properties_post_image_url":"https:\/\/movin.cloud\/empresas\/2438\/imagenes\/11243905\/en-alquiler-47.webp","properties_post_image_url_thumbnail":"https:\/\/movin.cloud\/empresas\/2438\/imagenes\/thumbnails\/11243905\/en-alquiler-47.webp","properties_post_title":"en alquiler 47","properties_post_alt":"en alquiler 47"},{"properties_post_image_order":19,"properties_post_image_url":"https:\/\/movin.cloud\/empresas\/2438\/imagenes\/11243905\/en-alquiler-48.webp","properties_post_image_url_thumbnail":"https:\/\/movin.cloud\/empresas\/2438\/imagenes\/thumbnails\/11243905\/en-alquiler-48.webp","properties_post_title":"en alquiler 48","properties_post_alt":"en alquiler 48"},{"properties_post_image_order":20,"properties_post_image_url":"https:\/\/movin.cloud\/empresas\/2438\/imagenes\/11243905\/en-alquiler-50.webp","properties_post_image_url_thumbnail":"https:\/\/movin.cloud\/empresas\/2438\/imagenes\/thumbnails\/11243905\/en-alquiler-50.webp","properties_post_title":"en alquiler 50","properties_post_alt":"en alquiler 50"},{"properties_post_image_order":21,"properties_post_image_url":"https:\/\/movin.cloud\/empresas\/2438\/imagenes\/11243905\/en-alquiler-51.webp","properties_post_image_url_thumbnail":"https:\/\/movin.cloud\/empresas\/2438\/imagenes\/thumbnails\/11243905\/en-alquiler-51.webp","properties_post_title":"en alquiler 51","properties_post_alt":"en alquiler 51"},{"properties_post_image_order":22,"properties_post_image_url":"https:\/\/movin.cloud\/empresas\/2438\/imagenes\/11243905\/en-alquiler-52.webp","properties_post_image_url_thumbnail":"https:\/\/movin.cloud\/empresas\/2438\/imagenes\/thumbnails\/11243905\/en-alquiler-52.webp","properties_post_title":"en alquiler 52","properties_post_alt":"en alquiler 52"},{"properties_post_image_order":23,"properties_post_image_url":"https:\/\/movin.cloud\/empresas\/2438\/imagenes\/11243905\/en-alquiler-31.webp","properties_post_image_url_thumbnail":"https:\/\/movin.cloud\/empresas\/2438\/imagenes\/thumbnails\/11243905\/en-alquiler-31.webp","properties_post_title":"en alquiler 31","properties_post_alt":"en alquiler 31"},{"properties_post_image_order":24,"properties_post_image_url":"https:\/\/movin.cloud\/empresas\/2438\/imagenes\/11243905\/en-alquiler-32.webp","properties_post_image_url_thumbnail":"https:\/\/movin.cloud\/empresas\/2438\/imagenes\/thumbnails\/11243905\/en-alquiler-32.webp","properties_post_title":"en alquiler 32","properties_post_alt":"en alquiler 32"},{"properties_post_image_order":25,"properties_post_image_url":"https:\/\/movin.cloud\/empresas\/2438\/imagenes\/11243905\/en-alquiler-54.webp","properties_post_image_url_thumbnail":"https:\/\/movin.cloud\/empresas\/2438\/imagenes\/thumbnails\/11243905\/en-alquiler-54.webp","properties_post_title":"en alquiler 54","properties_post_alt":"en alquiler 54"},{"properties_post_image_order":26,"properties_post_image_url":"https:\/\/movin.cloud\/empresas\/2438\/imagenes\/11243905\/en-alquiler-55.webp","properties_post_image_url_thumbnail":"https:\/\/movin.cloud\/empresas\/2438\/imagenes\/thumbnails\/11243905\/en-alquiler-55.webp","properties_post_title":"en alquiler 55","properties_post_alt":"en alquiler 55"},{"properties_post_image_order":27,"properties_post_image_url":"https:\/\/movin.cloud\/empresas\/2438\/imagenes\/11243905\/en-alquiler-56.webp","properties_post_image_url_thumbnail":"https:\/\/movin.cloud\/empresas\/2438\/imagenes\/thumbnails\/11243905\/en-alquiler-56.webp","properties_post_title":"en alquiler 56","properties_post_alt":"en alquiler 56"},{"properties_post_image_order":28,"properties_post_image_url":"https:\/\/movin.cloud\/empresas\/2438\/imagenes\/11243905\/en-alquiler-75.webp","properties_post_image_url_thumbnail":"https:\/\/movin.cloud\/empresas\/2438\/imagenes\/thumbnails\/11243905\/en-alquiler-75.webp","properties_post_title":"en alquiler 75","properties_post_alt":"en alquiler 75"},{"properties_post_image_order":29,"properties_post_image_url":"https:\/\/movin.cloud\/empresas\/2438\/imagenes\/11243905\/en-alquiler-57.webp","properties_post_image_url_thumbnail":"https:\/\/movin.cloud\/empresas\/2438\/imagenes\/thumbnails\/11243905\/en-alquiler-57.webp","properties_post_title":"en alquiler 57","properties_post_alt":"en alquiler 57"},{"properties_post_image_order":30,"properties_post_image_url":"https:\/\/movin.cloud\/empresas\/2438\/imagenes\/11243905\/en-alquiler-58.webp","properties_post_image_url_thumbnail":"https:\/\/movin.cloud\/empresas\/2438\/imagenes\/thumbnails\/11243905\/en-alquiler-58.webp","properties_post_title":"en alquiler 58","properties_post_alt":"en alquiler 58"},{"properties_post_image_order":31,"properties_post_image_url":"https:\/\/movin.cloud\/empresas\/2438\/imagenes\/11243905\/en-alquiler-59.webp","properties_post_image_url_thumbnail":"https:\/\/movin.cloud\/empresas\/2438\/imagenes\/thumbnails\/11243905\/en-alquiler-59.webp","properties_post_title":"en alquiler 59","properties_post_alt":"en alquiler 59"},{"properties_post_image_order":32,"properties_post_image_url":"https:\/\/movin.cloud\/empresas\/2438\/imagenes\/11243905\/en-alquiler-60.webp","properties_post_image_url_thumbnail":"https:\/\/movin.cloud\/empresas\/2438\/imagenes\/thumbnails\/11243905\/en-alquiler-60.webp","properties_post_title":"en alquiler 60","properties_post_alt":"en alquiler 60"},{"properties_post_image_order":33,"properties_post_image_url":"https:\/\/movin.cloud\/empresas\/2438\/imagenes\/11243905\/en-alquiler-61.webp","properties_post_image_url_thumbnail":"https:\/\/movin.cloud\/empresas\/2438\/imagenes\/thumbnails\/11243905\/en-alquiler-61.webp","properties_post_title":"en alquiler 61","properties_post_alt":"en alquiler 61"},{"properties_post_image_order":34,"properties_post_image_url":"https:\/\/movin.cloud\/empresas\/2438\/imagenes\/11243905\/en-alquiler-62.webp","properties_post_image_url_thumbnail":"https:\/\/movin.cloud\/empresas\/2438\/imagenes\/thumbnails\/11243905\/en-alquiler-62.webp","properties_post_title":"en alquiler 62","properties_post_alt":"en alquiler 62"},{"properties_post_image_order":35,"properties_post_image_url":"https:\/\/movin.cloud\/empresas\/2438\/imagenes\/11243905\/en-alquiler-63.webp","properties_post_image_url_thumbnail":"https:\/\/movin.cloud\/empresas\/2438\/imagenes\/thumbnails\/11243905\/en-alquiler-63.webp","properties_post_title":"en alquiler 63","properties_post_alt":"en alquiler 63"},{"properties_post_image_order":36,"properties_post_image_url":"https:\/\/movin.cloud\/empresas\/2438\/imagenes\/11243905\/en-alquiler-64.webp","properties_post_image_url_thumbnail":"https:\/\/movin.cloud\/empresas\/2438\/imagenes\/thumbnails\/11243905\/en-alquiler-64.webp","properties_post_title":"en alquiler 64","properties_post_alt":"en alquiler 64"},{"properties_post_image_order":37,"properties_post_image_url":"https:\/\/movin.cloud\/empresas\/2438\/imagenes\/11243905\/en-alquiler-65.webp","properties_post_image_url_thumbnail":"https:\/\/movin.cloud\/empresas\/2438\/imagenes\/thumbnails\/11243905\/en-alquiler-65.webp","properties_post_title":"en alquiler 65","properties_post_alt":"en alquiler 65"},{"properties_post_image_order":38,"properties_post_image_url":"https:\/\/movin.cloud\/empresas\/2438\/imagenes\/11243905\/en-alquiler-66.webp","properties_post_image_url_thumbnail":"https:\/\/movin.cloud\/empresas\/2438\/imagenes\/thumbnails\/11243905\/en-alquiler-66.webp","properties_post_title":"en alquiler 66","properties_post_alt":"en alquiler 66"},{"properties_post_image_order":39,"properties_post_image_url":"https:\/\/movin.cloud\/empresas\/2438\/imagenes\/11243905\/en-alquiler-68.webp","properties_post_image_url_thumbnail":"https:\/\/movin.cloud\/empresas\/2438\/imagenes\/thumbnails\/11243905\/en-alquiler-68.webp","properties_post_title":"en alquiler 68","properties_post_alt":"en alquiler 68"},{"properties_post_image_order":40,"properties_post_image_url":"https:\/\/movin.cloud\/empresas\/2438\/imagenes\/11243905\/en-alquiler-69.webp","properties_post_image_url_thumbnail":"https:\/\/movin.cloud\/empresas\/2438\/imagenes\/thumbnails\/11243905\/en-alquiler-69.webp","properties_post_title":"en alquiler 69","properties_post_alt":"en alquiler 69"},{"properties_post_image_order":41,"properties_post_image_url":"https:\/\/movin.cloud\/empresas\/2438\/imagenes\/11243905\/en-alquiler-70.webp","properties_post_image_url_thumbnail":"https:\/\/movin.cloud\/empresas\/2438\/imagenes\/thumbnails\/11243905\/en-alquiler-70.webp","properties_post_title":"en alquiler 70","properties_post_alt":"en alquiler 70"},{"properties_post_image_order":42,"properties_post_image_url":"https:\/\/movin.cloud\/empresas\/2438\/imagenes\/11243905\/en-alquiler-71.webp","properties_post_image_url_thumbnail":"https:\/\/movin.cloud\/empresas\/2438\/imagenes\/thumbnails\/11243905\/en-alquiler-71.webp","properties_post_title":"en alquiler 71","properties_post_alt":"en alquiler 71"},{"properties_post_image_order":43,"properties_post_image_url":"https:\/\/movin.cloud\/empresas\/2438\/imagenes\/11243905\/en-alquiler-72.webp","properties_post_image_url_thumbnail":"https:\/\/movin.cloud\/empresas\/2438\/imagenes\/thumbnails\/11243905\/en-alquiler-72.webp","properties_post_title":"en alquiler 72","properties_post_alt":"en alquiler 72"},{"properties_post_image_order":44,"properties_post_image_url":"https:\/\/movin.cloud\/empresas\/2438\/imagenes\/11243905\/en-alquiler-73.webp","properties_post_image_url_thumbnail":"https:\/\/movin.cloud\/empresas\/2438\/imagenes\/thumbnails\/11243905\/en-alquiler-73.webp","properties_post_title":"en alquiler 73","properties_post_alt":"en alquiler 73"},{"properties_post_image_order":45,"properties_post_image_url":"https:\/\/movin.cloud\/empresas\/2438\/imagenes\/11243905\/en-alquiler-74.webp","properties_post_image_url_thumbnail":"https:\/\/movin.cloud\/empresas\/2438\/imagenes\/thumbnails\/11243905\/en-alquiler-74.webp","properties_post_title":"en alquiler 74","properties_post_alt":"en alquiler 74"},{"properties_post_image_order":46,"properties_post_image_url":"https:\/\/movin.cloud\/empresas\/2438\/imagenes\/11243905\/en-alquiler-76.webp","properties_post_image_url_thumbnail":"https:\/\/movin.cloud\/empresas\/2438\/imagenes\/thumbnails\/11243905\/en-alquiler-76.webp","properties_post_title":"en alquiler 76","properties_post_alt":"en alquiler 76"},{"properties_post_image_order":47,"properties_post_image_url":"https:\/\/movin.cloud\/empresas\/2438\/imagenes\/11243905\/en-alquiler-77.webp","properties_post_image_url_thumbnail":"https:\/\/movin.cloud\/empresas\/2438\/imagenes\/thumbnails\/11243905\/en-alquiler-77.webp","properties_post_title":"en alquiler 77","properties_post_alt":"en alquiler 77"},{"properties_post_image_order":48,"properties_post_image_url":"https:\/\/movin.cloud\/empresas\/2438\/imagenes\/11243905\/en-alquiler-78.webp","properties_post_image_url_thumbnail":"https:\/\/movin.cloud\/empresas\/2438\/imagenes\/thumbnails\/11243905\/en-alquiler-78.webp","properties_post_title":"en alquiler 78","properties_post_alt":"en alquiler 78"},{"properties_post_image_order":49,"properties_post_image_url":"https:\/\/movin.cloud\/empresas\/2438\/imagenes\/11243905\/en-alquiler-79.webp","properties_post_image_url_thumbnail":"https:\/\/movin.cloud\/empresas\/2438\/imagenes\/thumbnails\/11243905\/en-alquiler-79.webp","properties_post_title":"en alquiler 79","properties_post_alt":"en alquiler 79"},{"properties_post_image_order":50,"properties_post_image_url":"https:\/\/movin.cloud\/empresas\/2438\/imagenes\/11243905\/en-alquiler-80.webp","properties_post_image_url_thumbnail":"https:\/\/movin.cloud\/empresas\/2438\/imagenes\/thumbnails\/11243905\/en-alquiler-80.webp","properties_post_title":"en alquiler 80","properties_post_alt":"en alquiler 80"},{"properties_post_image_order":51,"properties_post_image_url":"https:\/\/movin.cloud\/empresas\/2438\/imagenes\/11243905\/en-alquiler-81.webp","properties_post_image_url_thumbnail":"https:\/\/movin.cloud\/empresas\/2438\/imagenes\/thumbnails\/11243905\/en-alquiler-81.webp","properties_post_title":"en alquiler 81","properties_post_alt":"en alquiler 81"},{"properties_post_image_order":52,"properties_post_image_url":"https:\/\/movin.cloud\/empresas\/2438\/imagenes\/11243905\/en-alquiler-82.webp","properties_post_image_url_thumbnail":"https:\/\/movin.cloud\/empresas\/2438\/imagenes\/thumbnails\/11243905\/en-alquiler-82.webp","properties_post_title":"en alquiler 82","properties_post_alt":"en alquiler 82"},{"properties_post_image_order":53,"properties_post_image_url":"https:\/\/movin.cloud\/empresas\/2438\/imagenes\/11243905\/en-alquiler-83.webp","properties_post_image_url_thumbnail":"https:\/\/movin.cloud\/empresas\/2438\/imagenes\/thumbnails\/11243905\/en-alquiler-83.webp","properties_post_title":"en alquiler 83","properties_post_alt":"en alquiler 83"},{"properties_post_image_order":54,"properties_post_image_url":"https:\/\/movin.cloud\/empresas\/2438\/imagenes\/11243905\/en-alquiler-85.webp","properties_post_image_url_thumbnail":"https:\/\/movin.cloud\/empresas\/2438\/imagenes\/thumbnails\/11243905\/en-alquiler-85.webp","properties_post_title":"en alquiler 85","properties_post_alt":"en alquiler 85"},{"properties_post_image_order":55,"properties_post_image_url":"https:\/\/movin.cloud\/empresas\/2438\/imagenes\/11243905\/en-alquiler-86.webp","properties_post_image_url_thumbnail":"https:\/\/movin.cloud\/empresas\/2438\/imagenes\/thumbnails\/11243905\/en-alquiler-86.webp","properties_post_title":"en alquiler 86","properties_post_alt":"en alquiler 86"},{"properties_post_image_order":56,"properties_post_image_url":"https:\/\/movin.cloud\/empresas\/2438\/imagenes\/11243905\/en-alquiler-87.webp","properties_post_image_url_thumbnail":"https:\/\/movin.cloud\/empresas\/2438\/imagenes\/thumbnails\/11243905\/en-alquiler-87.webp","properties_post_title":"en alquiler 87","properties_post_alt":"en alquiler 87"},{"properties_post_image_order":57,"properties_post_image_url":"https:\/\/movin.cloud\/empresas\/2438\/imagenes\/11243905\/en-alquiler-88.webp","properties_post_image_url_thumbnail":"https:\/\/movin.cloud\/empresas\/2438\/imagenes\/thumbnails\/11243905\/en-alquiler-88.webp","properties_post_title":"en alquiler 88","properties_post_alt":"en alquiler 88"},{"properties_post_image_order":58,"properties_post_image_url":"https:\/\/movin.cloud\/empresas\/2438\/imagenes\/11243905\/en-alquiler-89.webp","properties_post_image_url_thumbnail":"https:\/\/movin.cloud\/empresas\/2438\/imagenes\/thumbnails\/11243905\/en-alquiler-89.webp","properties_post_title":"en alquiler 89","properties_post_alt":"en alquiler 89"},{"properties_post_image_order":59,"properties_post_image_url":"https:\/\/movin.cloud\/empresas\/2438\/imagenes\/11243905\/en-alquiler-90.webp","properties_post_image_url_thumbnail":"https:\/\/movin.cloud\/empresas\/2438\/imagenes\/thumbnails\/11243905\/en-alquiler-90.webp","properties_post_title":"en alquiler 90","properties_post_alt":"en alquiler 90"},{"properties_post_image_order":60,"properties_post_image_url":"https:\/\/movin.cloud\/empresas\/2438\/imagenes\/11243905\/en-alquiler-91.webp","properties_post_image_url_thumbnail":"https:\/\/movin.cloud\/empresas\/2438\/imagenes\/thumbnails\/11243905\/en-alquiler-91.webp","properties_post_title":"en alquiler 91","properties_post_alt":"en alquiler 91"},{"properties_post_image_order":61,"properties_post_image_url":"https:\/\/movin.cloud\/empresas\/2438\/imagenes\/11243905\/en-alquiler-92.webp","properties_post_image_url_thumbnail":"https:\/\/movin.cloud\/empresas\/2438\/imagenes\/thumbnails\/11243905\/en-alquiler-92.webp","properties_post_title":"en alquiler 92","properties_post_alt":"en alquiler 92"},{"properties_post_image_order":62,"properties_post_image_url":"https:\/\/movin.cloud\/empresas\/2438\/imagenes\/11243905\/en-alquiler-29.webp","properties_post_image_url_thumbnail":"https:\/\/movin.cloud\/empresas\/2438\/imagenes\/thumbnails\/11243905\/en-alquiler-29.webp","properties_post_title":"en alquiler 29","properties_post_alt":"en alquiler 29"}],"post_type_properties_post_videos":null,"post_type_properties_post_tour":null,"post_type_properties_post_dossier_url":"","post_type_properties_post_operation_type":"rent","post_type_properties_post_operation_price":24860,"post_type_properties_post_features_hidden_price":false},"yoast_head":"<!-- This site is optimized with the Yoast SEO plugin v25.6 - https:\/\/yoast.com\/wordpress\/plugins\/seo\/ -->\n<title>AV DIAGONAL - 22@ - Forcadell<\/title>\n<meta name=\"robots\" content=\"index, follow, max-snippet:-1, max-image-preview:large, max-video-preview:-1\" \/>\n<link rel=\"canonical\" href=\"https:\/\/forcadell.com\/ca\/propiedades\/oficina-en-alquiler-en-el-distrito-22barcelona-av-diagonal-3\/\" \/>\n<meta property=\"og:locale\" content=\"ca_ES\" \/>\n<meta property=\"og:type\" content=\"article\" \/>\n<meta property=\"og:title\" content=\"AV DIAGONAL - 22@ - Forcadell\" \/>\n<meta property=\"og:description\" content=\"Torre de oficinas premium en el 22@ \u00bfBuscas una sede que transmita innovaci\u00f3n, prestigio y futuro? Bienvenido a una de las torres m\u00e1s ic\u00f3nicas de la Avenida Diagonal, en pleno epicentro del distrito 22@, donde la actividad empresarial y la creatividad se respiran en cada esquina. Situada a pasos de Pla\u00e7a de les Gl\u00f2ries y [&hellip;]\" \/>\n<meta property=\"og:url\" content=\"https:\/\/forcadell.com\/ca\/propiedades\/oficina-en-alquiler-en-el-distrito-22barcelona-av-diagonal-3\/\" \/>\n<meta property=\"og:site_name\" content=\"Forcadell\" \/>\n<meta property=\"article:modified_time\" content=\"2026-04-26T15:05:50+00:00\" \/>\n<meta name=\"twitter:card\" content=\"summary_large_image\" \/>\n<meta name=\"twitter:label1\" content=\"Temps estimat de lectura\" \/>\n\t<meta name=\"twitter:data1\" content=\"1 minut\" \/>\n<!-- \/ Yoast SEO plugin. -->","yoast_head_json":{"title":"AV DIAGONAL - 22@ - Forcadell","robots":{"index":"index","follow":"follow","max-snippet":"max-snippet:-1","max-image-preview":"max-image-preview:large","max-video-preview":"max-video-preview:-1"},"canonical":"https:\/\/forcadell.com\/ca\/propiedades\/oficina-en-alquiler-en-el-distrito-22barcelona-av-diagonal-3\/","og_locale":"ca_ES","og_type":"article","og_title":"AV DIAGONAL - 22@ - Forcadell","og_description":"Torre de oficinas premium en el 22@ \u00bfBuscas una sede que transmita innovaci\u00f3n, prestigio y futuro? Bienvenido a una de las torres m\u00e1s ic\u00f3nicas de la Avenida Diagonal, en pleno epicentro del distrito 22@, donde la actividad empresarial y la creatividad se respiran en cada esquina. Situada a pasos de Pla\u00e7a de les Gl\u00f2ries y [&hellip;]","og_url":"https:\/\/forcadell.com\/ca\/propiedades\/oficina-en-alquiler-en-el-distrito-22barcelona-av-diagonal-3\/","og_site_name":"Forcadell","article_modified_time":"2026-04-26T15:05:50+00:00","twitter_card":"summary_large_image","twitter_misc":{"Temps estimat de lectura":"1 minut"},"schema":{"@context":"https:\/\/schema.org","@graph":[{"@type":"WebPage","@id":"https:\/\/forcadell.com\/ca\/propiedades\/oficina-en-alquiler-en-el-distrito-22barcelona-av-diagonal-3\/","url":"https:\/\/forcadell.com\/ca\/propiedades\/oficina-en-alquiler-en-el-distrito-22barcelona-av-diagonal-3\/","name":"AV DIAGONAL - 22@ - Forcadell","isPartOf":{"@id":"https:\/\/forcadell.com\/ca\/#website"},"datePublished":"2025-11-04T14:11:15+00:00","dateModified":"2026-04-26T15:05:50+00:00","breadcrumb":{"@id":"https:\/\/forcadell.com\/ca\/propiedades\/oficina-en-alquiler-en-el-distrito-22barcelona-av-diagonal-3\/#breadcrumb"},"inLanguage":"ca","potentialAction":[{"@type":"ReadAction","target":["https:\/\/forcadell.com\/ca\/propiedades\/oficina-en-alquiler-en-el-distrito-22barcelona-av-diagonal-3\/"]}]},{"@type":"BreadcrumbList","@id":"https:\/\/forcadell.com\/ca\/propiedades\/oficina-en-alquiler-en-el-distrito-22barcelona-av-diagonal-3\/#breadcrumb","itemListElement":[{"@type":"ListItem","position":1,"name":"Portada","item":"https:\/\/forcadell.com\/ca\/"},{"@type":"ListItem","position":2,"name":"Properties","item":"https:\/\/forcadell.com\/ca\/propiedades\/"},{"@type":"ListItem","position":3,"name":"AV DIAGONAL &#8211; 22@"}]},{"@type":"WebSite","@id":"https:\/\/forcadell.com\/ca\/#website","url":"https:\/\/forcadell.com\/ca\/","name":"Forcadell","description":"Inmobiliaria Barcelona | Consultores inmobiliarios","potentialAction":[{"@type":"SearchAction","target":{"@type":"EntryPoint","urlTemplate":"https:\/\/forcadell.com\/ca\/?s={search_term_string}"},"query-input":{"@type":"PropertyValueSpecification","valueRequired":true,"valueName":"search_term_string"}}],"inLanguage":"ca"}]}},"_links":{"self":[{"href":"https:\/\/forcadell.com\/ca\/wp-json\/wp\/v2\/properties_post\/57827"}],"collection":[{"href":"https:\/\/forcadell.com\/ca\/wp-json\/wp\/v2\/properties_post"}],"about":[{"href":"https:\/\/forcadell.com\/ca\/wp-json\/wp\/v2\/types\/properties_post"}],"wp:attachment":[{"href":"https:\/\/forcadell.com\/ca\/wp-json\/wp\/v2\/media?parent=57827"}],"curies":[{"name":"wp","href":"https:\/\/api.w.org\/{rel}","templated":true}]}}