{"id":57825,"date":"2025-11-04T16:11:12","date_gmt":"2025-11-04T14:11:12","guid":{"rendered":"https:\/\/www.forcadell.com\/propiedades\/oficina-en-alquiler-con-vistas-panoramicas-av-diagonal-22-5\/"},"modified":"2026-04-26T12:09:58","modified_gmt":"2026-04-26T10:09:58","slug":"oficina-en-alquiler-con-vistas-panoramicas-av-diagonal-22-5","status":"publish","type":"properties_post","link":"https:\/\/forcadell.com\/ca\/propiedades\/oficina-en-alquiler-con-vistas-panoramicas-av-diagonal-22-5\/","title":{"rendered":"Oficina en alquiler con vistas panor\u00e1micas. Av. Diagonal 22@"},"content":{"rendered":"<p> Bienvenido a la Emblem\u00e1tica Torre de Oficinas en la Avenida Diagonal! <\/p>\n<p>Ubicada en la arteria principal de Barcelona, esta torre reformada ofrece:<\/p>\n<p>Nuevo hall de acceso<br \/>\nReformas en todas las plantas: Espacios modernos y funcionales.<br \/>\nTerraza comunitaria en planta 10: Disfruta de vistas incre\u00edbles y momentos de relax.<br \/>\nServicio de conserjer\u00eda: Atenci\u00f3n y asistencia a tu disposici\u00f3n.<br \/>\nSeguridad y vigilancia: Tu tranquilidad es nuestra prioridad.<br \/>\nCorner saludable: Opciones frescas y nutritivas para tus pausas.<br \/>\nParking privativo: Comodidad sin complicaciones.<br \/>\nCertificaciones LEED Platinum en proceso y BREEAM Very Good: Un compromiso firme con la sostenibilidad.<br \/>\nZona de duchas y vestuarios en la planta -1: Ideal para un estilo de vida activo.<br \/>\nTaquillas inteligentes: Seguridad y funcionalidad.<br \/>\nZona de micromovilidad: Perfecto para patinetes y bicis el\u00e9ctricas.<br \/>\nOficinas di\u00e1fanas y luminosas: Espacios que fomentan la creatividad.<br \/>\nSuelo t\u00e9cnico y falso techo: Adaptabilidad para tu negocio.<br \/>\nLuminarias LED autorregulables: Eficiencia energ\u00e9tica a tu alcance.<br \/>\nCertificado de eficiencia energ\u00e9tica A <\/p>\n<p>Transporte p\u00fablico:<br \/>\nBus: 7, 56, 60, 92, 192, H14, V25, X1<br \/>\nMetro: L1 \u2013 Gl\u00f2ries<br \/>\nRenfe: &#8220;El Clot &#8211; Arag\u00f3&#8221;<br \/>\nTram: T4-T5-T6 &#8220;Gl\u00f2ries&#8221;, T4 &#8220;Ca l&#8217;Arany\u00f3&#8221;<\/p>\n<p>No pierdas la oportunidad de establecer tu negocio en un entorno excepcional. \u00a1Cont\u00e1ctanos para m\u00e1s informaci\u00f3n y visita!<\/p>\n","protected":false},"template":"","class_list":["post-57825","properties_post","type-properties_post","status-publish","hentry","properties_modality-rent","properties_district-sant-marti","properties_province-barcelona","properties_zone-116","properties_state-barcelona","properties_subclass-oficina","properties_type-oficina"],"acf":{"post_type_properties_post_property_code":"11243903","post_type_properties_post_property_reference":"IE-223851","post_type_properties_post_owner_id":"50223","post_type_properties_post_owner_name":"INMOBILIARIA COLONIAL - SOCIMI SA","post_type_properties_post_property_code_encrypted":"MjQ5JDI4NDcw","post_type_properties_post_published":"1","post_type_properties_post_property_visibility":"idealista","post_type_properties_post_contact_name":"Forcadell Oficinas Barcelona","post_type_properties_post_contact_email":"forcadell.oficinas.barcelona@movin.cloud","post_type_properties_post_contact_primary_phone_prefix":"34","post_type_properties_post_contact_primary_phone_number":"934965413","post_type_properties_post_address_visibility":"street","post_type_properties_post_address_country":"Spain","post_type_properties_post_address_coordinates_precision":"exact","post_type_properties_post_address_postal_code":"08018","post_type_properties_post_address_coordinates_latitude":"41.40391","post_type_properties_post_address_coordinates_longitude":"2.1915866","post_type_properties_post_address_street_name":"Av. Diagonal 197","post_type_properties_post_address_floor":"3","post_type_properties_post_address_town":"Barcelona","post_type_properties_post_building":null,"post_type_properties_post_property":[{"properties_post_description_language":"catalan","properties_post_title":"Oficina de lloguer amb vistes panor\u00e0miques. Av.Diagonal 22@.","properties_post_short_description_text_alt":"","properties_post_description_text_alt":" Benvingut a l'Emblem\u00e0tica Torre d'Oficines a l'Avinguda Diagonal!\n\nUbicada a l'art\u00e8ria principal de Barcelona, aquesta torre reformada ofereix:\n\nNou hall d'acc\u00e9s\nReformes a totes les plantes: Espais moderns i funcionals.\nTerrassa comunit\u00e0ria a planta 10: Gaudeix de vistes incre\u00efbles i moments de relax.\nServei de consergeria: Atenci\u00f3 i assist\u00e8ncia a la teva disposici\u00f3.\nSeguretat i vigil\u00e0ncia: La teva tranquil\u00b7litat \u00e9s la nostra prioritat.\nC\u00f3rner saludable: Opcions fresques i nutritives per a les teves pauses.\nP\u00e0rquing privatiu: Comoditat sense complicacions.\nCertificacions LEED Platinum en proc\u00e9s i BREEAM Very Good: Un comprom\u00eds ferm amb la sostenibilitat.\nZona de dutxes i vestuaris a la planta -1: Ideal per a un estil de vida actiu.\nTaquilles intel\u00b7ligents: Seguretat i funcionalitat.\nZona de micromobilitat: Perfecte per a patinets i bicis el\u00e8ctriques.\nOficines di\u00e0fanes i lluminoses: Espais que fomenten la creativitat.\nS\u00f2l t\u00e8cnic i sostre fals: Adaptabilitat per al teu negoci.\nLlumin\u00e0ries LED autoregulables: Efici\u00e8ncia energ\u00e8tica al teu abast.\nCertificat d'efici\u00e8ncia energ\u00e8tica A: Cuida el planeta mentre treballes.\n\n \nTransport p\u00fablic:\nBus: 7, 56, 60, 92, 192, H14, V25, X1\nMetro: L1 \u2013 Gl\u00f2ries\nRenfe: \"El Clot - Arag\u00f3\"\nTram: T4-T5-T6 \"Gl\u00f2ries\", T4 \"Ca l'Arany\u00f3\"\n\n\nNo perdis l'oportunitat d'establir el teu negoci en un entorn excepcional. Contacta'ns per a m\u00e9s informaci\u00f3 i visita!","properties_post_short_description_text":" ","properties_post_link_demanda_inmueble":"https:\/\/movin.cloud\/ca\/Forcadell Oficinas Barcelona\/formulari-peticio-immoble\/sth\/2438&&11243903","properties_post_link_demanda_calendario_inmueble":"https:\/\/movin.cloud\/ca\/Forcadell Oficinas Barcelona\/calendari-peticio-immoble\/sth\/2438&&11243903","properties_post_description_text":" Benvingut a l'Emblem\u00e0tica Torre d'Oficines a l'Avinguda Diagonal!\n\nUbicada a l'art\u00e8ria principal de Barcelona, aquesta torre reformada ofereix:\n\nNou hall d'acc\u00e9s\nReformes a totes les plantes: Espais moderns i funcionals.\nTerrassa comunit\u00e0ria a planta 10: Gaudeix de vistes incre\u00efbles i moments de relax.\nServei de consergeria: Atenci\u00f3 i assist\u00e8ncia a la teva disposici\u00f3.\nSeguretat i vigil\u00e0ncia: La teva tranquil\u00b7litat \u00e9s la nostra prioritat.\nC\u00f3rner saludable: Opcions fresques i nutritives per a les teves pauses.\nP\u00e0rquing privatiu: Comoditat sense complicacions.\nCertificacions LEED Platinum en proc\u00e9s i BREEAM Very Good: Un comprom\u00eds ferm amb la sostenibilitat.\nZona de dutxes i vestuaris a la planta -1: Ideal per a un estil de vida actiu.\nTaquilles intel\u00b7ligents: Seguretat i funcionalitat.\nZona de micromobilitat: Perfecte per a patinets i bicis el\u00e8ctriques.\nOficines di\u00e0fanes i lluminoses: Espais que fomenten la creativitat.\nS\u00f2l t\u00e8cnic i sostre fals: Adaptabilitat per al teu negoci.\nLlumin\u00e0ries LED autoregulables: Efici\u00e8ncia energ\u00e8tica al teu abast.\nCertificat d'efici\u00e8ncia energ\u00e8tica A: Cuida el planeta mentre treballes.\n\n \nTransport p\u00fablic:\nBus: 7, 56, 60, 92, 192, H14, V25, X1\nMetro: L1 \u2013 Gl\u00f2ries\nRenfe: \"El Clot - Arag\u00f3\"\nTram: T4-T5-T6 \"Gl\u00f2ries\", T4 \"Ca l'Arany\u00f3\"\n\n\nNo perdis l'oportunitat d'establir el teu negoci en un entorn excepcional. Contacta'ns per a m\u00e9s informaci\u00f3 i visita!","properties_post_seo_title":"","properties_post_seo_alias":"","properties_post_seo_metadescription":"","properties_post_seo_key_words":"","properties_post_seo_url":"","properties_post_terms_conditions":""},{"properties_post_description_language":"spanish","properties_post_title":"Oficina en alquiler con vistas panor\u00e1micas. Av. Diagonal 22@","properties_post_short_description_text_alt":"","properties_post_description_text_alt":" Bienvenido a la Emblem\u00e1tica Torre de Oficinas en la Avenida Diagonal! \n\nUbicada en la arteria principal de Barcelona, esta torre reformada ofrece:\n\nNuevo hall de acceso\nReformas en todas las plantas: Espacios modernos y funcionales.\nTerraza comunitaria en planta 10: Disfruta de vistas incre\u00edbles y momentos de relax.\nServicio de conserjer\u00eda: Atenci\u00f3n y asistencia a tu disposici\u00f3n.\nSeguridad y vigilancia: Tu tranquilidad es nuestra prioridad.\nCorner saludable: Opciones frescas y nutritivas para tus pausas.\nParking privativo: Comodidad sin complicaciones.\nCertificaciones LEED Platinum en proceso y BREEAM Very Good: Un compromiso firme con la sostenibilidad.\nZona de duchas y vestuarios en la planta -1: Ideal para un estilo de vida activo.\nTaquillas inteligentes: Seguridad y funcionalidad.\nZona de micromovilidad: Perfecto para patinetes y bicis el\u00e9ctricas.\nOficinas di\u00e1fanas y luminosas: Espacios que fomentan la creatividad.\nSuelo t\u00e9cnico y falso techo: Adaptabilidad para tu negocio.\nLuminarias LED autorregulables: Eficiencia energ\u00e9tica a tu alcance.\nCertificado de eficiencia energ\u00e9tica A \n\n\nTransporte p\u00fablico:\nBus: 7, 56, 60, 92, 192, H14, V25, X1\nMetro: L1 \u2013 Gl\u00f2ries\nRenfe: \"El Clot - Arag\u00f3\"\nTram: T4-T5-T6 \"Gl\u00f2ries\", T4 \"Ca l'Arany\u00f3\"\n\n\nNo pierdas la oportunidad de establecer tu negocio en un entorno excepcional. \u00a1Cont\u00e1ctanos para m\u00e1s informaci\u00f3n y visita!\n","properties_post_short_description_text":" ","properties_post_link_demanda_inmueble":"https:\/\/movin.cloud\/es\/Forcadell Oficinas Barcelona\/formulario-peticion-inmueble\/sth\/2438&&11243903","properties_post_link_demanda_calendario_inmueble":"https:\/\/movin.cloud\/es\/Forcadell Oficinas Barcelona\/calendario-peticion-inmueble\/sth\/2438&&11243903","properties_post_description_text":" Bienvenido a la Emblem\u00e1tica Torre de Oficinas en la Avenida Diagonal! \n\nUbicada en la arteria principal de Barcelona, esta torre reformada ofrece:\n\nNuevo hall de acceso\nReformas en todas las plantas: Espacios modernos y funcionales.\nTerraza comunitaria en planta 10: Disfruta de vistas incre\u00edbles y momentos de relax.\nServicio de conserjer\u00eda: Atenci\u00f3n y asistencia a tu disposici\u00f3n.\nSeguridad y vigilancia: Tu tranquilidad es nuestra prioridad.\nCorner saludable: Opciones frescas y nutritivas para tus pausas.\nParking privativo: Comodidad sin complicaciones.\nCertificaciones LEED Platinum en proceso y BREEAM Very Good: Un compromiso firme con la sostenibilidad.\nZona de duchas y vestuarios en la planta -1: Ideal para un estilo de vida activo.\nTaquillas inteligentes: Seguridad y funcionalidad.\nZona de micromovilidad: Perfecto para patinetes y bicis el\u00e9ctricas.\nOficinas di\u00e1fanas y luminosas: Espacios que fomentan la creatividad.\nSuelo t\u00e9cnico y falso techo: Adaptabilidad para tu negocio.\nLuminarias LED autorregulables: Eficiencia energ\u00e9tica a tu alcance.\nCertificado de eficiencia energ\u00e9tica A \n\n\nTransporte p\u00fablico:\nBus: 7, 56, 60, 92, 192, H14, V25, X1\nMetro: L1 \u2013 Gl\u00f2ries\nRenfe: \"El Clot - Arag\u00f3\"\nTram: T4-T5-T6 \"Gl\u00f2ries\", T4 \"Ca l'Arany\u00f3\"\n\n\nNo pierdas la oportunidad de establecer tu negocio en un entorno excepcional. \u00a1Cont\u00e1ctanos para m\u00e1s informaci\u00f3n y visita!\n\n","properties_post_seo_title":"","properties_post_seo_alias":"","properties_post_seo_metadescription":"","properties_post_seo_key_words":"","properties_post_seo_url":"","properties_post_terms_conditions":""}],"post_type_properties_post_features_type":"office","post_type_properties_post_id_building":"MjQ5JDI5NTA0","post_type_properties_post_features_area_constructed":1130,"post_type_properties_post_features_conditioned_air":false,"post_type_properties_post_features_doorman":false,"post_type_properties_post_features_heating":true,"post_type_properties_post_features_equipped_kitchen":false,"post_type_properties_post_features_windows_location":"exterior","post_type_properties_post_features_floors_property":false,"post_type_properties_post_features_storage":false,"post_type_properties_post_features_security_door":false,"post_type_properties_post_features_energy_certificate_rating":"A","post_type_properties_post_features_energy_certificate_emissions_rating":"A","post_type_properties_post_features_energy_certificate_emissions_value":"","post_type_properties_post_features_energy_certificate_performance":"","post_type_properties_post_features_bathroom_inside":false,"post_type_properties_post_precio":25990,"post_type_properties_post_precio_alquiler":25990,"post_type_properties_post_record_type_id":"Oficina","post_type_properties_post_categoria__producto":"Oficina","post_type_properties_post_amueblado":false,"post_type_properties_post_precio_m2":23,"post_type_properties_post_zona__comunitaria":false,"post_type_properties_post_electrodomesticos":false,"post_type_properties_post_patio__interior":false,"post_type_properties_post_certificado_energetico_general":"A","post_type_properties_post_certificado_energetico_consumo":"A","post_type_properties_post_certificado_energetico_valor_emisiones":"","post_type_properties_post_certificado_energetico_valor_consumo":"","post_type_properties_post_modalidad":"rent","post_type_properties_post_provincia":"Barcelona","post_type_properties_post_poblacion":"Barcelona","post_type_properties_post_centro__urbano":false,"post_type_properties_post_zonificacion":"22 @","post_type_properties_post_cartera":"","post_type_properties_post_titulo_catalan":"Oficina de lloguer amb vistes panor\u00e0miques. Av.Diagonal 22@.","post_type_properties_post_internet_catalan":" Benvingut a l'Emblem\u00e0tica Torre d'Oficines a l'Avinguda Diagonal!\n\nUbicada a l'art\u00e8ria principal de Barcelona, aquesta torre reformada ofereix:\n\nNou hall d'acc\u00e9s\nReformes a totes les plantes: Espais moderns i funcionals.\nTerrassa comunit\u00e0ria a planta 10: Gaudeix de vistes incre\u00efbles i moments de relax.\nServei de consergeria: Atenci\u00f3 i assist\u00e8ncia a la teva disposici\u00f3.\nSeguretat i vigil\u00e0ncia: La teva tranquil\u00b7litat \u00e9s la nostra prioritat.\nC\u00f3rner saludable: Opcions fresques i nutritives per a les teves pauses.\nP\u00e0rquing privatiu: Comoditat sense complicacions.\nCertificacions LEED Platinum en proc\u00e9s i BREEAM Very Good: Un comprom\u00eds ferm amb la sostenibilitat.\nZona de dutxes i vestuaris a la planta -1: Ideal per a un estil de vida actiu.\nTaquilles intel\u00b7ligents: Seguretat i funcionalitat.\nZona de micromobilitat: Perfecte per a patinets i bicis el\u00e8ctriques.\nOficines di\u00e0fanes i lluminoses: Espais que fomenten la creativitat.\nS\u00f2l t\u00e8cnic i sostre fals: Adaptabilitat per al teu negoci.\nLlumin\u00e0ries LED autoregulables: Efici\u00e8ncia energ\u00e8tica al teu abast.\nCertificat d'efici\u00e8ncia energ\u00e8tica A: Cuida el planeta mentre treballes.\n\n \nTransport p\u00fablic:\nBus: 7, 56, 60, 92, 192, H14, V25, X1\nMetro: L1 \u2013 Gl\u00f2ries\nRenfe: \"El Clot - Arag\u00f3\"\nTram: T4-T5-T6 \"Gl\u00f2ries\", T4 \"Ca l'Arany\u00f3\"\n\n\nNo perdis l'oportunitat d'establir el teu negoci en un entorn excepcional. Contacta'ns per a m\u00e9s informaci\u00f3 i visita!","post_type_properties_post_titulo_castellano":"Oficina en alquiler con vistas panor\u00e1micas. Av. Diagonal 22@","post_type_properties_post_internet_castellano":" Bienvenido a la Emblem\u00e1tica Torre de Oficinas en la Avenida Diagonal! \n\nUbicada en la arteria principal de Barcelona, esta torre reformada ofrece:\n\nNuevo hall de acceso\nReformas en todas las plantas: Espacios modernos y funcionales.\nTerraza comunitaria en planta 10: Disfruta de vistas incre\u00edbles y momentos de relax.\nServicio de conserjer\u00eda: Atenci\u00f3n y asistencia a tu disposici\u00f3n.\nSeguridad y vigilancia: Tu tranquilidad es nuestra prioridad.\nCorner saludable: Opciones frescas y nutritivas para tus pausas.\nParking privativo: Comodidad sin complicaciones.\nCertificaciones LEED Platinum en proceso y BREEAM Very Good: Un compromiso firme con la sostenibilidad.\nZona de duchas y vestuarios en la planta -1: Ideal para un estilo de vida activo.\nTaquillas inteligentes: Seguridad y funcionalidad.\nZona de micromovilidad: Perfecto para patinetes y bicis el\u00e9ctricas.\nOficinas di\u00e1fanas y luminosas: Espacios que fomentan la creatividad.\nSuelo t\u00e9cnico y falso techo: Adaptabilidad para tu negocio.\nLuminarias LED autorregulables: Eficiencia energ\u00e9tica a tu alcance.\nCertificado de eficiencia energ\u00e9tica A \n\n\nTransporte p\u00fablico:\nBus: 7, 56, 60, 92, 192, H14, V25, X1\nMetro: L1 \u2013 Gl\u00f2ries\nRenfe: \"El Clot - Arag\u00f3\"\nTram: T4-T5-T6 \"Gl\u00f2ries\", T4 \"Ca l'Arany\u00f3\"\n\n\nNo pierdas la oportunidad de establecer tu negocio en un entorno excepcional. \u00a1Cont\u00e1ctanos para m\u00e1s informaci\u00f3n y visita!\n\n","post_type_properties_post_titulo_ingles":"","post_type_properties_post_internet_ingles":"","post_type_properties_post_features_classification_commercial":false,"post_type_properties_post_features_conservation":"","post_type_properties_post_features_security_personnel":false,"post_type_properties_post_features_parking_available":false,"post_type_properties_post_features_garage_capacity_type":"","post_type_properties_post_features_bathroom_number":"","post_type_properties_post_eje":"","post_type_properties_post_zona":"","post_type_properties_post_comarca":"","post_type_properties_post_features_built_year":"","post_type_properties_post_renta_mensual":25990,"post_type_properties_post_fianza":"","post_type_properties_post_features_area_plot":"","post_type_properties_post_features_area_buildable":"","post_type_properties_post_features_classification_industrial":false,"post_type_properties_post_distrito":"","post_type_properties_post_features_balcony":false,"post_type_properties_post_features_bedroom_number":"","post_type_properties_post_features_heating_type":"","post_type_properties_post_features_equipped_with_furniture":false,"post_type_properties_post_features_pets_allowed":false,"post_type_properties_post_features_pool":false,"post_type_properties_post_features_terrace":false,"post_type_properties_post_features_wardrobes":false,"post_type_properties_post_features_lift_available":false,"post_type_properties_post_features_handicap_adapted_access":false,"post_type_properties_post_features_orientation_east":false,"post_type_properties_post_features_orientation_west":false,"post_type_properties_post_features_orientation_north":false,"post_type_properties_post_features_orientation_south":false,"post_type_properties_post_features_parking_spaces_number":"","post_type_properties_post_features_security_alarm":false,"post_type_properties_post_features_security_system":false,"post_type_properties_post_open_plan":false,"post_type_properties_post_acceso_24_7":false,"post_type_properties_post_oficina_privada":false,"post_type_properties_post_sala_reuniones":false,"post_type_properties_post_espacio_eventos":false,"post_type_properties_post_office":false,"post_type_properties_post_restaurant":false,"post_type_properties_post_acepta_traspaso":false,"post_type_properties_post_vigilancia":false,"post_type_properties_post_features_suite":false,"post_type_properties_post_features_vitro":false,"post_type_properties_post_features_oven":false,"post_type_properties_post_features_microwave":false,"post_type_properties_post_features_washing_machine":false,"post_type_properties_post_features_dryer":false,"post_type_properties_post_features_dishwasher":false,"post_type_properties_post_features_fridge":false,"post_type_properties_post_features_fridge_mini":false,"post_type_properties_post_features_kettle":false,"post_type_properties_post_features_toaster":false,"post_type_properties_post_features_coffee_maker":false,"post_type_properties_post_features_iron":false,"post_type_properties_post_features_ironing_board":false,"post_type_properties_post_features_safe":false,"post_type_properties_post_features_internet":false,"post_type_properties_post_features_solarium":false,"post_type_properties_post_features_clean_service":false,"post_type_properties_post_features_t_v":false,"post_type_properties_post_features_satellite_t_v":false,"post_type_properties_post_features_gas_kitchen":false,"post_type_properties_post_features_view_mountain":false,"post_type_properties_post_features_view_sea":false,"post_type_properties_post_features_concierge":false,"post_type_properties_post_features_loading_dock":false,"post_type_properties_post_features_bridge_crane":false,"post_type_properties_post_features_located_at_corner":false,"post_type_properties_post_features_smoke_extraction":false,"post_type_properties_post_features_rooms":"","post_type_properties_post_features_garden_area":"","post_type_properties_post_features_utilities_water":false,"post_type_properties_post_features_utilities_electricity":false,"post_type_properties_post_features_utilities_natural_gas":false,"post_type_properties_post_features_building_adapted":false,"post_type_properties_post_features_garden":false,"post_type_properties_post_features_classification_hotel":false,"post_type_properties_post_features_classification_chalet":false,"post_type_properties_post_certificado_energetico_emisiones":"A","post_type_properties_post_barrio":"","post_type_properties_post_distrito_empresa":"Sant Mart\u00ed","post_type_properties_post_features_property_category_intern":"","post_type_properties_post_implantada":false,"post_type_properties_post_sello_leed":"2","post_type_properties_post_sello_well":"","post_type_properties_post_sello_breeam":true,"post_type_properties_post_images":[{"properties_post_image_order":1,"properties_post_image_url":"https:\/\/movin.cloud\/empresas\/2438\/imagenes\/11243903\/en-alquiler-60.webp","properties_post_image_url_thumbnail":"https:\/\/movin.cloud\/empresas\/2438\/imagenes\/thumbnails\/11243903\/en-alquiler-60.webp","properties_post_title":"en alquiler 60","properties_post_alt":"en alquiler 60"},{"properties_post_image_order":2,"properties_post_image_url":"https:\/\/movin.cloud\/empresas\/2438\/imagenes\/11243903\/en-alquiler-48.webp","properties_post_image_url_thumbnail":"https:\/\/movin.cloud\/empresas\/2438\/imagenes\/thumbnails\/11243903\/en-alquiler-48.webp","properties_post_title":"en alquiler 48","properties_post_alt":"en alquiler 48"},{"properties_post_image_order":3,"properties_post_image_url":"https:\/\/movin.cloud\/empresas\/2438\/imagenes\/11243903\/en-alquiler-46.webp","properties_post_image_url_thumbnail":"https:\/\/movin.cloud\/empresas\/2438\/imagenes\/thumbnails\/11243903\/en-alquiler-46.webp","properties_post_title":"en alquiler 46","properties_post_alt":"en alquiler 46"},{"properties_post_image_order":4,"properties_post_image_url":"https:\/\/movin.cloud\/empresas\/2438\/imagenes\/11243903\/en-alquiler-26.webp","properties_post_image_url_thumbnail":"https:\/\/movin.cloud\/empresas\/2438\/imagenes\/thumbnails\/11243903\/en-alquiler-26.webp","properties_post_title":"en alquiler 26","properties_post_alt":"en alquiler 26"},{"properties_post_image_order":5,"properties_post_image_url":"https:\/\/movin.cloud\/empresas\/2438\/imagenes\/11243903\/en-alquiler-27.webp","properties_post_image_url_thumbnail":"https:\/\/movin.cloud\/empresas\/2438\/imagenes\/thumbnails\/11243903\/en-alquiler-27.webp","properties_post_title":"en alquiler 27","properties_post_alt":"en alquiler 27"},{"properties_post_image_order":6,"properties_post_image_url":"https:\/\/movin.cloud\/empresas\/2438\/imagenes\/11243903\/en-alquiler-52.webp","properties_post_image_url_thumbnail":"https:\/\/movin.cloud\/empresas\/2438\/imagenes\/thumbnails\/11243903\/en-alquiler-52.webp","properties_post_title":"en alquiler 52","properties_post_alt":"en alquiler 52"},{"properties_post_image_order":7,"properties_post_image_url":"https:\/\/movin.cloud\/empresas\/2438\/imagenes\/11243903\/en-alquiler-28.webp","properties_post_image_url_thumbnail":"https:\/\/movin.cloud\/empresas\/2438\/imagenes\/thumbnails\/11243903\/en-alquiler-28.webp","properties_post_title":"en alquiler 28","properties_post_alt":"en alquiler 28"},{"properties_post_image_order":8,"properties_post_image_url":"https:\/\/movin.cloud\/empresas\/2438\/imagenes\/11243903\/en-alquiler-29.webp","properties_post_image_url_thumbnail":"https:\/\/movin.cloud\/empresas\/2438\/imagenes\/thumbnails\/11243903\/en-alquiler-29.webp","properties_post_title":"en alquiler 29","properties_post_alt":"en alquiler 29"},{"properties_post_image_order":9,"properties_post_image_url":"https:\/\/movin.cloud\/empresas\/2438\/imagenes\/11243903\/en-alquiler-30.webp","properties_post_image_url_thumbnail":"https:\/\/movin.cloud\/empresas\/2438\/imagenes\/thumbnails\/11243903\/en-alquiler-30.webp","properties_post_title":"en alquiler 30","properties_post_alt":"en alquiler 30"},{"properties_post_image_order":10,"properties_post_image_url":"https:\/\/movin.cloud\/empresas\/2438\/imagenes\/11243903\/en-alquiler-32.webp","properties_post_image_url_thumbnail":"https:\/\/movin.cloud\/empresas\/2438\/imagenes\/thumbnails\/11243903\/en-alquiler-32.webp","properties_post_title":"en alquiler 32","properties_post_alt":"en alquiler 32"},{"properties_post_image_order":11,"properties_post_image_url":"https:\/\/movin.cloud\/empresas\/2438\/imagenes\/11243903\/en-alquiler-33.webp","properties_post_image_url_thumbnail":"https:\/\/movin.cloud\/empresas\/2438\/imagenes\/thumbnails\/11243903\/en-alquiler-33.webp","properties_post_title":"en alquiler 33","properties_post_alt":"en alquiler 33"},{"properties_post_image_order":12,"properties_post_image_url":"https:\/\/movin.cloud\/empresas\/2438\/imagenes\/11243903\/en-alquiler-34.webp","properties_post_image_url_thumbnail":"https:\/\/movin.cloud\/empresas\/2438\/imagenes\/thumbnails\/11243903\/en-alquiler-34.webp","properties_post_title":"en alquiler 34","properties_post_alt":"en alquiler 34"},{"properties_post_image_order":13,"properties_post_image_url":"https:\/\/movin.cloud\/empresas\/2438\/imagenes\/11243903\/en-alquiler-35.webp","properties_post_image_url_thumbnail":"https:\/\/movin.cloud\/empresas\/2438\/imagenes\/thumbnails\/11243903\/en-alquiler-35.webp","properties_post_title":"en alquiler 35","properties_post_alt":"en alquiler 35"},{"properties_post_image_order":14,"properties_post_image_url":"https:\/\/movin.cloud\/empresas\/2438\/imagenes\/11243903\/en-alquiler-39.webp","properties_post_image_url_thumbnail":"https:\/\/movin.cloud\/empresas\/2438\/imagenes\/thumbnails\/11243903\/en-alquiler-39.webp","properties_post_title":"en alquiler 39","properties_post_alt":"en alquiler 39"},{"properties_post_image_order":15,"properties_post_image_url":"https:\/\/movin.cloud\/empresas\/2438\/imagenes\/11243903\/en-alquiler-24.webp","properties_post_image_url_thumbnail":"https:\/\/movin.cloud\/empresas\/2438\/imagenes\/thumbnails\/11243903\/en-alquiler-24.webp","properties_post_title":"en alquiler 24","properties_post_alt":"en alquiler 24"},{"properties_post_image_order":16,"properties_post_image_url":"https:\/\/movin.cloud\/empresas\/2438\/imagenes\/11243903\/en-alquiler-43.webp","properties_post_image_url_thumbnail":"https:\/\/movin.cloud\/empresas\/2438\/imagenes\/thumbnails\/11243903\/en-alquiler-43.webp","properties_post_title":"en alquiler 43","properties_post_alt":"en alquiler 43"},{"properties_post_image_order":17,"properties_post_image_url":"https:\/\/movin.cloud\/empresas\/2438\/imagenes\/11243903\/en-alquiler-44.webp","properties_post_image_url_thumbnail":"https:\/\/movin.cloud\/empresas\/2438\/imagenes\/thumbnails\/11243903\/en-alquiler-44.webp","properties_post_title":"en alquiler 44","properties_post_alt":"en alquiler 44"},{"properties_post_image_order":18,"properties_post_image_url":"https:\/\/movin.cloud\/empresas\/2438\/imagenes\/11243903\/en-alquiler-45.webp","properties_post_image_url_thumbnail":"https:\/\/movin.cloud\/empresas\/2438\/imagenes\/thumbnails\/11243903\/en-alquiler-45.webp","properties_post_title":"en alquiler 45","properties_post_alt":"en alquiler 45"},{"properties_post_image_order":19,"properties_post_image_url":"https:\/\/movin.cloud\/empresas\/2438\/imagenes\/11243903\/en-alquiler-47.webp","properties_post_image_url_thumbnail":"https:\/\/movin.cloud\/empresas\/2438\/imagenes\/thumbnails\/11243903\/en-alquiler-47.webp","properties_post_title":"en alquiler 47","properties_post_alt":"en alquiler 47"},{"properties_post_image_order":20,"properties_post_image_url":"https:\/\/movin.cloud\/empresas\/2438\/imagenes\/11243903\/en-alquiler-25.webp","properties_post_image_url_thumbnail":"https:\/\/movin.cloud\/empresas\/2438\/imagenes\/thumbnails\/11243903\/en-alquiler-25.webp","properties_post_title":"en alquiler 25","properties_post_alt":"en alquiler 25"},{"properties_post_image_order":21,"properties_post_image_url":"https:\/\/movin.cloud\/empresas\/2438\/imagenes\/11243903\/en-alquiler-37.webp","properties_post_image_url_thumbnail":"https:\/\/movin.cloud\/empresas\/2438\/imagenes\/thumbnails\/11243903\/en-alquiler-37.webp","properties_post_title":"en alquiler 37","properties_post_alt":"en alquiler 37"},{"properties_post_image_order":22,"properties_post_image_url":"https:\/\/movin.cloud\/empresas\/2438\/imagenes\/11243903\/en-alquiler-49.webp","properties_post_image_url_thumbnail":"https:\/\/movin.cloud\/empresas\/2438\/imagenes\/thumbnails\/11243903\/en-alquiler-49.webp","properties_post_title":"en alquiler 49","properties_post_alt":"en alquiler 49"},{"properties_post_image_order":23,"properties_post_image_url":"https:\/\/movin.cloud\/empresas\/2438\/imagenes\/11243903\/en-alquiler-38.webp","properties_post_image_url_thumbnail":"https:\/\/movin.cloud\/empresas\/2438\/imagenes\/thumbnails\/11243903\/en-alquiler-38.webp","properties_post_title":"en alquiler 38","properties_post_alt":"en alquiler 38"},{"properties_post_image_order":24,"properties_post_image_url":"https:\/\/movin.cloud\/empresas\/2438\/imagenes\/11243903\/en-alquiler-50.webp","properties_post_image_url_thumbnail":"https:\/\/movin.cloud\/empresas\/2438\/imagenes\/thumbnails\/11243903\/en-alquiler-50.webp","properties_post_title":"en alquiler 50","properties_post_alt":"en alquiler 50"},{"properties_post_image_order":25,"properties_post_image_url":"https:\/\/movin.cloud\/empresas\/2438\/imagenes\/11243903\/en-alquiler-51.webp","properties_post_image_url_thumbnail":"https:\/\/movin.cloud\/empresas\/2438\/imagenes\/thumbnails\/11243903\/en-alquiler-51.webp","properties_post_title":"en alquiler 51","properties_post_alt":"en alquiler 51"},{"properties_post_image_order":26,"properties_post_image_url":"https:\/\/movin.cloud\/empresas\/2438\/imagenes\/11243903\/en-alquiler-40.webp","properties_post_image_url_thumbnail":"https:\/\/movin.cloud\/empresas\/2438\/imagenes\/thumbnails\/11243903\/en-alquiler-40.webp","properties_post_title":"en alquiler 40","properties_post_alt":"en alquiler 40"},{"properties_post_image_order":27,"properties_post_image_url":"https:\/\/movin.cloud\/empresas\/2438\/imagenes\/11243903\/en-alquiler-36.webp","properties_post_image_url_thumbnail":"https:\/\/movin.cloud\/empresas\/2438\/imagenes\/thumbnails\/11243903\/en-alquiler-36.webp","properties_post_title":"en alquiler 36","properties_post_alt":"en alquiler 36"},{"properties_post_image_order":28,"properties_post_image_url":"https:\/\/movin.cloud\/empresas\/2438\/imagenes\/11243903\/en-alquiler-41.webp","properties_post_image_url_thumbnail":"https:\/\/movin.cloud\/empresas\/2438\/imagenes\/thumbnails\/11243903\/en-alquiler-41.webp","properties_post_title":"en alquiler 41","properties_post_alt":"en alquiler 41"},{"properties_post_image_order":29,"properties_post_image_url":"https:\/\/movin.cloud\/empresas\/2438\/imagenes\/11243903\/en-alquiler-42.webp","properties_post_image_url_thumbnail":"https:\/\/movin.cloud\/empresas\/2438\/imagenes\/thumbnails\/11243903\/en-alquiler-42.webp","properties_post_title":"en alquiler 42","properties_post_alt":"en alquiler 42"},{"properties_post_image_order":30,"properties_post_image_url":"https:\/\/movin.cloud\/empresas\/2438\/imagenes\/11243903\/en-alquiler-53.webp","properties_post_image_url_thumbnail":"https:\/\/movin.cloud\/empresas\/2438\/imagenes\/thumbnails\/11243903\/en-alquiler-53.webp","properties_post_title":"en alquiler 53","properties_post_alt":"en alquiler 53"},{"properties_post_image_order":31,"properties_post_image_url":"https:\/\/movin.cloud\/empresas\/2438\/imagenes\/11243903\/en-alquiler-54.webp","properties_post_image_url_thumbnail":"https:\/\/movin.cloud\/empresas\/2438\/imagenes\/thumbnails\/11243903\/en-alquiler-54.webp","properties_post_title":"en alquiler 54","properties_post_alt":"en alquiler 54"},{"properties_post_image_order":32,"properties_post_image_url":"https:\/\/movin.cloud\/empresas\/2438\/imagenes\/11243903\/en-alquiler-55.webp","properties_post_image_url_thumbnail":"https:\/\/movin.cloud\/empresas\/2438\/imagenes\/thumbnails\/11243903\/en-alquiler-55.webp","properties_post_title":"en alquiler 55","properties_post_alt":"en alquiler 55"},{"properties_post_image_order":33,"properties_post_image_url":"https:\/\/movin.cloud\/empresas\/2438\/imagenes\/11243903\/en-alquiler-31.webp","properties_post_image_url_thumbnail":"https:\/\/movin.cloud\/empresas\/2438\/imagenes\/thumbnails\/11243903\/en-alquiler-31.webp","properties_post_title":"en alquiler 31","properties_post_alt":"en alquiler 31"},{"properties_post_image_order":34,"properties_post_image_url":"https:\/\/movin.cloud\/empresas\/2438\/imagenes\/11243903\/en-alquiler-23.webp","properties_post_image_url_thumbnail":"https:\/\/movin.cloud\/empresas\/2438\/imagenes\/thumbnails\/11243903\/en-alquiler-23.webp","properties_post_title":"en alquiler 23","properties_post_alt":"en alquiler 23"},{"properties_post_image_order":35,"properties_post_image_url":"https:\/\/movin.cloud\/empresas\/2438\/imagenes\/11243903\/en-alquiler-56.webp","properties_post_image_url_thumbnail":"https:\/\/movin.cloud\/empresas\/2438\/imagenes\/thumbnails\/11243903\/en-alquiler-56.webp","properties_post_title":"en alquiler 56","properties_post_alt":"en alquiler 56"},{"properties_post_image_order":36,"properties_post_image_url":"https:\/\/movin.cloud\/empresas\/2438\/imagenes\/11243903\/en-alquiler-57.webp","properties_post_image_url_thumbnail":"https:\/\/movin.cloud\/empresas\/2438\/imagenes\/thumbnails\/11243903\/en-alquiler-57.webp","properties_post_title":"en alquiler 57","properties_post_alt":"en alquiler 57"},{"properties_post_image_order":37,"properties_post_image_url":"https:\/\/movin.cloud\/empresas\/2438\/imagenes\/11243903\/en-alquiler-58.webp","properties_post_image_url_thumbnail":"https:\/\/movin.cloud\/empresas\/2438\/imagenes\/thumbnails\/11243903\/en-alquiler-58.webp","properties_post_title":"en alquiler 58","properties_post_alt":"en alquiler 58"},{"properties_post_image_order":38,"properties_post_image_url":"https:\/\/movin.cloud\/empresas\/2438\/imagenes\/11243903\/en-alquiler-59.webp","properties_post_image_url_thumbnail":"https:\/\/movin.cloud\/empresas\/2438\/imagenes\/thumbnails\/11243903\/en-alquiler-59.webp","properties_post_title":"en alquiler 59","properties_post_alt":"en alquiler 59"},{"properties_post_image_order":39,"properties_post_image_url":"https:\/\/movin.cloud\/empresas\/2438\/imagenes\/11243903\/en-alquiler-61.webp","properties_post_image_url_thumbnail":"https:\/\/movin.cloud\/empresas\/2438\/imagenes\/thumbnails\/11243903\/en-alquiler-61.webp","properties_post_title":"en alquiler 61","properties_post_alt":"en alquiler 61"},{"properties_post_image_order":40,"properties_post_image_url":"https:\/\/movin.cloud\/empresas\/2438\/imagenes\/11243903\/en-alquiler-62.webp","properties_post_image_url_thumbnail":"https:\/\/movin.cloud\/empresas\/2438\/imagenes\/thumbnails\/11243903\/en-alquiler-62.webp","properties_post_title":"en alquiler 62","properties_post_alt":"en alquiler 62"},{"properties_post_image_order":41,"properties_post_image_url":"https:\/\/movin.cloud\/empresas\/2438\/imagenes\/11243903\/en-alquiler-63.webp","properties_post_image_url_thumbnail":"https:\/\/movin.cloud\/empresas\/2438\/imagenes\/thumbnails\/11243903\/en-alquiler-63.webp","properties_post_title":"en alquiler 63","properties_post_alt":"en alquiler 63"},{"properties_post_image_order":42,"properties_post_image_url":"https:\/\/movin.cloud\/empresas\/2438\/imagenes\/11243903\/en-alquiler-64.webp","properties_post_image_url_thumbnail":"https:\/\/movin.cloud\/empresas\/2438\/imagenes\/thumbnails\/11243903\/en-alquiler-64.webp","properties_post_title":"en alquiler 64","properties_post_alt":"en alquiler 64"},{"properties_post_image_order":43,"properties_post_image_url":"https:\/\/movin.cloud\/empresas\/2438\/imagenes\/11243903\/en-alquiler-65.webp","properties_post_image_url_thumbnail":"https:\/\/movin.cloud\/empresas\/2438\/imagenes\/thumbnails\/11243903\/en-alquiler-65.webp","properties_post_title":"en alquiler 65","properties_post_alt":"en alquiler 65"},{"properties_post_image_order":44,"properties_post_image_url":"https:\/\/movin.cloud\/empresas\/2438\/imagenes\/11243903\/en-alquiler-67.webp","properties_post_image_url_thumbnail":"https:\/\/movin.cloud\/empresas\/2438\/imagenes\/thumbnails\/11243903\/en-alquiler-67.webp","properties_post_title":"en alquiler 67","properties_post_alt":"en alquiler 67"},{"properties_post_image_order":45,"properties_post_image_url":"https:\/\/movin.cloud\/empresas\/2438\/imagenes\/11243903\/en-alquiler-68.webp","properties_post_image_url_thumbnail":"https:\/\/movin.cloud\/empresas\/2438\/imagenes\/thumbnails\/11243903\/en-alquiler-68.webp","properties_post_title":"en alquiler 68","properties_post_alt":"en alquiler 68"},{"properties_post_image_order":46,"properties_post_image_url":"https:\/\/movin.cloud\/empresas\/2438\/imagenes\/11243903\/en-alquiler-69.webp","properties_post_image_url_thumbnail":"https:\/\/movin.cloud\/empresas\/2438\/imagenes\/thumbnails\/11243903\/en-alquiler-69.webp","properties_post_title":"en alquiler 69","properties_post_alt":"en alquiler 69"},{"properties_post_image_order":47,"properties_post_image_url":"https:\/\/movin.cloud\/empresas\/2438\/imagenes\/11243903\/en-alquiler-70.webp","properties_post_image_url_thumbnail":"https:\/\/movin.cloud\/empresas\/2438\/imagenes\/thumbnails\/11243903\/en-alquiler-70.webp","properties_post_title":"en alquiler 70","properties_post_alt":"en alquiler 70"},{"properties_post_image_order":48,"properties_post_image_url":"https:\/\/movin.cloud\/empresas\/2438\/imagenes\/11243903\/en-alquiler-71.webp","properties_post_image_url_thumbnail":"https:\/\/movin.cloud\/empresas\/2438\/imagenes\/thumbnails\/11243903\/en-alquiler-71.webp","properties_post_title":"en alquiler 71","properties_post_alt":"en alquiler 71"},{"properties_post_image_order":49,"properties_post_image_url":"https:\/\/movin.cloud\/empresas\/2438\/imagenes\/11243903\/en-alquiler-72.webp","properties_post_image_url_thumbnail":"https:\/\/movin.cloud\/empresas\/2438\/imagenes\/thumbnails\/11243903\/en-alquiler-72.webp","properties_post_title":"en alquiler 72","properties_post_alt":"en alquiler 72"},{"properties_post_image_order":50,"properties_post_image_url":"https:\/\/movin.cloud\/empresas\/2438\/imagenes\/11243903\/en-alquiler-73.webp","properties_post_image_url_thumbnail":"https:\/\/movin.cloud\/empresas\/2438\/imagenes\/thumbnails\/11243903\/en-alquiler-73.webp","properties_post_title":"en alquiler 73","properties_post_alt":"en alquiler 73"},{"properties_post_image_order":51,"properties_post_image_url":"https:\/\/movin.cloud\/empresas\/2438\/imagenes\/11243903\/en-alquiler-74.webp","properties_post_image_url_thumbnail":"https:\/\/movin.cloud\/empresas\/2438\/imagenes\/thumbnails\/11243903\/en-alquiler-74.webp","properties_post_title":"en alquiler 74","properties_post_alt":"en alquiler 74"},{"properties_post_image_order":52,"properties_post_image_url":"https:\/\/movin.cloud\/empresas\/2438\/imagenes\/11243903\/en-alquiler-75.webp","properties_post_image_url_thumbnail":"https:\/\/movin.cloud\/empresas\/2438\/imagenes\/thumbnails\/11243903\/en-alquiler-75.webp","properties_post_title":"en alquiler 75","properties_post_alt":"en alquiler 75"},{"properties_post_image_order":53,"properties_post_image_url":"https:\/\/movin.cloud\/empresas\/2438\/imagenes\/11243903\/en-alquiler-76.webp","properties_post_image_url_thumbnail":"https:\/\/movin.cloud\/empresas\/2438\/imagenes\/thumbnails\/11243903\/en-alquiler-76.webp","properties_post_title":"en alquiler 76","properties_post_alt":"en alquiler 76"},{"properties_post_image_order":54,"properties_post_image_url":"https:\/\/movin.cloud\/empresas\/2438\/imagenes\/11243903\/en-alquiler-77.webp","properties_post_image_url_thumbnail":"https:\/\/movin.cloud\/empresas\/2438\/imagenes\/thumbnails\/11243903\/en-alquiler-77.webp","properties_post_title":"en alquiler 77","properties_post_alt":"en alquiler 77"},{"properties_post_image_order":55,"properties_post_image_url":"https:\/\/movin.cloud\/empresas\/2438\/imagenes\/11243903\/en-alquiler-78.webp","properties_post_image_url_thumbnail":"https:\/\/movin.cloud\/empresas\/2438\/imagenes\/thumbnails\/11243903\/en-alquiler-78.webp","properties_post_title":"en alquiler 78","properties_post_alt":"en alquiler 78"},{"properties_post_image_order":56,"properties_post_image_url":"https:\/\/movin.cloud\/empresas\/2438\/imagenes\/11243903\/en-alquiler-79.webp","properties_post_image_url_thumbnail":"https:\/\/movin.cloud\/empresas\/2438\/imagenes\/thumbnails\/11243903\/en-alquiler-79.webp","properties_post_title":"en alquiler 79","properties_post_alt":"en alquiler 79"},{"properties_post_image_order":57,"properties_post_image_url":"https:\/\/movin.cloud\/empresas\/2438\/imagenes\/11243903\/en-alquiler-80.webp","properties_post_image_url_thumbnail":"https:\/\/movin.cloud\/empresas\/2438\/imagenes\/thumbnails\/11243903\/en-alquiler-80.webp","properties_post_title":"en alquiler 80","properties_post_alt":"en alquiler 80"},{"properties_post_image_order":58,"properties_post_image_url":"https:\/\/movin.cloud\/empresas\/2438\/imagenes\/11243903\/en-alquiler-81.webp","properties_post_image_url_thumbnail":"https:\/\/movin.cloud\/empresas\/2438\/imagenes\/thumbnails\/11243903\/en-alquiler-81.webp","properties_post_title":"en alquiler 81","properties_post_alt":"en alquiler 81"},{"properties_post_image_order":59,"properties_post_image_url":"https:\/\/movin.cloud\/empresas\/2438\/imagenes\/11243903\/en-alquiler-82.webp","properties_post_image_url_thumbnail":"https:\/\/movin.cloud\/empresas\/2438\/imagenes\/thumbnails\/11243903\/en-alquiler-82.webp","properties_post_title":"en alquiler 82","properties_post_alt":"en alquiler 82"},{"properties_post_image_order":60,"properties_post_image_url":"https:\/\/movin.cloud\/empresas\/2438\/imagenes\/11243903\/en-alquiler-84.webp","properties_post_image_url_thumbnail":"https:\/\/movin.cloud\/empresas\/2438\/imagenes\/thumbnails\/11243903\/en-alquiler-84.webp","properties_post_title":"en alquiler 84","properties_post_alt":"en alquiler 84"},{"properties_post_image_order":61,"properties_post_image_url":"https:\/\/movin.cloud\/empresas\/2438\/imagenes\/11243903\/en-alquiler-85.webp","properties_post_image_url_thumbnail":"https:\/\/movin.cloud\/empresas\/2438\/imagenes\/thumbnails\/11243903\/en-alquiler-85.webp","properties_post_title":"en alquiler 85","properties_post_alt":"en alquiler 85"},{"properties_post_image_order":62,"properties_post_image_url":"https:\/\/movin.cloud\/empresas\/2438\/imagenes\/11243903\/en-alquiler-86.webp","properties_post_image_url_thumbnail":"https:\/\/movin.cloud\/empresas\/2438\/imagenes\/thumbnails\/11243903\/en-alquiler-86.webp","properties_post_title":"en alquiler 86","properties_post_alt":"en alquiler 86"},{"properties_post_image_order":63,"properties_post_image_url":"https:\/\/movin.cloud\/empresas\/2438\/imagenes\/11243903\/en-alquiler-87.webp","properties_post_image_url_thumbnail":"https:\/\/movin.cloud\/empresas\/2438\/imagenes\/thumbnails\/11243903\/en-alquiler-87.webp","properties_post_title":"en alquiler 87","properties_post_alt":"en alquiler 87"},{"properties_post_image_order":64,"properties_post_image_url":"https:\/\/movin.cloud\/empresas\/2438\/imagenes\/11243903\/en-alquiler-88.webp","properties_post_image_url_thumbnail":"https:\/\/movin.cloud\/empresas\/2438\/imagenes\/thumbnails\/11243903\/en-alquiler-88.webp","properties_post_title":"en alquiler 88","properties_post_alt":"en alquiler 88"},{"properties_post_image_order":65,"properties_post_image_url":"https:\/\/movin.cloud\/empresas\/2438\/imagenes\/11243903\/en-alquiler-89.webp","properties_post_image_url_thumbnail":"https:\/\/movin.cloud\/empresas\/2438\/imagenes\/thumbnails\/11243903\/en-alquiler-89.webp","properties_post_title":"en alquiler 89","properties_post_alt":"en alquiler 89"},{"properties_post_image_order":66,"properties_post_image_url":"https:\/\/movin.cloud\/empresas\/2438\/imagenes\/11243903\/en-alquiler-90.webp","properties_post_image_url_thumbnail":"https:\/\/movin.cloud\/empresas\/2438\/imagenes\/thumbnails\/11243903\/en-alquiler-90.webp","properties_post_title":"en alquiler 90","properties_post_alt":"en alquiler 90"},{"properties_post_image_order":67,"properties_post_image_url":"https:\/\/movin.cloud\/empresas\/2438\/imagenes\/11243903\/en-alquiler-91.webp","properties_post_image_url_thumbnail":"https:\/\/movin.cloud\/empresas\/2438\/imagenes\/thumbnails\/11243903\/en-alquiler-91.webp","properties_post_title":"en alquiler 91","properties_post_alt":"en alquiler 91"}],"post_type_properties_post_videos":null,"post_type_properties_post_tour":null,"post_type_properties_post_dossier_url":"","post_type_properties_post_operation_type":"rent","post_type_properties_post_operation_price":25990,"post_type_properties_post_features_hidden_price":false},"yoast_head":"<!-- This site is optimized with the Yoast SEO plugin v25.6 - https:\/\/yoast.com\/wordpress\/plugins\/seo\/ -->\n<title>Oficina en alquiler con vistas panor\u00e1micas. Av. Diagonal 22@ - Forcadell<\/title>\n<meta name=\"robots\" content=\"index, follow, max-snippet:-1, max-image-preview:large, max-video-preview:-1\" \/>\n<link rel=\"canonical\" href=\"https:\/\/forcadell.com\/ca\/propiedades\/oficina-en-alquiler-con-vistas-panoramicas-av-diagonal-22-5\/\" \/>\n<meta property=\"og:locale\" content=\"ca_ES\" \/>\n<meta property=\"og:type\" content=\"article\" \/>\n<meta property=\"og:title\" content=\"Oficina en alquiler con vistas panor\u00e1micas. Av. Diagonal 22@ - Forcadell\" \/>\n<meta property=\"og:description\" content=\"Bienvenido a la Emblem\u00e1tica Torre de Oficinas en la Avenida Diagonal! Ubicada en la arteria principal de Barcelona, esta torre reformada ofrece: Nuevo hall de acceso Reformas en todas las plantas: Espacios modernos y funcionales. Terraza comunitaria en planta 10: Disfruta de vistas incre\u00edbles y momentos de relax. Servicio de conserjer\u00eda: Atenci\u00f3n y asistencia a [&hellip;]\" \/>\n<meta property=\"og:url\" content=\"https:\/\/forcadell.com\/ca\/propiedades\/oficina-en-alquiler-con-vistas-panoramicas-av-diagonal-22-5\/\" \/>\n<meta property=\"og:site_name\" content=\"Forcadell\" \/>\n<meta property=\"article:modified_time\" content=\"2026-04-26T10:09:58+00:00\" \/>\n<meta name=\"twitter:card\" content=\"summary_large_image\" \/>\n<meta name=\"twitter:label1\" content=\"Temps estimat de lectura\" \/>\n\t<meta name=\"twitter:data1\" content=\"1 minut\" \/>\n<!-- \/ Yoast SEO plugin. -->","yoast_head_json":{"title":"Oficina en alquiler con vistas panor\u00e1micas. Av. Diagonal 22@ - Forcadell","robots":{"index":"index","follow":"follow","max-snippet":"max-snippet:-1","max-image-preview":"max-image-preview:large","max-video-preview":"max-video-preview:-1"},"canonical":"https:\/\/forcadell.com\/ca\/propiedades\/oficina-en-alquiler-con-vistas-panoramicas-av-diagonal-22-5\/","og_locale":"ca_ES","og_type":"article","og_title":"Oficina en alquiler con vistas panor\u00e1micas. Av. Diagonal 22@ - Forcadell","og_description":"Bienvenido a la Emblem\u00e1tica Torre de Oficinas en la Avenida Diagonal! Ubicada en la arteria principal de Barcelona, esta torre reformada ofrece: Nuevo hall de acceso Reformas en todas las plantas: Espacios modernos y funcionales. Terraza comunitaria en planta 10: Disfruta de vistas incre\u00edbles y momentos de relax. Servicio de conserjer\u00eda: Atenci\u00f3n y asistencia a [&hellip;]","og_url":"https:\/\/forcadell.com\/ca\/propiedades\/oficina-en-alquiler-con-vistas-panoramicas-av-diagonal-22-5\/","og_site_name":"Forcadell","article_modified_time":"2026-04-26T10:09:58+00:00","twitter_card":"summary_large_image","twitter_misc":{"Temps estimat de lectura":"1 minut"},"schema":{"@context":"https:\/\/schema.org","@graph":[{"@type":"WebPage","@id":"https:\/\/forcadell.com\/ca\/propiedades\/oficina-en-alquiler-con-vistas-panoramicas-av-diagonal-22-5\/","url":"https:\/\/forcadell.com\/ca\/propiedades\/oficina-en-alquiler-con-vistas-panoramicas-av-diagonal-22-5\/","name":"Oficina en alquiler con vistas panor\u00e1micas. Av. Diagonal 22@ - Forcadell","isPartOf":{"@id":"https:\/\/forcadell.com\/ca\/#website"},"datePublished":"2025-11-04T14:11:12+00:00","dateModified":"2026-04-26T10:09:58+00:00","breadcrumb":{"@id":"https:\/\/forcadell.com\/ca\/propiedades\/oficina-en-alquiler-con-vistas-panoramicas-av-diagonal-22-5\/#breadcrumb"},"inLanguage":"ca","potentialAction":[{"@type":"ReadAction","target":["https:\/\/forcadell.com\/ca\/propiedades\/oficina-en-alquiler-con-vistas-panoramicas-av-diagonal-22-5\/"]}]},{"@type":"BreadcrumbList","@id":"https:\/\/forcadell.com\/ca\/propiedades\/oficina-en-alquiler-con-vistas-panoramicas-av-diagonal-22-5\/#breadcrumb","itemListElement":[{"@type":"ListItem","position":1,"name":"Portada","item":"https:\/\/forcadell.com\/ca\/"},{"@type":"ListItem","position":2,"name":"Properties","item":"https:\/\/forcadell.com\/ca\/propiedades\/"},{"@type":"ListItem","position":3,"name":"Oficina en alquiler con vistas panor\u00e1micas. Av. Diagonal 22@"}]},{"@type":"WebSite","@id":"https:\/\/forcadell.com\/ca\/#website","url":"https:\/\/forcadell.com\/ca\/","name":"Forcadell","description":"Inmobiliaria Barcelona | Consultores inmobiliarios","potentialAction":[{"@type":"SearchAction","target":{"@type":"EntryPoint","urlTemplate":"https:\/\/forcadell.com\/ca\/?s={search_term_string}"},"query-input":{"@type":"PropertyValueSpecification","valueRequired":true,"valueName":"search_term_string"}}],"inLanguage":"ca"}]}},"_links":{"self":[{"href":"https:\/\/forcadell.com\/ca\/wp-json\/wp\/v2\/properties_post\/57825"}],"collection":[{"href":"https:\/\/forcadell.com\/ca\/wp-json\/wp\/v2\/properties_post"}],"about":[{"href":"https:\/\/forcadell.com\/ca\/wp-json\/wp\/v2\/types\/properties_post"}],"wp:attachment":[{"href":"https:\/\/forcadell.com\/ca\/wp-json\/wp\/v2\/media?parent=57825"}],"curies":[{"name":"wp","href":"https:\/\/api.w.org\/{rel}","templated":true}]}}