{"id":57821,"date":"2025-11-04T16:11:05","date_gmt":"2025-11-04T14:11:05","guid":{"rendered":"https:\/\/www.forcadell.com\/propiedades\/oficina-en-alquiler-con-vistas-panoramicas-av-diagonal-22-2\/"},"modified":"2026-04-28T10:11:00","modified_gmt":"2026-04-28T08:11:00","slug":"oficina-en-alquiler-con-vistas-panoramicas-av-diagonal-22-2","status":"publish","type":"properties_post","link":"https:\/\/forcadell.com\/ca\/propiedades\/oficina-en-alquiler-con-vistas-panoramicas-av-diagonal-22-2\/","title":{"rendered":"AV DIAGONAL &#8211; 22@BARCELONA"},"content":{"rendered":"<p> Edificio Exclusivo de Oficinas en Plaza de las Gl\u00f2ries \u2013 Coraz\u00f3n del 22@<\/p>\n<p>Ubicado en uno de los enclaves m\u00e1s estrat\u00e9gicos y representativos de Barcelona, este edificio exclusivo de oficinas se alza en la Plaza de las Gl\u00f2ries, punto neur\u00e1lgico donde convergen la Avenida Diagonal, la Avenida Meridiana y la Gran V\u00eda de les Corts Catalanes. Una localizaci\u00f3n privilegiada en pleno distrito 22@, epicentro de innovaci\u00f3n, tecnolog\u00eda y talento empresarial.<\/p>\n<p>Un entorno dise\u00f1ado para compa\u00f1\u00edas que buscan posicionamiento, imagen corporativa y excelencia operativa.<\/p>\n<p>Un espacio que proyecta liderazgo<\/p>\n<p>El edificio, completamente reformado, ofrece una experiencia corporativa de alto nivel desde el primer momento gracias a su amplio y elegante lobby de acceso, concebido para transmitir profesionalidad y prestigio.<\/p>\n<p>Cuenta con una espectacular terraza comunitaria en planta 10 \u2014THE SOCIAL\u2014, un espacio diferencial ideal para eventos corporativos, networking o momentos de desconexi\u00f3n con vistas privilegiadas de la ciudad.<\/p>\n<p>Servicios y comodidades premium<br \/>\nServicio de conserjer\u00eda<br \/>\nCorner saludable<br \/>\nParking privativo<br \/>\nZona de duchas y vestuarios en planta -1<br \/>\nTaquillas inteligentes<br \/>\nEspacio de micromovilidad para patinetes y bicicletas el\u00e9ctricas<br \/>\nTodo pensado para fomentar el bienestar, la sostenibilidad y la eficiencia en el d\u00eda a d\u00eda de equipos exigentes.<\/p>\n<p>Oficinas dise\u00f1adas para el alto rendimiento<br \/>\nPlantas di\u00e1fanas y especialmente luminosas<br \/>\nSuelo t\u00e9cnico<br \/>\nFalso techo<br \/>\nLuminarias LED autorregulables<br \/>\nCertificaci\u00f3n energ\u00e9tica A<br \/>\nCertificaci\u00f3n sostenible BREEAM Very Good<\/p>\n<p>Espacios flexibles, eficientes y tecnol\u00f3gicamente preparados para adaptarse a las necesidades de empresas l\u00edderes en sectores como tecnolog\u00eda, consultor\u00eda, finanzas, innovaci\u00f3n o multinacionales que buscan una sede representativa en Barcelona.<\/p>\n<p>Una oportunidad \u00fanica para establecer su compa\u00f1\u00eda en uno de los distritos empresariales m\u00e1s din\u00e1micos de Europa, con excelente conectividad, servicios y una imagen alineada con los est\u00e1ndares corporativos m\u00e1s exigentes.<\/p>\n<p>Ubicaci\u00f3n estrat\u00e9gica. Imagen premium. Espacios que inspiran crecimiento.<\/p>\n","protected":false},"template":"","class_list":["post-57821","properties_post","type-properties_post","status-publish","hentry","properties_modality-rent","properties_district-sant-marti","properties_province-barcelona","properties_zone-116","properties_state-barcelona","properties_subclass-oficina","properties_type-oficina"],"acf":{"post_type_properties_post_property_code":"11243891","post_type_properties_post_property_reference":"IE-223839","post_type_properties_post_owner_id":"50223","post_type_properties_post_owner_name":"INMOBILIARIA COLONIAL - SOCIMI SA","post_type_properties_post_property_code_encrypted":"MjQ5JDI4NDU4","post_type_properties_post_published":"1","post_type_properties_post_property_visibility":"idealista","post_type_properties_post_contact_name":"Forcadell Oficinas Barcelona","post_type_properties_post_contact_email":"forcadell.oficinas.barcelona@movin.cloud","post_type_properties_post_contact_primary_phone_prefix":"34","post_type_properties_post_contact_primary_phone_number":"934965413","post_type_properties_post_address_visibility":"street","post_type_properties_post_address_country":"Spain","post_type_properties_post_address_coordinates_precision":"exact","post_type_properties_post_address_postal_code":"08018","post_type_properties_post_address_coordinates_latitude":"41.40391","post_type_properties_post_address_coordinates_longitude":"2.1915866","post_type_properties_post_address_street_name":"Av. Diagonal 197","post_type_properties_post_address_floor":"14","post_type_properties_post_address_town":"Barcelona","post_type_properties_post_building":null,"post_type_properties_post_property":[{"properties_post_description_language":"catalan","properties_post_title":" AV DIAGONAL - 22@BARCELONA","properties_post_short_description_text_alt":"","properties_post_description_text_alt":"","properties_post_short_description_text":" ","properties_post_link_demanda_inmueble":"https:\/\/movin.cloud\/ca\/Forcadell Oficinas Barcelona\/formulari-peticio-immoble\/sth\/2438&&11243891","properties_post_link_demanda_calendario_inmueble":"https:\/\/movin.cloud\/ca\/Forcadell Oficinas Barcelona\/calendari-peticio-immoble\/sth\/2438&&11243891","properties_post_description_text":" Edifici Exclusiu d'Oficines a Pla\u00e7a de les Gl\u00f2ries \u2013 Cor del 22@\n\nUbicat en un dels enclavaments m\u00e9s estrat\u00e8gics i representatius de Barcelona, aquest edifici exclusiu d'oficines s'al\u00e7a a la Pla\u00e7a de les Gl\u00f2ries, punt neur\u00e0lgic on convergeixen l'Avinguda Diagonal, l'Avinguda Meridiana i la Gran Via de les Corts Catalanes. Una localitzaci\u00f3 privilegiada a ple districte 22@, epicentre d'innovaci\u00f3, tecnologia i talent empresarial.\n\nUn entorn dissenyat per a companyies que busquen posicionament, imatge corporativa i excel\u00b7l\u00e8ncia operativa.\n\nUn espai que projecta lideratge\n\nL\u00b4edifici, completament reformat, ofereix una experi\u00e8ncia corporativa d\u00b4alt nivell des del primer moment gr\u00e0cies al seu ampli i elegant lobby d\u00b4acc\u00e9s, concebut per transmetre professionalitat i prestigi.\n\nCompte amb una espectacular terrassa comunit\u00e0ria en planta 10 \u2014THE SOCIAL\u2014, un espai diferencial ideal per a esdeveniments corporatius, networking o moments de desconnexi\u00f3 amb vistes privilegiades de la ciutat.\n\nServeis i comoditats premium\nServei de consergeria\nC\u00f3rner saludable\nP\u00e0rquing privatiu\nZona de dutxes i vestuaris a planta -1\nTaquilles intel\u00b7ligents\nEspai de micromobilitat per a patinets i bicicletes el\u00e8ctriques\nTot pensat per fomentar el benestar, la sostenibilitat i lefici\u00e8ncia en el dia a dia dequips exigents.\n\nOficines dissenyades per a l'alt rendiment\nPlantes di\u00e0fanes i especialment lluminoses\nS\u00f2l t\u00e8cnic\nFals sostre\nLlumin\u00e0ries LED autoregulables\nCertificaci\u00f3 energ\u00e8tica A\nCertificaci\u00f3 sostenible BREEAM Very Good\n\nEspais flexibles, eficients i tecnol\u00f2gicament preparats per adaptar-se a les necessitats d'empreses capdavanteres en sectors com tecnologia, consultoria, finances, innovaci\u00f3 o multinacionals que busquen una seu representativa a Barcelona.\n\nUna oportunitat \u00fanica per establir la vostra companyia en un dels districtes empresarials m\u00e9s din\u00e0mics d'Europa, amb excel\u00b7lent connectivitat, serveis i una imatge alineada amb els est\u00e0ndards corporatius m\u00e9s exigents.\n\nUbicaci\u00f3 estrat\u00e8gica. Imatge premium. Espais que inspiren creixement.","properties_post_seo_title":"","properties_post_seo_alias":"","properties_post_seo_metadescription":"","properties_post_seo_key_words":"","properties_post_seo_url":"","properties_post_terms_conditions":""},{"properties_post_description_language":"spanish","properties_post_title":"AV DIAGONAL - 22@BARCELONA","properties_post_short_description_text_alt":"","properties_post_description_text_alt":"","properties_post_short_description_text":" ","properties_post_link_demanda_inmueble":"https:\/\/movin.cloud\/es\/Forcadell Oficinas Barcelona\/formulario-peticion-inmueble\/sth\/2438&&11243891","properties_post_link_demanda_calendario_inmueble":"https:\/\/movin.cloud\/es\/Forcadell Oficinas Barcelona\/calendario-peticion-inmueble\/sth\/2438&&11243891","properties_post_description_text":" Edificio Exclusivo de Oficinas en Plaza de las Gl\u00f2ries \u2013 Coraz\u00f3n del 22@\n\nUbicado en uno de los enclaves m\u00e1s estrat\u00e9gicos y representativos de Barcelona, este edificio exclusivo de oficinas se alza en la Plaza de las Gl\u00f2ries, punto neur\u00e1lgico donde convergen la Avenida Diagonal, la Avenida Meridiana y la Gran V\u00eda de les Corts Catalanes. Una localizaci\u00f3n privilegiada en pleno distrito 22@, epicentro de innovaci\u00f3n, tecnolog\u00eda y talento empresarial.\n\nUn entorno dise\u00f1ado para compa\u00f1\u00edas que buscan posicionamiento, imagen corporativa y excelencia operativa.\n\nUn espacio que proyecta liderazgo\n\nEl edificio, completamente reformado, ofrece una experiencia corporativa de alto nivel desde el primer momento gracias a su amplio y elegante lobby de acceso, concebido para transmitir profesionalidad y prestigio.\n\nCuenta con una espectacular terraza comunitaria en planta 10 \u2014THE SOCIAL\u2014, un espacio diferencial ideal para eventos corporativos, networking o momentos de desconexi\u00f3n con vistas privilegiadas de la ciudad.\n\nServicios y comodidades premium\nServicio de conserjer\u00eda\nCorner saludable\nParking privativo\nZona de duchas y vestuarios en planta -1\nTaquillas inteligentes\nEspacio de micromovilidad para patinetes y bicicletas el\u00e9ctricas\nTodo pensado para fomentar el bienestar, la sostenibilidad y la eficiencia en el d\u00eda a d\u00eda de equipos exigentes.\n\nOficinas dise\u00f1adas para el alto rendimiento\nPlantas di\u00e1fanas y especialmente luminosas\nSuelo t\u00e9cnico\nFalso techo\nLuminarias LED autorregulables\nCertificaci\u00f3n energ\u00e9tica A\nCertificaci\u00f3n sostenible BREEAM Very Good\n\nEspacios flexibles, eficientes y tecnol\u00f3gicamente preparados para adaptarse a las necesidades de empresas l\u00edderes en sectores como tecnolog\u00eda, consultor\u00eda, finanzas, innovaci\u00f3n o multinacionales que buscan una sede representativa en Barcelona.\n\nUna oportunidad \u00fanica para establecer su compa\u00f1\u00eda en uno de los distritos empresariales m\u00e1s din\u00e1micos de Europa, con excelente conectividad, servicios y una imagen alineada con los est\u00e1ndares corporativos m\u00e1s exigentes.\n\nUbicaci\u00f3n estrat\u00e9gica. Imagen premium. Espacios que inspiran crecimiento.\n","properties_post_seo_title":"","properties_post_seo_alias":"","properties_post_seo_metadescription":"","properties_post_seo_key_words":"","properties_post_seo_url":"","properties_post_terms_conditions":""}],"post_type_properties_post_features_type":"office","post_type_properties_post_id_building":"MjQ5JDI5NTA0","post_type_properties_post_features_area_constructed":645,"post_type_properties_post_features_conditioned_air":false,"post_type_properties_post_features_doorman":false,"post_type_properties_post_features_heating":false,"post_type_properties_post_features_equipped_kitchen":false,"post_type_properties_post_features_windows_location":"exterior","post_type_properties_post_features_floors_property":false,"post_type_properties_post_features_storage":false,"post_type_properties_post_features_security_door":false,"post_type_properties_post_features_energy_certificate_rating":"A","post_type_properties_post_features_energy_certificate_emissions_rating":"A","post_type_properties_post_features_energy_certificate_emissions_value":"","post_type_properties_post_features_energy_certificate_performance":"","post_type_properties_post_features_bathroom_inside":false,"post_type_properties_post_precio":17415,"post_type_properties_post_precio_alquiler":17415,"post_type_properties_post_record_type_id":"Oficina","post_type_properties_post_categoria__producto":"Oficina","post_type_properties_post_amueblado":false,"post_type_properties_post_precio_m2":27,"post_type_properties_post_zona__comunitaria":false,"post_type_properties_post_electrodomesticos":false,"post_type_properties_post_patio__interior":false,"post_type_properties_post_certificado_energetico_general":"A","post_type_properties_post_certificado_energetico_consumo":"A","post_type_properties_post_certificado_energetico_valor_emisiones":"","post_type_properties_post_certificado_energetico_valor_consumo":"","post_type_properties_post_modalidad":"rent","post_type_properties_post_provincia":"Barcelona","post_type_properties_post_poblacion":"Barcelona","post_type_properties_post_centro__urbano":false,"post_type_properties_post_zonificacion":"22 @","post_type_properties_post_cartera":"","post_type_properties_post_titulo_catalan":" AV DIAGONAL - 22@BARCELONA","post_type_properties_post_internet_catalan":" Edifici Exclusiu d'Oficines a Pla\u00e7a de les Gl\u00f2ries \u2013 Cor del 22@\n\nUbicat en un dels enclavaments m\u00e9s estrat\u00e8gics i representatius de Barcelona, aquest edifici exclusiu d'oficines s'al\u00e7a a la Pla\u00e7a de les Gl\u00f2ries, punt neur\u00e0lgic on convergeixen l'Avinguda Diagonal, l'Avinguda Meridiana i la Gran Via de les Corts Catalanes. Una localitzaci\u00f3 privilegiada a ple districte 22@, epicentre d'innovaci\u00f3, tecnologia i talent empresarial.\n\nUn entorn dissenyat per a companyies que busquen posicionament, imatge corporativa i excel\u00b7l\u00e8ncia operativa.\n\nUn espai que projecta lideratge\n\nL\u00b4edifici, completament reformat, ofereix una experi\u00e8ncia corporativa d\u00b4alt nivell des del primer moment gr\u00e0cies al seu ampli i elegant lobby d\u00b4acc\u00e9s, concebut per transmetre professionalitat i prestigi.\n\nCompte amb una espectacular terrassa comunit\u00e0ria en planta 10 \u2014THE SOCIAL\u2014, un espai diferencial ideal per a esdeveniments corporatius, networking o moments de desconnexi\u00f3 amb vistes privilegiades de la ciutat.\n\nServeis i comoditats premium\nServei de consergeria\nC\u00f3rner saludable\nP\u00e0rquing privatiu\nZona de dutxes i vestuaris a planta -1\nTaquilles intel\u00b7ligents\nEspai de micromobilitat per a patinets i bicicletes el\u00e8ctriques\nTot pensat per fomentar el benestar, la sostenibilitat i lefici\u00e8ncia en el dia a dia dequips exigents.\n\nOficines dissenyades per a l'alt rendiment\nPlantes di\u00e0fanes i especialment lluminoses\nS\u00f2l t\u00e8cnic\nFals sostre\nLlumin\u00e0ries LED autoregulables\nCertificaci\u00f3 energ\u00e8tica A\nCertificaci\u00f3 sostenible BREEAM Very Good\n\nEspais flexibles, eficients i tecnol\u00f2gicament preparats per adaptar-se a les necessitats d'empreses capdavanteres en sectors com tecnologia, consultoria, finances, innovaci\u00f3 o multinacionals que busquen una seu representativa a Barcelona.\n\nUna oportunitat \u00fanica per establir la vostra companyia en un dels districtes empresarials m\u00e9s din\u00e0mics d'Europa, amb excel\u00b7lent connectivitat, serveis i una imatge alineada amb els est\u00e0ndards corporatius m\u00e9s exigents.\n\nUbicaci\u00f3 estrat\u00e8gica. Imatge premium. Espais que inspiren creixement.","post_type_properties_post_titulo_castellano":"AV DIAGONAL - 22@BARCELONA","post_type_properties_post_internet_castellano":" Edificio Exclusivo de Oficinas en Plaza de las Gl\u00f2ries \u2013 Coraz\u00f3n del 22@\n\nUbicado en uno de los enclaves m\u00e1s estrat\u00e9gicos y representativos de Barcelona, este edificio exclusivo de oficinas se alza en la Plaza de las Gl\u00f2ries, punto neur\u00e1lgico donde convergen la Avenida Diagonal, la Avenida Meridiana y la Gran V\u00eda de les Corts Catalanes. Una localizaci\u00f3n privilegiada en pleno distrito 22@, epicentro de innovaci\u00f3n, tecnolog\u00eda y talento empresarial.\n\nUn entorno dise\u00f1ado para compa\u00f1\u00edas que buscan posicionamiento, imagen corporativa y excelencia operativa.\n\nUn espacio que proyecta liderazgo\n\nEl edificio, completamente reformado, ofrece una experiencia corporativa de alto nivel desde el primer momento gracias a su amplio y elegante lobby de acceso, concebido para transmitir profesionalidad y prestigio.\n\nCuenta con una espectacular terraza comunitaria en planta 10 \u2014THE SOCIAL\u2014, un espacio diferencial ideal para eventos corporativos, networking o momentos de desconexi\u00f3n con vistas privilegiadas de la ciudad.\n\nServicios y comodidades premium\nServicio de conserjer\u00eda\nCorner saludable\nParking privativo\nZona de duchas y vestuarios en planta -1\nTaquillas inteligentes\nEspacio de micromovilidad para patinetes y bicicletas el\u00e9ctricas\nTodo pensado para fomentar el bienestar, la sostenibilidad y la eficiencia en el d\u00eda a d\u00eda de equipos exigentes.\n\nOficinas dise\u00f1adas para el alto rendimiento\nPlantas di\u00e1fanas y especialmente luminosas\nSuelo t\u00e9cnico\nFalso techo\nLuminarias LED autorregulables\nCertificaci\u00f3n energ\u00e9tica A\nCertificaci\u00f3n sostenible BREEAM Very Good\n\nEspacios flexibles, eficientes y tecnol\u00f3gicamente preparados para adaptarse a las necesidades de empresas l\u00edderes en sectores como tecnolog\u00eda, consultor\u00eda, finanzas, innovaci\u00f3n o multinacionales que buscan una sede representativa en Barcelona.\n\nUna oportunidad \u00fanica para establecer su compa\u00f1\u00eda en uno de los distritos empresariales m\u00e1s din\u00e1micos de Europa, con excelente conectividad, servicios y una imagen alineada con los est\u00e1ndares corporativos m\u00e1s exigentes.\n\nUbicaci\u00f3n estrat\u00e9gica. Imagen premium. Espacios que inspiran crecimiento.\n","post_type_properties_post_titulo_ingles":"","post_type_properties_post_internet_ingles":"","post_type_properties_post_features_classification_commercial":false,"post_type_properties_post_features_conservation":"","post_type_properties_post_features_security_personnel":false,"post_type_properties_post_features_parking_available":false,"post_type_properties_post_features_garage_capacity_type":"","post_type_properties_post_features_bathroom_number":"","post_type_properties_post_eje":"","post_type_properties_post_zona":"","post_type_properties_post_comarca":"","post_type_properties_post_features_built_year":"","post_type_properties_post_renta_mensual":17415,"post_type_properties_post_fianza":"","post_type_properties_post_features_area_plot":"","post_type_properties_post_features_area_buildable":"","post_type_properties_post_features_classification_industrial":false,"post_type_properties_post_distrito":"","post_type_properties_post_features_balcony":false,"post_type_properties_post_features_bedroom_number":"","post_type_properties_post_features_heating_type":"","post_type_properties_post_features_equipped_with_furniture":false,"post_type_properties_post_features_pets_allowed":false,"post_type_properties_post_features_pool":false,"post_type_properties_post_features_terrace":false,"post_type_properties_post_features_wardrobes":false,"post_type_properties_post_features_lift_available":false,"post_type_properties_post_features_handicap_adapted_access":false,"post_type_properties_post_features_orientation_east":false,"post_type_properties_post_features_orientation_west":false,"post_type_properties_post_features_orientation_north":false,"post_type_properties_post_features_orientation_south":false,"post_type_properties_post_features_parking_spaces_number":"","post_type_properties_post_features_security_alarm":false,"post_type_properties_post_features_security_system":false,"post_type_properties_post_open_plan":false,"post_type_properties_post_acceso_24_7":false,"post_type_properties_post_oficina_privada":false,"post_type_properties_post_sala_reuniones":false,"post_type_properties_post_espacio_eventos":false,"post_type_properties_post_office":false,"post_type_properties_post_restaurant":false,"post_type_properties_post_acepta_traspaso":false,"post_type_properties_post_vigilancia":false,"post_type_properties_post_features_suite":false,"post_type_properties_post_features_vitro":false,"post_type_properties_post_features_oven":false,"post_type_properties_post_features_microwave":false,"post_type_properties_post_features_washing_machine":false,"post_type_properties_post_features_dryer":false,"post_type_properties_post_features_dishwasher":false,"post_type_properties_post_features_fridge":false,"post_type_properties_post_features_fridge_mini":false,"post_type_properties_post_features_kettle":false,"post_type_properties_post_features_toaster":false,"post_type_properties_post_features_coffee_maker":false,"post_type_properties_post_features_iron":false,"post_type_properties_post_features_ironing_board":false,"post_type_properties_post_features_safe":false,"post_type_properties_post_features_internet":false,"post_type_properties_post_features_solarium":false,"post_type_properties_post_features_clean_service":false,"post_type_properties_post_features_t_v":false,"post_type_properties_post_features_satellite_t_v":false,"post_type_properties_post_features_gas_kitchen":false,"post_type_properties_post_features_view_mountain":false,"post_type_properties_post_features_view_sea":false,"post_type_properties_post_features_concierge":false,"post_type_properties_post_features_loading_dock":false,"post_type_properties_post_features_bridge_crane":false,"post_type_properties_post_features_located_at_corner":false,"post_type_properties_post_features_smoke_extraction":false,"post_type_properties_post_features_rooms":"","post_type_properties_post_features_garden_area":"","post_type_properties_post_features_utilities_water":false,"post_type_properties_post_features_utilities_electricity":false,"post_type_properties_post_features_utilities_natural_gas":false,"post_type_properties_post_features_building_adapted":false,"post_type_properties_post_features_garden":false,"post_type_properties_post_features_classification_hotel":false,"post_type_properties_post_features_classification_chalet":false,"post_type_properties_post_certificado_energetico_emisiones":"A","post_type_properties_post_barrio":"","post_type_properties_post_distrito_empresa":"Sant Mart\u00ed","post_type_properties_post_features_property_category_intern":"","post_type_properties_post_implantada":false,"post_type_properties_post_sello_leed":"","post_type_properties_post_sello_well":"","post_type_properties_post_sello_breeam":true,"post_type_properties_post_images":[{"properties_post_image_order":1,"properties_post_image_url":"https:\/\/movin.cloud\/empresas\/2438\/imagenes\/11243891\/barcelona-alquiler.webp","properties_post_image_url_thumbnail":"https:\/\/movin.cloud\/empresas\/2438\/imagenes\/thumbnails\/11243891\/barcelona-alquiler.webp","properties_post_title":"barcelona alquiler","properties_post_alt":"barcelona alquiler"},{"properties_post_image_order":2,"properties_post_image_url":"https:\/\/movin.cloud\/empresas\/2438\/imagenes\/11243891\/en-alquiler-8.webp","properties_post_image_url_thumbnail":"https:\/\/movin.cloud\/empresas\/2438\/imagenes\/thumbnails\/11243891\/en-alquiler-8.webp","properties_post_title":"en alquiler 8","properties_post_alt":"en alquiler 8"},{"properties_post_image_order":3,"properties_post_image_url":"https:\/\/movin.cloud\/empresas\/2438\/imagenes\/11243891\/barcelona-en-alquiler.webp","properties_post_image_url_thumbnail":"https:\/\/movin.cloud\/empresas\/2438\/imagenes\/thumbnails\/11243891\/barcelona-en-alquiler.webp","properties_post_title":"barcelona en alquiler","properties_post_alt":"barcelona en alquiler"},{"properties_post_image_order":4,"properties_post_image_url":"https:\/\/movin.cloud\/empresas\/2438\/imagenes\/11243891\/rent-barcelona.webp","properties_post_image_url_thumbnail":"https:\/\/movin.cloud\/empresas\/2438\/imagenes\/thumbnails\/11243891\/rent-barcelona.webp","properties_post_title":"rent barcelona","properties_post_alt":"rent barcelona"},{"properties_post_image_order":5,"properties_post_image_url":"https:\/\/movin.cloud\/empresas\/2438\/imagenes\/11243891\/rent.webp","properties_post_image_url_thumbnail":"https:\/\/movin.cloud\/empresas\/2438\/imagenes\/thumbnails\/11243891\/rent.webp","properties_post_title":"rent","properties_post_alt":"rent"},{"properties_post_image_order":6,"properties_post_image_url":"https:\/\/movin.cloud\/empresas\/2438\/imagenes\/11243891\/fincas.webp","properties_post_image_url_thumbnail":"https:\/\/movin.cloud\/empresas\/2438\/imagenes\/thumbnails\/11243891\/fincas.webp","properties_post_title":"fincas","properties_post_alt":"fincas"},{"properties_post_image_order":7,"properties_post_image_url":"https:\/\/movin.cloud\/empresas\/2438\/imagenes\/11243891\/inmobiliarias.webp","properties_post_image_url_thumbnail":"https:\/\/movin.cloud\/empresas\/2438\/imagenes\/thumbnails\/11243891\/inmobiliarias.webp","properties_post_title":"inmobiliarias","properties_post_alt":"inmobiliarias"},{"properties_post_image_order":8,"properties_post_image_url":"https:\/\/movin.cloud\/empresas\/2438\/imagenes\/11243891\/inmobiliaria.webp","properties_post_image_url_thumbnail":"https:\/\/movin.cloud\/empresas\/2438\/imagenes\/thumbnails\/11243891\/inmobiliaria.webp","properties_post_title":"inmobiliaria","properties_post_alt":"inmobiliaria"},{"properties_post_image_order":9,"properties_post_image_url":"https:\/\/movin.cloud\/empresas\/2438\/imagenes\/11243891\/alquiler-para-idealista-barcelona.webp","properties_post_image_url_thumbnail":"https:\/\/movin.cloud\/empresas\/2438\/imagenes\/thumbnails\/11243891\/alquiler-para-idealista-barcelona.webp","properties_post_title":"alquiler para idealista barcelona","properties_post_alt":"alquiler para idealista barcelona"},{"properties_post_image_order":10,"properties_post_image_url":"https:\/\/movin.cloud\/empresas\/2438\/imagenes\/11243891\/alquiler-barcelona.webp","properties_post_image_url_thumbnail":"https:\/\/movin.cloud\/empresas\/2438\/imagenes\/thumbnails\/11243891\/alquiler-barcelona.webp","properties_post_title":"alquiler barcelona","properties_post_alt":"alquiler barcelona"},{"properties_post_image_order":11,"properties_post_image_url":"https:\/\/movin.cloud\/empresas\/2438\/imagenes\/11243891\/alquiler-idealistas-barcelona.webp","properties_post_image_url_thumbnail":"https:\/\/movin.cloud\/empresas\/2438\/imagenes\/thumbnails\/11243891\/alquiler-idealistas-barcelona.webp","properties_post_title":"alquiler idealistas barcelona","properties_post_alt":"alquiler idealistas barcelona"},{"properties_post_image_order":12,"properties_post_image_url":"https:\/\/movin.cloud\/empresas\/2438\/imagenes\/11243891\/habitalia-barcelona.webp","properties_post_image_url_thumbnail":"https:\/\/movin.cloud\/empresas\/2438\/imagenes\/thumbnails\/11243891\/habitalia-barcelona.webp","properties_post_title":"habitalia barcelona","properties_post_alt":"habitalia barcelona"},{"properties_post_image_order":13,"properties_post_image_url":"https:\/\/movin.cloud\/empresas\/2438\/imagenes\/11243891\/alquilar-barcelona.webp","properties_post_image_url_thumbnail":"https:\/\/movin.cloud\/empresas\/2438\/imagenes\/thumbnails\/11243891\/alquilar-barcelona.webp","properties_post_title":"alquilar barcelona","properties_post_alt":"alquilar barcelona"},{"properties_post_image_order":14,"properties_post_image_url":"https:\/\/movin.cloud\/empresas\/2438\/imagenes\/11243891\/barcelona-inmobiliaria.webp","properties_post_image_url_thumbnail":"https:\/\/movin.cloud\/empresas\/2438\/imagenes\/thumbnails\/11243891\/barcelona-inmobiliaria.webp","properties_post_title":"barcelona inmobiliaria","properties_post_alt":"barcelona inmobiliaria"},{"properties_post_image_order":15,"properties_post_image_url":"https:\/\/movin.cloud\/empresas\/2438\/imagenes\/11243891\/viviendas-barcelona.webp","properties_post_image_url_thumbnail":"https:\/\/movin.cloud\/empresas\/2438\/imagenes\/thumbnails\/11243891\/viviendas-barcelona.webp","properties_post_title":"viviendas barcelona","properties_post_alt":"viviendas barcelona"},{"properties_post_image_order":16,"properties_post_image_url":"https:\/\/movin.cloud\/empresas\/2438\/imagenes\/11243891\/alquiler-para-idealistas-barcelona.webp","properties_post_image_url_thumbnail":"https:\/\/movin.cloud\/empresas\/2438\/imagenes\/thumbnails\/11243891\/alquiler-para-idealistas-barcelona.webp","properties_post_title":"alquiler para idealistas barcelona","properties_post_alt":"alquiler para idealistas barcelona"},{"properties_post_image_order":17,"properties_post_image_url":"https:\/\/movin.cloud\/empresas\/2438\/imagenes\/11243891\/fincas-barcelona.webp","properties_post_image_url_thumbnail":"https:\/\/movin.cloud\/empresas\/2438\/imagenes\/thumbnails\/11243891\/fincas-barcelona.webp","properties_post_title":"fincas barcelona","properties_post_alt":"fincas barcelona"},{"properties_post_image_order":18,"properties_post_image_url":"https:\/\/movin.cloud\/empresas\/2438\/imagenes\/11243891\/inmobiliarias-barcelona.webp","properties_post_image_url_thumbnail":"https:\/\/movin.cloud\/empresas\/2438\/imagenes\/thumbnails\/11243891\/inmobiliarias-barcelona.webp","properties_post_title":"inmobiliarias barcelona","properties_post_alt":"inmobiliarias barcelona"},{"properties_post_image_order":19,"properties_post_image_url":"https:\/\/movin.cloud\/empresas\/2438\/imagenes\/11243891\/en-alquiler-barcelona.webp","properties_post_image_url_thumbnail":"https:\/\/movin.cloud\/empresas\/2438\/imagenes\/thumbnails\/11243891\/en-alquiler-barcelona.webp","properties_post_title":"en alquiler barcelona","properties_post_alt":"en alquiler barcelona"},{"properties_post_image_order":20,"properties_post_image_url":"https:\/\/movin.cloud\/empresas\/2438\/imagenes\/11243891\/inmobiliaria-barcelona.webp","properties_post_image_url_thumbnail":"https:\/\/movin.cloud\/empresas\/2438\/imagenes\/thumbnails\/11243891\/inmobiliaria-barcelona.webp","properties_post_title":"inmobiliaria barcelona","properties_post_alt":"inmobiliaria barcelona"},{"properties_post_image_order":21,"properties_post_image_url":"https:\/\/movin.cloud\/empresas\/2438\/imagenes\/11243891\/barcelona-alquiler-idealistas.webp","properties_post_image_url_thumbnail":"https:\/\/movin.cloud\/empresas\/2438\/imagenes\/thumbnails\/11243891\/barcelona-alquiler-idealistas.webp","properties_post_title":"barcelona alquiler idealistas","properties_post_alt":"barcelona alquiler idealistas"},{"properties_post_image_order":22,"properties_post_image_url":"https:\/\/movin.cloud\/empresas\/2438\/imagenes\/11243891\/barcelona-habitalia.webp","properties_post_image_url_thumbnail":"https:\/\/movin.cloud\/empresas\/2438\/imagenes\/thumbnails\/11243891\/barcelona-habitalia.webp","properties_post_title":"barcelona habitalia","properties_post_alt":"barcelona habitalia"},{"properties_post_image_order":23,"properties_post_image_url":"https:\/\/movin.cloud\/empresas\/2438\/imagenes\/11243891\/barcelona-alquilar.webp","properties_post_image_url_thumbnail":"https:\/\/movin.cloud\/empresas\/2438\/imagenes\/thumbnails\/11243891\/barcelona-alquilar.webp","properties_post_title":"barcelona alquilar","properties_post_alt":"barcelona alquilar"},{"properties_post_image_order":24,"properties_post_image_url":"https:\/\/movin.cloud\/empresas\/2438\/imagenes\/11243891\/barcelona-alquiler-para-idealista.webp","properties_post_image_url_thumbnail":"https:\/\/movin.cloud\/empresas\/2438\/imagenes\/thumbnails\/11243891\/barcelona-alquiler-para-idealista.webp","properties_post_title":"barcelona alquiler para idealista","properties_post_alt":"barcelona alquiler para idealista"},{"properties_post_image_order":25,"properties_post_image_url":"https:\/\/movin.cloud\/empresas\/2438\/imagenes\/11243891\/barcelona-viviendas.webp","properties_post_image_url_thumbnail":"https:\/\/movin.cloud\/empresas\/2438\/imagenes\/thumbnails\/11243891\/barcelona-viviendas.webp","properties_post_title":"barcelona viviendas","properties_post_alt":"barcelona viviendas"},{"properties_post_image_order":26,"properties_post_image_url":"https:\/\/movin.cloud\/empresas\/2438\/imagenes\/11243891\/barcelona-alquiler-para-idealistas.webp","properties_post_image_url_thumbnail":"https:\/\/movin.cloud\/empresas\/2438\/imagenes\/thumbnails\/11243891\/barcelona-alquiler-para-idealistas.webp","properties_post_title":"barcelona alquiler para idealistas","properties_post_alt":"barcelona alquiler para idealistas"},{"properties_post_image_order":27,"properties_post_image_url":"https:\/\/movin.cloud\/empresas\/2438\/imagenes\/11243891\/barcelona-rent.webp","properties_post_image_url_thumbnail":"https:\/\/movin.cloud\/empresas\/2438\/imagenes\/thumbnails\/11243891\/barcelona-rent.webp","properties_post_title":"barcelona rent","properties_post_alt":"barcelona rent"},{"properties_post_image_order":28,"properties_post_image_url":"https:\/\/movin.cloud\/empresas\/2438\/imagenes\/11243891\/barcelona-fincas.webp","properties_post_image_url_thumbnail":"https:\/\/movin.cloud\/empresas\/2438\/imagenes\/thumbnails\/11243891\/barcelona-fincas.webp","properties_post_title":"barcelona fincas","properties_post_alt":"barcelona fincas"},{"properties_post_image_order":29,"properties_post_image_url":"https:\/\/movin.cloud\/empresas\/2438\/imagenes\/11243891\/barcelona-inmobiliarias.webp","properties_post_image_url_thumbnail":"https:\/\/movin.cloud\/empresas\/2438\/imagenes\/thumbnails\/11243891\/barcelona-inmobiliarias.webp","properties_post_title":"barcelona inmobiliarias","properties_post_alt":"barcelona inmobiliarias"},{"properties_post_image_order":30,"properties_post_image_url":"https:\/\/movin.cloud\/empresas\/2438\/imagenes\/11243891\/en-alquiler-1.webp","properties_post_image_url_thumbnail":"https:\/\/movin.cloud\/empresas\/2438\/imagenes\/thumbnails\/11243891\/en-alquiler-1.webp","properties_post_title":"en alquiler 1","properties_post_alt":"en alquiler 1"},{"properties_post_image_order":31,"properties_post_image_url":"https:\/\/movin.cloud\/empresas\/2438\/imagenes\/11243891\/en-alquiler-2.webp","properties_post_image_url_thumbnail":"https:\/\/movin.cloud\/empresas\/2438\/imagenes\/thumbnails\/11243891\/en-alquiler-2.webp","properties_post_title":"en alquiler 2","properties_post_alt":"en alquiler 2"},{"properties_post_image_order":32,"properties_post_image_url":"https:\/\/movin.cloud\/empresas\/2438\/imagenes\/11243891\/en-alquiler-3.webp","properties_post_image_url_thumbnail":"https:\/\/movin.cloud\/empresas\/2438\/imagenes\/thumbnails\/11243891\/en-alquiler-3.webp","properties_post_title":"en alquiler 3","properties_post_alt":"en alquiler 3"},{"properties_post_image_order":33,"properties_post_image_url":"https:\/\/movin.cloud\/empresas\/2438\/imagenes\/11243891\/en-alquiler-4.webp","properties_post_image_url_thumbnail":"https:\/\/movin.cloud\/empresas\/2438\/imagenes\/thumbnails\/11243891\/en-alquiler-4.webp","properties_post_title":"en alquiler 4","properties_post_alt":"en alquiler 4"},{"properties_post_image_order":34,"properties_post_image_url":"https:\/\/movin.cloud\/empresas\/2438\/imagenes\/11243891\/en-alquiler-5.webp","properties_post_image_url_thumbnail":"https:\/\/movin.cloud\/empresas\/2438\/imagenes\/thumbnails\/11243891\/en-alquiler-5.webp","properties_post_title":"en alquiler 5","properties_post_alt":"en alquiler 5"},{"properties_post_image_order":35,"properties_post_image_url":"https:\/\/movin.cloud\/empresas\/2438\/imagenes\/11243891\/en-alquiler-6.webp","properties_post_image_url_thumbnail":"https:\/\/movin.cloud\/empresas\/2438\/imagenes\/thumbnails\/11243891\/en-alquiler-6.webp","properties_post_title":"en alquiler 6","properties_post_alt":"en alquiler 6"},{"properties_post_image_order":36,"properties_post_image_url":"https:\/\/movin.cloud\/empresas\/2438\/imagenes\/11243891\/en-alquiler-7.webp","properties_post_image_url_thumbnail":"https:\/\/movin.cloud\/empresas\/2438\/imagenes\/thumbnails\/11243891\/en-alquiler-7.webp","properties_post_title":"en alquiler 7","properties_post_alt":"en alquiler 7"},{"properties_post_image_order":37,"properties_post_image_url":"https:\/\/movin.cloud\/empresas\/2438\/imagenes\/11243891\/en-alquiler-9.webp","properties_post_image_url_thumbnail":"https:\/\/movin.cloud\/empresas\/2438\/imagenes\/thumbnails\/11243891\/en-alquiler-9.webp","properties_post_title":"en alquiler 9","properties_post_alt":"en alquiler 9"},{"properties_post_image_order":38,"properties_post_image_url":"https:\/\/movin.cloud\/empresas\/2438\/imagenes\/11243891\/en-alquiler-11.webp","properties_post_image_url_thumbnail":"https:\/\/movin.cloud\/empresas\/2438\/imagenes\/thumbnails\/11243891\/en-alquiler-11.webp","properties_post_title":"en alquiler 11","properties_post_alt":"en alquiler 11"},{"properties_post_image_order":39,"properties_post_image_url":"https:\/\/movin.cloud\/empresas\/2438\/imagenes\/11243891\/en-alquiler-12.webp","properties_post_image_url_thumbnail":"https:\/\/movin.cloud\/empresas\/2438\/imagenes\/thumbnails\/11243891\/en-alquiler-12.webp","properties_post_title":"en alquiler 12","properties_post_alt":"en alquiler 12"},{"properties_post_image_order":40,"properties_post_image_url":"https:\/\/movin.cloud\/empresas\/2438\/imagenes\/11243891\/en-alquiler-13.webp","properties_post_image_url_thumbnail":"https:\/\/movin.cloud\/empresas\/2438\/imagenes\/thumbnails\/11243891\/en-alquiler-13.webp","properties_post_title":"en alquiler 13","properties_post_alt":"en alquiler 13"},{"properties_post_image_order":41,"properties_post_image_url":"https:\/\/movin.cloud\/empresas\/2438\/imagenes\/11243891\/en-alquiler-14.webp","properties_post_image_url_thumbnail":"https:\/\/movin.cloud\/empresas\/2438\/imagenes\/thumbnails\/11243891\/en-alquiler-14.webp","properties_post_title":"en alquiler 14","properties_post_alt":"en alquiler 14"},{"properties_post_image_order":42,"properties_post_image_url":"https:\/\/movin.cloud\/empresas\/2438\/imagenes\/11243891\/en-alquiler-15.webp","properties_post_image_url_thumbnail":"https:\/\/movin.cloud\/empresas\/2438\/imagenes\/thumbnails\/11243891\/en-alquiler-15.webp","properties_post_title":"en alquiler 15","properties_post_alt":"en alquiler 15"},{"properties_post_image_order":43,"properties_post_image_url":"https:\/\/movin.cloud\/empresas\/2438\/imagenes\/11243891\/en-alquiler-16.webp","properties_post_image_url_thumbnail":"https:\/\/movin.cloud\/empresas\/2438\/imagenes\/thumbnails\/11243891\/en-alquiler-16.webp","properties_post_title":"en alquiler 16","properties_post_alt":"en alquiler 16"},{"properties_post_image_order":44,"properties_post_image_url":"https:\/\/movin.cloud\/empresas\/2438\/imagenes\/11243891\/en-alquiler-17.webp","properties_post_image_url_thumbnail":"https:\/\/movin.cloud\/empresas\/2438\/imagenes\/thumbnails\/11243891\/en-alquiler-17.webp","properties_post_title":"en alquiler 17","properties_post_alt":"en alquiler 17"},{"properties_post_image_order":45,"properties_post_image_url":"https:\/\/movin.cloud\/empresas\/2438\/imagenes\/11243891\/en-alquiler-18.webp","properties_post_image_url_thumbnail":"https:\/\/movin.cloud\/empresas\/2438\/imagenes\/thumbnails\/11243891\/en-alquiler-18.webp","properties_post_title":"en alquiler 18","properties_post_alt":"en alquiler 18"},{"properties_post_image_order":46,"properties_post_image_url":"https:\/\/movin.cloud\/empresas\/2438\/imagenes\/11243891\/en-alquiler-10.webp","properties_post_image_url_thumbnail":"https:\/\/movin.cloud\/empresas\/2438\/imagenes\/thumbnails\/11243891\/en-alquiler-10.webp","properties_post_title":"en alquiler 10","properties_post_alt":"en alquiler 10"}],"post_type_properties_post_videos":null,"post_type_properties_post_tour":null,"post_type_properties_post_dossier_url":"","post_type_properties_post_operation_type":"rent","post_type_properties_post_operation_price":17415,"post_type_properties_post_features_hidden_price":false},"yoast_head":"<!-- This site is optimized with the Yoast SEO plugin v27.4 - https:\/\/yoast.com\/product\/yoast-seo-wordpress\/ -->\n<title>AV DIAGONAL - 22@BARCELONA - Forcadell<\/title>\n<meta name=\"robots\" content=\"index, follow, max-snippet:-1, max-image-preview:large, max-video-preview:-1\" \/>\n<link rel=\"canonical\" href=\"https:\/\/forcadell.com\/ca\/propiedades\/oficina-en-alquiler-con-vistas-panoramicas-av-diagonal-22-2\/\" \/>\n<meta property=\"og:locale\" content=\"ca_ES\" \/>\n<meta property=\"og:type\" content=\"article\" \/>\n<meta property=\"og:title\" content=\"AV DIAGONAL - 22@BARCELONA - Forcadell\" \/>\n<meta property=\"og:description\" content=\"Edificio Exclusivo de Oficinas en Plaza de las Gl\u00f2ries \u2013 Coraz\u00f3n del 22@ Ubicado en uno de los enclaves m\u00e1s estrat\u00e9gicos y representativos de Barcelona, este edificio exclusivo de oficinas se alza en la Plaza de las Gl\u00f2ries, punto neur\u00e1lgico donde convergen la Avenida Diagonal, la Avenida Meridiana y la Gran V\u00eda de les Corts [&hellip;]\" \/>\n<meta property=\"og:url\" content=\"https:\/\/forcadell.com\/ca\/propiedades\/oficina-en-alquiler-con-vistas-panoramicas-av-diagonal-22-2\/\" \/>\n<meta property=\"og:site_name\" content=\"Forcadell\" \/>\n<meta property=\"article:modified_time\" content=\"2026-04-28T08:11:00+00:00\" \/>\n<meta name=\"twitter:card\" content=\"summary_large_image\" \/>\n<meta name=\"twitter:label1\" content=\"Temps estimat de lectura\" \/>\n\t<meta name=\"twitter:data1\" content=\"2 minuts\" \/>\n<!-- \/ Yoast SEO plugin. -->","yoast_head_json":{"title":"AV DIAGONAL - 22@BARCELONA - Forcadell","robots":{"index":"index","follow":"follow","max-snippet":"max-snippet:-1","max-image-preview":"max-image-preview:large","max-video-preview":"max-video-preview:-1"},"canonical":"https:\/\/forcadell.com\/ca\/propiedades\/oficina-en-alquiler-con-vistas-panoramicas-av-diagonal-22-2\/","og_locale":"ca_ES","og_type":"article","og_title":"AV DIAGONAL - 22@BARCELONA - Forcadell","og_description":"Edificio Exclusivo de Oficinas en Plaza de las Gl\u00f2ries \u2013 Coraz\u00f3n del 22@ Ubicado en uno de los enclaves m\u00e1s estrat\u00e9gicos y representativos de Barcelona, este edificio exclusivo de oficinas se alza en la Plaza de las Gl\u00f2ries, punto neur\u00e1lgico donde convergen la Avenida Diagonal, la Avenida Meridiana y la Gran V\u00eda de les Corts [&hellip;]","og_url":"https:\/\/forcadell.com\/ca\/propiedades\/oficina-en-alquiler-con-vistas-panoramicas-av-diagonal-22-2\/","og_site_name":"Forcadell","article_modified_time":"2026-04-28T08:11:00+00:00","twitter_card":"summary_large_image","twitter_misc":{"Temps estimat de lectura":"2 minuts"},"schema":{"@context":"https:\/\/schema.org","@graph":[{"@type":"WebPage","@id":"https:\/\/forcadell.com\/ca\/propiedades\/oficina-en-alquiler-con-vistas-panoramicas-av-diagonal-22-2\/","url":"https:\/\/forcadell.com\/ca\/propiedades\/oficina-en-alquiler-con-vistas-panoramicas-av-diagonal-22-2\/","name":"AV DIAGONAL - 22@BARCELONA - Forcadell","isPartOf":{"@id":"https:\/\/forcadell.com\/ca\/#website"},"datePublished":"2025-11-04T14:11:05+00:00","dateModified":"2026-04-28T08:11:00+00:00","breadcrumb":{"@id":"https:\/\/forcadell.com\/ca\/propiedades\/oficina-en-alquiler-con-vistas-panoramicas-av-diagonal-22-2\/#breadcrumb"},"inLanguage":"ca","potentialAction":[{"@type":"ReadAction","target":["https:\/\/forcadell.com\/ca\/propiedades\/oficina-en-alquiler-con-vistas-panoramicas-av-diagonal-22-2\/"]}]},{"@type":"BreadcrumbList","@id":"https:\/\/forcadell.com\/ca\/propiedades\/oficina-en-alquiler-con-vistas-panoramicas-av-diagonal-22-2\/#breadcrumb","itemListElement":[{"@type":"ListItem","position":1,"name":"Portada","item":"https:\/\/forcadell.com\/ca\/"},{"@type":"ListItem","position":2,"name":"Properties","item":"https:\/\/forcadell.com\/ca\/propiedades\/"},{"@type":"ListItem","position":3,"name":"AV DIAGONAL &#8211; 22@BARCELONA"}]},{"@type":"WebSite","@id":"https:\/\/forcadell.com\/ca\/#website","url":"https:\/\/forcadell.com\/ca\/","name":"Forcadell","description":"Inmobiliaria Barcelona | Consultores inmobiliarios","potentialAction":[{"@type":"SearchAction","target":{"@type":"EntryPoint","urlTemplate":"https:\/\/forcadell.com\/ca\/?s={search_term_string}"},"query-input":{"@type":"PropertyValueSpecification","valueRequired":true,"valueName":"search_term_string"}}],"inLanguage":"ca"}]}},"_links":{"self":[{"href":"https:\/\/forcadell.com\/ca\/wp-json\/wp\/v2\/properties_post\/57821","targetHints":{"allow":["GET"]}}],"collection":[{"href":"https:\/\/forcadell.com\/ca\/wp-json\/wp\/v2\/properties_post"}],"about":[{"href":"https:\/\/forcadell.com\/ca\/wp-json\/wp\/v2\/types\/properties_post"}],"wp:attachment":[{"href":"https:\/\/forcadell.com\/ca\/wp-json\/wp\/v2\/media?parent=57821"}],"curies":[{"name":"wp","href":"https:\/\/api.w.org\/{rel}","templated":true}]}}