{"id":57716,"date":"2025-11-04T16:05:27","date_gmt":"2025-11-04T14:05:27","guid":{"rendered":"https:\/\/www.forcadell.com\/propiedades\/blue-3\/"},"modified":"2026-04-28T10:10:12","modified_gmt":"2026-04-28T08:10:12","slug":"blue-3","status":"publish","type":"properties_post","link":"https:\/\/forcadell.com\/ca\/propiedades\/blue-3\/","title":{"rendered":"BLUE@"},"content":{"rendered":"<p>Blue@, el nuevo edificio de oficinas inteligente con las m\u00e1s altas puntuaciones en certificaciones de eficiencia y bienestar. Equipado con dos auditorios, gimnasio y cantina propia para todos sus usuarios, ofrece oficinas a partir de 452 m2 (media planta) y plantas tipo de 905 m2 y 1235 m2, algunas con gran terraza de uso privativo. Un espectacular espacio de 862 m2 en la planta baja, con sus m\u00e1s de 4 m de altura libre, completa la disponibilidad del edificio y est\u00e1 a disposici\u00f3n de aquellos inquilinos que busquen una oficina con efecto wow o simplemente habilitar desde \u00e9l una entrada corporativa propia creciendo con el resto de plantas disponibles.<br \/>\nLocalizado en el distrito 22@, se enmarca en un complejo de cuatro edificios situados en la calle Crist\u00f3bal de Moura, uno de los ejes verdes m\u00e1s potentes de la ciudad de Barcelona que ya se ha convertido en foco de atracci\u00f3n de grandes corporaciones multinacionales.<\/p>\n<p>Caracter\u00edsticas del edificio:<\/p>\n<p>11.897 m2 y 9 plantas de altura<br \/>\n1290 m2 de \u00e1reas comunes<br \/>\nSeguridad 24\/365<br \/>\nServicio de conserjer\u00eda<br \/>\nCertificados de sostenibilidad Leed Platinum, Well Platinum, Wired Scored Platinum y Well Health and Safety<br \/>\n2 auditorios<br \/>\nGimnasio con actividades dirigidas<br \/>\nCantina propia<br \/>\nSalas de reuniones<br \/>\nParking: 155 plazas de coche (incluyendo el\u00e9ctricos, 38 plazas para motos y 144 para bicicletas)<br \/>\nAcuerdos de colaboraci\u00f3n con descuentos especiales en Hotel Barcelona Condal Mar by Meli\u00e1<\/p>\n<p>Caracter\u00edsticas de las oficinas:<\/p>\n<p>Instalaciones modernas, flexibles y de alta eficiencia energ\u00e9tica<br \/>\nPlantas di\u00e1fanas a estrenar<br \/>\nTerrazas privativas en plantas baja, 3a 4a y 5a<br \/>\nSuelo t\u00e9cnico<br \/>\nFalso techo<br \/>\nIluminaci\u00f3n LED<br \/>\nVentanas practicables<br \/>\nClimatizaci\u00f3n fr\u00edo calor<br \/>\nBa\u00f1os adaptados<br \/>\nRatio ocupaci\u00f3n 1:7<\/p>\n","protected":false},"template":"","class_list":["post-57716","properties_post","type-properties_post","status-publish","hentry","properties_modality-rent","properties_district-sant-marti","properties_province-barcelona","properties_zone-116","properties_state-barcelona","properties_subclass-oficina","properties_type-oficina"],"acf":{"post_type_properties_post_property_code":"231774","post_type_properties_post_property_reference":"IE-222767","post_type_properties_post_owner_id":"190365","post_type_properties_post_owner_name":"BLUECAP MANAGEMENT CONSULTING","post_type_properties_post_property_code_encrypted":"MjkkMTYzNDE=","post_type_properties_post_published":"1","post_type_properties_post_property_visibility":"idealista","post_type_properties_post_contact_name":"Forcadell Oficinas Barcelona","post_type_properties_post_contact_email":"forcadell.oficinas.barcelona@movin.cloud","post_type_properties_post_contact_primary_phone_prefix":"34","post_type_properties_post_contact_primary_phone_number":"934965413","post_type_properties_post_address_visibility":"street","post_type_properties_post_address_country":"Spain","post_type_properties_post_address_coordinates_precision":"exact","post_type_properties_post_address_postal_code":"08029","post_type_properties_post_address_coordinates_latitude":"41.4093918","post_type_properties_post_address_coordinates_longitude":"2.2045558","post_type_properties_post_address_street_name":"Crist\u00f3bal de Moura, 115","post_type_properties_post_address_floor":"6","post_type_properties_post_address_town":"Barcelona","post_type_properties_post_building":null,"post_type_properties_post_property":[{"properties_post_description_language":"catalan","properties_post_title":"BLUE@","properties_post_short_description_text_alt":"","properties_post_description_text_alt":"","properties_post_short_description_text":"","properties_post_link_demanda_inmueble":"https:\/\/movin.cloud\/ca\/Forcadell Oficinas Barcelona\/formulari-peticio-immoble\/sth\/2438&&231774","properties_post_link_demanda_calendario_inmueble":"https:\/\/movin.cloud\/ca\/Forcadell Oficinas Barcelona\/calendari-peticio-immoble\/sth\/2438&&231774","properties_post_description_text":"Blue@, el nou edifici d'oficines intel\u00b7ligent amb les puntuacions m\u00e9s altes en certificacions d'efici\u00e8ncia i benestar. Equipat amb dos auditoris, gimn\u00e0s i cantina pr\u00f2pia per a tots els usuaris, ofereix oficines a partir de 452 m2 (mitja planta) i plantes tipus de 905 m2 i 1235 m2, algunes amb gran terrassa d'\u00fas privatiu. Un espectacular espai de 862 m2 a la planta baixa, amb m\u00e9s de 4 m d'al\u00e7ada lliure, completa la disponibilitat de l'edifici i est\u00e0 a disposici\u00f3 d'aquells inquilins que busquen una oficina amb efecte wow o simplement habilitar des d'ell una entrada corporativa pr\u00f2pia creixent amb la resta de plantes disponibles.\nLocalitzat al districte 22@, s'emmarca en un complex de quatre edificis situats al carrer Crist\u00f3bal de Moura, un dels eixos verds m\u00e9s potents de la ciutat de Barcelona que ja ha esdevingut focus d'atracci\u00f3 de grans corporacions multinacionals.\n\nCaracter\u00edstiques de l'edifici:\n\n11.897 m2 i 9 plantes dal\u00e7ada\n1290 m2 d'\u00e0rees comunes\nSeguretat 24\/365\nServei de consergeria\nCertificats de sostenibilitat Leed Platinum, Well Platinum, Wired Scored Platinum i Well Health and Safety\n2 auditoris\nGimn\u00e0s amb activitats dirigides\nCantina pr\u00f2pia\nSales de reunions\nP\u00e0rquing: 155 places de cotxe (incloent el\u00e8ctrics, 38 places per a motos i 144 per a bicicletes)\nAcords de col\u00b7laboraci\u00f3 amb descomptes especials a Hotel Barcelona Condal Mar by Meli\u00e1\n\nCaracter\u00edstiques de les oficines:\n\nInstal\u00b7lacions modernes, flexibles i d'alta efici\u00e8ncia energ\u00e8tica\nPlantes di\u00e0fanes a estrenar\nTerrasses privatives en plantes baixa, 3a 4a i 5a\nS\u00f2l t\u00e8cnic\nFals sostre\nIl\u00b7luminaci\u00f3 LED\nFinestres practicables\nClimatitzaci\u00f3 freda calor\nBanys adaptats\nR\u00e0tio ocupaci\u00f3 1:7","properties_post_seo_title":"","properties_post_seo_alias":"","properties_post_seo_metadescription":"","properties_post_seo_key_words":"","properties_post_seo_url":"","properties_post_terms_conditions":""},{"properties_post_description_language":"spanish","properties_post_title":"BLUE@","properties_post_short_description_text_alt":"","properties_post_description_text_alt":"","properties_post_short_description_text":"","properties_post_link_demanda_inmueble":"https:\/\/movin.cloud\/es\/Forcadell Oficinas Barcelona\/formulario-peticion-inmueble\/sth\/2438&&231774","properties_post_link_demanda_calendario_inmueble":"https:\/\/movin.cloud\/es\/Forcadell Oficinas Barcelona\/calendario-peticion-inmueble\/sth\/2438&&231774","properties_post_description_text":"Blue@, el nuevo edificio de oficinas inteligente con las m\u00e1s altas puntuaciones en certificaciones de eficiencia y bienestar. Equipado con dos auditorios, gimnasio y cantina propia para todos sus usuarios, ofrece oficinas a partir de 452 m2 (media planta) y plantas tipo de 905 m2 y 1235 m2, algunas con gran terraza de uso privativo. Un espectacular espacio de 862 m2 en la planta baja, con sus m\u00e1s de 4 m de altura libre, completa la disponibilidad del edificio y est\u00e1 a disposici\u00f3n de aquellos inquilinos que busquen una oficina con efecto wow o simplemente habilitar desde \u00e9l una entrada corporativa propia creciendo con el resto de plantas disponibles. \nLocalizado en el distrito 22@, se enmarca en un complejo de cuatro edificios situados en la calle Crist\u00f3bal de Moura, uno de los ejes verdes m\u00e1s potentes de la ciudad de Barcelona que ya se ha convertido en foco de atracci\u00f3n de grandes corporaciones multinacionales.\n\nCaracter\u00edsticas del edificio:\n\n11.897 m2 y 9 plantas de altura\n1290 m2 de \u00e1reas comunes\nSeguridad 24\/365\nServicio de conserjer\u00eda\nCertificados de sostenibilidad Leed Platinum, Well Platinum, Wired Scored Platinum y Well Health and Safety\n2 auditorios\nGimnasio con actividades dirigidas\nCantina propia \nSalas de reuniones\nParking: 155 plazas de coche (incluyendo el\u00e9ctricos, 38 plazas para motos y 144 para bicicletas)\nAcuerdos de colaboraci\u00f3n con descuentos especiales en Hotel Barcelona Condal Mar by Meli\u00e1\n\nCaracter\u00edsticas de las oficinas:\n\nInstalaciones modernas, flexibles y de alta eficiencia energ\u00e9tica\nPlantas di\u00e1fanas a estrenar\nTerrazas privativas en plantas baja, 3a 4a y 5a\nSuelo t\u00e9cnico\nFalso techo\nIluminaci\u00f3n LED\nVentanas practicables\nClimatizaci\u00f3n fr\u00edo calor \nBa\u00f1os adaptados\nRatio ocupaci\u00f3n 1:7","properties_post_seo_title":"","properties_post_seo_alias":"","properties_post_seo_metadescription":"","properties_post_seo_key_words":"","properties_post_seo_url":"","properties_post_terms_conditions":""}],"post_type_properties_post_features_type":"office","post_type_properties_post_id_building":"MjkkMjc4NjM=","post_type_properties_post_features_area_constructed":905,"post_type_properties_post_features_conditioned_air":true,"post_type_properties_post_features_doorman":false,"post_type_properties_post_features_heating":true,"post_type_properties_post_features_equipped_kitchen":false,"post_type_properties_post_features_windows_location":"exterior","post_type_properties_post_features_floors_property":false,"post_type_properties_post_features_storage":false,"post_type_properties_post_features_security_door":false,"post_type_properties_post_features_energy_certificate_rating":"A","post_type_properties_post_features_energy_certificate_emissions_rating":"A","post_type_properties_post_features_energy_certificate_emissions_value":"","post_type_properties_post_features_energy_certificate_performance":"","post_type_properties_post_features_bathroom_inside":false,"post_type_properties_post_precio":18100,"post_type_properties_post_precio_alquiler":18100,"post_type_properties_post_record_type_id":"Oficina","post_type_properties_post_categoria__producto":"Oficina","post_type_properties_post_amueblado":false,"post_type_properties_post_precio_m2":20,"post_type_properties_post_zona__comunitaria":false,"post_type_properties_post_electrodomesticos":false,"post_type_properties_post_patio__interior":false,"post_type_properties_post_certificado_energetico_general":"A","post_type_properties_post_certificado_energetico_consumo":"A","post_type_properties_post_certificado_energetico_valor_emisiones":"","post_type_properties_post_certificado_energetico_valor_consumo":"","post_type_properties_post_modalidad":"rent","post_type_properties_post_provincia":"Barcelona","post_type_properties_post_poblacion":"Barcelona","post_type_properties_post_centro__urbano":false,"post_type_properties_post_zonificacion":"22 @","post_type_properties_post_cartera":"","post_type_properties_post_titulo_catalan":"BLUE@","post_type_properties_post_internet_catalan":"Blue@, el nou edifici d'oficines intel\u00b7ligent amb les puntuacions m\u00e9s altes en certificacions d'efici\u00e8ncia i benestar. Equipat amb dos auditoris, gimn\u00e0s i cantina pr\u00f2pia per a tots els usuaris, ofereix oficines a partir de 452 m2 (mitja planta) i plantes tipus de 905 m2 i 1235 m2, algunes amb gran terrassa d'\u00fas privatiu. Un espectacular espai de 862 m2 a la planta baixa, amb m\u00e9s de 4 m d'al\u00e7ada lliure, completa la disponibilitat de l'edifici i est\u00e0 a disposici\u00f3 d'aquells inquilins que busquen una oficina amb efecte wow o simplement habilitar des d'ell una entrada corporativa pr\u00f2pia creixent amb la resta de plantes disponibles.\nLocalitzat al districte 22@, s'emmarca en un complex de quatre edificis situats al carrer Crist\u00f3bal de Moura, un dels eixos verds m\u00e9s potents de la ciutat de Barcelona que ja ha esdevingut focus d'atracci\u00f3 de grans corporacions multinacionals.\n\nCaracter\u00edstiques de l'edifici:\n\n11.897 m2 i 9 plantes dal\u00e7ada\n1290 m2 d'\u00e0rees comunes\nSeguretat 24\/365\nServei de consergeria\nCertificats de sostenibilitat Leed Platinum, Well Platinum, Wired Scored Platinum i Well Health and Safety\n2 auditoris\nGimn\u00e0s amb activitats dirigides\nCantina pr\u00f2pia\nSales de reunions\nP\u00e0rquing: 155 places de cotxe (incloent el\u00e8ctrics, 38 places per a motos i 144 per a bicicletes)\nAcords de col\u00b7laboraci\u00f3 amb descomptes especials a Hotel Barcelona Condal Mar by Meli\u00e1\n\nCaracter\u00edstiques de les oficines:\n\nInstal\u00b7lacions modernes, flexibles i d'alta efici\u00e8ncia energ\u00e8tica\nPlantes di\u00e0fanes a estrenar\nTerrasses privatives en plantes baixa, 3a 4a i 5a\nS\u00f2l t\u00e8cnic\nFals sostre\nIl\u00b7luminaci\u00f3 LED\nFinestres practicables\nClimatitzaci\u00f3 freda calor\nBanys adaptats\nR\u00e0tio ocupaci\u00f3 1:7","post_type_properties_post_titulo_castellano":"BLUE@","post_type_properties_post_internet_castellano":"Blue@, el nuevo edificio de oficinas inteligente con las m\u00e1s altas puntuaciones en certificaciones de eficiencia y bienestar. Equipado con dos auditorios, gimnasio y cantina propia para todos sus usuarios, ofrece oficinas a partir de 452 m2 (media planta) y plantas tipo de 905 m2 y 1235 m2, algunas con gran terraza de uso privativo. Un espectacular espacio de 862 m2 en la planta baja, con sus m\u00e1s de 4 m de altura libre, completa la disponibilidad del edificio y est\u00e1 a disposici\u00f3n de aquellos inquilinos que busquen una oficina con efecto wow o simplemente habilitar desde \u00e9l una entrada corporativa propia creciendo con el resto de plantas disponibles. \nLocalizado en el distrito 22@, se enmarca en un complejo de cuatro edificios situados en la calle Crist\u00f3bal de Moura, uno de los ejes verdes m\u00e1s potentes de la ciudad de Barcelona que ya se ha convertido en foco de atracci\u00f3n de grandes corporaciones multinacionales.\n\nCaracter\u00edsticas del edificio:\n\n11.897 m2 y 9 plantas de altura\n1290 m2 de \u00e1reas comunes\nSeguridad 24\/365\nServicio de conserjer\u00eda\nCertificados de sostenibilidad Leed Platinum, Well Platinum, Wired Scored Platinum y Well Health and Safety\n2 auditorios\nGimnasio con actividades dirigidas\nCantina propia \nSalas de reuniones\nParking: 155 plazas de coche (incluyendo el\u00e9ctricos, 38 plazas para motos y 144 para bicicletas)\nAcuerdos de colaboraci\u00f3n con descuentos especiales en Hotel Barcelona Condal Mar by Meli\u00e1\n\nCaracter\u00edsticas de las oficinas:\n\nInstalaciones modernas, flexibles y de alta eficiencia energ\u00e9tica\nPlantas di\u00e1fanas a estrenar\nTerrazas privativas en plantas baja, 3a 4a y 5a\nSuelo t\u00e9cnico\nFalso techo\nIluminaci\u00f3n LED\nVentanas practicables\nClimatizaci\u00f3n fr\u00edo calor \nBa\u00f1os adaptados\nRatio ocupaci\u00f3n 1:7","post_type_properties_post_titulo_ingles":"","post_type_properties_post_internet_ingles":"","post_type_properties_post_features_classification_commercial":false,"post_type_properties_post_features_conservation":"new","post_type_properties_post_features_security_personnel":false,"post_type_properties_post_features_parking_available":false,"post_type_properties_post_features_garage_capacity_type":"","post_type_properties_post_features_bathroom_number":"","post_type_properties_post_eje":"","post_type_properties_post_zona":"","post_type_properties_post_comarca":"","post_type_properties_post_features_built_year":"","post_type_properties_post_renta_mensual":17069.41,"post_type_properties_post_fianza":"","post_type_properties_post_features_area_plot":"","post_type_properties_post_features_area_buildable":"","post_type_properties_post_features_classification_industrial":false,"post_type_properties_post_distrito":"","post_type_properties_post_features_balcony":false,"post_type_properties_post_features_bedroom_number":"","post_type_properties_post_features_heating_type":"","post_type_properties_post_features_equipped_with_furniture":false,"post_type_properties_post_features_pets_allowed":false,"post_type_properties_post_features_pool":false,"post_type_properties_post_features_terrace":false,"post_type_properties_post_features_wardrobes":false,"post_type_properties_post_features_lift_available":false,"post_type_properties_post_features_handicap_adapted_access":false,"post_type_properties_post_features_orientation_east":false,"post_type_properties_post_features_orientation_west":false,"post_type_properties_post_features_orientation_north":false,"post_type_properties_post_features_orientation_south":false,"post_type_properties_post_features_parking_spaces_number":"","post_type_properties_post_features_security_alarm":false,"post_type_properties_post_features_security_system":false,"post_type_properties_post_open_plan":false,"post_type_properties_post_acceso_24_7":false,"post_type_properties_post_oficina_privada":false,"post_type_properties_post_sala_reuniones":false,"post_type_properties_post_espacio_eventos":false,"post_type_properties_post_office":false,"post_type_properties_post_restaurant":false,"post_type_properties_post_acepta_traspaso":false,"post_type_properties_post_vigilancia":false,"post_type_properties_post_features_suite":false,"post_type_properties_post_features_vitro":false,"post_type_properties_post_features_oven":false,"post_type_properties_post_features_microwave":false,"post_type_properties_post_features_washing_machine":false,"post_type_properties_post_features_dryer":false,"post_type_properties_post_features_dishwasher":false,"post_type_properties_post_features_fridge":false,"post_type_properties_post_features_fridge_mini":false,"post_type_properties_post_features_kettle":false,"post_type_properties_post_features_toaster":false,"post_type_properties_post_features_coffee_maker":false,"post_type_properties_post_features_iron":false,"post_type_properties_post_features_ironing_board":false,"post_type_properties_post_features_safe":false,"post_type_properties_post_features_internet":false,"post_type_properties_post_features_solarium":false,"post_type_properties_post_features_clean_service":false,"post_type_properties_post_features_t_v":false,"post_type_properties_post_features_satellite_t_v":false,"post_type_properties_post_features_gas_kitchen":false,"post_type_properties_post_features_view_mountain":false,"post_type_properties_post_features_view_sea":false,"post_type_properties_post_features_concierge":false,"post_type_properties_post_features_loading_dock":false,"post_type_properties_post_features_bridge_crane":false,"post_type_properties_post_features_located_at_corner":false,"post_type_properties_post_features_smoke_extraction":false,"post_type_properties_post_features_rooms":"","post_type_properties_post_features_garden_area":"","post_type_properties_post_features_utilities_water":false,"post_type_properties_post_features_utilities_electricity":false,"post_type_properties_post_features_utilities_natural_gas":false,"post_type_properties_post_features_building_adapted":false,"post_type_properties_post_features_garden":false,"post_type_properties_post_features_classification_hotel":false,"post_type_properties_post_features_classification_chalet":false,"post_type_properties_post_certificado_energetico_emisiones":"A","post_type_properties_post_barrio":"","post_type_properties_post_distrito_empresa":"Sant Mart\u00ed","post_type_properties_post_features_property_category_intern":"","post_type_properties_post_implantada":false,"post_type_properties_post_sello_leed":"2","post_type_properties_post_sello_well":"2","post_type_properties_post_sello_breeam":false,"post_type_properties_post_images":[{"properties_post_image_order":1,"properties_post_image_url":"https:\/\/movin.cloud\/empresas\/2438\/imagenes\/231774\/alquilar.webp","properties_post_image_url_thumbnail":"https:\/\/movin.cloud\/empresas\/2438\/imagenes\/thumbnails\/231774\/alquilar.webp","properties_post_title":"alquilar","properties_post_alt":"alquilar"},{"properties_post_image_order":2,"properties_post_image_url":"https:\/\/movin.cloud\/empresas\/2438\/imagenes\/231774\/alquiler-barcelona.webp","properties_post_image_url_thumbnail":"https:\/\/movin.cloud\/empresas\/2438\/imagenes\/thumbnails\/231774\/alquiler-barcelona.webp","properties_post_title":"alquiler barcelona","properties_post_alt":"alquiler barcelona"},{"properties_post_image_order":3,"properties_post_image_url":"https:\/\/movin.cloud\/empresas\/2438\/imagenes\/231774\/en-alquiler-barcelona.webp","properties_post_image_url_thumbnail":"https:\/\/movin.cloud\/empresas\/2438\/imagenes\/thumbnails\/231774\/en-alquiler-barcelona.webp","properties_post_title":"en alquiler barcelona","properties_post_alt":"en alquiler barcelona"},{"properties_post_image_order":4,"properties_post_image_url":"https:\/\/movin.cloud\/empresas\/2438\/imagenes\/231774\/habitalia.webp","properties_post_image_url_thumbnail":"https:\/\/movin.cloud\/empresas\/2438\/imagenes\/thumbnails\/231774\/habitalia.webp","properties_post_title":"habitalia","properties_post_alt":"habitalia"},{"properties_post_image_order":5,"properties_post_image_url":"https:\/\/movin.cloud\/empresas\/2438\/imagenes\/231774\/alquiler-para-idealista.webp","properties_post_image_url_thumbnail":"https:\/\/movin.cloud\/empresas\/2438\/imagenes\/thumbnails\/231774\/alquiler-para-idealista.webp","properties_post_title":"alquiler para idealista","properties_post_alt":"alquiler para idealista"},{"properties_post_image_order":6,"properties_post_image_url":"https:\/\/movin.cloud\/empresas\/2438\/imagenes\/231774\/viviendas.webp","properties_post_image_url_thumbnail":"https:\/\/movin.cloud\/empresas\/2438\/imagenes\/thumbnails\/231774\/viviendas.webp","properties_post_title":"viviendas","properties_post_alt":"viviendas"},{"properties_post_image_order":7,"properties_post_image_url":"https:\/\/movin.cloud\/empresas\/2438\/imagenes\/231774\/alquiler-para-idealistas.webp","properties_post_image_url_thumbnail":"https:\/\/movin.cloud\/empresas\/2438\/imagenes\/thumbnails\/231774\/alquiler-para-idealistas.webp","properties_post_title":"alquiler para idealistas","properties_post_alt":"alquiler para idealistas"},{"properties_post_image_order":8,"properties_post_image_url":"https:\/\/movin.cloud\/empresas\/2438\/imagenes\/231774\/rent.webp","properties_post_image_url_thumbnail":"https:\/\/movin.cloud\/empresas\/2438\/imagenes\/thumbnails\/231774\/rent.webp","properties_post_title":"rent","properties_post_alt":"rent"},{"properties_post_image_order":9,"properties_post_image_url":"https:\/\/movin.cloud\/empresas\/2438\/imagenes\/231774\/fincas.webp","properties_post_image_url_thumbnail":"https:\/\/movin.cloud\/empresas\/2438\/imagenes\/thumbnails\/231774\/fincas.webp","properties_post_title":"fincas","properties_post_alt":"fincas"},{"properties_post_image_order":10,"properties_post_image_url":"https:\/\/movin.cloud\/empresas\/2438\/imagenes\/231774\/inmobiliarias.webp","properties_post_image_url_thumbnail":"https:\/\/movin.cloud\/empresas\/2438\/imagenes\/thumbnails\/231774\/inmobiliarias.webp","properties_post_title":"inmobiliarias","properties_post_alt":"inmobiliarias"},{"properties_post_image_order":11,"properties_post_image_url":"https:\/\/movin.cloud\/empresas\/2438\/imagenes\/231774\/inmobiliaria.webp","properties_post_image_url_thumbnail":"https:\/\/movin.cloud\/empresas\/2438\/imagenes\/thumbnails\/231774\/inmobiliaria.webp","properties_post_title":"inmobiliaria","properties_post_alt":"inmobiliaria"},{"properties_post_image_order":13,"properties_post_image_url":"https:\/\/movin.cloud\/empresas\/2438\/imagenes\/231774\/alquiler-idealistas-barcelona.webp","properties_post_image_url_thumbnail":"https:\/\/movin.cloud\/empresas\/2438\/imagenes\/thumbnails\/231774\/alquiler-idealistas-barcelona.webp","properties_post_title":"alquiler idealistas barcelona","properties_post_alt":"alquiler idealistas barcelona"}],"post_type_properties_post_videos":null,"post_type_properties_post_tour":null,"post_type_properties_post_dossier_url":"","post_type_properties_post_operation_type":"rent","post_type_properties_post_operation_price":18100,"post_type_properties_post_features_hidden_price":false},"yoast_head":"<!-- This site is optimized with the Yoast SEO plugin v27.4 - https:\/\/yoast.com\/product\/yoast-seo-wordpress\/ -->\n<title>BLUE@ - Forcadell<\/title>\n<meta name=\"robots\" content=\"index, follow, max-snippet:-1, max-image-preview:large, max-video-preview:-1\" \/>\n<link rel=\"canonical\" href=\"https:\/\/forcadell.com\/ca\/propiedades\/blue-3\/\" \/>\n<meta property=\"og:locale\" content=\"ca_ES\" \/>\n<meta property=\"og:type\" content=\"article\" \/>\n<meta property=\"og:title\" content=\"BLUE@ - Forcadell\" \/>\n<meta property=\"og:description\" content=\"Blue@, el nuevo edificio de oficinas inteligente con las m\u00e1s altas puntuaciones en certificaciones de eficiencia y bienestar. Equipado con dos auditorios, gimnasio y cantina propia para todos sus usuarios, ofrece oficinas a partir de 452 m2 (media planta) y plantas tipo de 905 m2 y 1235 m2, algunas con gran terraza de uso privativo. [&hellip;]\" \/>\n<meta property=\"og:url\" content=\"https:\/\/forcadell.com\/ca\/propiedades\/blue-3\/\" \/>\n<meta property=\"og:site_name\" content=\"Forcadell\" \/>\n<meta property=\"article:modified_time\" content=\"2026-04-28T08:10:12+00:00\" \/>\n<meta name=\"twitter:card\" content=\"summary_large_image\" \/>\n<meta name=\"twitter:label1\" content=\"Temps estimat de lectura\" \/>\n\t<meta name=\"twitter:data1\" content=\"1 minut\" \/>\n<!-- \/ Yoast SEO plugin. -->","yoast_head_json":{"title":"BLUE@ - Forcadell","robots":{"index":"index","follow":"follow","max-snippet":"max-snippet:-1","max-image-preview":"max-image-preview:large","max-video-preview":"max-video-preview:-1"},"canonical":"https:\/\/forcadell.com\/ca\/propiedades\/blue-3\/","og_locale":"ca_ES","og_type":"article","og_title":"BLUE@ - Forcadell","og_description":"Blue@, el nuevo edificio de oficinas inteligente con las m\u00e1s altas puntuaciones en certificaciones de eficiencia y bienestar. Equipado con dos auditorios, gimnasio y cantina propia para todos sus usuarios, ofrece oficinas a partir de 452 m2 (media planta) y plantas tipo de 905 m2 y 1235 m2, algunas con gran terraza de uso privativo. [&hellip;]","og_url":"https:\/\/forcadell.com\/ca\/propiedades\/blue-3\/","og_site_name":"Forcadell","article_modified_time":"2026-04-28T08:10:12+00:00","twitter_card":"summary_large_image","twitter_misc":{"Temps estimat de lectura":"1 minut"},"schema":{"@context":"https:\/\/schema.org","@graph":[{"@type":"WebPage","@id":"https:\/\/forcadell.com\/ca\/propiedades\/blue-3\/","url":"https:\/\/forcadell.com\/ca\/propiedades\/blue-3\/","name":"BLUE@ - Forcadell","isPartOf":{"@id":"https:\/\/forcadell.com\/ca\/#website"},"datePublished":"2025-11-04T14:05:27+00:00","dateModified":"2026-04-28T08:10:12+00:00","breadcrumb":{"@id":"https:\/\/forcadell.com\/ca\/propiedades\/blue-3\/#breadcrumb"},"inLanguage":"ca","potentialAction":[{"@type":"ReadAction","target":["https:\/\/forcadell.com\/ca\/propiedades\/blue-3\/"]}]},{"@type":"BreadcrumbList","@id":"https:\/\/forcadell.com\/ca\/propiedades\/blue-3\/#breadcrumb","itemListElement":[{"@type":"ListItem","position":1,"name":"Portada","item":"https:\/\/forcadell.com\/ca\/"},{"@type":"ListItem","position":2,"name":"Properties","item":"https:\/\/forcadell.com\/ca\/propiedades\/"},{"@type":"ListItem","position":3,"name":"BLUE@"}]},{"@type":"WebSite","@id":"https:\/\/forcadell.com\/ca\/#website","url":"https:\/\/forcadell.com\/ca\/","name":"Forcadell","description":"Inmobiliaria Barcelona | Consultores inmobiliarios","potentialAction":[{"@type":"SearchAction","target":{"@type":"EntryPoint","urlTemplate":"https:\/\/forcadell.com\/ca\/?s={search_term_string}"},"query-input":{"@type":"PropertyValueSpecification","valueRequired":true,"valueName":"search_term_string"}}],"inLanguage":"ca"}]}},"_links":{"self":[{"href":"https:\/\/forcadell.com\/ca\/wp-json\/wp\/v2\/properties_post\/57716","targetHints":{"allow":["GET"]}}],"collection":[{"href":"https:\/\/forcadell.com\/ca\/wp-json\/wp\/v2\/properties_post"}],"about":[{"href":"https:\/\/forcadell.com\/ca\/wp-json\/wp\/v2\/types\/properties_post"}],"wp:attachment":[{"href":"https:\/\/forcadell.com\/ca\/wp-json\/wp\/v2\/media?parent=57716"}],"curies":[{"name":"wp","href":"https:\/\/api.w.org\/{rel}","templated":true}]}}