{"id":57714,"date":"2025-11-04T16:05:23","date_gmt":"2025-11-04T14:05:23","guid":{"rendered":"https:\/\/www.forcadell.com\/propiedades\/blue\/"},"modified":"2026-04-26T12:08:59","modified_gmt":"2026-04-26T10:08:59","slug":"blue","status":"publish","type":"properties_post","link":"https:\/\/forcadell.com\/ca\/propiedades\/blue\/","title":{"rendered":"BLUE@"},"content":{"rendered":"<p>\u00a1Descubre Blue@, el futuro de las oficinas inteligentes en Barcelona! <\/p>\n<p>Ubicado en el vibrante distrito 22@, Blue@ es un edificio de oficinas que redefine la eficiencia y el bienestar. Con las m\u00e1s altas certificaciones en sostenibilidad y salud, Blue@ ofrece espacios dise\u00f1ados para el confort y productividad de tu equipo.<\/p>\n<p>Oficinas a partir de 452 m\u00b2 (media planta), hasta 1.235 m\u00b2<br \/>\nAmplias terrazas privadas y plantas di\u00e1fanas a estrenar<br \/>\n2 auditorios, gimnasio, cantina propia y salas de reuniones<br \/>\nParking para coches, motos y bicicletas (incluyendo plazas para veh\u00edculos el\u00e9ctricos)<br \/>\nSeguridad 24\/7, conserjer\u00eda y acuerdos exclusivos con el Hotel Barcelona Condal Mar by Meli\u00e1<\/p>\n<p>Con una ubicaci\u00f3n privilegiada en la calle Crist\u00f3bal de Moura, cerca de grandes corporaciones y zonas verdes, Blue@ es el espacio ideal para que tu empresa crezca y brille.<\/p>\n<p>\u00a1Haz de Blue@ tu nueva sede y lleva tu negocio al siguiente nivel! <\/p>\n<p>Cont\u00e1ctanos para m\u00e1s informaci\u00f3n y descubre c\u00f3mo Blue@ puede transformar tu lugar de trabajo.<\/p>\n","protected":false},"template":"","class_list":["post-57714","properties_post","type-properties_post","status-publish","hentry","properties_modality-rent","properties_district-sant-marti","properties_province-barcelona","properties_zone-116","properties_state-barcelona","properties_subclass-oficina","properties_type-oficina"],"acf":{"post_type_properties_post_property_code":"231776","post_type_properties_post_property_reference":"IE-222765","post_type_properties_post_owner_id":"190365","post_type_properties_post_owner_name":"BLUECAP MANAGEMENT CONSULTING","post_type_properties_post_property_code_encrypted":"MjkkMTYzNDM=","post_type_properties_post_published":"1","post_type_properties_post_property_visibility":"idealista","post_type_properties_post_contact_name":"Forcadell Oficinas Barcelona","post_type_properties_post_contact_email":"forcadell.oficinas.barcelona@movin.cloud","post_type_properties_post_contact_primary_phone_prefix":"34","post_type_properties_post_contact_primary_phone_number":"934965413","post_type_properties_post_address_visibility":"street","post_type_properties_post_address_country":"Spain","post_type_properties_post_address_coordinates_precision":"exact","post_type_properties_post_address_postal_code":"08029","post_type_properties_post_address_coordinates_latitude":"41.4093918","post_type_properties_post_address_coordinates_longitude":"2.2045558","post_type_properties_post_address_street_name":"Crist\u00f3bal de Moura, 115","post_type_properties_post_address_floor":"4","post_type_properties_post_address_town":"Barcelona","post_type_properties_post_building":null,"post_type_properties_post_property":[{"properties_post_description_language":"catalan","properties_post_title":"BLUE@","properties_post_short_description_text_alt":"","properties_post_description_text_alt":"","properties_post_short_description_text":"","properties_post_link_demanda_inmueble":"https:\/\/movin.cloud\/ca\/Forcadell Oficinas Barcelona\/formulari-peticio-immoble\/sth\/2438&&231776","properties_post_link_demanda_calendario_inmueble":"https:\/\/movin.cloud\/ca\/Forcadell Oficinas Barcelona\/calendari-peticio-immoble\/sth\/2438&&231776","properties_post_description_text":"Descobreix Blue@, el futur de les oficines intel\u00b7ligents a Barcelona!\n\nUbicat al vibrant districte 22@, Blue@ \u00e9s un edifici d'oficines que redefineix l'efici\u00e8ncia i el benestar. Amb les m\u00e9s altes certificacions en sostenibilitat i salut, Blue@ ofereix espais dissenyats per al confort i la productivitat del teu equip.\n\nOficines a partir de 452 m\u00b2 (mitja planta), fins a 1.235 m\u00b2\n\u00c0mplies terrasses privades i plantes di\u00e0fanes a estrenar\n2 auditoris, gimn\u00e0s, cantina pr\u00f2pia i sales de reunions\nP\u00e0rquing per a cotxes, motos i bicicletes (incloent-hi places per a vehicles el\u00e8ctrics)\nSeguretat 24\/7, consergeria i acords exclusius amb l'Hotel Barcelona Condal Mar by Meli\u00e1\n\nAmb una ubicaci\u00f3 privilegiada al carrer Crist\u00f3bal de Moura, a prop de grans corporacions i zones verdes, Blue@ \u00e9s l'espai ideal perqu\u00e8 la teva empresa creixi i brilli.\n\nFes de Blue@ la teva nova seu i porta el teu negoci al seg\u00fcent nivell!\n\nContacta'ns per a m\u00e9s informaci\u00f3 i descobreix com Blue@ pot transformar el teu lloc de treball.","properties_post_seo_title":"","properties_post_seo_alias":"","properties_post_seo_metadescription":"","properties_post_seo_key_words":"","properties_post_seo_url":"","properties_post_terms_conditions":""},{"properties_post_description_language":"spanish","properties_post_title":"BLUE@","properties_post_short_description_text_alt":"","properties_post_description_text_alt":"","properties_post_short_description_text":"","properties_post_link_demanda_inmueble":"https:\/\/movin.cloud\/es\/Forcadell Oficinas Barcelona\/formulario-peticion-inmueble\/sth\/2438&&231776","properties_post_link_demanda_calendario_inmueble":"https:\/\/movin.cloud\/es\/Forcadell Oficinas Barcelona\/calendario-peticion-inmueble\/sth\/2438&&231776","properties_post_description_text":"\u00a1Descubre Blue@, el futuro de las oficinas inteligentes en Barcelona! \n\nUbicado en el vibrante distrito 22@, Blue@ es un edificio de oficinas que redefine la eficiencia y el bienestar. Con las m\u00e1s altas certificaciones en sostenibilidad y salud, Blue@ ofrece espacios dise\u00f1ados para el confort y productividad de tu equipo.\n\nOficinas a partir de 452 m\u00b2 (media planta), hasta 1.235 m\u00b2 \nAmplias terrazas privadas y plantas di\u00e1fanas a estrenar \n2 auditorios, gimnasio, cantina propia y salas de reuniones \nParking para coches, motos y bicicletas (incluyendo plazas para veh\u00edculos el\u00e9ctricos)\nSeguridad 24\/7, conserjer\u00eda y acuerdos exclusivos con el Hotel Barcelona Condal Mar by Meli\u00e1\n\nCon una ubicaci\u00f3n privilegiada en la calle Crist\u00f3bal de Moura, cerca de grandes corporaciones y zonas verdes, Blue@ es el espacio ideal para que tu empresa crezca y brille.\n\n\u00a1Haz de Blue@ tu nueva sede y lleva tu negocio al siguiente nivel! \n\nCont\u00e1ctanos para m\u00e1s informaci\u00f3n y descubre c\u00f3mo Blue@ puede transformar tu lugar de trabajo.","properties_post_seo_title":"","properties_post_seo_alias":"","properties_post_seo_metadescription":"","properties_post_seo_key_words":"","properties_post_seo_url":"","properties_post_terms_conditions":""}],"post_type_properties_post_features_type":"office","post_type_properties_post_id_building":"MjkkMjc4NjM=","post_type_properties_post_features_area_constructed":1225,"post_type_properties_post_features_conditioned_air":true,"post_type_properties_post_features_doorman":false,"post_type_properties_post_features_heating":true,"post_type_properties_post_features_equipped_kitchen":false,"post_type_properties_post_features_windows_location":"exterior","post_type_properties_post_features_floors_property":false,"post_type_properties_post_features_storage":false,"post_type_properties_post_features_security_door":false,"post_type_properties_post_features_energy_certificate_rating":"A","post_type_properties_post_features_energy_certificate_emissions_rating":"A","post_type_properties_post_features_energy_certificate_emissions_value":"","post_type_properties_post_features_energy_certificate_performance":"","post_type_properties_post_features_bathroom_inside":false,"post_type_properties_post_precio":25742.22,"post_type_properties_post_precio_alquiler":25742.22,"post_type_properties_post_record_type_id":"Oficina","post_type_properties_post_categoria__producto":"Oficina","post_type_properties_post_amueblado":false,"post_type_properties_post_precio_m2":21,"post_type_properties_post_zona__comunitaria":false,"post_type_properties_post_electrodomesticos":false,"post_type_properties_post_patio__interior":true,"post_type_properties_post_certificado_energetico_general":"A","post_type_properties_post_certificado_energetico_consumo":"A","post_type_properties_post_certificado_energetico_valor_emisiones":"","post_type_properties_post_certificado_energetico_valor_consumo":"","post_type_properties_post_modalidad":"rent","post_type_properties_post_provincia":"Barcelona","post_type_properties_post_poblacion":"Barcelona","post_type_properties_post_centro__urbano":false,"post_type_properties_post_zonificacion":"22 @","post_type_properties_post_cartera":"","post_type_properties_post_titulo_catalan":"BLUE@","post_type_properties_post_internet_catalan":"Descobreix Blue@, el futur de les oficines intel\u00b7ligents a Barcelona!\n\nUbicat al vibrant districte 22@, Blue@ \u00e9s un edifici d'oficines que redefineix l'efici\u00e8ncia i el benestar. Amb les m\u00e9s altes certificacions en sostenibilitat i salut, Blue@ ofereix espais dissenyats per al confort i la productivitat del teu equip.\n\nOficines a partir de 452 m\u00b2 (mitja planta), fins a 1.235 m\u00b2\n\u00c0mplies terrasses privades i plantes di\u00e0fanes a estrenar\n2 auditoris, gimn\u00e0s, cantina pr\u00f2pia i sales de reunions\nP\u00e0rquing per a cotxes, motos i bicicletes (incloent-hi places per a vehicles el\u00e8ctrics)\nSeguretat 24\/7, consergeria i acords exclusius amb l'Hotel Barcelona Condal Mar by Meli\u00e1\n\nAmb una ubicaci\u00f3 privilegiada al carrer Crist\u00f3bal de Moura, a prop de grans corporacions i zones verdes, Blue@ \u00e9s l'espai ideal perqu\u00e8 la teva empresa creixi i brilli.\n\nFes de Blue@ la teva nova seu i porta el teu negoci al seg\u00fcent nivell!\n\nContacta'ns per a m\u00e9s informaci\u00f3 i descobreix com Blue@ pot transformar el teu lloc de treball.","post_type_properties_post_titulo_castellano":"BLUE@","post_type_properties_post_internet_castellano":"\u00a1Descubre Blue@, el futuro de las oficinas inteligentes en Barcelona! \n\nUbicado en el vibrante distrito 22@, Blue@ es un edificio de oficinas que redefine la eficiencia y el bienestar. Con las m\u00e1s altas certificaciones en sostenibilidad y salud, Blue@ ofrece espacios dise\u00f1ados para el confort y productividad de tu equipo.\n\nOficinas a partir de 452 m\u00b2 (media planta), hasta 1.235 m\u00b2 \nAmplias terrazas privadas y plantas di\u00e1fanas a estrenar \n2 auditorios, gimnasio, cantina propia y salas de reuniones \nParking para coches, motos y bicicletas (incluyendo plazas para veh\u00edculos el\u00e9ctricos)\nSeguridad 24\/7, conserjer\u00eda y acuerdos exclusivos con el Hotel Barcelona Condal Mar by Meli\u00e1\n\nCon una ubicaci\u00f3n privilegiada en la calle Crist\u00f3bal de Moura, cerca de grandes corporaciones y zonas verdes, Blue@ es el espacio ideal para que tu empresa crezca y brille.\n\n\u00a1Haz de Blue@ tu nueva sede y lleva tu negocio al siguiente nivel! \n\nCont\u00e1ctanos para m\u00e1s informaci\u00f3n y descubre c\u00f3mo Blue@ puede transformar tu lugar de trabajo.","post_type_properties_post_titulo_ingles":"","post_type_properties_post_internet_ingles":"","post_type_properties_post_features_classification_commercial":false,"post_type_properties_post_features_conservation":"new","post_type_properties_post_features_security_personnel":false,"post_type_properties_post_features_parking_available":false,"post_type_properties_post_features_garage_capacity_type":"","post_type_properties_post_features_bathroom_number":"","post_type_properties_post_eje":"","post_type_properties_post_zona":"","post_type_properties_post_comarca":"","post_type_properties_post_features_built_year":"","post_type_properties_post_renta_mensual":24517.2,"post_type_properties_post_fianza":"","post_type_properties_post_features_area_plot":"","post_type_properties_post_features_area_buildable":"","post_type_properties_post_features_classification_industrial":false,"post_type_properties_post_distrito":"","post_type_properties_post_features_balcony":false,"post_type_properties_post_features_bedroom_number":"","post_type_properties_post_features_heating_type":"","post_type_properties_post_features_equipped_with_furniture":false,"post_type_properties_post_features_pets_allowed":false,"post_type_properties_post_features_pool":false,"post_type_properties_post_features_terrace":false,"post_type_properties_post_features_wardrobes":false,"post_type_properties_post_features_lift_available":false,"post_type_properties_post_features_handicap_adapted_access":false,"post_type_properties_post_features_orientation_east":false,"post_type_properties_post_features_orientation_west":false,"post_type_properties_post_features_orientation_north":false,"post_type_properties_post_features_orientation_south":false,"post_type_properties_post_features_parking_spaces_number":"","post_type_properties_post_features_security_alarm":false,"post_type_properties_post_features_security_system":false,"post_type_properties_post_open_plan":false,"post_type_properties_post_acceso_24_7":false,"post_type_properties_post_oficina_privada":false,"post_type_properties_post_sala_reuniones":false,"post_type_properties_post_espacio_eventos":false,"post_type_properties_post_office":false,"post_type_properties_post_restaurant":false,"post_type_properties_post_acepta_traspaso":false,"post_type_properties_post_vigilancia":false,"post_type_properties_post_features_suite":false,"post_type_properties_post_features_vitro":false,"post_type_properties_post_features_oven":false,"post_type_properties_post_features_microwave":false,"post_type_properties_post_features_washing_machine":false,"post_type_properties_post_features_dryer":false,"post_type_properties_post_features_dishwasher":false,"post_type_properties_post_features_fridge":false,"post_type_properties_post_features_fridge_mini":false,"post_type_properties_post_features_kettle":false,"post_type_properties_post_features_toaster":false,"post_type_properties_post_features_coffee_maker":false,"post_type_properties_post_features_iron":false,"post_type_properties_post_features_ironing_board":false,"post_type_properties_post_features_safe":false,"post_type_properties_post_features_internet":false,"post_type_properties_post_features_solarium":false,"post_type_properties_post_features_clean_service":false,"post_type_properties_post_features_t_v":false,"post_type_properties_post_features_satellite_t_v":false,"post_type_properties_post_features_gas_kitchen":false,"post_type_properties_post_features_view_mountain":false,"post_type_properties_post_features_view_sea":false,"post_type_properties_post_features_concierge":false,"post_type_properties_post_features_loading_dock":false,"post_type_properties_post_features_bridge_crane":false,"post_type_properties_post_features_located_at_corner":false,"post_type_properties_post_features_smoke_extraction":false,"post_type_properties_post_features_rooms":"","post_type_properties_post_features_garden_area":"","post_type_properties_post_features_utilities_water":false,"post_type_properties_post_features_utilities_electricity":false,"post_type_properties_post_features_utilities_natural_gas":false,"post_type_properties_post_features_building_adapted":false,"post_type_properties_post_features_garden":false,"post_type_properties_post_features_classification_hotel":false,"post_type_properties_post_features_classification_chalet":false,"post_type_properties_post_certificado_energetico_emisiones":"A","post_type_properties_post_barrio":"","post_type_properties_post_distrito_empresa":"Sant Mart\u00ed","post_type_properties_post_features_property_category_intern":"","post_type_properties_post_implantada":false,"post_type_properties_post_sello_leed":"2","post_type_properties_post_sello_well":"2","post_type_properties_post_sello_breeam":false,"post_type_properties_post_images":[{"properties_post_image_order":1,"properties_post_image_url":"https:\/\/movin.cloud\/empresas\/2438\/imagenes\/231776\/alquiler-para-idealista.webp","properties_post_image_url_thumbnail":"https:\/\/movin.cloud\/empresas\/2438\/imagenes\/thumbnails\/231776\/alquiler-para-idealista.webp","properties_post_title":"alquiler para idealista","properties_post_alt":"alquiler para idealista"},{"properties_post_image_order":2,"properties_post_image_url":"https:\/\/movin.cloud\/empresas\/2438\/imagenes\/231776\/habitalia-barcelona.webp","properties_post_image_url_thumbnail":"https:\/\/movin.cloud\/empresas\/2438\/imagenes\/thumbnails\/231776\/habitalia-barcelona.webp","properties_post_title":"habitalia barcelona","properties_post_alt":"habitalia barcelona"},{"properties_post_image_order":3,"properties_post_image_url":"https:\/\/movin.cloud\/empresas\/2438\/imagenes\/231776\/alquiler-idealistas.webp","properties_post_image_url_thumbnail":"https:\/\/movin.cloud\/empresas\/2438\/imagenes\/thumbnails\/231776\/alquiler-idealistas.webp","properties_post_title":"alquiler idealistas","properties_post_alt":"alquiler idealistas"},{"properties_post_image_order":4,"properties_post_image_url":"https:\/\/movin.cloud\/empresas\/2438\/imagenes\/231776\/viviendas.webp","properties_post_image_url_thumbnail":"https:\/\/movin.cloud\/empresas\/2438\/imagenes\/thumbnails\/231776\/viviendas.webp","properties_post_title":"viviendas","properties_post_alt":"viviendas"},{"properties_post_image_order":5,"properties_post_image_url":"https:\/\/movin.cloud\/empresas\/2438\/imagenes\/231776\/alquiler-para-idealistas.webp","properties_post_image_url_thumbnail":"https:\/\/movin.cloud\/empresas\/2438\/imagenes\/thumbnails\/231776\/alquiler-para-idealistas.webp","properties_post_title":"alquiler para idealistas","properties_post_alt":"alquiler para idealistas"},{"properties_post_image_order":6,"properties_post_image_url":"https:\/\/movin.cloud\/empresas\/2438\/imagenes\/231776\/rent.webp","properties_post_image_url_thumbnail":"https:\/\/movin.cloud\/empresas\/2438\/imagenes\/thumbnails\/231776\/rent.webp","properties_post_title":"rent","properties_post_alt":"rent"},{"properties_post_image_order":7,"properties_post_image_url":"https:\/\/movin.cloud\/empresas\/2438\/imagenes\/231776\/fincas.webp","properties_post_image_url_thumbnail":"https:\/\/movin.cloud\/empresas\/2438\/imagenes\/thumbnails\/231776\/fincas.webp","properties_post_title":"fincas","properties_post_alt":"fincas"},{"properties_post_image_order":8,"properties_post_image_url":"https:\/\/movin.cloud\/empresas\/2438\/imagenes\/231776\/inmobiliarias.webp","properties_post_image_url_thumbnail":"https:\/\/movin.cloud\/empresas\/2438\/imagenes\/thumbnails\/231776\/inmobiliarias.webp","properties_post_title":"inmobiliarias","properties_post_alt":"inmobiliarias"},{"properties_post_image_order":9,"properties_post_image_url":"https:\/\/movin.cloud\/empresas\/2438\/imagenes\/231776\/inmobiliaria.webp","properties_post_image_url_thumbnail":"https:\/\/movin.cloud\/empresas\/2438\/imagenes\/thumbnails\/231776\/inmobiliaria.webp","properties_post_title":"inmobiliaria","properties_post_alt":"inmobiliaria"},{"properties_post_image_order":10,"properties_post_image_url":"https:\/\/movin.cloud\/empresas\/2438\/imagenes\/231776\/en-alquiler-barcelona.webp","properties_post_image_url_thumbnail":"https:\/\/movin.cloud\/empresas\/2438\/imagenes\/thumbnails\/231776\/en-alquiler-barcelona.webp","properties_post_title":"en alquiler barcelona","properties_post_alt":"en alquiler barcelona"},{"properties_post_image_order":11,"properties_post_image_url":"https:\/\/movin.cloud\/empresas\/2438\/imagenes\/231776\/alquiler-barcelona.webp","properties_post_image_url_thumbnail":"https:\/\/movin.cloud\/empresas\/2438\/imagenes\/thumbnails\/231776\/alquiler-barcelona.webp","properties_post_title":"alquiler barcelona","properties_post_alt":"alquiler barcelona"},{"properties_post_image_order":12,"properties_post_image_url":"https:\/\/movin.cloud\/empresas\/2438\/imagenes\/231776\/en-alquiler.webp","properties_post_image_url_thumbnail":"https:\/\/movin.cloud\/empresas\/2438\/imagenes\/thumbnails\/231776\/en-alquiler.webp","properties_post_title":"en alquiler","properties_post_alt":"en alquiler"},{"properties_post_image_order":13,"properties_post_image_url":"https:\/\/movin.cloud\/empresas\/2438\/imagenes\/231776\/alquilar.webp","properties_post_image_url_thumbnail":"https:\/\/movin.cloud\/empresas\/2438\/imagenes\/thumbnails\/231776\/alquilar.webp","properties_post_title":"alquilar","properties_post_alt":"alquilar"},{"properties_post_image_order":14,"properties_post_image_url":"https:\/\/movin.cloud\/empresas\/2438\/imagenes\/231776\/alquiler-idealistas-barcelona.webp","properties_post_image_url_thumbnail":"https:\/\/movin.cloud\/empresas\/2438\/imagenes\/thumbnails\/231776\/alquiler-idealistas-barcelona.webp","properties_post_title":"alquiler idealistas barcelona","properties_post_alt":"alquiler idealistas barcelona"},{"properties_post_image_order":15,"properties_post_image_url":"https:\/\/movin.cloud\/empresas\/2438\/imagenes\/231776\/alquilar-barcelona.webp","properties_post_image_url_thumbnail":"https:\/\/movin.cloud\/empresas\/2438\/imagenes\/thumbnails\/231776\/alquilar-barcelona.webp","properties_post_title":"alquilar barcelona","properties_post_alt":"alquilar barcelona"},{"properties_post_image_order":16,"properties_post_image_url":"https:\/\/movin.cloud\/empresas\/2438\/imagenes\/231776\/habitalia.webp","properties_post_image_url_thumbnail":"https:\/\/movin.cloud\/empresas\/2438\/imagenes\/thumbnails\/231776\/habitalia.webp","properties_post_title":"habitalia","properties_post_alt":"habitalia"}],"post_type_properties_post_videos":null,"post_type_properties_post_tour":null,"post_type_properties_post_dossier_url":"","post_type_properties_post_operation_type":"rent","post_type_properties_post_operation_price":25742,"post_type_properties_post_features_hidden_price":false},"yoast_head":"<!-- This site is optimized with the Yoast SEO plugin v25.6 - https:\/\/yoast.com\/wordpress\/plugins\/seo\/ -->\n<title>BLUE@ - Forcadell<\/title>\n<meta name=\"robots\" content=\"index, follow, max-snippet:-1, max-image-preview:large, max-video-preview:-1\" \/>\n<link rel=\"canonical\" href=\"https:\/\/forcadell.com\/ca\/propiedades\/blue\/\" \/>\n<meta property=\"og:locale\" content=\"ca_ES\" \/>\n<meta property=\"og:type\" content=\"article\" \/>\n<meta property=\"og:title\" content=\"BLUE@ - Forcadell\" \/>\n<meta property=\"og:description\" content=\"\u00a1Descubre Blue@, el futuro de las oficinas inteligentes en Barcelona! Ubicado en el vibrante distrito 22@, Blue@ es un edificio de oficinas que redefine la eficiencia y el bienestar. Con las m\u00e1s altas certificaciones en sostenibilidad y salud, Blue@ ofrece espacios dise\u00f1ados para el confort y productividad de tu equipo. Oficinas a partir de 452 [&hellip;]\" \/>\n<meta property=\"og:url\" content=\"https:\/\/forcadell.com\/ca\/propiedades\/blue\/\" \/>\n<meta property=\"og:site_name\" content=\"Forcadell\" \/>\n<meta property=\"article:modified_time\" content=\"2026-04-26T10:08:59+00:00\" \/>\n<meta name=\"twitter:card\" content=\"summary_large_image\" \/>\n<meta name=\"twitter:label1\" content=\"Temps estimat de lectura\" \/>\n\t<meta name=\"twitter:data1\" content=\"1 minut\" \/>\n<!-- \/ Yoast SEO plugin. -->","yoast_head_json":{"title":"BLUE@ - Forcadell","robots":{"index":"index","follow":"follow","max-snippet":"max-snippet:-1","max-image-preview":"max-image-preview:large","max-video-preview":"max-video-preview:-1"},"canonical":"https:\/\/forcadell.com\/ca\/propiedades\/blue\/","og_locale":"ca_ES","og_type":"article","og_title":"BLUE@ - Forcadell","og_description":"\u00a1Descubre Blue@, el futuro de las oficinas inteligentes en Barcelona! Ubicado en el vibrante distrito 22@, Blue@ es un edificio de oficinas que redefine la eficiencia y el bienestar. Con las m\u00e1s altas certificaciones en sostenibilidad y salud, Blue@ ofrece espacios dise\u00f1ados para el confort y productividad de tu equipo. Oficinas a partir de 452 [&hellip;]","og_url":"https:\/\/forcadell.com\/ca\/propiedades\/blue\/","og_site_name":"Forcadell","article_modified_time":"2026-04-26T10:08:59+00:00","twitter_card":"summary_large_image","twitter_misc":{"Temps estimat de lectura":"1 minut"},"schema":{"@context":"https:\/\/schema.org","@graph":[{"@type":"WebPage","@id":"https:\/\/forcadell.com\/ca\/propiedades\/blue\/","url":"https:\/\/forcadell.com\/ca\/propiedades\/blue\/","name":"BLUE@ - Forcadell","isPartOf":{"@id":"https:\/\/forcadell.com\/ca\/#website"},"datePublished":"2025-11-04T14:05:23+00:00","dateModified":"2026-04-26T10:08:59+00:00","breadcrumb":{"@id":"https:\/\/forcadell.com\/ca\/propiedades\/blue\/#breadcrumb"},"inLanguage":"ca","potentialAction":[{"@type":"ReadAction","target":["https:\/\/forcadell.com\/ca\/propiedades\/blue\/"]}]},{"@type":"BreadcrumbList","@id":"https:\/\/forcadell.com\/ca\/propiedades\/blue\/#breadcrumb","itemListElement":[{"@type":"ListItem","position":1,"name":"Portada","item":"https:\/\/forcadell.com\/ca\/"},{"@type":"ListItem","position":2,"name":"Properties","item":"https:\/\/forcadell.com\/ca\/propiedades\/"},{"@type":"ListItem","position":3,"name":"BLUE@"}]},{"@type":"WebSite","@id":"https:\/\/forcadell.com\/ca\/#website","url":"https:\/\/forcadell.com\/ca\/","name":"Forcadell","description":"Inmobiliaria Barcelona | Consultores inmobiliarios","potentialAction":[{"@type":"SearchAction","target":{"@type":"EntryPoint","urlTemplate":"https:\/\/forcadell.com\/ca\/?s={search_term_string}"},"query-input":{"@type":"PropertyValueSpecification","valueRequired":true,"valueName":"search_term_string"}}],"inLanguage":"ca"}]}},"_links":{"self":[{"href":"https:\/\/forcadell.com\/ca\/wp-json\/wp\/v2\/properties_post\/57714"}],"collection":[{"href":"https:\/\/forcadell.com\/ca\/wp-json\/wp\/v2\/properties_post"}],"about":[{"href":"https:\/\/forcadell.com\/ca\/wp-json\/wp\/v2\/types\/properties_post"}],"wp:attachment":[{"href":"https:\/\/forcadell.com\/ca\/wp-json\/wp\/v2\/media?parent=57714"}],"curies":[{"name":"wp","href":"https:\/\/api.w.org\/{rel}","templated":true}]}}