{"id":57674,"date":"2025-11-04T16:02:18","date_gmt":"2025-11-04T14:02:18","guid":{"rendered":"https:\/\/www.forcadell.com\/propiedades\/oficina-implantada-en-alquiler-en-sant-cugat-del-valles-barcelona\/"},"modified":"2026-04-29T17:04:44","modified_gmt":"2026-04-29T15:04:44","slug":"oficina-implantada-en-alquiler-en-sant-cugat-del-valles-barcelona","status":"publish","type":"properties_post","link":"https:\/\/forcadell.com\/ca\/propiedades\/oficina-implantada-en-alquiler-en-sant-cugat-del-valles-barcelona\/","title":{"rendered":"Oficina implantada en alquiler en Sant Cugat del Vall\u00e8s. Barcelona."},"content":{"rendered":"<p>Oficina ubicada en el parque empresarial de Can Sant Joan en Sant Cugat del Vall\u00e9s, con acceso directo a autopista y a FGC Can Sant Joan. <\/p>\n<p>Oficina de fachada acristalada lo que le aporta una gran luz natural, est\u00e1 compuesta por 2 Open Space + 4 salas + 4 phone booth. Con suelo t\u00e9cnico, falso techo registrable y climatizaci\u00f3n independiente fr\u00edo\u2013 calor. <\/p>\n<p>Entre otras comodidades cuenta con una zona exterior ajardinada, servicio de conserjer\u00eda y vigilancia 24 horas, ascensores, trasteros, parking y restaurante. <\/p>\n<p>Gran conexi\u00f3n de transporte p\u00fablico y privado<br \/>\nEstaci\u00f3n de FGC: S2 (Sant Joan).<br \/>\nBus: L7A y SJ.<\/p>\n","protected":false},"template":"","class_list":["post-57674","properties_post","type-properties_post","status-publish","hentry","properties_modality-rent","properties_province-barcelona","properties_zone-periferia","properties_state-sant-cugat-del-valles","properties_subclass-oficina","properties_type-oficina"],"acf":{"post_type_properties_post_property_code":"231404","post_type_properties_post_property_reference":"IE-222220","post_type_properties_post_owner_id":"51668","post_type_properties_post_owner_name":"CATALANA OCCIDENTE","post_type_properties_post_property_code_encrypted":"MjkkMTU5NzE=","post_type_properties_post_published":"1","post_type_properties_post_property_visibility":"idealista","post_type_properties_post_contact_name":"Forcadell Oficinas Barcelona","post_type_properties_post_contact_email":"forcadell.oficinas.barcelona@movin.cloud","post_type_properties_post_contact_primary_phone_prefix":"34","post_type_properties_post_contact_primary_phone_number":"934965413","post_type_properties_post_address_visibility":"street","post_type_properties_post_address_country":"Spain","post_type_properties_post_address_coordinates_precision":"exact","post_type_properties_post_address_postal_code":"08174","post_type_properties_post_address_coordinates_latitude":"41.4908379","post_type_properties_post_address_coordinates_longitude":"2.0746927","post_type_properties_post_address_street_name":"Catalana Parc","post_type_properties_post_address_floor":"4","post_type_properties_post_address_town":"Sant Cugat del Vall\u00e8s","post_type_properties_post_building":null,"post_type_properties_post_property":[{"properties_post_description_language":"catalan","properties_post_title":"Oficina implantada de lloguer a Sant Cugat del Vall\u00e8s. Barcelona","properties_post_short_description_text_alt":"","properties_post_description_text_alt":"","properties_post_short_description_text":"Oficina ubicada al parc empresarial de Can Sant Joan a Sant Cugat del Vall\u00e8s, amb acc\u00e9s directe a autopista i a FGC Can Sant Joan. \n \nOficina de fa\u00e7ana de vidre el que li aporta una gran llum natural, est\u00e0 composta per 2 Open Space + 4 sales + 4 phone booth. Amb terra t\u00e8cnic, fals sostre registrable i climatitzaci\u00f3 independent fred\u2013 calor. \n \nEntre altres comoditats compta amb una zona exterior enjardinada, servei de consergeria i vigil\u00e0ncia 24 hores, ascensors, trasters, p\u00e0rquing i restaurant. \n \nGran connexi\u00f3 de transport p\u00fablic i privat \nEstaci\u00f3 de FGC: S2 (Sant Joan). \nBus: L7A i SJ.","properties_post_link_demanda_inmueble":"https:\/\/movin.cloud\/ca\/Forcadell Oficinas Barcelona\/formulari-peticio-immoble\/sth\/2438&&231404","properties_post_link_demanda_calendario_inmueble":"https:\/\/movin.cloud\/ca\/Forcadell Oficinas Barcelona\/calendari-peticio-immoble\/sth\/2438&&231404","properties_post_description_text":"Oficina ubicada al parc empresarial de Can Sant Joan a Sant Cugat del Vall\u00e8s, amb acc\u00e9s directe a autopista i a FGC Can Sant Joan. \n \nOficina de fa\u00e7ana de vidre el que li aporta una gran llum natural, est\u00e0 composta per 2 Open Space + 4 sales + 4 phone booth. Amb terra t\u00e8cnic, fals sostre registrable i climatitzaci\u00f3 independent fred\u2013 calor. \n \nEntre altres comoditats compta amb una zona exterior enjardinada, servei de consergeria i vigil\u00e0ncia 24 hores, ascensors, trasters, p\u00e0rquing i restaurant. \n \nGran connexi\u00f3 de transport p\u00fablic i privat \nEstaci\u00f3 de FGC: S2 (Sant Joan). \nBus: L7A i SJ.","properties_post_seo_title":"","properties_post_seo_alias":"","properties_post_seo_metadescription":"","properties_post_seo_key_words":"","properties_post_seo_url":"","properties_post_terms_conditions":""},{"properties_post_description_language":"spanish","properties_post_title":"Oficina implantada en alquiler en Sant Cugat del Vall\u00e8s. Barcelona.","properties_post_short_description_text_alt":"","properties_post_description_text_alt":"","properties_post_short_description_text":"Oficina ubicada en el parque empresarial de Can Sant Joan en Sant Cugat del Vall\u00e9s, con acceso directo a autopista y a FGC Can Sant Joan. \n \nOficina de fachada acristalada lo que le aporta una gran luz natural, est\u00e1 compuesta por 2 Open Space + 4 salas + 4 phone booth. Con suelo t\u00e9cnico, falso techo registrable y climatizaci\u00f3n independiente fr\u00edo\u2013 calor. \n \nEntre otras comodidades cuenta con una zona exterior ajardinada, servicio de conserjer\u00eda y vigilancia 24 horas, ascensores, trasteros, parking y restaurante. \n \nGran conexi\u00f3n de transporte p\u00fablico y privado \nEstaci\u00f3n de FGC: S2 (Sant Joan). \nBus: L7A y SJ.","properties_post_link_demanda_inmueble":"https:\/\/movin.cloud\/es\/Forcadell Oficinas Barcelona\/formulario-peticion-inmueble\/sth\/2438&&231404","properties_post_link_demanda_calendario_inmueble":"https:\/\/movin.cloud\/es\/Forcadell Oficinas Barcelona\/calendario-peticion-inmueble\/sth\/2438&&231404","properties_post_description_text":"Oficina ubicada en el parque empresarial de Can Sant Joan en Sant Cugat del Vall\u00e9s, con acceso directo a autopista y a FGC Can Sant Joan. \n \nOficina de fachada acristalada lo que le aporta una gran luz natural, est\u00e1 compuesta por 2 Open Space + 4 salas + 4 phone booth. Con suelo t\u00e9cnico, falso techo registrable y climatizaci\u00f3n independiente fr\u00edo\u2013 calor. \n \nEntre otras comodidades cuenta con una zona exterior ajardinada, servicio de conserjer\u00eda y vigilancia 24 horas, ascensores, trasteros, parking y restaurante. \n \nGran conexi\u00f3n de transporte p\u00fablico y privado \nEstaci\u00f3n de FGC: S2 (Sant Joan). \nBus: L7A y SJ.","properties_post_seo_title":"","properties_post_seo_alias":"","properties_post_seo_metadescription":"","properties_post_seo_key_words":"","properties_post_seo_url":"","properties_post_terms_conditions":""}],"post_type_properties_post_features_type":"office","post_type_properties_post_id_building":"","post_type_properties_post_features_area_constructed":1100,"post_type_properties_post_features_conditioned_air":true,"post_type_properties_post_features_doorman":false,"post_type_properties_post_features_heating":true,"post_type_properties_post_features_equipped_kitchen":false,"post_type_properties_post_features_windows_location":"exterior","post_type_properties_post_features_floors_property":false,"post_type_properties_post_features_storage":false,"post_type_properties_post_features_security_door":false,"post_type_properties_post_features_energy_certificate_rating":"B","post_type_properties_post_features_energy_certificate_emissions_rating":"C","post_type_properties_post_features_energy_certificate_emissions_value":28,"post_type_properties_post_features_energy_certificate_performance":166,"post_type_properties_post_features_bathroom_inside":false,"post_type_properties_post_precio":13750,"post_type_properties_post_precio_alquiler":13750,"post_type_properties_post_record_type_id":"Oficina","post_type_properties_post_categoria__producto":"Oficina","post_type_properties_post_amueblado":false,"post_type_properties_post_precio_m2":12.5,"post_type_properties_post_zona__comunitaria":false,"post_type_properties_post_electrodomesticos":false,"post_type_properties_post_patio__interior":false,"post_type_properties_post_certificado_energetico_general":"B","post_type_properties_post_certificado_energetico_consumo":"C","post_type_properties_post_certificado_energetico_valor_emisiones":28,"post_type_properties_post_certificado_energetico_valor_consumo":166,"post_type_properties_post_modalidad":"rent","post_type_properties_post_provincia":"Barcelona","post_type_properties_post_poblacion":"Sant Cugat del Vall\u00e8s","post_type_properties_post_centro__urbano":false,"post_type_properties_post_zonificacion":"Periferia","post_type_properties_post_cartera":"","post_type_properties_post_titulo_catalan":"Oficina implantada de lloguer a Sant Cugat del Vall\u00e8s. Barcelona","post_type_properties_post_internet_catalan":"Oficina ubicada al parc empresarial de Can Sant Joan a Sant Cugat del Vall\u00e8s, amb acc\u00e9s directe a autopista i a FGC Can Sant Joan. \n \nOficina de fa\u00e7ana de vidre el que li aporta una gran llum natural, est\u00e0 composta per 2 Open Space + 4 sales + 4 phone booth. Amb terra t\u00e8cnic, fals sostre registrable i climatitzaci\u00f3 independent fred\u2013 calor. \n \nEntre altres comoditats compta amb una zona exterior enjardinada, servei de consergeria i vigil\u00e0ncia 24 hores, ascensors, trasters, p\u00e0rquing i restaurant. \n \nGran connexi\u00f3 de transport p\u00fablic i privat \nEstaci\u00f3 de FGC: S2 (Sant Joan). \nBus: L7A i SJ.","post_type_properties_post_titulo_castellano":"Oficina implantada en alquiler en Sant Cugat del Vall\u00e8s. Barcelona.","post_type_properties_post_internet_castellano":"Oficina ubicada en el parque empresarial de Can Sant Joan en Sant Cugat del Vall\u00e9s, con acceso directo a autopista y a FGC Can Sant Joan. \n \nOficina de fachada acristalada lo que le aporta una gran luz natural, est\u00e1 compuesta por 2 Open Space + 4 salas + 4 phone booth. Con suelo t\u00e9cnico, falso techo registrable y climatizaci\u00f3n independiente fr\u00edo\u2013 calor. \n \nEntre otras comodidades cuenta con una zona exterior ajardinada, servicio de conserjer\u00eda y vigilancia 24 horas, ascensores, trasteros, parking y restaurante. \n \nGran conexi\u00f3n de transporte p\u00fablico y privado \nEstaci\u00f3n de FGC: S2 (Sant Joan). \nBus: L7A y SJ.","post_type_properties_post_titulo_ingles":"","post_type_properties_post_internet_ingles":"","post_type_properties_post_features_classification_commercial":false,"post_type_properties_post_features_conservation":"","post_type_properties_post_features_security_personnel":false,"post_type_properties_post_features_parking_available":false,"post_type_properties_post_features_garage_capacity_type":"","post_type_properties_post_features_bathroom_number":"","post_type_properties_post_eje":"","post_type_properties_post_zona":"","post_type_properties_post_comarca":"","post_type_properties_post_features_built_year":"","post_type_properties_post_renta_mensual":13750,"post_type_properties_post_fianza":"","post_type_properties_post_features_area_plot":"","post_type_properties_post_features_area_buildable":"","post_type_properties_post_features_classification_industrial":false,"post_type_properties_post_distrito":"","post_type_properties_post_features_balcony":false,"post_type_properties_post_features_bedroom_number":"","post_type_properties_post_features_heating_type":"","post_type_properties_post_features_equipped_with_furniture":false,"post_type_properties_post_features_pets_allowed":false,"post_type_properties_post_features_pool":false,"post_type_properties_post_features_terrace":false,"post_type_properties_post_features_wardrobes":false,"post_type_properties_post_features_lift_available":false,"post_type_properties_post_features_handicap_adapted_access":false,"post_type_properties_post_features_orientation_east":false,"post_type_properties_post_features_orientation_west":false,"post_type_properties_post_features_orientation_north":false,"post_type_properties_post_features_orientation_south":false,"post_type_properties_post_features_parking_spaces_number":"","post_type_properties_post_features_security_alarm":false,"post_type_properties_post_features_security_system":false,"post_type_properties_post_open_plan":false,"post_type_properties_post_acceso_24_7":false,"post_type_properties_post_oficina_privada":false,"post_type_properties_post_sala_reuniones":false,"post_type_properties_post_espacio_eventos":false,"post_type_properties_post_office":false,"post_type_properties_post_restaurant":false,"post_type_properties_post_acepta_traspaso":false,"post_type_properties_post_vigilancia":false,"post_type_properties_post_features_suite":false,"post_type_properties_post_features_vitro":false,"post_type_properties_post_features_oven":false,"post_type_properties_post_features_microwave":false,"post_type_properties_post_features_washing_machine":false,"post_type_properties_post_features_dryer":false,"post_type_properties_post_features_dishwasher":false,"post_type_properties_post_features_fridge":false,"post_type_properties_post_features_fridge_mini":false,"post_type_properties_post_features_kettle":false,"post_type_properties_post_features_toaster":false,"post_type_properties_post_features_coffee_maker":false,"post_type_properties_post_features_iron":false,"post_type_properties_post_features_ironing_board":false,"post_type_properties_post_features_safe":false,"post_type_properties_post_features_internet":true,"post_type_properties_post_features_solarium":false,"post_type_properties_post_features_clean_service":false,"post_type_properties_post_features_t_v":false,"post_type_properties_post_features_satellite_t_v":false,"post_type_properties_post_features_gas_kitchen":false,"post_type_properties_post_features_view_mountain":false,"post_type_properties_post_features_view_sea":false,"post_type_properties_post_features_concierge":false,"post_type_properties_post_features_loading_dock":false,"post_type_properties_post_features_bridge_crane":false,"post_type_properties_post_features_located_at_corner":false,"post_type_properties_post_features_smoke_extraction":false,"post_type_properties_post_features_rooms":"","post_type_properties_post_features_garden_area":"","post_type_properties_post_features_utilities_water":false,"post_type_properties_post_features_utilities_electricity":false,"post_type_properties_post_features_utilities_natural_gas":false,"post_type_properties_post_features_building_adapted":false,"post_type_properties_post_features_garden":false,"post_type_properties_post_features_classification_hotel":false,"post_type_properties_post_features_classification_chalet":false,"post_type_properties_post_certificado_energetico_emisiones":"B","post_type_properties_post_barrio":"","post_type_properties_post_distrito_empresa":"","post_type_properties_post_features_property_category_intern":"","post_type_properties_post_implantada":false,"post_type_properties_post_sello_leed":"","post_type_properties_post_sello_well":"","post_type_properties_post_sello_breeam":false,"post_type_properties_post_images":[{"properties_post_image_order":1,"properties_post_image_url":"https:\/\/movin.cloud\/empresas\/2438\/imagenes\/231404\/alquiler-idealistas.webp","properties_post_image_url_thumbnail":"https:\/\/movin.cloud\/empresas\/2438\/imagenes\/thumbnails\/231404\/alquiler-idealistas.webp","properties_post_title":"alquiler idealistas","properties_post_alt":"alquiler idealistas"},{"properties_post_image_order":2,"properties_post_image_url":"https:\/\/movin.cloud\/empresas\/2438\/imagenes\/231404\/viviendas.webp","properties_post_image_url_thumbnail":"https:\/\/movin.cloud\/empresas\/2438\/imagenes\/thumbnails\/231404\/viviendas.webp","properties_post_title":"viviendas","properties_post_alt":"viviendas"},{"properties_post_image_order":3,"properties_post_image_url":"https:\/\/movin.cloud\/empresas\/2438\/imagenes\/231404\/alquiler-para-idealista.webp","properties_post_image_url_thumbnail":"https:\/\/movin.cloud\/empresas\/2438\/imagenes\/thumbnails\/231404\/alquiler-para-idealista.webp","properties_post_title":"alquiler para idealista","properties_post_alt":"alquiler para idealista"},{"properties_post_image_order":4,"properties_post_image_url":"https:\/\/movin.cloud\/empresas\/2438\/imagenes\/231404\/alquilar.webp","properties_post_image_url_thumbnail":"https:\/\/movin.cloud\/empresas\/2438\/imagenes\/thumbnails\/231404\/alquilar.webp","properties_post_title":"alquilar","properties_post_alt":"alquilar"},{"properties_post_image_order":5,"properties_post_image_url":"https:\/\/movin.cloud\/empresas\/2438\/imagenes\/231404\/habitalia.webp","properties_post_image_url_thumbnail":"https:\/\/movin.cloud\/empresas\/2438\/imagenes\/thumbnails\/231404\/habitalia.webp","properties_post_title":"habitalia","properties_post_alt":"habitalia"},{"properties_post_image_order":6,"properties_post_image_url":"https:\/\/movin.cloud\/empresas\/2438\/imagenes\/231404\/alquiler.webp","properties_post_image_url_thumbnail":"https:\/\/movin.cloud\/empresas\/2438\/imagenes\/thumbnails\/231404\/alquiler.webp","properties_post_title":"alquiler","properties_post_alt":"alquiler"},{"properties_post_image_order":7,"properties_post_image_url":"https:\/\/movin.cloud\/empresas\/2438\/imagenes\/231404\/en-alquiler.webp","properties_post_image_url_thumbnail":"https:\/\/movin.cloud\/empresas\/2438\/imagenes\/thumbnails\/231404\/en-alquiler.webp","properties_post_title":"en alquiler","properties_post_alt":"en alquiler"},{"properties_post_image_order":8,"properties_post_image_url":"https:\/\/movin.cloud\/empresas\/2438\/imagenes\/231404\/alquiler-para-idealista-sant-cugat-del-valles.webp","properties_post_image_url_thumbnail":"https:\/\/movin.cloud\/empresas\/2438\/imagenes\/thumbnails\/231404\/alquiler-para-idealista-sant-cugat-del-valles.webp","properties_post_title":"alquiler para idealista sant cugat del valles","properties_post_alt":"alquiler para idealista sant cugat del valles"},{"properties_post_image_order":10,"properties_post_image_url":"https:\/\/movin.cloud\/empresas\/2438\/imagenes\/231404\/inmobiliaria.webp","properties_post_image_url_thumbnail":"https:\/\/movin.cloud\/empresas\/2438\/imagenes\/thumbnails\/231404\/inmobiliaria.webp","properties_post_title":"inmobiliaria","properties_post_alt":"inmobiliaria"},{"properties_post_image_order":11,"properties_post_image_url":"https:\/\/movin.cloud\/empresas\/2438\/imagenes\/231404\/alquiler-para-idealistas.webp","properties_post_image_url_thumbnail":"https:\/\/movin.cloud\/empresas\/2438\/imagenes\/thumbnails\/231404\/alquiler-para-idealistas.webp","properties_post_title":"alquiler para idealistas","properties_post_alt":"alquiler para idealistas"},{"properties_post_image_order":12,"properties_post_image_url":"https:\/\/movin.cloud\/empresas\/2438\/imagenes\/231404\/alquiler-idealistas-sant-cugat-del-valles.webp","properties_post_image_url_thumbnail":"https:\/\/movin.cloud\/empresas\/2438\/imagenes\/thumbnails\/231404\/alquiler-idealistas-sant-cugat-del-valles.webp","properties_post_title":"alquiler idealistas sant cugat del valles","properties_post_alt":"alquiler idealistas sant cugat del valles"},{"properties_post_image_order":13,"properties_post_image_url":"https:\/\/movin.cloud\/empresas\/2438\/imagenes\/231404\/alquilar-sant-cugat-del-valles.webp","properties_post_image_url_thumbnail":"https:\/\/movin.cloud\/empresas\/2438\/imagenes\/thumbnails\/231404\/alquilar-sant-cugat-del-valles.webp","properties_post_title":"alquilar sant cugat del valles","properties_post_alt":"alquilar sant cugat del valles"},{"properties_post_image_order":14,"properties_post_image_url":"https:\/\/movin.cloud\/empresas\/2438\/imagenes\/231404\/inmobiliarias.webp","properties_post_image_url_thumbnail":"https:\/\/movin.cloud\/empresas\/2438\/imagenes\/thumbnails\/231404\/inmobiliarias.webp","properties_post_title":"inmobiliarias","properties_post_alt":"inmobiliarias"},{"properties_post_image_order":15,"properties_post_image_url":"https:\/\/movin.cloud\/empresas\/2438\/imagenes\/231404\/fincas.webp","properties_post_image_url_thumbnail":"https:\/\/movin.cloud\/empresas\/2438\/imagenes\/thumbnails\/231404\/fincas.webp","properties_post_title":"fincas","properties_post_alt":"fincas"},{"properties_post_image_order":16,"properties_post_image_url":"https:\/\/movin.cloud\/empresas\/2438\/imagenes\/231404\/en-alquiler-sant-cugat-del-valles.webp","properties_post_image_url_thumbnail":"https:\/\/movin.cloud\/empresas\/2438\/imagenes\/thumbnails\/231404\/en-alquiler-sant-cugat-del-valles.webp","properties_post_title":"en alquiler sant cugat del valles","properties_post_alt":"en alquiler sant cugat del valles"},{"properties_post_image_order":17,"properties_post_image_url":"https:\/\/movin.cloud\/empresas\/2438\/imagenes\/231404\/habitalia-sant-cugat-del-valles.webp","properties_post_image_url_thumbnail":"https:\/\/movin.cloud\/empresas\/2438\/imagenes\/thumbnails\/231404\/habitalia-sant-cugat-del-valles.webp","properties_post_title":"habitalia sant cugat del valles","properties_post_alt":"habitalia sant cugat del valles"},{"properties_post_image_order":18,"properties_post_image_url":"https:\/\/movin.cloud\/empresas\/2438\/imagenes\/231404\/alquiler-sant-cugat-del-valles.webp","properties_post_image_url_thumbnail":"https:\/\/movin.cloud\/empresas\/2438\/imagenes\/thumbnails\/231404\/alquiler-sant-cugat-del-valles.webp","properties_post_title":"alquiler sant cugat del valles","properties_post_alt":"alquiler sant cugat del valles"}],"post_type_properties_post_videos":null,"post_type_properties_post_tour":null,"post_type_properties_post_dossier_url":"","post_type_properties_post_operation_type":"rent","post_type_properties_post_operation_price":13750,"post_type_properties_post_features_hidden_price":false},"yoast_head":"<!-- This site is optimized with the Yoast SEO plugin v27.4 - https:\/\/yoast.com\/product\/yoast-seo-wordpress\/ -->\n<title>Oficina implantada en alquiler en Sant Cugat del Vall\u00e8s. Barcelona. - Forcadell<\/title>\n<meta name=\"robots\" content=\"index, follow, max-snippet:-1, max-image-preview:large, max-video-preview:-1\" \/>\n<link rel=\"canonical\" href=\"https:\/\/forcadell.com\/ca\/propiedades\/oficina-implantada-en-alquiler-en-sant-cugat-del-valles-barcelona\/\" \/>\n<meta property=\"og:locale\" content=\"ca_ES\" \/>\n<meta property=\"og:type\" content=\"article\" \/>\n<meta property=\"og:title\" content=\"Oficina implantada en alquiler en Sant Cugat del Vall\u00e8s. Barcelona. - Forcadell\" \/>\n<meta property=\"og:description\" content=\"Oficina ubicada en el parque empresarial de Can Sant Joan en Sant Cugat del Vall\u00e9s, con acceso directo a autopista y a FGC Can Sant Joan. Oficina de fachada acristalada lo que le aporta una gran luz natural, est\u00e1 compuesta por 2 Open Space + 4 salas + 4 phone booth. Con suelo t\u00e9cnico, falso [&hellip;]\" \/>\n<meta property=\"og:url\" content=\"https:\/\/forcadell.com\/ca\/propiedades\/oficina-implantada-en-alquiler-en-sant-cugat-del-valles-barcelona\/\" \/>\n<meta property=\"og:site_name\" content=\"Forcadell\" \/>\n<meta property=\"article:modified_time\" content=\"2026-04-29T15:04:44+00:00\" \/>\n<meta name=\"twitter:card\" content=\"summary_large_image\" \/>\n<meta name=\"twitter:label1\" content=\"Temps estimat de lectura\" \/>\n\t<meta name=\"twitter:data1\" content=\"1 minut\" \/>\n<!-- \/ Yoast SEO plugin. -->","yoast_head_json":{"title":"Oficina implantada en alquiler en Sant Cugat del Vall\u00e8s. Barcelona. - Forcadell","robots":{"index":"index","follow":"follow","max-snippet":"max-snippet:-1","max-image-preview":"max-image-preview:large","max-video-preview":"max-video-preview:-1"},"canonical":"https:\/\/forcadell.com\/ca\/propiedades\/oficina-implantada-en-alquiler-en-sant-cugat-del-valles-barcelona\/","og_locale":"ca_ES","og_type":"article","og_title":"Oficina implantada en alquiler en Sant Cugat del Vall\u00e8s. Barcelona. - Forcadell","og_description":"Oficina ubicada en el parque empresarial de Can Sant Joan en Sant Cugat del Vall\u00e9s, con acceso directo a autopista y a FGC Can Sant Joan. Oficina de fachada acristalada lo que le aporta una gran luz natural, est\u00e1 compuesta por 2 Open Space + 4 salas + 4 phone booth. Con suelo t\u00e9cnico, falso [&hellip;]","og_url":"https:\/\/forcadell.com\/ca\/propiedades\/oficina-implantada-en-alquiler-en-sant-cugat-del-valles-barcelona\/","og_site_name":"Forcadell","article_modified_time":"2026-04-29T15:04:44+00:00","twitter_card":"summary_large_image","twitter_misc":{"Temps estimat de lectura":"1 minut"},"schema":{"@context":"https:\/\/schema.org","@graph":[{"@type":"WebPage","@id":"https:\/\/forcadell.com\/ca\/propiedades\/oficina-implantada-en-alquiler-en-sant-cugat-del-valles-barcelona\/","url":"https:\/\/forcadell.com\/ca\/propiedades\/oficina-implantada-en-alquiler-en-sant-cugat-del-valles-barcelona\/","name":"Oficina implantada en alquiler en Sant Cugat del Vall\u00e8s. Barcelona. - Forcadell","isPartOf":{"@id":"https:\/\/forcadell.com\/ca\/#website"},"datePublished":"2025-11-04T14:02:18+00:00","dateModified":"2026-04-29T15:04:44+00:00","breadcrumb":{"@id":"https:\/\/forcadell.com\/ca\/propiedades\/oficina-implantada-en-alquiler-en-sant-cugat-del-valles-barcelona\/#breadcrumb"},"inLanguage":"ca","potentialAction":[{"@type":"ReadAction","target":["https:\/\/forcadell.com\/ca\/propiedades\/oficina-implantada-en-alquiler-en-sant-cugat-del-valles-barcelona\/"]}]},{"@type":"BreadcrumbList","@id":"https:\/\/forcadell.com\/ca\/propiedades\/oficina-implantada-en-alquiler-en-sant-cugat-del-valles-barcelona\/#breadcrumb","itemListElement":[{"@type":"ListItem","position":1,"name":"Portada","item":"https:\/\/forcadell.com\/ca\/"},{"@type":"ListItem","position":2,"name":"Properties","item":"https:\/\/forcadell.com\/ca\/propiedades\/"},{"@type":"ListItem","position":3,"name":"Oficina implantada en alquiler en Sant Cugat del Vall\u00e8s. Barcelona."}]},{"@type":"WebSite","@id":"https:\/\/forcadell.com\/ca\/#website","url":"https:\/\/forcadell.com\/ca\/","name":"Forcadell","description":"Inmobiliaria Barcelona | Consultores inmobiliarios","potentialAction":[{"@type":"SearchAction","target":{"@type":"EntryPoint","urlTemplate":"https:\/\/forcadell.com\/ca\/?s={search_term_string}"},"query-input":{"@type":"PropertyValueSpecification","valueRequired":true,"valueName":"search_term_string"}}],"inLanguage":"ca"}]}},"_links":{"self":[{"href":"https:\/\/forcadell.com\/ca\/wp-json\/wp\/v2\/properties_post\/57674","targetHints":{"allow":["GET"]}}],"collection":[{"href":"https:\/\/forcadell.com\/ca\/wp-json\/wp\/v2\/properties_post"}],"about":[{"href":"https:\/\/forcadell.com\/ca\/wp-json\/wp\/v2\/types\/properties_post"}],"wp:attachment":[{"href":"https:\/\/forcadell.com\/ca\/wp-json\/wp\/v2\/media?parent=57674"}],"curies":[{"name":"wp","href":"https:\/\/api.w.org\/{rel}","templated":true}]}}