{"id":57667,"date":"2025-11-04T16:02:04","date_gmt":"2025-11-04T14:02:04","guid":{"rendered":"https:\/\/www.forcadell.com\/propiedades\/oficina-en-alquiler-en-edificio-exclusivo-de-oficinas-sant-cugat-del-valles-5\/"},"modified":"2026-04-25T11:11:19","modified_gmt":"2026-04-25T09:11:19","slug":"oficina-en-alquiler-en-edificio-exclusivo-de-oficinas-sant-cugat-del-valles-5","status":"publish","type":"properties_post","link":"https:\/\/forcadell.com\/ca\/propiedades\/oficina-en-alquiler-en-edificio-exclusivo-de-oficinas-sant-cugat-del-valles-5\/","title":{"rendered":"Oficina en alquiler en edificio exclusivo de oficinas. Sant Cugat del Vall\u00e9s."},"content":{"rendered":"<p>El edificio Sant Cugat I se despliega a lo largo de la planta baja m\u00e1s cuatro alturas, proporcionando un generoso espacio de 15.376 m\u00b2 destinado exclusivamente a oficinas. Adem\u00e1s cuenta con una planta de s\u00f3tano equipada con 224 plazas de parking. Este complejo se encuentra estrat\u00e9gicamente ubicado, situ\u00e1ndose a tan s\u00f3lo 25 km de Barcelona y cerca del \u00e1rea del Vall\u00e8s, que incluye ciudades destacadas como Sabadell, Sant Cugat y Terrassa.<\/p>\n<p>Edificio exclusivo de oficinas que abarca planta baja m\u00e1s cuatro niveles, ofreciendo un entorno profesional de calidad superior. Dispone de servicios esenciales como conserjer\u00eda y vigilancia disponibles los 365 d\u00edas del a\u00f1o, asegurando un entorno seguro y eficiente. Adem\u00e1s, el servicio de mantenimiento permanente garantiza el correcto funcionamiento de las instalaciones.<\/p>\n<p>La conectividad es una prioridad, por lo que se proporciona acceso a WiFi en todo el jard\u00edn del edificio. En cuanto a las comodidades, existen dos restaurantes dentro del propio edificio, ofreciendo opciones convenientes para los ocupantes.<\/p>\n<p>Para facilitar la movilidad, se ofrece aparcamiento tanto interior como exterior con plazas equipadas con recarga el\u00e9ctrica para veh\u00edculos sostenibles. Las instalaciones tambi\u00e9n incluyen un servicio de taquillas inteligentes para la gesti\u00f3n eficiente de la paqueter\u00eda.<\/p>\n<p>Comprometidos con la sostenibilidad, el edificio cuenta con un Certificado de Eficiencia Energ\u00e9tica de categor\u00eda C y una destacada certificaci\u00f3n energ\u00e9tica BREEAM Very Good, reflejando el compromiso con pr\u00e1cticas respetuosas con el medio ambiente y eficiencia energ\u00e9tica.<\/p>\n","protected":false},"template":"","class_list":["post-57667","properties_post","type-properties_post","status-publish","hentry","properties_modality-rent","properties_province-barcelona","properties_zone-periferia","properties_state-sant-cugat-del-valles","properties_subclass-oficina","properties_type-oficina"],"acf":{"post_type_properties_post_property_code":"231392","post_type_properties_post_property_reference":"IE-222204","post_type_properties_post_owner_id":"48474","post_type_properties_post_owner_name":"MERLIN PROPERTIES SOCIMI SA","post_type_properties_post_property_code_encrypted":"MjkkMTU5NTk=","post_type_properties_post_published":"1","post_type_properties_post_property_visibility":"idealista","post_type_properties_post_contact_name":"Forcadell Oficinas Barcelona","post_type_properties_post_contact_email":"forcadell.oficinas.barcelona@movin.cloud","post_type_properties_post_contact_primary_phone_prefix":"34","post_type_properties_post_contact_primary_phone_number":"934965413","post_type_properties_post_address_visibility":"street","post_type_properties_post_address_country":"Spain","post_type_properties_post_address_coordinates_precision":"exact","post_type_properties_post_address_postal_code":"08172","post_type_properties_post_address_coordinates_latitude":"41.492187","post_type_properties_post_address_coordinates_longitude":"2.077259","post_type_properties_post_address_street_name":"AV Alcalde Barnils 64","post_type_properties_post_address_floor":"1","post_type_properties_post_address_town":"Sant Cugat del Vall\u00e8s","post_type_properties_post_building":null,"post_type_properties_post_property":[{"properties_post_description_language":"catalan","properties_post_title":"Oficina en lloguer en edifici exclusiu d'oficines. Sant Cugat del Vall\u00e9s.","properties_post_short_description_text_alt":"","properties_post_description_text_alt":"","properties_post_short_description_text":"Superf\u00edcie disponible a Sant Cugat en edifici exclusiu d'oficines. \n \nL'edifici Sant Cugat I es distribueix en planta baixa m\u00e9s de quatre altures d'\u00fas exclusiu d'oficines. El complex est\u00e0 estrat\u00e8gicament ubicat pel que fa a Barcelona (25km) i a l'\u00e0rea el Vall\u00e8s, amb ciutats com Sabadell, Sant Cugat i Terrassa. \n \nPlantes di\u00e0fanes i flexibles, consergeria i seguretat tot l'any, acc\u00e9s a WiFi en tot el jard\u00ed. Cada planta ofereix una gran flexibilidad per a la seva modulaci\u00f3. P\u00e0rquing en soterrani. \n \nOficina amb fals sostre met\u00e0l\u00b7lic amb llumin\u00e0ries encastades, s\u00f2l t\u00e8cnic, paviment moqueta, excel\u00b7lent llum natural, servei de manteniment permanent.","properties_post_link_demanda_inmueble":"https:\/\/movin.cloud\/ca\/Forcadell Oficinas Barcelona\/formulari-peticio-immoble\/sth\/2438&&231392","properties_post_link_demanda_calendario_inmueble":"https:\/\/movin.cloud\/ca\/Forcadell Oficinas Barcelona\/calendari-peticio-immoble\/sth\/2438&&231392","properties_post_description_text":"L' edifici Sant Cugat I es desplega al llarg de la planta baixa m\u00e9s quatre al\u00e7ades, proporcionant un gener\u00f3s espai de 15.376 m\u00b2 destinat exclusivament a oficines. A m\u00e9s, compta amb una planta de soterrani equipada amb 224 places de p\u00e0rquing. Aquest complex es troba estrat\u00e8gicament ubicat, situant-se a tan sols 25 km de Barcelona i prop de l'\u00e0rea del Vall\u00e8s, que inclou ciutats destacades com Sabadell, Sant Cugat i Terrassa.\n\nEdifici exclusiu d\u00b4oficines que abasta planta baixa m\u00e9s quatre nivells, oferint un entorn professional de qualitat superior. Disposa de serveis essencials, com ara consergeria i vigil\u00e0ncia disponibles els 365 dies de l'any, assegurant un entorn segur i eficient. A m\u00e9s, el servei de manteniment permanent garanteix el funcionament correcte de les instal\u00b7lacions.\n\nLa connectivitat \u00e9s una prioritat, per la qual cosa es proporciona acc\u00e9s a WiFi a tot el jard\u00ed de l'edifici. Pel que fa a les comoditats, hi ha dos restaurants dins del propi edifici, oferint opcions convenients per als ocupants.\n\nPer facilitar la mobilitat, s'ofereix aparcament tant interior com exterior, amb places equipades amb rec\u00e0rrega el\u00e8ctrica per a vehicles sostenibles. Les instal\u00b7lacions tamb\u00e9 inclouen un servei de taquilles intel\u00b7ligents per a la gesti\u00f3 eficient de la paqueteria.\n\nCompromesos amb la sostenibilitat, l'edifici compta amb un Certificat d\u00b4Efici\u00e8ncia Energ\u00e8tica de categoria C i una destacada certificaci\u00f3 energ\u00e8tica BREEAM Very Good, reflectint el comprom\u00eds amb pr\u00e0ctiques respectuoses amb el medi ambient i efici\u00e8ncia energ\u00e8tica.","properties_post_seo_title":"","properties_post_seo_alias":"","properties_post_seo_metadescription":"Oficina en lloguer en edifici exclusiu d'oficines. Sant Cugat del Vall\u00e9s. Forcadell \u00e9s la seva ag\u00e8ncia de confian\u00e7a per al lloguer d'aquesta oficina.","properties_post_seo_key_words":"Oficina lloguer Sant Cugat, lloguer oficina Sant Cugat, oficina Sant Cugat","properties_post_seo_url":"","properties_post_terms_conditions":""},{"properties_post_description_language":"spanish","properties_post_title":"Oficina en alquiler en edificio exclusivo de oficinas. Sant Cugat del Vall\u00e9s.","properties_post_short_description_text_alt":"","properties_post_description_text_alt":"","properties_post_short_description_text":"Superficie disponible en San Cugat en edificio exclusivo de oficinas. \n \nEl edificio Sant Cugat I se distribuye en planta baja m\u00e1s de cuatro alturas de uso exclusivo de oficinas. El complejo est\u00e1 estrat\u00e9gicamente ubicado en Barcelona (25km) y en el \u00e1rea el Vall\u00e9s, con ciudades como Sabadell, Sant Cugat y Terrassa. \n \nPlantas di\u00e1fanas y flexibles, conserjer\u00eda y seguridad todo el a\u00f1o, acceso a WiFi en todo el jard\u00edn. Cada planta ofrece una gran flexibilidad para su modulaci\u00f3n. Parking en s\u00f3tano. \n \nOficina con falso techo met\u00e1lico con luminarias empotradas, suelo t\u00e9cnico, pavimento de moqueta, excelente luz natural, servicio de mantenimiento permanente.","properties_post_link_demanda_inmueble":"https:\/\/movin.cloud\/es\/Forcadell Oficinas Barcelona\/formulario-peticion-inmueble\/sth\/2438&&231392","properties_post_link_demanda_calendario_inmueble":"https:\/\/movin.cloud\/es\/Forcadell Oficinas Barcelona\/calendario-peticion-inmueble\/sth\/2438&&231392","properties_post_description_text":"El edificio Sant Cugat I se despliega a lo largo de la planta baja m\u00e1s cuatro alturas, proporcionando un generoso espacio de 15.376 m\u00b2 destinado exclusivamente a oficinas. Adem\u00e1s cuenta con una planta de s\u00f3tano equipada con 224 plazas de parking. Este complejo se encuentra estrat\u00e9gicamente ubicado, situ\u00e1ndose a tan s\u00f3lo 25 km de Barcelona y cerca del \u00e1rea del Vall\u00e8s, que incluye ciudades destacadas como Sabadell, Sant Cugat y Terrassa.\n\nEdificio exclusivo de oficinas que abarca planta baja m\u00e1s cuatro niveles, ofreciendo un entorno profesional de calidad superior. Dispone de servicios esenciales como conserjer\u00eda y vigilancia disponibles los 365 d\u00edas del a\u00f1o, asegurando un entorno seguro y eficiente. Adem\u00e1s, el servicio de mantenimiento permanente garantiza el correcto funcionamiento de las instalaciones.\n\nLa conectividad es una prioridad, por lo que se proporciona acceso a WiFi en todo el jard\u00edn del edificio. En cuanto a las comodidades, existen dos restaurantes dentro del propio edificio, ofreciendo opciones convenientes para los ocupantes.\n\nPara facilitar la movilidad, se ofrece aparcamiento tanto interior como exterior con plazas equipadas con recarga el\u00e9ctrica para veh\u00edculos sostenibles. Las instalaciones tambi\u00e9n incluyen un servicio de taquillas inteligentes para la gesti\u00f3n eficiente de la paqueter\u00eda.\n\nComprometidos con la sostenibilidad, el edificio cuenta con un Certificado de Eficiencia Energ\u00e9tica de categor\u00eda C y una destacada certificaci\u00f3n energ\u00e9tica BREEAM Very Good, reflejando el compromiso con pr\u00e1cticas respetuosas con el medio ambiente y eficiencia energ\u00e9tica.","properties_post_seo_title":"","properties_post_seo_alias":"","properties_post_seo_metadescription":"Oficina en alquiler en edificio exclusivo de oficinas. Sant Cugat del Vall\u00e9s. Forcadell es su agencia de confianza para el alquiler de esta oficina.","properties_post_seo_key_words":"Oficina alquiler Sant Cugat, alquiler oficina Sant Cugat, oficina Sant Cugat","properties_post_seo_url":"","properties_post_terms_conditions":""}],"post_type_properties_post_features_type":"office","post_type_properties_post_id_building":"MjkkMjc1NzE=","post_type_properties_post_features_area_constructed":909,"post_type_properties_post_features_conditioned_air":true,"post_type_properties_post_features_doorman":false,"post_type_properties_post_features_heating":true,"post_type_properties_post_features_equipped_kitchen":false,"post_type_properties_post_features_windows_location":"exterior","post_type_properties_post_features_floors_property":false,"post_type_properties_post_features_storage":false,"post_type_properties_post_features_security_door":false,"post_type_properties_post_features_energy_certificate_rating":"D","post_type_properties_post_features_energy_certificate_emissions_rating":"C","post_type_properties_post_features_energy_certificate_emissions_value":"","post_type_properties_post_features_energy_certificate_performance":"","post_type_properties_post_features_bathroom_inside":true,"post_type_properties_post_precio":11367.5,"post_type_properties_post_precio_alquiler":11367.5,"post_type_properties_post_record_type_id":"Oficina","post_type_properties_post_categoria__producto":"Oficina","post_type_properties_post_amueblado":false,"post_type_properties_post_precio_m2":12.5,"post_type_properties_post_zona__comunitaria":false,"post_type_properties_post_electrodomesticos":false,"post_type_properties_post_patio__interior":false,"post_type_properties_post_certificado_energetico_general":"D","post_type_properties_post_certificado_energetico_consumo":"C","post_type_properties_post_certificado_energetico_valor_emisiones":"","post_type_properties_post_certificado_energetico_valor_consumo":"","post_type_properties_post_modalidad":"rent","post_type_properties_post_provincia":"Barcelona","post_type_properties_post_poblacion":"Sant Cugat del Vall\u00e8s","post_type_properties_post_centro__urbano":false,"post_type_properties_post_zonificacion":"Periferia","post_type_properties_post_cartera":"","post_type_properties_post_titulo_catalan":"Oficina en lloguer en edifici exclusiu d'oficines. Sant Cugat del Vall\u00e9s.","post_type_properties_post_internet_catalan":"L' edifici Sant Cugat I es desplega al llarg de la planta baixa m\u00e9s quatre al\u00e7ades, proporcionant un gener\u00f3s espai de 15.376 m\u00b2 destinat exclusivament a oficines. A m\u00e9s, compta amb una planta de soterrani equipada amb 224 places de p\u00e0rquing. Aquest complex es troba estrat\u00e8gicament ubicat, situant-se a tan sols 25 km de Barcelona i prop de l'\u00e0rea del Vall\u00e8s, que inclou ciutats destacades com Sabadell, Sant Cugat i Terrassa.\n\nEdifici exclusiu d\u00b4oficines que abasta planta baixa m\u00e9s quatre nivells, oferint un entorn professional de qualitat superior. Disposa de serveis essencials, com ara consergeria i vigil\u00e0ncia disponibles els 365 dies de l'any, assegurant un entorn segur i eficient. A m\u00e9s, el servei de manteniment permanent garanteix el funcionament correcte de les instal\u00b7lacions.\n\nLa connectivitat \u00e9s una prioritat, per la qual cosa es proporciona acc\u00e9s a WiFi a tot el jard\u00ed de l'edifici. Pel que fa a les comoditats, hi ha dos restaurants dins del propi edifici, oferint opcions convenients per als ocupants.\n\nPer facilitar la mobilitat, s'ofereix aparcament tant interior com exterior, amb places equipades amb rec\u00e0rrega el\u00e8ctrica per a vehicles sostenibles. Les instal\u00b7lacions tamb\u00e9 inclouen un servei de taquilles intel\u00b7ligents per a la gesti\u00f3 eficient de la paqueteria.\n\nCompromesos amb la sostenibilitat, l'edifici compta amb un Certificat d\u00b4Efici\u00e8ncia Energ\u00e8tica de categoria C i una destacada certificaci\u00f3 energ\u00e8tica BREEAM Very Good, reflectint el comprom\u00eds amb pr\u00e0ctiques respectuoses amb el medi ambient i efici\u00e8ncia energ\u00e8tica.","post_type_properties_post_titulo_castellano":"Oficina en alquiler en edificio exclusivo de oficinas. Sant Cugat del Vall\u00e9s.","post_type_properties_post_internet_castellano":"El edificio Sant Cugat I se despliega a lo largo de la planta baja m\u00e1s cuatro alturas, proporcionando un generoso espacio de 15.376 m\u00b2 destinado exclusivamente a oficinas. Adem\u00e1s cuenta con una planta de s\u00f3tano equipada con 224 plazas de parking. Este complejo se encuentra estrat\u00e9gicamente ubicado, situ\u00e1ndose a tan s\u00f3lo 25 km de Barcelona y cerca del \u00e1rea del Vall\u00e8s, que incluye ciudades destacadas como Sabadell, Sant Cugat y Terrassa.\n\nEdificio exclusivo de oficinas que abarca planta baja m\u00e1s cuatro niveles, ofreciendo un entorno profesional de calidad superior. Dispone de servicios esenciales como conserjer\u00eda y vigilancia disponibles los 365 d\u00edas del a\u00f1o, asegurando un entorno seguro y eficiente. Adem\u00e1s, el servicio de mantenimiento permanente garantiza el correcto funcionamiento de las instalaciones.\n\nLa conectividad es una prioridad, por lo que se proporciona acceso a WiFi en todo el jard\u00edn del edificio. En cuanto a las comodidades, existen dos restaurantes dentro del propio edificio, ofreciendo opciones convenientes para los ocupantes.\n\nPara facilitar la movilidad, se ofrece aparcamiento tanto interior como exterior con plazas equipadas con recarga el\u00e9ctrica para veh\u00edculos sostenibles. Las instalaciones tambi\u00e9n incluyen un servicio de taquillas inteligentes para la gesti\u00f3n eficiente de la paqueter\u00eda.\n\nComprometidos con la sostenibilidad, el edificio cuenta con un Certificado de Eficiencia Energ\u00e9tica de categor\u00eda C y una destacada certificaci\u00f3n energ\u00e9tica BREEAM Very Good, reflejando el compromiso con pr\u00e1cticas respetuosas con el medio ambiente y eficiencia energ\u00e9tica.","post_type_properties_post_titulo_ingles":"","post_type_properties_post_internet_ingles":"","post_type_properties_post_features_classification_commercial":false,"post_type_properties_post_features_conservation":"","post_type_properties_post_features_security_personnel":false,"post_type_properties_post_features_parking_available":false,"post_type_properties_post_features_garage_capacity_type":"","post_type_properties_post_features_bathroom_number":"","post_type_properties_post_eje":"","post_type_properties_post_zona":"","post_type_properties_post_comarca":"","post_type_properties_post_features_built_year":"","post_type_properties_post_renta_mensual":11367.5,"post_type_properties_post_fianza":"","post_type_properties_post_features_area_plot":"","post_type_properties_post_features_area_buildable":"","post_type_properties_post_features_classification_industrial":false,"post_type_properties_post_distrito":"","post_type_properties_post_features_balcony":false,"post_type_properties_post_features_bedroom_number":"","post_type_properties_post_features_heating_type":"","post_type_properties_post_features_equipped_with_furniture":false,"post_type_properties_post_features_pets_allowed":false,"post_type_properties_post_features_pool":false,"post_type_properties_post_features_terrace":false,"post_type_properties_post_features_wardrobes":false,"post_type_properties_post_features_lift_available":false,"post_type_properties_post_features_handicap_adapted_access":false,"post_type_properties_post_features_orientation_east":false,"post_type_properties_post_features_orientation_west":false,"post_type_properties_post_features_orientation_north":false,"post_type_properties_post_features_orientation_south":false,"post_type_properties_post_features_parking_spaces_number":"","post_type_properties_post_features_security_alarm":false,"post_type_properties_post_features_security_system":false,"post_type_properties_post_open_plan":false,"post_type_properties_post_acceso_24_7":false,"post_type_properties_post_oficina_privada":false,"post_type_properties_post_sala_reuniones":false,"post_type_properties_post_espacio_eventos":false,"post_type_properties_post_office":false,"post_type_properties_post_restaurant":false,"post_type_properties_post_acepta_traspaso":false,"post_type_properties_post_vigilancia":false,"post_type_properties_post_features_suite":false,"post_type_properties_post_features_vitro":false,"post_type_properties_post_features_oven":false,"post_type_properties_post_features_microwave":false,"post_type_properties_post_features_washing_machine":false,"post_type_properties_post_features_dryer":false,"post_type_properties_post_features_dishwasher":false,"post_type_properties_post_features_fridge":false,"post_type_properties_post_features_fridge_mini":false,"post_type_properties_post_features_kettle":false,"post_type_properties_post_features_toaster":false,"post_type_properties_post_features_coffee_maker":false,"post_type_properties_post_features_iron":false,"post_type_properties_post_features_ironing_board":false,"post_type_properties_post_features_safe":false,"post_type_properties_post_features_internet":false,"post_type_properties_post_features_solarium":false,"post_type_properties_post_features_clean_service":false,"post_type_properties_post_features_t_v":false,"post_type_properties_post_features_satellite_t_v":false,"post_type_properties_post_features_gas_kitchen":false,"post_type_properties_post_features_view_mountain":false,"post_type_properties_post_features_view_sea":false,"post_type_properties_post_features_concierge":false,"post_type_properties_post_features_loading_dock":false,"post_type_properties_post_features_bridge_crane":false,"post_type_properties_post_features_located_at_corner":false,"post_type_properties_post_features_smoke_extraction":false,"post_type_properties_post_features_rooms":"","post_type_properties_post_features_garden_area":"","post_type_properties_post_features_utilities_water":false,"post_type_properties_post_features_utilities_electricity":false,"post_type_properties_post_features_utilities_natural_gas":false,"post_type_properties_post_features_building_adapted":false,"post_type_properties_post_features_garden":false,"post_type_properties_post_features_classification_hotel":false,"post_type_properties_post_features_classification_chalet":false,"post_type_properties_post_certificado_energetico_emisiones":"D","post_type_properties_post_barrio":"","post_type_properties_post_distrito_empresa":"","post_type_properties_post_features_property_category_intern":"","post_type_properties_post_implantada":false,"post_type_properties_post_sello_leed":"","post_type_properties_post_sello_well":"","post_type_properties_post_sello_breeam":true,"post_type_properties_post_images":[{"properties_post_image_order":1,"properties_post_image_url":"https:\/\/movin.cloud\/empresas\/2438\/imagenes\/231392\/habitalia.webp","properties_post_image_url_thumbnail":"https:\/\/movin.cloud\/empresas\/2438\/imagenes\/thumbnails\/231392\/habitalia.webp","properties_post_title":"habitalia","properties_post_alt":"habitalia"},{"properties_post_image_order":1,"properties_post_image_url":"https:\/\/movin.cloud\/empresas\/2438\/imagenes\/231392\/alquilar-sant-cugat-del-valles.webp","properties_post_image_url_thumbnail":"https:\/\/movin.cloud\/empresas\/2438\/imagenes\/thumbnails\/231392\/alquilar-sant-cugat-del-valles.webp","properties_post_title":"alquilar sant cugat del valles","properties_post_alt":"alquilar sant cugat del valles"},{"properties_post_image_order":2,"properties_post_image_url":"https:\/\/movin.cloud\/empresas\/2438\/imagenes\/231392\/alquiler-idealistas-sant-cugat-del-valles.webp","properties_post_image_url_thumbnail":"https:\/\/movin.cloud\/empresas\/2438\/imagenes\/thumbnails\/231392\/alquiler-idealistas-sant-cugat-del-valles.webp","properties_post_title":"alquiler idealistas sant cugat del valles","properties_post_alt":"alquiler idealistas sant cugat del valles"},{"properties_post_image_order":3,"properties_post_image_url":"https:\/\/movin.cloud\/empresas\/2438\/imagenes\/231392\/alquilar.webp","properties_post_image_url_thumbnail":"https:\/\/movin.cloud\/empresas\/2438\/imagenes\/thumbnails\/231392\/alquilar.webp","properties_post_title":"alquilar","properties_post_alt":"alquilar"},{"properties_post_image_order":4,"properties_post_image_url":"https:\/\/movin.cloud\/empresas\/2438\/imagenes\/231392\/inmobiliarias.webp","properties_post_image_url_thumbnail":"https:\/\/movin.cloud\/empresas\/2438\/imagenes\/thumbnails\/231392\/inmobiliarias.webp","properties_post_title":"inmobiliarias","properties_post_alt":"inmobiliarias"},{"properties_post_image_order":5,"properties_post_image_url":"https:\/\/movin.cloud\/empresas\/2438\/imagenes\/231392\/inmobiliaria.webp","properties_post_image_url_thumbnail":"https:\/\/movin.cloud\/empresas\/2438\/imagenes\/thumbnails\/231392\/inmobiliaria.webp","properties_post_title":"inmobiliaria","properties_post_alt":"inmobiliaria"},{"properties_post_image_order":6,"properties_post_image_url":"https:\/\/movin.cloud\/empresas\/2438\/imagenes\/231392\/alquiler-sant-cugat-del-valles.webp","properties_post_image_url_thumbnail":"https:\/\/movin.cloud\/empresas\/2438\/imagenes\/thumbnails\/231392\/alquiler-sant-cugat-del-valles.webp","properties_post_title":"alquiler sant cugat del valles","properties_post_alt":"alquiler sant cugat del valles"},{"properties_post_image_order":7,"properties_post_image_url":"https:\/\/movin.cloud\/empresas\/2438\/imagenes\/231392\/rent.webp","properties_post_image_url_thumbnail":"https:\/\/movin.cloud\/empresas\/2438\/imagenes\/thumbnails\/231392\/rent.webp","properties_post_title":"rent","properties_post_alt":"rent"},{"properties_post_image_order":8,"properties_post_image_url":"https:\/\/movin.cloud\/empresas\/2438\/imagenes\/231392\/alquiler-para-idealistas.webp","properties_post_image_url_thumbnail":"https:\/\/movin.cloud\/empresas\/2438\/imagenes\/thumbnails\/231392\/alquiler-para-idealistas.webp","properties_post_title":"alquiler para idealistas","properties_post_alt":"alquiler para idealistas"},{"properties_post_image_order":9,"properties_post_image_url":"https:\/\/movin.cloud\/empresas\/2438\/imagenes\/231392\/alquiler-idealistas.webp","properties_post_image_url_thumbnail":"https:\/\/movin.cloud\/empresas\/2438\/imagenes\/thumbnails\/231392\/alquiler-idealistas.webp","properties_post_title":"alquiler idealistas","properties_post_alt":"alquiler idealistas"},{"properties_post_image_order":10,"properties_post_image_url":"https:\/\/movin.cloud\/empresas\/2438\/imagenes\/231392\/viviendas.webp","properties_post_image_url_thumbnail":"https:\/\/movin.cloud\/empresas\/2438\/imagenes\/thumbnails\/231392\/viviendas.webp","properties_post_title":"viviendas","properties_post_alt":"viviendas"},{"properties_post_image_order":11,"properties_post_image_url":"https:\/\/movin.cloud\/empresas\/2438\/imagenes\/231392\/alquiler-para-idealista.webp","properties_post_image_url_thumbnail":"https:\/\/movin.cloud\/empresas\/2438\/imagenes\/thumbnails\/231392\/alquiler-para-idealista.webp","properties_post_title":"alquiler para idealista","properties_post_alt":"alquiler para idealista"},{"properties_post_image_order":12,"properties_post_image_url":"https:\/\/movin.cloud\/empresas\/2438\/imagenes\/231392\/alquiler.webp","properties_post_image_url_thumbnail":"https:\/\/movin.cloud\/empresas\/2438\/imagenes\/thumbnails\/231392\/alquiler.webp","properties_post_title":"alquiler","properties_post_alt":"alquiler"},{"properties_post_image_order":13,"properties_post_image_url":"https:\/\/movin.cloud\/empresas\/2438\/imagenes\/231392\/en-alquiler-sant-cugat-del-valles.webp","properties_post_image_url_thumbnail":"https:\/\/movin.cloud\/empresas\/2438\/imagenes\/thumbnails\/231392\/en-alquiler-sant-cugat-del-valles.webp","properties_post_title":"en alquiler sant cugat del valles","properties_post_alt":"en alquiler sant cugat del valles"},{"properties_post_image_order":14,"properties_post_image_url":"https:\/\/movin.cloud\/empresas\/2438\/imagenes\/231392\/en-alquiler.webp","properties_post_image_url_thumbnail":"https:\/\/movin.cloud\/empresas\/2438\/imagenes\/thumbnails\/231392\/en-alquiler.webp","properties_post_title":"en alquiler","properties_post_alt":"en alquiler"},{"properties_post_image_order":15,"properties_post_image_url":"https:\/\/movin.cloud\/empresas\/2438\/imagenes\/231392\/habitalia-sant-cugat-del-valles.webp","properties_post_image_url_thumbnail":"https:\/\/movin.cloud\/empresas\/2438\/imagenes\/thumbnails\/231392\/habitalia-sant-cugat-del-valles.webp","properties_post_title":"habitalia sant cugat del valles","properties_post_alt":"habitalia sant cugat del valles"},{"properties_post_image_order":16,"properties_post_image_url":"https:\/\/movin.cloud\/empresas\/2438\/imagenes\/231392\/fincas.webp","properties_post_image_url_thumbnail":"https:\/\/movin.cloud\/empresas\/2438\/imagenes\/thumbnails\/231392\/fincas.webp","properties_post_title":"fincas","properties_post_alt":"fincas"},{"properties_post_image_order":17,"properties_post_image_url":"https:\/\/movin.cloud\/empresas\/2438\/imagenes\/231392\/alquiler-para-idealista-sant-cugat-del-valles.webp","properties_post_image_url_thumbnail":"https:\/\/movin.cloud\/empresas\/2438\/imagenes\/thumbnails\/231392\/alquiler-para-idealista-sant-cugat-del-valles.webp","properties_post_title":"alquiler para idealista sant cugat del valles","properties_post_alt":"alquiler para idealista sant cugat del valles"},{"properties_post_image_order":18,"properties_post_image_url":"https:\/\/movin.cloud\/empresas\/2438\/imagenes\/231392\/viviendas-sant-cugat-del-valles.webp","properties_post_image_url_thumbnail":"https:\/\/movin.cloud\/empresas\/2438\/imagenes\/thumbnails\/231392\/viviendas-sant-cugat-del-valles.webp","properties_post_title":"viviendas sant cugat del valles","properties_post_alt":"viviendas sant cugat del valles"}],"post_type_properties_post_videos":null,"post_type_properties_post_tour":null,"post_type_properties_post_dossier_url":"","post_type_properties_post_operation_type":"rent","post_type_properties_post_operation_price":11367,"post_type_properties_post_features_hidden_price":false},"yoast_head":"<!-- This site is optimized with the Yoast SEO plugin v25.6 - https:\/\/yoast.com\/wordpress\/plugins\/seo\/ -->\n<title>Oficina en alquiler en edificio exclusivo de oficinas. Sant Cugat del Vall\u00e9s. - Forcadell<\/title>\n<meta name=\"robots\" content=\"index, follow, max-snippet:-1, max-image-preview:large, max-video-preview:-1\" \/>\n<link rel=\"canonical\" href=\"https:\/\/forcadell.com\/ca\/propiedades\/oficina-en-alquiler-en-edificio-exclusivo-de-oficinas-sant-cugat-del-valles-5\/\" \/>\n<meta property=\"og:locale\" content=\"ca_ES\" \/>\n<meta property=\"og:type\" content=\"article\" \/>\n<meta property=\"og:title\" content=\"Oficina en alquiler en edificio exclusivo de oficinas. Sant Cugat del Vall\u00e9s. - Forcadell\" \/>\n<meta property=\"og:description\" content=\"El edificio Sant Cugat I se despliega a lo largo de la planta baja m\u00e1s cuatro alturas, proporcionando un generoso espacio de 15.376 m\u00b2 destinado exclusivamente a oficinas. Adem\u00e1s cuenta con una planta de s\u00f3tano equipada con 224 plazas de parking. Este complejo se encuentra estrat\u00e9gicamente ubicado, situ\u00e1ndose a tan s\u00f3lo 25 km de Barcelona [&hellip;]\" \/>\n<meta property=\"og:url\" content=\"https:\/\/forcadell.com\/ca\/propiedades\/oficina-en-alquiler-en-edificio-exclusivo-de-oficinas-sant-cugat-del-valles-5\/\" \/>\n<meta property=\"og:site_name\" content=\"Forcadell\" \/>\n<meta property=\"article:modified_time\" content=\"2026-04-25T09:11:19+00:00\" \/>\n<meta name=\"twitter:card\" content=\"summary_large_image\" \/>\n<meta name=\"twitter:label1\" content=\"Temps estimat de lectura\" \/>\n\t<meta name=\"twitter:data1\" content=\"1 minut\" \/>\n<!-- \/ Yoast SEO plugin. -->","yoast_head_json":{"title":"Oficina en alquiler en edificio exclusivo de oficinas. Sant Cugat del Vall\u00e9s. - Forcadell","robots":{"index":"index","follow":"follow","max-snippet":"max-snippet:-1","max-image-preview":"max-image-preview:large","max-video-preview":"max-video-preview:-1"},"canonical":"https:\/\/forcadell.com\/ca\/propiedades\/oficina-en-alquiler-en-edificio-exclusivo-de-oficinas-sant-cugat-del-valles-5\/","og_locale":"ca_ES","og_type":"article","og_title":"Oficina en alquiler en edificio exclusivo de oficinas. Sant Cugat del Vall\u00e9s. - Forcadell","og_description":"El edificio Sant Cugat I se despliega a lo largo de la planta baja m\u00e1s cuatro alturas, proporcionando un generoso espacio de 15.376 m\u00b2 destinado exclusivamente a oficinas. Adem\u00e1s cuenta con una planta de s\u00f3tano equipada con 224 plazas de parking. Este complejo se encuentra estrat\u00e9gicamente ubicado, situ\u00e1ndose a tan s\u00f3lo 25 km de Barcelona [&hellip;]","og_url":"https:\/\/forcadell.com\/ca\/propiedades\/oficina-en-alquiler-en-edificio-exclusivo-de-oficinas-sant-cugat-del-valles-5\/","og_site_name":"Forcadell","article_modified_time":"2026-04-25T09:11:19+00:00","twitter_card":"summary_large_image","twitter_misc":{"Temps estimat de lectura":"1 minut"},"schema":{"@context":"https:\/\/schema.org","@graph":[{"@type":"WebPage","@id":"https:\/\/forcadell.com\/ca\/propiedades\/oficina-en-alquiler-en-edificio-exclusivo-de-oficinas-sant-cugat-del-valles-5\/","url":"https:\/\/forcadell.com\/ca\/propiedades\/oficina-en-alquiler-en-edificio-exclusivo-de-oficinas-sant-cugat-del-valles-5\/","name":"Oficina en alquiler en edificio exclusivo de oficinas. Sant Cugat del Vall\u00e9s. - Forcadell","isPartOf":{"@id":"https:\/\/forcadell.com\/ca\/#website"},"datePublished":"2025-11-04T14:02:04+00:00","dateModified":"2026-04-25T09:11:19+00:00","breadcrumb":{"@id":"https:\/\/forcadell.com\/ca\/propiedades\/oficina-en-alquiler-en-edificio-exclusivo-de-oficinas-sant-cugat-del-valles-5\/#breadcrumb"},"inLanguage":"ca","potentialAction":[{"@type":"ReadAction","target":["https:\/\/forcadell.com\/ca\/propiedades\/oficina-en-alquiler-en-edificio-exclusivo-de-oficinas-sant-cugat-del-valles-5\/"]}]},{"@type":"BreadcrumbList","@id":"https:\/\/forcadell.com\/ca\/propiedades\/oficina-en-alquiler-en-edificio-exclusivo-de-oficinas-sant-cugat-del-valles-5\/#breadcrumb","itemListElement":[{"@type":"ListItem","position":1,"name":"Portada","item":"https:\/\/forcadell.com\/ca\/"},{"@type":"ListItem","position":2,"name":"Properties","item":"https:\/\/forcadell.com\/ca\/propiedades\/"},{"@type":"ListItem","position":3,"name":"Oficina en alquiler en edificio exclusivo de oficinas. Sant Cugat del Vall\u00e9s."}]},{"@type":"WebSite","@id":"https:\/\/forcadell.com\/ca\/#website","url":"https:\/\/forcadell.com\/ca\/","name":"Forcadell","description":"Inmobiliaria Barcelona | Consultores inmobiliarios","potentialAction":[{"@type":"SearchAction","target":{"@type":"EntryPoint","urlTemplate":"https:\/\/forcadell.com\/ca\/?s={search_term_string}"},"query-input":{"@type":"PropertyValueSpecification","valueRequired":true,"valueName":"search_term_string"}}],"inLanguage":"ca"}]}},"_links":{"self":[{"href":"https:\/\/forcadell.com\/ca\/wp-json\/wp\/v2\/properties_post\/57667"}],"collection":[{"href":"https:\/\/forcadell.com\/ca\/wp-json\/wp\/v2\/properties_post"}],"about":[{"href":"https:\/\/forcadell.com\/ca\/wp-json\/wp\/v2\/types\/properties_post"}],"wp:attachment":[{"href":"https:\/\/forcadell.com\/ca\/wp-json\/wp\/v2\/media?parent=57667"}],"curies":[{"name":"wp","href":"https:\/\/api.w.org\/{rel}","templated":true}]}}