{"id":57627,"date":"2025-11-04T15:59:42","date_gmt":"2025-11-04T13:59:42","guid":{"rendered":"https:\/\/www.forcadell.com\/propiedades\/ausias-march-148-150\/"},"modified":"2026-04-29T02:17:49","modified_gmt":"2026-04-29T00:17:49","slug":"ausias-march-148-150","status":"publish","type":"properties_post","link":"https:\/\/forcadell.com\/ca\/propiedades\/ausias-march-148-150\/","title":{"rendered":"AUSI\u00c0S MARCH 148-150"},"content":{"rendered":"<p>Oficina en alquiler en una de las zonas de mayor proyecci\u00f3n de la ciudad, en la calle Ausias March, 148-150, frente al Auditori de Barcelona y el Teatro Nacional de Catalunya, pr\u00f3xima al \u00e1rea 22@. <\/p>\n<p>Oficina con suelo t\u00e9cnico, falso techo registrable y aire acondicionado fr\u00edo-calor.<br \/>\nEdificio con fachada semi acristalada, placas fotovoltaicas para reducir el consumo en zonas comunes, instalaciones flexibles, modernas y de alta eficiencia energ\u00e9tica. <\/p>\n<p>La planta primera dispondr\u00e1 de un peque\u00f1o chill-out.<br \/>\nPlazas de parking disponibles.<\/p>\n<p>Transporte p\u00fablico:<\/p>\n<p>Metro: L1 Marina<br \/>\nBus: 6-V21-H12-H14-X1<br \/>\nTram: T4<br \/>\nRenfe: Arc de Triomf<\/p>\n<p>Disponibilidad inmediata <\/p>\n","protected":false},"template":"","class_list":["post-57627","properties_post","type-properties_post","status-publish","hentry","properties_modality-rent","properties_district-eixample","properties_province-barcelona","properties_zone-centro","properties_state-barcelona","properties_subclass-oficina","properties_type-oficina"],"acf":{"post_type_properties_post_property_code":"238289","post_type_properties_post_property_reference":"IE-221703","post_type_properties_post_owner_id":"55210","post_type_properties_post_owner_name":"CLOS MONT 2002 SL","post_type_properties_post_property_code_encrypted":"MjkkMjI4NTY=","post_type_properties_post_published":"1","post_type_properties_post_property_visibility":"idealista","post_type_properties_post_contact_name":"Forcadell Oficinas Barcelona","post_type_properties_post_contact_email":"forcadell.oficinas.barcelona@movin.cloud","post_type_properties_post_contact_primary_phone_prefix":"34","post_type_properties_post_contact_primary_phone_number":"934965413","post_type_properties_post_address_visibility":"street","post_type_properties_post_address_country":"Spain","post_type_properties_post_address_coordinates_precision":"exact","post_type_properties_post_address_postal_code":"08013","post_type_properties_post_address_coordinates_latitude":"41.3979883","post_type_properties_post_address_coordinates_longitude":"2.1846803","post_type_properties_post_address_street_name":"Ausias March, 148-150 ","post_type_properties_post_address_floor":"1","post_type_properties_post_address_town":"Barcelona","post_type_properties_post_building":[{"properties_post_description_language":"spanish","properties_post_title":"AUSIAS MARCH - Eixample - Barcelona","properties_post_short_description_text_alt":"Edificio de oficinas situado en una de las zonas de mayor proyecci\u00f3n de la ciudad, frente al Auditorio de M\u00fasica de Barcelona y el Teatro Nacional de Catalunya, pr\u00f3xima al \u00e1rea 22@.\n\n- Edificio exclusivo de Oficinas\n- Recepci\u00f3n con control de acceso\n- Fachada semiacristalada\n- Patio de luces central que ilumina con luz natural todas las plantas\n- Instalaciones modernas, flexibles y de alta eficiencia energ\u00e9tica\n- Gesti\u00f3n eficiente de las instalaciones por Building Management System consiguiendo importantes reducciones de los costes energ\u00e9ticos\n- Elegantes zonas comunes con acabados de gran calidad\n- Parking: 52 coches y 12 motos\n- Certificado energ\u00e9tica grado B\n- Plantas di\u00e1fanas\n- Exteriores\n- Climatizaci\u00f3n VRV\n- Pavimento t\u00e9cnico\n- Falso techo registrable","properties_post_description_text_alt":"Edificio de oficinas situado en una de las zonas de mayor proyecci\u00f3n de la ciudad, frente al Auditorio de M\u00fasica de Barcelona y el Teatro Nacional de Catalunya, pr\u00f3xima al \u00e1rea 22@.\n\n- Edificio exclusivo de Oficinas\n- Recepci\u00f3n con control de acceso\n- Fachada semiacristalada\n- Patio de luces central que ilumina con luz natural todas las plantas\n- Instalaciones modernas, flexibles y de alta eficiencia energ\u00e9tica\n- Gesti\u00f3n eficiente de las instalaciones por Building Management System consiguiendo importantes reducciones de los costes energ\u00e9ticos\n- Elegantes zonas comunes con acabados de gran calidad\n- Parking: 52 coches y 12 motos\n- Certificado energ\u00e9tica grado B\n- Plantas di\u00e1fanas\n- Exteriores\n- Climatizaci\u00f3n VRV\n- Pavimento t\u00e9cnico\n- Falso techo registrable","properties_post_short_description_text":"Edificio de oficinas situado en una de las zonas de mayor proyecci\u00f3n de la ciudad, frente al Auditorio de M\u00fasica de Barcelona y el Teatro Nacional de Catalunya, pr\u00f3xima al \u00e1rea 22@.\n\n- Edificio exclusivo de Oficinas\n- Recepci\u00f3n con control de acceso\n- Fachada semiacristalada\n- Patio de luces central que ilumina con luz natural todas las plantas\n- Instalaciones modernas, flexibles y de alta eficiencia energ\u00e9tica\n- Gesti\u00f3n eficiente de las instalaciones por Building Management System consiguiendo importantes reducciones de los costes energ\u00e9ticos\n- Elegantes zonas comunes con acabados de gran calidad\n- Parking: 52 coches y 12 motos\n- Certificado energ\u00e9tica grado B\n- Plantas di\u00e1fanas\n- Exteriores\n- Climatizaci\u00f3n VRV\n- Pavimento t\u00e9cnico\n- Falso techo registrable","properties_post_link_demanda_inmueble":"","properties_post_link_demanda_calendario_inmueble":"","properties_post_description_text":"Edificio de oficinas situado en una de las zonas de mayor proyecci\u00f3n de la ciudad, frente al Auditorio de M\u00fasica de Barcelona y el Teatro Nacional de Catalunya, pr\u00f3xima al \u00e1rea 22@.\n\n- Edificio exclusivo de Oficinas\n- Recepci\u00f3n con control de acceso\n- Fachada semiacristalada\n- Patio de luces central que ilumina con luz natural todas las plantas\n- Instalaciones modernas, flexibles y de alta eficiencia energ\u00e9tica\n- Gesti\u00f3n eficiente de las instalaciones por Building Management System consiguiendo importantes reducciones de los costes energ\u00e9ticos\n- Elegantes zonas comunes con acabados de gran calidad\n- Parking: 52 coches y 12 motos\n- Certificado energ\u00e9tica grado B\n- Plantas di\u00e1fanas\n- Exteriores\n- Climatizaci\u00f3n VRV\n- Pavimento t\u00e9cnico\n- Falso techo registrable","properties_post_seo_title":"","properties_post_seo_alias":"","properties_post_seo_metadescription":"","properties_post_seo_key_words":"","properties_post_seo_url":"","properties_post_terms_conditions":""},{"properties_post_description_language":"english","properties_post_title":"AUSIAS MARCH - Eixample - Barcelona ","properties_post_short_description_text_alt":"Office building located in one of the city's most promising areas, opposite the Barcelona Music Auditorium and the National Theatre of Catalonia, close to the 22@ area.\n\n- Exclusive office building\n- Reception with access control\n- Semi-glazed fa\u00e7ade\n- Central light well that illuminates all floors with natural light\n- Modern, flexible, and highly energy-efficient facilities\n- Efficient facility management using the Building Management System, achieving significant reductions in energy costs\n- Elegant common areas with high-quality finishes\n- Parking: 52 cars and 12 motorcycles\n- Grade B energy certification\n- Open-plan floors\n- Exteriors\n- VRV air conditioning\n- Technical flooring\n- Suspended ceiling","properties_post_description_text_alt":"Office building located in one of the city's most promising areas, opposite the Barcelona Music Auditorium and the National Theatre of Catalonia, close to the 22@ area.\n\n- Exclusive office building\n- Reception with access control\n- Semi-glazed fa\u00e7ade\n- Central light well that illuminates all floors with natural light\n- Modern, flexible, and highly energy-efficient facilities\n- Efficient facility management using the Building Management System, achieving significant reductions in energy costs\n- Elegant common areas with high-quality finishes\n- Parking: 52 cars and 12 motorcycles\n- Grade B energy certification\n- Open-plan floors\n- Exteriors\n- VRV air conditioning\n- Technical flooring\n- Suspended ceiling","properties_post_short_description_text":"Office building located in one of the city's most promising areas, opposite the Barcelona Music Auditorium and the National Theatre of Catalonia, close to the 22@ area.\n\n- Exclusive office building\n- Reception with access control\n- Semi-glazed fa\u00e7ade\n- Central light well that illuminates all floors with natural light\n- Modern, flexible, and highly energy-efficient facilities\n- Efficient facility management using the Building Management System, achieving significant reductions in energy costs\n- Elegant common areas with high-quality finishes\n- Parking: 52 cars and 12 motorcycles\n- Grade B energy certification\n- Open-plan floors\n- Exteriors\n- VRV air conditioning\n- Technical flooring\n- Suspended ceiling","properties_post_link_demanda_inmueble":"","properties_post_link_demanda_calendario_inmueble":"","properties_post_description_text":"Office building located in one of the city's most promising areas, opposite the Barcelona Music Auditorium and the National Theatre of Catalonia, close to the 22@ area.\n\n- Exclusive office building\n- Reception with access control\n- Semi-glazed fa\u00e7ade\n- Central light well that illuminates all floors with natural light\n- Modern, flexible, and highly energy-efficient facilities\n- Efficient facility management using the Building Management System, achieving significant reductions in energy costs\n- Elegant common areas with high-quality finishes\n- Parking: 52 cars and 12 motorcycles\n- Grade B energy certification\n- Open-plan floors\n- Exteriors\n- VRV air conditioning\n- Technical flooring\n- Suspended ceiling","properties_post_seo_title":"","properties_post_seo_alias":"","properties_post_seo_metadescription":"","properties_post_seo_key_words":"","properties_post_seo_url":"","properties_post_terms_conditions":""},{"properties_post_description_language":"catalan","properties_post_title":"AUSIAS MARCH - Eixample - Barcelona ","properties_post_short_description_text_alt":"Edifici d'oficines situat en una de les zones de major projecci\u00f3 de la ciutat, enfront de l'Auditori de M\u00fasica de Barcelona i el Teatre Nacional de Catalunya, pr\u00f2xima a l'\u00e0rea 22@.\n\n- Edifici exclusiu d'Oficines\n- Recepci\u00f3 amb control d'acc\u00e9s\n- Fa\u00e7ana semiacristalada\n- Celobert central que il\u00b7lumina amb llum natural totes les plantes\n- Instal\u00b7lacions modernes, flexibles i d'alta efici\u00e8ncia energ\u00e8tica\n- Gesti\u00f3 eficient de les instal\u00b7lacions per Building Management System aconseguint importants reduccions dels costos energ\u00e8tics\n- Elegants zones comunes amb acabats de gran qualitat\n- P\u00e0rquing: 52 cotxes i 12 motos\n- Certificat energ\u00e8tic grau B\n- Plantes di\u00e0fanes\n- Exteriors\n- Climatitzaci\u00f3 VRV\n- Paviment t\u00e8cnic\n- Fals sostre enregistrable","properties_post_description_text_alt":"Edifici d'oficines situat en una de les zones de major projecci\u00f3 de la ciutat, enfront de l'Auditori de M\u00fasica de Barcelona i el Teatre Nacional de Catalunya, pr\u00f2xima a l'\u00e0rea 22@.\n\n- Edifici exclusiu d'Oficines\n- Recepci\u00f3 amb control d'acc\u00e9s\n- Fa\u00e7ana semiacristalada\n- Celobert central que il\u00b7lumina amb llum natural totes les plantes\n- Instal\u00b7lacions modernes, flexibles i d'alta efici\u00e8ncia energ\u00e8tica\n- Gesti\u00f3 eficient de les instal\u00b7lacions per Building Management System aconseguint importants reduccions dels costos energ\u00e8tics\n- Elegants zones comunes amb acabats de gran qualitat\n- P\u00e0rquing: 52 cotxes i 12 motos\n- Certificat energ\u00e8tic grau B\n- Plantes di\u00e0fanes\n- Exteriors\n- Climatitzaci\u00f3 VRV\n- Paviment t\u00e8cnic\n- Fals sostre enregistrable","properties_post_short_description_text":"Edifici d'oficines situat en una de les zones de major projecci\u00f3 de la ciutat, enfront de l'Auditori de M\u00fasica de Barcelona i el Teatre Nacional de Catalunya, pr\u00f2xima a l'\u00e0rea 22@.\n\n- Edifici exclusiu d'Oficines\n- Recepci\u00f3 amb control d'acc\u00e9s\n- Fa\u00e7ana semiacristalada\n- Celobert central que il\u00b7lumina amb llum natural totes les plantes\n- Instal\u00b7lacions modernes, flexibles i d'alta efici\u00e8ncia energ\u00e8tica\n- Gesti\u00f3 eficient de les instal\u00b7lacions per Building Management System aconseguint importants reduccions dels costos energ\u00e8tics\n- Elegants zones comunes amb acabats de gran qualitat\n- P\u00e0rquing: 52 cotxes i 12 motos\n- Certificat energ\u00e8tic grau B\n- Plantes di\u00e0fanes\n- Exteriors\n- Climatitzaci\u00f3 VRV\n- Paviment t\u00e8cnic\n- Fals sostre enregistrable","properties_post_link_demanda_inmueble":"","properties_post_link_demanda_calendario_inmueble":"","properties_post_description_text":"Edifici d'oficines situat en una de les zones de major projecci\u00f3 de la ciutat, enfront de l'Auditori de M\u00fasica de Barcelona i el Teatre Nacional de Catalunya, pr\u00f2xima a l'\u00e0rea 22@.\n\n- Edifici exclusiu d'Oficines\n- Recepci\u00f3 amb control d'acc\u00e9s\n- Fa\u00e7ana semiacristalada\n- Celobert central que il\u00b7lumina amb llum natural totes les plantes\n- Instal\u00b7lacions modernes, flexibles i d'alta efici\u00e8ncia energ\u00e8tica\n- Gesti\u00f3 eficient de les instal\u00b7lacions per Building Management System aconseguint importants reduccions dels costos energ\u00e8tics\n- Elegants zones comunes amb acabats de gran qualitat\n- P\u00e0rquing: 52 cotxes i 12 motos\n- Certificat energ\u00e8tic grau B\n- Plantes di\u00e0fanes\n- Exteriors\n- Climatitzaci\u00f3 VRV\n- Paviment t\u00e8cnic\n- Fals sostre enregistrable","properties_post_seo_title":"","properties_post_seo_alias":"","properties_post_seo_metadescription":"","properties_post_seo_key_words":"","properties_post_seo_url":"","properties_post_terms_conditions":""}],"post_type_properties_post_property":[{"properties_post_description_language":"catalan","properties_post_title":"AUSI\u00c0S MARCH 148-150","properties_post_short_description_text_alt":"","properties_post_description_text_alt":"","properties_post_short_description_text":" ","properties_post_link_demanda_inmueble":"https:\/\/movin.cloud\/ca\/Forcadell Oficinas Barcelona\/formulari-peticio-immoble\/sth\/2438&&238289","properties_post_link_demanda_calendario_inmueble":"https:\/\/movin.cloud\/ca\/Forcadell Oficinas Barcelona\/calendari-peticio-immoble\/sth\/2438&&238289","properties_post_description_text":"Oficina de lloguer en una de les zones de m\u00e9s projecci\u00f3 de la ciutat, al carrer d'Ausi\u00e0s March, davant de l'Auditori de Barcelona i el Teatre Nacional de Catalunya, propera a l'\u00e0rea 22@.\n\nOficina amb terra t\u00e8cnic, fals sostre registrable i aire condicionat fred-calor.\nEdifici amb fa\u00e7ana semi vidriada, plaques fotovoltaiques per reduir el consum a zones comuns, instal\u00b7lacions flexibles, modernes i d'alta efici\u00e8ncia energ\u00e8tica.\n\nLa primera planta disposar\u00e0 d'un petit chill-out.\nPlaces de p\u00e0rquing disponibles.\n\nTransport p\u00fablic:\n\nMetro: L1 Marina\nBus: 6-V21-H12-H14-X1\nTram: T4\nRenfe: Arc de Triomf","properties_post_seo_title":"","properties_post_seo_alias":"","properties_post_seo_metadescription":"","properties_post_seo_key_words":"","properties_post_seo_url":"","properties_post_terms_conditions":""},{"properties_post_description_language":"spanish","properties_post_title":"AUSI\u00c0S MARCH 148-150","properties_post_short_description_text_alt":"","properties_post_description_text_alt":"","properties_post_short_description_text":" \n","properties_post_link_demanda_inmueble":"https:\/\/movin.cloud\/es\/Forcadell Oficinas Barcelona\/formulario-peticion-inmueble\/sth\/2438&&238289","properties_post_link_demanda_calendario_inmueble":"https:\/\/movin.cloud\/es\/Forcadell Oficinas Barcelona\/calendario-peticion-inmueble\/sth\/2438&&238289","properties_post_description_text":"Oficina en alquiler en una de las zonas de mayor proyecci\u00f3n de la ciudad, en la calle Ausias March, 148-150, frente al Auditori de Barcelona y el Teatro Nacional de Catalunya, pr\u00f3xima al \u00e1rea 22@. \n\nOficina con suelo t\u00e9cnico, falso techo registrable y aire acondicionado fr\u00edo-calor. \nEdificio con fachada semi acristalada, placas fotovoltaicas para reducir el consumo en zonas comunes, instalaciones flexibles, modernas y de alta eficiencia energ\u00e9tica. \n\nLa planta primera dispondr\u00e1 de un peque\u00f1o chill-out.\nPlazas de parking disponibles.\n\nTransporte p\u00fablico:\n\nMetro: L1 Marina\nBus: 6-V21-H12-H14-X1\nTram: T4\nRenfe: Arc de Triomf\n\nDisponibilidad inmediata \n","properties_post_seo_title":"","properties_post_seo_alias":"","properties_post_seo_metadescription":"","properties_post_seo_key_words":"","properties_post_seo_url":"","properties_post_terms_conditions":""}],"post_type_properties_post_features_type":"office","post_type_properties_post_id_building":"MjkkMjc1Njg=","post_type_properties_post_features_area_constructed":830,"post_type_properties_post_features_conditioned_air":true,"post_type_properties_post_features_doorman":false,"post_type_properties_post_features_heating":true,"post_type_properties_post_features_equipped_kitchen":false,"post_type_properties_post_features_windows_location":"exterior","post_type_properties_post_features_floors_property":false,"post_type_properties_post_features_storage":false,"post_type_properties_post_features_security_door":false,"post_type_properties_post_features_energy_certificate_rating":"C","post_type_properties_post_features_energy_certificate_emissions_rating":"","post_type_properties_post_features_energy_certificate_emissions_value":"","post_type_properties_post_features_energy_certificate_performance":"","post_type_properties_post_features_bathroom_inside":false,"post_type_properties_post_precio":14940,"post_type_properties_post_precio_alquiler":14940,"post_type_properties_post_record_type_id":"Oficina","post_type_properties_post_categoria__producto":"Oficina","post_type_properties_post_amueblado":false,"post_type_properties_post_precio_m2":18,"post_type_properties_post_zona__comunitaria":false,"post_type_properties_post_electrodomesticos":false,"post_type_properties_post_patio__interior":true,"post_type_properties_post_certificado_energetico_general":"C","post_type_properties_post_certificado_energetico_consumo":"","post_type_properties_post_certificado_energetico_valor_emisiones":"","post_type_properties_post_certificado_energetico_valor_consumo":"","post_type_properties_post_modalidad":"rent","post_type_properties_post_provincia":"Barcelona","post_type_properties_post_poblacion":"Barcelona","post_type_properties_post_centro__urbano":false,"post_type_properties_post_zonificacion":"Centro","post_type_properties_post_cartera":"","post_type_properties_post_titulo_catalan":"AUSI\u00c0S MARCH 148-150","post_type_properties_post_internet_catalan":"Oficina de lloguer en una de les zones de m\u00e9s projecci\u00f3 de la ciutat, al carrer d'Ausi\u00e0s March, davant de l'Auditori de Barcelona i el Teatre Nacional de Catalunya, propera a l'\u00e0rea 22@.\n\nOficina amb terra t\u00e8cnic, fals sostre registrable i aire condicionat fred-calor.\nEdifici amb fa\u00e7ana semi vidriada, plaques fotovoltaiques per reduir el consum a zones comuns, instal\u00b7lacions flexibles, modernes i d'alta efici\u00e8ncia energ\u00e8tica.\n\nLa primera planta disposar\u00e0 d'un petit chill-out.\nPlaces de p\u00e0rquing disponibles.\n\nTransport p\u00fablic:\n\nMetro: L1 Marina\nBus: 6-V21-H12-H14-X1\nTram: T4\nRenfe: Arc de Triomf","post_type_properties_post_titulo_castellano":"AUSI\u00c0S MARCH 148-150","post_type_properties_post_internet_castellano":"Oficina en alquiler en una de las zonas de mayor proyecci\u00f3n de la ciudad, en la calle Ausias March, 148-150, frente al Auditori de Barcelona y el Teatro Nacional de Catalunya, pr\u00f3xima al \u00e1rea 22@. \n\nOficina con suelo t\u00e9cnico, falso techo registrable y aire acondicionado fr\u00edo-calor. \nEdificio con fachada semi acristalada, placas fotovoltaicas para reducir el consumo en zonas comunes, instalaciones flexibles, modernas y de alta eficiencia energ\u00e9tica. \n\nLa planta primera dispondr\u00e1 de un peque\u00f1o chill-out.\nPlazas de parking disponibles.\n\nTransporte p\u00fablico:\n\nMetro: L1 Marina\nBus: 6-V21-H12-H14-X1\nTram: T4\nRenfe: Arc de Triomf\n\nDisponibilidad inmediata \n","post_type_properties_post_titulo_ingles":"","post_type_properties_post_internet_ingles":"","post_type_properties_post_features_classification_commercial":false,"post_type_properties_post_features_conservation":"","post_type_properties_post_features_security_personnel":false,"post_type_properties_post_features_parking_available":false,"post_type_properties_post_features_garage_capacity_type":"","post_type_properties_post_features_bathroom_number":"","post_type_properties_post_eje":"","post_type_properties_post_zona":"","post_type_properties_post_comarca":"","post_type_properties_post_features_built_year":"","post_type_properties_post_renta_mensual":14940,"post_type_properties_post_fianza":"","post_type_properties_post_features_area_plot":"","post_type_properties_post_features_area_buildable":"","post_type_properties_post_features_classification_industrial":false,"post_type_properties_post_distrito":"","post_type_properties_post_features_balcony":false,"post_type_properties_post_features_bedroom_number":"","post_type_properties_post_features_heating_type":"","post_type_properties_post_features_equipped_with_furniture":false,"post_type_properties_post_features_pets_allowed":false,"post_type_properties_post_features_pool":false,"post_type_properties_post_features_terrace":false,"post_type_properties_post_features_wardrobes":false,"post_type_properties_post_features_lift_available":false,"post_type_properties_post_features_handicap_adapted_access":false,"post_type_properties_post_features_orientation_east":false,"post_type_properties_post_features_orientation_west":false,"post_type_properties_post_features_orientation_north":false,"post_type_properties_post_features_orientation_south":false,"post_type_properties_post_features_parking_spaces_number":"","post_type_properties_post_features_security_alarm":false,"post_type_properties_post_features_security_system":false,"post_type_properties_post_open_plan":false,"post_type_properties_post_acceso_24_7":false,"post_type_properties_post_oficina_privada":false,"post_type_properties_post_sala_reuniones":false,"post_type_properties_post_espacio_eventos":false,"post_type_properties_post_office":false,"post_type_properties_post_restaurant":false,"post_type_properties_post_acepta_traspaso":false,"post_type_properties_post_vigilancia":false,"post_type_properties_post_features_suite":false,"post_type_properties_post_features_vitro":false,"post_type_properties_post_features_oven":false,"post_type_properties_post_features_microwave":false,"post_type_properties_post_features_washing_machine":false,"post_type_properties_post_features_dryer":false,"post_type_properties_post_features_dishwasher":false,"post_type_properties_post_features_fridge":false,"post_type_properties_post_features_fridge_mini":false,"post_type_properties_post_features_kettle":false,"post_type_properties_post_features_toaster":false,"post_type_properties_post_features_coffee_maker":false,"post_type_properties_post_features_iron":false,"post_type_properties_post_features_ironing_board":false,"post_type_properties_post_features_safe":false,"post_type_properties_post_features_internet":false,"post_type_properties_post_features_solarium":false,"post_type_properties_post_features_clean_service":false,"post_type_properties_post_features_t_v":false,"post_type_properties_post_features_satellite_t_v":false,"post_type_properties_post_features_gas_kitchen":false,"post_type_properties_post_features_view_mountain":true,"post_type_properties_post_features_view_sea":true,"post_type_properties_post_features_concierge":false,"post_type_properties_post_features_loading_dock":false,"post_type_properties_post_features_bridge_crane":false,"post_type_properties_post_features_located_at_corner":false,"post_type_properties_post_features_smoke_extraction":false,"post_type_properties_post_features_rooms":"","post_type_properties_post_features_garden_area":"","post_type_properties_post_features_utilities_water":false,"post_type_properties_post_features_utilities_electricity":false,"post_type_properties_post_features_utilities_natural_gas":false,"post_type_properties_post_features_building_adapted":false,"post_type_properties_post_features_garden":false,"post_type_properties_post_features_classification_hotel":false,"post_type_properties_post_features_classification_chalet":false,"post_type_properties_post_certificado_energetico_emisiones":"C","post_type_properties_post_barrio":"","post_type_properties_post_distrito_empresa":"Eixample","post_type_properties_post_features_property_category_intern":"","post_type_properties_post_implantada":false,"post_type_properties_post_sello_leed":"","post_type_properties_post_sello_well":"","post_type_properties_post_sello_breeam":false,"post_type_properties_post_images":[{"properties_post_image_order":14,"properties_post_image_url":"https:\/\/movin.cloud\/empresas\/2438\/imagenes\/238289\/alquiler-barcelona.webp","properties_post_image_url_thumbnail":"https:\/\/movin.cloud\/empresas\/2438\/imagenes\/thumbnails\/238289\/alquiler-barcelona.webp","properties_post_title":"alquiler barcelona","properties_post_alt":"alquiler barcelona"},{"properties_post_image_order":18,"properties_post_image_url":"https:\/\/movin.cloud\/empresas\/2438\/imagenes\/238289\/alquiler-para-idealista-barcelona.webp","properties_post_image_url_thumbnail":"https:\/\/movin.cloud\/empresas\/2438\/imagenes\/thumbnails\/238289\/alquiler-para-idealista-barcelona.webp","properties_post_title":"alquiler para idealista barcelona","properties_post_alt":"alquiler para idealista barcelona"},{"properties_post_image_order":19,"properties_post_image_url":"https:\/\/movin.cloud\/empresas\/2438\/imagenes\/238289\/viviendas-barcelona.webp","properties_post_image_url_thumbnail":"https:\/\/movin.cloud\/empresas\/2438\/imagenes\/thumbnails\/238289\/viviendas-barcelona.webp","properties_post_title":"viviendas barcelona","properties_post_alt":"viviendas barcelona"},{"properties_post_image_order":20,"properties_post_image_url":"https:\/\/movin.cloud\/empresas\/2438\/imagenes\/238289\/alquiler-para-idealistas-barcelona.webp","properties_post_image_url_thumbnail":"https:\/\/movin.cloud\/empresas\/2438\/imagenes\/thumbnails\/238289\/alquiler-para-idealistas-barcelona.webp","properties_post_title":"alquiler para idealistas barcelona","properties_post_alt":"alquiler para idealistas barcelona"},{"properties_post_image_order":21,"properties_post_image_url":"https:\/\/movin.cloud\/empresas\/2438\/imagenes\/238289\/rent-barcelona.webp","properties_post_image_url_thumbnail":"https:\/\/movin.cloud\/empresas\/2438\/imagenes\/thumbnails\/238289\/rent-barcelona.webp","properties_post_title":"rent barcelona","properties_post_alt":"rent barcelona"},{"properties_post_image_order":22,"properties_post_image_url":"https:\/\/movin.cloud\/empresas\/2438\/imagenes\/238289\/fincas-barcelona.webp","properties_post_image_url_thumbnail":"https:\/\/movin.cloud\/empresas\/2438\/imagenes\/thumbnails\/238289\/fincas-barcelona.webp","properties_post_title":"fincas barcelona","properties_post_alt":"fincas barcelona"},{"properties_post_image_order":23,"properties_post_image_url":"https:\/\/movin.cloud\/empresas\/2438\/imagenes\/238289\/inmobiliarias-barcelona.webp","properties_post_image_url_thumbnail":"https:\/\/movin.cloud\/empresas\/2438\/imagenes\/thumbnails\/238289\/inmobiliarias-barcelona.webp","properties_post_title":"inmobiliarias barcelona","properties_post_alt":"inmobiliarias barcelona"},{"properties_post_image_order":24,"properties_post_image_url":"https:\/\/movin.cloud\/empresas\/2438\/imagenes\/238289\/inmobiliaria-barcelona.webp","properties_post_image_url_thumbnail":"https:\/\/movin.cloud\/empresas\/2438\/imagenes\/thumbnails\/238289\/inmobiliaria-barcelona.webp","properties_post_title":"inmobiliaria barcelona","properties_post_alt":"inmobiliaria barcelona"},{"properties_post_image_order":25,"properties_post_image_url":"https:\/\/movin.cloud\/empresas\/2438\/imagenes\/238289\/barcelona-en-alquiler.webp","properties_post_image_url_thumbnail":"https:\/\/movin.cloud\/empresas\/2438\/imagenes\/thumbnails\/238289\/barcelona-en-alquiler.webp","properties_post_title":"barcelona en alquiler","properties_post_alt":"barcelona en alquiler"},{"properties_post_image_order":26,"properties_post_image_url":"https:\/\/movin.cloud\/empresas\/2438\/imagenes\/238289\/barcelona-alquiler.webp","properties_post_image_url_thumbnail":"https:\/\/movin.cloud\/empresas\/2438\/imagenes\/thumbnails\/238289\/barcelona-alquiler.webp","properties_post_title":"barcelona alquiler","properties_post_alt":"barcelona alquiler"},{"properties_post_image_order":27,"properties_post_image_url":"https:\/\/movin.cloud\/empresas\/2438\/imagenes\/238289\/barcelona-alquiler-idealistas.webp","properties_post_image_url_thumbnail":"https:\/\/movin.cloud\/empresas\/2438\/imagenes\/thumbnails\/238289\/barcelona-alquiler-idealistas.webp","properties_post_title":"barcelona alquiler idealistas","properties_post_alt":"barcelona alquiler idealistas"},{"properties_post_image_order":28,"properties_post_image_url":"https:\/\/movin.cloud\/empresas\/2438\/imagenes\/238289\/barcelona-habitalia.webp","properties_post_image_url_thumbnail":"https:\/\/movin.cloud\/empresas\/2438\/imagenes\/thumbnails\/238289\/barcelona-habitalia.webp","properties_post_title":"barcelona habitalia","properties_post_alt":"barcelona habitalia"},{"properties_post_image_order":29,"properties_post_image_url":"https:\/\/movin.cloud\/empresas\/2438\/imagenes\/238289\/barcelona-alquilar.webp","properties_post_image_url_thumbnail":"https:\/\/movin.cloud\/empresas\/2438\/imagenes\/thumbnails\/238289\/barcelona-alquilar.webp","properties_post_title":"barcelona alquilar","properties_post_alt":"barcelona alquilar"},{"properties_post_image_order":30,"properties_post_image_url":"https:\/\/movin.cloud\/empresas\/2438\/imagenes\/238289\/barcelona-alquiler-para-idealista.webp","properties_post_image_url_thumbnail":"https:\/\/movin.cloud\/empresas\/2438\/imagenes\/thumbnails\/238289\/barcelona-alquiler-para-idealista.webp","properties_post_title":"barcelona alquiler para idealista","properties_post_alt":"barcelona alquiler para idealista"},{"properties_post_image_order":31,"properties_post_image_url":"https:\/\/movin.cloud\/empresas\/2438\/imagenes\/238289\/barcelona-viviendas.webp","properties_post_image_url_thumbnail":"https:\/\/movin.cloud\/empresas\/2438\/imagenes\/thumbnails\/238289\/barcelona-viviendas.webp","properties_post_title":"barcelona viviendas","properties_post_alt":"barcelona viviendas"},{"properties_post_image_order":32,"properties_post_image_url":"https:\/\/movin.cloud\/empresas\/2438\/imagenes\/238289\/barcelona-alquiler-para-idealistas.webp","properties_post_image_url_thumbnail":"https:\/\/movin.cloud\/empresas\/2438\/imagenes\/thumbnails\/238289\/barcelona-alquiler-para-idealistas.webp","properties_post_title":"barcelona alquiler para idealistas","properties_post_alt":"barcelona alquiler para idealistas"},{"properties_post_image_order":33,"properties_post_image_url":"https:\/\/movin.cloud\/empresas\/2438\/imagenes\/238289\/barcelona-rent.webp","properties_post_image_url_thumbnail":"https:\/\/movin.cloud\/empresas\/2438\/imagenes\/thumbnails\/238289\/barcelona-rent.webp","properties_post_title":"barcelona rent","properties_post_alt":"barcelona rent"}],"post_type_properties_post_videos":null,"post_type_properties_post_tour":null,"post_type_properties_post_dossier_url":"","post_type_properties_post_operation_type":"rent","post_type_properties_post_operation_price":14940,"post_type_properties_post_features_hidden_price":false},"yoast_head":"<!-- This site is optimized with the Yoast SEO plugin v27.4 - https:\/\/yoast.com\/product\/yoast-seo-wordpress\/ -->\n<title>AUSI\u00c0S MARCH 148-150 - Forcadell<\/title>\n<meta name=\"robots\" content=\"index, follow, max-snippet:-1, max-image-preview:large, max-video-preview:-1\" \/>\n<link rel=\"canonical\" href=\"https:\/\/forcadell.com\/ca\/propiedades\/ausias-march-148-150\/\" \/>\n<meta property=\"og:locale\" content=\"ca_ES\" \/>\n<meta property=\"og:type\" content=\"article\" \/>\n<meta property=\"og:title\" content=\"AUSI\u00c0S MARCH 148-150 - Forcadell\" \/>\n<meta property=\"og:description\" content=\"Oficina en alquiler en una de las zonas de mayor proyecci\u00f3n de la ciudad, en la calle Ausias March, 148-150, frente al Auditori de Barcelona y el Teatro Nacional de Catalunya, pr\u00f3xima al \u00e1rea 22@. Oficina con suelo t\u00e9cnico, falso techo registrable y aire acondicionado fr\u00edo-calor. Edificio con fachada semi acristalada, placas fotovoltaicas para reducir [&hellip;]\" \/>\n<meta property=\"og:url\" content=\"https:\/\/forcadell.com\/ca\/propiedades\/ausias-march-148-150\/\" \/>\n<meta property=\"og:site_name\" content=\"Forcadell\" \/>\n<meta property=\"article:modified_time\" content=\"2026-04-29T00:17:49+00:00\" \/>\n<meta name=\"twitter:card\" content=\"summary_large_image\" \/>\n<meta name=\"twitter:label1\" content=\"Temps estimat de lectura\" \/>\n\t<meta name=\"twitter:data1\" content=\"1 minut\" \/>\n<!-- \/ Yoast SEO plugin. -->","yoast_head_json":{"title":"AUSI\u00c0S MARCH 148-150 - Forcadell","robots":{"index":"index","follow":"follow","max-snippet":"max-snippet:-1","max-image-preview":"max-image-preview:large","max-video-preview":"max-video-preview:-1"},"canonical":"https:\/\/forcadell.com\/ca\/propiedades\/ausias-march-148-150\/","og_locale":"ca_ES","og_type":"article","og_title":"AUSI\u00c0S MARCH 148-150 - Forcadell","og_description":"Oficina en alquiler en una de las zonas de mayor proyecci\u00f3n de la ciudad, en la calle Ausias March, 148-150, frente al Auditori de Barcelona y el Teatro Nacional de Catalunya, pr\u00f3xima al \u00e1rea 22@. Oficina con suelo t\u00e9cnico, falso techo registrable y aire acondicionado fr\u00edo-calor. Edificio con fachada semi acristalada, placas fotovoltaicas para reducir [&hellip;]","og_url":"https:\/\/forcadell.com\/ca\/propiedades\/ausias-march-148-150\/","og_site_name":"Forcadell","article_modified_time":"2026-04-29T00:17:49+00:00","twitter_card":"summary_large_image","twitter_misc":{"Temps estimat de lectura":"1 minut"},"schema":{"@context":"https:\/\/schema.org","@graph":[{"@type":"WebPage","@id":"https:\/\/forcadell.com\/ca\/propiedades\/ausias-march-148-150\/","url":"https:\/\/forcadell.com\/ca\/propiedades\/ausias-march-148-150\/","name":"AUSI\u00c0S MARCH 148-150 - Forcadell","isPartOf":{"@id":"https:\/\/forcadell.com\/ca\/#website"},"datePublished":"2025-11-04T13:59:42+00:00","dateModified":"2026-04-29T00:17:49+00:00","breadcrumb":{"@id":"https:\/\/forcadell.com\/ca\/propiedades\/ausias-march-148-150\/#breadcrumb"},"inLanguage":"ca","potentialAction":[{"@type":"ReadAction","target":["https:\/\/forcadell.com\/ca\/propiedades\/ausias-march-148-150\/"]}]},{"@type":"BreadcrumbList","@id":"https:\/\/forcadell.com\/ca\/propiedades\/ausias-march-148-150\/#breadcrumb","itemListElement":[{"@type":"ListItem","position":1,"name":"Portada","item":"https:\/\/forcadell.com\/ca\/"},{"@type":"ListItem","position":2,"name":"Properties","item":"https:\/\/forcadell.com\/ca\/propiedades\/"},{"@type":"ListItem","position":3,"name":"AUSI\u00c0S MARCH 148-150"}]},{"@type":"WebSite","@id":"https:\/\/forcadell.com\/ca\/#website","url":"https:\/\/forcadell.com\/ca\/","name":"Forcadell","description":"Inmobiliaria Barcelona | Consultores inmobiliarios","potentialAction":[{"@type":"SearchAction","target":{"@type":"EntryPoint","urlTemplate":"https:\/\/forcadell.com\/ca\/?s={search_term_string}"},"query-input":{"@type":"PropertyValueSpecification","valueRequired":true,"valueName":"search_term_string"}}],"inLanguage":"ca"}]}},"_links":{"self":[{"href":"https:\/\/forcadell.com\/ca\/wp-json\/wp\/v2\/properties_post\/57627","targetHints":{"allow":["GET"]}}],"collection":[{"href":"https:\/\/forcadell.com\/ca\/wp-json\/wp\/v2\/properties_post"}],"about":[{"href":"https:\/\/forcadell.com\/ca\/wp-json\/wp\/v2\/types\/properties_post"}],"wp:attachment":[{"href":"https:\/\/forcadell.com\/ca\/wp-json\/wp\/v2\/media?parent=57627"}],"curies":[{"name":"wp","href":"https:\/\/api.w.org\/{rel}","templated":true}]}}