{"id":57580,"date":"2025-11-04T15:57:18","date_gmt":"2025-11-04T13:57:18","guid":{"rendered":"https:\/\/www.forcadell.com\/propiedades\/oficina-en-alquiler-en-el-edificio-torre-de-cristal-madrid\/"},"modified":"2026-04-27T15:05:56","modified_gmt":"2026-04-27T13:05:56","slug":"oficina-en-alquiler-en-el-edificio-torre-de-cristal-madrid","status":"publish","type":"properties_post","link":"https:\/\/forcadell.com\/ca\/propiedades\/oficina-en-alquiler-en-el-edificio-torre-de-cristal-madrid\/","title":{"rendered":"Oficina en alquiler en el edificio Torre de Cristal. Madrid"},"content":{"rendered":"<p>Luminosa oficina disponible en Torre Cristal, uno de los edificios m\u00e1s relevantes del skyline madrile\u00f1o. Ubicado en el complejo Cuatro Torres Business Area, el edificio destaca por su dise\u00f1o en forma de diamante y por ser el m\u00e1s alto de Espa\u00f1a.<\/p>\n<p>Caracter\u00edsticas destacadas:<br \/>\n&#8211; Representativo lobby principal reformado en el a\u00f1o 2022.<br \/>\n&#8211; Cafeter\u00eda y restaurante independientes.<br \/>\n&#8211; Espacios para eventos y salas de reuniones.<br \/>\n&#8211; Recepci\u00f3n y equipo de gesti\u00f3n en el edificio.<br \/>\n&#8211; Seguridad 24h y control de accesos.<br \/>\n&#8211; Caracter\u00edstico jard\u00edn vertical en la \u00faltima planta.<br \/>\n&#8211; Oficina di\u00e1fana con excelente luz natural.<br \/>\n&#8211; Suelo t\u00e9cnico elevado y techos registrables con luminarias LED.<br \/>\n&#8211; Accesos para personas con movilidad reducida.<br \/>\n&#8211; Parking con plazas aptas para coches el\u00e9ctricos.<\/p>\n<p>Situado en una de las zonas financieras m\u00e1s importantes de la capital, donde se encuentran empresas del sector financiero, consultoras, constructoras y empresas internacionales. Rodeada de una gran variedad de servicios, con excelentes comunicaciones mediante el transporte p\u00fablico y f\u00e1cil acceso a las autopistas M30, M11 y A1.<\/p>\n<p>Transportes:<br \/>\nMetro: L10 \u2013 Bego\u00f1a<br \/>\nAutobuses urbanos: 66, 67, 124, 134, 135, 147, N24<br \/>\nAutobuses interurbanos: 154, 721, 722, 724, 725, 876.<\/p>\n","protected":false},"template":"","class_list":["post-57580","properties_post","type-properties_post","status-publish","hentry","properties_modality-rent","properties_district-fuencarral-el-pardo","properties_province-madrid","properties_zone-cbd","properties_state-madrid","properties_subclass-oficina","properties_type-oficina"],"acf":{"post_type_properties_post_property_code":"229139","post_type_properties_post_property_reference":"IE-220272","post_type_properties_post_owner_id":"50905","post_type_properties_post_owner_name":"MUTUA MADRILE\u00d1A AUTOMOVILISTA SSPF ($4980)","post_type_properties_post_property_code_encrypted":"MjkkMTM3MDY=","post_type_properties_post_published":"1","post_type_properties_post_property_visibility":"idealista","post_type_properties_post_contact_name":"Forcadell Oficinas Madrid","post_type_properties_post_contact_email":"forcadell.oficinas.madrid@movin.cloud","post_type_properties_post_contact_primary_phone_prefix":"34","post_type_properties_post_contact_primary_phone_number":"917886880","post_type_properties_post_address_visibility":"street","post_type_properties_post_address_country":"Spain","post_type_properties_post_address_coordinates_precision":"exact","post_type_properties_post_address_postal_code":"28046","post_type_properties_post_address_coordinates_latitude":"40.478479407348","post_type_properties_post_address_coordinates_longitude":"-3.6866198137456","post_type_properties_post_address_street_name":"PS Castellana 259","post_type_properties_post_address_floor":"20","post_type_properties_post_address_town":"Madrid","post_type_properties_post_building":null,"post_type_properties_post_property":[{"properties_post_description_language":"catalan","properties_post_title":"Excel\u00b7lent oficina di\u00e0fana en lloguer a l'edifici Torre de Cristal. Madrid.","properties_post_short_description_text_alt":"","properties_post_description_text_alt":"","properties_post_short_description_text":"La Torre de Cristal \u00e9s un gratacel de 249 metres i 50 plantes situat a Madrid, en el complex Cuatro Torres Business Area, districte de Fuencarral-El Pardo. Es tracta de l'edifici m\u00e9s alt d'Espanya, concebuda com una escultura cristal\u00b7lina, delicada, emblem\u00e0tica i viva\u00e7. Edifici de PB + 52, instal\u00b7lacions de telecomunicaci\u00f3, control d'accessos, sistema de v\u00eddeo vigil\u00e0ncia i seguretat, sistema de detecci\u00f3 \/ extincions d'incendis, sala d'esdeveniments \/ reunions, restaurant \/ cafeteria, gym \/ fitness club, manteniment polivalent, ascensors, llan\u00e7adores, jard\u00ed, p\u00e0rquing, Qualificaci\u00f3 energ\u00e8tica: A. Oficines di\u00e0fanes, exteriors amb vistes panor\u00e0miques, molta llum natural, fals sostre, paviment t\u00e8cnic.","properties_post_link_demanda_inmueble":"https:\/\/movin.cloud\/ca\/Forcadell Oficinas Madrid\/formulari-peticio-immoble\/sth\/2462&&229139","properties_post_link_demanda_calendario_inmueble":"https:\/\/movin.cloud\/ca\/Forcadell Oficinas Madrid\/calendari-peticio-immoble\/sth\/2462&&229139","properties_post_description_text":"La Torre de Cristal \u00e9s un gratacel de 249 metres i 50 plantes situat a Madrid, en el complex Cuatro Torres Business Area, districte de Fuencarral-El Pardo. Es tracta de l'edifici m\u00e9s alt d'Espanya, concebuda com una escultura cristal\u00b7lina, delicada, emblem\u00e0tica i viva\u00e7. Edifici de PB + 52, instal\u00b7lacions de telecomunicaci\u00f3, control d'accessos, sistema de v\u00eddeo vigil\u00e0ncia i seguretat, sistema de detecci\u00f3 \/ extincions d'incendis, sala d'esdeveniments \/ reunions, restaurant \/ cafeteria, gym \/ fitness club, manteniment polivalent, ascensors, llan\u00e7adores, jard\u00ed, p\u00e0rquing, Qualificaci\u00f3 energ\u00e8tica: A. Oficines di\u00e0fanes, exteriors amb vistes panor\u00e0miques, molta llum natural, fals sostre, paviment t\u00e8cnic.","properties_post_seo_title":"","properties_post_seo_alias":"","properties_post_seo_metadescription":"Excel\u00b7lent oficina di\u00e0fana en lloguer a l'edifici Torre de Cristal. Madrid. Forcadell \u00e9s la seva ag\u00e8ncia de confian\u00e7a per al lloguer d'aquesta oficina.","properties_post_seo_key_words":"oficina lloguer Madrid, lloguer oficina Madrid, oficina Madrid","properties_post_seo_url":"","properties_post_terms_conditions":""},{"properties_post_description_language":"spanish","properties_post_title":"Oficina en alquiler en el edificio Torre de Cristal. Madrid","properties_post_short_description_text_alt":"","properties_post_description_text_alt":"","properties_post_short_description_text":"La Torre de Cristal es un rascacielos de 249 metros situado en Madrid, en el complejo Cuatro Torres Business Area, distrito de Fuencarral-El Pardo. Se trata del edificio m\u00e1s alto de Espa\u00f1a, concebido como una escultura cristalina, delicada, emblem\u00e1tica y vivaz. \nEdificio de 52 plantas (PB + 52), instalaciones de telecomunicaci\u00f3n, control de accesos, sistema de video vigilancia y seguridad, sistema de detecci\u00f3n \/ extinci\u00f3n de incendios, sala de eventos \/ reuniones, restaurante \/ cafeter\u00eda, gym \/ fitness club, mantenimiento polivalente, ascensores, lanzaderas, jard\u00edn y parking, \nOficina distribuida en superficies di\u00e1fanas con vistas panor\u00e1micas y excelente luz natural, falso techo, altura libre de 2,75 metros, suelo t\u00e9cnico y aire acondicionado. ","properties_post_link_demanda_inmueble":"https:\/\/movin.cloud\/es\/Forcadell Oficinas Madrid\/formulario-peticion-inmueble\/sth\/2462&&229139","properties_post_link_demanda_calendario_inmueble":"https:\/\/movin.cloud\/es\/Forcadell Oficinas Madrid\/calendario-peticion-inmueble\/sth\/2462&&229139","properties_post_description_text":"Luminosa oficina disponible en Torre Cristal, uno de los edificios m\u00e1s relevantes del skyline madrile\u00f1o. Ubicado en el complejo Cuatro Torres Business Area, el edificio destaca por su dise\u00f1o en forma de diamante y por ser el m\u00e1s alto de Espa\u00f1a.\n\nCaracter\u00edsticas destacadas:\n- Representativo lobby principal reformado en el a\u00f1o 2022.\n- Cafeter\u00eda y restaurante independientes.\n- Espacios para eventos y salas de reuniones.\n- Recepci\u00f3n y equipo de gesti\u00f3n en el edificio.\n- Seguridad 24h y control de accesos.\n- Caracter\u00edstico jard\u00edn vertical en la \u00faltima planta.\n- Oficina di\u00e1fana con excelente luz natural.\n- Suelo t\u00e9cnico elevado y techos registrables con luminarias LED.\n- Accesos para personas con movilidad reducida.\n- Parking con plazas aptas para coches el\u00e9ctricos.\n\nSituado en una de las zonas financieras m\u00e1s importantes de la capital, donde se encuentran empresas del sector financiero, consultoras, constructoras y empresas internacionales. Rodeada de una gran variedad de servicios, con excelentes comunicaciones mediante el transporte p\u00fablico y f\u00e1cil acceso a las autopistas M30, M11 y A1.\n\nTransportes:\nMetro: L10 \u2013 Bego\u00f1a \nAutobuses urbanos: 66, 67, 124, 134, 135, 147, N24\nAutobuses interurbanos: 154, 721, 722, 724, 725, 876.\n","properties_post_seo_title":"","properties_post_seo_alias":"","properties_post_seo_metadescription":"Alquiler oficina Cuatro Torres. Forcadell","properties_post_seo_key_words":"oficina alquiler Madrid, alquiler oficina Madrid, oficina Madrid","properties_post_seo_url":"","properties_post_terms_conditions":""}],"post_type_properties_post_features_type":"office","post_type_properties_post_id_building":"","post_type_properties_post_features_area_constructed":686,"post_type_properties_post_features_conditioned_air":true,"post_type_properties_post_features_doorman":false,"post_type_properties_post_features_heating":true,"post_type_properties_post_features_equipped_kitchen":false,"post_type_properties_post_features_windows_location":"exterior","post_type_properties_post_features_floors_property":false,"post_type_properties_post_features_storage":false,"post_type_properties_post_features_security_door":false,"post_type_properties_post_features_energy_certificate_rating":"A","post_type_properties_post_features_energy_certificate_emissions_rating":"A","post_type_properties_post_features_energy_certificate_emissions_value":"","post_type_properties_post_features_energy_certificate_performance":"","post_type_properties_post_features_bathroom_inside":false,"post_type_properties_post_precio":20923,"post_type_properties_post_precio_alquiler":20923,"post_type_properties_post_record_type_id":"Oficina","post_type_properties_post_categoria__producto":"Oficina","post_type_properties_post_amueblado":false,"post_type_properties_post_precio_m2":30.5,"post_type_properties_post_zona__comunitaria":false,"post_type_properties_post_electrodomesticos":false,"post_type_properties_post_patio__interior":false,"post_type_properties_post_certificado_energetico_general":"A","post_type_properties_post_certificado_energetico_consumo":"A","post_type_properties_post_certificado_energetico_valor_emisiones":"","post_type_properties_post_certificado_energetico_valor_consumo":"","post_type_properties_post_modalidad":"rent","post_type_properties_post_provincia":"Madrid","post_type_properties_post_poblacion":"Madrid","post_type_properties_post_centro__urbano":false,"post_type_properties_post_zonificacion":"CBD","post_type_properties_post_cartera":"Segunda mano","post_type_properties_post_titulo_catalan":"Excel\u00b7lent oficina di\u00e0fana en lloguer a l'edifici Torre de Cristal. Madrid.","post_type_properties_post_internet_catalan":"La Torre de Cristal \u00e9s un gratacel de 249 metres i 50 plantes situat a Madrid, en el complex Cuatro Torres Business Area, districte de Fuencarral-El Pardo. Es tracta de l'edifici m\u00e9s alt d'Espanya, concebuda com una escultura cristal\u00b7lina, delicada, emblem\u00e0tica i viva\u00e7. Edifici de PB + 52, instal\u00b7lacions de telecomunicaci\u00f3, control d'accessos, sistema de v\u00eddeo vigil\u00e0ncia i seguretat, sistema de detecci\u00f3 \/ extincions d'incendis, sala d'esdeveniments \/ reunions, restaurant \/ cafeteria, gym \/ fitness club, manteniment polivalent, ascensors, llan\u00e7adores, jard\u00ed, p\u00e0rquing, Qualificaci\u00f3 energ\u00e8tica: A. Oficines di\u00e0fanes, exteriors amb vistes panor\u00e0miques, molta llum natural, fals sostre, paviment t\u00e8cnic.","post_type_properties_post_titulo_castellano":"Oficina en alquiler en el edificio Torre de Cristal. Madrid","post_type_properties_post_internet_castellano":"Luminosa oficina disponible en Torre Cristal, uno de los edificios m\u00e1s relevantes del skyline madrile\u00f1o. Ubicado en el complejo Cuatro Torres Business Area, el edificio destaca por su dise\u00f1o en forma de diamante y por ser el m\u00e1s alto de Espa\u00f1a.\n\nCaracter\u00edsticas destacadas:\n- Representativo lobby principal reformado en el a\u00f1o 2022.\n- Cafeter\u00eda y restaurante independientes.\n- Espacios para eventos y salas de reuniones.\n- Recepci\u00f3n y equipo de gesti\u00f3n en el edificio.\n- Seguridad 24h y control de accesos.\n- Caracter\u00edstico jard\u00edn vertical en la \u00faltima planta.\n- Oficina di\u00e1fana con excelente luz natural.\n- Suelo t\u00e9cnico elevado y techos registrables con luminarias LED.\n- Accesos para personas con movilidad reducida.\n- Parking con plazas aptas para coches el\u00e9ctricos.\n\nSituado en una de las zonas financieras m\u00e1s importantes de la capital, donde se encuentran empresas del sector financiero, consultoras, constructoras y empresas internacionales. Rodeada de una gran variedad de servicios, con excelentes comunicaciones mediante el transporte p\u00fablico y f\u00e1cil acceso a las autopistas M30, M11 y A1.\n\nTransportes:\nMetro: L10 \u2013 Bego\u00f1a \nAutobuses urbanos: 66, 67, 124, 134, 135, 147, N24\nAutobuses interurbanos: 154, 721, 722, 724, 725, 876.\n","post_type_properties_post_titulo_ingles":"","post_type_properties_post_internet_ingles":"","post_type_properties_post_features_classification_commercial":false,"post_type_properties_post_features_conservation":"","post_type_properties_post_features_security_personnel":false,"post_type_properties_post_features_parking_available":false,"post_type_properties_post_features_garage_capacity_type":"","post_type_properties_post_features_bathroom_number":"","post_type_properties_post_eje":"","post_type_properties_post_zona":"","post_type_properties_post_comarca":"","post_type_properties_post_features_built_year":"","post_type_properties_post_renta_mensual":20580,"post_type_properties_post_fianza":"","post_type_properties_post_features_area_plot":"","post_type_properties_post_features_area_buildable":"","post_type_properties_post_features_classification_industrial":false,"post_type_properties_post_distrito":"","post_type_properties_post_features_balcony":false,"post_type_properties_post_features_bedroom_number":"","post_type_properties_post_features_heating_type":"","post_type_properties_post_features_equipped_with_furniture":false,"post_type_properties_post_features_pets_allowed":false,"post_type_properties_post_features_pool":false,"post_type_properties_post_features_terrace":false,"post_type_properties_post_features_wardrobes":false,"post_type_properties_post_features_lift_available":false,"post_type_properties_post_features_handicap_adapted_access":false,"post_type_properties_post_features_orientation_east":false,"post_type_properties_post_features_orientation_west":false,"post_type_properties_post_features_orientation_north":false,"post_type_properties_post_features_orientation_south":false,"post_type_properties_post_features_parking_spaces_number":"","post_type_properties_post_features_security_alarm":false,"post_type_properties_post_features_security_system":false,"post_type_properties_post_open_plan":false,"post_type_properties_post_acceso_24_7":false,"post_type_properties_post_oficina_privada":false,"post_type_properties_post_sala_reuniones":false,"post_type_properties_post_espacio_eventos":false,"post_type_properties_post_office":false,"post_type_properties_post_restaurant":false,"post_type_properties_post_acepta_traspaso":false,"post_type_properties_post_vigilancia":false,"post_type_properties_post_features_suite":false,"post_type_properties_post_features_vitro":false,"post_type_properties_post_features_oven":false,"post_type_properties_post_features_microwave":false,"post_type_properties_post_features_washing_machine":false,"post_type_properties_post_features_dryer":false,"post_type_properties_post_features_dishwasher":false,"post_type_properties_post_features_fridge":false,"post_type_properties_post_features_fridge_mini":false,"post_type_properties_post_features_kettle":false,"post_type_properties_post_features_toaster":false,"post_type_properties_post_features_coffee_maker":false,"post_type_properties_post_features_iron":false,"post_type_properties_post_features_ironing_board":false,"post_type_properties_post_features_safe":false,"post_type_properties_post_features_internet":false,"post_type_properties_post_features_solarium":false,"post_type_properties_post_features_clean_service":false,"post_type_properties_post_features_t_v":false,"post_type_properties_post_features_satellite_t_v":false,"post_type_properties_post_features_gas_kitchen":false,"post_type_properties_post_features_view_mountain":false,"post_type_properties_post_features_view_sea":false,"post_type_properties_post_features_concierge":false,"post_type_properties_post_features_loading_dock":false,"post_type_properties_post_features_bridge_crane":false,"post_type_properties_post_features_located_at_corner":false,"post_type_properties_post_features_smoke_extraction":false,"post_type_properties_post_features_rooms":"","post_type_properties_post_features_garden_area":"","post_type_properties_post_features_utilities_water":false,"post_type_properties_post_features_utilities_electricity":false,"post_type_properties_post_features_utilities_natural_gas":false,"post_type_properties_post_features_building_adapted":false,"post_type_properties_post_features_garden":false,"post_type_properties_post_features_classification_hotel":false,"post_type_properties_post_features_classification_chalet":false,"post_type_properties_post_certificado_energetico_emisiones":"A","post_type_properties_post_barrio":"","post_type_properties_post_distrito_empresa":"Fuencarral-El Pardo","post_type_properties_post_features_property_category_intern":"","post_type_properties_post_implantada":false,"post_type_properties_post_sello_leed":"","post_type_properties_post_sello_well":"","post_type_properties_post_sello_breeam":false,"post_type_properties_post_images":[{"properties_post_image_order":1,"properties_post_image_url":"https:\/\/movin.cloud\/empresas\/2462\/imagenes\/229139\/en-alquiler.webp","properties_post_image_url_thumbnail":"https:\/\/movin.cloud\/empresas\/2462\/imagenes\/thumbnails\/229139\/en-alquiler.webp","properties_post_title":"en alquiler","properties_post_alt":"en alquiler"},{"properties_post_image_order":2,"properties_post_image_url":"https:\/\/movin.cloud\/empresas\/2462\/imagenes\/229139\/alquiler.webp","properties_post_image_url_thumbnail":"https:\/\/movin.cloud\/empresas\/2462\/imagenes\/thumbnails\/229139\/alquiler.webp","properties_post_title":"alquiler","properties_post_alt":"alquiler"},{"properties_post_image_order":3,"properties_post_image_url":"https:\/\/movin.cloud\/empresas\/2462\/imagenes\/229139\/inmobiliarias.webp","properties_post_image_url_thumbnail":"https:\/\/movin.cloud\/empresas\/2462\/imagenes\/thumbnails\/229139\/inmobiliarias.webp","properties_post_title":"inmobiliarias","properties_post_alt":"inmobiliarias"},{"properties_post_image_order":4,"properties_post_image_url":"https:\/\/movin.cloud\/empresas\/2462\/imagenes\/229139\/viviendas.webp","properties_post_image_url_thumbnail":"https:\/\/movin.cloud\/empresas\/2462\/imagenes\/thumbnails\/229139\/viviendas.webp","properties_post_title":"viviendas","properties_post_alt":"viviendas"},{"properties_post_image_order":5,"properties_post_image_url":"https:\/\/movin.cloud\/empresas\/2462\/imagenes\/229139\/alquiler-para-idealistas.webp","properties_post_image_url_thumbnail":"https:\/\/movin.cloud\/empresas\/2462\/imagenes\/thumbnails\/229139\/alquiler-para-idealistas.webp","properties_post_title":"alquiler para idealistas","properties_post_alt":"alquiler para idealistas"},{"properties_post_image_order":6,"properties_post_image_url":"https:\/\/movin.cloud\/empresas\/2462\/imagenes\/229139\/rent.webp","properties_post_image_url_thumbnail":"https:\/\/movin.cloud\/empresas\/2462\/imagenes\/thumbnails\/229139\/rent.webp","properties_post_title":"rent","properties_post_alt":"rent"},{"properties_post_image_order":7,"properties_post_image_url":"https:\/\/movin.cloud\/empresas\/2462\/imagenes\/229139\/fincas.webp","properties_post_image_url_thumbnail":"https:\/\/movin.cloud\/empresas\/2462\/imagenes\/thumbnails\/229139\/fincas.webp","properties_post_title":"fincas","properties_post_alt":"fincas"},{"properties_post_image_order":8,"properties_post_image_url":"https:\/\/movin.cloud\/empresas\/2462\/imagenes\/229139\/alquiler-para-idealista.webp","properties_post_image_url_thumbnail":"https:\/\/movin.cloud\/empresas\/2462\/imagenes\/thumbnails\/229139\/alquiler-para-idealista.webp","properties_post_title":"alquiler para idealista","properties_post_alt":"alquiler para idealista"},{"properties_post_image_order":9,"properties_post_image_url":"https:\/\/movin.cloud\/empresas\/2462\/imagenes\/229139\/alquiler-idealistas.webp","properties_post_image_url_thumbnail":"https:\/\/movin.cloud\/empresas\/2462\/imagenes\/thumbnails\/229139\/alquiler-idealistas.webp","properties_post_title":"alquiler idealistas","properties_post_alt":"alquiler idealistas"},{"properties_post_image_order":10,"properties_post_image_url":"https:\/\/movin.cloud\/empresas\/2462\/imagenes\/229139\/alquilar.webp","properties_post_image_url_thumbnail":"https:\/\/movin.cloud\/empresas\/2462\/imagenes\/thumbnails\/229139\/alquilar.webp","properties_post_title":"alquilar","properties_post_alt":"alquilar"},{"properties_post_image_order":11,"properties_post_image_url":"https:\/\/movin.cloud\/empresas\/2462\/imagenes\/229139\/habitalia.webp","properties_post_image_url_thumbnail":"https:\/\/movin.cloud\/empresas\/2462\/imagenes\/thumbnails\/229139\/habitalia.webp","properties_post_title":"habitalia","properties_post_alt":"habitalia"}],"post_type_properties_post_videos":null,"post_type_properties_post_tour":null,"post_type_properties_post_dossier_url":"","post_type_properties_post_operation_type":"rent","post_type_properties_post_operation_price":20923,"post_type_properties_post_features_hidden_price":false},"yoast_head":"<!-- This site is optimized with the Yoast SEO plugin v27.4 - https:\/\/yoast.com\/product\/yoast-seo-wordpress\/ -->\n<title>Oficina en alquiler en el edificio Torre de Cristal. Madrid - Forcadell<\/title>\n<meta name=\"robots\" content=\"index, follow, max-snippet:-1, max-image-preview:large, max-video-preview:-1\" \/>\n<link rel=\"canonical\" href=\"https:\/\/forcadell.com\/ca\/propiedades\/oficina-en-alquiler-en-el-edificio-torre-de-cristal-madrid\/\" \/>\n<meta property=\"og:locale\" content=\"ca_ES\" \/>\n<meta property=\"og:type\" content=\"article\" \/>\n<meta property=\"og:title\" content=\"Oficina en alquiler en el edificio Torre de Cristal. Madrid - Forcadell\" \/>\n<meta property=\"og:description\" content=\"Luminosa oficina disponible en Torre Cristal, uno de los edificios m\u00e1s relevantes del skyline madrile\u00f1o. Ubicado en el complejo Cuatro Torres Business Area, el edificio destaca por su dise\u00f1o en forma de diamante y por ser el m\u00e1s alto de Espa\u00f1a. Caracter\u00edsticas destacadas: &#8211; Representativo lobby principal reformado en el a\u00f1o 2022. &#8211; Cafeter\u00eda y [&hellip;]\" \/>\n<meta property=\"og:url\" content=\"https:\/\/forcadell.com\/ca\/propiedades\/oficina-en-alquiler-en-el-edificio-torre-de-cristal-madrid\/\" \/>\n<meta property=\"og:site_name\" content=\"Forcadell\" \/>\n<meta property=\"article:modified_time\" content=\"2026-04-27T13:05:56+00:00\" \/>\n<meta name=\"twitter:card\" content=\"summary_large_image\" \/>\n<meta name=\"twitter:label1\" content=\"Temps estimat de lectura\" \/>\n\t<meta name=\"twitter:data1\" content=\"1 minut\" \/>\n<!-- \/ Yoast SEO plugin. -->","yoast_head_json":{"title":"Oficina en alquiler en el edificio Torre de Cristal. Madrid - Forcadell","robots":{"index":"index","follow":"follow","max-snippet":"max-snippet:-1","max-image-preview":"max-image-preview:large","max-video-preview":"max-video-preview:-1"},"canonical":"https:\/\/forcadell.com\/ca\/propiedades\/oficina-en-alquiler-en-el-edificio-torre-de-cristal-madrid\/","og_locale":"ca_ES","og_type":"article","og_title":"Oficina en alquiler en el edificio Torre de Cristal. Madrid - Forcadell","og_description":"Luminosa oficina disponible en Torre Cristal, uno de los edificios m\u00e1s relevantes del skyline madrile\u00f1o. Ubicado en el complejo Cuatro Torres Business Area, el edificio destaca por su dise\u00f1o en forma de diamante y por ser el m\u00e1s alto de Espa\u00f1a. Caracter\u00edsticas destacadas: &#8211; Representativo lobby principal reformado en el a\u00f1o 2022. &#8211; Cafeter\u00eda y [&hellip;]","og_url":"https:\/\/forcadell.com\/ca\/propiedades\/oficina-en-alquiler-en-el-edificio-torre-de-cristal-madrid\/","og_site_name":"Forcadell","article_modified_time":"2026-04-27T13:05:56+00:00","twitter_card":"summary_large_image","twitter_misc":{"Temps estimat de lectura":"1 minut"},"schema":{"@context":"https:\/\/schema.org","@graph":[{"@type":"WebPage","@id":"https:\/\/forcadell.com\/ca\/propiedades\/oficina-en-alquiler-en-el-edificio-torre-de-cristal-madrid\/","url":"https:\/\/forcadell.com\/ca\/propiedades\/oficina-en-alquiler-en-el-edificio-torre-de-cristal-madrid\/","name":"Oficina en alquiler en el edificio Torre de Cristal. Madrid - Forcadell","isPartOf":{"@id":"https:\/\/forcadell.com\/ca\/#website"},"datePublished":"2025-11-04T13:57:18+00:00","dateModified":"2026-04-27T13:05:56+00:00","breadcrumb":{"@id":"https:\/\/forcadell.com\/ca\/propiedades\/oficina-en-alquiler-en-el-edificio-torre-de-cristal-madrid\/#breadcrumb"},"inLanguage":"ca","potentialAction":[{"@type":"ReadAction","target":["https:\/\/forcadell.com\/ca\/propiedades\/oficina-en-alquiler-en-el-edificio-torre-de-cristal-madrid\/"]}]},{"@type":"BreadcrumbList","@id":"https:\/\/forcadell.com\/ca\/propiedades\/oficina-en-alquiler-en-el-edificio-torre-de-cristal-madrid\/#breadcrumb","itemListElement":[{"@type":"ListItem","position":1,"name":"Portada","item":"https:\/\/forcadell.com\/ca\/"},{"@type":"ListItem","position":2,"name":"Properties","item":"https:\/\/forcadell.com\/ca\/propiedades\/"},{"@type":"ListItem","position":3,"name":"Oficina en alquiler en el edificio Torre de Cristal. Madrid"}]},{"@type":"WebSite","@id":"https:\/\/forcadell.com\/ca\/#website","url":"https:\/\/forcadell.com\/ca\/","name":"Forcadell","description":"Inmobiliaria Barcelona | Consultores inmobiliarios","potentialAction":[{"@type":"SearchAction","target":{"@type":"EntryPoint","urlTemplate":"https:\/\/forcadell.com\/ca\/?s={search_term_string}"},"query-input":{"@type":"PropertyValueSpecification","valueRequired":true,"valueName":"search_term_string"}}],"inLanguage":"ca"}]}},"_links":{"self":[{"href":"https:\/\/forcadell.com\/ca\/wp-json\/wp\/v2\/properties_post\/57580","targetHints":{"allow":["GET"]}}],"collection":[{"href":"https:\/\/forcadell.com\/ca\/wp-json\/wp\/v2\/properties_post"}],"about":[{"href":"https:\/\/forcadell.com\/ca\/wp-json\/wp\/v2\/types\/properties_post"}],"wp:attachment":[{"href":"https:\/\/forcadell.com\/ca\/wp-json\/wp\/v2\/media?parent=57580"}],"curies":[{"name":"wp","href":"https:\/\/api.w.org\/{rel}","templated":true}]}}