{"id":57570,"date":"2025-11-04T15:56:52","date_gmt":"2025-11-04T13:56:52","guid":{"rendered":"https:\/\/www.forcadell.com\/propiedades\/oficina-en-alquiler-madrid-calle-ribera-del-loira-ifema-3\/"},"modified":"2026-04-28T17:11:56","modified_gmt":"2026-04-28T15:11:56","slug":"oficina-en-alquiler-madrid-calle-ribera-del-loira-ifema-3","status":"publish","type":"properties_post","link":"https:\/\/forcadell.com\/ca\/propiedades\/oficina-en-alquiler-madrid-calle-ribera-del-loira-ifema-3\/","title":{"rendered":"Oficina en alquiler Madrid. Calle Ribera del Loira &#8211; IFEMA"},"content":{"rendered":"<p>Ubique la sede de su empresa en un espacio de alto nivel, ubicado en un edificio exclusivo en Isabel Colbrand, en el coraz\u00f3n de Las Tablas, uno de los enclaves empresariales m\u00e1s importantes y consolidados de Madrid. Este edificio proyecta una imagen corporativa impecable, gracias a su fachada recientemente renovada, su hall de entrada representativo con conserjer\u00eda, recepci\u00f3n y tornos de acceso, y unas zonas comunes modernas y bien cuidadas que reflejan profesionalismo desde el primer contacto.<\/p>\n<p>La oficina cuenta con una superficie construida de 1.985 m\u00b2, con aproximadamente entre 1.700 y 1.780 m\u00b2 \u00fatiles, y ha sido completamente reformada por un reconocido estudio de interiorismo, que ha concebido un entorno de trabajo funcional, elegante y contempor\u00e1neo. Se entrega totalmente equipada, ofreciendo una soluci\u00f3n llave en mano, lista para su ocupaci\u00f3n inmediata.<\/p>\n<p>En t\u00e9rminos t\u00e9cnicos y funcionales, la oficina dispone de un avanzado sistema de climatizaci\u00f3n VRV fr\u00edo\/calor, suelo t\u00e9cnico elevado de 16 cm y un falso techo registrable tipo Armstrong de 43 cm, que permite una gran flexibilidad para la distribuci\u00f3n de cableado y luminarias. La altura libre var\u00eda entre 2,77 y 3 metros, garantizando espacios amplios y confortables.<\/p>\n<p>El edificio est\u00e1 dotado con tres ascensores y un montacargas independiente, lo que facilita la circulaci\u00f3n vertical tanto para empleados como para mercanc\u00edas. Adem\u00e1s, cada planta cuenta con aseos completamente equipados, y el inmueble cumple con todas las normativas de seguridad gracias a sus completas instalaciones de protecci\u00f3n contra incendios.<\/p>\n<p>La oficina dispone tambi\u00e9n de 17 plazas de aparcamiento ubicadas en el propio edificio, una ventaja estrat\u00e9gica en una zona de alta densidad empresarial.<\/p>\n<p>En cuanto a conectividad, se trata de una ubicaci\u00f3n privilegiada. El inmueble se encuentra a escasos metros de la estaci\u00f3n de Metro Las Tablas (L\u00ednea 10), con acceso cercano a varias l\u00edneas de autob\u00fas urbano (175 y 176), lo que garantiza una excelente movilidad para empleados y visitantes. Adem\u00e1s, goza de acceso directo a las principales arterias de Madrid, como la M-40, la A-1 y la M-11, lo que permite llegar al aeropuerto Adolfo Su\u00e1rez Madrid-Barajas en solo 15 minutos y al centro de Madrid en aproximadamente 25 minutos.<\/p>\n<p>La zona est\u00e1 completamente consolidada y cuenta con una amplia oferta de servicios, entre los que se incluyen restaurantes, comercios, gimnasios, bancos y todo lo necesario para el d\u00eda a d\u00eda de una empresa moderna.<\/p>\n<p>Esta oficina representa una oportunidad inmejorable para aquellas compa\u00f1\u00edas que buscan un espacio representativo, funcional y estrat\u00e9gicamente ubicado.<br \/>\nUna sede a la altura de tu empresa, en uno de los epicentros empresariales m\u00e1s relevantes de Madrid.<\/p>\n","protected":false},"template":"","class_list":["post-57570","properties_post","type-properties_post","status-publish","hentry","properties_modality-rent","properties_district-barajas","properties_province-madrid","properties_zone-descentralizada","properties_state-madrid","properties_subclass-oficina","properties_type-oficina"],"acf":{"post_type_properties_post_property_code":"231023","post_type_properties_post_property_reference":"IE-220122","post_type_properties_post_owner_id":"262500","post_type_properties_post_owner_name":"UBS Asset Managment (Europe) S.A.","post_type_properties_post_property_code_encrypted":"MjkkMTU1OTA=","post_type_properties_post_published":"1","post_type_properties_post_property_visibility":"idealista","post_type_properties_post_contact_name":"Forcadell Oficinas Madrid","post_type_properties_post_contact_email":"forcadell.oficinas.madrid@movin.cloud","post_type_properties_post_contact_primary_phone_prefix":"34","post_type_properties_post_contact_primary_phone_number":"917886880","post_type_properties_post_address_visibility":"street","post_type_properties_post_address_country":"Spain","post_type_properties_post_address_coordinates_precision":"exact","post_type_properties_post_address_postal_code":"28042","post_type_properties_post_address_coordinates_latitude":"40.4605793","post_type_properties_post_address_coordinates_longitude":"-3.6197994","post_type_properties_post_address_street_name":"Calle Ribera del Loira 56-58","post_type_properties_post_address_floor":"1","post_type_properties_post_address_town":"Madrid","post_type_properties_post_building":[{"properties_post_description_language":"english","properties_post_title":"Office for rent Madrid. Ribera del Loira Street \u2013 IFEMA","properties_post_short_description_text_alt":"","properties_post_description_text_alt":"","properties_post_short_description_text":"Office with private terrace for rent, located near IFEMA and the Palacio de Congresos. Consolidated business area where the headquarters of national and international companies and business centers are located. Surrounded by a wide variety of services, such as restaurants, shopping centers and the Juan Carlos I park.","properties_post_link_demanda_inmueble":"","properties_post_link_demanda_calendario_inmueble":"","properties_post_description_text":"Office with private terrace for rent, located near IFEMA and the Palacio de Congresos. Consolidated business area where the headquarters of national and international companies and business centers are located. Surrounded by a wide variety of services, such as restaurants, shopping centers and the Juan Carlos I park.\n\nFeatures:\n- Business complex composed of 2 exclusive office buildings joined together.\n- Representative central hall with great luminosity.\n- Large green areas and common terrace.\n- Working lounge with coffee corner.\n- Agora with capacity for 82 people.\n- Wellness area.\n- Open-plan office with excellent natural light and access to private terrace.\n- Raised floor and false ceiling with LED lights.\n- Opening windows. \n- VRF air conditioning system.\n- Parking with spaces for bicycles, scooters and electric car charging.\n- Area with loading and unloading dock.\n\nPrivileged location just 10 minutes from Barajas airport, with easy access to the M11, M40 and M12 freeways. It also has good public transport connections via buses and metro.\n\nTransportation: \n Metro: L8 - Campo de las Naciones. \nBuses: 72, 87, 104, 112, 122, 201.","properties_post_seo_title":"","properties_post_seo_alias":"","properties_post_seo_metadescription":"","properties_post_seo_key_words":"","properties_post_seo_url":"","properties_post_terms_conditions":""},{"properties_post_description_language":"spanish","properties_post_title":"Edificio de Oficinas en alquiler en Zona Empresarial Consolidada \u2013 Campo de las Naciones","properties_post_short_description_text_alt":"","properties_post_description_text_alt":"","properties_post_short_description_text":"Oficina en alquiler, ubicada cerca de IFEMA y el Palacio de Congresos. Consolidada zona de negocios donde est\u00e1n ubicadas sedes de empresas nacionales e internacionales y centros de negocios. Rodeada de una gran variedad de servicios, como restaurantes, centros comerciales y el parque Juan Carlos I.","properties_post_link_demanda_inmueble":"","properties_post_link_demanda_calendario_inmueble":"","properties_post_description_text":"\nPresentamos una excelente oportunidad para establecer su empresa en una de las zonas de negocios m\u00e1s reconocidas de Madrid, pr\u00f3xima a IFEMA y al Palacio de Congresos. Esta ubicaci\u00f3n estrat\u00e9gica alberga sedes de destacadas compa\u00f1\u00edas nacionales e internacionales, centros de negocios y una amplia oferta de servicios: restaurantes, centros comerciales y amplias zonas verdes como el Parque Juan Carlos I.\n\nCaracter\u00edsticas del Inmueble:\n\nComplejo empresarial compuesto por dos edificios exclusivos de oficinas, interconectados.\n\nHall representativo con gran luminosidad natural, que realza la imagen corporativa.\n\nAmplias zonas ajardinadas y terraza com\u00fan para momentos de descanso o reuniones informales.\n\nWorking lounge equipado con coffee corner para fomentar la colaboraci\u00f3n.\n\n\u00c1gora con capacidad para 82 personas, ideal para presentaciones o eventos corporativos.\n\nZona wellness, pensada para el bienestar de los usuarios.\n\nOficina di\u00e1fana, con excelente luz natural y distribuci\u00f3n flexible.\n\nEquipamiento t\u00e9cnico de alto nivel: suelo t\u00e9cnico, falso techo con luminarias LED, y ventanas practicables.\n\nSistema de climatizaci\u00f3n VRF de alta eficiencia energ\u00e9tica.\n\nParking con plazas para bicicletas, patinetes y puntos de recarga para veh\u00edculos el\u00e9ctricos.\n\nZona habilitada con muelle de carga y descarga, ideal para log\u00edstica y distribuci\u00f3n.\n\nConectividad y Accesos:\n\nUbicaci\u00f3n inmejorable a tan solo 10 minutos del Aeropuerto Adolfo Su\u00e1rez Madrid-Barajas, con excelente accesibilidad desde las autopistas M11, M40 y M12. Adem\u00e1s, est\u00e1 bien comunicada mediante transporte p\u00fablico:\n\nMetro: L\u00ednea 8 \u2013 Estaci\u00f3n Campo de las Naciones\n\nAutobuses: L\u00edneas 72, 87, 104, 112, 122, 201\n\nUna oficina dise\u00f1ada para responder a las necesidades de empresas modernas que buscan funcionalidad, representatividad y bienestar en un entorno empresarial de primer nivel.","properties_post_seo_title":"","properties_post_seo_alias":"","properties_post_seo_metadescription":"","properties_post_seo_key_words":"","properties_post_seo_url":"","properties_post_terms_conditions":""}],"post_type_properties_post_property":[{"properties_post_description_language":"spanish","properties_post_title":"Oficina en alquiler Madrid. Calle Ribera del Loira - IFEMA","properties_post_short_description_text_alt":"","properties_post_description_text_alt":"","properties_post_short_description_text":"","properties_post_link_demanda_inmueble":"https:\/\/movin.cloud\/es\/Forcadell Oficinas Madrid\/formulario-peticion-inmueble\/sth\/2462&&231023","properties_post_link_demanda_calendario_inmueble":"https:\/\/movin.cloud\/es\/Forcadell Oficinas Madrid\/calendario-peticion-inmueble\/sth\/2462&&231023","properties_post_description_text":"Ubique la sede de su empresa en un espacio de alto nivel, ubicado en un edificio exclusivo en Isabel Colbrand, en el coraz\u00f3n de Las Tablas, uno de los enclaves empresariales m\u00e1s importantes y consolidados de Madrid. Este edificio proyecta una imagen corporativa impecable, gracias a su fachada recientemente renovada, su hall de entrada representativo con conserjer\u00eda, recepci\u00f3n y tornos de acceso, y unas zonas comunes modernas y bien cuidadas que reflejan profesionalismo desde el primer contacto.\n\nLa oficina cuenta con una superficie construida de 1.985 m\u00b2, con aproximadamente entre 1.700 y 1.780 m\u00b2 \u00fatiles, y ha sido completamente reformada por un reconocido estudio de interiorismo, que ha concebido un entorno de trabajo funcional, elegante y contempor\u00e1neo. Se entrega totalmente equipada, ofreciendo una soluci\u00f3n llave en mano, lista para su ocupaci\u00f3n inmediata.\n\nEn t\u00e9rminos t\u00e9cnicos y funcionales, la oficina dispone de un avanzado sistema de climatizaci\u00f3n VRV fr\u00edo\/calor, suelo t\u00e9cnico elevado de 16 cm y un falso techo registrable tipo Armstrong de 43 cm, que permite una gran flexibilidad para la distribuci\u00f3n de cableado y luminarias. La altura libre var\u00eda entre 2,77 y 3 metros, garantizando espacios amplios y confortables.\n\nEl edificio est\u00e1 dotado con tres ascensores y un montacargas independiente, lo que facilita la circulaci\u00f3n vertical tanto para empleados como para mercanc\u00edas. Adem\u00e1s, cada planta cuenta con aseos completamente equipados, y el inmueble cumple con todas las normativas de seguridad gracias a sus completas instalaciones de protecci\u00f3n contra incendios.\n\nLa oficina dispone tambi\u00e9n de 17 plazas de aparcamiento ubicadas en el propio edificio, una ventaja estrat\u00e9gica en una zona de alta densidad empresarial.\n\nEn cuanto a conectividad, se trata de una ubicaci\u00f3n privilegiada. El inmueble se encuentra a escasos metros de la estaci\u00f3n de Metro Las Tablas (L\u00ednea 10), con acceso cercano a varias l\u00edneas de autob\u00fas urbano (175 y 176), lo que garantiza una excelente movilidad para empleados y visitantes. Adem\u00e1s, goza de acceso directo a las principales arterias de Madrid, como la M-40, la A-1 y la M-11, lo que permite llegar al aeropuerto Adolfo Su\u00e1rez Madrid-Barajas en solo 15 minutos y al centro de Madrid en aproximadamente 25 minutos.\n\nLa zona est\u00e1 completamente consolidada y cuenta con una amplia oferta de servicios, entre los que se incluyen restaurantes, comercios, gimnasios, bancos y todo lo necesario para el d\u00eda a d\u00eda de una empresa moderna.\n\nEsta oficina representa una oportunidad inmejorable para aquellas compa\u00f1\u00edas que buscan un espacio representativo, funcional y estrat\u00e9gicamente ubicado.\nUna sede a la altura de tu empresa, en uno de los epicentros empresariales m\u00e1s relevantes de Madrid.","properties_post_seo_title":"","properties_post_seo_alias":"","properties_post_seo_metadescription":"","properties_post_seo_key_words":"alquiler, oficina, IFEMA, ","properties_post_seo_url":"","properties_post_terms_conditions":""}],"post_type_properties_post_features_type":"office","post_type_properties_post_id_building":"MjQ5JDMyNDQ1","post_type_properties_post_features_area_constructed":971,"post_type_properties_post_features_conditioned_air":true,"post_type_properties_post_features_doorman":false,"post_type_properties_post_features_heating":true,"post_type_properties_post_features_equipped_kitchen":false,"post_type_properties_post_features_windows_location":"exterior","post_type_properties_post_features_floors_property":false,"post_type_properties_post_features_storage":false,"post_type_properties_post_features_security_door":false,"post_type_properties_post_features_energy_certificate_rating":"A","post_type_properties_post_features_energy_certificate_emissions_rating":"A","post_type_properties_post_features_energy_certificate_emissions_value":"","post_type_properties_post_features_energy_certificate_performance":"","post_type_properties_post_features_bathroom_inside":false,"post_type_properties_post_precio":16992.85,"post_type_properties_post_precio_alquiler":16992.85,"post_type_properties_post_record_type_id":"Oficina","post_type_properties_post_categoria__producto":"Oficina","post_type_properties_post_amueblado":false,"post_type_properties_post_precio_m2":17.5,"post_type_properties_post_zona__comunitaria":false,"post_type_properties_post_electrodomesticos":false,"post_type_properties_post_patio__interior":true,"post_type_properties_post_certificado_energetico_general":"A","post_type_properties_post_certificado_energetico_consumo":"A","post_type_properties_post_certificado_energetico_valor_emisiones":"","post_type_properties_post_certificado_energetico_valor_consumo":"","post_type_properties_post_modalidad":"rent","post_type_properties_post_provincia":"Madrid","post_type_properties_post_poblacion":"Madrid","post_type_properties_post_centro__urbano":false,"post_type_properties_post_zonificacion":"Descentralizada","post_type_properties_post_cartera":"Captaci\u00f3n","post_type_properties_post_titulo_catalan":"","post_type_properties_post_internet_catalan":"","post_type_properties_post_titulo_castellano":"Oficina en alquiler Madrid. Calle Ribera del Loira - IFEMA","post_type_properties_post_internet_castellano":"Ubique la sede de su empresa en un espacio de alto nivel, ubicado en un edificio exclusivo en Isabel Colbrand, en el coraz\u00f3n de Las Tablas, uno de los enclaves empresariales m\u00e1s importantes y consolidados de Madrid. Este edificio proyecta una imagen corporativa impecable, gracias a su fachada recientemente renovada, su hall de entrada representativo con conserjer\u00eda, recepci\u00f3n y tornos de acceso, y unas zonas comunes modernas y bien cuidadas que reflejan profesionalismo desde el primer contacto.\n\nLa oficina cuenta con una superficie construida de 1.985 m\u00b2, con aproximadamente entre 1.700 y 1.780 m\u00b2 \u00fatiles, y ha sido completamente reformada por un reconocido estudio de interiorismo, que ha concebido un entorno de trabajo funcional, elegante y contempor\u00e1neo. Se entrega totalmente equipada, ofreciendo una soluci\u00f3n llave en mano, lista para su ocupaci\u00f3n inmediata.\n\nEn t\u00e9rminos t\u00e9cnicos y funcionales, la oficina dispone de un avanzado sistema de climatizaci\u00f3n VRV fr\u00edo\/calor, suelo t\u00e9cnico elevado de 16 cm y un falso techo registrable tipo Armstrong de 43 cm, que permite una gran flexibilidad para la distribuci\u00f3n de cableado y luminarias. La altura libre var\u00eda entre 2,77 y 3 metros, garantizando espacios amplios y confortables.\n\nEl edificio est\u00e1 dotado con tres ascensores y un montacargas independiente, lo que facilita la circulaci\u00f3n vertical tanto para empleados como para mercanc\u00edas. Adem\u00e1s, cada planta cuenta con aseos completamente equipados, y el inmueble cumple con todas las normativas de seguridad gracias a sus completas instalaciones de protecci\u00f3n contra incendios.\n\nLa oficina dispone tambi\u00e9n de 17 plazas de aparcamiento ubicadas en el propio edificio, una ventaja estrat\u00e9gica en una zona de alta densidad empresarial.\n\nEn cuanto a conectividad, se trata de una ubicaci\u00f3n privilegiada. El inmueble se encuentra a escasos metros de la estaci\u00f3n de Metro Las Tablas (L\u00ednea 10), con acceso cercano a varias l\u00edneas de autob\u00fas urbano (175 y 176), lo que garantiza una excelente movilidad para empleados y visitantes. Adem\u00e1s, goza de acceso directo a las principales arterias de Madrid, como la M-40, la A-1 y la M-11, lo que permite llegar al aeropuerto Adolfo Su\u00e1rez Madrid-Barajas en solo 15 minutos y al centro de Madrid en aproximadamente 25 minutos.\n\nLa zona est\u00e1 completamente consolidada y cuenta con una amplia oferta de servicios, entre los que se incluyen restaurantes, comercios, gimnasios, bancos y todo lo necesario para el d\u00eda a d\u00eda de una empresa moderna.\n\nEsta oficina representa una oportunidad inmejorable para aquellas compa\u00f1\u00edas que buscan un espacio representativo, funcional y estrat\u00e9gicamente ubicado.\nUna sede a la altura de tu empresa, en uno de los epicentros empresariales m\u00e1s relevantes de Madrid.","post_type_properties_post_titulo_ingles":"","post_type_properties_post_internet_ingles":"","post_type_properties_post_features_classification_commercial":false,"post_type_properties_post_features_conservation":"","post_type_properties_post_features_security_personnel":false,"post_type_properties_post_features_parking_available":false,"post_type_properties_post_features_garage_capacity_type":"","post_type_properties_post_features_bathroom_number":"","post_type_properties_post_eje":"","post_type_properties_post_zona":"","post_type_properties_post_comarca":"","post_type_properties_post_features_built_year":"","post_type_properties_post_renta_mensual":16992.85,"post_type_properties_post_fianza":"","post_type_properties_post_features_area_plot":"","post_type_properties_post_features_area_buildable":"","post_type_properties_post_features_classification_industrial":false,"post_type_properties_post_distrito":"","post_type_properties_post_features_balcony":false,"post_type_properties_post_features_bedroom_number":"","post_type_properties_post_features_heating_type":"","post_type_properties_post_features_equipped_with_furniture":false,"post_type_properties_post_features_pets_allowed":false,"post_type_properties_post_features_pool":false,"post_type_properties_post_features_terrace":false,"post_type_properties_post_features_wardrobes":false,"post_type_properties_post_features_lift_available":false,"post_type_properties_post_features_handicap_adapted_access":false,"post_type_properties_post_features_orientation_east":false,"post_type_properties_post_features_orientation_west":false,"post_type_properties_post_features_orientation_north":false,"post_type_properties_post_features_orientation_south":false,"post_type_properties_post_features_parking_spaces_number":"","post_type_properties_post_features_security_alarm":false,"post_type_properties_post_features_security_system":false,"post_type_properties_post_open_plan":false,"post_type_properties_post_acceso_24_7":false,"post_type_properties_post_oficina_privada":false,"post_type_properties_post_sala_reuniones":false,"post_type_properties_post_espacio_eventos":false,"post_type_properties_post_office":false,"post_type_properties_post_restaurant":false,"post_type_properties_post_acepta_traspaso":false,"post_type_properties_post_vigilancia":true,"post_type_properties_post_features_suite":false,"post_type_properties_post_features_vitro":false,"post_type_properties_post_features_oven":false,"post_type_properties_post_features_microwave":false,"post_type_properties_post_features_washing_machine":false,"post_type_properties_post_features_dryer":false,"post_type_properties_post_features_dishwasher":false,"post_type_properties_post_features_fridge":false,"post_type_properties_post_features_fridge_mini":false,"post_type_properties_post_features_kettle":false,"post_type_properties_post_features_toaster":false,"post_type_properties_post_features_coffee_maker":false,"post_type_properties_post_features_iron":false,"post_type_properties_post_features_ironing_board":false,"post_type_properties_post_features_safe":false,"post_type_properties_post_features_internet":false,"post_type_properties_post_features_solarium":false,"post_type_properties_post_features_clean_service":false,"post_type_properties_post_features_t_v":false,"post_type_properties_post_features_satellite_t_v":false,"post_type_properties_post_features_gas_kitchen":false,"post_type_properties_post_features_view_mountain":false,"post_type_properties_post_features_view_sea":false,"post_type_properties_post_features_concierge":false,"post_type_properties_post_features_loading_dock":false,"post_type_properties_post_features_bridge_crane":false,"post_type_properties_post_features_located_at_corner":false,"post_type_properties_post_features_smoke_extraction":false,"post_type_properties_post_features_rooms":"","post_type_properties_post_features_garden_area":"","post_type_properties_post_features_utilities_water":false,"post_type_properties_post_features_utilities_electricity":false,"post_type_properties_post_features_utilities_natural_gas":false,"post_type_properties_post_features_building_adapted":false,"post_type_properties_post_features_garden":false,"post_type_properties_post_features_classification_hotel":false,"post_type_properties_post_features_classification_chalet":false,"post_type_properties_post_certificado_energetico_emisiones":"A","post_type_properties_post_barrio":"","post_type_properties_post_distrito_empresa":"Barajas","post_type_properties_post_features_property_category_intern":"","post_type_properties_post_implantada":false,"post_type_properties_post_sello_leed":"1","post_type_properties_post_sello_well":"2","post_type_properties_post_sello_breeam":false,"post_type_properties_post_images":[{"properties_post_image_order":1,"properties_post_image_url":"https:\/\/movin.cloud\/empresas\/2462\/imagenes\/231023\/alquilar.webp","properties_post_image_url_thumbnail":"https:\/\/movin.cloud\/empresas\/2462\/imagenes\/thumbnails\/231023\/alquilar.webp","properties_post_title":"alquilar","properties_post_alt":"alquilar"},{"properties_post_image_order":2,"properties_post_image_url":"https:\/\/movin.cloud\/empresas\/2462\/imagenes\/231023\/alquiler-para-idealista.webp","properties_post_image_url_thumbnail":"https:\/\/movin.cloud\/empresas\/2462\/imagenes\/thumbnails\/231023\/alquiler-para-idealista.webp","properties_post_title":"alquiler para idealista","properties_post_alt":"alquiler para idealista"},{"properties_post_image_order":3,"properties_post_image_url":"https:\/\/movin.cloud\/empresas\/2462\/imagenes\/231023\/alquiler-idealistas.webp","properties_post_image_url_thumbnail":"https:\/\/movin.cloud\/empresas\/2462\/imagenes\/thumbnails\/231023\/alquiler-idealistas.webp","properties_post_title":"alquiler idealistas","properties_post_alt":"alquiler idealistas"},{"properties_post_image_order":4,"properties_post_image_url":"https:\/\/movin.cloud\/empresas\/2462\/imagenes\/231023\/alquiler-para-idealistas.webp","properties_post_image_url_thumbnail":"https:\/\/movin.cloud\/empresas\/2462\/imagenes\/thumbnails\/231023\/alquiler-para-idealistas.webp","properties_post_title":"alquiler para idealistas","properties_post_alt":"alquiler para idealistas"},{"properties_post_image_order":5,"properties_post_image_url":"https:\/\/movin.cloud\/empresas\/2462\/imagenes\/231023\/en-alquiler.webp","properties_post_image_url_thumbnail":"https:\/\/movin.cloud\/empresas\/2462\/imagenes\/thumbnails\/231023\/en-alquiler.webp","properties_post_title":"en alquiler","properties_post_alt":"en alquiler"},{"properties_post_image_order":6,"properties_post_image_url":"https:\/\/movin.cloud\/empresas\/2462\/imagenes\/231023\/alquiler.webp","properties_post_image_url_thumbnail":"https:\/\/movin.cloud\/empresas\/2462\/imagenes\/thumbnails\/231023\/alquiler.webp","properties_post_title":"alquiler","properties_post_alt":"alquiler"},{"properties_post_image_order":7,"properties_post_image_url":"https:\/\/movin.cloud\/empresas\/2462\/imagenes\/231023\/viviendas.webp","properties_post_image_url_thumbnail":"https:\/\/movin.cloud\/empresas\/2462\/imagenes\/thumbnails\/231023\/viviendas.webp","properties_post_title":"viviendas","properties_post_alt":"viviendas"},{"properties_post_image_order":8,"properties_post_image_url":"https:\/\/movin.cloud\/empresas\/2462\/imagenes\/231023\/habitalia.webp","properties_post_image_url_thumbnail":"https:\/\/movin.cloud\/empresas\/2462\/imagenes\/thumbnails\/231023\/habitalia.webp","properties_post_title":"habitalia","properties_post_alt":"habitalia"},{"properties_post_image_order":9,"properties_post_image_url":"https:\/\/movin.cloud\/empresas\/2462\/imagenes\/231023\/rent.webp","properties_post_image_url_thumbnail":"https:\/\/movin.cloud\/empresas\/2462\/imagenes\/thumbnails\/231023\/rent.webp","properties_post_title":"rent","properties_post_alt":"rent"},{"properties_post_image_order":10,"properties_post_image_url":"https:\/\/movin.cloud\/empresas\/2462\/imagenes\/231023\/fincas.webp","properties_post_image_url_thumbnail":"https:\/\/movin.cloud\/empresas\/2462\/imagenes\/thumbnails\/231023\/fincas.webp","properties_post_title":"fincas","properties_post_alt":"fincas"},{"properties_post_image_order":11,"properties_post_image_url":"https:\/\/movin.cloud\/empresas\/2462\/imagenes\/231023\/inmobiliarias.webp","properties_post_image_url_thumbnail":"https:\/\/movin.cloud\/empresas\/2462\/imagenes\/thumbnails\/231023\/inmobiliarias.webp","properties_post_title":"inmobiliarias","properties_post_alt":"inmobiliarias"},{"properties_post_image_order":12,"properties_post_image_url":"https:\/\/movin.cloud\/empresas\/2462\/imagenes\/231023\/inmobiliaria.webp","properties_post_image_url_thumbnail":"https:\/\/movin.cloud\/empresas\/2462\/imagenes\/thumbnails\/231023\/inmobiliaria.webp","properties_post_title":"inmobiliaria","properties_post_alt":"inmobiliaria"},{"properties_post_image_order":13,"properties_post_image_url":"https:\/\/movin.cloud\/empresas\/2462\/imagenes\/231023\/en-alquiler-madrid.webp","properties_post_image_url_thumbnail":"https:\/\/movin.cloud\/empresas\/2462\/imagenes\/thumbnails\/231023\/en-alquiler-madrid.webp","properties_post_title":"en alquiler madrid","properties_post_alt":"en alquiler madrid"},{"properties_post_image_order":14,"properties_post_image_url":"https:\/\/movin.cloud\/empresas\/2462\/imagenes\/231023\/alquiler-madrid.webp","properties_post_image_url_thumbnail":"https:\/\/movin.cloud\/empresas\/2462\/imagenes\/thumbnails\/231023\/alquiler-madrid.webp","properties_post_title":"alquiler madrid","properties_post_alt":"alquiler madrid"},{"properties_post_image_order":15,"properties_post_image_url":"https:\/\/movin.cloud\/empresas\/2462\/imagenes\/231023\/alquiler-idealistas-madrid.webp","properties_post_image_url_thumbnail":"https:\/\/movin.cloud\/empresas\/2462\/imagenes\/thumbnails\/231023\/alquiler-idealistas-madrid.webp","properties_post_title":"alquiler idealistas madrid","properties_post_alt":"alquiler idealistas madrid"},{"properties_post_image_order":16,"properties_post_image_url":"https:\/\/movin.cloud\/empresas\/2462\/imagenes\/231023\/habitalia-madrid.webp","properties_post_image_url_thumbnail":"https:\/\/movin.cloud\/empresas\/2462\/imagenes\/thumbnails\/231023\/habitalia-madrid.webp","properties_post_title":"habitalia madrid","properties_post_alt":"habitalia madrid"},{"properties_post_image_order":17,"properties_post_image_url":"https:\/\/movin.cloud\/empresas\/2462\/imagenes\/231023\/alquilar-madrid.webp","properties_post_image_url_thumbnail":"https:\/\/movin.cloud\/empresas\/2462\/imagenes\/thumbnails\/231023\/alquilar-madrid.webp","properties_post_title":"alquilar madrid","properties_post_alt":"alquilar madrid"},{"properties_post_image_order":18,"properties_post_image_url":"https:\/\/movin.cloud\/empresas\/2462\/imagenes\/231023\/alquiler-para-idealista-madrid.webp","properties_post_image_url_thumbnail":"https:\/\/movin.cloud\/empresas\/2462\/imagenes\/thumbnails\/231023\/alquiler-para-idealista-madrid.webp","properties_post_title":"alquiler para idealista madrid","properties_post_alt":"alquiler para idealista madrid"},{"properties_post_image_order":19,"properties_post_image_url":"https:\/\/movin.cloud\/empresas\/2462\/imagenes\/231023\/viviendas-madrid.webp","properties_post_image_url_thumbnail":"https:\/\/movin.cloud\/empresas\/2462\/imagenes\/thumbnails\/231023\/viviendas-madrid.webp","properties_post_title":"viviendas madrid","properties_post_alt":"viviendas madrid"},{"properties_post_image_order":20,"properties_post_image_url":"https:\/\/movin.cloud\/empresas\/2462\/imagenes\/231023\/alquiler-para-idealistas-madrid.webp","properties_post_image_url_thumbnail":"https:\/\/movin.cloud\/empresas\/2462\/imagenes\/thumbnails\/231023\/alquiler-para-idealistas-madrid.webp","properties_post_title":"alquiler para idealistas madrid","properties_post_alt":"alquiler para idealistas madrid"},{"properties_post_image_order":21,"properties_post_image_url":"https:\/\/movin.cloud\/empresas\/2462\/imagenes\/231023\/rent-madrid.webp","properties_post_image_url_thumbnail":"https:\/\/movin.cloud\/empresas\/2462\/imagenes\/thumbnails\/231023\/rent-madrid.webp","properties_post_title":"rent madrid","properties_post_alt":"rent madrid"},{"properties_post_image_order":22,"properties_post_image_url":"https:\/\/movin.cloud\/empresas\/2462\/imagenes\/231023\/fincas-madrid.webp","properties_post_image_url_thumbnail":"https:\/\/movin.cloud\/empresas\/2462\/imagenes\/thumbnails\/231023\/fincas-madrid.webp","properties_post_title":"fincas madrid","properties_post_alt":"fincas madrid"},{"properties_post_image_order":23,"properties_post_image_url":"https:\/\/movin.cloud\/empresas\/2462\/imagenes\/231023\/inmobiliarias-madrid.webp","properties_post_image_url_thumbnail":"https:\/\/movin.cloud\/empresas\/2462\/imagenes\/thumbnails\/231023\/inmobiliarias-madrid.webp","properties_post_title":"inmobiliarias madrid","properties_post_alt":"inmobiliarias madrid"},{"properties_post_image_order":24,"properties_post_image_url":"https:\/\/movin.cloud\/empresas\/2462\/imagenes\/231023\/inmobiliaria-madrid.webp","properties_post_image_url_thumbnail":"https:\/\/movin.cloud\/empresas\/2462\/imagenes\/thumbnails\/231023\/inmobiliaria-madrid.webp","properties_post_title":"inmobiliaria madrid","properties_post_alt":"inmobiliaria madrid"},{"properties_post_image_order":25,"properties_post_image_url":"https:\/\/movin.cloud\/empresas\/2462\/imagenes\/231023\/madrid-en-alquiler.webp","properties_post_image_url_thumbnail":"https:\/\/movin.cloud\/empresas\/2462\/imagenes\/thumbnails\/231023\/madrid-en-alquiler.webp","properties_post_title":"madrid en alquiler","properties_post_alt":"madrid en alquiler"},{"properties_post_image_order":26,"properties_post_image_url":"https:\/\/movin.cloud\/empresas\/2462\/imagenes\/231023\/madrid-alquiler.webp","properties_post_image_url_thumbnail":"https:\/\/movin.cloud\/empresas\/2462\/imagenes\/thumbnails\/231023\/madrid-alquiler.webp","properties_post_title":"madrid alquiler","properties_post_alt":"madrid alquiler"},{"properties_post_image_order":27,"properties_post_image_url":"https:\/\/movin.cloud\/empresas\/2462\/imagenes\/231023\/madrid-alquiler-idealistas.webp","properties_post_image_url_thumbnail":"https:\/\/movin.cloud\/empresas\/2462\/imagenes\/thumbnails\/231023\/madrid-alquiler-idealistas.webp","properties_post_title":"madrid alquiler idealistas","properties_post_alt":"madrid alquiler idealistas"}],"post_type_properties_post_videos":null,"post_type_properties_post_tour":null,"post_type_properties_post_dossier_url":"","post_type_properties_post_operation_type":"rent","post_type_properties_post_operation_price":16992,"post_type_properties_post_features_hidden_price":false},"yoast_head":"<!-- This site is optimized with the Yoast SEO plugin v27.4 - https:\/\/yoast.com\/product\/yoast-seo-wordpress\/ -->\n<title>Oficina en alquiler Madrid. Calle Ribera del Loira - IFEMA - Forcadell<\/title>\n<meta name=\"robots\" content=\"index, follow, max-snippet:-1, max-image-preview:large, max-video-preview:-1\" \/>\n<link rel=\"canonical\" href=\"https:\/\/forcadell.com\/ca\/propiedades\/oficina-en-alquiler-madrid-calle-ribera-del-loira-ifema-3\/\" \/>\n<meta property=\"og:locale\" content=\"ca_ES\" \/>\n<meta property=\"og:type\" content=\"article\" \/>\n<meta property=\"og:title\" content=\"Oficina en alquiler Madrid. Calle Ribera del Loira - IFEMA - Forcadell\" \/>\n<meta property=\"og:description\" content=\"Ubique la sede de su empresa en un espacio de alto nivel, ubicado en un edificio exclusivo en Isabel Colbrand, en el coraz\u00f3n de Las Tablas, uno de los enclaves empresariales m\u00e1s importantes y consolidados de Madrid. Este edificio proyecta una imagen corporativa impecable, gracias a su fachada recientemente renovada, su hall de entrada representativo [&hellip;]\" \/>\n<meta property=\"og:url\" content=\"https:\/\/forcadell.com\/ca\/propiedades\/oficina-en-alquiler-madrid-calle-ribera-del-loira-ifema-3\/\" \/>\n<meta property=\"og:site_name\" content=\"Forcadell\" \/>\n<meta property=\"article:modified_time\" content=\"2026-04-28T15:11:56+00:00\" \/>\n<meta name=\"twitter:card\" content=\"summary_large_image\" \/>\n<meta name=\"twitter:label1\" content=\"Temps estimat de lectura\" \/>\n\t<meta name=\"twitter:data1\" content=\"2 minuts\" \/>\n<!-- \/ Yoast SEO plugin. -->","yoast_head_json":{"title":"Oficina en alquiler Madrid. Calle Ribera del Loira - IFEMA - Forcadell","robots":{"index":"index","follow":"follow","max-snippet":"max-snippet:-1","max-image-preview":"max-image-preview:large","max-video-preview":"max-video-preview:-1"},"canonical":"https:\/\/forcadell.com\/ca\/propiedades\/oficina-en-alquiler-madrid-calle-ribera-del-loira-ifema-3\/","og_locale":"ca_ES","og_type":"article","og_title":"Oficina en alquiler Madrid. Calle Ribera del Loira - IFEMA - Forcadell","og_description":"Ubique la sede de su empresa en un espacio de alto nivel, ubicado en un edificio exclusivo en Isabel Colbrand, en el coraz\u00f3n de Las Tablas, uno de los enclaves empresariales m\u00e1s importantes y consolidados de Madrid. Este edificio proyecta una imagen corporativa impecable, gracias a su fachada recientemente renovada, su hall de entrada representativo [&hellip;]","og_url":"https:\/\/forcadell.com\/ca\/propiedades\/oficina-en-alquiler-madrid-calle-ribera-del-loira-ifema-3\/","og_site_name":"Forcadell","article_modified_time":"2026-04-28T15:11:56+00:00","twitter_card":"summary_large_image","twitter_misc":{"Temps estimat de lectura":"2 minuts"},"schema":{"@context":"https:\/\/schema.org","@graph":[{"@type":"WebPage","@id":"https:\/\/forcadell.com\/ca\/propiedades\/oficina-en-alquiler-madrid-calle-ribera-del-loira-ifema-3\/","url":"https:\/\/forcadell.com\/ca\/propiedades\/oficina-en-alquiler-madrid-calle-ribera-del-loira-ifema-3\/","name":"Oficina en alquiler Madrid. Calle Ribera del Loira - IFEMA - Forcadell","isPartOf":{"@id":"https:\/\/forcadell.com\/ca\/#website"},"datePublished":"2025-11-04T13:56:52+00:00","dateModified":"2026-04-28T15:11:56+00:00","breadcrumb":{"@id":"https:\/\/forcadell.com\/ca\/propiedades\/oficina-en-alquiler-madrid-calle-ribera-del-loira-ifema-3\/#breadcrumb"},"inLanguage":"ca","potentialAction":[{"@type":"ReadAction","target":["https:\/\/forcadell.com\/ca\/propiedades\/oficina-en-alquiler-madrid-calle-ribera-del-loira-ifema-3\/"]}]},{"@type":"BreadcrumbList","@id":"https:\/\/forcadell.com\/ca\/propiedades\/oficina-en-alquiler-madrid-calle-ribera-del-loira-ifema-3\/#breadcrumb","itemListElement":[{"@type":"ListItem","position":1,"name":"Portada","item":"https:\/\/forcadell.com\/ca\/"},{"@type":"ListItem","position":2,"name":"Properties","item":"https:\/\/forcadell.com\/ca\/propiedades\/"},{"@type":"ListItem","position":3,"name":"Oficina en alquiler Madrid. Calle Ribera del Loira &#8211; IFEMA"}]},{"@type":"WebSite","@id":"https:\/\/forcadell.com\/ca\/#website","url":"https:\/\/forcadell.com\/ca\/","name":"Forcadell","description":"Inmobiliaria Barcelona | Consultores inmobiliarios","potentialAction":[{"@type":"SearchAction","target":{"@type":"EntryPoint","urlTemplate":"https:\/\/forcadell.com\/ca\/?s={search_term_string}"},"query-input":{"@type":"PropertyValueSpecification","valueRequired":true,"valueName":"search_term_string"}}],"inLanguage":"ca"}]}},"_links":{"self":[{"href":"https:\/\/forcadell.com\/ca\/wp-json\/wp\/v2\/properties_post\/57570","targetHints":{"allow":["GET"]}}],"collection":[{"href":"https:\/\/forcadell.com\/ca\/wp-json\/wp\/v2\/properties_post"}],"about":[{"href":"https:\/\/forcadell.com\/ca\/wp-json\/wp\/v2\/types\/properties_post"}],"wp:attachment":[{"href":"https:\/\/forcadell.com\/ca\/wp-json\/wp\/v2\/media?parent=57570"}],"curies":[{"name":"wp","href":"https:\/\/api.w.org\/{rel}","templated":true}]}}